{"id":80759,"date":"2025-03-23T11:47:08","date_gmt":"2025-03-23T09:47:08","guid":{"rendered":"https:\/\/now-news.de\/de\/deutschland\/sondervermoegen-bundespraesident-steinmeier-besiegelt-milliardenbuerde-fuer-die-steuerzahler\/"},"modified":"2025-03-23T11:47:08","modified_gmt":"2025-03-23T09:47:08","slug":"sondervermoegen-bundespraesident-steinmeier-besiegelt-milliardenbuerde-fuer-die-steuerzahler","status":"publish","type":"post","link":"https:\/\/now-news.de\/de\/deutschland\/sondervermoegen-bundespraesident-steinmeier-besiegelt-milliardenbuerde-fuer-die-steuerzahler\/","title":{"rendered":"&quot;Sonderverm\u00f6gen&quot;: Bundespr\u00e4sident Steinmeier besiegelt Milliardenb\u00fcrde f\u00fcr die Steuerzahler"},"content":{"rendered":"<p><img decoding=\"async\" src=\"https:\/\/now-news.de\/de\/wp-content\/uploads\/sites\/3\/2025\/03\/67dfd241b480cc7edb559534.jpeg\" \/><\/p>\n<div class=\"Text-root Text-type_1 \">\n                Medial wird den B\u00fcrgern die h\u00f6chste Staatsverschuldung in der Geschichte der Bundesrepublik als &#8220;Sonderverm\u00f6gen&#8221; oder &#8220;Finanzpaket&#8221; verkauft. Am Samstag leistete der Bundespr\u00e4sident die als &#8220;formal erwartete&#8221; und ben\u00f6tigte Unterschrift unter die Grundgesetz\u00e4nderung.\n            <\/div>\n<p><\/p>\n<div class=\"Text-root Text-type_5 ArticleView-text ViewText-root \">\n<p>Das formale Prozedere zur historischen, dabei h\u00f6chsten jemals politisch erzwungenen Staatsverschuldung der Bundesrepublik Deutschland hat am gestrigen Samstag sein drittes H\u00e4kchen erhalten, dies in Form der geleisteten Unterschrift von Bundespr\u00e4sident Frank-Walter Steinmeier. Zuvor hatten 512 zum Teil abgew\u00e4hlte Abgeordnete im Bundestag ihre Ja-Stimme abgegeben. Im zweiten Schritt erfolgte die Absegnung im Bundesrat. Das laut <em>ZDF<\/em>-Wahrnehmung &#8220;riesige Finanzpaket&#8221; ben\u00f6tigt nun final noch die Ver\u00f6ffentlichung im Bundesanzeiger, um Folgegenerationen von Steuerzahlern auf Jahrzehnte zu belasten.<\/p>\n<p>Die <em>ARD<\/em>&#8211;<em>Tagesschau<\/em>\u00a0<a rel=\"nofollow noopener\" target=\"_blank\" href=\"https:\/\/www.tagesschau.de\/inland\/innenpolitik\/finanzpaket-steinmeier-unterschrift-100.html\">berichtet<\/a> gleichlautend zur Unterschrift vom Bundespr\u00e4sidenten, dass das &#8220;riesige Finanzpaket, mit dem der Staat \u00fcber neue Schulden Milliardenbetr\u00e4ge in Verteidigung und Infrastruktur investieren will&#8221;, nun durch die Amtshandlung &#8220;die letzte H\u00fcrde genommen&#8221; h\u00e4tte.<\/p>\n<p>Zuvor best\u00e4tigte die sogenannte L\u00e4nderkammer, der Bundesrat, \u00fcber die ben\u00f6tigte &#8220;Zweidrittelmehrheit f\u00fcr die \u00c4nderung der Artikel 109, 115 und 143 des Grundgesetzes&#8221;, das Schicksal von Millionen von Steuerzahlern. Dazu erinnert der <em>Tagesschau<\/em>-Artikel:<\/p>\n<p><em>&#8220;Mit 53 von 69 L\u00e4nderstimmen fiel die Zustimmung deutlich gr\u00f6\u00dfer aus, als es notwendig gewesen w\u00e4re.&#8221;<\/em><\/p>\n<p>Des Weiteren hei\u00dft es im Artikel zur aktuellen Demokratie-Simulation, den politischen Absprachen im Regierungsviertel:<\/p>\n<p><em>&#8220;Steinmeier \u00fcberpr\u00fcfte das Gesetz darauf, ob es verfassungsgem\u00e4\u00df zustande gekommen war. Da sich mit dieser Frage zuvor bereits in mehreren Verfahren das Bundesverfassungsgericht besch\u00e4ftigt hatte, galt es als ziemlich sicher, dass er es unterschreiben w\u00fcrde.&#8221;<\/em><\/p>\n<p>Die Eckpunkte des Schuldenpakets lauten &#8220;mehr Geld f\u00fcr Verteidigung,\u00a0Sonderverm\u00f6gen f\u00fcr Infrastruktur und eine gelockerte Schuldenbremse f\u00fcr Bundesl\u00e4nder&#8221;.\u00a0Die dem Springer-Verlag zugeh\u00f6rige <em>Welt<\/em>-Zeitung k\u00fcndigt am Tag der Unterschrift ihren Lesern die von vielen Menschen im Land bef\u00fcrchtete Folgedynamik an:<\/p>\n<p><em>&#8220;Das Milliarden-Paket f\u00fcr Verteidigung und Infrastruktur k\u00f6nnte die Preise f\u00fcr Verbraucher steigen lassen. Davor warnt das arbeitgebernahe Institut der deutschen Wirtschaft (IW).&#8221;<\/em><\/p>\n<p>Dazu <a rel=\"nofollow noopener\" target=\"_blank\" href=\"https:\/\/www.welt.de\/politik\/deutschland\/article255752988\/Koalitionsverhandlungen-Folge-bisheriger-Entscheidungen-AfD-kann-den-Abstand-zur-Union-in-Wahl-Umfrage-weiter-verkuerzen-Liveticker.html\">hei\u00dft es<\/a> in einer aktuellen IW-Analyse:<\/p>\n<p><em>&#8220;Eine schuldenfinanzierte Ausweitung der Staatsausgaben hat folglich das Potenzial, eine Inflationsdynamik hervorzurufen, wenn die Angebotsseite die zus\u00e4tzliche Nachfrage nicht bedienen kann.&#8221;<\/em><\/p>\n<p>Die Berechnungen des IW w\u00fcrden laut <em>Welt<\/em>-Artikel belegen, dass &#8220;die Schuldenstandsquote Deutschlands durch die Neuverschuldung von derzeit 63 Prozent des Bruttoinlandsprodukts bis 2037 auf rund 85 Prozent steigen&#8221; d\u00fcrfte.<\/p>\n<div class=\"EmbedBlock-root EmbedBlock-twitter\">\n<div class=\"TwitterEmbed\">\n<blockquote class=\"twitter-tweet lazyload\" data-twitter=\"twitter-tweet\">\n<p lang=\"de\" dir=\"ltr\">Das Jugendformat Funk rechnet vor, wieviel D\u00f6ner man sich vom &#8220;Sonderverm\u00f6gen&#8221; (= Schulden) kaufen kann. <a rel=\"nofollow noopener\" target=\"_blank\" href=\"https:\/\/twitter.com\/hashtag\/OerrBlog?src=hash&amp;ref_src=twsrc%5Etfw\">#OerrBlog<\/a><a rel=\"nofollow noopener\" target=\"_blank\" href=\"https:\/\/t.co\/dTbtvS9KsN\">pic.twitter.com\/dTbtvS9KsN<\/a><\/p>\n<p>\u2014 \u00d6RR Blog. (@OERRBlog) <a rel=\"nofollow noopener\" target=\"_blank\" href=\"https:\/\/twitter.com\/OERRBlog\/status\/1903386230852583566?ref_src=twsrc%5Etfw\">March 22, 2025<\/a><\/p><\/blockquote>\n<\/div>\n<\/div>\n<p>Zur Bedeutung der kommenden massiven Verschuldung\u00a0erkl\u00e4rt die <em>Tagesschau<\/em>-Redaktion:<\/p>\n<p><em>&#8220;Mit dem Gesetz wird die im Grundgesetz verankerte Schuldenbremse, die der Neuverschuldung des Bundes enge Grenzen setzt, f\u00fcr Ausgaben in Verteidigung, Zivilschutz, Nachrichtendienste und Cybersicherheit gelockert. F\u00fcr alle diese Ausgaben, die ein Prozent des Bruttoinlandsprodukts \u00fcberschreiten, d\u00fcrfen k\u00fcnftig Kredite aufgenommen werden. Das w\u00e4re in diesem Jahr alles oberhalb von 44 Milliarden Euro.&#8221;\u00a0<\/em><\/p>\n<p>Zum Thema der zugesagten Gelder zur &#8220;Sanierung der Infrastruktur&#8221;\u00a0forderte der\u00a0Hauptgesch\u00e4ftsf\u00fchrer des St\u00e4dtetages, Helmut Dedy,\u00a0gegen\u00fcber dem\u00a0<em>RedaktionsNetzwerk Deutschland (RND)<\/em>, dass das &#8220;Geld aus dem Paket schnell und ohne gro\u00dfe H\u00fcrden an L\u00e4nder und Kommunen verteilt werden&#8221; sollte. Dedy erl\u00e4utert hinsichtlich des Wunschdenkens seitens der Kommunalpolitik:<\/p>\n<p><em>&#8220;Je einfacher das Verfahren ist, desto schneller haben wir das Geld auf der Stra\u00dfe, und die Menschen merken, dass etwas passiert.&#8221;<\/em><\/p>\n<p>Schleswig-Holsteins Ministerpr\u00e4sident Daniel G\u00fcnther (CDU) empfahl im <em>ZDF-heute-journal<\/em>, die Mittel aus dem &#8220;Sonderverm\u00f6gen&#8221; \u00fcber einen sogenannten &#8220;K\u00f6nigsteiner Schl\u00fcssel&#8221; an die L\u00e4nder zu verteilen. Dies bedeutet:<\/p>\n<p><em>&#8220;Bei dem Verteilschl\u00fcssel wird das Steueraufkommen der L\u00e4nder zweifach, die jeweilige Einwohnerzahl einfach gewertet. Das Verfahren wird h\u00e4ufig bei Bund-L\u00e4nder-Finanzierungen genutzt.&#8221;<\/em><\/p>\n<p>Der Noch-SPD-Finanzminister J\u00f6rg Kukies lie\u00df \u00fcber das Social-Media-Team seines Ministeriums eine weitere Geldbeschaffungsidee, ein vermeintlich neues &#8220;Ziel&#8221;, aus dem Regierungsviertel mitteilen. So hei\u00dft es in einem X-Posting:<\/p>\n<p><em>&#8220;Das Ziel ist nicht, bei 500 Milliarden Euro \u00f6ffentlichem Geld stehen zu bleiben, sondern durch Crowding-in von privatem Kapital auf 2.000 oder 3.000 Milliarden Euro zu kommen.&#8221;<\/em><\/p>\n<div class=\"EmbedBlock-root EmbedBlock-twitter\">\n<div class=\"TwitterEmbed\">\n<blockquote class=\"twitter-tweet lazyload\" data-twitter=\"twitter-tweet\">\n<p lang=\"de\" dir=\"ltr\">K\u00f6nnen Sie das mal bitte in Klartext \u00fcbersetzen? K\u00e4me darin das Wort Konfiskation vor?<\/p>\n<p>\u2014 Alexander Schaumburg \ud83c\uddee\ud83c\uddf1 \ud83c\uddfa\ud83c\udde6 Zan Zendegi Izadi (@AlexSchaumburg) <a rel=\"nofollow noopener\" target=\"_blank\" href=\"https:\/\/twitter.com\/AlexSchaumburg\/status\/1902467074359710176?ref_src=twsrc%5Etfw\">March 19, 2025<\/a><\/p><\/blockquote>\n<\/div>\n<\/div>\n<p>Auf Nachfrage eines X-Users, ob damit verklausuliert nicht zu bef\u00fcrchtende &#8220;Konfiskation&#8221; gemeint w\u00e4re, &#8220;die entsch\u00e4digungslose Entziehung von Eigentum zugunsten des Staates&#8221;, l\u00e4sst das Ministerium mitteilen:<\/p>\n<p><em>&#8220;\u00d6konomen beschreiben mit Crowding-in-Effekten die Verst\u00e4rkung privater Investitionen durch staatliche Aktivit\u00e4ten. Durch beispielsweise Investitionen des Staats werden also zus\u00e4tzliche private Investitionen angeregt.&#8221;<\/em><\/p>\n<p>Ein<em> Zeit-<\/em><a rel=\"nofollow noopener\" target=\"_blank\" href=\"https:\/\/www.zeit.de\/politik\/deutschland\/2025-03\/finanzpaket-sondervermoegen-verteilung-bundeslaender-kommunen-bildung\">Artikel<\/a>\u00a0erl\u00e4utert f\u00fcr seine Leser, dass die L\u00e4nder &#8220;k\u00fcnftig zusammen Schulden in H\u00f6he von 0,35 Prozent des Bruttoinlandsprodukts aufnehmen d\u00fcrfen&#8221;, dies w\u00e4ren im Jahr 2025 &#8220;ungef\u00e4hr 15 Milliarden Euro&#8221;. Bisher galt f\u00fcr die L\u00e4nder &#8220;eine Schuldengrenze von null&#8221;.<\/p>\n<p><strong>Mehr zum Thema \u2013<\/strong>\u00a0<a rel=\"nofollow noopener\" target=\"_blank\" href=\"https:\/\/freedert.online\/meinung\/240239-aufruestung-statt-frieden-zur-aufhebung\/\">Aufr\u00fcstung statt Frieden \u2013 zur Aufhebung der Schuldenbremse<\/a><\/p>\n<div class=\"EmbedBlock-root EmbedBlock-externalVideo EmbedBlock-rumble\">\n<div class=\"VkEmbed\"><iframe class=\"lazyload\" data-src=\"https:\/\/rumble.com\/embed\/v6ooup0\" frameborder=\"0\" width=\"853\" height=\"480\" allowfullscreen><\/iframe><\/div>\n<\/div>\n<\/div>\n<p><script async src=\"https:\/\/platform.twitter.com\/widgets.js\" charset=\"utf-8\"><\/script><br \/>\n<br \/><br \/>\n<br \/><a href=\"https:\/\/de.rt.com\/inland\/240372-sondervermoegen-bundespraesident-steinmeier-besiegelt-milliardenbuerde\/\">Source link <\/a><\/p>\n","protected":false},"excerpt":{"rendered":"<p>Medial wird den B\u00fcrgern die h\u00f6chste Staatsverschuldung in der Geschichte der Bundesrepublik als &#8220;Sonderverm\u00f6gen&#8221; oder &#8220;Finanzpaket&#8221; verkauft. Am Samstag leistete der Bundespr\u00e4sident die als &#8220;formal erwartete&#8221; und ben\u00f6tigte Unterschrift unter die Grundgesetz\u00e4nderung. Das formale Prozedere zur historischen, dabei h\u00f6chsten jemals politisch erzwungenen Staatsverschuldung der Bundesrepublik Deutschland hat am gestrigen Samstag sein drittes H\u00e4kchen erhalten, dies [&hellip;]<\/p>\n","protected":false},"author":3,"featured_media":80760,"comment_status":"open","ping_status":"open","sticky":false,"template":"","format":"standard","meta":{"_yoast_indexnow_last_ping":["1742724156"],"wp_automatic_camp":["217"],"75e51920e0d2a31b7b55c0556681a4d1":["&quot;Sonderverm\u00f6gen&quot;: Bundespr\u00e4sident Steinmeier besiegelt Milliardenb\u00fcrde f\u00fcr die Steuerzahler"],"original_link":["https:\/\/de.rt.com\/inland\/240372-sondervermoegen-bundespraesident-steinmeier-besiegelt-milliardenbuerde\/"],"_thumbnail_id":["80760"],"jnews_social_counter_last_update":["1777278010"],"_wptgpro_p2tg_sent2tg":["a:1:{i:23737;s:19:\"2025-03-23 12:03:44\";}"]},"categories":[19,23],"tags":[48762,29537,45,221,63668,30397,1723,20593],"yoast_head":"<!-- This site is optimized with the Yoast SEO Premium plugin v22.7 (Yoast SEO v22.7) - https:\/\/yoast.com\/wordpress\/plugins\/seo\/ -->\n<title>&quot;Sonderverm\u00f6gen&quot;: Bundespr\u00e4sident Steinmeier besiegelt Milliardenb\u00fcrde f\u00fcr die Steuerzahler - just-now.NEWS Deutschland<\/title>\n<meta name=\"robots\" content=\"index, follow, max-snippet:-1, max-image-preview:large, max-video-preview:-1\" \/>\n<link rel=\"canonical\" href=\"https:\/\/now-news.de\/de\/deutschland\/sondervermoegen-bundespraesident-steinmeier-besiegelt-milliardenbuerde-fuer-die-steuerzahler\/\" \/>\n<meta property=\"og:locale\" content=\"de_DE\" \/>\n<meta property=\"og:type\" content=\"article\" \/>\n<meta property=\"og:title\" content=\"&quot;Sonderverm\u00f6gen&quot;: Bundespr\u00e4sident Steinmeier besiegelt Milliardenb\u00fcrde f\u00fcr die Steuerzahler\" \/>\n<meta property=\"og:description\" content=\"Medial wird den B\u00fcrgern die h\u00f6chste Staatsverschuldung in der Geschichte der Bundesrepublik als &#8220;Sonderverm\u00f6gen&#8221; oder &#8220;Finanzpaket&#8221; verkauft. Am Samstag leistete der Bundespr\u00e4sident die als &#8220;formal erwartete&#8221; und ben\u00f6tigte Unterschrift unter die Grundgesetz\u00e4nderung. Das formale Prozedere zur historischen, dabei h\u00f6chsten jemals politisch erzwungenen Staatsverschuldung der Bundesrepublik Deutschland hat am gestrigen Samstag sein drittes H\u00e4kchen erhalten, dies [&hellip;]\" \/>\n<meta property=\"og:url\" content=\"https:\/\/now-news.de\/de\/deutschland\/sondervermoegen-bundespraesident-steinmeier-besiegelt-milliardenbuerde-fuer-die-steuerzahler\/\" \/>\n<meta property=\"og:site_name\" content=\"just-now.NEWS Deutschland\" \/>\n<meta property=\"article:publisher\" content=\"https:\/\/www.facebook.com\/wirmachenauf\" \/>\n<meta property=\"article:published_time\" content=\"2025-03-23T09:47:08+00:00\" \/>\n<meta property=\"og:image\" content=\"https:\/\/now-news.de\/de\/wp-content\/uploads\/sites\/3\/2025\/03\/67dfd241b480cc7edb559534.jpeg\" \/>\n<meta name=\"author\" content=\"rtnews\" \/>\n<meta name=\"twitter:card\" content=\"summary_large_image\" \/>\n<meta name=\"twitter:creator\" content=\"@WirMachenAuf_de\" \/>\n<meta name=\"twitter:site\" content=\"@WirMachenAuf_de\" \/>\n<meta name=\"twitter:label1\" content=\"Verfasst von\" \/>\n\t<meta name=\"twitter:data1\" content=\"rtnews\" \/>\n\t<meta name=\"twitter:label2\" content=\"Gesch\u00e4tzte Lesezeit\" \/>\n\t<meta name=\"twitter:data2\" content=\"4\u00a0Minuten\" \/>\n<script type=\"application\/ld+json\" class=\"yoast-schema-graph\">{\"@context\":\"https:\/\/schema.org\",\"@graph\":[{\"@type\":\"Article\",\"@id\":\"https:\/\/now-news.de\/de\/deutschland\/sondervermoegen-bundespraesident-steinmeier-besiegelt-milliardenbuerde-fuer-die-steuerzahler\/#article\",\"isPartOf\":{\"@id\":\"https:\/\/now-news.de\/de\/deutschland\/sondervermoegen-bundespraesident-steinmeier-besiegelt-milliardenbuerde-fuer-die-steuerzahler\/\"},\"author\":{\"name\":\"rtnews\",\"@id\":\"https:\/\/now-news.de\/de\/#\/schema\/person\/fb534a4e865501d8b3285208df34a9b5\"},\"headline\":\"&quot;Sonderverm\u00f6gen&quot;: Bundespr\u00e4sident Steinmeier besiegelt Milliardenb\u00fcrde f\u00fcr die Steuerzahler\",\"datePublished\":\"2025-03-23T09:47:08+00:00\",\"dateModified\":\"2025-03-23T09:47:08+00:00\",\"mainEntityOfPage\":{\"@id\":\"https:\/\/now-news.de\/de\/deutschland\/sondervermoegen-bundespraesident-steinmeier-besiegelt-milliardenbuerde-fuer-die-steuerzahler\/\"},\"wordCount\":818,\"commentCount\":0,\"publisher\":{\"@id\":\"https:\/\/now-news.de\/de\/#organization\"},\"image\":{\"@id\":\"https:\/\/now-news.de\/de\/deutschland\/sondervermoegen-bundespraesident-steinmeier-besiegelt-milliardenbuerde-fuer-die-steuerzahler\/#primaryimage\"},\"thumbnailUrl\":\"https:\/\/now-news.de\/de\/wp-content\/uploads\/sites\/3\/2025\/03\/quotSondervermoegenquot-Bundespraesident-Steinmeier-besiegelt-Milliardenbuerde-fuer-die-Steuerzahler.jpeg\",\"keywords\":[\"besiegelt\",\"Bundespr\u00e4sident\",\"die\",\"f\u00fcr\",\"Milliardenb\u00fcrde\",\"quotSonderverm\u00f6genquot\",\"Steinmeier\",\"Steuerzahler\"],\"articleSection\":[\"Deutschland\",\"Russland\"],\"inLanguage\":\"de\",\"potentialAction\":[{\"@type\":\"CommentAction\",\"name\":\"Comment\",\"target\":[\"https:\/\/now-news.de\/de\/deutschland\/sondervermoegen-bundespraesident-steinmeier-besiegelt-milliardenbuerde-fuer-die-steuerzahler\/#respond\"]}]},{\"@type\":\"WebPage\",\"@id\":\"https:\/\/now-news.de\/de\/deutschland\/sondervermoegen-bundespraesident-steinmeier-besiegelt-milliardenbuerde-fuer-die-steuerzahler\/\",\"url\":\"https:\/\/now-news.de\/de\/deutschland\/sondervermoegen-bundespraesident-steinmeier-besiegelt-milliardenbuerde-fuer-die-steuerzahler\/\",\"name\":\"&quot;Sonderverm\u00f6gen&quot;: Bundespr\u00e4sident Steinmeier besiegelt Milliardenb\u00fcrde f\u00fcr die Steuerzahler - just-now.NEWS Deutschland\",\"isPartOf\":{\"@id\":\"https:\/\/now-news.de\/de\/#website\"},\"primaryImageOfPage\":{\"@id\":\"https:\/\/now-news.de\/de\/deutschland\/sondervermoegen-bundespraesident-steinmeier-besiegelt-milliardenbuerde-fuer-die-steuerzahler\/#primaryimage\"},\"image\":{\"@id\":\"https:\/\/now-news.de\/de\/deutschland\/sondervermoegen-bundespraesident-steinmeier-besiegelt-milliardenbuerde-fuer-die-steuerzahler\/#primaryimage\"},\"thumbnailUrl\":\"https:\/\/now-news.de\/de\/wp-content\/uploads\/sites\/3\/2025\/03\/quotSondervermoegenquot-Bundespraesident-Steinmeier-besiegelt-Milliardenbuerde-fuer-die-Steuerzahler.jpeg\",\"datePublished\":\"2025-03-23T09:47:08+00:00\",\"dateModified\":\"2025-03-23T09:47:08+00:00\",\"breadcrumb\":{\"@id\":\"https:\/\/now-news.de\/de\/deutschland\/sondervermoegen-bundespraesident-steinmeier-besiegelt-milliardenbuerde-fuer-die-steuerzahler\/#breadcrumb\"},\"inLanguage\":\"de\",\"potentialAction\":[{\"@type\":\"ReadAction\",\"target\":[\"https:\/\/now-news.de\/de\/deutschland\/sondervermoegen-bundespraesident-steinmeier-besiegelt-milliardenbuerde-fuer-die-steuerzahler\/\"]}]},{\"@type\":\"ImageObject\",\"inLanguage\":\"de\",\"@id\":\"https:\/\/now-news.de\/de\/deutschland\/sondervermoegen-bundespraesident-steinmeier-besiegelt-milliardenbuerde-fuer-die-steuerzahler\/#primaryimage\",\"url\":\"https:\/\/now-news.de\/de\/wp-content\/uploads\/sites\/3\/2025\/03\/quotSondervermoegenquot-Bundespraesident-Steinmeier-besiegelt-Milliardenbuerde-fuer-die-Steuerzahler.jpeg\",\"contentUrl\":\"https:\/\/now-news.de\/de\/wp-content\/uploads\/sites\/3\/2025\/03\/quotSondervermoegenquot-Bundespraesident-Steinmeier-besiegelt-Milliardenbuerde-fuer-die-Steuerzahler.jpeg\",\"width\":460,\"height\":259,\"caption\":\"&quot;Sonderverm\u00f6gen&quot;: Bundespr\u00e4sident Steinmeier besiegelt Milliardenb\u00fcrde f\u00fcr die Steuerzahler\"},{\"@type\":\"BreadcrumbList\",\"@id\":\"https:\/\/now-news.de\/de\/deutschland\/sondervermoegen-bundespraesident-steinmeier-besiegelt-milliardenbuerde-fuer-die-steuerzahler\/#breadcrumb\",\"itemListElement\":[{\"@type\":\"ListItem\",\"position\":1,\"name\":\"Home\",\"item\":\"https:\/\/now-news.de\/de\/\"},{\"@type\":\"ListItem\",\"position\":2,\"name\":\"&quot;Sonderverm\u00f6gen&quot;: Bundespr\u00e4sident Steinmeier besiegelt Milliardenb\u00fcrde f\u00fcr die Steuerzahler\"}]},{\"@type\":\"WebSite\",\"@id\":\"https:\/\/now-news.de\/de\/#website\",\"url\":\"https:\/\/now-news.de\/de\/\",\"name\":\"just-now.NEWS Deutschland\",\"description\":\"Das Portal f\u00fcr unzensierte Nachrichten aus der Welt\",\"publisher\":{\"@id\":\"https:\/\/now-news.de\/de\/#organization\"},\"potentialAction\":[{\"@type\":\"SearchAction\",\"target\":{\"@type\":\"EntryPoint\",\"urlTemplate\":\"https:\/\/now-news.de\/de\/?s={search_term_string}\"},\"query-input\":\"required name=search_term_string\"}],\"inLanguage\":\"de\"},{\"@type\":\"Organization\",\"@id\":\"https:\/\/now-news.de\/de\/#organization\",\"name\":\"Just Now News\",\"url\":\"https:\/\/now-news.de\/de\/\",\"logo\":{\"@type\":\"ImageObject\",\"inLanguage\":\"de\",\"@id\":\"https:\/\/now-news.de\/de\/#\/schema\/logo\/image\/\",\"url\":\"http:\/\/just-now.news\/de\/wp-content\/uploads\/sites\/3\/2022\/04\/logo500x500.jpg\",\"contentUrl\":\"http:\/\/just-now.news\/de\/wp-content\/uploads\/sites\/3\/2022\/04\/logo500x500.jpg\",\"width\":500,\"height\":500,\"caption\":\"Just Now News\"},\"image\":{\"@id\":\"https:\/\/now-news.de\/de\/#\/schema\/logo\/image\/\"},\"sameAs\":[\"https:\/\/www.facebook.com\/wirmachenauf\",\"https:\/\/x.com\/WirMachenAuf_de\"]},{\"@type\":\"Person\",\"@id\":\"https:\/\/now-news.de\/de\/#\/schema\/person\/fb534a4e865501d8b3285208df34a9b5\",\"name\":\"rtnews\",\"image\":{\"@type\":\"ImageObject\",\"inLanguage\":\"de\",\"@id\":\"https:\/\/now-news.de\/de\/#\/schema\/person\/image\/\",\"url\":\"https:\/\/secure.gravatar.com\/avatar\/82aafea7d8127119dd649515f56e2117?s=96&d=mm&r=g\",\"contentUrl\":\"https:\/\/secure.gravatar.com\/avatar\/82aafea7d8127119dd649515f56e2117?s=96&d=mm&r=g\",\"caption\":\"rtnews\"},\"url\":\"https:\/\/now-news.de\/de\/author\/rnews\/\"}]}<\/script>\n<!-- \/ Yoast SEO Premium plugin. -->","yoast_head_json":{"title":"&quot;Sonderverm\u00f6gen&quot;: Bundespr\u00e4sident Steinmeier besiegelt Milliardenb\u00fcrde f\u00fcr die Steuerzahler - just-now.NEWS Deutschland","robots":{"index":"index","follow":"follow","max-snippet":"max-snippet:-1","max-image-preview":"max-image-preview:large","max-video-preview":"max-video-preview:-1"},"canonical":"https:\/\/now-news.de\/de\/deutschland\/sondervermoegen-bundespraesident-steinmeier-besiegelt-milliardenbuerde-fuer-die-steuerzahler\/","og_locale":"de_DE","og_type":"article","og_title":"&quot;Sonderverm\u00f6gen&quot;: Bundespr\u00e4sident Steinmeier besiegelt Milliardenb\u00fcrde f\u00fcr die Steuerzahler","og_description":"Medial wird den B\u00fcrgern die h\u00f6chste Staatsverschuldung in der Geschichte der Bundesrepublik als &#8220;Sonderverm\u00f6gen&#8221; oder &#8220;Finanzpaket&#8221; verkauft. Am Samstag leistete der Bundespr\u00e4sident die als &#8220;formal erwartete&#8221; und ben\u00f6tigte Unterschrift unter die Grundgesetz\u00e4nderung. Das formale Prozedere zur historischen, dabei h\u00f6chsten jemals politisch erzwungenen Staatsverschuldung der Bundesrepublik Deutschland hat am gestrigen Samstag sein drittes H\u00e4kchen erhalten, dies [&hellip;]","og_url":"https:\/\/now-news.de\/de\/deutschland\/sondervermoegen-bundespraesident-steinmeier-besiegelt-milliardenbuerde-fuer-die-steuerzahler\/","og_site_name":"just-now.NEWS Deutschland","article_publisher":"https:\/\/www.facebook.com\/wirmachenauf","article_published_time":"2025-03-23T09:47:08+00:00","og_image":[{"url":"https:\/\/now-news.de\/de\/wp-content\/uploads\/sites\/3\/2025\/03\/67dfd241b480cc7edb559534.jpeg"}],"author":"rtnews","twitter_card":"summary_large_image","twitter_creator":"@WirMachenAuf_de","twitter_site":"@WirMachenAuf_de","twitter_misc":{"Verfasst von":"rtnews","Gesch\u00e4tzte Lesezeit":"4\u00a0Minuten"},"schema":{"@context":"https:\/\/schema.org","@graph":[{"@type":"Article","@id":"https:\/\/now-news.de\/de\/deutschland\/sondervermoegen-bundespraesident-steinmeier-besiegelt-milliardenbuerde-fuer-die-steuerzahler\/#article","isPartOf":{"@id":"https:\/\/now-news.de\/de\/deutschland\/sondervermoegen-bundespraesident-steinmeier-besiegelt-milliardenbuerde-fuer-die-steuerzahler\/"},"author":{"name":"rtnews","@id":"https:\/\/now-news.de\/de\/#\/schema\/person\/fb534a4e865501d8b3285208df34a9b5"},"headline":"&quot;Sonderverm\u00f6gen&quot;: Bundespr\u00e4sident Steinmeier besiegelt Milliardenb\u00fcrde f\u00fcr die Steuerzahler","datePublished":"2025-03-23T09:47:08+00:00","dateModified":"2025-03-23T09:47:08+00:00","mainEntityOfPage":{"@id":"https:\/\/now-news.de\/de\/deutschland\/sondervermoegen-bundespraesident-steinmeier-besiegelt-milliardenbuerde-fuer-die-steuerzahler\/"},"wordCount":818,"commentCount":0,"publisher":{"@id":"https:\/\/now-news.de\/de\/#organization"},"image":{"@id":"https:\/\/now-news.de\/de\/deutschland\/sondervermoegen-bundespraesident-steinmeier-besiegelt-milliardenbuerde-fuer-die-steuerzahler\/#primaryimage"},"thumbnailUrl":"https:\/\/now-news.de\/de\/wp-content\/uploads\/sites\/3\/2025\/03\/quotSondervermoegenquot-Bundespraesident-Steinmeier-besiegelt-Milliardenbuerde-fuer-die-Steuerzahler.jpeg","keywords":["besiegelt","Bundespr\u00e4sident","die","f\u00fcr","Milliardenb\u00fcrde","quotSonderverm\u00f6genquot","Steinmeier","Steuerzahler"],"articleSection":["Deutschland","Russland"],"inLanguage":"de","potentialAction":[{"@type":"CommentAction","name":"Comment","target":["https:\/\/now-news.de\/de\/deutschland\/sondervermoegen-bundespraesident-steinmeier-besiegelt-milliardenbuerde-fuer-die-steuerzahler\/#respond"]}]},{"@type":"WebPage","@id":"https:\/\/now-news.de\/de\/deutschland\/sondervermoegen-bundespraesident-steinmeier-besiegelt-milliardenbuerde-fuer-die-steuerzahler\/","url":"https:\/\/now-news.de\/de\/deutschland\/sondervermoegen-bundespraesident-steinmeier-besiegelt-milliardenbuerde-fuer-die-steuerzahler\/","name":"&quot;Sonderverm\u00f6gen&quot;: Bundespr\u00e4sident Steinmeier besiegelt Milliardenb\u00fcrde f\u00fcr die Steuerzahler - just-now.NEWS Deutschland","isPartOf":{"@id":"https:\/\/now-news.de\/de\/#website"},"primaryImageOfPage":{"@id":"https:\/\/now-news.de\/de\/deutschland\/sondervermoegen-bundespraesident-steinmeier-besiegelt-milliardenbuerde-fuer-die-steuerzahler\/#primaryimage"},"image":{"@id":"https:\/\/now-news.de\/de\/deutschland\/sondervermoegen-bundespraesident-steinmeier-besiegelt-milliardenbuerde-fuer-die-steuerzahler\/#primaryimage"},"thumbnailUrl":"https:\/\/now-news.de\/de\/wp-content\/uploads\/sites\/3\/2025\/03\/quotSondervermoegenquot-Bundespraesident-Steinmeier-besiegelt-Milliardenbuerde-fuer-die-Steuerzahler.jpeg","datePublished":"2025-03-23T09:47:08+00:00","dateModified":"2025-03-23T09:47:08+00:00","breadcrumb":{"@id":"https:\/\/now-news.de\/de\/deutschland\/sondervermoegen-bundespraesident-steinmeier-besiegelt-milliardenbuerde-fuer-die-steuerzahler\/#breadcrumb"},"inLanguage":"de","potentialAction":[{"@type":"ReadAction","target":["https:\/\/now-news.de\/de\/deutschland\/sondervermoegen-bundespraesident-steinmeier-besiegelt-milliardenbuerde-fuer-die-steuerzahler\/"]}]},{"@type":"ImageObject","inLanguage":"de","@id":"https:\/\/now-news.de\/de\/deutschland\/sondervermoegen-bundespraesident-steinmeier-besiegelt-milliardenbuerde-fuer-die-steuerzahler\/#primaryimage","url":"https:\/\/now-news.de\/de\/wp-content\/uploads\/sites\/3\/2025\/03\/quotSondervermoegenquot-Bundespraesident-Steinmeier-besiegelt-Milliardenbuerde-fuer-die-Steuerzahler.jpeg","contentUrl":"https:\/\/now-news.de\/de\/wp-content\/uploads\/sites\/3\/2025\/03\/quotSondervermoegenquot-Bundespraesident-Steinmeier-besiegelt-Milliardenbuerde-fuer-die-Steuerzahler.jpeg","width":460,"height":259,"caption":"&quot;Sonderverm\u00f6gen&quot;: Bundespr\u00e4sident Steinmeier besiegelt Milliardenb\u00fcrde f\u00fcr die Steuerzahler"},{"@type":"BreadcrumbList","@id":"https:\/\/now-news.de\/de\/deutschland\/sondervermoegen-bundespraesident-steinmeier-besiegelt-milliardenbuerde-fuer-die-steuerzahler\/#breadcrumb","itemListElement":[{"@type":"ListItem","position":1,"name":"Home","item":"https:\/\/now-news.de\/de\/"},{"@type":"ListItem","position":2,"name":"&quot;Sonderverm\u00f6gen&quot;: Bundespr\u00e4sident Steinmeier besiegelt Milliardenb\u00fcrde f\u00fcr die Steuerzahler"}]},{"@type":"WebSite","@id":"https:\/\/now-news.de\/de\/#website","url":"https:\/\/now-news.de\/de\/","name":"just-now.NEWS Deutschland","description":"Das Portal f\u00fcr unzensierte Nachrichten aus der Welt","publisher":{"@id":"https:\/\/now-news.de\/de\/#organization"},"potentialAction":[{"@type":"SearchAction","target":{"@type":"EntryPoint","urlTemplate":"https:\/\/now-news.de\/de\/?s={search_term_string}"},"query-input":"required name=search_term_string"}],"inLanguage":"de"},{"@type":"Organization","@id":"https:\/\/now-news.de\/de\/#organization","name":"Just Now News","url":"https:\/\/now-news.de\/de\/","logo":{"@type":"ImageObject","inLanguage":"de","@id":"https:\/\/now-news.de\/de\/#\/schema\/logo\/image\/","url":"http:\/\/just-now.news\/de\/wp-content\/uploads\/sites\/3\/2022\/04\/logo500x500.jpg","contentUrl":"http:\/\/just-now.news\/de\/wp-content\/uploads\/sites\/3\/2022\/04\/logo500x500.jpg","width":500,"height":500,"caption":"Just Now News"},"image":{"@id":"https:\/\/now-news.de\/de\/#\/schema\/logo\/image\/"},"sameAs":["https:\/\/www.facebook.com\/wirmachenauf","https:\/\/x.com\/WirMachenAuf_de"]},{"@type":"Person","@id":"https:\/\/now-news.de\/de\/#\/schema\/person\/fb534a4e865501d8b3285208df34a9b5","name":"rtnews","image":{"@type":"ImageObject","inLanguage":"de","@id":"https:\/\/now-news.de\/de\/#\/schema\/person\/image\/","url":"https:\/\/secure.gravatar.com\/avatar\/82aafea7d8127119dd649515f56e2117?s=96&d=mm&r=g","contentUrl":"https:\/\/secure.gravatar.com\/avatar\/82aafea7d8127119dd649515f56e2117?s=96&d=mm&r=g","caption":"rtnews"},"url":"https:\/\/now-news.de\/de\/author\/rnews\/"}]}},"_links":{"self":[{"href":"https:\/\/now-news.de\/de\/wp-json\/wp\/v2\/posts\/80759"}],"collection":[{"href":"https:\/\/now-news.de\/de\/wp-json\/wp\/v2\/posts"}],"about":[{"href":"https:\/\/now-news.de\/de\/wp-json\/wp\/v2\/types\/post"}],"author":[{"embeddable":true,"href":"https:\/\/now-news.de\/de\/wp-json\/wp\/v2\/users\/3"}],"replies":[{"embeddable":true,"href":"https:\/\/now-news.de\/de\/wp-json\/wp\/v2\/comments?post=80759"}],"version-history":[{"count":0,"href":"https:\/\/now-news.de\/de\/wp-json\/wp\/v2\/posts\/80759\/revisions"}],"wp:featuredmedia":[{"embeddable":true,"href":"https:\/\/now-news.de\/de\/wp-json\/wp\/v2\/media\/80760"}],"wp:attachment":[{"href":"https:\/\/now-news.de\/de\/wp-json\/wp\/v2\/media?parent=80759"}],"wp:term":[{"taxonomy":"category","embeddable":true,"href":"https:\/\/now-news.de\/de\/wp-json\/wp\/v2\/categories?post=80759"},{"taxonomy":"post_tag","embeddable":true,"href":"https:\/\/now-news.de\/de\/wp-json\/wp\/v2\/tags?post=80759"}],"curies":[{"name":"wp","href":"https:\/\/api.w.org\/{rel}","templated":true}]}}