{"id":80729,"date":"2025-03-22T18:41:15","date_gmt":"2025-03-22T16:41:15","guid":{"rendered":"https:\/\/now-news.de\/de\/deutschland\/schweiz-intensiviert-nato-kooperation-bern-tritt-patriot-support-partnerschaft-bei\/"},"modified":"2025-03-22T18:41:15","modified_gmt":"2025-03-22T16:41:15","slug":"schweiz-intensiviert-nato-kooperation-bern-tritt-patriot-support-partnerschaft-bei","status":"publish","type":"post","link":"https:\/\/now-news.de\/de\/deutschland\/schweiz-intensiviert-nato-kooperation-bern-tritt-patriot-support-partnerschaft-bei\/","title":{"rendered":"Schweiz intensiviert NATO-Kooperation: Bern tritt Patriot-Support-Partnerschaft bei"},"content":{"rendered":"<p><img decoding=\"async\" src=\"https:\/\/now-news.de\/de\/wp-content\/uploads\/sites\/3\/2025\/03\/67ded8c748fbef6a3676ca6e.jpg\" \/><\/p>\n<div class=\"Text-root Text-type_1 \">\n                Mit dem Beitritt zur NATO-Patriot-Support-Partnerschaft verst\u00e4rkt die Schweiz ihre milit\u00e4rische Zusammenarbeit mit dem B\u00fcndnis. W\u00e4hrend die Regierung dies als sicherheitspolitische Notwendigkeit verkauft, w\u00e4chst die Abh\u00e4ngigkeit von westlichen R\u00fcstungsstrukturen. Der angebliche Schutz der Neutralit\u00e4t erscheint dabei zunehmend als blo\u00dfe Formalit\u00e4t.\n            <\/div>\n<p><\/p>\n<div class=\"Text-root Text-type_5 ArticleView-text ViewText-root \">\n<p data-start=\"0\" data-end=\"383\">Die Schweiz entfernt sich weiter von ihrer Neutralit\u00e4t und bindet sich enger an die NATO. Mit dem Beitritt zur Patriot Support Partnership der NATO-Beschaffungsorganisation NSPA r\u00fcckt das Land sicherheitspolitisch n\u00e4her an das B\u00fcndnis heran. Offiziell dient der Schritt der St\u00e4rkung der nationalen Sicherheit und der besseren Ersatzteilversorgung f\u00fcr die Patriot-Luftabwehrsysteme.<\/p>\n<p data-start=\"385\" data-end=\"855\">Die Patriot-Systeme sind Teil des umstrittenen R\u00fcstungsprogramms Air 2030, das der Schweiz eine st\u00e4rkere milit\u00e4rische Einbindung in westliche Strukturen erm\u00f6glicht. Die NSPA ist eine zentrale NATO-Organisation f\u00fcr Beschaffung und Logistik, womit die Schweiz faktisch von der NATO-Abh\u00e4ngigkeit profitiert. Zwar k\u00f6nnen sich Schweizer Unternehmen durch die Partnerschaft an Ausschreibungen beteiligen, doch dies k\u00f6nnte langfristig wirtschaftliche Abh\u00e4ngigkeiten schaffen.<\/p>\n<p data-start=\"857\" data-end=\"1216\">Trotz der offiziellen Beteuerungen, die Neutralit\u00e4t bleibe gewahrt, stellt sich die Frage, inwieweit diese Zusammenarbeit noch mit der traditionellen schweizerischen Haltung vereinbar ist. Die M\u00f6glichkeit, sich bei einem Konflikt zur\u00fcckzuziehen, mag existieren, doch in der Praxis wird die Schweiz zunehmend in westliche Verteidigungsstrukturen eingebunden.<\/p>\n<p data-start=\"1218\" data-end=\"1585\">Der Beitritt zur Patriot Support Partnership ist nicht der erste Schritt in diese Richtung \u2013 zuvor wurden bereits \u00e4hnliche Vereinbarungen zu AMRAAM- und Stinger-Systemen getroffen. Die schrittweise Ann\u00e4herung an die NATO zeigt, dass die Schweiz in der Praxis immer weniger neutral agiert und ihre Verteidigungspolitik zunehmend an westliche Milit\u00e4rstrategien anpasst.<\/p>\n<p data-start=\"1218\" data-end=\"1585\"><strong data-start=\"1226\" data-end=\"1286\">Mehr zum Thema\u00a0<\/strong>\u2012\u00a0<a rel=\"nofollow noopener\" target=\"_blank\" href=\"https:\/\/freedert.online\/schweiz\/236529-jeder-fuenfte-in-europa-rechnet\/\">Lervoss International Ltd. \u2013 oder das gestohlene Geld der ukrainischen Eisenbahn<\/a><\/p>\n<div class=\"EmbedBlock-root EmbedBlock-externalVideo EmbedBlock-rumble\">\n<div class=\"VkEmbed\"><iframe class=\"lazyload\" data-src=\"https:\/\/rumble.com\/embed\/v6oh6ya\" frameborder=\"0\" width=\"853\" height=\"480\" allowfullscreen><\/iframe><\/div>\n<\/div>\n<\/div>\n<p><br \/>\n<br \/><a href=\"https:\/\/de.rt.com\/schweiz\/240343-schweiz-intensiviert-nato-kooperation-bern\/\">Source link <\/a><\/p>\n","protected":false},"excerpt":{"rendered":"<p>Mit dem Beitritt zur NATO-Patriot-Support-Partnerschaft verst\u00e4rkt die Schweiz ihre milit\u00e4rische Zusammenarbeit mit dem B\u00fcndnis. W\u00e4hrend die Regierung dies als sicherheitspolitische Notwendigkeit verkauft, w\u00e4chst die Abh\u00e4ngigkeit von westlichen R\u00fcstungsstrukturen. Der angebliche Schutz der Neutralit\u00e4t erscheint dabei zunehmend als blo\u00dfe Formalit\u00e4t. Die Schweiz entfernt sich weiter von ihrer Neutralit\u00e4t und bindet sich enger an die NATO. Mit [&hellip;]<\/p>\n","protected":false},"author":3,"featured_media":80730,"comment_status":"open","ping_status":"open","sticky":false,"template":"","format":"standard","meta":{"_yoast_indexnow_last_ping":["1742662532"],"wp_automatic_camp":["217"],"67e9d995939b4f5bf73dbe49b1199158":["Schweiz intensiviert NATO-Kooperation: Bern tritt Patriot-Support-Partnerschaft bei"],"original_link":["https:\/\/de.rt.com\/schweiz\/240343-schweiz-intensiviert-nato-kooperation-bern\/"],"_thumbnail_id":["80730"],"jnews_social_counter_last_update":["1777395071"],"_wptgpro_p2tg_sent2tg":["a:1:{i:23737;s:19:\"2025-03-22 18:56:35\";}"]},"categories":[19,23],"tags":[363,45148,42031,63655,63656,4207,3470],"yoast_head":"<!-- This site is optimized with the Yoast SEO Premium plugin v22.7 (Yoast SEO v22.7) - https:\/\/yoast.com\/wordpress\/plugins\/seo\/ -->\n<title>Schweiz intensiviert NATO-Kooperation: Bern tritt Patriot-Support-Partnerschaft bei - just-now.NEWS Deutschland<\/title>\n<meta name=\"robots\" content=\"index, follow, max-snippet:-1, max-image-preview:large, max-video-preview:-1\" \/>\n<link rel=\"canonical\" href=\"https:\/\/now-news.de\/de\/deutschland\/schweiz-intensiviert-nato-kooperation-bern-tritt-patriot-support-partnerschaft-bei\/\" \/>\n<meta property=\"og:locale\" content=\"de_DE\" \/>\n<meta property=\"og:type\" content=\"article\" \/>\n<meta property=\"og:title\" content=\"Schweiz intensiviert NATO-Kooperation: Bern tritt Patriot-Support-Partnerschaft bei\" \/>\n<meta property=\"og:description\" content=\"Mit dem Beitritt zur NATO-Patriot-Support-Partnerschaft verst\u00e4rkt die Schweiz ihre milit\u00e4rische Zusammenarbeit mit dem B\u00fcndnis. W\u00e4hrend die Regierung dies als sicherheitspolitische Notwendigkeit verkauft, w\u00e4chst die Abh\u00e4ngigkeit von westlichen R\u00fcstungsstrukturen. Der angebliche Schutz der Neutralit\u00e4t erscheint dabei zunehmend als blo\u00dfe Formalit\u00e4t. Die Schweiz entfernt sich weiter von ihrer Neutralit\u00e4t und bindet sich enger an die NATO. Mit [&hellip;]\" \/>\n<meta property=\"og:url\" content=\"https:\/\/now-news.de\/de\/deutschland\/schweiz-intensiviert-nato-kooperation-bern-tritt-patriot-support-partnerschaft-bei\/\" \/>\n<meta property=\"og:site_name\" content=\"just-now.NEWS Deutschland\" \/>\n<meta property=\"article:publisher\" content=\"https:\/\/www.facebook.com\/wirmachenauf\" \/>\n<meta property=\"article:published_time\" content=\"2025-03-22T16:41:15+00:00\" \/>\n<meta property=\"og:image\" content=\"https:\/\/now-news.de\/de\/wp-content\/uploads\/sites\/3\/2025\/03\/67ded8c748fbef6a3676ca6e.jpg\" \/>\n<meta name=\"author\" content=\"rtnews\" \/>\n<meta name=\"twitter:card\" content=\"summary_large_image\" \/>\n<meta name=\"twitter:creator\" content=\"@WirMachenAuf_de\" \/>\n<meta name=\"twitter:site\" content=\"@WirMachenAuf_de\" \/>\n<meta name=\"twitter:label1\" content=\"Verfasst von\" \/>\n\t<meta name=\"twitter:data1\" content=\"rtnews\" \/>\n\t<meta name=\"twitter:label2\" content=\"Gesch\u00e4tzte Lesezeit\" \/>\n\t<meta name=\"twitter:data2\" content=\"1\u00a0Minute\" \/>\n<script type=\"application\/ld+json\" class=\"yoast-schema-graph\">{\"@context\":\"https:\/\/schema.org\",\"@graph\":[{\"@type\":\"Article\",\"@id\":\"https:\/\/now-news.de\/de\/deutschland\/schweiz-intensiviert-nato-kooperation-bern-tritt-patriot-support-partnerschaft-bei\/#article\",\"isPartOf\":{\"@id\":\"https:\/\/now-news.de\/de\/deutschland\/schweiz-intensiviert-nato-kooperation-bern-tritt-patriot-support-partnerschaft-bei\/\"},\"author\":{\"name\":\"rtnews\",\"@id\":\"https:\/\/now-news.de\/de\/#\/schema\/person\/fb534a4e865501d8b3285208df34a9b5\"},\"headline\":\"Schweiz intensiviert NATO-Kooperation: Bern tritt Patriot-Support-Partnerschaft bei\",\"datePublished\":\"2025-03-22T16:41:15+00:00\",\"dateModified\":\"2025-03-22T16:41:15+00:00\",\"mainEntityOfPage\":{\"@id\":\"https:\/\/now-news.de\/de\/deutschland\/schweiz-intensiviert-nato-kooperation-bern-tritt-patriot-support-partnerschaft-bei\/\"},\"wordCount\":290,\"commentCount\":0,\"publisher\":{\"@id\":\"https:\/\/now-news.de\/de\/#organization\"},\"image\":{\"@id\":\"https:\/\/now-news.de\/de\/deutschland\/schweiz-intensiviert-nato-kooperation-bern-tritt-patriot-support-partnerschaft-bei\/#primaryimage\"},\"thumbnailUrl\":\"https:\/\/now-news.de\/de\/wp-content\/uploads\/sites\/3\/2025\/03\/Schweiz-intensiviert-NATO-Kooperation-Bern-tritt-Patriot-Support-Partnerschaft-bei.jpg\",\"keywords\":[\"bei\",\"Bern\",\"intensiviert\",\"NATOKooperation\",\"PatriotSupportPartnerschaft\",\"schweiz\",\"tritt\"],\"articleSection\":[\"Deutschland\",\"Russland\"],\"inLanguage\":\"de\",\"potentialAction\":[{\"@type\":\"CommentAction\",\"name\":\"Comment\",\"target\":[\"https:\/\/now-news.de\/de\/deutschland\/schweiz-intensiviert-nato-kooperation-bern-tritt-patriot-support-partnerschaft-bei\/#respond\"]}]},{\"@type\":\"WebPage\",\"@id\":\"https:\/\/now-news.de\/de\/deutschland\/schweiz-intensiviert-nato-kooperation-bern-tritt-patriot-support-partnerschaft-bei\/\",\"url\":\"https:\/\/now-news.de\/de\/deutschland\/schweiz-intensiviert-nato-kooperation-bern-tritt-patriot-support-partnerschaft-bei\/\",\"name\":\"Schweiz intensiviert NATO-Kooperation: Bern tritt Patriot-Support-Partnerschaft bei - just-now.NEWS Deutschland\",\"isPartOf\":{\"@id\":\"https:\/\/now-news.de\/de\/#website\"},\"primaryImageOfPage\":{\"@id\":\"https:\/\/now-news.de\/de\/deutschland\/schweiz-intensiviert-nato-kooperation-bern-tritt-patriot-support-partnerschaft-bei\/#primaryimage\"},\"image\":{\"@id\":\"https:\/\/now-news.de\/de\/deutschland\/schweiz-intensiviert-nato-kooperation-bern-tritt-patriot-support-partnerschaft-bei\/#primaryimage\"},\"thumbnailUrl\":\"https:\/\/now-news.de\/de\/wp-content\/uploads\/sites\/3\/2025\/03\/Schweiz-intensiviert-NATO-Kooperation-Bern-tritt-Patriot-Support-Partnerschaft-bei.jpg\",\"datePublished\":\"2025-03-22T16:41:15+00:00\",\"dateModified\":\"2025-03-22T16:41:15+00:00\",\"breadcrumb\":{\"@id\":\"https:\/\/now-news.de\/de\/deutschland\/schweiz-intensiviert-nato-kooperation-bern-tritt-patriot-support-partnerschaft-bei\/#breadcrumb\"},\"inLanguage\":\"de\",\"potentialAction\":[{\"@type\":\"ReadAction\",\"target\":[\"https:\/\/now-news.de\/de\/deutschland\/schweiz-intensiviert-nato-kooperation-bern-tritt-patriot-support-partnerschaft-bei\/\"]}]},{\"@type\":\"ImageObject\",\"inLanguage\":\"de\",\"@id\":\"https:\/\/now-news.de\/de\/deutschland\/schweiz-intensiviert-nato-kooperation-bern-tritt-patriot-support-partnerschaft-bei\/#primaryimage\",\"url\":\"https:\/\/now-news.de\/de\/wp-content\/uploads\/sites\/3\/2025\/03\/Schweiz-intensiviert-NATO-Kooperation-Bern-tritt-Patriot-Support-Partnerschaft-bei.jpg\",\"contentUrl\":\"https:\/\/now-news.de\/de\/wp-content\/uploads\/sites\/3\/2025\/03\/Schweiz-intensiviert-NATO-Kooperation-Bern-tritt-Patriot-Support-Partnerschaft-bei.jpg\",\"width\":460,\"height\":259,\"caption\":\"Schweiz intensiviert NATO-Kooperation: Bern tritt Patriot-Support-Partnerschaft bei\"},{\"@type\":\"BreadcrumbList\",\"@id\":\"https:\/\/now-news.de\/de\/deutschland\/schweiz-intensiviert-nato-kooperation-bern-tritt-patriot-support-partnerschaft-bei\/#breadcrumb\",\"itemListElement\":[{\"@type\":\"ListItem\",\"position\":1,\"name\":\"Home\",\"item\":\"https:\/\/now-news.de\/de\/\"},{\"@type\":\"ListItem\",\"position\":2,\"name\":\"Schweiz intensiviert NATO-Kooperation: Bern tritt Patriot-Support-Partnerschaft bei\"}]},{\"@type\":\"WebSite\",\"@id\":\"https:\/\/now-news.de\/de\/#website\",\"url\":\"https:\/\/now-news.de\/de\/\",\"name\":\"just-now.NEWS Deutschland\",\"description\":\"Das Portal f\u00fcr unzensierte Nachrichten aus der Welt\",\"publisher\":{\"@id\":\"https:\/\/now-news.de\/de\/#organization\"},\"potentialAction\":[{\"@type\":\"SearchAction\",\"target\":{\"@type\":\"EntryPoint\",\"urlTemplate\":\"https:\/\/now-news.de\/de\/?s={search_term_string}\"},\"query-input\":\"required name=search_term_string\"}],\"inLanguage\":\"de\"},{\"@type\":\"Organization\",\"@id\":\"https:\/\/now-news.de\/de\/#organization\",\"name\":\"Just Now News\",\"url\":\"https:\/\/now-news.de\/de\/\",\"logo\":{\"@type\":\"ImageObject\",\"inLanguage\":\"de\",\"@id\":\"https:\/\/now-news.de\/de\/#\/schema\/logo\/image\/\",\"url\":\"http:\/\/just-now.news\/de\/wp-content\/uploads\/sites\/3\/2022\/04\/logo500x500.jpg\",\"contentUrl\":\"http:\/\/just-now.news\/de\/wp-content\/uploads\/sites\/3\/2022\/04\/logo500x500.jpg\",\"width\":500,\"height\":500,\"caption\":\"Just Now News\"},\"image\":{\"@id\":\"https:\/\/now-news.de\/de\/#\/schema\/logo\/image\/\"},\"sameAs\":[\"https:\/\/www.facebook.com\/wirmachenauf\",\"https:\/\/x.com\/WirMachenAuf_de\"]},{\"@type\":\"Person\",\"@id\":\"https:\/\/now-news.de\/de\/#\/schema\/person\/fb534a4e865501d8b3285208df34a9b5\",\"name\":\"rtnews\",\"image\":{\"@type\":\"ImageObject\",\"inLanguage\":\"de\",\"@id\":\"https:\/\/now-news.de\/de\/#\/schema\/person\/image\/\",\"url\":\"https:\/\/secure.gravatar.com\/avatar\/82aafea7d8127119dd649515f56e2117?s=96&d=mm&r=g\",\"contentUrl\":\"https:\/\/secure.gravatar.com\/avatar\/82aafea7d8127119dd649515f56e2117?s=96&d=mm&r=g\",\"caption\":\"rtnews\"},\"url\":\"https:\/\/now-news.de\/de\/author\/rnews\/\"}]}<\/script>\n<!-- \/ Yoast SEO Premium plugin. -->","yoast_head_json":{"title":"Schweiz intensiviert NATO-Kooperation: Bern tritt Patriot-Support-Partnerschaft bei - just-now.NEWS Deutschland","robots":{"index":"index","follow":"follow","max-snippet":"max-snippet:-1","max-image-preview":"max-image-preview:large","max-video-preview":"max-video-preview:-1"},"canonical":"https:\/\/now-news.de\/de\/deutschland\/schweiz-intensiviert-nato-kooperation-bern-tritt-patriot-support-partnerschaft-bei\/","og_locale":"de_DE","og_type":"article","og_title":"Schweiz intensiviert NATO-Kooperation: Bern tritt Patriot-Support-Partnerschaft bei","og_description":"Mit dem Beitritt zur NATO-Patriot-Support-Partnerschaft verst\u00e4rkt die Schweiz ihre milit\u00e4rische Zusammenarbeit mit dem B\u00fcndnis. W\u00e4hrend die Regierung dies als sicherheitspolitische Notwendigkeit verkauft, w\u00e4chst die Abh\u00e4ngigkeit von westlichen R\u00fcstungsstrukturen. Der angebliche Schutz der Neutralit\u00e4t erscheint dabei zunehmend als blo\u00dfe Formalit\u00e4t. Die Schweiz entfernt sich weiter von ihrer Neutralit\u00e4t und bindet sich enger an die NATO. Mit [&hellip;]","og_url":"https:\/\/now-news.de\/de\/deutschland\/schweiz-intensiviert-nato-kooperation-bern-tritt-patriot-support-partnerschaft-bei\/","og_site_name":"just-now.NEWS Deutschland","article_publisher":"https:\/\/www.facebook.com\/wirmachenauf","article_published_time":"2025-03-22T16:41:15+00:00","og_image":[{"url":"https:\/\/now-news.de\/de\/wp-content\/uploads\/sites\/3\/2025\/03\/67ded8c748fbef6a3676ca6e.jpg"}],"author":"rtnews","twitter_card":"summary_large_image","twitter_creator":"@WirMachenAuf_de","twitter_site":"@WirMachenAuf_de","twitter_misc":{"Verfasst von":"rtnews","Gesch\u00e4tzte Lesezeit":"1\u00a0Minute"},"schema":{"@context":"https:\/\/schema.org","@graph":[{"@type":"Article","@id":"https:\/\/now-news.de\/de\/deutschland\/schweiz-intensiviert-nato-kooperation-bern-tritt-patriot-support-partnerschaft-bei\/#article","isPartOf":{"@id":"https:\/\/now-news.de\/de\/deutschland\/schweiz-intensiviert-nato-kooperation-bern-tritt-patriot-support-partnerschaft-bei\/"},"author":{"name":"rtnews","@id":"https:\/\/now-news.de\/de\/#\/schema\/person\/fb534a4e865501d8b3285208df34a9b5"},"headline":"Schweiz intensiviert NATO-Kooperation: Bern tritt Patriot-Support-Partnerschaft bei","datePublished":"2025-03-22T16:41:15+00:00","dateModified":"2025-03-22T16:41:15+00:00","mainEntityOfPage":{"@id":"https:\/\/now-news.de\/de\/deutschland\/schweiz-intensiviert-nato-kooperation-bern-tritt-patriot-support-partnerschaft-bei\/"},"wordCount":290,"commentCount":0,"publisher":{"@id":"https:\/\/now-news.de\/de\/#organization"},"image":{"@id":"https:\/\/now-news.de\/de\/deutschland\/schweiz-intensiviert-nato-kooperation-bern-tritt-patriot-support-partnerschaft-bei\/#primaryimage"},"thumbnailUrl":"https:\/\/now-news.de\/de\/wp-content\/uploads\/sites\/3\/2025\/03\/Schweiz-intensiviert-NATO-Kooperation-Bern-tritt-Patriot-Support-Partnerschaft-bei.jpg","keywords":["bei","Bern","intensiviert","NATOKooperation","PatriotSupportPartnerschaft","schweiz","tritt"],"articleSection":["Deutschland","Russland"],"inLanguage":"de","potentialAction":[{"@type":"CommentAction","name":"Comment","target":["https:\/\/now-news.de\/de\/deutschland\/schweiz-intensiviert-nato-kooperation-bern-tritt-patriot-support-partnerschaft-bei\/#respond"]}]},{"@type":"WebPage","@id":"https:\/\/now-news.de\/de\/deutschland\/schweiz-intensiviert-nato-kooperation-bern-tritt-patriot-support-partnerschaft-bei\/","url":"https:\/\/now-news.de\/de\/deutschland\/schweiz-intensiviert-nato-kooperation-bern-tritt-patriot-support-partnerschaft-bei\/","name":"Schweiz intensiviert NATO-Kooperation: Bern tritt Patriot-Support-Partnerschaft bei - just-now.NEWS Deutschland","isPartOf":{"@id":"https:\/\/now-news.de\/de\/#website"},"primaryImageOfPage":{"@id":"https:\/\/now-news.de\/de\/deutschland\/schweiz-intensiviert-nato-kooperation-bern-tritt-patriot-support-partnerschaft-bei\/#primaryimage"},"image":{"@id":"https:\/\/now-news.de\/de\/deutschland\/schweiz-intensiviert-nato-kooperation-bern-tritt-patriot-support-partnerschaft-bei\/#primaryimage"},"thumbnailUrl":"https:\/\/now-news.de\/de\/wp-content\/uploads\/sites\/3\/2025\/03\/Schweiz-intensiviert-NATO-Kooperation-Bern-tritt-Patriot-Support-Partnerschaft-bei.jpg","datePublished":"2025-03-22T16:41:15+00:00","dateModified":"2025-03-22T16:41:15+00:00","breadcrumb":{"@id":"https:\/\/now-news.de\/de\/deutschland\/schweiz-intensiviert-nato-kooperation-bern-tritt-patriot-support-partnerschaft-bei\/#breadcrumb"},"inLanguage":"de","potentialAction":[{"@type":"ReadAction","target":["https:\/\/now-news.de\/de\/deutschland\/schweiz-intensiviert-nato-kooperation-bern-tritt-patriot-support-partnerschaft-bei\/"]}]},{"@type":"ImageObject","inLanguage":"de","@id":"https:\/\/now-news.de\/de\/deutschland\/schweiz-intensiviert-nato-kooperation-bern-tritt-patriot-support-partnerschaft-bei\/#primaryimage","url":"https:\/\/now-news.de\/de\/wp-content\/uploads\/sites\/3\/2025\/03\/Schweiz-intensiviert-NATO-Kooperation-Bern-tritt-Patriot-Support-Partnerschaft-bei.jpg","contentUrl":"https:\/\/now-news.de\/de\/wp-content\/uploads\/sites\/3\/2025\/03\/Schweiz-intensiviert-NATO-Kooperation-Bern-tritt-Patriot-Support-Partnerschaft-bei.jpg","width":460,"height":259,"caption":"Schweiz intensiviert NATO-Kooperation: Bern tritt Patriot-Support-Partnerschaft bei"},{"@type":"BreadcrumbList","@id":"https:\/\/now-news.de\/de\/deutschland\/schweiz-intensiviert-nato-kooperation-bern-tritt-patriot-support-partnerschaft-bei\/#breadcrumb","itemListElement":[{"@type":"ListItem","position":1,"name":"Home","item":"https:\/\/now-news.de\/de\/"},{"@type":"ListItem","position":2,"name":"Schweiz intensiviert NATO-Kooperation: Bern tritt Patriot-Support-Partnerschaft bei"}]},{"@type":"WebSite","@id":"https:\/\/now-news.de\/de\/#website","url":"https:\/\/now-news.de\/de\/","name":"just-now.NEWS Deutschland","description":"Das Portal f\u00fcr unzensierte Nachrichten aus der Welt","publisher":{"@id":"https:\/\/now-news.de\/de\/#organization"},"potentialAction":[{"@type":"SearchAction","target":{"@type":"EntryPoint","urlTemplate":"https:\/\/now-news.de\/de\/?s={search_term_string}"},"query-input":"required name=search_term_string"}],"inLanguage":"de"},{"@type":"Organization","@id":"https:\/\/now-news.de\/de\/#organization","name":"Just Now News","url":"https:\/\/now-news.de\/de\/","logo":{"@type":"ImageObject","inLanguage":"de","@id":"https:\/\/now-news.de\/de\/#\/schema\/logo\/image\/","url":"http:\/\/just-now.news\/de\/wp-content\/uploads\/sites\/3\/2022\/04\/logo500x500.jpg","contentUrl":"http:\/\/just-now.news\/de\/wp-content\/uploads\/sites\/3\/2022\/04\/logo500x500.jpg","width":500,"height":500,"caption":"Just Now News"},"image":{"@id":"https:\/\/now-news.de\/de\/#\/schema\/logo\/image\/"},"sameAs":["https:\/\/www.facebook.com\/wirmachenauf","https:\/\/x.com\/WirMachenAuf_de"]},{"@type":"Person","@id":"https:\/\/now-news.de\/de\/#\/schema\/person\/fb534a4e865501d8b3285208df34a9b5","name":"rtnews","image":{"@type":"ImageObject","inLanguage":"de","@id":"https:\/\/now-news.de\/de\/#\/schema\/person\/image\/","url":"https:\/\/secure.gravatar.com\/avatar\/82aafea7d8127119dd649515f56e2117?s=96&d=mm&r=g","contentUrl":"https:\/\/secure.gravatar.com\/avatar\/82aafea7d8127119dd649515f56e2117?s=96&d=mm&r=g","caption":"rtnews"},"url":"https:\/\/now-news.de\/de\/author\/rnews\/"}]}},"_links":{"self":[{"href":"https:\/\/now-news.de\/de\/wp-json\/wp\/v2\/posts\/80729"}],"collection":[{"href":"https:\/\/now-news.de\/de\/wp-json\/wp\/v2\/posts"}],"about":[{"href":"https:\/\/now-news.de\/de\/wp-json\/wp\/v2\/types\/post"}],"author":[{"embeddable":true,"href":"https:\/\/now-news.de\/de\/wp-json\/wp\/v2\/users\/3"}],"replies":[{"embeddable":true,"href":"https:\/\/now-news.de\/de\/wp-json\/wp\/v2\/comments?post=80729"}],"version-history":[{"count":0,"href":"https:\/\/now-news.de\/de\/wp-json\/wp\/v2\/posts\/80729\/revisions"}],"wp:featuredmedia":[{"embeddable":true,"href":"https:\/\/now-news.de\/de\/wp-json\/wp\/v2\/media\/80730"}],"wp:attachment":[{"href":"https:\/\/now-news.de\/de\/wp-json\/wp\/v2\/media?parent=80729"}],"wp:term":[{"taxonomy":"category","embeddable":true,"href":"https:\/\/now-news.de\/de\/wp-json\/wp\/v2\/categories?post=80729"},{"taxonomy":"post_tag","embeddable":true,"href":"https:\/\/now-news.de\/de\/wp-json\/wp\/v2\/tags?post=80729"}],"curies":[{"name":"wp","href":"https:\/\/api.w.org\/{rel}","templated":true}]}}