{"id":80659,"date":"2025-03-21T07:00:00","date_gmt":"2025-03-21T05:00:00","guid":{"rendered":"https:\/\/now-news.de\/de\/deutschland\/russland-und-usa-vereint-gegen-europaeische-friedenstruppen\/"},"modified":"2025-03-21T07:00:00","modified_gmt":"2025-03-21T05:00:00","slug":"russland-und-usa-vereint-gegen-europaeische-friedenstruppen","status":"publish","type":"post","link":"https:\/\/now-news.de\/de\/deutschland\/russland-und-usa-vereint-gegen-europaeische-friedenstruppen\/","title":{"rendered":"Russland und USA vereint gegen europ\u00e4ische Friedenstruppen"},"content":{"rendered":"<p><img decoding=\"async\" src=\"https:\/\/now-news.de\/de\/wp-content\/uploads\/sites\/3\/2025\/03\/67dc139e48fbef33de4fddb2.jpg\" \/><\/p>\n<div class=\"Text-root Text-type_1 \">\n                Nach dem Gespr\u00e4ch zwischen Putin und Trump bleibt Europa au\u00dfen vor. W\u00e4hrend der US-Pr\u00e4sident als Friedensvermittler auftritt, stellt Russland klare Forderungen. Der europ\u00e4ische Plan, Friedenstruppen in die Ukraine zu schicken, trifft auf unerbittlichen Widerstand aus Moskau.\n            <\/div>\n<p><\/p>\n<div class=\"Text-root Text-type_5 ArticleView-text ViewText-root \">\n<p><em>Von Kirill Strelnikow<\/em><\/p>\n<p>Nach dem Telefongespr\u00e4ch zwischen dem Pr\u00e4sidenten Russlands und dem Pr\u00e4sidenten der USA schallte ein langanhaltender Klang \u00fcber Europa und das, was von der Ukraine \u00fcbrig geblieben ist. Zun\u00e4chst schien es sich um einen Luftangriffsalarm zu handeln (tats\u00e4chlich wurden unmittelbar nach Beendigung des Telefonats die feurigen Gr\u00fc\u00dfe der russischen Luftwaffe in den Au\u00dfenbezirken von Kiew, Odessa, Dnjepropetrowsk und Saporoschje fortgesetzt), doch schlie\u00dflich stellte sich heraus, dass es sich um ein Klagelied des kollektiven Europas handelte.<\/p>\n<p>Die Gr\u00fcnde f\u00fcr dieses Gejammer sind vielf\u00e4ltig. Zum einen gelang es der europ\u00e4ischen &#8220;Kriegspartei&#8221; nicht, ihre Agenda in diese Gespr\u00e4chsrunde einzubringen. Zum anderen scheiterte die ukrainisch-britische Provokation im Gebiet Belgorod am Tag dieses Pr\u00e4sidentengespr\u00e4chs, die Trump signalisieren sollte: &#8220;Wenn du uns nicht an den Verhandlungstisch einl\u00e4dst, werden wir etwas sehr Unangenehmes tun.&#8221; Auch der Versuch, Putin als &#8220;sturen und blutd\u00fcrstigen Kriegstreiber&#8221; zu diffamieren und ihm vorzuwerfen, er lehne einen Waffenstillstand und damit ein Kriegsende ab, schlug fehl. Dabei blieben die Hauptforderungen Russlands unver\u00e4ndert, aber jetzt ist es die Aufgabe der Gegenseite, sie zu erf\u00fcllen. Gleichzeitig trat Trump nach seinem Gespr\u00e4ch mit dem &#8220;gro\u00dfen und schrecklichen&#8221; Putin als m\u00e4chtiger Friedensstifter auf und pr\u00e4sentierte seinem Publikum die &#8220;siegreichen Zugest\u00e4ndnisse&#8221; \u00fcber das 30-t\u00e4gige Moratorium f\u00fcr gegenseitige Angriffe auf die Energiestruktur und den Beginn von Verhandlungen \u00fcber die Milit\u00e4rlage im Schwarzen Meer. Und schlie\u00dflich wurden Europa und die Ukraine, was ihre Beteiligung und ihren Einfluss auf diese Verhandlungen angeht, von den Pr\u00e4sidenten mit keinem Wort erw\u00e4hnt.<\/p>\n<p><a><\/a> Dies ist umso erschreckender, als die psychologische Operation zur &#8220;Bearbeitung&#8221; Trumps zum Zwecke der Druckaus\u00fcbung auf Putin massiv und heftig erfolgte: Neben t\u00e4glichen Attacken wie der Baerbock-Aussage, dass &#8220;es jetzt sehr wichtig ist, dass Europ\u00e4er und Amerikaner gemeinsam und geeint handeln&#8221; (das hei\u00dft: &#8220;keine Verhandlungen mit Putin \u00fcber uns hinter unserem R\u00fccken&#8221;), erhielt Trump am Vorabend des Gespr\u00e4chs einen pers\u00f6nlichen Anruf des britischen Premierministers Starmer, der ihn aufforderte, &#8220;die Ukraine in die st\u00e4rkstm\u00f6gliche Position zu bringen&#8221;.<\/p>\n<p>Und Donald Trump entt\u00e4uschte sie nicht: Die st\u00e4rkste Position f\u00fcr die Ukraine (und gleichzeitig f\u00fcr Europa) sollte nun eine Ecke mit einem Besen und einem Lappen sein.<\/p>\n<p><a><\/a> Die Reaktion der europ\u00e4ischen Manipulatoren auf das Ergebnis dieses Pr\u00e4sidentengespr\u00e4chs spiegelt sich in den Schlagzeilen der westlichen Medien wider: &#8220;Trump hat den Pfeil in Richtung Frieden verschoben, aber Putin kann den Krieg auf dem Boden fortsetzen&#8221;, &#8220;Putin hat in seinem Gespr\u00e4ch mit Trump nichts eingeb\u00fc\u00dft \u2013 seine roten Linien sind unver\u00e4ndert geblieben&#8221;, &#8220;Putins Forderungen sind genauso hart geblieben wie zuvor&#8221;, &#8220;Putin hat keine Motivation, um aufzuh\u00f6ren&#8221; \u2013 und in \u00e4hnlichen von Schmerz durchdrungenen Schlagzeilen.<\/p>\n<p><a><\/a> In seinem Gespr\u00e4ch mit Trump betonte der russische Pr\u00e4sident (und sein amerikanischer Amtskollege\u00a0h\u00f6rte ihn an), dass es erstens keine tragf\u00e4higen L\u00f6sungen ohne die Beseitigung der eigentlichen Krisenursachen geben k\u00f6nne. Zweitens bestehe das Haupthindernis f\u00fcr den Frieden \u2013 und eigentlich das einzige \u2013 in der totalen Nichteinhaltung der getroffenen Vereinbarungen durch Kiew. Zwar durfte der russische Pr\u00e4sident dies gem\u00e4\u00df dem diplomatischen Protokoll nicht direkt aussprechen (&#8220;Donald, mit diesen L\u00fcgenkreaturen kann man sich prinzipiell auf nichts einigen, genauso wenig wie mit ihren europ\u00e4ischen Kumpanen \u2013 pass also auf!&#8221;), doch seitens des Gegen\u00fcbers wurde alles richtig verstanden.<\/p>\n<p>Es ist denkbar, dass Putin zur Bekr\u00e4ftigung dieses Arguments Trump an die Situation erinnerte, als Macron ihn am 28. Februar 2022 anrief und anl\u00e4sslich des Beginns der ersten russisch-ukrainischen Friedensgespr\u00e4che (in Gomel, Wei\u00dfrussland) um einen Waffenstillstand bat. Russland erkl\u00e4rte sich damit einverstanden und unternahm diesen Schritt, aber die Feindseligkeiten wurden\u00a0vonseiten Selenskijs nicht gestoppt: Um sich zu rechtfertigen, verwies er auf die &#8220;au\u00dfer Kontrolle geratenen nationalistischen Einheiten&#8221;.<\/p>\n<p>Russland ist sich der Wertlosigkeit solcher &#8220;Vereinbarungen&#8221; mit der Ukraine sehr wohl bewusst und besteht deshalb vor jeglichen Schritten in Richtung Waffenstillstand auf der Er\u00f6rterung konkreter und durchf\u00fchrbarer Kontrollmechanismen, der Beendigung der Zwangsmobilisierung in der Ukraine und der vollst\u00e4ndigen Einstellung der Waffenlieferungen an Kiew.<\/p>\n<p>Der ungarische Au\u00dfenminister Szijj\u00e1rt\u00f3 kommentierte die erzielten Vereinbarungen mit folgenden Worten: &#8220;Heute haben der amerikanische und der russische Pr\u00e4sident einen weiteren gro\u00dfen Schritt in Richtung Frieden gemacht, und wir hoffen, dass es Br\u00fcssel nicht gelingen wird, ein Friedensabkommen zu verhindern.&#8221; Dabei wurde der zweite Teil dieser Erkl\u00e4rung mit zwei fettgedruckten Strichen hervorgehoben, und das aus gutem Grund.<\/p>\n<p><a><\/a> Denn die Staatschefs der sich in aller Eile formierenden europ\u00e4ischen Milit\u00e4rkoalition hofften sehr, dass Trump ihr Ultimatum an Putin gehorsam \u00fcberreichen w\u00fcrde \u2013 schlie\u00dflich hatten sie alles f\u00fcr dessen praktische Umsetzung vorbereitet. Am Vorabend des Gespr\u00e4chs zwischen Putin und Trump stellte sich heraus, dass der franz\u00f6sisch-britische Plan zur Entsendung sogenannter &#8220;Friedenstruppen&#8221; in die Ukraine im Abschlussstadium ist und die finalen Details auf dem bevorstehenden Ramstein-Treffen in Br\u00fcssel besprochen werden sollen. Es geht um die Vorbereitung eines aus Gro\u00dfbritannien, Frankreich, Deutschland, den skandinavischen L\u00e4ndern, den baltischen Staaten, Rum\u00e4nien und Polen zusammengesetzten Expeditionskorps. Dies best\u00e4tigte auch die Zeitung <em>The Times<\/em>: &#8220;Europa will\u00a010.000 Friedenssoldaten in die Ukraine entsenden, von denen der Gro\u00dfteil von Frankreich und Gro\u00dfbritannien bereitgestellt werden k\u00f6nnte.&#8221;<\/p>\n<p><a><\/a> Angesichts der eindeutigen Position Russlands in dieser Frage (die Entsendung von NATO-Truppen in die Ukraine \u2013 unter welchem Vorwand auch immer \u2013 ist inakzeptabel und w\u00fcrde eine entsprechende Milit\u00e4rreaktion nach sich ziehen) und Trumps Bestreben, den Konflikt so schnell wie m\u00f6glich und endg\u00fcltig zu beenden, stellt diese Demarche faktisch eine Kriegserkl\u00e4rung sowohl an Russland als auch an die USA dar.<\/p>\n<p>Seinerzeit\u00a0\u2013 noch vor dem Ukraine-Konflikt \u2013 \u00e4u\u00dferte sich der Starez Sossima, der Gr\u00fcndungsvater des Uspenski Nikolo-Wassiljewski Klosters bei Wolnowacha in der Volksrepublik Donezk (DVR). Er prophezeite die Maidan-Ereignisse, die Kirchenspaltung, die Beschlagnahmung des Kiewer H\u00f6hlenklosters sowie die spezielle Milit\u00e4roperation in der Ukraine und prognostizierte auch, dass die Amerikaner die Ukraine bombardieren w\u00fcrden, was Verwunderung und Spott hervorrief. Doch wie sich herausstellte, hatte der Starez Recht: Wenn die &#8220;Milit\u00e4rkoalition&#8221; weiterhin versucht, den Krieg entgegen den Friedensvereinbarungen der beiden Gro\u00dfm\u00e4chte fortzusetzen, kann es sein, dass Russland und die USA eines Tages gezwungen sein werden, eine gemeinsame Operation zur &#8220;Friedenserzwingung&#8221; durchzuf\u00fchren.<\/p>\n<p>Im Anschluss an das Gespr\u00e4ch zwischen Trump und Putin ver\u00f6ffentlichte das Wei\u00dfe Haus eine Erkl\u00e4rung, die in ihrem Kern keinen Raum f\u00fcr Zweideutigkeiten l\u00e4sst und ein klares Bild von der Vision der derzeitigen US-Regierung f\u00fcr die Nachkonfliktzeit vermittelt: &#8220;Die Zukunft der bilateralen Beziehungen mit Moskau umfasst geopolitische Stabilit\u00e4t und &#8216;gro\u00dfartige&#8217; Wirtschaftsgesch\u00e4fte.&#8221; Damit steht f\u00fcr die Amerikaner bereits fest, mit wem sie diese Welt zusammen ordnen werden, und in diesen Pl\u00e4nen ist kein Platz f\u00fcr Provokateure und ihre Vasallen.<\/p>\n<p><em>\u00dcbersetzt aus dem <a rel=\"nofollow noopener\" target=\"_blank\" href=\"https:\/\/ria.ru\/20250319\/mirotvortsy-2005875454.html\">Russischen<\/a>. Der Artikel ist am 19. M\u00e4rz 2025 zuerst bei RIA Nowosti erschienen.<\/em><\/p>\n<p><strong>Mehr zum Thema<\/strong> &#8211; <a rel=\"nofollow noopener\" target=\"_blank\" href=\"https:\/\/dert.site\/international\/239980-waffenstillstand-oder-mutprobe-warum-putin-spiel-ablehnte\/\">Waffenstillstand oder Mutprobe? Warum Putin es ablehnte, das &#8220;Waffenruhe-Spiel&#8221; mitzuspielen<\/a><em><br \/><\/em><\/p>\n<div class=\"EmbedBlock-root EmbedBlock-externalVideo EmbedBlock-rumble\">\n<div class=\"VkEmbed\"><iframe class=\"lazyload\" data-src=\"https:\/\/rumble.com\/embed\/v6oo4es\" frameborder=\"0\" width=\"853\" height=\"480\" allowfullscreen><\/iframe><\/div>\n<\/div>\n<\/div>\n<p><br \/>\n<br \/><a href=\"https:\/\/de.rt.com\/meinung\/240102-russland-und-usa-vereint-gegen\/\">Source link <\/a><\/p>\n","protected":false},"excerpt":{"rendered":"<p>Nach dem Gespr\u00e4ch zwischen Putin und Trump bleibt Europa au\u00dfen vor. W\u00e4hrend der US-Pr\u00e4sident als Friedensvermittler auftritt, stellt Russland klare Forderungen. Der europ\u00e4ische Plan, Friedenstruppen in die Ukraine zu schicken, trifft auf unerbittlichen Widerstand aus Moskau. Von Kirill Strelnikow Nach dem Telefongespr\u00e4ch zwischen dem Pr\u00e4sidenten Russlands und dem Pr\u00e4sidenten der USA schallte ein langanhaltender Klang [&hellip;]<\/p>\n","protected":false},"author":3,"featured_media":80660,"comment_status":"open","ping_status":"open","sticky":false,"template":"","format":"standard","meta":{"_yoast_indexnow_last_ping":["1742534015"],"wp_automatic_camp":["217"],"5d7ea9d25c4fd3149566ec285e73799b":["Russland und USA vereint gegen europ\u00e4ische Friedenstruppen"],"original_link":["https:\/\/de.rt.com\/meinung\/240102-russland-und-usa-vereint-gegen\/"],"_thumbnail_id":["80660"],"jnews_social_counter_last_update":["1777423580"],"_wptgpro_p2tg_sent2tg":["a:1:{i:23737;s:19:\"2025-03-21 07:14:38\";}"]},"categories":[19,23],"tags":[21307,28799,278,126,140,193,23376],"yoast_head":"<!-- This site is optimized with the Yoast SEO Premium plugin v22.7 (Yoast SEO v22.7) - https:\/\/yoast.com\/wordpress\/plugins\/seo\/ -->\n<title>Russland und USA vereint gegen europ\u00e4ische Friedenstruppen - just-now.NEWS Deutschland<\/title>\n<meta name=\"robots\" content=\"index, follow, max-snippet:-1, max-image-preview:large, max-video-preview:-1\" \/>\n<link rel=\"canonical\" href=\"https:\/\/now-news.de\/de\/deutschland\/russland-und-usa-vereint-gegen-europaeische-friedenstruppen\/\" \/>\n<meta property=\"og:locale\" content=\"de_DE\" \/>\n<meta property=\"og:type\" content=\"article\" \/>\n<meta property=\"og:title\" content=\"Russland und USA vereint gegen europ\u00e4ische Friedenstruppen\" \/>\n<meta property=\"og:description\" content=\"Nach dem Gespr\u00e4ch zwischen Putin und Trump bleibt Europa au\u00dfen vor. W\u00e4hrend der US-Pr\u00e4sident als Friedensvermittler auftritt, stellt Russland klare Forderungen. Der europ\u00e4ische Plan, Friedenstruppen in die Ukraine zu schicken, trifft auf unerbittlichen Widerstand aus Moskau. Von Kirill Strelnikow Nach dem Telefongespr\u00e4ch zwischen dem Pr\u00e4sidenten Russlands und dem Pr\u00e4sidenten der USA schallte ein langanhaltender Klang [&hellip;]\" \/>\n<meta property=\"og:url\" content=\"https:\/\/now-news.de\/de\/deutschland\/russland-und-usa-vereint-gegen-europaeische-friedenstruppen\/\" \/>\n<meta property=\"og:site_name\" content=\"just-now.NEWS Deutschland\" \/>\n<meta property=\"article:publisher\" content=\"https:\/\/www.facebook.com\/wirmachenauf\" \/>\n<meta property=\"article:published_time\" content=\"2025-03-21T05:00:00+00:00\" \/>\n<meta property=\"og:image\" content=\"https:\/\/now-news.de\/de\/wp-content\/uploads\/sites\/3\/2025\/03\/67dc139e48fbef33de4fddb2.jpg\" \/>\n<meta name=\"author\" content=\"rtnews\" \/>\n<meta name=\"twitter:card\" content=\"summary_large_image\" \/>\n<meta name=\"twitter:creator\" content=\"@WirMachenAuf_de\" \/>\n<meta name=\"twitter:site\" content=\"@WirMachenAuf_de\" \/>\n<meta name=\"twitter:label1\" content=\"Verfasst von\" \/>\n\t<meta name=\"twitter:data1\" content=\"rtnews\" \/>\n\t<meta name=\"twitter:label2\" content=\"Gesch\u00e4tzte Lesezeit\" \/>\n\t<meta name=\"twitter:data2\" content=\"6\u00a0Minuten\" \/>\n<script type=\"application\/ld+json\" class=\"yoast-schema-graph\">{\"@context\":\"https:\/\/schema.org\",\"@graph\":[{\"@type\":\"Article\",\"@id\":\"https:\/\/now-news.de\/de\/deutschland\/russland-und-usa-vereint-gegen-europaeische-friedenstruppen\/#article\",\"isPartOf\":{\"@id\":\"https:\/\/now-news.de\/de\/deutschland\/russland-und-usa-vereint-gegen-europaeische-friedenstruppen\/\"},\"author\":{\"name\":\"rtnews\",\"@id\":\"https:\/\/now-news.de\/de\/#\/schema\/person\/fb534a4e865501d8b3285208df34a9b5\"},\"headline\":\"Russland und USA vereint gegen europ\u00e4ische Friedenstruppen\",\"datePublished\":\"2025-03-21T05:00:00+00:00\",\"dateModified\":\"2025-03-21T05:00:00+00:00\",\"mainEntityOfPage\":{\"@id\":\"https:\/\/now-news.de\/de\/deutschland\/russland-und-usa-vereint-gegen-europaeische-friedenstruppen\/\"},\"wordCount\":1219,\"commentCount\":0,\"publisher\":{\"@id\":\"https:\/\/now-news.de\/de\/#organization\"},\"image\":{\"@id\":\"https:\/\/now-news.de\/de\/deutschland\/russland-und-usa-vereint-gegen-europaeische-friedenstruppen\/#primaryimage\"},\"thumbnailUrl\":\"https:\/\/now-news.de\/de\/wp-content\/uploads\/sites\/3\/2025\/03\/Russland-und-USA-vereint-gegen-europaeische-Friedenstruppen.jpg\",\"keywords\":[\"europ\u00e4ische\",\"Friedenstruppen\",\"gegen\",\"russland\",\"und\",\"USA\",\"vereint\"],\"articleSection\":[\"Deutschland\",\"Russland\"],\"inLanguage\":\"de\",\"potentialAction\":[{\"@type\":\"CommentAction\",\"name\":\"Comment\",\"target\":[\"https:\/\/now-news.de\/de\/deutschland\/russland-und-usa-vereint-gegen-europaeische-friedenstruppen\/#respond\"]}]},{\"@type\":\"WebPage\",\"@id\":\"https:\/\/now-news.de\/de\/deutschland\/russland-und-usa-vereint-gegen-europaeische-friedenstruppen\/\",\"url\":\"https:\/\/now-news.de\/de\/deutschland\/russland-und-usa-vereint-gegen-europaeische-friedenstruppen\/\",\"name\":\"Russland und USA vereint gegen europ\u00e4ische Friedenstruppen - just-now.NEWS Deutschland\",\"isPartOf\":{\"@id\":\"https:\/\/now-news.de\/de\/#website\"},\"primaryImageOfPage\":{\"@id\":\"https:\/\/now-news.de\/de\/deutschland\/russland-und-usa-vereint-gegen-europaeische-friedenstruppen\/#primaryimage\"},\"image\":{\"@id\":\"https:\/\/now-news.de\/de\/deutschland\/russland-und-usa-vereint-gegen-europaeische-friedenstruppen\/#primaryimage\"},\"thumbnailUrl\":\"https:\/\/now-news.de\/de\/wp-content\/uploads\/sites\/3\/2025\/03\/Russland-und-USA-vereint-gegen-europaeische-Friedenstruppen.jpg\",\"datePublished\":\"2025-03-21T05:00:00+00:00\",\"dateModified\":\"2025-03-21T05:00:00+00:00\",\"breadcrumb\":{\"@id\":\"https:\/\/now-news.de\/de\/deutschland\/russland-und-usa-vereint-gegen-europaeische-friedenstruppen\/#breadcrumb\"},\"inLanguage\":\"de\",\"potentialAction\":[{\"@type\":\"ReadAction\",\"target\":[\"https:\/\/now-news.de\/de\/deutschland\/russland-und-usa-vereint-gegen-europaeische-friedenstruppen\/\"]}]},{\"@type\":\"ImageObject\",\"inLanguage\":\"de\",\"@id\":\"https:\/\/now-news.de\/de\/deutschland\/russland-und-usa-vereint-gegen-europaeische-friedenstruppen\/#primaryimage\",\"url\":\"https:\/\/now-news.de\/de\/wp-content\/uploads\/sites\/3\/2025\/03\/Russland-und-USA-vereint-gegen-europaeische-Friedenstruppen.jpg\",\"contentUrl\":\"https:\/\/now-news.de\/de\/wp-content\/uploads\/sites\/3\/2025\/03\/Russland-und-USA-vereint-gegen-europaeische-Friedenstruppen.jpg\",\"width\":460,\"height\":259,\"caption\":\"Russland und USA vereint gegen europ\u00e4ische Friedenstruppen\"},{\"@type\":\"BreadcrumbList\",\"@id\":\"https:\/\/now-news.de\/de\/deutschland\/russland-und-usa-vereint-gegen-europaeische-friedenstruppen\/#breadcrumb\",\"itemListElement\":[{\"@type\":\"ListItem\",\"position\":1,\"name\":\"Home\",\"item\":\"https:\/\/now-news.de\/de\/\"},{\"@type\":\"ListItem\",\"position\":2,\"name\":\"Russland und USA vereint gegen europ\u00e4ische Friedenstruppen\"}]},{\"@type\":\"WebSite\",\"@id\":\"https:\/\/now-news.de\/de\/#website\",\"url\":\"https:\/\/now-news.de\/de\/\",\"name\":\"just-now.NEWS Deutschland\",\"description\":\"Das Portal f\u00fcr unzensierte Nachrichten aus der Welt\",\"publisher\":{\"@id\":\"https:\/\/now-news.de\/de\/#organization\"},\"potentialAction\":[{\"@type\":\"SearchAction\",\"target\":{\"@type\":\"EntryPoint\",\"urlTemplate\":\"https:\/\/now-news.de\/de\/?s={search_term_string}\"},\"query-input\":\"required name=search_term_string\"}],\"inLanguage\":\"de\"},{\"@type\":\"Organization\",\"@id\":\"https:\/\/now-news.de\/de\/#organization\",\"name\":\"Just Now News\",\"url\":\"https:\/\/now-news.de\/de\/\",\"logo\":{\"@type\":\"ImageObject\",\"inLanguage\":\"de\",\"@id\":\"https:\/\/now-news.de\/de\/#\/schema\/logo\/image\/\",\"url\":\"http:\/\/just-now.news\/de\/wp-content\/uploads\/sites\/3\/2022\/04\/logo500x500.jpg\",\"contentUrl\":\"http:\/\/just-now.news\/de\/wp-content\/uploads\/sites\/3\/2022\/04\/logo500x500.jpg\",\"width\":500,\"height\":500,\"caption\":\"Just Now News\"},\"image\":{\"@id\":\"https:\/\/now-news.de\/de\/#\/schema\/logo\/image\/\"},\"sameAs\":[\"https:\/\/www.facebook.com\/wirmachenauf\",\"https:\/\/x.com\/WirMachenAuf_de\"]},{\"@type\":\"Person\",\"@id\":\"https:\/\/now-news.de\/de\/#\/schema\/person\/fb534a4e865501d8b3285208df34a9b5\",\"name\":\"rtnews\",\"image\":{\"@type\":\"ImageObject\",\"inLanguage\":\"de\",\"@id\":\"https:\/\/now-news.de\/de\/#\/schema\/person\/image\/\",\"url\":\"https:\/\/secure.gravatar.com\/avatar\/82aafea7d8127119dd649515f56e2117?s=96&d=mm&r=g\",\"contentUrl\":\"https:\/\/secure.gravatar.com\/avatar\/82aafea7d8127119dd649515f56e2117?s=96&d=mm&r=g\",\"caption\":\"rtnews\"},\"url\":\"https:\/\/now-news.de\/de\/author\/rnews\/\"}]}<\/script>\n<!-- \/ Yoast SEO Premium plugin. -->","yoast_head_json":{"title":"Russland und USA vereint gegen europ\u00e4ische Friedenstruppen - just-now.NEWS Deutschland","robots":{"index":"index","follow":"follow","max-snippet":"max-snippet:-1","max-image-preview":"max-image-preview:large","max-video-preview":"max-video-preview:-1"},"canonical":"https:\/\/now-news.de\/de\/deutschland\/russland-und-usa-vereint-gegen-europaeische-friedenstruppen\/","og_locale":"de_DE","og_type":"article","og_title":"Russland und USA vereint gegen europ\u00e4ische Friedenstruppen","og_description":"Nach dem Gespr\u00e4ch zwischen Putin und Trump bleibt Europa au\u00dfen vor. W\u00e4hrend der US-Pr\u00e4sident als Friedensvermittler auftritt, stellt Russland klare Forderungen. Der europ\u00e4ische Plan, Friedenstruppen in die Ukraine zu schicken, trifft auf unerbittlichen Widerstand aus Moskau. Von Kirill Strelnikow Nach dem Telefongespr\u00e4ch zwischen dem Pr\u00e4sidenten Russlands und dem Pr\u00e4sidenten der USA schallte ein langanhaltender Klang [&hellip;]","og_url":"https:\/\/now-news.de\/de\/deutschland\/russland-und-usa-vereint-gegen-europaeische-friedenstruppen\/","og_site_name":"just-now.NEWS Deutschland","article_publisher":"https:\/\/www.facebook.com\/wirmachenauf","article_published_time":"2025-03-21T05:00:00+00:00","og_image":[{"url":"https:\/\/now-news.de\/de\/wp-content\/uploads\/sites\/3\/2025\/03\/67dc139e48fbef33de4fddb2.jpg"}],"author":"rtnews","twitter_card":"summary_large_image","twitter_creator":"@WirMachenAuf_de","twitter_site":"@WirMachenAuf_de","twitter_misc":{"Verfasst von":"rtnews","Gesch\u00e4tzte Lesezeit":"6\u00a0Minuten"},"schema":{"@context":"https:\/\/schema.org","@graph":[{"@type":"Article","@id":"https:\/\/now-news.de\/de\/deutschland\/russland-und-usa-vereint-gegen-europaeische-friedenstruppen\/#article","isPartOf":{"@id":"https:\/\/now-news.de\/de\/deutschland\/russland-und-usa-vereint-gegen-europaeische-friedenstruppen\/"},"author":{"name":"rtnews","@id":"https:\/\/now-news.de\/de\/#\/schema\/person\/fb534a4e865501d8b3285208df34a9b5"},"headline":"Russland und USA vereint gegen europ\u00e4ische Friedenstruppen","datePublished":"2025-03-21T05:00:00+00:00","dateModified":"2025-03-21T05:00:00+00:00","mainEntityOfPage":{"@id":"https:\/\/now-news.de\/de\/deutschland\/russland-und-usa-vereint-gegen-europaeische-friedenstruppen\/"},"wordCount":1219,"commentCount":0,"publisher":{"@id":"https:\/\/now-news.de\/de\/#organization"},"image":{"@id":"https:\/\/now-news.de\/de\/deutschland\/russland-und-usa-vereint-gegen-europaeische-friedenstruppen\/#primaryimage"},"thumbnailUrl":"https:\/\/now-news.de\/de\/wp-content\/uploads\/sites\/3\/2025\/03\/Russland-und-USA-vereint-gegen-europaeische-Friedenstruppen.jpg","keywords":["europ\u00e4ische","Friedenstruppen","gegen","russland","und","USA","vereint"],"articleSection":["Deutschland","Russland"],"inLanguage":"de","potentialAction":[{"@type":"CommentAction","name":"Comment","target":["https:\/\/now-news.de\/de\/deutschland\/russland-und-usa-vereint-gegen-europaeische-friedenstruppen\/#respond"]}]},{"@type":"WebPage","@id":"https:\/\/now-news.de\/de\/deutschland\/russland-und-usa-vereint-gegen-europaeische-friedenstruppen\/","url":"https:\/\/now-news.de\/de\/deutschland\/russland-und-usa-vereint-gegen-europaeische-friedenstruppen\/","name":"Russland und USA vereint gegen europ\u00e4ische Friedenstruppen - just-now.NEWS Deutschland","isPartOf":{"@id":"https:\/\/now-news.de\/de\/#website"},"primaryImageOfPage":{"@id":"https:\/\/now-news.de\/de\/deutschland\/russland-und-usa-vereint-gegen-europaeische-friedenstruppen\/#primaryimage"},"image":{"@id":"https:\/\/now-news.de\/de\/deutschland\/russland-und-usa-vereint-gegen-europaeische-friedenstruppen\/#primaryimage"},"thumbnailUrl":"https:\/\/now-news.de\/de\/wp-content\/uploads\/sites\/3\/2025\/03\/Russland-und-USA-vereint-gegen-europaeische-Friedenstruppen.jpg","datePublished":"2025-03-21T05:00:00+00:00","dateModified":"2025-03-21T05:00:00+00:00","breadcrumb":{"@id":"https:\/\/now-news.de\/de\/deutschland\/russland-und-usa-vereint-gegen-europaeische-friedenstruppen\/#breadcrumb"},"inLanguage":"de","potentialAction":[{"@type":"ReadAction","target":["https:\/\/now-news.de\/de\/deutschland\/russland-und-usa-vereint-gegen-europaeische-friedenstruppen\/"]}]},{"@type":"ImageObject","inLanguage":"de","@id":"https:\/\/now-news.de\/de\/deutschland\/russland-und-usa-vereint-gegen-europaeische-friedenstruppen\/#primaryimage","url":"https:\/\/now-news.de\/de\/wp-content\/uploads\/sites\/3\/2025\/03\/Russland-und-USA-vereint-gegen-europaeische-Friedenstruppen.jpg","contentUrl":"https:\/\/now-news.de\/de\/wp-content\/uploads\/sites\/3\/2025\/03\/Russland-und-USA-vereint-gegen-europaeische-Friedenstruppen.jpg","width":460,"height":259,"caption":"Russland und USA vereint gegen europ\u00e4ische Friedenstruppen"},{"@type":"BreadcrumbList","@id":"https:\/\/now-news.de\/de\/deutschland\/russland-und-usa-vereint-gegen-europaeische-friedenstruppen\/#breadcrumb","itemListElement":[{"@type":"ListItem","position":1,"name":"Home","item":"https:\/\/now-news.de\/de\/"},{"@type":"ListItem","position":2,"name":"Russland und USA vereint gegen europ\u00e4ische Friedenstruppen"}]},{"@type":"WebSite","@id":"https:\/\/now-news.de\/de\/#website","url":"https:\/\/now-news.de\/de\/","name":"just-now.NEWS Deutschland","description":"Das Portal f\u00fcr unzensierte Nachrichten aus der Welt","publisher":{"@id":"https:\/\/now-news.de\/de\/#organization"},"potentialAction":[{"@type":"SearchAction","target":{"@type":"EntryPoint","urlTemplate":"https:\/\/now-news.de\/de\/?s={search_term_string}"},"query-input":"required name=search_term_string"}],"inLanguage":"de"},{"@type":"Organization","@id":"https:\/\/now-news.de\/de\/#organization","name":"Just Now News","url":"https:\/\/now-news.de\/de\/","logo":{"@type":"ImageObject","inLanguage":"de","@id":"https:\/\/now-news.de\/de\/#\/schema\/logo\/image\/","url":"http:\/\/just-now.news\/de\/wp-content\/uploads\/sites\/3\/2022\/04\/logo500x500.jpg","contentUrl":"http:\/\/just-now.news\/de\/wp-content\/uploads\/sites\/3\/2022\/04\/logo500x500.jpg","width":500,"height":500,"caption":"Just Now News"},"image":{"@id":"https:\/\/now-news.de\/de\/#\/schema\/logo\/image\/"},"sameAs":["https:\/\/www.facebook.com\/wirmachenauf","https:\/\/x.com\/WirMachenAuf_de"]},{"@type":"Person","@id":"https:\/\/now-news.de\/de\/#\/schema\/person\/fb534a4e865501d8b3285208df34a9b5","name":"rtnews","image":{"@type":"ImageObject","inLanguage":"de","@id":"https:\/\/now-news.de\/de\/#\/schema\/person\/image\/","url":"https:\/\/secure.gravatar.com\/avatar\/82aafea7d8127119dd649515f56e2117?s=96&d=mm&r=g","contentUrl":"https:\/\/secure.gravatar.com\/avatar\/82aafea7d8127119dd649515f56e2117?s=96&d=mm&r=g","caption":"rtnews"},"url":"https:\/\/now-news.de\/de\/author\/rnews\/"}]}},"_links":{"self":[{"href":"https:\/\/now-news.de\/de\/wp-json\/wp\/v2\/posts\/80659"}],"collection":[{"href":"https:\/\/now-news.de\/de\/wp-json\/wp\/v2\/posts"}],"about":[{"href":"https:\/\/now-news.de\/de\/wp-json\/wp\/v2\/types\/post"}],"author":[{"embeddable":true,"href":"https:\/\/now-news.de\/de\/wp-json\/wp\/v2\/users\/3"}],"replies":[{"embeddable":true,"href":"https:\/\/now-news.de\/de\/wp-json\/wp\/v2\/comments?post=80659"}],"version-history":[{"count":0,"href":"https:\/\/now-news.de\/de\/wp-json\/wp\/v2\/posts\/80659\/revisions"}],"wp:featuredmedia":[{"embeddable":true,"href":"https:\/\/now-news.de\/de\/wp-json\/wp\/v2\/media\/80660"}],"wp:attachment":[{"href":"https:\/\/now-news.de\/de\/wp-json\/wp\/v2\/media?parent=80659"}],"wp:term":[{"taxonomy":"category","embeddable":true,"href":"https:\/\/now-news.de\/de\/wp-json\/wp\/v2\/categories?post=80659"},{"taxonomy":"post_tag","embeddable":true,"href":"https:\/\/now-news.de\/de\/wp-json\/wp\/v2\/tags?post=80659"}],"curies":[{"name":"wp","href":"https:\/\/api.w.org\/{rel}","templated":true}]}}