{"id":80639,"date":"2025-03-20T22:03:31","date_gmt":"2025-03-20T20:03:31","guid":{"rendered":"https:\/\/now-news.de\/de\/deutschland\/polnischer-praesidentschaftskandidat-widersetzt-sich-lgbtq-ausstellung-und-greift-zu-farbspruehdose\/"},"modified":"2025-03-20T22:03:31","modified_gmt":"2025-03-20T20:03:31","slug":"polnischer-praesidentschaftskandidat-widersetzt-sich-lgbtq-ausstellung-und-greift-zu-farbspruehdose","status":"publish","type":"post","link":"https:\/\/now-news.de\/de\/deutschland\/polnischer-praesidentschaftskandidat-widersetzt-sich-lgbtq-ausstellung-und-greift-zu-farbspruehdose\/","title":{"rendered":"Polnischer Pr\u00e4sidentschaftskandidat widersetzt sich LGBTQ-Ausstellung \u2013 und greift zu Farbspr\u00fchdose"},"content":{"rendered":"<p><img decoding=\"async\" src=\"https:\/\/now-news.de\/de\/wp-content\/uploads\/sites\/3\/2025\/03\/67dc46f9b480cc7aec64f66c.jpg\" \/><\/p>\n<div class=\"Text-root Text-type_1 \">\n                Polens Pr\u00e4sidentschaftskandidat Grzegorz Braun protestierte gegen eine LGBTQ-Ausstellung. Der Politiker griff zu einer Spr\u00fchdose mit schwarzer Farbe und hinterlie\u00df auf LGBTQ-Postern die Aufschrift &#8220;Stoppt die Propaganda der Perversion!&#8221; Braun gilt als rechtsextrem.\n            <\/div>\n<p><\/p>\n<div class=\"Text-root Text-type_5 ArticleView-text ViewText-root \">\n<p>Der polnische Pr\u00e4sidentschaftskandidat und Europaabgeordnete Grzegorz Braun hat sich gegen eine LGBT-Ausstellung in der Stadt Opole eingesetzt. Der Politiker kam mit einer schwarzen Spraydose auf den Stadtplatz, wo die Ausstellung stattfand. Auf den Postern, die f\u00fcr die Bewegung warben, hinterlie\u00df Braun die Aufschrift: &#8220;Stoppt die Propaganda der Perversion!&#8221; Auf X\u00a0<a rel=\"nofollow noopener\" target=\"_blank\" href=\"https:\/\/x.com\/tvp_info\/status\/1901977113411903704\">wurde<\/a> ein Video ver\u00f6ffentlicht, das den Moment der Bespr\u00fchung zeigt.<\/p>\n<div class=\"EmbedBlock-root EmbedBlock-twitter\">\n<div class=\"TwitterEmbed\">\n<blockquote class=\"twitter-tweet lazyload\" data-twitter=\"twitter-tweet\" data-media-max-width=\"560\">\n<p lang=\"pl\" dir=\"ltr\">Europose\u0142 <a rel=\"nofollow noopener\" target=\"_blank\" href=\"https:\/\/twitter.com\/GrzegorzBraun_?ref_src=twsrc%5Etfw\">@GrzegorzBraun_<\/a> zniszczy\u0142 wystaw\u0119 na opolskim rynku \u2013 zamaza\u0142 plansze czarnym sprejem. \u2935\ufe0f <a rel=\"nofollow noopener\" target=\"_blank\" href=\"https:\/\/t.co\/Ql3wHYvFly\">pic.twitter.com\/Ql3wHYvFly<\/a><\/p>\n<p>\u2014 tvp.info \ud83c\uddf5\ud83c\uddf1 (@tvp_info) <a rel=\"nofollow noopener\" target=\"_blank\" href=\"https:\/\/twitter.com\/tvp_info\/status\/1901977113411903704?ref_src=twsrc%5Etfw\">March 18, 2025<\/a><\/p><\/blockquote>\n<\/div>\n<\/div>\n<p>Polizeibeamte, die vor Ort waren, dokumentierten den Vorfall, ohne einzugreifen, und informierten Braun \u00fcber die m\u00f6glichen rechtlichen Folgen der Sachbesch\u00e4digung. Berichten zufolge erw\u00e4gen die Organisatoren der Ausstellung aus dem \u00f6rtlichen Verein &#8220;T\u0119czowe\u00a0Opole&#8221; (Regenbogen Opole) rechtliche Schritte gegen den Politiker und werden m\u00f6glicherweise Schadenersatz wegen Vandalismus fordern.<\/p>\n<p>Die Ausstellung war Teil einer Kampagne mit dem Titel &#8220;Es gibt mehr von uns! F\u00f6rdert die Gleichberechtigung mit uns&#8221; und pr\u00e4sentierte Inhalte zum Thema LGBTQ, darunter Fotos von Pride-M\u00e4rschen.<\/p>\n<p>Braun ist f\u00fcr seine rechtsorientierten Ansichten bekannt, die sich gegen die Integration Polens in die EU, den Feminismus und die LGBTQ-Propaganda richten. Der EU-Parlamentarier verurteilte auch die Zusammenarbeit Polens mit der Regierung des ehemaligen US-Pr\u00e4sidenten Joe Biden bei der Bereitstellung von Hilfe f\u00fcr die Ukraine.<\/p>\n<p>Braun wurde k\u00fcrzlich f\u00fcr sechs Monate aus dem Europ\u00e4ischen Parlament ausgeschlossen, nachdem er im Januar eine Schweigeminute f\u00fcr die Opfer des Holocausts gest\u00f6rt hatte. Berichten zufolge hatte der Abgeordnete mehrere Male ausgerufen: &#8220;Betet f\u00fcr die Opfer des j\u00fcdischen V\u00f6lkermordes in Gaza!&#8221;<\/p>\n<p>Aktuell kandidiert Braun bei den polnischen Pr\u00e4sidentschaftswahlen, die f\u00fcr den 18.\u00a0Mai angesetzt sind. J\u00fcngste Meinungsumfrage ergeben jedoch, dass er von weniger als zwei Prozent der W\u00e4hler unterst\u00fctzt wird.<\/p>\n<p><strong>Mehr zum Thema<\/strong> \u2013 <a rel=\"nofollow noopener\" target=\"_blank\" href=\"https:\/\/freedert.online\/nordamerika\/238709-trump-gegen-diversitaet-us-museum\/\">Trump gegen Diversit\u00e4t: US-Museum sagt Ausstellungen schwarzer und LGBTQ+-K\u00fcnstler ab\u00a0<\/a><\/p>\n<div class=\"EmbedBlock-root EmbedBlock-externalVideo EmbedBlock-rumble\">\n<div class=\"VkEmbed\"><iframe class=\"lazyload\" data-src=\"https:\/\/rumble.com\/embed\/v5y8vjn\" frameborder=\"0\" width=\"853\" height=\"480\" allowfullscreen><\/iframe><\/div>\n<\/div>\n<\/div>\n<p><script async src=\"https:\/\/platform.twitter.com\/widgets.js\" charset=\"utf-8\"><\/script><br \/>\n<br \/><br \/>\n<br \/><a href=\"https:\/\/de.rt.com\/europa\/240187-polnischer-praesidentschaftskandidat-widersetzt-sich-lgbtq-ausstellung\/\">Source link <\/a><\/p>\n","protected":false},"excerpt":{"rendered":"<p>Polens Pr\u00e4sidentschaftskandidat Grzegorz Braun protestierte gegen eine LGBTQ-Ausstellung. Der Politiker griff zu einer Spr\u00fchdose mit schwarzer Farbe und hinterlie\u00df auf LGBTQ-Postern die Aufschrift &#8220;Stoppt die Propaganda der Perversion!&#8221; Braun gilt als rechtsextrem. Der polnische Pr\u00e4sidentschaftskandidat und Europaabgeordnete Grzegorz Braun hat sich gegen eine LGBT-Ausstellung in der Stadt Opole eingesetzt. Der Politiker kam mit einer schwarzen [&hellip;]<\/p>\n","protected":false},"author":3,"featured_media":80640,"comment_status":"open","ping_status":"open","sticky":false,"template":"","format":"standard","meta":{"_yoast_indexnow_last_ping":["1742501260"],"wp_automatic_camp":["217"],"e728dbcfcfffb104f6dfd723fa1ff319":["Polnischer Pr\u00e4sidentschaftskandidat widersetzt sich LGBTQ-Ausstellung \u2013 und greift zu Farbspr\u00fchdose"],"original_link":["https:\/\/de.rt.com\/europa\/240187-polnischer-praesidentschaftskandidat-widersetzt-sich-lgbtq-ausstellung\/"],"_thumbnail_id":["80640"],"jnews_social_counter_last_update":["1777567243"],"_wptgpro_p2tg_sent2tg":["a:1:{i:23737;s:19:\"2025-03-20 22:09:01\";}"]},"categories":[19,23],"tags":[63619,572,63618,19459,35945,434,140,14011],"yoast_head":"<!-- This site is optimized with the Yoast SEO Premium plugin v22.7 (Yoast SEO v22.7) - https:\/\/yoast.com\/wordpress\/plugins\/seo\/ -->\n<title>Polnischer Pr\u00e4sidentschaftskandidat widersetzt sich LGBTQ-Ausstellung \u2013 und greift zu Farbspr\u00fchdose - just-now.NEWS Deutschland<\/title>\n<meta name=\"robots\" content=\"index, follow, max-snippet:-1, max-image-preview:large, max-video-preview:-1\" \/>\n<link rel=\"canonical\" href=\"https:\/\/now-news.de\/de\/deutschland\/polnischer-praesidentschaftskandidat-widersetzt-sich-lgbtq-ausstellung-und-greift-zu-farbspruehdose\/\" \/>\n<meta property=\"og:locale\" content=\"de_DE\" \/>\n<meta property=\"og:type\" content=\"article\" \/>\n<meta property=\"og:title\" content=\"Polnischer Pr\u00e4sidentschaftskandidat widersetzt sich LGBTQ-Ausstellung \u2013 und greift zu Farbspr\u00fchdose\" \/>\n<meta property=\"og:description\" content=\"Polens Pr\u00e4sidentschaftskandidat Grzegorz Braun protestierte gegen eine LGBTQ-Ausstellung. Der Politiker griff zu einer Spr\u00fchdose mit schwarzer Farbe und hinterlie\u00df auf LGBTQ-Postern die Aufschrift &#8220;Stoppt die Propaganda der Perversion!&#8221; Braun gilt als rechtsextrem. Der polnische Pr\u00e4sidentschaftskandidat und Europaabgeordnete Grzegorz Braun hat sich gegen eine LGBT-Ausstellung in der Stadt Opole eingesetzt. Der Politiker kam mit einer schwarzen [&hellip;]\" \/>\n<meta property=\"og:url\" content=\"https:\/\/now-news.de\/de\/deutschland\/polnischer-praesidentschaftskandidat-widersetzt-sich-lgbtq-ausstellung-und-greift-zu-farbspruehdose\/\" \/>\n<meta property=\"og:site_name\" content=\"just-now.NEWS Deutschland\" \/>\n<meta property=\"article:publisher\" content=\"https:\/\/www.facebook.com\/wirmachenauf\" \/>\n<meta property=\"article:published_time\" content=\"2025-03-20T20:03:31+00:00\" \/>\n<meta property=\"og:image\" content=\"https:\/\/now-news.de\/de\/wp-content\/uploads\/sites\/3\/2025\/03\/67dc46f9b480cc7aec64f66c.jpg\" \/>\n<meta name=\"author\" content=\"rtnews\" \/>\n<meta name=\"twitter:card\" content=\"summary_large_image\" \/>\n<meta name=\"twitter:creator\" content=\"@WirMachenAuf_de\" \/>\n<meta name=\"twitter:site\" content=\"@WirMachenAuf_de\" \/>\n<meta name=\"twitter:label1\" content=\"Verfasst von\" \/>\n\t<meta name=\"twitter:data1\" content=\"rtnews\" \/>\n\t<meta name=\"twitter:label2\" content=\"Gesch\u00e4tzte Lesezeit\" \/>\n\t<meta name=\"twitter:data2\" content=\"2\u00a0Minuten\" \/>\n<script type=\"application\/ld+json\" class=\"yoast-schema-graph\">{\"@context\":\"https:\/\/schema.org\",\"@graph\":[{\"@type\":\"Article\",\"@id\":\"https:\/\/now-news.de\/de\/deutschland\/polnischer-praesidentschaftskandidat-widersetzt-sich-lgbtq-ausstellung-und-greift-zu-farbspruehdose\/#article\",\"isPartOf\":{\"@id\":\"https:\/\/now-news.de\/de\/deutschland\/polnischer-praesidentschaftskandidat-widersetzt-sich-lgbtq-ausstellung-und-greift-zu-farbspruehdose\/\"},\"author\":{\"name\":\"rtnews\",\"@id\":\"https:\/\/now-news.de\/de\/#\/schema\/person\/fb534a4e865501d8b3285208df34a9b5\"},\"headline\":\"Polnischer Pr\u00e4sidentschaftskandidat widersetzt sich LGBTQ-Ausstellung \u2013 und greift zu Farbspr\u00fchdose\",\"datePublished\":\"2025-03-20T20:03:31+00:00\",\"dateModified\":\"2025-03-20T20:03:31+00:00\",\"mainEntityOfPage\":{\"@id\":\"https:\/\/now-news.de\/de\/deutschland\/polnischer-praesidentschaftskandidat-widersetzt-sich-lgbtq-ausstellung-und-greift-zu-farbspruehdose\/\"},\"wordCount\":363,\"commentCount\":0,\"publisher\":{\"@id\":\"https:\/\/now-news.de\/de\/#organization\"},\"image\":{\"@id\":\"https:\/\/now-news.de\/de\/deutschland\/polnischer-praesidentschaftskandidat-widersetzt-sich-lgbtq-ausstellung-und-greift-zu-farbspruehdose\/#primaryimage\"},\"thumbnailUrl\":\"https:\/\/now-news.de\/de\/wp-content\/uploads\/sites\/3\/2025\/03\/Polnischer-Praesidentschaftskandidat-widersetzt-sich-LGBTQ-Ausstellung-\u2013-und-greift-zu-Farbspruehdose.jpg\",\"keywords\":[\"Farbspr\u00fchdose\",\"greift\",\"LGBTQAusstellung\",\"Polnischer\",\"Pr\u00e4sidentschaftskandidat\",\"sich\",\"und\",\"widersetzt\"],\"articleSection\":[\"Deutschland\",\"Russland\"],\"inLanguage\":\"de\",\"potentialAction\":[{\"@type\":\"CommentAction\",\"name\":\"Comment\",\"target\":[\"https:\/\/now-news.de\/de\/deutschland\/polnischer-praesidentschaftskandidat-widersetzt-sich-lgbtq-ausstellung-und-greift-zu-farbspruehdose\/#respond\"]}]},{\"@type\":\"WebPage\",\"@id\":\"https:\/\/now-news.de\/de\/deutschland\/polnischer-praesidentschaftskandidat-widersetzt-sich-lgbtq-ausstellung-und-greift-zu-farbspruehdose\/\",\"url\":\"https:\/\/now-news.de\/de\/deutschland\/polnischer-praesidentschaftskandidat-widersetzt-sich-lgbtq-ausstellung-und-greift-zu-farbspruehdose\/\",\"name\":\"Polnischer Pr\u00e4sidentschaftskandidat widersetzt sich LGBTQ-Ausstellung \u2013 und greift zu Farbspr\u00fchdose - just-now.NEWS Deutschland\",\"isPartOf\":{\"@id\":\"https:\/\/now-news.de\/de\/#website\"},\"primaryImageOfPage\":{\"@id\":\"https:\/\/now-news.de\/de\/deutschland\/polnischer-praesidentschaftskandidat-widersetzt-sich-lgbtq-ausstellung-und-greift-zu-farbspruehdose\/#primaryimage\"},\"image\":{\"@id\":\"https:\/\/now-news.de\/de\/deutschland\/polnischer-praesidentschaftskandidat-widersetzt-sich-lgbtq-ausstellung-und-greift-zu-farbspruehdose\/#primaryimage\"},\"thumbnailUrl\":\"https:\/\/now-news.de\/de\/wp-content\/uploads\/sites\/3\/2025\/03\/Polnischer-Praesidentschaftskandidat-widersetzt-sich-LGBTQ-Ausstellung-\u2013-und-greift-zu-Farbspruehdose.jpg\",\"datePublished\":\"2025-03-20T20:03:31+00:00\",\"dateModified\":\"2025-03-20T20:03:31+00:00\",\"breadcrumb\":{\"@id\":\"https:\/\/now-news.de\/de\/deutschland\/polnischer-praesidentschaftskandidat-widersetzt-sich-lgbtq-ausstellung-und-greift-zu-farbspruehdose\/#breadcrumb\"},\"inLanguage\":\"de\",\"potentialAction\":[{\"@type\":\"ReadAction\",\"target\":[\"https:\/\/now-news.de\/de\/deutschland\/polnischer-praesidentschaftskandidat-widersetzt-sich-lgbtq-ausstellung-und-greift-zu-farbspruehdose\/\"]}]},{\"@type\":\"ImageObject\",\"inLanguage\":\"de\",\"@id\":\"https:\/\/now-news.de\/de\/deutschland\/polnischer-praesidentschaftskandidat-widersetzt-sich-lgbtq-ausstellung-und-greift-zu-farbspruehdose\/#primaryimage\",\"url\":\"https:\/\/now-news.de\/de\/wp-content\/uploads\/sites\/3\/2025\/03\/Polnischer-Praesidentschaftskandidat-widersetzt-sich-LGBTQ-Ausstellung-\u2013-und-greift-zu-Farbspruehdose.jpg\",\"contentUrl\":\"https:\/\/now-news.de\/de\/wp-content\/uploads\/sites\/3\/2025\/03\/Polnischer-Praesidentschaftskandidat-widersetzt-sich-LGBTQ-Ausstellung-\u2013-und-greift-zu-Farbspruehdose.jpg\",\"width\":460,\"height\":259,\"caption\":\"Polnischer Pr\u00e4sidentschaftskandidat widersetzt sich LGBTQ-Ausstellung \u2013 und greift zu Farbspr\u00fchdose\"},{\"@type\":\"BreadcrumbList\",\"@id\":\"https:\/\/now-news.de\/de\/deutschland\/polnischer-praesidentschaftskandidat-widersetzt-sich-lgbtq-ausstellung-und-greift-zu-farbspruehdose\/#breadcrumb\",\"itemListElement\":[{\"@type\":\"ListItem\",\"position\":1,\"name\":\"Home\",\"item\":\"https:\/\/now-news.de\/de\/\"},{\"@type\":\"ListItem\",\"position\":2,\"name\":\"Polnischer Pr\u00e4sidentschaftskandidat widersetzt sich LGBTQ-Ausstellung \u2013 und greift zu Farbspr\u00fchdose\"}]},{\"@type\":\"WebSite\",\"@id\":\"https:\/\/now-news.de\/de\/#website\",\"url\":\"https:\/\/now-news.de\/de\/\",\"name\":\"just-now.NEWS Deutschland\",\"description\":\"Das Portal f\u00fcr unzensierte Nachrichten aus der Welt\",\"publisher\":{\"@id\":\"https:\/\/now-news.de\/de\/#organization\"},\"potentialAction\":[{\"@type\":\"SearchAction\",\"target\":{\"@type\":\"EntryPoint\",\"urlTemplate\":\"https:\/\/now-news.de\/de\/?s={search_term_string}\"},\"query-input\":\"required name=search_term_string\"}],\"inLanguage\":\"de\"},{\"@type\":\"Organization\",\"@id\":\"https:\/\/now-news.de\/de\/#organization\",\"name\":\"Just Now News\",\"url\":\"https:\/\/now-news.de\/de\/\",\"logo\":{\"@type\":\"ImageObject\",\"inLanguage\":\"de\",\"@id\":\"https:\/\/now-news.de\/de\/#\/schema\/logo\/image\/\",\"url\":\"http:\/\/just-now.news\/de\/wp-content\/uploads\/sites\/3\/2022\/04\/logo500x500.jpg\",\"contentUrl\":\"http:\/\/just-now.news\/de\/wp-content\/uploads\/sites\/3\/2022\/04\/logo500x500.jpg\",\"width\":500,\"height\":500,\"caption\":\"Just Now News\"},\"image\":{\"@id\":\"https:\/\/now-news.de\/de\/#\/schema\/logo\/image\/\"},\"sameAs\":[\"https:\/\/www.facebook.com\/wirmachenauf\",\"https:\/\/x.com\/WirMachenAuf_de\"]},{\"@type\":\"Person\",\"@id\":\"https:\/\/now-news.de\/de\/#\/schema\/person\/fb534a4e865501d8b3285208df34a9b5\",\"name\":\"rtnews\",\"image\":{\"@type\":\"ImageObject\",\"inLanguage\":\"de\",\"@id\":\"https:\/\/now-news.de\/de\/#\/schema\/person\/image\/\",\"url\":\"https:\/\/secure.gravatar.com\/avatar\/82aafea7d8127119dd649515f56e2117?s=96&d=mm&r=g\",\"contentUrl\":\"https:\/\/secure.gravatar.com\/avatar\/82aafea7d8127119dd649515f56e2117?s=96&d=mm&r=g\",\"caption\":\"rtnews\"},\"url\":\"https:\/\/now-news.de\/de\/author\/rnews\/\"}]}<\/script>\n<!-- \/ Yoast SEO Premium plugin. -->","yoast_head_json":{"title":"Polnischer Pr\u00e4sidentschaftskandidat widersetzt sich LGBTQ-Ausstellung \u2013 und greift zu Farbspr\u00fchdose - just-now.NEWS Deutschland","robots":{"index":"index","follow":"follow","max-snippet":"max-snippet:-1","max-image-preview":"max-image-preview:large","max-video-preview":"max-video-preview:-1"},"canonical":"https:\/\/now-news.de\/de\/deutschland\/polnischer-praesidentschaftskandidat-widersetzt-sich-lgbtq-ausstellung-und-greift-zu-farbspruehdose\/","og_locale":"de_DE","og_type":"article","og_title":"Polnischer Pr\u00e4sidentschaftskandidat widersetzt sich LGBTQ-Ausstellung \u2013 und greift zu Farbspr\u00fchdose","og_description":"Polens Pr\u00e4sidentschaftskandidat Grzegorz Braun protestierte gegen eine LGBTQ-Ausstellung. Der Politiker griff zu einer Spr\u00fchdose mit schwarzer Farbe und hinterlie\u00df auf LGBTQ-Postern die Aufschrift &#8220;Stoppt die Propaganda der Perversion!&#8221; Braun gilt als rechtsextrem. Der polnische Pr\u00e4sidentschaftskandidat und Europaabgeordnete Grzegorz Braun hat sich gegen eine LGBT-Ausstellung in der Stadt Opole eingesetzt. Der Politiker kam mit einer schwarzen [&hellip;]","og_url":"https:\/\/now-news.de\/de\/deutschland\/polnischer-praesidentschaftskandidat-widersetzt-sich-lgbtq-ausstellung-und-greift-zu-farbspruehdose\/","og_site_name":"just-now.NEWS Deutschland","article_publisher":"https:\/\/www.facebook.com\/wirmachenauf","article_published_time":"2025-03-20T20:03:31+00:00","og_image":[{"url":"https:\/\/now-news.de\/de\/wp-content\/uploads\/sites\/3\/2025\/03\/67dc46f9b480cc7aec64f66c.jpg"}],"author":"rtnews","twitter_card":"summary_large_image","twitter_creator":"@WirMachenAuf_de","twitter_site":"@WirMachenAuf_de","twitter_misc":{"Verfasst von":"rtnews","Gesch\u00e4tzte Lesezeit":"2\u00a0Minuten"},"schema":{"@context":"https:\/\/schema.org","@graph":[{"@type":"Article","@id":"https:\/\/now-news.de\/de\/deutschland\/polnischer-praesidentschaftskandidat-widersetzt-sich-lgbtq-ausstellung-und-greift-zu-farbspruehdose\/#article","isPartOf":{"@id":"https:\/\/now-news.de\/de\/deutschland\/polnischer-praesidentschaftskandidat-widersetzt-sich-lgbtq-ausstellung-und-greift-zu-farbspruehdose\/"},"author":{"name":"rtnews","@id":"https:\/\/now-news.de\/de\/#\/schema\/person\/fb534a4e865501d8b3285208df34a9b5"},"headline":"Polnischer Pr\u00e4sidentschaftskandidat widersetzt sich LGBTQ-Ausstellung \u2013 und greift zu Farbspr\u00fchdose","datePublished":"2025-03-20T20:03:31+00:00","dateModified":"2025-03-20T20:03:31+00:00","mainEntityOfPage":{"@id":"https:\/\/now-news.de\/de\/deutschland\/polnischer-praesidentschaftskandidat-widersetzt-sich-lgbtq-ausstellung-und-greift-zu-farbspruehdose\/"},"wordCount":363,"commentCount":0,"publisher":{"@id":"https:\/\/now-news.de\/de\/#organization"},"image":{"@id":"https:\/\/now-news.de\/de\/deutschland\/polnischer-praesidentschaftskandidat-widersetzt-sich-lgbtq-ausstellung-und-greift-zu-farbspruehdose\/#primaryimage"},"thumbnailUrl":"https:\/\/now-news.de\/de\/wp-content\/uploads\/sites\/3\/2025\/03\/Polnischer-Praesidentschaftskandidat-widersetzt-sich-LGBTQ-Ausstellung-\u2013-und-greift-zu-Farbspruehdose.jpg","keywords":["Farbspr\u00fchdose","greift","LGBTQAusstellung","Polnischer","Pr\u00e4sidentschaftskandidat","sich","und","widersetzt"],"articleSection":["Deutschland","Russland"],"inLanguage":"de","potentialAction":[{"@type":"CommentAction","name":"Comment","target":["https:\/\/now-news.de\/de\/deutschland\/polnischer-praesidentschaftskandidat-widersetzt-sich-lgbtq-ausstellung-und-greift-zu-farbspruehdose\/#respond"]}]},{"@type":"WebPage","@id":"https:\/\/now-news.de\/de\/deutschland\/polnischer-praesidentschaftskandidat-widersetzt-sich-lgbtq-ausstellung-und-greift-zu-farbspruehdose\/","url":"https:\/\/now-news.de\/de\/deutschland\/polnischer-praesidentschaftskandidat-widersetzt-sich-lgbtq-ausstellung-und-greift-zu-farbspruehdose\/","name":"Polnischer Pr\u00e4sidentschaftskandidat widersetzt sich LGBTQ-Ausstellung \u2013 und greift zu Farbspr\u00fchdose - just-now.NEWS Deutschland","isPartOf":{"@id":"https:\/\/now-news.de\/de\/#website"},"primaryImageOfPage":{"@id":"https:\/\/now-news.de\/de\/deutschland\/polnischer-praesidentschaftskandidat-widersetzt-sich-lgbtq-ausstellung-und-greift-zu-farbspruehdose\/#primaryimage"},"image":{"@id":"https:\/\/now-news.de\/de\/deutschland\/polnischer-praesidentschaftskandidat-widersetzt-sich-lgbtq-ausstellung-und-greift-zu-farbspruehdose\/#primaryimage"},"thumbnailUrl":"https:\/\/now-news.de\/de\/wp-content\/uploads\/sites\/3\/2025\/03\/Polnischer-Praesidentschaftskandidat-widersetzt-sich-LGBTQ-Ausstellung-\u2013-und-greift-zu-Farbspruehdose.jpg","datePublished":"2025-03-20T20:03:31+00:00","dateModified":"2025-03-20T20:03:31+00:00","breadcrumb":{"@id":"https:\/\/now-news.de\/de\/deutschland\/polnischer-praesidentschaftskandidat-widersetzt-sich-lgbtq-ausstellung-und-greift-zu-farbspruehdose\/#breadcrumb"},"inLanguage":"de","potentialAction":[{"@type":"ReadAction","target":["https:\/\/now-news.de\/de\/deutschland\/polnischer-praesidentschaftskandidat-widersetzt-sich-lgbtq-ausstellung-und-greift-zu-farbspruehdose\/"]}]},{"@type":"ImageObject","inLanguage":"de","@id":"https:\/\/now-news.de\/de\/deutschland\/polnischer-praesidentschaftskandidat-widersetzt-sich-lgbtq-ausstellung-und-greift-zu-farbspruehdose\/#primaryimage","url":"https:\/\/now-news.de\/de\/wp-content\/uploads\/sites\/3\/2025\/03\/Polnischer-Praesidentschaftskandidat-widersetzt-sich-LGBTQ-Ausstellung-\u2013-und-greift-zu-Farbspruehdose.jpg","contentUrl":"https:\/\/now-news.de\/de\/wp-content\/uploads\/sites\/3\/2025\/03\/Polnischer-Praesidentschaftskandidat-widersetzt-sich-LGBTQ-Ausstellung-\u2013-und-greift-zu-Farbspruehdose.jpg","width":460,"height":259,"caption":"Polnischer Pr\u00e4sidentschaftskandidat widersetzt sich LGBTQ-Ausstellung \u2013 und greift zu Farbspr\u00fchdose"},{"@type":"BreadcrumbList","@id":"https:\/\/now-news.de\/de\/deutschland\/polnischer-praesidentschaftskandidat-widersetzt-sich-lgbtq-ausstellung-und-greift-zu-farbspruehdose\/#breadcrumb","itemListElement":[{"@type":"ListItem","position":1,"name":"Home","item":"https:\/\/now-news.de\/de\/"},{"@type":"ListItem","position":2,"name":"Polnischer Pr\u00e4sidentschaftskandidat widersetzt sich LGBTQ-Ausstellung \u2013 und greift zu Farbspr\u00fchdose"}]},{"@type":"WebSite","@id":"https:\/\/now-news.de\/de\/#website","url":"https:\/\/now-news.de\/de\/","name":"just-now.NEWS Deutschland","description":"Das Portal f\u00fcr unzensierte Nachrichten aus der Welt","publisher":{"@id":"https:\/\/now-news.de\/de\/#organization"},"potentialAction":[{"@type":"SearchAction","target":{"@type":"EntryPoint","urlTemplate":"https:\/\/now-news.de\/de\/?s={search_term_string}"},"query-input":"required name=search_term_string"}],"inLanguage":"de"},{"@type":"Organization","@id":"https:\/\/now-news.de\/de\/#organization","name":"Just Now News","url":"https:\/\/now-news.de\/de\/","logo":{"@type":"ImageObject","inLanguage":"de","@id":"https:\/\/now-news.de\/de\/#\/schema\/logo\/image\/","url":"http:\/\/just-now.news\/de\/wp-content\/uploads\/sites\/3\/2022\/04\/logo500x500.jpg","contentUrl":"http:\/\/just-now.news\/de\/wp-content\/uploads\/sites\/3\/2022\/04\/logo500x500.jpg","width":500,"height":500,"caption":"Just Now News"},"image":{"@id":"https:\/\/now-news.de\/de\/#\/schema\/logo\/image\/"},"sameAs":["https:\/\/www.facebook.com\/wirmachenauf","https:\/\/x.com\/WirMachenAuf_de"]},{"@type":"Person","@id":"https:\/\/now-news.de\/de\/#\/schema\/person\/fb534a4e865501d8b3285208df34a9b5","name":"rtnews","image":{"@type":"ImageObject","inLanguage":"de","@id":"https:\/\/now-news.de\/de\/#\/schema\/person\/image\/","url":"https:\/\/secure.gravatar.com\/avatar\/82aafea7d8127119dd649515f56e2117?s=96&d=mm&r=g","contentUrl":"https:\/\/secure.gravatar.com\/avatar\/82aafea7d8127119dd649515f56e2117?s=96&d=mm&r=g","caption":"rtnews"},"url":"https:\/\/now-news.de\/de\/author\/rnews\/"}]}},"_links":{"self":[{"href":"https:\/\/now-news.de\/de\/wp-json\/wp\/v2\/posts\/80639"}],"collection":[{"href":"https:\/\/now-news.de\/de\/wp-json\/wp\/v2\/posts"}],"about":[{"href":"https:\/\/now-news.de\/de\/wp-json\/wp\/v2\/types\/post"}],"author":[{"embeddable":true,"href":"https:\/\/now-news.de\/de\/wp-json\/wp\/v2\/users\/3"}],"replies":[{"embeddable":true,"href":"https:\/\/now-news.de\/de\/wp-json\/wp\/v2\/comments?post=80639"}],"version-history":[{"count":0,"href":"https:\/\/now-news.de\/de\/wp-json\/wp\/v2\/posts\/80639\/revisions"}],"wp:featuredmedia":[{"embeddable":true,"href":"https:\/\/now-news.de\/de\/wp-json\/wp\/v2\/media\/80640"}],"wp:attachment":[{"href":"https:\/\/now-news.de\/de\/wp-json\/wp\/v2\/media?parent=80639"}],"wp:term":[{"taxonomy":"category","embeddable":true,"href":"https:\/\/now-news.de\/de\/wp-json\/wp\/v2\/categories?post=80639"},{"taxonomy":"post_tag","embeddable":true,"href":"https:\/\/now-news.de\/de\/wp-json\/wp\/v2\/tags?post=80639"}],"curies":[{"name":"wp","href":"https:\/\/api.w.org\/{rel}","templated":true}]}}