{"id":80611,"date":"2025-03-20T16:36:07","date_gmt":"2025-03-20T14:36:07","guid":{"rendered":"https:\/\/now-news.de\/de\/deutschland\/angst-vor-terror-neuphaenomen-bei-deutschen-festveranstaltern-sorgt-fuer-immer-mehr-absagen\/"},"modified":"2025-03-20T16:36:07","modified_gmt":"2025-03-20T14:36:07","slug":"angst-vor-terror-neuphaenomen-bei-deutschen-festveranstaltern-sorgt-fuer-immer-mehr-absagen","status":"publish","type":"post","link":"https:\/\/now-news.de\/de\/deutschland\/angst-vor-terror-neuphaenomen-bei-deutschen-festveranstaltern-sorgt-fuer-immer-mehr-absagen\/","title":{"rendered":"&quot;Angst vor Terror&quot; \u2013 Neuph\u00e4nomen bei deutschen Festveranstaltern sorgt f\u00fcr immer mehr Absagen"},"content":{"rendered":"<div class=\"Text-root Text-type_1 \">\n                &#8220;F\u00fcrchtet euch nicht&#8221; schallt es aus Berlin, unterst\u00fctzt durch zuarbeitende Medien. J\u00fcngste und zur\u00fcckliegende Amok- und Terrortaten verunsichern die B\u00fcrger. Die Konsequenz: Immer mehr Volksfeste werden seitens der Organisatoren abgesagt. Die &#8220;Sicherheit&#8221; k\u00f6nne nicht gew\u00e4hrleistet werden.\n            <\/div>\n<p><\/p>\n<div class=\"Text-root Text-type_5 ArticleView-text ViewText-root \">\n<p>Ein <em>T-Online<\/em>&#8211;<a rel=\"nofollow noopener\" target=\"_blank\" href=\"https:\/\/www.t-online.de\/nachrichten\/panorama\/gesellschaft\/id_100644054\/sicherheit-nach-anschlaegen-erste-staedte-sagen-volksfeste-ab.html\">Artikel<\/a> thematisiert das Neuph\u00e4nomen, dass bei deutschen Veranstaltern die Sorge w\u00e4chst, &#8220;die Sicherheit auf traditionellen Volksfesten nicht mehr vollumf\u00e4nglich gew\u00e4hrleisten zu k\u00f6nnen&#8221;. Aufgrund verheerender Ereignisse wie in M\u00fcnchen\u00a0\u2013 der t\u00f6dlichen <a rel=\"nofollow noopener\" target=\"_blank\" href=\"https:\/\/freedert.online\/inland\/236794-muenchen-zustaendige-oberstaatsanwaeltin-spricht-nach\/\">Amokfahrt<\/a> in eine ver.di-Demonstration\u00a0\u2013 und ann\u00e4hernd t\u00e4glichen Medienmeldungen zu Waffen- und Messerattacken quer durch das Land, wie der islamistisch motivierte <a rel=\"nofollow noopener\" target=\"_blank\" href=\"https:\/\/freedert.online\/inland\/237733-messerangriff-am-holocaust-mahnmal-syrer\/\">Messerangriff<\/a>\u00a0am Holocaust-Mahnmal in Berlin, sehen sich Organisatoren mit zweierlei Problemen konfrontiert: der stetig steigenden Verunsicherung der B\u00fcrger und immensen\u00a0Zusatzkosten f\u00fcr die Sicherheitsgew\u00e4hrleistung.<\/p>\n<p>Die <em>Bild<\/em>-Zeitung <a rel=\"nofollow noopener\" target=\"_blank\" href=\"https:\/\/www.bild.de\/news\/inland\/osterfeuer-flohmaerkte-kirmes-volksfeste-aus-angst-vor-anschlaegen-abgesagt-67d6aebfa7ec4b4b052ddf6f\">titelt<\/a> zu der bedenklichen Entwicklung:<\/p>\n<p><em>&#8220;Flohm\u00e4rkte, Osterfeuer, Kirmes: Angst vor Anschl\u00e4gen! Erste Volksfeste abgesagt&#8221;<\/em><\/p>\n<p>Auf der Webseite Berlin.Live wurde am heutigen Donnerstag \u00fcber Folgendes <a rel=\"nofollow noopener\" target=\"_blank\" href=\"https:\/\/www.berlin-live.de\/freizeit\/erlebnisse\/berliner-volksfest-absage-terrorgefahr-veranstalter-id405101.html\">informiert<\/a>:<\/p>\n<p><em>&#8220;Berliner Volksfest abgesagt \u2013 Terrorgefahr zwingt Veranstalter in die Knie.&#8221;<\/em><\/p>\n<p>Betroffen ist das sogenannte &#8220;B\u00f6lschefest&#8221; in Friedrichshagen im Berliner Bezirk Treptow-K\u00f6penick, das im Mai h\u00e4tte stattfinden sollen. Dazu hei\u00dft es im <em>Bild<\/em>-Artikel:<\/p>\n<p><em>&#8220;Zwar k\u00f6nnten Betonkl\u00f6tze die Stra\u00dfen sichern, allerdings m\u00fcsste Platz f\u00fcr die Stra\u00dfenbahn gelassen werden. Das w\u00e4re eine Sicherheitsl\u00fccke.&#8221;<\/em><\/p>\n<p>Der <em>WDR<\/em>\u00a0<a rel=\"nofollow noopener\" target=\"_blank\" href=\"https:\/\/www1.wdr.de\/nachrichten\/kirmes-nrw-sicherheit-100.html\">titelte<\/a> am Vortag:<\/p>\n<p><em>&#8220;Die Fr\u00fchjahrskirmes in Lage f\u00e4llt aus. Die Anforderungen an die Sicherheit sind zu gro\u00df.&#8221;<\/em><\/p>\n<p>Die Zusatzbelastungen f\u00fcr den Veranstalter in Lage lauteten im Artikel wie folgt:<\/p>\n<p><em>&#8220;Grund sind die hohen Sicherheitsanforderungen, deren Kosten den Veranstaltern zu hoch waren. Gefordert waren unter anderem 30 Lkws, um Zufahrtsstra\u00dfen zu versperren.&#8221;<\/em><\/p>\n<p>Auch das allj\u00e4hrliche Kirschbl\u00fctenfest im April in Marburg (Hessen) wird demnach nicht stattfinden. Grund ist laut Information der Stadt die &#8220;abstrakte Terrorgefahr&#8221;. Ebenso wird der &#8220;B\u00fcrgersteigflohmarkt in der Altstadt Schongau&#8221; in Bayern dieses Jahr ausfallen (12.000 Einwohner). Dazu <a rel=\"nofollow noopener\" target=\"_blank\" href=\"https:\/\/www.kreiszeitung.de\/deutschland\/amokfahrten-altstadtflohmarkt-abgesagt-risiko-zu-gross-nach-93637170.html\">hei\u00dft es<\/a> in der <em>Kreiszeitung<\/em>\u00a0vom\u00a019. M\u00e4rz:<\/p>\n<p><em>&#8220;&#8216;Wir k\u00f6nnen die Innenstadt nicht so absichern, wie es seitens der Stadt gefordert wird&#8217;, berichtet Flohmarkt-Veranstalter G\u00fcnter Fiebig. Mit Blick auf Amokfahrten in Magdeburg,\u00a0M\u00fcnchen\u00a0oder Mannheim, bei denen Passanten starben oder verletzt wurden, wolle man kein Risiko eingehen, so Maria Mader von der Werbegemeinschaft.&#8221;<\/em><\/p>\n<p>In Rheinfelden (Baden) soll es vorerst keine City-Flohm\u00e4rkte mehr geben. Dazu hei\u00dft es auf der <a rel=\"nofollow noopener\" target=\"_blank\" href=\"https:\/\/www.rheinfelden.de\/de\/aktuell\/Staedtische-Nachrichten\/Staedtische-Nachricht?view=publish&amp;item=article&amp;id=12395\">Webseite<\/a> der Stadt:<\/p>\n<p><em>&#8220;Leider sei es trotz eines intensiven Vorgespr\u00e4ches nicht gelungen, den Veranstalter von der Notwendigkeit weiterer Sicherheitsma\u00dfnahmen zu \u00fcberzeugen, so die Verwaltung. Wie alle Kommunen deutschlandweit sieht sich auch Rheinfelden angesichts der verschiedenen Vorf\u00e4lle bei Gro\u00dfveranstaltungen gezwungen, die jeweiligen Sicherheitskonzepte kritisch zu hinterfragen und gegebenenfalls nachzubessern.&#8221;<\/em><\/p>\n<p>Albert Ritter, der Pr\u00e4sident des Deutschen Schaustellerbundes, kritisierte gegen\u00fcber dem <em>WDR<\/em>, dass die Kosten der Sicherheit f\u00fcr die B\u00fcrger je nach Kommune zuk\u00fcnftig von den Schaustellern getragen werden sollen. Weiter hei\u00dft es:<\/p>\n<p><em>&#8220;Terrorabwehr sei Sache der St\u00e4dte und Gemeinen, weil die Kirmessen auf \u00f6ffentlichen Grund stattfinden und die Schausteller Terror nicht selbst verursachen w\u00fcrden, wie beispielsweise Stromkosten.&#8221;\u00a0<\/em><\/p>\n<p>Frank Hakelberg, Hauptgesch\u00e4ftsf\u00fchrer des Deutschen Schaustellerbundes, erkl\u00e4rte in dem <em>Bild<\/em>-Artikel, dass es in Deutschland j\u00e4hrlich rund 9.700 Volksfeste zu organisieren gebe. Jedes sei dabei &#8220;wichtig und einzigartig f\u00fcr eine Stadt, ein Dorf, eine Region&#8221;. Die meisten w\u00fcrden auch weiterhin nat\u00fcrlich veranstaltet, die Gemengelage aus Verunsicherung der Menschen und stetig steigenden Zusatzkosten w\u00fcrde die Veranstalter aber zusehends herausfordern.<\/p>\n<p>Die <em>Bild<\/em>-Zeitung informiert derweil, dass die Walpurgisnacht (30. April) in Dallgow-D\u00f6beritz (Brandenburg) und &#8220;Wismar bl\u00fcht auf&#8221; (eigentlich 12. April) in Mecklenburg-Vorpommern&#8221; vorerst seitens der Veranstalter gestrichen wurden. Auch das &#8220;Pfingstochsenfest&#8221; in Elmshorn (Schleswig-Holstein) f\u00e4llt dieses Jahr aufgrund Sicherheitsbedenken aus.<\/p>\n<p><strong>Mehr zum Thema <\/strong>\u2013 <a rel=\"nofollow noopener\" target=\"_blank\" href=\"https:\/\/freedert.online\/meinung\/237066-muenchen-instrumentalisierung-und-luege\/\">M\u00fcnchen, die Instrumentalisierung und die L\u00fcge<\/a><\/p>\n<div class=\"EmbedBlock-root EmbedBlock-externalVideo EmbedBlock-rumble embed-sensitive-content\">\n<div class=\"sensitive-content\" data-rtmodule=\"EmbedSensitiveContent\">\n<div class=\"sensitive-content__wrapper\"><img loading=\"lazy\" decoding=\"async\" class=\"sensitive-content__icon\" src=\"https:\/\/now-news.de\/de\/wp-content\/uploads\/sites\/3\/2025\/03\/sensitive-content-icon-eye.svg.svg+xml\" width=\"221\" height=\"147\" alt=\"Icon eye\"><\/p>\n<div class=\"sensitive-content__title-wrapper\">\n<p class=\"sensitive-content__title\">Achtung! Verst\u00f6rende Bilder!<\/p>\n<\/div>\n<div class=\"sensitive-content__text-wrapper\">\n<p class=\"sensitive-content__text\">Klicken Sie hier, wenn Sie die Bilder trotzdem sehen m\u00f6chten.<\/p>\n<\/div>\n<\/div>\n<\/div>\n<div class=\"VkEmbed\"><iframe class=\"lazyload\" data-src=\"https:\/\/rumble.com\/embed\/v6om42k\" frameborder=\"0\" width=\"853\" height=\"480\" allowfullscreen><\/iframe><\/div>\n<\/div>\n<\/div>\n<p><br \/>\n<br \/><a href=\"https:\/\/de.rt.com\/inland\/240148-angst-vor-terror-neuphaenomen-bei\/\">Source link <\/a><\/p>\n","protected":false},"excerpt":{"rendered":"<p>&#8220;F\u00fcrchtet euch nicht&#8221; schallt es aus Berlin, unterst\u00fctzt durch zuarbeitende Medien. J\u00fcngste und zur\u00fcckliegende Amok- und Terrortaten verunsichern die B\u00fcrger. Die Konsequenz: Immer mehr Volksfeste werden seitens der Organisatoren abgesagt. Die &#8220;Sicherheit&#8221; k\u00f6nne nicht gew\u00e4hrleistet werden. Ein T-Online&#8211;Artikel thematisiert das Neuph\u00e4nomen, dass bei deutschen Veranstaltern die Sorge w\u00e4chst, &#8220;die Sicherheit auf traditionellen Volksfesten nicht mehr [&hellip;]<\/p>\n","protected":false},"author":3,"featured_media":80612,"comment_status":"open","ping_status":"open","sticky":false,"template":"","format":"standard","meta":{"_yoast_indexnow_last_ping":["1742481969"],"wp_automatic_camp":["217"],"82df966e37ab3450de4a279946cc4778":["&quot;Angst vor Terror&quot; \u2013 Neuph\u00e4nomen bei deutschen Festveranstaltern sorgt f\u00fcr immer mehr Absagen"],"original_link":["https:\/\/de.rt.com\/inland\/240148-angst-vor-terror-neuphaenomen-bei\/"],"_thumbnail_id":["80612"],"jnews_social_counter_last_update":["1777566631"],"_wptgpro_p2tg_sent2tg":["a:1:{i:23737;s:19:\"2025-03-20 16:47:31\";}"]},"categories":[19,23],"tags":[40782,363,577,63604,221,2062,2063,63603,59807,23727,35068,320],"yoast_head":"<!-- This site is optimized with the Yoast SEO Premium plugin v22.7 (Yoast SEO v22.7) - https:\/\/yoast.com\/wordpress\/plugins\/seo\/ -->\n<title>&quot;Angst vor Terror&quot; \u2013 Neuph\u00e4nomen bei deutschen Festveranstaltern sorgt f\u00fcr immer mehr Absagen - just-now.NEWS Deutschland<\/title>\n<meta name=\"robots\" content=\"index, follow, max-snippet:-1, max-image-preview:large, max-video-preview:-1\" \/>\n<link rel=\"canonical\" href=\"https:\/\/now-news.de\/de\/deutschland\/angst-vor-terror-neuphaenomen-bei-deutschen-festveranstaltern-sorgt-fuer-immer-mehr-absagen\/\" \/>\n<meta property=\"og:locale\" content=\"de_DE\" \/>\n<meta property=\"og:type\" content=\"article\" \/>\n<meta property=\"og:title\" content=\"&quot;Angst vor Terror&quot; \u2013 Neuph\u00e4nomen bei deutschen Festveranstaltern sorgt f\u00fcr immer mehr Absagen\" \/>\n<meta property=\"og:description\" content=\"&#8220;F\u00fcrchtet euch nicht&#8221; schallt es aus Berlin, unterst\u00fctzt durch zuarbeitende Medien. J\u00fcngste und zur\u00fcckliegende Amok- und Terrortaten verunsichern die B\u00fcrger. Die Konsequenz: Immer mehr Volksfeste werden seitens der Organisatoren abgesagt. Die &#8220;Sicherheit&#8221; k\u00f6nne nicht gew\u00e4hrleistet werden. Ein T-Online&#8211;Artikel thematisiert das Neuph\u00e4nomen, dass bei deutschen Veranstaltern die Sorge w\u00e4chst, &#8220;die Sicherheit auf traditionellen Volksfesten nicht mehr [&hellip;]\" \/>\n<meta property=\"og:url\" content=\"https:\/\/now-news.de\/de\/deutschland\/angst-vor-terror-neuphaenomen-bei-deutschen-festveranstaltern-sorgt-fuer-immer-mehr-absagen\/\" \/>\n<meta property=\"og:site_name\" content=\"just-now.NEWS Deutschland\" \/>\n<meta property=\"article:publisher\" content=\"https:\/\/www.facebook.com\/wirmachenauf\" \/>\n<meta property=\"article:published_time\" content=\"2025-03-20T14:36:07+00:00\" \/>\n<meta property=\"og:image\" content=\"https:\/\/now-news.de\/de\/wp-content\/uploads\/sites\/3\/2025\/03\/sensitive-content-icon-eye.svg.svg+xml\" \/>\n<meta name=\"author\" content=\"rtnews\" \/>\n<meta name=\"twitter:card\" content=\"summary_large_image\" \/>\n<meta name=\"twitter:creator\" content=\"@WirMachenAuf_de\" \/>\n<meta name=\"twitter:site\" content=\"@WirMachenAuf_de\" \/>\n<meta name=\"twitter:label1\" content=\"Verfasst von\" \/>\n\t<meta name=\"twitter:data1\" content=\"rtnews\" \/>\n\t<meta name=\"twitter:label2\" content=\"Gesch\u00e4tzte Lesezeit\" \/>\n\t<meta name=\"twitter:data2\" content=\"3\u00a0Minuten\" \/>\n<script type=\"application\/ld+json\" class=\"yoast-schema-graph\">{\"@context\":\"https:\/\/schema.org\",\"@graph\":[{\"@type\":\"Article\",\"@id\":\"https:\/\/now-news.de\/de\/deutschland\/angst-vor-terror-neuphaenomen-bei-deutschen-festveranstaltern-sorgt-fuer-immer-mehr-absagen\/#article\",\"isPartOf\":{\"@id\":\"https:\/\/now-news.de\/de\/deutschland\/angst-vor-terror-neuphaenomen-bei-deutschen-festveranstaltern-sorgt-fuer-immer-mehr-absagen\/\"},\"author\":{\"name\":\"rtnews\",\"@id\":\"https:\/\/now-news.de\/de\/#\/schema\/person\/fb534a4e865501d8b3285208df34a9b5\"},\"headline\":\"&quot;Angst vor Terror&quot; \u2013 Neuph\u00e4nomen bei deutschen Festveranstaltern sorgt f\u00fcr immer mehr Absagen\",\"datePublished\":\"2025-03-20T14:36:07+00:00\",\"dateModified\":\"2025-03-20T14:36:07+00:00\",\"mainEntityOfPage\":{\"@id\":\"https:\/\/now-news.de\/de\/deutschland\/angst-vor-terror-neuphaenomen-bei-deutschen-festveranstaltern-sorgt-fuer-immer-mehr-absagen\/\"},\"wordCount\":658,\"commentCount\":0,\"publisher\":{\"@id\":\"https:\/\/now-news.de\/de\/#organization\"},\"image\":{\"@id\":\"https:\/\/now-news.de\/de\/deutschland\/angst-vor-terror-neuphaenomen-bei-deutschen-festveranstaltern-sorgt-fuer-immer-mehr-absagen\/#primaryimage\"},\"thumbnailUrl\":\"https:\/\/now-news.de\/de\/wp-content\/uploads\/sites\/3\/2025\/03\/quotAngst-vor-Terrorquot-\u2013-Neuphaenomen-bei-deutschen-Festveranstaltern-sorgt-fuer.svgxml.svg+xml\",\"keywords\":[\"Absagen\",\"bei\",\"Deutschen\",\"Festveranstaltern\",\"f\u00fcr\",\"Immer\",\"mehr\",\"Neuph\u00e4nomen\",\"quotAngst\",\"sorgt\",\"Terrorquot\",\"vor\"],\"articleSection\":[\"Deutschland\",\"Russland\"],\"inLanguage\":\"de\",\"potentialAction\":[{\"@type\":\"CommentAction\",\"name\":\"Comment\",\"target\":[\"https:\/\/now-news.de\/de\/deutschland\/angst-vor-terror-neuphaenomen-bei-deutschen-festveranstaltern-sorgt-fuer-immer-mehr-absagen\/#respond\"]}]},{\"@type\":\"WebPage\",\"@id\":\"https:\/\/now-news.de\/de\/deutschland\/angst-vor-terror-neuphaenomen-bei-deutschen-festveranstaltern-sorgt-fuer-immer-mehr-absagen\/\",\"url\":\"https:\/\/now-news.de\/de\/deutschland\/angst-vor-terror-neuphaenomen-bei-deutschen-festveranstaltern-sorgt-fuer-immer-mehr-absagen\/\",\"name\":\"&quot;Angst vor Terror&quot; \u2013 Neuph\u00e4nomen bei deutschen Festveranstaltern sorgt f\u00fcr immer mehr Absagen - just-now.NEWS Deutschland\",\"isPartOf\":{\"@id\":\"https:\/\/now-news.de\/de\/#website\"},\"primaryImageOfPage\":{\"@id\":\"https:\/\/now-news.de\/de\/deutschland\/angst-vor-terror-neuphaenomen-bei-deutschen-festveranstaltern-sorgt-fuer-immer-mehr-absagen\/#primaryimage\"},\"image\":{\"@id\":\"https:\/\/now-news.de\/de\/deutschland\/angst-vor-terror-neuphaenomen-bei-deutschen-festveranstaltern-sorgt-fuer-immer-mehr-absagen\/#primaryimage\"},\"thumbnailUrl\":\"https:\/\/now-news.de\/de\/wp-content\/uploads\/sites\/3\/2025\/03\/quotAngst-vor-Terrorquot-\u2013-Neuphaenomen-bei-deutschen-Festveranstaltern-sorgt-fuer.svgxml.svg+xml\",\"datePublished\":\"2025-03-20T14:36:07+00:00\",\"dateModified\":\"2025-03-20T14:36:07+00:00\",\"breadcrumb\":{\"@id\":\"https:\/\/now-news.de\/de\/deutschland\/angst-vor-terror-neuphaenomen-bei-deutschen-festveranstaltern-sorgt-fuer-immer-mehr-absagen\/#breadcrumb\"},\"inLanguage\":\"de\",\"potentialAction\":[{\"@type\":\"ReadAction\",\"target\":[\"https:\/\/now-news.de\/de\/deutschland\/angst-vor-terror-neuphaenomen-bei-deutschen-festveranstaltern-sorgt-fuer-immer-mehr-absagen\/\"]}]},{\"@type\":\"ImageObject\",\"inLanguage\":\"de\",\"@id\":\"https:\/\/now-news.de\/de\/deutschland\/angst-vor-terror-neuphaenomen-bei-deutschen-festveranstaltern-sorgt-fuer-immer-mehr-absagen\/#primaryimage\",\"url\":\"https:\/\/now-news.de\/de\/wp-content\/uploads\/sites\/3\/2025\/03\/quotAngst-vor-Terrorquot-\u2013-Neuphaenomen-bei-deutschen-Festveranstaltern-sorgt-fuer.svgxml.svg+xml\",\"contentUrl\":\"https:\/\/now-news.de\/de\/wp-content\/uploads\/sites\/3\/2025\/03\/quotAngst-vor-Terrorquot-\u2013-Neuphaenomen-bei-deutschen-Festveranstaltern-sorgt-fuer.svgxml.svg+xml\",\"caption\":\"Icon eye\"},{\"@type\":\"BreadcrumbList\",\"@id\":\"https:\/\/now-news.de\/de\/deutschland\/angst-vor-terror-neuphaenomen-bei-deutschen-festveranstaltern-sorgt-fuer-immer-mehr-absagen\/#breadcrumb\",\"itemListElement\":[{\"@type\":\"ListItem\",\"position\":1,\"name\":\"Home\",\"item\":\"https:\/\/now-news.de\/de\/\"},{\"@type\":\"ListItem\",\"position\":2,\"name\":\"&quot;Angst vor Terror&quot; \u2013 Neuph\u00e4nomen bei deutschen Festveranstaltern sorgt f\u00fcr immer mehr Absagen\"}]},{\"@type\":\"WebSite\",\"@id\":\"https:\/\/now-news.de\/de\/#website\",\"url\":\"https:\/\/now-news.de\/de\/\",\"name\":\"just-now.NEWS Deutschland\",\"description\":\"Das Portal f\u00fcr unzensierte Nachrichten aus der Welt\",\"publisher\":{\"@id\":\"https:\/\/now-news.de\/de\/#organization\"},\"potentialAction\":[{\"@type\":\"SearchAction\",\"target\":{\"@type\":\"EntryPoint\",\"urlTemplate\":\"https:\/\/now-news.de\/de\/?s={search_term_string}\"},\"query-input\":\"required name=search_term_string\"}],\"inLanguage\":\"de\"},{\"@type\":\"Organization\",\"@id\":\"https:\/\/now-news.de\/de\/#organization\",\"name\":\"Just Now News\",\"url\":\"https:\/\/now-news.de\/de\/\",\"logo\":{\"@type\":\"ImageObject\",\"inLanguage\":\"de\",\"@id\":\"https:\/\/now-news.de\/de\/#\/schema\/logo\/image\/\",\"url\":\"http:\/\/just-now.news\/de\/wp-content\/uploads\/sites\/3\/2022\/04\/logo500x500.jpg\",\"contentUrl\":\"http:\/\/just-now.news\/de\/wp-content\/uploads\/sites\/3\/2022\/04\/logo500x500.jpg\",\"width\":500,\"height\":500,\"caption\":\"Just Now News\"},\"image\":{\"@id\":\"https:\/\/now-news.de\/de\/#\/schema\/logo\/image\/\"},\"sameAs\":[\"https:\/\/www.facebook.com\/wirmachenauf\",\"https:\/\/x.com\/WirMachenAuf_de\"]},{\"@type\":\"Person\",\"@id\":\"https:\/\/now-news.de\/de\/#\/schema\/person\/fb534a4e865501d8b3285208df34a9b5\",\"name\":\"rtnews\",\"image\":{\"@type\":\"ImageObject\",\"inLanguage\":\"de\",\"@id\":\"https:\/\/now-news.de\/de\/#\/schema\/person\/image\/\",\"url\":\"https:\/\/secure.gravatar.com\/avatar\/82aafea7d8127119dd649515f56e2117?s=96&d=mm&r=g\",\"contentUrl\":\"https:\/\/secure.gravatar.com\/avatar\/82aafea7d8127119dd649515f56e2117?s=96&d=mm&r=g\",\"caption\":\"rtnews\"},\"url\":\"https:\/\/now-news.de\/de\/author\/rnews\/\"}]}<\/script>\n<!-- \/ Yoast SEO Premium plugin. -->","yoast_head_json":{"title":"&quot;Angst vor Terror&quot; \u2013 Neuph\u00e4nomen bei deutschen Festveranstaltern sorgt f\u00fcr immer mehr Absagen - just-now.NEWS Deutschland","robots":{"index":"index","follow":"follow","max-snippet":"max-snippet:-1","max-image-preview":"max-image-preview:large","max-video-preview":"max-video-preview:-1"},"canonical":"https:\/\/now-news.de\/de\/deutschland\/angst-vor-terror-neuphaenomen-bei-deutschen-festveranstaltern-sorgt-fuer-immer-mehr-absagen\/","og_locale":"de_DE","og_type":"article","og_title":"&quot;Angst vor Terror&quot; \u2013 Neuph\u00e4nomen bei deutschen Festveranstaltern sorgt f\u00fcr immer mehr Absagen","og_description":"&#8220;F\u00fcrchtet euch nicht&#8221; schallt es aus Berlin, unterst\u00fctzt durch zuarbeitende Medien. J\u00fcngste und zur\u00fcckliegende Amok- und Terrortaten verunsichern die B\u00fcrger. Die Konsequenz: Immer mehr Volksfeste werden seitens der Organisatoren abgesagt. Die &#8220;Sicherheit&#8221; k\u00f6nne nicht gew\u00e4hrleistet werden. Ein T-Online&#8211;Artikel thematisiert das Neuph\u00e4nomen, dass bei deutschen Veranstaltern die Sorge w\u00e4chst, &#8220;die Sicherheit auf traditionellen Volksfesten nicht mehr [&hellip;]","og_url":"https:\/\/now-news.de\/de\/deutschland\/angst-vor-terror-neuphaenomen-bei-deutschen-festveranstaltern-sorgt-fuer-immer-mehr-absagen\/","og_site_name":"just-now.NEWS Deutschland","article_publisher":"https:\/\/www.facebook.com\/wirmachenauf","article_published_time":"2025-03-20T14:36:07+00:00","og_image":[{"url":"https:\/\/now-news.de\/de\/wp-content\/uploads\/sites\/3\/2025\/03\/sensitive-content-icon-eye.svg.svg+xml"}],"author":"rtnews","twitter_card":"summary_large_image","twitter_creator":"@WirMachenAuf_de","twitter_site":"@WirMachenAuf_de","twitter_misc":{"Verfasst von":"rtnews","Gesch\u00e4tzte Lesezeit":"3\u00a0Minuten"},"schema":{"@context":"https:\/\/schema.org","@graph":[{"@type":"Article","@id":"https:\/\/now-news.de\/de\/deutschland\/angst-vor-terror-neuphaenomen-bei-deutschen-festveranstaltern-sorgt-fuer-immer-mehr-absagen\/#article","isPartOf":{"@id":"https:\/\/now-news.de\/de\/deutschland\/angst-vor-terror-neuphaenomen-bei-deutschen-festveranstaltern-sorgt-fuer-immer-mehr-absagen\/"},"author":{"name":"rtnews","@id":"https:\/\/now-news.de\/de\/#\/schema\/person\/fb534a4e865501d8b3285208df34a9b5"},"headline":"&quot;Angst vor Terror&quot; \u2013 Neuph\u00e4nomen bei deutschen Festveranstaltern sorgt f\u00fcr immer mehr Absagen","datePublished":"2025-03-20T14:36:07+00:00","dateModified":"2025-03-20T14:36:07+00:00","mainEntityOfPage":{"@id":"https:\/\/now-news.de\/de\/deutschland\/angst-vor-terror-neuphaenomen-bei-deutschen-festveranstaltern-sorgt-fuer-immer-mehr-absagen\/"},"wordCount":658,"commentCount":0,"publisher":{"@id":"https:\/\/now-news.de\/de\/#organization"},"image":{"@id":"https:\/\/now-news.de\/de\/deutschland\/angst-vor-terror-neuphaenomen-bei-deutschen-festveranstaltern-sorgt-fuer-immer-mehr-absagen\/#primaryimage"},"thumbnailUrl":"https:\/\/now-news.de\/de\/wp-content\/uploads\/sites\/3\/2025\/03\/quotAngst-vor-Terrorquot-\u2013-Neuphaenomen-bei-deutschen-Festveranstaltern-sorgt-fuer.svgxml.svg+xml","keywords":["Absagen","bei","Deutschen","Festveranstaltern","f\u00fcr","Immer","mehr","Neuph\u00e4nomen","quotAngst","sorgt","Terrorquot","vor"],"articleSection":["Deutschland","Russland"],"inLanguage":"de","potentialAction":[{"@type":"CommentAction","name":"Comment","target":["https:\/\/now-news.de\/de\/deutschland\/angst-vor-terror-neuphaenomen-bei-deutschen-festveranstaltern-sorgt-fuer-immer-mehr-absagen\/#respond"]}]},{"@type":"WebPage","@id":"https:\/\/now-news.de\/de\/deutschland\/angst-vor-terror-neuphaenomen-bei-deutschen-festveranstaltern-sorgt-fuer-immer-mehr-absagen\/","url":"https:\/\/now-news.de\/de\/deutschland\/angst-vor-terror-neuphaenomen-bei-deutschen-festveranstaltern-sorgt-fuer-immer-mehr-absagen\/","name":"&quot;Angst vor Terror&quot; \u2013 Neuph\u00e4nomen bei deutschen Festveranstaltern sorgt f\u00fcr immer mehr Absagen - just-now.NEWS Deutschland","isPartOf":{"@id":"https:\/\/now-news.de\/de\/#website"},"primaryImageOfPage":{"@id":"https:\/\/now-news.de\/de\/deutschland\/angst-vor-terror-neuphaenomen-bei-deutschen-festveranstaltern-sorgt-fuer-immer-mehr-absagen\/#primaryimage"},"image":{"@id":"https:\/\/now-news.de\/de\/deutschland\/angst-vor-terror-neuphaenomen-bei-deutschen-festveranstaltern-sorgt-fuer-immer-mehr-absagen\/#primaryimage"},"thumbnailUrl":"https:\/\/now-news.de\/de\/wp-content\/uploads\/sites\/3\/2025\/03\/quotAngst-vor-Terrorquot-\u2013-Neuphaenomen-bei-deutschen-Festveranstaltern-sorgt-fuer.svgxml.svg+xml","datePublished":"2025-03-20T14:36:07+00:00","dateModified":"2025-03-20T14:36:07+00:00","breadcrumb":{"@id":"https:\/\/now-news.de\/de\/deutschland\/angst-vor-terror-neuphaenomen-bei-deutschen-festveranstaltern-sorgt-fuer-immer-mehr-absagen\/#breadcrumb"},"inLanguage":"de","potentialAction":[{"@type":"ReadAction","target":["https:\/\/now-news.de\/de\/deutschland\/angst-vor-terror-neuphaenomen-bei-deutschen-festveranstaltern-sorgt-fuer-immer-mehr-absagen\/"]}]},{"@type":"ImageObject","inLanguage":"de","@id":"https:\/\/now-news.de\/de\/deutschland\/angst-vor-terror-neuphaenomen-bei-deutschen-festveranstaltern-sorgt-fuer-immer-mehr-absagen\/#primaryimage","url":"https:\/\/now-news.de\/de\/wp-content\/uploads\/sites\/3\/2025\/03\/quotAngst-vor-Terrorquot-\u2013-Neuphaenomen-bei-deutschen-Festveranstaltern-sorgt-fuer.svgxml.svg+xml","contentUrl":"https:\/\/now-news.de\/de\/wp-content\/uploads\/sites\/3\/2025\/03\/quotAngst-vor-Terrorquot-\u2013-Neuphaenomen-bei-deutschen-Festveranstaltern-sorgt-fuer.svgxml.svg+xml","caption":"Icon eye"},{"@type":"BreadcrumbList","@id":"https:\/\/now-news.de\/de\/deutschland\/angst-vor-terror-neuphaenomen-bei-deutschen-festveranstaltern-sorgt-fuer-immer-mehr-absagen\/#breadcrumb","itemListElement":[{"@type":"ListItem","position":1,"name":"Home","item":"https:\/\/now-news.de\/de\/"},{"@type":"ListItem","position":2,"name":"&quot;Angst vor Terror&quot; \u2013 Neuph\u00e4nomen bei deutschen Festveranstaltern sorgt f\u00fcr immer mehr Absagen"}]},{"@type":"WebSite","@id":"https:\/\/now-news.de\/de\/#website","url":"https:\/\/now-news.de\/de\/","name":"just-now.NEWS Deutschland","description":"Das Portal f\u00fcr unzensierte Nachrichten aus der Welt","publisher":{"@id":"https:\/\/now-news.de\/de\/#organization"},"potentialAction":[{"@type":"SearchAction","target":{"@type":"EntryPoint","urlTemplate":"https:\/\/now-news.de\/de\/?s={search_term_string}"},"query-input":"required name=search_term_string"}],"inLanguage":"de"},{"@type":"Organization","@id":"https:\/\/now-news.de\/de\/#organization","name":"Just Now News","url":"https:\/\/now-news.de\/de\/","logo":{"@type":"ImageObject","inLanguage":"de","@id":"https:\/\/now-news.de\/de\/#\/schema\/logo\/image\/","url":"http:\/\/just-now.news\/de\/wp-content\/uploads\/sites\/3\/2022\/04\/logo500x500.jpg","contentUrl":"http:\/\/just-now.news\/de\/wp-content\/uploads\/sites\/3\/2022\/04\/logo500x500.jpg","width":500,"height":500,"caption":"Just Now News"},"image":{"@id":"https:\/\/now-news.de\/de\/#\/schema\/logo\/image\/"},"sameAs":["https:\/\/www.facebook.com\/wirmachenauf","https:\/\/x.com\/WirMachenAuf_de"]},{"@type":"Person","@id":"https:\/\/now-news.de\/de\/#\/schema\/person\/fb534a4e865501d8b3285208df34a9b5","name":"rtnews","image":{"@type":"ImageObject","inLanguage":"de","@id":"https:\/\/now-news.de\/de\/#\/schema\/person\/image\/","url":"https:\/\/secure.gravatar.com\/avatar\/82aafea7d8127119dd649515f56e2117?s=96&d=mm&r=g","contentUrl":"https:\/\/secure.gravatar.com\/avatar\/82aafea7d8127119dd649515f56e2117?s=96&d=mm&r=g","caption":"rtnews"},"url":"https:\/\/now-news.de\/de\/author\/rnews\/"}]}},"_links":{"self":[{"href":"https:\/\/now-news.de\/de\/wp-json\/wp\/v2\/posts\/80611"}],"collection":[{"href":"https:\/\/now-news.de\/de\/wp-json\/wp\/v2\/posts"}],"about":[{"href":"https:\/\/now-news.de\/de\/wp-json\/wp\/v2\/types\/post"}],"author":[{"embeddable":true,"href":"https:\/\/now-news.de\/de\/wp-json\/wp\/v2\/users\/3"}],"replies":[{"embeddable":true,"href":"https:\/\/now-news.de\/de\/wp-json\/wp\/v2\/comments?post=80611"}],"version-history":[{"count":0,"href":"https:\/\/now-news.de\/de\/wp-json\/wp\/v2\/posts\/80611\/revisions"}],"wp:featuredmedia":[{"embeddable":true,"href":"https:\/\/now-news.de\/de\/wp-json\/wp\/v2\/media\/80612"}],"wp:attachment":[{"href":"https:\/\/now-news.de\/de\/wp-json\/wp\/v2\/media?parent=80611"}],"wp:term":[{"taxonomy":"category","embeddable":true,"href":"https:\/\/now-news.de\/de\/wp-json\/wp\/v2\/categories?post=80611"},{"taxonomy":"post_tag","embeddable":true,"href":"https:\/\/now-news.de\/de\/wp-json\/wp\/v2\/tags?post=80611"}],"curies":[{"name":"wp","href":"https:\/\/api.w.org\/{rel}","templated":true}]}}