{"id":80605,"date":"2025-03-20T15:51:07","date_gmt":"2025-03-20T13:51:07","guid":{"rendered":"https:\/\/now-news.de\/de\/deutschland\/kreml-europa-wird-zur-kriegspartei\/"},"modified":"2025-03-20T15:51:07","modified_gmt":"2025-03-20T13:51:07","slug":"kreml-europa-wird-zur-kriegspartei","status":"publish","type":"post","link":"https:\/\/now-news.de\/de\/deutschland\/kreml-europa-wird-zur-kriegspartei\/","title":{"rendered":"Kreml: Europa wird zur &quot;Kriegspartei&quot;"},"content":{"rendered":"<p><img decoding=\"async\" src=\"https:\/\/now-news.de\/de\/wp-content\/uploads\/sites\/3\/2025\/03\/67dc1846b480cc709861c48a.jpg\" \/><\/p>\n<div class=\"Text-root Text-type_1 \">\n                Die Militarisierungspl\u00e4ne der EU stehen im Widerspruch zu den Bem\u00fchungen um eine friedliche Beilegung des Ukraine-Konflikts. Br\u00fcssel habe keine Signale der Bereitschaft zur Teilnahme an den Verhandlungen gesendet, so Peskow. Europa k\u00fcndigte an, aufr\u00fcsten zu wollen, nachdem die US-Hilfe f\u00fcr Kiew eingestellt worden war.\n            <\/div>\n<p><\/p>\n<div class=\"Text-root Text-type_5 ArticleView-text ViewText-root \">\n<p>Die Pl\u00e4ne zur Militarisierung der EU deuten darauf hin, dass sie sich in eine &#8220;Kriegspartei&#8221; verwandelt, was im Widerspruch zu den Bem\u00fchungen um eine friedliche L\u00f6sung in der Ukraine steht. Dies\u00a0sagte der russische Pr\u00e4sidentensprecher, Dmitri Peskow. Er erkl\u00e4rte:<strong><em><\/em><\/strong><\/p>\n<blockquote>\n<p><em>&#8220;Die Signale aus Br\u00fcssel und den europ\u00e4ischen Hauptst\u00e4dten betreffen haupts\u00e4chlich, sagen wir, Pl\u00e4ne zur Militarisierung Europas, was eindeutig im Widerspruch zur Stimmung des russischen und des US-Pr\u00e4sidenten [Wladimir Putin und Donald Trump] steht, nach Wegen f\u00fcr einen friedlichen Einigungsprozess zu suchen.&#8221;<\/em><\/p>\n<\/blockquote>\n<p>Moskau habe nach dem j\u00fcngsten Gespr\u00e4ch zwischen Trump und Putin keine Signale aus Br\u00fcssel erhalten, dass es an\u00a0Verhandlungen \u00fcber die Ukraine teilnehmen wolle, f\u00fcgte der Kremlsprecher hinzu.<\/p>\n<p>W\u00e4hrend die US-Milit\u00e4rhilfe f\u00fcr die Ukraine vor\u00fcbergehend gestoppt wurde, k\u00fcndigte die EU eine Aufstockung ihrer Verteidigung an. Die Chefin der Europ\u00e4ischen Kommission, Ursula von der Leyen, schlug vor, die Milit\u00e4rausgaben in den kommenden Jahren auf 800 Milliarden Euro zu erh\u00f6hen. Als kurzfristiger Grund wurde die Unterst\u00fctzung f\u00fcr die Ukraine genannt, als langfristiger Grund die Erh\u00f6hung der &#8220;Verantwortung f\u00fcr unsere eigene europ\u00e4ische Sicherheit&#8221;.<\/p>\n<p>Gleichzeitig haben der franz\u00f6sische Pr\u00e4sident Emmanuel Macron und der britische Premierminister Keir Starmer einen Plan ausgearbeitet, um der Ukraine nach der Beendigung der Feindseligkeiten Sicherheitsgarantien zu geben. Er sieht insbesondere die Entsendung europ\u00e4ischer Friedenstruppen nach der Unterzeichnung\u00a0eines Friedensabkommens vor.<\/p>\n<p>Die Vereinigten Staaten haben seit Trumps R\u00fcckkehr ins Wei\u00dfe Haus eine Reihe von Gespr\u00e4chen mit Russland und der Ukraine gef\u00fchrt. Am 11. M\u00e4rz stimmte Kiew einem 30-t\u00e4gigen Waffenstillstand unter der Bedingung zu, dass Moskau einen \u00e4hnlichen Schritt unternimmt, woraufhin Washington die Milit\u00e4rhilfe und den Informationsaustausch wieder aufnahm. Putin sagte, es gebe Fragen zu der Initiative, einschlie\u00dflich der Waffenlieferungen, der Mobilisierung und der Ausbildung der ukrainischen Soldaten. Nach einem Telefongespr\u00e4ch mit Trump am 18. M\u00e4rz erkl\u00e4rte er, er sei mit dem US-Vorschlag eines 30-t\u00e4gigen Moratoriums f\u00fcr Angriffe auf die Energieinfrastruktur und eines &#8220;angemessenen Befehls&#8221; an das russische Milit\u00e4r einverstanden. Der ukrainische F\u00fchrer Wladimir Selenskij unterst\u00fctzte diese Idee.<\/p>\n<p>Moskau hat jegliche milit\u00e4rische Unterst\u00fctzung\u00a0f\u00fcr Kiew kritisiert, da es der Meinung ist, dass\u00a0dies die K\u00e4mpfe verl\u00e4ngern und nichts an ihrem Ausgang \u00e4ndern w\u00fcrde. Russland h\u00e4lt insbesondere den Einsatz europ\u00e4ischer Friedenstruppen in der Ukraine f\u00fcr inakzeptabel. Das russische Au\u00dfenministerium wies darauf hin, dass der Zweck dieser Initiative darin bestehe, den Konflikt anzuheizen. F\u00fcr die Entsendung von Friedenstruppen\u00a0bed\u00fcrfe es aber\u00a0der &#8220;Zustimmung beider Seiten&#8221; und man m\u00fcsse vor allem auch &#8220;\u00fcber die eigentlichen Ursachen [des Konflikts] sprechen.&#8221;<\/p>\n<p><strong>Mehr zum Thema<\/strong> &#8211; <a rel=\"nofollow noopener\" target=\"_blank\" href=\"https:\/\/freedert.online\/international\/240077-medien-usa-wollen-spionageabwehr-gegen\/\">Medien: USA wollen Spionageabwehr gegen Russland einschr\u00e4nken<\/a><\/p>\n<\/div>\n<p><br \/>\n<br \/><a href=\"https:\/\/de.rt.com\/europa\/240165-kreml-europa-wird-zur-kriegspartei\/\">Source link <\/a><\/p>\n","protected":false},"excerpt":{"rendered":"<p>Die Militarisierungspl\u00e4ne der EU stehen im Widerspruch zu den Bem\u00fchungen um eine friedliche Beilegung des Ukraine-Konflikts. Br\u00fcssel habe keine Signale der Bereitschaft zur Teilnahme an den Verhandlungen gesendet, so Peskow. Europa k\u00fcndigte an, aufr\u00fcsten zu wollen, nachdem die US-Hilfe f\u00fcr Kiew eingestellt worden war. Die Pl\u00e4ne zur Militarisierung der EU deuten darauf hin, dass sie [&hellip;]<\/p>\n","protected":false},"author":3,"featured_media":80606,"comment_status":"open","ping_status":"open","sticky":false,"template":"","format":"standard","meta":{"_yoast_indexnow_last_ping":["1742479016"],"wp_automatic_camp":["217"],"befcc71ab296351985a074385dfafbbf":["Kreml: Europa wird zur &quot;Kriegspartei&quot;"],"original_link":["https:\/\/de.rt.com\/europa\/240165-kreml-europa-wird-zur-kriegspartei\/"],"jnews_social_counter_last_update":["1777560276"],"_thumbnail_id":["80606"],"_wptgpro_p2tg_sent2tg":["a:1:{i:23737;s:19:\"2025-03-20 15:58:00\";}"]},"categories":[19,23],"tags":[1370,6312,63599,374,581],"yoast_head":"<!-- This site is optimized with the Yoast SEO Premium plugin v22.7 (Yoast SEO v22.7) - https:\/\/yoast.com\/wordpress\/plugins\/seo\/ -->\n<title>Kreml: Europa wird zur &quot;Kriegspartei&quot; - just-now.NEWS Deutschland<\/title>\n<meta name=\"robots\" content=\"index, follow, max-snippet:-1, max-image-preview:large, max-video-preview:-1\" \/>\n<link rel=\"canonical\" href=\"https:\/\/now-news.de\/de\/deutschland\/kreml-europa-wird-zur-kriegspartei\/\" \/>\n<meta property=\"og:locale\" content=\"de_DE\" \/>\n<meta property=\"og:type\" content=\"article\" \/>\n<meta property=\"og:title\" content=\"Kreml: Europa wird zur &quot;Kriegspartei&quot;\" \/>\n<meta property=\"og:description\" content=\"Die Militarisierungspl\u00e4ne der EU stehen im Widerspruch zu den Bem\u00fchungen um eine friedliche Beilegung des Ukraine-Konflikts. Br\u00fcssel habe keine Signale der Bereitschaft zur Teilnahme an den Verhandlungen gesendet, so Peskow. Europa k\u00fcndigte an, aufr\u00fcsten zu wollen, nachdem die US-Hilfe f\u00fcr Kiew eingestellt worden war. Die Pl\u00e4ne zur Militarisierung der EU deuten darauf hin, dass sie [&hellip;]\" \/>\n<meta property=\"og:url\" content=\"https:\/\/now-news.de\/de\/deutschland\/kreml-europa-wird-zur-kriegspartei\/\" \/>\n<meta property=\"og:site_name\" content=\"just-now.NEWS Deutschland\" \/>\n<meta property=\"article:publisher\" content=\"https:\/\/www.facebook.com\/wirmachenauf\" \/>\n<meta property=\"article:published_time\" content=\"2025-03-20T13:51:07+00:00\" \/>\n<meta property=\"og:image\" content=\"https:\/\/now-news.de\/de\/wp-content\/uploads\/sites\/3\/2025\/03\/67dc1846b480cc709861c48a.jpg\" \/>\n<meta name=\"author\" content=\"rtnews\" \/>\n<meta name=\"twitter:card\" content=\"summary_large_image\" \/>\n<meta name=\"twitter:creator\" content=\"@WirMachenAuf_de\" \/>\n<meta name=\"twitter:site\" content=\"@WirMachenAuf_de\" \/>\n<meta name=\"twitter:label1\" content=\"Verfasst von\" \/>\n\t<meta name=\"twitter:data1\" content=\"rtnews\" \/>\n\t<meta name=\"twitter:label2\" content=\"Gesch\u00e4tzte Lesezeit\" \/>\n\t<meta name=\"twitter:data2\" content=\"3\u00a0Minuten\" \/>\n<script type=\"application\/ld+json\" class=\"yoast-schema-graph\">{\"@context\":\"https:\/\/schema.org\",\"@graph\":[{\"@type\":\"Article\",\"@id\":\"https:\/\/now-news.de\/de\/deutschland\/kreml-europa-wird-zur-kriegspartei\/#article\",\"isPartOf\":{\"@id\":\"https:\/\/now-news.de\/de\/deutschland\/kreml-europa-wird-zur-kriegspartei\/\"},\"author\":{\"name\":\"rtnews\",\"@id\":\"https:\/\/now-news.de\/de\/#\/schema\/person\/fb534a4e865501d8b3285208df34a9b5\"},\"headline\":\"Kreml: Europa wird zur &quot;Kriegspartei&quot;\",\"datePublished\":\"2025-03-20T13:51:07+00:00\",\"dateModified\":\"2025-03-20T13:51:07+00:00\",\"mainEntityOfPage\":{\"@id\":\"https:\/\/now-news.de\/de\/deutschland\/kreml-europa-wird-zur-kriegspartei\/\"},\"wordCount\":524,\"commentCount\":0,\"publisher\":{\"@id\":\"https:\/\/now-news.de\/de\/#organization\"},\"image\":{\"@id\":\"https:\/\/now-news.de\/de\/deutschland\/kreml-europa-wird-zur-kriegspartei\/#primaryimage\"},\"thumbnailUrl\":\"https:\/\/now-news.de\/de\/wp-content\/uploads\/sites\/3\/2025\/03\/Kreml-Europa-wird-zur-quotKriegsparteiquot.jpg\",\"keywords\":[\"Europa\",\"Kreml\",\"quotKriegsparteiquot\",\"wird\",\"zur\"],\"articleSection\":[\"Deutschland\",\"Russland\"],\"inLanguage\":\"de\",\"potentialAction\":[{\"@type\":\"CommentAction\",\"name\":\"Comment\",\"target\":[\"https:\/\/now-news.de\/de\/deutschland\/kreml-europa-wird-zur-kriegspartei\/#respond\"]}]},{\"@type\":\"WebPage\",\"@id\":\"https:\/\/now-news.de\/de\/deutschland\/kreml-europa-wird-zur-kriegspartei\/\",\"url\":\"https:\/\/now-news.de\/de\/deutschland\/kreml-europa-wird-zur-kriegspartei\/\",\"name\":\"Kreml: Europa wird zur &quot;Kriegspartei&quot; - just-now.NEWS Deutschland\",\"isPartOf\":{\"@id\":\"https:\/\/now-news.de\/de\/#website\"},\"primaryImageOfPage\":{\"@id\":\"https:\/\/now-news.de\/de\/deutschland\/kreml-europa-wird-zur-kriegspartei\/#primaryimage\"},\"image\":{\"@id\":\"https:\/\/now-news.de\/de\/deutschland\/kreml-europa-wird-zur-kriegspartei\/#primaryimage\"},\"thumbnailUrl\":\"https:\/\/now-news.de\/de\/wp-content\/uploads\/sites\/3\/2025\/03\/Kreml-Europa-wird-zur-quotKriegsparteiquot.jpg\",\"datePublished\":\"2025-03-20T13:51:07+00:00\",\"dateModified\":\"2025-03-20T13:51:07+00:00\",\"breadcrumb\":{\"@id\":\"https:\/\/now-news.de\/de\/deutschland\/kreml-europa-wird-zur-kriegspartei\/#breadcrumb\"},\"inLanguage\":\"de\",\"potentialAction\":[{\"@type\":\"ReadAction\",\"target\":[\"https:\/\/now-news.de\/de\/deutschland\/kreml-europa-wird-zur-kriegspartei\/\"]}]},{\"@type\":\"ImageObject\",\"inLanguage\":\"de\",\"@id\":\"https:\/\/now-news.de\/de\/deutschland\/kreml-europa-wird-zur-kriegspartei\/#primaryimage\",\"url\":\"https:\/\/now-news.de\/de\/wp-content\/uploads\/sites\/3\/2025\/03\/Kreml-Europa-wird-zur-quotKriegsparteiquot.jpg\",\"contentUrl\":\"https:\/\/now-news.de\/de\/wp-content\/uploads\/sites\/3\/2025\/03\/Kreml-Europa-wird-zur-quotKriegsparteiquot.jpg\",\"width\":460,\"height\":259,\"caption\":\"Kreml: Europa wird zur &quot;Kriegspartei&quot;\"},{\"@type\":\"BreadcrumbList\",\"@id\":\"https:\/\/now-news.de\/de\/deutschland\/kreml-europa-wird-zur-kriegspartei\/#breadcrumb\",\"itemListElement\":[{\"@type\":\"ListItem\",\"position\":1,\"name\":\"Home\",\"item\":\"https:\/\/now-news.de\/de\/\"},{\"@type\":\"ListItem\",\"position\":2,\"name\":\"Kreml: Europa wird zur &quot;Kriegspartei&quot;\"}]},{\"@type\":\"WebSite\",\"@id\":\"https:\/\/now-news.de\/de\/#website\",\"url\":\"https:\/\/now-news.de\/de\/\",\"name\":\"just-now.NEWS Deutschland\",\"description\":\"Das Portal f\u00fcr unzensierte Nachrichten aus der Welt\",\"publisher\":{\"@id\":\"https:\/\/now-news.de\/de\/#organization\"},\"potentialAction\":[{\"@type\":\"SearchAction\",\"target\":{\"@type\":\"EntryPoint\",\"urlTemplate\":\"https:\/\/now-news.de\/de\/?s={search_term_string}\"},\"query-input\":\"required name=search_term_string\"}],\"inLanguage\":\"de\"},{\"@type\":\"Organization\",\"@id\":\"https:\/\/now-news.de\/de\/#organization\",\"name\":\"Just Now News\",\"url\":\"https:\/\/now-news.de\/de\/\",\"logo\":{\"@type\":\"ImageObject\",\"inLanguage\":\"de\",\"@id\":\"https:\/\/now-news.de\/de\/#\/schema\/logo\/image\/\",\"url\":\"http:\/\/just-now.news\/de\/wp-content\/uploads\/sites\/3\/2022\/04\/logo500x500.jpg\",\"contentUrl\":\"http:\/\/just-now.news\/de\/wp-content\/uploads\/sites\/3\/2022\/04\/logo500x500.jpg\",\"width\":500,\"height\":500,\"caption\":\"Just Now News\"},\"image\":{\"@id\":\"https:\/\/now-news.de\/de\/#\/schema\/logo\/image\/\"},\"sameAs\":[\"https:\/\/www.facebook.com\/wirmachenauf\",\"https:\/\/x.com\/WirMachenAuf_de\"]},{\"@type\":\"Person\",\"@id\":\"https:\/\/now-news.de\/de\/#\/schema\/person\/fb534a4e865501d8b3285208df34a9b5\",\"name\":\"rtnews\",\"image\":{\"@type\":\"ImageObject\",\"inLanguage\":\"de\",\"@id\":\"https:\/\/now-news.de\/de\/#\/schema\/person\/image\/\",\"url\":\"https:\/\/secure.gravatar.com\/avatar\/82aafea7d8127119dd649515f56e2117?s=96&d=mm&r=g\",\"contentUrl\":\"https:\/\/secure.gravatar.com\/avatar\/82aafea7d8127119dd649515f56e2117?s=96&d=mm&r=g\",\"caption\":\"rtnews\"},\"url\":\"https:\/\/now-news.de\/de\/author\/rnews\/\"}]}<\/script>\n<!-- \/ Yoast SEO Premium plugin. -->","yoast_head_json":{"title":"Kreml: Europa wird zur &quot;Kriegspartei&quot; - just-now.NEWS Deutschland","robots":{"index":"index","follow":"follow","max-snippet":"max-snippet:-1","max-image-preview":"max-image-preview:large","max-video-preview":"max-video-preview:-1"},"canonical":"https:\/\/now-news.de\/de\/deutschland\/kreml-europa-wird-zur-kriegspartei\/","og_locale":"de_DE","og_type":"article","og_title":"Kreml: Europa wird zur &quot;Kriegspartei&quot;","og_description":"Die Militarisierungspl\u00e4ne der EU stehen im Widerspruch zu den Bem\u00fchungen um eine friedliche Beilegung des Ukraine-Konflikts. Br\u00fcssel habe keine Signale der Bereitschaft zur Teilnahme an den Verhandlungen gesendet, so Peskow. Europa k\u00fcndigte an, aufr\u00fcsten zu wollen, nachdem die US-Hilfe f\u00fcr Kiew eingestellt worden war. Die Pl\u00e4ne zur Militarisierung der EU deuten darauf hin, dass sie [&hellip;]","og_url":"https:\/\/now-news.de\/de\/deutschland\/kreml-europa-wird-zur-kriegspartei\/","og_site_name":"just-now.NEWS Deutschland","article_publisher":"https:\/\/www.facebook.com\/wirmachenauf","article_published_time":"2025-03-20T13:51:07+00:00","og_image":[{"url":"https:\/\/now-news.de\/de\/wp-content\/uploads\/sites\/3\/2025\/03\/67dc1846b480cc709861c48a.jpg"}],"author":"rtnews","twitter_card":"summary_large_image","twitter_creator":"@WirMachenAuf_de","twitter_site":"@WirMachenAuf_de","twitter_misc":{"Verfasst von":"rtnews","Gesch\u00e4tzte Lesezeit":"3\u00a0Minuten"},"schema":{"@context":"https:\/\/schema.org","@graph":[{"@type":"Article","@id":"https:\/\/now-news.de\/de\/deutschland\/kreml-europa-wird-zur-kriegspartei\/#article","isPartOf":{"@id":"https:\/\/now-news.de\/de\/deutschland\/kreml-europa-wird-zur-kriegspartei\/"},"author":{"name":"rtnews","@id":"https:\/\/now-news.de\/de\/#\/schema\/person\/fb534a4e865501d8b3285208df34a9b5"},"headline":"Kreml: Europa wird zur &quot;Kriegspartei&quot;","datePublished":"2025-03-20T13:51:07+00:00","dateModified":"2025-03-20T13:51:07+00:00","mainEntityOfPage":{"@id":"https:\/\/now-news.de\/de\/deutschland\/kreml-europa-wird-zur-kriegspartei\/"},"wordCount":524,"commentCount":0,"publisher":{"@id":"https:\/\/now-news.de\/de\/#organization"},"image":{"@id":"https:\/\/now-news.de\/de\/deutschland\/kreml-europa-wird-zur-kriegspartei\/#primaryimage"},"thumbnailUrl":"https:\/\/now-news.de\/de\/wp-content\/uploads\/sites\/3\/2025\/03\/Kreml-Europa-wird-zur-quotKriegsparteiquot.jpg","keywords":["Europa","Kreml","quotKriegsparteiquot","wird","zur"],"articleSection":["Deutschland","Russland"],"inLanguage":"de","potentialAction":[{"@type":"CommentAction","name":"Comment","target":["https:\/\/now-news.de\/de\/deutschland\/kreml-europa-wird-zur-kriegspartei\/#respond"]}]},{"@type":"WebPage","@id":"https:\/\/now-news.de\/de\/deutschland\/kreml-europa-wird-zur-kriegspartei\/","url":"https:\/\/now-news.de\/de\/deutschland\/kreml-europa-wird-zur-kriegspartei\/","name":"Kreml: Europa wird zur &quot;Kriegspartei&quot; - just-now.NEWS Deutschland","isPartOf":{"@id":"https:\/\/now-news.de\/de\/#website"},"primaryImageOfPage":{"@id":"https:\/\/now-news.de\/de\/deutschland\/kreml-europa-wird-zur-kriegspartei\/#primaryimage"},"image":{"@id":"https:\/\/now-news.de\/de\/deutschland\/kreml-europa-wird-zur-kriegspartei\/#primaryimage"},"thumbnailUrl":"https:\/\/now-news.de\/de\/wp-content\/uploads\/sites\/3\/2025\/03\/Kreml-Europa-wird-zur-quotKriegsparteiquot.jpg","datePublished":"2025-03-20T13:51:07+00:00","dateModified":"2025-03-20T13:51:07+00:00","breadcrumb":{"@id":"https:\/\/now-news.de\/de\/deutschland\/kreml-europa-wird-zur-kriegspartei\/#breadcrumb"},"inLanguage":"de","potentialAction":[{"@type":"ReadAction","target":["https:\/\/now-news.de\/de\/deutschland\/kreml-europa-wird-zur-kriegspartei\/"]}]},{"@type":"ImageObject","inLanguage":"de","@id":"https:\/\/now-news.de\/de\/deutschland\/kreml-europa-wird-zur-kriegspartei\/#primaryimage","url":"https:\/\/now-news.de\/de\/wp-content\/uploads\/sites\/3\/2025\/03\/Kreml-Europa-wird-zur-quotKriegsparteiquot.jpg","contentUrl":"https:\/\/now-news.de\/de\/wp-content\/uploads\/sites\/3\/2025\/03\/Kreml-Europa-wird-zur-quotKriegsparteiquot.jpg","width":460,"height":259,"caption":"Kreml: Europa wird zur &quot;Kriegspartei&quot;"},{"@type":"BreadcrumbList","@id":"https:\/\/now-news.de\/de\/deutschland\/kreml-europa-wird-zur-kriegspartei\/#breadcrumb","itemListElement":[{"@type":"ListItem","position":1,"name":"Home","item":"https:\/\/now-news.de\/de\/"},{"@type":"ListItem","position":2,"name":"Kreml: Europa wird zur &quot;Kriegspartei&quot;"}]},{"@type":"WebSite","@id":"https:\/\/now-news.de\/de\/#website","url":"https:\/\/now-news.de\/de\/","name":"just-now.NEWS Deutschland","description":"Das Portal f\u00fcr unzensierte Nachrichten aus der Welt","publisher":{"@id":"https:\/\/now-news.de\/de\/#organization"},"potentialAction":[{"@type":"SearchAction","target":{"@type":"EntryPoint","urlTemplate":"https:\/\/now-news.de\/de\/?s={search_term_string}"},"query-input":"required name=search_term_string"}],"inLanguage":"de"},{"@type":"Organization","@id":"https:\/\/now-news.de\/de\/#organization","name":"Just Now News","url":"https:\/\/now-news.de\/de\/","logo":{"@type":"ImageObject","inLanguage":"de","@id":"https:\/\/now-news.de\/de\/#\/schema\/logo\/image\/","url":"http:\/\/just-now.news\/de\/wp-content\/uploads\/sites\/3\/2022\/04\/logo500x500.jpg","contentUrl":"http:\/\/just-now.news\/de\/wp-content\/uploads\/sites\/3\/2022\/04\/logo500x500.jpg","width":500,"height":500,"caption":"Just Now News"},"image":{"@id":"https:\/\/now-news.de\/de\/#\/schema\/logo\/image\/"},"sameAs":["https:\/\/www.facebook.com\/wirmachenauf","https:\/\/x.com\/WirMachenAuf_de"]},{"@type":"Person","@id":"https:\/\/now-news.de\/de\/#\/schema\/person\/fb534a4e865501d8b3285208df34a9b5","name":"rtnews","image":{"@type":"ImageObject","inLanguage":"de","@id":"https:\/\/now-news.de\/de\/#\/schema\/person\/image\/","url":"https:\/\/secure.gravatar.com\/avatar\/82aafea7d8127119dd649515f56e2117?s=96&d=mm&r=g","contentUrl":"https:\/\/secure.gravatar.com\/avatar\/82aafea7d8127119dd649515f56e2117?s=96&d=mm&r=g","caption":"rtnews"},"url":"https:\/\/now-news.de\/de\/author\/rnews\/"}]}},"_links":{"self":[{"href":"https:\/\/now-news.de\/de\/wp-json\/wp\/v2\/posts\/80605"}],"collection":[{"href":"https:\/\/now-news.de\/de\/wp-json\/wp\/v2\/posts"}],"about":[{"href":"https:\/\/now-news.de\/de\/wp-json\/wp\/v2\/types\/post"}],"author":[{"embeddable":true,"href":"https:\/\/now-news.de\/de\/wp-json\/wp\/v2\/users\/3"}],"replies":[{"embeddable":true,"href":"https:\/\/now-news.de\/de\/wp-json\/wp\/v2\/comments?post=80605"}],"version-history":[{"count":0,"href":"https:\/\/now-news.de\/de\/wp-json\/wp\/v2\/posts\/80605\/revisions"}],"wp:featuredmedia":[{"embeddable":true,"href":"https:\/\/now-news.de\/de\/wp-json\/wp\/v2\/media\/80606"}],"wp:attachment":[{"href":"https:\/\/now-news.de\/de\/wp-json\/wp\/v2\/media?parent=80605"}],"wp:term":[{"taxonomy":"category","embeddable":true,"href":"https:\/\/now-news.de\/de\/wp-json\/wp\/v2\/categories?post=80605"},{"taxonomy":"post_tag","embeddable":true,"href":"https:\/\/now-news.de\/de\/wp-json\/wp\/v2\/tags?post=80605"}],"curies":[{"name":"wp","href":"https:\/\/api.w.org\/{rel}","templated":true}]}}