{"id":80589,"date":"2025-03-20T09:27:57","date_gmt":"2025-03-20T07:27:57","guid":{"rendered":"https:\/\/now-news.de\/de\/deutschland\/mexiko-weiteres-vernichtungslager-der-drogenkartelle-entdeckt\/"},"modified":"2025-03-20T09:27:57","modified_gmt":"2025-03-20T07:27:57","slug":"mexiko-weiteres-vernichtungslager-der-drogenkartelle-entdeckt","status":"publish","type":"post","link":"https:\/\/now-news.de\/de\/deutschland\/mexiko-weiteres-vernichtungslager-der-drogenkartelle-entdeckt\/","title":{"rendered":"Mexiko: Weiteres Vernichtungslager der Drogenkartelle entdeckt"},"content":{"rendered":"<p><img decoding=\"async\" src=\"https:\/\/now-news.de\/de\/wp-content\/uploads\/sites\/3\/2025\/03\/67db24ffb480cc334046146a.jpg\" \/><\/p>\n<div class=\"Text-root Text-type_1 \">\n                Dass Drogenkartelle in Mexiko im gro\u00dfen Stil entf\u00fchren und morden, ist l\u00e4nger bekannt. Diese Woche erregte die Entdeckung eines regelrechten Todeslagers, in dem f\u00fcr die Mafia &#8220;rekrutierte&#8221; Jugendliche gehalten und get\u00f6tet wurden, Aufsehen. In Europa blieb die Nachricht fast unbemerkt.\n            <\/div>\n<p><\/p>\n<div class=\"Text-root Text-type_5 ArticleView-text ViewText-root \">\n<p><em>Von Oleg Jassinski<\/em><\/p>\n<p>Eine der Nachrichten der letzten Tage, die fast \u00fcberall auf der Welt unbemerkt blieb, war die Entdeckung eines weiteren Massengrabes in Mexiko, die ein Schlaglicht auf die Lage in dem lateinamerikanischen Land wirft.<\/p>\n<p>Vor einigen Tagen entdeckten Menschenrechtsaktivisten nur eine Autostunde entfernt von der Touristenstadt Guadalajara, der Hauptstadt des Bundesstaates Jalisco, die als Geburtsort des Tequila weltber\u00fchmt ist, ein Todeslager eines Drogenkartells auf der Ranch Izaguirre. Auf dem Anwesen wurden verkohlte menschliche \u00dcberreste, pers\u00f6nliche Gegenst\u00e4nde, darunter mehr als 200 Paar Schuhe, und lange Listen von Opfern gefunden, die \u2013 der eigenen Namen beraubt \u2013 darin unter Spitznamen gef\u00fchrt wurden.<\/p>\n<p>Die Ranch Izaguirre war ein Rekrutierungszentrum f\u00fcr arme, arbeitslose Jugendliche, die dem Kartell &#8220;Jalisco Nueva Generaci\u00f3n&#8221; (&#8220;Neue Generation von Jalisco&#8221;) dienen sollten. Die get\u00e4uschten jungen M\u00e4nner und Frauen wurden zu Sklaven und willenlosen Vollstreckern der KZ-Leitung gemacht. Die Ranch wurde zu einem Zentrum der Folter, des Mordes, der Vergewaltigung, der P\u00e4dophilie, der Zerst\u00fcckelung und des Verschwindenlassens von Leichen. Zu letzterem Zweck gab es, wie es sich f\u00fcr ein Todeslager geh\u00f6rt, ein Krematorium.<\/p>\n<p>In Mexiko z\u00e4hlt man aktuell etwa 120.000 &#8220;Vermisste&#8221;, die verkohlten Gebeine der &#8220;Neuen Generation von Jalisco&#8221; auf der Ranch Izaguirre stehen f\u00fcr einen nur kleinen Teil der Vermisstenf\u00e4lle. Wie viele genau auf der Todesranch ermordet wurden, wird noch gez\u00e4hlt. <em>El Pais<\/em>\u00a0<a rel=\"nofollow noopener\" target=\"_blank\" href=\"https:\/\/english.elpais.com\/international\/2025-03-17\/at-the-horror-ranch-in-mexico-when-i-saw-what-happened-i-couldnt-speak-i-started-to-cry.html\">berichtet<\/a>, dass bislang die Gebeine \u2013 vielfach nur kleine Knochensplitter \u2013 von \u00fcber 1.000 Menschen identifiziert wurden. Ein Zwischenstand, die Ermittler und Gerichtsmediziner stehen ganz am Anfang.<\/p>\n<p>Presse und Fernsehen sind es gewohnt, die Drogenkartelle zur Hauptursache des \u00dcbels zu erkl\u00e4ren. In Wahrheit sind die Kartelle nicht die Ursache, sondern Folge und ein unvermeidbares Element des modernen peripheren Kapitalismus. Die Kartelle sind seine effizientesten und kosteng\u00fcnstigsten Organisationen, die ohne B\u00fcrokratie und ohne Demagogie \u00fcber das Gemeinwohl richten. Ihre Existenz dient als Rechtfertigung f\u00fcr staatliche Repression, die die Korruption, auf der das System beruht, perfekt deckt. Das Ziel der lateinamerikanischen Drogenkartelle ist es, den wachsenden und immer anspruchsvolleren Markt der &#8220;zivilisierten Welt&#8221; mit &#8220;Qualit\u00e4tsprodukten&#8221; zu s\u00e4ttigen. Dabei ist es kein Geheimnis, dass sie alle von den USA aus gesteuert werden, wo der L\u00f6wenanteil des Profits und ein idealer Grund f\u00fcr milit\u00e4rische Interventionen in diesen L\u00e4ndern verbleibt.<\/p>\n<p>Armen Jugendlichen aus armen Familien wird die Rolle von Zahlen in Regierungsberichten und Spitznamen auf KZ-Listen zugewiesen. Und die demokratische Weltpresse kann den gelangweilten Normalb\u00fcrger von Zeit zu Zeit mit schrecklichen Details unterhalten und ihn daran erinnern, dass in seinem eigenen Leben nicht alles schlimm ist.<\/p>\n<p><em><strong>Oleg Jassinski\u00a0<\/strong>(englische Transliteration: Yasinsky), ein aus der Ukraine stammender Journalist, lebt \u00fcberwiegend in Chile und schreibt f\u00fcr &#8220;<a rel=\"nofollow noopener\" target=\"_blank\" href=\"https:\/\/actualidad.rt.com\/opinion\/oleg-yasinsky\">RT Espa\u00f1ol<\/a>&#8221;\u00a0sowie unabh\u00e4ngige lateinamerikanische Medien wie &#8220;Pressenza.com&#8221; und &#8220;Desinformemonos.org&#8221;. Man kann ihm auch auf seinem\u00a0<a rel=\"nofollow noopener\" target=\"_blank\" href=\"https:\/\/t.me\/olegyasynsky\">Telegram-Kanal<\/a>\u00a0folgen.<\/em><\/p>\n<p><strong>Mehr zum Thema<\/strong> \u2013 <a rel=\"nofollow noopener\" target=\"_blank\" href=\"https:\/\/freedert.online\/meinung\/174491-kein-ausweg-aus-drogenkrieg-in-mexiko-ohne-sozialen-wandel\/\">Kein Ausweg aus dem Drogenkrieg in Mexiko? Nicht ohne sozialen Wandel<\/a><\/p>\n<div class=\"EmbedBlock-root EmbedBlock-externalVideo EmbedBlock-rumble\">\n<div class=\"VkEmbed\"><iframe class=\"lazyload\" data-src=\"https:\/\/rumble.com\/embed\/v657pjj\" frameborder=\"0\" width=\"853\" height=\"480\" allowfullscreen><\/iframe><\/div>\n<\/div>\n<\/div>\n<p><br \/>\n<br \/><a href=\"https:\/\/de.rt.com\/amerika\/240099-mexiko-neues-vernichtungslager-drogenkartelle-entdeckt\/\">Source link <\/a><\/p>\n","protected":false},"excerpt":{"rendered":"<p>Dass Drogenkartelle in Mexiko im gro\u00dfen Stil entf\u00fchren und morden, ist l\u00e4nger bekannt. Diese Woche erregte die Entdeckung eines regelrechten Todeslagers, in dem f\u00fcr die Mafia &#8220;rekrutierte&#8221; Jugendliche gehalten und get\u00f6tet wurden, Aufsehen. In Europa blieb die Nachricht fast unbemerkt. Von Oleg Jassinski Eine der Nachrichten der letzten Tage, die fast \u00fcberall auf der Welt [&hellip;]<\/p>\n","protected":false},"author":3,"featured_media":80590,"comment_status":"open","ping_status":"open","sticky":false,"template":"","format":"standard","meta":{"_yoast_indexnow_last_ping":["1742456519"],"wp_automatic_camp":["217"],"3931a73d0adc2b55cbbba43aaaaed2a3":["Mexiko: Weiteres Vernichtungslager der Drogenkartelle entdeckt"],"original_link":["https:\/\/de.rt.com\/amerika\/240099-mexiko-neues-vernichtungslager-drogenkartelle-entdeckt\/"],"_thumbnail_id":["80590"],"jnews_social_counter_last_update":["1777313391"],"_wptgpro_p2tg_sent2tg":["a:1:{i:23737;s:19:\"2025-03-20 09:44:16\";}"]},"categories":[19,23],"tags":[82,62655,14434,543,63592,20165],"yoast_head":"<!-- This site is optimized with the Yoast SEO Premium plugin v22.7 (Yoast SEO v22.7) - https:\/\/yoast.com\/wordpress\/plugins\/seo\/ -->\n<title>Mexiko: Weiteres Vernichtungslager der Drogenkartelle entdeckt - just-now.NEWS Deutschland<\/title>\n<meta name=\"robots\" content=\"index, follow, max-snippet:-1, max-image-preview:large, max-video-preview:-1\" \/>\n<link rel=\"canonical\" href=\"https:\/\/now-news.de\/de\/deutschland\/mexiko-weiteres-vernichtungslager-der-drogenkartelle-entdeckt\/\" \/>\n<meta property=\"og:locale\" content=\"de_DE\" \/>\n<meta property=\"og:type\" content=\"article\" \/>\n<meta property=\"og:title\" content=\"Mexiko: Weiteres Vernichtungslager der Drogenkartelle entdeckt\" \/>\n<meta property=\"og:description\" content=\"Dass Drogenkartelle in Mexiko im gro\u00dfen Stil entf\u00fchren und morden, ist l\u00e4nger bekannt. Diese Woche erregte die Entdeckung eines regelrechten Todeslagers, in dem f\u00fcr die Mafia &#8220;rekrutierte&#8221; Jugendliche gehalten und get\u00f6tet wurden, Aufsehen. In Europa blieb die Nachricht fast unbemerkt. Von Oleg Jassinski Eine der Nachrichten der letzten Tage, die fast \u00fcberall auf der Welt [&hellip;]\" \/>\n<meta property=\"og:url\" content=\"https:\/\/now-news.de\/de\/deutschland\/mexiko-weiteres-vernichtungslager-der-drogenkartelle-entdeckt\/\" \/>\n<meta property=\"og:site_name\" content=\"just-now.NEWS Deutschland\" \/>\n<meta property=\"article:publisher\" content=\"https:\/\/www.facebook.com\/wirmachenauf\" \/>\n<meta property=\"article:published_time\" content=\"2025-03-20T07:27:57+00:00\" \/>\n<meta property=\"og:image\" content=\"https:\/\/now-news.de\/de\/wp-content\/uploads\/sites\/3\/2025\/03\/67db24ffb480cc334046146a.jpg\" \/>\n<meta name=\"author\" content=\"rtnews\" \/>\n<meta name=\"twitter:card\" content=\"summary_large_image\" \/>\n<meta name=\"twitter:creator\" content=\"@WirMachenAuf_de\" \/>\n<meta name=\"twitter:site\" content=\"@WirMachenAuf_de\" \/>\n<meta name=\"twitter:label1\" content=\"Verfasst von\" \/>\n\t<meta name=\"twitter:data1\" content=\"rtnews\" \/>\n\t<meta name=\"twitter:label2\" content=\"Gesch\u00e4tzte Lesezeit\" \/>\n\t<meta name=\"twitter:data2\" content=\"3\u00a0Minuten\" \/>\n<script type=\"application\/ld+json\" class=\"yoast-schema-graph\">{\"@context\":\"https:\/\/schema.org\",\"@graph\":[{\"@type\":\"Article\",\"@id\":\"https:\/\/now-news.de\/de\/deutschland\/mexiko-weiteres-vernichtungslager-der-drogenkartelle-entdeckt\/#article\",\"isPartOf\":{\"@id\":\"https:\/\/now-news.de\/de\/deutschland\/mexiko-weiteres-vernichtungslager-der-drogenkartelle-entdeckt\/\"},\"author\":{\"name\":\"rtnews\",\"@id\":\"https:\/\/now-news.de\/de\/#\/schema\/person\/fb534a4e865501d8b3285208df34a9b5\"},\"headline\":\"Mexiko: Weiteres Vernichtungslager der Drogenkartelle entdeckt\",\"datePublished\":\"2025-03-20T07:27:57+00:00\",\"dateModified\":\"2025-03-20T07:27:57+00:00\",\"mainEntityOfPage\":{\"@id\":\"https:\/\/now-news.de\/de\/deutschland\/mexiko-weiteres-vernichtungslager-der-drogenkartelle-entdeckt\/\"},\"wordCount\":535,\"commentCount\":0,\"publisher\":{\"@id\":\"https:\/\/now-news.de\/de\/#organization\"},\"image\":{\"@id\":\"https:\/\/now-news.de\/de\/deutschland\/mexiko-weiteres-vernichtungslager-der-drogenkartelle-entdeckt\/#primaryimage\"},\"thumbnailUrl\":\"https:\/\/now-news.de\/de\/wp-content\/uploads\/sites\/3\/2025\/03\/Mexiko-Weiteres-Vernichtungslager-der-Drogenkartelle-entdeckt.jpg\",\"keywords\":[\"der\",\"Drogenkartelle\",\"entdeckt\",\"Mexiko\",\"Vernichtungslager\",\"weiteres\"],\"articleSection\":[\"Deutschland\",\"Russland\"],\"inLanguage\":\"de\",\"potentialAction\":[{\"@type\":\"CommentAction\",\"name\":\"Comment\",\"target\":[\"https:\/\/now-news.de\/de\/deutschland\/mexiko-weiteres-vernichtungslager-der-drogenkartelle-entdeckt\/#respond\"]}]},{\"@type\":\"WebPage\",\"@id\":\"https:\/\/now-news.de\/de\/deutschland\/mexiko-weiteres-vernichtungslager-der-drogenkartelle-entdeckt\/\",\"url\":\"https:\/\/now-news.de\/de\/deutschland\/mexiko-weiteres-vernichtungslager-der-drogenkartelle-entdeckt\/\",\"name\":\"Mexiko: Weiteres Vernichtungslager der Drogenkartelle entdeckt - just-now.NEWS Deutschland\",\"isPartOf\":{\"@id\":\"https:\/\/now-news.de\/de\/#website\"},\"primaryImageOfPage\":{\"@id\":\"https:\/\/now-news.de\/de\/deutschland\/mexiko-weiteres-vernichtungslager-der-drogenkartelle-entdeckt\/#primaryimage\"},\"image\":{\"@id\":\"https:\/\/now-news.de\/de\/deutschland\/mexiko-weiteres-vernichtungslager-der-drogenkartelle-entdeckt\/#primaryimage\"},\"thumbnailUrl\":\"https:\/\/now-news.de\/de\/wp-content\/uploads\/sites\/3\/2025\/03\/Mexiko-Weiteres-Vernichtungslager-der-Drogenkartelle-entdeckt.jpg\",\"datePublished\":\"2025-03-20T07:27:57+00:00\",\"dateModified\":\"2025-03-20T07:27:57+00:00\",\"breadcrumb\":{\"@id\":\"https:\/\/now-news.de\/de\/deutschland\/mexiko-weiteres-vernichtungslager-der-drogenkartelle-entdeckt\/#breadcrumb\"},\"inLanguage\":\"de\",\"potentialAction\":[{\"@type\":\"ReadAction\",\"target\":[\"https:\/\/now-news.de\/de\/deutschland\/mexiko-weiteres-vernichtungslager-der-drogenkartelle-entdeckt\/\"]}]},{\"@type\":\"ImageObject\",\"inLanguage\":\"de\",\"@id\":\"https:\/\/now-news.de\/de\/deutschland\/mexiko-weiteres-vernichtungslager-der-drogenkartelle-entdeckt\/#primaryimage\",\"url\":\"https:\/\/now-news.de\/de\/wp-content\/uploads\/sites\/3\/2025\/03\/Mexiko-Weiteres-Vernichtungslager-der-Drogenkartelle-entdeckt.jpg\",\"contentUrl\":\"https:\/\/now-news.de\/de\/wp-content\/uploads\/sites\/3\/2025\/03\/Mexiko-Weiteres-Vernichtungslager-der-Drogenkartelle-entdeckt.jpg\",\"width\":460,\"height\":259,\"caption\":\"Mexiko: Weiteres Vernichtungslager der Drogenkartelle entdeckt\"},{\"@type\":\"BreadcrumbList\",\"@id\":\"https:\/\/now-news.de\/de\/deutschland\/mexiko-weiteres-vernichtungslager-der-drogenkartelle-entdeckt\/#breadcrumb\",\"itemListElement\":[{\"@type\":\"ListItem\",\"position\":1,\"name\":\"Home\",\"item\":\"https:\/\/now-news.de\/de\/\"},{\"@type\":\"ListItem\",\"position\":2,\"name\":\"Mexiko: Weiteres Vernichtungslager der Drogenkartelle entdeckt\"}]},{\"@type\":\"WebSite\",\"@id\":\"https:\/\/now-news.de\/de\/#website\",\"url\":\"https:\/\/now-news.de\/de\/\",\"name\":\"just-now.NEWS Deutschland\",\"description\":\"Das Portal f\u00fcr unzensierte Nachrichten aus der Welt\",\"publisher\":{\"@id\":\"https:\/\/now-news.de\/de\/#organization\"},\"potentialAction\":[{\"@type\":\"SearchAction\",\"target\":{\"@type\":\"EntryPoint\",\"urlTemplate\":\"https:\/\/now-news.de\/de\/?s={search_term_string}\"},\"query-input\":\"required name=search_term_string\"}],\"inLanguage\":\"de\"},{\"@type\":\"Organization\",\"@id\":\"https:\/\/now-news.de\/de\/#organization\",\"name\":\"Just Now News\",\"url\":\"https:\/\/now-news.de\/de\/\",\"logo\":{\"@type\":\"ImageObject\",\"inLanguage\":\"de\",\"@id\":\"https:\/\/now-news.de\/de\/#\/schema\/logo\/image\/\",\"url\":\"http:\/\/just-now.news\/de\/wp-content\/uploads\/sites\/3\/2022\/04\/logo500x500.jpg\",\"contentUrl\":\"http:\/\/just-now.news\/de\/wp-content\/uploads\/sites\/3\/2022\/04\/logo500x500.jpg\",\"width\":500,\"height\":500,\"caption\":\"Just Now News\"},\"image\":{\"@id\":\"https:\/\/now-news.de\/de\/#\/schema\/logo\/image\/\"},\"sameAs\":[\"https:\/\/www.facebook.com\/wirmachenauf\",\"https:\/\/x.com\/WirMachenAuf_de\"]},{\"@type\":\"Person\",\"@id\":\"https:\/\/now-news.de\/de\/#\/schema\/person\/fb534a4e865501d8b3285208df34a9b5\",\"name\":\"rtnews\",\"image\":{\"@type\":\"ImageObject\",\"inLanguage\":\"de\",\"@id\":\"https:\/\/now-news.de\/de\/#\/schema\/person\/image\/\",\"url\":\"https:\/\/secure.gravatar.com\/avatar\/82aafea7d8127119dd649515f56e2117?s=96&d=mm&r=g\",\"contentUrl\":\"https:\/\/secure.gravatar.com\/avatar\/82aafea7d8127119dd649515f56e2117?s=96&d=mm&r=g\",\"caption\":\"rtnews\"},\"url\":\"https:\/\/now-news.de\/de\/author\/rnews\/\"}]}<\/script>\n<!-- \/ Yoast SEO Premium plugin. -->","yoast_head_json":{"title":"Mexiko: Weiteres Vernichtungslager der Drogenkartelle entdeckt - just-now.NEWS Deutschland","robots":{"index":"index","follow":"follow","max-snippet":"max-snippet:-1","max-image-preview":"max-image-preview:large","max-video-preview":"max-video-preview:-1"},"canonical":"https:\/\/now-news.de\/de\/deutschland\/mexiko-weiteres-vernichtungslager-der-drogenkartelle-entdeckt\/","og_locale":"de_DE","og_type":"article","og_title":"Mexiko: Weiteres Vernichtungslager der Drogenkartelle entdeckt","og_description":"Dass Drogenkartelle in Mexiko im gro\u00dfen Stil entf\u00fchren und morden, ist l\u00e4nger bekannt. Diese Woche erregte die Entdeckung eines regelrechten Todeslagers, in dem f\u00fcr die Mafia &#8220;rekrutierte&#8221; Jugendliche gehalten und get\u00f6tet wurden, Aufsehen. In Europa blieb die Nachricht fast unbemerkt. Von Oleg Jassinski Eine der Nachrichten der letzten Tage, die fast \u00fcberall auf der Welt [&hellip;]","og_url":"https:\/\/now-news.de\/de\/deutschland\/mexiko-weiteres-vernichtungslager-der-drogenkartelle-entdeckt\/","og_site_name":"just-now.NEWS Deutschland","article_publisher":"https:\/\/www.facebook.com\/wirmachenauf","article_published_time":"2025-03-20T07:27:57+00:00","og_image":[{"url":"https:\/\/now-news.de\/de\/wp-content\/uploads\/sites\/3\/2025\/03\/67db24ffb480cc334046146a.jpg"}],"author":"rtnews","twitter_card":"summary_large_image","twitter_creator":"@WirMachenAuf_de","twitter_site":"@WirMachenAuf_de","twitter_misc":{"Verfasst von":"rtnews","Gesch\u00e4tzte Lesezeit":"3\u00a0Minuten"},"schema":{"@context":"https:\/\/schema.org","@graph":[{"@type":"Article","@id":"https:\/\/now-news.de\/de\/deutschland\/mexiko-weiteres-vernichtungslager-der-drogenkartelle-entdeckt\/#article","isPartOf":{"@id":"https:\/\/now-news.de\/de\/deutschland\/mexiko-weiteres-vernichtungslager-der-drogenkartelle-entdeckt\/"},"author":{"name":"rtnews","@id":"https:\/\/now-news.de\/de\/#\/schema\/person\/fb534a4e865501d8b3285208df34a9b5"},"headline":"Mexiko: Weiteres Vernichtungslager der Drogenkartelle entdeckt","datePublished":"2025-03-20T07:27:57+00:00","dateModified":"2025-03-20T07:27:57+00:00","mainEntityOfPage":{"@id":"https:\/\/now-news.de\/de\/deutschland\/mexiko-weiteres-vernichtungslager-der-drogenkartelle-entdeckt\/"},"wordCount":535,"commentCount":0,"publisher":{"@id":"https:\/\/now-news.de\/de\/#organization"},"image":{"@id":"https:\/\/now-news.de\/de\/deutschland\/mexiko-weiteres-vernichtungslager-der-drogenkartelle-entdeckt\/#primaryimage"},"thumbnailUrl":"https:\/\/now-news.de\/de\/wp-content\/uploads\/sites\/3\/2025\/03\/Mexiko-Weiteres-Vernichtungslager-der-Drogenkartelle-entdeckt.jpg","keywords":["der","Drogenkartelle","entdeckt","Mexiko","Vernichtungslager","weiteres"],"articleSection":["Deutschland","Russland"],"inLanguage":"de","potentialAction":[{"@type":"CommentAction","name":"Comment","target":["https:\/\/now-news.de\/de\/deutschland\/mexiko-weiteres-vernichtungslager-der-drogenkartelle-entdeckt\/#respond"]}]},{"@type":"WebPage","@id":"https:\/\/now-news.de\/de\/deutschland\/mexiko-weiteres-vernichtungslager-der-drogenkartelle-entdeckt\/","url":"https:\/\/now-news.de\/de\/deutschland\/mexiko-weiteres-vernichtungslager-der-drogenkartelle-entdeckt\/","name":"Mexiko: Weiteres Vernichtungslager der Drogenkartelle entdeckt - just-now.NEWS Deutschland","isPartOf":{"@id":"https:\/\/now-news.de\/de\/#website"},"primaryImageOfPage":{"@id":"https:\/\/now-news.de\/de\/deutschland\/mexiko-weiteres-vernichtungslager-der-drogenkartelle-entdeckt\/#primaryimage"},"image":{"@id":"https:\/\/now-news.de\/de\/deutschland\/mexiko-weiteres-vernichtungslager-der-drogenkartelle-entdeckt\/#primaryimage"},"thumbnailUrl":"https:\/\/now-news.de\/de\/wp-content\/uploads\/sites\/3\/2025\/03\/Mexiko-Weiteres-Vernichtungslager-der-Drogenkartelle-entdeckt.jpg","datePublished":"2025-03-20T07:27:57+00:00","dateModified":"2025-03-20T07:27:57+00:00","breadcrumb":{"@id":"https:\/\/now-news.de\/de\/deutschland\/mexiko-weiteres-vernichtungslager-der-drogenkartelle-entdeckt\/#breadcrumb"},"inLanguage":"de","potentialAction":[{"@type":"ReadAction","target":["https:\/\/now-news.de\/de\/deutschland\/mexiko-weiteres-vernichtungslager-der-drogenkartelle-entdeckt\/"]}]},{"@type":"ImageObject","inLanguage":"de","@id":"https:\/\/now-news.de\/de\/deutschland\/mexiko-weiteres-vernichtungslager-der-drogenkartelle-entdeckt\/#primaryimage","url":"https:\/\/now-news.de\/de\/wp-content\/uploads\/sites\/3\/2025\/03\/Mexiko-Weiteres-Vernichtungslager-der-Drogenkartelle-entdeckt.jpg","contentUrl":"https:\/\/now-news.de\/de\/wp-content\/uploads\/sites\/3\/2025\/03\/Mexiko-Weiteres-Vernichtungslager-der-Drogenkartelle-entdeckt.jpg","width":460,"height":259,"caption":"Mexiko: Weiteres Vernichtungslager der Drogenkartelle entdeckt"},{"@type":"BreadcrumbList","@id":"https:\/\/now-news.de\/de\/deutschland\/mexiko-weiteres-vernichtungslager-der-drogenkartelle-entdeckt\/#breadcrumb","itemListElement":[{"@type":"ListItem","position":1,"name":"Home","item":"https:\/\/now-news.de\/de\/"},{"@type":"ListItem","position":2,"name":"Mexiko: Weiteres Vernichtungslager der Drogenkartelle entdeckt"}]},{"@type":"WebSite","@id":"https:\/\/now-news.de\/de\/#website","url":"https:\/\/now-news.de\/de\/","name":"just-now.NEWS Deutschland","description":"Das Portal f\u00fcr unzensierte Nachrichten aus der Welt","publisher":{"@id":"https:\/\/now-news.de\/de\/#organization"},"potentialAction":[{"@type":"SearchAction","target":{"@type":"EntryPoint","urlTemplate":"https:\/\/now-news.de\/de\/?s={search_term_string}"},"query-input":"required name=search_term_string"}],"inLanguage":"de"},{"@type":"Organization","@id":"https:\/\/now-news.de\/de\/#organization","name":"Just Now News","url":"https:\/\/now-news.de\/de\/","logo":{"@type":"ImageObject","inLanguage":"de","@id":"https:\/\/now-news.de\/de\/#\/schema\/logo\/image\/","url":"http:\/\/just-now.news\/de\/wp-content\/uploads\/sites\/3\/2022\/04\/logo500x500.jpg","contentUrl":"http:\/\/just-now.news\/de\/wp-content\/uploads\/sites\/3\/2022\/04\/logo500x500.jpg","width":500,"height":500,"caption":"Just Now News"},"image":{"@id":"https:\/\/now-news.de\/de\/#\/schema\/logo\/image\/"},"sameAs":["https:\/\/www.facebook.com\/wirmachenauf","https:\/\/x.com\/WirMachenAuf_de"]},{"@type":"Person","@id":"https:\/\/now-news.de\/de\/#\/schema\/person\/fb534a4e865501d8b3285208df34a9b5","name":"rtnews","image":{"@type":"ImageObject","inLanguage":"de","@id":"https:\/\/now-news.de\/de\/#\/schema\/person\/image\/","url":"https:\/\/secure.gravatar.com\/avatar\/82aafea7d8127119dd649515f56e2117?s=96&d=mm&r=g","contentUrl":"https:\/\/secure.gravatar.com\/avatar\/82aafea7d8127119dd649515f56e2117?s=96&d=mm&r=g","caption":"rtnews"},"url":"https:\/\/now-news.de\/de\/author\/rnews\/"}]}},"_links":{"self":[{"href":"https:\/\/now-news.de\/de\/wp-json\/wp\/v2\/posts\/80589"}],"collection":[{"href":"https:\/\/now-news.de\/de\/wp-json\/wp\/v2\/posts"}],"about":[{"href":"https:\/\/now-news.de\/de\/wp-json\/wp\/v2\/types\/post"}],"author":[{"embeddable":true,"href":"https:\/\/now-news.de\/de\/wp-json\/wp\/v2\/users\/3"}],"replies":[{"embeddable":true,"href":"https:\/\/now-news.de\/de\/wp-json\/wp\/v2\/comments?post=80589"}],"version-history":[{"count":0,"href":"https:\/\/now-news.de\/de\/wp-json\/wp\/v2\/posts\/80589\/revisions"}],"wp:featuredmedia":[{"embeddable":true,"href":"https:\/\/now-news.de\/de\/wp-json\/wp\/v2\/media\/80590"}],"wp:attachment":[{"href":"https:\/\/now-news.de\/de\/wp-json\/wp\/v2\/media?parent=80589"}],"wp:term":[{"taxonomy":"category","embeddable":true,"href":"https:\/\/now-news.de\/de\/wp-json\/wp\/v2\/categories?post=80589"},{"taxonomy":"post_tag","embeddable":true,"href":"https:\/\/now-news.de\/de\/wp-json\/wp\/v2\/tags?post=80589"}],"curies":[{"name":"wp","href":"https:\/\/api.w.org\/{rel}","templated":true}]}}