{"id":80585,"date":"2025-03-20T07:00:00","date_gmt":"2025-03-20T05:00:00","guid":{"rendered":"https:\/\/now-news.de\/de\/deutschland\/die-philosophie-der-multipolaritaet\/"},"modified":"2025-03-20T07:00:00","modified_gmt":"2025-03-20T05:00:00","slug":"die-philosophie-der-multipolaritaet","status":"publish","type":"post","link":"https:\/\/now-news.de\/de\/deutschland\/die-philosophie-der-multipolaritaet\/","title":{"rendered":"Die Philosophie der Multipolarit\u00e4t"},"content":{"rendered":"<p><img decoding=\"async\" src=\"https:\/\/now-news.de\/de\/wp-content\/uploads\/sites\/3\/2025\/03\/67d98af7b480cc2b2b7f964e.jpg\" \/><\/p>\n<div class=\"Text-root Text-type_1 \">\n                Die vom Westen versuchte Vereinnahmung der internationalen Rechtsordnung hat den Untergang der Unipolarit\u00e4t beschleunigt, der inzwischen auch von den USA anerkannt wird. Die Wahrung der internationalen Ordnung obliegt nunmehr dem Globalen S\u00fcden und regionalen Organisationen.\n            <\/div>\n<p><\/p>\n<div class=\"Text-root Text-type_5 ArticleView-text ViewText-root \">\n<p><em>Von Alexander Jakowenko<\/em><\/p>\n<p>Bei einem Gespr\u00e4ch mit dem Botschafter eines der asiatischen Staaten wurde die Frage aufgeworfen, was kleine L\u00e4nder im Zeitalter der Multipolarit\u00e4t zu erwarten haben. Auch in Washington wird der Eintritt dieser Epoche einger\u00e4umt, allerdings als ein \u00dcbergang zur &#8220;Gro\u00dfmachtpolitik&#8221; interpretiert.<\/p>\n<p>Bereits in den 1990er Jahren hatte Russland den Trend zur Multipolarit\u00e4t richtig anerkannt, der die Perspektiven der internationalen Beziehungen am Ende des Kalten Krieges und deren Entideologisierung zu bestimmen begann. Die Rede war von einer R\u00fcckkehr der internationalen Beziehungen in ihren nat\u00fcrlichen Zustand vor dem Zeitalter der ideologischen Konfrontation. Doch nicht mehr im engen Rahmen der europ\u00e4ischen Politik, sondern in einem globalen Format, das durch die Dekolonisierung ins Leben gerufen wurde. Sp\u00e4ter stellte sich ein Bewusstsein f\u00fcr die interzivilisatorischen Grundlage dieses Ph\u00e4nomens der internationalen Entwicklung ein.<\/p>\n<p>Die westlichen Eliten ben\u00f6tigten daf\u00fcr die gesamten vergangenen 30 Jahre. Und tats\u00e4chlich ist dieses Bewusstsein nur bei der neuen US-Administration unumkehrbar und eindeutig ausgepr\u00e4gt. In Europa wird die Realit\u00e4t der Multipolarisierung als Bedrohung der bestehenden Weltordnung aufgefasst, was aus dem j\u00fcngsten Bericht der M\u00fcnchner Sicherheitskonferenz direkt hervorgeht.<\/p>\n<p>Tats\u00e4chlich zerst\u00f6ren sowohl Washington als auch die EU\u00a0\u2013 zun\u00e4chst gemeinsam, inzwischen separat\u00a0\u2013 die Nachkriegsweltordnung, die sie f\u00fcr eine globale Hegemonie des Westens ausgeben. Trump verabsolutiert nun die Souver\u00e4nit\u00e4t und \u00fcbertr\u00e4gt die Beziehungen zu &#8220;Freunden und Gegnern&#8221; in ein einziges Transaktionsformat. Und indem die USA den Verb\u00fcndeten den Teppich der ideologischen Gemeinsamkeit unter den F\u00fc\u00dfen wegziehen \u2013 man erinnere sich nur an den Auftritt des US-Vizepr\u00e4sidenten J. D. Vance in M\u00fcnchen \u2013 zerst\u00f6ren sie g\u00e4nzlich den Westen als politische Gemeinschaft. In der\u00a0Folge werden viele der Instrumente der amerikanischen Vorherrschaft fortan ein Schattendasein f\u00fchren.<\/p>\n<p>In dieser Situation ist das Schicksal der internationalen Rechtsordnung mit ihren universellen, verbindlichen Instrumenten von zentraler Bedeutung. Deren Funktion war zun\u00e4chst durch die bipolare Konfrontation, dann durch das &#8220;unipolare Moment&#8221; eingeschr\u00e4nkt. Im letzten Jahrzehnt wurde diese Rechtsordnung seitens des Westens schlie\u00dflich negiert, in dem Versuch, sie durch die F\u00f6rderung irgendeiner &#8220;regelbasierten Weltordnung&#8221; zu vereinnahmen, die allein durch den Westen gewahrt und interpretiert werden sollte.<\/p>\n<p>Zum schillernden Beispiel dieser zersetzenden Arbeit wurde die europ\u00e4ische Politik rund um die Ukraine. Auf die Weigerung des Westens, den verfassungsfeindlichen Charakter des Staatsstreichs vom 22. Februar 2014 anzuerkennen, folgte zun\u00e4chst die Interpretation des Konflikts in der Ukraine als territorialer Konflikt statt als B\u00fcrgerkrieg \u2013 und zwar entgegen der Rechtsgrundlage der OSZE. Und die vom UN-Sicherheitsrat gebilligte Sabotage der Minsker Vertr\u00e4ge stellte nicht nur die Verhandlungsf\u00e4higkeit der westlichen Hauptst\u00e4dte, sondern auch die des von ihnen nach dem Muster Nazi-Deutschlands gef\u00f6rderten Kiewer Regimes grunds\u00e4tzlich infrage.<\/p>\n<p>Daher r\u00fchrt das schwer zu l\u00f6sende Problem der Garantien im Rahmen einer jeden \u00dcbereinkunft.\u00a0Und deshalb ist ein umfassender und kreativer Ansatz erforderlich, bei dem der Schwerpunkt auf konkreten Garantien liegt, um die traditionellen v\u00f6lkerrechtlichen Garantien zu untermauern. Auch eine Reform des Kontexts der europ\u00e4ischen Sicherheit ist unvermeidbar \u2013 dessen NATO-zentrische Architektur ist mittlerweile v\u00f6llig diskreditiert.<\/p>\n<p>Im Ergebnis zeigt sich, dass der Westen w\u00e4hrend all dieser Zeit in Bezug auf die internationale Rechtsordnung eine Taktik der &#8220;verbrannten Erde&#8221; nach dem Prinzip &#8220;So soll dich keiner haben!&#8221; verfolgte. Ein vorhersehbares Ende eines jeden Imperiums. Unter diesen Bedingungen wird die Verantwortung f\u00fcr die Aufrechterhaltung der internationalen Rechtsordnung nunmehr auf die nichtwestliche Weltmehrheit beziehungsweise den Globalen S\u00fcden, einschlie\u00dflich der BRICS+, \u00fcbertragen werden.<\/p>\n<p>Selbst wenn es zu einem teilweisen Zerfall kommen sollte, wird dieses positive historische Erbe der Menschheit, vor allem die Grunds\u00e4tze der UN-Charta, im Rahmen des Regionalisierungsprozesses reproduziert werden \u2013 auf der Ebene von Regionen und Makroregionen wie Eurasien (SOZ, ASEAN und andere). Und L\u00e4nder des historischen Westens sowie diejenigen, die sich mit ihm verbinden, werden ebenfalls in regionale Systeme eingebunden.<\/p>\n<p><em>\u00dcbersetzt aus dem <a rel=\"nofollow noopener\" target=\"_blank\" href=\"https:\/\/ria.ru\/20250318\/mnogopolyarnost-2005575395.html\">Russischen<\/a>. Zuerst erschienen bei &#8220;RIA Nowosti&#8221; am 18. M\u00e4rz 2025.<\/em><\/p>\n<p><strong>Mehr zum Thema <\/strong>\u2013 <a rel=\"nofollow noopener\" target=\"_blank\" href=\"https:\/\/freedert.online\/meinung\/238772-wird-uno-ende-unipolaren-welt\/\">Wird die UNO das Ende der unipolaren Welt \u00fcberleben?<\/a><\/p>\n<div class=\"EmbedBlock-root EmbedBlock-externalVideo EmbedBlock-rumble\">\n<div class=\"VkEmbed\"><iframe class=\"lazyload\" data-src=\"https:\/\/rumble.com\/embed\/v6ok0ng\" frameborder=\"0\" width=\"853\" height=\"480\" allowfullscreen><\/iframe><\/div>\n<\/div>\n<\/div>\n<p><br \/>\n<br \/><a href=\"https:\/\/de.rt.com\/international\/239968-philosophie-multipolaritaet\/\">Source link <\/a><\/p>\n","protected":false},"excerpt":{"rendered":"<p>Die vom Westen versuchte Vereinnahmung der internationalen Rechtsordnung hat den Untergang der Unipolarit\u00e4t beschleunigt, der inzwischen auch von den USA anerkannt wird. Die Wahrung der internationalen Ordnung obliegt nunmehr dem Globalen S\u00fcden und regionalen Organisationen. Von Alexander Jakowenko Bei einem Gespr\u00e4ch mit dem Botschafter eines der asiatischen Staaten wurde die Frage aufgeworfen, was kleine L\u00e4nder [&hellip;]<\/p>\n","protected":false},"author":3,"featured_media":80586,"comment_status":"open","ping_status":"open","sticky":false,"template":"","format":"standard","meta":{"_yoast_indexnow_last_ping":["1742446891"],"wp_automatic_camp":["217"],"3f3b0dfe46680f3244e80bcf28fb692f":["Die Philosophie der Multipolarit\u00e4t"],"original_link":["https:\/\/de.rt.com\/international\/239968-philosophie-multipolaritaet\/"],"_thumbnail_id":["80586"],"jnews_social_counter_last_update":["1777481158"],"_wptgpro_p2tg_sent2tg":["a:1:{i:23737;s:19:\"2025-03-20 07:02:35\";}"]},"categories":[19,23],"tags":[82,45,43436,920],"yoast_head":"<!-- This site is optimized with the Yoast SEO Premium plugin v22.7 (Yoast SEO v22.7) - https:\/\/yoast.com\/wordpress\/plugins\/seo\/ -->\n<title>Die Philosophie der Multipolarit\u00e4t - just-now.NEWS Deutschland<\/title>\n<meta name=\"robots\" content=\"index, follow, max-snippet:-1, max-image-preview:large, max-video-preview:-1\" \/>\n<link rel=\"canonical\" href=\"https:\/\/now-news.de\/de\/deutschland\/die-philosophie-der-multipolaritaet\/\" \/>\n<meta property=\"og:locale\" content=\"de_DE\" \/>\n<meta property=\"og:type\" content=\"article\" \/>\n<meta property=\"og:title\" content=\"Die Philosophie der Multipolarit\u00e4t\" \/>\n<meta property=\"og:description\" content=\"Die vom Westen versuchte Vereinnahmung der internationalen Rechtsordnung hat den Untergang der Unipolarit\u00e4t beschleunigt, der inzwischen auch von den USA anerkannt wird. Die Wahrung der internationalen Ordnung obliegt nunmehr dem Globalen S\u00fcden und regionalen Organisationen. Von Alexander Jakowenko Bei einem Gespr\u00e4ch mit dem Botschafter eines der asiatischen Staaten wurde die Frage aufgeworfen, was kleine L\u00e4nder [&hellip;]\" \/>\n<meta property=\"og:url\" content=\"https:\/\/now-news.de\/de\/deutschland\/die-philosophie-der-multipolaritaet\/\" \/>\n<meta property=\"og:site_name\" content=\"just-now.NEWS Deutschland\" \/>\n<meta property=\"article:publisher\" content=\"https:\/\/www.facebook.com\/wirmachenauf\" \/>\n<meta property=\"article:published_time\" content=\"2025-03-20T05:00:00+00:00\" \/>\n<meta property=\"og:image\" content=\"https:\/\/now-news.de\/de\/wp-content\/uploads\/sites\/3\/2025\/03\/67d98af7b480cc2b2b7f964e.jpg\" \/>\n<meta name=\"author\" content=\"rtnews\" \/>\n<meta name=\"twitter:card\" content=\"summary_large_image\" \/>\n<meta name=\"twitter:creator\" content=\"@WirMachenAuf_de\" \/>\n<meta name=\"twitter:site\" content=\"@WirMachenAuf_de\" \/>\n<meta name=\"twitter:label1\" content=\"Verfasst von\" \/>\n\t<meta name=\"twitter:data1\" content=\"rtnews\" \/>\n\t<meta name=\"twitter:label2\" content=\"Gesch\u00e4tzte Lesezeit\" \/>\n\t<meta name=\"twitter:data2\" content=\"4\u00a0Minuten\" \/>\n<script type=\"application\/ld+json\" class=\"yoast-schema-graph\">{\"@context\":\"https:\/\/schema.org\",\"@graph\":[{\"@type\":\"Article\",\"@id\":\"https:\/\/now-news.de\/de\/deutschland\/die-philosophie-der-multipolaritaet\/#article\",\"isPartOf\":{\"@id\":\"https:\/\/now-news.de\/de\/deutschland\/die-philosophie-der-multipolaritaet\/\"},\"author\":{\"name\":\"rtnews\",\"@id\":\"https:\/\/now-news.de\/de\/#\/schema\/person\/fb534a4e865501d8b3285208df34a9b5\"},\"headline\":\"Die Philosophie der Multipolarit\u00e4t\",\"datePublished\":\"2025-03-20T05:00:00+00:00\",\"dateModified\":\"2025-03-20T05:00:00+00:00\",\"mainEntityOfPage\":{\"@id\":\"https:\/\/now-news.de\/de\/deutschland\/die-philosophie-der-multipolaritaet\/\"},\"wordCount\":713,\"commentCount\":0,\"publisher\":{\"@id\":\"https:\/\/now-news.de\/de\/#organization\"},\"image\":{\"@id\":\"https:\/\/now-news.de\/de\/deutschland\/die-philosophie-der-multipolaritaet\/#primaryimage\"},\"thumbnailUrl\":\"https:\/\/now-news.de\/de\/wp-content\/uploads\/sites\/3\/2025\/03\/Die-Philosophie-der-Multipolaritaet.jpg\",\"keywords\":[\"der\",\"die\",\"Multipolarit\u00e4t\",\"Philosophie\"],\"articleSection\":[\"Deutschland\",\"Russland\"],\"inLanguage\":\"de\",\"potentialAction\":[{\"@type\":\"CommentAction\",\"name\":\"Comment\",\"target\":[\"https:\/\/now-news.de\/de\/deutschland\/die-philosophie-der-multipolaritaet\/#respond\"]}]},{\"@type\":\"WebPage\",\"@id\":\"https:\/\/now-news.de\/de\/deutschland\/die-philosophie-der-multipolaritaet\/\",\"url\":\"https:\/\/now-news.de\/de\/deutschland\/die-philosophie-der-multipolaritaet\/\",\"name\":\"Die Philosophie der Multipolarit\u00e4t - just-now.NEWS Deutschland\",\"isPartOf\":{\"@id\":\"https:\/\/now-news.de\/de\/#website\"},\"primaryImageOfPage\":{\"@id\":\"https:\/\/now-news.de\/de\/deutschland\/die-philosophie-der-multipolaritaet\/#primaryimage\"},\"image\":{\"@id\":\"https:\/\/now-news.de\/de\/deutschland\/die-philosophie-der-multipolaritaet\/#primaryimage\"},\"thumbnailUrl\":\"https:\/\/now-news.de\/de\/wp-content\/uploads\/sites\/3\/2025\/03\/Die-Philosophie-der-Multipolaritaet.jpg\",\"datePublished\":\"2025-03-20T05:00:00+00:00\",\"dateModified\":\"2025-03-20T05:00:00+00:00\",\"breadcrumb\":{\"@id\":\"https:\/\/now-news.de\/de\/deutschland\/die-philosophie-der-multipolaritaet\/#breadcrumb\"},\"inLanguage\":\"de\",\"potentialAction\":[{\"@type\":\"ReadAction\",\"target\":[\"https:\/\/now-news.de\/de\/deutschland\/die-philosophie-der-multipolaritaet\/\"]}]},{\"@type\":\"ImageObject\",\"inLanguage\":\"de\",\"@id\":\"https:\/\/now-news.de\/de\/deutschland\/die-philosophie-der-multipolaritaet\/#primaryimage\",\"url\":\"https:\/\/now-news.de\/de\/wp-content\/uploads\/sites\/3\/2025\/03\/Die-Philosophie-der-Multipolaritaet.jpg\",\"contentUrl\":\"https:\/\/now-news.de\/de\/wp-content\/uploads\/sites\/3\/2025\/03\/Die-Philosophie-der-Multipolaritaet.jpg\",\"width\":460,\"height\":259,\"caption\":\"Die Philosophie der Multipolarit\u00e4t\"},{\"@type\":\"BreadcrumbList\",\"@id\":\"https:\/\/now-news.de\/de\/deutschland\/die-philosophie-der-multipolaritaet\/#breadcrumb\",\"itemListElement\":[{\"@type\":\"ListItem\",\"position\":1,\"name\":\"Home\",\"item\":\"https:\/\/now-news.de\/de\/\"},{\"@type\":\"ListItem\",\"position\":2,\"name\":\"Die Philosophie der Multipolarit\u00e4t\"}]},{\"@type\":\"WebSite\",\"@id\":\"https:\/\/now-news.de\/de\/#website\",\"url\":\"https:\/\/now-news.de\/de\/\",\"name\":\"just-now.NEWS Deutschland\",\"description\":\"Das Portal f\u00fcr unzensierte Nachrichten aus der Welt\",\"publisher\":{\"@id\":\"https:\/\/now-news.de\/de\/#organization\"},\"potentialAction\":[{\"@type\":\"SearchAction\",\"target\":{\"@type\":\"EntryPoint\",\"urlTemplate\":\"https:\/\/now-news.de\/de\/?s={search_term_string}\"},\"query-input\":\"required name=search_term_string\"}],\"inLanguage\":\"de\"},{\"@type\":\"Organization\",\"@id\":\"https:\/\/now-news.de\/de\/#organization\",\"name\":\"Just Now News\",\"url\":\"https:\/\/now-news.de\/de\/\",\"logo\":{\"@type\":\"ImageObject\",\"inLanguage\":\"de\",\"@id\":\"https:\/\/now-news.de\/de\/#\/schema\/logo\/image\/\",\"url\":\"http:\/\/just-now.news\/de\/wp-content\/uploads\/sites\/3\/2022\/04\/logo500x500.jpg\",\"contentUrl\":\"http:\/\/just-now.news\/de\/wp-content\/uploads\/sites\/3\/2022\/04\/logo500x500.jpg\",\"width\":500,\"height\":500,\"caption\":\"Just Now News\"},\"image\":{\"@id\":\"https:\/\/now-news.de\/de\/#\/schema\/logo\/image\/\"},\"sameAs\":[\"https:\/\/www.facebook.com\/wirmachenauf\",\"https:\/\/x.com\/WirMachenAuf_de\"]},{\"@type\":\"Person\",\"@id\":\"https:\/\/now-news.de\/de\/#\/schema\/person\/fb534a4e865501d8b3285208df34a9b5\",\"name\":\"rtnews\",\"image\":{\"@type\":\"ImageObject\",\"inLanguage\":\"de\",\"@id\":\"https:\/\/now-news.de\/de\/#\/schema\/person\/image\/\",\"url\":\"https:\/\/secure.gravatar.com\/avatar\/82aafea7d8127119dd649515f56e2117?s=96&d=mm&r=g\",\"contentUrl\":\"https:\/\/secure.gravatar.com\/avatar\/82aafea7d8127119dd649515f56e2117?s=96&d=mm&r=g\",\"caption\":\"rtnews\"},\"url\":\"https:\/\/now-news.de\/de\/author\/rnews\/\"}]}<\/script>\n<!-- \/ Yoast SEO Premium plugin. -->","yoast_head_json":{"title":"Die Philosophie der Multipolarit\u00e4t - just-now.NEWS Deutschland","robots":{"index":"index","follow":"follow","max-snippet":"max-snippet:-1","max-image-preview":"max-image-preview:large","max-video-preview":"max-video-preview:-1"},"canonical":"https:\/\/now-news.de\/de\/deutschland\/die-philosophie-der-multipolaritaet\/","og_locale":"de_DE","og_type":"article","og_title":"Die Philosophie der Multipolarit\u00e4t","og_description":"Die vom Westen versuchte Vereinnahmung der internationalen Rechtsordnung hat den Untergang der Unipolarit\u00e4t beschleunigt, der inzwischen auch von den USA anerkannt wird. Die Wahrung der internationalen Ordnung obliegt nunmehr dem Globalen S\u00fcden und regionalen Organisationen. Von Alexander Jakowenko Bei einem Gespr\u00e4ch mit dem Botschafter eines der asiatischen Staaten wurde die Frage aufgeworfen, was kleine L\u00e4nder [&hellip;]","og_url":"https:\/\/now-news.de\/de\/deutschland\/die-philosophie-der-multipolaritaet\/","og_site_name":"just-now.NEWS Deutschland","article_publisher":"https:\/\/www.facebook.com\/wirmachenauf","article_published_time":"2025-03-20T05:00:00+00:00","og_image":[{"url":"https:\/\/now-news.de\/de\/wp-content\/uploads\/sites\/3\/2025\/03\/67d98af7b480cc2b2b7f964e.jpg"}],"author":"rtnews","twitter_card":"summary_large_image","twitter_creator":"@WirMachenAuf_de","twitter_site":"@WirMachenAuf_de","twitter_misc":{"Verfasst von":"rtnews","Gesch\u00e4tzte Lesezeit":"4\u00a0Minuten"},"schema":{"@context":"https:\/\/schema.org","@graph":[{"@type":"Article","@id":"https:\/\/now-news.de\/de\/deutschland\/die-philosophie-der-multipolaritaet\/#article","isPartOf":{"@id":"https:\/\/now-news.de\/de\/deutschland\/die-philosophie-der-multipolaritaet\/"},"author":{"name":"rtnews","@id":"https:\/\/now-news.de\/de\/#\/schema\/person\/fb534a4e865501d8b3285208df34a9b5"},"headline":"Die Philosophie der Multipolarit\u00e4t","datePublished":"2025-03-20T05:00:00+00:00","dateModified":"2025-03-20T05:00:00+00:00","mainEntityOfPage":{"@id":"https:\/\/now-news.de\/de\/deutschland\/die-philosophie-der-multipolaritaet\/"},"wordCount":713,"commentCount":0,"publisher":{"@id":"https:\/\/now-news.de\/de\/#organization"},"image":{"@id":"https:\/\/now-news.de\/de\/deutschland\/die-philosophie-der-multipolaritaet\/#primaryimage"},"thumbnailUrl":"https:\/\/now-news.de\/de\/wp-content\/uploads\/sites\/3\/2025\/03\/Die-Philosophie-der-Multipolaritaet.jpg","keywords":["der","die","Multipolarit\u00e4t","Philosophie"],"articleSection":["Deutschland","Russland"],"inLanguage":"de","potentialAction":[{"@type":"CommentAction","name":"Comment","target":["https:\/\/now-news.de\/de\/deutschland\/die-philosophie-der-multipolaritaet\/#respond"]}]},{"@type":"WebPage","@id":"https:\/\/now-news.de\/de\/deutschland\/die-philosophie-der-multipolaritaet\/","url":"https:\/\/now-news.de\/de\/deutschland\/die-philosophie-der-multipolaritaet\/","name":"Die Philosophie der Multipolarit\u00e4t - just-now.NEWS Deutschland","isPartOf":{"@id":"https:\/\/now-news.de\/de\/#website"},"primaryImageOfPage":{"@id":"https:\/\/now-news.de\/de\/deutschland\/die-philosophie-der-multipolaritaet\/#primaryimage"},"image":{"@id":"https:\/\/now-news.de\/de\/deutschland\/die-philosophie-der-multipolaritaet\/#primaryimage"},"thumbnailUrl":"https:\/\/now-news.de\/de\/wp-content\/uploads\/sites\/3\/2025\/03\/Die-Philosophie-der-Multipolaritaet.jpg","datePublished":"2025-03-20T05:00:00+00:00","dateModified":"2025-03-20T05:00:00+00:00","breadcrumb":{"@id":"https:\/\/now-news.de\/de\/deutschland\/die-philosophie-der-multipolaritaet\/#breadcrumb"},"inLanguage":"de","potentialAction":[{"@type":"ReadAction","target":["https:\/\/now-news.de\/de\/deutschland\/die-philosophie-der-multipolaritaet\/"]}]},{"@type":"ImageObject","inLanguage":"de","@id":"https:\/\/now-news.de\/de\/deutschland\/die-philosophie-der-multipolaritaet\/#primaryimage","url":"https:\/\/now-news.de\/de\/wp-content\/uploads\/sites\/3\/2025\/03\/Die-Philosophie-der-Multipolaritaet.jpg","contentUrl":"https:\/\/now-news.de\/de\/wp-content\/uploads\/sites\/3\/2025\/03\/Die-Philosophie-der-Multipolaritaet.jpg","width":460,"height":259,"caption":"Die Philosophie der Multipolarit\u00e4t"},{"@type":"BreadcrumbList","@id":"https:\/\/now-news.de\/de\/deutschland\/die-philosophie-der-multipolaritaet\/#breadcrumb","itemListElement":[{"@type":"ListItem","position":1,"name":"Home","item":"https:\/\/now-news.de\/de\/"},{"@type":"ListItem","position":2,"name":"Die Philosophie der Multipolarit\u00e4t"}]},{"@type":"WebSite","@id":"https:\/\/now-news.de\/de\/#website","url":"https:\/\/now-news.de\/de\/","name":"just-now.NEWS Deutschland","description":"Das Portal f\u00fcr unzensierte Nachrichten aus der Welt","publisher":{"@id":"https:\/\/now-news.de\/de\/#organization"},"potentialAction":[{"@type":"SearchAction","target":{"@type":"EntryPoint","urlTemplate":"https:\/\/now-news.de\/de\/?s={search_term_string}"},"query-input":"required name=search_term_string"}],"inLanguage":"de"},{"@type":"Organization","@id":"https:\/\/now-news.de\/de\/#organization","name":"Just Now News","url":"https:\/\/now-news.de\/de\/","logo":{"@type":"ImageObject","inLanguage":"de","@id":"https:\/\/now-news.de\/de\/#\/schema\/logo\/image\/","url":"http:\/\/just-now.news\/de\/wp-content\/uploads\/sites\/3\/2022\/04\/logo500x500.jpg","contentUrl":"http:\/\/just-now.news\/de\/wp-content\/uploads\/sites\/3\/2022\/04\/logo500x500.jpg","width":500,"height":500,"caption":"Just Now News"},"image":{"@id":"https:\/\/now-news.de\/de\/#\/schema\/logo\/image\/"},"sameAs":["https:\/\/www.facebook.com\/wirmachenauf","https:\/\/x.com\/WirMachenAuf_de"]},{"@type":"Person","@id":"https:\/\/now-news.de\/de\/#\/schema\/person\/fb534a4e865501d8b3285208df34a9b5","name":"rtnews","image":{"@type":"ImageObject","inLanguage":"de","@id":"https:\/\/now-news.de\/de\/#\/schema\/person\/image\/","url":"https:\/\/secure.gravatar.com\/avatar\/82aafea7d8127119dd649515f56e2117?s=96&d=mm&r=g","contentUrl":"https:\/\/secure.gravatar.com\/avatar\/82aafea7d8127119dd649515f56e2117?s=96&d=mm&r=g","caption":"rtnews"},"url":"https:\/\/now-news.de\/de\/author\/rnews\/"}]}},"_links":{"self":[{"href":"https:\/\/now-news.de\/de\/wp-json\/wp\/v2\/posts\/80585"}],"collection":[{"href":"https:\/\/now-news.de\/de\/wp-json\/wp\/v2\/posts"}],"about":[{"href":"https:\/\/now-news.de\/de\/wp-json\/wp\/v2\/types\/post"}],"author":[{"embeddable":true,"href":"https:\/\/now-news.de\/de\/wp-json\/wp\/v2\/users\/3"}],"replies":[{"embeddable":true,"href":"https:\/\/now-news.de\/de\/wp-json\/wp\/v2\/comments?post=80585"}],"version-history":[{"count":0,"href":"https:\/\/now-news.de\/de\/wp-json\/wp\/v2\/posts\/80585\/revisions"}],"wp:featuredmedia":[{"embeddable":true,"href":"https:\/\/now-news.de\/de\/wp-json\/wp\/v2\/media\/80586"}],"wp:attachment":[{"href":"https:\/\/now-news.de\/de\/wp-json\/wp\/v2\/media?parent=80585"}],"wp:term":[{"taxonomy":"category","embeddable":true,"href":"https:\/\/now-news.de\/de\/wp-json\/wp\/v2\/categories?post=80585"},{"taxonomy":"post_tag","embeddable":true,"href":"https:\/\/now-news.de\/de\/wp-json\/wp\/v2\/tags?post=80585"}],"curies":[{"name":"wp","href":"https:\/\/api.w.org\/{rel}","templated":true}]}}