{"id":80389,"date":"2025-03-17T07:15:00","date_gmt":"2025-03-17T05:15:00","guid":{"rendered":"https:\/\/now-news.de\/de\/deutschland\/nicht-mehr-bloss-gegen-russen-repressionswelle-in-lettland-gegen-als-oppositionell-verdaechtigte\/"},"modified":"2025-03-17T07:15:00","modified_gmt":"2025-03-17T05:15:00","slug":"nicht-mehr-bloss-gegen-russen-repressionswelle-in-lettland-gegen-als-oppositionell-verdaechtigte","status":"publish","type":"post","link":"https:\/\/now-news.de\/de\/deutschland\/nicht-mehr-bloss-gegen-russen-repressionswelle-in-lettland-gegen-als-oppositionell-verdaechtigte\/","title":{"rendered":"Nicht mehr &quot;blo\u00df&quot; gegen Russen: Repressionswelle in Lettland gegen als &quot;oppositionell&quot; Verd\u00e4chtigte"},"content":{"rendered":"<p><img decoding=\"async\" src=\"https:\/\/now-news.de\/de\/wp-content\/uploads\/sites\/3\/2025\/03\/67d6046cb480cc2741405992.jpg\" \/><\/p>\n<div class=\"Text-root Text-type_1 \">\n                In Lettland nimmt die Repression immer gr\u00f6\u00dfere Dimensionen an. Inzwischen sind nicht nur Russen betroffen, die sich aus Sicht der Beh\u00f6rden &#8220;prorussisch&#8221; verhalten. Auch missliebige ethnische Letten, Angeh\u00f6rige der anderen baltischen Nationen, ja selbst Ukrainer haben unter Verfolgung zu leiden.\n            <\/div>\n<p><\/p>\n<div class=\"Text-root Text-type_5 ArticleView-text ViewText-root \">\n<p><em>Von Nikita Demjanow<\/em><\/p>\n<p>Das Schwungrad der politischen Repression in Lettland hat ein solches Ausma\u00df angenommen, dass nicht nur einheimische Russen, sondern auch Angeh\u00f6rige der &#8220;Titularnation&#8221; sowie B\u00fcrger des verb\u00fcndeten Estlands und sogar ukrainische Staatsangeh\u00f6rige \u2013 die noch gestern auf H\u00e4nden getragen wurden \u2013 inhaftiert wurden. Dabei erfolgen Verhaftungen f\u00fcr Handlungen, die gestern noch v\u00f6llig unbedenklich schienen \u2013 beispielsweise die Weiterleitung eines &#8220;prorussischen&#8221; Videoclips an einen Freund.<\/p>\n<p>In letzter Zeit kam es in Lettland zu einer neuen Verhaftungswelle. Zum Teil betrifft dies die ohnehin schon extrem gedem\u00fctigte, eingesch\u00fcchterte und stigmatisierte Bev\u00f6lkerungsgruppe \u2013 die einheimischen Russen.<\/p>\n<p>So wurde am 13. Februar der 71-j\u00e4hrige Alexander Gaponenko \u2013 eine Person des \u00f6ffentlichen Lebens, Menschenrechtsaktivist, Wirtschaftswissenschaftler, Historiker, Publizist und Schriftsteller \u2013 in Riga verhaftet. Dabei handelt es sich nicht um seine erste Verhaftung. Gaponenko ist Professor f\u00fcr Politik\u00f6konomie, Dozent an der Baltischen Internationalen Akademie und ein ehemaliger Gesch\u00e4ftsmann. Er w\u00e4hlte bewusst den Weg, der russischen Gemeinde in Lettland zu dienen. Er erregte im Jahr 2012 den Hass der Beh\u00f6rden, als er einer der Organisatoren eines Referendums wurde, in dem die lettischen Russen daf\u00fcr stimmten, ihrer Muttersprache den Status einer zweiten Staatssprache zu verleihen. Seitdem weckten alle Handlungen, \u00c4u\u00dferungen und Ver\u00f6ffentlichungen von Gaponenko das gro\u00dfe Interesse der lokalen Sicherheitsdienste, die nach einem Vorwand suchten, ihn zu inhaftieren.<\/p>\n<p>Der Grund f\u00fcr die letzte Verhaftung von Alexander Gaponenko ist seine Fernteilnahme am Runden Tisch &#8220;Ethnozid an russischen Landsleuten in den baltischen Staaten&#8221;, der vom Institut der GUS-Staaten im Februar 2025 organisiert wurde. Er war der einzige Teilnehmer an dieser Veranstaltung, der sich zu diesem Zeitpunkt direkt im Baltikum aufhielt.<\/p>\n<p>Einige Zeit nach seiner Verhaftung \u00fcbermittelte Gaponenko die folgende Nachricht: &#8220;Ich schmachte in den Haftzellen. Ich war zehn Tage in Einzelhaft, und jetzt wurde ich in das Korps der Herren Banditen versetzt. Die Leute sind intelligent: Ich befinde mich mit drei Jungs zusammen und kann mich mit ihnen gut verst\u00e4ndigen. Sie spendierten mir sogar Kaffee. Sie nehmen R\u00fccksicht auf mein Alter und geben mir die unterste Pritsche. Kurz gesagt: Ich habe einen ganz normalen Gef\u00e4ngnisalltag.&#8221;<\/p>\n<p>Der Menschenrechtsaktivistin Alla Beresowskaja zufolge wurde am 18. Februar die Video-Bloggerin Tatjana M. wegen ihrer pers\u00f6nlich kritischen Haltung zu den Geschehnissen in Lettland und der Welt festgenommen. Beresowskaja berichtet:<\/p>\n<p><em>&#8220;Sie wurde gewaltsam verhaftet und hinter Gitter geworfen, woraufhin alle ihr und ihrem Ehemann geh\u00f6renden Geld- und Wertgegenst\u00e4nde als angebliche Beweise aus dem Haus beschlagnahmt wurden.&#8221;<\/em><\/p>\n<p>Am 26. Februar verurteilte das Gericht den 40-j\u00e4hrigen Rigaer Gesch\u00e4ftsmann Waleri Lasarew zu zwei Jahren Freiheitsstrafe. Vor drei Jahren geriet Lasarew in einen Konflikt mit einem jungen Mann, der eine ukrainische Flagge auf den Schultern trug \u2013\u00a0er schlug ihn, f\u00fcgte ihm einen zentimetergro\u00dfen Kratzer zu und forderte ihn auf, &#8220;diesen faschistischen Lappen abzulegen&#8221;. Lasarew verbrachte viel Zeit in der Gerichtsverhandlung und hoffte, dass das Gerichtsverfahren mit einer Bew\u00e4hrungsstrafe enden w\u00fcrde. Das Gericht verlangte zun\u00e4chst von ihm, dem Opfer eine Entsch\u00e4digung f\u00fcr den &#8220;moralischen Schaden in H\u00f6he von 6.000 Euro&#8221; zu zahlen. Zwar kam Lasarew dieser Zahlungsaufforderung nach, doch wurde er auch zu einer realen Freiheitsstrafe verurteilt.<\/p>\n<p>In einer am 5. M\u00e4rz ver\u00f6ffentlichten Botschaft wandte sich der Mitvorsitzende des lettischen Menschenrechtskomitees, Wladimir Busajew, sowohl an den russischen Pr\u00e4sidenten Wladimir Putin als auch an den US-Pr\u00e4sidenten Donald Trump. In der Botschaft appelliert er an sie, der politischen Repression in den baltischen Staaten entgegenzuwirken. Laut Busajew initiierte der lettische Staatssicherheitsdienst (SSB) in den Jahren 2019 bis 2021 j\u00e4hrlich 20 bis 30 politisch motivierte Strafverfahren, w\u00e4hrend in den Jahren 2022 bis 2024 diese Zahl zwischen 47 und 64 schwankte. Busajew schreibt:<\/p>\n<p><em>&#8220;Im Jahr 2024 wurde die H\u00e4lfte dieser Strafverfahren unter dem fadenscheinigen Vorwand eingeleitet, Russland in seinem Kampf gegen Lettland und die Ukraine zu unterst\u00fctzen. Diese Unterst\u00fctzung bestand vor allem in \u00f6ffentlichen \u00c4u\u00dferungen der Unzufriedenheit mit den Handlungen der staatlichen Stellen.&#8221;<\/em><\/p>\n<p><em>&#8220;Solche Ma\u00dfnahmen wie Durchsuchungen, Festnahmen, Beschlagnahme von B\u00fcroausstattung, Beschr\u00e4nkung des Bankkontozugangs, Untersuchungshaft, Verweigerung der notwendigen medizinischen Versorgung und andere polizeiliche Einschr\u00e4nkungen w\u00e4hrend der Ermittlungen stellen an sich schon ein empfindliches Instrument zur Bestrafung und Einsch\u00fcchterung derjenigen dar, die die Ansichten dieser Justizwillk\u00fcropfer teilen. Heute befinden sich etwa drei\u00dfig aus politischen Gr\u00fcnden Inhaftierte in Gef\u00e4ngnissen in Lettland, Litauen und Estland, die zu unfreiwilligen Opfern der russisch-ukrainischen Konfrontation geworden sind.&#8221;<\/em><\/p>\n<p>Au\u00dferdem wurden Hunderte von Menschen in den baltischen Staaten zu anderen Strafen als Freiheitsstrafen verurteilt: Einige erhielten hohe Geldstrafen, andere wurden zur Flucht gezwungen und wieder andere wurden deportiert. Viele der von den Repressionen Betroffenen halten sich lieber still \u2013\u00a0aus Angst, sich selbst und ihren Angeh\u00f6rigen noch mehr Probleme zu verursachen. Der Journalist Alexei Stefanow betont:<\/p>\n<p><em>&#8220;Einige der von der Repression betroffenen Menschen wollen einfach nicht, dass man von ihnen erf\u00e4hrt. Sie haben Angst, ihre Situation noch zu verschlimmern. Es gibt nur wenige mutige Menschen wie Busajew \u2013 schon jetzt fordern Nationalisten seine Verhaftung und bezeichnen ihn als &#8216;Kreml-freundlichen Aktivisten&#8217;.&#8221;<\/em><\/p>\n<p>Einer der j\u00fcngsten F\u00e4lle von Repression soll hier besonders erw\u00e4hnt werden. Am 6. Februar verhaftete der lettische Staatssicherheitsdienst einen 75-j\u00e4hrigen Rentner aus der Stadt J\u0113kabpils namens Juris Bru\u017euks, der im wahrsten Sinne des Wortes aus seinem Krankenhausbett gehoben wurde. Dem Mann wurde vorgeworfen, &#8220;Kriegsverbrechen des Aggressor-Landes zu rechtfertigen&#8221;.<\/p>\n<p>Ungeachtet des Alters und des schlechten Gesundheitszustands von Bru\u017euks hielt es das Gericht nicht f\u00fcr m\u00f6glich, ihn unter Auflagen freizulassen, und brachte ihn in eine Untersuchungshaftanstalt. Nach Angaben des Menschenrechtsverteidigers Degi Karajew untersagten die Gef\u00e4ngnisbeamten zun\u00e4chst die Versorgung des kranken Mannes mit Medikamenten, obwohl sogar der Ermittlungsbeamte darum gebeten hatte. Und das, obwohl Bru\u017euks ein ehemaliger Gesch\u00e4ftsmann ist, der eine in J\u0113kabpils ber\u00fchmte N\u00e4herei gr\u00fcndete. Alla Beresowskaja stellt eine berechtigte Frage:<\/p>\n<p><em>&#8220;Ein 75-j\u00e4hriger Mann aus J\u0113kabpils befindet sich seit fast einem Monat im Gef\u00e4ngnis, weil er ein &#8216;prorussisches Video&#8217; an seine Freunde geschickt hat. Von Zeit zu Zeit wird er im Krankenhaus behandelt, damit er nicht stirbt. Stellt er auch eine gro\u00dfe Gefahr dar?&#8221;<\/em><\/p>\n<p>Die Verhaftung von Bru\u017euks widerlegt erneut das Klischee, dass in Lettland nur einheimische Russen wegen politischer und Spionagedelikte verhaftet werden, w\u00e4hrend Angeh\u00f6rige der &#8220;richtigen&#8221; Nationalit\u00e4ten nichts zu bef\u00fcrchten haben. Dem widerspricht der bekannte lettische Menschenrechtsverteidiger und politische Aktivist aus der Opposition Wladimir Linderman:<\/p>\n<p><em>&#8220;Die erste Person, die 2022 aufgrund von Artikel 74.1 (&#8216;Rechtfertigung der russischen Aggression&#8217;) verhaftet wurde, war der Lette Aivis Vasi\u013cevskis. Der ehemalige Minister und Abgeordnete J\u0101nis \u0100damsons wurde wegen Spionage \u2013 was meines Erachtens an den Haaren herbeigezogen war \u2013 zu acht Jahren Freiheitsstrafe verurteilt. Und keiner von ihnen wurde von der Strafe verschont, nur weil sie der lettischen Nation angeh\u00f6rten. Es kommt nicht auf die Nationalit\u00e4t an, sondern auf den Tatbestand der Anschuldigung \u2013 ob er nun irgendwie mit Russland zusammenh\u00e4ngt oder nicht.&#8221;<\/em><\/p>\n<p>Es k\u00f6nnen auch andere Beispiele angef\u00fchrt werden. Der Menschenrechtsverteidiger Alvis P\u012bl\u0101gs, der die Interessen russischer B\u00fcrger in Lettland vertrat, verbrachte mehrere Jahre im Zentralgef\u00e4ngnis von Riga wegen eines fingierten Strafverfahrens. Die in Riga lebende Jelena Kreile wurde zu drei Jahren Gef\u00e4ngnis verurteilt, weil sie eine russische Flagge und Slogans \u00fcber die Notwendigkeit der Freundschaft zwischen Russland und Lettland an das Fenster ihrer Wohnung geh\u00e4ngt hatte.<\/p>\n<p>Wegen Spionageverdachts verhafteten die lettischen Beh\u00f6rden im Februar Matthias Rikka, einen estnischen Staatsb\u00fcrger und renommierten Amateurfotografen in Tallinn, der sich besonders f\u00fcr die \u00c4sthetik von Z\u00fcgen und Eisenbahnen engagiert\u0435. Er machte seine Fotos mithilfe einer Drohne. Diese Nachricht sorgte f\u00fcr viele Witze. &#8220;Es wurden bereits estnische Spione gefangen genommen&#8221;, ironisierten die Menschen. Andere scherzten, dass der Este offenbar Elemente der unvollendeten Rail Baltica fotografierte, der ber\u00fcchtigten &#8220;Eisenbahn ins Nichts&#8221;, einem Korruptionsprojekt, dank dem sich viele lokale Beamte bereicherten.<\/p>\n<p>Der f\u00fcr \u00d6ffentlichkeitsarbeit zust\u00e4ndige Leiter des estnischen Au\u00dfenministeriums, Mihkel Tamm, best\u00e4tigte, dass das Ministerium von der Verhaftung seines B\u00fcrgers wusste: Die lettischen Beh\u00f6rden hatten sie dar\u00fcber informiert. Im Online-Forum der Eisenbahn-Fotogalerie Baltic trains picture gallery berichtete einer der Nutzer, dass Rikka in Riga verhaftet worden sei. Er berichtete:<\/p>\n<p><em>&#8220;Unser Freund Matthias Rikka befindet sich seit dem 24. Februar wegen des Spionageverdachts in einem Rigaer Gef\u00e4ngnis. Wir alle wissen, dass das Unsinn ist und er ein Opfer der Paranoia der lettischen Sicherheitsdienste ist.&#8221;<\/em><\/p>\n<p>Er f\u00fcgte hinzu, dass er alle auffordere, Rikka zu unterst\u00fctzen und seine Freilassung zu fordern.<\/p>\n<p>Der Strafrahmen f\u00fcr die Rikka vorgeworfene Straftat sieht lebenslange Haft oder eine Haft zwischen acht und zwanzig Jahren\u00a0samt Verm\u00f6genseinzug vor. Sp\u00e4ter wurde bekannt, dass zusammen mit Matthias Rikka auch ein ukrainischer Staatsb\u00fcrger verhaftet wurde, dessen Name noch nicht offengelegt wurde. Er steht im Verdacht, die gleiche Straftat begangen zu haben: Anscheinend fotografierte er in b\u00f6swilliger Absicht Elemente der &#8220;kritischen Infrastruktur&#8221;.<\/p>\n<p>Den Fotos auf dem Social-Media-Konto von Matthias Rikka nach zu urteilen, geh\u00f6rt er zu den Anh\u00e4ngern des Kiewer Regimes \u2013 sein Avatar zeigt eine ukrainische Flagge mit der Aufschrift &#8220;Ruhm den Helden&#8221;. Aber die Sicherheitsdienste m\u00fcssen ihre &#8220;Richtwerte&#8221; f\u00fcr die Ermittlung von &#8220;russischen Spionen&#8221; und &#8220;Agenten des Moskauer Einflusses&#8221; erf\u00fcllen \u2013 und um dies zu erreichen, k\u00f6nnen sie eine absolut zuf\u00e4llige Person festnehmen.<\/p>\n<p>Allerdings besteht f\u00fcr den Betroffenen, der in die F\u00e4nge des Strafrechtssystems ger\u00e4t, eine kleine Chance, ungeschoren davonzukommen \u2013 aber nur, wenn die Anklage gegen ihn relativ harmlos ist. Letztes Jahr nahm die Polizei in Daugavpils einen Einheimischen namens Alexander fest, der ein Abzeichen mit dem Bild des bronzenen Reiters und der Aufschrift &#8220;Leningrad&#8221; an seiner Kleidung trug. Die Polizei bewertete das Abzeichen als &#8220;kriminelle sowjetische Symbole&#8221; und das Tragen des Abzeichens als &#8220;Verherrlichung des Totalitarismus&#8221; und verh\u00e4ngte gegen Alexander eine Geldstrafe von 350 Euro. Doch der Daugavpils-Bewohner lie\u00df sich nicht unterkriegen und wandte sich an die Gerichte. Letztendlich gelang es ihm, die Aufhebung der Geldstrafe zu erwirken.<\/p>\n<p><em>\u00dcbersetzt aus dem <a rel=\"nofollow noopener\" target=\"_blank\" href=\"https:\/\/vz.ru\/world\/2025\/3\/15\/1320115.html\">Russischen<\/a>. Der Artikel ist am 15. M\u00e4rz 2025 zuerst auf der Homepage der Zeitung Wsgljad erschienen.<\/em><\/p>\n<p><strong>Mehr zum Thema<\/strong>\u00a0\u2013\u00a0<a rel=\"nofollow noopener\" target=\"_blank\" href=\"https:\/\/dert.site\/europa\/238906-lettland-fordert-schengen-verbot-fuer\/\">Lettland fordert ein Schengen-Verbot f\u00fcr Russen<\/a><\/p>\n<div class=\"EmbedBlock-root EmbedBlock-externalVideo EmbedBlock-rumble\">\n<div class=\"VkEmbed\"><iframe class=\"lazyload\" data-src=\"https:\/\/rumble.com\/embed\/v6od6ji\" frameborder=\"0\" width=\"853\" height=\"480\" allowfullscreen><\/iframe><\/div>\n<\/div>\n<\/div>\n<p><br \/>\n<br \/><a href=\"https:\/\/de.rt.com\/europa\/239711-nicht-mehr-bloss-gegen-russen\/\">Source link <\/a><\/p>\n","protected":false},"excerpt":{"rendered":"<p>In Lettland nimmt die Repression immer gr\u00f6\u00dfere Dimensionen an. Inzwischen sind nicht nur Russen betroffen, die sich aus Sicht der Beh\u00f6rden &#8220;prorussisch&#8221; verhalten. Auch missliebige ethnische Letten, Angeh\u00f6rige der anderen baltischen Nationen, ja selbst Ukrainer haben unter Verfolgung zu leiden. Von Nikita Demjanow Das Schwungrad der politischen Repression in Lettland hat ein solches Ausma\u00df angenommen, [&hellip;]<\/p>\n","protected":false},"author":3,"featured_media":80390,"comment_status":"open","ping_status":"open","sticky":false,"template":"","format":"standard","meta":{"_yoast_indexnow_last_ping":["1742189006"],"wp_automatic_camp":["217"],"f37fba16df0523156535102efc308328":["Nicht mehr &quot;blo\u00df&quot; gegen Russen: Repressionswelle in Lettland gegen als &quot;oppositionell&quot; Verd\u00e4chtigte"],"original_link":["https:\/\/de.rt.com\/europa\/239711-nicht-mehr-bloss-gegen-russen\/"],"_thumbnail_id":["80390"],"jnews_social_counter_last_update":["1777274537"],"_wptgpro_p2tg_sent2tg":["a:1:{i:23737;s:19:\"2025-03-17 07:24:31\";}"]},"categories":[19,23],"tags":[273,278,3789,2063,800,63496,63497,37497,4405,41979],"yoast_head":"<!-- This site is optimized with the Yoast SEO Premium plugin v22.7 (Yoast SEO v22.7) - https:\/\/yoast.com\/wordpress\/plugins\/seo\/ -->\n<title>Nicht mehr &quot;blo\u00df&quot; gegen Russen: Repressionswelle in Lettland gegen als &quot;oppositionell&quot; Verd\u00e4chtigte - just-now.NEWS Deutschland<\/title>\n<meta name=\"robots\" content=\"index, follow, max-snippet:-1, max-image-preview:large, max-video-preview:-1\" \/>\n<link rel=\"canonical\" href=\"https:\/\/now-news.de\/de\/deutschland\/nicht-mehr-bloss-gegen-russen-repressionswelle-in-lettland-gegen-als-oppositionell-verdaechtigte\/\" \/>\n<meta property=\"og:locale\" content=\"de_DE\" \/>\n<meta property=\"og:type\" content=\"article\" \/>\n<meta property=\"og:title\" content=\"Nicht mehr &quot;blo\u00df&quot; gegen Russen: Repressionswelle in Lettland gegen als &quot;oppositionell&quot; Verd\u00e4chtigte\" \/>\n<meta property=\"og:description\" content=\"In Lettland nimmt die Repression immer gr\u00f6\u00dfere Dimensionen an. Inzwischen sind nicht nur Russen betroffen, die sich aus Sicht der Beh\u00f6rden &#8220;prorussisch&#8221; verhalten. Auch missliebige ethnische Letten, Angeh\u00f6rige der anderen baltischen Nationen, ja selbst Ukrainer haben unter Verfolgung zu leiden. Von Nikita Demjanow Das Schwungrad der politischen Repression in Lettland hat ein solches Ausma\u00df angenommen, [&hellip;]\" \/>\n<meta property=\"og:url\" content=\"https:\/\/now-news.de\/de\/deutschland\/nicht-mehr-bloss-gegen-russen-repressionswelle-in-lettland-gegen-als-oppositionell-verdaechtigte\/\" \/>\n<meta property=\"og:site_name\" content=\"just-now.NEWS Deutschland\" \/>\n<meta property=\"article:publisher\" content=\"https:\/\/www.facebook.com\/wirmachenauf\" \/>\n<meta property=\"article:published_time\" content=\"2025-03-17T05:15:00+00:00\" \/>\n<meta property=\"og:image\" content=\"https:\/\/now-news.de\/de\/wp-content\/uploads\/sites\/3\/2025\/03\/67d6046cb480cc2741405992.jpg\" \/>\n<meta name=\"author\" content=\"rtnews\" \/>\n<meta name=\"twitter:card\" content=\"summary_large_image\" \/>\n<meta name=\"twitter:creator\" content=\"@WirMachenAuf_de\" \/>\n<meta name=\"twitter:site\" content=\"@WirMachenAuf_de\" \/>\n<meta name=\"twitter:label1\" content=\"Verfasst von\" \/>\n\t<meta name=\"twitter:data1\" content=\"rtnews\" \/>\n\t<meta name=\"twitter:label2\" content=\"Gesch\u00e4tzte Lesezeit\" \/>\n\t<meta name=\"twitter:data2\" content=\"9\u00a0Minuten\" \/>\n<script type=\"application\/ld+json\" class=\"yoast-schema-graph\">{\"@context\":\"https:\/\/schema.org\",\"@graph\":[{\"@type\":\"Article\",\"@id\":\"https:\/\/now-news.de\/de\/deutschland\/nicht-mehr-bloss-gegen-russen-repressionswelle-in-lettland-gegen-als-oppositionell-verdaechtigte\/#article\",\"isPartOf\":{\"@id\":\"https:\/\/now-news.de\/de\/deutschland\/nicht-mehr-bloss-gegen-russen-repressionswelle-in-lettland-gegen-als-oppositionell-verdaechtigte\/\"},\"author\":{\"name\":\"rtnews\",\"@id\":\"https:\/\/now-news.de\/de\/#\/schema\/person\/fb534a4e865501d8b3285208df34a9b5\"},\"headline\":\"Nicht mehr &quot;blo\u00df&quot; gegen Russen: Repressionswelle in Lettland gegen als &quot;oppositionell&quot; Verd\u00e4chtigte\",\"datePublished\":\"2025-03-17T05:15:00+00:00\",\"dateModified\":\"2025-03-17T05:15:00+00:00\",\"mainEntityOfPage\":{\"@id\":\"https:\/\/now-news.de\/de\/deutschland\/nicht-mehr-bloss-gegen-russen-repressionswelle-in-lettland-gegen-als-oppositionell-verdaechtigte\/\"},\"wordCount\":1734,\"commentCount\":0,\"publisher\":{\"@id\":\"https:\/\/now-news.de\/de\/#organization\"},\"image\":{\"@id\":\"https:\/\/now-news.de\/de\/deutschland\/nicht-mehr-bloss-gegen-russen-repressionswelle-in-lettland-gegen-als-oppositionell-verdaechtigte\/#primaryimage\"},\"thumbnailUrl\":\"https:\/\/now-news.de\/de\/wp-content\/uploads\/sites\/3\/2025\/03\/Nicht-mehr-quotblossquot-gegen-Russen-Repressionswelle-in-Lettland-gegen-als.jpg\",\"keywords\":[\"als\",\"gegen\",\"Lettland\",\"mehr\",\"nicht\",\"quotblo\u00dfquot\",\"quotoppositionellquot\",\"Repressionswelle\",\"Russen\",\"Verd\u00e4chtigte\"],\"articleSection\":[\"Deutschland\",\"Russland\"],\"inLanguage\":\"de\",\"potentialAction\":[{\"@type\":\"CommentAction\",\"name\":\"Comment\",\"target\":[\"https:\/\/now-news.de\/de\/deutschland\/nicht-mehr-bloss-gegen-russen-repressionswelle-in-lettland-gegen-als-oppositionell-verdaechtigte\/#respond\"]}]},{\"@type\":\"WebPage\",\"@id\":\"https:\/\/now-news.de\/de\/deutschland\/nicht-mehr-bloss-gegen-russen-repressionswelle-in-lettland-gegen-als-oppositionell-verdaechtigte\/\",\"url\":\"https:\/\/now-news.de\/de\/deutschland\/nicht-mehr-bloss-gegen-russen-repressionswelle-in-lettland-gegen-als-oppositionell-verdaechtigte\/\",\"name\":\"Nicht mehr &quot;blo\u00df&quot; gegen Russen: Repressionswelle in Lettland gegen als &quot;oppositionell&quot; Verd\u00e4chtigte - just-now.NEWS Deutschland\",\"isPartOf\":{\"@id\":\"https:\/\/now-news.de\/de\/#website\"},\"primaryImageOfPage\":{\"@id\":\"https:\/\/now-news.de\/de\/deutschland\/nicht-mehr-bloss-gegen-russen-repressionswelle-in-lettland-gegen-als-oppositionell-verdaechtigte\/#primaryimage\"},\"image\":{\"@id\":\"https:\/\/now-news.de\/de\/deutschland\/nicht-mehr-bloss-gegen-russen-repressionswelle-in-lettland-gegen-als-oppositionell-verdaechtigte\/#primaryimage\"},\"thumbnailUrl\":\"https:\/\/now-news.de\/de\/wp-content\/uploads\/sites\/3\/2025\/03\/Nicht-mehr-quotblossquot-gegen-Russen-Repressionswelle-in-Lettland-gegen-als.jpg\",\"datePublished\":\"2025-03-17T05:15:00+00:00\",\"dateModified\":\"2025-03-17T05:15:00+00:00\",\"breadcrumb\":{\"@id\":\"https:\/\/now-news.de\/de\/deutschland\/nicht-mehr-bloss-gegen-russen-repressionswelle-in-lettland-gegen-als-oppositionell-verdaechtigte\/#breadcrumb\"},\"inLanguage\":\"de\",\"potentialAction\":[{\"@type\":\"ReadAction\",\"target\":[\"https:\/\/now-news.de\/de\/deutschland\/nicht-mehr-bloss-gegen-russen-repressionswelle-in-lettland-gegen-als-oppositionell-verdaechtigte\/\"]}]},{\"@type\":\"ImageObject\",\"inLanguage\":\"de\",\"@id\":\"https:\/\/now-news.de\/de\/deutschland\/nicht-mehr-bloss-gegen-russen-repressionswelle-in-lettland-gegen-als-oppositionell-verdaechtigte\/#primaryimage\",\"url\":\"https:\/\/now-news.de\/de\/wp-content\/uploads\/sites\/3\/2025\/03\/Nicht-mehr-quotblossquot-gegen-Russen-Repressionswelle-in-Lettland-gegen-als.jpg\",\"contentUrl\":\"https:\/\/now-news.de\/de\/wp-content\/uploads\/sites\/3\/2025\/03\/Nicht-mehr-quotblossquot-gegen-Russen-Repressionswelle-in-Lettland-gegen-als.jpg\",\"width\":460,\"height\":259,\"caption\":\"Nicht mehr &quot;blo\u00df&quot; gegen Russen: Repressionswelle in Lettland gegen als &quot;oppositionell&quot; Verd\u00e4chtigte\"},{\"@type\":\"BreadcrumbList\",\"@id\":\"https:\/\/now-news.de\/de\/deutschland\/nicht-mehr-bloss-gegen-russen-repressionswelle-in-lettland-gegen-als-oppositionell-verdaechtigte\/#breadcrumb\",\"itemListElement\":[{\"@type\":\"ListItem\",\"position\":1,\"name\":\"Home\",\"item\":\"https:\/\/now-news.de\/de\/\"},{\"@type\":\"ListItem\",\"position\":2,\"name\":\"Nicht mehr &quot;blo\u00df&quot; gegen Russen: Repressionswelle in Lettland gegen als &quot;oppositionell&quot; Verd\u00e4chtigte\"}]},{\"@type\":\"WebSite\",\"@id\":\"https:\/\/now-news.de\/de\/#website\",\"url\":\"https:\/\/now-news.de\/de\/\",\"name\":\"just-now.NEWS Deutschland\",\"description\":\"Das Portal f\u00fcr unzensierte Nachrichten aus der Welt\",\"publisher\":{\"@id\":\"https:\/\/now-news.de\/de\/#organization\"},\"potentialAction\":[{\"@type\":\"SearchAction\",\"target\":{\"@type\":\"EntryPoint\",\"urlTemplate\":\"https:\/\/now-news.de\/de\/?s={search_term_string}\"},\"query-input\":\"required name=search_term_string\"}],\"inLanguage\":\"de\"},{\"@type\":\"Organization\",\"@id\":\"https:\/\/now-news.de\/de\/#organization\",\"name\":\"Just Now News\",\"url\":\"https:\/\/now-news.de\/de\/\",\"logo\":{\"@type\":\"ImageObject\",\"inLanguage\":\"de\",\"@id\":\"https:\/\/now-news.de\/de\/#\/schema\/logo\/image\/\",\"url\":\"http:\/\/just-now.news\/de\/wp-content\/uploads\/sites\/3\/2022\/04\/logo500x500.jpg\",\"contentUrl\":\"http:\/\/just-now.news\/de\/wp-content\/uploads\/sites\/3\/2022\/04\/logo500x500.jpg\",\"width\":500,\"height\":500,\"caption\":\"Just Now News\"},\"image\":{\"@id\":\"https:\/\/now-news.de\/de\/#\/schema\/logo\/image\/\"},\"sameAs\":[\"https:\/\/www.facebook.com\/wirmachenauf\",\"https:\/\/x.com\/WirMachenAuf_de\"]},{\"@type\":\"Person\",\"@id\":\"https:\/\/now-news.de\/de\/#\/schema\/person\/fb534a4e865501d8b3285208df34a9b5\",\"name\":\"rtnews\",\"image\":{\"@type\":\"ImageObject\",\"inLanguage\":\"de\",\"@id\":\"https:\/\/now-news.de\/de\/#\/schema\/person\/image\/\",\"url\":\"https:\/\/secure.gravatar.com\/avatar\/82aafea7d8127119dd649515f56e2117?s=96&d=mm&r=g\",\"contentUrl\":\"https:\/\/secure.gravatar.com\/avatar\/82aafea7d8127119dd649515f56e2117?s=96&d=mm&r=g\",\"caption\":\"rtnews\"},\"url\":\"https:\/\/now-news.de\/de\/author\/rnews\/\"}]}<\/script>\n<!-- \/ Yoast SEO Premium plugin. -->","yoast_head_json":{"title":"Nicht mehr &quot;blo\u00df&quot; gegen Russen: Repressionswelle in Lettland gegen als &quot;oppositionell&quot; Verd\u00e4chtigte - just-now.NEWS Deutschland","robots":{"index":"index","follow":"follow","max-snippet":"max-snippet:-1","max-image-preview":"max-image-preview:large","max-video-preview":"max-video-preview:-1"},"canonical":"https:\/\/now-news.de\/de\/deutschland\/nicht-mehr-bloss-gegen-russen-repressionswelle-in-lettland-gegen-als-oppositionell-verdaechtigte\/","og_locale":"de_DE","og_type":"article","og_title":"Nicht mehr &quot;blo\u00df&quot; gegen Russen: Repressionswelle in Lettland gegen als &quot;oppositionell&quot; Verd\u00e4chtigte","og_description":"In Lettland nimmt die Repression immer gr\u00f6\u00dfere Dimensionen an. Inzwischen sind nicht nur Russen betroffen, die sich aus Sicht der Beh\u00f6rden &#8220;prorussisch&#8221; verhalten. Auch missliebige ethnische Letten, Angeh\u00f6rige der anderen baltischen Nationen, ja selbst Ukrainer haben unter Verfolgung zu leiden. Von Nikita Demjanow Das Schwungrad der politischen Repression in Lettland hat ein solches Ausma\u00df angenommen, [&hellip;]","og_url":"https:\/\/now-news.de\/de\/deutschland\/nicht-mehr-bloss-gegen-russen-repressionswelle-in-lettland-gegen-als-oppositionell-verdaechtigte\/","og_site_name":"just-now.NEWS Deutschland","article_publisher":"https:\/\/www.facebook.com\/wirmachenauf","article_published_time":"2025-03-17T05:15:00+00:00","og_image":[{"url":"https:\/\/now-news.de\/de\/wp-content\/uploads\/sites\/3\/2025\/03\/67d6046cb480cc2741405992.jpg"}],"author":"rtnews","twitter_card":"summary_large_image","twitter_creator":"@WirMachenAuf_de","twitter_site":"@WirMachenAuf_de","twitter_misc":{"Verfasst von":"rtnews","Gesch\u00e4tzte Lesezeit":"9\u00a0Minuten"},"schema":{"@context":"https:\/\/schema.org","@graph":[{"@type":"Article","@id":"https:\/\/now-news.de\/de\/deutschland\/nicht-mehr-bloss-gegen-russen-repressionswelle-in-lettland-gegen-als-oppositionell-verdaechtigte\/#article","isPartOf":{"@id":"https:\/\/now-news.de\/de\/deutschland\/nicht-mehr-bloss-gegen-russen-repressionswelle-in-lettland-gegen-als-oppositionell-verdaechtigte\/"},"author":{"name":"rtnews","@id":"https:\/\/now-news.de\/de\/#\/schema\/person\/fb534a4e865501d8b3285208df34a9b5"},"headline":"Nicht mehr &quot;blo\u00df&quot; gegen Russen: Repressionswelle in Lettland gegen als &quot;oppositionell&quot; Verd\u00e4chtigte","datePublished":"2025-03-17T05:15:00+00:00","dateModified":"2025-03-17T05:15:00+00:00","mainEntityOfPage":{"@id":"https:\/\/now-news.de\/de\/deutschland\/nicht-mehr-bloss-gegen-russen-repressionswelle-in-lettland-gegen-als-oppositionell-verdaechtigte\/"},"wordCount":1734,"commentCount":0,"publisher":{"@id":"https:\/\/now-news.de\/de\/#organization"},"image":{"@id":"https:\/\/now-news.de\/de\/deutschland\/nicht-mehr-bloss-gegen-russen-repressionswelle-in-lettland-gegen-als-oppositionell-verdaechtigte\/#primaryimage"},"thumbnailUrl":"https:\/\/now-news.de\/de\/wp-content\/uploads\/sites\/3\/2025\/03\/Nicht-mehr-quotblossquot-gegen-Russen-Repressionswelle-in-Lettland-gegen-als.jpg","keywords":["als","gegen","Lettland","mehr","nicht","quotblo\u00dfquot","quotoppositionellquot","Repressionswelle","Russen","Verd\u00e4chtigte"],"articleSection":["Deutschland","Russland"],"inLanguage":"de","potentialAction":[{"@type":"CommentAction","name":"Comment","target":["https:\/\/now-news.de\/de\/deutschland\/nicht-mehr-bloss-gegen-russen-repressionswelle-in-lettland-gegen-als-oppositionell-verdaechtigte\/#respond"]}]},{"@type":"WebPage","@id":"https:\/\/now-news.de\/de\/deutschland\/nicht-mehr-bloss-gegen-russen-repressionswelle-in-lettland-gegen-als-oppositionell-verdaechtigte\/","url":"https:\/\/now-news.de\/de\/deutschland\/nicht-mehr-bloss-gegen-russen-repressionswelle-in-lettland-gegen-als-oppositionell-verdaechtigte\/","name":"Nicht mehr &quot;blo\u00df&quot; gegen Russen: Repressionswelle in Lettland gegen als &quot;oppositionell&quot; Verd\u00e4chtigte - just-now.NEWS Deutschland","isPartOf":{"@id":"https:\/\/now-news.de\/de\/#website"},"primaryImageOfPage":{"@id":"https:\/\/now-news.de\/de\/deutschland\/nicht-mehr-bloss-gegen-russen-repressionswelle-in-lettland-gegen-als-oppositionell-verdaechtigte\/#primaryimage"},"image":{"@id":"https:\/\/now-news.de\/de\/deutschland\/nicht-mehr-bloss-gegen-russen-repressionswelle-in-lettland-gegen-als-oppositionell-verdaechtigte\/#primaryimage"},"thumbnailUrl":"https:\/\/now-news.de\/de\/wp-content\/uploads\/sites\/3\/2025\/03\/Nicht-mehr-quotblossquot-gegen-Russen-Repressionswelle-in-Lettland-gegen-als.jpg","datePublished":"2025-03-17T05:15:00+00:00","dateModified":"2025-03-17T05:15:00+00:00","breadcrumb":{"@id":"https:\/\/now-news.de\/de\/deutschland\/nicht-mehr-bloss-gegen-russen-repressionswelle-in-lettland-gegen-als-oppositionell-verdaechtigte\/#breadcrumb"},"inLanguage":"de","potentialAction":[{"@type":"ReadAction","target":["https:\/\/now-news.de\/de\/deutschland\/nicht-mehr-bloss-gegen-russen-repressionswelle-in-lettland-gegen-als-oppositionell-verdaechtigte\/"]}]},{"@type":"ImageObject","inLanguage":"de","@id":"https:\/\/now-news.de\/de\/deutschland\/nicht-mehr-bloss-gegen-russen-repressionswelle-in-lettland-gegen-als-oppositionell-verdaechtigte\/#primaryimage","url":"https:\/\/now-news.de\/de\/wp-content\/uploads\/sites\/3\/2025\/03\/Nicht-mehr-quotblossquot-gegen-Russen-Repressionswelle-in-Lettland-gegen-als.jpg","contentUrl":"https:\/\/now-news.de\/de\/wp-content\/uploads\/sites\/3\/2025\/03\/Nicht-mehr-quotblossquot-gegen-Russen-Repressionswelle-in-Lettland-gegen-als.jpg","width":460,"height":259,"caption":"Nicht mehr &quot;blo\u00df&quot; gegen Russen: Repressionswelle in Lettland gegen als &quot;oppositionell&quot; Verd\u00e4chtigte"},{"@type":"BreadcrumbList","@id":"https:\/\/now-news.de\/de\/deutschland\/nicht-mehr-bloss-gegen-russen-repressionswelle-in-lettland-gegen-als-oppositionell-verdaechtigte\/#breadcrumb","itemListElement":[{"@type":"ListItem","position":1,"name":"Home","item":"https:\/\/now-news.de\/de\/"},{"@type":"ListItem","position":2,"name":"Nicht mehr &quot;blo\u00df&quot; gegen Russen: Repressionswelle in Lettland gegen als &quot;oppositionell&quot; Verd\u00e4chtigte"}]},{"@type":"WebSite","@id":"https:\/\/now-news.de\/de\/#website","url":"https:\/\/now-news.de\/de\/","name":"just-now.NEWS Deutschland","description":"Das Portal f\u00fcr unzensierte Nachrichten aus der Welt","publisher":{"@id":"https:\/\/now-news.de\/de\/#organization"},"potentialAction":[{"@type":"SearchAction","target":{"@type":"EntryPoint","urlTemplate":"https:\/\/now-news.de\/de\/?s={search_term_string}"},"query-input":"required name=search_term_string"}],"inLanguage":"de"},{"@type":"Organization","@id":"https:\/\/now-news.de\/de\/#organization","name":"Just Now News","url":"https:\/\/now-news.de\/de\/","logo":{"@type":"ImageObject","inLanguage":"de","@id":"https:\/\/now-news.de\/de\/#\/schema\/logo\/image\/","url":"http:\/\/just-now.news\/de\/wp-content\/uploads\/sites\/3\/2022\/04\/logo500x500.jpg","contentUrl":"http:\/\/just-now.news\/de\/wp-content\/uploads\/sites\/3\/2022\/04\/logo500x500.jpg","width":500,"height":500,"caption":"Just Now News"},"image":{"@id":"https:\/\/now-news.de\/de\/#\/schema\/logo\/image\/"},"sameAs":["https:\/\/www.facebook.com\/wirmachenauf","https:\/\/x.com\/WirMachenAuf_de"]},{"@type":"Person","@id":"https:\/\/now-news.de\/de\/#\/schema\/person\/fb534a4e865501d8b3285208df34a9b5","name":"rtnews","image":{"@type":"ImageObject","inLanguage":"de","@id":"https:\/\/now-news.de\/de\/#\/schema\/person\/image\/","url":"https:\/\/secure.gravatar.com\/avatar\/82aafea7d8127119dd649515f56e2117?s=96&d=mm&r=g","contentUrl":"https:\/\/secure.gravatar.com\/avatar\/82aafea7d8127119dd649515f56e2117?s=96&d=mm&r=g","caption":"rtnews"},"url":"https:\/\/now-news.de\/de\/author\/rnews\/"}]}},"_links":{"self":[{"href":"https:\/\/now-news.de\/de\/wp-json\/wp\/v2\/posts\/80389"}],"collection":[{"href":"https:\/\/now-news.de\/de\/wp-json\/wp\/v2\/posts"}],"about":[{"href":"https:\/\/now-news.de\/de\/wp-json\/wp\/v2\/types\/post"}],"author":[{"embeddable":true,"href":"https:\/\/now-news.de\/de\/wp-json\/wp\/v2\/users\/3"}],"replies":[{"embeddable":true,"href":"https:\/\/now-news.de\/de\/wp-json\/wp\/v2\/comments?post=80389"}],"version-history":[{"count":0,"href":"https:\/\/now-news.de\/de\/wp-json\/wp\/v2\/posts\/80389\/revisions"}],"wp:featuredmedia":[{"embeddable":true,"href":"https:\/\/now-news.de\/de\/wp-json\/wp\/v2\/media\/80390"}],"wp:attachment":[{"href":"https:\/\/now-news.de\/de\/wp-json\/wp\/v2\/media?parent=80389"}],"wp:term":[{"taxonomy":"category","embeddable":true,"href":"https:\/\/now-news.de\/de\/wp-json\/wp\/v2\/categories?post=80389"},{"taxonomy":"post_tag","embeddable":true,"href":"https:\/\/now-news.de\/de\/wp-json\/wp\/v2\/tags?post=80389"}],"curies":[{"name":"wp","href":"https:\/\/api.w.org\/{rel}","templated":true}]}}