{"id":80381,"date":"2025-03-16T21:44:54","date_gmt":"2025-03-16T19:44:54","guid":{"rendered":"https:\/\/now-news.de\/de\/deutschland\/europa-ist-isoliert-xi-lehnt-einladung-zum-china-eu-jubilaeumsgipfel-ab\/"},"modified":"2025-03-16T21:44:54","modified_gmt":"2025-03-16T19:44:54","slug":"europa-ist-isoliert-xi-lehnt-einladung-zum-china-eu-jubilaeumsgipfel-ab","status":"publish","type":"post","link":"https:\/\/now-news.de\/de\/deutschland\/europa-ist-isoliert-xi-lehnt-einladung-zum-china-eu-jubilaeumsgipfel-ab\/","title":{"rendered":"Europa ist isoliert: Xi lehnt Einladung zum China-EU-Jubil\u00e4umsgipfel ab"},"content":{"rendered":"<p><img decoding=\"async\" src=\"https:\/\/now-news.de\/de\/wp-content\/uploads\/sites\/3\/2025\/03\/67d6b549b480cc47fb59ceb6.jpg\" \/><\/p>\n<div class=\"Text-root Text-type_1 \">\n                Die EU will 50 Jahre Beziehungen zu China feiern, doch die Skepsis gegen\u00fcber den warmen Worten aus Peking w\u00e4chst, w\u00e4hrend gleichzeitig die Beziehungen zwischen der EU und den USA angespannt sind.\n            <\/div>\n<p><\/p>\n<div class=\"Text-root Text-type_5 ArticleView-text ViewText-root \">\n<p>Chinas Pr\u00e4sident Xi Jinping hat eine urspr\u00fcngliche Einladung zu einem Gipfeltreffen in Br\u00fcssel anl\u00e4sslich des 50. Jahrestages der Aufnahme von Beziehungen abgelehnt,\u00a0wobei die EU die Ernsthaftigkeit der j\u00fcngsten chinesischen Ann\u00e4herungsversuche infrage stellt.<br \/>Peking teilte den EU-Beamten mit, dass Chinas zweitrangiger Staatsmann, Premier Li Qiang, die Pr\u00e4sidenten des Europ\u00e4ischen Rates und der Kommission in Br\u00fcssel f\u00fcr den Gipfel treffen w\u00fcrde und nicht Xi, so zwei mit der Angelegenheit vertraute Personen gegen\u00fcber <em>Financial Times<\/em>.<\/p>\n<p>Die Gipfeltreffen zwischen der EU und China werden traditionell abwechselnd in Br\u00fcssel und Peking abgehalten. Normalerweise nimmt der Premierminister am Gipfel in Br\u00fcssel teil, w\u00e4hrend Xi ihn in Peking ausrichtet. Die EU ist jedoch der Ansicht, dass die Bedeutung dieses Treffens, mit dem ein halbes Jahrhundert diplomatischer Beziehungen gefeiert werden soll, die Teilnahme des chinesischen Pr\u00e4sidenten erfordert, hie\u00df es.\u00a0<\/p>\n<p>Der diesj\u00e4hrige Gipfel findet zu einem besonders sensiblen Zeitpunkt f\u00fcr die Beziehungen zwischen der EU und China statt.\u00a0Die Spannungen zwischen Br\u00fcssel und Peking haben sich seit dem Beginn des Ukraine-Kriegs im Jahr 2022 versch\u00e4rft, wobei die EU China beschuldigt, den Kreml zu unterst\u00fctzen. Die EU hat au\u00dferdem Z\u00f6lle auf chinesische Elektroautoimporte verh\u00e4ngt.\u00a0<\/p>\n<p>Beide Seiten erkl\u00e4rten, dass die Gespr\u00e4che fortgesetzt w\u00fcrden, aber die anf\u00e4ngliche Br\u00fcskierung habe die Ansicht vieler in Br\u00fcssel best\u00e4tigt, dass China seinen warmen Worten \u00fcber die Notwendigkeit der Zusammenarbeit &#8220;angesichts des Angriffs von US-Pr\u00e4sident Donald Trump auf die multilaterale Weltordnung&#8221; keine konkreten Taten folgen lassen werde, hie\u00df es in der\u00a0<em>Financial Times<\/em>.\u00a0<\/p>\n<p>Lu Shaye, Chinas fr\u00fcherer Botschafter in Frankreich, der\u00a0nun Pekings Sonderbeauftragter f\u00fcr europ\u00e4ische Angelegenheiten ist, sagte, Chinas Politik gegen\u00fcber Europa habe sich immer f\u00fcr &#8220;Frieden, Freundschaft, Zusammenarbeit und gegenseitigen Nutzen&#8221; eingesetzt.<\/p>\n<p>Lu, der wegen seiner aggressiven Diplomatie als &#8220;Wolfskrieger&#8221; bekannt ist, sorgte letztes Jahr f\u00fcr Aufruhr in Europa, als er die angebliche Zugeh\u00f6rigkeit der Krim zur Ukraine und die Souver\u00e4nit\u00e4t ehemaliger Sowjetrepubliken wie der EU-Mitglieder Lettland, Estland und Litauen infrage stellte.<br \/>Seine Ernennung zum Leiter der diplomatischen Beziehungen Chinas zu Europa wurde von einigen Kommentatoren als eine Verh\u00e4rtung der Haltung Pekings gewertet, doch gleichzeitig\u00a0&#8220;ist eine chinesische Charmeoffensive im Gange&#8221;, so ein anderer EU-Diplomat gegen\u00fcber <em>Financial Times<\/em>.<\/p>\n<p><strong>Mehr zum Thema<\/strong>\u00a0\u2013<a rel=\"nofollow noopener\" target=\"_blank\" href=\"https:\/\/freedert.online\/international\/238776-us-verteidigungsminister-hegseth-usa-bereit\/\">\u00a0US-Verteidigungsminister Hegseth: USA bereit f\u00fcr Krieg mit China<\/a><\/p>\n<div class=\"EmbedBlock-root EmbedBlock-externalVideo EmbedBlock-rumble\">\n<div class=\"VkEmbed\"><iframe class=\"lazyload\" data-src=\"https:\/\/rumble.com\/embed\/v6nwtkc\" frameborder=\"0\" width=\"853\" height=\"480\" allowfullscreen><\/iframe><\/div>\n<\/div>\n<\/div>\n<p><br \/>\n<br \/><a href=\"https:\/\/de.rt.com\/europa\/239730-europa-ist-isoliert-xi-lehnt\/\">Source link <\/a><\/p>\n","protected":false},"excerpt":{"rendered":"<p>Die EU will 50 Jahre Beziehungen zu China feiern, doch die Skepsis gegen\u00fcber den warmen Worten aus Peking w\u00e4chst, w\u00e4hrend gleichzeitig die Beziehungen zwischen der EU und den USA angespannt sind. Chinas Pr\u00e4sident Xi Jinping hat eine urspr\u00fcngliche Einladung zu einem Gipfeltreffen in Br\u00fcssel anl\u00e4sslich des 50. Jahrestages der Aufnahme von Beziehungen abgelehnt,\u00a0wobei die EU [&hellip;]<\/p>\n","protected":false},"author":3,"featured_media":80382,"comment_status":"open","ping_status":"open","sticky":false,"template":"","format":"standard","meta":{"_yoast_indexnow_last_ping":["1742154360"],"wp_automatic_camp":["217"],"4a15b14704c38071923b740e3890626b":["Europa ist isoliert: Xi lehnt Einladung zum China-EU-Jubil\u00e4umsgipfel ab"],"original_link":["https:\/\/de.rt.com\/europa\/239730-europa-ist-isoliert-xi-lehnt\/"],"_thumbnail_id":["80382"],"jnews_social_counter_last_update":["1777211940"],"_wptgpro_p2tg_sent2tg":["a:1:{i:23737;s:19:\"2025-03-16 21:48:29\";}"]},"categories":[19,23],"tags":[63494,23458,1370,8349,414,2034,565],"yoast_head":"<!-- This site is optimized with the Yoast SEO Premium plugin v22.7 (Yoast SEO v22.7) - https:\/\/yoast.com\/wordpress\/plugins\/seo\/ -->\n<title>Europa ist isoliert: Xi lehnt Einladung zum China-EU-Jubil\u00e4umsgipfel ab - just-now.NEWS Deutschland<\/title>\n<meta name=\"robots\" content=\"index, follow, max-snippet:-1, max-image-preview:large, max-video-preview:-1\" \/>\n<link rel=\"canonical\" href=\"https:\/\/now-news.de\/de\/deutschland\/europa-ist-isoliert-xi-lehnt-einladung-zum-china-eu-jubilaeumsgipfel-ab\/\" \/>\n<meta property=\"og:locale\" content=\"de_DE\" \/>\n<meta property=\"og:type\" content=\"article\" \/>\n<meta property=\"og:title\" content=\"Europa ist isoliert: Xi lehnt Einladung zum China-EU-Jubil\u00e4umsgipfel ab\" \/>\n<meta property=\"og:description\" content=\"Die EU will 50 Jahre Beziehungen zu China feiern, doch die Skepsis gegen\u00fcber den warmen Worten aus Peking w\u00e4chst, w\u00e4hrend gleichzeitig die Beziehungen zwischen der EU und den USA angespannt sind. Chinas Pr\u00e4sident Xi Jinping hat eine urspr\u00fcngliche Einladung zu einem Gipfeltreffen in Br\u00fcssel anl\u00e4sslich des 50. Jahrestages der Aufnahme von Beziehungen abgelehnt,\u00a0wobei die EU [&hellip;]\" \/>\n<meta property=\"og:url\" content=\"https:\/\/now-news.de\/de\/deutschland\/europa-ist-isoliert-xi-lehnt-einladung-zum-china-eu-jubilaeumsgipfel-ab\/\" \/>\n<meta property=\"og:site_name\" content=\"just-now.NEWS Deutschland\" \/>\n<meta property=\"article:publisher\" content=\"https:\/\/www.facebook.com\/wirmachenauf\" \/>\n<meta property=\"article:published_time\" content=\"2025-03-16T19:44:54+00:00\" \/>\n<meta property=\"og:image\" content=\"https:\/\/now-news.de\/de\/wp-content\/uploads\/sites\/3\/2025\/03\/67d6b549b480cc47fb59ceb6.jpg\" \/>\n<meta name=\"author\" content=\"rtnews\" \/>\n<meta name=\"twitter:card\" content=\"summary_large_image\" \/>\n<meta name=\"twitter:creator\" content=\"@WirMachenAuf_de\" \/>\n<meta name=\"twitter:site\" content=\"@WirMachenAuf_de\" \/>\n<meta name=\"twitter:label1\" content=\"Verfasst von\" \/>\n\t<meta name=\"twitter:data1\" content=\"rtnews\" \/>\n\t<meta name=\"twitter:label2\" content=\"Gesch\u00e4tzte Lesezeit\" \/>\n\t<meta name=\"twitter:data2\" content=\"2\u00a0Minuten\" \/>\n<script type=\"application\/ld+json\" class=\"yoast-schema-graph\">{\"@context\":\"https:\/\/schema.org\",\"@graph\":[{\"@type\":\"Article\",\"@id\":\"https:\/\/now-news.de\/de\/deutschland\/europa-ist-isoliert-xi-lehnt-einladung-zum-china-eu-jubilaeumsgipfel-ab\/#article\",\"isPartOf\":{\"@id\":\"https:\/\/now-news.de\/de\/deutschland\/europa-ist-isoliert-xi-lehnt-einladung-zum-china-eu-jubilaeumsgipfel-ab\/\"},\"author\":{\"name\":\"rtnews\",\"@id\":\"https:\/\/now-news.de\/de\/#\/schema\/person\/fb534a4e865501d8b3285208df34a9b5\"},\"headline\":\"Europa ist isoliert: Xi lehnt Einladung zum China-EU-Jubil\u00e4umsgipfel ab\",\"datePublished\":\"2025-03-16T19:44:54+00:00\",\"dateModified\":\"2025-03-16T19:44:54+00:00\",\"mainEntityOfPage\":{\"@id\":\"https:\/\/now-news.de\/de\/deutschland\/europa-ist-isoliert-xi-lehnt-einladung-zum-china-eu-jubilaeumsgipfel-ab\/\"},\"wordCount\":443,\"commentCount\":0,\"publisher\":{\"@id\":\"https:\/\/now-news.de\/de\/#organization\"},\"image\":{\"@id\":\"https:\/\/now-news.de\/de\/deutschland\/europa-ist-isoliert-xi-lehnt-einladung-zum-china-eu-jubilaeumsgipfel-ab\/#primaryimage\"},\"thumbnailUrl\":\"https:\/\/now-news.de\/de\/wp-content\/uploads\/sites\/3\/2025\/03\/Europa-ist-isoliert-Xi-lehnt-Einladung-zum-China-EU-Jubilaeumsgipfel-ab.jpg\",\"keywords\":[\"ChinaEUJubil\u00e4umsgipfel\",\"Einladung\",\"Europa\",\"isoliert\",\"ist\",\"lehnt\",\"zum\"],\"articleSection\":[\"Deutschland\",\"Russland\"],\"inLanguage\":\"de\",\"potentialAction\":[{\"@type\":\"CommentAction\",\"name\":\"Comment\",\"target\":[\"https:\/\/now-news.de\/de\/deutschland\/europa-ist-isoliert-xi-lehnt-einladung-zum-china-eu-jubilaeumsgipfel-ab\/#respond\"]}]},{\"@type\":\"WebPage\",\"@id\":\"https:\/\/now-news.de\/de\/deutschland\/europa-ist-isoliert-xi-lehnt-einladung-zum-china-eu-jubilaeumsgipfel-ab\/\",\"url\":\"https:\/\/now-news.de\/de\/deutschland\/europa-ist-isoliert-xi-lehnt-einladung-zum-china-eu-jubilaeumsgipfel-ab\/\",\"name\":\"Europa ist isoliert: Xi lehnt Einladung zum China-EU-Jubil\u00e4umsgipfel ab - just-now.NEWS Deutschland\",\"isPartOf\":{\"@id\":\"https:\/\/now-news.de\/de\/#website\"},\"primaryImageOfPage\":{\"@id\":\"https:\/\/now-news.de\/de\/deutschland\/europa-ist-isoliert-xi-lehnt-einladung-zum-china-eu-jubilaeumsgipfel-ab\/#primaryimage\"},\"image\":{\"@id\":\"https:\/\/now-news.de\/de\/deutschland\/europa-ist-isoliert-xi-lehnt-einladung-zum-china-eu-jubilaeumsgipfel-ab\/#primaryimage\"},\"thumbnailUrl\":\"https:\/\/now-news.de\/de\/wp-content\/uploads\/sites\/3\/2025\/03\/Europa-ist-isoliert-Xi-lehnt-Einladung-zum-China-EU-Jubilaeumsgipfel-ab.jpg\",\"datePublished\":\"2025-03-16T19:44:54+00:00\",\"dateModified\":\"2025-03-16T19:44:54+00:00\",\"breadcrumb\":{\"@id\":\"https:\/\/now-news.de\/de\/deutschland\/europa-ist-isoliert-xi-lehnt-einladung-zum-china-eu-jubilaeumsgipfel-ab\/#breadcrumb\"},\"inLanguage\":\"de\",\"potentialAction\":[{\"@type\":\"ReadAction\",\"target\":[\"https:\/\/now-news.de\/de\/deutschland\/europa-ist-isoliert-xi-lehnt-einladung-zum-china-eu-jubilaeumsgipfel-ab\/\"]}]},{\"@type\":\"ImageObject\",\"inLanguage\":\"de\",\"@id\":\"https:\/\/now-news.de\/de\/deutschland\/europa-ist-isoliert-xi-lehnt-einladung-zum-china-eu-jubilaeumsgipfel-ab\/#primaryimage\",\"url\":\"https:\/\/now-news.de\/de\/wp-content\/uploads\/sites\/3\/2025\/03\/Europa-ist-isoliert-Xi-lehnt-Einladung-zum-China-EU-Jubilaeumsgipfel-ab.jpg\",\"contentUrl\":\"https:\/\/now-news.de\/de\/wp-content\/uploads\/sites\/3\/2025\/03\/Europa-ist-isoliert-Xi-lehnt-Einladung-zum-China-EU-Jubilaeumsgipfel-ab.jpg\",\"width\":460,\"height\":259,\"caption\":\"Europa ist isoliert: Xi lehnt Einladung zum China-EU-Jubil\u00e4umsgipfel ab\"},{\"@type\":\"BreadcrumbList\",\"@id\":\"https:\/\/now-news.de\/de\/deutschland\/europa-ist-isoliert-xi-lehnt-einladung-zum-china-eu-jubilaeumsgipfel-ab\/#breadcrumb\",\"itemListElement\":[{\"@type\":\"ListItem\",\"position\":1,\"name\":\"Home\",\"item\":\"https:\/\/now-news.de\/de\/\"},{\"@type\":\"ListItem\",\"position\":2,\"name\":\"Europa ist isoliert: Xi lehnt Einladung zum China-EU-Jubil\u00e4umsgipfel ab\"}]},{\"@type\":\"WebSite\",\"@id\":\"https:\/\/now-news.de\/de\/#website\",\"url\":\"https:\/\/now-news.de\/de\/\",\"name\":\"just-now.NEWS Deutschland\",\"description\":\"Das Portal f\u00fcr unzensierte Nachrichten aus der Welt\",\"publisher\":{\"@id\":\"https:\/\/now-news.de\/de\/#organization\"},\"potentialAction\":[{\"@type\":\"SearchAction\",\"target\":{\"@type\":\"EntryPoint\",\"urlTemplate\":\"https:\/\/now-news.de\/de\/?s={search_term_string}\"},\"query-input\":\"required name=search_term_string\"}],\"inLanguage\":\"de\"},{\"@type\":\"Organization\",\"@id\":\"https:\/\/now-news.de\/de\/#organization\",\"name\":\"Just Now News\",\"url\":\"https:\/\/now-news.de\/de\/\",\"logo\":{\"@type\":\"ImageObject\",\"inLanguage\":\"de\",\"@id\":\"https:\/\/now-news.de\/de\/#\/schema\/logo\/image\/\",\"url\":\"http:\/\/just-now.news\/de\/wp-content\/uploads\/sites\/3\/2022\/04\/logo500x500.jpg\",\"contentUrl\":\"http:\/\/just-now.news\/de\/wp-content\/uploads\/sites\/3\/2022\/04\/logo500x500.jpg\",\"width\":500,\"height\":500,\"caption\":\"Just Now News\"},\"image\":{\"@id\":\"https:\/\/now-news.de\/de\/#\/schema\/logo\/image\/\"},\"sameAs\":[\"https:\/\/www.facebook.com\/wirmachenauf\",\"https:\/\/x.com\/WirMachenAuf_de\"]},{\"@type\":\"Person\",\"@id\":\"https:\/\/now-news.de\/de\/#\/schema\/person\/fb534a4e865501d8b3285208df34a9b5\",\"name\":\"rtnews\",\"image\":{\"@type\":\"ImageObject\",\"inLanguage\":\"de\",\"@id\":\"https:\/\/now-news.de\/de\/#\/schema\/person\/image\/\",\"url\":\"https:\/\/secure.gravatar.com\/avatar\/82aafea7d8127119dd649515f56e2117?s=96&d=mm&r=g\",\"contentUrl\":\"https:\/\/secure.gravatar.com\/avatar\/82aafea7d8127119dd649515f56e2117?s=96&d=mm&r=g\",\"caption\":\"rtnews\"},\"url\":\"https:\/\/now-news.de\/de\/author\/rnews\/\"}]}<\/script>\n<!-- \/ Yoast SEO Premium plugin. -->","yoast_head_json":{"title":"Europa ist isoliert: Xi lehnt Einladung zum China-EU-Jubil\u00e4umsgipfel ab - just-now.NEWS Deutschland","robots":{"index":"index","follow":"follow","max-snippet":"max-snippet:-1","max-image-preview":"max-image-preview:large","max-video-preview":"max-video-preview:-1"},"canonical":"https:\/\/now-news.de\/de\/deutschland\/europa-ist-isoliert-xi-lehnt-einladung-zum-china-eu-jubilaeumsgipfel-ab\/","og_locale":"de_DE","og_type":"article","og_title":"Europa ist isoliert: Xi lehnt Einladung zum China-EU-Jubil\u00e4umsgipfel ab","og_description":"Die EU will 50 Jahre Beziehungen zu China feiern, doch die Skepsis gegen\u00fcber den warmen Worten aus Peking w\u00e4chst, w\u00e4hrend gleichzeitig die Beziehungen zwischen der EU und den USA angespannt sind. Chinas Pr\u00e4sident Xi Jinping hat eine urspr\u00fcngliche Einladung zu einem Gipfeltreffen in Br\u00fcssel anl\u00e4sslich des 50. Jahrestages der Aufnahme von Beziehungen abgelehnt,\u00a0wobei die EU [&hellip;]","og_url":"https:\/\/now-news.de\/de\/deutschland\/europa-ist-isoliert-xi-lehnt-einladung-zum-china-eu-jubilaeumsgipfel-ab\/","og_site_name":"just-now.NEWS Deutschland","article_publisher":"https:\/\/www.facebook.com\/wirmachenauf","article_published_time":"2025-03-16T19:44:54+00:00","og_image":[{"url":"https:\/\/now-news.de\/de\/wp-content\/uploads\/sites\/3\/2025\/03\/67d6b549b480cc47fb59ceb6.jpg"}],"author":"rtnews","twitter_card":"summary_large_image","twitter_creator":"@WirMachenAuf_de","twitter_site":"@WirMachenAuf_de","twitter_misc":{"Verfasst von":"rtnews","Gesch\u00e4tzte Lesezeit":"2\u00a0Minuten"},"schema":{"@context":"https:\/\/schema.org","@graph":[{"@type":"Article","@id":"https:\/\/now-news.de\/de\/deutschland\/europa-ist-isoliert-xi-lehnt-einladung-zum-china-eu-jubilaeumsgipfel-ab\/#article","isPartOf":{"@id":"https:\/\/now-news.de\/de\/deutschland\/europa-ist-isoliert-xi-lehnt-einladung-zum-china-eu-jubilaeumsgipfel-ab\/"},"author":{"name":"rtnews","@id":"https:\/\/now-news.de\/de\/#\/schema\/person\/fb534a4e865501d8b3285208df34a9b5"},"headline":"Europa ist isoliert: Xi lehnt Einladung zum China-EU-Jubil\u00e4umsgipfel ab","datePublished":"2025-03-16T19:44:54+00:00","dateModified":"2025-03-16T19:44:54+00:00","mainEntityOfPage":{"@id":"https:\/\/now-news.de\/de\/deutschland\/europa-ist-isoliert-xi-lehnt-einladung-zum-china-eu-jubilaeumsgipfel-ab\/"},"wordCount":443,"commentCount":0,"publisher":{"@id":"https:\/\/now-news.de\/de\/#organization"},"image":{"@id":"https:\/\/now-news.de\/de\/deutschland\/europa-ist-isoliert-xi-lehnt-einladung-zum-china-eu-jubilaeumsgipfel-ab\/#primaryimage"},"thumbnailUrl":"https:\/\/now-news.de\/de\/wp-content\/uploads\/sites\/3\/2025\/03\/Europa-ist-isoliert-Xi-lehnt-Einladung-zum-China-EU-Jubilaeumsgipfel-ab.jpg","keywords":["ChinaEUJubil\u00e4umsgipfel","Einladung","Europa","isoliert","ist","lehnt","zum"],"articleSection":["Deutschland","Russland"],"inLanguage":"de","potentialAction":[{"@type":"CommentAction","name":"Comment","target":["https:\/\/now-news.de\/de\/deutschland\/europa-ist-isoliert-xi-lehnt-einladung-zum-china-eu-jubilaeumsgipfel-ab\/#respond"]}]},{"@type":"WebPage","@id":"https:\/\/now-news.de\/de\/deutschland\/europa-ist-isoliert-xi-lehnt-einladung-zum-china-eu-jubilaeumsgipfel-ab\/","url":"https:\/\/now-news.de\/de\/deutschland\/europa-ist-isoliert-xi-lehnt-einladung-zum-china-eu-jubilaeumsgipfel-ab\/","name":"Europa ist isoliert: Xi lehnt Einladung zum China-EU-Jubil\u00e4umsgipfel ab - just-now.NEWS Deutschland","isPartOf":{"@id":"https:\/\/now-news.de\/de\/#website"},"primaryImageOfPage":{"@id":"https:\/\/now-news.de\/de\/deutschland\/europa-ist-isoliert-xi-lehnt-einladung-zum-china-eu-jubilaeumsgipfel-ab\/#primaryimage"},"image":{"@id":"https:\/\/now-news.de\/de\/deutschland\/europa-ist-isoliert-xi-lehnt-einladung-zum-china-eu-jubilaeumsgipfel-ab\/#primaryimage"},"thumbnailUrl":"https:\/\/now-news.de\/de\/wp-content\/uploads\/sites\/3\/2025\/03\/Europa-ist-isoliert-Xi-lehnt-Einladung-zum-China-EU-Jubilaeumsgipfel-ab.jpg","datePublished":"2025-03-16T19:44:54+00:00","dateModified":"2025-03-16T19:44:54+00:00","breadcrumb":{"@id":"https:\/\/now-news.de\/de\/deutschland\/europa-ist-isoliert-xi-lehnt-einladung-zum-china-eu-jubilaeumsgipfel-ab\/#breadcrumb"},"inLanguage":"de","potentialAction":[{"@type":"ReadAction","target":["https:\/\/now-news.de\/de\/deutschland\/europa-ist-isoliert-xi-lehnt-einladung-zum-china-eu-jubilaeumsgipfel-ab\/"]}]},{"@type":"ImageObject","inLanguage":"de","@id":"https:\/\/now-news.de\/de\/deutschland\/europa-ist-isoliert-xi-lehnt-einladung-zum-china-eu-jubilaeumsgipfel-ab\/#primaryimage","url":"https:\/\/now-news.de\/de\/wp-content\/uploads\/sites\/3\/2025\/03\/Europa-ist-isoliert-Xi-lehnt-Einladung-zum-China-EU-Jubilaeumsgipfel-ab.jpg","contentUrl":"https:\/\/now-news.de\/de\/wp-content\/uploads\/sites\/3\/2025\/03\/Europa-ist-isoliert-Xi-lehnt-Einladung-zum-China-EU-Jubilaeumsgipfel-ab.jpg","width":460,"height":259,"caption":"Europa ist isoliert: Xi lehnt Einladung zum China-EU-Jubil\u00e4umsgipfel ab"},{"@type":"BreadcrumbList","@id":"https:\/\/now-news.de\/de\/deutschland\/europa-ist-isoliert-xi-lehnt-einladung-zum-china-eu-jubilaeumsgipfel-ab\/#breadcrumb","itemListElement":[{"@type":"ListItem","position":1,"name":"Home","item":"https:\/\/now-news.de\/de\/"},{"@type":"ListItem","position":2,"name":"Europa ist isoliert: Xi lehnt Einladung zum China-EU-Jubil\u00e4umsgipfel ab"}]},{"@type":"WebSite","@id":"https:\/\/now-news.de\/de\/#website","url":"https:\/\/now-news.de\/de\/","name":"just-now.NEWS Deutschland","description":"Das Portal f\u00fcr unzensierte Nachrichten aus der Welt","publisher":{"@id":"https:\/\/now-news.de\/de\/#organization"},"potentialAction":[{"@type":"SearchAction","target":{"@type":"EntryPoint","urlTemplate":"https:\/\/now-news.de\/de\/?s={search_term_string}"},"query-input":"required name=search_term_string"}],"inLanguage":"de"},{"@type":"Organization","@id":"https:\/\/now-news.de\/de\/#organization","name":"Just Now News","url":"https:\/\/now-news.de\/de\/","logo":{"@type":"ImageObject","inLanguage":"de","@id":"https:\/\/now-news.de\/de\/#\/schema\/logo\/image\/","url":"http:\/\/just-now.news\/de\/wp-content\/uploads\/sites\/3\/2022\/04\/logo500x500.jpg","contentUrl":"http:\/\/just-now.news\/de\/wp-content\/uploads\/sites\/3\/2022\/04\/logo500x500.jpg","width":500,"height":500,"caption":"Just Now News"},"image":{"@id":"https:\/\/now-news.de\/de\/#\/schema\/logo\/image\/"},"sameAs":["https:\/\/www.facebook.com\/wirmachenauf","https:\/\/x.com\/WirMachenAuf_de"]},{"@type":"Person","@id":"https:\/\/now-news.de\/de\/#\/schema\/person\/fb534a4e865501d8b3285208df34a9b5","name":"rtnews","image":{"@type":"ImageObject","inLanguage":"de","@id":"https:\/\/now-news.de\/de\/#\/schema\/person\/image\/","url":"https:\/\/secure.gravatar.com\/avatar\/82aafea7d8127119dd649515f56e2117?s=96&d=mm&r=g","contentUrl":"https:\/\/secure.gravatar.com\/avatar\/82aafea7d8127119dd649515f56e2117?s=96&d=mm&r=g","caption":"rtnews"},"url":"https:\/\/now-news.de\/de\/author\/rnews\/"}]}},"_links":{"self":[{"href":"https:\/\/now-news.de\/de\/wp-json\/wp\/v2\/posts\/80381"}],"collection":[{"href":"https:\/\/now-news.de\/de\/wp-json\/wp\/v2\/posts"}],"about":[{"href":"https:\/\/now-news.de\/de\/wp-json\/wp\/v2\/types\/post"}],"author":[{"embeddable":true,"href":"https:\/\/now-news.de\/de\/wp-json\/wp\/v2\/users\/3"}],"replies":[{"embeddable":true,"href":"https:\/\/now-news.de\/de\/wp-json\/wp\/v2\/comments?post=80381"}],"version-history":[{"count":0,"href":"https:\/\/now-news.de\/de\/wp-json\/wp\/v2\/posts\/80381\/revisions"}],"wp:featuredmedia":[{"embeddable":true,"href":"https:\/\/now-news.de\/de\/wp-json\/wp\/v2\/media\/80382"}],"wp:attachment":[{"href":"https:\/\/now-news.de\/de\/wp-json\/wp\/v2\/media?parent=80381"}],"wp:term":[{"taxonomy":"category","embeddable":true,"href":"https:\/\/now-news.de\/de\/wp-json\/wp\/v2\/categories?post=80381"},{"taxonomy":"post_tag","embeddable":true,"href":"https:\/\/now-news.de\/de\/wp-json\/wp\/v2\/tags?post=80381"}],"curies":[{"name":"wp","href":"https:\/\/api.w.org\/{rel}","templated":true}]}}