{"id":80375,"date":"2025-03-16T18:32:20","date_gmt":"2025-03-16T16:32:20","guid":{"rendered":"https:\/\/now-news.de\/de\/deutschland\/europas-politische-wendehaelse\/"},"modified":"2025-03-16T18:32:20","modified_gmt":"2025-03-16T16:32:20","slug":"europas-politische-wendehaelse","status":"publish","type":"post","link":"https:\/\/now-news.de\/de\/deutschland\/europas-politische-wendehaelse\/","title":{"rendered":"Europas politische Wendeh\u00e4lse"},"content":{"rendered":"<p><img decoding=\"async\" src=\"https:\/\/now-news.de\/de\/wp-content\/uploads\/sites\/3\/2025\/03\/67d42c75b480cc273c4efec2.jpg\" \/><\/p>\n<div class=\"Text-root Text-type_1 \">\n                Politiker aus Europa, die noch vor Kurzem ausschlie\u00dflich auf eine Eskalation des Ukraine-Konflikts setzten, scheinen pl\u00f6tzlich die Ergebnisse von Verhandlungen zwischen USA und der Ukraine in Dschidda und eine Feuerpause zu unterst\u00fctzen. Was steckt hinter dieser Kehrtwende?\n            <\/div>\n<p><\/p>\n<div class=\"Text-root Text-type_5 ArticleView-text ViewText-root \">\n<p><em>Von Dmitri Jewstafjew<\/em><\/p>\n<p>Die Verhandlungen zwischen Delegationen der USA und der Ukraine in Dschidda haben der gesamten Welt den wirklichen Wert der &#8220;unnachgiebigen Position&#8221; des Kiewer Regimes gezeigt, dessen Vertreter ihren Standpunkt fast zum Gegenteil \u00e4nderten. Dies kommt nat\u00fcrlich nicht nur von Kiews v\u00f6lliger Abh\u00e4ngigkeit von der Unterst\u00fctzung der USA, vor allem im milit\u00e4rischen Bereich, sondern auch von Erfolgen der russischen Streitkr\u00e4fte. Doch es scheint methodologisch korrekter, die Geschehnisse weniger aus einem politisch-diplomatischen Standpunkt zu bewerten, als aus einem informationspolitischen. Dies wird durch die Aktionen westlicher Vertreter, vor allem der europ\u00e4ischen Eliten, best\u00e4tigt, die gleich nach dem Ende der Gespr\u00e4che in Dschidda begonnen haben, Informationsdruck auszu\u00fcben. In gewisser Hinsicht versuchten die Europ\u00e4er, Washington zu \u00fcberbieten, ohne zu verstehen, wie erfahren Menschen in Russland im Bereich von informationspolitischen Technologien sind.<\/p>\n<p>Der Hauptgedanke der unbeholfenen Medienkampagne unter dem Namen &#8220;Der Ball ist auf Russlands Seite&#8221; ist einfach: Russland solle dem von Washington vorgeschlagenen Plan eines &#8220;Einfrierens des Konflikts&#8221; zustimmen, andernfalls werde es seinen Friedensunwillen demonstrieren. Hierbei wird das manipulative Wesen der westlichen Politik sehr deutlich. Einerseits wird ein &#8220;Einfrieren&#8221; gefordert, das Kiew erm\u00f6glichen soll, sich nach den schmerzhaften Niederlagen zu &#8220;erholen&#8221;. Dieses Einfrieren wird f\u00fcr Frieden ausgegeben. Es scheint, als w\u00fcrde man im Westen aufrichtig glauben, dass Russland aus den vergangenen Versuchen, einen Frieden auszuhandeln, nichts gelernt habe. Es sei angemerkt, dass sogar Europa beginnt, Kiews Unaufrichtigkeit zu verstehen. Insbesondere schreibt <em>Bild<\/em>, eine der gr\u00f6\u00dften antirussischen Zeitungen Deutschlands,\u00a0direkt, dass Selenskij versuchen werde, den Friedensprozess zu sabotieren, sobald er die Kampff\u00e4higkeit seiner Truppen wiederherstellt.<\/p>\n<p>Andererseits werden Russlands Sicherheitsinteressen und Vorschl\u00e4ge zu einer friedlichen Regulierung demonstrativ ignoriert. In diesem Fall kommt unter anderem die koloniale politische Mentalit\u00e4t des Westens insgesamt und der europ\u00e4ischen Staaten insbesondere zum Vorschein. Sie verstehen einfach nicht, dass sie in Russland mit der Regierung eines souver\u00e4nen Landes zu tun haben, die vom Schutz der nationalen Interessen, und nicht vom Erhalt augenblicklicher informationeller oder PR-Profite ausgeht. Ein solches Unverst\u00e4ndnis ist die Folge des eigenen nicht souver\u00e4nen Status der europ\u00e4ischen Eliten.<\/p>\n<p>Doch sind europ\u00e4ische Staatschefs in ihrer Unterst\u00fctzung der gegenw\u00e4rtigen Politik von Washington wirklich so aufrichtig? Schlie\u00dflich traten noch vor Kurzem die bedeutendsten Politiker des heutigen Europas \u2013 von Keir Starmer bis Emmanuel Macron \u2013 f\u00fcr eine Fortsetzung des Krieges gegen Russland ein und lehnten sogar ein Einfrieren der K\u00e4mpfe kategorisch ab. Mehr noch, sie sprachen auch in deutlichen Worten \u00fcber den US-Pr\u00e4sidenten Donald Trump selbst und nannten ihn fast schon einen Verr\u00e4ter der Demokratie. Die gegenw\u00e4rtige propagandistische Kehrtwende k\u00f6nnte als ein klassisches Umschwenken der europ\u00e4ischen &#8220;Wendeh\u00e4lse&#8221; angesehen werden, die l\u00e4ngst weder von der Gesellschaft noch von der Wirtschaft unterst\u00fctzt werden und sich auf die USA orientieren.<\/p>\n<p>Doch die Lage ist nicht so einfach: Die Hauptidee der euroatlantischen Eliten zu beiden Seiten des Atlantiks besteht darin, Trump gegen Russland aufzubringen. Dabei greifen sie sogar auf primitivste Manipulationen zur\u00fcck. Dies ist das wichtigste Element der Strategie zur politischen Isolation des charismatischen US-Pr\u00e4sidenten.<\/p>\n<p>Freilich steht Donald Trump noch ganz am Anfang seiner zweiten und nach geltender Gesetzgebung letzten Pr\u00e4sidialamtszeit. Doch schon in den n\u00e4chsten Monaten wird die Frage \u00fcber seine realen Leistungen im Amt des Pr\u00e4sidenten aufkommen, und dabei wird Trumps Selbstbewerbung kaum so wirksam sein wie jetzt. Gerade dann wird der Vorwurf aufkommen, dass er nicht nur daran gescheitert sei, den Ukraine-Konflikt zum Vorteil des Westens zu l\u00f6sen, sondern auch den gesamten Euroatlantik gegen sich aufgebracht und praktisch alles zerst\u00f6rt habe, was seit fast 80 Jahren aufgebaut wurde. Dazu \u2013 so wird es dargestellt werden \u2013 habe er im Oval Office Wladimir Selenskij beschimpft, der, wenn nicht schon zum F\u00fchrer, so doch zumindest zum Symbol der &#8220;freien Welt&#8221; deklariert wurde.<\/p>\n<p>Euroatlantiker glauben, dass Trump f\u00fcr Schmeichelei anf\u00e4llig w\u00e4re und nicht sehen w\u00fcrde, wie heuchlerisch ihre Unterst\u00fctzung ist.<\/p>\n<p>Sie glauben, dass sie kurzsichtige antirussische Schritte und Ank\u00fcndigungen einiger Mitglieder von Trumps Team unterst\u00fctzen und den US-Staatschef &#8220;in ihren Umarmungen erw\u00fcrgen&#8221;, und dann mit Unterst\u00fctzung der inneramerikanischen Front zuschlagen k\u00f6nnen. Betrachtet man die st\u00e4ndigen PR-Kehrtwenden des US-Pr\u00e4sidenten, erscheint dieser Plan zwar nicht besonders ausgekl\u00fcgelt, aber durchaus funktionsf\u00e4hig.<\/p>\n<p>Au\u00dferdem ben\u00f6tigen die euroatlantischen Eliten, vor allem ihr europ\u00e4ischer Teil, nicht weniger als Kiew eine &#8220;Friedenspause&#8221;, w\u00e4hrend welcher sie Europas milit\u00e4rwirtschaftliche Komponente zum Funktionieren bringen k\u00f6nnen. F\u00fcr diesen Zeitraum, bis 2026\/2027, w\u00e4re es durchaus logisch, den Zustand &#8220;weder Frieden noch Krieg&#8221; um die Ukraine zu bewahren, vor allem aber die USA an der Spitze der Konfrontation mit Russland zu halten. Europa ist nicht bereit, die B\u00fcrde eines &#8220;gro\u00dfen europ\u00e4ischen Krieges&#8221; selbstst\u00e4ndig zu tragen. Noch nicht.<\/p>\n<p>Das Wichtigste, was die Eliten einzelner europ\u00e4ischer Staaten nicht verstehen und was die Eurob\u00fcrokratie zu ahnen scheint, ist, dass eine neue Weltordnung, wie zerbrechlich sie auch sein mag, beim gegenw\u00e4rtigen Kr\u00e4fteverh\u00e4ltnis nur auf Ruinen des &#8220;einigen Europa&#8221; und auf seine Kosten gebaut werden kann. Auf \u00e4hnliche Weise versuchten radikale Euroatlantiker eine neue Weltordnung auf den Ruinen Russlands und auf seine Kosten zu bauen. Was die radikalen Euroatlantiker nicht sagten, ist, dass die neue Weltordnung der 2010er-Jahre mit dem Geld der USA gebaut werden sollte. Trump versucht, dieses &#8220;Geldfressen&#8221; umzukehren und wird damit f\u00fcr Euroatlantiker zu einem Todfeind, gegen den jedes Mittel recht ist.<\/p>\n<p><em>\u00dcbersetzt aus dem\u00a0<a rel=\"nofollow noopener\" target=\"_blank\" href=\"https:\/\/russian.rt.com\/opinion\/1448223-evstafev-evropa-politiki-ssha-ukraina\">Russischen<\/a>. Zuerst erschienen bei RT am 13. M\u00e4rz.<\/em><\/p>\n<p><em>Dmitri Jewstafjew ist ein russischer Politologe und Amerikanist. Er ist Doktor der Politikwissenschaften und lehrt am Institut f\u00fcr Medien der Wirtschaftshochschule Moskau. Jewstafjews Spezialisierung sind milit\u00e4rpolitische Fragen der nationalen Sicherheit Russlands, der Au\u00dfen- und der Milit\u00e4rpolitik der USA und der regionalen Probleme der Kernwaffen-Nichtverbreitung. Er ist Co-Autor wissenschaftlicher Monografien und zahlreicher Artikel.<\/em><\/p>\n<p><strong>Mehr zum Thema <\/strong>\u2013 <a rel=\"nofollow noopener\" target=\"_blank\" href=\"https:\/\/freedert.online\/international\/237723-gruende-konflikts-mit-trump-eu-eliten-wollen-machterhalt-mittels-dauerspannung-im-osten\/\">Gr\u00fcnde des Konflikts mit Trump: EU-Eliten wollen Machterhalt durch Strategie der Spannung im Osten<\/a><\/p>\n<div class=\"EmbedBlock-root EmbedBlock-externalVideo EmbedBlock-rumble\">\n<div class=\"VkEmbed\"><iframe class=\"lazyload\" data-src=\"https:\/\/rumble.com\/embed\/v6odpr2\" frameborder=\"0\" width=\"853\" height=\"480\" allowfullscreen><\/iframe><\/div>\n<\/div>\n<\/div>\n<p><br \/>\n<br \/><a href=\"https:\/\/de.rt.com\/meinung\/239583-europas-politische-wendehaelse\/\">Source link <\/a><\/p>\n","protected":false},"excerpt":{"rendered":"<p>Politiker aus Europa, die noch vor Kurzem ausschlie\u00dflich auf eine Eskalation des Ukraine-Konflikts setzten, scheinen pl\u00f6tzlich die Ergebnisse von Verhandlungen zwischen USA und der Ukraine in Dschidda und eine Feuerpause zu unterst\u00fctzen. Was steckt hinter dieser Kehrtwende? Von Dmitri Jewstafjew Die Verhandlungen zwischen Delegationen der USA und der Ukraine in Dschidda haben der gesamten Welt [&hellip;]<\/p>\n","protected":false},"author":3,"featured_media":80376,"comment_status":"open","ping_status":"open","sticky":false,"template":"","format":"standard","meta":{"_yoast_indexnow_last_ping":["1742148452"],"wp_automatic_camp":["217"],"3b4ff912f43e5bfbdaa94774eaa01860":["Europas politische Wendeh\u00e4lse"],"original_link":["https:\/\/de.rt.com\/meinung\/239583-europas-politische-wendehaelse\/"],"_thumbnail_id":["80376"],"jnews_social_counter_last_update":["1777094653"],"_wptgpro_p2tg_sent2tg":["a:1:{i:23737;s:19:\"2025-03-16 20:09:01\";}"]},"categories":[19,23],"tags":[1293,4434,63492],"yoast_head":"<!-- This site is optimized with the Yoast SEO Premium plugin v22.7 (Yoast SEO v22.7) - https:\/\/yoast.com\/wordpress\/plugins\/seo\/ -->\n<title>Europas politische Wendeh\u00e4lse - just-now.NEWS Deutschland<\/title>\n<meta name=\"robots\" content=\"index, follow, max-snippet:-1, max-image-preview:large, max-video-preview:-1\" \/>\n<link rel=\"canonical\" href=\"https:\/\/now-news.de\/de\/deutschland\/europas-politische-wendehaelse\/\" \/>\n<meta property=\"og:locale\" content=\"de_DE\" \/>\n<meta property=\"og:type\" content=\"article\" \/>\n<meta property=\"og:title\" content=\"Europas politische Wendeh\u00e4lse\" \/>\n<meta property=\"og:description\" content=\"Politiker aus Europa, die noch vor Kurzem ausschlie\u00dflich auf eine Eskalation des Ukraine-Konflikts setzten, scheinen pl\u00f6tzlich die Ergebnisse von Verhandlungen zwischen USA und der Ukraine in Dschidda und eine Feuerpause zu unterst\u00fctzen. Was steckt hinter dieser Kehrtwende? Von Dmitri Jewstafjew Die Verhandlungen zwischen Delegationen der USA und der Ukraine in Dschidda haben der gesamten Welt [&hellip;]\" \/>\n<meta property=\"og:url\" content=\"https:\/\/now-news.de\/de\/deutschland\/europas-politische-wendehaelse\/\" \/>\n<meta property=\"og:site_name\" content=\"just-now.NEWS Deutschland\" \/>\n<meta property=\"article:publisher\" content=\"https:\/\/www.facebook.com\/wirmachenauf\" \/>\n<meta property=\"article:published_time\" content=\"2025-03-16T16:32:20+00:00\" \/>\n<meta property=\"og:image\" content=\"https:\/\/now-news.de\/de\/wp-content\/uploads\/sites\/3\/2025\/03\/67d42c75b480cc273c4efec2.jpg\" \/>\n<meta name=\"author\" content=\"rtnews\" \/>\n<meta name=\"twitter:card\" content=\"summary_large_image\" \/>\n<meta name=\"twitter:creator\" content=\"@WirMachenAuf_de\" \/>\n<meta name=\"twitter:site\" content=\"@WirMachenAuf_de\" \/>\n<meta name=\"twitter:label1\" content=\"Verfasst von\" \/>\n\t<meta name=\"twitter:data1\" content=\"rtnews\" \/>\n\t<meta name=\"twitter:label2\" content=\"Gesch\u00e4tzte Lesezeit\" \/>\n\t<meta name=\"twitter:data2\" content=\"5\u00a0Minuten\" \/>\n<script type=\"application\/ld+json\" class=\"yoast-schema-graph\">{\"@context\":\"https:\/\/schema.org\",\"@graph\":[{\"@type\":\"Article\",\"@id\":\"https:\/\/now-news.de\/de\/deutschland\/europas-politische-wendehaelse\/#article\",\"isPartOf\":{\"@id\":\"https:\/\/now-news.de\/de\/deutschland\/europas-politische-wendehaelse\/\"},\"author\":{\"name\":\"rtnews\",\"@id\":\"https:\/\/now-news.de\/de\/#\/schema\/person\/fb534a4e865501d8b3285208df34a9b5\"},\"headline\":\"Europas politische Wendeh\u00e4lse\",\"datePublished\":\"2025-03-16T16:32:20+00:00\",\"dateModified\":\"2025-03-16T16:32:20+00:00\",\"mainEntityOfPage\":{\"@id\":\"https:\/\/now-news.de\/de\/deutschland\/europas-politische-wendehaelse\/\"},\"wordCount\":1044,\"commentCount\":0,\"publisher\":{\"@id\":\"https:\/\/now-news.de\/de\/#organization\"},\"image\":{\"@id\":\"https:\/\/now-news.de\/de\/deutschland\/europas-politische-wendehaelse\/#primaryimage\"},\"thumbnailUrl\":\"https:\/\/now-news.de\/de\/wp-content\/uploads\/sites\/3\/2025\/03\/Europas-politische-Wendehaelse.jpg\",\"keywords\":[\"Europas\",\"politische\",\"Wendeh\u00e4lse\"],\"articleSection\":[\"Deutschland\",\"Russland\"],\"inLanguage\":\"de\",\"potentialAction\":[{\"@type\":\"CommentAction\",\"name\":\"Comment\",\"target\":[\"https:\/\/now-news.de\/de\/deutschland\/europas-politische-wendehaelse\/#respond\"]}]},{\"@type\":\"WebPage\",\"@id\":\"https:\/\/now-news.de\/de\/deutschland\/europas-politische-wendehaelse\/\",\"url\":\"https:\/\/now-news.de\/de\/deutschland\/europas-politische-wendehaelse\/\",\"name\":\"Europas politische Wendeh\u00e4lse - just-now.NEWS Deutschland\",\"isPartOf\":{\"@id\":\"https:\/\/now-news.de\/de\/#website\"},\"primaryImageOfPage\":{\"@id\":\"https:\/\/now-news.de\/de\/deutschland\/europas-politische-wendehaelse\/#primaryimage\"},\"image\":{\"@id\":\"https:\/\/now-news.de\/de\/deutschland\/europas-politische-wendehaelse\/#primaryimage\"},\"thumbnailUrl\":\"https:\/\/now-news.de\/de\/wp-content\/uploads\/sites\/3\/2025\/03\/Europas-politische-Wendehaelse.jpg\",\"datePublished\":\"2025-03-16T16:32:20+00:00\",\"dateModified\":\"2025-03-16T16:32:20+00:00\",\"breadcrumb\":{\"@id\":\"https:\/\/now-news.de\/de\/deutschland\/europas-politische-wendehaelse\/#breadcrumb\"},\"inLanguage\":\"de\",\"potentialAction\":[{\"@type\":\"ReadAction\",\"target\":[\"https:\/\/now-news.de\/de\/deutschland\/europas-politische-wendehaelse\/\"]}]},{\"@type\":\"ImageObject\",\"inLanguage\":\"de\",\"@id\":\"https:\/\/now-news.de\/de\/deutschland\/europas-politische-wendehaelse\/#primaryimage\",\"url\":\"https:\/\/now-news.de\/de\/wp-content\/uploads\/sites\/3\/2025\/03\/Europas-politische-Wendehaelse.jpg\",\"contentUrl\":\"https:\/\/now-news.de\/de\/wp-content\/uploads\/sites\/3\/2025\/03\/Europas-politische-Wendehaelse.jpg\",\"width\":460,\"height\":259,\"caption\":\"Europas politische Wendeh\u00e4lse\"},{\"@type\":\"BreadcrumbList\",\"@id\":\"https:\/\/now-news.de\/de\/deutschland\/europas-politische-wendehaelse\/#breadcrumb\",\"itemListElement\":[{\"@type\":\"ListItem\",\"position\":1,\"name\":\"Home\",\"item\":\"https:\/\/now-news.de\/de\/\"},{\"@type\":\"ListItem\",\"position\":2,\"name\":\"Europas politische Wendeh\u00e4lse\"}]},{\"@type\":\"WebSite\",\"@id\":\"https:\/\/now-news.de\/de\/#website\",\"url\":\"https:\/\/now-news.de\/de\/\",\"name\":\"just-now.NEWS Deutschland\",\"description\":\"Das Portal f\u00fcr unzensierte Nachrichten aus der Welt\",\"publisher\":{\"@id\":\"https:\/\/now-news.de\/de\/#organization\"},\"potentialAction\":[{\"@type\":\"SearchAction\",\"target\":{\"@type\":\"EntryPoint\",\"urlTemplate\":\"https:\/\/now-news.de\/de\/?s={search_term_string}\"},\"query-input\":\"required name=search_term_string\"}],\"inLanguage\":\"de\"},{\"@type\":\"Organization\",\"@id\":\"https:\/\/now-news.de\/de\/#organization\",\"name\":\"Just Now News\",\"url\":\"https:\/\/now-news.de\/de\/\",\"logo\":{\"@type\":\"ImageObject\",\"inLanguage\":\"de\",\"@id\":\"https:\/\/now-news.de\/de\/#\/schema\/logo\/image\/\",\"url\":\"http:\/\/just-now.news\/de\/wp-content\/uploads\/sites\/3\/2022\/04\/logo500x500.jpg\",\"contentUrl\":\"http:\/\/just-now.news\/de\/wp-content\/uploads\/sites\/3\/2022\/04\/logo500x500.jpg\",\"width\":500,\"height\":500,\"caption\":\"Just Now News\"},\"image\":{\"@id\":\"https:\/\/now-news.de\/de\/#\/schema\/logo\/image\/\"},\"sameAs\":[\"https:\/\/www.facebook.com\/wirmachenauf\",\"https:\/\/x.com\/WirMachenAuf_de\"]},{\"@type\":\"Person\",\"@id\":\"https:\/\/now-news.de\/de\/#\/schema\/person\/fb534a4e865501d8b3285208df34a9b5\",\"name\":\"rtnews\",\"image\":{\"@type\":\"ImageObject\",\"inLanguage\":\"de\",\"@id\":\"https:\/\/now-news.de\/de\/#\/schema\/person\/image\/\",\"url\":\"https:\/\/secure.gravatar.com\/avatar\/82aafea7d8127119dd649515f56e2117?s=96&d=mm&r=g\",\"contentUrl\":\"https:\/\/secure.gravatar.com\/avatar\/82aafea7d8127119dd649515f56e2117?s=96&d=mm&r=g\",\"caption\":\"rtnews\"},\"url\":\"https:\/\/now-news.de\/de\/author\/rnews\/\"}]}<\/script>\n<!-- \/ Yoast SEO Premium plugin. -->","yoast_head_json":{"title":"Europas politische Wendeh\u00e4lse - just-now.NEWS Deutschland","robots":{"index":"index","follow":"follow","max-snippet":"max-snippet:-1","max-image-preview":"max-image-preview:large","max-video-preview":"max-video-preview:-1"},"canonical":"https:\/\/now-news.de\/de\/deutschland\/europas-politische-wendehaelse\/","og_locale":"de_DE","og_type":"article","og_title":"Europas politische Wendeh\u00e4lse","og_description":"Politiker aus Europa, die noch vor Kurzem ausschlie\u00dflich auf eine Eskalation des Ukraine-Konflikts setzten, scheinen pl\u00f6tzlich die Ergebnisse von Verhandlungen zwischen USA und der Ukraine in Dschidda und eine Feuerpause zu unterst\u00fctzen. Was steckt hinter dieser Kehrtwende? Von Dmitri Jewstafjew Die Verhandlungen zwischen Delegationen der USA und der Ukraine in Dschidda haben der gesamten Welt [&hellip;]","og_url":"https:\/\/now-news.de\/de\/deutschland\/europas-politische-wendehaelse\/","og_site_name":"just-now.NEWS Deutschland","article_publisher":"https:\/\/www.facebook.com\/wirmachenauf","article_published_time":"2025-03-16T16:32:20+00:00","og_image":[{"url":"https:\/\/now-news.de\/de\/wp-content\/uploads\/sites\/3\/2025\/03\/67d42c75b480cc273c4efec2.jpg"}],"author":"rtnews","twitter_card":"summary_large_image","twitter_creator":"@WirMachenAuf_de","twitter_site":"@WirMachenAuf_de","twitter_misc":{"Verfasst von":"rtnews","Gesch\u00e4tzte Lesezeit":"5\u00a0Minuten"},"schema":{"@context":"https:\/\/schema.org","@graph":[{"@type":"Article","@id":"https:\/\/now-news.de\/de\/deutschland\/europas-politische-wendehaelse\/#article","isPartOf":{"@id":"https:\/\/now-news.de\/de\/deutschland\/europas-politische-wendehaelse\/"},"author":{"name":"rtnews","@id":"https:\/\/now-news.de\/de\/#\/schema\/person\/fb534a4e865501d8b3285208df34a9b5"},"headline":"Europas politische Wendeh\u00e4lse","datePublished":"2025-03-16T16:32:20+00:00","dateModified":"2025-03-16T16:32:20+00:00","mainEntityOfPage":{"@id":"https:\/\/now-news.de\/de\/deutschland\/europas-politische-wendehaelse\/"},"wordCount":1044,"commentCount":0,"publisher":{"@id":"https:\/\/now-news.de\/de\/#organization"},"image":{"@id":"https:\/\/now-news.de\/de\/deutschland\/europas-politische-wendehaelse\/#primaryimage"},"thumbnailUrl":"https:\/\/now-news.de\/de\/wp-content\/uploads\/sites\/3\/2025\/03\/Europas-politische-Wendehaelse.jpg","keywords":["Europas","politische","Wendeh\u00e4lse"],"articleSection":["Deutschland","Russland"],"inLanguage":"de","potentialAction":[{"@type":"CommentAction","name":"Comment","target":["https:\/\/now-news.de\/de\/deutschland\/europas-politische-wendehaelse\/#respond"]}]},{"@type":"WebPage","@id":"https:\/\/now-news.de\/de\/deutschland\/europas-politische-wendehaelse\/","url":"https:\/\/now-news.de\/de\/deutschland\/europas-politische-wendehaelse\/","name":"Europas politische Wendeh\u00e4lse - just-now.NEWS Deutschland","isPartOf":{"@id":"https:\/\/now-news.de\/de\/#website"},"primaryImageOfPage":{"@id":"https:\/\/now-news.de\/de\/deutschland\/europas-politische-wendehaelse\/#primaryimage"},"image":{"@id":"https:\/\/now-news.de\/de\/deutschland\/europas-politische-wendehaelse\/#primaryimage"},"thumbnailUrl":"https:\/\/now-news.de\/de\/wp-content\/uploads\/sites\/3\/2025\/03\/Europas-politische-Wendehaelse.jpg","datePublished":"2025-03-16T16:32:20+00:00","dateModified":"2025-03-16T16:32:20+00:00","breadcrumb":{"@id":"https:\/\/now-news.de\/de\/deutschland\/europas-politische-wendehaelse\/#breadcrumb"},"inLanguage":"de","potentialAction":[{"@type":"ReadAction","target":["https:\/\/now-news.de\/de\/deutschland\/europas-politische-wendehaelse\/"]}]},{"@type":"ImageObject","inLanguage":"de","@id":"https:\/\/now-news.de\/de\/deutschland\/europas-politische-wendehaelse\/#primaryimage","url":"https:\/\/now-news.de\/de\/wp-content\/uploads\/sites\/3\/2025\/03\/Europas-politische-Wendehaelse.jpg","contentUrl":"https:\/\/now-news.de\/de\/wp-content\/uploads\/sites\/3\/2025\/03\/Europas-politische-Wendehaelse.jpg","width":460,"height":259,"caption":"Europas politische Wendeh\u00e4lse"},{"@type":"BreadcrumbList","@id":"https:\/\/now-news.de\/de\/deutschland\/europas-politische-wendehaelse\/#breadcrumb","itemListElement":[{"@type":"ListItem","position":1,"name":"Home","item":"https:\/\/now-news.de\/de\/"},{"@type":"ListItem","position":2,"name":"Europas politische Wendeh\u00e4lse"}]},{"@type":"WebSite","@id":"https:\/\/now-news.de\/de\/#website","url":"https:\/\/now-news.de\/de\/","name":"just-now.NEWS Deutschland","description":"Das Portal f\u00fcr unzensierte Nachrichten aus der Welt","publisher":{"@id":"https:\/\/now-news.de\/de\/#organization"},"potentialAction":[{"@type":"SearchAction","target":{"@type":"EntryPoint","urlTemplate":"https:\/\/now-news.de\/de\/?s={search_term_string}"},"query-input":"required name=search_term_string"}],"inLanguage":"de"},{"@type":"Organization","@id":"https:\/\/now-news.de\/de\/#organization","name":"Just Now News","url":"https:\/\/now-news.de\/de\/","logo":{"@type":"ImageObject","inLanguage":"de","@id":"https:\/\/now-news.de\/de\/#\/schema\/logo\/image\/","url":"http:\/\/just-now.news\/de\/wp-content\/uploads\/sites\/3\/2022\/04\/logo500x500.jpg","contentUrl":"http:\/\/just-now.news\/de\/wp-content\/uploads\/sites\/3\/2022\/04\/logo500x500.jpg","width":500,"height":500,"caption":"Just Now News"},"image":{"@id":"https:\/\/now-news.de\/de\/#\/schema\/logo\/image\/"},"sameAs":["https:\/\/www.facebook.com\/wirmachenauf","https:\/\/x.com\/WirMachenAuf_de"]},{"@type":"Person","@id":"https:\/\/now-news.de\/de\/#\/schema\/person\/fb534a4e865501d8b3285208df34a9b5","name":"rtnews","image":{"@type":"ImageObject","inLanguage":"de","@id":"https:\/\/now-news.de\/de\/#\/schema\/person\/image\/","url":"https:\/\/secure.gravatar.com\/avatar\/82aafea7d8127119dd649515f56e2117?s=96&d=mm&r=g","contentUrl":"https:\/\/secure.gravatar.com\/avatar\/82aafea7d8127119dd649515f56e2117?s=96&d=mm&r=g","caption":"rtnews"},"url":"https:\/\/now-news.de\/de\/author\/rnews\/"}]}},"_links":{"self":[{"href":"https:\/\/now-news.de\/de\/wp-json\/wp\/v2\/posts\/80375"}],"collection":[{"href":"https:\/\/now-news.de\/de\/wp-json\/wp\/v2\/posts"}],"about":[{"href":"https:\/\/now-news.de\/de\/wp-json\/wp\/v2\/types\/post"}],"author":[{"embeddable":true,"href":"https:\/\/now-news.de\/de\/wp-json\/wp\/v2\/users\/3"}],"replies":[{"embeddable":true,"href":"https:\/\/now-news.de\/de\/wp-json\/wp\/v2\/comments?post=80375"}],"version-history":[{"count":0,"href":"https:\/\/now-news.de\/de\/wp-json\/wp\/v2\/posts\/80375\/revisions"}],"wp:featuredmedia":[{"embeddable":true,"href":"https:\/\/now-news.de\/de\/wp-json\/wp\/v2\/media\/80376"}],"wp:attachment":[{"href":"https:\/\/now-news.de\/de\/wp-json\/wp\/v2\/media?parent=80375"}],"wp:term":[{"taxonomy":"category","embeddable":true,"href":"https:\/\/now-news.de\/de\/wp-json\/wp\/v2\/categories?post=80375"},{"taxonomy":"post_tag","embeddable":true,"href":"https:\/\/now-news.de\/de\/wp-json\/wp\/v2\/tags?post=80375"}],"curies":[{"name":"wp","href":"https:\/\/api.w.org\/{rel}","templated":true}]}}