{"id":80369,"date":"2025-03-16T18:57:51","date_gmt":"2025-03-16T16:57:51","guid":{"rendered":"https:\/\/now-news.de\/de\/deutschland\/eu-denkt-ueber-nord-stream-2-nach-aber-wie-laesst-sich-ein-kurswechsel-rechtfertigen\/"},"modified":"2025-03-16T18:57:51","modified_gmt":"2025-03-16T16:57:51","slug":"eu-denkt-ueber-nord-stream-2-nach-aber-wie-laesst-sich-ein-kurswechsel-rechtfertigen","status":"publish","type":"post","link":"https:\/\/now-news.de\/de\/deutschland\/eu-denkt-ueber-nord-stream-2-nach-aber-wie-laesst-sich-ein-kurswechsel-rechtfertigen\/","title":{"rendered":"EU denkt \u00fcber Nord Stream 2 nach, aber wie l\u00e4sst sich ein Kurswechsel rechtfertigen?"},"content":{"rendered":"<p><img decoding=\"async\" src=\"https:\/\/now-news.de\/de\/wp-content\/uploads\/sites\/3\/2025\/03\/67d6fa5448fbef48613e1a14.png\" \/><\/p>\n<div class=\"Text-root Text-type_1 \">\n                Spekulationen \u00fcber m\u00f6gliche Gespr\u00e4che zwischen den USA und Russland zur Wiederinbetriebnahme der Nord Stream 2-Pipeline werfen Fragen zur zuk\u00fcnftigen Energiestrategie Europas auf. K\u00f6nnte Trump als Vermittler neue Impulse setzen? Wird Europa von diesen Entwicklungen \u00fcberrascht?\n            <\/div>\n<p><\/p>\n<div class=\"Text-root Text-type_5 ArticleView-text ViewText-root \">\n<p data-start=\"59\" data-end=\"512\"><em>von Hans-Ueli L\u00e4ppli<\/em><\/p>\n<p data-start=\"59\" data-end=\"512\">Anfang M\u00e4rz kursierten Spekulationen \u00fcber Gespr\u00e4che zwischen den USA und Russland zur Inbetriebnahme der Nord Stream 2-Pipeline. Diese Spekulationen erhielten neuen Aufwind durch eine k\u00fcrzliche Aussage von Pr\u00e4sident Putin, mit der er eine potenzielle Zusammenarbeit im Energiesektor ins Spiel brachte.<\/p>\n<p data-start=\"59\" data-end=\"512\">Er erkl\u00e4rte, dass ein solches Abkommen den Europ\u00e4ern g\u00fcnstiges russisches Gas bescheren k\u00f6nnte.\u00a0<\/p>\n<p data-start=\"59\" data-end=\"512\">Doch wer k\u00f6nnte die antirussische Ausrichtung der westlichen Energiepolitik infrage stellen und neu gestalten \u2013 Orb\u00e1n, Fico? Es bedarf einer kritischen Masse an klar denkenden Akteuren, die bereit sind, diesen Kurs zu \u00fcberdenken und eigene Fehler einzugestehen,\u00a0auch wenn es sie politische R\u00fcckschl\u00e4ge kostet.<\/p>\n<p data-start=\"514\" data-end=\"1015\">Wir d\u00fcrfen die geopolitische Lage nicht aus den Augen verlieren: W\u00e4hrend in den USA unter der F\u00fchrung von Trump m\u00f6glicherweise schnelle politische Anpassungen m\u00f6glich sind, bleibt die Realit\u00e4t in Europa komplex. Die antirussische Haltung ist in den Br\u00fcsseler Institutionen tief verankert, und die Sanktionen gegen Russland sind ein bedeutender geopolitischer Hebel, der nicht binnen weniger Tage zur\u00fcckgenommen werden kann. Es ist eine Tatsache, dass die westliche Medienlandschaft weiterhin eine kriegerische orientierte Rhetorik verfolgt, auch wenn finanzielle Interessen weiterhin im Spiel sind \u2013 und hier weichen die Szenarien deutlich voneinander ab. In Bezug auf die Nord Stream 2-Pipeline: Die Vorstellung einer Wiederinbetriebnahme ist gegenw\u00e4rtig nahezu unm\u00f6glich, dennoch k\u00f6nnte sich dies langfristig als nicht v\u00f6llig unwahrscheinlich herausstellen. Wir m\u00fcssen der Entwicklung aufmerksam folgen, insbesondere wie sich die Kriegsrhetorik, besonders in den US-Medien, weiter entfaltet.<\/p>\n<p data-start=\"514\" data-end=\"1015\">Bereits vor dem Ukraine-Krieg bezog Europa etwa 40 Prozent seines Gases aus Russland, haupts\u00e4chlich durch Pipelines wie Nord Stream 1 und 2. Seit dem Sabotageakt im September 2022 sind diese Routen jedoch blockiert, und Europa hat sich zunehmend von russischem Gas distanziert, um die eigene Energiesicherheit zu st\u00e4rken.<\/p>\n<p data-start=\"0\" data-end=\"646\">F\u00fcr Russland k\u00f6nnten die Gasexporte dringend ben\u00f6tigte Einnahmen bescheren. Auch f\u00fcr die deutsche Wirtschaft w\u00fcrde eine Wiederaufnahme der Nord Stream 2-Pipeline eine willkommene Entlastung bringen, da niedrigere Energiepreise sowohl f\u00fcr Unternehmen als auch f\u00fcr Verbraucher ein sp\u00fcrbares Aufatmen bedeuten k\u00f6nnten. Ein solches Abkommen k\u00f6nnte auch f\u00fcr US-Pr\u00e4sident Donald Trump und amerikanische Investoren von strategischem Vorteil sein, um Einfluss auf die europ\u00e4ische Energieversorgung auszu\u00fcben. Trump k\u00f6nnte sich erneut als Friedensapostel und Probleml\u00f6ser pr\u00e4sentieren und damit Schlagzeilen machen.<\/p>\n<p data-start=\"648\" data-end=\"1165\">Es gibt durchaus positive Aspekte, die f\u00fcr eine R\u00fcckkehr zu russischem Gas sprechen \u2013 eine stabilere Energieversorgung und die M\u00f6glichkeit f\u00fcr Europa, sich von den volatilen globalen Energiem\u00e4rkten zu entkoppeln. Allerdings steht die Frage im Raum, ob die europ\u00e4ische Elite bereit ist, ihre Kurswende zu pr\u00e4sentieren. Die politische Lage bleibt nach wie vor komplex, und eine vollst\u00e4ndige R\u00fcckkehr zu russischem Gas w\u00e4re mit erheblichen geopolitischen Risiken und einem besch\u00e4digten Image f\u00fcr die EU-Regierungen verbunden.<\/p>\n<p data-start=\"1167\" data-end=\"1781\" data-is-last-node=\"\" data-is-only-node=\"\">Die deutsche Regierung h\u00e4lt weiterhin an ihrer Strategie der Unabh\u00e4ngigkeit von russischem Gas fest. Doch wie lange noch? Diese Haltung verringert zwar die Wahrscheinlichkeit einer solchen Entscheidung, doch die praktischen Hindernisse \u2013 wie bestehende Sanktionen und die Insolvenz der Nord Stream 2 AG \u2013 sind b\u00fcrokratisch l\u00f6sbar. Vor allem angesichts der unsicheren Energiem\u00e4rkte bleibt dieses Thema ein st\u00e4ndiger Gespr\u00e4chspunkt in politischen und wirtschaftlichen Diskussionen. Erst vor einer Woche warnte Trump vor einer drohenden Rezession, was den Druck auf die Energiem\u00e4rkte und die EU-Politik weiter erh\u00f6ht.<\/p>\n<p data-start=\"1167\" data-end=\"1781\" data-is-last-node=\"\" data-is-only-node=\"\"><strong>Mehr zum Thema<\/strong>\u00a0&#8211;\u00a0<a rel=\"nofollow noopener\" target=\"_blank\" href=\"https:\/\/de.rt.com\/international\/153603-russischer-auslandsgeheimdienst-schliesst-zusammenhang-von\/\">Russischer Auslandsgeheimdienst: Zusammenhang zwischen Truss&#8217; SMS und Nord-Stream-Explosionen<\/a><\/p>\n<div class=\"EmbedBlock-root EmbedBlock-externalVideo EmbedBlock-rumble\">\n<div class=\"VkEmbed\"><iframe class=\"lazyload\" data-src=\"https:\/\/rumble.com\/embed\/v6aopid\" frameborder=\"0\" width=\"853\" height=\"480\" allowfullscreen><\/iframe><\/div>\n<\/div>\n<\/div>\n<p><br \/>\n<br \/><a href=\"https:\/\/de.rt.com\/meinung\/239760-eu-denkt-ueber-nord-stream\/\">Source link <\/a><\/p>\n","protected":false},"excerpt":{"rendered":"<p>Spekulationen \u00fcber m\u00f6gliche Gespr\u00e4che zwischen den USA und Russland zur Wiederinbetriebnahme der Nord Stream 2-Pipeline werfen Fragen zur zuk\u00fcnftigen Energiestrategie Europas auf. K\u00f6nnte Trump als Vermittler neue Impulse setzen? Wird Europa von diesen Entwicklungen \u00fcberrascht? von Hans-Ueli L\u00e4ppli Anfang M\u00e4rz kursierten Spekulationen \u00fcber Gespr\u00e4che zwischen den USA und Russland zur Inbetriebnahme der Nord Stream 2-Pipeline. [&hellip;]<\/p>\n","protected":false},"author":3,"featured_media":80370,"comment_status":"open","ping_status":"open","sticky":false,"template":"","format":"standard","meta":{"_yoast_indexnow_last_ping":["1742145432"],"wp_automatic_camp":["217"],"e861eb25867a11af90ac1d936f9f89c9":["EU denkt \u00fcber Nord Stream 2 nach, aber wie l\u00e4sst sich ein Kurswechsel rechtfertigen?"],"original_link":["https:\/\/de.rt.com\/meinung\/239760-eu-denkt-ueber-nord-stream\/"],"_thumbnail_id":["80370"],"jnews_social_counter_last_update":["1777205066"],"_wptgpro_p2tg_sent2tg":["a:1:{i:23737;s:19:\"2025-03-16 19:18:22\";}"]},"categories":[19,23],"tags":[2205,24078,357,18065,1545,979,11408,26760,434,8951,139,579],"yoast_head":"<!-- This site is optimized with the Yoast SEO Premium plugin v22.7 (Yoast SEO v22.7) - https:\/\/yoast.com\/wordpress\/plugins\/seo\/ -->\n<title>EU denkt \u00fcber Nord Stream 2 nach, aber wie l\u00e4sst sich ein Kurswechsel rechtfertigen? - just-now.NEWS Deutschland<\/title>\n<meta name=\"robots\" content=\"index, follow, max-snippet:-1, max-image-preview:large, max-video-preview:-1\" \/>\n<link rel=\"canonical\" href=\"https:\/\/now-news.de\/de\/deutschland\/eu-denkt-ueber-nord-stream-2-nach-aber-wie-laesst-sich-ein-kurswechsel-rechtfertigen\/\" \/>\n<meta property=\"og:locale\" content=\"de_DE\" \/>\n<meta property=\"og:type\" content=\"article\" \/>\n<meta property=\"og:title\" content=\"EU denkt \u00fcber Nord Stream 2 nach, aber wie l\u00e4sst sich ein Kurswechsel rechtfertigen?\" \/>\n<meta property=\"og:description\" content=\"Spekulationen \u00fcber m\u00f6gliche Gespr\u00e4che zwischen den USA und Russland zur Wiederinbetriebnahme der Nord Stream 2-Pipeline werfen Fragen zur zuk\u00fcnftigen Energiestrategie Europas auf. K\u00f6nnte Trump als Vermittler neue Impulse setzen? Wird Europa von diesen Entwicklungen \u00fcberrascht? von Hans-Ueli L\u00e4ppli Anfang M\u00e4rz kursierten Spekulationen \u00fcber Gespr\u00e4che zwischen den USA und Russland zur Inbetriebnahme der Nord Stream 2-Pipeline. [&hellip;]\" \/>\n<meta property=\"og:url\" content=\"https:\/\/now-news.de\/de\/deutschland\/eu-denkt-ueber-nord-stream-2-nach-aber-wie-laesst-sich-ein-kurswechsel-rechtfertigen\/\" \/>\n<meta property=\"og:site_name\" content=\"just-now.NEWS Deutschland\" \/>\n<meta property=\"article:publisher\" content=\"https:\/\/www.facebook.com\/wirmachenauf\" \/>\n<meta property=\"article:published_time\" content=\"2025-03-16T16:57:51+00:00\" \/>\n<meta property=\"og:image\" content=\"https:\/\/now-news.de\/de\/wp-content\/uploads\/sites\/3\/2025\/03\/67d6fa5448fbef48613e1a14.png\" \/>\n<meta name=\"author\" content=\"rtnews\" \/>\n<meta name=\"twitter:card\" content=\"summary_large_image\" \/>\n<meta name=\"twitter:creator\" content=\"@WirMachenAuf_de\" \/>\n<meta name=\"twitter:site\" content=\"@WirMachenAuf_de\" \/>\n<meta name=\"twitter:label1\" content=\"Verfasst von\" \/>\n\t<meta name=\"twitter:data1\" content=\"rtnews\" \/>\n\t<meta name=\"twitter:label2\" content=\"Gesch\u00e4tzte Lesezeit\" \/>\n\t<meta name=\"twitter:data2\" content=\"3\u00a0Minuten\" \/>\n<script type=\"application\/ld+json\" class=\"yoast-schema-graph\">{\"@context\":\"https:\/\/schema.org\",\"@graph\":[{\"@type\":\"Article\",\"@id\":\"https:\/\/now-news.de\/de\/deutschland\/eu-denkt-ueber-nord-stream-2-nach-aber-wie-laesst-sich-ein-kurswechsel-rechtfertigen\/#article\",\"isPartOf\":{\"@id\":\"https:\/\/now-news.de\/de\/deutschland\/eu-denkt-ueber-nord-stream-2-nach-aber-wie-laesst-sich-ein-kurswechsel-rechtfertigen\/\"},\"author\":{\"name\":\"rtnews\",\"@id\":\"https:\/\/now-news.de\/de\/#\/schema\/person\/fb534a4e865501d8b3285208df34a9b5\"},\"headline\":\"EU denkt \u00fcber Nord Stream 2 nach, aber wie l\u00e4sst sich ein Kurswechsel rechtfertigen?\",\"datePublished\":\"2025-03-16T16:57:51+00:00\",\"dateModified\":\"2025-03-16T16:57:51+00:00\",\"mainEntityOfPage\":{\"@id\":\"https:\/\/now-news.de\/de\/deutschland\/eu-denkt-ueber-nord-stream-2-nach-aber-wie-laesst-sich-ein-kurswechsel-rechtfertigen\/\"},\"wordCount\":639,\"commentCount\":0,\"publisher\":{\"@id\":\"https:\/\/now-news.de\/de\/#organization\"},\"image\":{\"@id\":\"https:\/\/now-news.de\/de\/deutschland\/eu-denkt-ueber-nord-stream-2-nach-aber-wie-laesst-sich-ein-kurswechsel-rechtfertigen\/#primaryimage\"},\"thumbnailUrl\":\"https:\/\/now-news.de\/de\/wp-content\/uploads\/sites\/3\/2025\/03\/EU-denkt-ueber-Nord-Stream-2-nach-aber-wie-laesst.png\",\"keywords\":[\"aber\",\"denkt\",\"ein\",\"Kurswechsel\",\"l\u00e4sst\",\"nach\",\"Nord\",\"rechtfertigen\",\"sich\",\"stream\",\"\u00fcber\",\"Wie\"],\"articleSection\":[\"Deutschland\",\"Russland\"],\"inLanguage\":\"de\",\"potentialAction\":[{\"@type\":\"CommentAction\",\"name\":\"Comment\",\"target\":[\"https:\/\/now-news.de\/de\/deutschland\/eu-denkt-ueber-nord-stream-2-nach-aber-wie-laesst-sich-ein-kurswechsel-rechtfertigen\/#respond\"]}]},{\"@type\":\"WebPage\",\"@id\":\"https:\/\/now-news.de\/de\/deutschland\/eu-denkt-ueber-nord-stream-2-nach-aber-wie-laesst-sich-ein-kurswechsel-rechtfertigen\/\",\"url\":\"https:\/\/now-news.de\/de\/deutschland\/eu-denkt-ueber-nord-stream-2-nach-aber-wie-laesst-sich-ein-kurswechsel-rechtfertigen\/\",\"name\":\"EU denkt \u00fcber Nord Stream 2 nach, aber wie l\u00e4sst sich ein Kurswechsel rechtfertigen? - just-now.NEWS Deutschland\",\"isPartOf\":{\"@id\":\"https:\/\/now-news.de\/de\/#website\"},\"primaryImageOfPage\":{\"@id\":\"https:\/\/now-news.de\/de\/deutschland\/eu-denkt-ueber-nord-stream-2-nach-aber-wie-laesst-sich-ein-kurswechsel-rechtfertigen\/#primaryimage\"},\"image\":{\"@id\":\"https:\/\/now-news.de\/de\/deutschland\/eu-denkt-ueber-nord-stream-2-nach-aber-wie-laesst-sich-ein-kurswechsel-rechtfertigen\/#primaryimage\"},\"thumbnailUrl\":\"https:\/\/now-news.de\/de\/wp-content\/uploads\/sites\/3\/2025\/03\/EU-denkt-ueber-Nord-Stream-2-nach-aber-wie-laesst.png\",\"datePublished\":\"2025-03-16T16:57:51+00:00\",\"dateModified\":\"2025-03-16T16:57:51+00:00\",\"breadcrumb\":{\"@id\":\"https:\/\/now-news.de\/de\/deutschland\/eu-denkt-ueber-nord-stream-2-nach-aber-wie-laesst-sich-ein-kurswechsel-rechtfertigen\/#breadcrumb\"},\"inLanguage\":\"de\",\"potentialAction\":[{\"@type\":\"ReadAction\",\"target\":[\"https:\/\/now-news.de\/de\/deutschland\/eu-denkt-ueber-nord-stream-2-nach-aber-wie-laesst-sich-ein-kurswechsel-rechtfertigen\/\"]}]},{\"@type\":\"ImageObject\",\"inLanguage\":\"de\",\"@id\":\"https:\/\/now-news.de\/de\/deutschland\/eu-denkt-ueber-nord-stream-2-nach-aber-wie-laesst-sich-ein-kurswechsel-rechtfertigen\/#primaryimage\",\"url\":\"https:\/\/now-news.de\/de\/wp-content\/uploads\/sites\/3\/2025\/03\/EU-denkt-ueber-Nord-Stream-2-nach-aber-wie-laesst.png\",\"contentUrl\":\"https:\/\/now-news.de\/de\/wp-content\/uploads\/sites\/3\/2025\/03\/EU-denkt-ueber-Nord-Stream-2-nach-aber-wie-laesst.png\",\"width\":460,\"height\":259,\"caption\":\"EU denkt \u00fcber Nord Stream 2 nach, aber wie l\u00e4sst sich ein Kurswechsel rechtfertigen?\"},{\"@type\":\"BreadcrumbList\",\"@id\":\"https:\/\/now-news.de\/de\/deutschland\/eu-denkt-ueber-nord-stream-2-nach-aber-wie-laesst-sich-ein-kurswechsel-rechtfertigen\/#breadcrumb\",\"itemListElement\":[{\"@type\":\"ListItem\",\"position\":1,\"name\":\"Home\",\"item\":\"https:\/\/now-news.de\/de\/\"},{\"@type\":\"ListItem\",\"position\":2,\"name\":\"EU denkt \u00fcber Nord Stream 2 nach, aber wie l\u00e4sst sich ein Kurswechsel rechtfertigen?\"}]},{\"@type\":\"WebSite\",\"@id\":\"https:\/\/now-news.de\/de\/#website\",\"url\":\"https:\/\/now-news.de\/de\/\",\"name\":\"just-now.NEWS Deutschland\",\"description\":\"Das Portal f\u00fcr unzensierte Nachrichten aus der Welt\",\"publisher\":{\"@id\":\"https:\/\/now-news.de\/de\/#organization\"},\"potentialAction\":[{\"@type\":\"SearchAction\",\"target\":{\"@type\":\"EntryPoint\",\"urlTemplate\":\"https:\/\/now-news.de\/de\/?s={search_term_string}\"},\"query-input\":\"required name=search_term_string\"}],\"inLanguage\":\"de\"},{\"@type\":\"Organization\",\"@id\":\"https:\/\/now-news.de\/de\/#organization\",\"name\":\"Just Now News\",\"url\":\"https:\/\/now-news.de\/de\/\",\"logo\":{\"@type\":\"ImageObject\",\"inLanguage\":\"de\",\"@id\":\"https:\/\/now-news.de\/de\/#\/schema\/logo\/image\/\",\"url\":\"http:\/\/just-now.news\/de\/wp-content\/uploads\/sites\/3\/2022\/04\/logo500x500.jpg\",\"contentUrl\":\"http:\/\/just-now.news\/de\/wp-content\/uploads\/sites\/3\/2022\/04\/logo500x500.jpg\",\"width\":500,\"height\":500,\"caption\":\"Just Now News\"},\"image\":{\"@id\":\"https:\/\/now-news.de\/de\/#\/schema\/logo\/image\/\"},\"sameAs\":[\"https:\/\/www.facebook.com\/wirmachenauf\",\"https:\/\/x.com\/WirMachenAuf_de\"]},{\"@type\":\"Person\",\"@id\":\"https:\/\/now-news.de\/de\/#\/schema\/person\/fb534a4e865501d8b3285208df34a9b5\",\"name\":\"rtnews\",\"image\":{\"@type\":\"ImageObject\",\"inLanguage\":\"de\",\"@id\":\"https:\/\/now-news.de\/de\/#\/schema\/person\/image\/\",\"url\":\"https:\/\/secure.gravatar.com\/avatar\/82aafea7d8127119dd649515f56e2117?s=96&d=mm&r=g\",\"contentUrl\":\"https:\/\/secure.gravatar.com\/avatar\/82aafea7d8127119dd649515f56e2117?s=96&d=mm&r=g\",\"caption\":\"rtnews\"},\"url\":\"https:\/\/now-news.de\/de\/author\/rnews\/\"}]}<\/script>\n<!-- \/ Yoast SEO Premium plugin. -->","yoast_head_json":{"title":"EU denkt \u00fcber Nord Stream 2 nach, aber wie l\u00e4sst sich ein Kurswechsel rechtfertigen? - just-now.NEWS Deutschland","robots":{"index":"index","follow":"follow","max-snippet":"max-snippet:-1","max-image-preview":"max-image-preview:large","max-video-preview":"max-video-preview:-1"},"canonical":"https:\/\/now-news.de\/de\/deutschland\/eu-denkt-ueber-nord-stream-2-nach-aber-wie-laesst-sich-ein-kurswechsel-rechtfertigen\/","og_locale":"de_DE","og_type":"article","og_title":"EU denkt \u00fcber Nord Stream 2 nach, aber wie l\u00e4sst sich ein Kurswechsel rechtfertigen?","og_description":"Spekulationen \u00fcber m\u00f6gliche Gespr\u00e4che zwischen den USA und Russland zur Wiederinbetriebnahme der Nord Stream 2-Pipeline werfen Fragen zur zuk\u00fcnftigen Energiestrategie Europas auf. K\u00f6nnte Trump als Vermittler neue Impulse setzen? Wird Europa von diesen Entwicklungen \u00fcberrascht? von Hans-Ueli L\u00e4ppli Anfang M\u00e4rz kursierten Spekulationen \u00fcber Gespr\u00e4che zwischen den USA und Russland zur Inbetriebnahme der Nord Stream 2-Pipeline. [&hellip;]","og_url":"https:\/\/now-news.de\/de\/deutschland\/eu-denkt-ueber-nord-stream-2-nach-aber-wie-laesst-sich-ein-kurswechsel-rechtfertigen\/","og_site_name":"just-now.NEWS Deutschland","article_publisher":"https:\/\/www.facebook.com\/wirmachenauf","article_published_time":"2025-03-16T16:57:51+00:00","og_image":[{"url":"https:\/\/now-news.de\/de\/wp-content\/uploads\/sites\/3\/2025\/03\/67d6fa5448fbef48613e1a14.png"}],"author":"rtnews","twitter_card":"summary_large_image","twitter_creator":"@WirMachenAuf_de","twitter_site":"@WirMachenAuf_de","twitter_misc":{"Verfasst von":"rtnews","Gesch\u00e4tzte Lesezeit":"3\u00a0Minuten"},"schema":{"@context":"https:\/\/schema.org","@graph":[{"@type":"Article","@id":"https:\/\/now-news.de\/de\/deutschland\/eu-denkt-ueber-nord-stream-2-nach-aber-wie-laesst-sich-ein-kurswechsel-rechtfertigen\/#article","isPartOf":{"@id":"https:\/\/now-news.de\/de\/deutschland\/eu-denkt-ueber-nord-stream-2-nach-aber-wie-laesst-sich-ein-kurswechsel-rechtfertigen\/"},"author":{"name":"rtnews","@id":"https:\/\/now-news.de\/de\/#\/schema\/person\/fb534a4e865501d8b3285208df34a9b5"},"headline":"EU denkt \u00fcber Nord Stream 2 nach, aber wie l\u00e4sst sich ein Kurswechsel rechtfertigen?","datePublished":"2025-03-16T16:57:51+00:00","dateModified":"2025-03-16T16:57:51+00:00","mainEntityOfPage":{"@id":"https:\/\/now-news.de\/de\/deutschland\/eu-denkt-ueber-nord-stream-2-nach-aber-wie-laesst-sich-ein-kurswechsel-rechtfertigen\/"},"wordCount":639,"commentCount":0,"publisher":{"@id":"https:\/\/now-news.de\/de\/#organization"},"image":{"@id":"https:\/\/now-news.de\/de\/deutschland\/eu-denkt-ueber-nord-stream-2-nach-aber-wie-laesst-sich-ein-kurswechsel-rechtfertigen\/#primaryimage"},"thumbnailUrl":"https:\/\/now-news.de\/de\/wp-content\/uploads\/sites\/3\/2025\/03\/EU-denkt-ueber-Nord-Stream-2-nach-aber-wie-laesst.png","keywords":["aber","denkt","ein","Kurswechsel","l\u00e4sst","nach","Nord","rechtfertigen","sich","stream","\u00fcber","Wie"],"articleSection":["Deutschland","Russland"],"inLanguage":"de","potentialAction":[{"@type":"CommentAction","name":"Comment","target":["https:\/\/now-news.de\/de\/deutschland\/eu-denkt-ueber-nord-stream-2-nach-aber-wie-laesst-sich-ein-kurswechsel-rechtfertigen\/#respond"]}]},{"@type":"WebPage","@id":"https:\/\/now-news.de\/de\/deutschland\/eu-denkt-ueber-nord-stream-2-nach-aber-wie-laesst-sich-ein-kurswechsel-rechtfertigen\/","url":"https:\/\/now-news.de\/de\/deutschland\/eu-denkt-ueber-nord-stream-2-nach-aber-wie-laesst-sich-ein-kurswechsel-rechtfertigen\/","name":"EU denkt \u00fcber Nord Stream 2 nach, aber wie l\u00e4sst sich ein Kurswechsel rechtfertigen? - just-now.NEWS Deutschland","isPartOf":{"@id":"https:\/\/now-news.de\/de\/#website"},"primaryImageOfPage":{"@id":"https:\/\/now-news.de\/de\/deutschland\/eu-denkt-ueber-nord-stream-2-nach-aber-wie-laesst-sich-ein-kurswechsel-rechtfertigen\/#primaryimage"},"image":{"@id":"https:\/\/now-news.de\/de\/deutschland\/eu-denkt-ueber-nord-stream-2-nach-aber-wie-laesst-sich-ein-kurswechsel-rechtfertigen\/#primaryimage"},"thumbnailUrl":"https:\/\/now-news.de\/de\/wp-content\/uploads\/sites\/3\/2025\/03\/EU-denkt-ueber-Nord-Stream-2-nach-aber-wie-laesst.png","datePublished":"2025-03-16T16:57:51+00:00","dateModified":"2025-03-16T16:57:51+00:00","breadcrumb":{"@id":"https:\/\/now-news.de\/de\/deutschland\/eu-denkt-ueber-nord-stream-2-nach-aber-wie-laesst-sich-ein-kurswechsel-rechtfertigen\/#breadcrumb"},"inLanguage":"de","potentialAction":[{"@type":"ReadAction","target":["https:\/\/now-news.de\/de\/deutschland\/eu-denkt-ueber-nord-stream-2-nach-aber-wie-laesst-sich-ein-kurswechsel-rechtfertigen\/"]}]},{"@type":"ImageObject","inLanguage":"de","@id":"https:\/\/now-news.de\/de\/deutschland\/eu-denkt-ueber-nord-stream-2-nach-aber-wie-laesst-sich-ein-kurswechsel-rechtfertigen\/#primaryimage","url":"https:\/\/now-news.de\/de\/wp-content\/uploads\/sites\/3\/2025\/03\/EU-denkt-ueber-Nord-Stream-2-nach-aber-wie-laesst.png","contentUrl":"https:\/\/now-news.de\/de\/wp-content\/uploads\/sites\/3\/2025\/03\/EU-denkt-ueber-Nord-Stream-2-nach-aber-wie-laesst.png","width":460,"height":259,"caption":"EU denkt \u00fcber Nord Stream 2 nach, aber wie l\u00e4sst sich ein Kurswechsel rechtfertigen?"},{"@type":"BreadcrumbList","@id":"https:\/\/now-news.de\/de\/deutschland\/eu-denkt-ueber-nord-stream-2-nach-aber-wie-laesst-sich-ein-kurswechsel-rechtfertigen\/#breadcrumb","itemListElement":[{"@type":"ListItem","position":1,"name":"Home","item":"https:\/\/now-news.de\/de\/"},{"@type":"ListItem","position":2,"name":"EU denkt \u00fcber Nord Stream 2 nach, aber wie l\u00e4sst sich ein Kurswechsel rechtfertigen?"}]},{"@type":"WebSite","@id":"https:\/\/now-news.de\/de\/#website","url":"https:\/\/now-news.de\/de\/","name":"just-now.NEWS Deutschland","description":"Das Portal f\u00fcr unzensierte Nachrichten aus der Welt","publisher":{"@id":"https:\/\/now-news.de\/de\/#organization"},"potentialAction":[{"@type":"SearchAction","target":{"@type":"EntryPoint","urlTemplate":"https:\/\/now-news.de\/de\/?s={search_term_string}"},"query-input":"required name=search_term_string"}],"inLanguage":"de"},{"@type":"Organization","@id":"https:\/\/now-news.de\/de\/#organization","name":"Just Now News","url":"https:\/\/now-news.de\/de\/","logo":{"@type":"ImageObject","inLanguage":"de","@id":"https:\/\/now-news.de\/de\/#\/schema\/logo\/image\/","url":"http:\/\/just-now.news\/de\/wp-content\/uploads\/sites\/3\/2022\/04\/logo500x500.jpg","contentUrl":"http:\/\/just-now.news\/de\/wp-content\/uploads\/sites\/3\/2022\/04\/logo500x500.jpg","width":500,"height":500,"caption":"Just Now News"},"image":{"@id":"https:\/\/now-news.de\/de\/#\/schema\/logo\/image\/"},"sameAs":["https:\/\/www.facebook.com\/wirmachenauf","https:\/\/x.com\/WirMachenAuf_de"]},{"@type":"Person","@id":"https:\/\/now-news.de\/de\/#\/schema\/person\/fb534a4e865501d8b3285208df34a9b5","name":"rtnews","image":{"@type":"ImageObject","inLanguage":"de","@id":"https:\/\/now-news.de\/de\/#\/schema\/person\/image\/","url":"https:\/\/secure.gravatar.com\/avatar\/82aafea7d8127119dd649515f56e2117?s=96&d=mm&r=g","contentUrl":"https:\/\/secure.gravatar.com\/avatar\/82aafea7d8127119dd649515f56e2117?s=96&d=mm&r=g","caption":"rtnews"},"url":"https:\/\/now-news.de\/de\/author\/rnews\/"}]}},"_links":{"self":[{"href":"https:\/\/now-news.de\/de\/wp-json\/wp\/v2\/posts\/80369"}],"collection":[{"href":"https:\/\/now-news.de\/de\/wp-json\/wp\/v2\/posts"}],"about":[{"href":"https:\/\/now-news.de\/de\/wp-json\/wp\/v2\/types\/post"}],"author":[{"embeddable":true,"href":"https:\/\/now-news.de\/de\/wp-json\/wp\/v2\/users\/3"}],"replies":[{"embeddable":true,"href":"https:\/\/now-news.de\/de\/wp-json\/wp\/v2\/comments?post=80369"}],"version-history":[{"count":0,"href":"https:\/\/now-news.de\/de\/wp-json\/wp\/v2\/posts\/80369\/revisions"}],"wp:featuredmedia":[{"embeddable":true,"href":"https:\/\/now-news.de\/de\/wp-json\/wp\/v2\/media\/80370"}],"wp:attachment":[{"href":"https:\/\/now-news.de\/de\/wp-json\/wp\/v2\/media?parent=80369"}],"wp:term":[{"taxonomy":"category","embeddable":true,"href":"https:\/\/now-news.de\/de\/wp-json\/wp\/v2\/categories?post=80369"},{"taxonomy":"post_tag","embeddable":true,"href":"https:\/\/now-news.de\/de\/wp-json\/wp\/v2\/tags?post=80369"}],"curies":[{"name":"wp","href":"https:\/\/api.w.org\/{rel}","templated":true}]}}