{"id":80355,"date":"2025-03-16T16:20:00","date_gmt":"2025-03-16T14:20:00","guid":{"rendered":"https:\/\/now-news.de\/de\/deutschland\/rambo-zambo-auch-als-vielflieger-merz-nutzte-30-mal-bundeswehr-flugbereitschaft-als-unionschef\/"},"modified":"2025-03-16T16:20:00","modified_gmt":"2025-03-16T14:20:00","slug":"rambo-zambo-auch-als-vielflieger-merz-nutzte-30-mal-bundeswehr-flugbereitschaft-als-unionschef","status":"publish","type":"post","link":"https:\/\/now-news.de\/de\/deutschland\/rambo-zambo-auch-als-vielflieger-merz-nutzte-30-mal-bundeswehr-flugbereitschaft-als-unionschef\/","title":{"rendered":"Rambo Zambo auch als Vielflieger: Merz nutzte 30 Mal Bundeswehr-Flugbereitschaft als Unionschef"},"content":{"rendered":"<p><img decoding=\"async\" src=\"https:\/\/now-news.de\/de\/wp-content\/uploads\/sites\/3\/2025\/03\/67d6b96db480cc47fb59cebc.jpg\" \/><\/p>\n<div class=\"Text-root Text-type_1 \">\n                Sieht so &#8220;Klimarettung&#8221; und ein vertrauensw\u00fcrdiger Umgang mit den Ressourcen des Bundes und der Steuerzahler aus? W\u00e4hrend die meisten Fraktionschefs in der vergangenen Legislaturperiode kaum die Flugbereitschaft der Bundeswehr nutzten, tingelte Unionschef Friedrich Merz mehrfach zwischen Br\u00fcssel, Paris und Tel-Aviv hin und her.\n            <\/div>\n<p><\/p>\n<div class=\"Text-root Text-type_5 ArticleView-text ViewText-root \">\n<p>Er fliegt einfach gern und viel \u2013 auf Kosten Dritter: Unionsfraktionschef\u00a0Friedrich Merz\u00a0hat h\u00e4ufig von der M\u00f6glichkeit Gebrauch gemacht, die Flugbereitschaft der Bundeswehr f\u00fcr Termine im Ausland zu nutzen.<\/p>\n<p>In den vergangenen zw\u00f6lf Monaten nahm der CDU-Chef die Flugbereitschaft elfmal in Anspruch, wie aus einer dem <em>RND<\/em><a rel=\"nofollow noopener\" target=\"_blank\" href=\"https:\/\/www.rnd.de\/politik\/merz-als-vielflieger-nutzte-als-opposition-schon-30-mal-regierungsmaschine-XDZUM6VBTZGGPPY5KFASMEGCQY.html\"> vorliegenden<\/a>\u00a0Antwort des Verteidigungsministeriums auf eine Anfrage des amtierenden Linke-Fraktionschefs S\u00f6ren Pellmann hervorgeht.<\/p>\n<p>Die Ziele des Bundeskanzlers in spe waren Br\u00fcssel, Paris, Tel Aviv und Rzeszow in Polen, eine Zwischenstation bei Reisen nach Kiew \u2013 seit drei Jahren Sehnsuchtsort deutscher Politiker.<\/p>\n<p>Insgesamt griff Merz demnach in der zur\u00fcckliegenden Legislaturperiode 30 Mal auf die Dienste der Flugbereitschaft zur\u00fcck. Hinzu seien weitere acht sogenannte &#8220;Bereitstellungsfl\u00fcge&#8221; gekommen, die n\u00f6tig waren, um die Maschinen und ihre Crews vom Luftwaffen-Standort K\u00f6ln-Wahn nach Berlin zu bringen.<\/p>\n<p>Neben Merz sei von den Fraktionschefs nur Rolf M\u00fctzenich (SPD) im Rahmen einer Ukraine-Reise nach Rzeszow und zur\u00fcck mit der Flugbereitschaft geflogen. Alle anderen Fraktionsvorsitzenden h\u00e4tten die Flugbereitschaft nicht genutzt.<\/p>\n<p>Der Leipziger Linken-Politiker Pellmann warf Merz vor, unverantwortlich mit deutschem Steuergeld umgegangen und schon in der Opposition wie ein Kanzler geflogen zu sein:<\/p>\n<blockquote>\n<p><em>&#8220;Wer schon in der Opposition so unverantwortlich mit Steuergeld umgeht und sich als Kanzler in Spe auff\u00fchrt, von dem ist auch in der Zukunft nichts Verantwortliches f\u00fcr Deutschland zu erwarten.&#8221;<\/em><\/p>\n<\/blockquote>\n<p>Die Unionsfraktion verteidigte erwartungsgem\u00e4\u00df die Reisepraxis. Merz habe die Flugbereitschaft &#8220;f\u00fcr einige wenige Reisen zu wichtigen europ\u00e4ischen Partnern in Anspruch genommen&#8221;, sagte eine Fraktionssprecherin dem <em>RND<\/em>. Die Inanspruchnahme sei stets gem\u00e4\u00df den &#8220;Richtlinien f\u00fcr den Einsatz von Luftfahrzeugen der Flugbereitschaft&#8221; erfolgt.<\/p>\n<p>Merz, selbst Hobby-Pilot, sorgte bereits in der Vergangenheit mit seinen Reisegewohnheiten f\u00fcr Diskussionen. Im Juli 2022 reiste er per Privatflugzeug zur Hochzeit des damaligen Bundesfinanzministers\u00a0Christian Lindner\u00a0auf\u00a0Sylt. Auch ein Mitflug in einem Bundeswehr-Eurofighter im Juni 2023 rief Kritik von Linken und Gr\u00fcnen hervor.<\/p>\n<p><strong>Mehr zum Thema<\/strong> &#8211; <a rel=\"nofollow noopener\" target=\"_blank\" href=\"https:\/\/freedert.online\/inland\/239723-zu-kritik-am-finanzpaket-merz\/\">Zu Kritik am Finanzpaket: Merz weist Vorwurf der W\u00e4hlert\u00e4uschung zur\u00fcck<\/a><\/p>\n<\/div>\n<p><br \/>\n<br \/><a href=\"https:\/\/de.rt.com\/inland\/239737-rambo-zambo-auch-als-vielflieger\/\">Source link <\/a><\/p>\n","protected":false},"excerpt":{"rendered":"<p>Sieht so &#8220;Klimarettung&#8221; und ein vertrauensw\u00fcrdiger Umgang mit den Ressourcen des Bundes und der Steuerzahler aus? W\u00e4hrend die meisten Fraktionschefs in der vergangenen Legislaturperiode kaum die Flugbereitschaft der Bundeswehr nutzten, tingelte Unionschef Friedrich Merz mehrfach zwischen Br\u00fcssel, Paris und Tel-Aviv hin und her. Er fliegt einfach gern und viel \u2013 auf Kosten Dritter: Unionsfraktionschef\u00a0Friedrich Merz\u00a0hat [&hellip;]<\/p>\n","protected":false},"author":3,"featured_media":80356,"comment_status":"open","ping_status":"open","sticky":false,"template":"","format":"standard","meta":{"_yoast_indexnow_last_ping":["1742135843"],"wp_automatic_camp":["217"],"38b70aa3713151a6fca121c46ec64bfd":["Rambo Zambo auch als Vielflieger: Merz nutzte 30 Mal Bundeswehr-Flugbereitschaft als Unionschef"],"original_link":["https:\/\/de.rt.com\/inland\/239737-rambo-zambo-auch-als-vielflieger\/"],"_thumbnail_id":["80356"],"jnews_social_counter_last_update":["1777573462"],"_wptgpro_p2tg_sent2tg":["a:1:{i:23737;s:19:\"2025-03-16 16:38:48\";}"]},"categories":[19,23],"tags":[273,1475,63485,1727,18728,24508,63482,63486,63484,63483],"yoast_head":"<!-- This site is optimized with the Yoast SEO Premium plugin v22.7 (Yoast SEO v22.7) - https:\/\/yoast.com\/wordpress\/plugins\/seo\/ -->\n<title>Rambo Zambo auch als Vielflieger: Merz nutzte 30 Mal Bundeswehr-Flugbereitschaft als Unionschef - just-now.NEWS Deutschland<\/title>\n<meta name=\"robots\" content=\"index, follow, max-snippet:-1, max-image-preview:large, max-video-preview:-1\" \/>\n<link rel=\"canonical\" href=\"https:\/\/now-news.de\/de\/deutschland\/rambo-zambo-auch-als-vielflieger-merz-nutzte-30-mal-bundeswehr-flugbereitschaft-als-unionschef\/\" \/>\n<meta property=\"og:locale\" content=\"de_DE\" \/>\n<meta property=\"og:type\" content=\"article\" \/>\n<meta property=\"og:title\" content=\"Rambo Zambo auch als Vielflieger: Merz nutzte 30 Mal Bundeswehr-Flugbereitschaft als Unionschef\" \/>\n<meta property=\"og:description\" content=\"Sieht so &#8220;Klimarettung&#8221; und ein vertrauensw\u00fcrdiger Umgang mit den Ressourcen des Bundes und der Steuerzahler aus? W\u00e4hrend die meisten Fraktionschefs in der vergangenen Legislaturperiode kaum die Flugbereitschaft der Bundeswehr nutzten, tingelte Unionschef Friedrich Merz mehrfach zwischen Br\u00fcssel, Paris und Tel-Aviv hin und her. Er fliegt einfach gern und viel \u2013 auf Kosten Dritter: Unionsfraktionschef\u00a0Friedrich Merz\u00a0hat [&hellip;]\" \/>\n<meta property=\"og:url\" content=\"https:\/\/now-news.de\/de\/deutschland\/rambo-zambo-auch-als-vielflieger-merz-nutzte-30-mal-bundeswehr-flugbereitschaft-als-unionschef\/\" \/>\n<meta property=\"og:site_name\" content=\"just-now.NEWS Deutschland\" \/>\n<meta property=\"article:publisher\" content=\"https:\/\/www.facebook.com\/wirmachenauf\" \/>\n<meta property=\"article:published_time\" content=\"2025-03-16T14:20:00+00:00\" \/>\n<meta property=\"og:image\" content=\"https:\/\/now-news.de\/de\/wp-content\/uploads\/sites\/3\/2025\/03\/67d6b96db480cc47fb59cebc.jpg\" \/>\n<meta name=\"author\" content=\"rtnews\" \/>\n<meta name=\"twitter:card\" content=\"summary_large_image\" \/>\n<meta name=\"twitter:creator\" content=\"@WirMachenAuf_de\" \/>\n<meta name=\"twitter:site\" content=\"@WirMachenAuf_de\" \/>\n<meta name=\"twitter:label1\" content=\"Verfasst von\" \/>\n\t<meta name=\"twitter:data1\" content=\"rtnews\" \/>\n\t<meta name=\"twitter:label2\" content=\"Gesch\u00e4tzte Lesezeit\" \/>\n\t<meta name=\"twitter:data2\" content=\"2\u00a0Minuten\" \/>\n<script type=\"application\/ld+json\" class=\"yoast-schema-graph\">{\"@context\":\"https:\/\/schema.org\",\"@graph\":[{\"@type\":\"Article\",\"@id\":\"https:\/\/now-news.de\/de\/deutschland\/rambo-zambo-auch-als-vielflieger-merz-nutzte-30-mal-bundeswehr-flugbereitschaft-als-unionschef\/#article\",\"isPartOf\":{\"@id\":\"https:\/\/now-news.de\/de\/deutschland\/rambo-zambo-auch-als-vielflieger-merz-nutzte-30-mal-bundeswehr-flugbereitschaft-als-unionschef\/\"},\"author\":{\"name\":\"rtnews\",\"@id\":\"https:\/\/now-news.de\/de\/#\/schema\/person\/fb534a4e865501d8b3285208df34a9b5\"},\"headline\":\"Rambo Zambo auch als Vielflieger: Merz nutzte 30 Mal Bundeswehr-Flugbereitschaft als Unionschef\",\"datePublished\":\"2025-03-16T14:20:00+00:00\",\"dateModified\":\"2025-03-16T14:20:00+00:00\",\"mainEntityOfPage\":{\"@id\":\"https:\/\/now-news.de\/de\/deutschland\/rambo-zambo-auch-als-vielflieger-merz-nutzte-30-mal-bundeswehr-flugbereitschaft-als-unionschef\/\"},\"wordCount\":390,\"commentCount\":0,\"publisher\":{\"@id\":\"https:\/\/now-news.de\/de\/#organization\"},\"image\":{\"@id\":\"https:\/\/now-news.de\/de\/deutschland\/rambo-zambo-auch-als-vielflieger-merz-nutzte-30-mal-bundeswehr-flugbereitschaft-als-unionschef\/#primaryimage\"},\"thumbnailUrl\":\"https:\/\/now-news.de\/de\/wp-content\/uploads\/sites\/3\/2025\/03\/Rambo-Zambo-auch-als-Vielflieger-Merz-nutzte-30-Mal-Bundeswehr-Flugbereitschaft.jpg\",\"keywords\":[\"als\",\"auch\",\"BundeswehrFlugbereitschaft\",\"Mal\",\"Merz\",\"nutzte\",\"Rambo\",\"Unionschef\",\"Vielflieger\",\"Zambo\"],\"articleSection\":[\"Deutschland\",\"Russland\"],\"inLanguage\":\"de\",\"potentialAction\":[{\"@type\":\"CommentAction\",\"name\":\"Comment\",\"target\":[\"https:\/\/now-news.de\/de\/deutschland\/rambo-zambo-auch-als-vielflieger-merz-nutzte-30-mal-bundeswehr-flugbereitschaft-als-unionschef\/#respond\"]}]},{\"@type\":\"WebPage\",\"@id\":\"https:\/\/now-news.de\/de\/deutschland\/rambo-zambo-auch-als-vielflieger-merz-nutzte-30-mal-bundeswehr-flugbereitschaft-als-unionschef\/\",\"url\":\"https:\/\/now-news.de\/de\/deutschland\/rambo-zambo-auch-als-vielflieger-merz-nutzte-30-mal-bundeswehr-flugbereitschaft-als-unionschef\/\",\"name\":\"Rambo Zambo auch als Vielflieger: Merz nutzte 30 Mal Bundeswehr-Flugbereitschaft als Unionschef - just-now.NEWS Deutschland\",\"isPartOf\":{\"@id\":\"https:\/\/now-news.de\/de\/#website\"},\"primaryImageOfPage\":{\"@id\":\"https:\/\/now-news.de\/de\/deutschland\/rambo-zambo-auch-als-vielflieger-merz-nutzte-30-mal-bundeswehr-flugbereitschaft-als-unionschef\/#primaryimage\"},\"image\":{\"@id\":\"https:\/\/now-news.de\/de\/deutschland\/rambo-zambo-auch-als-vielflieger-merz-nutzte-30-mal-bundeswehr-flugbereitschaft-als-unionschef\/#primaryimage\"},\"thumbnailUrl\":\"https:\/\/now-news.de\/de\/wp-content\/uploads\/sites\/3\/2025\/03\/Rambo-Zambo-auch-als-Vielflieger-Merz-nutzte-30-Mal-Bundeswehr-Flugbereitschaft.jpg\",\"datePublished\":\"2025-03-16T14:20:00+00:00\",\"dateModified\":\"2025-03-16T14:20:00+00:00\",\"breadcrumb\":{\"@id\":\"https:\/\/now-news.de\/de\/deutschland\/rambo-zambo-auch-als-vielflieger-merz-nutzte-30-mal-bundeswehr-flugbereitschaft-als-unionschef\/#breadcrumb\"},\"inLanguage\":\"de\",\"potentialAction\":[{\"@type\":\"ReadAction\",\"target\":[\"https:\/\/now-news.de\/de\/deutschland\/rambo-zambo-auch-als-vielflieger-merz-nutzte-30-mal-bundeswehr-flugbereitschaft-als-unionschef\/\"]}]},{\"@type\":\"ImageObject\",\"inLanguage\":\"de\",\"@id\":\"https:\/\/now-news.de\/de\/deutschland\/rambo-zambo-auch-als-vielflieger-merz-nutzte-30-mal-bundeswehr-flugbereitschaft-als-unionschef\/#primaryimage\",\"url\":\"https:\/\/now-news.de\/de\/wp-content\/uploads\/sites\/3\/2025\/03\/Rambo-Zambo-auch-als-Vielflieger-Merz-nutzte-30-Mal-Bundeswehr-Flugbereitschaft.jpg\",\"contentUrl\":\"https:\/\/now-news.de\/de\/wp-content\/uploads\/sites\/3\/2025\/03\/Rambo-Zambo-auch-als-Vielflieger-Merz-nutzte-30-Mal-Bundeswehr-Flugbereitschaft.jpg\",\"width\":460,\"height\":259,\"caption\":\"Rambo Zambo auch als Vielflieger: Merz nutzte 30 Mal Bundeswehr-Flugbereitschaft als Unionschef\"},{\"@type\":\"BreadcrumbList\",\"@id\":\"https:\/\/now-news.de\/de\/deutschland\/rambo-zambo-auch-als-vielflieger-merz-nutzte-30-mal-bundeswehr-flugbereitschaft-als-unionschef\/#breadcrumb\",\"itemListElement\":[{\"@type\":\"ListItem\",\"position\":1,\"name\":\"Home\",\"item\":\"https:\/\/now-news.de\/de\/\"},{\"@type\":\"ListItem\",\"position\":2,\"name\":\"Rambo Zambo auch als Vielflieger: Merz nutzte 30 Mal Bundeswehr-Flugbereitschaft als Unionschef\"}]},{\"@type\":\"WebSite\",\"@id\":\"https:\/\/now-news.de\/de\/#website\",\"url\":\"https:\/\/now-news.de\/de\/\",\"name\":\"just-now.NEWS Deutschland\",\"description\":\"Das Portal f\u00fcr unzensierte Nachrichten aus der Welt\",\"publisher\":{\"@id\":\"https:\/\/now-news.de\/de\/#organization\"},\"potentialAction\":[{\"@type\":\"SearchAction\",\"target\":{\"@type\":\"EntryPoint\",\"urlTemplate\":\"https:\/\/now-news.de\/de\/?s={search_term_string}\"},\"query-input\":\"required name=search_term_string\"}],\"inLanguage\":\"de\"},{\"@type\":\"Organization\",\"@id\":\"https:\/\/now-news.de\/de\/#organization\",\"name\":\"Just Now News\",\"url\":\"https:\/\/now-news.de\/de\/\",\"logo\":{\"@type\":\"ImageObject\",\"inLanguage\":\"de\",\"@id\":\"https:\/\/now-news.de\/de\/#\/schema\/logo\/image\/\",\"url\":\"http:\/\/just-now.news\/de\/wp-content\/uploads\/sites\/3\/2022\/04\/logo500x500.jpg\",\"contentUrl\":\"http:\/\/just-now.news\/de\/wp-content\/uploads\/sites\/3\/2022\/04\/logo500x500.jpg\",\"width\":500,\"height\":500,\"caption\":\"Just Now News\"},\"image\":{\"@id\":\"https:\/\/now-news.de\/de\/#\/schema\/logo\/image\/\"},\"sameAs\":[\"https:\/\/www.facebook.com\/wirmachenauf\",\"https:\/\/x.com\/WirMachenAuf_de\"]},{\"@type\":\"Person\",\"@id\":\"https:\/\/now-news.de\/de\/#\/schema\/person\/fb534a4e865501d8b3285208df34a9b5\",\"name\":\"rtnews\",\"image\":{\"@type\":\"ImageObject\",\"inLanguage\":\"de\",\"@id\":\"https:\/\/now-news.de\/de\/#\/schema\/person\/image\/\",\"url\":\"https:\/\/secure.gravatar.com\/avatar\/82aafea7d8127119dd649515f56e2117?s=96&d=mm&r=g\",\"contentUrl\":\"https:\/\/secure.gravatar.com\/avatar\/82aafea7d8127119dd649515f56e2117?s=96&d=mm&r=g\",\"caption\":\"rtnews\"},\"url\":\"https:\/\/now-news.de\/de\/author\/rnews\/\"}]}<\/script>\n<!-- \/ Yoast SEO Premium plugin. -->","yoast_head_json":{"title":"Rambo Zambo auch als Vielflieger: Merz nutzte 30 Mal Bundeswehr-Flugbereitschaft als Unionschef - just-now.NEWS Deutschland","robots":{"index":"index","follow":"follow","max-snippet":"max-snippet:-1","max-image-preview":"max-image-preview:large","max-video-preview":"max-video-preview:-1"},"canonical":"https:\/\/now-news.de\/de\/deutschland\/rambo-zambo-auch-als-vielflieger-merz-nutzte-30-mal-bundeswehr-flugbereitschaft-als-unionschef\/","og_locale":"de_DE","og_type":"article","og_title":"Rambo Zambo auch als Vielflieger: Merz nutzte 30 Mal Bundeswehr-Flugbereitschaft als Unionschef","og_description":"Sieht so &#8220;Klimarettung&#8221; und ein vertrauensw\u00fcrdiger Umgang mit den Ressourcen des Bundes und der Steuerzahler aus? W\u00e4hrend die meisten Fraktionschefs in der vergangenen Legislaturperiode kaum die Flugbereitschaft der Bundeswehr nutzten, tingelte Unionschef Friedrich Merz mehrfach zwischen Br\u00fcssel, Paris und Tel-Aviv hin und her. Er fliegt einfach gern und viel \u2013 auf Kosten Dritter: Unionsfraktionschef\u00a0Friedrich Merz\u00a0hat [&hellip;]","og_url":"https:\/\/now-news.de\/de\/deutschland\/rambo-zambo-auch-als-vielflieger-merz-nutzte-30-mal-bundeswehr-flugbereitschaft-als-unionschef\/","og_site_name":"just-now.NEWS Deutschland","article_publisher":"https:\/\/www.facebook.com\/wirmachenauf","article_published_time":"2025-03-16T14:20:00+00:00","og_image":[{"url":"https:\/\/now-news.de\/de\/wp-content\/uploads\/sites\/3\/2025\/03\/67d6b96db480cc47fb59cebc.jpg"}],"author":"rtnews","twitter_card":"summary_large_image","twitter_creator":"@WirMachenAuf_de","twitter_site":"@WirMachenAuf_de","twitter_misc":{"Verfasst von":"rtnews","Gesch\u00e4tzte Lesezeit":"2\u00a0Minuten"},"schema":{"@context":"https:\/\/schema.org","@graph":[{"@type":"Article","@id":"https:\/\/now-news.de\/de\/deutschland\/rambo-zambo-auch-als-vielflieger-merz-nutzte-30-mal-bundeswehr-flugbereitschaft-als-unionschef\/#article","isPartOf":{"@id":"https:\/\/now-news.de\/de\/deutschland\/rambo-zambo-auch-als-vielflieger-merz-nutzte-30-mal-bundeswehr-flugbereitschaft-als-unionschef\/"},"author":{"name":"rtnews","@id":"https:\/\/now-news.de\/de\/#\/schema\/person\/fb534a4e865501d8b3285208df34a9b5"},"headline":"Rambo Zambo auch als Vielflieger: Merz nutzte 30 Mal Bundeswehr-Flugbereitschaft als Unionschef","datePublished":"2025-03-16T14:20:00+00:00","dateModified":"2025-03-16T14:20:00+00:00","mainEntityOfPage":{"@id":"https:\/\/now-news.de\/de\/deutschland\/rambo-zambo-auch-als-vielflieger-merz-nutzte-30-mal-bundeswehr-flugbereitschaft-als-unionschef\/"},"wordCount":390,"commentCount":0,"publisher":{"@id":"https:\/\/now-news.de\/de\/#organization"},"image":{"@id":"https:\/\/now-news.de\/de\/deutschland\/rambo-zambo-auch-als-vielflieger-merz-nutzte-30-mal-bundeswehr-flugbereitschaft-als-unionschef\/#primaryimage"},"thumbnailUrl":"https:\/\/now-news.de\/de\/wp-content\/uploads\/sites\/3\/2025\/03\/Rambo-Zambo-auch-als-Vielflieger-Merz-nutzte-30-Mal-Bundeswehr-Flugbereitschaft.jpg","keywords":["als","auch","BundeswehrFlugbereitschaft","Mal","Merz","nutzte","Rambo","Unionschef","Vielflieger","Zambo"],"articleSection":["Deutschland","Russland"],"inLanguage":"de","potentialAction":[{"@type":"CommentAction","name":"Comment","target":["https:\/\/now-news.de\/de\/deutschland\/rambo-zambo-auch-als-vielflieger-merz-nutzte-30-mal-bundeswehr-flugbereitschaft-als-unionschef\/#respond"]}]},{"@type":"WebPage","@id":"https:\/\/now-news.de\/de\/deutschland\/rambo-zambo-auch-als-vielflieger-merz-nutzte-30-mal-bundeswehr-flugbereitschaft-als-unionschef\/","url":"https:\/\/now-news.de\/de\/deutschland\/rambo-zambo-auch-als-vielflieger-merz-nutzte-30-mal-bundeswehr-flugbereitschaft-als-unionschef\/","name":"Rambo Zambo auch als Vielflieger: Merz nutzte 30 Mal Bundeswehr-Flugbereitschaft als Unionschef - just-now.NEWS Deutschland","isPartOf":{"@id":"https:\/\/now-news.de\/de\/#website"},"primaryImageOfPage":{"@id":"https:\/\/now-news.de\/de\/deutschland\/rambo-zambo-auch-als-vielflieger-merz-nutzte-30-mal-bundeswehr-flugbereitschaft-als-unionschef\/#primaryimage"},"image":{"@id":"https:\/\/now-news.de\/de\/deutschland\/rambo-zambo-auch-als-vielflieger-merz-nutzte-30-mal-bundeswehr-flugbereitschaft-als-unionschef\/#primaryimage"},"thumbnailUrl":"https:\/\/now-news.de\/de\/wp-content\/uploads\/sites\/3\/2025\/03\/Rambo-Zambo-auch-als-Vielflieger-Merz-nutzte-30-Mal-Bundeswehr-Flugbereitschaft.jpg","datePublished":"2025-03-16T14:20:00+00:00","dateModified":"2025-03-16T14:20:00+00:00","breadcrumb":{"@id":"https:\/\/now-news.de\/de\/deutschland\/rambo-zambo-auch-als-vielflieger-merz-nutzte-30-mal-bundeswehr-flugbereitschaft-als-unionschef\/#breadcrumb"},"inLanguage":"de","potentialAction":[{"@type":"ReadAction","target":["https:\/\/now-news.de\/de\/deutschland\/rambo-zambo-auch-als-vielflieger-merz-nutzte-30-mal-bundeswehr-flugbereitschaft-als-unionschef\/"]}]},{"@type":"ImageObject","inLanguage":"de","@id":"https:\/\/now-news.de\/de\/deutschland\/rambo-zambo-auch-als-vielflieger-merz-nutzte-30-mal-bundeswehr-flugbereitschaft-als-unionschef\/#primaryimage","url":"https:\/\/now-news.de\/de\/wp-content\/uploads\/sites\/3\/2025\/03\/Rambo-Zambo-auch-als-Vielflieger-Merz-nutzte-30-Mal-Bundeswehr-Flugbereitschaft.jpg","contentUrl":"https:\/\/now-news.de\/de\/wp-content\/uploads\/sites\/3\/2025\/03\/Rambo-Zambo-auch-als-Vielflieger-Merz-nutzte-30-Mal-Bundeswehr-Flugbereitschaft.jpg","width":460,"height":259,"caption":"Rambo Zambo auch als Vielflieger: Merz nutzte 30 Mal Bundeswehr-Flugbereitschaft als Unionschef"},{"@type":"BreadcrumbList","@id":"https:\/\/now-news.de\/de\/deutschland\/rambo-zambo-auch-als-vielflieger-merz-nutzte-30-mal-bundeswehr-flugbereitschaft-als-unionschef\/#breadcrumb","itemListElement":[{"@type":"ListItem","position":1,"name":"Home","item":"https:\/\/now-news.de\/de\/"},{"@type":"ListItem","position":2,"name":"Rambo Zambo auch als Vielflieger: Merz nutzte 30 Mal Bundeswehr-Flugbereitschaft als Unionschef"}]},{"@type":"WebSite","@id":"https:\/\/now-news.de\/de\/#website","url":"https:\/\/now-news.de\/de\/","name":"just-now.NEWS Deutschland","description":"Das Portal f\u00fcr unzensierte Nachrichten aus der Welt","publisher":{"@id":"https:\/\/now-news.de\/de\/#organization"},"potentialAction":[{"@type":"SearchAction","target":{"@type":"EntryPoint","urlTemplate":"https:\/\/now-news.de\/de\/?s={search_term_string}"},"query-input":"required name=search_term_string"}],"inLanguage":"de"},{"@type":"Organization","@id":"https:\/\/now-news.de\/de\/#organization","name":"Just Now News","url":"https:\/\/now-news.de\/de\/","logo":{"@type":"ImageObject","inLanguage":"de","@id":"https:\/\/now-news.de\/de\/#\/schema\/logo\/image\/","url":"http:\/\/just-now.news\/de\/wp-content\/uploads\/sites\/3\/2022\/04\/logo500x500.jpg","contentUrl":"http:\/\/just-now.news\/de\/wp-content\/uploads\/sites\/3\/2022\/04\/logo500x500.jpg","width":500,"height":500,"caption":"Just Now News"},"image":{"@id":"https:\/\/now-news.de\/de\/#\/schema\/logo\/image\/"},"sameAs":["https:\/\/www.facebook.com\/wirmachenauf","https:\/\/x.com\/WirMachenAuf_de"]},{"@type":"Person","@id":"https:\/\/now-news.de\/de\/#\/schema\/person\/fb534a4e865501d8b3285208df34a9b5","name":"rtnews","image":{"@type":"ImageObject","inLanguage":"de","@id":"https:\/\/now-news.de\/de\/#\/schema\/person\/image\/","url":"https:\/\/secure.gravatar.com\/avatar\/82aafea7d8127119dd649515f56e2117?s=96&d=mm&r=g","contentUrl":"https:\/\/secure.gravatar.com\/avatar\/82aafea7d8127119dd649515f56e2117?s=96&d=mm&r=g","caption":"rtnews"},"url":"https:\/\/now-news.de\/de\/author\/rnews\/"}]}},"_links":{"self":[{"href":"https:\/\/now-news.de\/de\/wp-json\/wp\/v2\/posts\/80355"}],"collection":[{"href":"https:\/\/now-news.de\/de\/wp-json\/wp\/v2\/posts"}],"about":[{"href":"https:\/\/now-news.de\/de\/wp-json\/wp\/v2\/types\/post"}],"author":[{"embeddable":true,"href":"https:\/\/now-news.de\/de\/wp-json\/wp\/v2\/users\/3"}],"replies":[{"embeddable":true,"href":"https:\/\/now-news.de\/de\/wp-json\/wp\/v2\/comments?post=80355"}],"version-history":[{"count":0,"href":"https:\/\/now-news.de\/de\/wp-json\/wp\/v2\/posts\/80355\/revisions"}],"wp:featuredmedia":[{"embeddable":true,"href":"https:\/\/now-news.de\/de\/wp-json\/wp\/v2\/media\/80356"}],"wp:attachment":[{"href":"https:\/\/now-news.de\/de\/wp-json\/wp\/v2\/media?parent=80355"}],"wp:term":[{"taxonomy":"category","embeddable":true,"href":"https:\/\/now-news.de\/de\/wp-json\/wp\/v2\/categories?post=80355"},{"taxonomy":"post_tag","embeddable":true,"href":"https:\/\/now-news.de\/de\/wp-json\/wp\/v2\/tags?post=80355"}],"curies":[{"name":"wp","href":"https:\/\/api.w.org\/{rel}","templated":true}]}}