{"id":8034,"date":"2022-05-17T15:43:46","date_gmt":"2022-05-17T13:43:46","guid":{"rendered":"http:\/\/just-now.news\/de\/deutschland\/weltwirtschaftsforum-in-davos-interessiert-sich-fuer-psychedelische-drogen\/"},"modified":"2022-05-17T15:43:46","modified_gmt":"2022-05-17T13:43:46","slug":"weltwirtschaftsforum-in-davos-interessiert-sich-fuer-psychedelische-drogen","status":"publish","type":"post","link":"https:\/\/now-news.de\/de\/deutschland\/weltwirtschaftsforum-in-davos-interessiert-sich-fuer-psychedelische-drogen\/","title":{"rendered":"Weltwirtschaftsforum in Davos interessiert sich f\u00fcr psychedelische Drogen"},"content":{"rendered":"<p><img decoding=\"async\" src=\"http:\/\/just-now.news\/de\/wp-content\/uploads\/sites\/3\/2022\/05\/628377d0b480cc2b43683c0c.jpg\" \/><\/p>\n<p>Wie die Nachrichtenseite <em><a rel=\"nofollow noopener\" target=\"_blank\" href=\"https:\/\/www.bloomberg.com\/news\/newsletters\/2022-05-16\/forget-burning-man-psychedelic-shamans-now-heading-to-davos\">Bloomberg<\/a><\/em> berichtet, haben auf dem diesj\u00e4hrigen Weltwirtschaftsforum (WEF) in Davos die Staats- und Regierungschefs Zugang zu einem sogenannten &#8220;Medical Psychedelic House of Davos&#8221;. Dabei handelt es sich um ein Programm mit fast 40 Sitzungen und Rednern, darunter Forscher, Unternehmer, Investoren \u2013 und einige, die sich selbst als Schamanen bezeichnen. Das Angebot geh\u00f6rt zwar nicht zum Kernprogramm von Davos, das keine kommerziellen Aktivit\u00e4ten zul\u00e4sst, hat aber einen Platz auf der Hauptpromenade der Stadt, auf der sich traditionell die Fortune-500-Unternehmen den Konferenzteilnehmern pr\u00e4sentieren.<\/p>\n<p>Das Jahrestreffen des WEF findet vom 22. bis 26. Mai in Davos unter dem Motto &#8220;Working Together, Restoring Trust&#8221; statt. Das Treffen h\u00e4tte im Januar stattfinden sollen, wurde aber wegen der Pandemie verschoben.<\/p>\n<p>Das neue Programm, eine Premiere f\u00fcr Davos, soll auch aufzeigen, was der neueste Stand in Sachen psychedelische Drogen ist, so die Organisatoren. Marik Hazan, Chef der Firma Energia Holdings Inc. in New York, des Unternehmens, das die Veranstaltung ausrichtet, sagte:<\/p>\n<blockquote>\n<p><em>&#8220;Es ist eine wirklich gro\u00dfe Ver\u00e4nderung, dass die f\u00fchrenden Politiker der Welt nachfragen, wie\u00a0man Psychedelika nutzen kann.&#8221;<\/em><\/p>\n<\/blockquote>\n<p>Energia ist eine Holdinggesellschaft von Tabula Rasa Ventures, einem sogenannten &#8220;Beschleuniger&#8221; bei der Gr\u00fcndung von Unternehmen im Bereich Psychedelika. Das Programm in Davos zielt nach eigenen Angaben darauf ab, Gespr\u00e4che \u00fcber die verantwortungsvolle Einf\u00fchrung von Psychedelika im medizinischen Bereich anzusto\u00dfen und L\u00e4nder und Unternehmen zu ermutigen, solche Behandlungen in die Gesundheitsversorgung aufzunehmen.<\/p>\n<p>Zu den weiteren Teilnehmern geh\u00f6ren die Chopra Foundation,\u00a0eine vom Verfechter der Alternativmedizin Deepak Chopra gegr\u00fcndete gemeinn\u00fctzige Organisation, die Icahn School of Medicine am Mount Sinai, das Imperial College London und die Universit\u00e4t Ottawa. Das Programm findet zu einem Zeitpunkt statt, in dem das Interesse der \u00d6ffentlichkeit an diesen Medikamenten wieder zunimmt. Zu den weiteren Themen im Programm geh\u00f6ren auch &#8220;ethische Debatten&#8221; \u00fcber den Schutz gegen missbr\u00e4uchliche Praktiken im Zusammenhang mit den Drogen. Auch zwei &#8220;Schamanen&#8221; nehmen an der Veranstaltung teil. Doch die Veranstaltung soll nicht nur aus Vortr\u00e4gen und Diskussionsrunden bestehen.<\/p>\n<p><strong>BlackRock Capital mischt mit<\/strong><\/p>\n<p>&#8220;Wir werden einige experimentelle und immersive Erfahrungen anbieten&#8221;, so Maria Welkowa, gesch\u00e4ftsf\u00fchrende Gesellschafterin von Tabula Rasa, darunter Meditation, Atemarbeit und ekstatischer Tanz. Aber, so eine Sprecherin von Energia:<\/p>\n<blockquote>\n<p><em>&#8220;Es wird absolut keine Drogen vor Ort geben.&#8221;<\/em><\/p>\n<\/blockquote>\n<p>Psychedelische Drogen sind eine aufstrebende, aber problembehaftete Branche. Obwohl eine Studie nach der anderen auf ihr Potenzial zur Behandlung von Depressionen, PTBS und anderen Gem\u00fctskrankheiten hinweist, sind die meisten dieser Drogen nach wie vor weltweit illegal. Da Gesetze das Gesch\u00e4ft blockieren, hat der Advisorshares Psychedelics ETF \u2013 ein vom Investment-Titan BlackRock Capital unterst\u00fctzter Wall-Street-Fonds, der in Pharmaunternehmen investiert, die diese Drogen erforschen \u2013 in diesem Jahr mehr als die H\u00e4lfte seines Wertes verloren.<\/p>\n<p>Doch\u00a0mit dem &#8220;House of Psychedelics&#8221; w\u00e4re es nicht das erste Mal, dass sich die Davoser mit Drogen besch\u00e4ftigen. Im Jahr 2020 konnten die Teilnehmer ein von Israel gef\u00fchrtes &#8220;Cannabis House&#8221; besuchen, um sich \u00fcber die lukrativen Gewinne und die \u00f6kologischen Vorteile des Hanfhandels zu informieren, und 2019 wurden die Teilnehmer mit einem halbst\u00fcndigen Vortrag (auf der offiziellen Tagesordnung) \u00fcber die &#8220;Neue Wissenschaft der Psychedelika&#8221; und ihren potenziellen medizinischen Nutzen verw\u00f6hnt.<\/p>\n<p><strong>Mehr zum Thema<\/strong> \u2013 <a rel=\"nofollow noopener\" target=\"_blank\" href=\"https:\/\/deutsch.rt.com\/viral\/138174-ex-topmanager-russischen-olgiganten-nach\/\">Kr\u00f6tengift und Hahnenblut \u2013 Ex-Topmanager von Lukoil nach Schamanenbesuch gestorben<\/a><\/p>\n<\/p>\n<p><br \/>\n<br \/><a href=\"https:\/\/de.rt.com\/international\/138657-weltwirtschaftsforum-in-davos-interessiert-sich-fuer-psychedelische-drogen\/\">Source link <\/a><\/p>\n","protected":false},"excerpt":{"rendered":"<p>Wie die Nachrichtenseite Bloomberg berichtet, haben auf dem diesj\u00e4hrigen Weltwirtschaftsforum (WEF) in Davos die Staats- und Regierungschefs Zugang zu einem sogenannten &#8220;Medical Psychedelic House of Davos&#8221;. Dabei handelt es sich um ein Programm mit fast 40 Sitzungen und Rednern, darunter Forscher, Unternehmer, Investoren \u2013 und einige, die sich selbst als Schamanen bezeichnen. Das Angebot geh\u00f6rt [&hellip;]<\/p>\n","protected":false},"author":3,"featured_media":8035,"comment_status":"open","ping_status":"open","sticky":false,"template":"","format":"standard","meta":{"wp_automatic_camp":["217"],"f4afa2f52e8118f3eacc3d37420e0e57":["Weltwirtschaftsforum in Davos interessiert sich f\u00fcr psychedelische Drogen"],"original_link":["https:\/\/de.rt.com\/international\/138657-weltwirtschaftsforum-in-davos-interessiert-sich-fuer-psychedelische-drogen\/"],"_thumbnail_id":["8035"],"_wptg_p2tg_sent2tg":["2022-05-17 15:47:21"],"jnews_social_counter_last_update":["1777301543"]},"categories":[19,23],"tags":[92,20578,221,15920,20577,434,61],"yoast_head":"<!-- This site is optimized with the Yoast SEO Premium plugin v22.7 (Yoast SEO v22.7) - https:\/\/yoast.com\/wordpress\/plugins\/seo\/ -->\n<title>Weltwirtschaftsforum in Davos interessiert sich f\u00fcr psychedelische Drogen - just-now.NEWS Deutschland<\/title>\n<meta name=\"robots\" content=\"index, follow, max-snippet:-1, max-image-preview:large, max-video-preview:-1\" \/>\n<link rel=\"canonical\" href=\"https:\/\/now-news.de\/de\/deutschland\/weltwirtschaftsforum-in-davos-interessiert-sich-fuer-psychedelische-drogen\/\" \/>\n<meta property=\"og:locale\" content=\"de_DE\" \/>\n<meta property=\"og:type\" content=\"article\" \/>\n<meta property=\"og:title\" content=\"Weltwirtschaftsforum in Davos interessiert sich f\u00fcr psychedelische Drogen\" \/>\n<meta property=\"og:description\" content=\"Wie die Nachrichtenseite Bloomberg berichtet, haben auf dem diesj\u00e4hrigen Weltwirtschaftsforum (WEF) in Davos die Staats- und Regierungschefs Zugang zu einem sogenannten &#8220;Medical Psychedelic House of Davos&#8221;. Dabei handelt es sich um ein Programm mit fast 40 Sitzungen und Rednern, darunter Forscher, Unternehmer, Investoren \u2013 und einige, die sich selbst als Schamanen bezeichnen. Das Angebot geh\u00f6rt [&hellip;]\" \/>\n<meta property=\"og:url\" content=\"https:\/\/now-news.de\/de\/deutschland\/weltwirtschaftsforum-in-davos-interessiert-sich-fuer-psychedelische-drogen\/\" \/>\n<meta property=\"og:site_name\" content=\"just-now.NEWS Deutschland\" \/>\n<meta property=\"article:publisher\" content=\"https:\/\/www.facebook.com\/wirmachenauf\" \/>\n<meta property=\"article:published_time\" content=\"2022-05-17T13:43:46+00:00\" \/>\n<meta property=\"og:image\" content=\"https:\/\/now-news.de\/de\/wp-content\/uploads\/sites\/3\/2022\/05\/Weltwirtschaftsforum-in-Davos-interessiert-sich-fuer-psychedelische-Drogen.jpg\" \/>\n\t<meta property=\"og:image:width\" content=\"460\" \/>\n\t<meta property=\"og:image:height\" content=\"259\" \/>\n\t<meta property=\"og:image:type\" content=\"image\/jpeg\" \/>\n<meta name=\"author\" content=\"rtnews\" \/>\n<meta name=\"twitter:card\" content=\"summary_large_image\" \/>\n<meta name=\"twitter:creator\" content=\"@WirMachenAuf_de\" \/>\n<meta name=\"twitter:site\" content=\"@WirMachenAuf_de\" \/>\n<meta name=\"twitter:label1\" content=\"Verfasst von\" \/>\n\t<meta name=\"twitter:data1\" content=\"rtnews\" \/>\n\t<meta name=\"twitter:label2\" content=\"Gesch\u00e4tzte Lesezeit\" \/>\n\t<meta name=\"twitter:data2\" content=\"3\u00a0Minuten\" \/>\n<script type=\"application\/ld+json\" class=\"yoast-schema-graph\">{\"@context\":\"https:\/\/schema.org\",\"@graph\":[{\"@type\":\"Article\",\"@id\":\"https:\/\/now-news.de\/de\/deutschland\/weltwirtschaftsforum-in-davos-interessiert-sich-fuer-psychedelische-drogen\/#article\",\"isPartOf\":{\"@id\":\"https:\/\/now-news.de\/de\/deutschland\/weltwirtschaftsforum-in-davos-interessiert-sich-fuer-psychedelische-drogen\/\"},\"author\":{\"name\":\"rtnews\",\"@id\":\"https:\/\/now-news.de\/de\/#\/schema\/person\/fb534a4e865501d8b3285208df34a9b5\"},\"headline\":\"Weltwirtschaftsforum in Davos interessiert sich f\u00fcr psychedelische Drogen\",\"datePublished\":\"2022-05-17T13:43:46+00:00\",\"dateModified\":\"2022-05-17T13:43:46+00:00\",\"mainEntityOfPage\":{\"@id\":\"https:\/\/now-news.de\/de\/deutschland\/weltwirtschaftsforum-in-davos-interessiert-sich-fuer-psychedelische-drogen\/\"},\"wordCount\":554,\"commentCount\":0,\"publisher\":{\"@id\":\"https:\/\/now-news.de\/de\/#organization\"},\"image\":{\"@id\":\"https:\/\/now-news.de\/de\/deutschland\/weltwirtschaftsforum-in-davos-interessiert-sich-fuer-psychedelische-drogen\/#primaryimage\"},\"thumbnailUrl\":\"https:\/\/now-news.de\/de\/wp-content\/uploads\/sites\/3\/2022\/05\/Weltwirtschaftsforum-in-Davos-interessiert-sich-fuer-psychedelische-Drogen.jpg\",\"keywords\":[\"Davos\",\"Drogen\",\"f\u00fcr\",\"interessiert\",\"psychedelische\",\"sich\",\"Weltwirtschaftsforum\"],\"articleSection\":[\"Deutschland\",\"Russland\"],\"inLanguage\":\"de\",\"potentialAction\":[{\"@type\":\"CommentAction\",\"name\":\"Comment\",\"target\":[\"https:\/\/now-news.de\/de\/deutschland\/weltwirtschaftsforum-in-davos-interessiert-sich-fuer-psychedelische-drogen\/#respond\"]}]},{\"@type\":\"WebPage\",\"@id\":\"https:\/\/now-news.de\/de\/deutschland\/weltwirtschaftsforum-in-davos-interessiert-sich-fuer-psychedelische-drogen\/\",\"url\":\"https:\/\/now-news.de\/de\/deutschland\/weltwirtschaftsforum-in-davos-interessiert-sich-fuer-psychedelische-drogen\/\",\"name\":\"Weltwirtschaftsforum in Davos interessiert sich f\u00fcr psychedelische Drogen - just-now.NEWS Deutschland\",\"isPartOf\":{\"@id\":\"https:\/\/now-news.de\/de\/#website\"},\"primaryImageOfPage\":{\"@id\":\"https:\/\/now-news.de\/de\/deutschland\/weltwirtschaftsforum-in-davos-interessiert-sich-fuer-psychedelische-drogen\/#primaryimage\"},\"image\":{\"@id\":\"https:\/\/now-news.de\/de\/deutschland\/weltwirtschaftsforum-in-davos-interessiert-sich-fuer-psychedelische-drogen\/#primaryimage\"},\"thumbnailUrl\":\"https:\/\/now-news.de\/de\/wp-content\/uploads\/sites\/3\/2022\/05\/Weltwirtschaftsforum-in-Davos-interessiert-sich-fuer-psychedelische-Drogen.jpg\",\"datePublished\":\"2022-05-17T13:43:46+00:00\",\"dateModified\":\"2022-05-17T13:43:46+00:00\",\"breadcrumb\":{\"@id\":\"https:\/\/now-news.de\/de\/deutschland\/weltwirtschaftsforum-in-davos-interessiert-sich-fuer-psychedelische-drogen\/#breadcrumb\"},\"inLanguage\":\"de\",\"potentialAction\":[{\"@type\":\"ReadAction\",\"target\":[\"https:\/\/now-news.de\/de\/deutschland\/weltwirtschaftsforum-in-davos-interessiert-sich-fuer-psychedelische-drogen\/\"]}]},{\"@type\":\"ImageObject\",\"inLanguage\":\"de\",\"@id\":\"https:\/\/now-news.de\/de\/deutschland\/weltwirtschaftsforum-in-davos-interessiert-sich-fuer-psychedelische-drogen\/#primaryimage\",\"url\":\"https:\/\/now-news.de\/de\/wp-content\/uploads\/sites\/3\/2022\/05\/Weltwirtschaftsforum-in-Davos-interessiert-sich-fuer-psychedelische-Drogen.jpg\",\"contentUrl\":\"https:\/\/now-news.de\/de\/wp-content\/uploads\/sites\/3\/2022\/05\/Weltwirtschaftsforum-in-Davos-interessiert-sich-fuer-psychedelische-Drogen.jpg\",\"width\":460,\"height\":259,\"caption\":\"Weltwirtschaftsforum in Davos interessiert sich f\u00fcr psychedelische Drogen\"},{\"@type\":\"BreadcrumbList\",\"@id\":\"https:\/\/now-news.de\/de\/deutschland\/weltwirtschaftsforum-in-davos-interessiert-sich-fuer-psychedelische-drogen\/#breadcrumb\",\"itemListElement\":[{\"@type\":\"ListItem\",\"position\":1,\"name\":\"Home\",\"item\":\"https:\/\/now-news.de\/de\/\"},{\"@type\":\"ListItem\",\"position\":2,\"name\":\"Weltwirtschaftsforum in Davos interessiert sich f\u00fcr psychedelische Drogen\"}]},{\"@type\":\"WebSite\",\"@id\":\"https:\/\/now-news.de\/de\/#website\",\"url\":\"https:\/\/now-news.de\/de\/\",\"name\":\"just-now.NEWS Deutschland\",\"description\":\"Das Portal f\u00fcr unzensierte Nachrichten aus der Welt\",\"publisher\":{\"@id\":\"https:\/\/now-news.de\/de\/#organization\"},\"potentialAction\":[{\"@type\":\"SearchAction\",\"target\":{\"@type\":\"EntryPoint\",\"urlTemplate\":\"https:\/\/now-news.de\/de\/?s={search_term_string}\"},\"query-input\":\"required name=search_term_string\"}],\"inLanguage\":\"de\"},{\"@type\":\"Organization\",\"@id\":\"https:\/\/now-news.de\/de\/#organization\",\"name\":\"Just Now News\",\"url\":\"https:\/\/now-news.de\/de\/\",\"logo\":{\"@type\":\"ImageObject\",\"inLanguage\":\"de\",\"@id\":\"https:\/\/now-news.de\/de\/#\/schema\/logo\/image\/\",\"url\":\"http:\/\/just-now.news\/de\/wp-content\/uploads\/sites\/3\/2022\/04\/logo500x500.jpg\",\"contentUrl\":\"http:\/\/just-now.news\/de\/wp-content\/uploads\/sites\/3\/2022\/04\/logo500x500.jpg\",\"width\":500,\"height\":500,\"caption\":\"Just Now News\"},\"image\":{\"@id\":\"https:\/\/now-news.de\/de\/#\/schema\/logo\/image\/\"},\"sameAs\":[\"https:\/\/www.facebook.com\/wirmachenauf\",\"https:\/\/x.com\/WirMachenAuf_de\"]},{\"@type\":\"Person\",\"@id\":\"https:\/\/now-news.de\/de\/#\/schema\/person\/fb534a4e865501d8b3285208df34a9b5\",\"name\":\"rtnews\",\"image\":{\"@type\":\"ImageObject\",\"inLanguage\":\"de\",\"@id\":\"https:\/\/now-news.de\/de\/#\/schema\/person\/image\/\",\"url\":\"https:\/\/secure.gravatar.com\/avatar\/82aafea7d8127119dd649515f56e2117?s=96&d=mm&r=g\",\"contentUrl\":\"https:\/\/secure.gravatar.com\/avatar\/82aafea7d8127119dd649515f56e2117?s=96&d=mm&r=g\",\"caption\":\"rtnews\"},\"url\":\"https:\/\/now-news.de\/de\/author\/rnews\/\"}]}<\/script>\n<!-- \/ Yoast SEO Premium plugin. -->","yoast_head_json":{"title":"Weltwirtschaftsforum in Davos interessiert sich f\u00fcr psychedelische Drogen - just-now.NEWS Deutschland","robots":{"index":"index","follow":"follow","max-snippet":"max-snippet:-1","max-image-preview":"max-image-preview:large","max-video-preview":"max-video-preview:-1"},"canonical":"https:\/\/now-news.de\/de\/deutschland\/weltwirtschaftsforum-in-davos-interessiert-sich-fuer-psychedelische-drogen\/","og_locale":"de_DE","og_type":"article","og_title":"Weltwirtschaftsforum in Davos interessiert sich f\u00fcr psychedelische Drogen","og_description":"Wie die Nachrichtenseite Bloomberg berichtet, haben auf dem diesj\u00e4hrigen Weltwirtschaftsforum (WEF) in Davos die Staats- und Regierungschefs Zugang zu einem sogenannten &#8220;Medical Psychedelic House of Davos&#8221;. Dabei handelt es sich um ein Programm mit fast 40 Sitzungen und Rednern, darunter Forscher, Unternehmer, Investoren \u2013 und einige, die sich selbst als Schamanen bezeichnen. Das Angebot geh\u00f6rt [&hellip;]","og_url":"https:\/\/now-news.de\/de\/deutschland\/weltwirtschaftsforum-in-davos-interessiert-sich-fuer-psychedelische-drogen\/","og_site_name":"just-now.NEWS Deutschland","article_publisher":"https:\/\/www.facebook.com\/wirmachenauf","article_published_time":"2022-05-17T13:43:46+00:00","og_image":[{"width":460,"height":259,"url":"https:\/\/now-news.de\/de\/wp-content\/uploads\/sites\/3\/2022\/05\/Weltwirtschaftsforum-in-Davos-interessiert-sich-fuer-psychedelische-Drogen.jpg","type":"image\/jpeg"}],"author":"rtnews","twitter_card":"summary_large_image","twitter_creator":"@WirMachenAuf_de","twitter_site":"@WirMachenAuf_de","twitter_misc":{"Verfasst von":"rtnews","Gesch\u00e4tzte Lesezeit":"3\u00a0Minuten"},"schema":{"@context":"https:\/\/schema.org","@graph":[{"@type":"Article","@id":"https:\/\/now-news.de\/de\/deutschland\/weltwirtschaftsforum-in-davos-interessiert-sich-fuer-psychedelische-drogen\/#article","isPartOf":{"@id":"https:\/\/now-news.de\/de\/deutschland\/weltwirtschaftsforum-in-davos-interessiert-sich-fuer-psychedelische-drogen\/"},"author":{"name":"rtnews","@id":"https:\/\/now-news.de\/de\/#\/schema\/person\/fb534a4e865501d8b3285208df34a9b5"},"headline":"Weltwirtschaftsforum in Davos interessiert sich f\u00fcr psychedelische Drogen","datePublished":"2022-05-17T13:43:46+00:00","dateModified":"2022-05-17T13:43:46+00:00","mainEntityOfPage":{"@id":"https:\/\/now-news.de\/de\/deutschland\/weltwirtschaftsforum-in-davos-interessiert-sich-fuer-psychedelische-drogen\/"},"wordCount":554,"commentCount":0,"publisher":{"@id":"https:\/\/now-news.de\/de\/#organization"},"image":{"@id":"https:\/\/now-news.de\/de\/deutschland\/weltwirtschaftsforum-in-davos-interessiert-sich-fuer-psychedelische-drogen\/#primaryimage"},"thumbnailUrl":"https:\/\/now-news.de\/de\/wp-content\/uploads\/sites\/3\/2022\/05\/Weltwirtschaftsforum-in-Davos-interessiert-sich-fuer-psychedelische-Drogen.jpg","keywords":["Davos","Drogen","f\u00fcr","interessiert","psychedelische","sich","Weltwirtschaftsforum"],"articleSection":["Deutschland","Russland"],"inLanguage":"de","potentialAction":[{"@type":"CommentAction","name":"Comment","target":["https:\/\/now-news.de\/de\/deutschland\/weltwirtschaftsforum-in-davos-interessiert-sich-fuer-psychedelische-drogen\/#respond"]}]},{"@type":"WebPage","@id":"https:\/\/now-news.de\/de\/deutschland\/weltwirtschaftsforum-in-davos-interessiert-sich-fuer-psychedelische-drogen\/","url":"https:\/\/now-news.de\/de\/deutschland\/weltwirtschaftsforum-in-davos-interessiert-sich-fuer-psychedelische-drogen\/","name":"Weltwirtschaftsforum in Davos interessiert sich f\u00fcr psychedelische Drogen - just-now.NEWS Deutschland","isPartOf":{"@id":"https:\/\/now-news.de\/de\/#website"},"primaryImageOfPage":{"@id":"https:\/\/now-news.de\/de\/deutschland\/weltwirtschaftsforum-in-davos-interessiert-sich-fuer-psychedelische-drogen\/#primaryimage"},"image":{"@id":"https:\/\/now-news.de\/de\/deutschland\/weltwirtschaftsforum-in-davos-interessiert-sich-fuer-psychedelische-drogen\/#primaryimage"},"thumbnailUrl":"https:\/\/now-news.de\/de\/wp-content\/uploads\/sites\/3\/2022\/05\/Weltwirtschaftsforum-in-Davos-interessiert-sich-fuer-psychedelische-Drogen.jpg","datePublished":"2022-05-17T13:43:46+00:00","dateModified":"2022-05-17T13:43:46+00:00","breadcrumb":{"@id":"https:\/\/now-news.de\/de\/deutschland\/weltwirtschaftsforum-in-davos-interessiert-sich-fuer-psychedelische-drogen\/#breadcrumb"},"inLanguage":"de","potentialAction":[{"@type":"ReadAction","target":["https:\/\/now-news.de\/de\/deutschland\/weltwirtschaftsforum-in-davos-interessiert-sich-fuer-psychedelische-drogen\/"]}]},{"@type":"ImageObject","inLanguage":"de","@id":"https:\/\/now-news.de\/de\/deutschland\/weltwirtschaftsforum-in-davos-interessiert-sich-fuer-psychedelische-drogen\/#primaryimage","url":"https:\/\/now-news.de\/de\/wp-content\/uploads\/sites\/3\/2022\/05\/Weltwirtschaftsforum-in-Davos-interessiert-sich-fuer-psychedelische-Drogen.jpg","contentUrl":"https:\/\/now-news.de\/de\/wp-content\/uploads\/sites\/3\/2022\/05\/Weltwirtschaftsforum-in-Davos-interessiert-sich-fuer-psychedelische-Drogen.jpg","width":460,"height":259,"caption":"Weltwirtschaftsforum in Davos interessiert sich f\u00fcr psychedelische Drogen"},{"@type":"BreadcrumbList","@id":"https:\/\/now-news.de\/de\/deutschland\/weltwirtschaftsforum-in-davos-interessiert-sich-fuer-psychedelische-drogen\/#breadcrumb","itemListElement":[{"@type":"ListItem","position":1,"name":"Home","item":"https:\/\/now-news.de\/de\/"},{"@type":"ListItem","position":2,"name":"Weltwirtschaftsforum in Davos interessiert sich f\u00fcr psychedelische Drogen"}]},{"@type":"WebSite","@id":"https:\/\/now-news.de\/de\/#website","url":"https:\/\/now-news.de\/de\/","name":"just-now.NEWS Deutschland","description":"Das Portal f\u00fcr unzensierte Nachrichten aus der Welt","publisher":{"@id":"https:\/\/now-news.de\/de\/#organization"},"potentialAction":[{"@type":"SearchAction","target":{"@type":"EntryPoint","urlTemplate":"https:\/\/now-news.de\/de\/?s={search_term_string}"},"query-input":"required name=search_term_string"}],"inLanguage":"de"},{"@type":"Organization","@id":"https:\/\/now-news.de\/de\/#organization","name":"Just Now News","url":"https:\/\/now-news.de\/de\/","logo":{"@type":"ImageObject","inLanguage":"de","@id":"https:\/\/now-news.de\/de\/#\/schema\/logo\/image\/","url":"http:\/\/just-now.news\/de\/wp-content\/uploads\/sites\/3\/2022\/04\/logo500x500.jpg","contentUrl":"http:\/\/just-now.news\/de\/wp-content\/uploads\/sites\/3\/2022\/04\/logo500x500.jpg","width":500,"height":500,"caption":"Just Now News"},"image":{"@id":"https:\/\/now-news.de\/de\/#\/schema\/logo\/image\/"},"sameAs":["https:\/\/www.facebook.com\/wirmachenauf","https:\/\/x.com\/WirMachenAuf_de"]},{"@type":"Person","@id":"https:\/\/now-news.de\/de\/#\/schema\/person\/fb534a4e865501d8b3285208df34a9b5","name":"rtnews","image":{"@type":"ImageObject","inLanguage":"de","@id":"https:\/\/now-news.de\/de\/#\/schema\/person\/image\/","url":"https:\/\/secure.gravatar.com\/avatar\/82aafea7d8127119dd649515f56e2117?s=96&d=mm&r=g","contentUrl":"https:\/\/secure.gravatar.com\/avatar\/82aafea7d8127119dd649515f56e2117?s=96&d=mm&r=g","caption":"rtnews"},"url":"https:\/\/now-news.de\/de\/author\/rnews\/"}]}},"_links":{"self":[{"href":"https:\/\/now-news.de\/de\/wp-json\/wp\/v2\/posts\/8034"}],"collection":[{"href":"https:\/\/now-news.de\/de\/wp-json\/wp\/v2\/posts"}],"about":[{"href":"https:\/\/now-news.de\/de\/wp-json\/wp\/v2\/types\/post"}],"author":[{"embeddable":true,"href":"https:\/\/now-news.de\/de\/wp-json\/wp\/v2\/users\/3"}],"replies":[{"embeddable":true,"href":"https:\/\/now-news.de\/de\/wp-json\/wp\/v2\/comments?post=8034"}],"version-history":[{"count":0,"href":"https:\/\/now-news.de\/de\/wp-json\/wp\/v2\/posts\/8034\/revisions"}],"wp:featuredmedia":[{"embeddable":true,"href":"https:\/\/now-news.de\/de\/wp-json\/wp\/v2\/media\/8035"}],"wp:attachment":[{"href":"https:\/\/now-news.de\/de\/wp-json\/wp\/v2\/media?parent=8034"}],"wp:term":[{"taxonomy":"category","embeddable":true,"href":"https:\/\/now-news.de\/de\/wp-json\/wp\/v2\/categories?post=8034"},{"taxonomy":"post_tag","embeddable":true,"href":"https:\/\/now-news.de\/de\/wp-json\/wp\/v2\/tags?post=8034"}],"curies":[{"name":"wp","href":"https:\/\/api.w.org\/{rel}","templated":true}]}}