{"id":80306,"date":"2025-03-15T18:57:22","date_gmt":"2025-03-15T16:57:22","guid":{"rendered":"https:\/\/now-news.de\/de\/deutschland\/medienbericht-telegram-ceo-durow-darf-frankreich-verlassen\/"},"modified":"2025-03-15T18:57:22","modified_gmt":"2025-03-15T16:57:22","slug":"medienbericht-telegram-ceo-durow-darf-frankreich-verlassen","status":"publish","type":"post","link":"https:\/\/now-news.de\/de\/deutschland\/medienbericht-telegram-ceo-durow-darf-frankreich-verlassen\/","title":{"rendered":"Medienbericht: Telegram-CEO Durow darf Frankreich verlassen"},"content":{"rendered":"<p><img decoding=\"async\" src=\"https:\/\/now-news.de\/de\/wp-content\/uploads\/sites\/3\/2025\/03\/67d5a678b480cc0c6a799f71.jpg\" \/><\/p>\n<div class=\"Text-root Text-type_1 \">\n                Ein franz\u00f6sisches Gericht hat die Ausreise des Gr\u00fcnders der Plattform Telegram, Pawel Durow, genehmigt, wie AFP berichtet. Der IT-Unternehmer sei von Frankreich nach Dubai gereist.\u00a0\n            <\/div>\n<p><\/p>\n<div class=\"Text-root Text-type_5 ArticleView-text ViewText-root \">\n<p>Mit gerichtlicher Genehmigung hat der Gr\u00fcnder des Messengerdienstes Telegram,\u00a0Pawel Durow, Frankreich verlassen und ist nach Dubai gereist. Dies teilte die Nachrichtenagentur <em>AFP<\/em> mit. Wie es hei\u00dft, durfte der russischst\u00e4mmige Gesch\u00e4ftsmann, der auch franz\u00f6sischer Staatsb\u00fcrger ist, das Land f\u00fcr mehrere Wochen verlassen. Durow soll am Samstagmorgen (Ortszeit) vom Flughafen Paris Le Bourget abgeflogen sein.<\/p>\n<p>Anfang Februar berichtete die\u00a0US-amerikanische Computerzeitschrift\u00a0<em>Wired<\/em> unter Berufung auf einen Staatsanwalt, dass der IT-Unternehmer in Frankreich noch mindestens ein Jahr auf den Prozess warten m\u00fcsse.<\/p>\n<p>Am 28. Januar teilte die Pariser Staatsanwaltschaft der russischen Nachrichtenagentur <em>RIA Nowosti<\/em> mit, dass der Termin f\u00fcr die Verhandlung in dem Fall noch nicht festgelegt worden sei. Laut franz\u00f6sischen Medien wurde Durow Anfang Dezember 2024 erstmals zur Sache vernommen. Das Verh\u00f6r dauerte etwa zehn Stunden, hie\u00df es.<\/p>\n<p>Der Telegram-Gr\u00fcnder war am 24. August am Pariser Flughafen festgenommen und einige Tage sp\u00e4ter gegen eine Kaution von f\u00fcnf Millionen Euro freigelassen worden. Er stand unter Aufsicht der Justiz. Durow musste sich zweimal pro Woche bei der Polizei melden und durfte Frankreich nicht verlassen.<\/p>\n<p>Gegen Durow wird Medienberichten zufolge in zw\u00f6lf F\u00e4llen ermittelt, unter anderem wegen Beihilfe zur Verwaltung einer Online-Plattform f\u00fcr illegale Transaktionen, Verbreitung von Kinderpornografie, Drogenhandel, Betrug und Geldw\u00e4sche. Au\u00dferdem wird ihm mangelnde Kooperationsbereitschaft gegen\u00fcber den Strafverfolgungsbeh\u00f6rden vorgeworfen. Dem Unternehmer drohen demnach bis zu zehn Jahre Freiheitsentzug.<\/p>\n<p>Durow selbst erkl\u00e4rte, er habe die Vorw\u00fcrfe franz\u00f6sischer Beh\u00f6rden als \u00fcberraschend empfunden, da der Messengerdienst mehrere Ma\u00dfnahmen zur Bek\u00e4mpfung m\u00f6glicher Bedrohungen ergriffen habe. Er habe unter anderem seit Langem dabei mitgewirkt, in Frankreich eine Hotline zwischen Telegram und den Beh\u00f6rden zur Terrorismusbek\u00e4mpfung einzurichten. Laut Durow sollten L\u00e4nder, die Anspr\u00fcche gegen Plattformen wie Telegram geltend machen, diese selbst verklagen, anstatt dessen Gr\u00fcnder strafrechtlich zu verfolgen.<\/p>\n<p><strong>Mehr zum Thema<\/strong> &#8211; <a rel=\"nofollow noopener\" target=\"_blank\" href=\"https:\/\/freedert.online\/russland\/221410-telegram-gruender-im-kreuzfeuer-gewaltvorwuerfe\/\">Telegram-Gr\u00fcnder im Kreuzfeuer: Gewaltvorw\u00fcrfe und finanzieller Streit mit Ex-Partnerin<\/a><\/p>\n<div class=\"EmbedBlock-root EmbedBlock-externalVideo EmbedBlock-rumble\">\n<div class=\"VkEmbed\"><iframe class=\"lazyload\" data-src=\"https:\/\/rumble.com\/embed\/v6ogzli\" frameborder=\"0\" width=\"853\" height=\"480\" allowfullscreen><\/iframe><\/div>\n<\/div>\n<\/div>\n<p><br \/>\n<br \/><a href=\"https:\/\/de.rt.com\/international\/239690-medienbericht-telegram-ceo-durow-darf\/\">Source link <\/a><\/p>\n","protected":false},"excerpt":{"rendered":"<p>Ein franz\u00f6sisches Gericht hat die Ausreise des Gr\u00fcnders der Plattform Telegram, Pawel Durow, genehmigt, wie AFP berichtet. Der IT-Unternehmer sei von Frankreich nach Dubai gereist.\u00a0 Mit gerichtlicher Genehmigung hat der Gr\u00fcnder des Messengerdienstes Telegram,\u00a0Pawel Durow, Frankreich verlassen und ist nach Dubai gereist. Dies teilte die Nachrichtenagentur AFP mit. Wie es hei\u00dft, durfte der russischst\u00e4mmige Gesch\u00e4ftsmann, [&hellip;]<\/p>\n","protected":false},"author":3,"featured_media":80307,"comment_status":"open","ping_status":"open","sticky":false,"template":"","format":"standard","meta":{"_yoast_indexnow_last_ping":["1742058744"],"wp_automatic_camp":["217"],"bdbb56f7c5705dfdc25c95ef2b43f8ff":["Medienbericht: Telegram-CEO Durow darf Frankreich verlassen"],"original_link":["https:\/\/de.rt.com\/international\/239690-medienbericht-telegram-ceo-durow-darf\/"],"_thumbnail_id":["80307"],"jnews_social_counter_last_update":["1777087354"],"_wptgpro_p2tg_sent2tg":["a:1:{i:23737;s:19:\"2025-03-15 19:13:25\";}"]},"categories":[19,23],"tags":[5310,46896,3320,869,63469,4369],"yoast_head":"<!-- This site is optimized with the Yoast SEO Premium plugin v22.7 (Yoast SEO v22.7) - https:\/\/yoast.com\/wordpress\/plugins\/seo\/ -->\n<title>Medienbericht: Telegram-CEO Durow darf Frankreich verlassen - just-now.NEWS Deutschland<\/title>\n<meta name=\"robots\" content=\"index, follow, max-snippet:-1, max-image-preview:large, max-video-preview:-1\" \/>\n<link rel=\"canonical\" href=\"https:\/\/now-news.de\/de\/deutschland\/medienbericht-telegram-ceo-durow-darf-frankreich-verlassen\/\" \/>\n<meta property=\"og:locale\" content=\"de_DE\" \/>\n<meta property=\"og:type\" content=\"article\" \/>\n<meta property=\"og:title\" content=\"Medienbericht: Telegram-CEO Durow darf Frankreich verlassen\" \/>\n<meta property=\"og:description\" content=\"Ein franz\u00f6sisches Gericht hat die Ausreise des Gr\u00fcnders der Plattform Telegram, Pawel Durow, genehmigt, wie AFP berichtet. Der IT-Unternehmer sei von Frankreich nach Dubai gereist.\u00a0 Mit gerichtlicher Genehmigung hat der Gr\u00fcnder des Messengerdienstes Telegram,\u00a0Pawel Durow, Frankreich verlassen und ist nach Dubai gereist. Dies teilte die Nachrichtenagentur AFP mit. Wie es hei\u00dft, durfte der russischst\u00e4mmige Gesch\u00e4ftsmann, [&hellip;]\" \/>\n<meta property=\"og:url\" content=\"https:\/\/now-news.de\/de\/deutschland\/medienbericht-telegram-ceo-durow-darf-frankreich-verlassen\/\" \/>\n<meta property=\"og:site_name\" content=\"just-now.NEWS Deutschland\" \/>\n<meta property=\"article:publisher\" content=\"https:\/\/www.facebook.com\/wirmachenauf\" \/>\n<meta property=\"article:published_time\" content=\"2025-03-15T16:57:22+00:00\" \/>\n<meta property=\"og:image\" content=\"https:\/\/now-news.de\/de\/wp-content\/uploads\/sites\/3\/2025\/03\/67d5a678b480cc0c6a799f71.jpg\" \/>\n<meta name=\"author\" content=\"rtnews\" \/>\n<meta name=\"twitter:card\" content=\"summary_large_image\" \/>\n<meta name=\"twitter:creator\" content=\"@WirMachenAuf_de\" \/>\n<meta name=\"twitter:site\" content=\"@WirMachenAuf_de\" \/>\n<meta name=\"twitter:label1\" content=\"Verfasst von\" \/>\n\t<meta name=\"twitter:data1\" content=\"rtnews\" \/>\n\t<meta name=\"twitter:label2\" content=\"Gesch\u00e4tzte Lesezeit\" \/>\n\t<meta name=\"twitter:data2\" content=\"2\u00a0Minuten\" \/>\n<script type=\"application\/ld+json\" class=\"yoast-schema-graph\">{\"@context\":\"https:\/\/schema.org\",\"@graph\":[{\"@type\":\"Article\",\"@id\":\"https:\/\/now-news.de\/de\/deutschland\/medienbericht-telegram-ceo-durow-darf-frankreich-verlassen\/#article\",\"isPartOf\":{\"@id\":\"https:\/\/now-news.de\/de\/deutschland\/medienbericht-telegram-ceo-durow-darf-frankreich-verlassen\/\"},\"author\":{\"name\":\"rtnews\",\"@id\":\"https:\/\/now-news.de\/de\/#\/schema\/person\/fb534a4e865501d8b3285208df34a9b5\"},\"headline\":\"Medienbericht: Telegram-CEO Durow darf Frankreich verlassen\",\"datePublished\":\"2025-03-15T16:57:22+00:00\",\"dateModified\":\"2025-03-15T16:57:22+00:00\",\"mainEntityOfPage\":{\"@id\":\"https:\/\/now-news.de\/de\/deutschland\/medienbericht-telegram-ceo-durow-darf-frankreich-verlassen\/\"},\"wordCount\":361,\"commentCount\":0,\"publisher\":{\"@id\":\"https:\/\/now-news.de\/de\/#organization\"},\"image\":{\"@id\":\"https:\/\/now-news.de\/de\/deutschland\/medienbericht-telegram-ceo-durow-darf-frankreich-verlassen\/#primaryimage\"},\"thumbnailUrl\":\"https:\/\/now-news.de\/de\/wp-content\/uploads\/sites\/3\/2025\/03\/Medienbericht-Telegram-CEO-Durow-darf-Frankreich-verlassen.jpg\",\"keywords\":[\"darf\",\"Durow\",\"Frankreich\",\"Medienbericht\",\"TelegramCEO\",\"verlassen\"],\"articleSection\":[\"Deutschland\",\"Russland\"],\"inLanguage\":\"de\",\"potentialAction\":[{\"@type\":\"CommentAction\",\"name\":\"Comment\",\"target\":[\"https:\/\/now-news.de\/de\/deutschland\/medienbericht-telegram-ceo-durow-darf-frankreich-verlassen\/#respond\"]}]},{\"@type\":\"WebPage\",\"@id\":\"https:\/\/now-news.de\/de\/deutschland\/medienbericht-telegram-ceo-durow-darf-frankreich-verlassen\/\",\"url\":\"https:\/\/now-news.de\/de\/deutschland\/medienbericht-telegram-ceo-durow-darf-frankreich-verlassen\/\",\"name\":\"Medienbericht: Telegram-CEO Durow darf Frankreich verlassen - just-now.NEWS Deutschland\",\"isPartOf\":{\"@id\":\"https:\/\/now-news.de\/de\/#website\"},\"primaryImageOfPage\":{\"@id\":\"https:\/\/now-news.de\/de\/deutschland\/medienbericht-telegram-ceo-durow-darf-frankreich-verlassen\/#primaryimage\"},\"image\":{\"@id\":\"https:\/\/now-news.de\/de\/deutschland\/medienbericht-telegram-ceo-durow-darf-frankreich-verlassen\/#primaryimage\"},\"thumbnailUrl\":\"https:\/\/now-news.de\/de\/wp-content\/uploads\/sites\/3\/2025\/03\/Medienbericht-Telegram-CEO-Durow-darf-Frankreich-verlassen.jpg\",\"datePublished\":\"2025-03-15T16:57:22+00:00\",\"dateModified\":\"2025-03-15T16:57:22+00:00\",\"breadcrumb\":{\"@id\":\"https:\/\/now-news.de\/de\/deutschland\/medienbericht-telegram-ceo-durow-darf-frankreich-verlassen\/#breadcrumb\"},\"inLanguage\":\"de\",\"potentialAction\":[{\"@type\":\"ReadAction\",\"target\":[\"https:\/\/now-news.de\/de\/deutschland\/medienbericht-telegram-ceo-durow-darf-frankreich-verlassen\/\"]}]},{\"@type\":\"ImageObject\",\"inLanguage\":\"de\",\"@id\":\"https:\/\/now-news.de\/de\/deutschland\/medienbericht-telegram-ceo-durow-darf-frankreich-verlassen\/#primaryimage\",\"url\":\"https:\/\/now-news.de\/de\/wp-content\/uploads\/sites\/3\/2025\/03\/Medienbericht-Telegram-CEO-Durow-darf-Frankreich-verlassen.jpg\",\"contentUrl\":\"https:\/\/now-news.de\/de\/wp-content\/uploads\/sites\/3\/2025\/03\/Medienbericht-Telegram-CEO-Durow-darf-Frankreich-verlassen.jpg\",\"width\":460,\"height\":259,\"caption\":\"Medienbericht: Telegram-CEO Durow darf Frankreich verlassen\"},{\"@type\":\"BreadcrumbList\",\"@id\":\"https:\/\/now-news.de\/de\/deutschland\/medienbericht-telegram-ceo-durow-darf-frankreich-verlassen\/#breadcrumb\",\"itemListElement\":[{\"@type\":\"ListItem\",\"position\":1,\"name\":\"Home\",\"item\":\"https:\/\/now-news.de\/de\/\"},{\"@type\":\"ListItem\",\"position\":2,\"name\":\"Medienbericht: Telegram-CEO Durow darf Frankreich verlassen\"}]},{\"@type\":\"WebSite\",\"@id\":\"https:\/\/now-news.de\/de\/#website\",\"url\":\"https:\/\/now-news.de\/de\/\",\"name\":\"just-now.NEWS Deutschland\",\"description\":\"Das Portal f\u00fcr unzensierte Nachrichten aus der Welt\",\"publisher\":{\"@id\":\"https:\/\/now-news.de\/de\/#organization\"},\"potentialAction\":[{\"@type\":\"SearchAction\",\"target\":{\"@type\":\"EntryPoint\",\"urlTemplate\":\"https:\/\/now-news.de\/de\/?s={search_term_string}\"},\"query-input\":\"required name=search_term_string\"}],\"inLanguage\":\"de\"},{\"@type\":\"Organization\",\"@id\":\"https:\/\/now-news.de\/de\/#organization\",\"name\":\"Just Now News\",\"url\":\"https:\/\/now-news.de\/de\/\",\"logo\":{\"@type\":\"ImageObject\",\"inLanguage\":\"de\",\"@id\":\"https:\/\/now-news.de\/de\/#\/schema\/logo\/image\/\",\"url\":\"http:\/\/just-now.news\/de\/wp-content\/uploads\/sites\/3\/2022\/04\/logo500x500.jpg\",\"contentUrl\":\"http:\/\/just-now.news\/de\/wp-content\/uploads\/sites\/3\/2022\/04\/logo500x500.jpg\",\"width\":500,\"height\":500,\"caption\":\"Just Now News\"},\"image\":{\"@id\":\"https:\/\/now-news.de\/de\/#\/schema\/logo\/image\/\"},\"sameAs\":[\"https:\/\/www.facebook.com\/wirmachenauf\",\"https:\/\/x.com\/WirMachenAuf_de\"]},{\"@type\":\"Person\",\"@id\":\"https:\/\/now-news.de\/de\/#\/schema\/person\/fb534a4e865501d8b3285208df34a9b5\",\"name\":\"rtnews\",\"image\":{\"@type\":\"ImageObject\",\"inLanguage\":\"de\",\"@id\":\"https:\/\/now-news.de\/de\/#\/schema\/person\/image\/\",\"url\":\"https:\/\/secure.gravatar.com\/avatar\/82aafea7d8127119dd649515f56e2117?s=96&d=mm&r=g\",\"contentUrl\":\"https:\/\/secure.gravatar.com\/avatar\/82aafea7d8127119dd649515f56e2117?s=96&d=mm&r=g\",\"caption\":\"rtnews\"},\"url\":\"https:\/\/now-news.de\/de\/author\/rnews\/\"}]}<\/script>\n<!-- \/ Yoast SEO Premium plugin. -->","yoast_head_json":{"title":"Medienbericht: Telegram-CEO Durow darf Frankreich verlassen - just-now.NEWS Deutschland","robots":{"index":"index","follow":"follow","max-snippet":"max-snippet:-1","max-image-preview":"max-image-preview:large","max-video-preview":"max-video-preview:-1"},"canonical":"https:\/\/now-news.de\/de\/deutschland\/medienbericht-telegram-ceo-durow-darf-frankreich-verlassen\/","og_locale":"de_DE","og_type":"article","og_title":"Medienbericht: Telegram-CEO Durow darf Frankreich verlassen","og_description":"Ein franz\u00f6sisches Gericht hat die Ausreise des Gr\u00fcnders der Plattform Telegram, Pawel Durow, genehmigt, wie AFP berichtet. Der IT-Unternehmer sei von Frankreich nach Dubai gereist.\u00a0 Mit gerichtlicher Genehmigung hat der Gr\u00fcnder des Messengerdienstes Telegram,\u00a0Pawel Durow, Frankreich verlassen und ist nach Dubai gereist. Dies teilte die Nachrichtenagentur AFP mit. Wie es hei\u00dft, durfte der russischst\u00e4mmige Gesch\u00e4ftsmann, [&hellip;]","og_url":"https:\/\/now-news.de\/de\/deutschland\/medienbericht-telegram-ceo-durow-darf-frankreich-verlassen\/","og_site_name":"just-now.NEWS Deutschland","article_publisher":"https:\/\/www.facebook.com\/wirmachenauf","article_published_time":"2025-03-15T16:57:22+00:00","og_image":[{"url":"https:\/\/now-news.de\/de\/wp-content\/uploads\/sites\/3\/2025\/03\/67d5a678b480cc0c6a799f71.jpg"}],"author":"rtnews","twitter_card":"summary_large_image","twitter_creator":"@WirMachenAuf_de","twitter_site":"@WirMachenAuf_de","twitter_misc":{"Verfasst von":"rtnews","Gesch\u00e4tzte Lesezeit":"2\u00a0Minuten"},"schema":{"@context":"https:\/\/schema.org","@graph":[{"@type":"Article","@id":"https:\/\/now-news.de\/de\/deutschland\/medienbericht-telegram-ceo-durow-darf-frankreich-verlassen\/#article","isPartOf":{"@id":"https:\/\/now-news.de\/de\/deutschland\/medienbericht-telegram-ceo-durow-darf-frankreich-verlassen\/"},"author":{"name":"rtnews","@id":"https:\/\/now-news.de\/de\/#\/schema\/person\/fb534a4e865501d8b3285208df34a9b5"},"headline":"Medienbericht: Telegram-CEO Durow darf Frankreich verlassen","datePublished":"2025-03-15T16:57:22+00:00","dateModified":"2025-03-15T16:57:22+00:00","mainEntityOfPage":{"@id":"https:\/\/now-news.de\/de\/deutschland\/medienbericht-telegram-ceo-durow-darf-frankreich-verlassen\/"},"wordCount":361,"commentCount":0,"publisher":{"@id":"https:\/\/now-news.de\/de\/#organization"},"image":{"@id":"https:\/\/now-news.de\/de\/deutschland\/medienbericht-telegram-ceo-durow-darf-frankreich-verlassen\/#primaryimage"},"thumbnailUrl":"https:\/\/now-news.de\/de\/wp-content\/uploads\/sites\/3\/2025\/03\/Medienbericht-Telegram-CEO-Durow-darf-Frankreich-verlassen.jpg","keywords":["darf","Durow","Frankreich","Medienbericht","TelegramCEO","verlassen"],"articleSection":["Deutschland","Russland"],"inLanguage":"de","potentialAction":[{"@type":"CommentAction","name":"Comment","target":["https:\/\/now-news.de\/de\/deutschland\/medienbericht-telegram-ceo-durow-darf-frankreich-verlassen\/#respond"]}]},{"@type":"WebPage","@id":"https:\/\/now-news.de\/de\/deutschland\/medienbericht-telegram-ceo-durow-darf-frankreich-verlassen\/","url":"https:\/\/now-news.de\/de\/deutschland\/medienbericht-telegram-ceo-durow-darf-frankreich-verlassen\/","name":"Medienbericht: Telegram-CEO Durow darf Frankreich verlassen - just-now.NEWS Deutschland","isPartOf":{"@id":"https:\/\/now-news.de\/de\/#website"},"primaryImageOfPage":{"@id":"https:\/\/now-news.de\/de\/deutschland\/medienbericht-telegram-ceo-durow-darf-frankreich-verlassen\/#primaryimage"},"image":{"@id":"https:\/\/now-news.de\/de\/deutschland\/medienbericht-telegram-ceo-durow-darf-frankreich-verlassen\/#primaryimage"},"thumbnailUrl":"https:\/\/now-news.de\/de\/wp-content\/uploads\/sites\/3\/2025\/03\/Medienbericht-Telegram-CEO-Durow-darf-Frankreich-verlassen.jpg","datePublished":"2025-03-15T16:57:22+00:00","dateModified":"2025-03-15T16:57:22+00:00","breadcrumb":{"@id":"https:\/\/now-news.de\/de\/deutschland\/medienbericht-telegram-ceo-durow-darf-frankreich-verlassen\/#breadcrumb"},"inLanguage":"de","potentialAction":[{"@type":"ReadAction","target":["https:\/\/now-news.de\/de\/deutschland\/medienbericht-telegram-ceo-durow-darf-frankreich-verlassen\/"]}]},{"@type":"ImageObject","inLanguage":"de","@id":"https:\/\/now-news.de\/de\/deutschland\/medienbericht-telegram-ceo-durow-darf-frankreich-verlassen\/#primaryimage","url":"https:\/\/now-news.de\/de\/wp-content\/uploads\/sites\/3\/2025\/03\/Medienbericht-Telegram-CEO-Durow-darf-Frankreich-verlassen.jpg","contentUrl":"https:\/\/now-news.de\/de\/wp-content\/uploads\/sites\/3\/2025\/03\/Medienbericht-Telegram-CEO-Durow-darf-Frankreich-verlassen.jpg","width":460,"height":259,"caption":"Medienbericht: Telegram-CEO Durow darf Frankreich verlassen"},{"@type":"BreadcrumbList","@id":"https:\/\/now-news.de\/de\/deutschland\/medienbericht-telegram-ceo-durow-darf-frankreich-verlassen\/#breadcrumb","itemListElement":[{"@type":"ListItem","position":1,"name":"Home","item":"https:\/\/now-news.de\/de\/"},{"@type":"ListItem","position":2,"name":"Medienbericht: Telegram-CEO Durow darf Frankreich verlassen"}]},{"@type":"WebSite","@id":"https:\/\/now-news.de\/de\/#website","url":"https:\/\/now-news.de\/de\/","name":"just-now.NEWS Deutschland","description":"Das Portal f\u00fcr unzensierte Nachrichten aus der Welt","publisher":{"@id":"https:\/\/now-news.de\/de\/#organization"},"potentialAction":[{"@type":"SearchAction","target":{"@type":"EntryPoint","urlTemplate":"https:\/\/now-news.de\/de\/?s={search_term_string}"},"query-input":"required name=search_term_string"}],"inLanguage":"de"},{"@type":"Organization","@id":"https:\/\/now-news.de\/de\/#organization","name":"Just Now News","url":"https:\/\/now-news.de\/de\/","logo":{"@type":"ImageObject","inLanguage":"de","@id":"https:\/\/now-news.de\/de\/#\/schema\/logo\/image\/","url":"http:\/\/just-now.news\/de\/wp-content\/uploads\/sites\/3\/2022\/04\/logo500x500.jpg","contentUrl":"http:\/\/just-now.news\/de\/wp-content\/uploads\/sites\/3\/2022\/04\/logo500x500.jpg","width":500,"height":500,"caption":"Just Now News"},"image":{"@id":"https:\/\/now-news.de\/de\/#\/schema\/logo\/image\/"},"sameAs":["https:\/\/www.facebook.com\/wirmachenauf","https:\/\/x.com\/WirMachenAuf_de"]},{"@type":"Person","@id":"https:\/\/now-news.de\/de\/#\/schema\/person\/fb534a4e865501d8b3285208df34a9b5","name":"rtnews","image":{"@type":"ImageObject","inLanguage":"de","@id":"https:\/\/now-news.de\/de\/#\/schema\/person\/image\/","url":"https:\/\/secure.gravatar.com\/avatar\/82aafea7d8127119dd649515f56e2117?s=96&d=mm&r=g","contentUrl":"https:\/\/secure.gravatar.com\/avatar\/82aafea7d8127119dd649515f56e2117?s=96&d=mm&r=g","caption":"rtnews"},"url":"https:\/\/now-news.de\/de\/author\/rnews\/"}]}},"_links":{"self":[{"href":"https:\/\/now-news.de\/de\/wp-json\/wp\/v2\/posts\/80306"}],"collection":[{"href":"https:\/\/now-news.de\/de\/wp-json\/wp\/v2\/posts"}],"about":[{"href":"https:\/\/now-news.de\/de\/wp-json\/wp\/v2\/types\/post"}],"author":[{"embeddable":true,"href":"https:\/\/now-news.de\/de\/wp-json\/wp\/v2\/users\/3"}],"replies":[{"embeddable":true,"href":"https:\/\/now-news.de\/de\/wp-json\/wp\/v2\/comments?post=80306"}],"version-history":[{"count":0,"href":"https:\/\/now-news.de\/de\/wp-json\/wp\/v2\/posts\/80306\/revisions"}],"wp:featuredmedia":[{"embeddable":true,"href":"https:\/\/now-news.de\/de\/wp-json\/wp\/v2\/media\/80307"}],"wp:attachment":[{"href":"https:\/\/now-news.de\/de\/wp-json\/wp\/v2\/media?parent=80306"}],"wp:term":[{"taxonomy":"category","embeddable":true,"href":"https:\/\/now-news.de\/de\/wp-json\/wp\/v2\/categories?post=80306"},{"taxonomy":"post_tag","embeddable":true,"href":"https:\/\/now-news.de\/de\/wp-json\/wp\/v2\/tags?post=80306"}],"curies":[{"name":"wp","href":"https:\/\/api.w.org\/{rel}","templated":true}]}}