{"id":80284,"date":"2025-03-15T08:30:00","date_gmt":"2025-03-15T06:30:00","guid":{"rendered":"https:\/\/now-news.de\/de\/deutschland\/zu-den-waffen-buerger-der-frieden-greift-an\/"},"modified":"2025-03-15T08:30:00","modified_gmt":"2025-03-15T06:30:00","slug":"zu-den-waffen-buerger-der-frieden-greift-an","status":"publish","type":"post","link":"https:\/\/now-news.de\/de\/deutschland\/zu-den-waffen-buerger-der-frieden-greift-an\/","title":{"rendered":"Zu den Waffen, B\u00fcrger, der Frieden greift an!"},"content":{"rendered":"<p><img decoding=\"async\" src=\"https:\/\/now-news.de\/de\/wp-content\/uploads\/sites\/3\/2025\/03\/67d090f248fbef53fa345f25.png\" \/><\/p>\n<div class=\"Text-root Text-type_1 \">\n                Deutschlands polit-mediale Mafia kontra Aufkl\u00e4rung und &#8220;den Mut, sich des eigenen Verstandes zu bedienen&#8221;\n            <\/div>\n<p><\/p>\n<div class=\"Text-root Text-type_5 ArticleView-text ViewText-root \">\n<p><em>Von Friedhelm Klinkhammer und Volker Br\u00e4utigam<\/em><\/p>\n<p>Die <a rel=\"nofollow noopener\" target=\"_blank\" href=\"https:\/\/www.tagesschau.de\/inland\/deutschlandtrend\/deutschlandtrend-3468.html\"><em>Tagesschau<\/em><\/a> referiert den &#8220;DeutschlandTrend&#8221;: &#8220;Angesichts der Bedrohungen unserer Freiheit und des Friedens auf unserem Kontinent \u2026 wollen CDU, CSU und SPD Ausnahmen bei der \u2026 Schuldenbremse durchsetzen.\u00a0\u2026 66\u00a0Prozent (finden) eine Erh\u00f6hung der Ausgaben f\u00fcr Verteidigung und Bundeswehr richtig.&#8221;\u00a0Das <a rel=\"nofollow noopener\" target=\"_blank\" href=\"https:\/\/www.zdf.de\/nachrichten\/politik\/politbarometer-sondervermoegen-bundeswehr-aufruestung-100.html\"><em>ZDF<\/em>-Politbarometer<\/a>\u00a0bietet mehr: &#8220;Rund drei Viertel der Befragten (76\u00a0Prozent) \u2026 bef\u00fcrworten eine Aufstockung der finanziellen Mittel f\u00fcr Verteidigung.&#8221;\u00a0Obacht bitte: Die Rede ist von mehreren hundert Milliarden Euro neuen Staatsschulden, sprich: &#8220;Sonderverm\u00f6gen&#8221;. Wer hat noch nicht, wer will noch mal? Da muss man hineingetreten sein!<\/p>\n<p>Der weltweit geachtete Sprachwissenschaftler <a rel=\"nofollow noopener\" target=\"_blank\" href=\"https:\/\/chomsky.info\/prosperous01\/\">Noam Chomsky<\/a> stellte schon vor 30\u00a0Jahren fest:<\/p>\n<blockquote>\n<p><em>&#8220;Die Mehrheit der gew\u00f6hnlichen Bev\u00f6lkerung versteht nicht, was wirklich geschieht. Und sie versteht noch nicht einmal, dass sie es nicht versteht.&#8221;<\/em><\/p>\n<\/blockquote>\n<p>Verantwortlich f\u00fcr diesen Zustand sind hierzulande die Redakteure der \u00f6ffentlich-rechtlichen Zentralen f\u00fcr Massenverbl\u00f6dung: <em>ARD-Tagesschau-Deutschlandfunk-ZDF-heute<\/em>. Sie liefern gleichgeschalteten Ramsch, verpackt als Nachrichten. Leider bleiben sie daf\u00fcr nicht nur straffrei. Sie beziehen fette Geh\u00e4lter. F\u00fcr widerspruchslose Weitergabe und Verst\u00e4rkung politischer &#8220;Narrative&#8221; wie<\/p>\n<blockquote>\n<p><em>Morgen \u00fcberf\u00e4llt uns der Russe!<\/em><\/p>\n<p><em>Die NATO ist ein Verteidigungsb\u00fcndnis. Sie sch\u00fctzt unsere Freiheit.<\/em><\/p>\n<\/blockquote>\n<p>Unser Gemeinwesen ist indessen fundamental bedroht von wirtschaftlichem Niedergang, Firmenpleiten, Arbeitsplatzverlust, Kinder- und Altersarmut sowie vom allgemeinen Zerfall seiner Infrastruktur. Man fasst es nicht, doch konnte hier trotzdem ein Multimillion\u00e4r Friedrich Merz, mit <a rel=\"nofollow noopener\" target=\"_blank\" href=\"https:\/\/www.wiwo.de\/politik\/deutschland\/bundestagswahl\/gehalt-lebenslauf-und-politische-laufbahn-friedrich-merz-das-ist-deutschlands-mutmasslich-naechster-kanzler-\/30204878.html\">BlackRock-Hintergrund<\/a>, mit <a rel=\"nofollow noopener\" target=\"_blank\" href=\"https:\/\/www.wp.de\/lokales\/altkreis-brilon\/article401529208\/elternhaus-von-friedrich-merz-in-brilon-nun-vor-dem-verkauf.html\">Immobilien in Spitzenlage<\/a> (&#8220;Haus Sauvigny&#8221; im Sauerland\u00a0und einer Villa im &#8220;<a rel=\"nofollow noopener\" target=\"_blank\" href=\"https:\/\/www.bild.de\/regional\/muenchen\/muenchen\/ausverkauf-im-tal-der-reichen-46897998.bild.html\">Tal der Reichen<\/a>&#8221; am Tegernsee) sowie <a rel=\"nofollow noopener\" target=\"_blank\" href=\"https:\/\/www.stern.de\/politik\/deutschland\/hat-friedrich-merz-wirklich-zwei-flugzeuge--8467946.html\">zwei Privatflugzeugen<\/a>\u00a0Kanzlerkandidat der Elenden werden. Er durfte ungehindert und x-mal den obsz\u00f6n verlogenen Schwachsinn von der &#8220;russischen Bedrohung&#8221; \u00fcber Funk und Fernsehen verbreiten. Ohne beweispflichtig gemacht oder aufgefordert zu werden, sich gef\u00e4lligst vom Hof zu trollen.<\/p>\n<p>So viel Mumm haben eben \u00f6ffentlich-rechtlich t\u00e4tige journalistische Schlappschw\u00e4nze nicht.<\/p>\n<p><strong>Offizi\u00f6se Volksverhetzung<\/strong><\/p>\n<p>Unseren &#8220;<a rel=\"nofollow noopener\" target=\"_blank\" href=\"https:\/\/bachheimer.com\/theorien-und-konzepte\">Hoheitsmedien<\/a>&#8221;\u00a0und tonangebenden Polit-Eliten ist es gelungen, mit L\u00fcgen, Manipulation und Russenhass-Propaganda die deutsche Bev\u00f6lkerung zu spalten. Wer im gek\u00fcnstelten Kontext &#8220;Russland bedroht unsere Freiheit&#8221; Umfragen veranstalten l\u00e4sst, ob mehr Geld &#8220;f\u00fcr Verteidigung&#8221; ausgegeben werden solle, der betreibt eine Variante von Volksverhetzung. Nat\u00fcrlich nicht zweckfrei: So lenkt die Bundesregierung von ihrem Rundum-Totalversagen ab. Mit dem Sch\u00fcren von Kriegsangst wird zugleich versucht, jeden Widerspruch gegen den fortgesetzten sozialen Kahlschlag abzuw\u00fcrgen. Schlagworte: Kanonen statt Butter. Hurra-Patriotismus.<\/p>\n<p>Die geh\u00e4ssige Fantasterei &#8220;Russland bedroht uns&#8221; m\u00fcndet ins gesellschaftliche Einvernehmen mit der <a rel=\"nofollow noopener\" target=\"_blank\" href=\"https:\/\/www.bundestag.de\/dokumente\/textarchiv\/2024\/kw23-de-regierungsbefragung-1002264\">Pistorius-Idiotie<\/a> &#8220;Wir m\u00fcssen bis 2029 kriegst\u00fcchtig sein&#8221;. Aus &#8220;kriegst\u00fcchtig&#8221; wird dann &#8220;kriegswillig&#8221;. Von den Hoheitsmedien in Auftrag gegebene Meinungsumfragen f\u00fchren traditionell zur erforderlichen\/gew\u00fcnschten Mehrheitsmeinung. Friedrich Schillers poetisches Fragment &#8220;<a rel=\"nofollow noopener\" target=\"_blank\" href=\"https:\/\/www.planetlyrik.de\/lyrikkalender\/friedrich-schillers-gedicht-was-ist-die-mehrheit-mehrheit-ist-der-unsinn\/\">Die Bluthochzeit zu Moskau<\/a>&#8220;:<\/p>\n<blockquote>\n<p><em>&#8220;Was ist die Mehrheit? Mehrheit ist der Unsinn.<\/em><\/p>\n<p><em>Verstand ist stets bei wenigen nur gewesen.<\/em><\/p>\n<p>\u2026<\/p>\n<p><em>Man soll die Stimmen <\/em><em><strong>w\u00e4gen<\/strong><\/em><em> und nicht <\/em><em><strong>z\u00e4hlen<\/strong><\/em><em>.<\/em><\/p>\n<p><em>Der Staat muss untergeh&#8217;n, fr\u00fch oder sp\u00e4t,<\/em><\/p>\n<p><em>wo Mehrheit siegt und Unverstand entscheidet.&#8221;<\/em><\/p>\n<\/blockquote>\n<p>Als wichtigste Komponenten des allgegenw\u00e4rtigen Propagandadrucks erwiesen sich folgende Vorg\u00e4nge:<\/p>\n<ul>\n<li>\n<p>Kriminalisierung unliebsamer, regierungskritischer Meinungs\u00e4u\u00dferungen zum Ukraine-Krieg (&#8220;<a rel=\"nofollow noopener\" target=\"_blank\" href=\"https:\/\/www.gesetze-im-internet.de\/stgb\/__140.html\">Billigung von Straftaten<\/a>&#8220;),<\/p>\n<\/li>\n<li>\n<p>Einseitige und irref\u00fchrende politische Berichterstattung der Massenmedien in Kombination mit dem <a rel=\"nofollow noopener\" target=\"_blank\" href=\"https:\/\/www.rtr.at\/medien\/aktuelles\/neuigkeiten\/2022\/EU-Sanktionen_im_Medienbereich_verlaengert.de.html\">Verbot russischer Nachrichtenangebote<\/a>\u00a0und Gegeninformationen<\/p>\n<\/li>\n<li>\n<p>Kritiklose Darstellung einer <a rel=\"nofollow noopener\" target=\"_blank\" href=\"https:\/\/www.eca.europa.eu\/Lists\/ECADocuments\/INSR21_23\/INSR_fight-against-grand-corruption-in-Ukraine_DE.pdf\">zutiefst korrupten und repressiven Ukraine<\/a>\u00a0als &#8220;Verteidiger der westlichen Demokratie&#8221;<\/p>\n<\/li>\n<li>\n<p>Hemmungslose Heroisierung des <a rel=\"nofollow noopener\" target=\"_blank\" href=\"https:\/\/www.welt.de\/politik\/ausland\/plus249801824\/Selenskij-Wie-es-wirklich-um-die-ukrainische-Demokratie-bestellt-ist.html\">autorit\u00e4ren<\/a>\u00a0<a rel=\"nofollow noopener\" target=\"_blank\" href=\"https:\/\/www.youtube.com\/watch?v=oua0Puihrkc\">Schmierenkom\u00f6dianten<\/a>\u00a0und nunmehr <a rel=\"nofollow noopener\" target=\"_blank\" href=\"https:\/\/www.newsweek.com\/ukraine-zelensky-corruption-problem-1863644\">korruptionsverd\u00e4chtigen<\/a>\u00a0Pr\u00e4sidenten Wladimir Selenskij<\/p>\n<\/li>\n<li>\n<p>Eine ausschlie\u00dflich auf Vermutungen und Bezichtigungen basierende Behauptung, Russland stelle eine <a rel=\"nofollow noopener\" target=\"_blank\" href=\"https:\/\/www.klassegegenklasse.org\/ist-russland-imperialistisch\/\">imperialistische Gefahr<\/a> dar.<\/p>\n<\/li>\n<\/ul>\n<p><strong>Realit\u00e4tsverweigerung<\/strong><\/p>\n<p>Am 16.\/17.\u00a0Februar 2022 (siehe\u00a0<a rel=\"nofollow noopener\" target=\"_blank\" href=\"https:\/\/reliefweb.int\/report\/ukraine\/osce-special-monitoring-mission-ukraine-smm-daily-report-372022-issued-17-february\">Tagesbulletin<\/a> der OSZE-Beobachtermission in der Ukraine) setzte die von den USA hochgep\u00e4ppelte ukrainische Selenskij-Armee zur Erst\u00fcrmung der sp\u00e4rlichen \u00dcberreste der &#8220;Volksrepubliken&#8221; Donezk und Lugansk an. Unsere medialen Leithammel bl\u00f6kten zwar mit der Regelm\u00e4\u00dfigkeit einer Schwarzw\u00e4lder Kuckucksuhr, die beiden Entit\u00e4ten seien &#8220;international nicht anerkannt&#8221;. Das Selbstbestimmungsrecht in <a rel=\"nofollow noopener\" target=\"_blank\" href=\"https:\/\/unric.org\/de\/charta\/#kapitel1\">Kapitel\u00a01 der UN-Charta<\/a>\u00a0fordert jedoch gar keine &#8220;Anerkennung&#8221; durch Dritte, wenn sich eine Gemeinschaft zur Abspaltung und Eigenstaatlichkeit entschlie\u00dft. Die Ausrufung steht f\u00fcr sich und gen\u00fcgt, wie das Beispiel Kosovo zeigt. Kiews Versuch, sich die &#8220;abtr\u00fcnnigen&#8221; Republiken gewaltsam wieder einzuverleiben, kann sehr wohl als V\u00f6lkerrechtsbruch gewertet werden.<\/p>\n<p>Nach dem von den USA <a rel=\"nofollow noopener\" target=\"_blank\" href=\"https:\/\/www.freitag.de\/autoren\/konrad-ege\/fuck-the-eu-victoria-nuland-ist-zurueck\">unterst\u00fctzten<\/a>\u00a0Maidan-<a rel=\"nofollow noopener\" target=\"_blank\" href=\"https:\/\/archive.ph\/GRvVg\">Putsch<\/a>\u00a0hatten die ukrainische Armee und vor allem deren integrierte neonazistische Freikorps im Donbass bereits 14.000 russischst\u00e4mmige vormalige Landsleute <a rel=\"nofollow noopener\" target=\"_blank\" href=\"https:\/\/www.infosperber.ch\/politik\/welt\/ukraine-chronik-der-westlichen-einmischung\/\">massakriert<\/a>\u00a0\u2013 vom Westen weitgehend toleriert, wenn nicht gar aktiv unterst\u00fctzt. Der Westen war es, der die Donbass-Republiken <a rel=\"nofollow noopener\" target=\"_blank\" href=\"https:\/\/www.infosperber.ch\/politik\/welt\/ein-genauer-blick-auf-die-annexion-des-donbas\/\">in Russlands Arme trieb<\/a>.\u00a0Davor verschlossen die meisten deutschen Politiker und ihre medialen Liebediener aber krampfhaft die Augen. Und was sie nicht erkennen wollten, sollte auch die deutsche \u00d6ffentlichkeit nicht erkennen d\u00fcrfen.<\/p>\n<p>Am 24.\u00a0Februar 2022 folgte bekanntlich der Einmarsch der russischen Armee. Er wurde dem deutschen Publikum von den hiesigen Massenmedien als &#8220;brutaler, v\u00f6lkerrechtswidriger russischer Angriffskrieg&#8221; ins Bewusstsein gedengelt. Die von den Kanzlern Willy Brandt, Helmut Schmidt und Helmut Kohl gesuchte und gepflegte Verst\u00e4ndigungsbereitschaft mit Russland schlug in neuerlichen Russenhass um. Aggressive Russophobie ist wieder deutsche Staatsr\u00e4son.<\/p>\n<p>Die russische Regierung berief sich auf das <a rel=\"nofollow noopener\" target=\"_blank\" href=\"https:\/\/zeitschrift-osteuropa.de\/blog\/vladimir-putin-ansprache-am-fruehen-morgen-des-24.2.2022\/\">Selbstverteidigungsrecht<\/a> nach Artikel\u00a051 der UN-Charta.\u00a0Die UN-Generalversammlung widersprach am 2.\u00a0M\u00e4rz 2022 mit \u00fcberw\u00e4ltigender Mehrheit und beschuldigte Russland (mit 141 von 193 Stimmen) der &#8220;Aggression&#8221;. Unmissverst\u00e4ndlich, jedoch nicht v\u00f6lkerrechtlich bindend. Nur Resolutionen des UN-Sicherheitsrates sind v\u00f6lkerrechtlich wirksam.<\/p>\n<p><strong>Putin zum Jelzin zurechtkneten<\/strong><\/p>\n<p>Die Europ\u00e4ische Union hatte ihre russlandfeindlichen Aktionen allerdings schon <a rel=\"nofollow noopener\" target=\"_blank\" href=\"https:\/\/www.consilium.europa.eu\/de\/policies\/sanctions-against-russia\/timeline-sanctions-against-russia\/\">Ende Februar\u00a02014 geplant<\/a> und vorbereitet, in unmittelbarem Zusammenhang mit dem Maidan-Putsch.\u00a0Die aggressiven Pl\u00e4ne und die <a rel=\"nofollow noopener\" target=\"_blank\" href=\"https:\/\/www.smu.edu\/dedman\/research\/institutes-and-centers\/center-for-presidential-history\/cmp\/us-russian-relations-under-bush-and-putin\">zunehmenden Spannungen<\/a> zwischen den USA und Russland\u00a0resultierten aus dem jahrelangen Misserfolg des Wertewestens, den legitimen russischen Pr\u00e4sidenten Wladimir Putin auf das Zwergformat seines versoffenen Amtsvorg\u00e4ngers Boris Jelzin zur\u00fcckzustutzen. Hasstiraden wie <a rel=\"nofollow noopener\" target=\"_blank\" href=\"https:\/\/www.n-tv.de\/politik\/EU-friert-Vermoegen-von-Putin-und-Lawrow-ein-article23155552.html\">Annalena Baerbocks<\/a><\/p>\n<blockquote>\n<p><em>&#8220;Das wird Russland ruinieren&#8221;<\/em><\/p>\n<\/blockquote>\n<p>und <a rel=\"nofollow noopener\" target=\"_blank\" href=\"https:\/\/www.kut.org\/news\/2022-03-26\/biden-says-of-putin-for-gods-sake-this-man-cannot-remain-in-power\">Joe Bidens<\/a><\/p>\n<blockquote>\n<p><em>&#8220;Um Gottes willen, dieser Putin darf nicht an der Macht bleiben&#8221;<\/em><\/p>\n<\/blockquote>\n<p>unterstrichen die westliche Erfolglosigkeit.<\/p>\n<p>Ob die &#8220;<a rel=\"nofollow noopener\" target=\"_blank\" href=\"https:\/\/mdz-moskau.eu\/die-sonderoperation-und-ihre-ziele-nach-einem-jahr\/\">milit\u00e4rische Sonderoperation<\/a>&#8221;\u00a0Russlands gegen die Ukraine v\u00f6lkerrechtswidrig war oder nicht, muss eine Streitfrage bleiben: Erst der dazu von Kiew angerufene Internationale Gerichtshof in Den Haag ist als letzte Instanz dazu berufen, dar\u00fcber zu urteilen. Bis es dazu kommt, k\u00f6nnen noch <a rel=\"nofollow noopener\" target=\"_blank\" href=\"https:\/\/www.tagesschau.de\/ausland\/europa\/igh-zu-ukraine-101.html\">Jahre vergehen<\/a>.\u00a0Zuvor ge\u00e4u\u00dferte Meinungen\u00a0\u2013 auch die der Bundesregierung in Berlin\u00a0\u2013 sind dem Wortsinne nach nichts anderes als Vor-Urteile. Wenn solche Vor-Urteile in <a rel=\"nofollow noopener\" target=\"_blank\" href=\"https:\/\/www.gesetze-im-internet.de\/stgb\/__140.html\">strafbewehrte Gesetze<\/a> gefasst werden und wenn auf dieser Grundlage <a rel=\"nofollow noopener\" target=\"_blank\" href=\"https:\/\/seniora.org\/erziehung\/schule-bildung\/ich-habe-da-mal-eine-frage\">jeder belangt wird<\/a>, der \u00f6ffentlich widerspricht, dann kennzeichnet das einen eklatanten Mangel an demokratisch-freiheitlicher Rechtsstaatlichkeit.<\/p>\n<p>Es mag zutreffen, dass Russland mit dem Einmarsch gegen Grunds\u00e4tze des V\u00f6lkerrechts verstie\u00df. In diesem Fall wird man neben der objektiven Tat aber auch das subjektive Motiv zu bewerten haben. Vor allem Russlands Beweggrund: kein imperiales Machtstreben, sondern die Weigerung, tatenlos dabei zuzusehen, wie das ukrainische Milit\u00e4r und seine darin integrierten <a rel=\"nofollow noopener\" target=\"_blank\" href=\"https:\/\/www.focus.de\/politik\/ausland\/das-bataillon-asow-schmutziger-kampf-in-der-ukraine-neonazis-im-dienst-der-regierung_id_4058717.html\">Neonazi-Verb\u00e4nde<\/a>\u00a0die russischst\u00e4mmigen Ostukrainer abschlachteten (<a rel=\"nofollow noopener\" target=\"_blank\" href=\"https:\/\/www.oe24.at\/welt\/ukraine-krieg\/regiment-asow-wer-sind-die-ukrainischen-neonazis\/513150260\">Asow<\/a>, <a rel=\"nofollow noopener\" target=\"_blank\" href=\"https:\/\/de.wikipedia.org\/wiki\/Bataillon_Ajdar\">Aidar<\/a>\u00a0u.\u00a0a.). Putin hat sich nicht von ungef\u00e4hr auch auf das UN-Konzept <a rel=\"nofollow noopener\" target=\"_blank\" href=\"https:\/\/dgvn.de\/veroeffentlichungen\/publikation\/einzel\/das-konzept-der-schutzverantwortung-responsibility-to-protect\">Internationale Schutzverantwortung<\/a>\u00a0berufen. Aus dem Vorgehen besagter Milizen <a rel=\"nofollow noopener\" target=\"_blank\" href=\"https:\/\/tkp.at\/2025\/02\/05\/die-ukraine-wollte-den-krieg-mit-russland\/\">schlossen qualifizierte Zeitzeugen<\/a>, dass das Selenskij-Regime in Kiew den Krieg mit Russland herbeizwingen wollte.<\/p>\n<p>Und diesen Krieg <a rel=\"nofollow noopener\" target=\"_blank\" href=\"https:\/\/sputnikglobe.com\/20250302\/scott-ritter-us-had-its-fingers-in-every-aspect-of-ukrainian-pie-1121613955.html\">wollten auch die USA<\/a>, namhafte US-Autoren bezeugen es.\u00a0Ebenso der vormalige EU-Kommissar <a rel=\"nofollow noopener\" target=\"_blank\" href=\"https:\/\/braunschweig-spiegel.de\/ex-eu-kommissar-verheugen-spd-der-lange-weg-zum-krieg-in-der-ukraine-buch-rezension\/\">G\u00fcnter Verheugen<\/a>:<\/p>\n<blockquote>\n<p><em>&#8220;Die der Ukraine zugedachte Rolle hatte ein US-Demokrat, Adam Schiff, Vorsitzender des Geheimdienstausschusses des Kongresses, bereits 2020 \u2026 auf\u00a0die\u00a0Formel gebracht: &#8216;Die Vereinigten Staaten helfen der Ukraine und ihren Menschen, damit wir dort gegen Russland k\u00e4mpfen k\u00f6nnen und nicht hier gegen Russland k\u00e4mpfen m\u00fcssen.'&#8221;<\/em><\/p>\n<\/blockquote>\n<p><strong>Kriegsprovokateur USA<\/strong><\/p>\n<p>Ein anno 2019 in Auftrag gegebener <a rel=\"nofollow noopener\" target=\"_blank\" href=\"https:\/\/www.rand.org\/pubs\/research_reports\/RR3063.html\">Bericht<\/a> der regierungsfinanzierten RAND Corporation mit dem Titel &#8220;Ausdehnung nach Russland: Wettbewerb auf g\u00fcnstigem Terrain&#8221; (Original: &#8220;Extending Russia: Competing on Favorable Ground&#8221;) stellte das <a rel=\"nofollow noopener\" target=\"_blank\" href=\"http:\/\/www.linkesufer.de\/PDF\/20220618_RAND_RB10014_deutsch.pdf\">strategische Konzept<\/a> vor, Moskau zu provozieren, sich milit\u00e4risch oder wirtschaftlich zu \u00fcbernehmen und innen- und au\u00dfenpolitisch an Einfluss zu verlieren:<\/p>\n<blockquote>\n<p><em>&#8220;Die Bereitstellung t\u00f6dlicher Hilfe f\u00fcr die Ukraine w\u00fcrde Russlands gr\u00f6\u00dfte externe Verwundbarkeit ausnutzen. Aber jede Aufstockung in US-Milit\u00e4rwaffen und Ratschl\u00e4gen an die Ukraine m\u00fcsste sorgf\u00e4ltig kalibriert werden, um die Kosten f\u00fcr Russland zu erh\u00f6hen.&#8221;<\/em><\/p>\n<\/blockquote>\n<p>Als Tarnkappe f\u00fcr kriegsprovozierende Politik diente das Abkommen Minsk\u00a02. Obwohl ein <a rel=\"nofollow noopener\" target=\"_blank\" href=\"https:\/\/www.ostinstitut.de\/documents\/Luchterhandt_Die_Vereinbarungen_von_Minsk_ber_den_Konflikt_in_der_Ostukraine_aus_vlkerrechtlicher_Sicht__OL_2_2019.pdf\">v\u00f6lkerrechtlich g\u00fcltiger Vertrag<\/a>, wurde es zur T\u00e4uschung Russlands missbraucht. Erst 2022 gaben sowohl Ex-Kanzlerin <a rel=\"nofollow noopener\" target=\"_blank\" href=\"https:\/\/weltwoche.ch\/daily\/taeuschung-der-russen-merkels-luegen-in-minsk-haben-nicht-nur-das-vertrauen-wladimir-putins-zerstoert\/\">Angela Merkel<\/a> als auch Frankreichs Ex-Pr\u00e4sident <a rel=\"nofollow noopener\" target=\"_blank\" href=\"https:\/\/tkp.at\/2023\/01\/02\/nach-merkel-auch-hollande-minsk-abkommen-sollte-ukraine-nur-zeit-verschaffen\/\">Fran\u00e7ois Hollande<\/a>\u00a0zu, dass sie mit dem Abkommen keinen dauerhaften Frieden anstrebten, sondern der Ukraine Zeit zur milit\u00e4rischen Aufr\u00fcstung verschaffen wollten. \u00c4hnlich Pr\u00e4sident Selenskij: Er habe <a rel=\"nofollow noopener\" target=\"_blank\" href=\"https:\/\/strategic-culture.su\/news\/2025\/03\/03\/were-minsk-agreements-peace-attempt-or-prelude-war\/\">nie beabsichtigt<\/a>, Minsk\u00a02 umzusetzen.<\/p>\n<p>Inzwischen, das d\u00fcrfte beim IGH in Den Haag noch eine erhebliche Rolle spielen, haben die USA die Bezichtigung &#8220;russischer Angriffskrieg&#8221; selber zur\u00fcckgenommen. Pr\u00e4sident Donald Trump <a rel=\"nofollow noopener\" target=\"_blank\" href=\"https:\/\/www.handelsblatt.com\/meinung\/morningbriefing\/morning-briefing-ihr-haettet-es-nie-anfangen-sollen-trump-beschuldigt-kiew\/100108226.html\">beschuldigte<\/a> nun die ukrainische Regierung:<\/p>\n<blockquote>\n<p><em>&#8220;Ihr h\u00e4ttet ihn (den Krieg) nie beginnen sollen. Ihr h\u00e4ttet einen Deal machen k\u00f6nnen.&#8221;<\/em><\/p>\n<\/blockquote>\n<p>Trumps Berater und Sondergesandter <a rel=\"nofollow noopener\" target=\"_blank\" href=\"https:\/\/strategic-culture.su\/news\/2025\/03\/04\/eating-crow\/\">Steve Witkoff<\/a> b\u00fcndig:<\/p>\n<blockquote>\n<p><em>&#8220;Der Krieg h\u00e4tte nicht stattfinden m\u00fcssen. Er wurde provoziert.&#8221;<\/em><\/p>\n<\/blockquote>\n<p>Endlich l\u00e4sst sich nicht mehr kaschieren, wie b\u00f6sartig menschenverachtend die polit-mediale Mafia der USA, der NATO, der EU und speziell Deutschlands das hunderttausendfache Schlachten und Sterben im Donbass und darum herum herbeif\u00fchrten, mit Waffenlieferungen, logistischer, finanzieller und politisch-diplomatischer Unterst\u00fctzung. Mit welcher Gewissen- und Schamlosigkeit sie sich dabei auch noch als Friedensapostel auff\u00fchrten. Wobei <a rel=\"nofollow noopener\" target=\"_blank\" href=\"https:\/\/uncutnews.ch\/usaid-faelle-aufdeckung-eines-riesigen-netzwerks-von-us-finanzierten-unabhaengigen-medien\/\">US-Schmiergelder<\/a> eine Extra-Rolle spielten.<\/p>\n<p><strong>Der h\u00e4ssliche Amerikaner<\/strong><\/p>\n<p>Dass ausgerechnet ein &#8220;rechtskonservativer&#8221; US-Milliard\u00e4r Trump das wertewestliche L\u00fcgengeb\u00e4ude zum Einsturz brachte und Russland bez\u00fcglich des Ukraine-Krieges rehabilitierte, ist zun\u00e4chst gro\u00dfartig (&#8220;great&#8221;).\u00a0Man kann es aber auch als b\u00f6sen Witz der Weltgeschichte betrachten. Vorbehaltloser Glaube an Trumps Aufrichtigkeit und Zuverl\u00e4ssigkeit ist <a rel=\"nofollow noopener\" target=\"_blank\" href=\"https:\/\/strategic-culture.su\/news\/2025\/03\/05\/something-smelling-really-bad-among-the-peace-brokers-of-ukraine\/\">nicht zu rechtfertigen<\/a>: M\u00f6glich, dass\u00a0er seinen &#8220;Freund&#8221;\u00a0Putin zu bluffen versucht und nur auf den geeigneten Augenblick f\u00fcr einen vorteilhaften Sieger-Deal\u00a0wartet. US-politiktypische Doppelz\u00fcngigkeit ist bereits <a rel=\"nofollow noopener\" target=\"_blank\" href=\"https:\/\/www.gov.uk\/government\/news\/advanced-attack-drones-for-ukraine-in-new-deal-struck-by-uk-government-and-anduril-uk\">belegbar<\/a>.<\/p>\n<p>Trumps und seinesgleichen (die globale, aber US-amerikanisch basierte Milliard\u00e4rs-Clique) Interesse ist ersichtlich: Aneignung des restlichen, noch in den H\u00e4nden der b\u00fcrgerlichen Staaten verbliebenen Reichtums.\u00a0Auch Trump ist in erster Linie Gro\u00dfkapitalist und will entsprechend Profit machen. Dass er\u00a0beispielsweise\u00a0beim Sozialabbau in den USA keine\u00a0Skrupel\u00a0kennt, demonstriert\u00a0er\u00a0derzeit\u00a0mit seinem Kumpel\u00a0und Milliard\u00e4r\u00a0Elon Musk. Bei der Vernichtung Zehntausender Arbeitspl\u00e4tze zeigen sie keinerlei Hemmung.<\/p>\n<p>Zudem kann Trump sich auf seine europ\u00e4ischen Heloten in Berlin, Paris und London verlassen. Die <a rel=\"nofollow noopener\" target=\"_blank\" href=\"https:\/\/www.youtube.com\/live\/pHOJ2ASlu80\">bleiben auf Kriegskurs<\/a> und lassen ihre Untertanen auch die Milliarden zahlen, die der Ami den US-B\u00fcrgern nicht mehr abnehmen will.<\/p>\n<p><strong>L\u00fcgengestank<\/strong><\/p>\n<p>Gleichviel, die Behauptung vom\u00a0&#8220;brutalen v\u00f6lkerrechtswidrigen\u00a0russischen\u00a0Angriffskrieg&#8221; ist aufgeflogen. Aufrichtiger Umgang mit der Kriegshistorie ist allerdings nicht der Stil f\u00fchrender deutscher Politiker\u00a0\u2013 von ihrem journalistischen Gefolge gar nicht erst zu reden. Sie setzen ihre Kriegstreiberei gnadenlos fort. Ihre verbale Giftgas-Flatulenz ist gesellschaftsf\u00e4hig, staatstragend. Ein Naser\u00fcmpfen \u00fcber den Agitprop-Gestank kann immer noch strafrechtlich verfolgt werden.<\/p>\n<p>Erstaunlich ist das insofern, als das Etikett &#8220;Aggressor Russland&#8221; nun auch aus dem Vokabular der\u00a0UN-Ukraine-Resolutionen <a rel=\"nofollow noopener\" target=\"_blank\" href=\"https:\/\/www.un.org\/depts\/german\/gv-notsondert\/ar-es11-8.pdf\">komplett verschwand<\/a>.\u00a0Im M\u00e4rz\u00a02022 hatten ja noch 141 der 193 UN-Mitglieder &#8220;die Aggression der Russischen F\u00f6deration auf die Ukraine <a rel=\"nofollow noopener\" target=\"_blank\" href=\"https:\/\/www.un.org\/depts\/german\/gv-notsondert\/a-es11-1.pdf\">aufs Sch\u00e4rfste missbilligt<\/a>&#8220;.\u00a0Aber in der j\u00fcngsten rechtsverbindlichen <a rel=\"nofollow noopener\" target=\"_blank\" href=\"https:\/\/documents.un.org\/doc\/undoc\/gen\/n25\/050\/30\/pdf\/n2505030.pdf\">Resolution<\/a> des Weltsicherheitsrates findet sich keine\u00a0Verurteilung Russlands\u00a0mehr.<\/p>\n<p>Gefordert\u00a0wird\u00a0allerdings\u00a0nach wie vor die\u00a0unverz\u00fcgliche\u00a0Beendigung aller Kampfhandlungen.\u00a0Es bleibt abzuwarten, wie die anvisierte\u00a0Merz-CDU-SPD-Regierung darauf reagiert. Weitere Waffenlieferungen Deutschlands und der EU, wie derzeit beabsichtigt, w\u00e4ren wohl\u00a0\u2013 wenn man die aktuelle Resolution des Weltsicherheitsrates ber\u00fccksichtigt \u2013 als V\u00f6lkerrechtsbruch zu betrachten.<\/p>\n<p>Von Einsicht und Bereitschaft zur Umkehr der russophoben schwarz-rot-gr\u00fcn-gelben Berliner Fraktionsgemeinschaft ist allerdings keine Rede. Besonders die gr\u00fcnen Noch-Minister, Robert Habeck vorneweg, m\u00fcssten eigentlich in Sack und Asche\u00a0gehen. Erst recht dessen opportune &#8220;Experten&#8221;, die in russenfeindlichem Wahn mit ihren Konstruktionen und Berechnungen die \u00d6ffentlichkeit hereinzulegen halfen.<\/p>\n<p>Laut einer Modellsimulation des Kiel Instituts f\u00fcr Weltwirtschaft (IfW Kiel) und des \u00d6sterreichischen Wirtschaftsforschungsinstituts (WIFO) h\u00e4tte eine Entkoppelung der russischen Volkswirtschaft aus internationalen Handelsbeziehungen zu einem Einbruch des russischen Bruttoinlandproduktes\u00a0um 8,7\u00a0Prozent f\u00fchren m\u00fcssen. Ein Handelskrieg, <a rel=\"nofollow noopener\" target=\"_blank\" href=\"https:\/\/www.ifw-kiel.de\/de\/publikationen\/aktuelles\/russland-hat-in-einem-handelskrieg-langfristig-deutlich-mehr-zu-verlieren-als-usa-und-alliierte\/\">so hie\u00df es<\/a>, werde Russlands Wirtschaft langfristig empfindlich treffen, Deutschland hingegen immer noch ein 0,4-Prozent-Plus bescheren.<\/p>\n<p>Tats\u00e4chlich kam es andersherum: Die russische Wirtschaft <a rel=\"nofollow noopener\" target=\"_blank\" href=\"https:\/\/orf.at\/stories\/3384181\/\">wuchs<\/a> im vorigen Jahr um 4,1\u00a0Prozent.\u00a0Russlands <a rel=\"nofollow noopener\" target=\"_blank\" href=\"https:\/\/de.tradingeconomics.com\/russia\/unemployment-rate\">Arbeitslosenquote<\/a> ist mit 2,3\u00a0Prozent\u00a0historisch niedrig, der <a rel=\"nofollow noopener\" target=\"_blank\" href=\"https:\/\/de.tradingeconomics.com\/russia\/wage-growth\">Lohnzuwachs<\/a> mit 7,3\u00a0Prozent hingegen betr\u00e4chtlich. In Deutschland <a rel=\"nofollow noopener\" target=\"_blank\" href=\"https:\/\/www.destatis.de\/DE\/Presse\/Pressekonferenzen\/2025\/bip2024\/statement-bip.pdf?__blob=publicationFile\">sank<\/a> dagegen 2023 und 2024 die Wirtschaftsleistung um insgesamt 0,5\u00a0Prozent.\u00a0Ekelhafte Beilage: Olaf Scholz, Baerbock und Habeck warfen mehr als <a rel=\"nofollow noopener\" target=\"_blank\" href=\"https:\/\/www.spiegel.de\/wirtschaft\/ukraine-krieg-kostete-deutschland-bislang-mehr-als-200-milliarden-euro-a-84aaa384-66e7-4758-9492-2538b5b5c16f\">200 Milliarden Euro<\/a>\u00a0zum Fenster hinaus zu dem Zweck, den wahnwitzigen Krieg in der Ukraine in Gang zu halten; eine Schlachtpr\u00e4mie f\u00fcr den grausamen Tod Hunderttausender Menschen, Preisgeld f\u00fcr die Verw\u00fcstung eines Landes. Die Verantwortlichen in Berlin haben unterdessen f\u00fcr ihre dreieinhalb Regierungsjahre 4.990\u00a0Euro monatliche Minister-Altersversorgung erworben.<\/p>\n<p>Einigen namhaften Ukrainern scheint derweil ein Licht aufzugehen, was es mit diesem Krieg auf sich hat. Gest\u00fctzt auf eine sinngem\u00e4\u00dfe <a rel=\"nofollow noopener\" target=\"_blank\" href=\"https:\/\/overton-magazin.de\/top-story\/bnd-chef-kahl-ein-fruehes-kriegsende-in-der-ukraine-befaehigt-die-russen-ihre-energie-gegen-europa-einzusetzen\/\">Interview-\u00c4u\u00dferung Bruno Kahls<\/a>, des Chefs des Bundesnachrichtendienstes (BND), f\u00fcr den Westen sei eine Kriegsdauer bis zum Jahr 2030 vorteilhaft, fragten Selenskijs Hauptkonkurrenten Julia Timoschenko, Petro Poroschenko, Vitali Klitschko und Waleri Saluschny:<\/p>\n<blockquote>\n<p><em>&#8220;Hat jemand beschlossen, die Existenz der Ukraine und das Leben Hunderttausender Ukrainer aufs Spiel zu setzen, um Russland im Interesse der Sicherheit in Europa zu &#8216;schw\u00e4chen&#8217;? Ich h\u00e4tte nicht gedacht, dass sie es wagen w\u00fcrden, dies so offiziell und offen zu sagen\u00a0\u2026&#8221;<\/em><\/p>\n<\/blockquote>\n<p><strong>Zugedr\u00f6hnt<\/strong><\/p>\n<p>Selbstverst\u00e4ndlich finden die positiven russischen Daten keinen Niederschlag in den deutschen Hoheitsmedien. Die verk\u00fcnden ihrer unbedarften Kundschaft lieber die M\u00e4r vom b\u00f6sen Machthaber Putin und dr\u00f6hnen die Hirne mit dem Qualm &#8220;russische Bedrohung&#8221; zu. \u00a0Sie <a rel=\"nofollow noopener\" target=\"_blank\" href=\"https:\/\/www.tagesschau.de\/ausland\/amerika\/eklat-weisses-haus-reaktionen-100.html\">hofieren<\/a>\u00a0den gemeingef\u00e4hrlichen Hanswurst in Kiew, erst recht, seit der im Wei\u00dfen Haus von Trump und J.\u00a0D. Vance die hochverdiente und \u00fcberf\u00e4llige <a rel=\"nofollow noopener\" target=\"_blank\" href=\"https:\/\/www.tagesschau.de\/ausland\/amerika\/trump-selenskyj-104.html\">Abreibung<\/a> bekam.<\/p>\n<p>Zum Besseren hat sie leider nicht gef\u00fchrt. Selenskij gab danach nur noch ein paar Stunden lang den dicken Maxe. Dann kroch er zu Kreuze: Er sei bereit, <a rel=\"nofollow noopener\" target=\"_blank\" href=\"https:\/\/blogs.taz.de\/lostineurope\/selenskyj-macht-kotau-vor-trump\/\">schrieb er auf X<\/a>, &#8220;die Dinge wieder in Ordnung zu bringen&#8221; und unter Trumps &#8220;starker F\u00fchrung daran zu arbeiten, den Krieg schnell zu beenden&#8221;.<\/p>\n<p>Was von dem Reuebekenntnis zu halten ist, wird sich zeigen. Einstweilen scheint er seine Spielchen\u00a0bei seinen EU-Kumpanen Ursula von der Leyen, Keir Starmer, Emmanuel Macron, Scholz, Merz,\u00a0Donald Tusk\u00a0und den baltischen\u00a0Zwergstaaten-Xanthippe Kaja Kalas <a rel=\"nofollow noopener\" target=\"_blank\" href=\"https:\/\/www.tagesschau.de\/multimedia\/sendung\/tagesthemen\/video-1441732.html\">fortsetzen\u00a0zu wollen<\/a>.\u00a0Diese \u00fcble Clique ist bereit zur EU-vertragswidrigen Kriegsfinanzierung \u2013 mit einer astronomischen Schuldenaufnahme von fast <a rel=\"nofollow noopener\" target=\"_blank\" href=\"https:\/\/www.tagesschau.de\/ausland\/europa\/eu-milliarden-plan-aufruestung-100.html\">800\u00a0Milliarden Euro<\/a>.\u00a0Unter dem Beifall ihrer genasf\u00fchrten W\u00e4hler. <a rel=\"nofollow noopener\" target=\"_blank\" href=\"https:\/\/www.zitate7.de\/autor\/Charles+de+Montesquieu\/40.html\">Klar<\/a>:<\/p>\n<blockquote>\n<p><em>&#8220;Unbedingter Gehorsam setzt bei den Gehorchenden Unkenntnis voraus.&#8221;<\/em><\/p>\n<\/blockquote>\n<p>Kapiert?<\/p>\n<p><em><strong>Anmerkung der Autoren:<\/strong><\/em><\/p>\n<p><em>Unsere Beitr\u00e4ge stehen zur freien Verf\u00fcgung. Wir schreiben nicht f\u00fcr Honorar, sondern gegen die &#8220;mediale Massenverbl\u00f6dung&#8221; (in memoriam Peter Scholl-Latour). Die Texte werden vom Verein &#8220;St\u00e4ndige Publikumskonferenz \u00f6ffentlich-rechtlicher Medien e.\u00a0V.&#8221; dokumentiert: <a rel=\"nofollow noopener\" target=\"_blank\" href=\"https:\/\/publikumskonferenz.de\/blog\">https:\/\/publikumskonferenz.de\/blog<\/a><\/em><\/p>\n<p><strong>Mehr zum Thema<\/strong> &#8211;\u00a0<a rel=\"nofollow noopener\" target=\"_blank\" href=\"https:\/\/freedert.online\/europa\/237195-ist-orwellsch-us-vize-vance\/\">&#8220;Das ist orwellsch&#8221;: US-Vize Vance \u00fcber Vorgehen deutscher Beh\u00f6rden gegen eigene B\u00fcrger<\/a><\/p>\n<div class=\"EmbedBlock-root EmbedBlock-externalVideo EmbedBlock-rumble\">\n<div class=\"VkEmbed\"><iframe class=\"lazyload\" data-src=\"https:\/\/rumble.com\/embed\/v6o0i5m\" frameborder=\"0\" width=\"853\" height=\"480\" allowfullscreen><\/iframe><\/div>\n<\/div>\n<\/div>\n<p><br \/>\n<br \/><a href=\"https:\/\/de.rt.com\/meinung\/239287-zu-waffen-buerger-der-frieden-greift-an\/\">Source link <\/a><\/p>\n","protected":false},"excerpt":{"rendered":"<p>Deutschlands polit-mediale Mafia kontra Aufkl\u00e4rung und &#8220;den Mut, sich des eigenen Verstandes zu bedienen&#8221; Von Friedhelm Klinkhammer und Volker Br\u00e4utigam Die Tagesschau referiert den &#8220;DeutschlandTrend&#8221;: &#8220;Angesichts der Bedrohungen unserer Freiheit und des Friedens auf unserem Kontinent \u2026 wollen CDU, CSU und SPD Ausnahmen bei der \u2026 Schuldenbremse durchsetzen.\u00a0\u2026 66\u00a0Prozent (finden) eine Erh\u00f6hung der Ausgaben f\u00fcr [&hellip;]<\/p>\n","protected":false},"author":3,"featured_media":80285,"comment_status":"open","ping_status":"open","sticky":false,"template":"","format":"standard","meta":{"_yoast_indexnow_last_ping":["1742020228"],"wp_automatic_camp":["217"],"da94c10daf57a6d785353934c52fbec5":["Zu den Waffen, B\u00fcrger, der Frieden greift an!"],"original_link":["https:\/\/de.rt.com\/meinung\/239287-zu-waffen-buerger-der-frieden-greift-an\/"],"_thumbnail_id":["80285"],"jnews_social_counter_last_update":["1777245426"],"_wptgpro_p2tg_sent2tg":["a:1:{i:23737;s:19:\"2025-03-15 08:32:22\";}"]},"categories":[19,23],"tags":[8956,48,82,614,572,1023],"yoast_head":"<!-- This site is optimized with the Yoast SEO Premium plugin v22.7 (Yoast SEO v22.7) - https:\/\/yoast.com\/wordpress\/plugins\/seo\/ -->\n<title>Zu den Waffen, B\u00fcrger, der Frieden greift an! - just-now.NEWS Deutschland<\/title>\n<meta name=\"robots\" content=\"index, follow, max-snippet:-1, max-image-preview:large, max-video-preview:-1\" \/>\n<link rel=\"canonical\" href=\"https:\/\/now-news.de\/de\/deutschland\/zu-den-waffen-buerger-der-frieden-greift-an\/\" \/>\n<meta property=\"og:locale\" content=\"de_DE\" \/>\n<meta property=\"og:type\" content=\"article\" \/>\n<meta property=\"og:title\" content=\"Zu den Waffen, B\u00fcrger, der Frieden greift an!\" \/>\n<meta property=\"og:description\" content=\"Deutschlands polit-mediale Mafia kontra Aufkl\u00e4rung und &#8220;den Mut, sich des eigenen Verstandes zu bedienen&#8221; Von Friedhelm Klinkhammer und Volker Br\u00e4utigam Die Tagesschau referiert den &#8220;DeutschlandTrend&#8221;: &#8220;Angesichts der Bedrohungen unserer Freiheit und des Friedens auf unserem Kontinent \u2026 wollen CDU, CSU und SPD Ausnahmen bei der \u2026 Schuldenbremse durchsetzen.\u00a0\u2026 66\u00a0Prozent (finden) eine Erh\u00f6hung der Ausgaben f\u00fcr [&hellip;]\" \/>\n<meta property=\"og:url\" content=\"https:\/\/now-news.de\/de\/deutschland\/zu-den-waffen-buerger-der-frieden-greift-an\/\" \/>\n<meta property=\"og:site_name\" content=\"just-now.NEWS Deutschland\" \/>\n<meta property=\"article:publisher\" content=\"https:\/\/www.facebook.com\/wirmachenauf\" \/>\n<meta property=\"article:published_time\" content=\"2025-03-15T06:30:00+00:00\" \/>\n<meta property=\"og:image\" content=\"https:\/\/now-news.de\/de\/wp-content\/uploads\/sites\/3\/2025\/03\/67d090f248fbef53fa345f25.png\" \/>\n<meta name=\"author\" content=\"rtnews\" \/>\n<meta name=\"twitter:card\" content=\"summary_large_image\" \/>\n<meta name=\"twitter:creator\" content=\"@WirMachenAuf_de\" \/>\n<meta name=\"twitter:site\" content=\"@WirMachenAuf_de\" \/>\n<meta name=\"twitter:label1\" content=\"Verfasst von\" \/>\n\t<meta name=\"twitter:data1\" content=\"rtnews\" \/>\n\t<meta name=\"twitter:label2\" content=\"Gesch\u00e4tzte Lesezeit\" \/>\n\t<meta name=\"twitter:data2\" content=\"12\u00a0Minuten\" \/>\n<script type=\"application\/ld+json\" class=\"yoast-schema-graph\">{\"@context\":\"https:\/\/schema.org\",\"@graph\":[{\"@type\":\"Article\",\"@id\":\"https:\/\/now-news.de\/de\/deutschland\/zu-den-waffen-buerger-der-frieden-greift-an\/#article\",\"isPartOf\":{\"@id\":\"https:\/\/now-news.de\/de\/deutschland\/zu-den-waffen-buerger-der-frieden-greift-an\/\"},\"author\":{\"name\":\"rtnews\",\"@id\":\"https:\/\/now-news.de\/de\/#\/schema\/person\/fb534a4e865501d8b3285208df34a9b5\"},\"headline\":\"Zu den Waffen, B\u00fcrger, der Frieden greift an!\",\"datePublished\":\"2025-03-15T06:30:00+00:00\",\"dateModified\":\"2025-03-15T06:30:00+00:00\",\"mainEntityOfPage\":{\"@id\":\"https:\/\/now-news.de\/de\/deutschland\/zu-den-waffen-buerger-der-frieden-greift-an\/\"},\"wordCount\":2436,\"commentCount\":0,\"publisher\":{\"@id\":\"https:\/\/now-news.de\/de\/#organization\"},\"image\":{\"@id\":\"https:\/\/now-news.de\/de\/deutschland\/zu-den-waffen-buerger-der-frieden-greift-an\/#primaryimage\"},\"thumbnailUrl\":\"https:\/\/now-news.de\/de\/wp-content\/uploads\/sites\/3\/2025\/03\/Zu-den-Waffen-Buerger-der-Frieden-greift-an.png\",\"keywords\":[\"b\u00fcrger\",\"den\",\"der\",\"Frieden\",\"greift\",\"Waffen\"],\"articleSection\":[\"Deutschland\",\"Russland\"],\"inLanguage\":\"de\",\"potentialAction\":[{\"@type\":\"CommentAction\",\"name\":\"Comment\",\"target\":[\"https:\/\/now-news.de\/de\/deutschland\/zu-den-waffen-buerger-der-frieden-greift-an\/#respond\"]}]},{\"@type\":\"WebPage\",\"@id\":\"https:\/\/now-news.de\/de\/deutschland\/zu-den-waffen-buerger-der-frieden-greift-an\/\",\"url\":\"https:\/\/now-news.de\/de\/deutschland\/zu-den-waffen-buerger-der-frieden-greift-an\/\",\"name\":\"Zu den Waffen, B\u00fcrger, der Frieden greift an! - just-now.NEWS Deutschland\",\"isPartOf\":{\"@id\":\"https:\/\/now-news.de\/de\/#website\"},\"primaryImageOfPage\":{\"@id\":\"https:\/\/now-news.de\/de\/deutschland\/zu-den-waffen-buerger-der-frieden-greift-an\/#primaryimage\"},\"image\":{\"@id\":\"https:\/\/now-news.de\/de\/deutschland\/zu-den-waffen-buerger-der-frieden-greift-an\/#primaryimage\"},\"thumbnailUrl\":\"https:\/\/now-news.de\/de\/wp-content\/uploads\/sites\/3\/2025\/03\/Zu-den-Waffen-Buerger-der-Frieden-greift-an.png\",\"datePublished\":\"2025-03-15T06:30:00+00:00\",\"dateModified\":\"2025-03-15T06:30:00+00:00\",\"breadcrumb\":{\"@id\":\"https:\/\/now-news.de\/de\/deutschland\/zu-den-waffen-buerger-der-frieden-greift-an\/#breadcrumb\"},\"inLanguage\":\"de\",\"potentialAction\":[{\"@type\":\"ReadAction\",\"target\":[\"https:\/\/now-news.de\/de\/deutschland\/zu-den-waffen-buerger-der-frieden-greift-an\/\"]}]},{\"@type\":\"ImageObject\",\"inLanguage\":\"de\",\"@id\":\"https:\/\/now-news.de\/de\/deutschland\/zu-den-waffen-buerger-der-frieden-greift-an\/#primaryimage\",\"url\":\"https:\/\/now-news.de\/de\/wp-content\/uploads\/sites\/3\/2025\/03\/Zu-den-Waffen-Buerger-der-Frieden-greift-an.png\",\"contentUrl\":\"https:\/\/now-news.de\/de\/wp-content\/uploads\/sites\/3\/2025\/03\/Zu-den-Waffen-Buerger-der-Frieden-greift-an.png\",\"width\":460,\"height\":259,\"caption\":\"Zu den Waffen, B\u00fcrger, der Frieden greift an!\"},{\"@type\":\"BreadcrumbList\",\"@id\":\"https:\/\/now-news.de\/de\/deutschland\/zu-den-waffen-buerger-der-frieden-greift-an\/#breadcrumb\",\"itemListElement\":[{\"@type\":\"ListItem\",\"position\":1,\"name\":\"Home\",\"item\":\"https:\/\/now-news.de\/de\/\"},{\"@type\":\"ListItem\",\"position\":2,\"name\":\"Zu den Waffen, B\u00fcrger, der Frieden greift an!\"}]},{\"@type\":\"WebSite\",\"@id\":\"https:\/\/now-news.de\/de\/#website\",\"url\":\"https:\/\/now-news.de\/de\/\",\"name\":\"just-now.NEWS Deutschland\",\"description\":\"Das Portal f\u00fcr unzensierte Nachrichten aus der Welt\",\"publisher\":{\"@id\":\"https:\/\/now-news.de\/de\/#organization\"},\"potentialAction\":[{\"@type\":\"SearchAction\",\"target\":{\"@type\":\"EntryPoint\",\"urlTemplate\":\"https:\/\/now-news.de\/de\/?s={search_term_string}\"},\"query-input\":\"required name=search_term_string\"}],\"inLanguage\":\"de\"},{\"@type\":\"Organization\",\"@id\":\"https:\/\/now-news.de\/de\/#organization\",\"name\":\"Just Now News\",\"url\":\"https:\/\/now-news.de\/de\/\",\"logo\":{\"@type\":\"ImageObject\",\"inLanguage\":\"de\",\"@id\":\"https:\/\/now-news.de\/de\/#\/schema\/logo\/image\/\",\"url\":\"http:\/\/just-now.news\/de\/wp-content\/uploads\/sites\/3\/2022\/04\/logo500x500.jpg\",\"contentUrl\":\"http:\/\/just-now.news\/de\/wp-content\/uploads\/sites\/3\/2022\/04\/logo500x500.jpg\",\"width\":500,\"height\":500,\"caption\":\"Just Now News\"},\"image\":{\"@id\":\"https:\/\/now-news.de\/de\/#\/schema\/logo\/image\/\"},\"sameAs\":[\"https:\/\/www.facebook.com\/wirmachenauf\",\"https:\/\/x.com\/WirMachenAuf_de\"]},{\"@type\":\"Person\",\"@id\":\"https:\/\/now-news.de\/de\/#\/schema\/person\/fb534a4e865501d8b3285208df34a9b5\",\"name\":\"rtnews\",\"image\":{\"@type\":\"ImageObject\",\"inLanguage\":\"de\",\"@id\":\"https:\/\/now-news.de\/de\/#\/schema\/person\/image\/\",\"url\":\"https:\/\/secure.gravatar.com\/avatar\/82aafea7d8127119dd649515f56e2117?s=96&d=mm&r=g\",\"contentUrl\":\"https:\/\/secure.gravatar.com\/avatar\/82aafea7d8127119dd649515f56e2117?s=96&d=mm&r=g\",\"caption\":\"rtnews\"},\"url\":\"https:\/\/now-news.de\/de\/author\/rnews\/\"}]}<\/script>\n<!-- \/ Yoast SEO Premium plugin. -->","yoast_head_json":{"title":"Zu den Waffen, B\u00fcrger, der Frieden greift an! - just-now.NEWS Deutschland","robots":{"index":"index","follow":"follow","max-snippet":"max-snippet:-1","max-image-preview":"max-image-preview:large","max-video-preview":"max-video-preview:-1"},"canonical":"https:\/\/now-news.de\/de\/deutschland\/zu-den-waffen-buerger-der-frieden-greift-an\/","og_locale":"de_DE","og_type":"article","og_title":"Zu den Waffen, B\u00fcrger, der Frieden greift an!","og_description":"Deutschlands polit-mediale Mafia kontra Aufkl\u00e4rung und &#8220;den Mut, sich des eigenen Verstandes zu bedienen&#8221; Von Friedhelm Klinkhammer und Volker Br\u00e4utigam Die Tagesschau referiert den &#8220;DeutschlandTrend&#8221;: &#8220;Angesichts der Bedrohungen unserer Freiheit und des Friedens auf unserem Kontinent \u2026 wollen CDU, CSU und SPD Ausnahmen bei der \u2026 Schuldenbremse durchsetzen.\u00a0\u2026 66\u00a0Prozent (finden) eine Erh\u00f6hung der Ausgaben f\u00fcr [&hellip;]","og_url":"https:\/\/now-news.de\/de\/deutschland\/zu-den-waffen-buerger-der-frieden-greift-an\/","og_site_name":"just-now.NEWS Deutschland","article_publisher":"https:\/\/www.facebook.com\/wirmachenauf","article_published_time":"2025-03-15T06:30:00+00:00","og_image":[{"url":"https:\/\/now-news.de\/de\/wp-content\/uploads\/sites\/3\/2025\/03\/67d090f248fbef53fa345f25.png"}],"author":"rtnews","twitter_card":"summary_large_image","twitter_creator":"@WirMachenAuf_de","twitter_site":"@WirMachenAuf_de","twitter_misc":{"Verfasst von":"rtnews","Gesch\u00e4tzte Lesezeit":"12\u00a0Minuten"},"schema":{"@context":"https:\/\/schema.org","@graph":[{"@type":"Article","@id":"https:\/\/now-news.de\/de\/deutschland\/zu-den-waffen-buerger-der-frieden-greift-an\/#article","isPartOf":{"@id":"https:\/\/now-news.de\/de\/deutschland\/zu-den-waffen-buerger-der-frieden-greift-an\/"},"author":{"name":"rtnews","@id":"https:\/\/now-news.de\/de\/#\/schema\/person\/fb534a4e865501d8b3285208df34a9b5"},"headline":"Zu den Waffen, B\u00fcrger, der Frieden greift an!","datePublished":"2025-03-15T06:30:00+00:00","dateModified":"2025-03-15T06:30:00+00:00","mainEntityOfPage":{"@id":"https:\/\/now-news.de\/de\/deutschland\/zu-den-waffen-buerger-der-frieden-greift-an\/"},"wordCount":2436,"commentCount":0,"publisher":{"@id":"https:\/\/now-news.de\/de\/#organization"},"image":{"@id":"https:\/\/now-news.de\/de\/deutschland\/zu-den-waffen-buerger-der-frieden-greift-an\/#primaryimage"},"thumbnailUrl":"https:\/\/now-news.de\/de\/wp-content\/uploads\/sites\/3\/2025\/03\/Zu-den-Waffen-Buerger-der-Frieden-greift-an.png","keywords":["b\u00fcrger","den","der","Frieden","greift","Waffen"],"articleSection":["Deutschland","Russland"],"inLanguage":"de","potentialAction":[{"@type":"CommentAction","name":"Comment","target":["https:\/\/now-news.de\/de\/deutschland\/zu-den-waffen-buerger-der-frieden-greift-an\/#respond"]}]},{"@type":"WebPage","@id":"https:\/\/now-news.de\/de\/deutschland\/zu-den-waffen-buerger-der-frieden-greift-an\/","url":"https:\/\/now-news.de\/de\/deutschland\/zu-den-waffen-buerger-der-frieden-greift-an\/","name":"Zu den Waffen, B\u00fcrger, der Frieden greift an! - just-now.NEWS Deutschland","isPartOf":{"@id":"https:\/\/now-news.de\/de\/#website"},"primaryImageOfPage":{"@id":"https:\/\/now-news.de\/de\/deutschland\/zu-den-waffen-buerger-der-frieden-greift-an\/#primaryimage"},"image":{"@id":"https:\/\/now-news.de\/de\/deutschland\/zu-den-waffen-buerger-der-frieden-greift-an\/#primaryimage"},"thumbnailUrl":"https:\/\/now-news.de\/de\/wp-content\/uploads\/sites\/3\/2025\/03\/Zu-den-Waffen-Buerger-der-Frieden-greift-an.png","datePublished":"2025-03-15T06:30:00+00:00","dateModified":"2025-03-15T06:30:00+00:00","breadcrumb":{"@id":"https:\/\/now-news.de\/de\/deutschland\/zu-den-waffen-buerger-der-frieden-greift-an\/#breadcrumb"},"inLanguage":"de","potentialAction":[{"@type":"ReadAction","target":["https:\/\/now-news.de\/de\/deutschland\/zu-den-waffen-buerger-der-frieden-greift-an\/"]}]},{"@type":"ImageObject","inLanguage":"de","@id":"https:\/\/now-news.de\/de\/deutschland\/zu-den-waffen-buerger-der-frieden-greift-an\/#primaryimage","url":"https:\/\/now-news.de\/de\/wp-content\/uploads\/sites\/3\/2025\/03\/Zu-den-Waffen-Buerger-der-Frieden-greift-an.png","contentUrl":"https:\/\/now-news.de\/de\/wp-content\/uploads\/sites\/3\/2025\/03\/Zu-den-Waffen-Buerger-der-Frieden-greift-an.png","width":460,"height":259,"caption":"Zu den Waffen, B\u00fcrger, der Frieden greift an!"},{"@type":"BreadcrumbList","@id":"https:\/\/now-news.de\/de\/deutschland\/zu-den-waffen-buerger-der-frieden-greift-an\/#breadcrumb","itemListElement":[{"@type":"ListItem","position":1,"name":"Home","item":"https:\/\/now-news.de\/de\/"},{"@type":"ListItem","position":2,"name":"Zu den Waffen, B\u00fcrger, der Frieden greift an!"}]},{"@type":"WebSite","@id":"https:\/\/now-news.de\/de\/#website","url":"https:\/\/now-news.de\/de\/","name":"just-now.NEWS Deutschland","description":"Das Portal f\u00fcr unzensierte Nachrichten aus der Welt","publisher":{"@id":"https:\/\/now-news.de\/de\/#organization"},"potentialAction":[{"@type":"SearchAction","target":{"@type":"EntryPoint","urlTemplate":"https:\/\/now-news.de\/de\/?s={search_term_string}"},"query-input":"required name=search_term_string"}],"inLanguage":"de"},{"@type":"Organization","@id":"https:\/\/now-news.de\/de\/#organization","name":"Just Now News","url":"https:\/\/now-news.de\/de\/","logo":{"@type":"ImageObject","inLanguage":"de","@id":"https:\/\/now-news.de\/de\/#\/schema\/logo\/image\/","url":"http:\/\/just-now.news\/de\/wp-content\/uploads\/sites\/3\/2022\/04\/logo500x500.jpg","contentUrl":"http:\/\/just-now.news\/de\/wp-content\/uploads\/sites\/3\/2022\/04\/logo500x500.jpg","width":500,"height":500,"caption":"Just Now News"},"image":{"@id":"https:\/\/now-news.de\/de\/#\/schema\/logo\/image\/"},"sameAs":["https:\/\/www.facebook.com\/wirmachenauf","https:\/\/x.com\/WirMachenAuf_de"]},{"@type":"Person","@id":"https:\/\/now-news.de\/de\/#\/schema\/person\/fb534a4e865501d8b3285208df34a9b5","name":"rtnews","image":{"@type":"ImageObject","inLanguage":"de","@id":"https:\/\/now-news.de\/de\/#\/schema\/person\/image\/","url":"https:\/\/secure.gravatar.com\/avatar\/82aafea7d8127119dd649515f56e2117?s=96&d=mm&r=g","contentUrl":"https:\/\/secure.gravatar.com\/avatar\/82aafea7d8127119dd649515f56e2117?s=96&d=mm&r=g","caption":"rtnews"},"url":"https:\/\/now-news.de\/de\/author\/rnews\/"}]}},"_links":{"self":[{"href":"https:\/\/now-news.de\/de\/wp-json\/wp\/v2\/posts\/80284"}],"collection":[{"href":"https:\/\/now-news.de\/de\/wp-json\/wp\/v2\/posts"}],"about":[{"href":"https:\/\/now-news.de\/de\/wp-json\/wp\/v2\/types\/post"}],"author":[{"embeddable":true,"href":"https:\/\/now-news.de\/de\/wp-json\/wp\/v2\/users\/3"}],"replies":[{"embeddable":true,"href":"https:\/\/now-news.de\/de\/wp-json\/wp\/v2\/comments?post=80284"}],"version-history":[{"count":0,"href":"https:\/\/now-news.de\/de\/wp-json\/wp\/v2\/posts\/80284\/revisions"}],"wp:featuredmedia":[{"embeddable":true,"href":"https:\/\/now-news.de\/de\/wp-json\/wp\/v2\/media\/80285"}],"wp:attachment":[{"href":"https:\/\/now-news.de\/de\/wp-json\/wp\/v2\/media?parent=80284"}],"wp:term":[{"taxonomy":"category","embeddable":true,"href":"https:\/\/now-news.de\/de\/wp-json\/wp\/v2\/categories?post=80284"},{"taxonomy":"post_tag","embeddable":true,"href":"https:\/\/now-news.de\/de\/wp-json\/wp\/v2\/tags?post=80284"}],"curies":[{"name":"wp","href":"https:\/\/api.w.org\/{rel}","templated":true}]}}