{"id":80270,"date":"2025-03-14T20:17:45","date_gmt":"2025-03-14T18:17:45","guid":{"rendered":"https:\/\/now-news.de\/de\/deutschland\/geplante-strompreisentlastung-teurer-als-geplant-und-nicht-effektiv\/"},"modified":"2025-03-14T20:17:45","modified_gmt":"2025-03-14T18:17:45","slug":"geplante-strompreisentlastung-teurer-als-geplant-und-nicht-effektiv","status":"publish","type":"post","link":"https:\/\/now-news.de\/de\/deutschland\/geplante-strompreisentlastung-teurer-als-geplant-und-nicht-effektiv\/","title":{"rendered":"Geplante Strompreisentlastung \u2013 teurer als geplant und nicht effektiv"},"content":{"rendered":"<p><img decoding=\"async\" src=\"https:\/\/now-news.de\/de\/wp-content\/uploads\/sites\/3\/2025\/03\/67d42cd1b480cc27aa23ede2.jpg\" \/><\/p>\n<div class=\"Text-root Text-type_1 \">\n                In den Sondierungsgespr\u00e4chen haben sich die k\u00fcnftigen Koalition\u00e4re auf eine Senkung des Strompreises um f\u00fcnf Cent geeinigt. Ein Gutachten kommt nun zu dem Schluss, dass die Kosten daf\u00fcr h\u00f6her ausfallen als geplant. Zudem ist durch die Ma\u00dfnahmen eine einheitliche Senkung nicht sichergestellt.\n            <\/div>\n<p><\/p>\n<div class=\"Text-root Text-type_5 ArticleView-text ViewText-root \">\n<p>Der Strompreis ist in den Koalitionsverhandlungen zwischen CDU und SPD ein zentrales Thema. Aufgrund der Russlandsanktionen sind die Energiepreise in Deutschland deutlich angestiegen. Sie belasten sowohl die privaten Haushalte als auch die Industrie. Daher haben CDU\/CSU und SPD in ihren Sondierungsgespr\u00e4chen verabredet, den Strompreis zu senken. Ziel war eine Entlastung um mindestens f\u00fcnf Cent pro Kilowattstunde. Dazu sollten die Stromsteuer und die \u00dcbertragungsnetzentgelte reduziert werden.<\/p>\n<p>Dem <em>Handelsblatt<\/em> liegt ein Gutachten vor, das zu dem Ergebnis kommt, dass die Kosten f\u00fcr die Entlastung deutlich h\u00f6her ausfallen als urspr\u00fcnglich geplant. Zudem sollen die privaten Verbraucher von der Reduktion der \u00dcbertragungsentgelte kaum profitieren.<\/p>\n<p>Insgesamt belaufen sich die Kosten f\u00fcr den Bund auf elf Milliarden. Von der Senkung der Entgelte f\u00fcr die Netz\u00fcbertragung w\u00fcrden laut Gutachten nur gro\u00dfe Unternehmen profitieren, da nur sie an die oberste Ebene des Netzes angeschlossen sind. Privatkunden sind aber nicht an die \u00dcberlandleitungen angeschlossen, sondern an Verteilungsnetze mehrere Ebenen tiefer. Auf sie wirkt sich die Reduktion der Entgelte f\u00fcr die \u00dcbertragungsnetze nicht aus.<\/p>\n<p>Eine durchgehende Senkung um f\u00fcnf Cent f\u00fcr alle Stromkunden ist daher nicht zu erreichen, sagte daher Kai Lobo, Gesch\u00e4ftsf\u00fchrer des Verbands kommunaler Unternehmen\u00a0(VKU), in dem sich die Stadtwerke zusammengeschlossen haben.<\/p>\n<p>Die Strompreise k\u00f6nnten durch die Aufgabe der Sanktionen\u00a0gesenkt werden. Das jedoch ist bei den Koalitionsverhandlungen kein Thema. Die Kilowattstunde kostet in Moskau derzeit rund sieben Rubel. Das entspricht nach aktuellem Kurs rund acht Cent.<\/p>\n<p><strong>Mehr zum Thema<\/strong>\u00a0\u2013 <a rel=\"nofollow noopener\" target=\"_blank\" href=\"https:\/\/freedert.online\/inland\/239393-stromerzeugung-in-deutschland-um-fast\/\">Stromerzeugung in Deutschland: um fast ein Viertel gefallen<\/a><\/p>\n<div class=\"EmbedBlock-root EmbedBlock-externalVideo EmbedBlock-rumble\">\n<div class=\"VkEmbed\"><iframe class=\"lazyload\" data-src=\"https:\/\/rumble.com\/embed\/v6oer0e\" frameborder=\"0\" width=\"853\" height=\"480\" allowfullscreen><\/iframe><\/div>\n<\/div>\n<\/div>\n<p><br \/>\n<br \/><a href=\"https:\/\/de.rt.com\/inland\/239584-geplante-strompreisentlastung-teurer-als-geplant-und-nicht-effektiv\/\">Source link <\/a><\/p>\n","protected":false},"excerpt":{"rendered":"<p>In den Sondierungsgespr\u00e4chen haben sich die k\u00fcnftigen Koalition\u00e4re auf eine Senkung des Strompreises um f\u00fcnf Cent geeinigt. Ein Gutachten kommt nun zu dem Schluss, dass die Kosten daf\u00fcr h\u00f6her ausfallen als geplant. Zudem ist durch die Ma\u00dfnahmen eine einheitliche Senkung nicht sichergestellt. Der Strompreis ist in den Koalitionsverhandlungen zwischen CDU und SPD ein zentrales Thema. [&hellip;]<\/p>\n","protected":false},"author":3,"featured_media":80271,"comment_status":"open","ping_status":"open","sticky":false,"template":"","format":"standard","meta":{"_yoast_indexnow_last_ping":["1741977628"],"wp_automatic_camp":["217"],"af37bc1bdfa33b0b58a6a6d7baf84b6a":["Geplante Strompreisentlastung \u2013 teurer als geplant und nicht effektiv"],"original_link":["https:\/\/de.rt.com\/inland\/239584-geplante-strompreisentlastung-teurer-als-geplant-und-nicht-effektiv\/"],"_thumbnail_id":["80271"],"jnews_social_counter_last_update":["1777386458"],"_wptgpro_p2tg_sent2tg":["a:1:{i:23737;s:19:\"2025-03-14 20:41:36\";}"]},"categories":[19,23],"tags":[273,11863,1312,10358,800,63451,28202,140],"yoast_head":"<!-- This site is optimized with the Yoast SEO Premium plugin v22.7 (Yoast SEO v22.7) - https:\/\/yoast.com\/wordpress\/plugins\/seo\/ -->\n<title>Geplante Strompreisentlastung \u2013 teurer als geplant und nicht effektiv - just-now.NEWS Deutschland<\/title>\n<meta name=\"robots\" content=\"index, follow, max-snippet:-1, max-image-preview:large, max-video-preview:-1\" \/>\n<link rel=\"canonical\" href=\"https:\/\/now-news.de\/de\/deutschland\/geplante-strompreisentlastung-teurer-als-geplant-und-nicht-effektiv\/\" \/>\n<meta property=\"og:locale\" content=\"de_DE\" \/>\n<meta property=\"og:type\" content=\"article\" \/>\n<meta property=\"og:title\" content=\"Geplante Strompreisentlastung \u2013 teurer als geplant und nicht effektiv\" \/>\n<meta property=\"og:description\" content=\"In den Sondierungsgespr\u00e4chen haben sich die k\u00fcnftigen Koalition\u00e4re auf eine Senkung des Strompreises um f\u00fcnf Cent geeinigt. Ein Gutachten kommt nun zu dem Schluss, dass die Kosten daf\u00fcr h\u00f6her ausfallen als geplant. Zudem ist durch die Ma\u00dfnahmen eine einheitliche Senkung nicht sichergestellt. Der Strompreis ist in den Koalitionsverhandlungen zwischen CDU und SPD ein zentrales Thema. [&hellip;]\" \/>\n<meta property=\"og:url\" content=\"https:\/\/now-news.de\/de\/deutschland\/geplante-strompreisentlastung-teurer-als-geplant-und-nicht-effektiv\/\" \/>\n<meta property=\"og:site_name\" content=\"just-now.NEWS Deutschland\" \/>\n<meta property=\"article:publisher\" content=\"https:\/\/www.facebook.com\/wirmachenauf\" \/>\n<meta property=\"article:published_time\" content=\"2025-03-14T18:17:45+00:00\" \/>\n<meta property=\"og:image\" content=\"https:\/\/now-news.de\/de\/wp-content\/uploads\/sites\/3\/2025\/03\/67d42cd1b480cc27aa23ede2.jpg\" \/>\n<meta name=\"author\" content=\"rtnews\" \/>\n<meta name=\"twitter:card\" content=\"summary_large_image\" \/>\n<meta name=\"twitter:creator\" content=\"@WirMachenAuf_de\" \/>\n<meta name=\"twitter:site\" content=\"@WirMachenAuf_de\" \/>\n<meta name=\"twitter:label1\" content=\"Verfasst von\" \/>\n\t<meta name=\"twitter:data1\" content=\"rtnews\" \/>\n\t<meta name=\"twitter:label2\" content=\"Gesch\u00e4tzte Lesezeit\" \/>\n\t<meta name=\"twitter:data2\" content=\"2\u00a0Minuten\" \/>\n<script type=\"application\/ld+json\" class=\"yoast-schema-graph\">{\"@context\":\"https:\/\/schema.org\",\"@graph\":[{\"@type\":\"Article\",\"@id\":\"https:\/\/now-news.de\/de\/deutschland\/geplante-strompreisentlastung-teurer-als-geplant-und-nicht-effektiv\/#article\",\"isPartOf\":{\"@id\":\"https:\/\/now-news.de\/de\/deutschland\/geplante-strompreisentlastung-teurer-als-geplant-und-nicht-effektiv\/\"},\"author\":{\"name\":\"rtnews\",\"@id\":\"https:\/\/now-news.de\/de\/#\/schema\/person\/fb534a4e865501d8b3285208df34a9b5\"},\"headline\":\"Geplante Strompreisentlastung \u2013 teurer als geplant und nicht effektiv\",\"datePublished\":\"2025-03-14T18:17:45+00:00\",\"dateModified\":\"2025-03-14T18:17:45+00:00\",\"mainEntityOfPage\":{\"@id\":\"https:\/\/now-news.de\/de\/deutschland\/geplante-strompreisentlastung-teurer-als-geplant-und-nicht-effektiv\/\"},\"wordCount\":318,\"commentCount\":0,\"publisher\":{\"@id\":\"https:\/\/now-news.de\/de\/#organization\"},\"image\":{\"@id\":\"https:\/\/now-news.de\/de\/deutschland\/geplante-strompreisentlastung-teurer-als-geplant-und-nicht-effektiv\/#primaryimage\"},\"thumbnailUrl\":\"https:\/\/now-news.de\/de\/wp-content\/uploads\/sites\/3\/2025\/03\/Geplante-Strompreisentlastung-\u2013-teurer-als-geplant-und-nicht-effektiv.jpg\",\"keywords\":[\"als\",\"effektiv\",\"geplant\",\"geplante\",\"nicht\",\"Strompreisentlastung\",\"Teurer\",\"und\"],\"articleSection\":[\"Deutschland\",\"Russland\"],\"inLanguage\":\"de\",\"potentialAction\":[{\"@type\":\"CommentAction\",\"name\":\"Comment\",\"target\":[\"https:\/\/now-news.de\/de\/deutschland\/geplante-strompreisentlastung-teurer-als-geplant-und-nicht-effektiv\/#respond\"]}]},{\"@type\":\"WebPage\",\"@id\":\"https:\/\/now-news.de\/de\/deutschland\/geplante-strompreisentlastung-teurer-als-geplant-und-nicht-effektiv\/\",\"url\":\"https:\/\/now-news.de\/de\/deutschland\/geplante-strompreisentlastung-teurer-als-geplant-und-nicht-effektiv\/\",\"name\":\"Geplante Strompreisentlastung \u2013 teurer als geplant und nicht effektiv - just-now.NEWS Deutschland\",\"isPartOf\":{\"@id\":\"https:\/\/now-news.de\/de\/#website\"},\"primaryImageOfPage\":{\"@id\":\"https:\/\/now-news.de\/de\/deutschland\/geplante-strompreisentlastung-teurer-als-geplant-und-nicht-effektiv\/#primaryimage\"},\"image\":{\"@id\":\"https:\/\/now-news.de\/de\/deutschland\/geplante-strompreisentlastung-teurer-als-geplant-und-nicht-effektiv\/#primaryimage\"},\"thumbnailUrl\":\"https:\/\/now-news.de\/de\/wp-content\/uploads\/sites\/3\/2025\/03\/Geplante-Strompreisentlastung-\u2013-teurer-als-geplant-und-nicht-effektiv.jpg\",\"datePublished\":\"2025-03-14T18:17:45+00:00\",\"dateModified\":\"2025-03-14T18:17:45+00:00\",\"breadcrumb\":{\"@id\":\"https:\/\/now-news.de\/de\/deutschland\/geplante-strompreisentlastung-teurer-als-geplant-und-nicht-effektiv\/#breadcrumb\"},\"inLanguage\":\"de\",\"potentialAction\":[{\"@type\":\"ReadAction\",\"target\":[\"https:\/\/now-news.de\/de\/deutschland\/geplante-strompreisentlastung-teurer-als-geplant-und-nicht-effektiv\/\"]}]},{\"@type\":\"ImageObject\",\"inLanguage\":\"de\",\"@id\":\"https:\/\/now-news.de\/de\/deutschland\/geplante-strompreisentlastung-teurer-als-geplant-und-nicht-effektiv\/#primaryimage\",\"url\":\"https:\/\/now-news.de\/de\/wp-content\/uploads\/sites\/3\/2025\/03\/Geplante-Strompreisentlastung-\u2013-teurer-als-geplant-und-nicht-effektiv.jpg\",\"contentUrl\":\"https:\/\/now-news.de\/de\/wp-content\/uploads\/sites\/3\/2025\/03\/Geplante-Strompreisentlastung-\u2013-teurer-als-geplant-und-nicht-effektiv.jpg\",\"width\":460,\"height\":259,\"caption\":\"Geplante Strompreisentlastung \u2013 teurer als geplant und nicht effektiv\"},{\"@type\":\"BreadcrumbList\",\"@id\":\"https:\/\/now-news.de\/de\/deutschland\/geplante-strompreisentlastung-teurer-als-geplant-und-nicht-effektiv\/#breadcrumb\",\"itemListElement\":[{\"@type\":\"ListItem\",\"position\":1,\"name\":\"Home\",\"item\":\"https:\/\/now-news.de\/de\/\"},{\"@type\":\"ListItem\",\"position\":2,\"name\":\"Geplante Strompreisentlastung \u2013 teurer als geplant und nicht effektiv\"}]},{\"@type\":\"WebSite\",\"@id\":\"https:\/\/now-news.de\/de\/#website\",\"url\":\"https:\/\/now-news.de\/de\/\",\"name\":\"just-now.NEWS Deutschland\",\"description\":\"Das Portal f\u00fcr unzensierte Nachrichten aus der Welt\",\"publisher\":{\"@id\":\"https:\/\/now-news.de\/de\/#organization\"},\"potentialAction\":[{\"@type\":\"SearchAction\",\"target\":{\"@type\":\"EntryPoint\",\"urlTemplate\":\"https:\/\/now-news.de\/de\/?s={search_term_string}\"},\"query-input\":\"required name=search_term_string\"}],\"inLanguage\":\"de\"},{\"@type\":\"Organization\",\"@id\":\"https:\/\/now-news.de\/de\/#organization\",\"name\":\"Just Now News\",\"url\":\"https:\/\/now-news.de\/de\/\",\"logo\":{\"@type\":\"ImageObject\",\"inLanguage\":\"de\",\"@id\":\"https:\/\/now-news.de\/de\/#\/schema\/logo\/image\/\",\"url\":\"http:\/\/just-now.news\/de\/wp-content\/uploads\/sites\/3\/2022\/04\/logo500x500.jpg\",\"contentUrl\":\"http:\/\/just-now.news\/de\/wp-content\/uploads\/sites\/3\/2022\/04\/logo500x500.jpg\",\"width\":500,\"height\":500,\"caption\":\"Just Now News\"},\"image\":{\"@id\":\"https:\/\/now-news.de\/de\/#\/schema\/logo\/image\/\"},\"sameAs\":[\"https:\/\/www.facebook.com\/wirmachenauf\",\"https:\/\/x.com\/WirMachenAuf_de\"]},{\"@type\":\"Person\",\"@id\":\"https:\/\/now-news.de\/de\/#\/schema\/person\/fb534a4e865501d8b3285208df34a9b5\",\"name\":\"rtnews\",\"image\":{\"@type\":\"ImageObject\",\"inLanguage\":\"de\",\"@id\":\"https:\/\/now-news.de\/de\/#\/schema\/person\/image\/\",\"url\":\"https:\/\/secure.gravatar.com\/avatar\/82aafea7d8127119dd649515f56e2117?s=96&d=mm&r=g\",\"contentUrl\":\"https:\/\/secure.gravatar.com\/avatar\/82aafea7d8127119dd649515f56e2117?s=96&d=mm&r=g\",\"caption\":\"rtnews\"},\"url\":\"https:\/\/now-news.de\/de\/author\/rnews\/\"}]}<\/script>\n<!-- \/ Yoast SEO Premium plugin. -->","yoast_head_json":{"title":"Geplante Strompreisentlastung \u2013 teurer als geplant und nicht effektiv - just-now.NEWS Deutschland","robots":{"index":"index","follow":"follow","max-snippet":"max-snippet:-1","max-image-preview":"max-image-preview:large","max-video-preview":"max-video-preview:-1"},"canonical":"https:\/\/now-news.de\/de\/deutschland\/geplante-strompreisentlastung-teurer-als-geplant-und-nicht-effektiv\/","og_locale":"de_DE","og_type":"article","og_title":"Geplante Strompreisentlastung \u2013 teurer als geplant und nicht effektiv","og_description":"In den Sondierungsgespr\u00e4chen haben sich die k\u00fcnftigen Koalition\u00e4re auf eine Senkung des Strompreises um f\u00fcnf Cent geeinigt. Ein Gutachten kommt nun zu dem Schluss, dass die Kosten daf\u00fcr h\u00f6her ausfallen als geplant. Zudem ist durch die Ma\u00dfnahmen eine einheitliche Senkung nicht sichergestellt. Der Strompreis ist in den Koalitionsverhandlungen zwischen CDU und SPD ein zentrales Thema. [&hellip;]","og_url":"https:\/\/now-news.de\/de\/deutschland\/geplante-strompreisentlastung-teurer-als-geplant-und-nicht-effektiv\/","og_site_name":"just-now.NEWS Deutschland","article_publisher":"https:\/\/www.facebook.com\/wirmachenauf","article_published_time":"2025-03-14T18:17:45+00:00","og_image":[{"url":"https:\/\/now-news.de\/de\/wp-content\/uploads\/sites\/3\/2025\/03\/67d42cd1b480cc27aa23ede2.jpg"}],"author":"rtnews","twitter_card":"summary_large_image","twitter_creator":"@WirMachenAuf_de","twitter_site":"@WirMachenAuf_de","twitter_misc":{"Verfasst von":"rtnews","Gesch\u00e4tzte Lesezeit":"2\u00a0Minuten"},"schema":{"@context":"https:\/\/schema.org","@graph":[{"@type":"Article","@id":"https:\/\/now-news.de\/de\/deutschland\/geplante-strompreisentlastung-teurer-als-geplant-und-nicht-effektiv\/#article","isPartOf":{"@id":"https:\/\/now-news.de\/de\/deutschland\/geplante-strompreisentlastung-teurer-als-geplant-und-nicht-effektiv\/"},"author":{"name":"rtnews","@id":"https:\/\/now-news.de\/de\/#\/schema\/person\/fb534a4e865501d8b3285208df34a9b5"},"headline":"Geplante Strompreisentlastung \u2013 teurer als geplant und nicht effektiv","datePublished":"2025-03-14T18:17:45+00:00","dateModified":"2025-03-14T18:17:45+00:00","mainEntityOfPage":{"@id":"https:\/\/now-news.de\/de\/deutschland\/geplante-strompreisentlastung-teurer-als-geplant-und-nicht-effektiv\/"},"wordCount":318,"commentCount":0,"publisher":{"@id":"https:\/\/now-news.de\/de\/#organization"},"image":{"@id":"https:\/\/now-news.de\/de\/deutschland\/geplante-strompreisentlastung-teurer-als-geplant-und-nicht-effektiv\/#primaryimage"},"thumbnailUrl":"https:\/\/now-news.de\/de\/wp-content\/uploads\/sites\/3\/2025\/03\/Geplante-Strompreisentlastung-\u2013-teurer-als-geplant-und-nicht-effektiv.jpg","keywords":["als","effektiv","geplant","geplante","nicht","Strompreisentlastung","Teurer","und"],"articleSection":["Deutschland","Russland"],"inLanguage":"de","potentialAction":[{"@type":"CommentAction","name":"Comment","target":["https:\/\/now-news.de\/de\/deutschland\/geplante-strompreisentlastung-teurer-als-geplant-und-nicht-effektiv\/#respond"]}]},{"@type":"WebPage","@id":"https:\/\/now-news.de\/de\/deutschland\/geplante-strompreisentlastung-teurer-als-geplant-und-nicht-effektiv\/","url":"https:\/\/now-news.de\/de\/deutschland\/geplante-strompreisentlastung-teurer-als-geplant-und-nicht-effektiv\/","name":"Geplante Strompreisentlastung \u2013 teurer als geplant und nicht effektiv - just-now.NEWS Deutschland","isPartOf":{"@id":"https:\/\/now-news.de\/de\/#website"},"primaryImageOfPage":{"@id":"https:\/\/now-news.de\/de\/deutschland\/geplante-strompreisentlastung-teurer-als-geplant-und-nicht-effektiv\/#primaryimage"},"image":{"@id":"https:\/\/now-news.de\/de\/deutschland\/geplante-strompreisentlastung-teurer-als-geplant-und-nicht-effektiv\/#primaryimage"},"thumbnailUrl":"https:\/\/now-news.de\/de\/wp-content\/uploads\/sites\/3\/2025\/03\/Geplante-Strompreisentlastung-\u2013-teurer-als-geplant-und-nicht-effektiv.jpg","datePublished":"2025-03-14T18:17:45+00:00","dateModified":"2025-03-14T18:17:45+00:00","breadcrumb":{"@id":"https:\/\/now-news.de\/de\/deutschland\/geplante-strompreisentlastung-teurer-als-geplant-und-nicht-effektiv\/#breadcrumb"},"inLanguage":"de","potentialAction":[{"@type":"ReadAction","target":["https:\/\/now-news.de\/de\/deutschland\/geplante-strompreisentlastung-teurer-als-geplant-und-nicht-effektiv\/"]}]},{"@type":"ImageObject","inLanguage":"de","@id":"https:\/\/now-news.de\/de\/deutschland\/geplante-strompreisentlastung-teurer-als-geplant-und-nicht-effektiv\/#primaryimage","url":"https:\/\/now-news.de\/de\/wp-content\/uploads\/sites\/3\/2025\/03\/Geplante-Strompreisentlastung-\u2013-teurer-als-geplant-und-nicht-effektiv.jpg","contentUrl":"https:\/\/now-news.de\/de\/wp-content\/uploads\/sites\/3\/2025\/03\/Geplante-Strompreisentlastung-\u2013-teurer-als-geplant-und-nicht-effektiv.jpg","width":460,"height":259,"caption":"Geplante Strompreisentlastung \u2013 teurer als geplant und nicht effektiv"},{"@type":"BreadcrumbList","@id":"https:\/\/now-news.de\/de\/deutschland\/geplante-strompreisentlastung-teurer-als-geplant-und-nicht-effektiv\/#breadcrumb","itemListElement":[{"@type":"ListItem","position":1,"name":"Home","item":"https:\/\/now-news.de\/de\/"},{"@type":"ListItem","position":2,"name":"Geplante Strompreisentlastung \u2013 teurer als geplant und nicht effektiv"}]},{"@type":"WebSite","@id":"https:\/\/now-news.de\/de\/#website","url":"https:\/\/now-news.de\/de\/","name":"just-now.NEWS Deutschland","description":"Das Portal f\u00fcr unzensierte Nachrichten aus der Welt","publisher":{"@id":"https:\/\/now-news.de\/de\/#organization"},"potentialAction":[{"@type":"SearchAction","target":{"@type":"EntryPoint","urlTemplate":"https:\/\/now-news.de\/de\/?s={search_term_string}"},"query-input":"required name=search_term_string"}],"inLanguage":"de"},{"@type":"Organization","@id":"https:\/\/now-news.de\/de\/#organization","name":"Just Now News","url":"https:\/\/now-news.de\/de\/","logo":{"@type":"ImageObject","inLanguage":"de","@id":"https:\/\/now-news.de\/de\/#\/schema\/logo\/image\/","url":"http:\/\/just-now.news\/de\/wp-content\/uploads\/sites\/3\/2022\/04\/logo500x500.jpg","contentUrl":"http:\/\/just-now.news\/de\/wp-content\/uploads\/sites\/3\/2022\/04\/logo500x500.jpg","width":500,"height":500,"caption":"Just Now News"},"image":{"@id":"https:\/\/now-news.de\/de\/#\/schema\/logo\/image\/"},"sameAs":["https:\/\/www.facebook.com\/wirmachenauf","https:\/\/x.com\/WirMachenAuf_de"]},{"@type":"Person","@id":"https:\/\/now-news.de\/de\/#\/schema\/person\/fb534a4e865501d8b3285208df34a9b5","name":"rtnews","image":{"@type":"ImageObject","inLanguage":"de","@id":"https:\/\/now-news.de\/de\/#\/schema\/person\/image\/","url":"https:\/\/secure.gravatar.com\/avatar\/82aafea7d8127119dd649515f56e2117?s=96&d=mm&r=g","contentUrl":"https:\/\/secure.gravatar.com\/avatar\/82aafea7d8127119dd649515f56e2117?s=96&d=mm&r=g","caption":"rtnews"},"url":"https:\/\/now-news.de\/de\/author\/rnews\/"}]}},"_links":{"self":[{"href":"https:\/\/now-news.de\/de\/wp-json\/wp\/v2\/posts\/80270"}],"collection":[{"href":"https:\/\/now-news.de\/de\/wp-json\/wp\/v2\/posts"}],"about":[{"href":"https:\/\/now-news.de\/de\/wp-json\/wp\/v2\/types\/post"}],"author":[{"embeddable":true,"href":"https:\/\/now-news.de\/de\/wp-json\/wp\/v2\/users\/3"}],"replies":[{"embeddable":true,"href":"https:\/\/now-news.de\/de\/wp-json\/wp\/v2\/comments?post=80270"}],"version-history":[{"count":0,"href":"https:\/\/now-news.de\/de\/wp-json\/wp\/v2\/posts\/80270\/revisions"}],"wp:featuredmedia":[{"embeddable":true,"href":"https:\/\/now-news.de\/de\/wp-json\/wp\/v2\/media\/80271"}],"wp:attachment":[{"href":"https:\/\/now-news.de\/de\/wp-json\/wp\/v2\/media?parent=80270"}],"wp:term":[{"taxonomy":"category","embeddable":true,"href":"https:\/\/now-news.de\/de\/wp-json\/wp\/v2\/categories?post=80270"},{"taxonomy":"post_tag","embeddable":true,"href":"https:\/\/now-news.de\/de\/wp-json\/wp\/v2\/tags?post=80270"}],"curies":[{"name":"wp","href":"https:\/\/api.w.org\/{rel}","templated":true}]}}