{"id":80256,"date":"2025-03-14T16:48:14","date_gmt":"2025-03-14T14:48:14","guid":{"rendered":"https:\/\/now-news.de\/de\/deutschland\/mutmasslicher-organisator-des-odessa-massakers-von-2014-auf-offener-strasse-hingerichtet-video\/"},"modified":"2025-03-14T16:48:14","modified_gmt":"2025-03-14T14:48:14","slug":"mutmasslicher-organisator-des-odessa-massakers-von-2014-auf-offener-strasse-hingerichtet-video","status":"publish","type":"post","link":"https:\/\/now-news.de\/de\/deutschland\/mutmasslicher-organisator-des-odessa-massakers-von-2014-auf-offener-strasse-hingerichtet-video\/","title":{"rendered":"Mutma\u00dflicher Organisator des Odessa-Massakers von 2014 auf offener Stra\u00dfe hingerichtet (Video)"},"content":{"rendered":"<p><img decoding=\"async\" src=\"https:\/\/now-news.de\/de\/wp-content\/uploads\/sites\/3\/2025\/03\/67d438ed48fbef074639ed91.jpg\" \/><\/p>\n<div class=\"Text-root Text-type_1 \">\n                Einen Tag, nachdem der Europ\u00e4ische Gerichtshof f\u00fcr Menschenrechte Kiew beschuldigt hatte, das Massaker von Odessa 2014 weder verhindert noch angemessen aufgekl\u00e4rt zu haben, wurde ein mutma\u00dflicher Organisator des Massakers in Odessa hingerichtet. Dabei handelt es sich laut ukrainischen Medien um den Neonazi Demjan Ganul.\n            <\/div>\n<p><\/p>\n<div class=\"Text-root Text-type_5 ArticleView-text ViewText-root \">\n<p>Der ber\u00fcchtigte ukrainische Neonazi Demjan Ganul, der beschuldigt wurde, eine Schl\u00fcsselrolle bei dem Pogrom gegen Anti-Maidan-Aktivisten in Odessa am 2.\u00a0Mai 2014 gespielt zu haben, wurde Berichten zufolge am Freitagmorgen in Odessa auf der Stra\u00dfe erschossen.<\/p>\n<p>Ukrainische Medien identifizierten Ganul aufgrund von T\u00e4towierungen, die auf durchgesickerten Bildern vom Tatort zu sehen waren, als das Opfer eines mutma\u00dflichen Attentats in Odessa. Die Polizei nannte den Namen Ganul nicht, als sie eine Fahndung nach dem M\u00f6rder ank\u00fcndigte, obwohl Innenminister Igor Klimenko die Identifizierung nicht bestritt und versprach, die Ermittlungen pers\u00f6nlich zu leiten.<\/p>\n<p>Im Internet kursieren Aufnahmen einer \u00dcberwachungskamera, die zeigen, wie der Angreifer am helllichten Tag den bereits verletzten und offenbar bewusstlos am Boden liegenden Neonazi durch einen Nahschuss in den Kopf hinrichtet, anscheinend unbeeindruckt von der Anwesenheit von Passanten und \u00dcberwachungskameras.<\/p>\n<div class=\"EmbedBlock-root EmbedBlock-twitter\">\n<div class=\"TwitterEmbed\">\n<blockquote class=\"twitter-tweet lazyload\" data-twitter=\"twitter-tweet\">\n<p lang=\"en\" dir=\"ltr\">NEW:\ud83c\uddfa\ud83c\udde6 Ukrainians began to kill recruiters who hunt them down and send them to the frontUkrainian Nationalist Demyan Ganul who participated in the Odessa trade union fire and helped hunt down &#8220;volunteers&#8221; to fight at the front was assassinated with two gun shots to the head\u2026 <a rel=\"nofollow noopener\" target=\"_blank\" href=\"https:\/\/t.co\/rwitH8tmih\">pic.twitter.com\/rwitH8tmih<\/a><\/p>\n<p>\u2014 Megatron (@Megatron_ron) <a rel=\"nofollow noopener\" target=\"_blank\" href=\"https:\/\/twitter.com\/Megatron_ron\/status\/1900500473007763847?ref_src=twsrc%5Etfw\">March 14, 2025<\/a><\/p><\/blockquote>\n<\/div>\n<\/div>\n<p>Ganul war im Zuge des vom Westen unterst\u00fctzten Putsches in Kiew 2014 bekannt geworden und hatte die Vollstreckungseinheit der ultranationalistischen Bewegung Rechter Sektor in Odessa geleitet. Ihm wird vorgeworfen, eine zentrale Rolle bei dem Massaker von\u00a02014 an Anti-Maidan-Aktivisten gespielt zu haben, die von den Nationalisten in ein Geb\u00e4ude der Gewerkschaft gejagt worden waren, das anschlie\u00dfend in Brand gesetzt wurde.<\/p>\n<p>Am Donnerstag wies der Europ\u00e4ische Gerichtshof f\u00fcr Menschenrechte die ukrainische Regierung an, die Opfer der Trag\u00f6die von 2014 zu entsch\u00e4digen, weil sie es vers\u00e4umt hatte, die Gewalt zu verhindern, eine angemessene Rettungsaktion zu organisieren oder eine angemessene Untersuchung durchzuf\u00fchren. Bei dem Pogrom kamen nach offiziellen Angaben ukrainischer Beh\u00f6rden 48 Menschen ums Leben, mehr als 200 wurden verletzt.\u00a0<\/p>\n<p>In den letzten Jahren war Ganul an Vandalismus beteiligt, der sich gegen Gedenkst\u00e4tten aus der Sowjetzeit und gegen mit Russland in Verbindung stehende St\u00e4tten richtete. Berichten zufolge f\u00fchrte er auch ein Team an, das von den st\u00e4dtischen Einberufungsbeh\u00f6rden beauftragt wurde, Personen anzugreifen, die sich der Einberufung widersetzten.<\/p>\n<p>Im vergangenen Juli\u00a0griff Ganul einen Fitnesstrainer an, der ukrainische Milit\u00e4rangeh\u00f6rige beleidigt hatte, und postete ein Foto von sich mit dem blutigen Opfer. Lokalen Berichten zufolge war der Trainer auch sexuell missbraucht worden, bevor er den Milit\u00e4rbeh\u00f6rden \u00fcbergeben wurde.<\/p>\n<p>Russland hatte sich um Ganuls Verhaftung bem\u00fcht und ihn im vergangenen Mai auf eine internationale Fahndungsliste gesetzt.<\/p>\n<p><strong>Mehr zum Thema \u2013\u00a0<\/strong><a rel=\"nofollow noopener\" target=\"_blank\" href=\"https:\/\/freedert.online\/meinung\/204516-odessa-wartet-auf-gerechtigkeit-fuer-untaten-am-zweiten-mai-2014\/\">Warten auf Gerechtigkeit aus Russland \u2013 Odessa und die Untaten am 2. Mai vor zehn Jahren<\/a>\u00a0<\/p>\n<div class=\"EmbedBlock-root EmbedBlock-externalVideo EmbedBlock-odysee\">\n<div class=\"VkEmbed\"><iframe class=\"lazyload\" data-src=\"https:\/\/odysee.com\/%24\/embed\/%40RTDE%3Ae%2FTrag%C3%B6die-in-Odessa--Zehn-Jahre-nach-einem-unges%C3%BChnten-Massaker%3A6\" frameborder=\"0\" width=\"853\" height=\"480\" allowfullscreen><\/iframe><\/div>\n<\/div>\n<\/div>\n<p><script async src=\"https:\/\/platform.twitter.com\/widgets.js\" charset=\"utf-8\"><\/script><br \/>\n<br \/><br \/>\n<br \/><a href=\"https:\/\/de.rt.com\/europa\/239576-mutmasslicher-organisator-odessa-massakers-auf-offener-strasse-hingerichtet\/\">Source link <\/a><\/p>\n","protected":false},"excerpt":{"rendered":"<p>Einen Tag, nachdem der Europ\u00e4ische Gerichtshof f\u00fcr Menschenrechte Kiew beschuldigt hatte, das Massaker von Odessa 2014 weder verhindert noch angemessen aufgekl\u00e4rt zu haben, wurde ein mutma\u00dflicher Organisator des Massakers in Odessa hingerichtet. Dabei handelt es sich laut ukrainischen Medien um den Neonazi Demjan Ganul. Der ber\u00fcchtigte ukrainische Neonazi Demjan Ganul, der beschuldigt wurde, eine Schl\u00fcsselrolle [&hellip;]<\/p>\n","protected":false},"author":3,"featured_media":80257,"comment_status":"open","ping_status":"open","sticky":false,"template":"","format":"standard","meta":{"_yoast_indexnow_last_ping":["1741964182"],"wp_automatic_camp":["217"],"0db8b1d09ba946ad0c62df3b9eda7b10":["Mutma\u00dflicher Organisator des Odessa-Massakers von 2014 auf offener Stra\u00dfe hingerichtet (Video)"],"original_link":["https:\/\/de.rt.com\/europa\/239576-mutmasslicher-organisator-odessa-massakers-auf-offener-strasse-hingerichtet\/"],"_thumbnail_id":["80257"],"jnews_social_counter_last_update":["1777176497"],"_wptgpro_p2tg_sent2tg":["a:1:{i:23737;s:19:\"2025-03-14 16:57:26\";}"]},"categories":[19,23],"tags":[133,583,26260,1352,43823,8303,62377,3378,173,50],"yoast_head":"<!-- This site is optimized with the Yoast SEO Premium plugin v22.7 (Yoast SEO v22.7) - https:\/\/yoast.com\/wordpress\/plugins\/seo\/ -->\n<title>Mutma\u00dflicher Organisator des Odessa-Massakers von 2014 auf offener Stra\u00dfe hingerichtet (Video) - just-now.NEWS Deutschland<\/title>\n<meta name=\"robots\" content=\"index, follow, max-snippet:-1, max-image-preview:large, max-video-preview:-1\" \/>\n<link rel=\"canonical\" href=\"https:\/\/now-news.de\/de\/deutschland\/mutmasslicher-organisator-des-odessa-massakers-von-2014-auf-offener-strasse-hingerichtet-video\/\" \/>\n<meta property=\"og:locale\" content=\"de_DE\" \/>\n<meta property=\"og:type\" content=\"article\" \/>\n<meta property=\"og:title\" content=\"Mutma\u00dflicher Organisator des Odessa-Massakers von 2014 auf offener Stra\u00dfe hingerichtet (Video)\" \/>\n<meta property=\"og:description\" content=\"Einen Tag, nachdem der Europ\u00e4ische Gerichtshof f\u00fcr Menschenrechte Kiew beschuldigt hatte, das Massaker von Odessa 2014 weder verhindert noch angemessen aufgekl\u00e4rt zu haben, wurde ein mutma\u00dflicher Organisator des Massakers in Odessa hingerichtet. Dabei handelt es sich laut ukrainischen Medien um den Neonazi Demjan Ganul. Der ber\u00fcchtigte ukrainische Neonazi Demjan Ganul, der beschuldigt wurde, eine Schl\u00fcsselrolle [&hellip;]\" \/>\n<meta property=\"og:url\" content=\"https:\/\/now-news.de\/de\/deutschland\/mutmasslicher-organisator-des-odessa-massakers-von-2014-auf-offener-strasse-hingerichtet-video\/\" \/>\n<meta property=\"og:site_name\" content=\"just-now.NEWS Deutschland\" \/>\n<meta property=\"article:publisher\" content=\"https:\/\/www.facebook.com\/wirmachenauf\" \/>\n<meta property=\"article:published_time\" content=\"2025-03-14T14:48:14+00:00\" \/>\n<meta property=\"og:image\" content=\"https:\/\/now-news.de\/de\/wp-content\/uploads\/sites\/3\/2025\/03\/67d438ed48fbef074639ed91.jpg\" \/>\n<meta name=\"author\" content=\"rtnews\" \/>\n<meta name=\"twitter:card\" content=\"summary_large_image\" \/>\n<meta name=\"twitter:creator\" content=\"@WirMachenAuf_de\" \/>\n<meta name=\"twitter:site\" content=\"@WirMachenAuf_de\" \/>\n<meta name=\"twitter:label1\" content=\"Verfasst von\" \/>\n\t<meta name=\"twitter:data1\" content=\"rtnews\" \/>\n\t<meta name=\"twitter:label2\" content=\"Gesch\u00e4tzte Lesezeit\" \/>\n\t<meta name=\"twitter:data2\" content=\"2\u00a0Minuten\" \/>\n<script type=\"application\/ld+json\" class=\"yoast-schema-graph\">{\"@context\":\"https:\/\/schema.org\",\"@graph\":[{\"@type\":\"Article\",\"@id\":\"https:\/\/now-news.de\/de\/deutschland\/mutmasslicher-organisator-des-odessa-massakers-von-2014-auf-offener-strasse-hingerichtet-video\/#article\",\"isPartOf\":{\"@id\":\"https:\/\/now-news.de\/de\/deutschland\/mutmasslicher-organisator-des-odessa-massakers-von-2014-auf-offener-strasse-hingerichtet-video\/\"},\"author\":{\"name\":\"rtnews\",\"@id\":\"https:\/\/now-news.de\/de\/#\/schema\/person\/fb534a4e865501d8b3285208df34a9b5\"},\"headline\":\"Mutma\u00dflicher Organisator des Odessa-Massakers von 2014 auf offener Stra\u00dfe hingerichtet (Video)\",\"datePublished\":\"2025-03-14T14:48:14+00:00\",\"dateModified\":\"2025-03-14T14:48:14+00:00\",\"mainEntityOfPage\":{\"@id\":\"https:\/\/now-news.de\/de\/deutschland\/mutmasslicher-organisator-des-odessa-massakers-von-2014-auf-offener-strasse-hingerichtet-video\/\"},\"wordCount\":505,\"commentCount\":0,\"publisher\":{\"@id\":\"https:\/\/now-news.de\/de\/#organization\"},\"image\":{\"@id\":\"https:\/\/now-news.de\/de\/deutschland\/mutmasslicher-organisator-des-odessa-massakers-von-2014-auf-offener-strasse-hingerichtet-video\/#primaryimage\"},\"thumbnailUrl\":\"https:\/\/now-news.de\/de\/wp-content\/uploads\/sites\/3\/2025\/03\/Mutmasslicher-Organisator-des-Odessa-Massakers-von-2014-auf-offener-Strasse-hingerichtet.jpg\",\"keywords\":[\"AUF\",\"des\",\"hingerichtet\",\"Mutma\u00dflicher\",\"OdessaMassakers\",\"Offener\",\"Organisator\",\"Stra\u00dfe\",\"Video\",\"von\"],\"articleSection\":[\"Deutschland\",\"Russland\"],\"inLanguage\":\"de\",\"potentialAction\":[{\"@type\":\"CommentAction\",\"name\":\"Comment\",\"target\":[\"https:\/\/now-news.de\/de\/deutschland\/mutmasslicher-organisator-des-odessa-massakers-von-2014-auf-offener-strasse-hingerichtet-video\/#respond\"]}]},{\"@type\":\"WebPage\",\"@id\":\"https:\/\/now-news.de\/de\/deutschland\/mutmasslicher-organisator-des-odessa-massakers-von-2014-auf-offener-strasse-hingerichtet-video\/\",\"url\":\"https:\/\/now-news.de\/de\/deutschland\/mutmasslicher-organisator-des-odessa-massakers-von-2014-auf-offener-strasse-hingerichtet-video\/\",\"name\":\"Mutma\u00dflicher Organisator des Odessa-Massakers von 2014 auf offener Stra\u00dfe hingerichtet (Video) - just-now.NEWS Deutschland\",\"isPartOf\":{\"@id\":\"https:\/\/now-news.de\/de\/#website\"},\"primaryImageOfPage\":{\"@id\":\"https:\/\/now-news.de\/de\/deutschland\/mutmasslicher-organisator-des-odessa-massakers-von-2014-auf-offener-strasse-hingerichtet-video\/#primaryimage\"},\"image\":{\"@id\":\"https:\/\/now-news.de\/de\/deutschland\/mutmasslicher-organisator-des-odessa-massakers-von-2014-auf-offener-strasse-hingerichtet-video\/#primaryimage\"},\"thumbnailUrl\":\"https:\/\/now-news.de\/de\/wp-content\/uploads\/sites\/3\/2025\/03\/Mutmasslicher-Organisator-des-Odessa-Massakers-von-2014-auf-offener-Strasse-hingerichtet.jpg\",\"datePublished\":\"2025-03-14T14:48:14+00:00\",\"dateModified\":\"2025-03-14T14:48:14+00:00\",\"breadcrumb\":{\"@id\":\"https:\/\/now-news.de\/de\/deutschland\/mutmasslicher-organisator-des-odessa-massakers-von-2014-auf-offener-strasse-hingerichtet-video\/#breadcrumb\"},\"inLanguage\":\"de\",\"potentialAction\":[{\"@type\":\"ReadAction\",\"target\":[\"https:\/\/now-news.de\/de\/deutschland\/mutmasslicher-organisator-des-odessa-massakers-von-2014-auf-offener-strasse-hingerichtet-video\/\"]}]},{\"@type\":\"ImageObject\",\"inLanguage\":\"de\",\"@id\":\"https:\/\/now-news.de\/de\/deutschland\/mutmasslicher-organisator-des-odessa-massakers-von-2014-auf-offener-strasse-hingerichtet-video\/#primaryimage\",\"url\":\"https:\/\/now-news.de\/de\/wp-content\/uploads\/sites\/3\/2025\/03\/Mutmasslicher-Organisator-des-Odessa-Massakers-von-2014-auf-offener-Strasse-hingerichtet.jpg\",\"contentUrl\":\"https:\/\/now-news.de\/de\/wp-content\/uploads\/sites\/3\/2025\/03\/Mutmasslicher-Organisator-des-Odessa-Massakers-von-2014-auf-offener-Strasse-hingerichtet.jpg\",\"width\":460,\"height\":259,\"caption\":\"Mutma\u00dflicher Organisator des Odessa-Massakers von 2014 auf offener Stra\u00dfe hingerichtet (Video)\"},{\"@type\":\"BreadcrumbList\",\"@id\":\"https:\/\/now-news.de\/de\/deutschland\/mutmasslicher-organisator-des-odessa-massakers-von-2014-auf-offener-strasse-hingerichtet-video\/#breadcrumb\",\"itemListElement\":[{\"@type\":\"ListItem\",\"position\":1,\"name\":\"Home\",\"item\":\"https:\/\/now-news.de\/de\/\"},{\"@type\":\"ListItem\",\"position\":2,\"name\":\"Mutma\u00dflicher Organisator des Odessa-Massakers von 2014 auf offener Stra\u00dfe hingerichtet (Video)\"}]},{\"@type\":\"WebSite\",\"@id\":\"https:\/\/now-news.de\/de\/#website\",\"url\":\"https:\/\/now-news.de\/de\/\",\"name\":\"just-now.NEWS Deutschland\",\"description\":\"Das Portal f\u00fcr unzensierte Nachrichten aus der Welt\",\"publisher\":{\"@id\":\"https:\/\/now-news.de\/de\/#organization\"},\"potentialAction\":[{\"@type\":\"SearchAction\",\"target\":{\"@type\":\"EntryPoint\",\"urlTemplate\":\"https:\/\/now-news.de\/de\/?s={search_term_string}\"},\"query-input\":\"required name=search_term_string\"}],\"inLanguage\":\"de\"},{\"@type\":\"Organization\",\"@id\":\"https:\/\/now-news.de\/de\/#organization\",\"name\":\"Just Now News\",\"url\":\"https:\/\/now-news.de\/de\/\",\"logo\":{\"@type\":\"ImageObject\",\"inLanguage\":\"de\",\"@id\":\"https:\/\/now-news.de\/de\/#\/schema\/logo\/image\/\",\"url\":\"http:\/\/just-now.news\/de\/wp-content\/uploads\/sites\/3\/2022\/04\/logo500x500.jpg\",\"contentUrl\":\"http:\/\/just-now.news\/de\/wp-content\/uploads\/sites\/3\/2022\/04\/logo500x500.jpg\",\"width\":500,\"height\":500,\"caption\":\"Just Now News\"},\"image\":{\"@id\":\"https:\/\/now-news.de\/de\/#\/schema\/logo\/image\/\"},\"sameAs\":[\"https:\/\/www.facebook.com\/wirmachenauf\",\"https:\/\/x.com\/WirMachenAuf_de\"]},{\"@type\":\"Person\",\"@id\":\"https:\/\/now-news.de\/de\/#\/schema\/person\/fb534a4e865501d8b3285208df34a9b5\",\"name\":\"rtnews\",\"image\":{\"@type\":\"ImageObject\",\"inLanguage\":\"de\",\"@id\":\"https:\/\/now-news.de\/de\/#\/schema\/person\/image\/\",\"url\":\"https:\/\/secure.gravatar.com\/avatar\/82aafea7d8127119dd649515f56e2117?s=96&d=mm&r=g\",\"contentUrl\":\"https:\/\/secure.gravatar.com\/avatar\/82aafea7d8127119dd649515f56e2117?s=96&d=mm&r=g\",\"caption\":\"rtnews\"},\"url\":\"https:\/\/now-news.de\/de\/author\/rnews\/\"}]}<\/script>\n<!-- \/ Yoast SEO Premium plugin. -->","yoast_head_json":{"title":"Mutma\u00dflicher Organisator des Odessa-Massakers von 2014 auf offener Stra\u00dfe hingerichtet (Video) - just-now.NEWS Deutschland","robots":{"index":"index","follow":"follow","max-snippet":"max-snippet:-1","max-image-preview":"max-image-preview:large","max-video-preview":"max-video-preview:-1"},"canonical":"https:\/\/now-news.de\/de\/deutschland\/mutmasslicher-organisator-des-odessa-massakers-von-2014-auf-offener-strasse-hingerichtet-video\/","og_locale":"de_DE","og_type":"article","og_title":"Mutma\u00dflicher Organisator des Odessa-Massakers von 2014 auf offener Stra\u00dfe hingerichtet (Video)","og_description":"Einen Tag, nachdem der Europ\u00e4ische Gerichtshof f\u00fcr Menschenrechte Kiew beschuldigt hatte, das Massaker von Odessa 2014 weder verhindert noch angemessen aufgekl\u00e4rt zu haben, wurde ein mutma\u00dflicher Organisator des Massakers in Odessa hingerichtet. Dabei handelt es sich laut ukrainischen Medien um den Neonazi Demjan Ganul. Der ber\u00fcchtigte ukrainische Neonazi Demjan Ganul, der beschuldigt wurde, eine Schl\u00fcsselrolle [&hellip;]","og_url":"https:\/\/now-news.de\/de\/deutschland\/mutmasslicher-organisator-des-odessa-massakers-von-2014-auf-offener-strasse-hingerichtet-video\/","og_site_name":"just-now.NEWS Deutschland","article_publisher":"https:\/\/www.facebook.com\/wirmachenauf","article_published_time":"2025-03-14T14:48:14+00:00","og_image":[{"url":"https:\/\/now-news.de\/de\/wp-content\/uploads\/sites\/3\/2025\/03\/67d438ed48fbef074639ed91.jpg"}],"author":"rtnews","twitter_card":"summary_large_image","twitter_creator":"@WirMachenAuf_de","twitter_site":"@WirMachenAuf_de","twitter_misc":{"Verfasst von":"rtnews","Gesch\u00e4tzte Lesezeit":"2\u00a0Minuten"},"schema":{"@context":"https:\/\/schema.org","@graph":[{"@type":"Article","@id":"https:\/\/now-news.de\/de\/deutschland\/mutmasslicher-organisator-des-odessa-massakers-von-2014-auf-offener-strasse-hingerichtet-video\/#article","isPartOf":{"@id":"https:\/\/now-news.de\/de\/deutschland\/mutmasslicher-organisator-des-odessa-massakers-von-2014-auf-offener-strasse-hingerichtet-video\/"},"author":{"name":"rtnews","@id":"https:\/\/now-news.de\/de\/#\/schema\/person\/fb534a4e865501d8b3285208df34a9b5"},"headline":"Mutma\u00dflicher Organisator des Odessa-Massakers von 2014 auf offener Stra\u00dfe hingerichtet (Video)","datePublished":"2025-03-14T14:48:14+00:00","dateModified":"2025-03-14T14:48:14+00:00","mainEntityOfPage":{"@id":"https:\/\/now-news.de\/de\/deutschland\/mutmasslicher-organisator-des-odessa-massakers-von-2014-auf-offener-strasse-hingerichtet-video\/"},"wordCount":505,"commentCount":0,"publisher":{"@id":"https:\/\/now-news.de\/de\/#organization"},"image":{"@id":"https:\/\/now-news.de\/de\/deutschland\/mutmasslicher-organisator-des-odessa-massakers-von-2014-auf-offener-strasse-hingerichtet-video\/#primaryimage"},"thumbnailUrl":"https:\/\/now-news.de\/de\/wp-content\/uploads\/sites\/3\/2025\/03\/Mutmasslicher-Organisator-des-Odessa-Massakers-von-2014-auf-offener-Strasse-hingerichtet.jpg","keywords":["AUF","des","hingerichtet","Mutma\u00dflicher","OdessaMassakers","Offener","Organisator","Stra\u00dfe","Video","von"],"articleSection":["Deutschland","Russland"],"inLanguage":"de","potentialAction":[{"@type":"CommentAction","name":"Comment","target":["https:\/\/now-news.de\/de\/deutschland\/mutmasslicher-organisator-des-odessa-massakers-von-2014-auf-offener-strasse-hingerichtet-video\/#respond"]}]},{"@type":"WebPage","@id":"https:\/\/now-news.de\/de\/deutschland\/mutmasslicher-organisator-des-odessa-massakers-von-2014-auf-offener-strasse-hingerichtet-video\/","url":"https:\/\/now-news.de\/de\/deutschland\/mutmasslicher-organisator-des-odessa-massakers-von-2014-auf-offener-strasse-hingerichtet-video\/","name":"Mutma\u00dflicher Organisator des Odessa-Massakers von 2014 auf offener Stra\u00dfe hingerichtet (Video) - just-now.NEWS Deutschland","isPartOf":{"@id":"https:\/\/now-news.de\/de\/#website"},"primaryImageOfPage":{"@id":"https:\/\/now-news.de\/de\/deutschland\/mutmasslicher-organisator-des-odessa-massakers-von-2014-auf-offener-strasse-hingerichtet-video\/#primaryimage"},"image":{"@id":"https:\/\/now-news.de\/de\/deutschland\/mutmasslicher-organisator-des-odessa-massakers-von-2014-auf-offener-strasse-hingerichtet-video\/#primaryimage"},"thumbnailUrl":"https:\/\/now-news.de\/de\/wp-content\/uploads\/sites\/3\/2025\/03\/Mutmasslicher-Organisator-des-Odessa-Massakers-von-2014-auf-offener-Strasse-hingerichtet.jpg","datePublished":"2025-03-14T14:48:14+00:00","dateModified":"2025-03-14T14:48:14+00:00","breadcrumb":{"@id":"https:\/\/now-news.de\/de\/deutschland\/mutmasslicher-organisator-des-odessa-massakers-von-2014-auf-offener-strasse-hingerichtet-video\/#breadcrumb"},"inLanguage":"de","potentialAction":[{"@type":"ReadAction","target":["https:\/\/now-news.de\/de\/deutschland\/mutmasslicher-organisator-des-odessa-massakers-von-2014-auf-offener-strasse-hingerichtet-video\/"]}]},{"@type":"ImageObject","inLanguage":"de","@id":"https:\/\/now-news.de\/de\/deutschland\/mutmasslicher-organisator-des-odessa-massakers-von-2014-auf-offener-strasse-hingerichtet-video\/#primaryimage","url":"https:\/\/now-news.de\/de\/wp-content\/uploads\/sites\/3\/2025\/03\/Mutmasslicher-Organisator-des-Odessa-Massakers-von-2014-auf-offener-Strasse-hingerichtet.jpg","contentUrl":"https:\/\/now-news.de\/de\/wp-content\/uploads\/sites\/3\/2025\/03\/Mutmasslicher-Organisator-des-Odessa-Massakers-von-2014-auf-offener-Strasse-hingerichtet.jpg","width":460,"height":259,"caption":"Mutma\u00dflicher Organisator des Odessa-Massakers von 2014 auf offener Stra\u00dfe hingerichtet (Video)"},{"@type":"BreadcrumbList","@id":"https:\/\/now-news.de\/de\/deutschland\/mutmasslicher-organisator-des-odessa-massakers-von-2014-auf-offener-strasse-hingerichtet-video\/#breadcrumb","itemListElement":[{"@type":"ListItem","position":1,"name":"Home","item":"https:\/\/now-news.de\/de\/"},{"@type":"ListItem","position":2,"name":"Mutma\u00dflicher Organisator des Odessa-Massakers von 2014 auf offener Stra\u00dfe hingerichtet (Video)"}]},{"@type":"WebSite","@id":"https:\/\/now-news.de\/de\/#website","url":"https:\/\/now-news.de\/de\/","name":"just-now.NEWS Deutschland","description":"Das Portal f\u00fcr unzensierte Nachrichten aus der Welt","publisher":{"@id":"https:\/\/now-news.de\/de\/#organization"},"potentialAction":[{"@type":"SearchAction","target":{"@type":"EntryPoint","urlTemplate":"https:\/\/now-news.de\/de\/?s={search_term_string}"},"query-input":"required name=search_term_string"}],"inLanguage":"de"},{"@type":"Organization","@id":"https:\/\/now-news.de\/de\/#organization","name":"Just Now News","url":"https:\/\/now-news.de\/de\/","logo":{"@type":"ImageObject","inLanguage":"de","@id":"https:\/\/now-news.de\/de\/#\/schema\/logo\/image\/","url":"http:\/\/just-now.news\/de\/wp-content\/uploads\/sites\/3\/2022\/04\/logo500x500.jpg","contentUrl":"http:\/\/just-now.news\/de\/wp-content\/uploads\/sites\/3\/2022\/04\/logo500x500.jpg","width":500,"height":500,"caption":"Just Now News"},"image":{"@id":"https:\/\/now-news.de\/de\/#\/schema\/logo\/image\/"},"sameAs":["https:\/\/www.facebook.com\/wirmachenauf","https:\/\/x.com\/WirMachenAuf_de"]},{"@type":"Person","@id":"https:\/\/now-news.de\/de\/#\/schema\/person\/fb534a4e865501d8b3285208df34a9b5","name":"rtnews","image":{"@type":"ImageObject","inLanguage":"de","@id":"https:\/\/now-news.de\/de\/#\/schema\/person\/image\/","url":"https:\/\/secure.gravatar.com\/avatar\/82aafea7d8127119dd649515f56e2117?s=96&d=mm&r=g","contentUrl":"https:\/\/secure.gravatar.com\/avatar\/82aafea7d8127119dd649515f56e2117?s=96&d=mm&r=g","caption":"rtnews"},"url":"https:\/\/now-news.de\/de\/author\/rnews\/"}]}},"_links":{"self":[{"href":"https:\/\/now-news.de\/de\/wp-json\/wp\/v2\/posts\/80256"}],"collection":[{"href":"https:\/\/now-news.de\/de\/wp-json\/wp\/v2\/posts"}],"about":[{"href":"https:\/\/now-news.de\/de\/wp-json\/wp\/v2\/types\/post"}],"author":[{"embeddable":true,"href":"https:\/\/now-news.de\/de\/wp-json\/wp\/v2\/users\/3"}],"replies":[{"embeddable":true,"href":"https:\/\/now-news.de\/de\/wp-json\/wp\/v2\/comments?post=80256"}],"version-history":[{"count":0,"href":"https:\/\/now-news.de\/de\/wp-json\/wp\/v2\/posts\/80256\/revisions"}],"wp:featuredmedia":[{"embeddable":true,"href":"https:\/\/now-news.de\/de\/wp-json\/wp\/v2\/media\/80257"}],"wp:attachment":[{"href":"https:\/\/now-news.de\/de\/wp-json\/wp\/v2\/media?parent=80256"}],"wp:term":[{"taxonomy":"category","embeddable":true,"href":"https:\/\/now-news.de\/de\/wp-json\/wp\/v2\/categories?post=80256"},{"taxonomy":"post_tag","embeddable":true,"href":"https:\/\/now-news.de\/de\/wp-json\/wp\/v2\/tags?post=80256"}],"curies":[{"name":"wp","href":"https:\/\/api.w.org\/{rel}","templated":true}]}}