{"id":80198,"date":"2025-03-13T17:12:38","date_gmt":"2025-03-13T15:12:38","guid":{"rendered":"https:\/\/now-news.de\/de\/deutschland\/live-putin-und-lukaschenko-geben-gemeinsame-pressekonferenz\/"},"modified":"2025-03-13T17:12:38","modified_gmt":"2025-03-13T15:12:38","slug":"live-putin-und-lukaschenko-geben-gemeinsame-pressekonferenz","status":"publish","type":"post","link":"https:\/\/now-news.de\/de\/deutschland\/live-putin-und-lukaschenko-geben-gemeinsame-pressekonferenz\/","title":{"rendered":"LIVE: Putin und Lukaschenko geben gemeinsame Pressekonferenz"},"content":{"rendered":"<p><img decoding=\"async\" src=\"https:\/\/now-news.de\/de\/wp-content\/uploads\/sites\/3\/2025\/03\/67d2ee0f48fbef06782781c9.jpg\" \/><\/p>\n<div class=\"Text-root Text-type_1 \">\n                Am 13. M\u00e4rz stattet der wiedergew\u00e4hlte wei\u00dfrussische Pr\u00e4sident Alexandr Lukaschenko Russland einen offiziellen Besuch ab.\n            <\/div>\n<p><\/p>\n<div class=\"Text-root Text-type_5 ArticleView-text ViewText-root \">\n<p>Lukaschenko wird in Moskau vom russischen Pr\u00e4sidenten Wladimir Putin empfangen. Nach den politischen Gespr\u00e4chen geben die beiden Pr\u00e4sidenten eine Pressekonferenz.<\/p>\n<p><strong>Mehr zum Thema<\/strong> &#8211;\u00a0<a rel=\"nofollow noopener\" target=\"_blank\" href=\"https:\/\/dert.site\/international\/238704-lukaschenko-schlaegt-minsk-als-treffpunkt-fuer-friedensgespraeche-vor\/\">Lukaschenko schl\u00e4gt Minsk als Treffpunkt f\u00fcr Friedensgespr\u00e4che vor \u2013 Zustimmung im Kreml<\/a><\/p>\n<div class=\"EmbedBlock-root EmbedBlock-externalVideo EmbedBlock-rumble\">\n<div class=\"VkEmbed\"><iframe class=\"lazyload\" data-src=\"https:\/\/rumble.com\/embed\/v6ocrb0\" frameborder=\"0\" width=\"853\" height=\"480\" allowfullscreen><\/iframe><\/div>\n<\/div>\n<\/div>\n<p><br \/>\n<br \/><a href=\"https:\/\/de.rt.com\/russland\/239486-live-putin-und-lukaschenko-geben\/\">Source link <\/a><\/p>\n","protected":false},"excerpt":{"rendered":"<p>Am 13. M\u00e4rz stattet der wiedergew\u00e4hlte wei\u00dfrussische Pr\u00e4sident Alexandr Lukaschenko Russland einen offiziellen Besuch ab. Lukaschenko wird in Moskau vom russischen Pr\u00e4sidenten Wladimir Putin empfangen. Nach den politischen Gespr\u00e4chen geben die beiden Pr\u00e4sidenten eine Pressekonferenz. Mehr zum Thema &#8211;\u00a0Lukaschenko schl\u00e4gt Minsk als Treffpunkt f\u00fcr Friedensgespr\u00e4che vor \u2013 Zustimmung im Kreml Source link<\/p>\n","protected":false},"author":3,"featured_media":80199,"comment_status":"open","ping_status":"open","sticky":false,"template":"","format":"standard","meta":{"_yoast_indexnow_last_ping":["1741879465"],"wp_automatic_camp":["217"],"c2a9b578d437bb717ef9d3631fbce78f":["LIVE: Putin und Lukaschenko geben gemeinsame Pressekonferenz"],"original_link":["https:\/\/de.rt.com\/russland\/239486-live-putin-und-lukaschenko-geben\/"],"_thumbnail_id":["80199"],"jnews_social_counter_last_update":["1777312986"],"_wptgpro_p2tg_sent2tg":["a:1:{i:23737;s:19:\"2025-03-13 17:25:33\";}"]},"categories":[19,23],"tags":[789,21722,172,21453,8718,125,140],"yoast_head":"<!-- This site is optimized with the Yoast SEO Premium plugin v22.7 (Yoast SEO v22.7) - https:\/\/yoast.com\/wordpress\/plugins\/seo\/ -->\n<title>LIVE: Putin und Lukaschenko geben gemeinsame Pressekonferenz - just-now.NEWS Deutschland<\/title>\n<meta name=\"robots\" content=\"index, follow, max-snippet:-1, max-image-preview:large, max-video-preview:-1\" \/>\n<link rel=\"canonical\" href=\"https:\/\/now-news.de\/de\/deutschland\/live-putin-und-lukaschenko-geben-gemeinsame-pressekonferenz\/\" \/>\n<meta property=\"og:locale\" content=\"de_DE\" \/>\n<meta property=\"og:type\" content=\"article\" \/>\n<meta property=\"og:title\" content=\"LIVE: Putin und Lukaschenko geben gemeinsame Pressekonferenz\" \/>\n<meta property=\"og:description\" content=\"Am 13. M\u00e4rz stattet der wiedergew\u00e4hlte wei\u00dfrussische Pr\u00e4sident Alexandr Lukaschenko Russland einen offiziellen Besuch ab. Lukaschenko wird in Moskau vom russischen Pr\u00e4sidenten Wladimir Putin empfangen. Nach den politischen Gespr\u00e4chen geben die beiden Pr\u00e4sidenten eine Pressekonferenz. Mehr zum Thema &#8211;\u00a0Lukaschenko schl\u00e4gt Minsk als Treffpunkt f\u00fcr Friedensgespr\u00e4che vor \u2013 Zustimmung im Kreml Source link\" \/>\n<meta property=\"og:url\" content=\"https:\/\/now-news.de\/de\/deutschland\/live-putin-und-lukaschenko-geben-gemeinsame-pressekonferenz\/\" \/>\n<meta property=\"og:site_name\" content=\"just-now.NEWS Deutschland\" \/>\n<meta property=\"article:publisher\" content=\"https:\/\/www.facebook.com\/wirmachenauf\" \/>\n<meta property=\"article:published_time\" content=\"2025-03-13T15:12:38+00:00\" \/>\n<meta property=\"og:image\" content=\"https:\/\/now-news.de\/de\/wp-content\/uploads\/sites\/3\/2025\/03\/67d2ee0f48fbef06782781c9.jpg\" \/>\n<meta name=\"author\" content=\"rtnews\" \/>\n<meta name=\"twitter:card\" content=\"summary_large_image\" \/>\n<meta name=\"twitter:creator\" content=\"@WirMachenAuf_de\" \/>\n<meta name=\"twitter:site\" content=\"@WirMachenAuf_de\" \/>\n<meta name=\"twitter:label1\" content=\"Verfasst von\" \/>\n\t<meta name=\"twitter:data1\" content=\"rtnews\" \/>\n<script type=\"application\/ld+json\" class=\"yoast-schema-graph\">{\"@context\":\"https:\/\/schema.org\",\"@graph\":[{\"@type\":\"Article\",\"@id\":\"https:\/\/now-news.de\/de\/deutschland\/live-putin-und-lukaschenko-geben-gemeinsame-pressekonferenz\/#article\",\"isPartOf\":{\"@id\":\"https:\/\/now-news.de\/de\/deutschland\/live-putin-und-lukaschenko-geben-gemeinsame-pressekonferenz\/\"},\"author\":{\"name\":\"rtnews\",\"@id\":\"https:\/\/now-news.de\/de\/#\/schema\/person\/fb534a4e865501d8b3285208df34a9b5\"},\"headline\":\"LIVE: Putin und Lukaschenko geben gemeinsame Pressekonferenz\",\"datePublished\":\"2025-03-13T15:12:38+00:00\",\"dateModified\":\"2025-03-13T15:12:38+00:00\",\"mainEntityOfPage\":{\"@id\":\"https:\/\/now-news.de\/de\/deutschland\/live-putin-und-lukaschenko-geben-gemeinsame-pressekonferenz\/\"},\"wordCount\":69,\"commentCount\":0,\"publisher\":{\"@id\":\"https:\/\/now-news.de\/de\/#organization\"},\"image\":{\"@id\":\"https:\/\/now-news.de\/de\/deutschland\/live-putin-und-lukaschenko-geben-gemeinsame-pressekonferenz\/#primaryimage\"},\"thumbnailUrl\":\"https:\/\/now-news.de\/de\/wp-content\/uploads\/sites\/3\/2025\/03\/LIVE-Putin-und-Lukaschenko-geben-gemeinsame-Pressekonferenz.jpg\",\"keywords\":[\"geben\",\"gemeinsame\",\"Live\",\"Lukaschenko\",\"Pressekonferenz\",\"putin\",\"und\"],\"articleSection\":[\"Deutschland\",\"Russland\"],\"inLanguage\":\"de\",\"potentialAction\":[{\"@type\":\"CommentAction\",\"name\":\"Comment\",\"target\":[\"https:\/\/now-news.de\/de\/deutschland\/live-putin-und-lukaschenko-geben-gemeinsame-pressekonferenz\/#respond\"]}]},{\"@type\":\"WebPage\",\"@id\":\"https:\/\/now-news.de\/de\/deutschland\/live-putin-und-lukaschenko-geben-gemeinsame-pressekonferenz\/\",\"url\":\"https:\/\/now-news.de\/de\/deutschland\/live-putin-und-lukaschenko-geben-gemeinsame-pressekonferenz\/\",\"name\":\"LIVE: Putin und Lukaschenko geben gemeinsame Pressekonferenz - just-now.NEWS Deutschland\",\"isPartOf\":{\"@id\":\"https:\/\/now-news.de\/de\/#website\"},\"primaryImageOfPage\":{\"@id\":\"https:\/\/now-news.de\/de\/deutschland\/live-putin-und-lukaschenko-geben-gemeinsame-pressekonferenz\/#primaryimage\"},\"image\":{\"@id\":\"https:\/\/now-news.de\/de\/deutschland\/live-putin-und-lukaschenko-geben-gemeinsame-pressekonferenz\/#primaryimage\"},\"thumbnailUrl\":\"https:\/\/now-news.de\/de\/wp-content\/uploads\/sites\/3\/2025\/03\/LIVE-Putin-und-Lukaschenko-geben-gemeinsame-Pressekonferenz.jpg\",\"datePublished\":\"2025-03-13T15:12:38+00:00\",\"dateModified\":\"2025-03-13T15:12:38+00:00\",\"breadcrumb\":{\"@id\":\"https:\/\/now-news.de\/de\/deutschland\/live-putin-und-lukaschenko-geben-gemeinsame-pressekonferenz\/#breadcrumb\"},\"inLanguage\":\"de\",\"potentialAction\":[{\"@type\":\"ReadAction\",\"target\":[\"https:\/\/now-news.de\/de\/deutschland\/live-putin-und-lukaschenko-geben-gemeinsame-pressekonferenz\/\"]}]},{\"@type\":\"ImageObject\",\"inLanguage\":\"de\",\"@id\":\"https:\/\/now-news.de\/de\/deutschland\/live-putin-und-lukaschenko-geben-gemeinsame-pressekonferenz\/#primaryimage\",\"url\":\"https:\/\/now-news.de\/de\/wp-content\/uploads\/sites\/3\/2025\/03\/LIVE-Putin-und-Lukaschenko-geben-gemeinsame-Pressekonferenz.jpg\",\"contentUrl\":\"https:\/\/now-news.de\/de\/wp-content\/uploads\/sites\/3\/2025\/03\/LIVE-Putin-und-Lukaschenko-geben-gemeinsame-Pressekonferenz.jpg\",\"width\":460,\"height\":259,\"caption\":\"LIVE: Putin und Lukaschenko geben gemeinsame Pressekonferenz\"},{\"@type\":\"BreadcrumbList\",\"@id\":\"https:\/\/now-news.de\/de\/deutschland\/live-putin-und-lukaschenko-geben-gemeinsame-pressekonferenz\/#breadcrumb\",\"itemListElement\":[{\"@type\":\"ListItem\",\"position\":1,\"name\":\"Home\",\"item\":\"https:\/\/now-news.de\/de\/\"},{\"@type\":\"ListItem\",\"position\":2,\"name\":\"LIVE: Putin und Lukaschenko geben gemeinsame Pressekonferenz\"}]},{\"@type\":\"WebSite\",\"@id\":\"https:\/\/now-news.de\/de\/#website\",\"url\":\"https:\/\/now-news.de\/de\/\",\"name\":\"just-now.NEWS Deutschland\",\"description\":\"Das Portal f\u00fcr unzensierte Nachrichten aus der Welt\",\"publisher\":{\"@id\":\"https:\/\/now-news.de\/de\/#organization\"},\"potentialAction\":[{\"@type\":\"SearchAction\",\"target\":{\"@type\":\"EntryPoint\",\"urlTemplate\":\"https:\/\/now-news.de\/de\/?s={search_term_string}\"},\"query-input\":\"required name=search_term_string\"}],\"inLanguage\":\"de\"},{\"@type\":\"Organization\",\"@id\":\"https:\/\/now-news.de\/de\/#organization\",\"name\":\"Just Now News\",\"url\":\"https:\/\/now-news.de\/de\/\",\"logo\":{\"@type\":\"ImageObject\",\"inLanguage\":\"de\",\"@id\":\"https:\/\/now-news.de\/de\/#\/schema\/logo\/image\/\",\"url\":\"http:\/\/just-now.news\/de\/wp-content\/uploads\/sites\/3\/2022\/04\/logo500x500.jpg\",\"contentUrl\":\"http:\/\/just-now.news\/de\/wp-content\/uploads\/sites\/3\/2022\/04\/logo500x500.jpg\",\"width\":500,\"height\":500,\"caption\":\"Just Now News\"},\"image\":{\"@id\":\"https:\/\/now-news.de\/de\/#\/schema\/logo\/image\/\"},\"sameAs\":[\"https:\/\/www.facebook.com\/wirmachenauf\",\"https:\/\/x.com\/WirMachenAuf_de\"]},{\"@type\":\"Person\",\"@id\":\"https:\/\/now-news.de\/de\/#\/schema\/person\/fb534a4e865501d8b3285208df34a9b5\",\"name\":\"rtnews\",\"image\":{\"@type\":\"ImageObject\",\"inLanguage\":\"de\",\"@id\":\"https:\/\/now-news.de\/de\/#\/schema\/person\/image\/\",\"url\":\"https:\/\/secure.gravatar.com\/avatar\/82aafea7d8127119dd649515f56e2117?s=96&d=mm&r=g\",\"contentUrl\":\"https:\/\/secure.gravatar.com\/avatar\/82aafea7d8127119dd649515f56e2117?s=96&d=mm&r=g\",\"caption\":\"rtnews\"},\"url\":\"https:\/\/now-news.de\/de\/author\/rnews\/\"}]}<\/script>\n<!-- \/ Yoast SEO Premium plugin. -->","yoast_head_json":{"title":"LIVE: Putin und Lukaschenko geben gemeinsame Pressekonferenz - just-now.NEWS Deutschland","robots":{"index":"index","follow":"follow","max-snippet":"max-snippet:-1","max-image-preview":"max-image-preview:large","max-video-preview":"max-video-preview:-1"},"canonical":"https:\/\/now-news.de\/de\/deutschland\/live-putin-und-lukaschenko-geben-gemeinsame-pressekonferenz\/","og_locale":"de_DE","og_type":"article","og_title":"LIVE: Putin und Lukaschenko geben gemeinsame Pressekonferenz","og_description":"Am 13. M\u00e4rz stattet der wiedergew\u00e4hlte wei\u00dfrussische Pr\u00e4sident Alexandr Lukaschenko Russland einen offiziellen Besuch ab. Lukaschenko wird in Moskau vom russischen Pr\u00e4sidenten Wladimir Putin empfangen. Nach den politischen Gespr\u00e4chen geben die beiden Pr\u00e4sidenten eine Pressekonferenz. Mehr zum Thema &#8211;\u00a0Lukaschenko schl\u00e4gt Minsk als Treffpunkt f\u00fcr Friedensgespr\u00e4che vor \u2013 Zustimmung im Kreml Source link","og_url":"https:\/\/now-news.de\/de\/deutschland\/live-putin-und-lukaschenko-geben-gemeinsame-pressekonferenz\/","og_site_name":"just-now.NEWS Deutschland","article_publisher":"https:\/\/www.facebook.com\/wirmachenauf","article_published_time":"2025-03-13T15:12:38+00:00","og_image":[{"url":"https:\/\/now-news.de\/de\/wp-content\/uploads\/sites\/3\/2025\/03\/67d2ee0f48fbef06782781c9.jpg"}],"author":"rtnews","twitter_card":"summary_large_image","twitter_creator":"@WirMachenAuf_de","twitter_site":"@WirMachenAuf_de","twitter_misc":{"Verfasst von":"rtnews"},"schema":{"@context":"https:\/\/schema.org","@graph":[{"@type":"Article","@id":"https:\/\/now-news.de\/de\/deutschland\/live-putin-und-lukaschenko-geben-gemeinsame-pressekonferenz\/#article","isPartOf":{"@id":"https:\/\/now-news.de\/de\/deutschland\/live-putin-und-lukaschenko-geben-gemeinsame-pressekonferenz\/"},"author":{"name":"rtnews","@id":"https:\/\/now-news.de\/de\/#\/schema\/person\/fb534a4e865501d8b3285208df34a9b5"},"headline":"LIVE: Putin und Lukaschenko geben gemeinsame Pressekonferenz","datePublished":"2025-03-13T15:12:38+00:00","dateModified":"2025-03-13T15:12:38+00:00","mainEntityOfPage":{"@id":"https:\/\/now-news.de\/de\/deutschland\/live-putin-und-lukaschenko-geben-gemeinsame-pressekonferenz\/"},"wordCount":69,"commentCount":0,"publisher":{"@id":"https:\/\/now-news.de\/de\/#organization"},"image":{"@id":"https:\/\/now-news.de\/de\/deutschland\/live-putin-und-lukaschenko-geben-gemeinsame-pressekonferenz\/#primaryimage"},"thumbnailUrl":"https:\/\/now-news.de\/de\/wp-content\/uploads\/sites\/3\/2025\/03\/LIVE-Putin-und-Lukaschenko-geben-gemeinsame-Pressekonferenz.jpg","keywords":["geben","gemeinsame","Live","Lukaschenko","Pressekonferenz","putin","und"],"articleSection":["Deutschland","Russland"],"inLanguage":"de","potentialAction":[{"@type":"CommentAction","name":"Comment","target":["https:\/\/now-news.de\/de\/deutschland\/live-putin-und-lukaschenko-geben-gemeinsame-pressekonferenz\/#respond"]}]},{"@type":"WebPage","@id":"https:\/\/now-news.de\/de\/deutschland\/live-putin-und-lukaschenko-geben-gemeinsame-pressekonferenz\/","url":"https:\/\/now-news.de\/de\/deutschland\/live-putin-und-lukaschenko-geben-gemeinsame-pressekonferenz\/","name":"LIVE: Putin und Lukaschenko geben gemeinsame Pressekonferenz - just-now.NEWS Deutschland","isPartOf":{"@id":"https:\/\/now-news.de\/de\/#website"},"primaryImageOfPage":{"@id":"https:\/\/now-news.de\/de\/deutschland\/live-putin-und-lukaschenko-geben-gemeinsame-pressekonferenz\/#primaryimage"},"image":{"@id":"https:\/\/now-news.de\/de\/deutschland\/live-putin-und-lukaschenko-geben-gemeinsame-pressekonferenz\/#primaryimage"},"thumbnailUrl":"https:\/\/now-news.de\/de\/wp-content\/uploads\/sites\/3\/2025\/03\/LIVE-Putin-und-Lukaschenko-geben-gemeinsame-Pressekonferenz.jpg","datePublished":"2025-03-13T15:12:38+00:00","dateModified":"2025-03-13T15:12:38+00:00","breadcrumb":{"@id":"https:\/\/now-news.de\/de\/deutschland\/live-putin-und-lukaschenko-geben-gemeinsame-pressekonferenz\/#breadcrumb"},"inLanguage":"de","potentialAction":[{"@type":"ReadAction","target":["https:\/\/now-news.de\/de\/deutschland\/live-putin-und-lukaschenko-geben-gemeinsame-pressekonferenz\/"]}]},{"@type":"ImageObject","inLanguage":"de","@id":"https:\/\/now-news.de\/de\/deutschland\/live-putin-und-lukaschenko-geben-gemeinsame-pressekonferenz\/#primaryimage","url":"https:\/\/now-news.de\/de\/wp-content\/uploads\/sites\/3\/2025\/03\/LIVE-Putin-und-Lukaschenko-geben-gemeinsame-Pressekonferenz.jpg","contentUrl":"https:\/\/now-news.de\/de\/wp-content\/uploads\/sites\/3\/2025\/03\/LIVE-Putin-und-Lukaschenko-geben-gemeinsame-Pressekonferenz.jpg","width":460,"height":259,"caption":"LIVE: Putin und Lukaschenko geben gemeinsame Pressekonferenz"},{"@type":"BreadcrumbList","@id":"https:\/\/now-news.de\/de\/deutschland\/live-putin-und-lukaschenko-geben-gemeinsame-pressekonferenz\/#breadcrumb","itemListElement":[{"@type":"ListItem","position":1,"name":"Home","item":"https:\/\/now-news.de\/de\/"},{"@type":"ListItem","position":2,"name":"LIVE: Putin und Lukaschenko geben gemeinsame Pressekonferenz"}]},{"@type":"WebSite","@id":"https:\/\/now-news.de\/de\/#website","url":"https:\/\/now-news.de\/de\/","name":"just-now.NEWS Deutschland","description":"Das Portal f\u00fcr unzensierte Nachrichten aus der Welt","publisher":{"@id":"https:\/\/now-news.de\/de\/#organization"},"potentialAction":[{"@type":"SearchAction","target":{"@type":"EntryPoint","urlTemplate":"https:\/\/now-news.de\/de\/?s={search_term_string}"},"query-input":"required name=search_term_string"}],"inLanguage":"de"},{"@type":"Organization","@id":"https:\/\/now-news.de\/de\/#organization","name":"Just Now News","url":"https:\/\/now-news.de\/de\/","logo":{"@type":"ImageObject","inLanguage":"de","@id":"https:\/\/now-news.de\/de\/#\/schema\/logo\/image\/","url":"http:\/\/just-now.news\/de\/wp-content\/uploads\/sites\/3\/2022\/04\/logo500x500.jpg","contentUrl":"http:\/\/just-now.news\/de\/wp-content\/uploads\/sites\/3\/2022\/04\/logo500x500.jpg","width":500,"height":500,"caption":"Just Now News"},"image":{"@id":"https:\/\/now-news.de\/de\/#\/schema\/logo\/image\/"},"sameAs":["https:\/\/www.facebook.com\/wirmachenauf","https:\/\/x.com\/WirMachenAuf_de"]},{"@type":"Person","@id":"https:\/\/now-news.de\/de\/#\/schema\/person\/fb534a4e865501d8b3285208df34a9b5","name":"rtnews","image":{"@type":"ImageObject","inLanguage":"de","@id":"https:\/\/now-news.de\/de\/#\/schema\/person\/image\/","url":"https:\/\/secure.gravatar.com\/avatar\/82aafea7d8127119dd649515f56e2117?s=96&d=mm&r=g","contentUrl":"https:\/\/secure.gravatar.com\/avatar\/82aafea7d8127119dd649515f56e2117?s=96&d=mm&r=g","caption":"rtnews"},"url":"https:\/\/now-news.de\/de\/author\/rnews\/"}]}},"_links":{"self":[{"href":"https:\/\/now-news.de\/de\/wp-json\/wp\/v2\/posts\/80198"}],"collection":[{"href":"https:\/\/now-news.de\/de\/wp-json\/wp\/v2\/posts"}],"about":[{"href":"https:\/\/now-news.de\/de\/wp-json\/wp\/v2\/types\/post"}],"author":[{"embeddable":true,"href":"https:\/\/now-news.de\/de\/wp-json\/wp\/v2\/users\/3"}],"replies":[{"embeddable":true,"href":"https:\/\/now-news.de\/de\/wp-json\/wp\/v2\/comments?post=80198"}],"version-history":[{"count":0,"href":"https:\/\/now-news.de\/de\/wp-json\/wp\/v2\/posts\/80198\/revisions"}],"wp:featuredmedia":[{"embeddable":true,"href":"https:\/\/now-news.de\/de\/wp-json\/wp\/v2\/media\/80199"}],"wp:attachment":[{"href":"https:\/\/now-news.de\/de\/wp-json\/wp\/v2\/media?parent=80198"}],"wp:term":[{"taxonomy":"category","embeddable":true,"href":"https:\/\/now-news.de\/de\/wp-json\/wp\/v2\/categories?post=80198"},{"taxonomy":"post_tag","embeddable":true,"href":"https:\/\/now-news.de\/de\/wp-json\/wp\/v2\/tags?post=80198"}],"curies":[{"name":"wp","href":"https:\/\/api.w.org\/{rel}","templated":true}]}}