{"id":80187,"date":"2025-03-13T14:41:31","date_gmt":"2025-03-13T12:41:31","guid":{"rendered":"https:\/\/now-news.de\/de\/deutschland\/europaeischer-gerichtshof-verurteilt-ukraine-fuer-duldung-von-gewalt-am-2-mai-2014-in-odessa\/"},"modified":"2025-03-13T14:41:31","modified_gmt":"2025-03-13T12:41:31","slug":"europaeischer-gerichtshof-verurteilt-ukraine-fuer-duldung-von-gewalt-am-2-mai-2014-in-odessa","status":"publish","type":"post","link":"https:\/\/now-news.de\/de\/deutschland\/europaeischer-gerichtshof-verurteilt-ukraine-fuer-duldung-von-gewalt-am-2-mai-2014-in-odessa\/","title":{"rendered":"Europ\u00e4ischer Gerichtshof verurteilt Ukraine: F\u00fcr Duldung von Gewalt am 2. Mai 2014 in Odessa"},"content":{"rendered":"<p><img decoding=\"async\" src=\"https:\/\/now-news.de\/de\/wp-content\/uploads\/sites\/3\/2024\/05\/breaking3.jpg\" \/><\/p>\n<div class=\"Text-root Text-type_1 \">\n                Der EGMR verurteilte die Ukraine f\u00fcr das Vers\u00e4umnis, die Gewalt in Odessa am 2. Mai 2014 zu verhindern, keine rettenden Ma\u00dfnahmen zu ergreifen und T\u00e4ter strafrechtlich zu verfolgen.\n            <\/div>\n<p><\/p>\n<div class=\"Text-root Text-type_5 ArticleView-text ViewText-root \">\n<p data-start=\"0\" data-end=\"330\">Der Europ\u00e4ische Gerichtshof f\u00fcr Menschenrechte (EGMR) entschied, dass die Ukraine gegen das Recht auf Leben versto\u00dfen hat, indem sie es vers\u00e4umte, die Gewalt in Odessa am 2. Mai 2014 zu verhindern, nicht gegen die Angreifer vorging, Gefangene nicht rechtzeitig rettete und keine strafrechtliche Verfolgung der T\u00e4ter sicherstellte.<\/p>\n<p data-start=\"332\" data-end=\"815\"><strong data-start=\"332\" data-end=\"364\"><\/strong>Laut dem Gericht wurden keine wirksamen Ma\u00dfnahmen ergriffen, um die Gewalt zu verhindern, die sowohl pro-ukrainische als auch prorussische Gruppen betraf. Besonders besorgniserregend war das Versagen von Polizei und Sicherheitskr\u00e4ften, die Eskalation zu stoppen und die \u00f6ffentliche Ordnung aufrechtzuerhalten.<\/p>\n<p data-start=\"1561\" data-end=\"2167\">Zus\u00e4tzlich wurde die Ukraine daf\u00fcr kritisiert, nicht ausreichend versucht zu haben, die gefangenen Menschen aus dem brennenden Geb\u00e4ude zu retten.<\/p>\n<p data-start=\"1561\" data-end=\"2167\">Berichten zufolge waren viele Opfer in unmittelbarer N\u00e4he der Polizei gefangen, als sie versuchten, dem Feuer zu entkommen, ohne dass Rettungsma\u00dfnahmen eingeleitet wurden. Der EGMR forderte eine strafrechtliche Aufarbeitung des Vorfalls. Die mangelnde Ermittlungsbereitschaft und die Unt\u00e4tigkeit der Beh\u00f6rden bei der Verfolgung der T\u00e4ter sowie bei der Aufkl\u00e4rung der Brandursache wurden als gravierende Vers\u00e4umnisse der ukrainischen Regierung angesehen.<\/p>\n<p data-start=\"1561\" data-end=\"2167\">Der EGMR f\u00e4llte ein hartes Urteil: Die Ukraine sei verantwortlich f\u00fcr die Verletzung des Rechts auf Leben.<\/p>\n<p data-start=\"1561\" data-end=\"2167\"><strong>Mehr zum Thema<\/strong>\u00a0&#8211;\u00a0<a rel=\"nofollow noopener\" target=\"_blank\" href=\"https:\/\/freedert.online\/meinung\/216767-33-jahre-ukrainischer-unabhaengigkeit-geschichte-permanenten-verfalls\/\">33 Jahre ukrainischer &#8220;Unabh\u00e4ngigkeit&#8221;: Eine Geschichte permanenten Verfalls<\/a><\/p>\n<div class=\"EmbedBlock-root EmbedBlock-externalVideo EmbedBlock-rumble\">\n<div class=\"VkEmbed\"><iframe class=\"lazyload\" data-src=\"https:\/\/rumble.com\/embed\/v4qiiki\" frameborder=\"0\" width=\"853\" height=\"480\" allowfullscreen><\/iframe><\/div>\n<\/div>\n<\/div>\n<p><br \/>\n<br \/><a href=\"https:\/\/de.rt.com\/international\/239464-europaeische-gerichtshof-verurteilt-ukraine-fuer\/\">Source link <\/a><\/p>\n","protected":false},"excerpt":{"rendered":"<p>Der EGMR verurteilte die Ukraine f\u00fcr das Vers\u00e4umnis, die Gewalt in Odessa am 2. Mai 2014 zu verhindern, keine rettenden Ma\u00dfnahmen zu ergreifen und T\u00e4ter strafrechtlich zu verfolgen. Der Europ\u00e4ische Gerichtshof f\u00fcr Menschenrechte (EGMR) entschied, dass die Ukraine gegen das Recht auf Leben versto\u00dfen hat, indem sie es vers\u00e4umte, die Gewalt in Odessa am 2. [&hellip;]<\/p>\n","protected":false},"author":3,"featured_media":58637,"comment_status":"open","ping_status":"open","sticky":false,"template":"","format":"standard","meta":{"_yoast_indexnow_last_ping":["1741869728"],"wp_automatic_camp":["217"],"206d40696cded61521c6287dc3abec48":["Europ\u00e4ischer Gerichtshof verurteilt Ukraine: F\u00fcr Duldung von Gewalt am 2. Mai 2014 in Odessa"],"original_link":["https:\/\/de.rt.com\/international\/239464-europaeische-gerichtshof-verurteilt-ukraine-fuer\/"],"_thumbnail_id":["58637"],"jnews_social_counter_last_update":["1777609124"],"_wptgpro_p2tg_sent2tg":["a:1:{i:23737;s:19:\"2025-03-13 14:45:13\";}"]},"categories":[19,23],"tags":[56046,21246,221,3333,7768,9933,16439,127,2006,50],"yoast_head":"<!-- This site is optimized with the Yoast SEO Premium plugin v22.7 (Yoast SEO v22.7) - https:\/\/yoast.com\/wordpress\/plugins\/seo\/ -->\n<title>Europ\u00e4ischer Gerichtshof verurteilt Ukraine: F\u00fcr Duldung von Gewalt am 2. Mai 2014 in Odessa - just-now.NEWS Deutschland<\/title>\n<meta name=\"robots\" content=\"index, follow, max-snippet:-1, max-image-preview:large, max-video-preview:-1\" \/>\n<link rel=\"canonical\" href=\"https:\/\/now-news.de\/de\/deutschland\/europaeischer-gerichtshof-verurteilt-ukraine-fuer-duldung-von-gewalt-am-2-mai-2014-in-odessa\/\" \/>\n<meta property=\"og:locale\" content=\"de_DE\" \/>\n<meta property=\"og:type\" content=\"article\" \/>\n<meta property=\"og:title\" content=\"Europ\u00e4ischer Gerichtshof verurteilt Ukraine: F\u00fcr Duldung von Gewalt am 2. Mai 2014 in Odessa\" \/>\n<meta property=\"og:description\" content=\"Der EGMR verurteilte die Ukraine f\u00fcr das Vers\u00e4umnis, die Gewalt in Odessa am 2. Mai 2014 zu verhindern, keine rettenden Ma\u00dfnahmen zu ergreifen und T\u00e4ter strafrechtlich zu verfolgen. Der Europ\u00e4ische Gerichtshof f\u00fcr Menschenrechte (EGMR) entschied, dass die Ukraine gegen das Recht auf Leben versto\u00dfen hat, indem sie es vers\u00e4umte, die Gewalt in Odessa am 2. [&hellip;]\" \/>\n<meta property=\"og:url\" content=\"https:\/\/now-news.de\/de\/deutschland\/europaeischer-gerichtshof-verurteilt-ukraine-fuer-duldung-von-gewalt-am-2-mai-2014-in-odessa\/\" \/>\n<meta property=\"og:site_name\" content=\"just-now.NEWS Deutschland\" \/>\n<meta property=\"article:publisher\" content=\"https:\/\/www.facebook.com\/wirmachenauf\" \/>\n<meta property=\"article:published_time\" content=\"2025-03-13T12:41:31+00:00\" \/>\n<meta property=\"og:image\" content=\"https:\/\/now-news.de\/de\/wp-content\/uploads\/sites\/3\/2024\/05\/breaking3.jpg\" \/>\n<meta name=\"author\" content=\"rtnews\" \/>\n<meta name=\"twitter:card\" content=\"summary_large_image\" \/>\n<meta name=\"twitter:creator\" content=\"@WirMachenAuf_de\" \/>\n<meta name=\"twitter:site\" content=\"@WirMachenAuf_de\" \/>\n<meta name=\"twitter:label1\" content=\"Verfasst von\" \/>\n\t<meta name=\"twitter:data1\" content=\"rtnews\" \/>\n\t<meta name=\"twitter:label2\" content=\"Gesch\u00e4tzte Lesezeit\" \/>\n\t<meta name=\"twitter:data2\" content=\"1\u00a0Minute\" \/>\n<script type=\"application\/ld+json\" class=\"yoast-schema-graph\">{\"@context\":\"https:\/\/schema.org\",\"@graph\":[{\"@type\":\"Article\",\"@id\":\"https:\/\/now-news.de\/de\/deutschland\/europaeischer-gerichtshof-verurteilt-ukraine-fuer-duldung-von-gewalt-am-2-mai-2014-in-odessa\/#article\",\"isPartOf\":{\"@id\":\"https:\/\/now-news.de\/de\/deutschland\/europaeischer-gerichtshof-verurteilt-ukraine-fuer-duldung-von-gewalt-am-2-mai-2014-in-odessa\/\"},\"author\":{\"name\":\"rtnews\",\"@id\":\"https:\/\/now-news.de\/de\/#\/schema\/person\/fb534a4e865501d8b3285208df34a9b5\"},\"headline\":\"Europ\u00e4ischer Gerichtshof verurteilt Ukraine: F\u00fcr Duldung von Gewalt am 2. Mai 2014 in Odessa\",\"datePublished\":\"2025-03-13T12:41:31+00:00\",\"dateModified\":\"2025-03-13T12:41:31+00:00\",\"mainEntityOfPage\":{\"@id\":\"https:\/\/now-news.de\/de\/deutschland\/europaeischer-gerichtshof-verurteilt-ukraine-fuer-duldung-von-gewalt-am-2-mai-2014-in-odessa\/\"},\"wordCount\":257,\"commentCount\":0,\"publisher\":{\"@id\":\"https:\/\/now-news.de\/de\/#organization\"},\"image\":{\"@id\":\"https:\/\/now-news.de\/de\/deutschland\/europaeischer-gerichtshof-verurteilt-ukraine-fuer-duldung-von-gewalt-am-2-mai-2014-in-odessa\/#primaryimage\"},\"thumbnailUrl\":\"https:\/\/now-news.de\/de\/wp-content\/uploads\/sites\/3\/2024\/05\/China-beginnt-mit-Umzingelungsuebungen-rund-um-Taiwan.jpg\",\"keywords\":[\"Duldung\",\"europ\u00e4ischer\",\"f\u00fcr\",\"Gerichtshof\",\"Gewalt\",\"Mai\",\"Odessa\",\"ukraine\",\"verurteilt\",\"von\"],\"articleSection\":[\"Deutschland\",\"Russland\"],\"inLanguage\":\"de\",\"potentialAction\":[{\"@type\":\"CommentAction\",\"name\":\"Comment\",\"target\":[\"https:\/\/now-news.de\/de\/deutschland\/europaeischer-gerichtshof-verurteilt-ukraine-fuer-duldung-von-gewalt-am-2-mai-2014-in-odessa\/#respond\"]}]},{\"@type\":\"WebPage\",\"@id\":\"https:\/\/now-news.de\/de\/deutschland\/europaeischer-gerichtshof-verurteilt-ukraine-fuer-duldung-von-gewalt-am-2-mai-2014-in-odessa\/\",\"url\":\"https:\/\/now-news.de\/de\/deutschland\/europaeischer-gerichtshof-verurteilt-ukraine-fuer-duldung-von-gewalt-am-2-mai-2014-in-odessa\/\",\"name\":\"Europ\u00e4ischer Gerichtshof verurteilt Ukraine: F\u00fcr Duldung von Gewalt am 2. Mai 2014 in Odessa - just-now.NEWS Deutschland\",\"isPartOf\":{\"@id\":\"https:\/\/now-news.de\/de\/#website\"},\"primaryImageOfPage\":{\"@id\":\"https:\/\/now-news.de\/de\/deutschland\/europaeischer-gerichtshof-verurteilt-ukraine-fuer-duldung-von-gewalt-am-2-mai-2014-in-odessa\/#primaryimage\"},\"image\":{\"@id\":\"https:\/\/now-news.de\/de\/deutschland\/europaeischer-gerichtshof-verurteilt-ukraine-fuer-duldung-von-gewalt-am-2-mai-2014-in-odessa\/#primaryimage\"},\"thumbnailUrl\":\"https:\/\/now-news.de\/de\/wp-content\/uploads\/sites\/3\/2024\/05\/China-beginnt-mit-Umzingelungsuebungen-rund-um-Taiwan.jpg\",\"datePublished\":\"2025-03-13T12:41:31+00:00\",\"dateModified\":\"2025-03-13T12:41:31+00:00\",\"breadcrumb\":{\"@id\":\"https:\/\/now-news.de\/de\/deutschland\/europaeischer-gerichtshof-verurteilt-ukraine-fuer-duldung-von-gewalt-am-2-mai-2014-in-odessa\/#breadcrumb\"},\"inLanguage\":\"de\",\"potentialAction\":[{\"@type\":\"ReadAction\",\"target\":[\"https:\/\/now-news.de\/de\/deutschland\/europaeischer-gerichtshof-verurteilt-ukraine-fuer-duldung-von-gewalt-am-2-mai-2014-in-odessa\/\"]}]},{\"@type\":\"ImageObject\",\"inLanguage\":\"de\",\"@id\":\"https:\/\/now-news.de\/de\/deutschland\/europaeischer-gerichtshof-verurteilt-ukraine-fuer-duldung-von-gewalt-am-2-mai-2014-in-odessa\/#primaryimage\",\"url\":\"https:\/\/now-news.de\/de\/wp-content\/uploads\/sites\/3\/2024\/05\/China-beginnt-mit-Umzingelungsuebungen-rund-um-Taiwan.jpg\",\"contentUrl\":\"https:\/\/now-news.de\/de\/wp-content\/uploads\/sites\/3\/2024\/05\/China-beginnt-mit-Umzingelungsuebungen-rund-um-Taiwan.jpg\",\"width\":460,\"height\":259,\"caption\":\"China beginnt mit Umzingelungs\u00fcbungen rund um Taiwan\"},{\"@type\":\"BreadcrumbList\",\"@id\":\"https:\/\/now-news.de\/de\/deutschland\/europaeischer-gerichtshof-verurteilt-ukraine-fuer-duldung-von-gewalt-am-2-mai-2014-in-odessa\/#breadcrumb\",\"itemListElement\":[{\"@type\":\"ListItem\",\"position\":1,\"name\":\"Home\",\"item\":\"https:\/\/now-news.de\/de\/\"},{\"@type\":\"ListItem\",\"position\":2,\"name\":\"Europ\u00e4ischer Gerichtshof verurteilt Ukraine: F\u00fcr Duldung von Gewalt am 2. Mai 2014 in Odessa\"}]},{\"@type\":\"WebSite\",\"@id\":\"https:\/\/now-news.de\/de\/#website\",\"url\":\"https:\/\/now-news.de\/de\/\",\"name\":\"just-now.NEWS Deutschland\",\"description\":\"Das Portal f\u00fcr unzensierte Nachrichten aus der Welt\",\"publisher\":{\"@id\":\"https:\/\/now-news.de\/de\/#organization\"},\"potentialAction\":[{\"@type\":\"SearchAction\",\"target\":{\"@type\":\"EntryPoint\",\"urlTemplate\":\"https:\/\/now-news.de\/de\/?s={search_term_string}\"},\"query-input\":\"required name=search_term_string\"}],\"inLanguage\":\"de\"},{\"@type\":\"Organization\",\"@id\":\"https:\/\/now-news.de\/de\/#organization\",\"name\":\"Just Now News\",\"url\":\"https:\/\/now-news.de\/de\/\",\"logo\":{\"@type\":\"ImageObject\",\"inLanguage\":\"de\",\"@id\":\"https:\/\/now-news.de\/de\/#\/schema\/logo\/image\/\",\"url\":\"http:\/\/just-now.news\/de\/wp-content\/uploads\/sites\/3\/2022\/04\/logo500x500.jpg\",\"contentUrl\":\"http:\/\/just-now.news\/de\/wp-content\/uploads\/sites\/3\/2022\/04\/logo500x500.jpg\",\"width\":500,\"height\":500,\"caption\":\"Just Now News\"},\"image\":{\"@id\":\"https:\/\/now-news.de\/de\/#\/schema\/logo\/image\/\"},\"sameAs\":[\"https:\/\/www.facebook.com\/wirmachenauf\",\"https:\/\/x.com\/WirMachenAuf_de\"]},{\"@type\":\"Person\",\"@id\":\"https:\/\/now-news.de\/de\/#\/schema\/person\/fb534a4e865501d8b3285208df34a9b5\",\"name\":\"rtnews\",\"image\":{\"@type\":\"ImageObject\",\"inLanguage\":\"de\",\"@id\":\"https:\/\/now-news.de\/de\/#\/schema\/person\/image\/\",\"url\":\"https:\/\/secure.gravatar.com\/avatar\/82aafea7d8127119dd649515f56e2117?s=96&d=mm&r=g\",\"contentUrl\":\"https:\/\/secure.gravatar.com\/avatar\/82aafea7d8127119dd649515f56e2117?s=96&d=mm&r=g\",\"caption\":\"rtnews\"},\"url\":\"https:\/\/now-news.de\/de\/author\/rnews\/\"}]}<\/script>\n<!-- \/ Yoast SEO Premium plugin. -->","yoast_head_json":{"title":"Europ\u00e4ischer Gerichtshof verurteilt Ukraine: F\u00fcr Duldung von Gewalt am 2. Mai 2014 in Odessa - just-now.NEWS Deutschland","robots":{"index":"index","follow":"follow","max-snippet":"max-snippet:-1","max-image-preview":"max-image-preview:large","max-video-preview":"max-video-preview:-1"},"canonical":"https:\/\/now-news.de\/de\/deutschland\/europaeischer-gerichtshof-verurteilt-ukraine-fuer-duldung-von-gewalt-am-2-mai-2014-in-odessa\/","og_locale":"de_DE","og_type":"article","og_title":"Europ\u00e4ischer Gerichtshof verurteilt Ukraine: F\u00fcr Duldung von Gewalt am 2. Mai 2014 in Odessa","og_description":"Der EGMR verurteilte die Ukraine f\u00fcr das Vers\u00e4umnis, die Gewalt in Odessa am 2. Mai 2014 zu verhindern, keine rettenden Ma\u00dfnahmen zu ergreifen und T\u00e4ter strafrechtlich zu verfolgen. Der Europ\u00e4ische Gerichtshof f\u00fcr Menschenrechte (EGMR) entschied, dass die Ukraine gegen das Recht auf Leben versto\u00dfen hat, indem sie es vers\u00e4umte, die Gewalt in Odessa am 2. [&hellip;]","og_url":"https:\/\/now-news.de\/de\/deutschland\/europaeischer-gerichtshof-verurteilt-ukraine-fuer-duldung-von-gewalt-am-2-mai-2014-in-odessa\/","og_site_name":"just-now.NEWS Deutschland","article_publisher":"https:\/\/www.facebook.com\/wirmachenauf","article_published_time":"2025-03-13T12:41:31+00:00","og_image":[{"url":"https:\/\/now-news.de\/de\/wp-content\/uploads\/sites\/3\/2024\/05\/breaking3.jpg"}],"author":"rtnews","twitter_card":"summary_large_image","twitter_creator":"@WirMachenAuf_de","twitter_site":"@WirMachenAuf_de","twitter_misc":{"Verfasst von":"rtnews","Gesch\u00e4tzte Lesezeit":"1\u00a0Minute"},"schema":{"@context":"https:\/\/schema.org","@graph":[{"@type":"Article","@id":"https:\/\/now-news.de\/de\/deutschland\/europaeischer-gerichtshof-verurteilt-ukraine-fuer-duldung-von-gewalt-am-2-mai-2014-in-odessa\/#article","isPartOf":{"@id":"https:\/\/now-news.de\/de\/deutschland\/europaeischer-gerichtshof-verurteilt-ukraine-fuer-duldung-von-gewalt-am-2-mai-2014-in-odessa\/"},"author":{"name":"rtnews","@id":"https:\/\/now-news.de\/de\/#\/schema\/person\/fb534a4e865501d8b3285208df34a9b5"},"headline":"Europ\u00e4ischer Gerichtshof verurteilt Ukraine: F\u00fcr Duldung von Gewalt am 2. Mai 2014 in Odessa","datePublished":"2025-03-13T12:41:31+00:00","dateModified":"2025-03-13T12:41:31+00:00","mainEntityOfPage":{"@id":"https:\/\/now-news.de\/de\/deutschland\/europaeischer-gerichtshof-verurteilt-ukraine-fuer-duldung-von-gewalt-am-2-mai-2014-in-odessa\/"},"wordCount":257,"commentCount":0,"publisher":{"@id":"https:\/\/now-news.de\/de\/#organization"},"image":{"@id":"https:\/\/now-news.de\/de\/deutschland\/europaeischer-gerichtshof-verurteilt-ukraine-fuer-duldung-von-gewalt-am-2-mai-2014-in-odessa\/#primaryimage"},"thumbnailUrl":"https:\/\/now-news.de\/de\/wp-content\/uploads\/sites\/3\/2024\/05\/China-beginnt-mit-Umzingelungsuebungen-rund-um-Taiwan.jpg","keywords":["Duldung","europ\u00e4ischer","f\u00fcr","Gerichtshof","Gewalt","Mai","Odessa","ukraine","verurteilt","von"],"articleSection":["Deutschland","Russland"],"inLanguage":"de","potentialAction":[{"@type":"CommentAction","name":"Comment","target":["https:\/\/now-news.de\/de\/deutschland\/europaeischer-gerichtshof-verurteilt-ukraine-fuer-duldung-von-gewalt-am-2-mai-2014-in-odessa\/#respond"]}]},{"@type":"WebPage","@id":"https:\/\/now-news.de\/de\/deutschland\/europaeischer-gerichtshof-verurteilt-ukraine-fuer-duldung-von-gewalt-am-2-mai-2014-in-odessa\/","url":"https:\/\/now-news.de\/de\/deutschland\/europaeischer-gerichtshof-verurteilt-ukraine-fuer-duldung-von-gewalt-am-2-mai-2014-in-odessa\/","name":"Europ\u00e4ischer Gerichtshof verurteilt Ukraine: F\u00fcr Duldung von Gewalt am 2. Mai 2014 in Odessa - just-now.NEWS Deutschland","isPartOf":{"@id":"https:\/\/now-news.de\/de\/#website"},"primaryImageOfPage":{"@id":"https:\/\/now-news.de\/de\/deutschland\/europaeischer-gerichtshof-verurteilt-ukraine-fuer-duldung-von-gewalt-am-2-mai-2014-in-odessa\/#primaryimage"},"image":{"@id":"https:\/\/now-news.de\/de\/deutschland\/europaeischer-gerichtshof-verurteilt-ukraine-fuer-duldung-von-gewalt-am-2-mai-2014-in-odessa\/#primaryimage"},"thumbnailUrl":"https:\/\/now-news.de\/de\/wp-content\/uploads\/sites\/3\/2024\/05\/China-beginnt-mit-Umzingelungsuebungen-rund-um-Taiwan.jpg","datePublished":"2025-03-13T12:41:31+00:00","dateModified":"2025-03-13T12:41:31+00:00","breadcrumb":{"@id":"https:\/\/now-news.de\/de\/deutschland\/europaeischer-gerichtshof-verurteilt-ukraine-fuer-duldung-von-gewalt-am-2-mai-2014-in-odessa\/#breadcrumb"},"inLanguage":"de","potentialAction":[{"@type":"ReadAction","target":["https:\/\/now-news.de\/de\/deutschland\/europaeischer-gerichtshof-verurteilt-ukraine-fuer-duldung-von-gewalt-am-2-mai-2014-in-odessa\/"]}]},{"@type":"ImageObject","inLanguage":"de","@id":"https:\/\/now-news.de\/de\/deutschland\/europaeischer-gerichtshof-verurteilt-ukraine-fuer-duldung-von-gewalt-am-2-mai-2014-in-odessa\/#primaryimage","url":"https:\/\/now-news.de\/de\/wp-content\/uploads\/sites\/3\/2024\/05\/China-beginnt-mit-Umzingelungsuebungen-rund-um-Taiwan.jpg","contentUrl":"https:\/\/now-news.de\/de\/wp-content\/uploads\/sites\/3\/2024\/05\/China-beginnt-mit-Umzingelungsuebungen-rund-um-Taiwan.jpg","width":460,"height":259,"caption":"China beginnt mit Umzingelungs\u00fcbungen rund um Taiwan"},{"@type":"BreadcrumbList","@id":"https:\/\/now-news.de\/de\/deutschland\/europaeischer-gerichtshof-verurteilt-ukraine-fuer-duldung-von-gewalt-am-2-mai-2014-in-odessa\/#breadcrumb","itemListElement":[{"@type":"ListItem","position":1,"name":"Home","item":"https:\/\/now-news.de\/de\/"},{"@type":"ListItem","position":2,"name":"Europ\u00e4ischer Gerichtshof verurteilt Ukraine: F\u00fcr Duldung von Gewalt am 2. Mai 2014 in Odessa"}]},{"@type":"WebSite","@id":"https:\/\/now-news.de\/de\/#website","url":"https:\/\/now-news.de\/de\/","name":"just-now.NEWS Deutschland","description":"Das Portal f\u00fcr unzensierte Nachrichten aus der Welt","publisher":{"@id":"https:\/\/now-news.de\/de\/#organization"},"potentialAction":[{"@type":"SearchAction","target":{"@type":"EntryPoint","urlTemplate":"https:\/\/now-news.de\/de\/?s={search_term_string}"},"query-input":"required name=search_term_string"}],"inLanguage":"de"},{"@type":"Organization","@id":"https:\/\/now-news.de\/de\/#organization","name":"Just Now News","url":"https:\/\/now-news.de\/de\/","logo":{"@type":"ImageObject","inLanguage":"de","@id":"https:\/\/now-news.de\/de\/#\/schema\/logo\/image\/","url":"http:\/\/just-now.news\/de\/wp-content\/uploads\/sites\/3\/2022\/04\/logo500x500.jpg","contentUrl":"http:\/\/just-now.news\/de\/wp-content\/uploads\/sites\/3\/2022\/04\/logo500x500.jpg","width":500,"height":500,"caption":"Just Now News"},"image":{"@id":"https:\/\/now-news.de\/de\/#\/schema\/logo\/image\/"},"sameAs":["https:\/\/www.facebook.com\/wirmachenauf","https:\/\/x.com\/WirMachenAuf_de"]},{"@type":"Person","@id":"https:\/\/now-news.de\/de\/#\/schema\/person\/fb534a4e865501d8b3285208df34a9b5","name":"rtnews","image":{"@type":"ImageObject","inLanguage":"de","@id":"https:\/\/now-news.de\/de\/#\/schema\/person\/image\/","url":"https:\/\/secure.gravatar.com\/avatar\/82aafea7d8127119dd649515f56e2117?s=96&d=mm&r=g","contentUrl":"https:\/\/secure.gravatar.com\/avatar\/82aafea7d8127119dd649515f56e2117?s=96&d=mm&r=g","caption":"rtnews"},"url":"https:\/\/now-news.de\/de\/author\/rnews\/"}]}},"_links":{"self":[{"href":"https:\/\/now-news.de\/de\/wp-json\/wp\/v2\/posts\/80187"}],"collection":[{"href":"https:\/\/now-news.de\/de\/wp-json\/wp\/v2\/posts"}],"about":[{"href":"https:\/\/now-news.de\/de\/wp-json\/wp\/v2\/types\/post"}],"author":[{"embeddable":true,"href":"https:\/\/now-news.de\/de\/wp-json\/wp\/v2\/users\/3"}],"replies":[{"embeddable":true,"href":"https:\/\/now-news.de\/de\/wp-json\/wp\/v2\/comments?post=80187"}],"version-history":[{"count":0,"href":"https:\/\/now-news.de\/de\/wp-json\/wp\/v2\/posts\/80187\/revisions"}],"wp:featuredmedia":[{"embeddable":true,"href":"https:\/\/now-news.de\/de\/wp-json\/wp\/v2\/media\/58637"}],"wp:attachment":[{"href":"https:\/\/now-news.de\/de\/wp-json\/wp\/v2\/media?parent=80187"}],"wp:term":[{"taxonomy":"category","embeddable":true,"href":"https:\/\/now-news.de\/de\/wp-json\/wp\/v2\/categories?post=80187"},{"taxonomy":"post_tag","embeddable":true,"href":"https:\/\/now-news.de\/de\/wp-json\/wp\/v2\/tags?post=80187"}],"curies":[{"name":"wp","href":"https:\/\/api.w.org\/{rel}","templated":true}]}}