{"id":8018,"date":"2022-05-17T12:17:32","date_gmt":"2022-05-17T10:17:32","guid":{"rendered":"http:\/\/just-now.news\/de\/deutschland\/peskow-putin-weiss-wohin-er-das-land-fuehrt\/"},"modified":"2022-05-17T12:17:32","modified_gmt":"2022-05-17T10:17:32","slug":"peskow-putin-weiss-wohin-er-das-land-fuehrt","status":"publish","type":"post","link":"https:\/\/now-news.de\/de\/deutschland\/peskow-putin-weiss-wohin-er-das-land-fuehrt\/","title":{"rendered":"Peskow: &quot;Putin wei\u00df, wohin er das Land f\u00fchrt&quot;"},"content":{"rendered":"<div class=\"Text-root Text-type_5 ArticleView-text ViewText-root \">\n<p>W\u00e4hrend\u00a0eines Bildungsmarathons der\u00a0russischen Gesellschaft Snanije (&#8220;Wissen&#8221;) sagte Kremlsprecher Dmitri Peskow am Dienstag, dass Wladimir Putin aktuell von allen Generationen des Landes unterst\u00fctzt werde. In Bezug auf den Krieg in der Ukraine unterstrich er:<\/p>\n<blockquote>\n<p><em>&#8220;Wir sind zuversichtlich, dass alles gut wird, und wir sind zuversichtlich, dass wir gewinnen und alle Ziele erreichen werden. Unser Pr\u00e4sident wei\u00df, wohin er unser Land f\u00fchrt. Wir alle sehen, welchen politischen Konsens und welches Ma\u00df an Unterst\u00fctzung unser Pr\u00e4sident hat. Das ganze\u00a0Land unterst\u00fctzt ihn&#8221;. <\/em><\/p>\n<\/blockquote>\n<p>Peskow zufolge verlaufe die sogenannte Spezialoperation in der Ukraine nach Plan und &#8220;recht effektiv&#8221;.<\/p>\n<p>Der kollektive Westen unternehme alles, um zu verhindern, &#8220;dass Russland so lebt, wie es will&#8221;, bem\u00e4ngelte Peskow. &#8220;Manchmal scheint es, dass die blo\u00dfe Existenz Russlands ein erhebliches \u00c4rgernis f\u00fcr den kollektiven Westen darstellt.&#8221; Ihm zufolge k\u00f6nne Russland, das ein Achtel der Erdoberfl\u00e4che einnehme, jedoch nicht politisch, wirtschaftlich, diplomatisch oder informativ isoliert werden. Ein Staat verliere seine Souver\u00e4nit\u00e4t, wenn er seine Interessen nicht verteidige.<\/p>\n<div class=\"ReadMore-root Section-root Section-is1to3-xs_is1to1\" data-widgets=\"ReadMore\" data-has-alias>\n<div class=\"Section-container Section-isRow-isTop-isWrap\">\n<article class=\"Card-root Card-is1to1 \">\n<div class=\"Card-imageWrap\">\n<div class=\"Card-picture\">\n<picture class=\"Picture-root Picture-default\"><!--[if IE 9]><video style=\"display: none;\"><![endif]--><source media=\"(-webkit-min-device-pixel-ratio: 2) and (min-resolution: 120dpi)\" data-srcset=\" \nhttp:\/\/just-now.news\/de\/wp-content\/uploads\/sites\/3\/2022\/05\/628254c348fbef209415a8f0.jpg 850w,\n                http:\/\/just-now.news\/de\/wp-content\/uploads\/sites\/3\/2022\/05\/628254c248fbef209415a8ef.jpg 1960w,\n            \" ><source data-srcset=\" \nhttp:\/\/just-now.news\/de\/wp-content\/uploads\/sites\/3\/2022\/05\/628254c348fbef209415a8f0.jpg 460w,\n              http:\/\/just-now.news\/de\/wp-content\/uploads\/sites\/3\/2022\/05\/628254c248fbef209415a8ef.jpg 980w,\n            \" ><!--[if IE 9]><\/video><![endif]--><img decoding=\"async\" data- src=\"data:image\/png;base64,iVBORw0KGgoAAAANSUhEUgAAABAAAAAJCAQAAACRI2S5AAAAEElEQVR42mNkIAAYRxWAAQAG9gAKqv6+AwAAAABJRU5ErkJggg==\" class=\"Picture-root Picture-default lazyload\" data-src=\"http:\/\/just-now.news\/de\/wp-content\/uploads\/sites\/3\/2022\/05\/628254c348fbef209415a8f0.jpg\" alt='Moskau will Beziehungen zu unfreundlichen L\u00e4ndern \"radikal \u00fcberdenken\"'><\/source><\/source><\/picture><!-- noscript pattern --><noscript><img decoding=\"async\" src=\"http:\/\/just-now.news\/de\/wp-content\/uploads\/sites\/3\/2022\/05\/628254c248fbef209415a8ef.jpg\" alt='Moskau will Beziehungen zu unfreundlichen L\u00e4ndern \"radikal \u00fcberdenken\"'><\/noscript>    <\/div><\/div>\n<div class=\"Card-contentWrap\">\n<div class=\"Card-content\">\n<div class=\"Card-title\">\n<div class=\"HeaderNews-root HeaderNews-type_6 \">\n<p>            <a rel=\"nofollow noopener\" target=\"_blank\" href=\"https:\/\/de.rt.com\/international\/138588-moskau-will-beziehungen-zu-unfreundlichen\/\" class=\"Link-root Link-isFullCard \"><br \/>\n                Moskau will Beziehungen zu unfreundlichen L\u00e4ndern &#8220;radikal \u00fcberdenken&#8221;<br \/>\n            <\/a><\/p><\/div><\/div><\/div><\/div>\n<\/article>\n<\/div><\/div>\n<p>Westliche L\u00e4nder, einschlie\u00dflich der USA, die einen hybriden Krieg gegen Russland f\u00fchrten, seien mittlerweile von &#8220;unfreundlichen zu praktisch feindlichen&#8221; Staaten geworden. Peskow beschuldigte diese L\u00e4nder, einen diplomatischen, wirtschaftlichen und politischen Krieg gegen Russland zu f\u00fchren. Ihm zufolge werde die gegenw\u00e4rtige Krise jedoch in einer Welt enden, in der Russlands Stimme geh\u00f6rt werde:<\/p>\n<blockquote>\n<p><em>&#8220;Jeder Krieg endet mit dem Frieden, und dieser Frieden wird einer sein, in dem unsere Stimme geh\u00f6rt wird, in dem wir uns wohlf\u00fchlen, sicher sind und selbstbewusst auf unseren eigenen F\u00fc\u00dfen stehen werden&#8221;.<\/em><\/p>\n<\/blockquote>\n<p>Der Kremlsprecher betonte, dass Russland seine eigenen Technologien sowie soziale Netzwerke entwickeln m\u00fcsse, die weltweit gefragt sein w\u00fcrden. Trotz aktueller Importverbote gebe es &#8220;keinen Grund, in Verzweiflung zu geraten&#8221;. &#8220;Wir sind in der Lage, absolut alles selber herzustellen&#8221;, so Peskow.<\/p>\n<p>Berichte \u00fcber eine m\u00f6gliche T\u00fcrkei-Reise\u00a0des russischen Pr\u00e4sidenten\u00a0in den kommenden Tagen dementierte Peskow. Diese sei nicht geplant, wobei sich die Dinge schnell \u00e4ndern und alles m\u00f6glich sei. Zuvor hatten t\u00fcrkische Medien berichtet, dass der t\u00fcrkische Pr\u00e4sident Recep Tayyip Erdo\u011fan seinen russischen Amtskollegen zu einem Treffen nach Ankara eingeladen hatte.<\/p>\n<p><strong>Mehr zum Thema<\/strong> &#8211; <a rel=\"nofollow noopener\" target=\"_blank\" href=\"https:\/\/deutsch.rt.com\/russland\/138452-lawrow-westen-hat-russland-totalen-krieg-erklaert\/\">Lawrow: &#8220;Der Westen hat Russland den totalen hybriden Krieg erkl\u00e4rt&#8221;<\/a><\/p>\n<\/p>\n<\/div>\n<p><br \/>\n<br \/><a href=\"https:\/\/de.rt.com\/russland\/138642-peskow-putin-weiss-wohin-er\/\">Source link <\/a><\/p>\n","protected":false},"excerpt":{"rendered":"<p>W\u00e4hrend\u00a0eines Bildungsmarathons der\u00a0russischen Gesellschaft Snanije (&#8220;Wissen&#8221;) sagte Kremlsprecher Dmitri Peskow am Dienstag, dass Wladimir Putin aktuell von allen Generationen des Landes unterst\u00fctzt werde. In Bezug auf den Krieg in der Ukraine unterstrich er: &#8220;Wir sind zuversichtlich, dass alles gut wird, und wir sind zuversichtlich, dass wir gewinnen und alle Ziele erreichen werden. Unser Pr\u00e4sident wei\u00df, [&hellip;]<\/p>\n","protected":false},"author":3,"featured_media":7973,"comment_status":"open","ping_status":"open","sticky":false,"template":"","format":"standard","meta":{"wp_automatic_camp":["217"],"353baab958f4893b9c2c65357bb8d663":["Peskow: &quot;Putin wei\u00df, wohin er das Land f\u00fchrt&quot;"],"original_link":["https:\/\/de.rt.com\/russland\/138642-peskow-putin-weiss-wohin-er\/"],"_thumbnail_id":["7973"],"jnews_social_counter_last_update":["1777353887"],"_wptg_p2tg_sent2tg":["2022-05-17 12:34:08"]},"categories":[19,23],"tags":[427,20544,7414,18597,9480,20543,4561],"yoast_head":"<!-- This site is optimized with the Yoast SEO Premium plugin v22.7 (Yoast SEO v22.7) - https:\/\/yoast.com\/wordpress\/plugins\/seo\/ -->\n<title>Peskow: &quot;Putin wei\u00df, wohin er das Land f\u00fchrt&quot; - just-now.NEWS Deutschland<\/title>\n<meta name=\"robots\" content=\"index, follow, max-snippet:-1, max-image-preview:large, max-video-preview:-1\" \/>\n<link rel=\"canonical\" href=\"https:\/\/now-news.de\/de\/deutschland\/peskow-putin-weiss-wohin-er-das-land-fuehrt\/\" \/>\n<meta property=\"og:locale\" content=\"de_DE\" \/>\n<meta property=\"og:type\" content=\"article\" \/>\n<meta property=\"og:title\" content=\"Peskow: &quot;Putin wei\u00df, wohin er das Land f\u00fchrt&quot;\" \/>\n<meta property=\"og:description\" content=\"W\u00e4hrend\u00a0eines Bildungsmarathons der\u00a0russischen Gesellschaft Snanije (&#8220;Wissen&#8221;) sagte Kremlsprecher Dmitri Peskow am Dienstag, dass Wladimir Putin aktuell von allen Generationen des Landes unterst\u00fctzt werde. In Bezug auf den Krieg in der Ukraine unterstrich er: &#8220;Wir sind zuversichtlich, dass alles gut wird, und wir sind zuversichtlich, dass wir gewinnen und alle Ziele erreichen werden. Unser Pr\u00e4sident wei\u00df, [&hellip;]\" \/>\n<meta property=\"og:url\" content=\"https:\/\/now-news.de\/de\/deutschland\/peskow-putin-weiss-wohin-er-das-land-fuehrt\/\" \/>\n<meta property=\"og:site_name\" content=\"just-now.NEWS Deutschland\" \/>\n<meta property=\"article:publisher\" content=\"https:\/\/www.facebook.com\/wirmachenauf\" \/>\n<meta property=\"article:published_time\" content=\"2022-05-17T10:17:32+00:00\" \/>\n<meta property=\"og:image\" content=\"https:\/\/now-news.de\/de\/wp-content\/uploads\/sites\/3\/2022\/05\/Moskau-will-Beziehungen-zu-unfreundlichen-Laendern-quotradikal-ueberdenkenquot.jpg\" \/>\n\t<meta property=\"og:image:width\" content=\"460\" \/>\n\t<meta property=\"og:image:height\" content=\"259\" \/>\n\t<meta property=\"og:image:type\" content=\"image\/jpeg\" \/>\n<meta name=\"author\" content=\"rtnews\" \/>\n<meta name=\"twitter:card\" content=\"summary_large_image\" \/>\n<meta name=\"twitter:creator\" content=\"@WirMachenAuf_de\" \/>\n<meta name=\"twitter:site\" content=\"@WirMachenAuf_de\" \/>\n<meta name=\"twitter:label1\" content=\"Verfasst von\" \/>\n\t<meta name=\"twitter:data1\" content=\"rtnews\" \/>\n\t<meta name=\"twitter:label2\" content=\"Gesch\u00e4tzte Lesezeit\" \/>\n\t<meta name=\"twitter:data2\" content=\"2\u00a0Minuten\" \/>\n<script type=\"application\/ld+json\" class=\"yoast-schema-graph\">{\"@context\":\"https:\/\/schema.org\",\"@graph\":[{\"@type\":\"Article\",\"@id\":\"https:\/\/now-news.de\/de\/deutschland\/peskow-putin-weiss-wohin-er-das-land-fuehrt\/#article\",\"isPartOf\":{\"@id\":\"https:\/\/now-news.de\/de\/deutschland\/peskow-putin-weiss-wohin-er-das-land-fuehrt\/\"},\"author\":{\"name\":\"rtnews\",\"@id\":\"https:\/\/now-news.de\/de\/#\/schema\/person\/fb534a4e865501d8b3285208df34a9b5\"},\"headline\":\"Peskow: &quot;Putin wei\u00df, wohin er das Land f\u00fchrt&quot;\",\"datePublished\":\"2022-05-17T10:17:32+00:00\",\"dateModified\":\"2022-05-17T10:17:32+00:00\",\"mainEntityOfPage\":{\"@id\":\"https:\/\/now-news.de\/de\/deutschland\/peskow-putin-weiss-wohin-er-das-land-fuehrt\/\"},\"wordCount\":405,\"commentCount\":0,\"publisher\":{\"@id\":\"https:\/\/now-news.de\/de\/#organization\"},\"image\":{\"@id\":\"https:\/\/now-news.de\/de\/deutschland\/peskow-putin-weiss-wohin-er-das-land-fuehrt\/#primaryimage\"},\"thumbnailUrl\":\"https:\/\/now-news.de\/de\/wp-content\/uploads\/sites\/3\/2022\/05\/Moskau-will-Beziehungen-zu-unfreundlichen-Laendern-quotradikal-ueberdenkenquot.jpg\",\"keywords\":[\"das\",\"f\u00fchrtquot\",\"Land\",\"Peskow\",\"quotPutin\",\"wei\u00df\",\"Wohin\"],\"articleSection\":[\"Deutschland\",\"Russland\"],\"inLanguage\":\"de\",\"potentialAction\":[{\"@type\":\"CommentAction\",\"name\":\"Comment\",\"target\":[\"https:\/\/now-news.de\/de\/deutschland\/peskow-putin-weiss-wohin-er-das-land-fuehrt\/#respond\"]}]},{\"@type\":\"WebPage\",\"@id\":\"https:\/\/now-news.de\/de\/deutschland\/peskow-putin-weiss-wohin-er-das-land-fuehrt\/\",\"url\":\"https:\/\/now-news.de\/de\/deutschland\/peskow-putin-weiss-wohin-er-das-land-fuehrt\/\",\"name\":\"Peskow: &quot;Putin wei\u00df, wohin er das Land f\u00fchrt&quot; - just-now.NEWS Deutschland\",\"isPartOf\":{\"@id\":\"https:\/\/now-news.de\/de\/#website\"},\"primaryImageOfPage\":{\"@id\":\"https:\/\/now-news.de\/de\/deutschland\/peskow-putin-weiss-wohin-er-das-land-fuehrt\/#primaryimage\"},\"image\":{\"@id\":\"https:\/\/now-news.de\/de\/deutschland\/peskow-putin-weiss-wohin-er-das-land-fuehrt\/#primaryimage\"},\"thumbnailUrl\":\"https:\/\/now-news.de\/de\/wp-content\/uploads\/sites\/3\/2022\/05\/Moskau-will-Beziehungen-zu-unfreundlichen-Laendern-quotradikal-ueberdenkenquot.jpg\",\"datePublished\":\"2022-05-17T10:17:32+00:00\",\"dateModified\":\"2022-05-17T10:17:32+00:00\",\"breadcrumb\":{\"@id\":\"https:\/\/now-news.de\/de\/deutschland\/peskow-putin-weiss-wohin-er-das-land-fuehrt\/#breadcrumb\"},\"inLanguage\":\"de\",\"potentialAction\":[{\"@type\":\"ReadAction\",\"target\":[\"https:\/\/now-news.de\/de\/deutschland\/peskow-putin-weiss-wohin-er-das-land-fuehrt\/\"]}]},{\"@type\":\"ImageObject\",\"inLanguage\":\"de\",\"@id\":\"https:\/\/now-news.de\/de\/deutschland\/peskow-putin-weiss-wohin-er-das-land-fuehrt\/#primaryimage\",\"url\":\"https:\/\/now-news.de\/de\/wp-content\/uploads\/sites\/3\/2022\/05\/Moskau-will-Beziehungen-zu-unfreundlichen-Laendern-quotradikal-ueberdenkenquot.jpg\",\"contentUrl\":\"https:\/\/now-news.de\/de\/wp-content\/uploads\/sites\/3\/2022\/05\/Moskau-will-Beziehungen-zu-unfreundlichen-Laendern-quotradikal-ueberdenkenquot.jpg\",\"width\":460,\"height\":259,\"caption\":\"Moskau will Beziehungen zu unfreundlichen L\u00e4ndern &quot;radikal \u00fcberdenken&quot;\"},{\"@type\":\"BreadcrumbList\",\"@id\":\"https:\/\/now-news.de\/de\/deutschland\/peskow-putin-weiss-wohin-er-das-land-fuehrt\/#breadcrumb\",\"itemListElement\":[{\"@type\":\"ListItem\",\"position\":1,\"name\":\"Home\",\"item\":\"https:\/\/now-news.de\/de\/\"},{\"@type\":\"ListItem\",\"position\":2,\"name\":\"Peskow: &quot;Putin wei\u00df, wohin er das Land f\u00fchrt&quot;\"}]},{\"@type\":\"WebSite\",\"@id\":\"https:\/\/now-news.de\/de\/#website\",\"url\":\"https:\/\/now-news.de\/de\/\",\"name\":\"just-now.NEWS Deutschland\",\"description\":\"Das Portal f\u00fcr unzensierte Nachrichten aus der Welt\",\"publisher\":{\"@id\":\"https:\/\/now-news.de\/de\/#organization\"},\"potentialAction\":[{\"@type\":\"SearchAction\",\"target\":{\"@type\":\"EntryPoint\",\"urlTemplate\":\"https:\/\/now-news.de\/de\/?s={search_term_string}\"},\"query-input\":\"required name=search_term_string\"}],\"inLanguage\":\"de\"},{\"@type\":\"Organization\",\"@id\":\"https:\/\/now-news.de\/de\/#organization\",\"name\":\"Just Now News\",\"url\":\"https:\/\/now-news.de\/de\/\",\"logo\":{\"@type\":\"ImageObject\",\"inLanguage\":\"de\",\"@id\":\"https:\/\/now-news.de\/de\/#\/schema\/logo\/image\/\",\"url\":\"http:\/\/just-now.news\/de\/wp-content\/uploads\/sites\/3\/2022\/04\/logo500x500.jpg\",\"contentUrl\":\"http:\/\/just-now.news\/de\/wp-content\/uploads\/sites\/3\/2022\/04\/logo500x500.jpg\",\"width\":500,\"height\":500,\"caption\":\"Just Now News\"},\"image\":{\"@id\":\"https:\/\/now-news.de\/de\/#\/schema\/logo\/image\/\"},\"sameAs\":[\"https:\/\/www.facebook.com\/wirmachenauf\",\"https:\/\/x.com\/WirMachenAuf_de\"]},{\"@type\":\"Person\",\"@id\":\"https:\/\/now-news.de\/de\/#\/schema\/person\/fb534a4e865501d8b3285208df34a9b5\",\"name\":\"rtnews\",\"image\":{\"@type\":\"ImageObject\",\"inLanguage\":\"de\",\"@id\":\"https:\/\/now-news.de\/de\/#\/schema\/person\/image\/\",\"url\":\"https:\/\/secure.gravatar.com\/avatar\/82aafea7d8127119dd649515f56e2117?s=96&d=mm&r=g\",\"contentUrl\":\"https:\/\/secure.gravatar.com\/avatar\/82aafea7d8127119dd649515f56e2117?s=96&d=mm&r=g\",\"caption\":\"rtnews\"},\"url\":\"https:\/\/now-news.de\/de\/author\/rnews\/\"}]}<\/script>\n<!-- \/ Yoast SEO Premium plugin. -->","yoast_head_json":{"title":"Peskow: &quot;Putin wei\u00df, wohin er das Land f\u00fchrt&quot; - just-now.NEWS Deutschland","robots":{"index":"index","follow":"follow","max-snippet":"max-snippet:-1","max-image-preview":"max-image-preview:large","max-video-preview":"max-video-preview:-1"},"canonical":"https:\/\/now-news.de\/de\/deutschland\/peskow-putin-weiss-wohin-er-das-land-fuehrt\/","og_locale":"de_DE","og_type":"article","og_title":"Peskow: &quot;Putin wei\u00df, wohin er das Land f\u00fchrt&quot;","og_description":"W\u00e4hrend\u00a0eines Bildungsmarathons der\u00a0russischen Gesellschaft Snanije (&#8220;Wissen&#8221;) sagte Kremlsprecher Dmitri Peskow am Dienstag, dass Wladimir Putin aktuell von allen Generationen des Landes unterst\u00fctzt werde. In Bezug auf den Krieg in der Ukraine unterstrich er: &#8220;Wir sind zuversichtlich, dass alles gut wird, und wir sind zuversichtlich, dass wir gewinnen und alle Ziele erreichen werden. Unser Pr\u00e4sident wei\u00df, [&hellip;]","og_url":"https:\/\/now-news.de\/de\/deutschland\/peskow-putin-weiss-wohin-er-das-land-fuehrt\/","og_site_name":"just-now.NEWS Deutschland","article_publisher":"https:\/\/www.facebook.com\/wirmachenauf","article_published_time":"2022-05-17T10:17:32+00:00","og_image":[{"width":460,"height":259,"url":"https:\/\/now-news.de\/de\/wp-content\/uploads\/sites\/3\/2022\/05\/Moskau-will-Beziehungen-zu-unfreundlichen-Laendern-quotradikal-ueberdenkenquot.jpg","type":"image\/jpeg"}],"author":"rtnews","twitter_card":"summary_large_image","twitter_creator":"@WirMachenAuf_de","twitter_site":"@WirMachenAuf_de","twitter_misc":{"Verfasst von":"rtnews","Gesch\u00e4tzte Lesezeit":"2\u00a0Minuten"},"schema":{"@context":"https:\/\/schema.org","@graph":[{"@type":"Article","@id":"https:\/\/now-news.de\/de\/deutschland\/peskow-putin-weiss-wohin-er-das-land-fuehrt\/#article","isPartOf":{"@id":"https:\/\/now-news.de\/de\/deutschland\/peskow-putin-weiss-wohin-er-das-land-fuehrt\/"},"author":{"name":"rtnews","@id":"https:\/\/now-news.de\/de\/#\/schema\/person\/fb534a4e865501d8b3285208df34a9b5"},"headline":"Peskow: &quot;Putin wei\u00df, wohin er das Land f\u00fchrt&quot;","datePublished":"2022-05-17T10:17:32+00:00","dateModified":"2022-05-17T10:17:32+00:00","mainEntityOfPage":{"@id":"https:\/\/now-news.de\/de\/deutschland\/peskow-putin-weiss-wohin-er-das-land-fuehrt\/"},"wordCount":405,"commentCount":0,"publisher":{"@id":"https:\/\/now-news.de\/de\/#organization"},"image":{"@id":"https:\/\/now-news.de\/de\/deutschland\/peskow-putin-weiss-wohin-er-das-land-fuehrt\/#primaryimage"},"thumbnailUrl":"https:\/\/now-news.de\/de\/wp-content\/uploads\/sites\/3\/2022\/05\/Moskau-will-Beziehungen-zu-unfreundlichen-Laendern-quotradikal-ueberdenkenquot.jpg","keywords":["das","f\u00fchrtquot","Land","Peskow","quotPutin","wei\u00df","Wohin"],"articleSection":["Deutschland","Russland"],"inLanguage":"de","potentialAction":[{"@type":"CommentAction","name":"Comment","target":["https:\/\/now-news.de\/de\/deutschland\/peskow-putin-weiss-wohin-er-das-land-fuehrt\/#respond"]}]},{"@type":"WebPage","@id":"https:\/\/now-news.de\/de\/deutschland\/peskow-putin-weiss-wohin-er-das-land-fuehrt\/","url":"https:\/\/now-news.de\/de\/deutschland\/peskow-putin-weiss-wohin-er-das-land-fuehrt\/","name":"Peskow: &quot;Putin wei\u00df, wohin er das Land f\u00fchrt&quot; - just-now.NEWS Deutschland","isPartOf":{"@id":"https:\/\/now-news.de\/de\/#website"},"primaryImageOfPage":{"@id":"https:\/\/now-news.de\/de\/deutschland\/peskow-putin-weiss-wohin-er-das-land-fuehrt\/#primaryimage"},"image":{"@id":"https:\/\/now-news.de\/de\/deutschland\/peskow-putin-weiss-wohin-er-das-land-fuehrt\/#primaryimage"},"thumbnailUrl":"https:\/\/now-news.de\/de\/wp-content\/uploads\/sites\/3\/2022\/05\/Moskau-will-Beziehungen-zu-unfreundlichen-Laendern-quotradikal-ueberdenkenquot.jpg","datePublished":"2022-05-17T10:17:32+00:00","dateModified":"2022-05-17T10:17:32+00:00","breadcrumb":{"@id":"https:\/\/now-news.de\/de\/deutschland\/peskow-putin-weiss-wohin-er-das-land-fuehrt\/#breadcrumb"},"inLanguage":"de","potentialAction":[{"@type":"ReadAction","target":["https:\/\/now-news.de\/de\/deutschland\/peskow-putin-weiss-wohin-er-das-land-fuehrt\/"]}]},{"@type":"ImageObject","inLanguage":"de","@id":"https:\/\/now-news.de\/de\/deutschland\/peskow-putin-weiss-wohin-er-das-land-fuehrt\/#primaryimage","url":"https:\/\/now-news.de\/de\/wp-content\/uploads\/sites\/3\/2022\/05\/Moskau-will-Beziehungen-zu-unfreundlichen-Laendern-quotradikal-ueberdenkenquot.jpg","contentUrl":"https:\/\/now-news.de\/de\/wp-content\/uploads\/sites\/3\/2022\/05\/Moskau-will-Beziehungen-zu-unfreundlichen-Laendern-quotradikal-ueberdenkenquot.jpg","width":460,"height":259,"caption":"Moskau will Beziehungen zu unfreundlichen L\u00e4ndern &quot;radikal \u00fcberdenken&quot;"},{"@type":"BreadcrumbList","@id":"https:\/\/now-news.de\/de\/deutschland\/peskow-putin-weiss-wohin-er-das-land-fuehrt\/#breadcrumb","itemListElement":[{"@type":"ListItem","position":1,"name":"Home","item":"https:\/\/now-news.de\/de\/"},{"@type":"ListItem","position":2,"name":"Peskow: &quot;Putin wei\u00df, wohin er das Land f\u00fchrt&quot;"}]},{"@type":"WebSite","@id":"https:\/\/now-news.de\/de\/#website","url":"https:\/\/now-news.de\/de\/","name":"just-now.NEWS Deutschland","description":"Das Portal f\u00fcr unzensierte Nachrichten aus der Welt","publisher":{"@id":"https:\/\/now-news.de\/de\/#organization"},"potentialAction":[{"@type":"SearchAction","target":{"@type":"EntryPoint","urlTemplate":"https:\/\/now-news.de\/de\/?s={search_term_string}"},"query-input":"required name=search_term_string"}],"inLanguage":"de"},{"@type":"Organization","@id":"https:\/\/now-news.de\/de\/#organization","name":"Just Now News","url":"https:\/\/now-news.de\/de\/","logo":{"@type":"ImageObject","inLanguage":"de","@id":"https:\/\/now-news.de\/de\/#\/schema\/logo\/image\/","url":"http:\/\/just-now.news\/de\/wp-content\/uploads\/sites\/3\/2022\/04\/logo500x500.jpg","contentUrl":"http:\/\/just-now.news\/de\/wp-content\/uploads\/sites\/3\/2022\/04\/logo500x500.jpg","width":500,"height":500,"caption":"Just Now News"},"image":{"@id":"https:\/\/now-news.de\/de\/#\/schema\/logo\/image\/"},"sameAs":["https:\/\/www.facebook.com\/wirmachenauf","https:\/\/x.com\/WirMachenAuf_de"]},{"@type":"Person","@id":"https:\/\/now-news.de\/de\/#\/schema\/person\/fb534a4e865501d8b3285208df34a9b5","name":"rtnews","image":{"@type":"ImageObject","inLanguage":"de","@id":"https:\/\/now-news.de\/de\/#\/schema\/person\/image\/","url":"https:\/\/secure.gravatar.com\/avatar\/82aafea7d8127119dd649515f56e2117?s=96&d=mm&r=g","contentUrl":"https:\/\/secure.gravatar.com\/avatar\/82aafea7d8127119dd649515f56e2117?s=96&d=mm&r=g","caption":"rtnews"},"url":"https:\/\/now-news.de\/de\/author\/rnews\/"}]}},"_links":{"self":[{"href":"https:\/\/now-news.de\/de\/wp-json\/wp\/v2\/posts\/8018"}],"collection":[{"href":"https:\/\/now-news.de\/de\/wp-json\/wp\/v2\/posts"}],"about":[{"href":"https:\/\/now-news.de\/de\/wp-json\/wp\/v2\/types\/post"}],"author":[{"embeddable":true,"href":"https:\/\/now-news.de\/de\/wp-json\/wp\/v2\/users\/3"}],"replies":[{"embeddable":true,"href":"https:\/\/now-news.de\/de\/wp-json\/wp\/v2\/comments?post=8018"}],"version-history":[{"count":0,"href":"https:\/\/now-news.de\/de\/wp-json\/wp\/v2\/posts\/8018\/revisions"}],"wp:featuredmedia":[{"embeddable":true,"href":"https:\/\/now-news.de\/de\/wp-json\/wp\/v2\/media\/7973"}],"wp:attachment":[{"href":"https:\/\/now-news.de\/de\/wp-json\/wp\/v2\/media?parent=8018"}],"wp:term":[{"taxonomy":"category","embeddable":true,"href":"https:\/\/now-news.de\/de\/wp-json\/wp\/v2\/categories?post=8018"},{"taxonomy":"post_tag","embeddable":true,"href":"https:\/\/now-news.de\/de\/wp-json\/wp\/v2\/tags?post=8018"}],"curies":[{"name":"wp","href":"https:\/\/api.w.org\/{rel}","templated":true}]}}