{"id":80162,"date":"2025-03-12T23:05:42","date_gmt":"2025-03-12T21:05:42","guid":{"rendered":"https:\/\/now-news.de\/de\/deutschland\/ukrainische-organhaendlerin-in-polen-verhaftet\/"},"modified":"2025-03-12T23:05:42","modified_gmt":"2025-03-12T21:05:42","slug":"ukrainische-organhaendlerin-in-polen-verhaftet","status":"publish","type":"post","link":"https:\/\/now-news.de\/de\/deutschland\/ukrainische-organhaendlerin-in-polen-verhaftet\/","title":{"rendered":"Ukrainische Organh\u00e4ndlerin in Polen verhaftet"},"content":{"rendered":"<p><img decoding=\"async\" src=\"https:\/\/now-news.de\/de\/wp-content\/uploads\/sites\/3\/2025\/03\/67d1ed05b480cc79b677d7d1.jpg\" \/><\/p>\n<div class=\"Text-root Text-type_1 \">\n                Schon seit Jahren hei\u00dft es immer wieder, die Ukraine sei eines der Zentren des Organhandels. Eine Festnahme in Polen scheint nun entsprechende Vermutungen zu best\u00e4tigen. Vor allem, weil die Festgenommene in der Ukraine nicht behelligt wurde \u2013 trotz internationalen Haftbefehls.\n            <\/div>\n<p><\/p>\n<div class=\"Text-root Text-type_5 ArticleView-text ViewText-root \">\n<p>Die polnischen Beh\u00f6rden haben eine 35-j\u00e4hrige Ukrainerin festgenommen, die in Kasachstan wegen Organhandels verurteilt wurde.<\/p>\n<p>Nach offiziellen polnischen Angaben handelt es sich um Xenia P.; die Fl\u00fcchtige wurde wegen illegaler Entnahme menschlichen Gewebes verurteilt, darunter Nieren von 56 Opfern im gesamten postsowjetischen Raum und in Thailand,\u00a0so das B\u00fcro der Bezirksstaatsanwaltschaft in Przemysl<\/p>\n<p>Sie wurde letzte Woche bei der \u00dcberquerung der Grenze zur Ukraine im Zug festgenommen, wegen eines internationalen Haftbefehls von Interpol, sagte Marta Petkowska, Sprecherin der Staatsanwaltschaft, am Dienstag auf einer Pressekonferenz.<\/p>\n<p>Xenia P. stand seit November 2020 auf der internationalen Fahndungsliste, weil Kasachstan ihre Auslieferung wegen einer Haftstrafe von zw\u00f6lf Jahren forderte, die f\u00fcr Verbrechen verh\u00e4ngt wurde, die zwischen 2017 und 2019 begangen wurden.<\/p>\n<p>Moskau hat wiederholt gewarnt, dass Organhandel in der heutigen Ukraine ein ertragreiches kriminelles Gewerbe sei, das von der Korruption der Regierung, einer hohen Zahl m\u00f6glicher Opfer und der Nachfrage skrupelloser K\u00e4ufer in EU-L\u00e4ndern\u00a0<a rel=\"nofollow noopener\" target=\"_blank\" href=\"https:\/\/rtd.rt.com\/trailers\/tanks-for-kidneys\/\">angetrieben<\/a>\u00a0werde.<\/p>\n<p>Russland erkl\u00e4rt, dass die Regierung in Kiew diesen illegalen Handel durch eine Aufweichung der Regelungen f\u00fcr Transplantationen und Organentnahmen erleichtert habe, auch in der Frage der Zustimmung der Spender. J\u00fcngst erst hatte das ukrainische Parlament beschlossen, eine Organentnahme sei auch ohne Zustimmung der Angeh\u00f6rigen legal.<\/p>\n<p>Im Juni 2024 berichteten ukrainische Medien, es werde gegen einen ehemaligen stellvertretenden Gesundheitsminister wegen Verschw\u00f6rung zur illegalen Organentnahme in einem Kiewer Krankenhaus ermittelt. Immer wieder kursieren auch Ger\u00fcchte, in Kliniken in Frontn\u00e4he w\u00fcrden systematisch Organe entnommen.<\/p>\n<p><strong>Mehr zum Thema<\/strong> &#8211;\u00a0<a rel=\"nofollow noopener\" target=\"_blank\" href=\"https:\/\/freedert.online\/europa\/177286-schmutziger-organhandel-in-ukraine-wie-ukraine-wie-wahr-sind-vorwuerfe\/\">Schmutziger Organhandel in der Ukraine \u2013 Wie wahr sind die Vorw\u00fcrfe?<\/a><\/p>\n<div class=\"EmbedBlock-root EmbedBlock-externalVideo EmbedBlock-odysee\">\n<div class=\"VkEmbed\"><iframe class=\"lazyload\" data-src=\"https:\/\/odysee.com\/%24\/embed\/%40RTDE%3Ae%2FSacharowa_Ukraine_ist_weltweit_f%C3%BChrend_beim_illegalen_Organhandel%3Aa\" frameborder=\"0\" width=\"853\" height=\"480\" allowfullscreen><\/iframe><\/div>\n<\/div>\n<\/div>\n<p><br \/>\n<br \/><a href=\"https:\/\/de.rt.com\/europa\/239378-ukrainische-organhaendlerin-in-polen-verhaftet\/\">Source link <\/a><\/p>\n","protected":false},"excerpt":{"rendered":"<p>Schon seit Jahren hei\u00dft es immer wieder, die Ukraine sei eines der Zentren des Organhandels. Eine Festnahme in Polen scheint nun entsprechende Vermutungen zu best\u00e4tigen. Vor allem, weil die Festgenommene in der Ukraine nicht behelligt wurde \u2013 trotz internationalen Haftbefehls. Die polnischen Beh\u00f6rden haben eine 35-j\u00e4hrige Ukrainerin festgenommen, die in Kasachstan wegen Organhandels verurteilt wurde. [&hellip;]<\/p>\n","protected":false},"author":3,"featured_media":80163,"comment_status":"open","ping_status":"open","sticky":false,"template":"","format":"standard","meta":{"_yoast_indexnow_last_ping":["1741813639"],"wp_automatic_camp":["217"],"165fd7fffa6855d184a0aebc76d31e2b":["Ukrainische Organh\u00e4ndlerin in Polen verhaftet"],"original_link":["https:\/\/de.rt.com\/europa\/239378-ukrainische-organhaendlerin-in-polen-verhaftet\/"],"_thumbnail_id":["80163"],"jnews_social_counter_last_update":["1777461005"],"_wptgpro_p2tg_sent2tg":["a:1:{i:23737;s:19:\"2025-03-12 23:08:25\";}"]},"categories":[19,23],"tags":[63412,5850,905,8346],"yoast_head":"<!-- This site is optimized with the Yoast SEO Premium plugin v22.7 (Yoast SEO v22.7) - https:\/\/yoast.com\/wordpress\/plugins\/seo\/ -->\n<title>Ukrainische Organh\u00e4ndlerin in Polen verhaftet - just-now.NEWS Deutschland<\/title>\n<meta name=\"robots\" content=\"index, follow, max-snippet:-1, max-image-preview:large, max-video-preview:-1\" \/>\n<link rel=\"canonical\" href=\"https:\/\/now-news.de\/de\/deutschland\/ukrainische-organhaendlerin-in-polen-verhaftet\/\" \/>\n<meta property=\"og:locale\" content=\"de_DE\" \/>\n<meta property=\"og:type\" content=\"article\" \/>\n<meta property=\"og:title\" content=\"Ukrainische Organh\u00e4ndlerin in Polen verhaftet\" \/>\n<meta property=\"og:description\" content=\"Schon seit Jahren hei\u00dft es immer wieder, die Ukraine sei eines der Zentren des Organhandels. Eine Festnahme in Polen scheint nun entsprechende Vermutungen zu best\u00e4tigen. Vor allem, weil die Festgenommene in der Ukraine nicht behelligt wurde \u2013 trotz internationalen Haftbefehls. Die polnischen Beh\u00f6rden haben eine 35-j\u00e4hrige Ukrainerin festgenommen, die in Kasachstan wegen Organhandels verurteilt wurde. [&hellip;]\" \/>\n<meta property=\"og:url\" content=\"https:\/\/now-news.de\/de\/deutschland\/ukrainische-organhaendlerin-in-polen-verhaftet\/\" \/>\n<meta property=\"og:site_name\" content=\"just-now.NEWS Deutschland\" \/>\n<meta property=\"article:publisher\" content=\"https:\/\/www.facebook.com\/wirmachenauf\" \/>\n<meta property=\"article:published_time\" content=\"2025-03-12T21:05:42+00:00\" \/>\n<meta property=\"og:image\" content=\"https:\/\/now-news.de\/de\/wp-content\/uploads\/sites\/3\/2025\/03\/67d1ed05b480cc79b677d7d1.jpg\" \/>\n<meta name=\"author\" content=\"rtnews\" \/>\n<meta name=\"twitter:card\" content=\"summary_large_image\" \/>\n<meta name=\"twitter:creator\" content=\"@WirMachenAuf_de\" \/>\n<meta name=\"twitter:site\" content=\"@WirMachenAuf_de\" \/>\n<meta name=\"twitter:label1\" content=\"Verfasst von\" \/>\n\t<meta name=\"twitter:data1\" content=\"rtnews\" \/>\n\t<meta name=\"twitter:label2\" content=\"Gesch\u00e4tzte Lesezeit\" \/>\n\t<meta name=\"twitter:data2\" content=\"2\u00a0Minuten\" \/>\n<script type=\"application\/ld+json\" class=\"yoast-schema-graph\">{\"@context\":\"https:\/\/schema.org\",\"@graph\":[{\"@type\":\"Article\",\"@id\":\"https:\/\/now-news.de\/de\/deutschland\/ukrainische-organhaendlerin-in-polen-verhaftet\/#article\",\"isPartOf\":{\"@id\":\"https:\/\/now-news.de\/de\/deutschland\/ukrainische-organhaendlerin-in-polen-verhaftet\/\"},\"author\":{\"name\":\"rtnews\",\"@id\":\"https:\/\/now-news.de\/de\/#\/schema\/person\/fb534a4e865501d8b3285208df34a9b5\"},\"headline\":\"Ukrainische Organh\u00e4ndlerin in Polen verhaftet\",\"datePublished\":\"2025-03-12T21:05:42+00:00\",\"dateModified\":\"2025-03-12T21:05:42+00:00\",\"mainEntityOfPage\":{\"@id\":\"https:\/\/now-news.de\/de\/deutschland\/ukrainische-organhaendlerin-in-polen-verhaftet\/\"},\"wordCount\":311,\"commentCount\":0,\"publisher\":{\"@id\":\"https:\/\/now-news.de\/de\/#organization\"},\"image\":{\"@id\":\"https:\/\/now-news.de\/de\/deutschland\/ukrainische-organhaendlerin-in-polen-verhaftet\/#primaryimage\"},\"thumbnailUrl\":\"https:\/\/now-news.de\/de\/wp-content\/uploads\/sites\/3\/2025\/03\/Ukrainische-Organhaendlerin-in-Polen-verhaftet.jpg\",\"keywords\":[\"Organh\u00e4ndlerin\",\"Polen\",\"Ukrainische\",\"verhaftet\"],\"articleSection\":[\"Deutschland\",\"Russland\"],\"inLanguage\":\"de\",\"potentialAction\":[{\"@type\":\"CommentAction\",\"name\":\"Comment\",\"target\":[\"https:\/\/now-news.de\/de\/deutschland\/ukrainische-organhaendlerin-in-polen-verhaftet\/#respond\"]}]},{\"@type\":\"WebPage\",\"@id\":\"https:\/\/now-news.de\/de\/deutschland\/ukrainische-organhaendlerin-in-polen-verhaftet\/\",\"url\":\"https:\/\/now-news.de\/de\/deutschland\/ukrainische-organhaendlerin-in-polen-verhaftet\/\",\"name\":\"Ukrainische Organh\u00e4ndlerin in Polen verhaftet - just-now.NEWS Deutschland\",\"isPartOf\":{\"@id\":\"https:\/\/now-news.de\/de\/#website\"},\"primaryImageOfPage\":{\"@id\":\"https:\/\/now-news.de\/de\/deutschland\/ukrainische-organhaendlerin-in-polen-verhaftet\/#primaryimage\"},\"image\":{\"@id\":\"https:\/\/now-news.de\/de\/deutschland\/ukrainische-organhaendlerin-in-polen-verhaftet\/#primaryimage\"},\"thumbnailUrl\":\"https:\/\/now-news.de\/de\/wp-content\/uploads\/sites\/3\/2025\/03\/Ukrainische-Organhaendlerin-in-Polen-verhaftet.jpg\",\"datePublished\":\"2025-03-12T21:05:42+00:00\",\"dateModified\":\"2025-03-12T21:05:42+00:00\",\"breadcrumb\":{\"@id\":\"https:\/\/now-news.de\/de\/deutschland\/ukrainische-organhaendlerin-in-polen-verhaftet\/#breadcrumb\"},\"inLanguage\":\"de\",\"potentialAction\":[{\"@type\":\"ReadAction\",\"target\":[\"https:\/\/now-news.de\/de\/deutschland\/ukrainische-organhaendlerin-in-polen-verhaftet\/\"]}]},{\"@type\":\"ImageObject\",\"inLanguage\":\"de\",\"@id\":\"https:\/\/now-news.de\/de\/deutschland\/ukrainische-organhaendlerin-in-polen-verhaftet\/#primaryimage\",\"url\":\"https:\/\/now-news.de\/de\/wp-content\/uploads\/sites\/3\/2025\/03\/Ukrainische-Organhaendlerin-in-Polen-verhaftet.jpg\",\"contentUrl\":\"https:\/\/now-news.de\/de\/wp-content\/uploads\/sites\/3\/2025\/03\/Ukrainische-Organhaendlerin-in-Polen-verhaftet.jpg\",\"width\":460,\"height\":259,\"caption\":\"Ukrainische Organh\u00e4ndlerin in Polen verhaftet\"},{\"@type\":\"BreadcrumbList\",\"@id\":\"https:\/\/now-news.de\/de\/deutschland\/ukrainische-organhaendlerin-in-polen-verhaftet\/#breadcrumb\",\"itemListElement\":[{\"@type\":\"ListItem\",\"position\":1,\"name\":\"Home\",\"item\":\"https:\/\/now-news.de\/de\/\"},{\"@type\":\"ListItem\",\"position\":2,\"name\":\"Ukrainische Organh\u00e4ndlerin in Polen verhaftet\"}]},{\"@type\":\"WebSite\",\"@id\":\"https:\/\/now-news.de\/de\/#website\",\"url\":\"https:\/\/now-news.de\/de\/\",\"name\":\"just-now.NEWS Deutschland\",\"description\":\"Das Portal f\u00fcr unzensierte Nachrichten aus der Welt\",\"publisher\":{\"@id\":\"https:\/\/now-news.de\/de\/#organization\"},\"potentialAction\":[{\"@type\":\"SearchAction\",\"target\":{\"@type\":\"EntryPoint\",\"urlTemplate\":\"https:\/\/now-news.de\/de\/?s={search_term_string}\"},\"query-input\":\"required name=search_term_string\"}],\"inLanguage\":\"de\"},{\"@type\":\"Organization\",\"@id\":\"https:\/\/now-news.de\/de\/#organization\",\"name\":\"Just Now News\",\"url\":\"https:\/\/now-news.de\/de\/\",\"logo\":{\"@type\":\"ImageObject\",\"inLanguage\":\"de\",\"@id\":\"https:\/\/now-news.de\/de\/#\/schema\/logo\/image\/\",\"url\":\"http:\/\/just-now.news\/de\/wp-content\/uploads\/sites\/3\/2022\/04\/logo500x500.jpg\",\"contentUrl\":\"http:\/\/just-now.news\/de\/wp-content\/uploads\/sites\/3\/2022\/04\/logo500x500.jpg\",\"width\":500,\"height\":500,\"caption\":\"Just Now News\"},\"image\":{\"@id\":\"https:\/\/now-news.de\/de\/#\/schema\/logo\/image\/\"},\"sameAs\":[\"https:\/\/www.facebook.com\/wirmachenauf\",\"https:\/\/x.com\/WirMachenAuf_de\"]},{\"@type\":\"Person\",\"@id\":\"https:\/\/now-news.de\/de\/#\/schema\/person\/fb534a4e865501d8b3285208df34a9b5\",\"name\":\"rtnews\",\"image\":{\"@type\":\"ImageObject\",\"inLanguage\":\"de\",\"@id\":\"https:\/\/now-news.de\/de\/#\/schema\/person\/image\/\",\"url\":\"https:\/\/secure.gravatar.com\/avatar\/82aafea7d8127119dd649515f56e2117?s=96&d=mm&r=g\",\"contentUrl\":\"https:\/\/secure.gravatar.com\/avatar\/82aafea7d8127119dd649515f56e2117?s=96&d=mm&r=g\",\"caption\":\"rtnews\"},\"url\":\"https:\/\/now-news.de\/de\/author\/rnews\/\"}]}<\/script>\n<!-- \/ Yoast SEO Premium plugin. -->","yoast_head_json":{"title":"Ukrainische Organh\u00e4ndlerin in Polen verhaftet - just-now.NEWS Deutschland","robots":{"index":"index","follow":"follow","max-snippet":"max-snippet:-1","max-image-preview":"max-image-preview:large","max-video-preview":"max-video-preview:-1"},"canonical":"https:\/\/now-news.de\/de\/deutschland\/ukrainische-organhaendlerin-in-polen-verhaftet\/","og_locale":"de_DE","og_type":"article","og_title":"Ukrainische Organh\u00e4ndlerin in Polen verhaftet","og_description":"Schon seit Jahren hei\u00dft es immer wieder, die Ukraine sei eines der Zentren des Organhandels. Eine Festnahme in Polen scheint nun entsprechende Vermutungen zu best\u00e4tigen. Vor allem, weil die Festgenommene in der Ukraine nicht behelligt wurde \u2013 trotz internationalen Haftbefehls. Die polnischen Beh\u00f6rden haben eine 35-j\u00e4hrige Ukrainerin festgenommen, die in Kasachstan wegen Organhandels verurteilt wurde. [&hellip;]","og_url":"https:\/\/now-news.de\/de\/deutschland\/ukrainische-organhaendlerin-in-polen-verhaftet\/","og_site_name":"just-now.NEWS Deutschland","article_publisher":"https:\/\/www.facebook.com\/wirmachenauf","article_published_time":"2025-03-12T21:05:42+00:00","og_image":[{"url":"https:\/\/now-news.de\/de\/wp-content\/uploads\/sites\/3\/2025\/03\/67d1ed05b480cc79b677d7d1.jpg"}],"author":"rtnews","twitter_card":"summary_large_image","twitter_creator":"@WirMachenAuf_de","twitter_site":"@WirMachenAuf_de","twitter_misc":{"Verfasst von":"rtnews","Gesch\u00e4tzte Lesezeit":"2\u00a0Minuten"},"schema":{"@context":"https:\/\/schema.org","@graph":[{"@type":"Article","@id":"https:\/\/now-news.de\/de\/deutschland\/ukrainische-organhaendlerin-in-polen-verhaftet\/#article","isPartOf":{"@id":"https:\/\/now-news.de\/de\/deutschland\/ukrainische-organhaendlerin-in-polen-verhaftet\/"},"author":{"name":"rtnews","@id":"https:\/\/now-news.de\/de\/#\/schema\/person\/fb534a4e865501d8b3285208df34a9b5"},"headline":"Ukrainische Organh\u00e4ndlerin in Polen verhaftet","datePublished":"2025-03-12T21:05:42+00:00","dateModified":"2025-03-12T21:05:42+00:00","mainEntityOfPage":{"@id":"https:\/\/now-news.de\/de\/deutschland\/ukrainische-organhaendlerin-in-polen-verhaftet\/"},"wordCount":311,"commentCount":0,"publisher":{"@id":"https:\/\/now-news.de\/de\/#organization"},"image":{"@id":"https:\/\/now-news.de\/de\/deutschland\/ukrainische-organhaendlerin-in-polen-verhaftet\/#primaryimage"},"thumbnailUrl":"https:\/\/now-news.de\/de\/wp-content\/uploads\/sites\/3\/2025\/03\/Ukrainische-Organhaendlerin-in-Polen-verhaftet.jpg","keywords":["Organh\u00e4ndlerin","Polen","Ukrainische","verhaftet"],"articleSection":["Deutschland","Russland"],"inLanguage":"de","potentialAction":[{"@type":"CommentAction","name":"Comment","target":["https:\/\/now-news.de\/de\/deutschland\/ukrainische-organhaendlerin-in-polen-verhaftet\/#respond"]}]},{"@type":"WebPage","@id":"https:\/\/now-news.de\/de\/deutschland\/ukrainische-organhaendlerin-in-polen-verhaftet\/","url":"https:\/\/now-news.de\/de\/deutschland\/ukrainische-organhaendlerin-in-polen-verhaftet\/","name":"Ukrainische Organh\u00e4ndlerin in Polen verhaftet - just-now.NEWS Deutschland","isPartOf":{"@id":"https:\/\/now-news.de\/de\/#website"},"primaryImageOfPage":{"@id":"https:\/\/now-news.de\/de\/deutschland\/ukrainische-organhaendlerin-in-polen-verhaftet\/#primaryimage"},"image":{"@id":"https:\/\/now-news.de\/de\/deutschland\/ukrainische-organhaendlerin-in-polen-verhaftet\/#primaryimage"},"thumbnailUrl":"https:\/\/now-news.de\/de\/wp-content\/uploads\/sites\/3\/2025\/03\/Ukrainische-Organhaendlerin-in-Polen-verhaftet.jpg","datePublished":"2025-03-12T21:05:42+00:00","dateModified":"2025-03-12T21:05:42+00:00","breadcrumb":{"@id":"https:\/\/now-news.de\/de\/deutschland\/ukrainische-organhaendlerin-in-polen-verhaftet\/#breadcrumb"},"inLanguage":"de","potentialAction":[{"@type":"ReadAction","target":["https:\/\/now-news.de\/de\/deutschland\/ukrainische-organhaendlerin-in-polen-verhaftet\/"]}]},{"@type":"ImageObject","inLanguage":"de","@id":"https:\/\/now-news.de\/de\/deutschland\/ukrainische-organhaendlerin-in-polen-verhaftet\/#primaryimage","url":"https:\/\/now-news.de\/de\/wp-content\/uploads\/sites\/3\/2025\/03\/Ukrainische-Organhaendlerin-in-Polen-verhaftet.jpg","contentUrl":"https:\/\/now-news.de\/de\/wp-content\/uploads\/sites\/3\/2025\/03\/Ukrainische-Organhaendlerin-in-Polen-verhaftet.jpg","width":460,"height":259,"caption":"Ukrainische Organh\u00e4ndlerin in Polen verhaftet"},{"@type":"BreadcrumbList","@id":"https:\/\/now-news.de\/de\/deutschland\/ukrainische-organhaendlerin-in-polen-verhaftet\/#breadcrumb","itemListElement":[{"@type":"ListItem","position":1,"name":"Home","item":"https:\/\/now-news.de\/de\/"},{"@type":"ListItem","position":2,"name":"Ukrainische Organh\u00e4ndlerin in Polen verhaftet"}]},{"@type":"WebSite","@id":"https:\/\/now-news.de\/de\/#website","url":"https:\/\/now-news.de\/de\/","name":"just-now.NEWS Deutschland","description":"Das Portal f\u00fcr unzensierte Nachrichten aus der Welt","publisher":{"@id":"https:\/\/now-news.de\/de\/#organization"},"potentialAction":[{"@type":"SearchAction","target":{"@type":"EntryPoint","urlTemplate":"https:\/\/now-news.de\/de\/?s={search_term_string}"},"query-input":"required name=search_term_string"}],"inLanguage":"de"},{"@type":"Organization","@id":"https:\/\/now-news.de\/de\/#organization","name":"Just Now News","url":"https:\/\/now-news.de\/de\/","logo":{"@type":"ImageObject","inLanguage":"de","@id":"https:\/\/now-news.de\/de\/#\/schema\/logo\/image\/","url":"http:\/\/just-now.news\/de\/wp-content\/uploads\/sites\/3\/2022\/04\/logo500x500.jpg","contentUrl":"http:\/\/just-now.news\/de\/wp-content\/uploads\/sites\/3\/2022\/04\/logo500x500.jpg","width":500,"height":500,"caption":"Just Now News"},"image":{"@id":"https:\/\/now-news.de\/de\/#\/schema\/logo\/image\/"},"sameAs":["https:\/\/www.facebook.com\/wirmachenauf","https:\/\/x.com\/WirMachenAuf_de"]},{"@type":"Person","@id":"https:\/\/now-news.de\/de\/#\/schema\/person\/fb534a4e865501d8b3285208df34a9b5","name":"rtnews","image":{"@type":"ImageObject","inLanguage":"de","@id":"https:\/\/now-news.de\/de\/#\/schema\/person\/image\/","url":"https:\/\/secure.gravatar.com\/avatar\/82aafea7d8127119dd649515f56e2117?s=96&d=mm&r=g","contentUrl":"https:\/\/secure.gravatar.com\/avatar\/82aafea7d8127119dd649515f56e2117?s=96&d=mm&r=g","caption":"rtnews"},"url":"https:\/\/now-news.de\/de\/author\/rnews\/"}]}},"_links":{"self":[{"href":"https:\/\/now-news.de\/de\/wp-json\/wp\/v2\/posts\/80162"}],"collection":[{"href":"https:\/\/now-news.de\/de\/wp-json\/wp\/v2\/posts"}],"about":[{"href":"https:\/\/now-news.de\/de\/wp-json\/wp\/v2\/types\/post"}],"author":[{"embeddable":true,"href":"https:\/\/now-news.de\/de\/wp-json\/wp\/v2\/users\/3"}],"replies":[{"embeddable":true,"href":"https:\/\/now-news.de\/de\/wp-json\/wp\/v2\/comments?post=80162"}],"version-history":[{"count":0,"href":"https:\/\/now-news.de\/de\/wp-json\/wp\/v2\/posts\/80162\/revisions"}],"wp:featuredmedia":[{"embeddable":true,"href":"https:\/\/now-news.de\/de\/wp-json\/wp\/v2\/media\/80163"}],"wp:attachment":[{"href":"https:\/\/now-news.de\/de\/wp-json\/wp\/v2\/media?parent=80162"}],"wp:term":[{"taxonomy":"category","embeddable":true,"href":"https:\/\/now-news.de\/de\/wp-json\/wp\/v2\/categories?post=80162"},{"taxonomy":"post_tag","embeddable":true,"href":"https:\/\/now-news.de\/de\/wp-json\/wp\/v2\/tags?post=80162"}],"curies":[{"name":"wp","href":"https:\/\/api.w.org\/{rel}","templated":true}]}}