{"id":80160,"date":"2025-03-12T22:47:28","date_gmt":"2025-03-12T20:47:28","guid":{"rendered":"https:\/\/now-news.de\/de\/deutschland\/koalitionsverhandlungen-welche-verhandlungen-lauterbach-verteidigt-merz-bei-markus-lanz\/"},"modified":"2025-03-12T22:47:28","modified_gmt":"2025-03-12T20:47:28","slug":"koalitionsverhandlungen-welche-verhandlungen-lauterbach-verteidigt-merz-bei-markus-lanz","status":"publish","type":"post","link":"https:\/\/now-news.de\/de\/deutschland\/koalitionsverhandlungen-welche-verhandlungen-lauterbach-verteidigt-merz-bei-markus-lanz\/","title":{"rendered":"Koalitionsverhandlungen \u2013 Welche Verhandlungen? Lauterbach verteidigt Merz bei &quot;Markus Lanz&quot;"},"content":{"rendered":"<p><img decoding=\"async\" src=\"https:\/\/now-news.de\/de\/wp-content\/uploads\/sites\/3\/2025\/03\/67d1bff5b480cc5e252a7047.jpg\" \/><\/p>\n<div class=\"Text-root Text-type_1 \">\n                Alles nur Theater? Die CDU erh\u00e4lt, noch bevor die Koalitionsverhandlungen richtig begonnen haben, R\u00fcckendeckung von der SPD. Bei &#8220;Markus Lanz&#8221; findet Karl Lauterbach nichts dabei, dass der k\u00fcnftige Kanzler Friedrich Merz pl\u00f6tzlich Hunderte Milliarden Schulden machen will.\n            <\/div>\n<p><\/p>\n<div class=\"Text-root Text-type_5 ArticleView-text ViewText-root \">\n<p>In der <em>ZDF<\/em>-Talkshow <em>Markus Lanz<\/em> vom 11. M\u00e4rz <a rel=\"nofollow noopener\" target=\"_blank\" href=\"https:\/\/www.zdf.de\/gesellschaft\/markus-lanz\/markus-lanz-vom-11-maerz-2025-100.html\">zeigte<\/a> Noch-Gesundheitsminister Karl Lauterbach (SPD) volles Verst\u00e4ndnis f\u00fcr den Positionswechsel von CDU-Chef Friedrich Merz, dem voraussichtlich n\u00e4chsten Bundeskanzler. W\u00e4hrend die CDU und Merz im Wahlkampf strikte Haushaltsdisziplin als Grundposition eingefordert und die &#8220;Schuldenbremse&#8221; vehement verteidigt hatten, vertritt der k\u00fcnftige Kanzler nun das Gegenteil und bef\u00fcrwortet ein &#8220;Sonderverm\u00f6gen&#8221; \u2013 also Schulden \u2013 in H\u00f6he von 500 Milliarden zur Verbesserung der Infrastruktur.<\/p>\n<p>Eingeladen waren neben Lauterbach auch der Gr\u00fcnen-Politiker J\u00fcrgen Trittin und die <em>RND<\/em>-Journalistin Eva Quadbeck.<\/p>\n<p><strong>Kein &#8220;Wortbruch&#8221;?<\/strong><\/p>\n<p>Auf diesen Widerspruch angesprochen, zeigte Lauterbach sich im Wesentlichen einverstanden mit der neuen Haltung von Merz. Moderator Lanz fragte mehrmals bei Lauterbach nach, ob es sich dabei nicht um einen &#8220;Wortbruch&#8221; handele. Lauterbach stritt dies ebenso wiederholt hartn\u00e4ckig als &#8220;Unterstellung&#8221; ab und verwies auf die angeblich neue Lage seit der Wahl Trumps. Lanz benutzte dreimal den Ausdruck &#8220;Wortbruch&#8221; und setzte nach, es handele sich doch um eine &#8220;politische L\u00fcge&#8221; bei dem, was Merz gemacht habe. Auf die Frage von Lanz, ob er, Karl Lauterbach, die Begr\u00fcndung von Friedrich Merz glaube, antwortete der SPD-Mann, ja, das glaube er. W\u00f6rtlich erkl\u00e4rte der Minister: &#8220;Dass die Lage sich ver\u00e4ndert hat, das ist eben so.&#8221;<\/p>\n<div class=\"EmbedBlock-root EmbedBlock-twitter\">\n<div class=\"TwitterEmbed\">\n<blockquote class=\"twitter-tweet lazyload\" data-twitter=\"twitter-tweet\">\n<p lang=\"de\" dir=\"ltr\">Unglaubliche Szenen bei Markus <a rel=\"nofollow noopener\" target=\"_blank\" href=\"https:\/\/twitter.com\/hashtag\/Lanz?src=hash&amp;ref_src=twsrc%5Etfw\">#Lanz<\/a>: Der notorische \u201eNicht-Wahrheitssager\u201c <a rel=\"nofollow noopener\" target=\"_blank\" href=\"https:\/\/twitter.com\/hashtag\/Lauterbach?src=hash&amp;ref_src=twsrc%5Etfw\">#Lauterbach<\/a> sieht nicht, dass Friedrich <a rel=\"nofollow noopener\" target=\"_blank\" href=\"https:\/\/twitter.com\/hashtag\/Merz?src=hash&amp;ref_src=twsrc%5Etfw\">#Merz<\/a> sein Wort gebrochen hat. Lanz ist v\u00f6llig verbl\u00fcfft \u00fcber Lauterbachs Dreistigkeit. <a rel=\"nofollow noopener\" target=\"_blank\" href=\"https:\/\/t.co\/kmi88cTheI\">pic.twitter.com\/kmi88cTheI<\/a><\/p>\n<p>\u2014 Gegenpol (@Gegenpol_) <a rel=\"nofollow noopener\" target=\"_blank\" href=\"https:\/\/twitter.com\/Gegenpol_\/status\/1899593232129888747?ref_src=twsrc%5Etfw\">March 11, 2025<\/a><\/p><\/blockquote>\n<\/div>\n<\/div>\n<p>Daraufhin fragte Lanz nach: &#8220;Welche Lage hat sich genau ver\u00e4ndert?&#8221; Lauterbach antwortete:<\/p>\n<blockquote>\n<p><em>&#8220;Die milit\u00e4rische Lage. Wir brauchen, wir m\u00fcssen, im Verteidigungshaushalt m\u00fcssen wir massiv zus\u00e4tzlich investieren. Hier geht es tats\u00e4chlich um Hunderte Milliarden Euro. Und dass die nicht aus dem Haushalt mobilisiert werden k\u00f6nnen, damit hat Friedrich Merz recht.&#8221;<\/em><\/p>\n<\/blockquote>\n<p>Keiner der Diskutanten ging auf die bemerkenswerte Wortwahl Lauterbachs \u2013 &#8220;milit\u00e4rische Lage&#8221; \u2013 ein. M\u00f6glicherweise war dies blo\u00df ein Versprecher, und er meinte die sicherheitspolitische Lage seit der Wahl Donald Trumps \u2013 in diesem Sinne diskutierten Lanz, Trittin und auch Quadbeck. M\u00f6glicherweise hat man an dieser Stelle einfach nicht weiter differenziert. Doch tats\u00e4chlich hat sich die milit\u00e4rische Lage f\u00fcr die Ukraine nicht nur seit der Bundestagswahl, sondern bereits seit der Amts\u00fcbernahme Trumps, deutlich verschlechtert.<\/p>\n<p><strong>Parteipolitisches Gepl\u00e4nkel<\/strong><\/p>\n<p>Dass Lauterbach jedenfalls den Schwenk von Merz ohne Umschweife verteidigte, nutzte Trittin wiederum zu der Spitze gegen den SPD-Politiker, der sich noch vor Bildung einer Koalition mit der CDU vor deren Parteichef stellte:<\/p>\n<blockquote>\n<p><em>&#8220;Deswegen finde ich es zwar r\u00fchrend, Herr Lauterbach, wie Sie sich vor Ihren k\u00fcnftigen Kanzler werfen \u2013 das spricht daf\u00fcr, dass ger\u00e4uschloses Regieren angestrebt wird \u2013, aber es geht ein bisschen an den Tatsachen vorbei.&#8221;<\/em><\/p>\n<\/blockquote>\n<p>Recht kleinlaut gab Lauterbach dann immerhin zu:<\/p>\n<p>&#8220;Ich bin in der unbequemen Lage, Friedrich Merz zu verteidigen.&#8221; Er sagte: &#8220;zu verteidigen&#8221;, nicht etwa: &#8220;verteidigen zu m\u00fcssen&#8221;. Und gab sich dann ganz sprachsensibel: &#8220;Wortbruch, das ist etwas, das muss man sich genau \u00fcberlegen.&#8221;<\/p>\n<p>Auffallend war die grunds\u00e4tzliche Einigkeit zwischen dem SPD-Minister und dem gr\u00fcnen Ex-Minister. Momentan befinden sich die beiden Parteien noch in einer Koalition, w\u00e4hrend sich die Gr\u00fcnen auf ihre Oppositionsrolle vorbereiten m\u00fcssen. Allerdings, und das zeigten die \u00c4u\u00dferungen aus der Union, rechnet man mit der Zustimmung der Gr\u00fcnen zu den Pl\u00e4nen von CDU\/CSU und SPD.<\/p>\n<p><strong>Abgekartetes Spiel?<\/strong><\/p>\n<p>Die Diskutanten bei <em>Markus Lanz<\/em> waren sich dann im Prinzip auch einig, dass es seit vielen Jahren einen sogenannten Investitionsstau in Deutschland gibt, der in der Zwischenzeit tats\u00e4chlich auf die genannte H\u00f6he angewachsen ist.<\/p>\n<p>In Wirklichkeit kommt der vermeintliche Positionswechsel von Friedrich Merz keineswegs \u00fcberraschend. Bereits im Herbst 2024 war nach Recherchen des <em>Stern<\/em> bekannt geworden, dass sich der CDU-Chef durchaus vorstellen konnte, neue Schulden in betr\u00e4chtlicher H\u00f6he aufzunehmen, ungeachtet der bis dahin \u00f6ffentlich erhobenen K\u00fcrzungsforderungen, die dann im Wahlkampf zum Markenzeichen der Unionsparteien werden sollten. Ebenso soll das Vorhaben, noch mit dem alten Bundestag die neuen Milliardenschulden zu beschlie\u00dfen, schon \u00e4lteren Datums sein.<\/p>\n<p>Insofern ist der Verweis auf das missgl\u00fcckte Treffen von Selenskij mit US-Pr\u00e4sident Trump im Wei\u00dfen Haus offenkundig nur ein Vorwand f\u00fcr den Positionswechsel, den Merz nun \u00f6ffentlich vollzogen hat. So hat, worauf <em>Apollo News<\/em> hinwies, Friedrich Merz bereits einen Tag vor dem Eklat im Wei\u00dfen Haus in einer Videokonferenz mit den CDU-Ministerpr\u00e4sidenten seine Bereitschaft zur Umgehung der &#8220;Schuldenbremse&#8221; erkennen lassen. An diesem 27. Februar hatte Merz sich daf\u00fcr offen gezeigt, ein neues &#8220;Sonderverm\u00f6gen Bundeswehr&#8221; zu schaffen oder die Ausgaben f\u00fcr das Milit\u00e4r g\u00e4nzlich von der Schuldenbremse auszunehmen.<\/p>\n<p>Dass Moderator Lanz so \u00fcberrascht tat, muss erstaunen \u2013 ist doch seit den Corona-Jahren bekannt, wie schnell und flexibel ein Karl Lauterbach die von ihm vertretenen Auffassungen \u2013 bis zur Behauptung des glatten Gegenteils \u2013 \u00e4ndern kann.<\/p>\n<p><strong>Mehr zum Thema<\/strong> &#8211;\u00a0<a rel=\"nofollow noopener\" target=\"_blank\" href=\"https:\/\/freedert.online\/bundestagswahl_2025\/239129-widersinniges-unsicherheits-paket-wirtschaftsweise-grimm\/\">&#8220;Gigantisches Unsicherheits-Paket&#8221; \u2013 Wirtschaftsweise Grimm kritisiert Pl\u00e4ne von Union und SPD<\/a><\/p>\n<div class=\"EmbedBlock-root EmbedBlock-externalVideo EmbedBlock-rumble\">\n<div class=\"VkEmbed\"><iframe class=\"lazyload\" data-src=\"https:\/\/rumble.com\/embed\/v6oay0q\" frameborder=\"0\" width=\"853\" height=\"480\" allowfullscreen><\/iframe><\/div>\n<\/div>\n<\/div>\n<p><script async src=\"https:\/\/platform.twitter.com\/widgets.js\" charset=\"utf-8\"><\/script><br \/>\n<br \/><br \/>\n<br \/><a href=\"https:\/\/de.rt.com\/bundestagswahl_2025\/239382-koalitionsverhandlungen-welche-verhandlungen-lauterbach-verteidigt\/\">Source link <\/a><\/p>\n","protected":false},"excerpt":{"rendered":"<p>Alles nur Theater? Die CDU erh\u00e4lt, noch bevor die Koalitionsverhandlungen richtig begonnen haben, R\u00fcckendeckung von der SPD. Bei &#8220;Markus Lanz&#8221; findet Karl Lauterbach nichts dabei, dass der k\u00fcnftige Kanzler Friedrich Merz pl\u00f6tzlich Hunderte Milliarden Schulden machen will. In der ZDF-Talkshow Markus Lanz vom 11. M\u00e4rz zeigte Noch-Gesundheitsminister Karl Lauterbach (SPD) volles Verst\u00e4ndnis f\u00fcr den Positionswechsel [&hellip;]<\/p>\n","protected":false},"author":3,"featured_media":80161,"comment_status":"open","ping_status":"open","sticky":false,"template":"","format":"standard","meta":{"_yoast_indexnow_last_ping":["1741812677"],"wp_automatic_camp":["217"],"5c7296b5e41a7e684271a2824b14de1e":["Koalitionsverhandlungen \u2013 Welche Verhandlungen? Lauterbach verteidigt Merz bei &quot;Markus Lanz&quot;"],"original_link":["https:\/\/de.rt.com\/bundestagswahl_2025\/239382-koalitionsverhandlungen-welche-verhandlungen-lauterbach-verteidigt\/"],"_thumbnail_id":["80161"],"jnews_social_counter_last_update":["1777193317"],"_wptgpro_p2tg_sent2tg":["a:1:{i:23737;s:19:\"2025-03-12 22:52:18\";}"]},"categories":[19,23],"tags":[363,22323,63411,1748,18728,63410,9871,4753,4503],"yoast_head":"<!-- This site is optimized with the Yoast SEO Premium plugin v22.7 (Yoast SEO v22.7) - https:\/\/yoast.com\/wordpress\/plugins\/seo\/ -->\n<title>Koalitionsverhandlungen \u2013 Welche Verhandlungen? Lauterbach verteidigt Merz bei &quot;Markus Lanz&quot; - just-now.NEWS Deutschland<\/title>\n<meta name=\"robots\" content=\"index, follow, max-snippet:-1, max-image-preview:large, max-video-preview:-1\" \/>\n<link rel=\"canonical\" href=\"https:\/\/now-news.de\/de\/deutschland\/koalitionsverhandlungen-welche-verhandlungen-lauterbach-verteidigt-merz-bei-markus-lanz\/\" \/>\n<meta property=\"og:locale\" content=\"de_DE\" \/>\n<meta property=\"og:type\" content=\"article\" \/>\n<meta property=\"og:title\" content=\"Koalitionsverhandlungen \u2013 Welche Verhandlungen? Lauterbach verteidigt Merz bei &quot;Markus Lanz&quot;\" \/>\n<meta property=\"og:description\" content=\"Alles nur Theater? Die CDU erh\u00e4lt, noch bevor die Koalitionsverhandlungen richtig begonnen haben, R\u00fcckendeckung von der SPD. Bei &#8220;Markus Lanz&#8221; findet Karl Lauterbach nichts dabei, dass der k\u00fcnftige Kanzler Friedrich Merz pl\u00f6tzlich Hunderte Milliarden Schulden machen will. In der ZDF-Talkshow Markus Lanz vom 11. M\u00e4rz zeigte Noch-Gesundheitsminister Karl Lauterbach (SPD) volles Verst\u00e4ndnis f\u00fcr den Positionswechsel [&hellip;]\" \/>\n<meta property=\"og:url\" content=\"https:\/\/now-news.de\/de\/deutschland\/koalitionsverhandlungen-welche-verhandlungen-lauterbach-verteidigt-merz-bei-markus-lanz\/\" \/>\n<meta property=\"og:site_name\" content=\"just-now.NEWS Deutschland\" \/>\n<meta property=\"article:publisher\" content=\"https:\/\/www.facebook.com\/wirmachenauf\" \/>\n<meta property=\"article:published_time\" content=\"2025-03-12T20:47:28+00:00\" \/>\n<meta property=\"og:image\" content=\"https:\/\/now-news.de\/de\/wp-content\/uploads\/sites\/3\/2025\/03\/67d1bff5b480cc5e252a7047.jpg\" \/>\n<meta name=\"author\" content=\"rtnews\" \/>\n<meta name=\"twitter:card\" content=\"summary_large_image\" \/>\n<meta name=\"twitter:creator\" content=\"@WirMachenAuf_de\" \/>\n<meta name=\"twitter:site\" content=\"@WirMachenAuf_de\" \/>\n<meta name=\"twitter:label1\" content=\"Verfasst von\" \/>\n\t<meta name=\"twitter:data1\" content=\"rtnews\" \/>\n\t<meta name=\"twitter:label2\" content=\"Gesch\u00e4tzte Lesezeit\" \/>\n\t<meta name=\"twitter:data2\" content=\"4\u00a0Minuten\" \/>\n<script type=\"application\/ld+json\" class=\"yoast-schema-graph\">{\"@context\":\"https:\/\/schema.org\",\"@graph\":[{\"@type\":\"Article\",\"@id\":\"https:\/\/now-news.de\/de\/deutschland\/koalitionsverhandlungen-welche-verhandlungen-lauterbach-verteidigt-merz-bei-markus-lanz\/#article\",\"isPartOf\":{\"@id\":\"https:\/\/now-news.de\/de\/deutschland\/koalitionsverhandlungen-welche-verhandlungen-lauterbach-verteidigt-merz-bei-markus-lanz\/\"},\"author\":{\"name\":\"rtnews\",\"@id\":\"https:\/\/now-news.de\/de\/#\/schema\/person\/fb534a4e865501d8b3285208df34a9b5\"},\"headline\":\"Koalitionsverhandlungen \u2013 Welche Verhandlungen? Lauterbach verteidigt Merz bei &quot;Markus Lanz&quot;\",\"datePublished\":\"2025-03-12T20:47:28+00:00\",\"dateModified\":\"2025-03-12T20:47:28+00:00\",\"mainEntityOfPage\":{\"@id\":\"https:\/\/now-news.de\/de\/deutschland\/koalitionsverhandlungen-welche-verhandlungen-lauterbach-verteidigt-merz-bei-markus-lanz\/\"},\"wordCount\":868,\"commentCount\":0,\"publisher\":{\"@id\":\"https:\/\/now-news.de\/de\/#organization\"},\"image\":{\"@id\":\"https:\/\/now-news.de\/de\/deutschland\/koalitionsverhandlungen-welche-verhandlungen-lauterbach-verteidigt-merz-bei-markus-lanz\/#primaryimage\"},\"thumbnailUrl\":\"https:\/\/now-news.de\/de\/wp-content\/uploads\/sites\/3\/2025\/03\/Koalitionsverhandlungen-\u2013-Welche-Verhandlungen-Lauterbach-verteidigt-Merz-bei-quotMarkus-Lanzquot.jpg\",\"keywords\":[\"bei\",\"Koalitionsverhandlungen\",\"Lanzquot\",\"Lauterbach\",\"Merz\",\"quotMarkus\",\"Verhandlungen\",\"verteidigt\",\"Welche\"],\"articleSection\":[\"Deutschland\",\"Russland\"],\"inLanguage\":\"de\",\"potentialAction\":[{\"@type\":\"CommentAction\",\"name\":\"Comment\",\"target\":[\"https:\/\/now-news.de\/de\/deutschland\/koalitionsverhandlungen-welche-verhandlungen-lauterbach-verteidigt-merz-bei-markus-lanz\/#respond\"]}]},{\"@type\":\"WebPage\",\"@id\":\"https:\/\/now-news.de\/de\/deutschland\/koalitionsverhandlungen-welche-verhandlungen-lauterbach-verteidigt-merz-bei-markus-lanz\/\",\"url\":\"https:\/\/now-news.de\/de\/deutschland\/koalitionsverhandlungen-welche-verhandlungen-lauterbach-verteidigt-merz-bei-markus-lanz\/\",\"name\":\"Koalitionsverhandlungen \u2013 Welche Verhandlungen? Lauterbach verteidigt Merz bei &quot;Markus Lanz&quot; - just-now.NEWS Deutschland\",\"isPartOf\":{\"@id\":\"https:\/\/now-news.de\/de\/#website\"},\"primaryImageOfPage\":{\"@id\":\"https:\/\/now-news.de\/de\/deutschland\/koalitionsverhandlungen-welche-verhandlungen-lauterbach-verteidigt-merz-bei-markus-lanz\/#primaryimage\"},\"image\":{\"@id\":\"https:\/\/now-news.de\/de\/deutschland\/koalitionsverhandlungen-welche-verhandlungen-lauterbach-verteidigt-merz-bei-markus-lanz\/#primaryimage\"},\"thumbnailUrl\":\"https:\/\/now-news.de\/de\/wp-content\/uploads\/sites\/3\/2025\/03\/Koalitionsverhandlungen-\u2013-Welche-Verhandlungen-Lauterbach-verteidigt-Merz-bei-quotMarkus-Lanzquot.jpg\",\"datePublished\":\"2025-03-12T20:47:28+00:00\",\"dateModified\":\"2025-03-12T20:47:28+00:00\",\"breadcrumb\":{\"@id\":\"https:\/\/now-news.de\/de\/deutschland\/koalitionsverhandlungen-welche-verhandlungen-lauterbach-verteidigt-merz-bei-markus-lanz\/#breadcrumb\"},\"inLanguage\":\"de\",\"potentialAction\":[{\"@type\":\"ReadAction\",\"target\":[\"https:\/\/now-news.de\/de\/deutschland\/koalitionsverhandlungen-welche-verhandlungen-lauterbach-verteidigt-merz-bei-markus-lanz\/\"]}]},{\"@type\":\"ImageObject\",\"inLanguage\":\"de\",\"@id\":\"https:\/\/now-news.de\/de\/deutschland\/koalitionsverhandlungen-welche-verhandlungen-lauterbach-verteidigt-merz-bei-markus-lanz\/#primaryimage\",\"url\":\"https:\/\/now-news.de\/de\/wp-content\/uploads\/sites\/3\/2025\/03\/Koalitionsverhandlungen-\u2013-Welche-Verhandlungen-Lauterbach-verteidigt-Merz-bei-quotMarkus-Lanzquot.jpg\",\"contentUrl\":\"https:\/\/now-news.de\/de\/wp-content\/uploads\/sites\/3\/2025\/03\/Koalitionsverhandlungen-\u2013-Welche-Verhandlungen-Lauterbach-verteidigt-Merz-bei-quotMarkus-Lanzquot.jpg\",\"width\":460,\"height\":259,\"caption\":\"Koalitionsverhandlungen \u2013 Welche Verhandlungen? Lauterbach verteidigt Merz bei &quot;Markus Lanz&quot;\"},{\"@type\":\"BreadcrumbList\",\"@id\":\"https:\/\/now-news.de\/de\/deutschland\/koalitionsverhandlungen-welche-verhandlungen-lauterbach-verteidigt-merz-bei-markus-lanz\/#breadcrumb\",\"itemListElement\":[{\"@type\":\"ListItem\",\"position\":1,\"name\":\"Home\",\"item\":\"https:\/\/now-news.de\/de\/\"},{\"@type\":\"ListItem\",\"position\":2,\"name\":\"Koalitionsverhandlungen \u2013 Welche Verhandlungen? Lauterbach verteidigt Merz bei &quot;Markus Lanz&quot;\"}]},{\"@type\":\"WebSite\",\"@id\":\"https:\/\/now-news.de\/de\/#website\",\"url\":\"https:\/\/now-news.de\/de\/\",\"name\":\"just-now.NEWS Deutschland\",\"description\":\"Das Portal f\u00fcr unzensierte Nachrichten aus der Welt\",\"publisher\":{\"@id\":\"https:\/\/now-news.de\/de\/#organization\"},\"potentialAction\":[{\"@type\":\"SearchAction\",\"target\":{\"@type\":\"EntryPoint\",\"urlTemplate\":\"https:\/\/now-news.de\/de\/?s={search_term_string}\"},\"query-input\":\"required name=search_term_string\"}],\"inLanguage\":\"de\"},{\"@type\":\"Organization\",\"@id\":\"https:\/\/now-news.de\/de\/#organization\",\"name\":\"Just Now News\",\"url\":\"https:\/\/now-news.de\/de\/\",\"logo\":{\"@type\":\"ImageObject\",\"inLanguage\":\"de\",\"@id\":\"https:\/\/now-news.de\/de\/#\/schema\/logo\/image\/\",\"url\":\"http:\/\/just-now.news\/de\/wp-content\/uploads\/sites\/3\/2022\/04\/logo500x500.jpg\",\"contentUrl\":\"http:\/\/just-now.news\/de\/wp-content\/uploads\/sites\/3\/2022\/04\/logo500x500.jpg\",\"width\":500,\"height\":500,\"caption\":\"Just Now News\"},\"image\":{\"@id\":\"https:\/\/now-news.de\/de\/#\/schema\/logo\/image\/\"},\"sameAs\":[\"https:\/\/www.facebook.com\/wirmachenauf\",\"https:\/\/x.com\/WirMachenAuf_de\"]},{\"@type\":\"Person\",\"@id\":\"https:\/\/now-news.de\/de\/#\/schema\/person\/fb534a4e865501d8b3285208df34a9b5\",\"name\":\"rtnews\",\"image\":{\"@type\":\"ImageObject\",\"inLanguage\":\"de\",\"@id\":\"https:\/\/now-news.de\/de\/#\/schema\/person\/image\/\",\"url\":\"https:\/\/secure.gravatar.com\/avatar\/82aafea7d8127119dd649515f56e2117?s=96&d=mm&r=g\",\"contentUrl\":\"https:\/\/secure.gravatar.com\/avatar\/82aafea7d8127119dd649515f56e2117?s=96&d=mm&r=g\",\"caption\":\"rtnews\"},\"url\":\"https:\/\/now-news.de\/de\/author\/rnews\/\"}]}<\/script>\n<!-- \/ Yoast SEO Premium plugin. -->","yoast_head_json":{"title":"Koalitionsverhandlungen \u2013 Welche Verhandlungen? Lauterbach verteidigt Merz bei &quot;Markus Lanz&quot; - just-now.NEWS Deutschland","robots":{"index":"index","follow":"follow","max-snippet":"max-snippet:-1","max-image-preview":"max-image-preview:large","max-video-preview":"max-video-preview:-1"},"canonical":"https:\/\/now-news.de\/de\/deutschland\/koalitionsverhandlungen-welche-verhandlungen-lauterbach-verteidigt-merz-bei-markus-lanz\/","og_locale":"de_DE","og_type":"article","og_title":"Koalitionsverhandlungen \u2013 Welche Verhandlungen? Lauterbach verteidigt Merz bei &quot;Markus Lanz&quot;","og_description":"Alles nur Theater? Die CDU erh\u00e4lt, noch bevor die Koalitionsverhandlungen richtig begonnen haben, R\u00fcckendeckung von der SPD. Bei &#8220;Markus Lanz&#8221; findet Karl Lauterbach nichts dabei, dass der k\u00fcnftige Kanzler Friedrich Merz pl\u00f6tzlich Hunderte Milliarden Schulden machen will. In der ZDF-Talkshow Markus Lanz vom 11. M\u00e4rz zeigte Noch-Gesundheitsminister Karl Lauterbach (SPD) volles Verst\u00e4ndnis f\u00fcr den Positionswechsel [&hellip;]","og_url":"https:\/\/now-news.de\/de\/deutschland\/koalitionsverhandlungen-welche-verhandlungen-lauterbach-verteidigt-merz-bei-markus-lanz\/","og_site_name":"just-now.NEWS Deutschland","article_publisher":"https:\/\/www.facebook.com\/wirmachenauf","article_published_time":"2025-03-12T20:47:28+00:00","og_image":[{"url":"https:\/\/now-news.de\/de\/wp-content\/uploads\/sites\/3\/2025\/03\/67d1bff5b480cc5e252a7047.jpg"}],"author":"rtnews","twitter_card":"summary_large_image","twitter_creator":"@WirMachenAuf_de","twitter_site":"@WirMachenAuf_de","twitter_misc":{"Verfasst von":"rtnews","Gesch\u00e4tzte Lesezeit":"4\u00a0Minuten"},"schema":{"@context":"https:\/\/schema.org","@graph":[{"@type":"Article","@id":"https:\/\/now-news.de\/de\/deutschland\/koalitionsverhandlungen-welche-verhandlungen-lauterbach-verteidigt-merz-bei-markus-lanz\/#article","isPartOf":{"@id":"https:\/\/now-news.de\/de\/deutschland\/koalitionsverhandlungen-welche-verhandlungen-lauterbach-verteidigt-merz-bei-markus-lanz\/"},"author":{"name":"rtnews","@id":"https:\/\/now-news.de\/de\/#\/schema\/person\/fb534a4e865501d8b3285208df34a9b5"},"headline":"Koalitionsverhandlungen \u2013 Welche Verhandlungen? Lauterbach verteidigt Merz bei &quot;Markus Lanz&quot;","datePublished":"2025-03-12T20:47:28+00:00","dateModified":"2025-03-12T20:47:28+00:00","mainEntityOfPage":{"@id":"https:\/\/now-news.de\/de\/deutschland\/koalitionsverhandlungen-welche-verhandlungen-lauterbach-verteidigt-merz-bei-markus-lanz\/"},"wordCount":868,"commentCount":0,"publisher":{"@id":"https:\/\/now-news.de\/de\/#organization"},"image":{"@id":"https:\/\/now-news.de\/de\/deutschland\/koalitionsverhandlungen-welche-verhandlungen-lauterbach-verteidigt-merz-bei-markus-lanz\/#primaryimage"},"thumbnailUrl":"https:\/\/now-news.de\/de\/wp-content\/uploads\/sites\/3\/2025\/03\/Koalitionsverhandlungen-\u2013-Welche-Verhandlungen-Lauterbach-verteidigt-Merz-bei-quotMarkus-Lanzquot.jpg","keywords":["bei","Koalitionsverhandlungen","Lanzquot","Lauterbach","Merz","quotMarkus","Verhandlungen","verteidigt","Welche"],"articleSection":["Deutschland","Russland"],"inLanguage":"de","potentialAction":[{"@type":"CommentAction","name":"Comment","target":["https:\/\/now-news.de\/de\/deutschland\/koalitionsverhandlungen-welche-verhandlungen-lauterbach-verteidigt-merz-bei-markus-lanz\/#respond"]}]},{"@type":"WebPage","@id":"https:\/\/now-news.de\/de\/deutschland\/koalitionsverhandlungen-welche-verhandlungen-lauterbach-verteidigt-merz-bei-markus-lanz\/","url":"https:\/\/now-news.de\/de\/deutschland\/koalitionsverhandlungen-welche-verhandlungen-lauterbach-verteidigt-merz-bei-markus-lanz\/","name":"Koalitionsverhandlungen \u2013 Welche Verhandlungen? Lauterbach verteidigt Merz bei &quot;Markus Lanz&quot; - just-now.NEWS Deutschland","isPartOf":{"@id":"https:\/\/now-news.de\/de\/#website"},"primaryImageOfPage":{"@id":"https:\/\/now-news.de\/de\/deutschland\/koalitionsverhandlungen-welche-verhandlungen-lauterbach-verteidigt-merz-bei-markus-lanz\/#primaryimage"},"image":{"@id":"https:\/\/now-news.de\/de\/deutschland\/koalitionsverhandlungen-welche-verhandlungen-lauterbach-verteidigt-merz-bei-markus-lanz\/#primaryimage"},"thumbnailUrl":"https:\/\/now-news.de\/de\/wp-content\/uploads\/sites\/3\/2025\/03\/Koalitionsverhandlungen-\u2013-Welche-Verhandlungen-Lauterbach-verteidigt-Merz-bei-quotMarkus-Lanzquot.jpg","datePublished":"2025-03-12T20:47:28+00:00","dateModified":"2025-03-12T20:47:28+00:00","breadcrumb":{"@id":"https:\/\/now-news.de\/de\/deutschland\/koalitionsverhandlungen-welche-verhandlungen-lauterbach-verteidigt-merz-bei-markus-lanz\/#breadcrumb"},"inLanguage":"de","potentialAction":[{"@type":"ReadAction","target":["https:\/\/now-news.de\/de\/deutschland\/koalitionsverhandlungen-welche-verhandlungen-lauterbach-verteidigt-merz-bei-markus-lanz\/"]}]},{"@type":"ImageObject","inLanguage":"de","@id":"https:\/\/now-news.de\/de\/deutschland\/koalitionsverhandlungen-welche-verhandlungen-lauterbach-verteidigt-merz-bei-markus-lanz\/#primaryimage","url":"https:\/\/now-news.de\/de\/wp-content\/uploads\/sites\/3\/2025\/03\/Koalitionsverhandlungen-\u2013-Welche-Verhandlungen-Lauterbach-verteidigt-Merz-bei-quotMarkus-Lanzquot.jpg","contentUrl":"https:\/\/now-news.de\/de\/wp-content\/uploads\/sites\/3\/2025\/03\/Koalitionsverhandlungen-\u2013-Welche-Verhandlungen-Lauterbach-verteidigt-Merz-bei-quotMarkus-Lanzquot.jpg","width":460,"height":259,"caption":"Koalitionsverhandlungen \u2013 Welche Verhandlungen? Lauterbach verteidigt Merz bei &quot;Markus Lanz&quot;"},{"@type":"BreadcrumbList","@id":"https:\/\/now-news.de\/de\/deutschland\/koalitionsverhandlungen-welche-verhandlungen-lauterbach-verteidigt-merz-bei-markus-lanz\/#breadcrumb","itemListElement":[{"@type":"ListItem","position":1,"name":"Home","item":"https:\/\/now-news.de\/de\/"},{"@type":"ListItem","position":2,"name":"Koalitionsverhandlungen \u2013 Welche Verhandlungen? Lauterbach verteidigt Merz bei &quot;Markus Lanz&quot;"}]},{"@type":"WebSite","@id":"https:\/\/now-news.de\/de\/#website","url":"https:\/\/now-news.de\/de\/","name":"just-now.NEWS Deutschland","description":"Das Portal f\u00fcr unzensierte Nachrichten aus der Welt","publisher":{"@id":"https:\/\/now-news.de\/de\/#organization"},"potentialAction":[{"@type":"SearchAction","target":{"@type":"EntryPoint","urlTemplate":"https:\/\/now-news.de\/de\/?s={search_term_string}"},"query-input":"required name=search_term_string"}],"inLanguage":"de"},{"@type":"Organization","@id":"https:\/\/now-news.de\/de\/#organization","name":"Just Now News","url":"https:\/\/now-news.de\/de\/","logo":{"@type":"ImageObject","inLanguage":"de","@id":"https:\/\/now-news.de\/de\/#\/schema\/logo\/image\/","url":"http:\/\/just-now.news\/de\/wp-content\/uploads\/sites\/3\/2022\/04\/logo500x500.jpg","contentUrl":"http:\/\/just-now.news\/de\/wp-content\/uploads\/sites\/3\/2022\/04\/logo500x500.jpg","width":500,"height":500,"caption":"Just Now News"},"image":{"@id":"https:\/\/now-news.de\/de\/#\/schema\/logo\/image\/"},"sameAs":["https:\/\/www.facebook.com\/wirmachenauf","https:\/\/x.com\/WirMachenAuf_de"]},{"@type":"Person","@id":"https:\/\/now-news.de\/de\/#\/schema\/person\/fb534a4e865501d8b3285208df34a9b5","name":"rtnews","image":{"@type":"ImageObject","inLanguage":"de","@id":"https:\/\/now-news.de\/de\/#\/schema\/person\/image\/","url":"https:\/\/secure.gravatar.com\/avatar\/82aafea7d8127119dd649515f56e2117?s=96&d=mm&r=g","contentUrl":"https:\/\/secure.gravatar.com\/avatar\/82aafea7d8127119dd649515f56e2117?s=96&d=mm&r=g","caption":"rtnews"},"url":"https:\/\/now-news.de\/de\/author\/rnews\/"}]}},"_links":{"self":[{"href":"https:\/\/now-news.de\/de\/wp-json\/wp\/v2\/posts\/80160"}],"collection":[{"href":"https:\/\/now-news.de\/de\/wp-json\/wp\/v2\/posts"}],"about":[{"href":"https:\/\/now-news.de\/de\/wp-json\/wp\/v2\/types\/post"}],"author":[{"embeddable":true,"href":"https:\/\/now-news.de\/de\/wp-json\/wp\/v2\/users\/3"}],"replies":[{"embeddable":true,"href":"https:\/\/now-news.de\/de\/wp-json\/wp\/v2\/comments?post=80160"}],"version-history":[{"count":0,"href":"https:\/\/now-news.de\/de\/wp-json\/wp\/v2\/posts\/80160\/revisions"}],"wp:featuredmedia":[{"embeddable":true,"href":"https:\/\/now-news.de\/de\/wp-json\/wp\/v2\/media\/80161"}],"wp:attachment":[{"href":"https:\/\/now-news.de\/de\/wp-json\/wp\/v2\/media?parent=80160"}],"wp:term":[{"taxonomy":"category","embeddable":true,"href":"https:\/\/now-news.de\/de\/wp-json\/wp\/v2\/categories?post=80160"},{"taxonomy":"post_tag","embeddable":true,"href":"https:\/\/now-news.de\/de\/wp-json\/wp\/v2\/tags?post=80160"}],"curies":[{"name":"wp","href":"https:\/\/api.w.org\/{rel}","templated":true}]}}