{"id":80156,"date":"2025-03-12T22:09:03","date_gmt":"2025-03-12T20:09:03","guid":{"rendered":"https:\/\/now-news.de\/de\/deutschland\/streit-um-corona-diskussion-orf-blaest-debatte-ab-keine-plattform-fuer-massnahmengegner\/"},"modified":"2025-03-12T22:09:03","modified_gmt":"2025-03-12T20:09:03","slug":"streit-um-corona-diskussion-orf-blaest-debatte-ab-keine-plattform-fuer-massnahmengegner","status":"publish","type":"post","link":"https:\/\/now-news.de\/de\/deutschland\/streit-um-corona-diskussion-orf-blaest-debatte-ab-keine-plattform-fuer-massnahmengegner\/","title":{"rendered":"Streit um Corona-Diskussion: ORF bl\u00e4st Debatte ab \u2013 Keine Plattform f\u00fcr Ma\u00dfnahmengegner"},"content":{"rendered":"<div class=\"Text-root Text-type_1 \">\n                Die geplante ORF-Debatte zur Corona-Aufarbeitung wurde kurzfristig abgesagt, da Virologe Nowotny die Teilnahme verweigerte. Er begr\u00fcndete dies mit einer nicht tragbaren Plattform f\u00fcr Ma\u00dfnahmenkritiker Martin Rutter. W\u00e4hrend der ORF die Absage mit fehlenden Alternativen rechtfertigte, werfen Kritiker dem Sender mangelnde Meinungsvielfalt vor.\n            <\/div>\n<p><\/p>\n<div class=\"Text-root Text-type_5 ArticleView-text ViewText-root \">\n<p data-pm-slice=\"1 1 []\">Die Aufarbeitung der Corona-Zeit wird in \u00d6sterreich noch Jahre in Anspruch nehmen. W\u00e4hrend Bef\u00fcrworter der damaligen Ma\u00dfnahmen weiterhin privilegierten Zugang zu den staatlichen Medien genie\u00dfen und dort ihre Sichtweisen verbreiten k\u00f6nnen, werden kritische Stimmen nach wie vor als Skeptiker abgestempelt und an den Rand des Diskurses gedr\u00e4ngt.<\/p>\n<p>Die Ma\u00dfnahmen zur Eind\u00e4mmung der Pandemie hatten tiefgreifende Auswirkungen auf die \u00f6sterreichische Bev\u00f6lkerung und Wirtschaft. Um aus den Erfahrungen zu lernen und auf k\u00fcnftige Krisen besser vorbereitet zu sein, ist eine umfassende Analyse unerl\u00e4sslich. Die Erkenntnisse aus zahlreichen Untersuchungen und Studien flie\u00dfen daher in laufende Reformprojekte ein \u2013 darunter die \u00dcberarbeitung des Epidemiengesetzes, die Aktualisierung des Pandemieplans und die St\u00e4rkung der Versorgungssicherheit mit medizinischen G\u00fctern.<\/p>\n<p>Als das Coronavirus 2020 erstmals auftrat, herrschte weltweit gro\u00dfe Unsicherheit. Auch \u00d6sterreich musste rasch reagieren, um &#8220;<em>die Ansteckungszahlen zu senken und eine \u00dcberlastung der Krankenh\u00e4user durch eine explosionsartige Zunahme schwerer F\u00e4lle zu verhindern<\/em>&#8220;.<\/p>\n<p>Ein Beispiel f\u00fcr die anhaltenden Spannungen in der gesellschaftlichen Aufarbeitung ist die kurzfristige Absage der ORF-Diskussionsveranstaltung zur Corona-Politik in Nieder\u00f6sterreich. Der Virologe Norbert Nowotny lehnte es ab, mit dem bekannten Ma\u00dfnahmenkritiker Martin Rutter zu debattieren, woraufhin die gesamte Veranstaltung gestrichen wurde. Kritiker sehen darin einen weiteren Beleg f\u00fcr mangelnde Meinungsvielfalt im \u00f6ffentlich-rechtlichen Rundfunk und eine fortgesetzte einseitige Deutungshoheit in der Corona-Debatte.<\/p>\n<div class=\"EmbedBlock-root EmbedBlock-twitter\">\n<div class=\"TwitterEmbed\">\n<blockquote class=\"twitter-tweet lazyload\" data-twitter=\"twitter-tweet\">\n<p lang=\"de\" dir=\"ltr\">Unser Experte Norbert Nowotny im <a rel=\"nofollow noopener\" target=\"_blank\" href=\"https:\/\/twitter.com\/ORF?ref_src=twsrc%5Etfw\">@ORF<\/a><a rel=\"nofollow noopener\" target=\"_blank\" href=\"https:\/\/twitter.com\/hashtag\/Studio2?src=hash&amp;ref_src=twsrc%5Etfw\">#Studio2<\/a> zur Rolle von <a rel=\"nofollow noopener\" target=\"_blank\" href=\"https:\/\/twitter.com\/hashtag\/Nerzen?src=hash&amp;ref_src=twsrc%5Etfw\">#Nerzen<\/a> im Zusammenhang mit dem <a rel=\"nofollow noopener\" target=\"_blank\" href=\"https:\/\/twitter.com\/hashtag\/Coronavirus?src=hash&amp;ref_src=twsrc%5Etfw\">#Coronavirus<\/a>.<a rel=\"nofollow noopener\" target=\"_blank\" href=\"https:\/\/t.co\/d2tmaL1gM7\">https:\/\/t.co\/d2tmaL1gM7<\/a><a rel=\"nofollow noopener\" target=\"_blank\" href=\"https:\/\/t.co\/to39i0B8cQ\">pic.twitter.com\/to39i0B8cQ<\/a><\/p>\n<p>\u2014 Vetmeduni (@VetmeduniVienna) <a rel=\"nofollow noopener\" target=\"_blank\" href=\"https:\/\/twitter.com\/VetmeduniVienna\/status\/1324650043727663106?ref_src=twsrc%5Etfw\">November 6, 2020<\/a><\/p><\/blockquote>\n<\/div>\n<\/div>\n<p>Die ORF-N\u00d6-Sendung &#8220;Ein Ort am Wort&#8221; sollte am Donnerstag unter dem Titel &#8220;F\u00fcnf Jahre Corona \u2013 Fakten und Fehler&#8221; stattfinden. Ziel war es, die damaligen Entscheidungen im Kontext der Pandemie aus verschiedenen Perspektiven zu beleuchten. Neben Fachleuten sollten auch Kritiker zu Wort kommen, um eine differenzierte Debatte zu erm\u00f6glichen.<\/p>\n<p><strong>Virologe verweigert Diskussion mit Rutter<\/strong><\/p>\n<p>Kurz vor der Veranstaltung zogen sich jedoch die geladenen Experten, Virologe Norbert Nowotny und Intensivmediziner Christoph H\u00f6rmann, aus der Diskussion zur\u00fcck. Nowotny begr\u00fcndete seine Absage damit, dass er sich nicht an einer Veranstaltung beteiligen wolle, die Rutter und dessen Anh\u00e4ngern &#8220;eine nicht gerechtfertigte Plattform&#8221; biete.<\/p>\n<p>Zudem seien Rutters Aussagen in sozialen Netzwerken nicht mit einer sachlichen, evidenzbasierten Diskussion vereinbar. Der ORF gab daraufhin bekannt, dass eine ad\u00e4quate Neubesetzung in der kurzen Zeit nicht m\u00f6glich gewesen sei, weshalb die gesamte Veranstaltung abgesagt wurde.<\/p>\n<figure class=\"RTImage-root\">\n<div class=\"RTImage-image RTImage-original\"><picture class=\"Picture-root Picture-original\"><!--[if IE 9]><video style=\"display: none;\"><![endif]--><source media=\"(-webkit-min-device-pixel-ratio: 2) and (min-resolution: 120dpi)\" data-srcset=\" \nhttps:\/\/now-news.de\/de\/wp-content\/uploads\/sites\/3\/2025\/03\/67d172b148fbef54793eeaf6.jpg 850w,\n                https:\/\/now-news.de\/de\/wp-content\/uploads\/sites\/3\/2025\/03\/67d172b148fbef54793eeaf6.jpg 1960w,            \" ><source data-srcset=\" \nhttps:\/\/now-news.de\/de\/wp-content\/uploads\/sites\/3\/2025\/03\/67d172b148fbef54793eeaf6.jpg 460w,\n              https:\/\/now-news.de\/de\/wp-content\/uploads\/sites\/3\/2025\/03\/67d172b148fbef54793eeaf6.jpg 980w,\n            \" ><!--[if IE 9]><\/video><![endif]--><img decoding=\"async\" data- src=\"data:image\/png;base64,iVBORw0KGgoAAAANSUhEUgAAABAAAAAJCAQAAACRI2S5AAAAEElEQVR42mNkIAAYRxWAAQAG9gAKqv6+AwAAAABJRU5ErkJggg==\" class=\"Picture-root Picture-original lazyload\" data-src=\"https:\/\/now-news.de\/de\/wp-content\/uploads\/sites\/3\/2025\/03\/67d172b148fbef54793eeaf6.jpg\" alt=\"\"><\/source><\/source><\/picture><!-- noscript pattern --><noscript><img decoding=\"async\" src=\"https:\/\/now-news.de\/de\/wp-content\/uploads\/sites\/3\/2025\/03\/67d172b148fbef54793eeaf6.jpg\" alt=\"\"><\/noscript><\/div><figcaption class=\"RTImage-footer\"><span class=\"RTImage-caption\"><span class=\"RTImage-captionItem\">Streit um Corona-Diskussion: ORF ger\u00e4t unter Druck<\/span><\/span><span class=\"RTImage-source\"><span class=\"RTImage-captionItem\">Sputnik, ORF<\/span><span class=\"RTImage-captionItem\"> \/ Sputnik<\/span><\/span><\/figcaption><\/figure>\n<p><strong>Scharfe Kritik von Rutter und der FP\u00d6<\/strong><\/p>\n<p>Martin Rutter \u00e4u\u00dferte scharfe Kritik an der Absage und warf Nowotny vor, eine offene Debatte zu verhindern.<\/p>\n<blockquote>\n<p>&#8220;Die fehlende Aufarbeitung passt zur fehlenden Diskussionskultur \u00fcber Fehler und Fakten rund um Corona&#8221;, so Rutter.<\/p>\n<\/blockquote>\n<p>Er forderte die Universit\u00e4t Wien auf, Nowotnys Lehrt\u00e4tigkeit zu \u00fcberpr\u00fcfen, da dieser wissenschaftlichen Meinungspluralismus blockiere.\u00a0Seiner Ansicht nach blockiere Nowotny &#8220;jeden ernsthaften wissenschaftlichen Ansatz von Meinungsfreiheit&#8221; im Zusammenhang mit Corona.<\/p>\n<p>Auch die FP\u00d6 reagierte mit deutlicher Ablehnung. Generalsekret\u00e4r Christian Hafenecker bezeichnete die Absage als Beleg f\u00fcr die anhaltende Zensurkultur des ORF und bekr\u00e4ftigte die Forderung der FP\u00d6 nach einer umfassenden Reform des \u00f6ffentlich-rechtlichen Rundfunks sowie der Abschaffung der ORF-Haushaltsabgabe. Um das Thema dennoch zur Diskussion zu bringen, k\u00fcndigte die FP\u00d6 eine eigene Sendung zur Corona-Aufarbeitung auf FP\u00d6-TV an.<\/p>\n<p><strong>Mehr zum Thema<\/strong>\u00a0\u2013\u00a0<a rel=\"nofollow noopener\" target=\"_blank\" href=\"https:\/\/freedert.online\/oesterreich\/236872-drittel-oesterreicher-fordert-neuwahlen-fpoe\/\">Ein Drittel der \u00d6sterreicher fordert Neuwahlen: FP\u00d6 profitiert in Umfragen<\/a><\/p>\n<div class=\"EmbedBlock-root EmbedBlock-externalVideo EmbedBlock-rumble\">\n<div class=\"VkEmbed\"><iframe class=\"lazyload\" data-src=\"https:\/\/rumble.com\/embed\/v5naraz\" frameborder=\"0\" width=\"853\" height=\"480\" allowfullscreen><\/iframe><\/div>\n<\/div>\n<\/div>\n<p><script async src=\"https:\/\/platform.twitter.com\/widgets.js\" charset=\"utf-8\"><\/script><br \/>\n<br \/><br \/>\n<br \/><a href=\"https:\/\/de.rt.com\/oesterreich\/239348-streit-um-corona-diskussion-orf\/\">Source link <\/a><\/p>\n","protected":false},"excerpt":{"rendered":"<p>Die geplante ORF-Debatte zur Corona-Aufarbeitung wurde kurzfristig abgesagt, da Virologe Nowotny die Teilnahme verweigerte. Er begr\u00fcndete dies mit einer nicht tragbaren Plattform f\u00fcr Ma\u00dfnahmenkritiker Martin Rutter. W\u00e4hrend der ORF die Absage mit fehlenden Alternativen rechtfertigte, werfen Kritiker dem Sender mangelnde Meinungsvielfalt vor. Die Aufarbeitung der Corona-Zeit wird in \u00d6sterreich noch Jahre in Anspruch nehmen. W\u00e4hrend [&hellip;]<\/p>\n","protected":false},"author":3,"featured_media":80157,"comment_status":"open","ping_status":"open","sticky":false,"template":"","format":"standard","meta":{"_yoast_indexnow_last_ping":["1741810754"],"wp_automatic_camp":["217"],"35beda158bb6e746c9975be9cf523eaa":["Streit um Corona-Diskussion: ORF bl\u00e4st Debatte ab \u2013 Keine Plattform f\u00fcr Ma\u00dfnahmengegner"],"original_link":["https:\/\/de.rt.com\/oesterreich\/239348-streit-um-corona-diskussion-orf\/"],"_thumbnail_id":["80157"],"jnews_social_counter_last_update":["1777262024"],"_wptgpro_p2tg_sent2tg":["a:1:{i:23737;s:19:\"2025-03-12 22:20:25\";}"]},"categories":[19,23],"tags":[4175,48311,10423,221,375,63409,62788,26845,8148],"yoast_head":"<!-- This site is optimized with the Yoast SEO Premium plugin v22.7 (Yoast SEO v22.7) - https:\/\/yoast.com\/wordpress\/plugins\/seo\/ -->\n<title>Streit um Corona-Diskussion: ORF bl\u00e4st Debatte ab \u2013 Keine Plattform f\u00fcr Ma\u00dfnahmengegner - just-now.NEWS Deutschland<\/title>\n<meta name=\"robots\" content=\"index, follow, max-snippet:-1, max-image-preview:large, max-video-preview:-1\" \/>\n<link rel=\"canonical\" href=\"https:\/\/now-news.de\/de\/deutschland\/streit-um-corona-diskussion-orf-blaest-debatte-ab-keine-plattform-fuer-massnahmengegner\/\" \/>\n<meta property=\"og:locale\" content=\"de_DE\" \/>\n<meta property=\"og:type\" content=\"article\" \/>\n<meta property=\"og:title\" content=\"Streit um Corona-Diskussion: ORF bl\u00e4st Debatte ab \u2013 Keine Plattform f\u00fcr Ma\u00dfnahmengegner\" \/>\n<meta property=\"og:description\" content=\"Die geplante ORF-Debatte zur Corona-Aufarbeitung wurde kurzfristig abgesagt, da Virologe Nowotny die Teilnahme verweigerte. Er begr\u00fcndete dies mit einer nicht tragbaren Plattform f\u00fcr Ma\u00dfnahmenkritiker Martin Rutter. W\u00e4hrend der ORF die Absage mit fehlenden Alternativen rechtfertigte, werfen Kritiker dem Sender mangelnde Meinungsvielfalt vor. Die Aufarbeitung der Corona-Zeit wird in \u00d6sterreich noch Jahre in Anspruch nehmen. W\u00e4hrend [&hellip;]\" \/>\n<meta property=\"og:url\" content=\"https:\/\/now-news.de\/de\/deutschland\/streit-um-corona-diskussion-orf-blaest-debatte-ab-keine-plattform-fuer-massnahmengegner\/\" \/>\n<meta property=\"og:site_name\" content=\"just-now.NEWS Deutschland\" \/>\n<meta property=\"article:publisher\" content=\"https:\/\/www.facebook.com\/wirmachenauf\" \/>\n<meta property=\"article:published_time\" content=\"2025-03-12T20:09:03+00:00\" \/>\n<meta property=\"og:image\" content=\"https:\/\/now-news.de\/de\/wp-content\/uploads\/sites\/3\/2025\/03\/67d172b148fbef54793eeaf6.jpg\" \/>\n<meta name=\"author\" content=\"rtnews\" \/>\n<meta name=\"twitter:card\" content=\"summary_large_image\" \/>\n<meta name=\"twitter:creator\" content=\"@WirMachenAuf_de\" \/>\n<meta name=\"twitter:site\" content=\"@WirMachenAuf_de\" \/>\n<meta name=\"twitter:label1\" content=\"Verfasst von\" \/>\n\t<meta name=\"twitter:data1\" content=\"rtnews\" \/>\n\t<meta name=\"twitter:label2\" content=\"Gesch\u00e4tzte Lesezeit\" \/>\n\t<meta name=\"twitter:data2\" content=\"3\u00a0Minuten\" \/>\n<script type=\"application\/ld+json\" class=\"yoast-schema-graph\">{\"@context\":\"https:\/\/schema.org\",\"@graph\":[{\"@type\":\"Article\",\"@id\":\"https:\/\/now-news.de\/de\/deutschland\/streit-um-corona-diskussion-orf-blaest-debatte-ab-keine-plattform-fuer-massnahmengegner\/#article\",\"isPartOf\":{\"@id\":\"https:\/\/now-news.de\/de\/deutschland\/streit-um-corona-diskussion-orf-blaest-debatte-ab-keine-plattform-fuer-massnahmengegner\/\"},\"author\":{\"name\":\"rtnews\",\"@id\":\"https:\/\/now-news.de\/de\/#\/schema\/person\/fb534a4e865501d8b3285208df34a9b5\"},\"headline\":\"Streit um Corona-Diskussion: ORF bl\u00e4st Debatte ab \u2013 Keine Plattform f\u00fcr Ma\u00dfnahmengegner\",\"datePublished\":\"2025-03-12T20:09:03+00:00\",\"dateModified\":\"2025-03-12T20:09:03+00:00\",\"mainEntityOfPage\":{\"@id\":\"https:\/\/now-news.de\/de\/deutschland\/streit-um-corona-diskussion-orf-blaest-debatte-ab-keine-plattform-fuer-massnahmengegner\/\"},\"wordCount\":625,\"commentCount\":0,\"publisher\":{\"@id\":\"https:\/\/now-news.de\/de\/#organization\"},\"image\":{\"@id\":\"https:\/\/now-news.de\/de\/deutschland\/streit-um-corona-diskussion-orf-blaest-debatte-ab-keine-plattform-fuer-massnahmengegner\/#primaryimage\"},\"thumbnailUrl\":\"https:\/\/now-news.de\/de\/wp-content\/uploads\/sites\/3\/2025\/03\/Streit-um-Corona-Diskussion-ORF-blaest-Debatte-ab-\u2013-Keine-Plattform.jpg\",\"keywords\":[\"blast\",\"CoronaDiskussion\",\"debatte\",\"f\u00fcr\",\"keine\",\"Ma\u00dfnahmengegner\",\"ORF\",\"Plattform\",\"Streit\"],\"articleSection\":[\"Deutschland\",\"Russland\"],\"inLanguage\":\"de\",\"potentialAction\":[{\"@type\":\"CommentAction\",\"name\":\"Comment\",\"target\":[\"https:\/\/now-news.de\/de\/deutschland\/streit-um-corona-diskussion-orf-blaest-debatte-ab-keine-plattform-fuer-massnahmengegner\/#respond\"]}]},{\"@type\":\"WebPage\",\"@id\":\"https:\/\/now-news.de\/de\/deutschland\/streit-um-corona-diskussion-orf-blaest-debatte-ab-keine-plattform-fuer-massnahmengegner\/\",\"url\":\"https:\/\/now-news.de\/de\/deutschland\/streit-um-corona-diskussion-orf-blaest-debatte-ab-keine-plattform-fuer-massnahmengegner\/\",\"name\":\"Streit um Corona-Diskussion: ORF bl\u00e4st Debatte ab \u2013 Keine Plattform f\u00fcr Ma\u00dfnahmengegner - just-now.NEWS Deutschland\",\"isPartOf\":{\"@id\":\"https:\/\/now-news.de\/de\/#website\"},\"primaryImageOfPage\":{\"@id\":\"https:\/\/now-news.de\/de\/deutschland\/streit-um-corona-diskussion-orf-blaest-debatte-ab-keine-plattform-fuer-massnahmengegner\/#primaryimage\"},\"image\":{\"@id\":\"https:\/\/now-news.de\/de\/deutschland\/streit-um-corona-diskussion-orf-blaest-debatte-ab-keine-plattform-fuer-massnahmengegner\/#primaryimage\"},\"thumbnailUrl\":\"https:\/\/now-news.de\/de\/wp-content\/uploads\/sites\/3\/2025\/03\/Streit-um-Corona-Diskussion-ORF-blaest-Debatte-ab-\u2013-Keine-Plattform.jpg\",\"datePublished\":\"2025-03-12T20:09:03+00:00\",\"dateModified\":\"2025-03-12T20:09:03+00:00\",\"breadcrumb\":{\"@id\":\"https:\/\/now-news.de\/de\/deutschland\/streit-um-corona-diskussion-orf-blaest-debatte-ab-keine-plattform-fuer-massnahmengegner\/#breadcrumb\"},\"inLanguage\":\"de\",\"potentialAction\":[{\"@type\":\"ReadAction\",\"target\":[\"https:\/\/now-news.de\/de\/deutschland\/streit-um-corona-diskussion-orf-blaest-debatte-ab-keine-plattform-fuer-massnahmengegner\/\"]}]},{\"@type\":\"ImageObject\",\"inLanguage\":\"de\",\"@id\":\"https:\/\/now-news.de\/de\/deutschland\/streit-um-corona-diskussion-orf-blaest-debatte-ab-keine-plattform-fuer-massnahmengegner\/#primaryimage\",\"url\":\"https:\/\/now-news.de\/de\/wp-content\/uploads\/sites\/3\/2025\/03\/Streit-um-Corona-Diskussion-ORF-blaest-Debatte-ab-\u2013-Keine-Plattform.jpg\",\"contentUrl\":\"https:\/\/now-news.de\/de\/wp-content\/uploads\/sites\/3\/2025\/03\/Streit-um-Corona-Diskussion-ORF-blaest-Debatte-ab-\u2013-Keine-Plattform.jpg\",\"width\":1920,\"height\":540,\"caption\":\"Streit um Corona-Diskussion: ORF bl\u00e4st Debatte ab \u2013 Keine Plattform f\u00fcr Ma\u00dfnahmengegner\"},{\"@type\":\"BreadcrumbList\",\"@id\":\"https:\/\/now-news.de\/de\/deutschland\/streit-um-corona-diskussion-orf-blaest-debatte-ab-keine-plattform-fuer-massnahmengegner\/#breadcrumb\",\"itemListElement\":[{\"@type\":\"ListItem\",\"position\":1,\"name\":\"Home\",\"item\":\"https:\/\/now-news.de\/de\/\"},{\"@type\":\"ListItem\",\"position\":2,\"name\":\"Streit um Corona-Diskussion: ORF bl\u00e4st Debatte ab \u2013 Keine Plattform f\u00fcr Ma\u00dfnahmengegner\"}]},{\"@type\":\"WebSite\",\"@id\":\"https:\/\/now-news.de\/de\/#website\",\"url\":\"https:\/\/now-news.de\/de\/\",\"name\":\"just-now.NEWS Deutschland\",\"description\":\"Das Portal f\u00fcr unzensierte Nachrichten aus der Welt\",\"publisher\":{\"@id\":\"https:\/\/now-news.de\/de\/#organization\"},\"potentialAction\":[{\"@type\":\"SearchAction\",\"target\":{\"@type\":\"EntryPoint\",\"urlTemplate\":\"https:\/\/now-news.de\/de\/?s={search_term_string}\"},\"query-input\":\"required name=search_term_string\"}],\"inLanguage\":\"de\"},{\"@type\":\"Organization\",\"@id\":\"https:\/\/now-news.de\/de\/#organization\",\"name\":\"Just Now News\",\"url\":\"https:\/\/now-news.de\/de\/\",\"logo\":{\"@type\":\"ImageObject\",\"inLanguage\":\"de\",\"@id\":\"https:\/\/now-news.de\/de\/#\/schema\/logo\/image\/\",\"url\":\"http:\/\/just-now.news\/de\/wp-content\/uploads\/sites\/3\/2022\/04\/logo500x500.jpg\",\"contentUrl\":\"http:\/\/just-now.news\/de\/wp-content\/uploads\/sites\/3\/2022\/04\/logo500x500.jpg\",\"width\":500,\"height\":500,\"caption\":\"Just Now News\"},\"image\":{\"@id\":\"https:\/\/now-news.de\/de\/#\/schema\/logo\/image\/\"},\"sameAs\":[\"https:\/\/www.facebook.com\/wirmachenauf\",\"https:\/\/x.com\/WirMachenAuf_de\"]},{\"@type\":\"Person\",\"@id\":\"https:\/\/now-news.de\/de\/#\/schema\/person\/fb534a4e865501d8b3285208df34a9b5\",\"name\":\"rtnews\",\"image\":{\"@type\":\"ImageObject\",\"inLanguage\":\"de\",\"@id\":\"https:\/\/now-news.de\/de\/#\/schema\/person\/image\/\",\"url\":\"https:\/\/secure.gravatar.com\/avatar\/82aafea7d8127119dd649515f56e2117?s=96&d=mm&r=g\",\"contentUrl\":\"https:\/\/secure.gravatar.com\/avatar\/82aafea7d8127119dd649515f56e2117?s=96&d=mm&r=g\",\"caption\":\"rtnews\"},\"url\":\"https:\/\/now-news.de\/de\/author\/rnews\/\"}]}<\/script>\n<!-- \/ Yoast SEO Premium plugin. -->","yoast_head_json":{"title":"Streit um Corona-Diskussion: ORF bl\u00e4st Debatte ab \u2013 Keine Plattform f\u00fcr Ma\u00dfnahmengegner - just-now.NEWS Deutschland","robots":{"index":"index","follow":"follow","max-snippet":"max-snippet:-1","max-image-preview":"max-image-preview:large","max-video-preview":"max-video-preview:-1"},"canonical":"https:\/\/now-news.de\/de\/deutschland\/streit-um-corona-diskussion-orf-blaest-debatte-ab-keine-plattform-fuer-massnahmengegner\/","og_locale":"de_DE","og_type":"article","og_title":"Streit um Corona-Diskussion: ORF bl\u00e4st Debatte ab \u2013 Keine Plattform f\u00fcr Ma\u00dfnahmengegner","og_description":"Die geplante ORF-Debatte zur Corona-Aufarbeitung wurde kurzfristig abgesagt, da Virologe Nowotny die Teilnahme verweigerte. Er begr\u00fcndete dies mit einer nicht tragbaren Plattform f\u00fcr Ma\u00dfnahmenkritiker Martin Rutter. W\u00e4hrend der ORF die Absage mit fehlenden Alternativen rechtfertigte, werfen Kritiker dem Sender mangelnde Meinungsvielfalt vor. Die Aufarbeitung der Corona-Zeit wird in \u00d6sterreich noch Jahre in Anspruch nehmen. W\u00e4hrend [&hellip;]","og_url":"https:\/\/now-news.de\/de\/deutschland\/streit-um-corona-diskussion-orf-blaest-debatte-ab-keine-plattform-fuer-massnahmengegner\/","og_site_name":"just-now.NEWS Deutschland","article_publisher":"https:\/\/www.facebook.com\/wirmachenauf","article_published_time":"2025-03-12T20:09:03+00:00","og_image":[{"url":"https:\/\/now-news.de\/de\/wp-content\/uploads\/sites\/3\/2025\/03\/67d172b148fbef54793eeaf6.jpg"}],"author":"rtnews","twitter_card":"summary_large_image","twitter_creator":"@WirMachenAuf_de","twitter_site":"@WirMachenAuf_de","twitter_misc":{"Verfasst von":"rtnews","Gesch\u00e4tzte Lesezeit":"3\u00a0Minuten"},"schema":{"@context":"https:\/\/schema.org","@graph":[{"@type":"Article","@id":"https:\/\/now-news.de\/de\/deutschland\/streit-um-corona-diskussion-orf-blaest-debatte-ab-keine-plattform-fuer-massnahmengegner\/#article","isPartOf":{"@id":"https:\/\/now-news.de\/de\/deutschland\/streit-um-corona-diskussion-orf-blaest-debatte-ab-keine-plattform-fuer-massnahmengegner\/"},"author":{"name":"rtnews","@id":"https:\/\/now-news.de\/de\/#\/schema\/person\/fb534a4e865501d8b3285208df34a9b5"},"headline":"Streit um Corona-Diskussion: ORF bl\u00e4st Debatte ab \u2013 Keine Plattform f\u00fcr Ma\u00dfnahmengegner","datePublished":"2025-03-12T20:09:03+00:00","dateModified":"2025-03-12T20:09:03+00:00","mainEntityOfPage":{"@id":"https:\/\/now-news.de\/de\/deutschland\/streit-um-corona-diskussion-orf-blaest-debatte-ab-keine-plattform-fuer-massnahmengegner\/"},"wordCount":625,"commentCount":0,"publisher":{"@id":"https:\/\/now-news.de\/de\/#organization"},"image":{"@id":"https:\/\/now-news.de\/de\/deutschland\/streit-um-corona-diskussion-orf-blaest-debatte-ab-keine-plattform-fuer-massnahmengegner\/#primaryimage"},"thumbnailUrl":"https:\/\/now-news.de\/de\/wp-content\/uploads\/sites\/3\/2025\/03\/Streit-um-Corona-Diskussion-ORF-blaest-Debatte-ab-\u2013-Keine-Plattform.jpg","keywords":["blast","CoronaDiskussion","debatte","f\u00fcr","keine","Ma\u00dfnahmengegner","ORF","Plattform","Streit"],"articleSection":["Deutschland","Russland"],"inLanguage":"de","potentialAction":[{"@type":"CommentAction","name":"Comment","target":["https:\/\/now-news.de\/de\/deutschland\/streit-um-corona-diskussion-orf-blaest-debatte-ab-keine-plattform-fuer-massnahmengegner\/#respond"]}]},{"@type":"WebPage","@id":"https:\/\/now-news.de\/de\/deutschland\/streit-um-corona-diskussion-orf-blaest-debatte-ab-keine-plattform-fuer-massnahmengegner\/","url":"https:\/\/now-news.de\/de\/deutschland\/streit-um-corona-diskussion-orf-blaest-debatte-ab-keine-plattform-fuer-massnahmengegner\/","name":"Streit um Corona-Diskussion: ORF bl\u00e4st Debatte ab \u2013 Keine Plattform f\u00fcr Ma\u00dfnahmengegner - just-now.NEWS Deutschland","isPartOf":{"@id":"https:\/\/now-news.de\/de\/#website"},"primaryImageOfPage":{"@id":"https:\/\/now-news.de\/de\/deutschland\/streit-um-corona-diskussion-orf-blaest-debatte-ab-keine-plattform-fuer-massnahmengegner\/#primaryimage"},"image":{"@id":"https:\/\/now-news.de\/de\/deutschland\/streit-um-corona-diskussion-orf-blaest-debatte-ab-keine-plattform-fuer-massnahmengegner\/#primaryimage"},"thumbnailUrl":"https:\/\/now-news.de\/de\/wp-content\/uploads\/sites\/3\/2025\/03\/Streit-um-Corona-Diskussion-ORF-blaest-Debatte-ab-\u2013-Keine-Plattform.jpg","datePublished":"2025-03-12T20:09:03+00:00","dateModified":"2025-03-12T20:09:03+00:00","breadcrumb":{"@id":"https:\/\/now-news.de\/de\/deutschland\/streit-um-corona-diskussion-orf-blaest-debatte-ab-keine-plattform-fuer-massnahmengegner\/#breadcrumb"},"inLanguage":"de","potentialAction":[{"@type":"ReadAction","target":["https:\/\/now-news.de\/de\/deutschland\/streit-um-corona-diskussion-orf-blaest-debatte-ab-keine-plattform-fuer-massnahmengegner\/"]}]},{"@type":"ImageObject","inLanguage":"de","@id":"https:\/\/now-news.de\/de\/deutschland\/streit-um-corona-diskussion-orf-blaest-debatte-ab-keine-plattform-fuer-massnahmengegner\/#primaryimage","url":"https:\/\/now-news.de\/de\/wp-content\/uploads\/sites\/3\/2025\/03\/Streit-um-Corona-Diskussion-ORF-blaest-Debatte-ab-\u2013-Keine-Plattform.jpg","contentUrl":"https:\/\/now-news.de\/de\/wp-content\/uploads\/sites\/3\/2025\/03\/Streit-um-Corona-Diskussion-ORF-blaest-Debatte-ab-\u2013-Keine-Plattform.jpg","width":1920,"height":540,"caption":"Streit um Corona-Diskussion: ORF bl\u00e4st Debatte ab \u2013 Keine Plattform f\u00fcr Ma\u00dfnahmengegner"},{"@type":"BreadcrumbList","@id":"https:\/\/now-news.de\/de\/deutschland\/streit-um-corona-diskussion-orf-blaest-debatte-ab-keine-plattform-fuer-massnahmengegner\/#breadcrumb","itemListElement":[{"@type":"ListItem","position":1,"name":"Home","item":"https:\/\/now-news.de\/de\/"},{"@type":"ListItem","position":2,"name":"Streit um Corona-Diskussion: ORF bl\u00e4st Debatte ab \u2013 Keine Plattform f\u00fcr Ma\u00dfnahmengegner"}]},{"@type":"WebSite","@id":"https:\/\/now-news.de\/de\/#website","url":"https:\/\/now-news.de\/de\/","name":"just-now.NEWS Deutschland","description":"Das Portal f\u00fcr unzensierte Nachrichten aus der Welt","publisher":{"@id":"https:\/\/now-news.de\/de\/#organization"},"potentialAction":[{"@type":"SearchAction","target":{"@type":"EntryPoint","urlTemplate":"https:\/\/now-news.de\/de\/?s={search_term_string}"},"query-input":"required name=search_term_string"}],"inLanguage":"de"},{"@type":"Organization","@id":"https:\/\/now-news.de\/de\/#organization","name":"Just Now News","url":"https:\/\/now-news.de\/de\/","logo":{"@type":"ImageObject","inLanguage":"de","@id":"https:\/\/now-news.de\/de\/#\/schema\/logo\/image\/","url":"http:\/\/just-now.news\/de\/wp-content\/uploads\/sites\/3\/2022\/04\/logo500x500.jpg","contentUrl":"http:\/\/just-now.news\/de\/wp-content\/uploads\/sites\/3\/2022\/04\/logo500x500.jpg","width":500,"height":500,"caption":"Just Now News"},"image":{"@id":"https:\/\/now-news.de\/de\/#\/schema\/logo\/image\/"},"sameAs":["https:\/\/www.facebook.com\/wirmachenauf","https:\/\/x.com\/WirMachenAuf_de"]},{"@type":"Person","@id":"https:\/\/now-news.de\/de\/#\/schema\/person\/fb534a4e865501d8b3285208df34a9b5","name":"rtnews","image":{"@type":"ImageObject","inLanguage":"de","@id":"https:\/\/now-news.de\/de\/#\/schema\/person\/image\/","url":"https:\/\/secure.gravatar.com\/avatar\/82aafea7d8127119dd649515f56e2117?s=96&d=mm&r=g","contentUrl":"https:\/\/secure.gravatar.com\/avatar\/82aafea7d8127119dd649515f56e2117?s=96&d=mm&r=g","caption":"rtnews"},"url":"https:\/\/now-news.de\/de\/author\/rnews\/"}]}},"_links":{"self":[{"href":"https:\/\/now-news.de\/de\/wp-json\/wp\/v2\/posts\/80156"}],"collection":[{"href":"https:\/\/now-news.de\/de\/wp-json\/wp\/v2\/posts"}],"about":[{"href":"https:\/\/now-news.de\/de\/wp-json\/wp\/v2\/types\/post"}],"author":[{"embeddable":true,"href":"https:\/\/now-news.de\/de\/wp-json\/wp\/v2\/users\/3"}],"replies":[{"embeddable":true,"href":"https:\/\/now-news.de\/de\/wp-json\/wp\/v2\/comments?post=80156"}],"version-history":[{"count":0,"href":"https:\/\/now-news.de\/de\/wp-json\/wp\/v2\/posts\/80156\/revisions"}],"wp:featuredmedia":[{"embeddable":true,"href":"https:\/\/now-news.de\/de\/wp-json\/wp\/v2\/media\/80157"}],"wp:attachment":[{"href":"https:\/\/now-news.de\/de\/wp-json\/wp\/v2\/media?parent=80156"}],"wp:term":[{"taxonomy":"category","embeddable":true,"href":"https:\/\/now-news.de\/de\/wp-json\/wp\/v2\/categories?post=80156"},{"taxonomy":"post_tag","embeddable":true,"href":"https:\/\/now-news.de\/de\/wp-json\/wp\/v2\/tags?post=80156"}],"curies":[{"name":"wp","href":"https:\/\/api.w.org\/{rel}","templated":true}]}}