{"id":80143,"date":"2025-03-12T19:29:37","date_gmt":"2025-03-12T17:29:37","guid":{"rendered":"https:\/\/now-news.de\/de\/deutschland\/vorbereitungen-auf-den-krieg\/"},"modified":"2025-03-12T19:29:37","modified_gmt":"2025-03-12T17:29:37","slug":"vorbereitungen-auf-den-krieg","status":"publish","type":"post","link":"https:\/\/now-news.de\/de\/deutschland\/vorbereitungen-auf-den-krieg\/","title":{"rendered":"Vorbereitungen auf den Krieg"},"content":{"rendered":"<p><img decoding=\"async\" src=\"https:\/\/now-news.de\/de\/wp-content\/uploads\/sites\/3\/2025\/03\/67d194f948fbef04a409b596.jpg\" \/><\/p>\n<div class=\"Text-root Text-type_1 \">\n                Es sind Psychopathen, die ihre Bev\u00f6lkerungen ins Ungl\u00fcck st\u00fcrzen wollen.\n            <\/div>\n<p><\/p>\n<div class=\"Text-root Text-type_5 ArticleView-text ViewText-root \">\n<p><strong><\/strong><strong><\/strong><em>Von Wolfgang Bittner<\/em><\/p>\n<p>In meiner Lokalzeitung lese ich beim Fr\u00fchst\u00fcck am 11. M\u00e4rz \u00fcber Kriegsvorbereitungen, und mir bleibt fast der Bissen im Halse stecken. &#8220;Wir sind Drehscheibe f\u00fcr die NATO&#8221;, hei\u00dft es da. Im &#8220;Verteidigungsfall w\u00e4re Niedersachsen ein Zentrum f\u00fcr die Logistik der Bundeswehr&#8221;, und mit dem &#8220;Operationsplan Deutschland&#8221; bereite sich das Land auf eine &#8220;m\u00f6gliche kriegerische Auseinandersetzung&#8221; vor.<\/p>\n<p>Im Folgenden lese ich, dass Niedersachsen aufgrund seiner geografischen Lage eine besondere Rolle bei der Verlegung von nationalen wie internationalen Streitkr\u00e4ften zukomme. Wichtige Autobahnen seien zu ber\u00fccksichtigen, ebenso die milit\u00e4rischen und zivilen Flugh\u00e4fen im Verbund von Hannover, Bremen und Hamburg. Entlang der Marschroute brauche es &#8220;Convoy Support Center&#8221;, d.<em>\u00a0<\/em>h. Orte f\u00fcr Ruhepausen, Verpflegung und Betankung der Fahrzeuge. Im Ernstfall werde die milit\u00e4rische Nutzung von Krankenh\u00e4usern, Bahnverbindungen und Autobahnen Vorrang haben. \u00dcberpr\u00fcft werden m\u00fcsse noch, ob die Verkehrswege ausgebaut werden m\u00fcssen (hier w\u00fcrde dann wohl ein Teil der f\u00fcr Strukturma\u00dfnahmen vorgesehenen 500<em>\u00a0<\/em>Milliarden zum Einsatz kommen).<\/p>\n<p>Weiter hei\u00dft es, Verteidigung sei eine gesamtstaatliche Aufgabe, die jeden angehe. Sie erfordere &#8220;Bereitschaft zur Einschr\u00e4nkung und einen finanziellen Kraftakt, der viel Steuergeld kosten wird&#8221;. Darauf m\u00fcsse sich die Gesellschaft verst\u00e4ndigen, und jeder k\u00f6nne dazu beitragen, &#8220;andere in seinem Umfeld als Botschafter oder Botschafterin daf\u00fcr zu sensibilisieren&#8221;.<\/p>\n<p><strong>Russland wollte Frieden<\/strong><\/p>\n<p>Als ich das alles las, dr\u00e4ngte sich mir wieder einmal die Frage auf, ob wir jetzt vom realen Wahnsinn vereinnahmt sind. K\u00f6nnte Russland denn wirklich beabsichtigen, Deutschland und Westeuropa anzugreifen? Und welchen Sinn sollte das haben? Was k\u00f6nnte Russland in Westeuropa wollen? Es gibt weder Rohstoffe, noch g\u00e4be es strategische Vorteile. Was aber will die westliche Allianz? Da geht es seit Langem schon darum, Russland zuerst zu ruinieren und dann wirtschaftlich und strategisch zu vereinnahmen.<\/p>\n<p>Jetzt soll Russland besiegt werden, wie von den deutschen Bellizisten zu h\u00f6ren ist, und Great Britain und die Grand Nation konkurrieren zurzeit um die F\u00fchrungsrolle in Europa, solange Friedrich Merz noch nicht regierungsf\u00e4hig ist. Aber Russland kann nicht besiegt werden. Das ist \u00fcberhaupt nicht m\u00f6glich, weil Russland eine Atommacht ist. Ginge es um seine Existenz, w\u00fcrde es Atomwaffen einsetzten. Und das w\u00e4re das Ende der gegenw\u00e4rtigen Zivilisation.<\/p>\n<p>Russland wollte Frieden und Ruhe f\u00fcr den weiteren Aufbau des Landes, wie Pr\u00e4sident Wladimir Putin bereits 2001 in seiner denkw\u00fcrdigen Rede im Deutschen Bundestag erkl\u00e4rt hat. Ebenso wie Gorbatschows Vision von einem &#8220;Gemeinsamen europ\u00e4ischen Haus&#8221; wurde Putins Angebot einer Kooperation und eines Wirtschaftsraums von Wladiwostok bis Lissabon von den USA verhindert. Auch sp\u00e4ter, bis in die Gegenwart, hat Putin mehrmals erkl\u00e4rt, Russland werde sich zwar verteidigen, aber niemanden angreifen.<\/p>\n<p>In einem <a rel=\"nofollow noopener\" target=\"_blank\" href=\"https:\/\/www.news.de\/politik\/857674522\/wladimir-putin-spricht-ueber-europa-angriff-vor-laufenden-kameras-ankuendigung-einer-bevorstehenden-invasion-im-netz-vermutet\/1\/\">Interview<\/a> mit dem US-Sender <em>CBS<\/em>, das bei YouTube inzwischen gel\u00f6scht wurde, sagte Putin am 29.<em>\u00a0<\/em>September 2015: &#8220;Bei uns gibt es keine Obsession, dass Russland eine Supermacht sein muss.&#8221; Und Ende M\u00e4rz<em>\u00a0<\/em>2024 widersprach Wladimir Putin nochmals mit deutlichen Worten Spekulationen, Russland wolle europ\u00e4ische L\u00e4nder angreifen. Das sei &#8220;v\u00f6lliger Unsinn&#8221;, sie &#8220;machen ihrer Bev\u00f6lkerung Angst vor einer m\u00f6glichen \u201arussischen Bedrohung, w\u00e4hrend sie selbst ihr Diktat in der ganzen Welt verbreiten&#8221;. Die Bev\u00f6lkerung werde ver\u00e4ngstigt, &#8220;um Geld aus ihr herauszuholen&#8221; und die eigene schlechte Wirtschaft zu verschleiern.<\/p>\n<p>Auch in seinem <a rel=\"nofollow noopener\" target=\"_blank\" href=\"https:\/\/www.news.de\/politik\/857674522\/wladimir-putin-spricht-ueber-europa-angriff-vor-laufenden-kameras-ankuendigung-einer-bevorstehenden-invasion-im-netz-vermutet\/1\/\">Interview<\/a> mit dem US-Journalisten Tucker Carlson betonte Putin: &#8220;Wir werden niemanden angreifen.&#8221; Und zum Einmarsch in die Ukraine erkl\u00e4rte er: &#8220;Wann haben die Entwicklungen in der Ukraine begonnen? Seit dem Staatsstreich und dem Beginn der Feindseligkeiten im Donbass, da haben sie angefangen. Und wir sch\u00fctzen unser Volk, uns selbst, unser Heimatland und unsere Zukunft.&#8221;<\/p>\n<p><a><\/a>\u00a0<strong>Trump will Verst\u00e4ndigung, die EU will Krieg<\/strong><\/p>\n<p>Diese Stellungnahmen finden kein Geh\u00f6r, weil sie nicht in die Kriegsvorbereitungen passen. Kurios und zugleich tragisch ist, dass die Staaten der Europ\u00e4ischen Union die Aggressions- und Sanktionspolitik, die ihnen von den US-Regierungen unter Barack Obama und Joe Biden aufgezwungen worden ist (dazu Wolfgang Bittner, &#8220;Der neue West-Ost-Konflikt \u2013 Inszenierung einer Krise&#8221;, Verlag zeitgeist, H\u00f6hr-Grenzhausen 2019, S. 40; Anm.), jetzt in eigener Regie fortf\u00fchren wollen, nachdem sich Pr\u00e4sident Donald Trump mit Russland verst\u00e4ndigen will.<\/p>\n<p>Falls nun die Gesetzesvorlage der CDU\/CSU und der SPD \u00fcber die astronomische Summe von fast einer Billion f\u00fcr Aufr\u00fcstung und Erneuerung der Infrastruktur vom Bundestag beschlossen wird, steht der deutschen Bev\u00f6lkerung<em>\u00a0<\/em>\u2013 abgesehen von einer akuten Kriegsgefahr<em>\u00a0<\/em>\u2013 ein gewaltiger Aderlass bevor. Es sieht danach aus, dass die Psychopathen, die zurzeit regieren, ihre Bev\u00f6lkerungen wirklich ins Ungl\u00fcck st\u00fcrzen wollen. Zu hoffen ist, dass die belogenen und betrogenen Menschen noch rechtzeitig zur Besinnung kommen.<\/p>\n<p><em>Der Schriftsteller und Publizist Dr. jur. <\/em><em><strong>Wolfgang Bittner<\/strong><\/em><em> ist Autor zahlreicher B\u00fccher, u.\u00a0a. &#8220;Die Eroberung Europas durch die USA&#8221; und &#8220;Deutschland \u2013 Verraten und verkauft&#8221;. K\u00fcrzlich ist im Verlag zeitgeist sein Buch &#8220;Niemand soll hungern, ohne zu frieren&#8221; erschienen.<\/em><\/p>\n<p><strong>Mehr zum Thema<\/strong> &#8211; <a rel=\"nofollow noopener\" target=\"_blank\" href=\"https:\/\/freedert.online\/meinung\/239175-billionenschuldmanoever-und-elende-zustand-parlaments\/\">Das Billionen-Schulden-Man\u00f6ver und der elende Zustand des Parlaments<\/a><em><br \/><\/em><\/p>\n<div class=\"EmbedBlock-root EmbedBlock-externalVideo EmbedBlock-rumble\">\n<div class=\"VkEmbed\"><iframe class=\"lazyload\" data-src=\"https:\/\/rumble.com\/embed\/v6o3m1o\" frameborder=\"0\" width=\"853\" height=\"480\" allowfullscreen><\/iframe><\/div>\n<\/div>\n<\/div>\n<p><br \/>\n<br \/><a href=\"https:\/\/de.rt.com\/meinung\/239303-vorbereitungen-auf-den-krieg\/\">Source link <\/a><\/p>\n","protected":false},"excerpt":{"rendered":"<p>Es sind Psychopathen, die ihre Bev\u00f6lkerungen ins Ungl\u00fcck st\u00fcrzen wollen. Von Wolfgang Bittner In meiner Lokalzeitung lese ich beim Fr\u00fchst\u00fcck am 11. M\u00e4rz \u00fcber Kriegsvorbereitungen, und mir bleibt fast der Bissen im Halse stecken. &#8220;Wir sind Drehscheibe f\u00fcr die NATO&#8221;, hei\u00dft es da. Im &#8220;Verteidigungsfall w\u00e4re Niedersachsen ein Zentrum f\u00fcr die Logistik der Bundeswehr&#8221;, und [&hellip;]<\/p>\n","protected":false},"author":3,"featured_media":80144,"comment_status":"open","ping_status":"open","sticky":false,"template":"","format":"standard","meta":{"_yoast_indexnow_last_ping":["1741801151"],"wp_automatic_camp":["217"],"d4a13fc85ad8bb105cbb01a9b50262f6":["Vorbereitungen auf den Krieg"],"original_link":["https:\/\/de.rt.com\/meinung\/239303-vorbereitungen-auf-den-krieg\/"],"_thumbnail_id":["80144"],"jnews_social_counter_last_update":["1777410195"],"_wptgpro_p2tg_sent2tg":["a:1:{i:23737;s:19:\"2025-03-12 19:40:14\";}"]},"categories":[19,23],"tags":[133,48,130,22987],"yoast_head":"<!-- This site is optimized with the Yoast SEO Premium plugin v22.7 (Yoast SEO v22.7) - https:\/\/yoast.com\/wordpress\/plugins\/seo\/ -->\n<title>Vorbereitungen auf den Krieg - just-now.NEWS Deutschland<\/title>\n<meta name=\"robots\" content=\"index, follow, max-snippet:-1, max-image-preview:large, max-video-preview:-1\" \/>\n<link rel=\"canonical\" href=\"https:\/\/now-news.de\/de\/deutschland\/vorbereitungen-auf-den-krieg\/\" \/>\n<meta property=\"og:locale\" content=\"de_DE\" \/>\n<meta property=\"og:type\" content=\"article\" \/>\n<meta property=\"og:title\" content=\"Vorbereitungen auf den Krieg\" \/>\n<meta property=\"og:description\" content=\"Es sind Psychopathen, die ihre Bev\u00f6lkerungen ins Ungl\u00fcck st\u00fcrzen wollen. Von Wolfgang Bittner In meiner Lokalzeitung lese ich beim Fr\u00fchst\u00fcck am 11. M\u00e4rz \u00fcber Kriegsvorbereitungen, und mir bleibt fast der Bissen im Halse stecken. &#8220;Wir sind Drehscheibe f\u00fcr die NATO&#8221;, hei\u00dft es da. Im &#8220;Verteidigungsfall w\u00e4re Niedersachsen ein Zentrum f\u00fcr die Logistik der Bundeswehr&#8221;, und [&hellip;]\" \/>\n<meta property=\"og:url\" content=\"https:\/\/now-news.de\/de\/deutschland\/vorbereitungen-auf-den-krieg\/\" \/>\n<meta property=\"og:site_name\" content=\"just-now.NEWS Deutschland\" \/>\n<meta property=\"article:publisher\" content=\"https:\/\/www.facebook.com\/wirmachenauf\" \/>\n<meta property=\"article:published_time\" content=\"2025-03-12T17:29:37+00:00\" \/>\n<meta property=\"og:image\" content=\"https:\/\/now-news.de\/de\/wp-content\/uploads\/sites\/3\/2025\/03\/67d194f948fbef04a409b596.jpg\" \/>\n<meta name=\"author\" content=\"rtnews\" \/>\n<meta name=\"twitter:card\" content=\"summary_large_image\" \/>\n<meta name=\"twitter:creator\" content=\"@WirMachenAuf_de\" \/>\n<meta name=\"twitter:site\" content=\"@WirMachenAuf_de\" \/>\n<meta name=\"twitter:label1\" content=\"Verfasst von\" \/>\n\t<meta name=\"twitter:data1\" content=\"rtnews\" \/>\n\t<meta name=\"twitter:label2\" content=\"Gesch\u00e4tzte Lesezeit\" \/>\n\t<meta name=\"twitter:data2\" content=\"4\u00a0Minuten\" \/>\n<script type=\"application\/ld+json\" class=\"yoast-schema-graph\">{\"@context\":\"https:\/\/schema.org\",\"@graph\":[{\"@type\":\"Article\",\"@id\":\"https:\/\/now-news.de\/de\/deutschland\/vorbereitungen-auf-den-krieg\/#article\",\"isPartOf\":{\"@id\":\"https:\/\/now-news.de\/de\/deutschland\/vorbereitungen-auf-den-krieg\/\"},\"author\":{\"name\":\"rtnews\",\"@id\":\"https:\/\/now-news.de\/de\/#\/schema\/person\/fb534a4e865501d8b3285208df34a9b5\"},\"headline\":\"Vorbereitungen auf den Krieg\",\"datePublished\":\"2025-03-12T17:29:37+00:00\",\"dateModified\":\"2025-03-12T17:29:37+00:00\",\"mainEntityOfPage\":{\"@id\":\"https:\/\/now-news.de\/de\/deutschland\/vorbereitungen-auf-den-krieg\/\"},\"wordCount\":848,\"commentCount\":0,\"publisher\":{\"@id\":\"https:\/\/now-news.de\/de\/#organization\"},\"image\":{\"@id\":\"https:\/\/now-news.de\/de\/deutschland\/vorbereitungen-auf-den-krieg\/#primaryimage\"},\"thumbnailUrl\":\"https:\/\/now-news.de\/de\/wp-content\/uploads\/sites\/3\/2025\/03\/Vorbereitungen-auf-den-Krieg.jpg\",\"keywords\":[\"AUF\",\"den\",\"krieg\",\"Vorbereitungen\"],\"articleSection\":[\"Deutschland\",\"Russland\"],\"inLanguage\":\"de\",\"potentialAction\":[{\"@type\":\"CommentAction\",\"name\":\"Comment\",\"target\":[\"https:\/\/now-news.de\/de\/deutschland\/vorbereitungen-auf-den-krieg\/#respond\"]}]},{\"@type\":\"WebPage\",\"@id\":\"https:\/\/now-news.de\/de\/deutschland\/vorbereitungen-auf-den-krieg\/\",\"url\":\"https:\/\/now-news.de\/de\/deutschland\/vorbereitungen-auf-den-krieg\/\",\"name\":\"Vorbereitungen auf den Krieg - just-now.NEWS Deutschland\",\"isPartOf\":{\"@id\":\"https:\/\/now-news.de\/de\/#website\"},\"primaryImageOfPage\":{\"@id\":\"https:\/\/now-news.de\/de\/deutschland\/vorbereitungen-auf-den-krieg\/#primaryimage\"},\"image\":{\"@id\":\"https:\/\/now-news.de\/de\/deutschland\/vorbereitungen-auf-den-krieg\/#primaryimage\"},\"thumbnailUrl\":\"https:\/\/now-news.de\/de\/wp-content\/uploads\/sites\/3\/2025\/03\/Vorbereitungen-auf-den-Krieg.jpg\",\"datePublished\":\"2025-03-12T17:29:37+00:00\",\"dateModified\":\"2025-03-12T17:29:37+00:00\",\"breadcrumb\":{\"@id\":\"https:\/\/now-news.de\/de\/deutschland\/vorbereitungen-auf-den-krieg\/#breadcrumb\"},\"inLanguage\":\"de\",\"potentialAction\":[{\"@type\":\"ReadAction\",\"target\":[\"https:\/\/now-news.de\/de\/deutschland\/vorbereitungen-auf-den-krieg\/\"]}]},{\"@type\":\"ImageObject\",\"inLanguage\":\"de\",\"@id\":\"https:\/\/now-news.de\/de\/deutschland\/vorbereitungen-auf-den-krieg\/#primaryimage\",\"url\":\"https:\/\/now-news.de\/de\/wp-content\/uploads\/sites\/3\/2025\/03\/Vorbereitungen-auf-den-Krieg.jpg\",\"contentUrl\":\"https:\/\/now-news.de\/de\/wp-content\/uploads\/sites\/3\/2025\/03\/Vorbereitungen-auf-den-Krieg.jpg\",\"width\":460,\"height\":259,\"caption\":\"Vorbereitungen auf den Krieg\"},{\"@type\":\"BreadcrumbList\",\"@id\":\"https:\/\/now-news.de\/de\/deutschland\/vorbereitungen-auf-den-krieg\/#breadcrumb\",\"itemListElement\":[{\"@type\":\"ListItem\",\"position\":1,\"name\":\"Home\",\"item\":\"https:\/\/now-news.de\/de\/\"},{\"@type\":\"ListItem\",\"position\":2,\"name\":\"Vorbereitungen auf den Krieg\"}]},{\"@type\":\"WebSite\",\"@id\":\"https:\/\/now-news.de\/de\/#website\",\"url\":\"https:\/\/now-news.de\/de\/\",\"name\":\"just-now.NEWS Deutschland\",\"description\":\"Das Portal f\u00fcr unzensierte Nachrichten aus der Welt\",\"publisher\":{\"@id\":\"https:\/\/now-news.de\/de\/#organization\"},\"potentialAction\":[{\"@type\":\"SearchAction\",\"target\":{\"@type\":\"EntryPoint\",\"urlTemplate\":\"https:\/\/now-news.de\/de\/?s={search_term_string}\"},\"query-input\":\"required name=search_term_string\"}],\"inLanguage\":\"de\"},{\"@type\":\"Organization\",\"@id\":\"https:\/\/now-news.de\/de\/#organization\",\"name\":\"Just Now News\",\"url\":\"https:\/\/now-news.de\/de\/\",\"logo\":{\"@type\":\"ImageObject\",\"inLanguage\":\"de\",\"@id\":\"https:\/\/now-news.de\/de\/#\/schema\/logo\/image\/\",\"url\":\"http:\/\/just-now.news\/de\/wp-content\/uploads\/sites\/3\/2022\/04\/logo500x500.jpg\",\"contentUrl\":\"http:\/\/just-now.news\/de\/wp-content\/uploads\/sites\/3\/2022\/04\/logo500x500.jpg\",\"width\":500,\"height\":500,\"caption\":\"Just Now News\"},\"image\":{\"@id\":\"https:\/\/now-news.de\/de\/#\/schema\/logo\/image\/\"},\"sameAs\":[\"https:\/\/www.facebook.com\/wirmachenauf\",\"https:\/\/x.com\/WirMachenAuf_de\"]},{\"@type\":\"Person\",\"@id\":\"https:\/\/now-news.de\/de\/#\/schema\/person\/fb534a4e865501d8b3285208df34a9b5\",\"name\":\"rtnews\",\"image\":{\"@type\":\"ImageObject\",\"inLanguage\":\"de\",\"@id\":\"https:\/\/now-news.de\/de\/#\/schema\/person\/image\/\",\"url\":\"https:\/\/secure.gravatar.com\/avatar\/82aafea7d8127119dd649515f56e2117?s=96&d=mm&r=g\",\"contentUrl\":\"https:\/\/secure.gravatar.com\/avatar\/82aafea7d8127119dd649515f56e2117?s=96&d=mm&r=g\",\"caption\":\"rtnews\"},\"url\":\"https:\/\/now-news.de\/de\/author\/rnews\/\"}]}<\/script>\n<!-- \/ Yoast SEO Premium plugin. -->","yoast_head_json":{"title":"Vorbereitungen auf den Krieg - just-now.NEWS Deutschland","robots":{"index":"index","follow":"follow","max-snippet":"max-snippet:-1","max-image-preview":"max-image-preview:large","max-video-preview":"max-video-preview:-1"},"canonical":"https:\/\/now-news.de\/de\/deutschland\/vorbereitungen-auf-den-krieg\/","og_locale":"de_DE","og_type":"article","og_title":"Vorbereitungen auf den Krieg","og_description":"Es sind Psychopathen, die ihre Bev\u00f6lkerungen ins Ungl\u00fcck st\u00fcrzen wollen. Von Wolfgang Bittner In meiner Lokalzeitung lese ich beim Fr\u00fchst\u00fcck am 11. M\u00e4rz \u00fcber Kriegsvorbereitungen, und mir bleibt fast der Bissen im Halse stecken. &#8220;Wir sind Drehscheibe f\u00fcr die NATO&#8221;, hei\u00dft es da. Im &#8220;Verteidigungsfall w\u00e4re Niedersachsen ein Zentrum f\u00fcr die Logistik der Bundeswehr&#8221;, und [&hellip;]","og_url":"https:\/\/now-news.de\/de\/deutschland\/vorbereitungen-auf-den-krieg\/","og_site_name":"just-now.NEWS Deutschland","article_publisher":"https:\/\/www.facebook.com\/wirmachenauf","article_published_time":"2025-03-12T17:29:37+00:00","og_image":[{"url":"https:\/\/now-news.de\/de\/wp-content\/uploads\/sites\/3\/2025\/03\/67d194f948fbef04a409b596.jpg"}],"author":"rtnews","twitter_card":"summary_large_image","twitter_creator":"@WirMachenAuf_de","twitter_site":"@WirMachenAuf_de","twitter_misc":{"Verfasst von":"rtnews","Gesch\u00e4tzte Lesezeit":"4\u00a0Minuten"},"schema":{"@context":"https:\/\/schema.org","@graph":[{"@type":"Article","@id":"https:\/\/now-news.de\/de\/deutschland\/vorbereitungen-auf-den-krieg\/#article","isPartOf":{"@id":"https:\/\/now-news.de\/de\/deutschland\/vorbereitungen-auf-den-krieg\/"},"author":{"name":"rtnews","@id":"https:\/\/now-news.de\/de\/#\/schema\/person\/fb534a4e865501d8b3285208df34a9b5"},"headline":"Vorbereitungen auf den Krieg","datePublished":"2025-03-12T17:29:37+00:00","dateModified":"2025-03-12T17:29:37+00:00","mainEntityOfPage":{"@id":"https:\/\/now-news.de\/de\/deutschland\/vorbereitungen-auf-den-krieg\/"},"wordCount":848,"commentCount":0,"publisher":{"@id":"https:\/\/now-news.de\/de\/#organization"},"image":{"@id":"https:\/\/now-news.de\/de\/deutschland\/vorbereitungen-auf-den-krieg\/#primaryimage"},"thumbnailUrl":"https:\/\/now-news.de\/de\/wp-content\/uploads\/sites\/3\/2025\/03\/Vorbereitungen-auf-den-Krieg.jpg","keywords":["AUF","den","krieg","Vorbereitungen"],"articleSection":["Deutschland","Russland"],"inLanguage":"de","potentialAction":[{"@type":"CommentAction","name":"Comment","target":["https:\/\/now-news.de\/de\/deutschland\/vorbereitungen-auf-den-krieg\/#respond"]}]},{"@type":"WebPage","@id":"https:\/\/now-news.de\/de\/deutschland\/vorbereitungen-auf-den-krieg\/","url":"https:\/\/now-news.de\/de\/deutschland\/vorbereitungen-auf-den-krieg\/","name":"Vorbereitungen auf den Krieg - just-now.NEWS Deutschland","isPartOf":{"@id":"https:\/\/now-news.de\/de\/#website"},"primaryImageOfPage":{"@id":"https:\/\/now-news.de\/de\/deutschland\/vorbereitungen-auf-den-krieg\/#primaryimage"},"image":{"@id":"https:\/\/now-news.de\/de\/deutschland\/vorbereitungen-auf-den-krieg\/#primaryimage"},"thumbnailUrl":"https:\/\/now-news.de\/de\/wp-content\/uploads\/sites\/3\/2025\/03\/Vorbereitungen-auf-den-Krieg.jpg","datePublished":"2025-03-12T17:29:37+00:00","dateModified":"2025-03-12T17:29:37+00:00","breadcrumb":{"@id":"https:\/\/now-news.de\/de\/deutschland\/vorbereitungen-auf-den-krieg\/#breadcrumb"},"inLanguage":"de","potentialAction":[{"@type":"ReadAction","target":["https:\/\/now-news.de\/de\/deutschland\/vorbereitungen-auf-den-krieg\/"]}]},{"@type":"ImageObject","inLanguage":"de","@id":"https:\/\/now-news.de\/de\/deutschland\/vorbereitungen-auf-den-krieg\/#primaryimage","url":"https:\/\/now-news.de\/de\/wp-content\/uploads\/sites\/3\/2025\/03\/Vorbereitungen-auf-den-Krieg.jpg","contentUrl":"https:\/\/now-news.de\/de\/wp-content\/uploads\/sites\/3\/2025\/03\/Vorbereitungen-auf-den-Krieg.jpg","width":460,"height":259,"caption":"Vorbereitungen auf den Krieg"},{"@type":"BreadcrumbList","@id":"https:\/\/now-news.de\/de\/deutschland\/vorbereitungen-auf-den-krieg\/#breadcrumb","itemListElement":[{"@type":"ListItem","position":1,"name":"Home","item":"https:\/\/now-news.de\/de\/"},{"@type":"ListItem","position":2,"name":"Vorbereitungen auf den Krieg"}]},{"@type":"WebSite","@id":"https:\/\/now-news.de\/de\/#website","url":"https:\/\/now-news.de\/de\/","name":"just-now.NEWS Deutschland","description":"Das Portal f\u00fcr unzensierte Nachrichten aus der Welt","publisher":{"@id":"https:\/\/now-news.de\/de\/#organization"},"potentialAction":[{"@type":"SearchAction","target":{"@type":"EntryPoint","urlTemplate":"https:\/\/now-news.de\/de\/?s={search_term_string}"},"query-input":"required name=search_term_string"}],"inLanguage":"de"},{"@type":"Organization","@id":"https:\/\/now-news.de\/de\/#organization","name":"Just Now News","url":"https:\/\/now-news.de\/de\/","logo":{"@type":"ImageObject","inLanguage":"de","@id":"https:\/\/now-news.de\/de\/#\/schema\/logo\/image\/","url":"http:\/\/just-now.news\/de\/wp-content\/uploads\/sites\/3\/2022\/04\/logo500x500.jpg","contentUrl":"http:\/\/just-now.news\/de\/wp-content\/uploads\/sites\/3\/2022\/04\/logo500x500.jpg","width":500,"height":500,"caption":"Just Now News"},"image":{"@id":"https:\/\/now-news.de\/de\/#\/schema\/logo\/image\/"},"sameAs":["https:\/\/www.facebook.com\/wirmachenauf","https:\/\/x.com\/WirMachenAuf_de"]},{"@type":"Person","@id":"https:\/\/now-news.de\/de\/#\/schema\/person\/fb534a4e865501d8b3285208df34a9b5","name":"rtnews","image":{"@type":"ImageObject","inLanguage":"de","@id":"https:\/\/now-news.de\/de\/#\/schema\/person\/image\/","url":"https:\/\/secure.gravatar.com\/avatar\/82aafea7d8127119dd649515f56e2117?s=96&d=mm&r=g","contentUrl":"https:\/\/secure.gravatar.com\/avatar\/82aafea7d8127119dd649515f56e2117?s=96&d=mm&r=g","caption":"rtnews"},"url":"https:\/\/now-news.de\/de\/author\/rnews\/"}]}},"_links":{"self":[{"href":"https:\/\/now-news.de\/de\/wp-json\/wp\/v2\/posts\/80143"}],"collection":[{"href":"https:\/\/now-news.de\/de\/wp-json\/wp\/v2\/posts"}],"about":[{"href":"https:\/\/now-news.de\/de\/wp-json\/wp\/v2\/types\/post"}],"author":[{"embeddable":true,"href":"https:\/\/now-news.de\/de\/wp-json\/wp\/v2\/users\/3"}],"replies":[{"embeddable":true,"href":"https:\/\/now-news.de\/de\/wp-json\/wp\/v2\/comments?post=80143"}],"version-history":[{"count":0,"href":"https:\/\/now-news.de\/de\/wp-json\/wp\/v2\/posts\/80143\/revisions"}],"wp:featuredmedia":[{"embeddable":true,"href":"https:\/\/now-news.de\/de\/wp-json\/wp\/v2\/media\/80144"}],"wp:attachment":[{"href":"https:\/\/now-news.de\/de\/wp-json\/wp\/v2\/media?parent=80143"}],"wp:term":[{"taxonomy":"category","embeddable":true,"href":"https:\/\/now-news.de\/de\/wp-json\/wp\/v2\/categories?post=80143"},{"taxonomy":"post_tag","embeddable":true,"href":"https:\/\/now-news.de\/de\/wp-json\/wp\/v2\/tags?post=80143"}],"curies":[{"name":"wp","href":"https:\/\/api.w.org\/{rel}","templated":true}]}}