{"id":80122,"date":"2025-03-12T13:18:45","date_gmt":"2025-03-12T11:18:45","guid":{"rendered":"https:\/\/now-news.de\/de\/deutschland\/niederlande-parlament-lehnt-eu-aufruestungsplan-ab\/"},"modified":"2025-03-12T13:18:45","modified_gmt":"2025-03-12T11:18:45","slug":"niederlande-parlament-lehnt-eu-aufruestungsplan-ab","status":"publish","type":"post","link":"https:\/\/now-news.de\/de\/deutschland\/niederlande-parlament-lehnt-eu-aufruestungsplan-ab\/","title":{"rendered":"Niederlande: Parlament lehnt EU-Aufr\u00fcstungsplan ab"},"content":{"rendered":"<p><img decoding=\"async\" src=\"https:\/\/now-news.de\/de\/wp-content\/uploads\/sites\/3\/2025\/03\/67d15cf9b480cc46c93ede2a.jpg\" \/><\/p>\n<div class=\"Text-root Text-type_1 \">\n                Das niederl\u00e4ndische Parlament hat den EU-Aufr\u00fcstungsplan mit knapper Mehrheit abgelehnt. Geert Wilders und die PVV kritisierten die Finanzierung durch h\u00f6here Staatsverschuldung und forderten Premier Schoof zur R\u00fccknahme seiner Zustimmung in Br\u00fcssel auf. Die Spannungen verst\u00e4rken sich.\n            <\/div>\n<p><\/p>\n<div class=\"Text-root Text-type_5 ArticleView-text ViewText-root \">\n<p data-start=\"64\" data-end=\"511\">Das niederl\u00e4ndische Parlament hat am 12. M\u00e4rz 2025 mit knapper Mehrheit den geplanten Aufr\u00fcstungsplan der EU-Kommission abgelehnt. Dieser Plan, der die Verteidigungsausgaben der EU-Mitgliedstaaten erheblich anheben und Milliardeninvestitionen in R\u00fcstungsprojekte vorsehen sollte, war in der vergangenen Woche noch von den EU-Regierungschefs, einschlie\u00dflich des niederl\u00e4ndischen Ministerpr\u00e4sidenten Dick Schoof, mit Zustimmung verabschiedet worden.<\/p>\n<p data-start=\"513\" data-end=\"1143\">Doch \u00fcberraschenderweise stellten sich nun Abgeordnete von drei der vier Koalitionsparteien gegen den Plan. Besonders die Partei f\u00fcr die Freiheit (PVV) von Geert Wilders, einem der bekanntesten rechten Politiker der Niederlande, sprach sich vehement gegen die Vorschl\u00e4ge der EU-Kommission aus.<\/p>\n<p data-start=\"513\" data-end=\"1143\">Wilders kritisierte vor allem die M\u00f6glichkeit, den Plan durch eine Erh\u00f6hung der Staatsverschuldung zu finanzieren und forderte Premierminister Dick Schoof auf, seine Zustimmung in Br\u00fcssel zur\u00fcckzuziehen. &#8220;So geh\u00f6rt sich das in einer Demokratie&#8221;, erkl\u00e4rte der PVV-Chef in Den Haag und unterstrich damit die politische Bedeutung der Ablehnung.<\/p>\n<p data-start=\"1145\" data-end=\"1676\">Das Thema der Verteidigungsstrategie vertieft die Spannungen innerhalb der niederl\u00e4ndischen Regierung, insbesondere zwischen den rechten und liberalen Fraktionen. W\u00e4hrend die liberale Volkspartei f\u00fcr Freiheit und Demokratie (VVD), die auch den aktuellen NATO-Generalsekret\u00e4r Mark Rutte stellt, den EU-Aufr\u00fcstungsplan weiterhin unterst\u00fctzt, warnen viele ihrer Abgeordneten vor den Risiken eines R\u00fcckzugs aus dem Plan. Die VVD spricht von einem &#8220;unverantwortlichen Schritt&#8221;, sollte die niederl\u00e4ndische Regierung ihre Position \u00e4ndern.<\/p>\n<p data-start=\"1678\" data-end=\"2153\">In den kommenden Tagen wird erwartet, dass die Regierung eine endg\u00fcltige Stellungnahme zum Thema abgibt. Doch der Widerstand innerhalb des Parlaments zeigt bereits jetzt die zunehmende politische Fragmentierung in Fragen der europ\u00e4ischen Verteidigungspolitik.<\/p>\n<p data-start=\"1678\" data-end=\"2153\">Die Entscheidung des niederl\u00e4ndischen Parlaments k\u00f6nnte weitreichende Auswirkungen auf die k\u00fcnftige EU-Verteidigungsstrategie haben, die unter dem Eindruck wachsender globaler Spannungen immer dringlicher erscheint.<\/p>\n<p data-start=\"1678\" data-end=\"2153\"><strong>Mehr zum Thema<\/strong> \u2013 <a rel=\"nofollow noopener\" target=\"_blank\" href=\"https:\/\/freedert.online\/europa\/238678-europaeer-werden-fuer-beginnende-zeitalter\/\">EU-B\u00fcrger werden f\u00fcr das beginnende &#8220;Zeitalter der Aufr\u00fcstung&#8221; mit ihrem Wohlstand bezahlen<\/a><\/p>\n<div class=\"EmbedBlock-root EmbedBlock-externalVideo EmbedBlock-rumble\">\n<div class=\"VkEmbed\"><iframe class=\"lazyload\" data-src=\"https:\/\/rumble.com\/embed\/v6o2uxi\" frameborder=\"0\" width=\"853\" height=\"480\" allowfullscreen><\/iframe><\/div>\n<\/div>\n<\/div>\n<p><br \/>\n<br \/><a href=\"https:\/\/de.rt.com\/international\/239339-niederlande-kippen-eu-aufruestungsplan\/\">Source link <\/a><\/p>\n","protected":false},"excerpt":{"rendered":"<p>Das niederl\u00e4ndische Parlament hat den EU-Aufr\u00fcstungsplan mit knapper Mehrheit abgelehnt. Geert Wilders und die PVV kritisierten die Finanzierung durch h\u00f6here Staatsverschuldung und forderten Premier Schoof zur R\u00fccknahme seiner Zustimmung in Br\u00fcssel auf. Die Spannungen verst\u00e4rken sich. Das niederl\u00e4ndische Parlament hat am 12. M\u00e4rz 2025 mit knapper Mehrheit den geplanten Aufr\u00fcstungsplan der EU-Kommission abgelehnt. Dieser Plan, [&hellip;]<\/p>\n","protected":false},"author":3,"featured_media":80123,"comment_status":"open","ping_status":"open","sticky":false,"template":"","format":"standard","meta":{"_yoast_indexnow_last_ping":["1741778893"],"wp_automatic_camp":["217"],"757bfdfbfcdc8dd03faf2e4e795d3286":["Niederlande: Parlament lehnt EU-Aufr\u00fcstungsplan ab"],"original_link":["https:\/\/de.rt.com\/international\/239339-niederlande-kippen-eu-aufruestungsplan\/"],"_thumbnail_id":["80123"],"jnews_social_counter_last_update":["1776850567"],"_wptgpro_p2tg_sent2tg":["a:1:{i:23737;s:19:\"2025-03-12 13:29:13\";}"]},"categories":[19,23],"tags":[63389,2034,1522,3832],"yoast_head":"<!-- This site is optimized with the Yoast SEO Premium plugin v22.7 (Yoast SEO v22.7) - https:\/\/yoast.com\/wordpress\/plugins\/seo\/ -->\n<title>Niederlande: Parlament lehnt EU-Aufr\u00fcstungsplan ab - just-now.NEWS Deutschland<\/title>\n<meta name=\"robots\" content=\"index, follow, max-snippet:-1, max-image-preview:large, max-video-preview:-1\" \/>\n<link rel=\"canonical\" href=\"https:\/\/now-news.de\/de\/deutschland\/niederlande-parlament-lehnt-eu-aufruestungsplan-ab\/\" \/>\n<meta property=\"og:locale\" content=\"de_DE\" \/>\n<meta property=\"og:type\" content=\"article\" \/>\n<meta property=\"og:title\" content=\"Niederlande: Parlament lehnt EU-Aufr\u00fcstungsplan ab\" \/>\n<meta property=\"og:description\" content=\"Das niederl\u00e4ndische Parlament hat den EU-Aufr\u00fcstungsplan mit knapper Mehrheit abgelehnt. Geert Wilders und die PVV kritisierten die Finanzierung durch h\u00f6here Staatsverschuldung und forderten Premier Schoof zur R\u00fccknahme seiner Zustimmung in Br\u00fcssel auf. Die Spannungen verst\u00e4rken sich. Das niederl\u00e4ndische Parlament hat am 12. M\u00e4rz 2025 mit knapper Mehrheit den geplanten Aufr\u00fcstungsplan der EU-Kommission abgelehnt. Dieser Plan, [&hellip;]\" \/>\n<meta property=\"og:url\" content=\"https:\/\/now-news.de\/de\/deutschland\/niederlande-parlament-lehnt-eu-aufruestungsplan-ab\/\" \/>\n<meta property=\"og:site_name\" content=\"just-now.NEWS Deutschland\" \/>\n<meta property=\"article:publisher\" content=\"https:\/\/www.facebook.com\/wirmachenauf\" \/>\n<meta property=\"article:published_time\" content=\"2025-03-12T11:18:45+00:00\" \/>\n<meta property=\"og:image\" content=\"https:\/\/now-news.de\/de\/wp-content\/uploads\/sites\/3\/2025\/03\/67d15cf9b480cc46c93ede2a.jpg\" \/>\n<meta name=\"author\" content=\"rtnews\" \/>\n<meta name=\"twitter:card\" content=\"summary_large_image\" \/>\n<meta name=\"twitter:creator\" content=\"@WirMachenAuf_de\" \/>\n<meta name=\"twitter:site\" content=\"@WirMachenAuf_de\" \/>\n<meta name=\"twitter:label1\" content=\"Verfasst von\" \/>\n\t<meta name=\"twitter:data1\" content=\"rtnews\" \/>\n\t<meta name=\"twitter:label2\" content=\"Gesch\u00e4tzte Lesezeit\" \/>\n\t<meta name=\"twitter:data2\" content=\"2\u00a0Minuten\" \/>\n<script type=\"application\/ld+json\" class=\"yoast-schema-graph\">{\"@context\":\"https:\/\/schema.org\",\"@graph\":[{\"@type\":\"Article\",\"@id\":\"https:\/\/now-news.de\/de\/deutschland\/niederlande-parlament-lehnt-eu-aufruestungsplan-ab\/#article\",\"isPartOf\":{\"@id\":\"https:\/\/now-news.de\/de\/deutschland\/niederlande-parlament-lehnt-eu-aufruestungsplan-ab\/\"},\"author\":{\"name\":\"rtnews\",\"@id\":\"https:\/\/now-news.de\/de\/#\/schema\/person\/fb534a4e865501d8b3285208df34a9b5\"},\"headline\":\"Niederlande: Parlament lehnt EU-Aufr\u00fcstungsplan ab\",\"datePublished\":\"2025-03-12T11:18:45+00:00\",\"dateModified\":\"2025-03-12T11:18:45+00:00\",\"mainEntityOfPage\":{\"@id\":\"https:\/\/now-news.de\/de\/deutschland\/niederlande-parlament-lehnt-eu-aufruestungsplan-ab\/\"},\"wordCount\":354,\"commentCount\":0,\"publisher\":{\"@id\":\"https:\/\/now-news.de\/de\/#organization\"},\"image\":{\"@id\":\"https:\/\/now-news.de\/de\/deutschland\/niederlande-parlament-lehnt-eu-aufruestungsplan-ab\/#primaryimage\"},\"thumbnailUrl\":\"https:\/\/now-news.de\/de\/wp-content\/uploads\/sites\/3\/2025\/03\/Niederlande-Parlament-lehnt-EU-Aufruestungsplan-ab.jpg\",\"keywords\":[\"EUAufr\u00fcstungsplan\",\"lehnt\",\"Niederlande\",\"Parlament\"],\"articleSection\":[\"Deutschland\",\"Russland\"],\"inLanguage\":\"de\",\"potentialAction\":[{\"@type\":\"CommentAction\",\"name\":\"Comment\",\"target\":[\"https:\/\/now-news.de\/de\/deutschland\/niederlande-parlament-lehnt-eu-aufruestungsplan-ab\/#respond\"]}]},{\"@type\":\"WebPage\",\"@id\":\"https:\/\/now-news.de\/de\/deutschland\/niederlande-parlament-lehnt-eu-aufruestungsplan-ab\/\",\"url\":\"https:\/\/now-news.de\/de\/deutschland\/niederlande-parlament-lehnt-eu-aufruestungsplan-ab\/\",\"name\":\"Niederlande: Parlament lehnt EU-Aufr\u00fcstungsplan ab - just-now.NEWS Deutschland\",\"isPartOf\":{\"@id\":\"https:\/\/now-news.de\/de\/#website\"},\"primaryImageOfPage\":{\"@id\":\"https:\/\/now-news.de\/de\/deutschland\/niederlande-parlament-lehnt-eu-aufruestungsplan-ab\/#primaryimage\"},\"image\":{\"@id\":\"https:\/\/now-news.de\/de\/deutschland\/niederlande-parlament-lehnt-eu-aufruestungsplan-ab\/#primaryimage\"},\"thumbnailUrl\":\"https:\/\/now-news.de\/de\/wp-content\/uploads\/sites\/3\/2025\/03\/Niederlande-Parlament-lehnt-EU-Aufruestungsplan-ab.jpg\",\"datePublished\":\"2025-03-12T11:18:45+00:00\",\"dateModified\":\"2025-03-12T11:18:45+00:00\",\"breadcrumb\":{\"@id\":\"https:\/\/now-news.de\/de\/deutschland\/niederlande-parlament-lehnt-eu-aufruestungsplan-ab\/#breadcrumb\"},\"inLanguage\":\"de\",\"potentialAction\":[{\"@type\":\"ReadAction\",\"target\":[\"https:\/\/now-news.de\/de\/deutschland\/niederlande-parlament-lehnt-eu-aufruestungsplan-ab\/\"]}]},{\"@type\":\"ImageObject\",\"inLanguage\":\"de\",\"@id\":\"https:\/\/now-news.de\/de\/deutschland\/niederlande-parlament-lehnt-eu-aufruestungsplan-ab\/#primaryimage\",\"url\":\"https:\/\/now-news.de\/de\/wp-content\/uploads\/sites\/3\/2025\/03\/Niederlande-Parlament-lehnt-EU-Aufruestungsplan-ab.jpg\",\"contentUrl\":\"https:\/\/now-news.de\/de\/wp-content\/uploads\/sites\/3\/2025\/03\/Niederlande-Parlament-lehnt-EU-Aufruestungsplan-ab.jpg\",\"width\":460,\"height\":259,\"caption\":\"Niederlande: Parlament lehnt EU-Aufr\u00fcstungsplan ab\"},{\"@type\":\"BreadcrumbList\",\"@id\":\"https:\/\/now-news.de\/de\/deutschland\/niederlande-parlament-lehnt-eu-aufruestungsplan-ab\/#breadcrumb\",\"itemListElement\":[{\"@type\":\"ListItem\",\"position\":1,\"name\":\"Home\",\"item\":\"https:\/\/now-news.de\/de\/\"},{\"@type\":\"ListItem\",\"position\":2,\"name\":\"Niederlande: Parlament lehnt EU-Aufr\u00fcstungsplan ab\"}]},{\"@type\":\"WebSite\",\"@id\":\"https:\/\/now-news.de\/de\/#website\",\"url\":\"https:\/\/now-news.de\/de\/\",\"name\":\"just-now.NEWS Deutschland\",\"description\":\"Das Portal f\u00fcr unzensierte Nachrichten aus der Welt\",\"publisher\":{\"@id\":\"https:\/\/now-news.de\/de\/#organization\"},\"potentialAction\":[{\"@type\":\"SearchAction\",\"target\":{\"@type\":\"EntryPoint\",\"urlTemplate\":\"https:\/\/now-news.de\/de\/?s={search_term_string}\"},\"query-input\":\"required name=search_term_string\"}],\"inLanguage\":\"de\"},{\"@type\":\"Organization\",\"@id\":\"https:\/\/now-news.de\/de\/#organization\",\"name\":\"Just Now News\",\"url\":\"https:\/\/now-news.de\/de\/\",\"logo\":{\"@type\":\"ImageObject\",\"inLanguage\":\"de\",\"@id\":\"https:\/\/now-news.de\/de\/#\/schema\/logo\/image\/\",\"url\":\"http:\/\/just-now.news\/de\/wp-content\/uploads\/sites\/3\/2022\/04\/logo500x500.jpg\",\"contentUrl\":\"http:\/\/just-now.news\/de\/wp-content\/uploads\/sites\/3\/2022\/04\/logo500x500.jpg\",\"width\":500,\"height\":500,\"caption\":\"Just Now News\"},\"image\":{\"@id\":\"https:\/\/now-news.de\/de\/#\/schema\/logo\/image\/\"},\"sameAs\":[\"https:\/\/www.facebook.com\/wirmachenauf\",\"https:\/\/x.com\/WirMachenAuf_de\"]},{\"@type\":\"Person\",\"@id\":\"https:\/\/now-news.de\/de\/#\/schema\/person\/fb534a4e865501d8b3285208df34a9b5\",\"name\":\"rtnews\",\"image\":{\"@type\":\"ImageObject\",\"inLanguage\":\"de\",\"@id\":\"https:\/\/now-news.de\/de\/#\/schema\/person\/image\/\",\"url\":\"https:\/\/secure.gravatar.com\/avatar\/82aafea7d8127119dd649515f56e2117?s=96&d=mm&r=g\",\"contentUrl\":\"https:\/\/secure.gravatar.com\/avatar\/82aafea7d8127119dd649515f56e2117?s=96&d=mm&r=g\",\"caption\":\"rtnews\"},\"url\":\"https:\/\/now-news.de\/de\/author\/rnews\/\"}]}<\/script>\n<!-- \/ Yoast SEO Premium plugin. -->","yoast_head_json":{"title":"Niederlande: Parlament lehnt EU-Aufr\u00fcstungsplan ab - just-now.NEWS Deutschland","robots":{"index":"index","follow":"follow","max-snippet":"max-snippet:-1","max-image-preview":"max-image-preview:large","max-video-preview":"max-video-preview:-1"},"canonical":"https:\/\/now-news.de\/de\/deutschland\/niederlande-parlament-lehnt-eu-aufruestungsplan-ab\/","og_locale":"de_DE","og_type":"article","og_title":"Niederlande: Parlament lehnt EU-Aufr\u00fcstungsplan ab","og_description":"Das niederl\u00e4ndische Parlament hat den EU-Aufr\u00fcstungsplan mit knapper Mehrheit abgelehnt. Geert Wilders und die PVV kritisierten die Finanzierung durch h\u00f6here Staatsverschuldung und forderten Premier Schoof zur R\u00fccknahme seiner Zustimmung in Br\u00fcssel auf. Die Spannungen verst\u00e4rken sich. Das niederl\u00e4ndische Parlament hat am 12. M\u00e4rz 2025 mit knapper Mehrheit den geplanten Aufr\u00fcstungsplan der EU-Kommission abgelehnt. Dieser Plan, [&hellip;]","og_url":"https:\/\/now-news.de\/de\/deutschland\/niederlande-parlament-lehnt-eu-aufruestungsplan-ab\/","og_site_name":"just-now.NEWS Deutschland","article_publisher":"https:\/\/www.facebook.com\/wirmachenauf","article_published_time":"2025-03-12T11:18:45+00:00","og_image":[{"url":"https:\/\/now-news.de\/de\/wp-content\/uploads\/sites\/3\/2025\/03\/67d15cf9b480cc46c93ede2a.jpg"}],"author":"rtnews","twitter_card":"summary_large_image","twitter_creator":"@WirMachenAuf_de","twitter_site":"@WirMachenAuf_de","twitter_misc":{"Verfasst von":"rtnews","Gesch\u00e4tzte Lesezeit":"2\u00a0Minuten"},"schema":{"@context":"https:\/\/schema.org","@graph":[{"@type":"Article","@id":"https:\/\/now-news.de\/de\/deutschland\/niederlande-parlament-lehnt-eu-aufruestungsplan-ab\/#article","isPartOf":{"@id":"https:\/\/now-news.de\/de\/deutschland\/niederlande-parlament-lehnt-eu-aufruestungsplan-ab\/"},"author":{"name":"rtnews","@id":"https:\/\/now-news.de\/de\/#\/schema\/person\/fb534a4e865501d8b3285208df34a9b5"},"headline":"Niederlande: Parlament lehnt EU-Aufr\u00fcstungsplan ab","datePublished":"2025-03-12T11:18:45+00:00","dateModified":"2025-03-12T11:18:45+00:00","mainEntityOfPage":{"@id":"https:\/\/now-news.de\/de\/deutschland\/niederlande-parlament-lehnt-eu-aufruestungsplan-ab\/"},"wordCount":354,"commentCount":0,"publisher":{"@id":"https:\/\/now-news.de\/de\/#organization"},"image":{"@id":"https:\/\/now-news.de\/de\/deutschland\/niederlande-parlament-lehnt-eu-aufruestungsplan-ab\/#primaryimage"},"thumbnailUrl":"https:\/\/now-news.de\/de\/wp-content\/uploads\/sites\/3\/2025\/03\/Niederlande-Parlament-lehnt-EU-Aufruestungsplan-ab.jpg","keywords":["EUAufr\u00fcstungsplan","lehnt","Niederlande","Parlament"],"articleSection":["Deutschland","Russland"],"inLanguage":"de","potentialAction":[{"@type":"CommentAction","name":"Comment","target":["https:\/\/now-news.de\/de\/deutschland\/niederlande-parlament-lehnt-eu-aufruestungsplan-ab\/#respond"]}]},{"@type":"WebPage","@id":"https:\/\/now-news.de\/de\/deutschland\/niederlande-parlament-lehnt-eu-aufruestungsplan-ab\/","url":"https:\/\/now-news.de\/de\/deutschland\/niederlande-parlament-lehnt-eu-aufruestungsplan-ab\/","name":"Niederlande: Parlament lehnt EU-Aufr\u00fcstungsplan ab - just-now.NEWS Deutschland","isPartOf":{"@id":"https:\/\/now-news.de\/de\/#website"},"primaryImageOfPage":{"@id":"https:\/\/now-news.de\/de\/deutschland\/niederlande-parlament-lehnt-eu-aufruestungsplan-ab\/#primaryimage"},"image":{"@id":"https:\/\/now-news.de\/de\/deutschland\/niederlande-parlament-lehnt-eu-aufruestungsplan-ab\/#primaryimage"},"thumbnailUrl":"https:\/\/now-news.de\/de\/wp-content\/uploads\/sites\/3\/2025\/03\/Niederlande-Parlament-lehnt-EU-Aufruestungsplan-ab.jpg","datePublished":"2025-03-12T11:18:45+00:00","dateModified":"2025-03-12T11:18:45+00:00","breadcrumb":{"@id":"https:\/\/now-news.de\/de\/deutschland\/niederlande-parlament-lehnt-eu-aufruestungsplan-ab\/#breadcrumb"},"inLanguage":"de","potentialAction":[{"@type":"ReadAction","target":["https:\/\/now-news.de\/de\/deutschland\/niederlande-parlament-lehnt-eu-aufruestungsplan-ab\/"]}]},{"@type":"ImageObject","inLanguage":"de","@id":"https:\/\/now-news.de\/de\/deutschland\/niederlande-parlament-lehnt-eu-aufruestungsplan-ab\/#primaryimage","url":"https:\/\/now-news.de\/de\/wp-content\/uploads\/sites\/3\/2025\/03\/Niederlande-Parlament-lehnt-EU-Aufruestungsplan-ab.jpg","contentUrl":"https:\/\/now-news.de\/de\/wp-content\/uploads\/sites\/3\/2025\/03\/Niederlande-Parlament-lehnt-EU-Aufruestungsplan-ab.jpg","width":460,"height":259,"caption":"Niederlande: Parlament lehnt EU-Aufr\u00fcstungsplan ab"},{"@type":"BreadcrumbList","@id":"https:\/\/now-news.de\/de\/deutschland\/niederlande-parlament-lehnt-eu-aufruestungsplan-ab\/#breadcrumb","itemListElement":[{"@type":"ListItem","position":1,"name":"Home","item":"https:\/\/now-news.de\/de\/"},{"@type":"ListItem","position":2,"name":"Niederlande: Parlament lehnt EU-Aufr\u00fcstungsplan ab"}]},{"@type":"WebSite","@id":"https:\/\/now-news.de\/de\/#website","url":"https:\/\/now-news.de\/de\/","name":"just-now.NEWS Deutschland","description":"Das Portal f\u00fcr unzensierte Nachrichten aus der Welt","publisher":{"@id":"https:\/\/now-news.de\/de\/#organization"},"potentialAction":[{"@type":"SearchAction","target":{"@type":"EntryPoint","urlTemplate":"https:\/\/now-news.de\/de\/?s={search_term_string}"},"query-input":"required name=search_term_string"}],"inLanguage":"de"},{"@type":"Organization","@id":"https:\/\/now-news.de\/de\/#organization","name":"Just Now News","url":"https:\/\/now-news.de\/de\/","logo":{"@type":"ImageObject","inLanguage":"de","@id":"https:\/\/now-news.de\/de\/#\/schema\/logo\/image\/","url":"http:\/\/just-now.news\/de\/wp-content\/uploads\/sites\/3\/2022\/04\/logo500x500.jpg","contentUrl":"http:\/\/just-now.news\/de\/wp-content\/uploads\/sites\/3\/2022\/04\/logo500x500.jpg","width":500,"height":500,"caption":"Just Now News"},"image":{"@id":"https:\/\/now-news.de\/de\/#\/schema\/logo\/image\/"},"sameAs":["https:\/\/www.facebook.com\/wirmachenauf","https:\/\/x.com\/WirMachenAuf_de"]},{"@type":"Person","@id":"https:\/\/now-news.de\/de\/#\/schema\/person\/fb534a4e865501d8b3285208df34a9b5","name":"rtnews","image":{"@type":"ImageObject","inLanguage":"de","@id":"https:\/\/now-news.de\/de\/#\/schema\/person\/image\/","url":"https:\/\/secure.gravatar.com\/avatar\/82aafea7d8127119dd649515f56e2117?s=96&d=mm&r=g","contentUrl":"https:\/\/secure.gravatar.com\/avatar\/82aafea7d8127119dd649515f56e2117?s=96&d=mm&r=g","caption":"rtnews"},"url":"https:\/\/now-news.de\/de\/author\/rnews\/"}]}},"_links":{"self":[{"href":"https:\/\/now-news.de\/de\/wp-json\/wp\/v2\/posts\/80122"}],"collection":[{"href":"https:\/\/now-news.de\/de\/wp-json\/wp\/v2\/posts"}],"about":[{"href":"https:\/\/now-news.de\/de\/wp-json\/wp\/v2\/types\/post"}],"author":[{"embeddable":true,"href":"https:\/\/now-news.de\/de\/wp-json\/wp\/v2\/users\/3"}],"replies":[{"embeddable":true,"href":"https:\/\/now-news.de\/de\/wp-json\/wp\/v2\/comments?post=80122"}],"version-history":[{"count":0,"href":"https:\/\/now-news.de\/de\/wp-json\/wp\/v2\/posts\/80122\/revisions"}],"wp:featuredmedia":[{"embeddable":true,"href":"https:\/\/now-news.de\/de\/wp-json\/wp\/v2\/media\/80123"}],"wp:attachment":[{"href":"https:\/\/now-news.de\/de\/wp-json\/wp\/v2\/media?parent=80122"}],"wp:term":[{"taxonomy":"category","embeddable":true,"href":"https:\/\/now-news.de\/de\/wp-json\/wp\/v2\/categories?post=80122"},{"taxonomy":"post_tag","embeddable":true,"href":"https:\/\/now-news.de\/de\/wp-json\/wp\/v2\/tags?post=80122"}],"curies":[{"name":"wp","href":"https:\/\/api.w.org\/{rel}","templated":true}]}}