{"id":80108,"date":"2025-03-12T10:08:46","date_gmt":"2025-03-12T08:08:46","guid":{"rendered":"https:\/\/now-news.de\/de\/deutschland\/schweiz-martin-pfister-in-den-bundesrat-gewaehlt\/"},"modified":"2025-03-12T10:08:46","modified_gmt":"2025-03-12T08:08:46","slug":"schweiz-martin-pfister-in-den-bundesrat-gewaehlt","status":"publish","type":"post","link":"https:\/\/now-news.de\/de\/deutschland\/schweiz-martin-pfister-in-den-bundesrat-gewaehlt\/","title":{"rendered":"Schweiz: Martin Pfister in den Bundesrat gew\u00e4hlt"},"content":{"rendered":"<p><img decoding=\"async\" src=\"https:\/\/now-news.de\/de\/wp-content\/uploads\/sites\/3\/2025\/03\/67d13f0148fbef576d35ab07.jpg\" \/><\/p>\n<div class=\"Text-root Text-type_1 \">\n                Martin Pfister (Zug) wurde zum neuen Bundesrat gew\u00e4hlt und tritt die Nachfolge von Viola Amherd an. Die Wahl war hart umk\u00e4mpft, sein Konkurrent Markus Ritter (St. Gallen) unterlag knapp. Pfister setzte sich durch, indem er gezielt Allianzen schmiedete und sich akribisch vorbereitete.\n            <\/div>\n<p><\/p>\n<div class=\"Text-root Text-type_5 ArticleView-text ViewText-root \">\n<p data-start=\"47\" data-end=\"312\">Martin Pfister (Mitte\/Zug) wurde am Mittwoch von der Vereinigten Bundesversammlung als neuer Bundesrat gew\u00e4hlt. Er tritt die Nachfolge von Viola Amherd an. Pfister setzte sich gegen seinen parteiinternen Konkurrenten Markus Ritter (Mitte\/St. Gallen) durch.<\/p>\n<p>Die Wahl erfolgte nach mehreren Wahlg\u00e4ngen, in denen Pfister schrittweise Stimmen gewann. Der Historiker und Zuger Regierungsrat \u00fcberzeugte mit seinem sachlichen Stil und konnte breite Unterst\u00fctzung in der Bundesversammlung mobilisieren.<\/p>\n<p>Die Departementszuteilung erfolgt in den kommenden Tagen. Traditionell w\u00fcrde Pfister das frei werdende Verteidigungsdepartement (VBS) \u00fcbernehmen, jedoch ist eine Rochade im Gesamtbundesrat m\u00f6glich.<\/p>\n<p data-start=\"555\" data-end=\"751\" data-is-last-node=\"\" data-is-only-node=\"\"><strong data-start=\"1226\" data-end=\"1286\">Mehr zum Thema\u00a0<\/strong>\u2012\u00a0<a rel=\"nofollow noopener\" target=\"_blank\" href=\"https:\/\/freedert.online\/schweiz\/236529-jeder-fuenfte-in-europa-rechnet\/\">Lervoss International Ltd. \u2013 oder das gestohlene Geld der ukrainischen Eisenbahn<\/a><\/p>\n<div class=\"EmbedBlock-root EmbedBlock-externalVideo EmbedBlock-rumble\">\n<div class=\"VkEmbed\"><iframe class=\"lazyload\" data-src=\"https:\/\/rumble.com\/embed\/v5adi1x\" frameborder=\"0\" width=\"853\" height=\"480\" allowfullscreen><\/iframe><\/div>\n<\/div>\n<\/div>\n<p><br \/>\n<br \/><a href=\"https:\/\/de.rt.com\/schweiz\/239324-martin-pfister-in-bundesrat-gewaehlt\/\">Source link <\/a><\/p>\n","protected":false},"excerpt":{"rendered":"<p>Martin Pfister (Zug) wurde zum neuen Bundesrat gew\u00e4hlt und tritt die Nachfolge von Viola Amherd an. Die Wahl war hart umk\u00e4mpft, sein Konkurrent Markus Ritter (St. Gallen) unterlag knapp. Pfister setzte sich durch, indem er gezielt Allianzen schmiedete und sich akribisch vorbereitete. Martin Pfister (Mitte\/Zug) wurde am Mittwoch von der Vereinigten Bundesversammlung als neuer Bundesrat [&hellip;]<\/p>\n","protected":false},"author":3,"featured_media":80109,"comment_status":"open","ping_status":"open","sticky":false,"template":"","format":"standard","meta":{"_yoast_indexnow_last_ping":["1741767372"],"wp_automatic_camp":["217"],"2c3dcb995a06ee1e1fcf6d344764d5ce":["Schweiz: Martin Pfister in den Bundesrat gew\u00e4hlt"],"original_link":["https:\/\/de.rt.com\/schweiz\/239324-martin-pfister-in-bundesrat-gewaehlt\/"],"_thumbnail_id":["80109"],"jnews_social_counter_last_update":["1777284367"],"_wptgpro_p2tg_sent2tg":["a:1:{i:23737;s:19:\"2025-03-12 10:17:13\";}"]},"categories":[19,23],"tags":[21086,48,9131,1187,61622,4207],"yoast_head":"<!-- This site is optimized with the Yoast SEO Premium plugin v22.7 (Yoast SEO v22.7) - https:\/\/yoast.com\/wordpress\/plugins\/seo\/ -->\n<title>Schweiz: Martin Pfister in den Bundesrat gew\u00e4hlt - just-now.NEWS Deutschland<\/title>\n<meta name=\"robots\" content=\"index, follow, max-snippet:-1, max-image-preview:large, max-video-preview:-1\" \/>\n<link rel=\"canonical\" href=\"https:\/\/now-news.de\/de\/deutschland\/schweiz-martin-pfister-in-den-bundesrat-gewaehlt\/\" \/>\n<meta property=\"og:locale\" content=\"de_DE\" \/>\n<meta property=\"og:type\" content=\"article\" \/>\n<meta property=\"og:title\" content=\"Schweiz: Martin Pfister in den Bundesrat gew\u00e4hlt\" \/>\n<meta property=\"og:description\" content=\"Martin Pfister (Zug) wurde zum neuen Bundesrat gew\u00e4hlt und tritt die Nachfolge von Viola Amherd an. Die Wahl war hart umk\u00e4mpft, sein Konkurrent Markus Ritter (St. Gallen) unterlag knapp. Pfister setzte sich durch, indem er gezielt Allianzen schmiedete und sich akribisch vorbereitete. Martin Pfister (Mitte\/Zug) wurde am Mittwoch von der Vereinigten Bundesversammlung als neuer Bundesrat [&hellip;]\" \/>\n<meta property=\"og:url\" content=\"https:\/\/now-news.de\/de\/deutschland\/schweiz-martin-pfister-in-den-bundesrat-gewaehlt\/\" \/>\n<meta property=\"og:site_name\" content=\"just-now.NEWS Deutschland\" \/>\n<meta property=\"article:publisher\" content=\"https:\/\/www.facebook.com\/wirmachenauf\" \/>\n<meta property=\"article:published_time\" content=\"2025-03-12T08:08:46+00:00\" \/>\n<meta property=\"og:image\" content=\"https:\/\/now-news.de\/de\/wp-content\/uploads\/sites\/3\/2025\/03\/67d13f0148fbef576d35ab07.jpg\" \/>\n<meta name=\"author\" content=\"rtnews\" \/>\n<meta name=\"twitter:card\" content=\"summary_large_image\" \/>\n<meta name=\"twitter:creator\" content=\"@WirMachenAuf_de\" \/>\n<meta name=\"twitter:site\" content=\"@WirMachenAuf_de\" \/>\n<meta name=\"twitter:label1\" content=\"Verfasst von\" \/>\n\t<meta name=\"twitter:data1\" content=\"rtnews\" \/>\n\t<meta name=\"twitter:label2\" content=\"Gesch\u00e4tzte Lesezeit\" \/>\n\t<meta name=\"twitter:data2\" content=\"1\u00a0Minute\" \/>\n<script type=\"application\/ld+json\" class=\"yoast-schema-graph\">{\"@context\":\"https:\/\/schema.org\",\"@graph\":[{\"@type\":\"Article\",\"@id\":\"https:\/\/now-news.de\/de\/deutschland\/schweiz-martin-pfister-in-den-bundesrat-gewaehlt\/#article\",\"isPartOf\":{\"@id\":\"https:\/\/now-news.de\/de\/deutschland\/schweiz-martin-pfister-in-den-bundesrat-gewaehlt\/\"},\"author\":{\"name\":\"rtnews\",\"@id\":\"https:\/\/now-news.de\/de\/#\/schema\/person\/fb534a4e865501d8b3285208df34a9b5\"},\"headline\":\"Schweiz: Martin Pfister in den Bundesrat gew\u00e4hlt\",\"datePublished\":\"2025-03-12T08:08:46+00:00\",\"dateModified\":\"2025-03-12T08:08:46+00:00\",\"mainEntityOfPage\":{\"@id\":\"https:\/\/now-news.de\/de\/deutschland\/schweiz-martin-pfister-in-den-bundesrat-gewaehlt\/\"},\"wordCount\":162,\"commentCount\":0,\"publisher\":{\"@id\":\"https:\/\/now-news.de\/de\/#organization\"},\"image\":{\"@id\":\"https:\/\/now-news.de\/de\/deutschland\/schweiz-martin-pfister-in-den-bundesrat-gewaehlt\/#primaryimage\"},\"thumbnailUrl\":\"https:\/\/now-news.de\/de\/wp-content\/uploads\/sites\/3\/2025\/03\/Schweiz-Martin-Pfister-in-den-Bundesrat-gewaehlt.jpg\",\"keywords\":[\"Bundesrat\",\"den\",\"gew\u00e4hlt\",\"Martin\",\"Pfister\",\"schweiz\"],\"articleSection\":[\"Deutschland\",\"Russland\"],\"inLanguage\":\"de\",\"potentialAction\":[{\"@type\":\"CommentAction\",\"name\":\"Comment\",\"target\":[\"https:\/\/now-news.de\/de\/deutschland\/schweiz-martin-pfister-in-den-bundesrat-gewaehlt\/#respond\"]}]},{\"@type\":\"WebPage\",\"@id\":\"https:\/\/now-news.de\/de\/deutschland\/schweiz-martin-pfister-in-den-bundesrat-gewaehlt\/\",\"url\":\"https:\/\/now-news.de\/de\/deutschland\/schweiz-martin-pfister-in-den-bundesrat-gewaehlt\/\",\"name\":\"Schweiz: Martin Pfister in den Bundesrat gew\u00e4hlt - just-now.NEWS Deutschland\",\"isPartOf\":{\"@id\":\"https:\/\/now-news.de\/de\/#website\"},\"primaryImageOfPage\":{\"@id\":\"https:\/\/now-news.de\/de\/deutschland\/schweiz-martin-pfister-in-den-bundesrat-gewaehlt\/#primaryimage\"},\"image\":{\"@id\":\"https:\/\/now-news.de\/de\/deutschland\/schweiz-martin-pfister-in-den-bundesrat-gewaehlt\/#primaryimage\"},\"thumbnailUrl\":\"https:\/\/now-news.de\/de\/wp-content\/uploads\/sites\/3\/2025\/03\/Schweiz-Martin-Pfister-in-den-Bundesrat-gewaehlt.jpg\",\"datePublished\":\"2025-03-12T08:08:46+00:00\",\"dateModified\":\"2025-03-12T08:08:46+00:00\",\"breadcrumb\":{\"@id\":\"https:\/\/now-news.de\/de\/deutschland\/schweiz-martin-pfister-in-den-bundesrat-gewaehlt\/#breadcrumb\"},\"inLanguage\":\"de\",\"potentialAction\":[{\"@type\":\"ReadAction\",\"target\":[\"https:\/\/now-news.de\/de\/deutschland\/schweiz-martin-pfister-in-den-bundesrat-gewaehlt\/\"]}]},{\"@type\":\"ImageObject\",\"inLanguage\":\"de\",\"@id\":\"https:\/\/now-news.de\/de\/deutschland\/schweiz-martin-pfister-in-den-bundesrat-gewaehlt\/#primaryimage\",\"url\":\"https:\/\/now-news.de\/de\/wp-content\/uploads\/sites\/3\/2025\/03\/Schweiz-Martin-Pfister-in-den-Bundesrat-gewaehlt.jpg\",\"contentUrl\":\"https:\/\/now-news.de\/de\/wp-content\/uploads\/sites\/3\/2025\/03\/Schweiz-Martin-Pfister-in-den-Bundesrat-gewaehlt.jpg\",\"width\":460,\"height\":259,\"caption\":\"Schweiz: Martin Pfister in den Bundesrat gew\u00e4hlt\"},{\"@type\":\"BreadcrumbList\",\"@id\":\"https:\/\/now-news.de\/de\/deutschland\/schweiz-martin-pfister-in-den-bundesrat-gewaehlt\/#breadcrumb\",\"itemListElement\":[{\"@type\":\"ListItem\",\"position\":1,\"name\":\"Home\",\"item\":\"https:\/\/now-news.de\/de\/\"},{\"@type\":\"ListItem\",\"position\":2,\"name\":\"Schweiz: Martin Pfister in den Bundesrat gew\u00e4hlt\"}]},{\"@type\":\"WebSite\",\"@id\":\"https:\/\/now-news.de\/de\/#website\",\"url\":\"https:\/\/now-news.de\/de\/\",\"name\":\"just-now.NEWS Deutschland\",\"description\":\"Das Portal f\u00fcr unzensierte Nachrichten aus der Welt\",\"publisher\":{\"@id\":\"https:\/\/now-news.de\/de\/#organization\"},\"potentialAction\":[{\"@type\":\"SearchAction\",\"target\":{\"@type\":\"EntryPoint\",\"urlTemplate\":\"https:\/\/now-news.de\/de\/?s={search_term_string}\"},\"query-input\":\"required name=search_term_string\"}],\"inLanguage\":\"de\"},{\"@type\":\"Organization\",\"@id\":\"https:\/\/now-news.de\/de\/#organization\",\"name\":\"Just Now News\",\"url\":\"https:\/\/now-news.de\/de\/\",\"logo\":{\"@type\":\"ImageObject\",\"inLanguage\":\"de\",\"@id\":\"https:\/\/now-news.de\/de\/#\/schema\/logo\/image\/\",\"url\":\"http:\/\/just-now.news\/de\/wp-content\/uploads\/sites\/3\/2022\/04\/logo500x500.jpg\",\"contentUrl\":\"http:\/\/just-now.news\/de\/wp-content\/uploads\/sites\/3\/2022\/04\/logo500x500.jpg\",\"width\":500,\"height\":500,\"caption\":\"Just Now News\"},\"image\":{\"@id\":\"https:\/\/now-news.de\/de\/#\/schema\/logo\/image\/\"},\"sameAs\":[\"https:\/\/www.facebook.com\/wirmachenauf\",\"https:\/\/x.com\/WirMachenAuf_de\"]},{\"@type\":\"Person\",\"@id\":\"https:\/\/now-news.de\/de\/#\/schema\/person\/fb534a4e865501d8b3285208df34a9b5\",\"name\":\"rtnews\",\"image\":{\"@type\":\"ImageObject\",\"inLanguage\":\"de\",\"@id\":\"https:\/\/now-news.de\/de\/#\/schema\/person\/image\/\",\"url\":\"https:\/\/secure.gravatar.com\/avatar\/82aafea7d8127119dd649515f56e2117?s=96&d=mm&r=g\",\"contentUrl\":\"https:\/\/secure.gravatar.com\/avatar\/82aafea7d8127119dd649515f56e2117?s=96&d=mm&r=g\",\"caption\":\"rtnews\"},\"url\":\"https:\/\/now-news.de\/de\/author\/rnews\/\"}]}<\/script>\n<!-- \/ Yoast SEO Premium plugin. -->","yoast_head_json":{"title":"Schweiz: Martin Pfister in den Bundesrat gew\u00e4hlt - just-now.NEWS Deutschland","robots":{"index":"index","follow":"follow","max-snippet":"max-snippet:-1","max-image-preview":"max-image-preview:large","max-video-preview":"max-video-preview:-1"},"canonical":"https:\/\/now-news.de\/de\/deutschland\/schweiz-martin-pfister-in-den-bundesrat-gewaehlt\/","og_locale":"de_DE","og_type":"article","og_title":"Schweiz: Martin Pfister in den Bundesrat gew\u00e4hlt","og_description":"Martin Pfister (Zug) wurde zum neuen Bundesrat gew\u00e4hlt und tritt die Nachfolge von Viola Amherd an. Die Wahl war hart umk\u00e4mpft, sein Konkurrent Markus Ritter (St. Gallen) unterlag knapp. Pfister setzte sich durch, indem er gezielt Allianzen schmiedete und sich akribisch vorbereitete. Martin Pfister (Mitte\/Zug) wurde am Mittwoch von der Vereinigten Bundesversammlung als neuer Bundesrat [&hellip;]","og_url":"https:\/\/now-news.de\/de\/deutschland\/schweiz-martin-pfister-in-den-bundesrat-gewaehlt\/","og_site_name":"just-now.NEWS Deutschland","article_publisher":"https:\/\/www.facebook.com\/wirmachenauf","article_published_time":"2025-03-12T08:08:46+00:00","og_image":[{"url":"https:\/\/now-news.de\/de\/wp-content\/uploads\/sites\/3\/2025\/03\/67d13f0148fbef576d35ab07.jpg"}],"author":"rtnews","twitter_card":"summary_large_image","twitter_creator":"@WirMachenAuf_de","twitter_site":"@WirMachenAuf_de","twitter_misc":{"Verfasst von":"rtnews","Gesch\u00e4tzte Lesezeit":"1\u00a0Minute"},"schema":{"@context":"https:\/\/schema.org","@graph":[{"@type":"Article","@id":"https:\/\/now-news.de\/de\/deutschland\/schweiz-martin-pfister-in-den-bundesrat-gewaehlt\/#article","isPartOf":{"@id":"https:\/\/now-news.de\/de\/deutschland\/schweiz-martin-pfister-in-den-bundesrat-gewaehlt\/"},"author":{"name":"rtnews","@id":"https:\/\/now-news.de\/de\/#\/schema\/person\/fb534a4e865501d8b3285208df34a9b5"},"headline":"Schweiz: Martin Pfister in den Bundesrat gew\u00e4hlt","datePublished":"2025-03-12T08:08:46+00:00","dateModified":"2025-03-12T08:08:46+00:00","mainEntityOfPage":{"@id":"https:\/\/now-news.de\/de\/deutschland\/schweiz-martin-pfister-in-den-bundesrat-gewaehlt\/"},"wordCount":162,"commentCount":0,"publisher":{"@id":"https:\/\/now-news.de\/de\/#organization"},"image":{"@id":"https:\/\/now-news.de\/de\/deutschland\/schweiz-martin-pfister-in-den-bundesrat-gewaehlt\/#primaryimage"},"thumbnailUrl":"https:\/\/now-news.de\/de\/wp-content\/uploads\/sites\/3\/2025\/03\/Schweiz-Martin-Pfister-in-den-Bundesrat-gewaehlt.jpg","keywords":["Bundesrat","den","gew\u00e4hlt","Martin","Pfister","schweiz"],"articleSection":["Deutschland","Russland"],"inLanguage":"de","potentialAction":[{"@type":"CommentAction","name":"Comment","target":["https:\/\/now-news.de\/de\/deutschland\/schweiz-martin-pfister-in-den-bundesrat-gewaehlt\/#respond"]}]},{"@type":"WebPage","@id":"https:\/\/now-news.de\/de\/deutschland\/schweiz-martin-pfister-in-den-bundesrat-gewaehlt\/","url":"https:\/\/now-news.de\/de\/deutschland\/schweiz-martin-pfister-in-den-bundesrat-gewaehlt\/","name":"Schweiz: Martin Pfister in den Bundesrat gew\u00e4hlt - just-now.NEWS Deutschland","isPartOf":{"@id":"https:\/\/now-news.de\/de\/#website"},"primaryImageOfPage":{"@id":"https:\/\/now-news.de\/de\/deutschland\/schweiz-martin-pfister-in-den-bundesrat-gewaehlt\/#primaryimage"},"image":{"@id":"https:\/\/now-news.de\/de\/deutschland\/schweiz-martin-pfister-in-den-bundesrat-gewaehlt\/#primaryimage"},"thumbnailUrl":"https:\/\/now-news.de\/de\/wp-content\/uploads\/sites\/3\/2025\/03\/Schweiz-Martin-Pfister-in-den-Bundesrat-gewaehlt.jpg","datePublished":"2025-03-12T08:08:46+00:00","dateModified":"2025-03-12T08:08:46+00:00","breadcrumb":{"@id":"https:\/\/now-news.de\/de\/deutschland\/schweiz-martin-pfister-in-den-bundesrat-gewaehlt\/#breadcrumb"},"inLanguage":"de","potentialAction":[{"@type":"ReadAction","target":["https:\/\/now-news.de\/de\/deutschland\/schweiz-martin-pfister-in-den-bundesrat-gewaehlt\/"]}]},{"@type":"ImageObject","inLanguage":"de","@id":"https:\/\/now-news.de\/de\/deutschland\/schweiz-martin-pfister-in-den-bundesrat-gewaehlt\/#primaryimage","url":"https:\/\/now-news.de\/de\/wp-content\/uploads\/sites\/3\/2025\/03\/Schweiz-Martin-Pfister-in-den-Bundesrat-gewaehlt.jpg","contentUrl":"https:\/\/now-news.de\/de\/wp-content\/uploads\/sites\/3\/2025\/03\/Schweiz-Martin-Pfister-in-den-Bundesrat-gewaehlt.jpg","width":460,"height":259,"caption":"Schweiz: Martin Pfister in den Bundesrat gew\u00e4hlt"},{"@type":"BreadcrumbList","@id":"https:\/\/now-news.de\/de\/deutschland\/schweiz-martin-pfister-in-den-bundesrat-gewaehlt\/#breadcrumb","itemListElement":[{"@type":"ListItem","position":1,"name":"Home","item":"https:\/\/now-news.de\/de\/"},{"@type":"ListItem","position":2,"name":"Schweiz: Martin Pfister in den Bundesrat gew\u00e4hlt"}]},{"@type":"WebSite","@id":"https:\/\/now-news.de\/de\/#website","url":"https:\/\/now-news.de\/de\/","name":"just-now.NEWS Deutschland","description":"Das Portal f\u00fcr unzensierte Nachrichten aus der Welt","publisher":{"@id":"https:\/\/now-news.de\/de\/#organization"},"potentialAction":[{"@type":"SearchAction","target":{"@type":"EntryPoint","urlTemplate":"https:\/\/now-news.de\/de\/?s={search_term_string}"},"query-input":"required name=search_term_string"}],"inLanguage":"de"},{"@type":"Organization","@id":"https:\/\/now-news.de\/de\/#organization","name":"Just Now News","url":"https:\/\/now-news.de\/de\/","logo":{"@type":"ImageObject","inLanguage":"de","@id":"https:\/\/now-news.de\/de\/#\/schema\/logo\/image\/","url":"http:\/\/just-now.news\/de\/wp-content\/uploads\/sites\/3\/2022\/04\/logo500x500.jpg","contentUrl":"http:\/\/just-now.news\/de\/wp-content\/uploads\/sites\/3\/2022\/04\/logo500x500.jpg","width":500,"height":500,"caption":"Just Now News"},"image":{"@id":"https:\/\/now-news.de\/de\/#\/schema\/logo\/image\/"},"sameAs":["https:\/\/www.facebook.com\/wirmachenauf","https:\/\/x.com\/WirMachenAuf_de"]},{"@type":"Person","@id":"https:\/\/now-news.de\/de\/#\/schema\/person\/fb534a4e865501d8b3285208df34a9b5","name":"rtnews","image":{"@type":"ImageObject","inLanguage":"de","@id":"https:\/\/now-news.de\/de\/#\/schema\/person\/image\/","url":"https:\/\/secure.gravatar.com\/avatar\/82aafea7d8127119dd649515f56e2117?s=96&d=mm&r=g","contentUrl":"https:\/\/secure.gravatar.com\/avatar\/82aafea7d8127119dd649515f56e2117?s=96&d=mm&r=g","caption":"rtnews"},"url":"https:\/\/now-news.de\/de\/author\/rnews\/"}]}},"_links":{"self":[{"href":"https:\/\/now-news.de\/de\/wp-json\/wp\/v2\/posts\/80108"}],"collection":[{"href":"https:\/\/now-news.de\/de\/wp-json\/wp\/v2\/posts"}],"about":[{"href":"https:\/\/now-news.de\/de\/wp-json\/wp\/v2\/types\/post"}],"author":[{"embeddable":true,"href":"https:\/\/now-news.de\/de\/wp-json\/wp\/v2\/users\/3"}],"replies":[{"embeddable":true,"href":"https:\/\/now-news.de\/de\/wp-json\/wp\/v2\/comments?post=80108"}],"version-history":[{"count":0,"href":"https:\/\/now-news.de\/de\/wp-json\/wp\/v2\/posts\/80108\/revisions"}],"wp:featuredmedia":[{"embeddable":true,"href":"https:\/\/now-news.de\/de\/wp-json\/wp\/v2\/media\/80109"}],"wp:attachment":[{"href":"https:\/\/now-news.de\/de\/wp-json\/wp\/v2\/media?parent=80108"}],"wp:term":[{"taxonomy":"category","embeddable":true,"href":"https:\/\/now-news.de\/de\/wp-json\/wp\/v2\/categories?post=80108"},{"taxonomy":"post_tag","embeddable":true,"href":"https:\/\/now-news.de\/de\/wp-json\/wp\/v2\/tags?post=80108"}],"curies":[{"name":"wp","href":"https:\/\/api.w.org\/{rel}","templated":true}]}}