{"id":80070,"date":"2025-03-11T14:09:05","date_gmt":"2025-03-11T12:09:05","guid":{"rendered":"https:\/\/now-news.de\/de\/deutschland\/auswirkungen-des-ramadan-auf-schulen-fpoe-kritisiert-migrationspolitik\/"},"modified":"2025-03-11T14:09:05","modified_gmt":"2025-03-11T12:09:05","slug":"auswirkungen-des-ramadan-auf-schulen-fpoe-kritisiert-migrationspolitik","status":"publish","type":"post","link":"https:\/\/now-news.de\/de\/deutschland\/auswirkungen-des-ramadan-auf-schulen-fpoe-kritisiert-migrationspolitik\/","title":{"rendered":"Auswirkungen des Ramadan auf Schulen: FP\u00d6 kritisiert Migrationspolitik"},"content":{"rendered":"<p><img decoding=\"async\" src=\"https:\/\/now-news.de\/de\/wp-content\/uploads\/sites\/3\/2025\/03\/67d00e2ab480cc6c012e0dd2.jpg\" \/><\/p>\n<div class=\"Text-root Text-type_1 \">\n                Die FP\u00d6 kritisiert die wachsenden Probleme durch das Ramadan-Fasten an Schulen als Folge der Migrationspolitik. Lehrer melden zunehmende Ersch\u00f6pfung und Gruppenzwang unter Sch\u00fclern. Experten fordern mehr Aufkl\u00e4rung, w\u00e4hrend die FP\u00d6 strengere Ma\u00dfnahmen gegen Parallelgesellschaften verlangt.\n            <\/div>\n<p><\/p>\n<div class=\"Text-root Text-type_5 ArticleView-text ViewText-root \">\n<p data-pm-slice=\"1 1 []\">In \u00f6sterreichischen Schulen zeigen sich zunehmend Schwierigkeiten w\u00e4hrend des islamischen Fastenmonats Ramadan. Lehrer schlagen Alarm, da immer mehr muslimische Sch\u00fcler trotz fehlender religi\u00f6ser Verpflichtung bereits in jungen Jahren fasten. Die FP\u00d6 sieht darin ein Symptom einer verfehlten Einwanderungspolitik und warnt vor den gesellschaftlichen Folgen.<\/p>\n<p>In vielen Klassenzimmern ist eine wachsende Zahl an Sch\u00fclern betroffen, die w\u00e4hrend der Unterrichtszeit auf Nahrung und Fl\u00fcssigkeit verzichten. P\u00e4dagogen berichten von Kindern, die w\u00e4hrend des Unterrichts einschlafen oder gar zusammenbrechen. Besonders alarmierend ist der wachsende soziale Druck, der dazu f\u00fchrt, dass bereits Sechsj\u00e4hrige am Fasten teilnehmen. Der Wiener Pflichtschulgewerkschafter Thomas Krebs warnt vor gesundheitlichen Risiken f\u00fcr die betroffenen Kinder.<\/p>\n<p>F\u00fcr die FP\u00d6 steht fest: Die Probleme an den Schulen sind eine direkte Folge der unkontrollierten Zuwanderung der letzten Jahre. Die Partei kritisiert, dass fr\u00fchere Regierungen von \u00d6VP, SP\u00d6, NEOS und Gr\u00fcnen eine Entwicklung zugelassen h\u00e4tten, die Parallelgesellschaften f\u00f6rdere. Das Fasten w\u00e4hrend der Schulzeit beeintr\u00e4chtige nicht nur den Lernerfolg, sondern verdeutliche eine schleichende Islamisierung des Bildungssystems.<\/p>\n<p>Besonders besorgniserregend sei, dass viele Familien den religi\u00f6sen Vorschriften eine h\u00f6here Priorit\u00e4t einr\u00e4umen als den schulischen Anforderungen. Dies werfe grunds\u00e4tzliche Fragen zur Integration auf. Die FP\u00d6 betont, dass Parallelgesellschaften langfristig zu einer gesellschaftlichen Spaltung f\u00fchren und fordert eine konsequentere Migrationspolitik.<\/p>\n<p>Die FP\u00d6 sieht im Ramadan-Fasten von Kindern nicht nur ein Bildungsproblem, sondern auch eine potenzielle Grundlage f\u00fcr radikale Str\u00f6mungen. Auch islamische Religionsvertreter weisen darauf hin, dass Kinder nicht zum Fasten verpflichtet sind. Dennoch nehme der Einfluss fundamentalistischer Interpretationen zu. Diese Entwicklungen k\u00f6nnten langfristig zur Verfestigung von Parallelstrukturen beitragen, die den politischen Islam beg\u00fcnstigen.<\/p>\n<p>Die j\u00fcngsten Gewalttaten in \u00d6sterreich und Deutschland zeigen nach Ansicht der FP\u00d6, wie gef\u00e4hrlich ein unkontrolliertes Wachstum solcher Strukturen sein kann. Eine striktere Regulierung der Migration und verst\u00e4rkte Integrationsma\u00dfnahmen seien daher dringend notwendig.<\/p>\n<p>Die FP\u00d6 fordert einen sofortigen Stopp der illegalen Migration sowie Ma\u00dfnahmen gegen Parallelgesellschaften und religi\u00f6sen Extremismus. Die Regierung halte jedoch an einer liberalen Einwanderungspolitik fest und verhindere effektive Ma\u00dfnahmen zur Bek\u00e4mpfung des politischen Islam. Auch Vorschl\u00e4ge der FP\u00d6, die striktere Regelungen im Bildungssystem vorsehen, seien bislang abgelehnt worden.<\/p>\n<p>Die Kritik richtet sich insbesondere an die \u00d6VP, die trotz ihrer konservativen Rhetorik in der Praxis eine Politik der offenen Grenzen verfolge. Ohne einen Kurswechsel sei mit einer weiteren Versch\u00e4rfung der Problematik zu rechnen.<\/p>\n<p>Nicht alle Experten teilen die Sichtweise der FP\u00d6. Kinderpsychiaterin T\u00fcrkan Akkaya-Kalayci von der Universit\u00e4tsklinik Wien sieht das Hauptproblem in mangelnder Aufkl\u00e4rung. Viele P\u00e4dagogen seien mit den religi\u00f6sen Regeln nicht vertraut und verst\u00fcnden die Dynamik innerhalb muslimischer Familien nicht. Auch komme es zwischen fastenden und nicht fastenden Sch\u00fclern immer wieder zu Spannungen.<\/p>\n<p>Ein weiteres Problem sei das Kopftuch. Muslimische M\u00e4dchen berichteten von Mobbing und Diskriminierung durch Mitsch\u00fcler und Lehrer, was zu psychischen Belastungen f\u00fchren k\u00f6nne, so Akkaya-Kalayci. Diese Aspekte zeigen, dass die Debatte \u00fcber religi\u00f6se Praktiken in Schulen nicht nur auf das Fasten beschr\u00e4nkt ist.<\/p>\n<p><strong>Mehr zum Thema<\/strong>\u00a0\u2013\u00a0<a rel=\"nofollow noopener\" target=\"_blank\" href=\"https:\/\/freedert.online\/oesterreich\/236872-drittel-oesterreicher-fordert-neuwahlen-fpoe\/\">Ein Drittel der \u00d6sterreicher fordert Neuwahlen: FP\u00d6 profitiert in Umfragen<\/a><\/p>\n<div class=\"EmbedBlock-root EmbedBlock-externalVideo EmbedBlock-rumble\">\n<div class=\"VkEmbed\"><iframe class=\"lazyload\" data-src=\"https:\/\/rumble.com\/embed\/v6o84ts\" frameborder=\"0\" width=\"853\" height=\"480\" allowfullscreen><\/iframe><\/div>\n<\/div>\n<\/div>\n<p><br \/>\n<br \/><a href=\"https:\/\/de.rt.com\/oesterreich\/239242-auswirkungen-ramadan-auf-schulen-fpoe\/\">Source link <\/a><\/p>\n","protected":false},"excerpt":{"rendered":"<p>Die FP\u00d6 kritisiert die wachsenden Probleme durch das Ramadan-Fasten an Schulen als Folge der Migrationspolitik. Lehrer melden zunehmende Ersch\u00f6pfung und Gruppenzwang unter Sch\u00fclern. Experten fordern mehr Aufkl\u00e4rung, w\u00e4hrend die FP\u00d6 strengere Ma\u00dfnahmen gegen Parallelgesellschaften verlangt. In \u00f6sterreichischen Schulen zeigen sich zunehmend Schwierigkeiten w\u00e4hrend des islamischen Fastenmonats Ramadan. Lehrer schlagen Alarm, da immer mehr muslimische Sch\u00fcler [&hellip;]<\/p>\n","protected":false},"author":3,"featured_media":80071,"comment_status":"open","ping_status":"open","sticky":false,"template":"","format":"standard","meta":{"_yoast_indexnow_last_ping":["1741695907"],"wp_automatic_camp":["217"],"5805c43a4aa860122263877208ca9ab5":["Auswirkungen des Ramadan auf Schulen: FP\u00d6 kritisiert Migrationspolitik"],"original_link":["https:\/\/de.rt.com\/oesterreich\/239242-auswirkungen-ramadan-auf-schulen-fpoe\/"],"_thumbnail_id":["80071"],"jnews_social_counter_last_update":["1777605751"],"_wptgpro_p2tg_sent2tg":["a:1:{i:23737;s:19:\"2025-03-11 14:26:40\";}"]},"categories":[19,23],"tags":[133,597,583,30964,739,18495,6608,7652],"yoast_head":"<!-- This site is optimized with the Yoast SEO Premium plugin v22.7 (Yoast SEO v22.7) - https:\/\/yoast.com\/wordpress\/plugins\/seo\/ -->\n<title>Auswirkungen des Ramadan auf Schulen: FP\u00d6 kritisiert Migrationspolitik - just-now.NEWS Deutschland<\/title>\n<meta name=\"robots\" content=\"index, follow, max-snippet:-1, max-image-preview:large, max-video-preview:-1\" \/>\n<link rel=\"canonical\" href=\"https:\/\/now-news.de\/de\/deutschland\/auswirkungen-des-ramadan-auf-schulen-fpoe-kritisiert-migrationspolitik\/\" \/>\n<meta property=\"og:locale\" content=\"de_DE\" \/>\n<meta property=\"og:type\" content=\"article\" \/>\n<meta property=\"og:title\" content=\"Auswirkungen des Ramadan auf Schulen: FP\u00d6 kritisiert Migrationspolitik\" \/>\n<meta property=\"og:description\" content=\"Die FP\u00d6 kritisiert die wachsenden Probleme durch das Ramadan-Fasten an Schulen als Folge der Migrationspolitik. Lehrer melden zunehmende Ersch\u00f6pfung und Gruppenzwang unter Sch\u00fclern. Experten fordern mehr Aufkl\u00e4rung, w\u00e4hrend die FP\u00d6 strengere Ma\u00dfnahmen gegen Parallelgesellschaften verlangt. In \u00f6sterreichischen Schulen zeigen sich zunehmend Schwierigkeiten w\u00e4hrend des islamischen Fastenmonats Ramadan. Lehrer schlagen Alarm, da immer mehr muslimische Sch\u00fcler [&hellip;]\" \/>\n<meta property=\"og:url\" content=\"https:\/\/now-news.de\/de\/deutschland\/auswirkungen-des-ramadan-auf-schulen-fpoe-kritisiert-migrationspolitik\/\" \/>\n<meta property=\"og:site_name\" content=\"just-now.NEWS Deutschland\" \/>\n<meta property=\"article:publisher\" content=\"https:\/\/www.facebook.com\/wirmachenauf\" \/>\n<meta property=\"article:published_time\" content=\"2025-03-11T12:09:05+00:00\" \/>\n<meta property=\"og:image\" content=\"https:\/\/now-news.de\/de\/wp-content\/uploads\/sites\/3\/2025\/03\/67d00e2ab480cc6c012e0dd2.jpg\" \/>\n<meta name=\"author\" content=\"rtnews\" \/>\n<meta name=\"twitter:card\" content=\"summary_large_image\" \/>\n<meta name=\"twitter:creator\" content=\"@WirMachenAuf_de\" \/>\n<meta name=\"twitter:site\" content=\"@WirMachenAuf_de\" \/>\n<meta name=\"twitter:label1\" content=\"Verfasst von\" \/>\n\t<meta name=\"twitter:data1\" content=\"rtnews\" \/>\n\t<meta name=\"twitter:label2\" content=\"Gesch\u00e4tzte Lesezeit\" \/>\n\t<meta name=\"twitter:data2\" content=\"3\u00a0Minuten\" \/>\n<script type=\"application\/ld+json\" class=\"yoast-schema-graph\">{\"@context\":\"https:\/\/schema.org\",\"@graph\":[{\"@type\":\"Article\",\"@id\":\"https:\/\/now-news.de\/de\/deutschland\/auswirkungen-des-ramadan-auf-schulen-fpoe-kritisiert-migrationspolitik\/#article\",\"isPartOf\":{\"@id\":\"https:\/\/now-news.de\/de\/deutschland\/auswirkungen-des-ramadan-auf-schulen-fpoe-kritisiert-migrationspolitik\/\"},\"author\":{\"name\":\"rtnews\",\"@id\":\"https:\/\/now-news.de\/de\/#\/schema\/person\/fb534a4e865501d8b3285208df34a9b5\"},\"headline\":\"Auswirkungen des Ramadan auf Schulen: FP\u00d6 kritisiert Migrationspolitik\",\"datePublished\":\"2025-03-11T12:09:05+00:00\",\"dateModified\":\"2025-03-11T12:09:05+00:00\",\"mainEntityOfPage\":{\"@id\":\"https:\/\/now-news.de\/de\/deutschland\/auswirkungen-des-ramadan-auf-schulen-fpoe-kritisiert-migrationspolitik\/\"},\"wordCount\":577,\"commentCount\":0,\"publisher\":{\"@id\":\"https:\/\/now-news.de\/de\/#organization\"},\"image\":{\"@id\":\"https:\/\/now-news.de\/de\/deutschland\/auswirkungen-des-ramadan-auf-schulen-fpoe-kritisiert-migrationspolitik\/#primaryimage\"},\"thumbnailUrl\":\"https:\/\/now-news.de\/de\/wp-content\/uploads\/sites\/3\/2025\/03\/Auswirkungen-des-Ramadan-auf-Schulen-FPOe-kritisiert-Migrationspolitik.jpg\",\"keywords\":[\"AUF\",\"Auswirkungen\",\"des\",\"FP\u00d6\",\"kritisiert\",\"Migrationspolitik\",\"RAMADAN\",\"Schulen\"],\"articleSection\":[\"Deutschland\",\"Russland\"],\"inLanguage\":\"de\",\"potentialAction\":[{\"@type\":\"CommentAction\",\"name\":\"Comment\",\"target\":[\"https:\/\/now-news.de\/de\/deutschland\/auswirkungen-des-ramadan-auf-schulen-fpoe-kritisiert-migrationspolitik\/#respond\"]}]},{\"@type\":\"WebPage\",\"@id\":\"https:\/\/now-news.de\/de\/deutschland\/auswirkungen-des-ramadan-auf-schulen-fpoe-kritisiert-migrationspolitik\/\",\"url\":\"https:\/\/now-news.de\/de\/deutschland\/auswirkungen-des-ramadan-auf-schulen-fpoe-kritisiert-migrationspolitik\/\",\"name\":\"Auswirkungen des Ramadan auf Schulen: FP\u00d6 kritisiert Migrationspolitik - just-now.NEWS Deutschland\",\"isPartOf\":{\"@id\":\"https:\/\/now-news.de\/de\/#website\"},\"primaryImageOfPage\":{\"@id\":\"https:\/\/now-news.de\/de\/deutschland\/auswirkungen-des-ramadan-auf-schulen-fpoe-kritisiert-migrationspolitik\/#primaryimage\"},\"image\":{\"@id\":\"https:\/\/now-news.de\/de\/deutschland\/auswirkungen-des-ramadan-auf-schulen-fpoe-kritisiert-migrationspolitik\/#primaryimage\"},\"thumbnailUrl\":\"https:\/\/now-news.de\/de\/wp-content\/uploads\/sites\/3\/2025\/03\/Auswirkungen-des-Ramadan-auf-Schulen-FPOe-kritisiert-Migrationspolitik.jpg\",\"datePublished\":\"2025-03-11T12:09:05+00:00\",\"dateModified\":\"2025-03-11T12:09:05+00:00\",\"breadcrumb\":{\"@id\":\"https:\/\/now-news.de\/de\/deutschland\/auswirkungen-des-ramadan-auf-schulen-fpoe-kritisiert-migrationspolitik\/#breadcrumb\"},\"inLanguage\":\"de\",\"potentialAction\":[{\"@type\":\"ReadAction\",\"target\":[\"https:\/\/now-news.de\/de\/deutschland\/auswirkungen-des-ramadan-auf-schulen-fpoe-kritisiert-migrationspolitik\/\"]}]},{\"@type\":\"ImageObject\",\"inLanguage\":\"de\",\"@id\":\"https:\/\/now-news.de\/de\/deutschland\/auswirkungen-des-ramadan-auf-schulen-fpoe-kritisiert-migrationspolitik\/#primaryimage\",\"url\":\"https:\/\/now-news.de\/de\/wp-content\/uploads\/sites\/3\/2025\/03\/Auswirkungen-des-Ramadan-auf-Schulen-FPOe-kritisiert-Migrationspolitik.jpg\",\"contentUrl\":\"https:\/\/now-news.de\/de\/wp-content\/uploads\/sites\/3\/2025\/03\/Auswirkungen-des-Ramadan-auf-Schulen-FPOe-kritisiert-Migrationspolitik.jpg\",\"width\":460,\"height\":259,\"caption\":\"Auswirkungen des Ramadan auf Schulen: FP\u00d6 kritisiert Migrationspolitik\"},{\"@type\":\"BreadcrumbList\",\"@id\":\"https:\/\/now-news.de\/de\/deutschland\/auswirkungen-des-ramadan-auf-schulen-fpoe-kritisiert-migrationspolitik\/#breadcrumb\",\"itemListElement\":[{\"@type\":\"ListItem\",\"position\":1,\"name\":\"Home\",\"item\":\"https:\/\/now-news.de\/de\/\"},{\"@type\":\"ListItem\",\"position\":2,\"name\":\"Auswirkungen des Ramadan auf Schulen: FP\u00d6 kritisiert Migrationspolitik\"}]},{\"@type\":\"WebSite\",\"@id\":\"https:\/\/now-news.de\/de\/#website\",\"url\":\"https:\/\/now-news.de\/de\/\",\"name\":\"just-now.NEWS Deutschland\",\"description\":\"Das Portal f\u00fcr unzensierte Nachrichten aus der Welt\",\"publisher\":{\"@id\":\"https:\/\/now-news.de\/de\/#organization\"},\"potentialAction\":[{\"@type\":\"SearchAction\",\"target\":{\"@type\":\"EntryPoint\",\"urlTemplate\":\"https:\/\/now-news.de\/de\/?s={search_term_string}\"},\"query-input\":\"required name=search_term_string\"}],\"inLanguage\":\"de\"},{\"@type\":\"Organization\",\"@id\":\"https:\/\/now-news.de\/de\/#organization\",\"name\":\"Just Now News\",\"url\":\"https:\/\/now-news.de\/de\/\",\"logo\":{\"@type\":\"ImageObject\",\"inLanguage\":\"de\",\"@id\":\"https:\/\/now-news.de\/de\/#\/schema\/logo\/image\/\",\"url\":\"http:\/\/just-now.news\/de\/wp-content\/uploads\/sites\/3\/2022\/04\/logo500x500.jpg\",\"contentUrl\":\"http:\/\/just-now.news\/de\/wp-content\/uploads\/sites\/3\/2022\/04\/logo500x500.jpg\",\"width\":500,\"height\":500,\"caption\":\"Just Now News\"},\"image\":{\"@id\":\"https:\/\/now-news.de\/de\/#\/schema\/logo\/image\/\"},\"sameAs\":[\"https:\/\/www.facebook.com\/wirmachenauf\",\"https:\/\/x.com\/WirMachenAuf_de\"]},{\"@type\":\"Person\",\"@id\":\"https:\/\/now-news.de\/de\/#\/schema\/person\/fb534a4e865501d8b3285208df34a9b5\",\"name\":\"rtnews\",\"image\":{\"@type\":\"ImageObject\",\"inLanguage\":\"de\",\"@id\":\"https:\/\/now-news.de\/de\/#\/schema\/person\/image\/\",\"url\":\"https:\/\/secure.gravatar.com\/avatar\/82aafea7d8127119dd649515f56e2117?s=96&d=mm&r=g\",\"contentUrl\":\"https:\/\/secure.gravatar.com\/avatar\/82aafea7d8127119dd649515f56e2117?s=96&d=mm&r=g\",\"caption\":\"rtnews\"},\"url\":\"https:\/\/now-news.de\/de\/author\/rnews\/\"}]}<\/script>\n<!-- \/ Yoast SEO Premium plugin. -->","yoast_head_json":{"title":"Auswirkungen des Ramadan auf Schulen: FP\u00d6 kritisiert Migrationspolitik - just-now.NEWS Deutschland","robots":{"index":"index","follow":"follow","max-snippet":"max-snippet:-1","max-image-preview":"max-image-preview:large","max-video-preview":"max-video-preview:-1"},"canonical":"https:\/\/now-news.de\/de\/deutschland\/auswirkungen-des-ramadan-auf-schulen-fpoe-kritisiert-migrationspolitik\/","og_locale":"de_DE","og_type":"article","og_title":"Auswirkungen des Ramadan auf Schulen: FP\u00d6 kritisiert Migrationspolitik","og_description":"Die FP\u00d6 kritisiert die wachsenden Probleme durch das Ramadan-Fasten an Schulen als Folge der Migrationspolitik. Lehrer melden zunehmende Ersch\u00f6pfung und Gruppenzwang unter Sch\u00fclern. Experten fordern mehr Aufkl\u00e4rung, w\u00e4hrend die FP\u00d6 strengere Ma\u00dfnahmen gegen Parallelgesellschaften verlangt. In \u00f6sterreichischen Schulen zeigen sich zunehmend Schwierigkeiten w\u00e4hrend des islamischen Fastenmonats Ramadan. Lehrer schlagen Alarm, da immer mehr muslimische Sch\u00fcler [&hellip;]","og_url":"https:\/\/now-news.de\/de\/deutschland\/auswirkungen-des-ramadan-auf-schulen-fpoe-kritisiert-migrationspolitik\/","og_site_name":"just-now.NEWS Deutschland","article_publisher":"https:\/\/www.facebook.com\/wirmachenauf","article_published_time":"2025-03-11T12:09:05+00:00","og_image":[{"url":"https:\/\/now-news.de\/de\/wp-content\/uploads\/sites\/3\/2025\/03\/67d00e2ab480cc6c012e0dd2.jpg"}],"author":"rtnews","twitter_card":"summary_large_image","twitter_creator":"@WirMachenAuf_de","twitter_site":"@WirMachenAuf_de","twitter_misc":{"Verfasst von":"rtnews","Gesch\u00e4tzte Lesezeit":"3\u00a0Minuten"},"schema":{"@context":"https:\/\/schema.org","@graph":[{"@type":"Article","@id":"https:\/\/now-news.de\/de\/deutschland\/auswirkungen-des-ramadan-auf-schulen-fpoe-kritisiert-migrationspolitik\/#article","isPartOf":{"@id":"https:\/\/now-news.de\/de\/deutschland\/auswirkungen-des-ramadan-auf-schulen-fpoe-kritisiert-migrationspolitik\/"},"author":{"name":"rtnews","@id":"https:\/\/now-news.de\/de\/#\/schema\/person\/fb534a4e865501d8b3285208df34a9b5"},"headline":"Auswirkungen des Ramadan auf Schulen: FP\u00d6 kritisiert Migrationspolitik","datePublished":"2025-03-11T12:09:05+00:00","dateModified":"2025-03-11T12:09:05+00:00","mainEntityOfPage":{"@id":"https:\/\/now-news.de\/de\/deutschland\/auswirkungen-des-ramadan-auf-schulen-fpoe-kritisiert-migrationspolitik\/"},"wordCount":577,"commentCount":0,"publisher":{"@id":"https:\/\/now-news.de\/de\/#organization"},"image":{"@id":"https:\/\/now-news.de\/de\/deutschland\/auswirkungen-des-ramadan-auf-schulen-fpoe-kritisiert-migrationspolitik\/#primaryimage"},"thumbnailUrl":"https:\/\/now-news.de\/de\/wp-content\/uploads\/sites\/3\/2025\/03\/Auswirkungen-des-Ramadan-auf-Schulen-FPOe-kritisiert-Migrationspolitik.jpg","keywords":["AUF","Auswirkungen","des","FP\u00d6","kritisiert","Migrationspolitik","RAMADAN","Schulen"],"articleSection":["Deutschland","Russland"],"inLanguage":"de","potentialAction":[{"@type":"CommentAction","name":"Comment","target":["https:\/\/now-news.de\/de\/deutschland\/auswirkungen-des-ramadan-auf-schulen-fpoe-kritisiert-migrationspolitik\/#respond"]}]},{"@type":"WebPage","@id":"https:\/\/now-news.de\/de\/deutschland\/auswirkungen-des-ramadan-auf-schulen-fpoe-kritisiert-migrationspolitik\/","url":"https:\/\/now-news.de\/de\/deutschland\/auswirkungen-des-ramadan-auf-schulen-fpoe-kritisiert-migrationspolitik\/","name":"Auswirkungen des Ramadan auf Schulen: FP\u00d6 kritisiert Migrationspolitik - just-now.NEWS Deutschland","isPartOf":{"@id":"https:\/\/now-news.de\/de\/#website"},"primaryImageOfPage":{"@id":"https:\/\/now-news.de\/de\/deutschland\/auswirkungen-des-ramadan-auf-schulen-fpoe-kritisiert-migrationspolitik\/#primaryimage"},"image":{"@id":"https:\/\/now-news.de\/de\/deutschland\/auswirkungen-des-ramadan-auf-schulen-fpoe-kritisiert-migrationspolitik\/#primaryimage"},"thumbnailUrl":"https:\/\/now-news.de\/de\/wp-content\/uploads\/sites\/3\/2025\/03\/Auswirkungen-des-Ramadan-auf-Schulen-FPOe-kritisiert-Migrationspolitik.jpg","datePublished":"2025-03-11T12:09:05+00:00","dateModified":"2025-03-11T12:09:05+00:00","breadcrumb":{"@id":"https:\/\/now-news.de\/de\/deutschland\/auswirkungen-des-ramadan-auf-schulen-fpoe-kritisiert-migrationspolitik\/#breadcrumb"},"inLanguage":"de","potentialAction":[{"@type":"ReadAction","target":["https:\/\/now-news.de\/de\/deutschland\/auswirkungen-des-ramadan-auf-schulen-fpoe-kritisiert-migrationspolitik\/"]}]},{"@type":"ImageObject","inLanguage":"de","@id":"https:\/\/now-news.de\/de\/deutschland\/auswirkungen-des-ramadan-auf-schulen-fpoe-kritisiert-migrationspolitik\/#primaryimage","url":"https:\/\/now-news.de\/de\/wp-content\/uploads\/sites\/3\/2025\/03\/Auswirkungen-des-Ramadan-auf-Schulen-FPOe-kritisiert-Migrationspolitik.jpg","contentUrl":"https:\/\/now-news.de\/de\/wp-content\/uploads\/sites\/3\/2025\/03\/Auswirkungen-des-Ramadan-auf-Schulen-FPOe-kritisiert-Migrationspolitik.jpg","width":460,"height":259,"caption":"Auswirkungen des Ramadan auf Schulen: FP\u00d6 kritisiert Migrationspolitik"},{"@type":"BreadcrumbList","@id":"https:\/\/now-news.de\/de\/deutschland\/auswirkungen-des-ramadan-auf-schulen-fpoe-kritisiert-migrationspolitik\/#breadcrumb","itemListElement":[{"@type":"ListItem","position":1,"name":"Home","item":"https:\/\/now-news.de\/de\/"},{"@type":"ListItem","position":2,"name":"Auswirkungen des Ramadan auf Schulen: FP\u00d6 kritisiert Migrationspolitik"}]},{"@type":"WebSite","@id":"https:\/\/now-news.de\/de\/#website","url":"https:\/\/now-news.de\/de\/","name":"just-now.NEWS Deutschland","description":"Das Portal f\u00fcr unzensierte Nachrichten aus der Welt","publisher":{"@id":"https:\/\/now-news.de\/de\/#organization"},"potentialAction":[{"@type":"SearchAction","target":{"@type":"EntryPoint","urlTemplate":"https:\/\/now-news.de\/de\/?s={search_term_string}"},"query-input":"required name=search_term_string"}],"inLanguage":"de"},{"@type":"Organization","@id":"https:\/\/now-news.de\/de\/#organization","name":"Just Now News","url":"https:\/\/now-news.de\/de\/","logo":{"@type":"ImageObject","inLanguage":"de","@id":"https:\/\/now-news.de\/de\/#\/schema\/logo\/image\/","url":"http:\/\/just-now.news\/de\/wp-content\/uploads\/sites\/3\/2022\/04\/logo500x500.jpg","contentUrl":"http:\/\/just-now.news\/de\/wp-content\/uploads\/sites\/3\/2022\/04\/logo500x500.jpg","width":500,"height":500,"caption":"Just Now News"},"image":{"@id":"https:\/\/now-news.de\/de\/#\/schema\/logo\/image\/"},"sameAs":["https:\/\/www.facebook.com\/wirmachenauf","https:\/\/x.com\/WirMachenAuf_de"]},{"@type":"Person","@id":"https:\/\/now-news.de\/de\/#\/schema\/person\/fb534a4e865501d8b3285208df34a9b5","name":"rtnews","image":{"@type":"ImageObject","inLanguage":"de","@id":"https:\/\/now-news.de\/de\/#\/schema\/person\/image\/","url":"https:\/\/secure.gravatar.com\/avatar\/82aafea7d8127119dd649515f56e2117?s=96&d=mm&r=g","contentUrl":"https:\/\/secure.gravatar.com\/avatar\/82aafea7d8127119dd649515f56e2117?s=96&d=mm&r=g","caption":"rtnews"},"url":"https:\/\/now-news.de\/de\/author\/rnews\/"}]}},"_links":{"self":[{"href":"https:\/\/now-news.de\/de\/wp-json\/wp\/v2\/posts\/80070"}],"collection":[{"href":"https:\/\/now-news.de\/de\/wp-json\/wp\/v2\/posts"}],"about":[{"href":"https:\/\/now-news.de\/de\/wp-json\/wp\/v2\/types\/post"}],"author":[{"embeddable":true,"href":"https:\/\/now-news.de\/de\/wp-json\/wp\/v2\/users\/3"}],"replies":[{"embeddable":true,"href":"https:\/\/now-news.de\/de\/wp-json\/wp\/v2\/comments?post=80070"}],"version-history":[{"count":0,"href":"https:\/\/now-news.de\/de\/wp-json\/wp\/v2\/posts\/80070\/revisions"}],"wp:featuredmedia":[{"embeddable":true,"href":"https:\/\/now-news.de\/de\/wp-json\/wp\/v2\/media\/80071"}],"wp:attachment":[{"href":"https:\/\/now-news.de\/de\/wp-json\/wp\/v2\/media?parent=80070"}],"wp:term":[{"taxonomy":"category","embeddable":true,"href":"https:\/\/now-news.de\/de\/wp-json\/wp\/v2\/categories?post=80070"},{"taxonomy":"post_tag","embeddable":true,"href":"https:\/\/now-news.de\/de\/wp-json\/wp\/v2\/tags?post=80070"}],"curies":[{"name":"wp","href":"https:\/\/api.w.org\/{rel}","templated":true}]}}