{"id":80038,"date":"2025-03-10T20:57:52","date_gmt":"2025-03-10T18:57:52","guid":{"rendered":"https:\/\/now-news.de\/de\/deutschland\/groenlands-premier-wirft-trump-respektlosigkeit-gegenueber-der-insel-vor\/"},"modified":"2025-03-10T20:57:52","modified_gmt":"2025-03-10T18:57:52","slug":"groenlands-premier-wirft-trump-respektlosigkeit-gegenueber-der-insel-vor","status":"publish","type":"post","link":"https:\/\/now-news.de\/de\/deutschland\/groenlands-premier-wirft-trump-respektlosigkeit-gegenueber-der-insel-vor\/","title":{"rendered":"Gr\u00f6nlands Premier wirft Trump Respektlosigkeit gegen\u00fcber der Insel vor"},"content":{"rendered":"<p><img decoding=\"async\" src=\"https:\/\/now-news.de\/de\/wp-content\/uploads\/sites\/3\/2025\/03\/67cf0e4d48fbef1417540354.jpg\" \/><\/p>\n<div class=\"Text-root Text-type_1 \">\n                Es ist &#8220;absolut notwendig&#8221;, dass die USA Gr\u00f6nland besitzen, erkl\u00e4rte Donald Trump wiederholt \u00f6ffentlich. Der gr\u00f6nl\u00e4ndische Regierungschef M\u00fate Egede meint in einem Interview, dass Trump keinen Respekt vor der Insel zeigt und bei Menschen f\u00fcr Unsicherheit sorgt.\n            <\/div>\n<p><\/p>\n<div class=\"Text-root Text-type_5 ArticleView-text ViewText-root \">\n<p>US-Pr\u00e4sident Donald Trump hat mehrfach erkl\u00e4rt, Gr\u00f6nland solle Teil der USA werden. Ihm zufolge sei die Insel von strategischer Bedeutung f\u00fcr die nationale Sicherheit und den Schutz der &#8220;freien Welt&#8221;, unter anderem vor China und Russland. Im Dezember 2024 lie\u00df Trump wissen, es sei &#8220;eine absolute Notwendigkeit&#8221;, dass die USA die zu D\u00e4nemark geh\u00f6rende Insel besitzen und kontrollieren.<\/p>\n<p>In einem Gespr\u00e4ch mit dem d\u00e4nischen Rundfunksender <em>DR<\/em>\u00a0<a rel=\"nofollow noopener\" target=\"_blank\" href=\"https:\/\/www.dr.dk\/nyheder\/indland\/groenland\/groenlandsk-leder-langer-ud-efter-trump\">\u00e4u\u00dfert<\/a> sich der gr\u00f6nl\u00e4ndische Regierungschef M\u00fate Egede kritisch \u00fcber den US-Pr\u00e4sidenten. Der Premier f\u00fchrt aus:<\/p>\n<blockquote>\n<p><em>&#8220;Wir verdienen es, mit Respekt behandelt zu werden, und ich glaube nicht, dass der US-Pr\u00e4sident dies seit seinem Amtsantritt getan hat.&#8221;<\/em><\/p>\n<\/blockquote>\n<p>Egede gibt weiter an, dass die aktuellen Ereignisse auf der Welt ihm gro\u00dfe Sorgen bereiteten. Hierbei spricht er von einer Weltordnung, die in vielerlei Hinsicht instabil sei. Auch sei die Tatsache beunruhigend, dass die USA wom\u00f6glich einen Pr\u00e4sidenten h\u00e4tten, der so unberechenbar sei, dass er bei den Menschen f\u00fcr Unsicherheit sorge.<\/p>\n<p>Laut Egede k\u00f6nne die Politik Trumps auch dazu f\u00fchren, dass Gr\u00f6nland auf lange Sicht nicht mehr so eng mit den USA verbunden sein werde, wie die Menschen es sich m\u00f6glicherweise gew\u00fcnscht h\u00e4tten.<\/p>\n<p>In einer Ansprache im Kongress am 5. M\u00e4rz erkl\u00e4rte Trump erneut, dass die USA &#8220;auf die eine oder andere Weise&#8221; die Kontrolle \u00fcber Gr\u00f6nland erlangen werden, weil er der Meinung sei, dass die Insel f\u00fcr die Sicherheit seines Landes notwendig sei.<\/p>\n<p>Die gr\u00f6nl\u00e4ndische Regierung wies diese Territorialanspr\u00fcche entschieden zur\u00fcck. Die Insel stehe nicht zum Verkauf und d\u00fcrfe nicht ihren langen Kampf um die Freiheit aufgeben, stellte Egede klar. Zugleich zeigte sich der Politiker offen f\u00fcr eine Zusammenarbeit mit den USA.<\/p>\n<p>Gr\u00f6nland war bis 1953 d\u00e4nische Kolonie und ist jetzt ein selbstverwaltetes Territorium des K\u00f6nigreichs D\u00e4nemark. Seit 2009 hat die Insel das Recht, sich durch ein Referendum f\u00fcr unabh\u00e4ngig zu erkl\u00e4ren.<\/p>\n<p><strong>Mehr zum Thema<\/strong>\u00a0\u2012 <a rel=\"nofollow noopener\" target=\"_blank\" href=\"https:\/\/freedert.online\/international\/233321-abgeordneter-groenland-hat-recht-auf-selbstbestimmung-wie-donbass\/\">Abgeordneter: Gr\u00f6nland hat Recht auf Selbstbestimmung wie Donbass<\/a><\/p>\n<\/div>\n<p><br \/>\n<br \/><a href=\"https:\/\/de.rt.com\/international\/239194-groenlands-premier-wirft-trump-respektlosigkeit\/\">Source link <\/a><\/p>\n","protected":false},"excerpt":{"rendered":"<p>Es ist &#8220;absolut notwendig&#8221;, dass die USA Gr\u00f6nland besitzen, erkl\u00e4rte Donald Trump wiederholt \u00f6ffentlich. Der gr\u00f6nl\u00e4ndische Regierungschef M\u00fate Egede meint in einem Interview, dass Trump keinen Respekt vor der Insel zeigt und bei Menschen f\u00fcr Unsicherheit sorgt. US-Pr\u00e4sident Donald Trump hat mehrfach erkl\u00e4rt, Gr\u00f6nland solle Teil der USA werden. Ihm zufolge sei die Insel von [&hellip;]<\/p>\n","protected":false},"author":3,"featured_media":80039,"comment_status":"open","ping_status":"open","sticky":false,"template":"","format":"standard","meta":{"_yoast_indexnow_last_ping":["1741633385"],"wp_automatic_camp":["217"],"653991d326eccb5080fb5ab3a7089bae":["Gr\u00f6nlands Premier wirft Trump Respektlosigkeit gegen\u00fcber der Insel vor"],"original_link":["https:\/\/de.rt.com\/international\/239194-groenlands-premier-wirft-trump-respektlosigkeit\/"],"_thumbnail_id":["80039"],"jnews_social_counter_last_update":["1777213326"],"_wptgpro_p2tg_sent2tg":["a:1:{i:23737;s:19:\"2025-03-10 21:04:07\";}"]},"categories":[19,23],"tags":[82,8962,61336,21911,9770,63340,1639,320,7129],"yoast_head":"<!-- This site is optimized with the Yoast SEO Premium plugin v22.7 (Yoast SEO v22.7) - https:\/\/yoast.com\/wordpress\/plugins\/seo\/ -->\n<title>Gr\u00f6nlands Premier wirft Trump Respektlosigkeit gegen\u00fcber der Insel vor - just-now.NEWS Deutschland<\/title>\n<meta name=\"robots\" content=\"index, follow, max-snippet:-1, max-image-preview:large, max-video-preview:-1\" \/>\n<link rel=\"canonical\" href=\"https:\/\/now-news.de\/de\/deutschland\/groenlands-premier-wirft-trump-respektlosigkeit-gegenueber-der-insel-vor\/\" \/>\n<meta property=\"og:locale\" content=\"de_DE\" \/>\n<meta property=\"og:type\" content=\"article\" \/>\n<meta property=\"og:title\" content=\"Gr\u00f6nlands Premier wirft Trump Respektlosigkeit gegen\u00fcber der Insel vor\" \/>\n<meta property=\"og:description\" content=\"Es ist &#8220;absolut notwendig&#8221;, dass die USA Gr\u00f6nland besitzen, erkl\u00e4rte Donald Trump wiederholt \u00f6ffentlich. Der gr\u00f6nl\u00e4ndische Regierungschef M\u00fate Egede meint in einem Interview, dass Trump keinen Respekt vor der Insel zeigt und bei Menschen f\u00fcr Unsicherheit sorgt. US-Pr\u00e4sident Donald Trump hat mehrfach erkl\u00e4rt, Gr\u00f6nland solle Teil der USA werden. Ihm zufolge sei die Insel von [&hellip;]\" \/>\n<meta property=\"og:url\" content=\"https:\/\/now-news.de\/de\/deutschland\/groenlands-premier-wirft-trump-respektlosigkeit-gegenueber-der-insel-vor\/\" \/>\n<meta property=\"og:site_name\" content=\"just-now.NEWS Deutschland\" \/>\n<meta property=\"article:publisher\" content=\"https:\/\/www.facebook.com\/wirmachenauf\" \/>\n<meta property=\"article:published_time\" content=\"2025-03-10T18:57:52+00:00\" \/>\n<meta property=\"og:image\" content=\"https:\/\/now-news.de\/de\/wp-content\/uploads\/sites\/3\/2025\/03\/67cf0e4d48fbef1417540354.jpg\" \/>\n<meta name=\"author\" content=\"rtnews\" \/>\n<meta name=\"twitter:card\" content=\"summary_large_image\" \/>\n<meta name=\"twitter:creator\" content=\"@WirMachenAuf_de\" \/>\n<meta name=\"twitter:site\" content=\"@WirMachenAuf_de\" \/>\n<meta name=\"twitter:label1\" content=\"Verfasst von\" \/>\n\t<meta name=\"twitter:data1\" content=\"rtnews\" \/>\n\t<meta name=\"twitter:label2\" content=\"Gesch\u00e4tzte Lesezeit\" \/>\n\t<meta name=\"twitter:data2\" content=\"2\u00a0Minuten\" \/>\n<script type=\"application\/ld+json\" class=\"yoast-schema-graph\">{\"@context\":\"https:\/\/schema.org\",\"@graph\":[{\"@type\":\"Article\",\"@id\":\"https:\/\/now-news.de\/de\/deutschland\/groenlands-premier-wirft-trump-respektlosigkeit-gegenueber-der-insel-vor\/#article\",\"isPartOf\":{\"@id\":\"https:\/\/now-news.de\/de\/deutschland\/groenlands-premier-wirft-trump-respektlosigkeit-gegenueber-der-insel-vor\/\"},\"author\":{\"name\":\"rtnews\",\"@id\":\"https:\/\/now-news.de\/de\/#\/schema\/person\/fb534a4e865501d8b3285208df34a9b5\"},\"headline\":\"Gr\u00f6nlands Premier wirft Trump Respektlosigkeit gegen\u00fcber der Insel vor\",\"datePublished\":\"2025-03-10T18:57:52+00:00\",\"dateModified\":\"2025-03-10T18:57:52+00:00\",\"mainEntityOfPage\":{\"@id\":\"https:\/\/now-news.de\/de\/deutschland\/groenlands-premier-wirft-trump-respektlosigkeit-gegenueber-der-insel-vor\/\"},\"wordCount\":403,\"commentCount\":0,\"publisher\":{\"@id\":\"https:\/\/now-news.de\/de\/#organization\"},\"image\":{\"@id\":\"https:\/\/now-news.de\/de\/deutschland\/groenlands-premier-wirft-trump-respektlosigkeit-gegenueber-der-insel-vor\/#primaryimage\"},\"thumbnailUrl\":\"https:\/\/now-news.de\/de\/wp-content\/uploads\/sites\/3\/2025\/03\/Groenlands-Premier-wirft-Trump-Respektlosigkeit-gegenueber-der-Insel-vor.jpg\",\"keywords\":[\"der\",\"gegen\u00fcber\",\"Gr\u00f6nlands\",\"Insel\",\"Premier\",\"Respektlosigkeit\",\"trump\",\"vor\",\"wirft\"],\"articleSection\":[\"Deutschland\",\"Russland\"],\"inLanguage\":\"de\",\"potentialAction\":[{\"@type\":\"CommentAction\",\"name\":\"Comment\",\"target\":[\"https:\/\/now-news.de\/de\/deutschland\/groenlands-premier-wirft-trump-respektlosigkeit-gegenueber-der-insel-vor\/#respond\"]}]},{\"@type\":\"WebPage\",\"@id\":\"https:\/\/now-news.de\/de\/deutschland\/groenlands-premier-wirft-trump-respektlosigkeit-gegenueber-der-insel-vor\/\",\"url\":\"https:\/\/now-news.de\/de\/deutschland\/groenlands-premier-wirft-trump-respektlosigkeit-gegenueber-der-insel-vor\/\",\"name\":\"Gr\u00f6nlands Premier wirft Trump Respektlosigkeit gegen\u00fcber der Insel vor - just-now.NEWS Deutschland\",\"isPartOf\":{\"@id\":\"https:\/\/now-news.de\/de\/#website\"},\"primaryImageOfPage\":{\"@id\":\"https:\/\/now-news.de\/de\/deutschland\/groenlands-premier-wirft-trump-respektlosigkeit-gegenueber-der-insel-vor\/#primaryimage\"},\"image\":{\"@id\":\"https:\/\/now-news.de\/de\/deutschland\/groenlands-premier-wirft-trump-respektlosigkeit-gegenueber-der-insel-vor\/#primaryimage\"},\"thumbnailUrl\":\"https:\/\/now-news.de\/de\/wp-content\/uploads\/sites\/3\/2025\/03\/Groenlands-Premier-wirft-Trump-Respektlosigkeit-gegenueber-der-Insel-vor.jpg\",\"datePublished\":\"2025-03-10T18:57:52+00:00\",\"dateModified\":\"2025-03-10T18:57:52+00:00\",\"breadcrumb\":{\"@id\":\"https:\/\/now-news.de\/de\/deutschland\/groenlands-premier-wirft-trump-respektlosigkeit-gegenueber-der-insel-vor\/#breadcrumb\"},\"inLanguage\":\"de\",\"potentialAction\":[{\"@type\":\"ReadAction\",\"target\":[\"https:\/\/now-news.de\/de\/deutschland\/groenlands-premier-wirft-trump-respektlosigkeit-gegenueber-der-insel-vor\/\"]}]},{\"@type\":\"ImageObject\",\"inLanguage\":\"de\",\"@id\":\"https:\/\/now-news.de\/de\/deutschland\/groenlands-premier-wirft-trump-respektlosigkeit-gegenueber-der-insel-vor\/#primaryimage\",\"url\":\"https:\/\/now-news.de\/de\/wp-content\/uploads\/sites\/3\/2025\/03\/Groenlands-Premier-wirft-Trump-Respektlosigkeit-gegenueber-der-Insel-vor.jpg\",\"contentUrl\":\"https:\/\/now-news.de\/de\/wp-content\/uploads\/sites\/3\/2025\/03\/Groenlands-Premier-wirft-Trump-Respektlosigkeit-gegenueber-der-Insel-vor.jpg\",\"width\":460,\"height\":259,\"caption\":\"Gr\u00f6nlands Premier wirft Trump Respektlosigkeit gegen\u00fcber der Insel vor\"},{\"@type\":\"BreadcrumbList\",\"@id\":\"https:\/\/now-news.de\/de\/deutschland\/groenlands-premier-wirft-trump-respektlosigkeit-gegenueber-der-insel-vor\/#breadcrumb\",\"itemListElement\":[{\"@type\":\"ListItem\",\"position\":1,\"name\":\"Home\",\"item\":\"https:\/\/now-news.de\/de\/\"},{\"@type\":\"ListItem\",\"position\":2,\"name\":\"Gr\u00f6nlands Premier wirft Trump Respektlosigkeit gegen\u00fcber der Insel vor\"}]},{\"@type\":\"WebSite\",\"@id\":\"https:\/\/now-news.de\/de\/#website\",\"url\":\"https:\/\/now-news.de\/de\/\",\"name\":\"just-now.NEWS Deutschland\",\"description\":\"Das Portal f\u00fcr unzensierte Nachrichten aus der Welt\",\"publisher\":{\"@id\":\"https:\/\/now-news.de\/de\/#organization\"},\"potentialAction\":[{\"@type\":\"SearchAction\",\"target\":{\"@type\":\"EntryPoint\",\"urlTemplate\":\"https:\/\/now-news.de\/de\/?s={search_term_string}\"},\"query-input\":\"required name=search_term_string\"}],\"inLanguage\":\"de\"},{\"@type\":\"Organization\",\"@id\":\"https:\/\/now-news.de\/de\/#organization\",\"name\":\"Just Now News\",\"url\":\"https:\/\/now-news.de\/de\/\",\"logo\":{\"@type\":\"ImageObject\",\"inLanguage\":\"de\",\"@id\":\"https:\/\/now-news.de\/de\/#\/schema\/logo\/image\/\",\"url\":\"http:\/\/just-now.news\/de\/wp-content\/uploads\/sites\/3\/2022\/04\/logo500x500.jpg\",\"contentUrl\":\"http:\/\/just-now.news\/de\/wp-content\/uploads\/sites\/3\/2022\/04\/logo500x500.jpg\",\"width\":500,\"height\":500,\"caption\":\"Just Now News\"},\"image\":{\"@id\":\"https:\/\/now-news.de\/de\/#\/schema\/logo\/image\/\"},\"sameAs\":[\"https:\/\/www.facebook.com\/wirmachenauf\",\"https:\/\/x.com\/WirMachenAuf_de\"]},{\"@type\":\"Person\",\"@id\":\"https:\/\/now-news.de\/de\/#\/schema\/person\/fb534a4e865501d8b3285208df34a9b5\",\"name\":\"rtnews\",\"image\":{\"@type\":\"ImageObject\",\"inLanguage\":\"de\",\"@id\":\"https:\/\/now-news.de\/de\/#\/schema\/person\/image\/\",\"url\":\"https:\/\/secure.gravatar.com\/avatar\/82aafea7d8127119dd649515f56e2117?s=96&d=mm&r=g\",\"contentUrl\":\"https:\/\/secure.gravatar.com\/avatar\/82aafea7d8127119dd649515f56e2117?s=96&d=mm&r=g\",\"caption\":\"rtnews\"},\"url\":\"https:\/\/now-news.de\/de\/author\/rnews\/\"}]}<\/script>\n<!-- \/ Yoast SEO Premium plugin. -->","yoast_head_json":{"title":"Gr\u00f6nlands Premier wirft Trump Respektlosigkeit gegen\u00fcber der Insel vor - just-now.NEWS Deutschland","robots":{"index":"index","follow":"follow","max-snippet":"max-snippet:-1","max-image-preview":"max-image-preview:large","max-video-preview":"max-video-preview:-1"},"canonical":"https:\/\/now-news.de\/de\/deutschland\/groenlands-premier-wirft-trump-respektlosigkeit-gegenueber-der-insel-vor\/","og_locale":"de_DE","og_type":"article","og_title":"Gr\u00f6nlands Premier wirft Trump Respektlosigkeit gegen\u00fcber der Insel vor","og_description":"Es ist &#8220;absolut notwendig&#8221;, dass die USA Gr\u00f6nland besitzen, erkl\u00e4rte Donald Trump wiederholt \u00f6ffentlich. Der gr\u00f6nl\u00e4ndische Regierungschef M\u00fate Egede meint in einem Interview, dass Trump keinen Respekt vor der Insel zeigt und bei Menschen f\u00fcr Unsicherheit sorgt. US-Pr\u00e4sident Donald Trump hat mehrfach erkl\u00e4rt, Gr\u00f6nland solle Teil der USA werden. Ihm zufolge sei die Insel von [&hellip;]","og_url":"https:\/\/now-news.de\/de\/deutschland\/groenlands-premier-wirft-trump-respektlosigkeit-gegenueber-der-insel-vor\/","og_site_name":"just-now.NEWS Deutschland","article_publisher":"https:\/\/www.facebook.com\/wirmachenauf","article_published_time":"2025-03-10T18:57:52+00:00","og_image":[{"url":"https:\/\/now-news.de\/de\/wp-content\/uploads\/sites\/3\/2025\/03\/67cf0e4d48fbef1417540354.jpg"}],"author":"rtnews","twitter_card":"summary_large_image","twitter_creator":"@WirMachenAuf_de","twitter_site":"@WirMachenAuf_de","twitter_misc":{"Verfasst von":"rtnews","Gesch\u00e4tzte Lesezeit":"2\u00a0Minuten"},"schema":{"@context":"https:\/\/schema.org","@graph":[{"@type":"Article","@id":"https:\/\/now-news.de\/de\/deutschland\/groenlands-premier-wirft-trump-respektlosigkeit-gegenueber-der-insel-vor\/#article","isPartOf":{"@id":"https:\/\/now-news.de\/de\/deutschland\/groenlands-premier-wirft-trump-respektlosigkeit-gegenueber-der-insel-vor\/"},"author":{"name":"rtnews","@id":"https:\/\/now-news.de\/de\/#\/schema\/person\/fb534a4e865501d8b3285208df34a9b5"},"headline":"Gr\u00f6nlands Premier wirft Trump Respektlosigkeit gegen\u00fcber der Insel vor","datePublished":"2025-03-10T18:57:52+00:00","dateModified":"2025-03-10T18:57:52+00:00","mainEntityOfPage":{"@id":"https:\/\/now-news.de\/de\/deutschland\/groenlands-premier-wirft-trump-respektlosigkeit-gegenueber-der-insel-vor\/"},"wordCount":403,"commentCount":0,"publisher":{"@id":"https:\/\/now-news.de\/de\/#organization"},"image":{"@id":"https:\/\/now-news.de\/de\/deutschland\/groenlands-premier-wirft-trump-respektlosigkeit-gegenueber-der-insel-vor\/#primaryimage"},"thumbnailUrl":"https:\/\/now-news.de\/de\/wp-content\/uploads\/sites\/3\/2025\/03\/Groenlands-Premier-wirft-Trump-Respektlosigkeit-gegenueber-der-Insel-vor.jpg","keywords":["der","gegen\u00fcber","Gr\u00f6nlands","Insel","Premier","Respektlosigkeit","trump","vor","wirft"],"articleSection":["Deutschland","Russland"],"inLanguage":"de","potentialAction":[{"@type":"CommentAction","name":"Comment","target":["https:\/\/now-news.de\/de\/deutschland\/groenlands-premier-wirft-trump-respektlosigkeit-gegenueber-der-insel-vor\/#respond"]}]},{"@type":"WebPage","@id":"https:\/\/now-news.de\/de\/deutschland\/groenlands-premier-wirft-trump-respektlosigkeit-gegenueber-der-insel-vor\/","url":"https:\/\/now-news.de\/de\/deutschland\/groenlands-premier-wirft-trump-respektlosigkeit-gegenueber-der-insel-vor\/","name":"Gr\u00f6nlands Premier wirft Trump Respektlosigkeit gegen\u00fcber der Insel vor - just-now.NEWS Deutschland","isPartOf":{"@id":"https:\/\/now-news.de\/de\/#website"},"primaryImageOfPage":{"@id":"https:\/\/now-news.de\/de\/deutschland\/groenlands-premier-wirft-trump-respektlosigkeit-gegenueber-der-insel-vor\/#primaryimage"},"image":{"@id":"https:\/\/now-news.de\/de\/deutschland\/groenlands-premier-wirft-trump-respektlosigkeit-gegenueber-der-insel-vor\/#primaryimage"},"thumbnailUrl":"https:\/\/now-news.de\/de\/wp-content\/uploads\/sites\/3\/2025\/03\/Groenlands-Premier-wirft-Trump-Respektlosigkeit-gegenueber-der-Insel-vor.jpg","datePublished":"2025-03-10T18:57:52+00:00","dateModified":"2025-03-10T18:57:52+00:00","breadcrumb":{"@id":"https:\/\/now-news.de\/de\/deutschland\/groenlands-premier-wirft-trump-respektlosigkeit-gegenueber-der-insel-vor\/#breadcrumb"},"inLanguage":"de","potentialAction":[{"@type":"ReadAction","target":["https:\/\/now-news.de\/de\/deutschland\/groenlands-premier-wirft-trump-respektlosigkeit-gegenueber-der-insel-vor\/"]}]},{"@type":"ImageObject","inLanguage":"de","@id":"https:\/\/now-news.de\/de\/deutschland\/groenlands-premier-wirft-trump-respektlosigkeit-gegenueber-der-insel-vor\/#primaryimage","url":"https:\/\/now-news.de\/de\/wp-content\/uploads\/sites\/3\/2025\/03\/Groenlands-Premier-wirft-Trump-Respektlosigkeit-gegenueber-der-Insel-vor.jpg","contentUrl":"https:\/\/now-news.de\/de\/wp-content\/uploads\/sites\/3\/2025\/03\/Groenlands-Premier-wirft-Trump-Respektlosigkeit-gegenueber-der-Insel-vor.jpg","width":460,"height":259,"caption":"Gr\u00f6nlands Premier wirft Trump Respektlosigkeit gegen\u00fcber der Insel vor"},{"@type":"BreadcrumbList","@id":"https:\/\/now-news.de\/de\/deutschland\/groenlands-premier-wirft-trump-respektlosigkeit-gegenueber-der-insel-vor\/#breadcrumb","itemListElement":[{"@type":"ListItem","position":1,"name":"Home","item":"https:\/\/now-news.de\/de\/"},{"@type":"ListItem","position":2,"name":"Gr\u00f6nlands Premier wirft Trump Respektlosigkeit gegen\u00fcber der Insel vor"}]},{"@type":"WebSite","@id":"https:\/\/now-news.de\/de\/#website","url":"https:\/\/now-news.de\/de\/","name":"just-now.NEWS Deutschland","description":"Das Portal f\u00fcr unzensierte Nachrichten aus der Welt","publisher":{"@id":"https:\/\/now-news.de\/de\/#organization"},"potentialAction":[{"@type":"SearchAction","target":{"@type":"EntryPoint","urlTemplate":"https:\/\/now-news.de\/de\/?s={search_term_string}"},"query-input":"required name=search_term_string"}],"inLanguage":"de"},{"@type":"Organization","@id":"https:\/\/now-news.de\/de\/#organization","name":"Just Now News","url":"https:\/\/now-news.de\/de\/","logo":{"@type":"ImageObject","inLanguage":"de","@id":"https:\/\/now-news.de\/de\/#\/schema\/logo\/image\/","url":"http:\/\/just-now.news\/de\/wp-content\/uploads\/sites\/3\/2022\/04\/logo500x500.jpg","contentUrl":"http:\/\/just-now.news\/de\/wp-content\/uploads\/sites\/3\/2022\/04\/logo500x500.jpg","width":500,"height":500,"caption":"Just Now News"},"image":{"@id":"https:\/\/now-news.de\/de\/#\/schema\/logo\/image\/"},"sameAs":["https:\/\/www.facebook.com\/wirmachenauf","https:\/\/x.com\/WirMachenAuf_de"]},{"@type":"Person","@id":"https:\/\/now-news.de\/de\/#\/schema\/person\/fb534a4e865501d8b3285208df34a9b5","name":"rtnews","image":{"@type":"ImageObject","inLanguage":"de","@id":"https:\/\/now-news.de\/de\/#\/schema\/person\/image\/","url":"https:\/\/secure.gravatar.com\/avatar\/82aafea7d8127119dd649515f56e2117?s=96&d=mm&r=g","contentUrl":"https:\/\/secure.gravatar.com\/avatar\/82aafea7d8127119dd649515f56e2117?s=96&d=mm&r=g","caption":"rtnews"},"url":"https:\/\/now-news.de\/de\/author\/rnews\/"}]}},"_links":{"self":[{"href":"https:\/\/now-news.de\/de\/wp-json\/wp\/v2\/posts\/80038"}],"collection":[{"href":"https:\/\/now-news.de\/de\/wp-json\/wp\/v2\/posts"}],"about":[{"href":"https:\/\/now-news.de\/de\/wp-json\/wp\/v2\/types\/post"}],"author":[{"embeddable":true,"href":"https:\/\/now-news.de\/de\/wp-json\/wp\/v2\/users\/3"}],"replies":[{"embeddable":true,"href":"https:\/\/now-news.de\/de\/wp-json\/wp\/v2\/comments?post=80038"}],"version-history":[{"count":0,"href":"https:\/\/now-news.de\/de\/wp-json\/wp\/v2\/posts\/80038\/revisions"}],"wp:featuredmedia":[{"embeddable":true,"href":"https:\/\/now-news.de\/de\/wp-json\/wp\/v2\/media\/80039"}],"wp:attachment":[{"href":"https:\/\/now-news.de\/de\/wp-json\/wp\/v2\/media?parent=80038"}],"wp:term":[{"taxonomy":"category","embeddable":true,"href":"https:\/\/now-news.de\/de\/wp-json\/wp\/v2\/categories?post=80038"},{"taxonomy":"post_tag","embeddable":true,"href":"https:\/\/now-news.de\/de\/wp-json\/wp\/v2\/tags?post=80038"}],"curies":[{"name":"wp","href":"https:\/\/api.w.org\/{rel}","templated":true}]}}