{"id":79959,"date":"2025-03-09T18:42:37","date_gmt":"2025-03-09T16:42:37","guid":{"rendered":"https:\/\/now-news.de\/de\/deutschland\/merz-schliesst-deutsche-atomwaffen-aus\/"},"modified":"2025-03-09T18:42:37","modified_gmt":"2025-03-09T16:42:37","slug":"merz-schliesst-deutsche-atomwaffen-aus","status":"publish","type":"post","link":"https:\/\/now-news.de\/de\/deutschland\/merz-schliesst-deutsche-atomwaffen-aus\/","title":{"rendered":"Merz schlie\u00dft deutsche Atomwaffen aus"},"content":{"rendered":"<p><img decoding=\"async\" src=\"https:\/\/now-news.de\/de\/wp-content\/uploads\/sites\/3\/2025\/03\/67cdbde7b480cc326d7f7f19.jpg\" \/><\/p>\n<div class=\"Text-root Text-type_1 \">\n                Das Land habe am Ende des Kalten Kriegs zugesichert, derartige Waffen nicht zu entwickeln, sagte Friedrich Merz unter Verweis auf den Zwei-plus-Vier-Vertrag. Allerdings scheint er sich mit Macron einig zu sein, gemeinsam mit Frankreich und Gro\u00dfbritannien eine L\u00f6sung daf\u00fcr zu finden.\n            <\/div>\n<p><\/p>\n<div class=\"Text-root Text-type_5 ArticleView-text ViewText-root \">\n<p>Deutschland wird Atomwaffen weder entwickeln noch erwerben, sagte der k\u00fcnftige Bundeskanzler Friedrich Merz, und rief gleichzeitig zu einer engeren Zusammenarbeit mit Frankreich und Gro\u00dfbritannien bei der Abschreckung auf.<\/p>\n<p>In einem Interview mit dem Deutschlandfunk am Sonntag betonte Merz:<\/p>\n<p>&#8220;<em>Deutschland wird nicht selbst \u00fcber Atomwaffen verf\u00fcgen k\u00f6nnen und d\u00fcrfen. Es gibt mindestens zwei Vertr\u00e4ge, die uns das nicht erlauben. Der letzte ist der 2-plus-4-Vertrag von 1990. Da hat Deutschland ausdr\u00fccklich darauf verzichtet, selbst Atomwaffen zu besitzen.&#8221;<\/em><\/p>\n<p>Der Vertrag, formell &#8220;Vertrag \u00fcber die abschlie\u00dfende Regelung in Bezug auf Deutschland&#8221;, der die rechtliche Grundlage f\u00fcr den Zusammenschluss von West- und Ostdeutschland, fordert au\u00dferdem, keine ausl\u00e4ndischen Streitkr\u00e4fte, Atomwaffen oder deren Tr\u00e4ger auf dem Gebiet von Berlin und der fr\u00fcheren DDR zu stationieren.<\/p>\n<p>Merz bekundete allerdings seine Bereitschaft, eine gr\u00f6\u00dfere nukleare Zusammenarbeit mit NATO-Verb\u00fcndeten zu erkunden, und rief zu Gespr\u00e4chen mit Gro\u00dfbritannien und Frankreich auf. &#8220;Wir m\u00fcssen auch in der nuklearen Abdeckung in Europa einfach gemeinsam st\u00e4rker werden&#8221;, sagte er.<\/p>\n<p>Vorigen Monat hatte er vorgeschlagen, dass Gro\u00dfbritannien und Frankreich ihren nuklearen Schutz auf Deutschland ausdehnen k\u00f6nnten und verwies dabei auf die Spannungen zwischen Russland und der NATO wegen der Ukraine. In Erwiderung auf diese Aussagen signalisierte Frankreichs Pr\u00e4sident Emmanuel Macron, er &#8220;habe entschieden, eine strategische Debatte \u00fcber den Schutz unserer Verb\u00fcndeten auf dem europ\u00e4ischen Kontinent durch eine nukleare Abschreckung zu er\u00f6ffnen&#8221;.<\/p>\n<p>W\u00e4hrenddessen steigen die Spannungen zwischen europ\u00e4ischen NATO-Mitgliedern und der Regierung von US-Pr\u00e4sident Donald Trump bez\u00fcglich der Ukraine. Trump hat wiederholt darauf bestanden, die europ\u00e4ischen NATO-Mitglieder m\u00fcssten f\u00fcr ihren eigenen Schutz mehr tun, statt sich auf die USA zu verlassen.<\/p>\n<p>Macron hat die EU-Mitgliedsl\u00e4nder ebenfalls gedr\u00e4ngt, ihre Verteidigungsausgaben deutlich zu erh\u00f6hen, w\u00e4hrend er Russland zur &#8220;Bedrohung&#8221; erkl\u00e4rte.<\/p>\n<p>Moskau hat Macrons Aussagen zur\u00fcckgewiesen, und Au\u00dfenminister Sergei Lawrow hatte ihn mit dem Nazif\u00fchrer Adolf Hitler und dem franz\u00f6sischen Kaiser Napoleon Bonaparte verglichen. Dazu merkte er an, beide h\u00e4tten versucht, Russland zu besiegen, und seien gescheitert.<\/p>\n<p><strong>Mehr zum Thema<\/strong> \u2013 <a rel=\"nofollow noopener\" target=\"_blank\" href=\"https:\/\/freedert.online\/meinung\/238841-deutschland-sprengt-schuldenbremse-rating-downgrade\/\">Deutschland sprengt die Schuldenbremse: Rating-Downgrade droht, w\u00e4hrend Anleger die Flucht ergreifen<\/a><\/p>\n<div class=\"EmbedBlock-root EmbedBlock-externalVideo EmbedBlock-rumble\">\n<div class=\"VkEmbed\"><iframe class=\"lazyload\" data-src=\"https:\/\/rumble.com\/embed\/v6o0t4g\" frameborder=\"0\" width=\"853\" height=\"480\" allowfullscreen><\/iframe><\/div>\n<\/div>\n<\/div>\n<p><br \/>\n<br \/><a href=\"https:\/\/de.rt.com\/inland\/239085-merz-schliesst-deutsche-atomwaffen-aus\/\">Source link <\/a><\/p>\n","protected":false},"excerpt":{"rendered":"<p>Das Land habe am Ende des Kalten Kriegs zugesichert, derartige Waffen nicht zu entwickeln, sagte Friedrich Merz unter Verweis auf den Zwei-plus-Vier-Vertrag. Allerdings scheint er sich mit Macron einig zu sein, gemeinsam mit Frankreich und Gro\u00dfbritannien eine L\u00f6sung daf\u00fcr zu finden. Deutschland wird Atomwaffen weder entwickeln noch erwerben, sagte der k\u00fcnftige Bundeskanzler Friedrich Merz, und [&hellip;]<\/p>\n","protected":false},"author":3,"featured_media":79960,"comment_status":"open","ping_status":"open","sticky":false,"template":"","format":"standard","meta":{"_yoast_indexnow_last_ping":["1741538946"],"wp_automatic_camp":["217"],"4a4cc648bbbc5512a407342148a2d1fc":["Merz schlie\u00dft deutsche Atomwaffen aus"],"original_link":["https:\/\/de.rt.com\/inland\/239085-merz-schliesst-deutsche-atomwaffen-aus\/"],"_thumbnail_id":["79960"],"jnews_social_counter_last_update":["1777091674"],"_wptgpro_p2tg_sent2tg":["a:1:{i:23737;s:19:\"2025-03-09 18:50:07\";}"]},"categories":[19,23],"tags":[7620,679,2374,18728,870],"yoast_head":"<!-- This site is optimized with the Yoast SEO Premium plugin v22.7 (Yoast SEO v22.7) - https:\/\/yoast.com\/wordpress\/plugins\/seo\/ -->\n<title>Merz schlie\u00dft deutsche Atomwaffen aus - just-now.NEWS Deutschland<\/title>\n<meta name=\"robots\" content=\"index, follow, max-snippet:-1, max-image-preview:large, max-video-preview:-1\" \/>\n<link rel=\"canonical\" href=\"https:\/\/now-news.de\/de\/deutschland\/merz-schliesst-deutsche-atomwaffen-aus\/\" \/>\n<meta property=\"og:locale\" content=\"de_DE\" \/>\n<meta property=\"og:type\" content=\"article\" \/>\n<meta property=\"og:title\" content=\"Merz schlie\u00dft deutsche Atomwaffen aus\" \/>\n<meta property=\"og:description\" content=\"Das Land habe am Ende des Kalten Kriegs zugesichert, derartige Waffen nicht zu entwickeln, sagte Friedrich Merz unter Verweis auf den Zwei-plus-Vier-Vertrag. Allerdings scheint er sich mit Macron einig zu sein, gemeinsam mit Frankreich und Gro\u00dfbritannien eine L\u00f6sung daf\u00fcr zu finden. Deutschland wird Atomwaffen weder entwickeln noch erwerben, sagte der k\u00fcnftige Bundeskanzler Friedrich Merz, und [&hellip;]\" \/>\n<meta property=\"og:url\" content=\"https:\/\/now-news.de\/de\/deutschland\/merz-schliesst-deutsche-atomwaffen-aus\/\" \/>\n<meta property=\"og:site_name\" content=\"just-now.NEWS Deutschland\" \/>\n<meta property=\"article:publisher\" content=\"https:\/\/www.facebook.com\/wirmachenauf\" \/>\n<meta property=\"article:published_time\" content=\"2025-03-09T16:42:37+00:00\" \/>\n<meta property=\"og:image\" content=\"https:\/\/now-news.de\/de\/wp-content\/uploads\/sites\/3\/2025\/03\/67cdbde7b480cc326d7f7f19.jpg\" \/>\n<meta name=\"author\" content=\"rtnews\" \/>\n<meta name=\"twitter:card\" content=\"summary_large_image\" \/>\n<meta name=\"twitter:creator\" content=\"@WirMachenAuf_de\" \/>\n<meta name=\"twitter:site\" content=\"@WirMachenAuf_de\" \/>\n<meta name=\"twitter:label1\" content=\"Verfasst von\" \/>\n\t<meta name=\"twitter:data1\" content=\"rtnews\" \/>\n\t<meta name=\"twitter:label2\" content=\"Gesch\u00e4tzte Lesezeit\" \/>\n\t<meta name=\"twitter:data2\" content=\"2\u00a0Minuten\" \/>\n<script type=\"application\/ld+json\" class=\"yoast-schema-graph\">{\"@context\":\"https:\/\/schema.org\",\"@graph\":[{\"@type\":\"Article\",\"@id\":\"https:\/\/now-news.de\/de\/deutschland\/merz-schliesst-deutsche-atomwaffen-aus\/#article\",\"isPartOf\":{\"@id\":\"https:\/\/now-news.de\/de\/deutschland\/merz-schliesst-deutsche-atomwaffen-aus\/\"},\"author\":{\"name\":\"rtnews\",\"@id\":\"https:\/\/now-news.de\/de\/#\/schema\/person\/fb534a4e865501d8b3285208df34a9b5\"},\"headline\":\"Merz schlie\u00dft deutsche Atomwaffen aus\",\"datePublished\":\"2025-03-09T16:42:37+00:00\",\"dateModified\":\"2025-03-09T16:42:37+00:00\",\"mainEntityOfPage\":{\"@id\":\"https:\/\/now-news.de\/de\/deutschland\/merz-schliesst-deutsche-atomwaffen-aus\/\"},\"wordCount\":419,\"commentCount\":0,\"publisher\":{\"@id\":\"https:\/\/now-news.de\/de\/#organization\"},\"image\":{\"@id\":\"https:\/\/now-news.de\/de\/deutschland\/merz-schliesst-deutsche-atomwaffen-aus\/#primaryimage\"},\"thumbnailUrl\":\"https:\/\/now-news.de\/de\/wp-content\/uploads\/sites\/3\/2025\/03\/Merz-schliesst-deutsche-Atomwaffen-aus.jpg\",\"keywords\":[\"Atomwaffen\",\"aus\",\"Deutsche\",\"Merz\",\"schlie\u00dft\"],\"articleSection\":[\"Deutschland\",\"Russland\"],\"inLanguage\":\"de\",\"potentialAction\":[{\"@type\":\"CommentAction\",\"name\":\"Comment\",\"target\":[\"https:\/\/now-news.de\/de\/deutschland\/merz-schliesst-deutsche-atomwaffen-aus\/#respond\"]}]},{\"@type\":\"WebPage\",\"@id\":\"https:\/\/now-news.de\/de\/deutschland\/merz-schliesst-deutsche-atomwaffen-aus\/\",\"url\":\"https:\/\/now-news.de\/de\/deutschland\/merz-schliesst-deutsche-atomwaffen-aus\/\",\"name\":\"Merz schlie\u00dft deutsche Atomwaffen aus - just-now.NEWS Deutschland\",\"isPartOf\":{\"@id\":\"https:\/\/now-news.de\/de\/#website\"},\"primaryImageOfPage\":{\"@id\":\"https:\/\/now-news.de\/de\/deutschland\/merz-schliesst-deutsche-atomwaffen-aus\/#primaryimage\"},\"image\":{\"@id\":\"https:\/\/now-news.de\/de\/deutschland\/merz-schliesst-deutsche-atomwaffen-aus\/#primaryimage\"},\"thumbnailUrl\":\"https:\/\/now-news.de\/de\/wp-content\/uploads\/sites\/3\/2025\/03\/Merz-schliesst-deutsche-Atomwaffen-aus.jpg\",\"datePublished\":\"2025-03-09T16:42:37+00:00\",\"dateModified\":\"2025-03-09T16:42:37+00:00\",\"breadcrumb\":{\"@id\":\"https:\/\/now-news.de\/de\/deutschland\/merz-schliesst-deutsche-atomwaffen-aus\/#breadcrumb\"},\"inLanguage\":\"de\",\"potentialAction\":[{\"@type\":\"ReadAction\",\"target\":[\"https:\/\/now-news.de\/de\/deutschland\/merz-schliesst-deutsche-atomwaffen-aus\/\"]}]},{\"@type\":\"ImageObject\",\"inLanguage\":\"de\",\"@id\":\"https:\/\/now-news.de\/de\/deutschland\/merz-schliesst-deutsche-atomwaffen-aus\/#primaryimage\",\"url\":\"https:\/\/now-news.de\/de\/wp-content\/uploads\/sites\/3\/2025\/03\/Merz-schliesst-deutsche-Atomwaffen-aus.jpg\",\"contentUrl\":\"https:\/\/now-news.de\/de\/wp-content\/uploads\/sites\/3\/2025\/03\/Merz-schliesst-deutsche-Atomwaffen-aus.jpg\",\"width\":460,\"height\":259,\"caption\":\"Merz schlie\u00dft deutsche Atomwaffen aus\"},{\"@type\":\"BreadcrumbList\",\"@id\":\"https:\/\/now-news.de\/de\/deutschland\/merz-schliesst-deutsche-atomwaffen-aus\/#breadcrumb\",\"itemListElement\":[{\"@type\":\"ListItem\",\"position\":1,\"name\":\"Home\",\"item\":\"https:\/\/now-news.de\/de\/\"},{\"@type\":\"ListItem\",\"position\":2,\"name\":\"Merz schlie\u00dft deutsche Atomwaffen aus\"}]},{\"@type\":\"WebSite\",\"@id\":\"https:\/\/now-news.de\/de\/#website\",\"url\":\"https:\/\/now-news.de\/de\/\",\"name\":\"just-now.NEWS Deutschland\",\"description\":\"Das Portal f\u00fcr unzensierte Nachrichten aus der Welt\",\"publisher\":{\"@id\":\"https:\/\/now-news.de\/de\/#organization\"},\"potentialAction\":[{\"@type\":\"SearchAction\",\"target\":{\"@type\":\"EntryPoint\",\"urlTemplate\":\"https:\/\/now-news.de\/de\/?s={search_term_string}\"},\"query-input\":\"required name=search_term_string\"}],\"inLanguage\":\"de\"},{\"@type\":\"Organization\",\"@id\":\"https:\/\/now-news.de\/de\/#organization\",\"name\":\"Just Now News\",\"url\":\"https:\/\/now-news.de\/de\/\",\"logo\":{\"@type\":\"ImageObject\",\"inLanguage\":\"de\",\"@id\":\"https:\/\/now-news.de\/de\/#\/schema\/logo\/image\/\",\"url\":\"http:\/\/just-now.news\/de\/wp-content\/uploads\/sites\/3\/2022\/04\/logo500x500.jpg\",\"contentUrl\":\"http:\/\/just-now.news\/de\/wp-content\/uploads\/sites\/3\/2022\/04\/logo500x500.jpg\",\"width\":500,\"height\":500,\"caption\":\"Just Now News\"},\"image\":{\"@id\":\"https:\/\/now-news.de\/de\/#\/schema\/logo\/image\/\"},\"sameAs\":[\"https:\/\/www.facebook.com\/wirmachenauf\",\"https:\/\/x.com\/WirMachenAuf_de\"]},{\"@type\":\"Person\",\"@id\":\"https:\/\/now-news.de\/de\/#\/schema\/person\/fb534a4e865501d8b3285208df34a9b5\",\"name\":\"rtnews\",\"image\":{\"@type\":\"ImageObject\",\"inLanguage\":\"de\",\"@id\":\"https:\/\/now-news.de\/de\/#\/schema\/person\/image\/\",\"url\":\"https:\/\/secure.gravatar.com\/avatar\/82aafea7d8127119dd649515f56e2117?s=96&d=mm&r=g\",\"contentUrl\":\"https:\/\/secure.gravatar.com\/avatar\/82aafea7d8127119dd649515f56e2117?s=96&d=mm&r=g\",\"caption\":\"rtnews\"},\"url\":\"https:\/\/now-news.de\/de\/author\/rnews\/\"}]}<\/script>\n<!-- \/ Yoast SEO Premium plugin. -->","yoast_head_json":{"title":"Merz schlie\u00dft deutsche Atomwaffen aus - just-now.NEWS Deutschland","robots":{"index":"index","follow":"follow","max-snippet":"max-snippet:-1","max-image-preview":"max-image-preview:large","max-video-preview":"max-video-preview:-1"},"canonical":"https:\/\/now-news.de\/de\/deutschland\/merz-schliesst-deutsche-atomwaffen-aus\/","og_locale":"de_DE","og_type":"article","og_title":"Merz schlie\u00dft deutsche Atomwaffen aus","og_description":"Das Land habe am Ende des Kalten Kriegs zugesichert, derartige Waffen nicht zu entwickeln, sagte Friedrich Merz unter Verweis auf den Zwei-plus-Vier-Vertrag. Allerdings scheint er sich mit Macron einig zu sein, gemeinsam mit Frankreich und Gro\u00dfbritannien eine L\u00f6sung daf\u00fcr zu finden. Deutschland wird Atomwaffen weder entwickeln noch erwerben, sagte der k\u00fcnftige Bundeskanzler Friedrich Merz, und [&hellip;]","og_url":"https:\/\/now-news.de\/de\/deutschland\/merz-schliesst-deutsche-atomwaffen-aus\/","og_site_name":"just-now.NEWS Deutschland","article_publisher":"https:\/\/www.facebook.com\/wirmachenauf","article_published_time":"2025-03-09T16:42:37+00:00","og_image":[{"url":"https:\/\/now-news.de\/de\/wp-content\/uploads\/sites\/3\/2025\/03\/67cdbde7b480cc326d7f7f19.jpg"}],"author":"rtnews","twitter_card":"summary_large_image","twitter_creator":"@WirMachenAuf_de","twitter_site":"@WirMachenAuf_de","twitter_misc":{"Verfasst von":"rtnews","Gesch\u00e4tzte Lesezeit":"2\u00a0Minuten"},"schema":{"@context":"https:\/\/schema.org","@graph":[{"@type":"Article","@id":"https:\/\/now-news.de\/de\/deutschland\/merz-schliesst-deutsche-atomwaffen-aus\/#article","isPartOf":{"@id":"https:\/\/now-news.de\/de\/deutschland\/merz-schliesst-deutsche-atomwaffen-aus\/"},"author":{"name":"rtnews","@id":"https:\/\/now-news.de\/de\/#\/schema\/person\/fb534a4e865501d8b3285208df34a9b5"},"headline":"Merz schlie\u00dft deutsche Atomwaffen aus","datePublished":"2025-03-09T16:42:37+00:00","dateModified":"2025-03-09T16:42:37+00:00","mainEntityOfPage":{"@id":"https:\/\/now-news.de\/de\/deutschland\/merz-schliesst-deutsche-atomwaffen-aus\/"},"wordCount":419,"commentCount":0,"publisher":{"@id":"https:\/\/now-news.de\/de\/#organization"},"image":{"@id":"https:\/\/now-news.de\/de\/deutschland\/merz-schliesst-deutsche-atomwaffen-aus\/#primaryimage"},"thumbnailUrl":"https:\/\/now-news.de\/de\/wp-content\/uploads\/sites\/3\/2025\/03\/Merz-schliesst-deutsche-Atomwaffen-aus.jpg","keywords":["Atomwaffen","aus","Deutsche","Merz","schlie\u00dft"],"articleSection":["Deutschland","Russland"],"inLanguage":"de","potentialAction":[{"@type":"CommentAction","name":"Comment","target":["https:\/\/now-news.de\/de\/deutschland\/merz-schliesst-deutsche-atomwaffen-aus\/#respond"]}]},{"@type":"WebPage","@id":"https:\/\/now-news.de\/de\/deutschland\/merz-schliesst-deutsche-atomwaffen-aus\/","url":"https:\/\/now-news.de\/de\/deutschland\/merz-schliesst-deutsche-atomwaffen-aus\/","name":"Merz schlie\u00dft deutsche Atomwaffen aus - just-now.NEWS Deutschland","isPartOf":{"@id":"https:\/\/now-news.de\/de\/#website"},"primaryImageOfPage":{"@id":"https:\/\/now-news.de\/de\/deutschland\/merz-schliesst-deutsche-atomwaffen-aus\/#primaryimage"},"image":{"@id":"https:\/\/now-news.de\/de\/deutschland\/merz-schliesst-deutsche-atomwaffen-aus\/#primaryimage"},"thumbnailUrl":"https:\/\/now-news.de\/de\/wp-content\/uploads\/sites\/3\/2025\/03\/Merz-schliesst-deutsche-Atomwaffen-aus.jpg","datePublished":"2025-03-09T16:42:37+00:00","dateModified":"2025-03-09T16:42:37+00:00","breadcrumb":{"@id":"https:\/\/now-news.de\/de\/deutschland\/merz-schliesst-deutsche-atomwaffen-aus\/#breadcrumb"},"inLanguage":"de","potentialAction":[{"@type":"ReadAction","target":["https:\/\/now-news.de\/de\/deutschland\/merz-schliesst-deutsche-atomwaffen-aus\/"]}]},{"@type":"ImageObject","inLanguage":"de","@id":"https:\/\/now-news.de\/de\/deutschland\/merz-schliesst-deutsche-atomwaffen-aus\/#primaryimage","url":"https:\/\/now-news.de\/de\/wp-content\/uploads\/sites\/3\/2025\/03\/Merz-schliesst-deutsche-Atomwaffen-aus.jpg","contentUrl":"https:\/\/now-news.de\/de\/wp-content\/uploads\/sites\/3\/2025\/03\/Merz-schliesst-deutsche-Atomwaffen-aus.jpg","width":460,"height":259,"caption":"Merz schlie\u00dft deutsche Atomwaffen aus"},{"@type":"BreadcrumbList","@id":"https:\/\/now-news.de\/de\/deutschland\/merz-schliesst-deutsche-atomwaffen-aus\/#breadcrumb","itemListElement":[{"@type":"ListItem","position":1,"name":"Home","item":"https:\/\/now-news.de\/de\/"},{"@type":"ListItem","position":2,"name":"Merz schlie\u00dft deutsche Atomwaffen aus"}]},{"@type":"WebSite","@id":"https:\/\/now-news.de\/de\/#website","url":"https:\/\/now-news.de\/de\/","name":"just-now.NEWS Deutschland","description":"Das Portal f\u00fcr unzensierte Nachrichten aus der Welt","publisher":{"@id":"https:\/\/now-news.de\/de\/#organization"},"potentialAction":[{"@type":"SearchAction","target":{"@type":"EntryPoint","urlTemplate":"https:\/\/now-news.de\/de\/?s={search_term_string}"},"query-input":"required name=search_term_string"}],"inLanguage":"de"},{"@type":"Organization","@id":"https:\/\/now-news.de\/de\/#organization","name":"Just Now News","url":"https:\/\/now-news.de\/de\/","logo":{"@type":"ImageObject","inLanguage":"de","@id":"https:\/\/now-news.de\/de\/#\/schema\/logo\/image\/","url":"http:\/\/just-now.news\/de\/wp-content\/uploads\/sites\/3\/2022\/04\/logo500x500.jpg","contentUrl":"http:\/\/just-now.news\/de\/wp-content\/uploads\/sites\/3\/2022\/04\/logo500x500.jpg","width":500,"height":500,"caption":"Just Now News"},"image":{"@id":"https:\/\/now-news.de\/de\/#\/schema\/logo\/image\/"},"sameAs":["https:\/\/www.facebook.com\/wirmachenauf","https:\/\/x.com\/WirMachenAuf_de"]},{"@type":"Person","@id":"https:\/\/now-news.de\/de\/#\/schema\/person\/fb534a4e865501d8b3285208df34a9b5","name":"rtnews","image":{"@type":"ImageObject","inLanguage":"de","@id":"https:\/\/now-news.de\/de\/#\/schema\/person\/image\/","url":"https:\/\/secure.gravatar.com\/avatar\/82aafea7d8127119dd649515f56e2117?s=96&d=mm&r=g","contentUrl":"https:\/\/secure.gravatar.com\/avatar\/82aafea7d8127119dd649515f56e2117?s=96&d=mm&r=g","caption":"rtnews"},"url":"https:\/\/now-news.de\/de\/author\/rnews\/"}]}},"_links":{"self":[{"href":"https:\/\/now-news.de\/de\/wp-json\/wp\/v2\/posts\/79959"}],"collection":[{"href":"https:\/\/now-news.de\/de\/wp-json\/wp\/v2\/posts"}],"about":[{"href":"https:\/\/now-news.de\/de\/wp-json\/wp\/v2\/types\/post"}],"author":[{"embeddable":true,"href":"https:\/\/now-news.de\/de\/wp-json\/wp\/v2\/users\/3"}],"replies":[{"embeddable":true,"href":"https:\/\/now-news.de\/de\/wp-json\/wp\/v2\/comments?post=79959"}],"version-history":[{"count":0,"href":"https:\/\/now-news.de\/de\/wp-json\/wp\/v2\/posts\/79959\/revisions"}],"wp:featuredmedia":[{"embeddable":true,"href":"https:\/\/now-news.de\/de\/wp-json\/wp\/v2\/media\/79960"}],"wp:attachment":[{"href":"https:\/\/now-news.de\/de\/wp-json\/wp\/v2\/media?parent=79959"}],"wp:term":[{"taxonomy":"category","embeddable":true,"href":"https:\/\/now-news.de\/de\/wp-json\/wp\/v2\/categories?post=79959"},{"taxonomy":"post_tag","embeddable":true,"href":"https:\/\/now-news.de\/de\/wp-json\/wp\/v2\/tags?post=79959"}],"curies":[{"name":"wp","href":"https:\/\/api.w.org\/{rel}","templated":true}]}}