{"id":79929,"date":"2025-03-08T23:00:23","date_gmt":"2025-03-08T21:00:23","guid":{"rendered":"https:\/\/now-news.de\/de\/deutschland\/sondierungen-beendet-unionsparteien-und-spd-treten-in-koalitionsverhandlungen\/"},"modified":"2025-03-08T23:00:23","modified_gmt":"2025-03-08T21:00:23","slug":"sondierungen-beendet-unionsparteien-und-spd-treten-in-koalitionsverhandlungen","status":"publish","type":"post","link":"https:\/\/now-news.de\/de\/deutschland\/sondierungen-beendet-unionsparteien-und-spd-treten-in-koalitionsverhandlungen\/","title":{"rendered":"Sondierungen beendet: Unionsparteien und SPD treten in Koalitionsverhandlungen"},"content":{"rendered":"<p><img decoding=\"async\" src=\"https:\/\/now-news.de\/de\/wp-content\/uploads\/sites\/3\/2025\/03\/67ccadaeb480cc75f90482de.jpg\" \/><\/p>\n<div class=\"Text-root Text-type_1 \">\n                Das ging schnell: Nur acht Tage nach Beginn der Sondierungsgespr\u00e4che haben die Unionsparteien und die SPD sich auf wesentliche Punkte der Neuauflage der &#8220;Gro\u00dfen Koalition&#8221; geeinigt. Wie es am Samstag in Berlin hie\u00df, werden nun die Koalitionsverhandlungen beginnen, die neue Bundesregierung soll vor Ostern stehen.\n            <\/div>\n<p><\/p>\n<div class=\"Text-root Text-type_5 ArticleView-text ViewText-root \">\n<p>Nach gut einer Woche haben CDU, CSU und SPD ihre Sondierungen abgeschlossen und wollen nun mit den Koalitionsverhandlungen beginnen. Die Bildung der Neuauflage der &#8220;Gro\u00dfen Koalition&#8221; mit einem Bundeskanzler Friedrich Merz an der Spitze \u2013 wegen der Kombination der Parteifarben Schwarz und Rot auch &#8220;Bandera-Koalition&#8221; oder &#8220;Angola-Koalition&#8221; genannt \u2013 gilt damit als sicher.<\/p>\n<p>Den Erfolg der Sondierungen gaben am Nachmittag der CDU-Vorsitzende und Anw\u00e4rter auf das Amt des Bundeskanzlers Friedrich Merz sowie der CSU-Chef und bayerische Ministerpr\u00e4sident Markus S\u00f6der in einem gemeinsamen Statement f\u00fcr die Presse im Deutschen Bundestag bekannt.<\/p>\n<p>Ergebnis der Sondierungen ist ein Abschlusspapier, auf dessen Grundlage die weiteren Verhandlungen verlaufen werden, bei denen es dann auch um die Aufteilung der Ministerien gehen wird.\u00a0Das Papier umfasst elf Seiten.\u00a0Konkrete \u00c4nderungen soll es unter anderem bei Asyl und B\u00fcrgergeld geben.\u00a0Grenzkontrollen sollen laut Friedrich Merz, der den Lauf der Sondierungen am Samstag in Berlin lobte, &#8220;massiv&#8221; ausgebaut werden. Auch der Familiennachzug von Fl\u00fcchtlingen soll weiter eingeschr\u00e4nkt werden.<\/p>\n<p>Die Koalitionsverhandlungen sollen kommende Woche mit dem Ziel starten, noch vor Ostern eine neue Bundesregierung zu bilden.<\/p>\n<p><strong>Mehr zum Thema <\/strong>\u2013\u00a0<a rel=\"nofollow noopener\" target=\"_blank\" href=\"https:\/\/freedert.online\/meinung\/238746-deutschland-bereitet-sich-auf-krieg\/\">Deutschland bereitet sich auf Krieg vor \u2013 und das ist kein Witz<\/a><\/p>\n<\/p>\n<\/div>\n<p><br \/>\n<br \/><a href=\"https:\/\/de.rt.com\/inland\/239025-sondierungen-beendet-unionsparteien-und-spd-treten-in-koalitionsverhandlungen\/\">Source link <\/a><\/p>\n","protected":false},"excerpt":{"rendered":"<p>Das ging schnell: Nur acht Tage nach Beginn der Sondierungsgespr\u00e4che haben die Unionsparteien und die SPD sich auf wesentliche Punkte der Neuauflage der &#8220;Gro\u00dfen Koalition&#8221; geeinigt. Wie es am Samstag in Berlin hie\u00df, werden nun die Koalitionsverhandlungen beginnen, die neue Bundesregierung soll vor Ostern stehen. Nach gut einer Woche haben CDU, CSU und SPD ihre [&hellip;]<\/p>\n","protected":false},"author":3,"featured_media":79930,"comment_status":"open","ping_status":"open","sticky":false,"template":"","format":"standard","meta":{"_yoast_indexnow_last_ping":["1741468498"],"wp_automatic_camp":["217"],"e87f56c4990b275f1dfd28da5d972f1e":["Sondierungen beendet: Unionsparteien und SPD treten in Koalitionsverhandlungen"],"original_link":["https:\/\/de.rt.com\/inland\/239025-sondierungen-beendet-unionsparteien-und-spd-treten-in-koalitionsverhandlungen\/"],"_thumbnail_id":["79930"],"jnews_social_counter_last_update":["1777191202"],"_wptgpro_p2tg_sent2tg":["a:1:{i:23737;s:19:\"2025-03-08 23:16:04\";}"]},"categories":[19,23],"tags":[8151,22323,59741,3814,19677,140,35446],"yoast_head":"<!-- This site is optimized with the Yoast SEO Premium plugin v22.7 (Yoast SEO v22.7) - https:\/\/yoast.com\/wordpress\/plugins\/seo\/ -->\n<title>Sondierungen beendet: Unionsparteien und SPD treten in Koalitionsverhandlungen - just-now.NEWS Deutschland<\/title>\n<meta name=\"robots\" content=\"index, follow, max-snippet:-1, max-image-preview:large, max-video-preview:-1\" \/>\n<link rel=\"canonical\" href=\"https:\/\/now-news.de\/de\/deutschland\/sondierungen-beendet-unionsparteien-und-spd-treten-in-koalitionsverhandlungen\/\" \/>\n<meta property=\"og:locale\" content=\"de_DE\" \/>\n<meta property=\"og:type\" content=\"article\" \/>\n<meta property=\"og:title\" content=\"Sondierungen beendet: Unionsparteien und SPD treten in Koalitionsverhandlungen\" \/>\n<meta property=\"og:description\" content=\"Das ging schnell: Nur acht Tage nach Beginn der Sondierungsgespr\u00e4che haben die Unionsparteien und die SPD sich auf wesentliche Punkte der Neuauflage der &#8220;Gro\u00dfen Koalition&#8221; geeinigt. Wie es am Samstag in Berlin hie\u00df, werden nun die Koalitionsverhandlungen beginnen, die neue Bundesregierung soll vor Ostern stehen. Nach gut einer Woche haben CDU, CSU und SPD ihre [&hellip;]\" \/>\n<meta property=\"og:url\" content=\"https:\/\/now-news.de\/de\/deutschland\/sondierungen-beendet-unionsparteien-und-spd-treten-in-koalitionsverhandlungen\/\" \/>\n<meta property=\"og:site_name\" content=\"just-now.NEWS Deutschland\" \/>\n<meta property=\"article:publisher\" content=\"https:\/\/www.facebook.com\/wirmachenauf\" \/>\n<meta property=\"article:published_time\" content=\"2025-03-08T21:00:23+00:00\" \/>\n<meta property=\"og:image\" content=\"https:\/\/now-news.de\/de\/wp-content\/uploads\/sites\/3\/2025\/03\/67ccadaeb480cc75f90482de.jpg\" \/>\n<meta name=\"author\" content=\"rtnews\" \/>\n<meta name=\"twitter:card\" content=\"summary_large_image\" \/>\n<meta name=\"twitter:creator\" content=\"@WirMachenAuf_de\" \/>\n<meta name=\"twitter:site\" content=\"@WirMachenAuf_de\" \/>\n<meta name=\"twitter:label1\" content=\"Verfasst von\" \/>\n\t<meta name=\"twitter:data1\" content=\"rtnews\" \/>\n\t<meta name=\"twitter:label2\" content=\"Gesch\u00e4tzte Lesezeit\" \/>\n\t<meta name=\"twitter:data2\" content=\"1\u00a0Minute\" \/>\n<script type=\"application\/ld+json\" class=\"yoast-schema-graph\">{\"@context\":\"https:\/\/schema.org\",\"@graph\":[{\"@type\":\"Article\",\"@id\":\"https:\/\/now-news.de\/de\/deutschland\/sondierungen-beendet-unionsparteien-und-spd-treten-in-koalitionsverhandlungen\/#article\",\"isPartOf\":{\"@id\":\"https:\/\/now-news.de\/de\/deutschland\/sondierungen-beendet-unionsparteien-und-spd-treten-in-koalitionsverhandlungen\/\"},\"author\":{\"name\":\"rtnews\",\"@id\":\"https:\/\/now-news.de\/de\/#\/schema\/person\/fb534a4e865501d8b3285208df34a9b5\"},\"headline\":\"Sondierungen beendet: Unionsparteien und SPD treten in Koalitionsverhandlungen\",\"datePublished\":\"2025-03-08T21:00:23+00:00\",\"dateModified\":\"2025-03-08T21:00:23+00:00\",\"mainEntityOfPage\":{\"@id\":\"https:\/\/now-news.de\/de\/deutschland\/sondierungen-beendet-unionsparteien-und-spd-treten-in-koalitionsverhandlungen\/\"},\"wordCount\":254,\"commentCount\":0,\"publisher\":{\"@id\":\"https:\/\/now-news.de\/de\/#organization\"},\"image\":{\"@id\":\"https:\/\/now-news.de\/de\/deutschland\/sondierungen-beendet-unionsparteien-und-spd-treten-in-koalitionsverhandlungen\/#primaryimage\"},\"thumbnailUrl\":\"https:\/\/now-news.de\/de\/wp-content\/uploads\/sites\/3\/2025\/03\/Sondierungen-beendet-Unionsparteien-und-SPD-treten-in-Koalitionsverhandlungen.jpg\",\"keywords\":[\"beendet\",\"Koalitionsverhandlungen\",\"Sondierungen\",\"SPD\",\"treten\",\"und\",\"Unionsparteien\"],\"articleSection\":[\"Deutschland\",\"Russland\"],\"inLanguage\":\"de\",\"potentialAction\":[{\"@type\":\"CommentAction\",\"name\":\"Comment\",\"target\":[\"https:\/\/now-news.de\/de\/deutschland\/sondierungen-beendet-unionsparteien-und-spd-treten-in-koalitionsverhandlungen\/#respond\"]}]},{\"@type\":\"WebPage\",\"@id\":\"https:\/\/now-news.de\/de\/deutschland\/sondierungen-beendet-unionsparteien-und-spd-treten-in-koalitionsverhandlungen\/\",\"url\":\"https:\/\/now-news.de\/de\/deutschland\/sondierungen-beendet-unionsparteien-und-spd-treten-in-koalitionsverhandlungen\/\",\"name\":\"Sondierungen beendet: Unionsparteien und SPD treten in Koalitionsverhandlungen - just-now.NEWS Deutschland\",\"isPartOf\":{\"@id\":\"https:\/\/now-news.de\/de\/#website\"},\"primaryImageOfPage\":{\"@id\":\"https:\/\/now-news.de\/de\/deutschland\/sondierungen-beendet-unionsparteien-und-spd-treten-in-koalitionsverhandlungen\/#primaryimage\"},\"image\":{\"@id\":\"https:\/\/now-news.de\/de\/deutschland\/sondierungen-beendet-unionsparteien-und-spd-treten-in-koalitionsverhandlungen\/#primaryimage\"},\"thumbnailUrl\":\"https:\/\/now-news.de\/de\/wp-content\/uploads\/sites\/3\/2025\/03\/Sondierungen-beendet-Unionsparteien-und-SPD-treten-in-Koalitionsverhandlungen.jpg\",\"datePublished\":\"2025-03-08T21:00:23+00:00\",\"dateModified\":\"2025-03-08T21:00:23+00:00\",\"breadcrumb\":{\"@id\":\"https:\/\/now-news.de\/de\/deutschland\/sondierungen-beendet-unionsparteien-und-spd-treten-in-koalitionsverhandlungen\/#breadcrumb\"},\"inLanguage\":\"de\",\"potentialAction\":[{\"@type\":\"ReadAction\",\"target\":[\"https:\/\/now-news.de\/de\/deutschland\/sondierungen-beendet-unionsparteien-und-spd-treten-in-koalitionsverhandlungen\/\"]}]},{\"@type\":\"ImageObject\",\"inLanguage\":\"de\",\"@id\":\"https:\/\/now-news.de\/de\/deutschland\/sondierungen-beendet-unionsparteien-und-spd-treten-in-koalitionsverhandlungen\/#primaryimage\",\"url\":\"https:\/\/now-news.de\/de\/wp-content\/uploads\/sites\/3\/2025\/03\/Sondierungen-beendet-Unionsparteien-und-SPD-treten-in-Koalitionsverhandlungen.jpg\",\"contentUrl\":\"https:\/\/now-news.de\/de\/wp-content\/uploads\/sites\/3\/2025\/03\/Sondierungen-beendet-Unionsparteien-und-SPD-treten-in-Koalitionsverhandlungen.jpg\",\"width\":460,\"height\":259,\"caption\":\"Sondierungen beendet: Unionsparteien und SPD treten in Koalitionsverhandlungen\"},{\"@type\":\"BreadcrumbList\",\"@id\":\"https:\/\/now-news.de\/de\/deutschland\/sondierungen-beendet-unionsparteien-und-spd-treten-in-koalitionsverhandlungen\/#breadcrumb\",\"itemListElement\":[{\"@type\":\"ListItem\",\"position\":1,\"name\":\"Home\",\"item\":\"https:\/\/now-news.de\/de\/\"},{\"@type\":\"ListItem\",\"position\":2,\"name\":\"Sondierungen beendet: Unionsparteien und SPD treten in Koalitionsverhandlungen\"}]},{\"@type\":\"WebSite\",\"@id\":\"https:\/\/now-news.de\/de\/#website\",\"url\":\"https:\/\/now-news.de\/de\/\",\"name\":\"just-now.NEWS Deutschland\",\"description\":\"Das Portal f\u00fcr unzensierte Nachrichten aus der Welt\",\"publisher\":{\"@id\":\"https:\/\/now-news.de\/de\/#organization\"},\"potentialAction\":[{\"@type\":\"SearchAction\",\"target\":{\"@type\":\"EntryPoint\",\"urlTemplate\":\"https:\/\/now-news.de\/de\/?s={search_term_string}\"},\"query-input\":\"required name=search_term_string\"}],\"inLanguage\":\"de\"},{\"@type\":\"Organization\",\"@id\":\"https:\/\/now-news.de\/de\/#organization\",\"name\":\"Just Now News\",\"url\":\"https:\/\/now-news.de\/de\/\",\"logo\":{\"@type\":\"ImageObject\",\"inLanguage\":\"de\",\"@id\":\"https:\/\/now-news.de\/de\/#\/schema\/logo\/image\/\",\"url\":\"http:\/\/just-now.news\/de\/wp-content\/uploads\/sites\/3\/2022\/04\/logo500x500.jpg\",\"contentUrl\":\"http:\/\/just-now.news\/de\/wp-content\/uploads\/sites\/3\/2022\/04\/logo500x500.jpg\",\"width\":500,\"height\":500,\"caption\":\"Just Now News\"},\"image\":{\"@id\":\"https:\/\/now-news.de\/de\/#\/schema\/logo\/image\/\"},\"sameAs\":[\"https:\/\/www.facebook.com\/wirmachenauf\",\"https:\/\/x.com\/WirMachenAuf_de\"]},{\"@type\":\"Person\",\"@id\":\"https:\/\/now-news.de\/de\/#\/schema\/person\/fb534a4e865501d8b3285208df34a9b5\",\"name\":\"rtnews\",\"image\":{\"@type\":\"ImageObject\",\"inLanguage\":\"de\",\"@id\":\"https:\/\/now-news.de\/de\/#\/schema\/person\/image\/\",\"url\":\"https:\/\/secure.gravatar.com\/avatar\/82aafea7d8127119dd649515f56e2117?s=96&d=mm&r=g\",\"contentUrl\":\"https:\/\/secure.gravatar.com\/avatar\/82aafea7d8127119dd649515f56e2117?s=96&d=mm&r=g\",\"caption\":\"rtnews\"},\"url\":\"https:\/\/now-news.de\/de\/author\/rnews\/\"}]}<\/script>\n<!-- \/ Yoast SEO Premium plugin. -->","yoast_head_json":{"title":"Sondierungen beendet: Unionsparteien und SPD treten in Koalitionsverhandlungen - just-now.NEWS Deutschland","robots":{"index":"index","follow":"follow","max-snippet":"max-snippet:-1","max-image-preview":"max-image-preview:large","max-video-preview":"max-video-preview:-1"},"canonical":"https:\/\/now-news.de\/de\/deutschland\/sondierungen-beendet-unionsparteien-und-spd-treten-in-koalitionsverhandlungen\/","og_locale":"de_DE","og_type":"article","og_title":"Sondierungen beendet: Unionsparteien und SPD treten in Koalitionsverhandlungen","og_description":"Das ging schnell: Nur acht Tage nach Beginn der Sondierungsgespr\u00e4che haben die Unionsparteien und die SPD sich auf wesentliche Punkte der Neuauflage der &#8220;Gro\u00dfen Koalition&#8221; geeinigt. Wie es am Samstag in Berlin hie\u00df, werden nun die Koalitionsverhandlungen beginnen, die neue Bundesregierung soll vor Ostern stehen. Nach gut einer Woche haben CDU, CSU und SPD ihre [&hellip;]","og_url":"https:\/\/now-news.de\/de\/deutschland\/sondierungen-beendet-unionsparteien-und-spd-treten-in-koalitionsverhandlungen\/","og_site_name":"just-now.NEWS Deutschland","article_publisher":"https:\/\/www.facebook.com\/wirmachenauf","article_published_time":"2025-03-08T21:00:23+00:00","og_image":[{"url":"https:\/\/now-news.de\/de\/wp-content\/uploads\/sites\/3\/2025\/03\/67ccadaeb480cc75f90482de.jpg"}],"author":"rtnews","twitter_card":"summary_large_image","twitter_creator":"@WirMachenAuf_de","twitter_site":"@WirMachenAuf_de","twitter_misc":{"Verfasst von":"rtnews","Gesch\u00e4tzte Lesezeit":"1\u00a0Minute"},"schema":{"@context":"https:\/\/schema.org","@graph":[{"@type":"Article","@id":"https:\/\/now-news.de\/de\/deutschland\/sondierungen-beendet-unionsparteien-und-spd-treten-in-koalitionsverhandlungen\/#article","isPartOf":{"@id":"https:\/\/now-news.de\/de\/deutschland\/sondierungen-beendet-unionsparteien-und-spd-treten-in-koalitionsverhandlungen\/"},"author":{"name":"rtnews","@id":"https:\/\/now-news.de\/de\/#\/schema\/person\/fb534a4e865501d8b3285208df34a9b5"},"headline":"Sondierungen beendet: Unionsparteien und SPD treten in Koalitionsverhandlungen","datePublished":"2025-03-08T21:00:23+00:00","dateModified":"2025-03-08T21:00:23+00:00","mainEntityOfPage":{"@id":"https:\/\/now-news.de\/de\/deutschland\/sondierungen-beendet-unionsparteien-und-spd-treten-in-koalitionsverhandlungen\/"},"wordCount":254,"commentCount":0,"publisher":{"@id":"https:\/\/now-news.de\/de\/#organization"},"image":{"@id":"https:\/\/now-news.de\/de\/deutschland\/sondierungen-beendet-unionsparteien-und-spd-treten-in-koalitionsverhandlungen\/#primaryimage"},"thumbnailUrl":"https:\/\/now-news.de\/de\/wp-content\/uploads\/sites\/3\/2025\/03\/Sondierungen-beendet-Unionsparteien-und-SPD-treten-in-Koalitionsverhandlungen.jpg","keywords":["beendet","Koalitionsverhandlungen","Sondierungen","SPD","treten","und","Unionsparteien"],"articleSection":["Deutschland","Russland"],"inLanguage":"de","potentialAction":[{"@type":"CommentAction","name":"Comment","target":["https:\/\/now-news.de\/de\/deutschland\/sondierungen-beendet-unionsparteien-und-spd-treten-in-koalitionsverhandlungen\/#respond"]}]},{"@type":"WebPage","@id":"https:\/\/now-news.de\/de\/deutschland\/sondierungen-beendet-unionsparteien-und-spd-treten-in-koalitionsverhandlungen\/","url":"https:\/\/now-news.de\/de\/deutschland\/sondierungen-beendet-unionsparteien-und-spd-treten-in-koalitionsverhandlungen\/","name":"Sondierungen beendet: Unionsparteien und SPD treten in Koalitionsverhandlungen - just-now.NEWS Deutschland","isPartOf":{"@id":"https:\/\/now-news.de\/de\/#website"},"primaryImageOfPage":{"@id":"https:\/\/now-news.de\/de\/deutschland\/sondierungen-beendet-unionsparteien-und-spd-treten-in-koalitionsverhandlungen\/#primaryimage"},"image":{"@id":"https:\/\/now-news.de\/de\/deutschland\/sondierungen-beendet-unionsparteien-und-spd-treten-in-koalitionsverhandlungen\/#primaryimage"},"thumbnailUrl":"https:\/\/now-news.de\/de\/wp-content\/uploads\/sites\/3\/2025\/03\/Sondierungen-beendet-Unionsparteien-und-SPD-treten-in-Koalitionsverhandlungen.jpg","datePublished":"2025-03-08T21:00:23+00:00","dateModified":"2025-03-08T21:00:23+00:00","breadcrumb":{"@id":"https:\/\/now-news.de\/de\/deutschland\/sondierungen-beendet-unionsparteien-und-spd-treten-in-koalitionsverhandlungen\/#breadcrumb"},"inLanguage":"de","potentialAction":[{"@type":"ReadAction","target":["https:\/\/now-news.de\/de\/deutschland\/sondierungen-beendet-unionsparteien-und-spd-treten-in-koalitionsverhandlungen\/"]}]},{"@type":"ImageObject","inLanguage":"de","@id":"https:\/\/now-news.de\/de\/deutschland\/sondierungen-beendet-unionsparteien-und-spd-treten-in-koalitionsverhandlungen\/#primaryimage","url":"https:\/\/now-news.de\/de\/wp-content\/uploads\/sites\/3\/2025\/03\/Sondierungen-beendet-Unionsparteien-und-SPD-treten-in-Koalitionsverhandlungen.jpg","contentUrl":"https:\/\/now-news.de\/de\/wp-content\/uploads\/sites\/3\/2025\/03\/Sondierungen-beendet-Unionsparteien-und-SPD-treten-in-Koalitionsverhandlungen.jpg","width":460,"height":259,"caption":"Sondierungen beendet: Unionsparteien und SPD treten in Koalitionsverhandlungen"},{"@type":"BreadcrumbList","@id":"https:\/\/now-news.de\/de\/deutschland\/sondierungen-beendet-unionsparteien-und-spd-treten-in-koalitionsverhandlungen\/#breadcrumb","itemListElement":[{"@type":"ListItem","position":1,"name":"Home","item":"https:\/\/now-news.de\/de\/"},{"@type":"ListItem","position":2,"name":"Sondierungen beendet: Unionsparteien und SPD treten in Koalitionsverhandlungen"}]},{"@type":"WebSite","@id":"https:\/\/now-news.de\/de\/#website","url":"https:\/\/now-news.de\/de\/","name":"just-now.NEWS Deutschland","description":"Das Portal f\u00fcr unzensierte Nachrichten aus der Welt","publisher":{"@id":"https:\/\/now-news.de\/de\/#organization"},"potentialAction":[{"@type":"SearchAction","target":{"@type":"EntryPoint","urlTemplate":"https:\/\/now-news.de\/de\/?s={search_term_string}"},"query-input":"required name=search_term_string"}],"inLanguage":"de"},{"@type":"Organization","@id":"https:\/\/now-news.de\/de\/#organization","name":"Just Now News","url":"https:\/\/now-news.de\/de\/","logo":{"@type":"ImageObject","inLanguage":"de","@id":"https:\/\/now-news.de\/de\/#\/schema\/logo\/image\/","url":"http:\/\/just-now.news\/de\/wp-content\/uploads\/sites\/3\/2022\/04\/logo500x500.jpg","contentUrl":"http:\/\/just-now.news\/de\/wp-content\/uploads\/sites\/3\/2022\/04\/logo500x500.jpg","width":500,"height":500,"caption":"Just Now News"},"image":{"@id":"https:\/\/now-news.de\/de\/#\/schema\/logo\/image\/"},"sameAs":["https:\/\/www.facebook.com\/wirmachenauf","https:\/\/x.com\/WirMachenAuf_de"]},{"@type":"Person","@id":"https:\/\/now-news.de\/de\/#\/schema\/person\/fb534a4e865501d8b3285208df34a9b5","name":"rtnews","image":{"@type":"ImageObject","inLanguage":"de","@id":"https:\/\/now-news.de\/de\/#\/schema\/person\/image\/","url":"https:\/\/secure.gravatar.com\/avatar\/82aafea7d8127119dd649515f56e2117?s=96&d=mm&r=g","contentUrl":"https:\/\/secure.gravatar.com\/avatar\/82aafea7d8127119dd649515f56e2117?s=96&d=mm&r=g","caption":"rtnews"},"url":"https:\/\/now-news.de\/de\/author\/rnews\/"}]}},"_links":{"self":[{"href":"https:\/\/now-news.de\/de\/wp-json\/wp\/v2\/posts\/79929"}],"collection":[{"href":"https:\/\/now-news.de\/de\/wp-json\/wp\/v2\/posts"}],"about":[{"href":"https:\/\/now-news.de\/de\/wp-json\/wp\/v2\/types\/post"}],"author":[{"embeddable":true,"href":"https:\/\/now-news.de\/de\/wp-json\/wp\/v2\/users\/3"}],"replies":[{"embeddable":true,"href":"https:\/\/now-news.de\/de\/wp-json\/wp\/v2\/comments?post=79929"}],"version-history":[{"count":0,"href":"https:\/\/now-news.de\/de\/wp-json\/wp\/v2\/posts\/79929\/revisions"}],"wp:featuredmedia":[{"embeddable":true,"href":"https:\/\/now-news.de\/de\/wp-json\/wp\/v2\/media\/79930"}],"wp:attachment":[{"href":"https:\/\/now-news.de\/de\/wp-json\/wp\/v2\/media?parent=79929"}],"wp:term":[{"taxonomy":"category","embeddable":true,"href":"https:\/\/now-news.de\/de\/wp-json\/wp\/v2\/categories?post=79929"},{"taxonomy":"post_tag","embeddable":true,"href":"https:\/\/now-news.de\/de\/wp-json\/wp\/v2\/tags?post=79929"}],"curies":[{"name":"wp","href":"https:\/\/api.w.org\/{rel}","templated":true}]}}