{"id":79927,"date":"2025-03-08T22:36:35","date_gmt":"2025-03-08T20:36:35","guid":{"rendered":"https:\/\/now-news.de\/de\/deutschland\/weimarer-kulturkampf-um-einen-platz-fuer-die-russisch-orthodoxe-gemeinde\/"},"modified":"2025-03-08T22:36:35","modified_gmt":"2025-03-08T20:36:35","slug":"weimarer-kulturkampf-um-einen-platz-fuer-die-russisch-orthodoxe-gemeinde","status":"publish","type":"post","link":"https:\/\/now-news.de\/de\/deutschland\/weimarer-kulturkampf-um-einen-platz-fuer-die-russisch-orthodoxe-gemeinde\/","title":{"rendered":"Weimarer Kulturkampf um einen Platz f\u00fcr die russisch-orthodoxe Gemeinde"},"content":{"rendered":"<p><img decoding=\"async\" src=\"https:\/\/now-news.de\/de\/wp-content\/uploads\/sites\/3\/2025\/03\/67cb4dd0b480cc07071dc56a.jpg\" \/><\/p>\n<div class=\"Text-root Text-type_1 \">\n                Die russisch-orthodoxe Gemeinde in Weimar leidet unter beengten R\u00e4umen. Platz b\u00f6te sich an einer historischen St\u00e4tte der Weimarer Klassik, die einst schon eine russische Kirche beherbergt hatte. Doch es gibt heftige Widerst\u00e4nde.\n            <\/div>\n<p><\/p>\n<div class=\"Text-root Text-type_5 ArticleView-text ViewText-root \">\n<p>Nach langem Rechtsstreit mit einem spanischen Investor ist es der Stadt Weimar <a rel=\"nofollow noopener\" target=\"_blank\" href=\"https:\/\/www.mdr.de\/nachrichten\/thueringen\/mitte-thueringen\/weimar\/haus-frau-stein-stadt-100.html\">gelungen<\/a>, wieder in den Besitz einer bedeutenden historischen Immobilie zu gelangen. Es geht um das <a rel=\"nofollow noopener\" target=\"_blank\" href=\"https:\/\/blog-archiv.klassik-stiftung.de\/charlotte-von-stein-ein-portraet\/\">Haus der Charlotte von Stein<\/a>, einer Freundin des Dichterf\u00fcrsten Johann Wolfgang von Goethe, die ihn zu etlichen Werken inspiriert hat. Nach all dem \u00c4rger mit gebrochenen Investorenversprechen soll das Geb\u00e4ude zun\u00e4chst im Besitz der Stadt verbleiben. Aber was tun mit der prestigetr\u00e4chtigen Immobilie? Einfach leer stehen lassen ist keine Option.<\/p>\n<p>Da hatte der Leiter des Weimarer Stadtmuseums, Alf R\u00f6\u00dfner, eine Idee. Sie kam ihm, wie er der <em>Th\u00fcringer Allgemeinen<\/em>\u00a0<a rel=\"nofollow noopener\" target=\"_blank\" href=\"https:\/\/www.thueringer-allgemeine.de\/lokales\/weimar-und-weimarer-land\/article408481417\/soll-russische-kirche-in-weimars-haus-der-frau-von-stein-einziehen.html\">berichtete<\/a>, beim Spazierengehen mit seiner Frau. Auf dem Historischen Friedhof fiel ihm die Bauf\u00e4lligkeit der Grabkapelle von Gro\u00dfherzogin Maria Pawlowna auf, wo sich die russisch-orthodoxe Gemeinde Weimars zum Gottesdienst trifft. Die Kapelle sei mittlerweile zu klein f\u00fcr die bis 150 Gl\u00e4ubigen, die sich dort zu Gebeten und Gottesdiensten versammeln. Die Menge an Menschen w\u00fcrde die nahegelegenen Grabfl\u00e4chen in Mitleidenschaft ziehen. Zudem fehle es der Gemeinde an Sanit\u00e4ranlagen. Und f\u00fcr die Restaurierung der dringend sanierungsbed\u00fcrftigen Kapelle sei es erforderlich, einen Ausweichraum f\u00fcr die Gemeinde zu finden.<\/p>\n<p>Was l\u00e4ge da n\u00e4her, als die Suche nach einem Ort f\u00fcr den russisch-orthodoxen Gottesdienst mit einer neuen Nutzung des Hauses der Frau von Stein zu verbinden? Das Geb\u00e4ude an der Ackerwand ist nahezu ideal f\u00fcr diesen kirchlichen Zweck geeignet, denn es war schon einmal eine russisch-orthodoxe Kirche, \u00fcber hundert Jahre lang, von 1804 bis 1909. Und der Saal, in dem damals die Gottesdienste stattgefunden haben, ist, so der Museumsdirektor, noch weitgehend im Originalzustand erhalten. R\u00f6\u00dfner erkl\u00e4rt:<\/p>\n<blockquote>\n<p><em>&#8220;Selbst auf Stadtpl\u00e4nen jener Zeit war das Haus als russische Kirche kenntlich gemacht. Dieses ist heute weitgehend aus dem Bewusstsein Weimars verschwunden.&#8221;<\/em><\/p>\n<\/blockquote>\n<p>Der Museumsdirektor erinnert auch an das bedeutende russische Erbe Weimars, an die H\u00f6hen und Tiefen der deutsch-russischen Beziehungen. Mehrere russische Zaren h\u00e4tten sich im Haus der Frau von Stein aufgehalten. Im Jahr 2002 h\u00e4tten sich Putin und Schr\u00f6der zum Petersburger Dialog in der bedeutenden Kulturstadt an der Ilm getroffen. 1813 h\u00e4tten russische Kosaken Weimar sogar vor der Zerst\u00f6rung durch die Franzosen gerettet. Aber auch traurige Momente hat es gegeben: die Ermordung tausender Russen im unweit von Weimar gelegenen Konzentrationslager Buchenwald. Sp\u00e4ter das stalinistische Speziallager auf dem Ettersberg. Weimar als <a rel=\"nofollow noopener\" target=\"_blank\" href=\"https:\/\/www.stiftung-gedenkstaetten.de\/reflexionen\/reflexionen-2023\/das-sowjetische-weimar\">sowjetische Garnisonstadt<\/a> im Kalten Krieg. Man merkt, Herr R\u00f6\u00dfner ist von seiner Idee sichtlich angetan und m\u00f6chte andere mit seiner Begeisterung anstecken.<\/p>\n<p>Offenbar h\u00e4lt er es gleichzeitig f\u00fcr n\u00f6tig, sich vom sogenannten &#8220;russischen Angriffskrieg&#8221; und vom &#8220;Autokraten&#8221; Putin zu distanzieren, was seine Position schw\u00e4cht und zu verbalen Angriffen geradezu herausfordert: &#8220;Der russische Angriffskrieg auf die Ukraine ist die Realit\u00e4t. Aber es soll ja \u00fcberhaupt nicht um eine Putin-Ged\u00e4chtniskirche gehen.&#8221; R\u00f6\u00dfners Frage klingt trotzig, als ob er den zu erwartenden Widerspruch schon ahnt: &#8220;Soll Weimar, weil Putin ein Autokrat ist, keine orthodoxe Kirche haben?&#8221; Auch sein Hinweis, die geplante Kirche st\u00fcnde nicht nur Russen, sondern orthodoxen Gl\u00e4ubigen aller Nationen offen, klingt unn\u00f6tig exkulpierend.<\/p>\n<p>Kein Wunder, dass einen Tag sp\u00e4ter, ebenfalls in einem <a rel=\"nofollow noopener\" target=\"_blank\" href=\"https:\/\/www.thueringer-allgemeine.de\/lokales\/weimar-und-weimarer-land\/article408489196\/andrC3A9-stoerr-weimar-soll-sich-nicht-blamieren.html\">Artikel<\/a> der <em>Th\u00fcringer Allgemeinen<\/em>, schon jemand in die antirussische Kerbe schl\u00e4gt. Es handelt sich um den Verleger Andr\u00e9 St\u00f6rr, <a rel=\"nofollow noopener\" target=\"_blank\" href=\"https:\/\/spd-weimar.de\/ob\/\">Referatsleiter<\/a> der Th\u00fcringer Landesregierung, SPD-Stadtrat und <a rel=\"nofollow noopener\" target=\"_blank\" href=\"https:\/\/x.com\/weltprovinz\/status\/1893645373366841468\">treuer Freund<\/a> der Ukraine und ihrer Literatur. Die Einrichtung einer russisch-orthodoxen Kirche im Haus an der Ackerwand sei die perfekte Idee, um Weimar zu blamieren (!). Der Vorschlag sei einfach nur einf\u00e4ltig. Warum, begr\u00fcndet St\u00f6rr nicht.<\/p>\n<p>Stattdessen fordert er eine Nutzung des Geb\u00e4udes, die &#8220;inhaltlich in die Zukunft tr\u00e4gt&#8221;. Und eine weitere Plattit\u00fcde: Es m\u00fcsse um Themen gehen, die &#8220;uns und unsere Kinder als Gesellschaft besch\u00e4ftigen&#8221;. Tats\u00e4chlich scheint sich der Weimarer Verleger vielmehr an der Nutzung der Immobilie durch Russen und die russisch-orthodoxe Kirche zu st\u00f6ren, denn (O-Ton St\u00f6rr): &#8220;Die unter der Leitung von Putins Hetzer Patriarch Kyrill stehende russisch-orthodoxe Kirche, die zum Heiligen Krieg gegen Europa aufruft, ist sicher das Letzte, was wir in Weimars Innenstadt brauchen.&#8221; Ganz offensichtlich hat sich St\u00f6rr, der erst k\u00fcrzlich wieder <a rel=\"nofollow noopener\" target=\"_blank\" href=\"https:\/\/www.thueringer-allgemeine.de\/lokales\/weimar-und-weimarer-land\/article408378380\/weimarer-in-kiew-sie-kommen-nicht-zum-schlafen.html\">nach Kiew gereist ist<\/a>, dort seine Portion Hass abgeholt.<\/p>\n<p>Museumsleiter R\u00f6\u00dfner w\u00fcnscht sich eine Kirche der Vers\u00f6hnung, ein Gotteshaus, &#8220;um wieder miteinander in Dialog zu kommen, um ein Friedenszeichen zu setzen&#8221;. Ein hehres Vorhaben, das er sich unabh\u00e4ngig von der Tagespolitik w\u00fcnscht. Aber was, wenn der Kultur der Vers\u00f6hnung eine Mentalit\u00e4t der Vorurteile und der Ablehnung gegen\u00fcbersteht? Noch ist nicht ausgemacht, wer den Weimarer Kulturkampf f\u00fcr sich entscheiden wird.<\/p>\n<p><strong>Mehr zum Thema<\/strong> &#8211;\u00a0<a rel=\"nofollow noopener\" target=\"_blank\" href=\"https:\/\/freedert.online\/gesellschaft\/232413-15-rothenburger-reisen-zur-1000-nach-russische-partnerstadt-susdal\/\">B\u00fcrger von Rothenburg reisen zur 1000-Jahr-Feier in russische Partnerstadt Susdal<\/a><\/p>\n<div class=\"EmbedBlock-root EmbedBlock-externalVideo EmbedBlock-rumble\">\n<div class=\"VkEmbed\"><iframe class=\"lazyload\" data-src=\"https:\/\/rumble.com\/embed\/v6o2k9o\" frameborder=\"0\" width=\"853\" height=\"480\" allowfullscreen><\/iframe><\/div>\n<\/div>\n<\/div>\n<p><br \/>\n<br \/><a href=\"https:\/\/de.rt.com\/inland\/238939-weimarer-kulturkampf-um-platz-fuer\/\">Source link <\/a><\/p>\n","protected":false},"excerpt":{"rendered":"<p>Die russisch-orthodoxe Gemeinde in Weimar leidet unter beengten R\u00e4umen. Platz b\u00f6te sich an einer historischen St\u00e4tte der Weimarer Klassik, die einst schon eine russische Kirche beherbergt hatte. Doch es gibt heftige Widerst\u00e4nde. Nach langem Rechtsstreit mit einem spanischen Investor ist es der Stadt Weimar gelungen, wieder in den Besitz einer bedeutenden historischen Immobilie zu gelangen. [&hellip;]<\/p>\n","protected":false},"author":3,"featured_media":79928,"comment_status":"open","ping_status":"open","sticky":false,"template":"","format":"standard","meta":{"_yoast_indexnow_last_ping":["1741466566"],"wp_automatic_camp":["217"],"53c2099db651b615fba7dae2f1b68565":["Weimarer Kulturkampf um einen Platz f\u00fcr die russisch-orthodoxe Gemeinde"],"original_link":["https:\/\/de.rt.com\/inland\/238939-weimarer-kulturkampf-um-platz-fuer\/"],"_thumbnail_id":["79928"],"jnews_social_counter_last_update":["1777175950"],"_wptgpro_p2tg_sent2tg":["a:1:{i:23737;s:19:\"2025-03-08 22:43:53\";}"]},"categories":[19,23],"tags":[45,768,221,2645,12088,11883,23334,39694],"yoast_head":"<!-- This site is optimized with the Yoast SEO Premium plugin v22.7 (Yoast SEO v22.7) - https:\/\/yoast.com\/wordpress\/plugins\/seo\/ -->\n<title>Weimarer Kulturkampf um einen Platz f\u00fcr die russisch-orthodoxe Gemeinde - just-now.NEWS Deutschland<\/title>\n<meta name=\"robots\" content=\"index, follow, max-snippet:-1, max-image-preview:large, max-video-preview:-1\" \/>\n<link rel=\"canonical\" href=\"https:\/\/now-news.de\/de\/deutschland\/weimarer-kulturkampf-um-einen-platz-fuer-die-russisch-orthodoxe-gemeinde\/\" \/>\n<meta property=\"og:locale\" content=\"de_DE\" \/>\n<meta property=\"og:type\" content=\"article\" \/>\n<meta property=\"og:title\" content=\"Weimarer Kulturkampf um einen Platz f\u00fcr die russisch-orthodoxe Gemeinde\" \/>\n<meta property=\"og:description\" content=\"Die russisch-orthodoxe Gemeinde in Weimar leidet unter beengten R\u00e4umen. Platz b\u00f6te sich an einer historischen St\u00e4tte der Weimarer Klassik, die einst schon eine russische Kirche beherbergt hatte. Doch es gibt heftige Widerst\u00e4nde. Nach langem Rechtsstreit mit einem spanischen Investor ist es der Stadt Weimar gelungen, wieder in den Besitz einer bedeutenden historischen Immobilie zu gelangen. [&hellip;]\" \/>\n<meta property=\"og:url\" content=\"https:\/\/now-news.de\/de\/deutschland\/weimarer-kulturkampf-um-einen-platz-fuer-die-russisch-orthodoxe-gemeinde\/\" \/>\n<meta property=\"og:site_name\" content=\"just-now.NEWS Deutschland\" \/>\n<meta property=\"article:publisher\" content=\"https:\/\/www.facebook.com\/wirmachenauf\" \/>\n<meta property=\"article:published_time\" content=\"2025-03-08T20:36:35+00:00\" \/>\n<meta property=\"og:image\" content=\"https:\/\/now-news.de\/de\/wp-content\/uploads\/sites\/3\/2025\/03\/67cb4dd0b480cc07071dc56a.jpg\" \/>\n<meta name=\"author\" content=\"rtnews\" \/>\n<meta name=\"twitter:card\" content=\"summary_large_image\" \/>\n<meta name=\"twitter:creator\" content=\"@WirMachenAuf_de\" \/>\n<meta name=\"twitter:site\" content=\"@WirMachenAuf_de\" \/>\n<meta name=\"twitter:label1\" content=\"Verfasst von\" \/>\n\t<meta name=\"twitter:data1\" content=\"rtnews\" \/>\n\t<meta name=\"twitter:label2\" content=\"Gesch\u00e4tzte Lesezeit\" \/>\n\t<meta name=\"twitter:data2\" content=\"4\u00a0Minuten\" \/>\n<script type=\"application\/ld+json\" class=\"yoast-schema-graph\">{\"@context\":\"https:\/\/schema.org\",\"@graph\":[{\"@type\":\"Article\",\"@id\":\"https:\/\/now-news.de\/de\/deutschland\/weimarer-kulturkampf-um-einen-platz-fuer-die-russisch-orthodoxe-gemeinde\/#article\",\"isPartOf\":{\"@id\":\"https:\/\/now-news.de\/de\/deutschland\/weimarer-kulturkampf-um-einen-platz-fuer-die-russisch-orthodoxe-gemeinde\/\"},\"author\":{\"name\":\"rtnews\",\"@id\":\"https:\/\/now-news.de\/de\/#\/schema\/person\/fb534a4e865501d8b3285208df34a9b5\"},\"headline\":\"Weimarer Kulturkampf um einen Platz f\u00fcr die russisch-orthodoxe Gemeinde\",\"datePublished\":\"2025-03-08T20:36:35+00:00\",\"dateModified\":\"2025-03-08T20:36:35+00:00\",\"mainEntityOfPage\":{\"@id\":\"https:\/\/now-news.de\/de\/deutschland\/weimarer-kulturkampf-um-einen-platz-fuer-die-russisch-orthodoxe-gemeinde\/\"},\"wordCount\":838,\"commentCount\":0,\"publisher\":{\"@id\":\"https:\/\/now-news.de\/de\/#organization\"},\"image\":{\"@id\":\"https:\/\/now-news.de\/de\/deutschland\/weimarer-kulturkampf-um-einen-platz-fuer-die-russisch-orthodoxe-gemeinde\/#primaryimage\"},\"thumbnailUrl\":\"https:\/\/now-news.de\/de\/wp-content\/uploads\/sites\/3\/2025\/03\/Weimarer-Kulturkampf-um-einen-Platz-fuer-die-russisch-orthodoxe-Gemeinde.jpg\",\"keywords\":[\"die\",\"einen\",\"f\u00fcr\",\"gemeinde\",\"Kulturkampf\",\"Platz\",\"russischorthodoxe\",\"Weimarer\"],\"articleSection\":[\"Deutschland\",\"Russland\"],\"inLanguage\":\"de\",\"potentialAction\":[{\"@type\":\"CommentAction\",\"name\":\"Comment\",\"target\":[\"https:\/\/now-news.de\/de\/deutschland\/weimarer-kulturkampf-um-einen-platz-fuer-die-russisch-orthodoxe-gemeinde\/#respond\"]}]},{\"@type\":\"WebPage\",\"@id\":\"https:\/\/now-news.de\/de\/deutschland\/weimarer-kulturkampf-um-einen-platz-fuer-die-russisch-orthodoxe-gemeinde\/\",\"url\":\"https:\/\/now-news.de\/de\/deutschland\/weimarer-kulturkampf-um-einen-platz-fuer-die-russisch-orthodoxe-gemeinde\/\",\"name\":\"Weimarer Kulturkampf um einen Platz f\u00fcr die russisch-orthodoxe Gemeinde - just-now.NEWS Deutschland\",\"isPartOf\":{\"@id\":\"https:\/\/now-news.de\/de\/#website\"},\"primaryImageOfPage\":{\"@id\":\"https:\/\/now-news.de\/de\/deutschland\/weimarer-kulturkampf-um-einen-platz-fuer-die-russisch-orthodoxe-gemeinde\/#primaryimage\"},\"image\":{\"@id\":\"https:\/\/now-news.de\/de\/deutschland\/weimarer-kulturkampf-um-einen-platz-fuer-die-russisch-orthodoxe-gemeinde\/#primaryimage\"},\"thumbnailUrl\":\"https:\/\/now-news.de\/de\/wp-content\/uploads\/sites\/3\/2025\/03\/Weimarer-Kulturkampf-um-einen-Platz-fuer-die-russisch-orthodoxe-Gemeinde.jpg\",\"datePublished\":\"2025-03-08T20:36:35+00:00\",\"dateModified\":\"2025-03-08T20:36:35+00:00\",\"breadcrumb\":{\"@id\":\"https:\/\/now-news.de\/de\/deutschland\/weimarer-kulturkampf-um-einen-platz-fuer-die-russisch-orthodoxe-gemeinde\/#breadcrumb\"},\"inLanguage\":\"de\",\"potentialAction\":[{\"@type\":\"ReadAction\",\"target\":[\"https:\/\/now-news.de\/de\/deutschland\/weimarer-kulturkampf-um-einen-platz-fuer-die-russisch-orthodoxe-gemeinde\/\"]}]},{\"@type\":\"ImageObject\",\"inLanguage\":\"de\",\"@id\":\"https:\/\/now-news.de\/de\/deutschland\/weimarer-kulturkampf-um-einen-platz-fuer-die-russisch-orthodoxe-gemeinde\/#primaryimage\",\"url\":\"https:\/\/now-news.de\/de\/wp-content\/uploads\/sites\/3\/2025\/03\/Weimarer-Kulturkampf-um-einen-Platz-fuer-die-russisch-orthodoxe-Gemeinde.jpg\",\"contentUrl\":\"https:\/\/now-news.de\/de\/wp-content\/uploads\/sites\/3\/2025\/03\/Weimarer-Kulturkampf-um-einen-Platz-fuer-die-russisch-orthodoxe-Gemeinde.jpg\",\"width\":460,\"height\":259,\"caption\":\"Weimarer Kulturkampf um einen Platz f\u00fcr die russisch-orthodoxe Gemeinde\"},{\"@type\":\"BreadcrumbList\",\"@id\":\"https:\/\/now-news.de\/de\/deutschland\/weimarer-kulturkampf-um-einen-platz-fuer-die-russisch-orthodoxe-gemeinde\/#breadcrumb\",\"itemListElement\":[{\"@type\":\"ListItem\",\"position\":1,\"name\":\"Home\",\"item\":\"https:\/\/now-news.de\/de\/\"},{\"@type\":\"ListItem\",\"position\":2,\"name\":\"Weimarer Kulturkampf um einen Platz f\u00fcr die russisch-orthodoxe Gemeinde\"}]},{\"@type\":\"WebSite\",\"@id\":\"https:\/\/now-news.de\/de\/#website\",\"url\":\"https:\/\/now-news.de\/de\/\",\"name\":\"just-now.NEWS Deutschland\",\"description\":\"Das Portal f\u00fcr unzensierte Nachrichten aus der Welt\",\"publisher\":{\"@id\":\"https:\/\/now-news.de\/de\/#organization\"},\"potentialAction\":[{\"@type\":\"SearchAction\",\"target\":{\"@type\":\"EntryPoint\",\"urlTemplate\":\"https:\/\/now-news.de\/de\/?s={search_term_string}\"},\"query-input\":\"required name=search_term_string\"}],\"inLanguage\":\"de\"},{\"@type\":\"Organization\",\"@id\":\"https:\/\/now-news.de\/de\/#organization\",\"name\":\"Just Now News\",\"url\":\"https:\/\/now-news.de\/de\/\",\"logo\":{\"@type\":\"ImageObject\",\"inLanguage\":\"de\",\"@id\":\"https:\/\/now-news.de\/de\/#\/schema\/logo\/image\/\",\"url\":\"http:\/\/just-now.news\/de\/wp-content\/uploads\/sites\/3\/2022\/04\/logo500x500.jpg\",\"contentUrl\":\"http:\/\/just-now.news\/de\/wp-content\/uploads\/sites\/3\/2022\/04\/logo500x500.jpg\",\"width\":500,\"height\":500,\"caption\":\"Just Now News\"},\"image\":{\"@id\":\"https:\/\/now-news.de\/de\/#\/schema\/logo\/image\/\"},\"sameAs\":[\"https:\/\/www.facebook.com\/wirmachenauf\",\"https:\/\/x.com\/WirMachenAuf_de\"]},{\"@type\":\"Person\",\"@id\":\"https:\/\/now-news.de\/de\/#\/schema\/person\/fb534a4e865501d8b3285208df34a9b5\",\"name\":\"rtnews\",\"image\":{\"@type\":\"ImageObject\",\"inLanguage\":\"de\",\"@id\":\"https:\/\/now-news.de\/de\/#\/schema\/person\/image\/\",\"url\":\"https:\/\/secure.gravatar.com\/avatar\/82aafea7d8127119dd649515f56e2117?s=96&d=mm&r=g\",\"contentUrl\":\"https:\/\/secure.gravatar.com\/avatar\/82aafea7d8127119dd649515f56e2117?s=96&d=mm&r=g\",\"caption\":\"rtnews\"},\"url\":\"https:\/\/now-news.de\/de\/author\/rnews\/\"}]}<\/script>\n<!-- \/ Yoast SEO Premium plugin. -->","yoast_head_json":{"title":"Weimarer Kulturkampf um einen Platz f\u00fcr die russisch-orthodoxe Gemeinde - just-now.NEWS Deutschland","robots":{"index":"index","follow":"follow","max-snippet":"max-snippet:-1","max-image-preview":"max-image-preview:large","max-video-preview":"max-video-preview:-1"},"canonical":"https:\/\/now-news.de\/de\/deutschland\/weimarer-kulturkampf-um-einen-platz-fuer-die-russisch-orthodoxe-gemeinde\/","og_locale":"de_DE","og_type":"article","og_title":"Weimarer Kulturkampf um einen Platz f\u00fcr die russisch-orthodoxe Gemeinde","og_description":"Die russisch-orthodoxe Gemeinde in Weimar leidet unter beengten R\u00e4umen. Platz b\u00f6te sich an einer historischen St\u00e4tte der Weimarer Klassik, die einst schon eine russische Kirche beherbergt hatte. Doch es gibt heftige Widerst\u00e4nde. Nach langem Rechtsstreit mit einem spanischen Investor ist es der Stadt Weimar gelungen, wieder in den Besitz einer bedeutenden historischen Immobilie zu gelangen. [&hellip;]","og_url":"https:\/\/now-news.de\/de\/deutschland\/weimarer-kulturkampf-um-einen-platz-fuer-die-russisch-orthodoxe-gemeinde\/","og_site_name":"just-now.NEWS Deutschland","article_publisher":"https:\/\/www.facebook.com\/wirmachenauf","article_published_time":"2025-03-08T20:36:35+00:00","og_image":[{"url":"https:\/\/now-news.de\/de\/wp-content\/uploads\/sites\/3\/2025\/03\/67cb4dd0b480cc07071dc56a.jpg"}],"author":"rtnews","twitter_card":"summary_large_image","twitter_creator":"@WirMachenAuf_de","twitter_site":"@WirMachenAuf_de","twitter_misc":{"Verfasst von":"rtnews","Gesch\u00e4tzte Lesezeit":"4\u00a0Minuten"},"schema":{"@context":"https:\/\/schema.org","@graph":[{"@type":"Article","@id":"https:\/\/now-news.de\/de\/deutschland\/weimarer-kulturkampf-um-einen-platz-fuer-die-russisch-orthodoxe-gemeinde\/#article","isPartOf":{"@id":"https:\/\/now-news.de\/de\/deutschland\/weimarer-kulturkampf-um-einen-platz-fuer-die-russisch-orthodoxe-gemeinde\/"},"author":{"name":"rtnews","@id":"https:\/\/now-news.de\/de\/#\/schema\/person\/fb534a4e865501d8b3285208df34a9b5"},"headline":"Weimarer Kulturkampf um einen Platz f\u00fcr die russisch-orthodoxe Gemeinde","datePublished":"2025-03-08T20:36:35+00:00","dateModified":"2025-03-08T20:36:35+00:00","mainEntityOfPage":{"@id":"https:\/\/now-news.de\/de\/deutschland\/weimarer-kulturkampf-um-einen-platz-fuer-die-russisch-orthodoxe-gemeinde\/"},"wordCount":838,"commentCount":0,"publisher":{"@id":"https:\/\/now-news.de\/de\/#organization"},"image":{"@id":"https:\/\/now-news.de\/de\/deutschland\/weimarer-kulturkampf-um-einen-platz-fuer-die-russisch-orthodoxe-gemeinde\/#primaryimage"},"thumbnailUrl":"https:\/\/now-news.de\/de\/wp-content\/uploads\/sites\/3\/2025\/03\/Weimarer-Kulturkampf-um-einen-Platz-fuer-die-russisch-orthodoxe-Gemeinde.jpg","keywords":["die","einen","f\u00fcr","gemeinde","Kulturkampf","Platz","russischorthodoxe","Weimarer"],"articleSection":["Deutschland","Russland"],"inLanguage":"de","potentialAction":[{"@type":"CommentAction","name":"Comment","target":["https:\/\/now-news.de\/de\/deutschland\/weimarer-kulturkampf-um-einen-platz-fuer-die-russisch-orthodoxe-gemeinde\/#respond"]}]},{"@type":"WebPage","@id":"https:\/\/now-news.de\/de\/deutschland\/weimarer-kulturkampf-um-einen-platz-fuer-die-russisch-orthodoxe-gemeinde\/","url":"https:\/\/now-news.de\/de\/deutschland\/weimarer-kulturkampf-um-einen-platz-fuer-die-russisch-orthodoxe-gemeinde\/","name":"Weimarer Kulturkampf um einen Platz f\u00fcr die russisch-orthodoxe Gemeinde - just-now.NEWS Deutschland","isPartOf":{"@id":"https:\/\/now-news.de\/de\/#website"},"primaryImageOfPage":{"@id":"https:\/\/now-news.de\/de\/deutschland\/weimarer-kulturkampf-um-einen-platz-fuer-die-russisch-orthodoxe-gemeinde\/#primaryimage"},"image":{"@id":"https:\/\/now-news.de\/de\/deutschland\/weimarer-kulturkampf-um-einen-platz-fuer-die-russisch-orthodoxe-gemeinde\/#primaryimage"},"thumbnailUrl":"https:\/\/now-news.de\/de\/wp-content\/uploads\/sites\/3\/2025\/03\/Weimarer-Kulturkampf-um-einen-Platz-fuer-die-russisch-orthodoxe-Gemeinde.jpg","datePublished":"2025-03-08T20:36:35+00:00","dateModified":"2025-03-08T20:36:35+00:00","breadcrumb":{"@id":"https:\/\/now-news.de\/de\/deutschland\/weimarer-kulturkampf-um-einen-platz-fuer-die-russisch-orthodoxe-gemeinde\/#breadcrumb"},"inLanguage":"de","potentialAction":[{"@type":"ReadAction","target":["https:\/\/now-news.de\/de\/deutschland\/weimarer-kulturkampf-um-einen-platz-fuer-die-russisch-orthodoxe-gemeinde\/"]}]},{"@type":"ImageObject","inLanguage":"de","@id":"https:\/\/now-news.de\/de\/deutschland\/weimarer-kulturkampf-um-einen-platz-fuer-die-russisch-orthodoxe-gemeinde\/#primaryimage","url":"https:\/\/now-news.de\/de\/wp-content\/uploads\/sites\/3\/2025\/03\/Weimarer-Kulturkampf-um-einen-Platz-fuer-die-russisch-orthodoxe-Gemeinde.jpg","contentUrl":"https:\/\/now-news.de\/de\/wp-content\/uploads\/sites\/3\/2025\/03\/Weimarer-Kulturkampf-um-einen-Platz-fuer-die-russisch-orthodoxe-Gemeinde.jpg","width":460,"height":259,"caption":"Weimarer Kulturkampf um einen Platz f\u00fcr die russisch-orthodoxe Gemeinde"},{"@type":"BreadcrumbList","@id":"https:\/\/now-news.de\/de\/deutschland\/weimarer-kulturkampf-um-einen-platz-fuer-die-russisch-orthodoxe-gemeinde\/#breadcrumb","itemListElement":[{"@type":"ListItem","position":1,"name":"Home","item":"https:\/\/now-news.de\/de\/"},{"@type":"ListItem","position":2,"name":"Weimarer Kulturkampf um einen Platz f\u00fcr die russisch-orthodoxe Gemeinde"}]},{"@type":"WebSite","@id":"https:\/\/now-news.de\/de\/#website","url":"https:\/\/now-news.de\/de\/","name":"just-now.NEWS Deutschland","description":"Das Portal f\u00fcr unzensierte Nachrichten aus der Welt","publisher":{"@id":"https:\/\/now-news.de\/de\/#organization"},"potentialAction":[{"@type":"SearchAction","target":{"@type":"EntryPoint","urlTemplate":"https:\/\/now-news.de\/de\/?s={search_term_string}"},"query-input":"required name=search_term_string"}],"inLanguage":"de"},{"@type":"Organization","@id":"https:\/\/now-news.de\/de\/#organization","name":"Just Now News","url":"https:\/\/now-news.de\/de\/","logo":{"@type":"ImageObject","inLanguage":"de","@id":"https:\/\/now-news.de\/de\/#\/schema\/logo\/image\/","url":"http:\/\/just-now.news\/de\/wp-content\/uploads\/sites\/3\/2022\/04\/logo500x500.jpg","contentUrl":"http:\/\/just-now.news\/de\/wp-content\/uploads\/sites\/3\/2022\/04\/logo500x500.jpg","width":500,"height":500,"caption":"Just Now News"},"image":{"@id":"https:\/\/now-news.de\/de\/#\/schema\/logo\/image\/"},"sameAs":["https:\/\/www.facebook.com\/wirmachenauf","https:\/\/x.com\/WirMachenAuf_de"]},{"@type":"Person","@id":"https:\/\/now-news.de\/de\/#\/schema\/person\/fb534a4e865501d8b3285208df34a9b5","name":"rtnews","image":{"@type":"ImageObject","inLanguage":"de","@id":"https:\/\/now-news.de\/de\/#\/schema\/person\/image\/","url":"https:\/\/secure.gravatar.com\/avatar\/82aafea7d8127119dd649515f56e2117?s=96&d=mm&r=g","contentUrl":"https:\/\/secure.gravatar.com\/avatar\/82aafea7d8127119dd649515f56e2117?s=96&d=mm&r=g","caption":"rtnews"},"url":"https:\/\/now-news.de\/de\/author\/rnews\/"}]}},"_links":{"self":[{"href":"https:\/\/now-news.de\/de\/wp-json\/wp\/v2\/posts\/79927"}],"collection":[{"href":"https:\/\/now-news.de\/de\/wp-json\/wp\/v2\/posts"}],"about":[{"href":"https:\/\/now-news.de\/de\/wp-json\/wp\/v2\/types\/post"}],"author":[{"embeddable":true,"href":"https:\/\/now-news.de\/de\/wp-json\/wp\/v2\/users\/3"}],"replies":[{"embeddable":true,"href":"https:\/\/now-news.de\/de\/wp-json\/wp\/v2\/comments?post=79927"}],"version-history":[{"count":0,"href":"https:\/\/now-news.de\/de\/wp-json\/wp\/v2\/posts\/79927\/revisions"}],"wp:featuredmedia":[{"embeddable":true,"href":"https:\/\/now-news.de\/de\/wp-json\/wp\/v2\/media\/79928"}],"wp:attachment":[{"href":"https:\/\/now-news.de\/de\/wp-json\/wp\/v2\/media?parent=79927"}],"wp:term":[{"taxonomy":"category","embeddable":true,"href":"https:\/\/now-news.de\/de\/wp-json\/wp\/v2\/categories?post=79927"},{"taxonomy":"post_tag","embeddable":true,"href":"https:\/\/now-news.de\/de\/wp-json\/wp\/v2\/tags?post=79927"}],"curies":[{"name":"wp","href":"https:\/\/api.w.org\/{rel}","templated":true}]}}