{"id":79921,"date":"2025-03-08T21:00:07","date_gmt":"2025-03-08T19:00:07","guid":{"rendered":"https:\/\/now-news.de\/de\/deutschland\/weil-berlin-und-eu-auf-krieg-setzen-trump-zieht-abzug-der-us-truppen-aus-deutschland-in-betracht\/"},"modified":"2025-03-08T21:00:07","modified_gmt":"2025-03-08T19:00:07","slug":"weil-berlin-und-eu-auf-krieg-setzen-trump-zieht-abzug-der-us-truppen-aus-deutschland-in-betracht","status":"publish","type":"post","link":"https:\/\/now-news.de\/de\/deutschland\/weil-berlin-und-eu-auf-krieg-setzen-trump-zieht-abzug-der-us-truppen-aus-deutschland-in-betracht\/","title":{"rendered":"Weil Berlin und EU auf Krieg setzen: Trump zieht Abzug der US-Truppen aus Deutschland in Betracht"},"content":{"rendered":"<p><img decoding=\"async\" src=\"https:\/\/now-news.de\/de\/wp-content\/uploads\/sites\/3\/2025\/03\/67cc51a6b480cc59d36938b1.jpg\" \/><\/p>\n<div class=\"Text-root Text-type_1 \">\n                Der Unmut in Washington \u00fcber die Haltung der EU-Politiker zum Ukraine-Konflikt nimmt zu. Berichten zufolge soll der US-Pr\u00e4sident \u00fcber den Unwillen zur Diplomatie derart emp\u00f6rt sein, dass er insbesondere wegen der deutschen Sturheit in der Ukraine-Frage \u00fcber einen Truppenabzug nachdenkt.\n            <\/div>\n<p><\/p>\n<div class=\"Text-root Text-type_5 ArticleView-text ViewText-root \">\n<p>US-Pr\u00e4sident Donald Trump erw\u00e4gt, die amerikanischen Truppen aus Deutschland abzuziehen und nach Ungarn zu verlegen. Dies <a rel=\"nofollow noopener\" target=\"_blank\" href=\"https:\/\/www.telegraph.co.uk\/us\/politics\/2025\/03\/07\/donald-trump-considers-pulling-troops-out-of-germany\/\">meldete<\/a> der britische <em>Telegraph<\/em> am Freitag unter Berufung auf eine dem Wei\u00dfen Haus nahestehende Person.<\/p>\n<p>Die USA haben mehr als 35.000 amerikanische Soldaten auf Dutzenden Milit\u00e4rbasen in Deutschland stationiert. Das NATO-Mitglied beherbergt in Deutschland auch amerikanische Atomwaffen.<\/p>\n<p>Berichten zufolge k\u00f6nnte Trump die US-Truppen abziehen oder an einen anderen Ort verlegen, da seine Regierung mit vielen ihrer Verb\u00fcndeten in Europa \u00fcber den Umgang mit Russland und die L\u00f6sung des Ukraine-Konflikts zerstritten ist. W\u00e4hrend der US-Pr\u00e4sident die Notwendigkeit betonte, so schnell wie m\u00f6glich einen Waffenstillstand zu erreichen, und den ukrainischen Staatschef Wladimir Selenskij f\u00fcr die Feindseligkeiten verantwortlich machte, bekr\u00e4ftigten das Vereinigte K\u00f6nigreich und viele EU-Mitglieder ihre Entschlossenheit, Kiew weiterhin zu unterst\u00fctzen.<\/p>\n<p><em>&#8220;Trump ist ver\u00e4rgert dar\u00fcber, dass sie [die EU-Politiker] anscheinend auf einen Krieg dr\u00e4ngen&#8221;, <\/em>berichtete eine mit der Sache vertraute Quelle gegen\u00fcber dem <em>Telegraph<\/em>.<\/p>\n<p>Der Sprecher f\u00fcr nationale Sicherheit der USA, Brian Hughes, sagte der britischen Zeitung, dass zwar keine konkrete Entscheidung bevorstehe, das US-Milit\u00e4r aber stets die Verlegung von Truppen in der ganzen Welt in Betracht ziehe, um aktuellen Bedrohungen der US-Interessen auf die bestm\u00f6gliche Weise begegnen zu k\u00f6nnen.<\/p>\n<p>Trump hat Deutschland wiederholt vorgeworfen, nicht genug f\u00fcr die eigene Verteidigung auszugeben, w\u00e4hrend sein Berater, der Tech-Milliard\u00e4r Elon Musk, bei der j\u00fcngsten Bundestagswahl offen die oppositionelle Alternative f\u00fcr Deutschland (AfD) unterst\u00fctzte. Auch Vizepr\u00e4sident J. D. Vance sorgte letzten Monat f\u00fcr Aufregung, als er auf der M\u00fcnchner Sicherheitskonferenz die deutschen Gesetze zur Meinungsfreiheit kritisierte.<\/p>\n<div class=\"EmbedBlock-root EmbedBlock-twitter\">\n<div class=\"TwitterEmbed\">\n<blockquote class=\"twitter-tweet lazyload\" data-twitter=\"twitter-tweet\">\n<p lang=\"de\" dir=\"ltr\">\u201eWir m\u00fcssen uns verteidigen k\u00f6nnen, damit wir uns nicht verteidigen m\u00fcssen. Jetzt ist die Zeit, <a rel=\"nofollow noopener\" target=\"_blank\" href=\"https:\/\/twitter.com\/hashtag\/Europa?src=hash&amp;ref_src=twsrc%5Etfw\">#Europa<\/a> sicherer und wehrhafter zu machen. Gute Gespr\u00e4che mit <a rel=\"nofollow noopener\" target=\"_blank\" href=\"https:\/\/twitter.com\/kajakallas?ref_src=twsrc%5Etfw\">@kajakallas<\/a> und Ursula <a rel=\"nofollow noopener\" target=\"_blank\" href=\"https:\/\/twitter.com\/vonderleyen?ref_src=twsrc%5Etfw\">@vonderleyen<\/a> \u00fcber unsere Sicherheit und Verteidigungsf\u00e4higkeit. Wir sind uns einig: Frieden gibt es\u2026 <a rel=\"nofollow noopener\" target=\"_blank\" href=\"https:\/\/t.co\/8l30N9WR3c\">pic.twitter.com\/8l30N9WR3c<\/a><\/p>\n<p>\u2014 Friedrich Merz (@_FriedrichMerz) <a rel=\"nofollow noopener\" target=\"_blank\" href=\"https:\/\/twitter.com\/_FriedrichMerz\/status\/1897367885380772139?ref_src=twsrc%5Etfw\">March 5, 2025<\/a><\/p><\/blockquote>\n<\/div>\n<\/div>\n<p>Friedrich Merz (CDU), der voraussichtlich n\u00e4chste deutsche Bundeskanzler, hat behauptet, dass Trump sein umstrittenes Treffen mit Selenskij am 28. Februar im Oval Office absichtlich eskalieren lie\u00df. Nach seinem Wahlsieg im vergangenen Monat hatte Merz mehrfach erkl\u00e4rt, Deutschland k\u00f6nne sich bei der Verteidigung nicht mehr auf die USA verlassen. &#8220;Wir m\u00fcssen jetzt zeigen, dass wir in der Lage sind, in Europa unabh\u00e4ngig zu handeln&#8221;, so der Politiker.<\/p>\n<div class=\"EmbedBlock-root EmbedBlock-twitter\">\n<div class=\"TwitterEmbed\">\n<blockquote class=\"twitter-tweet lazyload\" data-twitter=\"twitter-tweet\">\n<p lang=\"en\" dir=\"ltr\">Strong men make peace, weak men make war.Today President <a rel=\"nofollow noopener\" target=\"_blank\" href=\"https:\/\/twitter.com\/realDonaldTrump?ref_src=twsrc%5Etfw\">@realDonaldTrump<\/a> stood bravely for peace. Even if it was difficult for many to digest. Thank you, Mr. President!<\/p>\n<p>\u2014 Orb\u00e1n Viktor (@PM_ViktorOrban) <a rel=\"nofollow noopener\" target=\"_blank\" href=\"https:\/\/twitter.com\/PM_ViktorOrban\/status\/1895571372891652510?ref_src=twsrc%5Etfw\">February 28, 2025<\/a><\/p><\/blockquote>\n<\/div>\n<\/div>\n<p>Anfang der Woche hatte Ungarn eine gemeinsame Erkl\u00e4rung der EU blockiert, in der mehr Milit\u00e4rhilfe f\u00fcr die Ukraine versprochen wurde. Der ungarische Ministerpr\u00e4sident Viktor Orb\u00e1n stellte sich w\u00e4hrend seines \u00f6ffentlichen Streits mit Selenskij auf die Seite von Trump. &#8220;Pr\u00e4sident Donald Trump hat sich heute mutig f\u00fcr den Frieden eingesetzt. Auch wenn das f\u00fcr viele schwer zu verdauen war&#8221;, schrieb der ungarische Premier auf X.<\/p>\n<p><strong>Mehr zum Thema<\/strong> &#8211;\u00a0<a rel=\"nofollow noopener\" target=\"_blank\" href=\"https:\/\/dert.site\/meinung\/238882-von-leyen-erst-geheime-pharma\/\">Von der Leyen: Erst geheime Pharma-Mails, jetzt R\u00fcstungsmilliarden<\/a><\/p>\n<div class=\"EmbedBlock-root EmbedBlock-externalVideo EmbedBlock-rumble\">\n<div class=\"VkEmbed\"><iframe class=\"lazyload\" data-src=\"https:\/\/rumble.com\/embed\/v6o2wsi\" frameborder=\"0\" width=\"853\" height=\"480\" allowfullscreen><\/iframe><\/div>\n<\/div>\n<\/div>\n<p><script async src=\"https:\/\/platform.twitter.com\/widgets.js\" charset=\"utf-8\"><\/script><br \/>\n<br \/><br \/>\n<br \/><a href=\"https:\/\/de.rt.com\/international\/238998-weil-berlin-und-eu-auf\/\">Source link <\/a><\/p>\n","protected":false},"excerpt":{"rendered":"<p>Der Unmut in Washington \u00fcber die Haltung der EU-Politiker zum Ukraine-Konflikt nimmt zu. Berichten zufolge soll der US-Pr\u00e4sident \u00fcber den Unwillen zur Diplomatie derart emp\u00f6rt sein, dass er insbesondere wegen der deutschen Sturheit in der Ukraine-Frage \u00fcber einen Truppenabzug nachdenkt. US-Pr\u00e4sident Donald Trump erw\u00e4gt, die amerikanischen Truppen aus Deutschland abzuziehen und nach Ungarn zu verlegen. [&hellip;]<\/p>\n","protected":false},"author":3,"featured_media":79922,"comment_status":"open","ping_status":"open","sticky":false,"template":"","format":"standard","meta":{"_yoast_indexnow_last_ping":["1741460688"],"wp_automatic_camp":["217"],"555583009fe6f5e456d558d4beac7a7e":["Weil Berlin und EU auf Krieg setzen: Trump zieht Abzug der US-Truppen aus Deutschland in Betracht"],"original_link":["https:\/\/de.rt.com\/international\/238998-weil-berlin-und-eu-auf\/"],"_thumbnail_id":["79922"],"jnews_social_counter_last_update":["1777278055"],"_wptgpro_p2tg_sent2tg":["a:1:{i:23737;s:19:\"2025-03-08 21:06:12\";}"]},"categories":[19,23],"tags":[15675,133,679,943,38079,82,179,130,19207,1639,140,16609,9228,20511],"yoast_head":"<!-- This site is optimized with the Yoast SEO Premium plugin v22.7 (Yoast SEO v22.7) - https:\/\/yoast.com\/wordpress\/plugins\/seo\/ -->\n<title>Weil Berlin und EU auf Krieg setzen: Trump zieht Abzug der US-Truppen aus Deutschland in Betracht - just-now.NEWS Deutschland<\/title>\n<meta name=\"robots\" content=\"index, follow, max-snippet:-1, max-image-preview:large, max-video-preview:-1\" \/>\n<link rel=\"canonical\" href=\"https:\/\/now-news.de\/de\/deutschland\/weil-berlin-und-eu-auf-krieg-setzen-trump-zieht-abzug-der-us-truppen-aus-deutschland-in-betracht\/\" \/>\n<meta property=\"og:locale\" content=\"de_DE\" \/>\n<meta property=\"og:type\" content=\"article\" \/>\n<meta property=\"og:title\" content=\"Weil Berlin und EU auf Krieg setzen: Trump zieht Abzug der US-Truppen aus Deutschland in Betracht\" \/>\n<meta property=\"og:description\" content=\"Der Unmut in Washington \u00fcber die Haltung der EU-Politiker zum Ukraine-Konflikt nimmt zu. Berichten zufolge soll der US-Pr\u00e4sident \u00fcber den Unwillen zur Diplomatie derart emp\u00f6rt sein, dass er insbesondere wegen der deutschen Sturheit in der Ukraine-Frage \u00fcber einen Truppenabzug nachdenkt. US-Pr\u00e4sident Donald Trump erw\u00e4gt, die amerikanischen Truppen aus Deutschland abzuziehen und nach Ungarn zu verlegen. [&hellip;]\" \/>\n<meta property=\"og:url\" content=\"https:\/\/now-news.de\/de\/deutschland\/weil-berlin-und-eu-auf-krieg-setzen-trump-zieht-abzug-der-us-truppen-aus-deutschland-in-betracht\/\" \/>\n<meta property=\"og:site_name\" content=\"just-now.NEWS Deutschland\" \/>\n<meta property=\"article:publisher\" content=\"https:\/\/www.facebook.com\/wirmachenauf\" \/>\n<meta property=\"article:published_time\" content=\"2025-03-08T19:00:07+00:00\" \/>\n<meta property=\"og:image\" content=\"https:\/\/now-news.de\/de\/wp-content\/uploads\/sites\/3\/2025\/03\/67cc51a6b480cc59d36938b1.jpg\" \/>\n<meta name=\"author\" content=\"rtnews\" \/>\n<meta name=\"twitter:card\" content=\"summary_large_image\" \/>\n<meta name=\"twitter:creator\" content=\"@WirMachenAuf_de\" \/>\n<meta name=\"twitter:site\" content=\"@WirMachenAuf_de\" \/>\n<meta name=\"twitter:label1\" content=\"Verfasst von\" \/>\n\t<meta name=\"twitter:data1\" content=\"rtnews\" \/>\n\t<meta name=\"twitter:label2\" content=\"Gesch\u00e4tzte Lesezeit\" \/>\n\t<meta name=\"twitter:data2\" content=\"3\u00a0Minuten\" \/>\n<script type=\"application\/ld+json\" class=\"yoast-schema-graph\">{\"@context\":\"https:\/\/schema.org\",\"@graph\":[{\"@type\":\"Article\",\"@id\":\"https:\/\/now-news.de\/de\/deutschland\/weil-berlin-und-eu-auf-krieg-setzen-trump-zieht-abzug-der-us-truppen-aus-deutschland-in-betracht\/#article\",\"isPartOf\":{\"@id\":\"https:\/\/now-news.de\/de\/deutschland\/weil-berlin-und-eu-auf-krieg-setzen-trump-zieht-abzug-der-us-truppen-aus-deutschland-in-betracht\/\"},\"author\":{\"name\":\"rtnews\",\"@id\":\"https:\/\/now-news.de\/de\/#\/schema\/person\/fb534a4e865501d8b3285208df34a9b5\"},\"headline\":\"Weil Berlin und EU auf Krieg setzen: Trump zieht Abzug der US-Truppen aus Deutschland in Betracht\",\"datePublished\":\"2025-03-08T19:00:07+00:00\",\"dateModified\":\"2025-03-08T19:00:07+00:00\",\"mainEntityOfPage\":{\"@id\":\"https:\/\/now-news.de\/de\/deutschland\/weil-berlin-und-eu-auf-krieg-setzen-trump-zieht-abzug-der-us-truppen-aus-deutschland-in-betracht\/\"},\"wordCount\":584,\"commentCount\":0,\"publisher\":{\"@id\":\"https:\/\/now-news.de\/de\/#organization\"},\"image\":{\"@id\":\"https:\/\/now-news.de\/de\/deutschland\/weil-berlin-und-eu-auf-krieg-setzen-trump-zieht-abzug-der-us-truppen-aus-deutschland-in-betracht\/#primaryimage\"},\"thumbnailUrl\":\"https:\/\/now-news.de\/de\/wp-content\/uploads\/sites\/3\/2025\/03\/Weil-Berlin-und-EU-auf-Krieg-setzen-Trump-zieht-Abzug.jpg\",\"keywords\":[\"Abzug\",\"AUF\",\"aus\",\"Berlin\",\"Betracht\",\"der\",\"Deutschland\",\"krieg\",\"setzen\",\"trump\",\"und\",\"USTruppen\",\"weil\",\"zieht\"],\"articleSection\":[\"Deutschland\",\"Russland\"],\"inLanguage\":\"de\",\"potentialAction\":[{\"@type\":\"CommentAction\",\"name\":\"Comment\",\"target\":[\"https:\/\/now-news.de\/de\/deutschland\/weil-berlin-und-eu-auf-krieg-setzen-trump-zieht-abzug-der-us-truppen-aus-deutschland-in-betracht\/#respond\"]}]},{\"@type\":\"WebPage\",\"@id\":\"https:\/\/now-news.de\/de\/deutschland\/weil-berlin-und-eu-auf-krieg-setzen-trump-zieht-abzug-der-us-truppen-aus-deutschland-in-betracht\/\",\"url\":\"https:\/\/now-news.de\/de\/deutschland\/weil-berlin-und-eu-auf-krieg-setzen-trump-zieht-abzug-der-us-truppen-aus-deutschland-in-betracht\/\",\"name\":\"Weil Berlin und EU auf Krieg setzen: Trump zieht Abzug der US-Truppen aus Deutschland in Betracht - just-now.NEWS Deutschland\",\"isPartOf\":{\"@id\":\"https:\/\/now-news.de\/de\/#website\"},\"primaryImageOfPage\":{\"@id\":\"https:\/\/now-news.de\/de\/deutschland\/weil-berlin-und-eu-auf-krieg-setzen-trump-zieht-abzug-der-us-truppen-aus-deutschland-in-betracht\/#primaryimage\"},\"image\":{\"@id\":\"https:\/\/now-news.de\/de\/deutschland\/weil-berlin-und-eu-auf-krieg-setzen-trump-zieht-abzug-der-us-truppen-aus-deutschland-in-betracht\/#primaryimage\"},\"thumbnailUrl\":\"https:\/\/now-news.de\/de\/wp-content\/uploads\/sites\/3\/2025\/03\/Weil-Berlin-und-EU-auf-Krieg-setzen-Trump-zieht-Abzug.jpg\",\"datePublished\":\"2025-03-08T19:00:07+00:00\",\"dateModified\":\"2025-03-08T19:00:07+00:00\",\"breadcrumb\":{\"@id\":\"https:\/\/now-news.de\/de\/deutschland\/weil-berlin-und-eu-auf-krieg-setzen-trump-zieht-abzug-der-us-truppen-aus-deutschland-in-betracht\/#breadcrumb\"},\"inLanguage\":\"de\",\"potentialAction\":[{\"@type\":\"ReadAction\",\"target\":[\"https:\/\/now-news.de\/de\/deutschland\/weil-berlin-und-eu-auf-krieg-setzen-trump-zieht-abzug-der-us-truppen-aus-deutschland-in-betracht\/\"]}]},{\"@type\":\"ImageObject\",\"inLanguage\":\"de\",\"@id\":\"https:\/\/now-news.de\/de\/deutschland\/weil-berlin-und-eu-auf-krieg-setzen-trump-zieht-abzug-der-us-truppen-aus-deutschland-in-betracht\/#primaryimage\",\"url\":\"https:\/\/now-news.de\/de\/wp-content\/uploads\/sites\/3\/2025\/03\/Weil-Berlin-und-EU-auf-Krieg-setzen-Trump-zieht-Abzug.jpg\",\"contentUrl\":\"https:\/\/now-news.de\/de\/wp-content\/uploads\/sites\/3\/2025\/03\/Weil-Berlin-und-EU-auf-Krieg-setzen-Trump-zieht-Abzug.jpg\",\"width\":460,\"height\":259,\"caption\":\"Weil Berlin und EU auf Krieg setzen: Trump zieht Abzug der US-Truppen aus Deutschland in Betracht\"},{\"@type\":\"BreadcrumbList\",\"@id\":\"https:\/\/now-news.de\/de\/deutschland\/weil-berlin-und-eu-auf-krieg-setzen-trump-zieht-abzug-der-us-truppen-aus-deutschland-in-betracht\/#breadcrumb\",\"itemListElement\":[{\"@type\":\"ListItem\",\"position\":1,\"name\":\"Home\",\"item\":\"https:\/\/now-news.de\/de\/\"},{\"@type\":\"ListItem\",\"position\":2,\"name\":\"Weil Berlin und EU auf Krieg setzen: Trump zieht Abzug der US-Truppen aus Deutschland in Betracht\"}]},{\"@type\":\"WebSite\",\"@id\":\"https:\/\/now-news.de\/de\/#website\",\"url\":\"https:\/\/now-news.de\/de\/\",\"name\":\"just-now.NEWS Deutschland\",\"description\":\"Das Portal f\u00fcr unzensierte Nachrichten aus der Welt\",\"publisher\":{\"@id\":\"https:\/\/now-news.de\/de\/#organization\"},\"potentialAction\":[{\"@type\":\"SearchAction\",\"target\":{\"@type\":\"EntryPoint\",\"urlTemplate\":\"https:\/\/now-news.de\/de\/?s={search_term_string}\"},\"query-input\":\"required name=search_term_string\"}],\"inLanguage\":\"de\"},{\"@type\":\"Organization\",\"@id\":\"https:\/\/now-news.de\/de\/#organization\",\"name\":\"Just Now News\",\"url\":\"https:\/\/now-news.de\/de\/\",\"logo\":{\"@type\":\"ImageObject\",\"inLanguage\":\"de\",\"@id\":\"https:\/\/now-news.de\/de\/#\/schema\/logo\/image\/\",\"url\":\"http:\/\/just-now.news\/de\/wp-content\/uploads\/sites\/3\/2022\/04\/logo500x500.jpg\",\"contentUrl\":\"http:\/\/just-now.news\/de\/wp-content\/uploads\/sites\/3\/2022\/04\/logo500x500.jpg\",\"width\":500,\"height\":500,\"caption\":\"Just Now News\"},\"image\":{\"@id\":\"https:\/\/now-news.de\/de\/#\/schema\/logo\/image\/\"},\"sameAs\":[\"https:\/\/www.facebook.com\/wirmachenauf\",\"https:\/\/x.com\/WirMachenAuf_de\"]},{\"@type\":\"Person\",\"@id\":\"https:\/\/now-news.de\/de\/#\/schema\/person\/fb534a4e865501d8b3285208df34a9b5\",\"name\":\"rtnews\",\"image\":{\"@type\":\"ImageObject\",\"inLanguage\":\"de\",\"@id\":\"https:\/\/now-news.de\/de\/#\/schema\/person\/image\/\",\"url\":\"https:\/\/secure.gravatar.com\/avatar\/82aafea7d8127119dd649515f56e2117?s=96&d=mm&r=g\",\"contentUrl\":\"https:\/\/secure.gravatar.com\/avatar\/82aafea7d8127119dd649515f56e2117?s=96&d=mm&r=g\",\"caption\":\"rtnews\"},\"url\":\"https:\/\/now-news.de\/de\/author\/rnews\/\"}]}<\/script>\n<!-- \/ Yoast SEO Premium plugin. -->","yoast_head_json":{"title":"Weil Berlin und EU auf Krieg setzen: Trump zieht Abzug der US-Truppen aus Deutschland in Betracht - just-now.NEWS Deutschland","robots":{"index":"index","follow":"follow","max-snippet":"max-snippet:-1","max-image-preview":"max-image-preview:large","max-video-preview":"max-video-preview:-1"},"canonical":"https:\/\/now-news.de\/de\/deutschland\/weil-berlin-und-eu-auf-krieg-setzen-trump-zieht-abzug-der-us-truppen-aus-deutschland-in-betracht\/","og_locale":"de_DE","og_type":"article","og_title":"Weil Berlin und EU auf Krieg setzen: Trump zieht Abzug der US-Truppen aus Deutschland in Betracht","og_description":"Der Unmut in Washington \u00fcber die Haltung der EU-Politiker zum Ukraine-Konflikt nimmt zu. Berichten zufolge soll der US-Pr\u00e4sident \u00fcber den Unwillen zur Diplomatie derart emp\u00f6rt sein, dass er insbesondere wegen der deutschen Sturheit in der Ukraine-Frage \u00fcber einen Truppenabzug nachdenkt. US-Pr\u00e4sident Donald Trump erw\u00e4gt, die amerikanischen Truppen aus Deutschland abzuziehen und nach Ungarn zu verlegen. [&hellip;]","og_url":"https:\/\/now-news.de\/de\/deutschland\/weil-berlin-und-eu-auf-krieg-setzen-trump-zieht-abzug-der-us-truppen-aus-deutschland-in-betracht\/","og_site_name":"just-now.NEWS Deutschland","article_publisher":"https:\/\/www.facebook.com\/wirmachenauf","article_published_time":"2025-03-08T19:00:07+00:00","og_image":[{"url":"https:\/\/now-news.de\/de\/wp-content\/uploads\/sites\/3\/2025\/03\/67cc51a6b480cc59d36938b1.jpg"}],"author":"rtnews","twitter_card":"summary_large_image","twitter_creator":"@WirMachenAuf_de","twitter_site":"@WirMachenAuf_de","twitter_misc":{"Verfasst von":"rtnews","Gesch\u00e4tzte Lesezeit":"3\u00a0Minuten"},"schema":{"@context":"https:\/\/schema.org","@graph":[{"@type":"Article","@id":"https:\/\/now-news.de\/de\/deutschland\/weil-berlin-und-eu-auf-krieg-setzen-trump-zieht-abzug-der-us-truppen-aus-deutschland-in-betracht\/#article","isPartOf":{"@id":"https:\/\/now-news.de\/de\/deutschland\/weil-berlin-und-eu-auf-krieg-setzen-trump-zieht-abzug-der-us-truppen-aus-deutschland-in-betracht\/"},"author":{"name":"rtnews","@id":"https:\/\/now-news.de\/de\/#\/schema\/person\/fb534a4e865501d8b3285208df34a9b5"},"headline":"Weil Berlin und EU auf Krieg setzen: Trump zieht Abzug der US-Truppen aus Deutschland in Betracht","datePublished":"2025-03-08T19:00:07+00:00","dateModified":"2025-03-08T19:00:07+00:00","mainEntityOfPage":{"@id":"https:\/\/now-news.de\/de\/deutschland\/weil-berlin-und-eu-auf-krieg-setzen-trump-zieht-abzug-der-us-truppen-aus-deutschland-in-betracht\/"},"wordCount":584,"commentCount":0,"publisher":{"@id":"https:\/\/now-news.de\/de\/#organization"},"image":{"@id":"https:\/\/now-news.de\/de\/deutschland\/weil-berlin-und-eu-auf-krieg-setzen-trump-zieht-abzug-der-us-truppen-aus-deutschland-in-betracht\/#primaryimage"},"thumbnailUrl":"https:\/\/now-news.de\/de\/wp-content\/uploads\/sites\/3\/2025\/03\/Weil-Berlin-und-EU-auf-Krieg-setzen-Trump-zieht-Abzug.jpg","keywords":["Abzug","AUF","aus","Berlin","Betracht","der","Deutschland","krieg","setzen","trump","und","USTruppen","weil","zieht"],"articleSection":["Deutschland","Russland"],"inLanguage":"de","potentialAction":[{"@type":"CommentAction","name":"Comment","target":["https:\/\/now-news.de\/de\/deutschland\/weil-berlin-und-eu-auf-krieg-setzen-trump-zieht-abzug-der-us-truppen-aus-deutschland-in-betracht\/#respond"]}]},{"@type":"WebPage","@id":"https:\/\/now-news.de\/de\/deutschland\/weil-berlin-und-eu-auf-krieg-setzen-trump-zieht-abzug-der-us-truppen-aus-deutschland-in-betracht\/","url":"https:\/\/now-news.de\/de\/deutschland\/weil-berlin-und-eu-auf-krieg-setzen-trump-zieht-abzug-der-us-truppen-aus-deutschland-in-betracht\/","name":"Weil Berlin und EU auf Krieg setzen: Trump zieht Abzug der US-Truppen aus Deutschland in Betracht - just-now.NEWS Deutschland","isPartOf":{"@id":"https:\/\/now-news.de\/de\/#website"},"primaryImageOfPage":{"@id":"https:\/\/now-news.de\/de\/deutschland\/weil-berlin-und-eu-auf-krieg-setzen-trump-zieht-abzug-der-us-truppen-aus-deutschland-in-betracht\/#primaryimage"},"image":{"@id":"https:\/\/now-news.de\/de\/deutschland\/weil-berlin-und-eu-auf-krieg-setzen-trump-zieht-abzug-der-us-truppen-aus-deutschland-in-betracht\/#primaryimage"},"thumbnailUrl":"https:\/\/now-news.de\/de\/wp-content\/uploads\/sites\/3\/2025\/03\/Weil-Berlin-und-EU-auf-Krieg-setzen-Trump-zieht-Abzug.jpg","datePublished":"2025-03-08T19:00:07+00:00","dateModified":"2025-03-08T19:00:07+00:00","breadcrumb":{"@id":"https:\/\/now-news.de\/de\/deutschland\/weil-berlin-und-eu-auf-krieg-setzen-trump-zieht-abzug-der-us-truppen-aus-deutschland-in-betracht\/#breadcrumb"},"inLanguage":"de","potentialAction":[{"@type":"ReadAction","target":["https:\/\/now-news.de\/de\/deutschland\/weil-berlin-und-eu-auf-krieg-setzen-trump-zieht-abzug-der-us-truppen-aus-deutschland-in-betracht\/"]}]},{"@type":"ImageObject","inLanguage":"de","@id":"https:\/\/now-news.de\/de\/deutschland\/weil-berlin-und-eu-auf-krieg-setzen-trump-zieht-abzug-der-us-truppen-aus-deutschland-in-betracht\/#primaryimage","url":"https:\/\/now-news.de\/de\/wp-content\/uploads\/sites\/3\/2025\/03\/Weil-Berlin-und-EU-auf-Krieg-setzen-Trump-zieht-Abzug.jpg","contentUrl":"https:\/\/now-news.de\/de\/wp-content\/uploads\/sites\/3\/2025\/03\/Weil-Berlin-und-EU-auf-Krieg-setzen-Trump-zieht-Abzug.jpg","width":460,"height":259,"caption":"Weil Berlin und EU auf Krieg setzen: Trump zieht Abzug der US-Truppen aus Deutschland in Betracht"},{"@type":"BreadcrumbList","@id":"https:\/\/now-news.de\/de\/deutschland\/weil-berlin-und-eu-auf-krieg-setzen-trump-zieht-abzug-der-us-truppen-aus-deutschland-in-betracht\/#breadcrumb","itemListElement":[{"@type":"ListItem","position":1,"name":"Home","item":"https:\/\/now-news.de\/de\/"},{"@type":"ListItem","position":2,"name":"Weil Berlin und EU auf Krieg setzen: Trump zieht Abzug der US-Truppen aus Deutschland in Betracht"}]},{"@type":"WebSite","@id":"https:\/\/now-news.de\/de\/#website","url":"https:\/\/now-news.de\/de\/","name":"just-now.NEWS Deutschland","description":"Das Portal f\u00fcr unzensierte Nachrichten aus der Welt","publisher":{"@id":"https:\/\/now-news.de\/de\/#organization"},"potentialAction":[{"@type":"SearchAction","target":{"@type":"EntryPoint","urlTemplate":"https:\/\/now-news.de\/de\/?s={search_term_string}"},"query-input":"required name=search_term_string"}],"inLanguage":"de"},{"@type":"Organization","@id":"https:\/\/now-news.de\/de\/#organization","name":"Just Now News","url":"https:\/\/now-news.de\/de\/","logo":{"@type":"ImageObject","inLanguage":"de","@id":"https:\/\/now-news.de\/de\/#\/schema\/logo\/image\/","url":"http:\/\/just-now.news\/de\/wp-content\/uploads\/sites\/3\/2022\/04\/logo500x500.jpg","contentUrl":"http:\/\/just-now.news\/de\/wp-content\/uploads\/sites\/3\/2022\/04\/logo500x500.jpg","width":500,"height":500,"caption":"Just Now News"},"image":{"@id":"https:\/\/now-news.de\/de\/#\/schema\/logo\/image\/"},"sameAs":["https:\/\/www.facebook.com\/wirmachenauf","https:\/\/x.com\/WirMachenAuf_de"]},{"@type":"Person","@id":"https:\/\/now-news.de\/de\/#\/schema\/person\/fb534a4e865501d8b3285208df34a9b5","name":"rtnews","image":{"@type":"ImageObject","inLanguage":"de","@id":"https:\/\/now-news.de\/de\/#\/schema\/person\/image\/","url":"https:\/\/secure.gravatar.com\/avatar\/82aafea7d8127119dd649515f56e2117?s=96&d=mm&r=g","contentUrl":"https:\/\/secure.gravatar.com\/avatar\/82aafea7d8127119dd649515f56e2117?s=96&d=mm&r=g","caption":"rtnews"},"url":"https:\/\/now-news.de\/de\/author\/rnews\/"}]}},"_links":{"self":[{"href":"https:\/\/now-news.de\/de\/wp-json\/wp\/v2\/posts\/79921"}],"collection":[{"href":"https:\/\/now-news.de\/de\/wp-json\/wp\/v2\/posts"}],"about":[{"href":"https:\/\/now-news.de\/de\/wp-json\/wp\/v2\/types\/post"}],"author":[{"embeddable":true,"href":"https:\/\/now-news.de\/de\/wp-json\/wp\/v2\/users\/3"}],"replies":[{"embeddable":true,"href":"https:\/\/now-news.de\/de\/wp-json\/wp\/v2\/comments?post=79921"}],"version-history":[{"count":0,"href":"https:\/\/now-news.de\/de\/wp-json\/wp\/v2\/posts\/79921\/revisions"}],"wp:featuredmedia":[{"embeddable":true,"href":"https:\/\/now-news.de\/de\/wp-json\/wp\/v2\/media\/79922"}],"wp:attachment":[{"href":"https:\/\/now-news.de\/de\/wp-json\/wp\/v2\/media?parent=79921"}],"wp:term":[{"taxonomy":"category","embeddable":true,"href":"https:\/\/now-news.de\/de\/wp-json\/wp\/v2\/categories?post=79921"},{"taxonomy":"post_tag","embeddable":true,"href":"https:\/\/now-news.de\/de\/wp-json\/wp\/v2\/tags?post=79921"}],"curies":[{"name":"wp","href":"https:\/\/api.w.org\/{rel}","templated":true}]}}