{"id":79871,"date":"2025-03-07T23:09:14","date_gmt":"2025-03-07T21:09:14","guid":{"rendered":"https:\/\/now-news.de\/de\/deutschland\/in-den-usa-verhafteter-islamist-gesteht-beteiligung-am-crocus-terrorakt\/"},"modified":"2025-03-07T23:09:14","modified_gmt":"2025-03-07T21:09:14","slug":"in-den-usa-verhafteter-islamist-gesteht-beteiligung-am-crocus-terrorakt","status":"publish","type":"post","link":"https:\/\/now-news.de\/de\/deutschland\/in-den-usa-verhafteter-islamist-gesteht-beteiligung-am-crocus-terrorakt\/","title":{"rendered":"In den USA verhafteter Islamist gesteht Beteiligung am &quot;Crocus&quot;-Terrorakt"},"content":{"rendered":"<p><img decoding=\"async\" src=\"https:\/\/now-news.de\/de\/wp-content\/uploads\/sites\/3\/2025\/03\/67cb607248fbef4fd1622cf5.JPG\" \/><\/p>\n<div class=\"Text-root Text-type_1 \">\n                Der Islamist Mohammad Sharifullah, der von US-Beh\u00f6rden wegen des Bombenanschlags auf den Flughafen in Kabul, bei dem im Sommer 2021 US-Soldaten und Zivilisten starben, verhaftet wurde, hat nach Angaben des US-Justizministeriums gestanden, auch am Anschlag auf die Moskauer &#8220;Crocus City Hall&#8221; beteiligt gewesen zu sein.\n            <\/div>\n<p><\/p>\n<div class=\"Text-root Text-type_5 ArticleView-text ViewText-root \">\n<p>Der mutma\u00dfliche Drahtzieher des Bombenanschlags auf den Flughafen in Kabul vor vier Jahren hat gestanden, an dem Terroranschlag auf die &#8220;Crocus City Hall&#8221; in Moskau im M\u00e4rz vergangenen Jahres beteiligt gewesen zu sein. Das geht aus einer am Freitag ver\u00f6ffentlichten Erkl\u00e4rung des US-Justizministeriums hervor.<\/p>\n<p>Bei dem Verd\u00e4chtigen handelt es sich um Mohammad Sharifullah, \u00fcber dessen Festnahme US-Pr\u00e4sident Donald Trump in einer Rede vor dem Kongress am Mittwoch berichtet hatte. Nach Angaben des Staatschefs ist der H\u00e4ftling schuldig am Tod mehrerer US-Milit\u00e4rs w\u00e4hrend des chaotischen Truppenabzugs aus Afghanistan im ersten Jahr von Joe Bidens Amtszeit.<\/p>\n<p>Wie die Pressesprecherin des Wei\u00dfen Hauses, Caroline Leavitt, sp\u00e4ter erkl\u00e4rte, gestand der in Pakistan verhaftete Sharifullah Ermittlern die Anschl\u00e4ge auf den Flughafen sowie die Beteiligung an &#8220;anderen Anschl\u00e4gen in Russland und im Iran&#8221;.<\/p>\n<p><em>&#8220;W\u00e4hrend der Vernehmung durch das FBI gab Sharifullah zu, dass er im Namen von ISIS-K (Wilayat Khorasan) Anweisungen zum Gebrauch von Kalaschnikow-Sturmgewehren und anderen Waffen an potenzielle Angreifer weitergegeben hat. Sharifullah erkl\u00e4rte zudem, dass er zwei der vier festgenommenen K\u00e4mpfer als diejenigen erkannte, die er zuvor instruiert hatte&#8221;<\/em>, so das US-Justizministerium.<\/p>\n<p>Der Terroranschlag auf ein Konzert in der &#8220;Crocus City Hall&#8221; in Krasnogorsk bei Moskau ereignete sich am 22. M\u00e4rz 2024. Die Angreifer er\u00f6ffneten das Feuer aus automatischen Waffen auf Besucher des Konzerts und setzten anschlie\u00dfend den Zuschauerraum in Brand, <a rel=\"nofollow noopener\" target=\"_blank\" href=\"https:\/\/freedert.online\/russland\/201110-terroranschlag-russisches-untersuchungskomitee-identifiziert-134-tote\/\">145 Menschen<\/a> starben.<\/p>\n<p>Nach Angaben von FSB-Direktor Alexander Bortnikow wurden die Aktionen der Kriminellen \u00fcber das Internet von Mitgliedern der Gruppe Wilayat Khorasan (in Russland als Terrororganisation verboten) koordiniert, die in der afghanisch-pakistanischen Zone ans\u00e4ssig ist. Vier mutma\u00dfliche Terroristen konnten auf dem Weg zur russisch-ukrainischen Grenze festgenommen werden. Sie sagten aus, die Tat f\u00fcr Geld ausgef\u00fchrt zu haben sowie Anweisungen erhalten zu haben, in <a rel=\"nofollow noopener\" target=\"_blank\" href=\"https:\/\/freedert.online\/russland\/201932-fluchtplan-crocus-terroristen-nach-kiew-offengelegt-fsb-zwischenergebnisse-ermittlung\/\">die Ukraine zu fl\u00fcchten<\/a>.<\/p>\n<p><strong>Mehr zum Thema<\/strong> &#8211; <a rel=\"nofollow noopener\" target=\"_blank\" href=\"https:\/\/freedert.online\/international\/201459-medienbericht-washington-warnte-russland-vor-terroranschlag-in-crocus-city-hall\/\">Medienbericht: Washington warnte Russland vor Terroranschlag in Crocus City Hall<\/a><\/p>\n<\/p>\n<\/div>\n<p><br \/>\n<br \/><a href=\"https:\/\/de.rt.com\/international\/238950-in-usa-verhafteter-islamist-gesteht-beteiligung-crocus-terroranschlag\/\">Source link <\/a><\/p>\n","protected":false},"excerpt":{"rendered":"<p>Der Islamist Mohammad Sharifullah, der von US-Beh\u00f6rden wegen des Bombenanschlags auf den Flughafen in Kabul, bei dem im Sommer 2021 US-Soldaten und Zivilisten starben, verhaftet wurde, hat nach Angaben des US-Justizministeriums gestanden, auch am Anschlag auf die Moskauer &#8220;Crocus City Hall&#8221; beteiligt gewesen zu sein. Der mutma\u00dfliche Drahtzieher des Bombenanschlags auf den Flughafen in Kabul [&hellip;]<\/p>\n","protected":false},"author":3,"featured_media":79872,"comment_status":"open","ping_status":"open","sticky":false,"template":"","format":"standard","meta":{"_yoast_indexnow_last_ping":["1741381842"],"wp_automatic_camp":["217"],"7c74265d3e920f3516b0ad0b79c39842":["In den USA verhafteter Islamist gesteht Beteiligung am &quot;Crocus&quot;-Terrorakt"],"original_link":["https:\/\/de.rt.com\/international\/238950-in-usa-verhafteter-islamist-gesteht-beteiligung-crocus-terroranschlag\/"],"_thumbnail_id":["79872"],"jnews_social_counter_last_update":["1777305816"],"_wptgpro_p2tg_sent2tg":["a:1:{i:23737;s:19:\"2025-03-07 23:11:43\";}"]},"categories":[19,23],"tags":[4912,48,24666,39006,63285,193,38878],"yoast_head":"<!-- This site is optimized with the Yoast SEO Premium plugin v22.7 (Yoast SEO v22.7) - https:\/\/yoast.com\/wordpress\/plugins\/seo\/ -->\n<title>In den USA verhafteter Islamist gesteht Beteiligung am &quot;Crocus&quot;-Terrorakt - just-now.NEWS Deutschland<\/title>\n<meta name=\"robots\" content=\"index, follow, max-snippet:-1, max-image-preview:large, max-video-preview:-1\" \/>\n<link rel=\"canonical\" href=\"https:\/\/now-news.de\/de\/deutschland\/in-den-usa-verhafteter-islamist-gesteht-beteiligung-am-crocus-terrorakt\/\" \/>\n<meta property=\"og:locale\" content=\"de_DE\" \/>\n<meta property=\"og:type\" content=\"article\" \/>\n<meta property=\"og:title\" content=\"In den USA verhafteter Islamist gesteht Beteiligung am &quot;Crocus&quot;-Terrorakt\" \/>\n<meta property=\"og:description\" content=\"Der Islamist Mohammad Sharifullah, der von US-Beh\u00f6rden wegen des Bombenanschlags auf den Flughafen in Kabul, bei dem im Sommer 2021 US-Soldaten und Zivilisten starben, verhaftet wurde, hat nach Angaben des US-Justizministeriums gestanden, auch am Anschlag auf die Moskauer &#8220;Crocus City Hall&#8221; beteiligt gewesen zu sein. Der mutma\u00dfliche Drahtzieher des Bombenanschlags auf den Flughafen in Kabul [&hellip;]\" \/>\n<meta property=\"og:url\" content=\"https:\/\/now-news.de\/de\/deutschland\/in-den-usa-verhafteter-islamist-gesteht-beteiligung-am-crocus-terrorakt\/\" \/>\n<meta property=\"og:site_name\" content=\"just-now.NEWS Deutschland\" \/>\n<meta property=\"article:publisher\" content=\"https:\/\/www.facebook.com\/wirmachenauf\" \/>\n<meta property=\"article:published_time\" content=\"2025-03-07T21:09:14+00:00\" \/>\n<meta property=\"og:image\" content=\"https:\/\/now-news.de\/de\/wp-content\/uploads\/sites\/3\/2025\/03\/67cb607248fbef4fd1622cf5.JPG\" \/>\n<meta name=\"author\" content=\"rtnews\" \/>\n<meta name=\"twitter:card\" content=\"summary_large_image\" \/>\n<meta name=\"twitter:creator\" content=\"@WirMachenAuf_de\" \/>\n<meta name=\"twitter:site\" content=\"@WirMachenAuf_de\" \/>\n<meta name=\"twitter:label1\" content=\"Verfasst von\" \/>\n\t<meta name=\"twitter:data1\" content=\"rtnews\" \/>\n\t<meta name=\"twitter:label2\" content=\"Gesch\u00e4tzte Lesezeit\" \/>\n\t<meta name=\"twitter:data2\" content=\"2\u00a0Minuten\" \/>\n<script type=\"application\/ld+json\" class=\"yoast-schema-graph\">{\"@context\":\"https:\/\/schema.org\",\"@graph\":[{\"@type\":\"Article\",\"@id\":\"https:\/\/now-news.de\/de\/deutschland\/in-den-usa-verhafteter-islamist-gesteht-beteiligung-am-crocus-terrorakt\/#article\",\"isPartOf\":{\"@id\":\"https:\/\/now-news.de\/de\/deutschland\/in-den-usa-verhafteter-islamist-gesteht-beteiligung-am-crocus-terrorakt\/\"},\"author\":{\"name\":\"rtnews\",\"@id\":\"https:\/\/now-news.de\/de\/#\/schema\/person\/fb534a4e865501d8b3285208df34a9b5\"},\"headline\":\"In den USA verhafteter Islamist gesteht Beteiligung am &quot;Crocus&quot;-Terrorakt\",\"datePublished\":\"2025-03-07T21:09:14+00:00\",\"dateModified\":\"2025-03-07T21:09:14+00:00\",\"mainEntityOfPage\":{\"@id\":\"https:\/\/now-news.de\/de\/deutschland\/in-den-usa-verhafteter-islamist-gesteht-beteiligung-am-crocus-terrorakt\/\"},\"wordCount\":381,\"commentCount\":0,\"publisher\":{\"@id\":\"https:\/\/now-news.de\/de\/#organization\"},\"image\":{\"@id\":\"https:\/\/now-news.de\/de\/deutschland\/in-den-usa-verhafteter-islamist-gesteht-beteiligung-am-crocus-terrorakt\/#primaryimage\"},\"thumbnailUrl\":\"https:\/\/now-news.de\/de\/wp-content\/uploads\/sites\/3\/2025\/03\/In-den-USA-verhafteter-Islamist-gesteht-Beteiligung-am-quotCrocusquot-Terrorakt.JPG\",\"keywords\":[\"Beteiligung\",\"den\",\"gesteht\",\"Islamist\",\"quotCrocusquotTerrorakt\",\"USA\",\"verhafteter\"],\"articleSection\":[\"Deutschland\",\"Russland\"],\"inLanguage\":\"de\",\"potentialAction\":[{\"@type\":\"CommentAction\",\"name\":\"Comment\",\"target\":[\"https:\/\/now-news.de\/de\/deutschland\/in-den-usa-verhafteter-islamist-gesteht-beteiligung-am-crocus-terrorakt\/#respond\"]}]},{\"@type\":\"WebPage\",\"@id\":\"https:\/\/now-news.de\/de\/deutschland\/in-den-usa-verhafteter-islamist-gesteht-beteiligung-am-crocus-terrorakt\/\",\"url\":\"https:\/\/now-news.de\/de\/deutschland\/in-den-usa-verhafteter-islamist-gesteht-beteiligung-am-crocus-terrorakt\/\",\"name\":\"In den USA verhafteter Islamist gesteht Beteiligung am &quot;Crocus&quot;-Terrorakt - just-now.NEWS Deutschland\",\"isPartOf\":{\"@id\":\"https:\/\/now-news.de\/de\/#website\"},\"primaryImageOfPage\":{\"@id\":\"https:\/\/now-news.de\/de\/deutschland\/in-den-usa-verhafteter-islamist-gesteht-beteiligung-am-crocus-terrorakt\/#primaryimage\"},\"image\":{\"@id\":\"https:\/\/now-news.de\/de\/deutschland\/in-den-usa-verhafteter-islamist-gesteht-beteiligung-am-crocus-terrorakt\/#primaryimage\"},\"thumbnailUrl\":\"https:\/\/now-news.de\/de\/wp-content\/uploads\/sites\/3\/2025\/03\/In-den-USA-verhafteter-Islamist-gesteht-Beteiligung-am-quotCrocusquot-Terrorakt.JPG\",\"datePublished\":\"2025-03-07T21:09:14+00:00\",\"dateModified\":\"2025-03-07T21:09:14+00:00\",\"breadcrumb\":{\"@id\":\"https:\/\/now-news.de\/de\/deutschland\/in-den-usa-verhafteter-islamist-gesteht-beteiligung-am-crocus-terrorakt\/#breadcrumb\"},\"inLanguage\":\"de\",\"potentialAction\":[{\"@type\":\"ReadAction\",\"target\":[\"https:\/\/now-news.de\/de\/deutschland\/in-den-usa-verhafteter-islamist-gesteht-beteiligung-am-crocus-terrorakt\/\"]}]},{\"@type\":\"ImageObject\",\"inLanguage\":\"de\",\"@id\":\"https:\/\/now-news.de\/de\/deutschland\/in-den-usa-verhafteter-islamist-gesteht-beteiligung-am-crocus-terrorakt\/#primaryimage\",\"url\":\"https:\/\/now-news.de\/de\/wp-content\/uploads\/sites\/3\/2025\/03\/In-den-USA-verhafteter-Islamist-gesteht-Beteiligung-am-quotCrocusquot-Terrorakt.JPG\",\"contentUrl\":\"https:\/\/now-news.de\/de\/wp-content\/uploads\/sites\/3\/2025\/03\/In-den-USA-verhafteter-Islamist-gesteht-Beteiligung-am-quotCrocusquot-Terrorakt.JPG\",\"width\":460,\"height\":259,\"caption\":\"In den USA verhafteter Islamist gesteht Beteiligung am &quot;Crocus&quot;-Terrorakt\"},{\"@type\":\"BreadcrumbList\",\"@id\":\"https:\/\/now-news.de\/de\/deutschland\/in-den-usa-verhafteter-islamist-gesteht-beteiligung-am-crocus-terrorakt\/#breadcrumb\",\"itemListElement\":[{\"@type\":\"ListItem\",\"position\":1,\"name\":\"Home\",\"item\":\"https:\/\/now-news.de\/de\/\"},{\"@type\":\"ListItem\",\"position\":2,\"name\":\"In den USA verhafteter Islamist gesteht Beteiligung am &quot;Crocus&quot;-Terrorakt\"}]},{\"@type\":\"WebSite\",\"@id\":\"https:\/\/now-news.de\/de\/#website\",\"url\":\"https:\/\/now-news.de\/de\/\",\"name\":\"just-now.NEWS Deutschland\",\"description\":\"Das Portal f\u00fcr unzensierte Nachrichten aus der Welt\",\"publisher\":{\"@id\":\"https:\/\/now-news.de\/de\/#organization\"},\"potentialAction\":[{\"@type\":\"SearchAction\",\"target\":{\"@type\":\"EntryPoint\",\"urlTemplate\":\"https:\/\/now-news.de\/de\/?s={search_term_string}\"},\"query-input\":\"required name=search_term_string\"}],\"inLanguage\":\"de\"},{\"@type\":\"Organization\",\"@id\":\"https:\/\/now-news.de\/de\/#organization\",\"name\":\"Just Now News\",\"url\":\"https:\/\/now-news.de\/de\/\",\"logo\":{\"@type\":\"ImageObject\",\"inLanguage\":\"de\",\"@id\":\"https:\/\/now-news.de\/de\/#\/schema\/logo\/image\/\",\"url\":\"http:\/\/just-now.news\/de\/wp-content\/uploads\/sites\/3\/2022\/04\/logo500x500.jpg\",\"contentUrl\":\"http:\/\/just-now.news\/de\/wp-content\/uploads\/sites\/3\/2022\/04\/logo500x500.jpg\",\"width\":500,\"height\":500,\"caption\":\"Just Now News\"},\"image\":{\"@id\":\"https:\/\/now-news.de\/de\/#\/schema\/logo\/image\/\"},\"sameAs\":[\"https:\/\/www.facebook.com\/wirmachenauf\",\"https:\/\/x.com\/WirMachenAuf_de\"]},{\"@type\":\"Person\",\"@id\":\"https:\/\/now-news.de\/de\/#\/schema\/person\/fb534a4e865501d8b3285208df34a9b5\",\"name\":\"rtnews\",\"image\":{\"@type\":\"ImageObject\",\"inLanguage\":\"de\",\"@id\":\"https:\/\/now-news.de\/de\/#\/schema\/person\/image\/\",\"url\":\"https:\/\/secure.gravatar.com\/avatar\/82aafea7d8127119dd649515f56e2117?s=96&d=mm&r=g\",\"contentUrl\":\"https:\/\/secure.gravatar.com\/avatar\/82aafea7d8127119dd649515f56e2117?s=96&d=mm&r=g\",\"caption\":\"rtnews\"},\"url\":\"https:\/\/now-news.de\/de\/author\/rnews\/\"}]}<\/script>\n<!-- \/ Yoast SEO Premium plugin. -->","yoast_head_json":{"title":"In den USA verhafteter Islamist gesteht Beteiligung am &quot;Crocus&quot;-Terrorakt - just-now.NEWS Deutschland","robots":{"index":"index","follow":"follow","max-snippet":"max-snippet:-1","max-image-preview":"max-image-preview:large","max-video-preview":"max-video-preview:-1"},"canonical":"https:\/\/now-news.de\/de\/deutschland\/in-den-usa-verhafteter-islamist-gesteht-beteiligung-am-crocus-terrorakt\/","og_locale":"de_DE","og_type":"article","og_title":"In den USA verhafteter Islamist gesteht Beteiligung am &quot;Crocus&quot;-Terrorakt","og_description":"Der Islamist Mohammad Sharifullah, der von US-Beh\u00f6rden wegen des Bombenanschlags auf den Flughafen in Kabul, bei dem im Sommer 2021 US-Soldaten und Zivilisten starben, verhaftet wurde, hat nach Angaben des US-Justizministeriums gestanden, auch am Anschlag auf die Moskauer &#8220;Crocus City Hall&#8221; beteiligt gewesen zu sein. Der mutma\u00dfliche Drahtzieher des Bombenanschlags auf den Flughafen in Kabul [&hellip;]","og_url":"https:\/\/now-news.de\/de\/deutschland\/in-den-usa-verhafteter-islamist-gesteht-beteiligung-am-crocus-terrorakt\/","og_site_name":"just-now.NEWS Deutschland","article_publisher":"https:\/\/www.facebook.com\/wirmachenauf","article_published_time":"2025-03-07T21:09:14+00:00","og_image":[{"url":"https:\/\/now-news.de\/de\/wp-content\/uploads\/sites\/3\/2025\/03\/67cb607248fbef4fd1622cf5.JPG"}],"author":"rtnews","twitter_card":"summary_large_image","twitter_creator":"@WirMachenAuf_de","twitter_site":"@WirMachenAuf_de","twitter_misc":{"Verfasst von":"rtnews","Gesch\u00e4tzte Lesezeit":"2\u00a0Minuten"},"schema":{"@context":"https:\/\/schema.org","@graph":[{"@type":"Article","@id":"https:\/\/now-news.de\/de\/deutschland\/in-den-usa-verhafteter-islamist-gesteht-beteiligung-am-crocus-terrorakt\/#article","isPartOf":{"@id":"https:\/\/now-news.de\/de\/deutschland\/in-den-usa-verhafteter-islamist-gesteht-beteiligung-am-crocus-terrorakt\/"},"author":{"name":"rtnews","@id":"https:\/\/now-news.de\/de\/#\/schema\/person\/fb534a4e865501d8b3285208df34a9b5"},"headline":"In den USA verhafteter Islamist gesteht Beteiligung am &quot;Crocus&quot;-Terrorakt","datePublished":"2025-03-07T21:09:14+00:00","dateModified":"2025-03-07T21:09:14+00:00","mainEntityOfPage":{"@id":"https:\/\/now-news.de\/de\/deutschland\/in-den-usa-verhafteter-islamist-gesteht-beteiligung-am-crocus-terrorakt\/"},"wordCount":381,"commentCount":0,"publisher":{"@id":"https:\/\/now-news.de\/de\/#organization"},"image":{"@id":"https:\/\/now-news.de\/de\/deutschland\/in-den-usa-verhafteter-islamist-gesteht-beteiligung-am-crocus-terrorakt\/#primaryimage"},"thumbnailUrl":"https:\/\/now-news.de\/de\/wp-content\/uploads\/sites\/3\/2025\/03\/In-den-USA-verhafteter-Islamist-gesteht-Beteiligung-am-quotCrocusquot-Terrorakt.JPG","keywords":["Beteiligung","den","gesteht","Islamist","quotCrocusquotTerrorakt","USA","verhafteter"],"articleSection":["Deutschland","Russland"],"inLanguage":"de","potentialAction":[{"@type":"CommentAction","name":"Comment","target":["https:\/\/now-news.de\/de\/deutschland\/in-den-usa-verhafteter-islamist-gesteht-beteiligung-am-crocus-terrorakt\/#respond"]}]},{"@type":"WebPage","@id":"https:\/\/now-news.de\/de\/deutschland\/in-den-usa-verhafteter-islamist-gesteht-beteiligung-am-crocus-terrorakt\/","url":"https:\/\/now-news.de\/de\/deutschland\/in-den-usa-verhafteter-islamist-gesteht-beteiligung-am-crocus-terrorakt\/","name":"In den USA verhafteter Islamist gesteht Beteiligung am &quot;Crocus&quot;-Terrorakt - just-now.NEWS Deutschland","isPartOf":{"@id":"https:\/\/now-news.de\/de\/#website"},"primaryImageOfPage":{"@id":"https:\/\/now-news.de\/de\/deutschland\/in-den-usa-verhafteter-islamist-gesteht-beteiligung-am-crocus-terrorakt\/#primaryimage"},"image":{"@id":"https:\/\/now-news.de\/de\/deutschland\/in-den-usa-verhafteter-islamist-gesteht-beteiligung-am-crocus-terrorakt\/#primaryimage"},"thumbnailUrl":"https:\/\/now-news.de\/de\/wp-content\/uploads\/sites\/3\/2025\/03\/In-den-USA-verhafteter-Islamist-gesteht-Beteiligung-am-quotCrocusquot-Terrorakt.JPG","datePublished":"2025-03-07T21:09:14+00:00","dateModified":"2025-03-07T21:09:14+00:00","breadcrumb":{"@id":"https:\/\/now-news.de\/de\/deutschland\/in-den-usa-verhafteter-islamist-gesteht-beteiligung-am-crocus-terrorakt\/#breadcrumb"},"inLanguage":"de","potentialAction":[{"@type":"ReadAction","target":["https:\/\/now-news.de\/de\/deutschland\/in-den-usa-verhafteter-islamist-gesteht-beteiligung-am-crocus-terrorakt\/"]}]},{"@type":"ImageObject","inLanguage":"de","@id":"https:\/\/now-news.de\/de\/deutschland\/in-den-usa-verhafteter-islamist-gesteht-beteiligung-am-crocus-terrorakt\/#primaryimage","url":"https:\/\/now-news.de\/de\/wp-content\/uploads\/sites\/3\/2025\/03\/In-den-USA-verhafteter-Islamist-gesteht-Beteiligung-am-quotCrocusquot-Terrorakt.JPG","contentUrl":"https:\/\/now-news.de\/de\/wp-content\/uploads\/sites\/3\/2025\/03\/In-den-USA-verhafteter-Islamist-gesteht-Beteiligung-am-quotCrocusquot-Terrorakt.JPG","width":460,"height":259,"caption":"In den USA verhafteter Islamist gesteht Beteiligung am &quot;Crocus&quot;-Terrorakt"},{"@type":"BreadcrumbList","@id":"https:\/\/now-news.de\/de\/deutschland\/in-den-usa-verhafteter-islamist-gesteht-beteiligung-am-crocus-terrorakt\/#breadcrumb","itemListElement":[{"@type":"ListItem","position":1,"name":"Home","item":"https:\/\/now-news.de\/de\/"},{"@type":"ListItem","position":2,"name":"In den USA verhafteter Islamist gesteht Beteiligung am &quot;Crocus&quot;-Terrorakt"}]},{"@type":"WebSite","@id":"https:\/\/now-news.de\/de\/#website","url":"https:\/\/now-news.de\/de\/","name":"just-now.NEWS Deutschland","description":"Das Portal f\u00fcr unzensierte Nachrichten aus der Welt","publisher":{"@id":"https:\/\/now-news.de\/de\/#organization"},"potentialAction":[{"@type":"SearchAction","target":{"@type":"EntryPoint","urlTemplate":"https:\/\/now-news.de\/de\/?s={search_term_string}"},"query-input":"required name=search_term_string"}],"inLanguage":"de"},{"@type":"Organization","@id":"https:\/\/now-news.de\/de\/#organization","name":"Just Now News","url":"https:\/\/now-news.de\/de\/","logo":{"@type":"ImageObject","inLanguage":"de","@id":"https:\/\/now-news.de\/de\/#\/schema\/logo\/image\/","url":"http:\/\/just-now.news\/de\/wp-content\/uploads\/sites\/3\/2022\/04\/logo500x500.jpg","contentUrl":"http:\/\/just-now.news\/de\/wp-content\/uploads\/sites\/3\/2022\/04\/logo500x500.jpg","width":500,"height":500,"caption":"Just Now News"},"image":{"@id":"https:\/\/now-news.de\/de\/#\/schema\/logo\/image\/"},"sameAs":["https:\/\/www.facebook.com\/wirmachenauf","https:\/\/x.com\/WirMachenAuf_de"]},{"@type":"Person","@id":"https:\/\/now-news.de\/de\/#\/schema\/person\/fb534a4e865501d8b3285208df34a9b5","name":"rtnews","image":{"@type":"ImageObject","inLanguage":"de","@id":"https:\/\/now-news.de\/de\/#\/schema\/person\/image\/","url":"https:\/\/secure.gravatar.com\/avatar\/82aafea7d8127119dd649515f56e2117?s=96&d=mm&r=g","contentUrl":"https:\/\/secure.gravatar.com\/avatar\/82aafea7d8127119dd649515f56e2117?s=96&d=mm&r=g","caption":"rtnews"},"url":"https:\/\/now-news.de\/de\/author\/rnews\/"}]}},"_links":{"self":[{"href":"https:\/\/now-news.de\/de\/wp-json\/wp\/v2\/posts\/79871"}],"collection":[{"href":"https:\/\/now-news.de\/de\/wp-json\/wp\/v2\/posts"}],"about":[{"href":"https:\/\/now-news.de\/de\/wp-json\/wp\/v2\/types\/post"}],"author":[{"embeddable":true,"href":"https:\/\/now-news.de\/de\/wp-json\/wp\/v2\/users\/3"}],"replies":[{"embeddable":true,"href":"https:\/\/now-news.de\/de\/wp-json\/wp\/v2\/comments?post=79871"}],"version-history":[{"count":0,"href":"https:\/\/now-news.de\/de\/wp-json\/wp\/v2\/posts\/79871\/revisions"}],"wp:featuredmedia":[{"embeddable":true,"href":"https:\/\/now-news.de\/de\/wp-json\/wp\/v2\/media\/79872"}],"wp:attachment":[{"href":"https:\/\/now-news.de\/de\/wp-json\/wp\/v2\/media?parent=79871"}],"wp:term":[{"taxonomy":"category","embeddable":true,"href":"https:\/\/now-news.de\/de\/wp-json\/wp\/v2\/categories?post=79871"},{"taxonomy":"post_tag","embeddable":true,"href":"https:\/\/now-news.de\/de\/wp-json\/wp\/v2\/tags?post=79871"}],"curies":[{"name":"wp","href":"https:\/\/api.w.org\/{rel}","templated":true}]}}