{"id":79869,"date":"2025-03-07T22:45:47","date_gmt":"2025-03-07T20:45:47","guid":{"rendered":"https:\/\/now-news.de\/de\/deutschland\/bayern-verschleppt-rueckgabe-geraubter-kunstwerke-an-juedische-holocaustopfer\/"},"modified":"2025-03-07T22:45:47","modified_gmt":"2025-03-07T20:45:47","slug":"bayern-verschleppt-rueckgabe-geraubter-kunstwerke-an-juedische-holocaustopfer","status":"publish","type":"post","link":"https:\/\/now-news.de\/de\/deutschland\/bayern-verschleppt-rueckgabe-geraubter-kunstwerke-an-juedische-holocaustopfer\/","title":{"rendered":"Bayern verschleppt R\u00fcckgabe geraubter Kunstwerke an j\u00fcdische Holocaustopfer"},"content":{"rendered":"<p><img decoding=\"async\" src=\"https:\/\/now-news.de\/de\/wp-content\/uploads\/sites\/3\/2025\/03\/67cb4b4e48fbef4fd1622ce8.jpg\" \/><\/p>\n<div class=\"Text-root Text-type_1 \">\n                Seit zwei Wochen stehen die Bayerischen Staatsgem\u00e4ldesammlungen wegen ihres intransparenten Umgangs mit geraubten Kunstwerken j\u00fcdischer Holocaustopfer in der Kritik. RT DE liegt nun eine Stellungnahme von Vertretern j\u00fcdischer Gemeinden in Deutschland zu den Vorg\u00e4ngen in M\u00fcnchen vor.\n            <\/div>\n<p><\/p>\n<div class=\"Text-root Text-type_5 ArticleView-text ViewText-root \">\n<p>Ende Februar berichteten mehrere deutsche Medien, darunter der <em>Bayrische Rundfunk<\/em>, \u00fcber den fragw\u00fcrdigen Umgang des Freistaats Bayern mit den R\u00fcckgabeanspr\u00fcchen j\u00fcdischer Erben von Holocaustopfern. Demnach halte das Staatsministerium f\u00fcr Wissenschaft und Kunst Informationen \u00fcber Kunstwerke, die wahrscheinlich im Dritten Reich j\u00fcdischen Sammlern geraubt worden waren und sich nun in den Bayerischen Staatsgem\u00e4ldesammlungen befinden, zur\u00fcck, hie\u00df es unter Berufung auf Rechtsanw\u00e4lte der Erben.<\/p>\n<p>Markus St\u00f6tzel, der die Erben des j\u00fcdischen Kunsth\u00e4ndlers Alfred Flechtheim (1878\u20131937) vertritt, sprach von einem &#8220;Skandal mit Ansage&#8221; und beschuldigte Bayerns Kunstminister Markus Blume (CSU) pers\u00f6nlich. Verantwortlich f\u00fcr die R\u00fcckgabe von NS-Raubkunst sei der Minister selbst, sagte der Jurist.<\/p>\n<p><em>RT DE<\/em> liegt nun eine Stellungnahme von Mitgliedern der j\u00fcdischen Gemeinde zu dem Vorgang vor. In dem Schreiben wird betont, dass\u00a0eine interne Pr\u00fcfung der Bayrischen Staatsgem\u00e4ldesammlungen l\u00e4ngst ergeben habe, dass die betroffenen Kunstwerke gem\u00e4\u00df den Washingtoner Prinzipien von 1998 zur\u00fcckzugeben sind:<\/p>\n<blockquote>\n<p><em>&#8220;Wie sich herausstellte, sind seit 2014 rund zweihundert Objekte auf der Liste (meist Museumsobjekte ersten Ranges) als &#8216;mit ziemlicher Sicherheit&#8217; zu im Rahmen der Judenverfolgung entzogenem Eigentum geh\u00f6rend aufgef\u00fchrt. Weitere 800 werden als &#8216;m\u00f6glicherweise beschlagnahmt&#8217; eingestuft.&#8221;<\/em><\/p>\n<\/blockquote>\n<p>Diese sensiblen Daten seien auch an das Kunstministerium des Freistaats herangetragen worden, ohne dass die erforderlichen Konsequenzen gezogen wurden. Die aufgedeckten Tatsachen wurden nicht \u00fcber das f\u00fcr solche F\u00e4lle eingerichtete elektronische Portal ver\u00f6ffentlicht. Niemand setzte sich mit den Angeh\u00f6rigen der m\u00f6glichen Eigent\u00fcmer in Verbindung, um die Details zu kl\u00e4ren und die R\u00fcckgabe einzuleiten. Auch die zust\u00e4ndige interministerielle Schlichtungskommission auf Bundesebene sei nicht angerufen worden, so das <em>RT DE<\/em> vorliegende Schreiben.<\/p>\n<p>Auf &#8220;regelm\u00e4\u00dfige Anfragen von Anw\u00e4lten&#8221; zu bestimmten Kunstwerken antworteten die bayerischen Beh\u00f6rden routinem\u00e4\u00dfig und offenbar wahrheitswidrig mit dem Hinweis, dass &#8220;erste Untersuchungen von Kunsthistorikern durchgef\u00fchrt werden&#8221;. Es sei bemerkenswert, dass unmittelbar nach dem Erscheinen der Liste in den Medien die an der Arbeit beteiligten Spezialisten ein Schreiben des Direktors der Staatsgem\u00e4ldesammlungen erhielten, in dem vor negativen Konsequenzen im Falle einer Kommunikation mit der Presse gewarnt wurde. Eine Untersuchung \u00fcber das Durchsickern vertraulicher Informationen wurde eingeleitet.<\/p>\n<p>Die Verfasser des Schreibens erkl\u00e4ren dazu:<\/p>\n<blockquote>\n<p><em>&#8220;Die j\u00fcdische Gemeinschaft ist emp\u00f6rt \u00fcber das Ausma\u00df der Sabotage der &#8216;freiwillig \u00fcbernommenen Verpflichtungen&#8217; des deutschen Staates, da in den mehr als zwanzig Jahren der Arbeit der Schlichtungskommission nur 23 Objekte aus deutschen Museen an ihre Eigent\u00fcmer zur\u00fcckgegeben wurden, obwohl Hunderte von Anfragen von Holocaust-Opfern vorlagen.&#8221;<\/em><\/p>\n<\/blockquote>\n<p>Ebenfalls am Freitag ver\u00f6ffentlichte die <em>S\u00fcddeutsche Zeitung<\/em> eine <a rel=\"nofollow noopener\" target=\"_blank\" href=\"https:\/\/www.sueddeutsche.de\/kultur\/charlotte-knobloch-raubkunst-bayerische-staatsgemaeldesammlungen-li.3214746\">exklusive Stellungnahme<\/a> von<em>\u00a0<\/em>Charlotte Knobloch, Pr\u00e4sidentin der\u00a0Israelitischen Kultusgemeinde M\u00fcnchen und Oberbayern,\u00a0zum Umgang mit\u00a0Raubkunst\u00a0in den Bayerischen Staatsgem\u00e4ldesammlungen. Die Vorg\u00e4nge in M\u00fcnchen w\u00fcrden in j\u00fcdischen Gemeinden in Deutschland &#8220;gro\u00dfe Verunsicherung&#8221; ausl\u00f6sen, hei\u00dft es darin.\u00a0Die Umsetzung der Washingtoner Prinzipien von 1998 zur Restitution von Kunstgegenst\u00e4nden, die die Nationalsozialisten und ihre willf\u00e4hrigen Unterst\u00fctzer j\u00fcdischen Eigent\u00fcmern geraubt haben, erfordere gro\u00dfe Sorgfalt, Transparenz und &#8220;den Willen, geraubte Werke schnellstm\u00f6glich an die Eigent\u00fcmer beziehungsweise deren Erben zur\u00fcckzugeben&#8221;.\u00a0<\/p>\n<p>Die Verantwortlichen m\u00fcssen jetzt schnellstm\u00f6glich Klarheit schaffen \u2013 und geraubtes Gut endlich zur\u00fcckgeben, fordert Knobloch in dem <em>SZ<\/em>-Beitrag.<\/p>\n<p><strong>Mehr zum Thema<\/strong> &#8211; <a rel=\"nofollow noopener\" target=\"_blank\" href=\"https:\/\/freedert.online\/international\/222048-ns-raubkunst-fbi-gibt-monet\/\">NS-Raubkunst: FBI gibt Monet-Gem\u00e4lde 80 Jahre sp\u00e4ter an Erben der j\u00fcdischen Besitzer zur\u00fcck<\/a><\/p>\n<\/p>\n<\/div>\n<p><br \/>\n<br \/><a href=\"https:\/\/de.rt.com\/inland\/238941-bayern-verschleppt-rueckgabe-geraubter-kunstwerke\/\">Source link <\/a><\/p>\n","protected":false},"excerpt":{"rendered":"<p>Seit zwei Wochen stehen die Bayerischen Staatsgem\u00e4ldesammlungen wegen ihres intransparenten Umgangs mit geraubten Kunstwerken j\u00fcdischer Holocaustopfer in der Kritik. RT DE liegt nun eine Stellungnahme von Vertretern j\u00fcdischer Gemeinden in Deutschland zu den Vorg\u00e4ngen in M\u00fcnchen vor. Ende Februar berichteten mehrere deutsche Medien, darunter der Bayrische Rundfunk, \u00fcber den fragw\u00fcrdigen Umgang des Freistaats Bayern mit [&hellip;]<\/p>\n","protected":false},"author":3,"featured_media":79870,"comment_status":"open","ping_status":"open","sticky":false,"template":"","format":"standard","meta":{"_yoast_indexnow_last_ping":["1741380888"],"wp_automatic_camp":["217"],"dd4ea39d966cb7674e6d424520cdade8":["Bayern verschleppt R\u00fcckgabe geraubter Kunstwerke an j\u00fcdische Holocaustopfer"],"original_link":["https:\/\/de.rt.com\/inland\/238941-bayern-verschleppt-rueckgabe-geraubter-kunstwerke\/"],"_thumbnail_id":["79870"],"jnews_social_counter_last_update":["1776592183"],"_wptgpro_p2tg_sent2tg":["a:1:{i:23737;s:19:\"2025-03-07 22:55:43\";}"]},"categories":[19,23],"tags":[11374,63284,39832,34490,32962,1309,49111],"yoast_head":"<!-- This site is optimized with the Yoast SEO Premium plugin v22.7 (Yoast SEO v22.7) - https:\/\/yoast.com\/wordpress\/plugins\/seo\/ -->\n<title>Bayern verschleppt R\u00fcckgabe geraubter Kunstwerke an j\u00fcdische Holocaustopfer - just-now.NEWS Deutschland<\/title>\n<meta name=\"robots\" content=\"index, follow, max-snippet:-1, max-image-preview:large, max-video-preview:-1\" \/>\n<link rel=\"canonical\" href=\"https:\/\/now-news.de\/de\/deutschland\/bayern-verschleppt-rueckgabe-geraubter-kunstwerke-an-juedische-holocaustopfer\/\" \/>\n<meta property=\"og:locale\" content=\"de_DE\" \/>\n<meta property=\"og:type\" content=\"article\" \/>\n<meta property=\"og:title\" content=\"Bayern verschleppt R\u00fcckgabe geraubter Kunstwerke an j\u00fcdische Holocaustopfer\" \/>\n<meta property=\"og:description\" content=\"Seit zwei Wochen stehen die Bayerischen Staatsgem\u00e4ldesammlungen wegen ihres intransparenten Umgangs mit geraubten Kunstwerken j\u00fcdischer Holocaustopfer in der Kritik. RT DE liegt nun eine Stellungnahme von Vertretern j\u00fcdischer Gemeinden in Deutschland zu den Vorg\u00e4ngen in M\u00fcnchen vor. Ende Februar berichteten mehrere deutsche Medien, darunter der Bayrische Rundfunk, \u00fcber den fragw\u00fcrdigen Umgang des Freistaats Bayern mit [&hellip;]\" \/>\n<meta property=\"og:url\" content=\"https:\/\/now-news.de\/de\/deutschland\/bayern-verschleppt-rueckgabe-geraubter-kunstwerke-an-juedische-holocaustopfer\/\" \/>\n<meta property=\"og:site_name\" content=\"just-now.NEWS Deutschland\" \/>\n<meta property=\"article:publisher\" content=\"https:\/\/www.facebook.com\/wirmachenauf\" \/>\n<meta property=\"article:published_time\" content=\"2025-03-07T20:45:47+00:00\" \/>\n<meta property=\"og:image\" content=\"https:\/\/now-news.de\/de\/wp-content\/uploads\/sites\/3\/2025\/03\/67cb4b4e48fbef4fd1622ce8.jpg\" \/>\n<meta name=\"author\" content=\"rtnews\" \/>\n<meta name=\"twitter:card\" content=\"summary_large_image\" \/>\n<meta name=\"twitter:creator\" content=\"@WirMachenAuf_de\" \/>\n<meta name=\"twitter:site\" content=\"@WirMachenAuf_de\" \/>\n<meta name=\"twitter:label1\" content=\"Verfasst von\" \/>\n\t<meta name=\"twitter:data1\" content=\"rtnews\" \/>\n\t<meta name=\"twitter:label2\" content=\"Gesch\u00e4tzte Lesezeit\" \/>\n\t<meta name=\"twitter:data2\" content=\"3\u00a0Minuten\" \/>\n<script type=\"application\/ld+json\" class=\"yoast-schema-graph\">{\"@context\":\"https:\/\/schema.org\",\"@graph\":[{\"@type\":\"Article\",\"@id\":\"https:\/\/now-news.de\/de\/deutschland\/bayern-verschleppt-rueckgabe-geraubter-kunstwerke-an-juedische-holocaustopfer\/#article\",\"isPartOf\":{\"@id\":\"https:\/\/now-news.de\/de\/deutschland\/bayern-verschleppt-rueckgabe-geraubter-kunstwerke-an-juedische-holocaustopfer\/\"},\"author\":{\"name\":\"rtnews\",\"@id\":\"https:\/\/now-news.de\/de\/#\/schema\/person\/fb534a4e865501d8b3285208df34a9b5\"},\"headline\":\"Bayern verschleppt R\u00fcckgabe geraubter Kunstwerke an j\u00fcdische Holocaustopfer\",\"datePublished\":\"2025-03-07T20:45:47+00:00\",\"dateModified\":\"2025-03-07T20:45:47+00:00\",\"mainEntityOfPage\":{\"@id\":\"https:\/\/now-news.de\/de\/deutschland\/bayern-verschleppt-rueckgabe-geraubter-kunstwerke-an-juedische-holocaustopfer\/\"},\"wordCount\":612,\"commentCount\":0,\"publisher\":{\"@id\":\"https:\/\/now-news.de\/de\/#organization\"},\"image\":{\"@id\":\"https:\/\/now-news.de\/de\/deutschland\/bayern-verschleppt-rueckgabe-geraubter-kunstwerke-an-juedische-holocaustopfer\/#primaryimage\"},\"thumbnailUrl\":\"https:\/\/now-news.de\/de\/wp-content\/uploads\/sites\/3\/2025\/03\/Bayern-verschleppt-Rueckgabe-geraubter-Kunstwerke-an-juedische-Holocaustopfer.jpg\",\"keywords\":[\"bayern\",\"geraubter\",\"HolocaustOpfer\",\"j\u00fcdische\",\"Kunstwerke\",\"R\u00fcckgabe\",\"verschleppt\"],\"articleSection\":[\"Deutschland\",\"Russland\"],\"inLanguage\":\"de\",\"potentialAction\":[{\"@type\":\"CommentAction\",\"name\":\"Comment\",\"target\":[\"https:\/\/now-news.de\/de\/deutschland\/bayern-verschleppt-rueckgabe-geraubter-kunstwerke-an-juedische-holocaustopfer\/#respond\"]}]},{\"@type\":\"WebPage\",\"@id\":\"https:\/\/now-news.de\/de\/deutschland\/bayern-verschleppt-rueckgabe-geraubter-kunstwerke-an-juedische-holocaustopfer\/\",\"url\":\"https:\/\/now-news.de\/de\/deutschland\/bayern-verschleppt-rueckgabe-geraubter-kunstwerke-an-juedische-holocaustopfer\/\",\"name\":\"Bayern verschleppt R\u00fcckgabe geraubter Kunstwerke an j\u00fcdische Holocaustopfer - just-now.NEWS Deutschland\",\"isPartOf\":{\"@id\":\"https:\/\/now-news.de\/de\/#website\"},\"primaryImageOfPage\":{\"@id\":\"https:\/\/now-news.de\/de\/deutschland\/bayern-verschleppt-rueckgabe-geraubter-kunstwerke-an-juedische-holocaustopfer\/#primaryimage\"},\"image\":{\"@id\":\"https:\/\/now-news.de\/de\/deutschland\/bayern-verschleppt-rueckgabe-geraubter-kunstwerke-an-juedische-holocaustopfer\/#primaryimage\"},\"thumbnailUrl\":\"https:\/\/now-news.de\/de\/wp-content\/uploads\/sites\/3\/2025\/03\/Bayern-verschleppt-Rueckgabe-geraubter-Kunstwerke-an-juedische-Holocaustopfer.jpg\",\"datePublished\":\"2025-03-07T20:45:47+00:00\",\"dateModified\":\"2025-03-07T20:45:47+00:00\",\"breadcrumb\":{\"@id\":\"https:\/\/now-news.de\/de\/deutschland\/bayern-verschleppt-rueckgabe-geraubter-kunstwerke-an-juedische-holocaustopfer\/#breadcrumb\"},\"inLanguage\":\"de\",\"potentialAction\":[{\"@type\":\"ReadAction\",\"target\":[\"https:\/\/now-news.de\/de\/deutschland\/bayern-verschleppt-rueckgabe-geraubter-kunstwerke-an-juedische-holocaustopfer\/\"]}]},{\"@type\":\"ImageObject\",\"inLanguage\":\"de\",\"@id\":\"https:\/\/now-news.de\/de\/deutschland\/bayern-verschleppt-rueckgabe-geraubter-kunstwerke-an-juedische-holocaustopfer\/#primaryimage\",\"url\":\"https:\/\/now-news.de\/de\/wp-content\/uploads\/sites\/3\/2025\/03\/Bayern-verschleppt-Rueckgabe-geraubter-Kunstwerke-an-juedische-Holocaustopfer.jpg\",\"contentUrl\":\"https:\/\/now-news.de\/de\/wp-content\/uploads\/sites\/3\/2025\/03\/Bayern-verschleppt-Rueckgabe-geraubter-Kunstwerke-an-juedische-Holocaustopfer.jpg\",\"width\":460,\"height\":259,\"caption\":\"Bayern verschleppt R\u00fcckgabe geraubter Kunstwerke an j\u00fcdische Holocaustopfer\"},{\"@type\":\"BreadcrumbList\",\"@id\":\"https:\/\/now-news.de\/de\/deutschland\/bayern-verschleppt-rueckgabe-geraubter-kunstwerke-an-juedische-holocaustopfer\/#breadcrumb\",\"itemListElement\":[{\"@type\":\"ListItem\",\"position\":1,\"name\":\"Home\",\"item\":\"https:\/\/now-news.de\/de\/\"},{\"@type\":\"ListItem\",\"position\":2,\"name\":\"Bayern verschleppt R\u00fcckgabe geraubter Kunstwerke an j\u00fcdische Holocaustopfer\"}]},{\"@type\":\"WebSite\",\"@id\":\"https:\/\/now-news.de\/de\/#website\",\"url\":\"https:\/\/now-news.de\/de\/\",\"name\":\"just-now.NEWS Deutschland\",\"description\":\"Das Portal f\u00fcr unzensierte Nachrichten aus der Welt\",\"publisher\":{\"@id\":\"https:\/\/now-news.de\/de\/#organization\"},\"potentialAction\":[{\"@type\":\"SearchAction\",\"target\":{\"@type\":\"EntryPoint\",\"urlTemplate\":\"https:\/\/now-news.de\/de\/?s={search_term_string}\"},\"query-input\":\"required name=search_term_string\"}],\"inLanguage\":\"de\"},{\"@type\":\"Organization\",\"@id\":\"https:\/\/now-news.de\/de\/#organization\",\"name\":\"Just Now News\",\"url\":\"https:\/\/now-news.de\/de\/\",\"logo\":{\"@type\":\"ImageObject\",\"inLanguage\":\"de\",\"@id\":\"https:\/\/now-news.de\/de\/#\/schema\/logo\/image\/\",\"url\":\"http:\/\/just-now.news\/de\/wp-content\/uploads\/sites\/3\/2022\/04\/logo500x500.jpg\",\"contentUrl\":\"http:\/\/just-now.news\/de\/wp-content\/uploads\/sites\/3\/2022\/04\/logo500x500.jpg\",\"width\":500,\"height\":500,\"caption\":\"Just Now News\"},\"image\":{\"@id\":\"https:\/\/now-news.de\/de\/#\/schema\/logo\/image\/\"},\"sameAs\":[\"https:\/\/www.facebook.com\/wirmachenauf\",\"https:\/\/x.com\/WirMachenAuf_de\"]},{\"@type\":\"Person\",\"@id\":\"https:\/\/now-news.de\/de\/#\/schema\/person\/fb534a4e865501d8b3285208df34a9b5\",\"name\":\"rtnews\",\"image\":{\"@type\":\"ImageObject\",\"inLanguage\":\"de\",\"@id\":\"https:\/\/now-news.de\/de\/#\/schema\/person\/image\/\",\"url\":\"https:\/\/secure.gravatar.com\/avatar\/82aafea7d8127119dd649515f56e2117?s=96&d=mm&r=g\",\"contentUrl\":\"https:\/\/secure.gravatar.com\/avatar\/82aafea7d8127119dd649515f56e2117?s=96&d=mm&r=g\",\"caption\":\"rtnews\"},\"url\":\"https:\/\/now-news.de\/de\/author\/rnews\/\"}]}<\/script>\n<!-- \/ Yoast SEO Premium plugin. -->","yoast_head_json":{"title":"Bayern verschleppt R\u00fcckgabe geraubter Kunstwerke an j\u00fcdische Holocaustopfer - just-now.NEWS Deutschland","robots":{"index":"index","follow":"follow","max-snippet":"max-snippet:-1","max-image-preview":"max-image-preview:large","max-video-preview":"max-video-preview:-1"},"canonical":"https:\/\/now-news.de\/de\/deutschland\/bayern-verschleppt-rueckgabe-geraubter-kunstwerke-an-juedische-holocaustopfer\/","og_locale":"de_DE","og_type":"article","og_title":"Bayern verschleppt R\u00fcckgabe geraubter Kunstwerke an j\u00fcdische Holocaustopfer","og_description":"Seit zwei Wochen stehen die Bayerischen Staatsgem\u00e4ldesammlungen wegen ihres intransparenten Umgangs mit geraubten Kunstwerken j\u00fcdischer Holocaustopfer in der Kritik. RT DE liegt nun eine Stellungnahme von Vertretern j\u00fcdischer Gemeinden in Deutschland zu den Vorg\u00e4ngen in M\u00fcnchen vor. Ende Februar berichteten mehrere deutsche Medien, darunter der Bayrische Rundfunk, \u00fcber den fragw\u00fcrdigen Umgang des Freistaats Bayern mit [&hellip;]","og_url":"https:\/\/now-news.de\/de\/deutschland\/bayern-verschleppt-rueckgabe-geraubter-kunstwerke-an-juedische-holocaustopfer\/","og_site_name":"just-now.NEWS Deutschland","article_publisher":"https:\/\/www.facebook.com\/wirmachenauf","article_published_time":"2025-03-07T20:45:47+00:00","og_image":[{"url":"https:\/\/now-news.de\/de\/wp-content\/uploads\/sites\/3\/2025\/03\/67cb4b4e48fbef4fd1622ce8.jpg"}],"author":"rtnews","twitter_card":"summary_large_image","twitter_creator":"@WirMachenAuf_de","twitter_site":"@WirMachenAuf_de","twitter_misc":{"Verfasst von":"rtnews","Gesch\u00e4tzte Lesezeit":"3\u00a0Minuten"},"schema":{"@context":"https:\/\/schema.org","@graph":[{"@type":"Article","@id":"https:\/\/now-news.de\/de\/deutschland\/bayern-verschleppt-rueckgabe-geraubter-kunstwerke-an-juedische-holocaustopfer\/#article","isPartOf":{"@id":"https:\/\/now-news.de\/de\/deutschland\/bayern-verschleppt-rueckgabe-geraubter-kunstwerke-an-juedische-holocaustopfer\/"},"author":{"name":"rtnews","@id":"https:\/\/now-news.de\/de\/#\/schema\/person\/fb534a4e865501d8b3285208df34a9b5"},"headline":"Bayern verschleppt R\u00fcckgabe geraubter Kunstwerke an j\u00fcdische Holocaustopfer","datePublished":"2025-03-07T20:45:47+00:00","dateModified":"2025-03-07T20:45:47+00:00","mainEntityOfPage":{"@id":"https:\/\/now-news.de\/de\/deutschland\/bayern-verschleppt-rueckgabe-geraubter-kunstwerke-an-juedische-holocaustopfer\/"},"wordCount":612,"commentCount":0,"publisher":{"@id":"https:\/\/now-news.de\/de\/#organization"},"image":{"@id":"https:\/\/now-news.de\/de\/deutschland\/bayern-verschleppt-rueckgabe-geraubter-kunstwerke-an-juedische-holocaustopfer\/#primaryimage"},"thumbnailUrl":"https:\/\/now-news.de\/de\/wp-content\/uploads\/sites\/3\/2025\/03\/Bayern-verschleppt-Rueckgabe-geraubter-Kunstwerke-an-juedische-Holocaustopfer.jpg","keywords":["bayern","geraubter","HolocaustOpfer","j\u00fcdische","Kunstwerke","R\u00fcckgabe","verschleppt"],"articleSection":["Deutschland","Russland"],"inLanguage":"de","potentialAction":[{"@type":"CommentAction","name":"Comment","target":["https:\/\/now-news.de\/de\/deutschland\/bayern-verschleppt-rueckgabe-geraubter-kunstwerke-an-juedische-holocaustopfer\/#respond"]}]},{"@type":"WebPage","@id":"https:\/\/now-news.de\/de\/deutschland\/bayern-verschleppt-rueckgabe-geraubter-kunstwerke-an-juedische-holocaustopfer\/","url":"https:\/\/now-news.de\/de\/deutschland\/bayern-verschleppt-rueckgabe-geraubter-kunstwerke-an-juedische-holocaustopfer\/","name":"Bayern verschleppt R\u00fcckgabe geraubter Kunstwerke an j\u00fcdische Holocaustopfer - just-now.NEWS Deutschland","isPartOf":{"@id":"https:\/\/now-news.de\/de\/#website"},"primaryImageOfPage":{"@id":"https:\/\/now-news.de\/de\/deutschland\/bayern-verschleppt-rueckgabe-geraubter-kunstwerke-an-juedische-holocaustopfer\/#primaryimage"},"image":{"@id":"https:\/\/now-news.de\/de\/deutschland\/bayern-verschleppt-rueckgabe-geraubter-kunstwerke-an-juedische-holocaustopfer\/#primaryimage"},"thumbnailUrl":"https:\/\/now-news.de\/de\/wp-content\/uploads\/sites\/3\/2025\/03\/Bayern-verschleppt-Rueckgabe-geraubter-Kunstwerke-an-juedische-Holocaustopfer.jpg","datePublished":"2025-03-07T20:45:47+00:00","dateModified":"2025-03-07T20:45:47+00:00","breadcrumb":{"@id":"https:\/\/now-news.de\/de\/deutschland\/bayern-verschleppt-rueckgabe-geraubter-kunstwerke-an-juedische-holocaustopfer\/#breadcrumb"},"inLanguage":"de","potentialAction":[{"@type":"ReadAction","target":["https:\/\/now-news.de\/de\/deutschland\/bayern-verschleppt-rueckgabe-geraubter-kunstwerke-an-juedische-holocaustopfer\/"]}]},{"@type":"ImageObject","inLanguage":"de","@id":"https:\/\/now-news.de\/de\/deutschland\/bayern-verschleppt-rueckgabe-geraubter-kunstwerke-an-juedische-holocaustopfer\/#primaryimage","url":"https:\/\/now-news.de\/de\/wp-content\/uploads\/sites\/3\/2025\/03\/Bayern-verschleppt-Rueckgabe-geraubter-Kunstwerke-an-juedische-Holocaustopfer.jpg","contentUrl":"https:\/\/now-news.de\/de\/wp-content\/uploads\/sites\/3\/2025\/03\/Bayern-verschleppt-Rueckgabe-geraubter-Kunstwerke-an-juedische-Holocaustopfer.jpg","width":460,"height":259,"caption":"Bayern verschleppt R\u00fcckgabe geraubter Kunstwerke an j\u00fcdische Holocaustopfer"},{"@type":"BreadcrumbList","@id":"https:\/\/now-news.de\/de\/deutschland\/bayern-verschleppt-rueckgabe-geraubter-kunstwerke-an-juedische-holocaustopfer\/#breadcrumb","itemListElement":[{"@type":"ListItem","position":1,"name":"Home","item":"https:\/\/now-news.de\/de\/"},{"@type":"ListItem","position":2,"name":"Bayern verschleppt R\u00fcckgabe geraubter Kunstwerke an j\u00fcdische Holocaustopfer"}]},{"@type":"WebSite","@id":"https:\/\/now-news.de\/de\/#website","url":"https:\/\/now-news.de\/de\/","name":"just-now.NEWS Deutschland","description":"Das Portal f\u00fcr unzensierte Nachrichten aus der Welt","publisher":{"@id":"https:\/\/now-news.de\/de\/#organization"},"potentialAction":[{"@type":"SearchAction","target":{"@type":"EntryPoint","urlTemplate":"https:\/\/now-news.de\/de\/?s={search_term_string}"},"query-input":"required name=search_term_string"}],"inLanguage":"de"},{"@type":"Organization","@id":"https:\/\/now-news.de\/de\/#organization","name":"Just Now News","url":"https:\/\/now-news.de\/de\/","logo":{"@type":"ImageObject","inLanguage":"de","@id":"https:\/\/now-news.de\/de\/#\/schema\/logo\/image\/","url":"http:\/\/just-now.news\/de\/wp-content\/uploads\/sites\/3\/2022\/04\/logo500x500.jpg","contentUrl":"http:\/\/just-now.news\/de\/wp-content\/uploads\/sites\/3\/2022\/04\/logo500x500.jpg","width":500,"height":500,"caption":"Just Now News"},"image":{"@id":"https:\/\/now-news.de\/de\/#\/schema\/logo\/image\/"},"sameAs":["https:\/\/www.facebook.com\/wirmachenauf","https:\/\/x.com\/WirMachenAuf_de"]},{"@type":"Person","@id":"https:\/\/now-news.de\/de\/#\/schema\/person\/fb534a4e865501d8b3285208df34a9b5","name":"rtnews","image":{"@type":"ImageObject","inLanguage":"de","@id":"https:\/\/now-news.de\/de\/#\/schema\/person\/image\/","url":"https:\/\/secure.gravatar.com\/avatar\/82aafea7d8127119dd649515f56e2117?s=96&d=mm&r=g","contentUrl":"https:\/\/secure.gravatar.com\/avatar\/82aafea7d8127119dd649515f56e2117?s=96&d=mm&r=g","caption":"rtnews"},"url":"https:\/\/now-news.de\/de\/author\/rnews\/"}]}},"_links":{"self":[{"href":"https:\/\/now-news.de\/de\/wp-json\/wp\/v2\/posts\/79869"}],"collection":[{"href":"https:\/\/now-news.de\/de\/wp-json\/wp\/v2\/posts"}],"about":[{"href":"https:\/\/now-news.de\/de\/wp-json\/wp\/v2\/types\/post"}],"author":[{"embeddable":true,"href":"https:\/\/now-news.de\/de\/wp-json\/wp\/v2\/users\/3"}],"replies":[{"embeddable":true,"href":"https:\/\/now-news.de\/de\/wp-json\/wp\/v2\/comments?post=79869"}],"version-history":[{"count":0,"href":"https:\/\/now-news.de\/de\/wp-json\/wp\/v2\/posts\/79869\/revisions"}],"wp:featuredmedia":[{"embeddable":true,"href":"https:\/\/now-news.de\/de\/wp-json\/wp\/v2\/media\/79870"}],"wp:attachment":[{"href":"https:\/\/now-news.de\/de\/wp-json\/wp\/v2\/media?parent=79869"}],"wp:term":[{"taxonomy":"category","embeddable":true,"href":"https:\/\/now-news.de\/de\/wp-json\/wp\/v2\/categories?post=79869"},{"taxonomy":"post_tag","embeddable":true,"href":"https:\/\/now-news.de\/de\/wp-json\/wp\/v2\/tags?post=79869"}],"curies":[{"name":"wp","href":"https:\/\/api.w.org\/{rel}","templated":true}]}}