{"id":79863,"date":"2025-03-07T21:30:14","date_gmt":"2025-03-07T19:30:14","guid":{"rendered":"https:\/\/now-news.de\/de\/deutschland\/die-eu-gegen-die-demokratie-in-rumaenien-rollatorputsch-auf-speed\/"},"modified":"2025-03-07T21:30:14","modified_gmt":"2025-03-07T19:30:14","slug":"die-eu-gegen-die-demokratie-in-rumaenien-rollatorputsch-auf-speed","status":"publish","type":"post","link":"https:\/\/now-news.de\/de\/deutschland\/die-eu-gegen-die-demokratie-in-rumaenien-rollatorputsch-auf-speed\/","title":{"rendered":"Die EU gegen die Demokratie in Rum\u00e4nien: Rollatorputsch auf Speed"},"content":{"rendered":"<p><img decoding=\"async\" src=\"https:\/\/now-news.de\/de\/wp-content\/uploads\/sites\/3\/2025\/03\/67cb28a448fbef4da463fef5.jpg\" \/><\/p>\n<div class=\"Text-root Text-type_1 \">\n                Es ist der neueste Musterfall daf\u00fcr, was sich die EU-B\u00fcrokratie in Br\u00fcssel unter Demokratie vorstellt. Ein Muster, das die neue Chefin der US-Geheimdienste, Tulsi Gabbard, in den n\u00e4chsten Tagen genauer in Augenschein nehmen wird.\n            <\/div>\n<p><\/p>\n<div class=\"Text-root Text-type_5 ArticleView-text ViewText-root \">\n<p><em>Von Dagmar Henn<\/em><\/p>\n<p>Der deutsche Rollatorputsch ist ein Skandal, mit seiner Kreuzung aus weit \u00fcberzogenem Agieren der Staatsmacht und Verd\u00e4chtigen weit jenseits der Pensionsgrenze? Aber es geht noch besser. Vor wenigen Tagen f\u00fchrten die rum\u00e4nischen Sicherheitsbeh\u00f6rden eine Hausdurchsuchung bei einem ehemaligen General, Radu Theodoru, durch, wegen Umsturzversuchs \u2013 bei einem Verd\u00e4chtigen im zarten Alter von 101 Jahren.<\/p>\n<p>Dahinter steckt nat\u00fcrlich die Auseinandersetzung um den unwillkommenen Pr\u00e4sidentschaftskandidaten C\u0103lin Georgescu; die Anklage gegen Georgescu, die ihn an Medienkontakten und Wahlkampf hindern soll, beruht auf dem Vorwurf gegen Theodoru und dessen &#8220;Mitverschw\u00f6rer&#8221;. Klar ist, Georgescu ist der EU ein Dorn im Auge, ebenso wie der NATO, also beiden unseligen Br\u00fcsseler Zwillingen. Heute hat er seine Kandidatur zum zweiten Anlauf der Pr\u00e4sidentschaftswahlen eingereicht, nachdem der erste aufgrund des fadenscheinigen Vorwurfs russischer Einflussnahme f\u00fcr ung\u00fcltig erkl\u00e4rt wurde.<\/p>\n<p>Die Man\u00f6ver in Rum\u00e4nien haben Unwillen bei der neuen US-Regierung unter Donald Trump hervorgerufen; sein Vizepr\u00e4sident J.D. Vance hatte Rum\u00e4nien in seiner Rede auf der M\u00fcnchner Sicherheitskonferenz als Beispiel angef\u00fchrt, wie wenig Respekt man in der EU der Demokratie entgegenbringe. Nach Meldung des rum\u00e4nischen Portals Active News soll Tulsi Gabbard, die neue Geheimdienstkoordinatorin der Vereinigten Staaten, die damit die Kontrolle \u00fcber die gesamte Buchstabensuppe (mit Ausnahme des FBI) erhalten hat, in den n\u00e4chsten Tagen nach Europa reisen \u2013 unter anderem, um sich genauer \u00fcber die Verh\u00e4ltnisse in Rum\u00e4nien zu informieren. Gabbard, langj\u00e4hrige Friedensaktivistin und von der Biden-Regierung sogar auf die Terror\u00fcberwachungsliste der Fluggesellschaften gesetzt, ist nicht wirklich leicht einzusch\u00fcchtern und schon rein menschlich ein anderes Kaliber als das \u00fcbliche EU-Personal.<\/p>\n<p>Der Europ\u00e4ische Gerichtshof f\u00fcr Menschenrechte hat \u00fcbrigens gerade erst die Klage Georgescus gegen die Annullierung der rum\u00e4nischen Pr\u00e4sidentschaftswahl <a rel=\"nofollow noopener\" target=\"_blank\" href=\"https:\/\/hudoc.echr.coe.int\/app\/conversion\/pdf\/?library=ECHR&amp;id=003-8173801-11464587&amp;filename=Decision%20Calin%20Georgescu%20v.%20Romania%20-%20Calin%20Georgescu%20claims%20concerning%20annulment%20of%20presidential%20election%20rejected%20by%20European%20Court.pdf\">zur\u00fcckgewiesen<\/a>. Der zentrale Punkt der Begr\u00fcndung: Der Anspruch <a rel=\"nofollow noopener\" target=\"_blank\" href=\"https:\/\/www.menschenrechtskonvention.eu\/zusatzprotokoll-emrk-9251\/#2-artikel-3---recht-auf-freie-wahlen\">bezogen<\/a> auf Artikel 3 des Zusatzprotokolls der Europ\u00e4ischen Menschenrechtskonvention, &#8220;freie und geheime Wahlen unter Bedingungen abzuhalten, welche die freie \u00c4u\u00dferung der Meinung des Volkes bei der Wahl der gesetzgebenden K\u00f6rperschaften gew\u00e4hrleisten&#8221;, treffe nicht zu, weil das Amt des Pr\u00e4sidenten nach der rum\u00e4nischen Verfassung nicht Teil der Legislative sei. Eine Kandidatur f\u00fcr ein Pr\u00e4sidentenamt falle auch nicht unter die Menschenrechte.<\/p>\n<p>Nun, unschuldig war die Annullierung keinesfalls. Nicht nur, weil l\u00e4ngst erwiesen ist, dass die TikTok-Videos, die die angebliche russische Einflussnahme sein sollten, von der Partei des damals noch amtierenden Pr\u00e4sidenten Klaus Ioannis finanziert wurden. Auch, weil das rum\u00e4nische Gericht zuerst die Wahl als g\u00fcltig anerkannt hatte, und die Wahrscheinlichkeit der Einflussnahme aus Br\u00fcssel hoch ist. Der russische Auslandsgeheimdienst SWR machte seine Sicht dieser Vorg\u00e4nge sogar \u00f6ffentlich, ein vergleichsweise rarer Vorgang:<\/p>\n<p><em>&#8220;Die Pr\u00e4sidentin der Europ\u00e4ischen Kommission Ursula von der Leyen, die eine Schl\u00fcsselrolle bei der Anerkennung der Ergebnisse der ersten Runde der Pr\u00e4sidentschaftswahlen in Rum\u00e4nien als ung\u00fcltig spielte, forderte die derzeitigen Beh\u00f6rden in Bukarest auf, Georgescu von der Teilnahme an der zweiten Runde im Mai auszuschlie\u00dfen. Sie warnte, dass die Europ\u00e4ische Union den Zugang zu ihren Finanzmitteln f\u00fcr Rum\u00e4nien einschr\u00e4nken werde, sollte dieser Vertreter der &#8216;systemfremden Kr\u00e4fte&#8217; seinen Wahlkampf fortsetzen.&#8221;<\/em><\/p>\n<p>Von der Leyen weist diese Vorw\u00fcrfe selbstverst\u00e4ndlich weit von sich. Allerdings ist da auch die Aussage des ehemaligen EU-Kommissars Thierry Breton, der letzten Sommer versuchte, die Verbreitung des Gespr\u00e4chs zwischen Elon Musk und dem damaligen Pr\u00e4sidentschaftskandidaten Donald Trump in der EU zu verhindern, und der vor den deutschen Wahlen erkl\u00e4rte, das, was man mit Rum\u00e4nien gemacht habe, k\u00f6nne bei Bedarf auch in Deutschland passieren.<\/p>\n<p>Und da ist noch ein aktueller Artikel der <em>Financial Times<\/em>, die Georgescu einen sehr langen Text <a rel=\"nofollow noopener\" target=\"_blank\" href=\"https:\/\/www.ft.com\/content\/6b89410a-4f8e-41c5-8827-1864a0afe900\">widmet<\/a>. In dem gleich die Behauptung gestreut wird, ebendiese Aussage des SWR sei geradezu ein Beleg daf\u00fcr, dass Georgescu in russischen Diensten stehe. Die ganze Geschichte ist so abenteuerlich, wie man das von derartigen Vorw\u00fcrfen in der EU mittlerweile gewohnt ist.<\/p>\n<p>Georgescu, der im Jahr 1989 ganze 27 Jahre alt war und gerade mal sein Studium beendet hatte, habe mit dem rum\u00e4nischen Sicherheitsdienst Securitate in Verbindung gestanden, weil er laut seines Lebenslaufs in Gro\u00dfbritannien und in den Vereinigten Staaten auf seine Promotion hingearbeitet habe, und das sei nur mit Einwilligung der Securitate m\u00f6glich gewesen. Allerdings liegen zwischen seinem Studienabschluss 1986 und seiner Promotion 1999 auch in dem <a rel=\"nofollow noopener\" target=\"_blank\" href=\"https:\/\/www.ohchr.org\/en\/special-procedures\/sr-toxics-and-human-rights\/mr-calin-georgescu-former-special-rapporteur-2010-2012\">Lebenslauf<\/a>, den die <em>FT<\/em> anf\u00fchrt, doch einige Jahre mehr, und nirgends steht, dass er vor 1989 ins Ausland gegangen ist. Ganz anders sieht das \u00fcbrigens bei der ehemaligen Bundeskanzlerin Angela Merkel aus, die immerhin zu DDR-Zeiten in Moskau studierte; aber sie hat durch ihr sp\u00e4teres politisches Handeln schlie\u00dflich belegt, eher in der US-Buchstabensuppe zu schwimmen.<\/p>\n<p>Nach dem Jahr 2000 arbeitete Georgescu f\u00fcr rum\u00e4nische, aber auch f\u00fcr internationale Organisationen, darunter die UNO. Die Querverbindung, die dann noch gezogen wird, von dem reichlich d\u00fcnnen Securitate-Verdacht zum sowjetischen KGB, ist noch absurder. Dass die Beziehungen zwischen Rum\u00e4nien und der Sowjetunion nicht einfach waren, obwohl Rum\u00e4nien Teil des Warschauer Vertrags war, wei\u00df sogar ich \u2013 dazu waren in der <em>Peking Rundschau<\/em> vor f\u00fcnfzig Jahren einfach zu viele lobende Artikel \u00fcber Rum\u00e4nien. Ceau\u0219escu lieb\u00e4ugelte gern mit Peking. Was zumindest nahelegt, dass die Verbindungen zwischen Securitate und KGB \u00e4hnlich kompliziert waren. Wie dann ausgerechnet jemand, der gerade mal sein Studium fertig hat, gewisserma\u00dfen das Erbe der ganzen 1989 zerfallenen Struktur angetreten haben soll, bleibt das Geheimnis der <em>Financial Times<\/em> \u2013 oder ihrer Br\u00fcsseler Stichwortgeber.<\/p>\n<p>Der EU-freundliche Pr\u00e4sidentschaftskandidat Crin Antonescu arbeitet jedenfalls mit diesem Konstrukt. &#8220;Er ist ein Geist der ehemaligen Securitate, er folgt dem Diskurs der Securitate, er hat vermutlich die Unterst\u00fctzung der alten Securitate&#8221;, zitiert ihn die <em>FT<\/em>. Die vierzig Prozent, die Meinungsumfragen Georgescu zuschreiben, sollen also alle auf den Einfluss einer Handvoll alter M\u00e4nner zur\u00fcckgehen, die noch dazu den ganzen EU-finanzierten Apparat gegen sich haben?<\/p>\n<p>Au\u00dferdem soll sich Georgescu mit Alexander Dugin getroffen haben. Das ist wohl ein Mahl mit dem Teufel pers\u00f6nlich. Diese S\u00e4tze sind so h\u00fcbsch, die kann man nicht vorenthalten:<\/p>\n<p><em>&#8220;Georgescu hat abgestritten, von irgendwelcher Hilfe aus Moskau zu profitieren. Aber er gab zu, Dugin zu kennen und getroffen zu haben, der schon lange vor Moskaus vollst\u00e4ndiger Invasion 2022 daf\u00fcr eintrat, Russland solle die Ukraine angreifen.&#8221;<\/em><\/p>\n<p>Klar, in der Sprachregelung der <em>FT<\/em> ist das eine ganz bizarre Forderung. Tats\u00e4chlich war es bei weitem nicht nur Dugin, der der russischen Regierung vorwarf, nicht genug zum Schutz des Donbass zu unternehmen, der seit 2014 unter dem Beschuss der ukrainischen Armee leben musste. Insofern h\u00e4tte es zumindest in Russland genug andere gegeben, die eine \u00e4hnliche Position vertraten. K\u00f6nnte auch sein, Georgescu hat mit Dugin gar nicht \u00fcber den Donbass geredet, sondern \u00fcber deutsche Philosophen. Egal. Ein Mahl mit dem Teufel.<\/p>\n<p>Um auf die oben erw\u00e4hnten Aussagen zu Br\u00fcssel zur\u00fcckzukommen, der spannendste wie bedrohlichste Absatz des ganzen Artikels ist dieser hier:<\/p>\n<p><em>&#8220;Trotz Drucks sowohl seitens der USA und Russlands scheint Bukarest entschlossen, den 62-j\u00e4hrigen &#8216;Souver\u00e4nisten&#8217; von der Wahlteilnahme abzuhalten. Zwei Personen, die mit der Materie vertraut sind, sagten der Financial Times, Georgescus Kandidatur f\u00fcr das Pr\u00e4sidentenamt werde wahrscheinlich gestrichen, wegen der strafrechtlichen Untersuchung.&#8221;<\/em><\/p>\n<p>Es sind also nicht nur der SWR und Ex-Kommissar Breton, die auf finstere Machenschaften im Hintergrund deuten, sondern auch die <em>FT<\/em> selbst. Und die EU-B\u00fcrokratie war auch sonst nicht unt\u00e4tig \u2013 Rum\u00e4nien bekam passend zum Wahlkampf ein neues Zensurrecht, nach dem das &#8220;Teilen polarisierender Inhalte&#8221; oder das &#8220;Teilen von Verschw\u00f6rungstheorien, emotionalen Appellen, Clickbait-Nachrichten und falsche\/irref\u00fchrende Information&#8221; zensiert werden k\u00f6nnen. &#8220;Es wird mindestens zehn Institutionen mit zahllosen B\u00fcros und Ermittlern im Netz geben, mit NGOs und Freiwilligen, E-Mail-Adressen, auf denen man melden kann, mit mehr Soldaten, Inspektoren, Experten, Spezialisten, Rechtsanw\u00e4lten, die die Entscheidung treffen, dass ein Artikel entfernt werden muss. \u2026 Die Anti-EU muss geschlossen werden&#8221;, <a rel=\"nofollow noopener\" target=\"_blank\" href=\"https:\/\/www.activenews.ro\/opinii\/Cornel-Nistorescu-Pazea-Vine-cenzura-195684\">kommentierte<\/a> der Nachrichtenchef des Portals <em>Active News<\/em>, Cornel Nistorescu.<\/p>\n<p>Aber zur\u00fcck zum rum\u00e4nischen Rollatorputsch, der immerhin dazu dienen soll, Georgescu von der Teilnahme an der Wahl auszuschlie\u00dfen. Der rum\u00e4nische Verteidigungsminister hat sich \u00f6ffentlich daf\u00fcr entschuldigt, dem alten General im Januar zum 101. Geburtstag gratuliert zu haben, und dann auch noch zugesichert, dass derartige Irrt\u00fcmer zuk\u00fcnftig nicht mehr vorkommen.<\/p>\n<p>Der jugendliche Luftwaffengeneral soll mit Russland \u00fcber einen Austritt aus der NATO verhandelt haben; seinem Umfeld wird vorgeworfen, wirtschaftliche und kulturelle Beziehungen mit Russland, China und Iran aufnehmen zu wollen. Thedoru hatte vor drei Jahren zusammen mit anderen pensionierten Milit\u00e4rs und einem engen Mitarbeiter Georgescus \u2013 dar\u00fcber wird die Verbindung hergestellt \u2013 einen offenen Brief an den damaligen Pr\u00e4sidenten Klaus Ioannis und Premierminister Florin C\u00ee\u021bu geschrieben, in dem ihnen vorgeworfen wurde, &#8220;gegen die nationalen Interessen&#8221; zu handeln. Was, wenn man beispielsweise wei\u00df, wie erbarmungslos rum\u00e4nische W\u00e4lder abgeholzt werden, oder dass die NATO ihren gr\u00f6\u00dften St\u00fctzpunkt in Rum\u00e4nien errichtet, mit keinem anderen Ziel, als Rum\u00e4nien ins Feuer zu werfen, wenn die Ukraine aufgebraucht ist, durchaus eine handfeste Grundlage haben k\u00f6nnte. Schlie\u00dflich funktioniert auch das ganze Spiel mit Moldawien nur, solange Rum\u00e4nien fest unter Kontrolle ist.<\/p>\n<p>Theodoru ist zudem noch h\u00e4ufiger Gespr\u00e4chspartner bei <em>Sputnik<\/em> und war Gast in der russischen Botschaft. Ein beachtliches Pensum f\u00fcr einen Hundertj\u00e4hrigen. Auch der Hauptvorwurf gegen zwei Mitangeklagte lautet, sie h\u00e4tten zweimal die russische Botschaft aufgesucht. Einer von ihnen <a rel=\"nofollow noopener\" target=\"_blank\" href=\"https:\/\/www.romania-insider.com\/two-men-charged-treason-detention-bucharest-court-appeal-2025\">kommentierte<\/a> das nach der Vorf\u00fchrung vor Gericht so: &#8220;Nur weil man einem russischen Diplomaten die Hand sch\u00fcttelt, hei\u00dft das nicht, dass man Regierungen st\u00fcrzt.&#8221; \u00dcberhaupt h\u00e4tten sie Theodoru nur begleitet.<\/p>\n<p>Der ganze Umsturzvorwurf, der auch gegen Georgescu erhoben wird, wird zwar gro\u00df aufgebauscht, aber mehr als das ist da nicht. Bezogen auf Georgescu ist er noch besonders unsinnig \u2013 warum sollte jemand, der ganz direkt Wahlen gewinnen kann, auf einen Umsturz hinarbeiten? Mit mindestens 40 Prozent hat man das einfach nicht n\u00f6tig.<\/p>\n<p>Was allerdings am meisten verbl\u00fcfft, ist das ungeheure politische Geschick der Br\u00fcsseler Spitzen, das sich hier wieder einmal zeigt. Denn es mag ja problemlos funktionieren, einen Kandidaten mit zwei, drei oder vielleicht sogar zehn Prozent mit faulen Tricks zu blockieren. Aber bei zwanzig wird es eng. Bei vierzig? Wehe, die Stimmen verteilen sich auch noch auf geografisch klar erkennbare Regionen. Dann ist das ein erstklassiges Rezept zu einem B\u00fcrgerkrieg; in dem man es dann nicht mehr mit 101-j\u00e4hrigen Gener\u00e4len zu tun h\u00e4tte.<\/p>\n<p>Es ist die klassische Hybris, die sich da in der belgischen Hauptstadt ballt. Denn n\u00fcchtern gesprochen w\u00e4re, so es denn um das Hauptziel dieses NATO-St\u00fctzpunkts ginge, Kompromiss angesagt. Die Wahlen laufen lassen, und dann vielleicht um die EU-Subventionen verhandeln. Aber einen weit vorne liegenden Kandidaten aus dem Rennen zu nehmen ist nicht nur v\u00f6llig undemokratisch (das ist man von der EU inzwischen ja gew\u00f6hnt), sondern noch dazu machtpolitisch extrem dumm. Besonders gut kommt das, nebenbei, wenn gleichzeitig im Nachbarland Bulgarien gro\u00dfe Proteste gegen die Einf\u00fchrung des Euros stattfinden, und schlie\u00dflich in Griechenland ebenfalls gerade der Volkszorn hochkocht, mit Generalstreik und gewaltigen Demonstrationen. Als wolle man die gesamte S\u00fcdostflanke der EU in Brand setzen.<\/p>\n<p>In den Anf\u00e4ngen, als der ganze Br\u00fcsseler Laden noch Europ\u00e4ische Wirtschaftsgemeinschaft hie\u00df, brauchte es viel und geschickte Diplomatie, schon allein, um Deutschland und Frankreich unter einen Hut zu bringen. Da war der best\u00e4ndige Kompromiss die Tagesordnung. Aber das, was dann zur EU wurde, hat l\u00e4ngst vergessen, wie Kompromisse funktionieren, hat die Diplomatie in den Giftschrank gesperrt und ergeht sich darin, alles zum Feind, wenn nicht gleich zum russischen Agenten zu erkl\u00e4ren, was nicht vollst\u00e4ndig gehorcht. Egal, auf welche Vorstellung von kluger Herrschaft man zur\u00fcckgreifen will, Sunzi, Machiavelli oder Rousseau, damit hat das nichts zu tun. F\u00fcr den Rest Westeuropas kann das Vorgehen in Rum\u00e4nien nur eine deutliche Warnung sein.<\/p>\n<p><strong>Mehr zum Thema<\/strong> &#8211;\u00a0<a rel=\"nofollow noopener\" target=\"_blank\" href=\"https:\/\/freedert.online\/meinung\/238198-in-rumaenien-erklimmt-eu-demokratie\/\">In Rum\u00e4nien erklimmt die EU-&#8220;Demokratie&#8221; ganz neue H\u00f6hen<\/a><\/p>\n<div class=\"EmbedBlock-root EmbedBlock-externalVideo EmbedBlock-rumble\">\n<div class=\"VkEmbed\"><iframe class=\"lazyload\" data-src=\"https:\/\/rumble.com\/embed\/v6nwkbe\" frameborder=\"0\" width=\"853\" height=\"480\" allowfullscreen><\/iframe><\/div>\n<\/div>\n<\/div>\n<p><br \/>\n<br \/><a href=\"https:\/\/de.rt.com\/meinung\/238938-eu-gegen-demokratie-in-rumaenien\/\">Source link <\/a><\/p>\n","protected":false},"excerpt":{"rendered":"<p>Es ist der neueste Musterfall daf\u00fcr, was sich die EU-B\u00fcrokratie in Br\u00fcssel unter Demokratie vorstellt. Ein Muster, das die neue Chefin der US-Geheimdienste, Tulsi Gabbard, in den n\u00e4chsten Tagen genauer in Augenschein nehmen wird. Von Dagmar Henn Der deutsche Rollatorputsch ist ein Skandal, mit seiner Kreuzung aus weit \u00fcberzogenem Agieren der Staatsmacht und Verd\u00e4chtigen weit [&hellip;]<\/p>\n","protected":false},"author":3,"featured_media":79864,"comment_status":"open","ping_status":"open","sticky":false,"template":"","format":"standard","meta":{"_yoast_indexnow_last_ping":["1741376108"],"wp_automatic_camp":["217"],"0b941304801d479dc3fd1be738fe3ec3":["Die EU gegen die Demokratie in Rum\u00e4nien: Rollatorputsch auf Speed"],"original_link":["https:\/\/de.rt.com\/meinung\/238938-eu-gegen-demokratie-in-rumaenien\/"],"_thumbnail_id":["79864"],"jnews_social_counter_last_update":["1777332802"],"_wptgpro_p2tg_sent2tg":["a:1:{i:23737;s:19:\"2025-03-07 21:36:15\";}"]},"categories":[19,23],"tags":[133,2570,45,278,52860,24443,13475],"yoast_head":"<!-- This site is optimized with the Yoast SEO Premium plugin v22.7 (Yoast SEO v22.7) - https:\/\/yoast.com\/wordpress\/plugins\/seo\/ -->\n<title>Die EU gegen die Demokratie in Rum\u00e4nien: Rollatorputsch auf Speed - just-now.NEWS Deutschland<\/title>\n<meta name=\"robots\" content=\"index, follow, max-snippet:-1, max-image-preview:large, max-video-preview:-1\" \/>\n<link rel=\"canonical\" href=\"https:\/\/now-news.de\/de\/deutschland\/die-eu-gegen-die-demokratie-in-rumaenien-rollatorputsch-auf-speed\/\" \/>\n<meta property=\"og:locale\" content=\"de_DE\" \/>\n<meta property=\"og:type\" content=\"article\" \/>\n<meta property=\"og:title\" content=\"Die EU gegen die Demokratie in Rum\u00e4nien: Rollatorputsch auf Speed\" \/>\n<meta property=\"og:description\" content=\"Es ist der neueste Musterfall daf\u00fcr, was sich die EU-B\u00fcrokratie in Br\u00fcssel unter Demokratie vorstellt. Ein Muster, das die neue Chefin der US-Geheimdienste, Tulsi Gabbard, in den n\u00e4chsten Tagen genauer in Augenschein nehmen wird. Von Dagmar Henn Der deutsche Rollatorputsch ist ein Skandal, mit seiner Kreuzung aus weit \u00fcberzogenem Agieren der Staatsmacht und Verd\u00e4chtigen weit [&hellip;]\" \/>\n<meta property=\"og:url\" content=\"https:\/\/now-news.de\/de\/deutschland\/die-eu-gegen-die-demokratie-in-rumaenien-rollatorputsch-auf-speed\/\" \/>\n<meta property=\"og:site_name\" content=\"just-now.NEWS Deutschland\" \/>\n<meta property=\"article:publisher\" content=\"https:\/\/www.facebook.com\/wirmachenauf\" \/>\n<meta property=\"article:published_time\" content=\"2025-03-07T19:30:14+00:00\" \/>\n<meta property=\"og:image\" content=\"https:\/\/now-news.de\/de\/wp-content\/uploads\/sites\/3\/2025\/03\/67cb28a448fbef4da463fef5.jpg\" \/>\n<meta name=\"author\" content=\"rtnews\" \/>\n<meta name=\"twitter:card\" content=\"summary_large_image\" \/>\n<meta name=\"twitter:creator\" content=\"@WirMachenAuf_de\" \/>\n<meta name=\"twitter:site\" content=\"@WirMachenAuf_de\" \/>\n<meta name=\"twitter:label1\" content=\"Verfasst von\" \/>\n\t<meta name=\"twitter:data1\" content=\"rtnews\" \/>\n\t<meta name=\"twitter:label2\" content=\"Gesch\u00e4tzte Lesezeit\" \/>\n\t<meta name=\"twitter:data2\" content=\"10\u00a0Minuten\" \/>\n<script type=\"application\/ld+json\" class=\"yoast-schema-graph\">{\"@context\":\"https:\/\/schema.org\",\"@graph\":[{\"@type\":\"Article\",\"@id\":\"https:\/\/now-news.de\/de\/deutschland\/die-eu-gegen-die-demokratie-in-rumaenien-rollatorputsch-auf-speed\/#article\",\"isPartOf\":{\"@id\":\"https:\/\/now-news.de\/de\/deutschland\/die-eu-gegen-die-demokratie-in-rumaenien-rollatorputsch-auf-speed\/\"},\"author\":{\"name\":\"rtnews\",\"@id\":\"https:\/\/now-news.de\/de\/#\/schema\/person\/fb534a4e865501d8b3285208df34a9b5\"},\"headline\":\"Die EU gegen die Demokratie in Rum\u00e4nien: Rollatorputsch auf Speed\",\"datePublished\":\"2025-03-07T19:30:14+00:00\",\"dateModified\":\"2025-03-07T19:30:14+00:00\",\"mainEntityOfPage\":{\"@id\":\"https:\/\/now-news.de\/de\/deutschland\/die-eu-gegen-die-demokratie-in-rumaenien-rollatorputsch-auf-speed\/\"},\"wordCount\":2050,\"commentCount\":0,\"publisher\":{\"@id\":\"https:\/\/now-news.de\/de\/#organization\"},\"image\":{\"@id\":\"https:\/\/now-news.de\/de\/deutschland\/die-eu-gegen-die-demokratie-in-rumaenien-rollatorputsch-auf-speed\/#primaryimage\"},\"thumbnailUrl\":\"https:\/\/now-news.de\/de\/wp-content\/uploads\/sites\/3\/2025\/03\/Die-EU-gegen-die-Demokratie-in-Rumaenien-Rollatorputsch-auf-Speed.jpg\",\"keywords\":[\"AUF\",\"Demokratie\",\"die\",\"gegen\",\"RollatorPutsch\",\"Rum\u00e4nien\",\"SPEED\"],\"articleSection\":[\"Deutschland\",\"Russland\"],\"inLanguage\":\"de\",\"potentialAction\":[{\"@type\":\"CommentAction\",\"name\":\"Comment\",\"target\":[\"https:\/\/now-news.de\/de\/deutschland\/die-eu-gegen-die-demokratie-in-rumaenien-rollatorputsch-auf-speed\/#respond\"]}]},{\"@type\":\"WebPage\",\"@id\":\"https:\/\/now-news.de\/de\/deutschland\/die-eu-gegen-die-demokratie-in-rumaenien-rollatorputsch-auf-speed\/\",\"url\":\"https:\/\/now-news.de\/de\/deutschland\/die-eu-gegen-die-demokratie-in-rumaenien-rollatorputsch-auf-speed\/\",\"name\":\"Die EU gegen die Demokratie in Rum\u00e4nien: Rollatorputsch auf Speed - just-now.NEWS Deutschland\",\"isPartOf\":{\"@id\":\"https:\/\/now-news.de\/de\/#website\"},\"primaryImageOfPage\":{\"@id\":\"https:\/\/now-news.de\/de\/deutschland\/die-eu-gegen-die-demokratie-in-rumaenien-rollatorputsch-auf-speed\/#primaryimage\"},\"image\":{\"@id\":\"https:\/\/now-news.de\/de\/deutschland\/die-eu-gegen-die-demokratie-in-rumaenien-rollatorputsch-auf-speed\/#primaryimage\"},\"thumbnailUrl\":\"https:\/\/now-news.de\/de\/wp-content\/uploads\/sites\/3\/2025\/03\/Die-EU-gegen-die-Demokratie-in-Rumaenien-Rollatorputsch-auf-Speed.jpg\",\"datePublished\":\"2025-03-07T19:30:14+00:00\",\"dateModified\":\"2025-03-07T19:30:14+00:00\",\"breadcrumb\":{\"@id\":\"https:\/\/now-news.de\/de\/deutschland\/die-eu-gegen-die-demokratie-in-rumaenien-rollatorputsch-auf-speed\/#breadcrumb\"},\"inLanguage\":\"de\",\"potentialAction\":[{\"@type\":\"ReadAction\",\"target\":[\"https:\/\/now-news.de\/de\/deutschland\/die-eu-gegen-die-demokratie-in-rumaenien-rollatorputsch-auf-speed\/\"]}]},{\"@type\":\"ImageObject\",\"inLanguage\":\"de\",\"@id\":\"https:\/\/now-news.de\/de\/deutschland\/die-eu-gegen-die-demokratie-in-rumaenien-rollatorputsch-auf-speed\/#primaryimage\",\"url\":\"https:\/\/now-news.de\/de\/wp-content\/uploads\/sites\/3\/2025\/03\/Die-EU-gegen-die-Demokratie-in-Rumaenien-Rollatorputsch-auf-Speed.jpg\",\"contentUrl\":\"https:\/\/now-news.de\/de\/wp-content\/uploads\/sites\/3\/2025\/03\/Die-EU-gegen-die-Demokratie-in-Rumaenien-Rollatorputsch-auf-Speed.jpg\",\"width\":460,\"height\":259,\"caption\":\"Die EU gegen die Demokratie in Rum\u00e4nien: Rollatorputsch auf Speed\"},{\"@type\":\"BreadcrumbList\",\"@id\":\"https:\/\/now-news.de\/de\/deutschland\/die-eu-gegen-die-demokratie-in-rumaenien-rollatorputsch-auf-speed\/#breadcrumb\",\"itemListElement\":[{\"@type\":\"ListItem\",\"position\":1,\"name\":\"Home\",\"item\":\"https:\/\/now-news.de\/de\/\"},{\"@type\":\"ListItem\",\"position\":2,\"name\":\"Die EU gegen die Demokratie in Rum\u00e4nien: Rollatorputsch auf Speed\"}]},{\"@type\":\"WebSite\",\"@id\":\"https:\/\/now-news.de\/de\/#website\",\"url\":\"https:\/\/now-news.de\/de\/\",\"name\":\"just-now.NEWS Deutschland\",\"description\":\"Das Portal f\u00fcr unzensierte Nachrichten aus der Welt\",\"publisher\":{\"@id\":\"https:\/\/now-news.de\/de\/#organization\"},\"potentialAction\":[{\"@type\":\"SearchAction\",\"target\":{\"@type\":\"EntryPoint\",\"urlTemplate\":\"https:\/\/now-news.de\/de\/?s={search_term_string}\"},\"query-input\":\"required name=search_term_string\"}],\"inLanguage\":\"de\"},{\"@type\":\"Organization\",\"@id\":\"https:\/\/now-news.de\/de\/#organization\",\"name\":\"Just Now News\",\"url\":\"https:\/\/now-news.de\/de\/\",\"logo\":{\"@type\":\"ImageObject\",\"inLanguage\":\"de\",\"@id\":\"https:\/\/now-news.de\/de\/#\/schema\/logo\/image\/\",\"url\":\"http:\/\/just-now.news\/de\/wp-content\/uploads\/sites\/3\/2022\/04\/logo500x500.jpg\",\"contentUrl\":\"http:\/\/just-now.news\/de\/wp-content\/uploads\/sites\/3\/2022\/04\/logo500x500.jpg\",\"width\":500,\"height\":500,\"caption\":\"Just Now News\"},\"image\":{\"@id\":\"https:\/\/now-news.de\/de\/#\/schema\/logo\/image\/\"},\"sameAs\":[\"https:\/\/www.facebook.com\/wirmachenauf\",\"https:\/\/x.com\/WirMachenAuf_de\"]},{\"@type\":\"Person\",\"@id\":\"https:\/\/now-news.de\/de\/#\/schema\/person\/fb534a4e865501d8b3285208df34a9b5\",\"name\":\"rtnews\",\"image\":{\"@type\":\"ImageObject\",\"inLanguage\":\"de\",\"@id\":\"https:\/\/now-news.de\/de\/#\/schema\/person\/image\/\",\"url\":\"https:\/\/secure.gravatar.com\/avatar\/82aafea7d8127119dd649515f56e2117?s=96&d=mm&r=g\",\"contentUrl\":\"https:\/\/secure.gravatar.com\/avatar\/82aafea7d8127119dd649515f56e2117?s=96&d=mm&r=g\",\"caption\":\"rtnews\"},\"url\":\"https:\/\/now-news.de\/de\/author\/rnews\/\"}]}<\/script>\n<!-- \/ Yoast SEO Premium plugin. -->","yoast_head_json":{"title":"Die EU gegen die Demokratie in Rum\u00e4nien: Rollatorputsch auf Speed - just-now.NEWS Deutschland","robots":{"index":"index","follow":"follow","max-snippet":"max-snippet:-1","max-image-preview":"max-image-preview:large","max-video-preview":"max-video-preview:-1"},"canonical":"https:\/\/now-news.de\/de\/deutschland\/die-eu-gegen-die-demokratie-in-rumaenien-rollatorputsch-auf-speed\/","og_locale":"de_DE","og_type":"article","og_title":"Die EU gegen die Demokratie in Rum\u00e4nien: Rollatorputsch auf Speed","og_description":"Es ist der neueste Musterfall daf\u00fcr, was sich die EU-B\u00fcrokratie in Br\u00fcssel unter Demokratie vorstellt. Ein Muster, das die neue Chefin der US-Geheimdienste, Tulsi Gabbard, in den n\u00e4chsten Tagen genauer in Augenschein nehmen wird. Von Dagmar Henn Der deutsche Rollatorputsch ist ein Skandal, mit seiner Kreuzung aus weit \u00fcberzogenem Agieren der Staatsmacht und Verd\u00e4chtigen weit [&hellip;]","og_url":"https:\/\/now-news.de\/de\/deutschland\/die-eu-gegen-die-demokratie-in-rumaenien-rollatorputsch-auf-speed\/","og_site_name":"just-now.NEWS Deutschland","article_publisher":"https:\/\/www.facebook.com\/wirmachenauf","article_published_time":"2025-03-07T19:30:14+00:00","og_image":[{"url":"https:\/\/now-news.de\/de\/wp-content\/uploads\/sites\/3\/2025\/03\/67cb28a448fbef4da463fef5.jpg"}],"author":"rtnews","twitter_card":"summary_large_image","twitter_creator":"@WirMachenAuf_de","twitter_site":"@WirMachenAuf_de","twitter_misc":{"Verfasst von":"rtnews","Gesch\u00e4tzte Lesezeit":"10\u00a0Minuten"},"schema":{"@context":"https:\/\/schema.org","@graph":[{"@type":"Article","@id":"https:\/\/now-news.de\/de\/deutschland\/die-eu-gegen-die-demokratie-in-rumaenien-rollatorputsch-auf-speed\/#article","isPartOf":{"@id":"https:\/\/now-news.de\/de\/deutschland\/die-eu-gegen-die-demokratie-in-rumaenien-rollatorputsch-auf-speed\/"},"author":{"name":"rtnews","@id":"https:\/\/now-news.de\/de\/#\/schema\/person\/fb534a4e865501d8b3285208df34a9b5"},"headline":"Die EU gegen die Demokratie in Rum\u00e4nien: Rollatorputsch auf Speed","datePublished":"2025-03-07T19:30:14+00:00","dateModified":"2025-03-07T19:30:14+00:00","mainEntityOfPage":{"@id":"https:\/\/now-news.de\/de\/deutschland\/die-eu-gegen-die-demokratie-in-rumaenien-rollatorputsch-auf-speed\/"},"wordCount":2050,"commentCount":0,"publisher":{"@id":"https:\/\/now-news.de\/de\/#organization"},"image":{"@id":"https:\/\/now-news.de\/de\/deutschland\/die-eu-gegen-die-demokratie-in-rumaenien-rollatorputsch-auf-speed\/#primaryimage"},"thumbnailUrl":"https:\/\/now-news.de\/de\/wp-content\/uploads\/sites\/3\/2025\/03\/Die-EU-gegen-die-Demokratie-in-Rumaenien-Rollatorputsch-auf-Speed.jpg","keywords":["AUF","Demokratie","die","gegen","RollatorPutsch","Rum\u00e4nien","SPEED"],"articleSection":["Deutschland","Russland"],"inLanguage":"de","potentialAction":[{"@type":"CommentAction","name":"Comment","target":["https:\/\/now-news.de\/de\/deutschland\/die-eu-gegen-die-demokratie-in-rumaenien-rollatorputsch-auf-speed\/#respond"]}]},{"@type":"WebPage","@id":"https:\/\/now-news.de\/de\/deutschland\/die-eu-gegen-die-demokratie-in-rumaenien-rollatorputsch-auf-speed\/","url":"https:\/\/now-news.de\/de\/deutschland\/die-eu-gegen-die-demokratie-in-rumaenien-rollatorputsch-auf-speed\/","name":"Die EU gegen die Demokratie in Rum\u00e4nien: Rollatorputsch auf Speed - just-now.NEWS Deutschland","isPartOf":{"@id":"https:\/\/now-news.de\/de\/#website"},"primaryImageOfPage":{"@id":"https:\/\/now-news.de\/de\/deutschland\/die-eu-gegen-die-demokratie-in-rumaenien-rollatorputsch-auf-speed\/#primaryimage"},"image":{"@id":"https:\/\/now-news.de\/de\/deutschland\/die-eu-gegen-die-demokratie-in-rumaenien-rollatorputsch-auf-speed\/#primaryimage"},"thumbnailUrl":"https:\/\/now-news.de\/de\/wp-content\/uploads\/sites\/3\/2025\/03\/Die-EU-gegen-die-Demokratie-in-Rumaenien-Rollatorputsch-auf-Speed.jpg","datePublished":"2025-03-07T19:30:14+00:00","dateModified":"2025-03-07T19:30:14+00:00","breadcrumb":{"@id":"https:\/\/now-news.de\/de\/deutschland\/die-eu-gegen-die-demokratie-in-rumaenien-rollatorputsch-auf-speed\/#breadcrumb"},"inLanguage":"de","potentialAction":[{"@type":"ReadAction","target":["https:\/\/now-news.de\/de\/deutschland\/die-eu-gegen-die-demokratie-in-rumaenien-rollatorputsch-auf-speed\/"]}]},{"@type":"ImageObject","inLanguage":"de","@id":"https:\/\/now-news.de\/de\/deutschland\/die-eu-gegen-die-demokratie-in-rumaenien-rollatorputsch-auf-speed\/#primaryimage","url":"https:\/\/now-news.de\/de\/wp-content\/uploads\/sites\/3\/2025\/03\/Die-EU-gegen-die-Demokratie-in-Rumaenien-Rollatorputsch-auf-Speed.jpg","contentUrl":"https:\/\/now-news.de\/de\/wp-content\/uploads\/sites\/3\/2025\/03\/Die-EU-gegen-die-Demokratie-in-Rumaenien-Rollatorputsch-auf-Speed.jpg","width":460,"height":259,"caption":"Die EU gegen die Demokratie in Rum\u00e4nien: Rollatorputsch auf Speed"},{"@type":"BreadcrumbList","@id":"https:\/\/now-news.de\/de\/deutschland\/die-eu-gegen-die-demokratie-in-rumaenien-rollatorputsch-auf-speed\/#breadcrumb","itemListElement":[{"@type":"ListItem","position":1,"name":"Home","item":"https:\/\/now-news.de\/de\/"},{"@type":"ListItem","position":2,"name":"Die EU gegen die Demokratie in Rum\u00e4nien: Rollatorputsch auf Speed"}]},{"@type":"WebSite","@id":"https:\/\/now-news.de\/de\/#website","url":"https:\/\/now-news.de\/de\/","name":"just-now.NEWS Deutschland","description":"Das Portal f\u00fcr unzensierte Nachrichten aus der Welt","publisher":{"@id":"https:\/\/now-news.de\/de\/#organization"},"potentialAction":[{"@type":"SearchAction","target":{"@type":"EntryPoint","urlTemplate":"https:\/\/now-news.de\/de\/?s={search_term_string}"},"query-input":"required name=search_term_string"}],"inLanguage":"de"},{"@type":"Organization","@id":"https:\/\/now-news.de\/de\/#organization","name":"Just Now News","url":"https:\/\/now-news.de\/de\/","logo":{"@type":"ImageObject","inLanguage":"de","@id":"https:\/\/now-news.de\/de\/#\/schema\/logo\/image\/","url":"http:\/\/just-now.news\/de\/wp-content\/uploads\/sites\/3\/2022\/04\/logo500x500.jpg","contentUrl":"http:\/\/just-now.news\/de\/wp-content\/uploads\/sites\/3\/2022\/04\/logo500x500.jpg","width":500,"height":500,"caption":"Just Now News"},"image":{"@id":"https:\/\/now-news.de\/de\/#\/schema\/logo\/image\/"},"sameAs":["https:\/\/www.facebook.com\/wirmachenauf","https:\/\/x.com\/WirMachenAuf_de"]},{"@type":"Person","@id":"https:\/\/now-news.de\/de\/#\/schema\/person\/fb534a4e865501d8b3285208df34a9b5","name":"rtnews","image":{"@type":"ImageObject","inLanguage":"de","@id":"https:\/\/now-news.de\/de\/#\/schema\/person\/image\/","url":"https:\/\/secure.gravatar.com\/avatar\/82aafea7d8127119dd649515f56e2117?s=96&d=mm&r=g","contentUrl":"https:\/\/secure.gravatar.com\/avatar\/82aafea7d8127119dd649515f56e2117?s=96&d=mm&r=g","caption":"rtnews"},"url":"https:\/\/now-news.de\/de\/author\/rnews\/"}]}},"_links":{"self":[{"href":"https:\/\/now-news.de\/de\/wp-json\/wp\/v2\/posts\/79863"}],"collection":[{"href":"https:\/\/now-news.de\/de\/wp-json\/wp\/v2\/posts"}],"about":[{"href":"https:\/\/now-news.de\/de\/wp-json\/wp\/v2\/types\/post"}],"author":[{"embeddable":true,"href":"https:\/\/now-news.de\/de\/wp-json\/wp\/v2\/users\/3"}],"replies":[{"embeddable":true,"href":"https:\/\/now-news.de\/de\/wp-json\/wp\/v2\/comments?post=79863"}],"version-history":[{"count":0,"href":"https:\/\/now-news.de\/de\/wp-json\/wp\/v2\/posts\/79863\/revisions"}],"wp:featuredmedia":[{"embeddable":true,"href":"https:\/\/now-news.de\/de\/wp-json\/wp\/v2\/media\/79864"}],"wp:attachment":[{"href":"https:\/\/now-news.de\/de\/wp-json\/wp\/v2\/media?parent=79863"}],"wp:term":[{"taxonomy":"category","embeddable":true,"href":"https:\/\/now-news.de\/de\/wp-json\/wp\/v2\/categories?post=79863"},{"taxonomy":"post_tag","embeddable":true,"href":"https:\/\/now-news.de\/de\/wp-json\/wp\/v2\/tags?post=79863"}],"curies":[{"name":"wp","href":"https:\/\/api.w.org\/{rel}","templated":true}]}}