{"id":79845,"date":"2025-03-07T17:45:39","date_gmt":"2025-03-07T15:45:39","guid":{"rendered":"https:\/\/now-news.de\/de\/deutschland\/frankreich-gibt-weitere-militaerstuetzpunkte-in-afrika-auf\/"},"modified":"2025-03-07T17:45:39","modified_gmt":"2025-03-07T15:45:39","slug":"frankreich-gibt-weitere-militaerstuetzpunkte-in-afrika-auf","status":"publish","type":"post","link":"https:\/\/now-news.de\/de\/deutschland\/frankreich-gibt-weitere-militaerstuetzpunkte-in-afrika-auf\/","title":{"rendered":"Frankreich gibt weitere Milit\u00e4rst\u00fctzpunkte in Afrika auf"},"content":{"rendered":"<p><img decoding=\"async\" src=\"https:\/\/now-news.de\/de\/wp-content\/uploads\/sites\/3\/2025\/03\/67cb0a85b480cc07071dc531.jpg\" \/><\/p>\n<div class=\"Text-root Text-type_1 \">\n                Frankreichs milit\u00e4rische Pr\u00e4senz in seinen ehemaligen Kolonien in Afrika nimmt weiterhin ab. Die franz\u00f6sische Botschaft in Senegal k\u00fcndigte am Freitag die \u00dcbergabe weiterer milit\u00e4rischer Objekte in der Stadt Dakar an lokale Beh\u00f6rden an.\n            <\/div>\n<p><\/p>\n<div class=\"Text-root Text-type_5 ArticleView-text ViewText-root \">\n<p>In Senegal hat Frankreich den lokalen Beh\u00f6rden mehrere Objekte \u00fcbergeben, die zuvor von der franz\u00f6sischen Armee genutzt worden waren. Frankreichs Botschaft in Senegals Hauptstadt Dakar gab dazu bekannt:<\/p>\n<p><em>&#8220;Die franz\u00f6sische Seite hat der senegalesischen Seite an diesem Freitag, dem 7.\u00a0M\u00e4rz, Objekte und Wohnr\u00e4ume in den Bezirken Marechal und Saint-Exupery zur\u00fcckgegeben.&#8221;<\/em><\/p>\n<p>Zuvor hatte Frankreichs Au\u00dfenministerium im Februar berichtet, dass Paris und Dakar eine gemeinsame Kommission gegr\u00fcndet hatten, um franz\u00f6sische Truppen bis Ende\u00a02025 aus Senegal abzuziehen.<\/p>\n<p>Wie die Nachrichtenagentur <em>AFP<\/em> berichtete, wurde der erste St\u00fctzpunkt in Senegal Ende\u00a02024 zur\u00fcckgegeben. Weitere Objekte sollen k\u00fcnftig gem\u00e4\u00df einem gemeinsam vereinbarten Zeitplan an Senegal zur\u00fcckgegeben werden, meldete die Botschaft weiter.<\/p>\n<p>In den vergangenen Jahren war Frankreich gezwungen gewesen, seine Truppenkontingente aus zahlreichen ehemaligen Kolonien in Afrika abzuziehen, vor allem in der Sahelzone. So hatte das franz\u00f6sische Milit\u00e4r nach der K\u00fcndigung entsprechender Abkommen von Seiten der afrikanischen Staaten im Jahr 2022 Mali und im nachfolgenden Jahr Burkina-Faso und Niger verlassen m\u00fcssen. Im Jahr 2024 meldete die Zeitung <em>Le Monde,\u00a0<\/em>dass Paris seine Milit\u00e4rpr\u00e4senz in Gabun, Senegal und der Elfenbeink\u00fcste betr\u00e4chtlich verringern werde. Im November\u00a02024 forderte Tschad den Abzug franz\u00f6sischer Truppen aus dem Land, der im Januar dieses Jahres beendet wurde.<\/p>\n<p><strong>Mehr zum Thema:\u00a0<\/strong><a rel=\"nofollow noopener\" target=\"_blank\" href=\"https:\/\/freedert.online\/afrika\/234849-mali-burkina-faso-und-niger\/\">Mali, Burkina Faso und Niger verlassen nach rund 50 Jahren Staatenbund ECOWAS<\/a><\/p>\n<div class=\"EmbedBlock-root EmbedBlock-externalVideo EmbedBlock-rumble\">\n<div class=\"VkEmbed\"><iframe class=\"lazyload\" data-src=\"https:\/\/rumble.com\/embed\/v67q4q7\" frameborder=\"0\" width=\"853\" height=\"480\" allowfullscreen><\/iframe><\/div>\n<\/div>\n<\/div>\n<p><br \/>\n<br \/><a href=\"https:\/\/de.rt.com\/afrika\/238920-frankreich-gibt-weitere-militaerstuetzpunkte-in-afrika-auf\/\">Source link <\/a><\/p>\n","protected":false},"excerpt":{"rendered":"<p>Frankreichs milit\u00e4rische Pr\u00e4senz in seinen ehemaligen Kolonien in Afrika nimmt weiterhin ab. Die franz\u00f6sische Botschaft in Senegal k\u00fcndigte am Freitag die \u00dcbergabe weiterer milit\u00e4rischer Objekte in der Stadt Dakar an lokale Beh\u00f6rden an. In Senegal hat Frankreich den lokalen Beh\u00f6rden mehrere Objekte \u00fcbergeben, die zuvor von der franz\u00f6sischen Armee genutzt worden waren. Frankreichs Botschaft in [&hellip;]<\/p>\n","protected":false},"author":3,"featured_media":79846,"comment_status":"open","ping_status":"open","sticky":false,"template":"","format":"standard","meta":{"_yoast_indexnow_last_ping":["1741364449"],"wp_automatic_camp":["217"],"2b5cf8aa2aa13cd10777937de5b6c224":["Frankreich gibt weitere Milit\u00e4rst\u00fctzpunkte in Afrika auf"],"original_link":["https:\/\/de.rt.com\/afrika\/238920-frankreich-gibt-weitere-militaerstuetzpunkte-in-afrika-auf\/"],"_thumbnail_id":["79846"],"jnews_social_counter_last_update":["1777345017"],"_wptgpro_p2tg_sent2tg":["a:1:{i:23737;s:19:\"2025-03-07 18:22:13\";}"]},"categories":[19,23],"tags":[18099,133,3320,1002,35957,823],"yoast_head":"<!-- This site is optimized with the Yoast SEO Premium plugin v22.7 (Yoast SEO v22.7) - https:\/\/yoast.com\/wordpress\/plugins\/seo\/ -->\n<title>Frankreich gibt weitere Milit\u00e4rst\u00fctzpunkte in Afrika auf - just-now.NEWS Deutschland<\/title>\n<meta name=\"robots\" content=\"index, follow, max-snippet:-1, max-image-preview:large, max-video-preview:-1\" \/>\n<link rel=\"canonical\" href=\"https:\/\/now-news.de\/de\/deutschland\/frankreich-gibt-weitere-militaerstuetzpunkte-in-afrika-auf\/\" \/>\n<meta property=\"og:locale\" content=\"de_DE\" \/>\n<meta property=\"og:type\" content=\"article\" \/>\n<meta property=\"og:title\" content=\"Frankreich gibt weitere Milit\u00e4rst\u00fctzpunkte in Afrika auf\" \/>\n<meta property=\"og:description\" content=\"Frankreichs milit\u00e4rische Pr\u00e4senz in seinen ehemaligen Kolonien in Afrika nimmt weiterhin ab. Die franz\u00f6sische Botschaft in Senegal k\u00fcndigte am Freitag die \u00dcbergabe weiterer milit\u00e4rischer Objekte in der Stadt Dakar an lokale Beh\u00f6rden an. In Senegal hat Frankreich den lokalen Beh\u00f6rden mehrere Objekte \u00fcbergeben, die zuvor von der franz\u00f6sischen Armee genutzt worden waren. Frankreichs Botschaft in [&hellip;]\" \/>\n<meta property=\"og:url\" content=\"https:\/\/now-news.de\/de\/deutschland\/frankreich-gibt-weitere-militaerstuetzpunkte-in-afrika-auf\/\" \/>\n<meta property=\"og:site_name\" content=\"just-now.NEWS Deutschland\" \/>\n<meta property=\"article:publisher\" content=\"https:\/\/www.facebook.com\/wirmachenauf\" \/>\n<meta property=\"article:published_time\" content=\"2025-03-07T15:45:39+00:00\" \/>\n<meta property=\"og:image\" content=\"https:\/\/now-news.de\/de\/wp-content\/uploads\/sites\/3\/2025\/03\/67cb0a85b480cc07071dc531.jpg\" \/>\n<meta name=\"author\" content=\"rtnews\" \/>\n<meta name=\"twitter:card\" content=\"summary_large_image\" \/>\n<meta name=\"twitter:creator\" content=\"@WirMachenAuf_de\" \/>\n<meta name=\"twitter:site\" content=\"@WirMachenAuf_de\" \/>\n<meta name=\"twitter:label1\" content=\"Verfasst von\" \/>\n\t<meta name=\"twitter:data1\" content=\"rtnews\" \/>\n\t<meta name=\"twitter:label2\" content=\"Gesch\u00e4tzte Lesezeit\" \/>\n\t<meta name=\"twitter:data2\" content=\"1\u00a0Minute\" \/>\n<script type=\"application\/ld+json\" class=\"yoast-schema-graph\">{\"@context\":\"https:\/\/schema.org\",\"@graph\":[{\"@type\":\"Article\",\"@id\":\"https:\/\/now-news.de\/de\/deutschland\/frankreich-gibt-weitere-militaerstuetzpunkte-in-afrika-auf\/#article\",\"isPartOf\":{\"@id\":\"https:\/\/now-news.de\/de\/deutschland\/frankreich-gibt-weitere-militaerstuetzpunkte-in-afrika-auf\/\"},\"author\":{\"name\":\"rtnews\",\"@id\":\"https:\/\/now-news.de\/de\/#\/schema\/person\/fb534a4e865501d8b3285208df34a9b5\"},\"headline\":\"Frankreich gibt weitere Milit\u00e4rst\u00fctzpunkte in Afrika auf\",\"datePublished\":\"2025-03-07T15:45:39+00:00\",\"dateModified\":\"2025-03-07T15:45:39+00:00\",\"mainEntityOfPage\":{\"@id\":\"https:\/\/now-news.de\/de\/deutschland\/frankreich-gibt-weitere-militaerstuetzpunkte-in-afrika-auf\/\"},\"wordCount\":278,\"commentCount\":0,\"publisher\":{\"@id\":\"https:\/\/now-news.de\/de\/#organization\"},\"image\":{\"@id\":\"https:\/\/now-news.de\/de\/deutschland\/frankreich-gibt-weitere-militaerstuetzpunkte-in-afrika-auf\/#primaryimage\"},\"thumbnailUrl\":\"https:\/\/now-news.de\/de\/wp-content\/uploads\/sites\/3\/2025\/03\/Frankreich-gibt-weitere-Militaerstuetzpunkte-in-Afrika-auf.jpg\",\"keywords\":[\"Afrika\",\"AUF\",\"Frankreich\",\"gibt\",\"Milit\u00e4rst\u00fctzpunkte\",\"weitere\"],\"articleSection\":[\"Deutschland\",\"Russland\"],\"inLanguage\":\"de\",\"potentialAction\":[{\"@type\":\"CommentAction\",\"name\":\"Comment\",\"target\":[\"https:\/\/now-news.de\/de\/deutschland\/frankreich-gibt-weitere-militaerstuetzpunkte-in-afrika-auf\/#respond\"]}]},{\"@type\":\"WebPage\",\"@id\":\"https:\/\/now-news.de\/de\/deutschland\/frankreich-gibt-weitere-militaerstuetzpunkte-in-afrika-auf\/\",\"url\":\"https:\/\/now-news.de\/de\/deutschland\/frankreich-gibt-weitere-militaerstuetzpunkte-in-afrika-auf\/\",\"name\":\"Frankreich gibt weitere Milit\u00e4rst\u00fctzpunkte in Afrika auf - just-now.NEWS Deutschland\",\"isPartOf\":{\"@id\":\"https:\/\/now-news.de\/de\/#website\"},\"primaryImageOfPage\":{\"@id\":\"https:\/\/now-news.de\/de\/deutschland\/frankreich-gibt-weitere-militaerstuetzpunkte-in-afrika-auf\/#primaryimage\"},\"image\":{\"@id\":\"https:\/\/now-news.de\/de\/deutschland\/frankreich-gibt-weitere-militaerstuetzpunkte-in-afrika-auf\/#primaryimage\"},\"thumbnailUrl\":\"https:\/\/now-news.de\/de\/wp-content\/uploads\/sites\/3\/2025\/03\/Frankreich-gibt-weitere-Militaerstuetzpunkte-in-Afrika-auf.jpg\",\"datePublished\":\"2025-03-07T15:45:39+00:00\",\"dateModified\":\"2025-03-07T15:45:39+00:00\",\"breadcrumb\":{\"@id\":\"https:\/\/now-news.de\/de\/deutschland\/frankreich-gibt-weitere-militaerstuetzpunkte-in-afrika-auf\/#breadcrumb\"},\"inLanguage\":\"de\",\"potentialAction\":[{\"@type\":\"ReadAction\",\"target\":[\"https:\/\/now-news.de\/de\/deutschland\/frankreich-gibt-weitere-militaerstuetzpunkte-in-afrika-auf\/\"]}]},{\"@type\":\"ImageObject\",\"inLanguage\":\"de\",\"@id\":\"https:\/\/now-news.de\/de\/deutschland\/frankreich-gibt-weitere-militaerstuetzpunkte-in-afrika-auf\/#primaryimage\",\"url\":\"https:\/\/now-news.de\/de\/wp-content\/uploads\/sites\/3\/2025\/03\/Frankreich-gibt-weitere-Militaerstuetzpunkte-in-Afrika-auf.jpg\",\"contentUrl\":\"https:\/\/now-news.de\/de\/wp-content\/uploads\/sites\/3\/2025\/03\/Frankreich-gibt-weitere-Militaerstuetzpunkte-in-Afrika-auf.jpg\",\"width\":460,\"height\":259,\"caption\":\"Frankreich gibt weitere Milit\u00e4rst\u00fctzpunkte in Afrika auf\"},{\"@type\":\"BreadcrumbList\",\"@id\":\"https:\/\/now-news.de\/de\/deutschland\/frankreich-gibt-weitere-militaerstuetzpunkte-in-afrika-auf\/#breadcrumb\",\"itemListElement\":[{\"@type\":\"ListItem\",\"position\":1,\"name\":\"Home\",\"item\":\"https:\/\/now-news.de\/de\/\"},{\"@type\":\"ListItem\",\"position\":2,\"name\":\"Frankreich gibt weitere Milit\u00e4rst\u00fctzpunkte in Afrika auf\"}]},{\"@type\":\"WebSite\",\"@id\":\"https:\/\/now-news.de\/de\/#website\",\"url\":\"https:\/\/now-news.de\/de\/\",\"name\":\"just-now.NEWS Deutschland\",\"description\":\"Das Portal f\u00fcr unzensierte Nachrichten aus der Welt\",\"publisher\":{\"@id\":\"https:\/\/now-news.de\/de\/#organization\"},\"potentialAction\":[{\"@type\":\"SearchAction\",\"target\":{\"@type\":\"EntryPoint\",\"urlTemplate\":\"https:\/\/now-news.de\/de\/?s={search_term_string}\"},\"query-input\":\"required name=search_term_string\"}],\"inLanguage\":\"de\"},{\"@type\":\"Organization\",\"@id\":\"https:\/\/now-news.de\/de\/#organization\",\"name\":\"Just Now News\",\"url\":\"https:\/\/now-news.de\/de\/\",\"logo\":{\"@type\":\"ImageObject\",\"inLanguage\":\"de\",\"@id\":\"https:\/\/now-news.de\/de\/#\/schema\/logo\/image\/\",\"url\":\"http:\/\/just-now.news\/de\/wp-content\/uploads\/sites\/3\/2022\/04\/logo500x500.jpg\",\"contentUrl\":\"http:\/\/just-now.news\/de\/wp-content\/uploads\/sites\/3\/2022\/04\/logo500x500.jpg\",\"width\":500,\"height\":500,\"caption\":\"Just Now News\"},\"image\":{\"@id\":\"https:\/\/now-news.de\/de\/#\/schema\/logo\/image\/\"},\"sameAs\":[\"https:\/\/www.facebook.com\/wirmachenauf\",\"https:\/\/x.com\/WirMachenAuf_de\"]},{\"@type\":\"Person\",\"@id\":\"https:\/\/now-news.de\/de\/#\/schema\/person\/fb534a4e865501d8b3285208df34a9b5\",\"name\":\"rtnews\",\"image\":{\"@type\":\"ImageObject\",\"inLanguage\":\"de\",\"@id\":\"https:\/\/now-news.de\/de\/#\/schema\/person\/image\/\",\"url\":\"https:\/\/secure.gravatar.com\/avatar\/82aafea7d8127119dd649515f56e2117?s=96&d=mm&r=g\",\"contentUrl\":\"https:\/\/secure.gravatar.com\/avatar\/82aafea7d8127119dd649515f56e2117?s=96&d=mm&r=g\",\"caption\":\"rtnews\"},\"url\":\"https:\/\/now-news.de\/de\/author\/rnews\/\"}]}<\/script>\n<!-- \/ Yoast SEO Premium plugin. -->","yoast_head_json":{"title":"Frankreich gibt weitere Milit\u00e4rst\u00fctzpunkte in Afrika auf - just-now.NEWS Deutschland","robots":{"index":"index","follow":"follow","max-snippet":"max-snippet:-1","max-image-preview":"max-image-preview:large","max-video-preview":"max-video-preview:-1"},"canonical":"https:\/\/now-news.de\/de\/deutschland\/frankreich-gibt-weitere-militaerstuetzpunkte-in-afrika-auf\/","og_locale":"de_DE","og_type":"article","og_title":"Frankreich gibt weitere Milit\u00e4rst\u00fctzpunkte in Afrika auf","og_description":"Frankreichs milit\u00e4rische Pr\u00e4senz in seinen ehemaligen Kolonien in Afrika nimmt weiterhin ab. Die franz\u00f6sische Botschaft in Senegal k\u00fcndigte am Freitag die \u00dcbergabe weiterer milit\u00e4rischer Objekte in der Stadt Dakar an lokale Beh\u00f6rden an. In Senegal hat Frankreich den lokalen Beh\u00f6rden mehrere Objekte \u00fcbergeben, die zuvor von der franz\u00f6sischen Armee genutzt worden waren. Frankreichs Botschaft in [&hellip;]","og_url":"https:\/\/now-news.de\/de\/deutschland\/frankreich-gibt-weitere-militaerstuetzpunkte-in-afrika-auf\/","og_site_name":"just-now.NEWS Deutschland","article_publisher":"https:\/\/www.facebook.com\/wirmachenauf","article_published_time":"2025-03-07T15:45:39+00:00","og_image":[{"url":"https:\/\/now-news.de\/de\/wp-content\/uploads\/sites\/3\/2025\/03\/67cb0a85b480cc07071dc531.jpg"}],"author":"rtnews","twitter_card":"summary_large_image","twitter_creator":"@WirMachenAuf_de","twitter_site":"@WirMachenAuf_de","twitter_misc":{"Verfasst von":"rtnews","Gesch\u00e4tzte Lesezeit":"1\u00a0Minute"},"schema":{"@context":"https:\/\/schema.org","@graph":[{"@type":"Article","@id":"https:\/\/now-news.de\/de\/deutschland\/frankreich-gibt-weitere-militaerstuetzpunkte-in-afrika-auf\/#article","isPartOf":{"@id":"https:\/\/now-news.de\/de\/deutschland\/frankreich-gibt-weitere-militaerstuetzpunkte-in-afrika-auf\/"},"author":{"name":"rtnews","@id":"https:\/\/now-news.de\/de\/#\/schema\/person\/fb534a4e865501d8b3285208df34a9b5"},"headline":"Frankreich gibt weitere Milit\u00e4rst\u00fctzpunkte in Afrika auf","datePublished":"2025-03-07T15:45:39+00:00","dateModified":"2025-03-07T15:45:39+00:00","mainEntityOfPage":{"@id":"https:\/\/now-news.de\/de\/deutschland\/frankreich-gibt-weitere-militaerstuetzpunkte-in-afrika-auf\/"},"wordCount":278,"commentCount":0,"publisher":{"@id":"https:\/\/now-news.de\/de\/#organization"},"image":{"@id":"https:\/\/now-news.de\/de\/deutschland\/frankreich-gibt-weitere-militaerstuetzpunkte-in-afrika-auf\/#primaryimage"},"thumbnailUrl":"https:\/\/now-news.de\/de\/wp-content\/uploads\/sites\/3\/2025\/03\/Frankreich-gibt-weitere-Militaerstuetzpunkte-in-Afrika-auf.jpg","keywords":["Afrika","AUF","Frankreich","gibt","Milit\u00e4rst\u00fctzpunkte","weitere"],"articleSection":["Deutschland","Russland"],"inLanguage":"de","potentialAction":[{"@type":"CommentAction","name":"Comment","target":["https:\/\/now-news.de\/de\/deutschland\/frankreich-gibt-weitere-militaerstuetzpunkte-in-afrika-auf\/#respond"]}]},{"@type":"WebPage","@id":"https:\/\/now-news.de\/de\/deutschland\/frankreich-gibt-weitere-militaerstuetzpunkte-in-afrika-auf\/","url":"https:\/\/now-news.de\/de\/deutschland\/frankreich-gibt-weitere-militaerstuetzpunkte-in-afrika-auf\/","name":"Frankreich gibt weitere Milit\u00e4rst\u00fctzpunkte in Afrika auf - just-now.NEWS Deutschland","isPartOf":{"@id":"https:\/\/now-news.de\/de\/#website"},"primaryImageOfPage":{"@id":"https:\/\/now-news.de\/de\/deutschland\/frankreich-gibt-weitere-militaerstuetzpunkte-in-afrika-auf\/#primaryimage"},"image":{"@id":"https:\/\/now-news.de\/de\/deutschland\/frankreich-gibt-weitere-militaerstuetzpunkte-in-afrika-auf\/#primaryimage"},"thumbnailUrl":"https:\/\/now-news.de\/de\/wp-content\/uploads\/sites\/3\/2025\/03\/Frankreich-gibt-weitere-Militaerstuetzpunkte-in-Afrika-auf.jpg","datePublished":"2025-03-07T15:45:39+00:00","dateModified":"2025-03-07T15:45:39+00:00","breadcrumb":{"@id":"https:\/\/now-news.de\/de\/deutschland\/frankreich-gibt-weitere-militaerstuetzpunkte-in-afrika-auf\/#breadcrumb"},"inLanguage":"de","potentialAction":[{"@type":"ReadAction","target":["https:\/\/now-news.de\/de\/deutschland\/frankreich-gibt-weitere-militaerstuetzpunkte-in-afrika-auf\/"]}]},{"@type":"ImageObject","inLanguage":"de","@id":"https:\/\/now-news.de\/de\/deutschland\/frankreich-gibt-weitere-militaerstuetzpunkte-in-afrika-auf\/#primaryimage","url":"https:\/\/now-news.de\/de\/wp-content\/uploads\/sites\/3\/2025\/03\/Frankreich-gibt-weitere-Militaerstuetzpunkte-in-Afrika-auf.jpg","contentUrl":"https:\/\/now-news.de\/de\/wp-content\/uploads\/sites\/3\/2025\/03\/Frankreich-gibt-weitere-Militaerstuetzpunkte-in-Afrika-auf.jpg","width":460,"height":259,"caption":"Frankreich gibt weitere Milit\u00e4rst\u00fctzpunkte in Afrika auf"},{"@type":"BreadcrumbList","@id":"https:\/\/now-news.de\/de\/deutschland\/frankreich-gibt-weitere-militaerstuetzpunkte-in-afrika-auf\/#breadcrumb","itemListElement":[{"@type":"ListItem","position":1,"name":"Home","item":"https:\/\/now-news.de\/de\/"},{"@type":"ListItem","position":2,"name":"Frankreich gibt weitere Milit\u00e4rst\u00fctzpunkte in Afrika auf"}]},{"@type":"WebSite","@id":"https:\/\/now-news.de\/de\/#website","url":"https:\/\/now-news.de\/de\/","name":"just-now.NEWS Deutschland","description":"Das Portal f\u00fcr unzensierte Nachrichten aus der Welt","publisher":{"@id":"https:\/\/now-news.de\/de\/#organization"},"potentialAction":[{"@type":"SearchAction","target":{"@type":"EntryPoint","urlTemplate":"https:\/\/now-news.de\/de\/?s={search_term_string}"},"query-input":"required name=search_term_string"}],"inLanguage":"de"},{"@type":"Organization","@id":"https:\/\/now-news.de\/de\/#organization","name":"Just Now News","url":"https:\/\/now-news.de\/de\/","logo":{"@type":"ImageObject","inLanguage":"de","@id":"https:\/\/now-news.de\/de\/#\/schema\/logo\/image\/","url":"http:\/\/just-now.news\/de\/wp-content\/uploads\/sites\/3\/2022\/04\/logo500x500.jpg","contentUrl":"http:\/\/just-now.news\/de\/wp-content\/uploads\/sites\/3\/2022\/04\/logo500x500.jpg","width":500,"height":500,"caption":"Just Now News"},"image":{"@id":"https:\/\/now-news.de\/de\/#\/schema\/logo\/image\/"},"sameAs":["https:\/\/www.facebook.com\/wirmachenauf","https:\/\/x.com\/WirMachenAuf_de"]},{"@type":"Person","@id":"https:\/\/now-news.de\/de\/#\/schema\/person\/fb534a4e865501d8b3285208df34a9b5","name":"rtnews","image":{"@type":"ImageObject","inLanguage":"de","@id":"https:\/\/now-news.de\/de\/#\/schema\/person\/image\/","url":"https:\/\/secure.gravatar.com\/avatar\/82aafea7d8127119dd649515f56e2117?s=96&d=mm&r=g","contentUrl":"https:\/\/secure.gravatar.com\/avatar\/82aafea7d8127119dd649515f56e2117?s=96&d=mm&r=g","caption":"rtnews"},"url":"https:\/\/now-news.de\/de\/author\/rnews\/"}]}},"_links":{"self":[{"href":"https:\/\/now-news.de\/de\/wp-json\/wp\/v2\/posts\/79845"}],"collection":[{"href":"https:\/\/now-news.de\/de\/wp-json\/wp\/v2\/posts"}],"about":[{"href":"https:\/\/now-news.de\/de\/wp-json\/wp\/v2\/types\/post"}],"author":[{"embeddable":true,"href":"https:\/\/now-news.de\/de\/wp-json\/wp\/v2\/users\/3"}],"replies":[{"embeddable":true,"href":"https:\/\/now-news.de\/de\/wp-json\/wp\/v2\/comments?post=79845"}],"version-history":[{"count":0,"href":"https:\/\/now-news.de\/de\/wp-json\/wp\/v2\/posts\/79845\/revisions"}],"wp:featuredmedia":[{"embeddable":true,"href":"https:\/\/now-news.de\/de\/wp-json\/wp\/v2\/media\/79846"}],"wp:attachment":[{"href":"https:\/\/now-news.de\/de\/wp-json\/wp\/v2\/media?parent=79845"}],"wp:term":[{"taxonomy":"category","embeddable":true,"href":"https:\/\/now-news.de\/de\/wp-json\/wp\/v2\/categories?post=79845"},{"taxonomy":"post_tag","embeddable":true,"href":"https:\/\/now-news.de\/de\/wp-json\/wp\/v2\/tags?post=79845"}],"curies":[{"name":"wp","href":"https:\/\/api.w.org\/{rel}","templated":true}]}}