{"id":79843,"date":"2025-03-07T17:51:51","date_gmt":"2025-03-07T15:51:51","guid":{"rendered":"https:\/\/now-news.de\/de\/deutschland\/peskow-russland-kann-auf-militarisierung-der-eu-reagieren\/"},"modified":"2025-03-07T17:51:51","modified_gmt":"2025-03-07T15:51:51","slug":"peskow-russland-kann-auf-militarisierung-der-eu-reagieren","status":"publish","type":"post","link":"https:\/\/now-news.de\/de\/deutschland\/peskow-russland-kann-auf-militarisierung-der-eu-reagieren\/","title":{"rendered":"Peskow: Russland kann auf Militarisierung der EU reagieren"},"content":{"rendered":"<p><img decoding=\"async\" src=\"https:\/\/now-news.de\/de\/wp-content\/uploads\/sites\/3\/2025\/03\/67cafd1348fbef506e503204.jpg\" \/><\/p>\n<div class=\"Text-root Text-type_1 \">\n                Auf eine Aufr\u00fcstung der Europ\u00e4ischen Union k\u00f6nnte Russland mit entsprechenden Gegenma\u00dfnahmen reagieren, sagt Dmitri Peskow, Pressesprecher des russischen Pr\u00e4sidenten. Zudem mahnt er an, die Atomwaffen von europ\u00e4ischen Staaten nicht au\u00dfer Acht zu lassen.\n            <\/div>\n<p><\/p>\n<div class=\"Text-root Text-type_5 ArticleView-text ViewText-root \">\n<p>Russland ist bereit, im Fall einer Militarisierung der Europ\u00e4ischen Union Gegenma\u00dfnahmen zu ergreifen. Auf eine entsprechende Frage antwortete der Pressesekret\u00e4r des russischen Pr\u00e4sidenten, Dmitri Peskow w\u00e4hrend einer Pressekonferenz am 7. M\u00e4rz:<\/p>\n<blockquote>\n<p><em>&#8220;All diese Militarisierung erfolgt haupts\u00e4chlich gegen die Russische F\u00f6deration. All das k\u00f6nnte nat\u00fcrlich ein Thema f\u00fcr unsere tiefe Besorgnis sein und daf\u00fcr, dass eine Notwendigkeit entsteht, entsprechende Antwortma\u00dfnahmen f\u00fcr unsere Sicherheit zu ergreifen.&#8221;<\/em><\/p>\n<\/blockquote>\n<p>Zuvor hatte Die Leiterin der EU-Kommission Ursula von der Leyen vorgeschlagen, eine Wiederbewaffnung Europas sowie die milit\u00e4rische Unterst\u00fctzung der Ukraine mit 800 Milliarden Euro innerhalb von vier Jahren zu finanzieren. Die Staatschefs der EU haben auf einem Sondergipfel in Br\u00fcssel dieses Vorhaben unterst\u00fctzt.<\/p>\n<p>Dazu erkl\u00e4rte Peskow:<\/p>\n<p><em>&#8220;Wir sehen, dass die Europ\u00e4ische Union jetzt ziemlich aktiv \u00fcber eine Militarisierung spricht. Die Entwicklung der R\u00fcstungsbranche der EU ist ein Prozess, den wir sorgf\u00e4ltig beobachten.&#8221;<\/em><\/p>\n<p>Peskow betonte, dass die EU Russland als ihren Hauptgegner positioniere und daher die Militarisierung der Union vor allem gegen Russland erfolge. Der Sprecher f\u00fcgte hinzu:<\/p>\n<p><em>&#8220;Nat\u00fcrlich steht diese Konfrontationsrhetorik, die wir in Br\u00fcssel und anderen europ\u00e4ischen Hauptst\u00e4dten sehen, der Suche nach Wegen f\u00fcr eine friedliche Regulierung um die Ukraine ernsthaft entgegen.&#8221;<\/em><\/p>\n<p>In diesem Zusammenhang erkl\u00e4rte Peskow weiter, dass bei theoretischen Abr\u00fcstungsverhandlungen zwischen Russland und den USA europ\u00e4ische Nuklearwaffen ebenfalls ber\u00fccksichtigt werden sollen. Dieses Thema sei vor dem Hintergrund von \u00c4u\u00dferungen des franz\u00f6sischen Pr\u00e4sidenten Emmanuel Macron besonders relevant. Peskow erkl\u00e4rte:<\/p>\n<p><em>&#8220;Die Aktualit\u00e4t der Ber\u00fccksichtigung dieser Nukleararsenale ist noch h\u00f6her, als zuvor, betrachtet man die j\u00fcngste \u00c4u\u00dferung von Herrn Macron, dass Frankreich einen eigenen Nuklearschirm zur Sicherheit der europ\u00e4ischen Staaten ben\u00f6tige. Wie wir gestern h\u00f6rten, unterst\u00fctzten einige europ\u00e4ische Staaten eilig dieses Vorhaben.&#8221;<\/em><\/p>\n<p>Macron hatte am 5. M\u00e4rz behauptet, dass Russland versuche, den Ukraine-Konflikt in eine globale Konfrontation zu verwandeln und eine Bedrohung f\u00fcr Europa darstelle. In seiner \u00c4u\u00dferung \u00fcber die Notwendigkeit eines &#8220;Nuklearschirms&#8221; f\u00fcr Europa wurde er von Polens Ministerpr\u00e4sidenten Donald Tusk unterst\u00fctzt. Tusk forderte zudem, ein &#8220;Wettr\u00fcsten&#8221; gegen Russland zu beginnen.<\/p>\n<p>Bez\u00fcglich des Konflikts in der Ukraine betonte der Sprecher des russischen Pr\u00e4sidenten, dass Moskau eine diplomatische L\u00f6sung vorziehe, die allerdings von der Position der Ukraine verhindert werde. Peskow erkl\u00e4rte:<\/p>\n<p><em>&#8220;Nat\u00fcrlich bevorzugen wir das Erreichen unserer Ziele mit politischen und diplomatischen Methoden. Doch unter Bedingungen, bei denen die Ukraine einen Dialog verweigert und ihn sich selbst juristisch verbietet, setzen wir die spezielle Milit\u00e4roperation fort, um unsere Interessen zu sichern.&#8221;<\/em><\/p>\n<p><strong>Mehr zum Thema <\/strong>\u2013 <a rel=\"nofollow noopener\" target=\"_blank\" href=\"https:\/\/freedert.online\/europa\/238678-europaeer-werden-fuer-beginnende-zeitalter\/\">EU-B\u00fcrger werden f\u00fcr das beginnende &#8220;Zeitalter der Aufr\u00fcstung&#8221; mit ihrem Wohlstand bezahlen<\/a><\/p>\n<div class=\"EmbedBlock-root EmbedBlock-externalVideo EmbedBlock-rumble\">\n<div class=\"VkEmbed\"><iframe class=\"lazyload\" data-src=\"https:\/\/rumble.com\/embed\/v6o1ppw\" frameborder=\"0\" width=\"853\" height=\"480\" allowfullscreen><\/iframe><\/div>\n<\/div>\n<\/div>\n<p><br \/>\n<br \/><a href=\"https:\/\/de.rt.com\/international\/238916-peskow-russland-kann-auf-militarisierung\/\">Source link <\/a><\/p>\n","protected":false},"excerpt":{"rendered":"<p>Auf eine Aufr\u00fcstung der Europ\u00e4ischen Union k\u00f6nnte Russland mit entsprechenden Gegenma\u00dfnahmen reagieren, sagt Dmitri Peskow, Pressesprecher des russischen Pr\u00e4sidenten. Zudem mahnt er an, die Atomwaffen von europ\u00e4ischen Staaten nicht au\u00dfer Acht zu lassen. Russland ist bereit, im Fall einer Militarisierung der Europ\u00e4ischen Union Gegenma\u00dfnahmen zu ergreifen. Auf eine entsprechende Frage antwortete der Pressesekret\u00e4r des russischen [&hellip;]<\/p>\n","protected":false},"author":3,"featured_media":79844,"comment_status":"open","ping_status":"open","sticky":false,"template":"","format":"standard","meta":{"_yoast_indexnow_last_ping":["1741363485"],"wp_automatic_camp":["217"],"8501ceeb0c4c31bf31cb2a480b7466d0":["Peskow: Russland kann auf Militarisierung der EU reagieren"],"original_link":["https:\/\/de.rt.com\/international\/238916-peskow-russland-kann-auf-militarisierung\/"],"_thumbnail_id":["79844"],"jnews_social_counter_last_update":["1777628009"],"_wptgpro_p2tg_sent2tg":["a:1:{i:23737;s:19:\"2025-03-07 18:05:46\";}"]},"categories":[19,23],"tags":[133,82,838,34266,18597,535,126],"yoast_head":"<!-- This site is optimized with the Yoast SEO Premium plugin v22.7 (Yoast SEO v22.7) - https:\/\/yoast.com\/wordpress\/plugins\/seo\/ -->\n<title>Peskow: Russland kann auf Militarisierung der EU reagieren - just-now.NEWS Deutschland<\/title>\n<meta name=\"robots\" content=\"index, follow, max-snippet:-1, max-image-preview:large, max-video-preview:-1\" \/>\n<link rel=\"canonical\" href=\"https:\/\/now-news.de\/de\/deutschland\/peskow-russland-kann-auf-militarisierung-der-eu-reagieren\/\" \/>\n<meta property=\"og:locale\" content=\"de_DE\" \/>\n<meta property=\"og:type\" content=\"article\" \/>\n<meta property=\"og:title\" content=\"Peskow: Russland kann auf Militarisierung der EU reagieren\" \/>\n<meta property=\"og:description\" content=\"Auf eine Aufr\u00fcstung der Europ\u00e4ischen Union k\u00f6nnte Russland mit entsprechenden Gegenma\u00dfnahmen reagieren, sagt Dmitri Peskow, Pressesprecher des russischen Pr\u00e4sidenten. Zudem mahnt er an, die Atomwaffen von europ\u00e4ischen Staaten nicht au\u00dfer Acht zu lassen. Russland ist bereit, im Fall einer Militarisierung der Europ\u00e4ischen Union Gegenma\u00dfnahmen zu ergreifen. Auf eine entsprechende Frage antwortete der Pressesekret\u00e4r des russischen [&hellip;]\" \/>\n<meta property=\"og:url\" content=\"https:\/\/now-news.de\/de\/deutschland\/peskow-russland-kann-auf-militarisierung-der-eu-reagieren\/\" \/>\n<meta property=\"og:site_name\" content=\"just-now.NEWS Deutschland\" \/>\n<meta property=\"article:publisher\" content=\"https:\/\/www.facebook.com\/wirmachenauf\" \/>\n<meta property=\"article:published_time\" content=\"2025-03-07T15:51:51+00:00\" \/>\n<meta property=\"og:image\" content=\"https:\/\/now-news.de\/de\/wp-content\/uploads\/sites\/3\/2025\/03\/67cafd1348fbef506e503204.jpg\" \/>\n<meta name=\"author\" content=\"rtnews\" \/>\n<meta name=\"twitter:card\" content=\"summary_large_image\" \/>\n<meta name=\"twitter:creator\" content=\"@WirMachenAuf_de\" \/>\n<meta name=\"twitter:site\" content=\"@WirMachenAuf_de\" \/>\n<meta name=\"twitter:label1\" content=\"Verfasst von\" \/>\n\t<meta name=\"twitter:data1\" content=\"rtnews\" \/>\n\t<meta name=\"twitter:label2\" content=\"Gesch\u00e4tzte Lesezeit\" \/>\n\t<meta name=\"twitter:data2\" content=\"3\u00a0Minuten\" \/>\n<script type=\"application\/ld+json\" class=\"yoast-schema-graph\">{\"@context\":\"https:\/\/schema.org\",\"@graph\":[{\"@type\":\"Article\",\"@id\":\"https:\/\/now-news.de\/de\/deutschland\/peskow-russland-kann-auf-militarisierung-der-eu-reagieren\/#article\",\"isPartOf\":{\"@id\":\"https:\/\/now-news.de\/de\/deutschland\/peskow-russland-kann-auf-militarisierung-der-eu-reagieren\/\"},\"author\":{\"name\":\"rtnews\",\"@id\":\"https:\/\/now-news.de\/de\/#\/schema\/person\/fb534a4e865501d8b3285208df34a9b5\"},\"headline\":\"Peskow: Russland kann auf Militarisierung der EU reagieren\",\"datePublished\":\"2025-03-07T15:51:51+00:00\",\"dateModified\":\"2025-03-07T15:51:51+00:00\",\"mainEntityOfPage\":{\"@id\":\"https:\/\/now-news.de\/de\/deutschland\/peskow-russland-kann-auf-militarisierung-der-eu-reagieren\/\"},\"wordCount\":509,\"commentCount\":0,\"publisher\":{\"@id\":\"https:\/\/now-news.de\/de\/#organization\"},\"image\":{\"@id\":\"https:\/\/now-news.de\/de\/deutschland\/peskow-russland-kann-auf-militarisierung-der-eu-reagieren\/#primaryimage\"},\"thumbnailUrl\":\"https:\/\/now-news.de\/de\/wp-content\/uploads\/sites\/3\/2025\/03\/Peskow-Russland-kann-auf-Militarisierung-der-EU-reagieren.jpg\",\"keywords\":[\"AUF\",\"der\",\"kann\",\"Militarisierung\",\"Peskow\",\"reagieren\",\"russland\"],\"articleSection\":[\"Deutschland\",\"Russland\"],\"inLanguage\":\"de\",\"potentialAction\":[{\"@type\":\"CommentAction\",\"name\":\"Comment\",\"target\":[\"https:\/\/now-news.de\/de\/deutschland\/peskow-russland-kann-auf-militarisierung-der-eu-reagieren\/#respond\"]}]},{\"@type\":\"WebPage\",\"@id\":\"https:\/\/now-news.de\/de\/deutschland\/peskow-russland-kann-auf-militarisierung-der-eu-reagieren\/\",\"url\":\"https:\/\/now-news.de\/de\/deutschland\/peskow-russland-kann-auf-militarisierung-der-eu-reagieren\/\",\"name\":\"Peskow: Russland kann auf Militarisierung der EU reagieren - just-now.NEWS Deutschland\",\"isPartOf\":{\"@id\":\"https:\/\/now-news.de\/de\/#website\"},\"primaryImageOfPage\":{\"@id\":\"https:\/\/now-news.de\/de\/deutschland\/peskow-russland-kann-auf-militarisierung-der-eu-reagieren\/#primaryimage\"},\"image\":{\"@id\":\"https:\/\/now-news.de\/de\/deutschland\/peskow-russland-kann-auf-militarisierung-der-eu-reagieren\/#primaryimage\"},\"thumbnailUrl\":\"https:\/\/now-news.de\/de\/wp-content\/uploads\/sites\/3\/2025\/03\/Peskow-Russland-kann-auf-Militarisierung-der-EU-reagieren.jpg\",\"datePublished\":\"2025-03-07T15:51:51+00:00\",\"dateModified\":\"2025-03-07T15:51:51+00:00\",\"breadcrumb\":{\"@id\":\"https:\/\/now-news.de\/de\/deutschland\/peskow-russland-kann-auf-militarisierung-der-eu-reagieren\/#breadcrumb\"},\"inLanguage\":\"de\",\"potentialAction\":[{\"@type\":\"ReadAction\",\"target\":[\"https:\/\/now-news.de\/de\/deutschland\/peskow-russland-kann-auf-militarisierung-der-eu-reagieren\/\"]}]},{\"@type\":\"ImageObject\",\"inLanguage\":\"de\",\"@id\":\"https:\/\/now-news.de\/de\/deutschland\/peskow-russland-kann-auf-militarisierung-der-eu-reagieren\/#primaryimage\",\"url\":\"https:\/\/now-news.de\/de\/wp-content\/uploads\/sites\/3\/2025\/03\/Peskow-Russland-kann-auf-Militarisierung-der-EU-reagieren.jpg\",\"contentUrl\":\"https:\/\/now-news.de\/de\/wp-content\/uploads\/sites\/3\/2025\/03\/Peskow-Russland-kann-auf-Militarisierung-der-EU-reagieren.jpg\",\"width\":460,\"height\":259,\"caption\":\"Peskow: Russland kann auf Militarisierung der EU reagieren\"},{\"@type\":\"BreadcrumbList\",\"@id\":\"https:\/\/now-news.de\/de\/deutschland\/peskow-russland-kann-auf-militarisierung-der-eu-reagieren\/#breadcrumb\",\"itemListElement\":[{\"@type\":\"ListItem\",\"position\":1,\"name\":\"Home\",\"item\":\"https:\/\/now-news.de\/de\/\"},{\"@type\":\"ListItem\",\"position\":2,\"name\":\"Peskow: Russland kann auf Militarisierung der EU reagieren\"}]},{\"@type\":\"WebSite\",\"@id\":\"https:\/\/now-news.de\/de\/#website\",\"url\":\"https:\/\/now-news.de\/de\/\",\"name\":\"just-now.NEWS Deutschland\",\"description\":\"Das Portal f\u00fcr unzensierte Nachrichten aus der Welt\",\"publisher\":{\"@id\":\"https:\/\/now-news.de\/de\/#organization\"},\"potentialAction\":[{\"@type\":\"SearchAction\",\"target\":{\"@type\":\"EntryPoint\",\"urlTemplate\":\"https:\/\/now-news.de\/de\/?s={search_term_string}\"},\"query-input\":\"required name=search_term_string\"}],\"inLanguage\":\"de\"},{\"@type\":\"Organization\",\"@id\":\"https:\/\/now-news.de\/de\/#organization\",\"name\":\"Just Now News\",\"url\":\"https:\/\/now-news.de\/de\/\",\"logo\":{\"@type\":\"ImageObject\",\"inLanguage\":\"de\",\"@id\":\"https:\/\/now-news.de\/de\/#\/schema\/logo\/image\/\",\"url\":\"http:\/\/just-now.news\/de\/wp-content\/uploads\/sites\/3\/2022\/04\/logo500x500.jpg\",\"contentUrl\":\"http:\/\/just-now.news\/de\/wp-content\/uploads\/sites\/3\/2022\/04\/logo500x500.jpg\",\"width\":500,\"height\":500,\"caption\":\"Just Now News\"},\"image\":{\"@id\":\"https:\/\/now-news.de\/de\/#\/schema\/logo\/image\/\"},\"sameAs\":[\"https:\/\/www.facebook.com\/wirmachenauf\",\"https:\/\/x.com\/WirMachenAuf_de\"]},{\"@type\":\"Person\",\"@id\":\"https:\/\/now-news.de\/de\/#\/schema\/person\/fb534a4e865501d8b3285208df34a9b5\",\"name\":\"rtnews\",\"image\":{\"@type\":\"ImageObject\",\"inLanguage\":\"de\",\"@id\":\"https:\/\/now-news.de\/de\/#\/schema\/person\/image\/\",\"url\":\"https:\/\/secure.gravatar.com\/avatar\/82aafea7d8127119dd649515f56e2117?s=96&d=mm&r=g\",\"contentUrl\":\"https:\/\/secure.gravatar.com\/avatar\/82aafea7d8127119dd649515f56e2117?s=96&d=mm&r=g\",\"caption\":\"rtnews\"},\"url\":\"https:\/\/now-news.de\/de\/author\/rnews\/\"}]}<\/script>\n<!-- \/ Yoast SEO Premium plugin. -->","yoast_head_json":{"title":"Peskow: Russland kann auf Militarisierung der EU reagieren - just-now.NEWS Deutschland","robots":{"index":"index","follow":"follow","max-snippet":"max-snippet:-1","max-image-preview":"max-image-preview:large","max-video-preview":"max-video-preview:-1"},"canonical":"https:\/\/now-news.de\/de\/deutschland\/peskow-russland-kann-auf-militarisierung-der-eu-reagieren\/","og_locale":"de_DE","og_type":"article","og_title":"Peskow: Russland kann auf Militarisierung der EU reagieren","og_description":"Auf eine Aufr\u00fcstung der Europ\u00e4ischen Union k\u00f6nnte Russland mit entsprechenden Gegenma\u00dfnahmen reagieren, sagt Dmitri Peskow, Pressesprecher des russischen Pr\u00e4sidenten. Zudem mahnt er an, die Atomwaffen von europ\u00e4ischen Staaten nicht au\u00dfer Acht zu lassen. Russland ist bereit, im Fall einer Militarisierung der Europ\u00e4ischen Union Gegenma\u00dfnahmen zu ergreifen. Auf eine entsprechende Frage antwortete der Pressesekret\u00e4r des russischen [&hellip;]","og_url":"https:\/\/now-news.de\/de\/deutschland\/peskow-russland-kann-auf-militarisierung-der-eu-reagieren\/","og_site_name":"just-now.NEWS Deutschland","article_publisher":"https:\/\/www.facebook.com\/wirmachenauf","article_published_time":"2025-03-07T15:51:51+00:00","og_image":[{"url":"https:\/\/now-news.de\/de\/wp-content\/uploads\/sites\/3\/2025\/03\/67cafd1348fbef506e503204.jpg"}],"author":"rtnews","twitter_card":"summary_large_image","twitter_creator":"@WirMachenAuf_de","twitter_site":"@WirMachenAuf_de","twitter_misc":{"Verfasst von":"rtnews","Gesch\u00e4tzte Lesezeit":"3\u00a0Minuten"},"schema":{"@context":"https:\/\/schema.org","@graph":[{"@type":"Article","@id":"https:\/\/now-news.de\/de\/deutschland\/peskow-russland-kann-auf-militarisierung-der-eu-reagieren\/#article","isPartOf":{"@id":"https:\/\/now-news.de\/de\/deutschland\/peskow-russland-kann-auf-militarisierung-der-eu-reagieren\/"},"author":{"name":"rtnews","@id":"https:\/\/now-news.de\/de\/#\/schema\/person\/fb534a4e865501d8b3285208df34a9b5"},"headline":"Peskow: Russland kann auf Militarisierung der EU reagieren","datePublished":"2025-03-07T15:51:51+00:00","dateModified":"2025-03-07T15:51:51+00:00","mainEntityOfPage":{"@id":"https:\/\/now-news.de\/de\/deutschland\/peskow-russland-kann-auf-militarisierung-der-eu-reagieren\/"},"wordCount":509,"commentCount":0,"publisher":{"@id":"https:\/\/now-news.de\/de\/#organization"},"image":{"@id":"https:\/\/now-news.de\/de\/deutschland\/peskow-russland-kann-auf-militarisierung-der-eu-reagieren\/#primaryimage"},"thumbnailUrl":"https:\/\/now-news.de\/de\/wp-content\/uploads\/sites\/3\/2025\/03\/Peskow-Russland-kann-auf-Militarisierung-der-EU-reagieren.jpg","keywords":["AUF","der","kann","Militarisierung","Peskow","reagieren","russland"],"articleSection":["Deutschland","Russland"],"inLanguage":"de","potentialAction":[{"@type":"CommentAction","name":"Comment","target":["https:\/\/now-news.de\/de\/deutschland\/peskow-russland-kann-auf-militarisierung-der-eu-reagieren\/#respond"]}]},{"@type":"WebPage","@id":"https:\/\/now-news.de\/de\/deutschland\/peskow-russland-kann-auf-militarisierung-der-eu-reagieren\/","url":"https:\/\/now-news.de\/de\/deutschland\/peskow-russland-kann-auf-militarisierung-der-eu-reagieren\/","name":"Peskow: Russland kann auf Militarisierung der EU reagieren - just-now.NEWS Deutschland","isPartOf":{"@id":"https:\/\/now-news.de\/de\/#website"},"primaryImageOfPage":{"@id":"https:\/\/now-news.de\/de\/deutschland\/peskow-russland-kann-auf-militarisierung-der-eu-reagieren\/#primaryimage"},"image":{"@id":"https:\/\/now-news.de\/de\/deutschland\/peskow-russland-kann-auf-militarisierung-der-eu-reagieren\/#primaryimage"},"thumbnailUrl":"https:\/\/now-news.de\/de\/wp-content\/uploads\/sites\/3\/2025\/03\/Peskow-Russland-kann-auf-Militarisierung-der-EU-reagieren.jpg","datePublished":"2025-03-07T15:51:51+00:00","dateModified":"2025-03-07T15:51:51+00:00","breadcrumb":{"@id":"https:\/\/now-news.de\/de\/deutschland\/peskow-russland-kann-auf-militarisierung-der-eu-reagieren\/#breadcrumb"},"inLanguage":"de","potentialAction":[{"@type":"ReadAction","target":["https:\/\/now-news.de\/de\/deutschland\/peskow-russland-kann-auf-militarisierung-der-eu-reagieren\/"]}]},{"@type":"ImageObject","inLanguage":"de","@id":"https:\/\/now-news.de\/de\/deutschland\/peskow-russland-kann-auf-militarisierung-der-eu-reagieren\/#primaryimage","url":"https:\/\/now-news.de\/de\/wp-content\/uploads\/sites\/3\/2025\/03\/Peskow-Russland-kann-auf-Militarisierung-der-EU-reagieren.jpg","contentUrl":"https:\/\/now-news.de\/de\/wp-content\/uploads\/sites\/3\/2025\/03\/Peskow-Russland-kann-auf-Militarisierung-der-EU-reagieren.jpg","width":460,"height":259,"caption":"Peskow: Russland kann auf Militarisierung der EU reagieren"},{"@type":"BreadcrumbList","@id":"https:\/\/now-news.de\/de\/deutschland\/peskow-russland-kann-auf-militarisierung-der-eu-reagieren\/#breadcrumb","itemListElement":[{"@type":"ListItem","position":1,"name":"Home","item":"https:\/\/now-news.de\/de\/"},{"@type":"ListItem","position":2,"name":"Peskow: Russland kann auf Militarisierung der EU reagieren"}]},{"@type":"WebSite","@id":"https:\/\/now-news.de\/de\/#website","url":"https:\/\/now-news.de\/de\/","name":"just-now.NEWS Deutschland","description":"Das Portal f\u00fcr unzensierte Nachrichten aus der Welt","publisher":{"@id":"https:\/\/now-news.de\/de\/#organization"},"potentialAction":[{"@type":"SearchAction","target":{"@type":"EntryPoint","urlTemplate":"https:\/\/now-news.de\/de\/?s={search_term_string}"},"query-input":"required name=search_term_string"}],"inLanguage":"de"},{"@type":"Organization","@id":"https:\/\/now-news.de\/de\/#organization","name":"Just Now News","url":"https:\/\/now-news.de\/de\/","logo":{"@type":"ImageObject","inLanguage":"de","@id":"https:\/\/now-news.de\/de\/#\/schema\/logo\/image\/","url":"http:\/\/just-now.news\/de\/wp-content\/uploads\/sites\/3\/2022\/04\/logo500x500.jpg","contentUrl":"http:\/\/just-now.news\/de\/wp-content\/uploads\/sites\/3\/2022\/04\/logo500x500.jpg","width":500,"height":500,"caption":"Just Now News"},"image":{"@id":"https:\/\/now-news.de\/de\/#\/schema\/logo\/image\/"},"sameAs":["https:\/\/www.facebook.com\/wirmachenauf","https:\/\/x.com\/WirMachenAuf_de"]},{"@type":"Person","@id":"https:\/\/now-news.de\/de\/#\/schema\/person\/fb534a4e865501d8b3285208df34a9b5","name":"rtnews","image":{"@type":"ImageObject","inLanguage":"de","@id":"https:\/\/now-news.de\/de\/#\/schema\/person\/image\/","url":"https:\/\/secure.gravatar.com\/avatar\/82aafea7d8127119dd649515f56e2117?s=96&d=mm&r=g","contentUrl":"https:\/\/secure.gravatar.com\/avatar\/82aafea7d8127119dd649515f56e2117?s=96&d=mm&r=g","caption":"rtnews"},"url":"https:\/\/now-news.de\/de\/author\/rnews\/"}]}},"_links":{"self":[{"href":"https:\/\/now-news.de\/de\/wp-json\/wp\/v2\/posts\/79843"}],"collection":[{"href":"https:\/\/now-news.de\/de\/wp-json\/wp\/v2\/posts"}],"about":[{"href":"https:\/\/now-news.de\/de\/wp-json\/wp\/v2\/types\/post"}],"author":[{"embeddable":true,"href":"https:\/\/now-news.de\/de\/wp-json\/wp\/v2\/users\/3"}],"replies":[{"embeddable":true,"href":"https:\/\/now-news.de\/de\/wp-json\/wp\/v2\/comments?post=79843"}],"version-history":[{"count":0,"href":"https:\/\/now-news.de\/de\/wp-json\/wp\/v2\/posts\/79843\/revisions"}],"wp:featuredmedia":[{"embeddable":true,"href":"https:\/\/now-news.de\/de\/wp-json\/wp\/v2\/media\/79844"}],"wp:attachment":[{"href":"https:\/\/now-news.de\/de\/wp-json\/wp\/v2\/media?parent=79843"}],"wp:term":[{"taxonomy":"category","embeddable":true,"href":"https:\/\/now-news.de\/de\/wp-json\/wp\/v2\/categories?post=79843"},{"taxonomy":"post_tag","embeddable":true,"href":"https:\/\/now-news.de\/de\/wp-json\/wp\/v2\/tags?post=79843"}],"curies":[{"name":"wp","href":"https:\/\/api.w.org\/{rel}","templated":true}]}}