{"id":79822,"date":"2025-03-07T11:17:21","date_gmt":"2025-03-07T09:17:21","guid":{"rendered":"https:\/\/now-news.de\/de\/deutschland\/eu-reagiert-mit-schwerer-aufruestung-auf-annaeherung-zwischen-usa-und-russland\/"},"modified":"2025-03-07T11:17:21","modified_gmt":"2025-03-07T09:17:21","slug":"eu-reagiert-mit-schwerer-aufruestung-auf-annaeherung-zwischen-usa-und-russland","status":"publish","type":"post","link":"https:\/\/now-news.de\/de\/deutschland\/eu-reagiert-mit-schwerer-aufruestung-auf-annaeherung-zwischen-usa-und-russland\/","title":{"rendered":"EU reagiert mit schwerer Aufr\u00fcstung auf Ann\u00e4herung zwischen USA und Russland"},"content":{"rendered":"<p><img decoding=\"async\" src=\"https:\/\/now-news.de\/de\/wp-content\/uploads\/sites\/3\/2025\/03\/67cab29a48fbef4ea761d956.jpg\" \/><\/p>\n<div class=\"Text-root Text-type_1 \">\n                W\u00e4hrend europ\u00e4ische Spitzenpolitiker beim Ukraine-Gipfel die &#8220;Wiederbewaffnung Europas&#8221; feiern, stellt Trump erneut den Sinn der NATO in Frage. Ungarn schert wieder aus, wenn es um Ukraine-Hilfen geht.\n            <\/div>\n<p><\/p>\n<div class=\"Text-root Text-type_5 ArticleView-text ViewText-root \">\n<p>Die europ\u00e4ischen Staats- und Regierungschefs sprachen sich am Donnerstag f\u00fcr h\u00f6here Verteidigungsausgaben aus und bekr\u00e4ftigten ihre Unterst\u00fctzung f\u00fcr die Ukraine in einer westlichen Weltordnung, die durch Trumps Abkehr von der US-Politik ins Wanken geraten ist.<br \/>Der Verteidigungsgipfel der Europ\u00e4ischen Union in Br\u00fcssel fand unter dem Vorwand\u00a0statt, dass Russland, &#8220;ermutigt durch seinen Krieg in der Ukraine&#8221;, als N\u00e4chstes ein EU-Land angreifen und Europa sich in dem Fall nicht mehr auf die Hilfe der USA verlassen k\u00f6nnte.<br \/>&#8220;Heute haben wir gezeigt, dass die Europ\u00e4ische Union die Herausforderung annimmt, das Europa der Verteidigung aufbaut und an der Seite der Ukraine steht&#8221;, sagte der Vorsitzende des Treffens, Ant\u00f3nio Costa, vor Journalisten.<\/p>\n<p>Die Staats- und Regierungschefs der EU haben diese Woche die Vorschl\u00e4ge der Europ\u00e4ischen Kommission begr\u00fc\u00dft, ihnen steuerliche Flexibilit\u00e4t bei den Verteidigungsausgaben zu gew\u00e4hren und gemeinsam Kredite in H\u00f6he von bis zu 150 Milliarden Euro (160 Milliarden Dollar) aufzunehmen, um sie den EU-Regierungen f\u00fcr ihre Milit\u00e4rausgaben zu leihen.<br \/>In einer gemeinsamen Erkl\u00e4rung aller 27 Mitgliedstaaten forderten die Staats- und Regierungschefs ihre Minister auf, diese Vorschl\u00e4ge dringend im Detail zu pr\u00fcfen.<br \/>&#8220;Europa muss sich dieser Herausforderung, diesem Wettr\u00fcsten, stellen. Und es muss es gewinnen&#8221;,\u00a0beteuerte der polnische Premierminister Donald Tusk auf einem Sondergipfel zur Verteidigung in Br\u00fcssel. &#8220;Europa als Ganzes ist wirklich in der Lage, jede milit\u00e4rische, finanzielle und wirtschaftliche Konfrontation mit Russland zu gewinnen \u2013 wir sind einfach st\u00e4rker&#8221;,\u00a0f\u00fcgte Tusk hinzu.<\/p>\n<p>In der Ukraine-Politik findet Europa wie immer keine gemeinsame Linie, weil sich einige Staaten der Kriegspolitik der EU widersetzen.\u00a0Die j\u00fcngste EU-Erkl\u00e4rung wurde ohne Ungarns Staatschef Viktor Orban, der gute Beziehungen zu Moskau pflegt, vereinbart.<\/p>\n<p>In ihrer Erkl\u00e4rung betonten die 26 anderen EU-Staats- und Regierungschefs, dass es keine Verhandlungen \u00fcber die Ukraine ohne die Ukraine geben k\u00f6nne, und versprachen, dem Land weiterhin Hilfe zukommen zu lassen, wie es in einem aktuellen Entwurf hei\u00dft.<\/p>\n<p>Nach Angaben der NATO hat Washington im vergangenen Jahr mehr als 40\u00a0Prozent der milit\u00e4rischen Hilfe f\u00fcr die Ukraine bereitgestellt, die Europa zum Teil nicht ohne Weiteres ersetzen kann. Einige Staats- und Regierungschefs hegten zumindest \u00f6ffentlich noch die Hoffnung, dass Washington wieder in den Kreis der Beteiligten aufgenommen werden k\u00f6nnte.<br \/>&#8220;Wir m\u00fcssen mit k\u00fchlem und klugem Kopf daf\u00fcr sorgen, dass die Unterst\u00fctzung der USA auch in den kommenden Monaten und Jahren gew\u00e4hrleistet ist, denn die Ukraine ist bei ihrer Verteidigung auch auf ihre Unterst\u00fctzung angewiesen&#8221;, sagte der scheidende deutsche Bundeskanzler Olaf Scholz.<br \/>Macron sagte, die Staats- und Regierungschefs begr\u00fc\u00dften Selenskijs Aufruf, die Idee eines Waffenstillstands zwischen den russischen und ukrainischen Streitkr\u00e4ften in der Luft und zur See zu unterst\u00fctzen. Selenskij sagte den EU-Staats- und Regierungschefs, ein solcher Waffenstillstand w\u00e4re eine Chance, Moskaus Willen zur Beendigung seiner dreij\u00e4hrigen Invasion zu testen.<\/p>\n<p>Trump hat\u00a0erneut erkl\u00e4rt, Europa m\u00fcsse mehr Verantwortung f\u00fcr seine Sicherheit \u00fcbernehmen. Am Donnerstag lie\u00df er Zweifel an seiner Bereitschaft aufkommen, Washingtons NATO-Verb\u00fcndete zu verteidigen, indem er sagte, dass er dies nicht tun w\u00fcrde, wenn sie nicht genug f\u00fcr ihre eigene Verteidigung zahlen.<\/p>\n<p><strong>Mehr zum Thema<\/strong> &#8211; <a rel=\"nofollow noopener\" target=\"_blank\" href=\"https:\/\/freedert.online\/international\/238742-eu-konfrontiert-mit-trumps-apokalyptischer\/\">EU nach Trumps &#8220;apokalyptischer Entscheidung&#8221;: Ohne USA nicht handlungsf\u00e4hig<\/a><\/p>\n<div class=\"EmbedBlock-root EmbedBlock-externalVideo EmbedBlock-rumble\">\n<div class=\"VkEmbed\"><iframe class=\"lazyload\" data-src=\"https:\/\/rumble.com\/embed\/v6o1ppw\" frameborder=\"0\" width=\"853\" height=\"480\" allowfullscreen><\/iframe><\/div>\n<\/div>\n<\/div>\n<p><br \/>\n<br \/><a href=\"https:\/\/de.rt.com\/europa\/238867-eu-reagiert-mit-massiver-aufruestung\/\">Source link <\/a><\/p>\n","protected":false},"excerpt":{"rendered":"<p>W\u00e4hrend europ\u00e4ische Spitzenpolitiker beim Ukraine-Gipfel die &#8220;Wiederbewaffnung Europas&#8221; feiern, stellt Trump erneut den Sinn der NATO in Frage. Ungarn schert wieder aus, wenn es um Ukraine-Hilfen geht. Die europ\u00e4ischen Staats- und Regierungschefs sprachen sich am Donnerstag f\u00fcr h\u00f6here Verteidigungsausgaben aus und bekr\u00e4ftigten ihre Unterst\u00fctzung f\u00fcr die Ukraine in einer westlichen Weltordnung, die durch Trumps Abkehr [&hellip;]<\/p>\n","protected":false},"author":3,"featured_media":79823,"comment_status":"open","ping_status":"open","sticky":false,"template":"","format":"standard","meta":{"_yoast_indexnow_last_ping":["1741340269"],"wp_automatic_camp":["217"],"c71cb7fde3cfa453b2d6bde86c962378":["EU reagiert mit schwerer Aufr\u00fcstung auf Ann\u00e4herung zwischen USA und Russland"],"original_link":["https:\/\/de.rt.com\/europa\/238867-eu-reagiert-mit-massiver-aufruestung\/"],"_thumbnail_id":["79823"],"jnews_social_counter_last_update":["1777348543"],"_wptgpro_p2tg_sent2tg":["a:1:{i:23737;s:19:\"2025-03-07 11:38:47\";}"]},"categories":[19,23],"tags":[18748,133,24790,419,281,126,1859,140,193,436],"yoast_head":"<!-- This site is optimized with the Yoast SEO Premium plugin v22.7 (Yoast SEO v22.7) - https:\/\/yoast.com\/wordpress\/plugins\/seo\/ -->\n<title>EU reagiert mit schwerer Aufr\u00fcstung auf Ann\u00e4herung zwischen USA und Russland - just-now.NEWS Deutschland<\/title>\n<meta name=\"robots\" content=\"index, follow, max-snippet:-1, max-image-preview:large, max-video-preview:-1\" \/>\n<link rel=\"canonical\" href=\"https:\/\/now-news.de\/de\/deutschland\/eu-reagiert-mit-schwerer-aufruestung-auf-annaeherung-zwischen-usa-und-russland\/\" \/>\n<meta property=\"og:locale\" content=\"de_DE\" \/>\n<meta property=\"og:type\" content=\"article\" \/>\n<meta property=\"og:title\" content=\"EU reagiert mit schwerer Aufr\u00fcstung auf Ann\u00e4herung zwischen USA und Russland\" \/>\n<meta property=\"og:description\" content=\"W\u00e4hrend europ\u00e4ische Spitzenpolitiker beim Ukraine-Gipfel die &#8220;Wiederbewaffnung Europas&#8221; feiern, stellt Trump erneut den Sinn der NATO in Frage. Ungarn schert wieder aus, wenn es um Ukraine-Hilfen geht. Die europ\u00e4ischen Staats- und Regierungschefs sprachen sich am Donnerstag f\u00fcr h\u00f6here Verteidigungsausgaben aus und bekr\u00e4ftigten ihre Unterst\u00fctzung f\u00fcr die Ukraine in einer westlichen Weltordnung, die durch Trumps Abkehr [&hellip;]\" \/>\n<meta property=\"og:url\" content=\"https:\/\/now-news.de\/de\/deutschland\/eu-reagiert-mit-schwerer-aufruestung-auf-annaeherung-zwischen-usa-und-russland\/\" \/>\n<meta property=\"og:site_name\" content=\"just-now.NEWS Deutschland\" \/>\n<meta property=\"article:publisher\" content=\"https:\/\/www.facebook.com\/wirmachenauf\" \/>\n<meta property=\"article:published_time\" content=\"2025-03-07T09:17:21+00:00\" \/>\n<meta property=\"og:image\" content=\"https:\/\/now-news.de\/de\/wp-content\/uploads\/sites\/3\/2025\/03\/67cab29a48fbef4ea761d956.jpg\" \/>\n<meta name=\"author\" content=\"rtnews\" \/>\n<meta name=\"twitter:card\" content=\"summary_large_image\" \/>\n<meta name=\"twitter:creator\" content=\"@WirMachenAuf_de\" \/>\n<meta name=\"twitter:site\" content=\"@WirMachenAuf_de\" \/>\n<meta name=\"twitter:label1\" content=\"Verfasst von\" \/>\n\t<meta name=\"twitter:data1\" content=\"rtnews\" \/>\n\t<meta name=\"twitter:label2\" content=\"Gesch\u00e4tzte Lesezeit\" \/>\n\t<meta name=\"twitter:data2\" content=\"3\u00a0Minuten\" \/>\n<script type=\"application\/ld+json\" class=\"yoast-schema-graph\">{\"@context\":\"https:\/\/schema.org\",\"@graph\":[{\"@type\":\"Article\",\"@id\":\"https:\/\/now-news.de\/de\/deutschland\/eu-reagiert-mit-schwerer-aufruestung-auf-annaeherung-zwischen-usa-und-russland\/#article\",\"isPartOf\":{\"@id\":\"https:\/\/now-news.de\/de\/deutschland\/eu-reagiert-mit-schwerer-aufruestung-auf-annaeherung-zwischen-usa-und-russland\/\"},\"author\":{\"name\":\"rtnews\",\"@id\":\"https:\/\/now-news.de\/de\/#\/schema\/person\/fb534a4e865501d8b3285208df34a9b5\"},\"headline\":\"EU reagiert mit schwerer Aufr\u00fcstung auf Ann\u00e4herung zwischen USA und Russland\",\"datePublished\":\"2025-03-07T09:17:21+00:00\",\"dateModified\":\"2025-03-07T09:17:21+00:00\",\"mainEntityOfPage\":{\"@id\":\"https:\/\/now-news.de\/de\/deutschland\/eu-reagiert-mit-schwerer-aufruestung-auf-annaeherung-zwischen-usa-und-russland\/\"},\"wordCount\":591,\"commentCount\":0,\"publisher\":{\"@id\":\"https:\/\/now-news.de\/de\/#organization\"},\"image\":{\"@id\":\"https:\/\/now-news.de\/de\/deutschland\/eu-reagiert-mit-schwerer-aufruestung-auf-annaeherung-zwischen-usa-und-russland\/#primaryimage\"},\"thumbnailUrl\":\"https:\/\/now-news.de\/de\/wp-content\/uploads\/sites\/3\/2025\/03\/EU-reagiert-mit-schwerer-Aufruestung-auf-Annaeherung-zwischen-USA-und.jpg\",\"keywords\":[\"Ann\u00e4herung\",\"AUF\",\"Aufr\u00fcstung\",\"mit\",\"reagiert\",\"russland\",\"schwerer\",\"und\",\"USA\",\"zwischen\"],\"articleSection\":[\"Deutschland\",\"Russland\"],\"inLanguage\":\"de\",\"potentialAction\":[{\"@type\":\"CommentAction\",\"name\":\"Comment\",\"target\":[\"https:\/\/now-news.de\/de\/deutschland\/eu-reagiert-mit-schwerer-aufruestung-auf-annaeherung-zwischen-usa-und-russland\/#respond\"]}]},{\"@type\":\"WebPage\",\"@id\":\"https:\/\/now-news.de\/de\/deutschland\/eu-reagiert-mit-schwerer-aufruestung-auf-annaeherung-zwischen-usa-und-russland\/\",\"url\":\"https:\/\/now-news.de\/de\/deutschland\/eu-reagiert-mit-schwerer-aufruestung-auf-annaeherung-zwischen-usa-und-russland\/\",\"name\":\"EU reagiert mit schwerer Aufr\u00fcstung auf Ann\u00e4herung zwischen USA und Russland - just-now.NEWS Deutschland\",\"isPartOf\":{\"@id\":\"https:\/\/now-news.de\/de\/#website\"},\"primaryImageOfPage\":{\"@id\":\"https:\/\/now-news.de\/de\/deutschland\/eu-reagiert-mit-schwerer-aufruestung-auf-annaeherung-zwischen-usa-und-russland\/#primaryimage\"},\"image\":{\"@id\":\"https:\/\/now-news.de\/de\/deutschland\/eu-reagiert-mit-schwerer-aufruestung-auf-annaeherung-zwischen-usa-und-russland\/#primaryimage\"},\"thumbnailUrl\":\"https:\/\/now-news.de\/de\/wp-content\/uploads\/sites\/3\/2025\/03\/EU-reagiert-mit-schwerer-Aufruestung-auf-Annaeherung-zwischen-USA-und.jpg\",\"datePublished\":\"2025-03-07T09:17:21+00:00\",\"dateModified\":\"2025-03-07T09:17:21+00:00\",\"breadcrumb\":{\"@id\":\"https:\/\/now-news.de\/de\/deutschland\/eu-reagiert-mit-schwerer-aufruestung-auf-annaeherung-zwischen-usa-und-russland\/#breadcrumb\"},\"inLanguage\":\"de\",\"potentialAction\":[{\"@type\":\"ReadAction\",\"target\":[\"https:\/\/now-news.de\/de\/deutschland\/eu-reagiert-mit-schwerer-aufruestung-auf-annaeherung-zwischen-usa-und-russland\/\"]}]},{\"@type\":\"ImageObject\",\"inLanguage\":\"de\",\"@id\":\"https:\/\/now-news.de\/de\/deutschland\/eu-reagiert-mit-schwerer-aufruestung-auf-annaeherung-zwischen-usa-und-russland\/#primaryimage\",\"url\":\"https:\/\/now-news.de\/de\/wp-content\/uploads\/sites\/3\/2025\/03\/EU-reagiert-mit-schwerer-Aufruestung-auf-Annaeherung-zwischen-USA-und.jpg\",\"contentUrl\":\"https:\/\/now-news.de\/de\/wp-content\/uploads\/sites\/3\/2025\/03\/EU-reagiert-mit-schwerer-Aufruestung-auf-Annaeherung-zwischen-USA-und.jpg\",\"width\":460,\"height\":259,\"caption\":\"EU reagiert mit schwerer Aufr\u00fcstung auf Ann\u00e4herung zwischen USA und Russland\"},{\"@type\":\"BreadcrumbList\",\"@id\":\"https:\/\/now-news.de\/de\/deutschland\/eu-reagiert-mit-schwerer-aufruestung-auf-annaeherung-zwischen-usa-und-russland\/#breadcrumb\",\"itemListElement\":[{\"@type\":\"ListItem\",\"position\":1,\"name\":\"Home\",\"item\":\"https:\/\/now-news.de\/de\/\"},{\"@type\":\"ListItem\",\"position\":2,\"name\":\"EU reagiert mit schwerer Aufr\u00fcstung auf Ann\u00e4herung zwischen USA und Russland\"}]},{\"@type\":\"WebSite\",\"@id\":\"https:\/\/now-news.de\/de\/#website\",\"url\":\"https:\/\/now-news.de\/de\/\",\"name\":\"just-now.NEWS Deutschland\",\"description\":\"Das Portal f\u00fcr unzensierte Nachrichten aus der Welt\",\"publisher\":{\"@id\":\"https:\/\/now-news.de\/de\/#organization\"},\"potentialAction\":[{\"@type\":\"SearchAction\",\"target\":{\"@type\":\"EntryPoint\",\"urlTemplate\":\"https:\/\/now-news.de\/de\/?s={search_term_string}\"},\"query-input\":\"required name=search_term_string\"}],\"inLanguage\":\"de\"},{\"@type\":\"Organization\",\"@id\":\"https:\/\/now-news.de\/de\/#organization\",\"name\":\"Just Now News\",\"url\":\"https:\/\/now-news.de\/de\/\",\"logo\":{\"@type\":\"ImageObject\",\"inLanguage\":\"de\",\"@id\":\"https:\/\/now-news.de\/de\/#\/schema\/logo\/image\/\",\"url\":\"http:\/\/just-now.news\/de\/wp-content\/uploads\/sites\/3\/2022\/04\/logo500x500.jpg\",\"contentUrl\":\"http:\/\/just-now.news\/de\/wp-content\/uploads\/sites\/3\/2022\/04\/logo500x500.jpg\",\"width\":500,\"height\":500,\"caption\":\"Just Now News\"},\"image\":{\"@id\":\"https:\/\/now-news.de\/de\/#\/schema\/logo\/image\/\"},\"sameAs\":[\"https:\/\/www.facebook.com\/wirmachenauf\",\"https:\/\/x.com\/WirMachenAuf_de\"]},{\"@type\":\"Person\",\"@id\":\"https:\/\/now-news.de\/de\/#\/schema\/person\/fb534a4e865501d8b3285208df34a9b5\",\"name\":\"rtnews\",\"image\":{\"@type\":\"ImageObject\",\"inLanguage\":\"de\",\"@id\":\"https:\/\/now-news.de\/de\/#\/schema\/person\/image\/\",\"url\":\"https:\/\/secure.gravatar.com\/avatar\/82aafea7d8127119dd649515f56e2117?s=96&d=mm&r=g\",\"contentUrl\":\"https:\/\/secure.gravatar.com\/avatar\/82aafea7d8127119dd649515f56e2117?s=96&d=mm&r=g\",\"caption\":\"rtnews\"},\"url\":\"https:\/\/now-news.de\/de\/author\/rnews\/\"}]}<\/script>\n<!-- \/ Yoast SEO Premium plugin. -->","yoast_head_json":{"title":"EU reagiert mit schwerer Aufr\u00fcstung auf Ann\u00e4herung zwischen USA und Russland - just-now.NEWS Deutschland","robots":{"index":"index","follow":"follow","max-snippet":"max-snippet:-1","max-image-preview":"max-image-preview:large","max-video-preview":"max-video-preview:-1"},"canonical":"https:\/\/now-news.de\/de\/deutschland\/eu-reagiert-mit-schwerer-aufruestung-auf-annaeherung-zwischen-usa-und-russland\/","og_locale":"de_DE","og_type":"article","og_title":"EU reagiert mit schwerer Aufr\u00fcstung auf Ann\u00e4herung zwischen USA und Russland","og_description":"W\u00e4hrend europ\u00e4ische Spitzenpolitiker beim Ukraine-Gipfel die &#8220;Wiederbewaffnung Europas&#8221; feiern, stellt Trump erneut den Sinn der NATO in Frage. Ungarn schert wieder aus, wenn es um Ukraine-Hilfen geht. Die europ\u00e4ischen Staats- und Regierungschefs sprachen sich am Donnerstag f\u00fcr h\u00f6here Verteidigungsausgaben aus und bekr\u00e4ftigten ihre Unterst\u00fctzung f\u00fcr die Ukraine in einer westlichen Weltordnung, die durch Trumps Abkehr [&hellip;]","og_url":"https:\/\/now-news.de\/de\/deutschland\/eu-reagiert-mit-schwerer-aufruestung-auf-annaeherung-zwischen-usa-und-russland\/","og_site_name":"just-now.NEWS Deutschland","article_publisher":"https:\/\/www.facebook.com\/wirmachenauf","article_published_time":"2025-03-07T09:17:21+00:00","og_image":[{"url":"https:\/\/now-news.de\/de\/wp-content\/uploads\/sites\/3\/2025\/03\/67cab29a48fbef4ea761d956.jpg"}],"author":"rtnews","twitter_card":"summary_large_image","twitter_creator":"@WirMachenAuf_de","twitter_site":"@WirMachenAuf_de","twitter_misc":{"Verfasst von":"rtnews","Gesch\u00e4tzte Lesezeit":"3\u00a0Minuten"},"schema":{"@context":"https:\/\/schema.org","@graph":[{"@type":"Article","@id":"https:\/\/now-news.de\/de\/deutschland\/eu-reagiert-mit-schwerer-aufruestung-auf-annaeherung-zwischen-usa-und-russland\/#article","isPartOf":{"@id":"https:\/\/now-news.de\/de\/deutschland\/eu-reagiert-mit-schwerer-aufruestung-auf-annaeherung-zwischen-usa-und-russland\/"},"author":{"name":"rtnews","@id":"https:\/\/now-news.de\/de\/#\/schema\/person\/fb534a4e865501d8b3285208df34a9b5"},"headline":"EU reagiert mit schwerer Aufr\u00fcstung auf Ann\u00e4herung zwischen USA und Russland","datePublished":"2025-03-07T09:17:21+00:00","dateModified":"2025-03-07T09:17:21+00:00","mainEntityOfPage":{"@id":"https:\/\/now-news.de\/de\/deutschland\/eu-reagiert-mit-schwerer-aufruestung-auf-annaeherung-zwischen-usa-und-russland\/"},"wordCount":591,"commentCount":0,"publisher":{"@id":"https:\/\/now-news.de\/de\/#organization"},"image":{"@id":"https:\/\/now-news.de\/de\/deutschland\/eu-reagiert-mit-schwerer-aufruestung-auf-annaeherung-zwischen-usa-und-russland\/#primaryimage"},"thumbnailUrl":"https:\/\/now-news.de\/de\/wp-content\/uploads\/sites\/3\/2025\/03\/EU-reagiert-mit-schwerer-Aufruestung-auf-Annaeherung-zwischen-USA-und.jpg","keywords":["Ann\u00e4herung","AUF","Aufr\u00fcstung","mit","reagiert","russland","schwerer","und","USA","zwischen"],"articleSection":["Deutschland","Russland"],"inLanguage":"de","potentialAction":[{"@type":"CommentAction","name":"Comment","target":["https:\/\/now-news.de\/de\/deutschland\/eu-reagiert-mit-schwerer-aufruestung-auf-annaeherung-zwischen-usa-und-russland\/#respond"]}]},{"@type":"WebPage","@id":"https:\/\/now-news.de\/de\/deutschland\/eu-reagiert-mit-schwerer-aufruestung-auf-annaeherung-zwischen-usa-und-russland\/","url":"https:\/\/now-news.de\/de\/deutschland\/eu-reagiert-mit-schwerer-aufruestung-auf-annaeherung-zwischen-usa-und-russland\/","name":"EU reagiert mit schwerer Aufr\u00fcstung auf Ann\u00e4herung zwischen USA und Russland - just-now.NEWS Deutschland","isPartOf":{"@id":"https:\/\/now-news.de\/de\/#website"},"primaryImageOfPage":{"@id":"https:\/\/now-news.de\/de\/deutschland\/eu-reagiert-mit-schwerer-aufruestung-auf-annaeherung-zwischen-usa-und-russland\/#primaryimage"},"image":{"@id":"https:\/\/now-news.de\/de\/deutschland\/eu-reagiert-mit-schwerer-aufruestung-auf-annaeherung-zwischen-usa-und-russland\/#primaryimage"},"thumbnailUrl":"https:\/\/now-news.de\/de\/wp-content\/uploads\/sites\/3\/2025\/03\/EU-reagiert-mit-schwerer-Aufruestung-auf-Annaeherung-zwischen-USA-und.jpg","datePublished":"2025-03-07T09:17:21+00:00","dateModified":"2025-03-07T09:17:21+00:00","breadcrumb":{"@id":"https:\/\/now-news.de\/de\/deutschland\/eu-reagiert-mit-schwerer-aufruestung-auf-annaeherung-zwischen-usa-und-russland\/#breadcrumb"},"inLanguage":"de","potentialAction":[{"@type":"ReadAction","target":["https:\/\/now-news.de\/de\/deutschland\/eu-reagiert-mit-schwerer-aufruestung-auf-annaeherung-zwischen-usa-und-russland\/"]}]},{"@type":"ImageObject","inLanguage":"de","@id":"https:\/\/now-news.de\/de\/deutschland\/eu-reagiert-mit-schwerer-aufruestung-auf-annaeherung-zwischen-usa-und-russland\/#primaryimage","url":"https:\/\/now-news.de\/de\/wp-content\/uploads\/sites\/3\/2025\/03\/EU-reagiert-mit-schwerer-Aufruestung-auf-Annaeherung-zwischen-USA-und.jpg","contentUrl":"https:\/\/now-news.de\/de\/wp-content\/uploads\/sites\/3\/2025\/03\/EU-reagiert-mit-schwerer-Aufruestung-auf-Annaeherung-zwischen-USA-und.jpg","width":460,"height":259,"caption":"EU reagiert mit schwerer Aufr\u00fcstung auf Ann\u00e4herung zwischen USA und Russland"},{"@type":"BreadcrumbList","@id":"https:\/\/now-news.de\/de\/deutschland\/eu-reagiert-mit-schwerer-aufruestung-auf-annaeherung-zwischen-usa-und-russland\/#breadcrumb","itemListElement":[{"@type":"ListItem","position":1,"name":"Home","item":"https:\/\/now-news.de\/de\/"},{"@type":"ListItem","position":2,"name":"EU reagiert mit schwerer Aufr\u00fcstung auf Ann\u00e4herung zwischen USA und Russland"}]},{"@type":"WebSite","@id":"https:\/\/now-news.de\/de\/#website","url":"https:\/\/now-news.de\/de\/","name":"just-now.NEWS Deutschland","description":"Das Portal f\u00fcr unzensierte Nachrichten aus der Welt","publisher":{"@id":"https:\/\/now-news.de\/de\/#organization"},"potentialAction":[{"@type":"SearchAction","target":{"@type":"EntryPoint","urlTemplate":"https:\/\/now-news.de\/de\/?s={search_term_string}"},"query-input":"required name=search_term_string"}],"inLanguage":"de"},{"@type":"Organization","@id":"https:\/\/now-news.de\/de\/#organization","name":"Just Now News","url":"https:\/\/now-news.de\/de\/","logo":{"@type":"ImageObject","inLanguage":"de","@id":"https:\/\/now-news.de\/de\/#\/schema\/logo\/image\/","url":"http:\/\/just-now.news\/de\/wp-content\/uploads\/sites\/3\/2022\/04\/logo500x500.jpg","contentUrl":"http:\/\/just-now.news\/de\/wp-content\/uploads\/sites\/3\/2022\/04\/logo500x500.jpg","width":500,"height":500,"caption":"Just Now News"},"image":{"@id":"https:\/\/now-news.de\/de\/#\/schema\/logo\/image\/"},"sameAs":["https:\/\/www.facebook.com\/wirmachenauf","https:\/\/x.com\/WirMachenAuf_de"]},{"@type":"Person","@id":"https:\/\/now-news.de\/de\/#\/schema\/person\/fb534a4e865501d8b3285208df34a9b5","name":"rtnews","image":{"@type":"ImageObject","inLanguage":"de","@id":"https:\/\/now-news.de\/de\/#\/schema\/person\/image\/","url":"https:\/\/secure.gravatar.com\/avatar\/82aafea7d8127119dd649515f56e2117?s=96&d=mm&r=g","contentUrl":"https:\/\/secure.gravatar.com\/avatar\/82aafea7d8127119dd649515f56e2117?s=96&d=mm&r=g","caption":"rtnews"},"url":"https:\/\/now-news.de\/de\/author\/rnews\/"}]}},"_links":{"self":[{"href":"https:\/\/now-news.de\/de\/wp-json\/wp\/v2\/posts\/79822"}],"collection":[{"href":"https:\/\/now-news.de\/de\/wp-json\/wp\/v2\/posts"}],"about":[{"href":"https:\/\/now-news.de\/de\/wp-json\/wp\/v2\/types\/post"}],"author":[{"embeddable":true,"href":"https:\/\/now-news.de\/de\/wp-json\/wp\/v2\/users\/3"}],"replies":[{"embeddable":true,"href":"https:\/\/now-news.de\/de\/wp-json\/wp\/v2\/comments?post=79822"}],"version-history":[{"count":0,"href":"https:\/\/now-news.de\/de\/wp-json\/wp\/v2\/posts\/79822\/revisions"}],"wp:featuredmedia":[{"embeddable":true,"href":"https:\/\/now-news.de\/de\/wp-json\/wp\/v2\/media\/79823"}],"wp:attachment":[{"href":"https:\/\/now-news.de\/de\/wp-json\/wp\/v2\/media?parent=79822"}],"wp:term":[{"taxonomy":"category","embeddable":true,"href":"https:\/\/now-news.de\/de\/wp-json\/wp\/v2\/categories?post=79822"},{"taxonomy":"post_tag","embeddable":true,"href":"https:\/\/now-news.de\/de\/wp-json\/wp\/v2\/tags?post=79822"}],"curies":[{"name":"wp","href":"https:\/\/api.w.org\/{rel}","templated":true}]}}