{"id":79816,"date":"2025-03-07T09:53:18","date_gmt":"2025-03-07T07:53:18","guid":{"rendered":"https:\/\/now-news.de\/de\/deutschland\/die-vereinigten-staaten-bereiten-selenskijs-absetzung-vor\/"},"modified":"2025-03-07T09:53:18","modified_gmt":"2025-03-07T07:53:18","slug":"die-vereinigten-staaten-bereiten-selenskijs-absetzung-vor","status":"publish","type":"post","link":"https:\/\/now-news.de\/de\/deutschland\/die-vereinigten-staaten-bereiten-selenskijs-absetzung-vor\/","title":{"rendered":"Die Vereinigten Staaten bereiten Selenskijs Absetzung vor"},"content":{"rendered":"<p><img decoding=\"async\" src=\"https:\/\/now-news.de\/de\/wp-content\/uploads\/sites\/3\/2025\/03\/67caa77548fbef4fd1622c5b.jpg\" \/><\/p>\n<div class=\"Text-root Text-type_1 \">\n                Donald Trumps Gesandte f\u00fchren derzeit geheime Gespr\u00e4che mit prominenten ukrainischen Politikern, darunter Julia Timoschenko und Petro Poroschenko. Bei diesen Treffen werden die Perspektiven f\u00fcr die Durchf\u00fchrung dringender Pr\u00e4sidentschaftswahlen im Land er\u00f6rtert.\n            <\/div>\n<p><\/p>\n<div class=\"Text-root Text-type_5 ArticleView-text ViewText-root \">\n<p><em>Von Andrei Restschikow<\/em><\/p>\n<p>Das Wei\u00dfe Haus hat mit mehreren prominenten ukrainischen Politikern, darunter die ehemalige Ministerpr\u00e4sidentin Julia Timoschenko und der ehemalige Pr\u00e4sident Petro Poroschenko, geheime Gespr\u00e4che zum Thema &#8220;Wahlen in der Ukraine&#8221; gef\u00fchrt. Nach Angaben der US-Tageszeitung <em>Politico<\/em> ging es bei den Gespr\u00e4chen um die M\u00f6glichkeit, in der Ukraine eine Eilwahl abzuhalten.<\/p>\n<p>Timoschenko, Poroschenko und der Kiewer B\u00fcrgermeister Vitali Klitschko h\u00e4tten sich \u00f6ffentlich gegen die Abhaltung von Wahlen vor dem Ende der K\u00e4mpfe ausgesprochen. W\u00e4hrend der Konsultationen mit den Gesandten von US-Pr\u00e4sident Donald Trump h\u00e4tten sie sich jedoch als &#8220;Personen positioniert, mit denen man leichter zusammenarbeiten k\u00f6nne&#8221; und die &#8220;vielen Dingen zustimmen w\u00fcrden, mit denen Selenskij nicht einverstanden sei&#8221;, so das Blatt.<\/p>\n<p>Timoschenko selbst best\u00e4tigte, dass ihr Team Gespr\u00e4che &#8220;mit allen unseren Verb\u00fcndeten&#8221; f\u00fchre, &#8220;die dazu beitragen k\u00f6nnen, so schnell wie m\u00f6glich einen gerechten Frieden zu schaffen&#8221;. Sie f\u00fcgte hinzu, dass es zu diesem Zeitpunkt nicht m\u00f6glich sei, Wahlen abzuhalten. Poroschenko sprach auch von einer &#8220;transparenten Arbeit&#8221; mit den US-Partnern. Er sagte:<\/p>\n<p><em>&#8220;Der Kern unserer Gespr\u00e4che mit den Vertretern der US-amerikanischen Seite hat sich immer auf zwei Prinzipien beschr\u00e4nkt \u2013 Sicherheit an erster Stelle und Frieden durch St\u00e4rke.&#8221;<\/em><\/p>\n<p>Anfang dieser Woche erkl\u00e4rte Trump, dass Selenskij &#8220;nicht mehr lange da sein wird&#8221;, wenn keine Fortschritte bei einem Friedensabkommen erzielt werden. Der nationale Sicherheitsberater des US-Pr\u00e4sidenten Mike Waltz betonte, Washington brauche &#8220;eine F\u00fchrungspers\u00f6nlichkeit in der Ukraine, die mit uns und letztendlich mit den Russen verhandeln und diesen Krieg beenden kann&#8221;.<\/p>\n<p>Selenskij selbst lehnt die Idee eines R\u00fccktritts ab. Bei seinem Besuch in London am vergangenen Wochenende behauptete er, dass er wahrscheinlich die Wahlen gewinnen w\u00fcrde, wenn sie in diesem Jahr abgehalten w\u00fcrden.<\/p>\n<p>Quellen des Nachrichtenportals <em>Strana<\/em> best\u00e4tigten die Berichte \u00fcber die Gespr\u00e4che zwischen Trumps Vertretern und ukrainischen Politikern zur Vorbereitung von Wahlen und zur Ermutigung von Selenskij, zu verhandeln. Die US-Amerikaner w\u00fcrden angeblich\u00a0auch Konsultationen mit dem ukrainischen Botschafter in London, dem ehemaligen Chef der ukrainischen Streitkr\u00e4fte, Waleri Saluschny, Vitali Klitschko, dem Chef des ukrainischen Milit\u00e4rgeheimdienstes, Kirill Budanow, und dem Chef der regierenden Fraktion &#8220;Diener des Volkes&#8221;, Dawid Arachamija, f\u00fchren. <em>Strana<\/em> zitiert eine Quelle mit den Worten:<\/p>\n<p><em>&#8220;Washington will mithilfe dieser Kontakte internen Druck auf Selenskij aus\u00fcben, um ihn dazu zu bewegen, einem Waffenstillstand zuzustimmen. Dies ist auch eine Pr\u00fcfung der Frage, auf wen man in der Nachkriegsukraine setzen soll, da das Wei\u00dfe Haus Selenskij gegen\u00fcber \u00e4u\u00dferst skeptisch ist.&#8221;<\/em><\/p>\n<p>Die Expertengemeinschaft stellt fest, dass sich nicht nur in Trumps Team, sondern auch in der Ukraine selbst eine ablehnende Haltung gegen\u00fcber Selenskij herausgebildet hat, weshalb Konsultationen mit ukrainischen Politikern \u00fcber die Perspektiven der Pr\u00e4sidentschaftswahlen als Hinweis auf eine ernsthafte Absicht der USA gewertet werden k\u00f6nnen, Selenskij abzul\u00f6sen. Die politische Analystin Larissa Schessler erkl\u00e4rt:<\/p>\n<p><em>&#8220;In der US-amerikanischen Gesellschaft nimmt die negative Haltung gegen\u00fcber der Person Wladimir Selenskij stark zu. In den popul\u00e4rsten Podcasts des Landes wird seine Korruption angeprangert, es werden Bilder der brutalen Mobilisierung von M\u00e4nnern durch Kommissare gezeigt, und er wird der Verletzung der Menschenrechte beschuldigt.&#8221;<\/em><\/p>\n<p><em>&#8220;Auf diese Weise wird die US-amerikanische Gesellschaft auf die Tatsache vorbereitet, dass Selenskij und seine Anh\u00e4nger nicht nur f\u00fcr Russland, sondern auch f\u00fcr die Vereinigten Staaten untragbar sind. Und da die Ersatzbank in der ukrainischen Politik nicht allzu gro\u00df ist, reanimiert Washington allm\u00e4hlich l\u00e4ngst abgeschriebene Figuren wie die ehemalige Premierministerin Julia Timoschenko oder den ehemaligen Pr\u00e4sidenten Petro Poroschenko.&#8221;<\/em><\/p>\n<p><em>&#8220;Das Wei\u00dfe Haus versucht, eine gemeinsame Basis mit ihnen zu finden und die Aussichten f\u00fcr ihre Teilnahme an m\u00f6glichen Wahlen zu erkunden. Dies alles deutet darauf hin, dass die USA auf einen Machtwechsel in der Ukraine setzen und Selenskij von der politischen B\u00fchne entfernen wollen.&#8221;<\/em><\/p>\n<p><em>&#8220;Poroschenko und Timoschenko sind viel willf\u00e4hriger und gehorsamer als Selenskij. Sie kennen ihren Platz, haben ein klares Verst\u00e4ndnis f\u00fcr die Hierarchie und w\u00fcrden es nicht wagen, ihre Stimme gegen Trump oder Vizepr\u00e4sident JD Vance zu erheben. Zum jetzigen Zeitpunkt ist also jeder von ihnen f\u00fcr das Wei\u00dfe Haus akzeptabler.&#8221;<\/em><\/p>\n<p><em>&#8220;Au\u00dferdem verf\u00fcgen sie \u00fcber m\u00e4chtige politische Kapazit\u00e4ten, Strukturen zur Sicherung der Wahlen, Parteiorganisationen und Aktivisten. Allerdings ist es nicht Poroschenko, sondern der ehemalige Oberbefehlshaber der ukrainischen Streitkr\u00e4fte Waleri Saluschny, der praktisch keine negative Reputationsspur hat und f\u00fcr die Partei &#8216;Europ\u00e4ische Solidarit\u00e4t&#8217; bei der Wahl antreten k\u00f6nnte.&#8221;<\/em><\/p>\n<p><em>&#8220;Die Tatsache, dass Informationen \u00fcber diese Geheimgespr\u00e4che an die \u00d6ffentlichkeit gelangt sind, ist ein Signal an die derzeitigen ukrainischen Beh\u00f6rden, dass man mit ihnen in den USA nicht zufrieden ist, und von Vergebung kann keine Rede sein. Trotz der niedrigen Umfragewerte Selenskijs verf\u00fcgt er jedoch \u00fcber die notwendigen Mittel, um wiedergew\u00e4hlt zu werden, selbst unter den Bedingungen einer totalen Kontrolle des Wahlkampfes. Deshalb muss Washington ihn zu Fall bringen, was es auch tut.&#8221;<\/em><\/p>\n<p>Der Politikwissenschaftler Wladimir Kornilow sagt:<\/p>\n<p><em>&#8220;Solche Leak-Ver\u00f6ffentlichungen deuten darauf hin, dass die USA zumindest die M\u00f6glichkeiten f\u00fcr eine Abl\u00f6sung Selenskijs ausloten und sich darauf vorbereiten, dass er durch jemanden ersetzt werden muss, der Trumps Team entgegenkommender sein wird. Die Vereinigten Staaten bereiten sich auf verschiedene Szenarien in der Ukraine vor, darunter auch die Absetzung Selenskijs.&#8221;<\/em><\/p>\n<p>Er betont, dass nach dem Beginn der milit\u00e4rischen Sonderoperation Russlands die Botschaften vieler L\u00e4nder in Kiew geschlossen wurden, die US-amerikanischen Diplomaten jedoch weiter arbeiten w\u00fcrden, und f\u00fcgt hinzu:<\/p>\n<p><em>&#8220;Die US-Amerikaner haben immer mit der Kiewer Elite zusammengearbeitet. In der Zeit, als es keinen Anschein von Legalit\u00e4t gab, fl\u00fcchteten viele ukrainische Politiker, Oligarchen und Gesch\u00e4ftsleute zum Schutz in die US-Botschaft. Alle in der Politico-Publikation genannten Personen wurden stets konsultiert.&#8221;<\/em><\/p>\n<p>Dem Experten zufolge h\u00e4tten die US-Amerikaner au\u00dfer den in den US-amerikanischen und ukrainischen Massenmedien aufgef\u00fchrten Politikern &#8220;niemanden, auf den sie sich verlassen k\u00f6nnen&#8221;. Kornilow erkl\u00e4rt:<\/p>\n<p><em>&#8220;Die Ver\u00f6ffentlichung von Strana hat diese Liste erweitert. Darin findet sich, was sehr wichtig ist, Arachamija [der im Fr\u00fchjahr 2022 nach Verhandlungen in Istanbul eine vorl\u00e4ufige Fassung des Friedensabkommens mit Russland unterzeichnete]. Die US-Amerikaner arbeiten nat\u00fcrlich nicht nur mit den Politikern zusammen, die in der Werchowna Rada in der Opposition vertreten sind, sondern auch mit denen, die der Regierungsfraktion angeh\u00f6ren. Im richtigen Moment werden viele aus Selenskijs Team die Ersten sein, die ihn aufgeben wollen.&#8221;<\/em><\/p>\n<p>Zugleich habe sich Russland, wie der Politologe betont, nie vor Verhandlungen mit ukrainischen Politikern verschlossen. Er f\u00fcgt hinzu:<\/p>\n<p><em>&#8220;K\u00fcrzlich f\u00fchrte Wladimir Putin Umfragedaten an, wonach Saluschny an der Spitze der \u00f6ffentlichen Meinung in der Ukraine steht. Aber wir wissen, dass der ehemalige Oberbefehlshaber der ukrainischen Streitkr\u00e4fte, gelinde gesagt, keine Zuckerpuppe ist, er ist unser ideologischer Gegner. Denken Sie an die B\u00fcste von Bandera an seiner Seite. Und mit Selenskij haben wir \u2013 wenn auch mit Abscheu \u2013 bereits einen Dialog gef\u00fchrt. Nun stellen die westlichen Medien zunehmend die Frage nach der Legitimit\u00e4t Selenskijs. Wenn er am Ende in einer normalen Wahl f\u00fcr die n\u00e4chste Amtszeit wiedergew\u00e4hlt wird, dann werden wir uns mit Selenskij arrangieren m\u00fcssen. Wir sind offen f\u00fcr Verhandlungen, aber es ist f\u00fcr uns sehr wichtig, dass die n\u00e4chste Regierung in der Ukraine die getroffenen Vereinbarungen nicht infrage stellt.&#8221;<\/em><\/p>\n<p><em>\u00dcbersetzt aus dem <a rel=\"nofollow noopener\" target=\"_blank\" href=\"https:\/\/vz.ru\/world\/2025\/3\/6\/1318910.html\">Russischen<\/a>. Der Artikel ist am 6. M\u00e4rz 2025 zuerst auf der Webseite der Zeitung Wsgljad erschienen.<\/em><\/p>\n<p><em><strong>Andrei Restschikow<\/strong> ist Analyst bei der Zeitung Wsgljad.<\/em><\/p>\n<p><strong>Mehr zum Thema<\/strong> \u2013 <a rel=\"nofollow noopener\" target=\"_blank\" href=\"https:\/\/freedert.online\/international\/238704-lukaschenko-schlaegt-minsk-als-treffpunkt-fuer-friedensgespraeche-vor\/\">Lukaschenko schl\u00e4gt Minsk als Treffpunkt f\u00fcr Friedensgespr\u00e4che vor \u2013 Zustimmung im Kreml <\/a><\/p>\n<div class=\"EmbedBlock-root EmbedBlock-externalVideo EmbedBlock-rumble\">\n<div class=\"VkEmbed\"><iframe class=\"lazyload\" data-src=\"https:\/\/rumble.com\/embed\/v6o0lkm\" frameborder=\"0\" width=\"853\" height=\"480\" allowfullscreen><\/iframe><\/div>\n<\/div>\n<\/div>\n<p><br \/>\n<br \/><a href=\"https:\/\/de.rt.com\/international\/238864-vereinigten-staaten-bereiten-selenskijs-absetzung\/\">Source link <\/a><\/p>\n","protected":false},"excerpt":{"rendered":"<p>Donald Trumps Gesandte f\u00fchren derzeit geheime Gespr\u00e4che mit prominenten ukrainischen Politikern, darunter Julia Timoschenko und Petro Poroschenko. Bei diesen Treffen werden die Perspektiven f\u00fcr die Durchf\u00fchrung dringender Pr\u00e4sidentschaftswahlen im Land er\u00f6rtert. Von Andrei Restschikow Das Wei\u00dfe Haus hat mit mehreren prominenten ukrainischen Politikern, darunter die ehemalige Ministerpr\u00e4sidentin Julia Timoschenko und der ehemalige Pr\u00e4sident Petro Poroschenko, [&hellip;]<\/p>\n","protected":false},"author":3,"featured_media":79817,"comment_status":"open","ping_status":"open","sticky":false,"template":"","format":"standard","meta":{"_yoast_indexnow_last_ping":["1741334508"],"wp_automatic_camp":["217"],"bf51c74276e21dd89d0826cbb5c42a71":["Die Vereinigten Staaten bereiten Selenskijs Absetzung vor"],"original_link":["https:\/\/de.rt.com\/international\/238864-vereinigten-staaten-bereiten-selenskijs-absetzung\/"],"_thumbnail_id":["79817"],"jnews_social_counter_last_update":["1777252957"],"_wptgpro_p2tg_sent2tg":["a:1:{i:23737;s:19:\"2025-03-07 10:02:53\";}"]},"categories":[19,23],"tags":[53031,21181,45,1290,4749,18496,320],"yoast_head":"<!-- This site is optimized with the Yoast SEO Premium plugin v22.7 (Yoast SEO v22.7) - https:\/\/yoast.com\/wordpress\/plugins\/seo\/ -->\n<title>Die Vereinigten Staaten bereiten Selenskijs Absetzung vor - just-now.NEWS Deutschland<\/title>\n<meta name=\"robots\" content=\"index, follow, max-snippet:-1, max-image-preview:large, max-video-preview:-1\" \/>\n<link rel=\"canonical\" href=\"https:\/\/now-news.de\/de\/deutschland\/die-vereinigten-staaten-bereiten-selenskijs-absetzung-vor\/\" \/>\n<meta property=\"og:locale\" content=\"de_DE\" \/>\n<meta property=\"og:type\" content=\"article\" \/>\n<meta property=\"og:title\" content=\"Die Vereinigten Staaten bereiten Selenskijs Absetzung vor\" \/>\n<meta property=\"og:description\" content=\"Donald Trumps Gesandte f\u00fchren derzeit geheime Gespr\u00e4che mit prominenten ukrainischen Politikern, darunter Julia Timoschenko und Petro Poroschenko. Bei diesen Treffen werden die Perspektiven f\u00fcr die Durchf\u00fchrung dringender Pr\u00e4sidentschaftswahlen im Land er\u00f6rtert. Von Andrei Restschikow Das Wei\u00dfe Haus hat mit mehreren prominenten ukrainischen Politikern, darunter die ehemalige Ministerpr\u00e4sidentin Julia Timoschenko und der ehemalige Pr\u00e4sident Petro Poroschenko, [&hellip;]\" \/>\n<meta property=\"og:url\" content=\"https:\/\/now-news.de\/de\/deutschland\/die-vereinigten-staaten-bereiten-selenskijs-absetzung-vor\/\" \/>\n<meta property=\"og:site_name\" content=\"just-now.NEWS Deutschland\" \/>\n<meta property=\"article:publisher\" content=\"https:\/\/www.facebook.com\/wirmachenauf\" \/>\n<meta property=\"article:published_time\" content=\"2025-03-07T07:53:18+00:00\" \/>\n<meta property=\"og:image\" content=\"https:\/\/now-news.de\/de\/wp-content\/uploads\/sites\/3\/2025\/03\/67caa77548fbef4fd1622c5b.jpg\" \/>\n<meta name=\"author\" content=\"rtnews\" \/>\n<meta name=\"twitter:card\" content=\"summary_large_image\" \/>\n<meta name=\"twitter:creator\" content=\"@WirMachenAuf_de\" \/>\n<meta name=\"twitter:site\" content=\"@WirMachenAuf_de\" \/>\n<meta name=\"twitter:label1\" content=\"Verfasst von\" \/>\n\t<meta name=\"twitter:data1\" content=\"rtnews\" \/>\n\t<meta name=\"twitter:label2\" content=\"Gesch\u00e4tzte Lesezeit\" \/>\n\t<meta name=\"twitter:data2\" content=\"7\u00a0Minuten\" \/>\n<script type=\"application\/ld+json\" class=\"yoast-schema-graph\">{\"@context\":\"https:\/\/schema.org\",\"@graph\":[{\"@type\":\"Article\",\"@id\":\"https:\/\/now-news.de\/de\/deutschland\/die-vereinigten-staaten-bereiten-selenskijs-absetzung-vor\/#article\",\"isPartOf\":{\"@id\":\"https:\/\/now-news.de\/de\/deutschland\/die-vereinigten-staaten-bereiten-selenskijs-absetzung-vor\/\"},\"author\":{\"name\":\"rtnews\",\"@id\":\"https:\/\/now-news.de\/de\/#\/schema\/person\/fb534a4e865501d8b3285208df34a9b5\"},\"headline\":\"Die Vereinigten Staaten bereiten Selenskijs Absetzung vor\",\"datePublished\":\"2025-03-07T07:53:18+00:00\",\"dateModified\":\"2025-03-07T07:53:18+00:00\",\"mainEntityOfPage\":{\"@id\":\"https:\/\/now-news.de\/de\/deutschland\/die-vereinigten-staaten-bereiten-selenskijs-absetzung-vor\/\"},\"wordCount\":1321,\"commentCount\":0,\"publisher\":{\"@id\":\"https:\/\/now-news.de\/de\/#organization\"},\"image\":{\"@id\":\"https:\/\/now-news.de\/de\/deutschland\/die-vereinigten-staaten-bereiten-selenskijs-absetzung-vor\/#primaryimage\"},\"thumbnailUrl\":\"https:\/\/now-news.de\/de\/wp-content\/uploads\/sites\/3\/2025\/03\/Die-Vereinigten-Staaten-bereiten-Selenskijs-Absetzung-vor.jpg\",\"keywords\":[\"Absetzung\",\"bereiten\",\"die\",\"Selenskijs\",\"Staaten\",\"Vereinigten\",\"vor\"],\"articleSection\":[\"Deutschland\",\"Russland\"],\"inLanguage\":\"de\",\"potentialAction\":[{\"@type\":\"CommentAction\",\"name\":\"Comment\",\"target\":[\"https:\/\/now-news.de\/de\/deutschland\/die-vereinigten-staaten-bereiten-selenskijs-absetzung-vor\/#respond\"]}]},{\"@type\":\"WebPage\",\"@id\":\"https:\/\/now-news.de\/de\/deutschland\/die-vereinigten-staaten-bereiten-selenskijs-absetzung-vor\/\",\"url\":\"https:\/\/now-news.de\/de\/deutschland\/die-vereinigten-staaten-bereiten-selenskijs-absetzung-vor\/\",\"name\":\"Die Vereinigten Staaten bereiten Selenskijs Absetzung vor - just-now.NEWS Deutschland\",\"isPartOf\":{\"@id\":\"https:\/\/now-news.de\/de\/#website\"},\"primaryImageOfPage\":{\"@id\":\"https:\/\/now-news.de\/de\/deutschland\/die-vereinigten-staaten-bereiten-selenskijs-absetzung-vor\/#primaryimage\"},\"image\":{\"@id\":\"https:\/\/now-news.de\/de\/deutschland\/die-vereinigten-staaten-bereiten-selenskijs-absetzung-vor\/#primaryimage\"},\"thumbnailUrl\":\"https:\/\/now-news.de\/de\/wp-content\/uploads\/sites\/3\/2025\/03\/Die-Vereinigten-Staaten-bereiten-Selenskijs-Absetzung-vor.jpg\",\"datePublished\":\"2025-03-07T07:53:18+00:00\",\"dateModified\":\"2025-03-07T07:53:18+00:00\",\"breadcrumb\":{\"@id\":\"https:\/\/now-news.de\/de\/deutschland\/die-vereinigten-staaten-bereiten-selenskijs-absetzung-vor\/#breadcrumb\"},\"inLanguage\":\"de\",\"potentialAction\":[{\"@type\":\"ReadAction\",\"target\":[\"https:\/\/now-news.de\/de\/deutschland\/die-vereinigten-staaten-bereiten-selenskijs-absetzung-vor\/\"]}]},{\"@type\":\"ImageObject\",\"inLanguage\":\"de\",\"@id\":\"https:\/\/now-news.de\/de\/deutschland\/die-vereinigten-staaten-bereiten-selenskijs-absetzung-vor\/#primaryimage\",\"url\":\"https:\/\/now-news.de\/de\/wp-content\/uploads\/sites\/3\/2025\/03\/Die-Vereinigten-Staaten-bereiten-Selenskijs-Absetzung-vor.jpg\",\"contentUrl\":\"https:\/\/now-news.de\/de\/wp-content\/uploads\/sites\/3\/2025\/03\/Die-Vereinigten-Staaten-bereiten-Selenskijs-Absetzung-vor.jpg\",\"width\":460,\"height\":259,\"caption\":\"Die Vereinigten Staaten bereiten Selenskijs Absetzung vor\"},{\"@type\":\"BreadcrumbList\",\"@id\":\"https:\/\/now-news.de\/de\/deutschland\/die-vereinigten-staaten-bereiten-selenskijs-absetzung-vor\/#breadcrumb\",\"itemListElement\":[{\"@type\":\"ListItem\",\"position\":1,\"name\":\"Home\",\"item\":\"https:\/\/now-news.de\/de\/\"},{\"@type\":\"ListItem\",\"position\":2,\"name\":\"Die Vereinigten Staaten bereiten Selenskijs Absetzung vor\"}]},{\"@type\":\"WebSite\",\"@id\":\"https:\/\/now-news.de\/de\/#website\",\"url\":\"https:\/\/now-news.de\/de\/\",\"name\":\"just-now.NEWS Deutschland\",\"description\":\"Das Portal f\u00fcr unzensierte Nachrichten aus der Welt\",\"publisher\":{\"@id\":\"https:\/\/now-news.de\/de\/#organization\"},\"potentialAction\":[{\"@type\":\"SearchAction\",\"target\":{\"@type\":\"EntryPoint\",\"urlTemplate\":\"https:\/\/now-news.de\/de\/?s={search_term_string}\"},\"query-input\":\"required name=search_term_string\"}],\"inLanguage\":\"de\"},{\"@type\":\"Organization\",\"@id\":\"https:\/\/now-news.de\/de\/#organization\",\"name\":\"Just Now News\",\"url\":\"https:\/\/now-news.de\/de\/\",\"logo\":{\"@type\":\"ImageObject\",\"inLanguage\":\"de\",\"@id\":\"https:\/\/now-news.de\/de\/#\/schema\/logo\/image\/\",\"url\":\"http:\/\/just-now.news\/de\/wp-content\/uploads\/sites\/3\/2022\/04\/logo500x500.jpg\",\"contentUrl\":\"http:\/\/just-now.news\/de\/wp-content\/uploads\/sites\/3\/2022\/04\/logo500x500.jpg\",\"width\":500,\"height\":500,\"caption\":\"Just Now News\"},\"image\":{\"@id\":\"https:\/\/now-news.de\/de\/#\/schema\/logo\/image\/\"},\"sameAs\":[\"https:\/\/www.facebook.com\/wirmachenauf\",\"https:\/\/x.com\/WirMachenAuf_de\"]},{\"@type\":\"Person\",\"@id\":\"https:\/\/now-news.de\/de\/#\/schema\/person\/fb534a4e865501d8b3285208df34a9b5\",\"name\":\"rtnews\",\"image\":{\"@type\":\"ImageObject\",\"inLanguage\":\"de\",\"@id\":\"https:\/\/now-news.de\/de\/#\/schema\/person\/image\/\",\"url\":\"https:\/\/secure.gravatar.com\/avatar\/82aafea7d8127119dd649515f56e2117?s=96&d=mm&r=g\",\"contentUrl\":\"https:\/\/secure.gravatar.com\/avatar\/82aafea7d8127119dd649515f56e2117?s=96&d=mm&r=g\",\"caption\":\"rtnews\"},\"url\":\"https:\/\/now-news.de\/de\/author\/rnews\/\"}]}<\/script>\n<!-- \/ Yoast SEO Premium plugin. -->","yoast_head_json":{"title":"Die Vereinigten Staaten bereiten Selenskijs Absetzung vor - just-now.NEWS Deutschland","robots":{"index":"index","follow":"follow","max-snippet":"max-snippet:-1","max-image-preview":"max-image-preview:large","max-video-preview":"max-video-preview:-1"},"canonical":"https:\/\/now-news.de\/de\/deutschland\/die-vereinigten-staaten-bereiten-selenskijs-absetzung-vor\/","og_locale":"de_DE","og_type":"article","og_title":"Die Vereinigten Staaten bereiten Selenskijs Absetzung vor","og_description":"Donald Trumps Gesandte f\u00fchren derzeit geheime Gespr\u00e4che mit prominenten ukrainischen Politikern, darunter Julia Timoschenko und Petro Poroschenko. Bei diesen Treffen werden die Perspektiven f\u00fcr die Durchf\u00fchrung dringender Pr\u00e4sidentschaftswahlen im Land er\u00f6rtert. Von Andrei Restschikow Das Wei\u00dfe Haus hat mit mehreren prominenten ukrainischen Politikern, darunter die ehemalige Ministerpr\u00e4sidentin Julia Timoschenko und der ehemalige Pr\u00e4sident Petro Poroschenko, [&hellip;]","og_url":"https:\/\/now-news.de\/de\/deutschland\/die-vereinigten-staaten-bereiten-selenskijs-absetzung-vor\/","og_site_name":"just-now.NEWS Deutschland","article_publisher":"https:\/\/www.facebook.com\/wirmachenauf","article_published_time":"2025-03-07T07:53:18+00:00","og_image":[{"url":"https:\/\/now-news.de\/de\/wp-content\/uploads\/sites\/3\/2025\/03\/67caa77548fbef4fd1622c5b.jpg"}],"author":"rtnews","twitter_card":"summary_large_image","twitter_creator":"@WirMachenAuf_de","twitter_site":"@WirMachenAuf_de","twitter_misc":{"Verfasst von":"rtnews","Gesch\u00e4tzte Lesezeit":"7\u00a0Minuten"},"schema":{"@context":"https:\/\/schema.org","@graph":[{"@type":"Article","@id":"https:\/\/now-news.de\/de\/deutschland\/die-vereinigten-staaten-bereiten-selenskijs-absetzung-vor\/#article","isPartOf":{"@id":"https:\/\/now-news.de\/de\/deutschland\/die-vereinigten-staaten-bereiten-selenskijs-absetzung-vor\/"},"author":{"name":"rtnews","@id":"https:\/\/now-news.de\/de\/#\/schema\/person\/fb534a4e865501d8b3285208df34a9b5"},"headline":"Die Vereinigten Staaten bereiten Selenskijs Absetzung vor","datePublished":"2025-03-07T07:53:18+00:00","dateModified":"2025-03-07T07:53:18+00:00","mainEntityOfPage":{"@id":"https:\/\/now-news.de\/de\/deutschland\/die-vereinigten-staaten-bereiten-selenskijs-absetzung-vor\/"},"wordCount":1321,"commentCount":0,"publisher":{"@id":"https:\/\/now-news.de\/de\/#organization"},"image":{"@id":"https:\/\/now-news.de\/de\/deutschland\/die-vereinigten-staaten-bereiten-selenskijs-absetzung-vor\/#primaryimage"},"thumbnailUrl":"https:\/\/now-news.de\/de\/wp-content\/uploads\/sites\/3\/2025\/03\/Die-Vereinigten-Staaten-bereiten-Selenskijs-Absetzung-vor.jpg","keywords":["Absetzung","bereiten","die","Selenskijs","Staaten","Vereinigten","vor"],"articleSection":["Deutschland","Russland"],"inLanguage":"de","potentialAction":[{"@type":"CommentAction","name":"Comment","target":["https:\/\/now-news.de\/de\/deutschland\/die-vereinigten-staaten-bereiten-selenskijs-absetzung-vor\/#respond"]}]},{"@type":"WebPage","@id":"https:\/\/now-news.de\/de\/deutschland\/die-vereinigten-staaten-bereiten-selenskijs-absetzung-vor\/","url":"https:\/\/now-news.de\/de\/deutschland\/die-vereinigten-staaten-bereiten-selenskijs-absetzung-vor\/","name":"Die Vereinigten Staaten bereiten Selenskijs Absetzung vor - just-now.NEWS Deutschland","isPartOf":{"@id":"https:\/\/now-news.de\/de\/#website"},"primaryImageOfPage":{"@id":"https:\/\/now-news.de\/de\/deutschland\/die-vereinigten-staaten-bereiten-selenskijs-absetzung-vor\/#primaryimage"},"image":{"@id":"https:\/\/now-news.de\/de\/deutschland\/die-vereinigten-staaten-bereiten-selenskijs-absetzung-vor\/#primaryimage"},"thumbnailUrl":"https:\/\/now-news.de\/de\/wp-content\/uploads\/sites\/3\/2025\/03\/Die-Vereinigten-Staaten-bereiten-Selenskijs-Absetzung-vor.jpg","datePublished":"2025-03-07T07:53:18+00:00","dateModified":"2025-03-07T07:53:18+00:00","breadcrumb":{"@id":"https:\/\/now-news.de\/de\/deutschland\/die-vereinigten-staaten-bereiten-selenskijs-absetzung-vor\/#breadcrumb"},"inLanguage":"de","potentialAction":[{"@type":"ReadAction","target":["https:\/\/now-news.de\/de\/deutschland\/die-vereinigten-staaten-bereiten-selenskijs-absetzung-vor\/"]}]},{"@type":"ImageObject","inLanguage":"de","@id":"https:\/\/now-news.de\/de\/deutschland\/die-vereinigten-staaten-bereiten-selenskijs-absetzung-vor\/#primaryimage","url":"https:\/\/now-news.de\/de\/wp-content\/uploads\/sites\/3\/2025\/03\/Die-Vereinigten-Staaten-bereiten-Selenskijs-Absetzung-vor.jpg","contentUrl":"https:\/\/now-news.de\/de\/wp-content\/uploads\/sites\/3\/2025\/03\/Die-Vereinigten-Staaten-bereiten-Selenskijs-Absetzung-vor.jpg","width":460,"height":259,"caption":"Die Vereinigten Staaten bereiten Selenskijs Absetzung vor"},{"@type":"BreadcrumbList","@id":"https:\/\/now-news.de\/de\/deutschland\/die-vereinigten-staaten-bereiten-selenskijs-absetzung-vor\/#breadcrumb","itemListElement":[{"@type":"ListItem","position":1,"name":"Home","item":"https:\/\/now-news.de\/de\/"},{"@type":"ListItem","position":2,"name":"Die Vereinigten Staaten bereiten Selenskijs Absetzung vor"}]},{"@type":"WebSite","@id":"https:\/\/now-news.de\/de\/#website","url":"https:\/\/now-news.de\/de\/","name":"just-now.NEWS Deutschland","description":"Das Portal f\u00fcr unzensierte Nachrichten aus der Welt","publisher":{"@id":"https:\/\/now-news.de\/de\/#organization"},"potentialAction":[{"@type":"SearchAction","target":{"@type":"EntryPoint","urlTemplate":"https:\/\/now-news.de\/de\/?s={search_term_string}"},"query-input":"required name=search_term_string"}],"inLanguage":"de"},{"@type":"Organization","@id":"https:\/\/now-news.de\/de\/#organization","name":"Just Now News","url":"https:\/\/now-news.de\/de\/","logo":{"@type":"ImageObject","inLanguage":"de","@id":"https:\/\/now-news.de\/de\/#\/schema\/logo\/image\/","url":"http:\/\/just-now.news\/de\/wp-content\/uploads\/sites\/3\/2022\/04\/logo500x500.jpg","contentUrl":"http:\/\/just-now.news\/de\/wp-content\/uploads\/sites\/3\/2022\/04\/logo500x500.jpg","width":500,"height":500,"caption":"Just Now News"},"image":{"@id":"https:\/\/now-news.de\/de\/#\/schema\/logo\/image\/"},"sameAs":["https:\/\/www.facebook.com\/wirmachenauf","https:\/\/x.com\/WirMachenAuf_de"]},{"@type":"Person","@id":"https:\/\/now-news.de\/de\/#\/schema\/person\/fb534a4e865501d8b3285208df34a9b5","name":"rtnews","image":{"@type":"ImageObject","inLanguage":"de","@id":"https:\/\/now-news.de\/de\/#\/schema\/person\/image\/","url":"https:\/\/secure.gravatar.com\/avatar\/82aafea7d8127119dd649515f56e2117?s=96&d=mm&r=g","contentUrl":"https:\/\/secure.gravatar.com\/avatar\/82aafea7d8127119dd649515f56e2117?s=96&d=mm&r=g","caption":"rtnews"},"url":"https:\/\/now-news.de\/de\/author\/rnews\/"}]}},"_links":{"self":[{"href":"https:\/\/now-news.de\/de\/wp-json\/wp\/v2\/posts\/79816"}],"collection":[{"href":"https:\/\/now-news.de\/de\/wp-json\/wp\/v2\/posts"}],"about":[{"href":"https:\/\/now-news.de\/de\/wp-json\/wp\/v2\/types\/post"}],"author":[{"embeddable":true,"href":"https:\/\/now-news.de\/de\/wp-json\/wp\/v2\/users\/3"}],"replies":[{"embeddable":true,"href":"https:\/\/now-news.de\/de\/wp-json\/wp\/v2\/comments?post=79816"}],"version-history":[{"count":0,"href":"https:\/\/now-news.de\/de\/wp-json\/wp\/v2\/posts\/79816\/revisions"}],"wp:featuredmedia":[{"embeddable":true,"href":"https:\/\/now-news.de\/de\/wp-json\/wp\/v2\/media\/79817"}],"wp:attachment":[{"href":"https:\/\/now-news.de\/de\/wp-json\/wp\/v2\/media?parent=79816"}],"wp:term":[{"taxonomy":"category","embeddable":true,"href":"https:\/\/now-news.de\/de\/wp-json\/wp\/v2\/categories?post=79816"},{"taxonomy":"post_tag","embeddable":true,"href":"https:\/\/now-news.de\/de\/wp-json\/wp\/v2\/tags?post=79816"}],"curies":[{"name":"wp","href":"https:\/\/api.w.org\/{rel}","templated":true}]}}