{"id":79737,"date":"2025-03-05T22:01:38","date_gmt":"2025-03-05T20:01:38","guid":{"rendered":"https:\/\/now-news.de\/de\/deutschland\/propaganda-nach-staatsraeson-tagesschau-vergisst-oscarpraemierten-dokumentarfilm\/"},"modified":"2025-03-05T22:01:38","modified_gmt":"2025-03-05T20:01:38","slug":"propaganda-nach-staatsraeson-tagesschau-vergisst-oscarpraemierten-dokumentarfilm","status":"publish","type":"post","link":"https:\/\/now-news.de\/de\/deutschland\/propaganda-nach-staatsraeson-tagesschau-vergisst-oscarpraemierten-dokumentarfilm\/","title":{"rendered":"Propaganda nach Staatsr\u00e4son: Tagesschau &quot;vergisst&quot; oscarpr\u00e4mierten Dokumentarfilm"},"content":{"rendered":"<p><img decoding=\"async\" src=\"https:\/\/now-news.de\/de\/wp-content\/uploads\/sites\/3\/2025\/03\/67c8815eb480cc2d605400b3.jpg\" \/><\/p>\n<div class=\"Text-root Text-type_1 \">\n                Der israelisch-pal\u00e4stinensische Film &#8220;No Other Land&#8221; hat einen Oscar f\u00fcr die beste Dokumentation gewonnen. Das bringt die Israel-Unterst\u00fctzer zur Wei\u00dfglut: Die Lobby ruft  &#8220;Antisemitismus!&#8221;,  der deutsche Staatsfunk versagt ihm die Aufmerksamkeit und in den USA verweigern sich die Kinos.\n            <\/div>\n<p><\/p>\n<div class=\"Text-root Text-type_5 ArticleView-text ViewText-root \">\n<p><em>Von Susan Bonath<\/em><\/p>\n<p>Nach jahrelangem Siedlerterror vertreibt die israelische Armee 2022 \u00fcber 1.000 Bewohner zwangsweise aus Masafer Yatta, einer Ansammlung aus 19 pal\u00e4stinensischen D\u00f6rfern im Westjordanland, s\u00fcdlich von Hebron. Mit Bulldozern zerst\u00f6ren die Soldaten ihr Eigentum, der Staat Israel beschlagnahmt ihr Land. Die obdachlos Gewordenen stehen vor dem Nichts. Hamdan Ballal, Basel Adra Rachel Szor und Yuval Abraham, zwei Pal\u00e4stinenser und zwei Israelis, dokumentieren an diesem Beispiel die ethnische S\u00e4uberung in Pal\u00e4stina.<\/p>\n<p>Ihr ersch\u00fctterndes Werk &#8220;No Other Land&#8221; (&#8220;Kein anderes Land&#8221;), das den Terror der haushoch \u00fcberlegenen Milit\u00e4rmacht Israel an der pal\u00e4stinensischen Zivilbev\u00f6lkerung zeigt, r\u00e4umte Preise ab, am Wochenende auch den &#8220;Oscar&#8221; f\u00fcr den besten Dokumentarfilm. Westliche Meinungsf\u00fchrer begegnen dem Film jedoch mit gr\u00f6\u00dfter Feindseligkeit. Es hagelte die \u00fcblichen Antisemitismusvorw\u00fcrfe. Die deutschen \u00d6ffentlich-Rechtlichen, vorneweg die\u00a0<em>ARD<\/em>&#8211;<em>Tagesschau<\/em>, &#8220;verga\u00dfen&#8221; die Doku fast ganz in ihrer &#8220;Berichterstattung&#8221; \u00fcber die Preisverleihung. Und in den USA findet der Film nicht einmal einen Verleih.<\/p>\n<p><strong>Desinformation durch Verschweigen&#8230;<\/strong><\/p>\n<p>Auf eigens unterst\u00fctzte Barbarei weist man im &#8220;Wertewesten&#8221; gar nicht gerne hin. Die passt n\u00e4mlich nicht ins hehre Narrativ. In ihrer ersten\u00a0<a rel=\"nofollow noopener\" target=\"_blank\" href=\"https:\/\/www.tagesschau.de\/eilmeldung\/oscar-filmpreise-anora-100.html\">Berichterstattung<\/a>\u00a0\u00fcber die Oscar-Verleihung erw\u00e4hnte die\u00a0<em>Tagesschau<\/em>\u00a0den Dokumentarfilm nicht einmal. Sie blendete den Teil der Wirklichkeit ganz einfach aus.<\/p>\n<p>Das f\u00fchrte offensichtlich zu Kritik. So f\u00fcgte das\u00a0<em>ARD<\/em>-Meinungsschlachtschiff Stunden sp\u00e4ter eine winzige Erw\u00e4hnung dieser Doku nachtr\u00e4glich ganz am Ende des\u00a0<a rel=\"nofollow noopener\" target=\"_blank\" href=\"https:\/\/www.tagesschau.de\/ausland\/amerika\/oscars-verleihung-los-angeles-100.html\">Artikels<\/a>\u00a0ein: &#8220;Und die Filmemacher des besten Dokumentarfilms, &#8216;No Other Land&#8217;, nutzten die Gelegenheit, auf die Situation der Pal\u00e4stinenser hinzuweisen und dabei auch die Au\u00dfenpolitik der USA zu kritisieren.&#8221; \u2013 Kein Wort \u00fcber den Inhalt der brisanten, preisgekr\u00f6nten Doku.<\/p>\n<p><strong>&#8230; und Diffamierung<\/strong><\/p>\n<p>Tags darauf erf\u00e4hrt der Konsument in einem\u00a0<a rel=\"nofollow noopener\" target=\"_blank\" href=\"https:\/\/www.tagesschau.de\/inland\/regional\/brandenburg\/rbb-spezialeffekt-kuenstler-gerd-nefzer-zum-dritten-mal-ausgezeichnet-100.html\">Beitrag<\/a>\u00a0des\u00a0<em>ARD<\/em>-Ablegers\u00a0<em>Rundfunk Berlin-Brandenburg<\/em>\u00a0(<em>RBB<\/em>) ganz beil\u00e4ufig, das israelisch-pal\u00e4stinensische Kollektiv habe die Oscar-Verleihung f\u00fcr eine &#8220;politische B\u00fchne&#8221; genutzt. Das klingt schon sehr nach: Die h\u00e4tte man denen eigentlich gar nicht geben d\u00fcrfen. Dann folgt sogleich das Unvermeidliche: Den Filmemachern sei bereits &#8220;eine einseitige Positionierung im Nahostkonflikt und teils auch Antisemitismus vorgeworfen&#8221; worden.<\/p>\n<p>Die nachtr\u00e4gliche Erw\u00e4hnung geschah wohl \u00fcberhaupt nur, um sich nicht dem Vorwurf auszusetzen, journalistische Mindeststandards zu verletzen und das (zwangsweise) zahlende Publikum durch Weglassen wichtiger Fakten zu desinformieren. In einer am Dienstag gesendeten\u00a0<a rel=\"nofollow noopener\" target=\"_blank\" href=\"https:\/\/www.ardmediathek.de\/video\/dokus-und-reportagen-im-br\/politisch-wie-nie-so-waren-die-oscars-2025\/br\/Y3JpZDovL2JyLmRlL2Jyb2FkY2FzdC9GMjAyNVdPMDA3MzM5QTA\">Reportage<\/a>\u00a0des regionalen\u00a0<em>ARD<\/em>-Ablegers\u00a0<em>Bayerischer Rundfunk<\/em>\u00a0(<em>BR<\/em>) \u00fcber die Oscar-Verleihung berichtet die Moderatorin zwar allerlei \u00fcber die preisgekr\u00f6nten Werke und Darsteller\u00a0\u2013\u00a0zu &#8220;No Other Land&#8221; gibt&#8217;s aber nicht mal einen Hinweis.<\/p>\n<p>Das\u00a0<em>ZDF<\/em>\u00a0beschr\u00e4nkt sich auf eine winzige Erw\u00e4hnung der &#8220;umstrittenen&#8221; Doku am Ende einer\u00a0<a rel=\"nofollow noopener\" target=\"_blank\" href=\"https:\/\/www.zdf.de\/nachrichten\/panorama\/prominente\/oscars-2025-gewinner-filme-schauspieler-100.html\">Sendung<\/a>\u00a0mit Moderatorin Dunja Hayali. In einer\u00a0<a rel=\"nofollow noopener\" target=\"_blank\" href=\"https:\/\/www.deutschlandfunk.de\/israel-kritisiert-sieg-von-no-other-land-102.html\">Randnotiz<\/a>\u00a0beim \u00f6ffentlich-rechtlichen\u00a0<em>Deutschlandfunk<\/em>\u00a0erfahren Suchende: &#8220;Israel kritisiert den Sieg&#8221; des Films. Dies habe in Israels F\u00fchrungsriege &#8220;Irritationen ausgel\u00f6st&#8221;, sie f\u00fchle sich &#8220;diffamiert&#8221;. Wer h\u00e4tte das gedacht, dass sich der T\u00e4ter echauffiert, der gerade mit vollst\u00e4ndiger Blockade im Begriff ist, zwei Millionen Gaza-Bewohner verhungern zu lassen.<\/p>\n<p><strong>Hetzkampagne im Vorfeld<\/strong><\/p>\n<p>Schon vor einem Jahr erging sich das deutsche geb\u00fchrenfinanzierte Medien-Establishment in heller Emp\u00f6rung um die brisante Doku. &#8220;Antisemitismusvorw\u00fcrfe nach Berlinale-Preisverleihung&#8221;,\u00a0<a rel=\"nofollow noopener\" target=\"_blank\" href=\"https:\/\/www.tagesschau.de\/inland\/regional\/berlin\/rbb-politik-wertet-israel-kritik-bei-preisverleihung-als-schaden-fuer-die-berlinale-100.html\">titelte<\/a>\u00a0die Tagesschau\u00a0Ende Februar 2024. Die &#8220;Chefemp\u00f6rten&#8221; vom Berliner Regierenden B\u00fcrgermeister Kai Wegner (CDU) bis hin zum israelischen Botschafter in Deutschland, Ron Prosor, polterten von einer angeblich von Antisemitismus durchsetzten Kulturszene.<\/p>\n<p>Die\u00a0<em>Tagesschau<\/em>\u00a0entbl\u00f6dete sich damals auch nicht, missverst\u00e4ndlich zu\u00a0<a rel=\"nofollow noopener\" target=\"_blank\" href=\"https:\/\/www.tagesschau.de\/inland\/regional\/berlin\/rbb-film--no-other-land-free-palestine-rufe-bei-berlinale-auffuehrung-100.html\">behaupten<\/a>, die Filmemacher h\u00e4tten &#8220;No Other Land&#8221; erst &#8220;im Oktober 2023 abgedreht&#8221; und dennoch den Hamas-Anschlag am 7. Oktober desselben Jahres &#8220;nur am Rande erw\u00e4hnt&#8221;. Tats\u00e4chlich produzierten sie die Dokumentation in den Jahren 2018 bis 2022 und f\u00fcgten kurz vor der Ver\u00f6ffentlichung aus aktuellem Anlass noch einen Extrahinweis auf den \u00dcberfall ein.<\/p>\n<p>Die feindseligen Kampagnen gingen vor einem Jahr so weit, dass der israelische Filmemacher Yuval Abraham in seinem Heimatland massiv bedroht wurde, sogar mit Mord. Er habe deshalb sogar einen Flug nach Hause kappen m\u00fcssen. Der Berliner Politik und einigen Medien\u00a0<a rel=\"nofollow noopener\" target=\"_blank\" href=\"https:\/\/www.rbb24.de\/kultur\/berlinale\/beitraege\/2024\/israelischer-berlinale-preistraeger-kritisiert-berliner-politik.html\">warf er vor<\/a>, dies mit angeheizt zu haben.\u00a0Seine Familie in Israel sei, so Abraham, &#8220;von einem rechten Mob&#8221; in ihrem Haus bedroht worden. &#8220;Ich bekomme noch immer Morddrohungen und musste meinen Heimflug absagen.&#8221;<\/p>\n<p><strong>Staatsr\u00e4son kennt gute und schlechte Juden<\/strong><\/p>\n<p>Der Vorwurf ist freilich absurd, zumal Abraham selbst israelischer Jude ist. Doch bekanntlich schreckt das deutsche Establishment nicht davor zur\u00fcck, selbst Juden mit Antisemitismusvorw\u00fcrfen zu denunzieren, wenn sie die Politik ihres eigenen Staats kritisieren. Wo Deutsche bestimmen wollen, wie ein Jude politisch denken darf, hat wohl die historische Aufarbeitung der Nazizeit versagt.<\/p>\n<p>Dass linke Juden in Deutschland unerw\u00fcnscht sind, wei\u00df der Verein\u00a0<a rel=\"nofollow noopener\" target=\"_blank\" href=\"https:\/\/www.juedische-stimme.de\/\">&#8220;J\u00fcdische Stimme&#8221;<\/a>\u00a0sehr gut. Ende 2023\u00a0<a rel=\"nofollow noopener\" target=\"_blank\" href=\"https:\/\/www.rbb24.de\/kultur\/beitrag\/2023\/12\/berlin-kulturzentrum-oyoun-foerderung-antisemitismus-vorwuerfe-klage.html\">entzog<\/a>\u00a0der Berliner Senat dem migrantischen Verein Oyun die F\u00f6rdermittel und das Domizil, weil er Mitglieder der &#8220;J\u00fcdischen Stimme&#8221; eingeladen hatte.\u00a0Wenige Monate sp\u00e4ter\u00a0<a rel=\"nofollow noopener\" target=\"_blank\" href=\"https:\/\/www.morgenpost.de\/berlin\/article241983518\/Pro-palaestinensischer-Verein-sieht-sich-politisch-verfolgt.html\">sperrte die Berliner Sparkasse<\/a>\u00a0dem j\u00fcdischen Verein das Bankkonto und forderte eine vollst\u00e4ndige Namensliste aller Mitglieder.\u00a0<strong>\u00a0<\/strong>Am diesj\u00e4hrigen Auschwitz-Gedenktag, dem 27. Januar, sollte ein Vereinsmitglied in Berlin verurteilt werden, weil er den Slogan &#8220;From the river to the sea&#8221; ge\u00e4u\u00dfert hatte, wie <em>RT DE<\/em>\u00a0<a rel=\"nofollow noopener\" target=\"_blank\" href=\"https:\/\/freedert.online\/inland\/234737-prozess-am-holocaust-gedenktag-wie\/\">berichtete<\/a>\u00a0\u2013 Das Gericht verschob den Prozess wegen der Erkrankung einer Gutachterin auf den Monat Mai.<\/p>\n<p>So kann konstatiert werden: Die deutsche &#8220;Staatsr\u00e4son&#8221; der unersch\u00fctterlichen Verteidigung Israels (und aller Kriegsverbrechen dieses Staats) besch\u00fctzt nicht etwa alle Juden in Deutschland. Vielmehr legt sie fest, wer ein guter und wer ein schlechter Jude ist. Wer von ihnen den wie eine US-amerikanische Milit\u00e4rbasis in Nahost operierenden imperialistischen Staat Israel kritisiert, geh\u00f6rt demnach in die letztgenannte Kategorie.<\/p>\n<p><strong>US-Kinos canceln den Film<\/strong><\/p>\n<p>Wer nun denkt, die USA als &#8220;wertewestlicher Hort der Meinungsfreiheit&#8221; w\u00fcrden hier ganz anders als Deutschland agieren, t\u00e4uscht sich allerdings. Wie k\u00fcrzlich die\u00a0<em>Berliner Zeitung<\/em>\u00a0<a rel=\"nofollow noopener\" target=\"_blank\" href=\"https:\/\/archive.is\/cx2Lz\">berichtete<\/a>, findet &#8220;der umstrittenste Film des Jahres&#8221; keinen Verleih in den Vereinigten Staaten. Die Regisseure von &#8220;No Other Land&#8221;\u00a0denken, dass aus politischen Gr\u00fcnden verhindert werde, ihre Dokumentation in die Kinos zu bringen. Damit liegen sie mit gro\u00dfer Sicherheit richtig.<\/p>\n<p>Tats\u00e4chlich lief der Film bereits in 24 L\u00e4ndern, sogar in Deutschland im November 2024. Und nach der Berlinale, die vor einem Jahr zu einer Brutst\u00e4tte des Antisemitismus umgedichtet wurde, gewann er noch viele weitere Preise, beispielsweise als beste Doku bei den Gotham Awards, im New York Film Critics Circle, der National Society of Critics und den IDA-Awards. \u00dcberdies erhielt er den Courage Under Fire Award. Die gro\u00dfen Kinos in den USA verweigern sich trotzdem.<\/p>\n<p><strong>Die antisemitische Motivation der Israel-Lobby<\/strong><\/p>\n<p>Verwunderlich ist das aber nicht: Welche &#8220;Demokratie&#8221; gibt schon gerne zu, den live gestreamten und f\u00fcr jedermann dokumentierten V\u00f6lkermord in Pal\u00e4stina mit Milliarden zu finanzieren? Die strukturelle R\u00fcckgratlosigkeit ist nicht nur in Deutschland riesig. Niemand bekommt gerne \u00c4rger von oben, keiner verliert gerne sein Einkommen.<\/p>\n<p>Die Israel-Lobby und ihre Apologeten setzen auf Einsch\u00fcchterung: durch Pranger, Drohungen und Existenzentzug. Damit l\u00e4sst sich wunderbar eine ganz bestimmte Art von echtem Antisemitismus verbergen: die Tatsache, dass die USA mit Deutschland im Schlepptau den Staat Israel keineswegs als Fluchtbastion f\u00fcr drangsalierte Juden ansehen, wie sie stets behaupten, sondern als ihre imperialistische Milit\u00e4rbastion. Denn was k\u00f6nnte antisemitischer sein, als israelische Juden als geborene Soldaten zu missbrauchen, um wirtschaftliche und politische Kontrollbed\u00fcrfnisse des Westens milit\u00e4risch durchzusetzen?<\/p>\n<p><strong>Mehr zum Thema<\/strong> \u2013 <a rel=\"nofollow noopener\" target=\"_blank\" href=\"https:\/\/freedert.online\/inland\/197361-was-igh-in-haag-verhandelt\/\">Genozid: Was der IGH in Den Haag verhandelt, darf auf der Berlinale nicht ausgesprochen werden<\/a><\/p>\n<div class=\"EmbedBlock-root EmbedBlock-externalVideo EmbedBlock-rumble\">\n<div class=\"VkEmbed\"><iframe class=\"lazyload\" data-src=\"https:\/\/rumble.com\/embed\/v6kha8x\" frameborder=\"0\" width=\"853\" height=\"480\" allowfullscreen><\/iframe><\/div>\n<\/div>\n<\/div>\n<p><br \/>\n<br \/><a href=\"https:\/\/de.rt.com\/meinung\/238699-propaganda-nach-staatsraeson-tagesschau-vergisst\/\">Source link <\/a><\/p>\n","protected":false},"excerpt":{"rendered":"<p>Der israelisch-pal\u00e4stinensische Film &#8220;No Other Land&#8221; hat einen Oscar f\u00fcr die beste Dokumentation gewonnen. Das bringt die Israel-Unterst\u00fctzer zur Wei\u00dfglut: Die Lobby ruft &#8220;Antisemitismus!&#8221;, der deutsche Staatsfunk versagt ihm die Aufmerksamkeit und in den USA verweigern sich die Kinos. Von Susan Bonath Nach jahrelangem Siedlerterror vertreibt die israelische Armee 2022 \u00fcber 1.000 Bewohner zwangsweise aus [&hellip;]<\/p>\n","protected":false},"author":3,"featured_media":79738,"comment_status":"open","ping_status":"open","sticky":false,"template":"","format":"standard","meta":{"_yoast_indexnow_last_ping":["1741205626"],"wp_automatic_camp":["217"],"8ba4f8e8c675c6bde5f6b2ad3a38b5e6":["Propaganda nach Staatsr\u00e4son: Tagesschau &quot;vergisst&quot; oscarpr\u00e4mierten Dokumentarfilm"],"original_link":["https:\/\/de.rt.com\/meinung\/238699-propaganda-nach-staatsraeson-tagesschau-vergisst\/"],"_thumbnail_id":["79738"],"jnews_social_counter_last_update":["1777197969"],"_wptgpro_p2tg_sent2tg":["a:1:{i:23737;s:19:\"2025-03-05 22:16:06\";}"]},"categories":[19,23],"tags":[12121,979,63242,498,50423,42052,1159],"yoast_head":"<!-- This site is optimized with the Yoast SEO Premium plugin v22.7 (Yoast SEO v22.7) - https:\/\/yoast.com\/wordpress\/plugins\/seo\/ -->\n<title>Propaganda nach Staatsr\u00e4son: Tagesschau &quot;vergisst&quot; oscarpr\u00e4mierten Dokumentarfilm - just-now.NEWS Deutschland<\/title>\n<meta name=\"robots\" content=\"index, follow, max-snippet:-1, max-image-preview:large, max-video-preview:-1\" \/>\n<link rel=\"canonical\" href=\"https:\/\/now-news.de\/de\/deutschland\/propaganda-nach-staatsraeson-tagesschau-vergisst-oscarpraemierten-dokumentarfilm\/\" \/>\n<meta property=\"og:locale\" content=\"de_DE\" \/>\n<meta property=\"og:type\" content=\"article\" \/>\n<meta property=\"og:title\" content=\"Propaganda nach Staatsr\u00e4son: Tagesschau &quot;vergisst&quot; oscarpr\u00e4mierten Dokumentarfilm\" \/>\n<meta property=\"og:description\" content=\"Der israelisch-pal\u00e4stinensische Film &#8220;No Other Land&#8221; hat einen Oscar f\u00fcr die beste Dokumentation gewonnen. Das bringt die Israel-Unterst\u00fctzer zur Wei\u00dfglut: Die Lobby ruft &#8220;Antisemitismus!&#8221;, der deutsche Staatsfunk versagt ihm die Aufmerksamkeit und in den USA verweigern sich die Kinos. Von Susan Bonath Nach jahrelangem Siedlerterror vertreibt die israelische Armee 2022 \u00fcber 1.000 Bewohner zwangsweise aus [&hellip;]\" \/>\n<meta property=\"og:url\" content=\"https:\/\/now-news.de\/de\/deutschland\/propaganda-nach-staatsraeson-tagesschau-vergisst-oscarpraemierten-dokumentarfilm\/\" \/>\n<meta property=\"og:site_name\" content=\"just-now.NEWS Deutschland\" \/>\n<meta property=\"article:publisher\" content=\"https:\/\/www.facebook.com\/wirmachenauf\" \/>\n<meta property=\"article:published_time\" content=\"2025-03-05T20:01:38+00:00\" \/>\n<meta property=\"og:image\" content=\"https:\/\/now-news.de\/de\/wp-content\/uploads\/sites\/3\/2025\/03\/67c8815eb480cc2d605400b3.jpg\" \/>\n<meta name=\"author\" content=\"rtnews\" \/>\n<meta name=\"twitter:card\" content=\"summary_large_image\" \/>\n<meta name=\"twitter:creator\" content=\"@WirMachenAuf_de\" \/>\n<meta name=\"twitter:site\" content=\"@WirMachenAuf_de\" \/>\n<meta name=\"twitter:label1\" content=\"Verfasst von\" \/>\n\t<meta name=\"twitter:data1\" content=\"rtnews\" \/>\n\t<meta name=\"twitter:label2\" content=\"Gesch\u00e4tzte Lesezeit\" \/>\n\t<meta name=\"twitter:data2\" content=\"6\u00a0Minuten\" \/>\n<script type=\"application\/ld+json\" class=\"yoast-schema-graph\">{\"@context\":\"https:\/\/schema.org\",\"@graph\":[{\"@type\":\"Article\",\"@id\":\"https:\/\/now-news.de\/de\/deutschland\/propaganda-nach-staatsraeson-tagesschau-vergisst-oscarpraemierten-dokumentarfilm\/#article\",\"isPartOf\":{\"@id\":\"https:\/\/now-news.de\/de\/deutschland\/propaganda-nach-staatsraeson-tagesschau-vergisst-oscarpraemierten-dokumentarfilm\/\"},\"author\":{\"name\":\"rtnews\",\"@id\":\"https:\/\/now-news.de\/de\/#\/schema\/person\/fb534a4e865501d8b3285208df34a9b5\"},\"headline\":\"Propaganda nach Staatsr\u00e4son: Tagesschau &quot;vergisst&quot; oscarpr\u00e4mierten Dokumentarfilm\",\"datePublished\":\"2025-03-05T20:01:38+00:00\",\"dateModified\":\"2025-03-05T20:01:38+00:00\",\"mainEntityOfPage\":{\"@id\":\"https:\/\/now-news.de\/de\/deutschland\/propaganda-nach-staatsraeson-tagesschau-vergisst-oscarpraemierten-dokumentarfilm\/\"},\"wordCount\":1278,\"commentCount\":0,\"publisher\":{\"@id\":\"https:\/\/now-news.de\/de\/#organization\"},\"image\":{\"@id\":\"https:\/\/now-news.de\/de\/deutschland\/propaganda-nach-staatsraeson-tagesschau-vergisst-oscarpraemierten-dokumentarfilm\/#primaryimage\"},\"thumbnailUrl\":\"https:\/\/now-news.de\/de\/wp-content\/uploads\/sites\/3\/2025\/03\/Propaganda-nach-Staatsraeson-Tagesschau-quotvergisstquot-oscarpraemierten-Dokumentarfilm.jpg\",\"keywords\":[\"Dokumentarfilm\",\"nach\",\"oscarpr\u00e4mierten\",\"Propaganda\",\"quotvergisstquot\",\"Staatsr\u00e4son\",\"Tagesschau\"],\"articleSection\":[\"Deutschland\",\"Russland\"],\"inLanguage\":\"de\",\"potentialAction\":[{\"@type\":\"CommentAction\",\"name\":\"Comment\",\"target\":[\"https:\/\/now-news.de\/de\/deutschland\/propaganda-nach-staatsraeson-tagesschau-vergisst-oscarpraemierten-dokumentarfilm\/#respond\"]}]},{\"@type\":\"WebPage\",\"@id\":\"https:\/\/now-news.de\/de\/deutschland\/propaganda-nach-staatsraeson-tagesschau-vergisst-oscarpraemierten-dokumentarfilm\/\",\"url\":\"https:\/\/now-news.de\/de\/deutschland\/propaganda-nach-staatsraeson-tagesschau-vergisst-oscarpraemierten-dokumentarfilm\/\",\"name\":\"Propaganda nach Staatsr\u00e4son: Tagesschau &quot;vergisst&quot; oscarpr\u00e4mierten Dokumentarfilm - just-now.NEWS Deutschland\",\"isPartOf\":{\"@id\":\"https:\/\/now-news.de\/de\/#website\"},\"primaryImageOfPage\":{\"@id\":\"https:\/\/now-news.de\/de\/deutschland\/propaganda-nach-staatsraeson-tagesschau-vergisst-oscarpraemierten-dokumentarfilm\/#primaryimage\"},\"image\":{\"@id\":\"https:\/\/now-news.de\/de\/deutschland\/propaganda-nach-staatsraeson-tagesschau-vergisst-oscarpraemierten-dokumentarfilm\/#primaryimage\"},\"thumbnailUrl\":\"https:\/\/now-news.de\/de\/wp-content\/uploads\/sites\/3\/2025\/03\/Propaganda-nach-Staatsraeson-Tagesschau-quotvergisstquot-oscarpraemierten-Dokumentarfilm.jpg\",\"datePublished\":\"2025-03-05T20:01:38+00:00\",\"dateModified\":\"2025-03-05T20:01:38+00:00\",\"breadcrumb\":{\"@id\":\"https:\/\/now-news.de\/de\/deutschland\/propaganda-nach-staatsraeson-tagesschau-vergisst-oscarpraemierten-dokumentarfilm\/#breadcrumb\"},\"inLanguage\":\"de\",\"potentialAction\":[{\"@type\":\"ReadAction\",\"target\":[\"https:\/\/now-news.de\/de\/deutschland\/propaganda-nach-staatsraeson-tagesschau-vergisst-oscarpraemierten-dokumentarfilm\/\"]}]},{\"@type\":\"ImageObject\",\"inLanguage\":\"de\",\"@id\":\"https:\/\/now-news.de\/de\/deutschland\/propaganda-nach-staatsraeson-tagesschau-vergisst-oscarpraemierten-dokumentarfilm\/#primaryimage\",\"url\":\"https:\/\/now-news.de\/de\/wp-content\/uploads\/sites\/3\/2025\/03\/Propaganda-nach-Staatsraeson-Tagesschau-quotvergisstquot-oscarpraemierten-Dokumentarfilm.jpg\",\"contentUrl\":\"https:\/\/now-news.de\/de\/wp-content\/uploads\/sites\/3\/2025\/03\/Propaganda-nach-Staatsraeson-Tagesschau-quotvergisstquot-oscarpraemierten-Dokumentarfilm.jpg\",\"width\":460,\"height\":259,\"caption\":\"Propaganda nach Staatsr\u00e4son: Tagesschau &quot;vergisst&quot; oscarpr\u00e4mierten Dokumentarfilm\"},{\"@type\":\"BreadcrumbList\",\"@id\":\"https:\/\/now-news.de\/de\/deutschland\/propaganda-nach-staatsraeson-tagesschau-vergisst-oscarpraemierten-dokumentarfilm\/#breadcrumb\",\"itemListElement\":[{\"@type\":\"ListItem\",\"position\":1,\"name\":\"Home\",\"item\":\"https:\/\/now-news.de\/de\/\"},{\"@type\":\"ListItem\",\"position\":2,\"name\":\"Propaganda nach Staatsr\u00e4son: Tagesschau &quot;vergisst&quot; oscarpr\u00e4mierten Dokumentarfilm\"}]},{\"@type\":\"WebSite\",\"@id\":\"https:\/\/now-news.de\/de\/#website\",\"url\":\"https:\/\/now-news.de\/de\/\",\"name\":\"just-now.NEWS Deutschland\",\"description\":\"Das Portal f\u00fcr unzensierte Nachrichten aus der Welt\",\"publisher\":{\"@id\":\"https:\/\/now-news.de\/de\/#organization\"},\"potentialAction\":[{\"@type\":\"SearchAction\",\"target\":{\"@type\":\"EntryPoint\",\"urlTemplate\":\"https:\/\/now-news.de\/de\/?s={search_term_string}\"},\"query-input\":\"required name=search_term_string\"}],\"inLanguage\":\"de\"},{\"@type\":\"Organization\",\"@id\":\"https:\/\/now-news.de\/de\/#organization\",\"name\":\"Just Now News\",\"url\":\"https:\/\/now-news.de\/de\/\",\"logo\":{\"@type\":\"ImageObject\",\"inLanguage\":\"de\",\"@id\":\"https:\/\/now-news.de\/de\/#\/schema\/logo\/image\/\",\"url\":\"http:\/\/just-now.news\/de\/wp-content\/uploads\/sites\/3\/2022\/04\/logo500x500.jpg\",\"contentUrl\":\"http:\/\/just-now.news\/de\/wp-content\/uploads\/sites\/3\/2022\/04\/logo500x500.jpg\",\"width\":500,\"height\":500,\"caption\":\"Just Now News\"},\"image\":{\"@id\":\"https:\/\/now-news.de\/de\/#\/schema\/logo\/image\/\"},\"sameAs\":[\"https:\/\/www.facebook.com\/wirmachenauf\",\"https:\/\/x.com\/WirMachenAuf_de\"]},{\"@type\":\"Person\",\"@id\":\"https:\/\/now-news.de\/de\/#\/schema\/person\/fb534a4e865501d8b3285208df34a9b5\",\"name\":\"rtnews\",\"image\":{\"@type\":\"ImageObject\",\"inLanguage\":\"de\",\"@id\":\"https:\/\/now-news.de\/de\/#\/schema\/person\/image\/\",\"url\":\"https:\/\/secure.gravatar.com\/avatar\/82aafea7d8127119dd649515f56e2117?s=96&d=mm&r=g\",\"contentUrl\":\"https:\/\/secure.gravatar.com\/avatar\/82aafea7d8127119dd649515f56e2117?s=96&d=mm&r=g\",\"caption\":\"rtnews\"},\"url\":\"https:\/\/now-news.de\/de\/author\/rnews\/\"}]}<\/script>\n<!-- \/ Yoast SEO Premium plugin. -->","yoast_head_json":{"title":"Propaganda nach Staatsr\u00e4son: Tagesschau &quot;vergisst&quot; oscarpr\u00e4mierten Dokumentarfilm - just-now.NEWS Deutschland","robots":{"index":"index","follow":"follow","max-snippet":"max-snippet:-1","max-image-preview":"max-image-preview:large","max-video-preview":"max-video-preview:-1"},"canonical":"https:\/\/now-news.de\/de\/deutschland\/propaganda-nach-staatsraeson-tagesschau-vergisst-oscarpraemierten-dokumentarfilm\/","og_locale":"de_DE","og_type":"article","og_title":"Propaganda nach Staatsr\u00e4son: Tagesschau &quot;vergisst&quot; oscarpr\u00e4mierten Dokumentarfilm","og_description":"Der israelisch-pal\u00e4stinensische Film &#8220;No Other Land&#8221; hat einen Oscar f\u00fcr die beste Dokumentation gewonnen. Das bringt die Israel-Unterst\u00fctzer zur Wei\u00dfglut: Die Lobby ruft &#8220;Antisemitismus!&#8221;, der deutsche Staatsfunk versagt ihm die Aufmerksamkeit und in den USA verweigern sich die Kinos. Von Susan Bonath Nach jahrelangem Siedlerterror vertreibt die israelische Armee 2022 \u00fcber 1.000 Bewohner zwangsweise aus [&hellip;]","og_url":"https:\/\/now-news.de\/de\/deutschland\/propaganda-nach-staatsraeson-tagesschau-vergisst-oscarpraemierten-dokumentarfilm\/","og_site_name":"just-now.NEWS Deutschland","article_publisher":"https:\/\/www.facebook.com\/wirmachenauf","article_published_time":"2025-03-05T20:01:38+00:00","og_image":[{"url":"https:\/\/now-news.de\/de\/wp-content\/uploads\/sites\/3\/2025\/03\/67c8815eb480cc2d605400b3.jpg"}],"author":"rtnews","twitter_card":"summary_large_image","twitter_creator":"@WirMachenAuf_de","twitter_site":"@WirMachenAuf_de","twitter_misc":{"Verfasst von":"rtnews","Gesch\u00e4tzte Lesezeit":"6\u00a0Minuten"},"schema":{"@context":"https:\/\/schema.org","@graph":[{"@type":"Article","@id":"https:\/\/now-news.de\/de\/deutschland\/propaganda-nach-staatsraeson-tagesschau-vergisst-oscarpraemierten-dokumentarfilm\/#article","isPartOf":{"@id":"https:\/\/now-news.de\/de\/deutschland\/propaganda-nach-staatsraeson-tagesschau-vergisst-oscarpraemierten-dokumentarfilm\/"},"author":{"name":"rtnews","@id":"https:\/\/now-news.de\/de\/#\/schema\/person\/fb534a4e865501d8b3285208df34a9b5"},"headline":"Propaganda nach Staatsr\u00e4son: Tagesschau &quot;vergisst&quot; oscarpr\u00e4mierten Dokumentarfilm","datePublished":"2025-03-05T20:01:38+00:00","dateModified":"2025-03-05T20:01:38+00:00","mainEntityOfPage":{"@id":"https:\/\/now-news.de\/de\/deutschland\/propaganda-nach-staatsraeson-tagesschau-vergisst-oscarpraemierten-dokumentarfilm\/"},"wordCount":1278,"commentCount":0,"publisher":{"@id":"https:\/\/now-news.de\/de\/#organization"},"image":{"@id":"https:\/\/now-news.de\/de\/deutschland\/propaganda-nach-staatsraeson-tagesschau-vergisst-oscarpraemierten-dokumentarfilm\/#primaryimage"},"thumbnailUrl":"https:\/\/now-news.de\/de\/wp-content\/uploads\/sites\/3\/2025\/03\/Propaganda-nach-Staatsraeson-Tagesschau-quotvergisstquot-oscarpraemierten-Dokumentarfilm.jpg","keywords":["Dokumentarfilm","nach","oscarpr\u00e4mierten","Propaganda","quotvergisstquot","Staatsr\u00e4son","Tagesschau"],"articleSection":["Deutschland","Russland"],"inLanguage":"de","potentialAction":[{"@type":"CommentAction","name":"Comment","target":["https:\/\/now-news.de\/de\/deutschland\/propaganda-nach-staatsraeson-tagesschau-vergisst-oscarpraemierten-dokumentarfilm\/#respond"]}]},{"@type":"WebPage","@id":"https:\/\/now-news.de\/de\/deutschland\/propaganda-nach-staatsraeson-tagesschau-vergisst-oscarpraemierten-dokumentarfilm\/","url":"https:\/\/now-news.de\/de\/deutschland\/propaganda-nach-staatsraeson-tagesschau-vergisst-oscarpraemierten-dokumentarfilm\/","name":"Propaganda nach Staatsr\u00e4son: Tagesschau &quot;vergisst&quot; oscarpr\u00e4mierten Dokumentarfilm - just-now.NEWS Deutschland","isPartOf":{"@id":"https:\/\/now-news.de\/de\/#website"},"primaryImageOfPage":{"@id":"https:\/\/now-news.de\/de\/deutschland\/propaganda-nach-staatsraeson-tagesschau-vergisst-oscarpraemierten-dokumentarfilm\/#primaryimage"},"image":{"@id":"https:\/\/now-news.de\/de\/deutschland\/propaganda-nach-staatsraeson-tagesschau-vergisst-oscarpraemierten-dokumentarfilm\/#primaryimage"},"thumbnailUrl":"https:\/\/now-news.de\/de\/wp-content\/uploads\/sites\/3\/2025\/03\/Propaganda-nach-Staatsraeson-Tagesschau-quotvergisstquot-oscarpraemierten-Dokumentarfilm.jpg","datePublished":"2025-03-05T20:01:38+00:00","dateModified":"2025-03-05T20:01:38+00:00","breadcrumb":{"@id":"https:\/\/now-news.de\/de\/deutschland\/propaganda-nach-staatsraeson-tagesschau-vergisst-oscarpraemierten-dokumentarfilm\/#breadcrumb"},"inLanguage":"de","potentialAction":[{"@type":"ReadAction","target":["https:\/\/now-news.de\/de\/deutschland\/propaganda-nach-staatsraeson-tagesschau-vergisst-oscarpraemierten-dokumentarfilm\/"]}]},{"@type":"ImageObject","inLanguage":"de","@id":"https:\/\/now-news.de\/de\/deutschland\/propaganda-nach-staatsraeson-tagesschau-vergisst-oscarpraemierten-dokumentarfilm\/#primaryimage","url":"https:\/\/now-news.de\/de\/wp-content\/uploads\/sites\/3\/2025\/03\/Propaganda-nach-Staatsraeson-Tagesschau-quotvergisstquot-oscarpraemierten-Dokumentarfilm.jpg","contentUrl":"https:\/\/now-news.de\/de\/wp-content\/uploads\/sites\/3\/2025\/03\/Propaganda-nach-Staatsraeson-Tagesschau-quotvergisstquot-oscarpraemierten-Dokumentarfilm.jpg","width":460,"height":259,"caption":"Propaganda nach Staatsr\u00e4son: Tagesschau &quot;vergisst&quot; oscarpr\u00e4mierten Dokumentarfilm"},{"@type":"BreadcrumbList","@id":"https:\/\/now-news.de\/de\/deutschland\/propaganda-nach-staatsraeson-tagesschau-vergisst-oscarpraemierten-dokumentarfilm\/#breadcrumb","itemListElement":[{"@type":"ListItem","position":1,"name":"Home","item":"https:\/\/now-news.de\/de\/"},{"@type":"ListItem","position":2,"name":"Propaganda nach Staatsr\u00e4son: Tagesschau &quot;vergisst&quot; oscarpr\u00e4mierten Dokumentarfilm"}]},{"@type":"WebSite","@id":"https:\/\/now-news.de\/de\/#website","url":"https:\/\/now-news.de\/de\/","name":"just-now.NEWS Deutschland","description":"Das Portal f\u00fcr unzensierte Nachrichten aus der Welt","publisher":{"@id":"https:\/\/now-news.de\/de\/#organization"},"potentialAction":[{"@type":"SearchAction","target":{"@type":"EntryPoint","urlTemplate":"https:\/\/now-news.de\/de\/?s={search_term_string}"},"query-input":"required name=search_term_string"}],"inLanguage":"de"},{"@type":"Organization","@id":"https:\/\/now-news.de\/de\/#organization","name":"Just Now News","url":"https:\/\/now-news.de\/de\/","logo":{"@type":"ImageObject","inLanguage":"de","@id":"https:\/\/now-news.de\/de\/#\/schema\/logo\/image\/","url":"http:\/\/just-now.news\/de\/wp-content\/uploads\/sites\/3\/2022\/04\/logo500x500.jpg","contentUrl":"http:\/\/just-now.news\/de\/wp-content\/uploads\/sites\/3\/2022\/04\/logo500x500.jpg","width":500,"height":500,"caption":"Just Now News"},"image":{"@id":"https:\/\/now-news.de\/de\/#\/schema\/logo\/image\/"},"sameAs":["https:\/\/www.facebook.com\/wirmachenauf","https:\/\/x.com\/WirMachenAuf_de"]},{"@type":"Person","@id":"https:\/\/now-news.de\/de\/#\/schema\/person\/fb534a4e865501d8b3285208df34a9b5","name":"rtnews","image":{"@type":"ImageObject","inLanguage":"de","@id":"https:\/\/now-news.de\/de\/#\/schema\/person\/image\/","url":"https:\/\/secure.gravatar.com\/avatar\/82aafea7d8127119dd649515f56e2117?s=96&d=mm&r=g","contentUrl":"https:\/\/secure.gravatar.com\/avatar\/82aafea7d8127119dd649515f56e2117?s=96&d=mm&r=g","caption":"rtnews"},"url":"https:\/\/now-news.de\/de\/author\/rnews\/"}]}},"_links":{"self":[{"href":"https:\/\/now-news.de\/de\/wp-json\/wp\/v2\/posts\/79737"}],"collection":[{"href":"https:\/\/now-news.de\/de\/wp-json\/wp\/v2\/posts"}],"about":[{"href":"https:\/\/now-news.de\/de\/wp-json\/wp\/v2\/types\/post"}],"author":[{"embeddable":true,"href":"https:\/\/now-news.de\/de\/wp-json\/wp\/v2\/users\/3"}],"replies":[{"embeddable":true,"href":"https:\/\/now-news.de\/de\/wp-json\/wp\/v2\/comments?post=79737"}],"version-history":[{"count":0,"href":"https:\/\/now-news.de\/de\/wp-json\/wp\/v2\/posts\/79737\/revisions"}],"wp:featuredmedia":[{"embeddable":true,"href":"https:\/\/now-news.de\/de\/wp-json\/wp\/v2\/media\/79738"}],"wp:attachment":[{"href":"https:\/\/now-news.de\/de\/wp-json\/wp\/v2\/media?parent=79737"}],"wp:term":[{"taxonomy":"category","embeddable":true,"href":"https:\/\/now-news.de\/de\/wp-json\/wp\/v2\/categories?post=79737"},{"taxonomy":"post_tag","embeddable":true,"href":"https:\/\/now-news.de\/de\/wp-json\/wp\/v2\/tags?post=79737"}],"curies":[{"name":"wp","href":"https:\/\/api.w.org\/{rel}","templated":true}]}}