{"id":79699,"date":"2025-03-05T14:12:08","date_gmt":"2025-03-05T12:12:08","guid":{"rendered":"https:\/\/now-news.de\/de\/deutschland\/eu-schweigt-polnischer-praesidentschaftskandidat-als-feind-der-ukraine-auf-todesliste\/"},"modified":"2025-03-05T14:12:08","modified_gmt":"2025-03-05T12:12:08","slug":"eu-schweigt-polnischer-praesidentschaftskandidat-als-feind-der-ukraine-auf-todesliste","status":"publish","type":"post","link":"https:\/\/now-news.de\/de\/deutschland\/eu-schweigt-polnischer-praesidentschaftskandidat-als-feind-der-ukraine-auf-todesliste\/","title":{"rendered":"EU schweigt: Polnischer Pr\u00e4sidentschaftskandidat als &quot;Feind der Ukraine&quot; auf Todesliste"},"content":{"rendered":"<p><img decoding=\"async\" src=\"https:\/\/now-news.de\/de\/wp-content\/uploads\/sites\/3\/2025\/03\/67c742ec48fbef2287436b6c.JPG\" \/><\/p>\n<div class=\"Text-root Text-type_1 \">\n                In der Ukraine wird Nazi-Kollaborateur Stepan Bandera weiterhin als Held verehrt. Das Museum des UPA-Befehlshabers Roman Schuchewitsch \u2013 verantwortlich f\u00fcr Massaker an Polen \u2013 wird neu errichtet, m\u00f6glicherweise mit polnischen Geldern. Ein engagierter Politiker beklagt die Doppelmoral des politischen Establishments in Polen und der EU.\n            <\/div>\n<p><\/p>\n<div class=\"Text-root Text-type_5 ArticleView-text ViewText-root \">\n<p><em>Von<\/em>\u00a0<em>\u0141ukasz Filipowicz<\/em>\u00a0<\/p>\n<p>W\u00e4hrend die Europ\u00e4ische Union sich im Inneren gern als Bollwerk gegen &#8220;Faschismus&#8221; und &#8220;Nazismus&#8221; inszeniert, schweigt sie beharrlich zur offenen Verherrlichung von Faschisten in der Ukraine. S\u0142awomir Mentzen, Mitglied der polnischen Partei &#8220;Neue Hoffnung&#8221; und Pr\u00e4sidentschaftskandidat der Parteienkoalition Konfederacja, hat am 25. Februar 2025 in Lwow (Lemberg) den Mut bewiesen, diese Doppelmoral offen anzuprangern. Vor dem \u00f6rtlichen Stepan-Bandera-Denkmal erkl\u00e4rte er unmissverst\u00e4ndlich:<\/p>\n<p><em>&#8220;Dies ist derselbe Terrorist, der von einem polnischen Gericht f\u00fcr Morde an Polen w\u00e4hrend der Zweiten Polnischen Republik zum Tode verurteilt wurde.&#8221;<\/em><\/p>\n<p>Seine Begleitung zog gar einen Hitler-Vergleich:<\/p>\n<p><em>&#8220;Es ist dasselbe, als w\u00fcrde man in Deutschland Denkm\u00e4ler f\u00fcr Hitler errichten.&#8221;<\/em><\/p>\n<div class=\"EmbedBlock-root EmbedBlock-twitter\">\n<div class=\"TwitterEmbed\">\n<blockquote class=\"twitter-tweet lazyload\" data-twitter=\"twitter-tweet\" data-media-max-width=\"560\">\n<p lang=\"pl\" dir=\"ltr\">Ukrai\u0144cy dalej czcz\u0105 zbrodniarzy odpowiedzialnych za zabicie 100 tysi\u0119cy Polak\u00f3w! <a rel=\"nofollow noopener\" target=\"_blank\" href=\"https:\/\/t.co\/q3Sqa6F2Io\">pic.twitter.com\/q3Sqa6F2Io<\/a><\/p>\n<p>\u2014 S\u0142awomir Mentzen (@SlawomirMentzen) <a rel=\"nofollow noopener\" target=\"_blank\" href=\"https:\/\/twitter.com\/SlawomirMentzen\/status\/1894321178526830755?ref_src=twsrc%5Etfw\">February 25, 2025<\/a><\/p><\/blockquote>\n<\/div>\n<\/div>\n<p>Mentzen erinnerte daran, dass die von Bandera angef\u00fchrten ukrainischen Nationalisten w\u00e4hrend des Massakers in Wolhynien etwa 100.000 Polen ermordet haben \u2013 eine Gewaltorgie, die tiefe Wunden in der polnischen Erinnerung hinterlassen hat. Diese faktisch fundierten Aussagen sollten \u2013 vor dem Hintergrund eines Wahlkampfs, der sich bewusst gegen das etablierte politische System richtet \u2013 die bestehende Geschichtspolitik der Ukraine infrage stellen. Es scheint, als opfere man in Polen nationales Geschichtsbewusstsein der tagespolitischen Opportunit\u00e4t und wolle den Schmerz vergangener Gr\u00e4ueltaten systematisch verdr\u00e4ngen. Die Bev\u00f6lkerung wird beschwichtigt, indem man den Anschein erweckt, aktiv etwas gegen den ukrainischen Geschichtsrevisionismus zu unternehmen \u2013 etwa durch k\u00fcrzlich verk\u00fcndete Pl\u00e4ne zur Exhumierung der Opfer in Wolhynien \u2013, obwohl in Wahrheit sich nichts Wesentliches an der verzerrten Geschichtspolitik der Ukraine \u00e4ndert. Nicht einmal bei der Exhumierung der Opfer ukrainischer Nationalisten kommt Kiew Warschau entgegen.<\/p>\n<p>Die ukrainische Reaktion auf Mentzens Auftritt lie\u00df nicht lange auf sich warten: Statt konstruktiver Antworten auf berechtigte Kritik, wurde der Politiker verbal attackiert und bedroht. Der B\u00fcrgermeister von Lwow, Andrij Sadowyj, bezeichnete ihn als &#8220;prorussisch&#8221; \u2013 ein Etikett, das wie so oft dazu dient, kritische Stimmen zu diskreditieren. Noch schockierender war die Reaktion des ukrainischen Historikers Wachtang Kipiani, der Mentzen unverhohlen mit dem Schicksal des polnischen Innenministers Bronis\u0142aw Pieracki drohte \u2013 dem Mann, der 1934 von Mitgliedern der Organisation Ukrainischer Nationalisten (OUN) ermordet wurde. Die OUN, gegr\u00fcndet 1929, verfolgte das Ziel eines &#8220;ethnisch reinen&#8221; ukrainischen Staates und schreckte dabei unter F\u00fchrung von Stepan Bandera nicht vor terroristischen Mitteln zur\u00fcck.<\/p>\n<p>W\u00e4hrend beispielsweise Russen mit derartigen Einsch\u00fcchterungsversuchen seit Jahren vertraut sind, ist sie f\u00fcr Polen, die immer noch an eine &#8220;europ\u00e4ische und demokratische&#8221; Ukraine glauben, neu und schockierend.<\/p>\n<p>Doch es geht noch weiter: Der polnische Pr\u00e4sidentschaftskandidat wurde auf der umstrittenen, \u00f6ffentlich einsehbaren Website <em>Mirotworez <\/em>als &#8220;Feind der Ukraine&#8221; gelistet und ironischerweise sogar als &#8220;Nazist&#8221; gekennzeichnet. Vorgeworfen wird ihm in dem Eintrag unter anderem &#8220;humanit\u00e4re Aggression&#8221; gegen die Ukraine und ein Angriff auf ihre &#8220;Souver\u00e4nit\u00e4t und territoriale Unversehrtheit&#8221;, &#8220;Propaganda des russischen Faschismus, Nazismus und Antisemitismus&#8221; sowie &#8220;Volksverhetzung&#8221;, die \u00fcbliche Ansammlung absurder Anschuldigungen, mit der Kritik am ukrainischen Geschichtsverst\u00e4ndnis gekontert wird.<\/p>\n<p>Die seit 2014 bestehende Plattform ver\u00f6ffentlicht pers\u00f6nliche Daten von Personen, die als Gegner der ukrainischen Staatlichkeit gelten, und wird nicht ohne Grund als &#8220;Todesliste&#8221; bezeichnet, da in mehreren F\u00e4llen Gelistete in der Folgezeit umgebracht wurden.<\/p>\n<p>Mentzen reagierte auf all das mit einer klaren Forderung auf seinem X-Kanal:<\/p>\n<p><em>&#8220;Ich erwarte eine Reaktion des Au\u00dfenministeriums auf die Drohungen gegen mich.&#8221;<\/em><\/p>\n<p>Vergeblich. Der Sprecher des Au\u00dfenministeriums in Kiew, Georgij Tychij, kritisierte Mentzens Aussagen als &#8220;unfreundliche Schritte&#8221; und warnte vor Konsequenzen f\u00fcr jene, die eine &#8220;antiukrainische Erz\u00e4hlung&#8221; verbreiten. Es ist bemerkenswert, wie hier die Opferrolle umgekehrt wird, um jede berechtigte Kritik an der fortw\u00e4hrenden Glorifizierung von Kriegsverbrechern im Keim zu ersticken.<\/p>\n<p>Besonders perfide ist zudem die Tatsache, dass das Museum von Roman Schuchewitsch \u2013 einem weiteren ber\u00fcchtigten Nazi-Kollaborateur, der als Befehlshaber der Ukrainischen Aufst\u00e4ndischen Armee (UPA) f\u00fcr die Massaker an der polnischen Bev\u00f6lkerung in Wolhynien und Ostgalizien verantwortlich gemacht wird \u2013 mit europ\u00e4ischer Hilfe wiederaufgebaut werden soll. Das Museum wurde nach ukrainischer Schilderung durch russische Angriffe zerst\u00f6rt und es sollen nun m\u00f6glicherweise auch polnische Gelder zur Ehrung dieser umstrittenen historischen Figur verwendet werden. Das, so Mentzen, ist ein Schlag ins Gesicht der polnischen Opfer und ihrer Nachfahren.<\/p>\n<div class=\"EmbedBlock-root EmbedBlock-twitter\">\n<div class=\"TwitterEmbed\">\n<blockquote class=\"twitter-tweet lazyload\" data-twitter=\"twitter-tweet\" data-media-max-width=\"560\">\n<p lang=\"pl\" dir=\"ltr\">Ukraina musi przesta\u0107 gloryfikowa\u0107 morderc\u00f3w takich jak Bandera i Szuchewycz! <a rel=\"nofollow noopener\" target=\"_blank\" href=\"https:\/\/t.co\/NuVuLinB7y\">pic.twitter.com\/NuVuLinB7y<\/a><\/p>\n<p>\u2014 S\u0142awomir Mentzen (@SlawomirMentzen) <a rel=\"nofollow noopener\" target=\"_blank\" href=\"https:\/\/twitter.com\/SlawomirMentzen\/status\/1894719567202590909?ref_src=twsrc%5Etfw\">February 26, 2025<\/a><\/p><\/blockquote>\n<\/div>\n<\/div>\n<p>Und was macht die Europ\u00e4ische Union? Statt zu reagieren, schweigt sie. Politiker wie EU-Kommissionspr\u00e4sidentin Ursula von der Leyen oder auch die deutsche Au\u00dfenministerin Annalena Baerbock, die sonst keine Gelegenheit auslassen, gegen tats\u00e4chliche oder vermeintliche rechte Tendenzen zu wettern, verlieren kein Wort \u00fcber diese skandal\u00f6sen Zust\u00e4nde in der Ukraine. Ihre einseitige, eurozentrische Politik ignoriert die berechtigten historischen Forderungen und emotionalen Belastungen der betroffenen Nationen \u2013 Hauptsache, das Narrativ bleibt stimmig: &#8220;Der Russe ist der gemeinsame Feind.&#8221;<\/p>\n<p>Parallel dazu befindet sich auch die polnische Regierung in einem Dilemma. In einem Spannungsfeld zwischen proeurop\u00e4ischer Rhetorik und einer Realpolitik, die in der Geschichtspolitik immer wieder scheitert, fehlt es h\u00e4ufig an dem politischen Willen, die nationalen historischen Forderungen konsequent umzusetzen. Statt einer klaren Aufarbeitung der Vergangenheit herrscht eine Atmosph\u00e4re der Selbstzufriedenheit und fragw\u00fcrdiger Kompromisse \u2013 ein Zustand, den man als eklatante Doppelmoral deuten muss.<\/p>\n<p>Erfahrungen mit dem ukrainischen Geschichtsrevisionismus macht man in Polen nur allm\u00e4hlich: In den fr\u00fchen Phasen der Ukraine-Unterst\u00fctzung dokumentierten polnische Lieferfahrer, wie sie lebensnotwendige Hilfsg\u00fcter in die Ukraine transportierten und dabei an \u00fcberall sichtbaren Bandera-Flaggen vorbeifuhren. Das empfanden die oftmals ehrenamtlichen Helfer als Schlag ins Gesicht. Diese Flaggen, die an der polnisch-ukrainischen Grenze regelm\u00e4\u00dfig neben der ukrainischen Nationalflagge wehen, sind eine st\u00e4ndige Anklage \u00fcber eine Geschichtspolitik, die den wunden Realit\u00e4ten der Vergangenheit nicht gerecht wird.<\/p>\n<p>Die bittere Ironie dieser Entwicklungen liegt in der Tatsache, dass diejenigen, die sich gegen die Verherrlichung von Nazi-Kollaborateuren aussprechen, als &#8220;Nazis&#8221; diffamiert werden, w\u00e4hrend die tats\u00e4chlichen Verherrlicher von Faschisten straflos bleiben. Es ist h\u00f6chste Zeit, dass Europa seine selektive Emp\u00f6rung \u00fcberdenkt und sich konsequent gegen jede Form der Geschichtsverf\u00e4lschung stellt \u2013 unabh\u00e4ngig davon, wer sie begeht.<\/p>\n<p>Die Verherrlichung von Nazi-Kollaborateuren darf in keinem Land toleriert werden \u2013 schon gar nicht in einem, das EU-Mitglied werden m\u00f6chte. Wenn die EU weiterhin wegschaut, macht sie sich mitschuldig an der Geschichtsverf\u00e4lschung und verh\u00f6hnt die Millionen Opfer des Zweiten Weltkrieges. Die von Doppelmoral bestimmte Haltung in Br\u00fcssel und Warschau und das Schweigen der etablierten Politiker in dieser Frage sind ein Affront gegen die Prinzipien und Werte, die als europ\u00e4isch gelten.<\/p>\n<p><strong>Mehr zum Thema<\/strong> \u2013 <a rel=\"nofollow noopener\" target=\"_blank\" href=\"https:\/\/freedert.online\/europa\/238314-polnischer-abgeordneter-erhaelt-morddrohungen-aus\/\">Polnischer Abgeordneter erh\u00e4lt Morddrohungen aus der Ukraine wegen Kritik an Nazi-Kollaborateur<\/a><\/p>\n<\/div>\n<p><script async src=\"https:\/\/platform.twitter.com\/widgets.js\" charset=\"utf-8\"><\/script><br \/>\n<br \/><br \/>\n<br \/><a href=\"https:\/\/de.rt.com\/meinung\/238644-eu-schweigt-polnischer-praesidentschaftskandidat-auf-todesliste\/\">Source link <\/a><\/p>\n","protected":false},"excerpt":{"rendered":"<p>In der Ukraine wird Nazi-Kollaborateur Stepan Bandera weiterhin als Held verehrt. Das Museum des UPA-Befehlshabers Roman Schuchewitsch \u2013 verantwortlich f\u00fcr Massaker an Polen \u2013 wird neu errichtet, m\u00f6glicherweise mit polnischen Geldern. Ein engagierter Politiker beklagt die Doppelmoral des politischen Establishments in Polen und der EU. Von\u00a0\u0141ukasz Filipowicz\u00a0 W\u00e4hrend die Europ\u00e4ische Union sich im Inneren gern [&hellip;]<\/p>\n","protected":false},"author":3,"featured_media":79700,"comment_status":"open","ping_status":"open","sticky":false,"template":"","format":"standard","meta":{"_yoast_indexnow_last_ping":["1741177370"],"wp_automatic_camp":["217"],"a5c64beea14b83b2414b648e8158c00a":["EU schweigt: Polnischer Pr\u00e4sidentschaftskandidat als &quot;Feind der Ukraine&quot; auf Todesliste"],"original_link":["https:\/\/de.rt.com\/meinung\/238644-eu-schweigt-polnischer-praesidentschaftskandidat-auf-todesliste\/"],"_thumbnail_id":["79700"],"jnews_social_counter_last_update":["1776976594"],"_wptgpro_p2tg_sent2tg":["a:1:{i:23737;s:19:\"2025-03-05 14:24:04\";}"]},"categories":[19,23],"tags":[273,133,82,19459,35945,22165,30962,56100,19275],"yoast_head":"<!-- This site is optimized with the Yoast SEO Premium plugin v22.7 (Yoast SEO v22.7) - https:\/\/yoast.com\/wordpress\/plugins\/seo\/ -->\n<title>EU schweigt: Polnischer Pr\u00e4sidentschaftskandidat als &quot;Feind der Ukraine&quot; auf Todesliste - just-now.NEWS Deutschland<\/title>\n<meta name=\"robots\" content=\"index, follow, max-snippet:-1, max-image-preview:large, max-video-preview:-1\" \/>\n<link rel=\"canonical\" href=\"https:\/\/now-news.de\/de\/deutschland\/eu-schweigt-polnischer-praesidentschaftskandidat-als-feind-der-ukraine-auf-todesliste\/\" \/>\n<meta property=\"og:locale\" content=\"de_DE\" \/>\n<meta property=\"og:type\" content=\"article\" \/>\n<meta property=\"og:title\" content=\"EU schweigt: Polnischer Pr\u00e4sidentschaftskandidat als &quot;Feind der Ukraine&quot; auf Todesliste\" \/>\n<meta property=\"og:description\" content=\"In der Ukraine wird Nazi-Kollaborateur Stepan Bandera weiterhin als Held verehrt. Das Museum des UPA-Befehlshabers Roman Schuchewitsch \u2013 verantwortlich f\u00fcr Massaker an Polen \u2013 wird neu errichtet, m\u00f6glicherweise mit polnischen Geldern. Ein engagierter Politiker beklagt die Doppelmoral des politischen Establishments in Polen und der EU. Von\u00a0\u0141ukasz Filipowicz\u00a0 W\u00e4hrend die Europ\u00e4ische Union sich im Inneren gern [&hellip;]\" \/>\n<meta property=\"og:url\" content=\"https:\/\/now-news.de\/de\/deutschland\/eu-schweigt-polnischer-praesidentschaftskandidat-als-feind-der-ukraine-auf-todesliste\/\" \/>\n<meta property=\"og:site_name\" content=\"just-now.NEWS Deutschland\" \/>\n<meta property=\"article:publisher\" content=\"https:\/\/www.facebook.com\/wirmachenauf\" \/>\n<meta property=\"article:published_time\" content=\"2025-03-05T12:12:08+00:00\" \/>\n<meta property=\"og:image\" content=\"https:\/\/now-news.de\/de\/wp-content\/uploads\/sites\/3\/2025\/03\/67c742ec48fbef2287436b6c.JPG\" \/>\n<meta name=\"author\" content=\"rtnews\" \/>\n<meta name=\"twitter:card\" content=\"summary_large_image\" \/>\n<meta name=\"twitter:creator\" content=\"@WirMachenAuf_de\" \/>\n<meta name=\"twitter:site\" content=\"@WirMachenAuf_de\" \/>\n<meta name=\"twitter:label1\" content=\"Verfasst von\" \/>\n\t<meta name=\"twitter:data1\" content=\"rtnews\" \/>\n\t<meta name=\"twitter:label2\" content=\"Gesch\u00e4tzte Lesezeit\" \/>\n\t<meta name=\"twitter:data2\" content=\"6\u00a0Minuten\" \/>\n<script type=\"application\/ld+json\" class=\"yoast-schema-graph\">{\"@context\":\"https:\/\/schema.org\",\"@graph\":[{\"@type\":\"Article\",\"@id\":\"https:\/\/now-news.de\/de\/deutschland\/eu-schweigt-polnischer-praesidentschaftskandidat-als-feind-der-ukraine-auf-todesliste\/#article\",\"isPartOf\":{\"@id\":\"https:\/\/now-news.de\/de\/deutschland\/eu-schweigt-polnischer-praesidentschaftskandidat-als-feind-der-ukraine-auf-todesliste\/\"},\"author\":{\"name\":\"rtnews\",\"@id\":\"https:\/\/now-news.de\/de\/#\/schema\/person\/fb534a4e865501d8b3285208df34a9b5\"},\"headline\":\"EU schweigt: Polnischer Pr\u00e4sidentschaftskandidat als &quot;Feind der Ukraine&quot; auf Todesliste\",\"datePublished\":\"2025-03-05T12:12:08+00:00\",\"dateModified\":\"2025-03-05T12:12:08+00:00\",\"mainEntityOfPage\":{\"@id\":\"https:\/\/now-news.de\/de\/deutschland\/eu-schweigt-polnischer-praesidentschaftskandidat-als-feind-der-ukraine-auf-todesliste\/\"},\"wordCount\":1158,\"commentCount\":0,\"publisher\":{\"@id\":\"https:\/\/now-news.de\/de\/#organization\"},\"image\":{\"@id\":\"https:\/\/now-news.de\/de\/deutschland\/eu-schweigt-polnischer-praesidentschaftskandidat-als-feind-der-ukraine-auf-todesliste\/#primaryimage\"},\"thumbnailUrl\":\"https:\/\/now-news.de\/de\/wp-content\/uploads\/sites\/3\/2025\/03\/EU-schweigt-Polnischer-Praesidentschaftskandidat-als-quotFeind-der-Ukrainequot-auf-Todesliste.JPG\",\"keywords\":[\"als\",\"AUF\",\"der\",\"Polnischer\",\"Pr\u00e4sidentschaftskandidat\",\"quotFeind\",\"schweigt\",\"Todesliste\",\"Ukrainequot\"],\"articleSection\":[\"Deutschland\",\"Russland\"],\"inLanguage\":\"de\",\"potentialAction\":[{\"@type\":\"CommentAction\",\"name\":\"Comment\",\"target\":[\"https:\/\/now-news.de\/de\/deutschland\/eu-schweigt-polnischer-praesidentschaftskandidat-als-feind-der-ukraine-auf-todesliste\/#respond\"]}]},{\"@type\":\"WebPage\",\"@id\":\"https:\/\/now-news.de\/de\/deutschland\/eu-schweigt-polnischer-praesidentschaftskandidat-als-feind-der-ukraine-auf-todesliste\/\",\"url\":\"https:\/\/now-news.de\/de\/deutschland\/eu-schweigt-polnischer-praesidentschaftskandidat-als-feind-der-ukraine-auf-todesliste\/\",\"name\":\"EU schweigt: Polnischer Pr\u00e4sidentschaftskandidat als &quot;Feind der Ukraine&quot; auf Todesliste - just-now.NEWS Deutschland\",\"isPartOf\":{\"@id\":\"https:\/\/now-news.de\/de\/#website\"},\"primaryImageOfPage\":{\"@id\":\"https:\/\/now-news.de\/de\/deutschland\/eu-schweigt-polnischer-praesidentschaftskandidat-als-feind-der-ukraine-auf-todesliste\/#primaryimage\"},\"image\":{\"@id\":\"https:\/\/now-news.de\/de\/deutschland\/eu-schweigt-polnischer-praesidentschaftskandidat-als-feind-der-ukraine-auf-todesliste\/#primaryimage\"},\"thumbnailUrl\":\"https:\/\/now-news.de\/de\/wp-content\/uploads\/sites\/3\/2025\/03\/EU-schweigt-Polnischer-Praesidentschaftskandidat-als-quotFeind-der-Ukrainequot-auf-Todesliste.JPG\",\"datePublished\":\"2025-03-05T12:12:08+00:00\",\"dateModified\":\"2025-03-05T12:12:08+00:00\",\"breadcrumb\":{\"@id\":\"https:\/\/now-news.de\/de\/deutschland\/eu-schweigt-polnischer-praesidentschaftskandidat-als-feind-der-ukraine-auf-todesliste\/#breadcrumb\"},\"inLanguage\":\"de\",\"potentialAction\":[{\"@type\":\"ReadAction\",\"target\":[\"https:\/\/now-news.de\/de\/deutschland\/eu-schweigt-polnischer-praesidentschaftskandidat-als-feind-der-ukraine-auf-todesliste\/\"]}]},{\"@type\":\"ImageObject\",\"inLanguage\":\"de\",\"@id\":\"https:\/\/now-news.de\/de\/deutschland\/eu-schweigt-polnischer-praesidentschaftskandidat-als-feind-der-ukraine-auf-todesliste\/#primaryimage\",\"url\":\"https:\/\/now-news.de\/de\/wp-content\/uploads\/sites\/3\/2025\/03\/EU-schweigt-Polnischer-Praesidentschaftskandidat-als-quotFeind-der-Ukrainequot-auf-Todesliste.JPG\",\"contentUrl\":\"https:\/\/now-news.de\/de\/wp-content\/uploads\/sites\/3\/2025\/03\/EU-schweigt-Polnischer-Praesidentschaftskandidat-als-quotFeind-der-Ukrainequot-auf-Todesliste.JPG\",\"width\":460,\"height\":259,\"caption\":\"EU schweigt: Polnischer Pr\u00e4sidentschaftskandidat als &quot;Feind der Ukraine&quot; auf Todesliste\"},{\"@type\":\"BreadcrumbList\",\"@id\":\"https:\/\/now-news.de\/de\/deutschland\/eu-schweigt-polnischer-praesidentschaftskandidat-als-feind-der-ukraine-auf-todesliste\/#breadcrumb\",\"itemListElement\":[{\"@type\":\"ListItem\",\"position\":1,\"name\":\"Home\",\"item\":\"https:\/\/now-news.de\/de\/\"},{\"@type\":\"ListItem\",\"position\":2,\"name\":\"EU schweigt: Polnischer Pr\u00e4sidentschaftskandidat als &quot;Feind der Ukraine&quot; auf Todesliste\"}]},{\"@type\":\"WebSite\",\"@id\":\"https:\/\/now-news.de\/de\/#website\",\"url\":\"https:\/\/now-news.de\/de\/\",\"name\":\"just-now.NEWS Deutschland\",\"description\":\"Das Portal f\u00fcr unzensierte Nachrichten aus der Welt\",\"publisher\":{\"@id\":\"https:\/\/now-news.de\/de\/#organization\"},\"potentialAction\":[{\"@type\":\"SearchAction\",\"target\":{\"@type\":\"EntryPoint\",\"urlTemplate\":\"https:\/\/now-news.de\/de\/?s={search_term_string}\"},\"query-input\":\"required name=search_term_string\"}],\"inLanguage\":\"de\"},{\"@type\":\"Organization\",\"@id\":\"https:\/\/now-news.de\/de\/#organization\",\"name\":\"Just Now News\",\"url\":\"https:\/\/now-news.de\/de\/\",\"logo\":{\"@type\":\"ImageObject\",\"inLanguage\":\"de\",\"@id\":\"https:\/\/now-news.de\/de\/#\/schema\/logo\/image\/\",\"url\":\"http:\/\/just-now.news\/de\/wp-content\/uploads\/sites\/3\/2022\/04\/logo500x500.jpg\",\"contentUrl\":\"http:\/\/just-now.news\/de\/wp-content\/uploads\/sites\/3\/2022\/04\/logo500x500.jpg\",\"width\":500,\"height\":500,\"caption\":\"Just Now News\"},\"image\":{\"@id\":\"https:\/\/now-news.de\/de\/#\/schema\/logo\/image\/\"},\"sameAs\":[\"https:\/\/www.facebook.com\/wirmachenauf\",\"https:\/\/x.com\/WirMachenAuf_de\"]},{\"@type\":\"Person\",\"@id\":\"https:\/\/now-news.de\/de\/#\/schema\/person\/fb534a4e865501d8b3285208df34a9b5\",\"name\":\"rtnews\",\"image\":{\"@type\":\"ImageObject\",\"inLanguage\":\"de\",\"@id\":\"https:\/\/now-news.de\/de\/#\/schema\/person\/image\/\",\"url\":\"https:\/\/secure.gravatar.com\/avatar\/82aafea7d8127119dd649515f56e2117?s=96&d=mm&r=g\",\"contentUrl\":\"https:\/\/secure.gravatar.com\/avatar\/82aafea7d8127119dd649515f56e2117?s=96&d=mm&r=g\",\"caption\":\"rtnews\"},\"url\":\"https:\/\/now-news.de\/de\/author\/rnews\/\"}]}<\/script>\n<!-- \/ Yoast SEO Premium plugin. -->","yoast_head_json":{"title":"EU schweigt: Polnischer Pr\u00e4sidentschaftskandidat als &quot;Feind der Ukraine&quot; auf Todesliste - just-now.NEWS Deutschland","robots":{"index":"index","follow":"follow","max-snippet":"max-snippet:-1","max-image-preview":"max-image-preview:large","max-video-preview":"max-video-preview:-1"},"canonical":"https:\/\/now-news.de\/de\/deutschland\/eu-schweigt-polnischer-praesidentschaftskandidat-als-feind-der-ukraine-auf-todesliste\/","og_locale":"de_DE","og_type":"article","og_title":"EU schweigt: Polnischer Pr\u00e4sidentschaftskandidat als &quot;Feind der Ukraine&quot; auf Todesliste","og_description":"In der Ukraine wird Nazi-Kollaborateur Stepan Bandera weiterhin als Held verehrt. Das Museum des UPA-Befehlshabers Roman Schuchewitsch \u2013 verantwortlich f\u00fcr Massaker an Polen \u2013 wird neu errichtet, m\u00f6glicherweise mit polnischen Geldern. Ein engagierter Politiker beklagt die Doppelmoral des politischen Establishments in Polen und der EU. Von\u00a0\u0141ukasz Filipowicz\u00a0 W\u00e4hrend die Europ\u00e4ische Union sich im Inneren gern [&hellip;]","og_url":"https:\/\/now-news.de\/de\/deutschland\/eu-schweigt-polnischer-praesidentschaftskandidat-als-feind-der-ukraine-auf-todesliste\/","og_site_name":"just-now.NEWS Deutschland","article_publisher":"https:\/\/www.facebook.com\/wirmachenauf","article_published_time":"2025-03-05T12:12:08+00:00","og_image":[{"url":"https:\/\/now-news.de\/de\/wp-content\/uploads\/sites\/3\/2025\/03\/67c742ec48fbef2287436b6c.JPG"}],"author":"rtnews","twitter_card":"summary_large_image","twitter_creator":"@WirMachenAuf_de","twitter_site":"@WirMachenAuf_de","twitter_misc":{"Verfasst von":"rtnews","Gesch\u00e4tzte Lesezeit":"6\u00a0Minuten"},"schema":{"@context":"https:\/\/schema.org","@graph":[{"@type":"Article","@id":"https:\/\/now-news.de\/de\/deutschland\/eu-schweigt-polnischer-praesidentschaftskandidat-als-feind-der-ukraine-auf-todesliste\/#article","isPartOf":{"@id":"https:\/\/now-news.de\/de\/deutschland\/eu-schweigt-polnischer-praesidentschaftskandidat-als-feind-der-ukraine-auf-todesliste\/"},"author":{"name":"rtnews","@id":"https:\/\/now-news.de\/de\/#\/schema\/person\/fb534a4e865501d8b3285208df34a9b5"},"headline":"EU schweigt: Polnischer Pr\u00e4sidentschaftskandidat als &quot;Feind der Ukraine&quot; auf Todesliste","datePublished":"2025-03-05T12:12:08+00:00","dateModified":"2025-03-05T12:12:08+00:00","mainEntityOfPage":{"@id":"https:\/\/now-news.de\/de\/deutschland\/eu-schweigt-polnischer-praesidentschaftskandidat-als-feind-der-ukraine-auf-todesliste\/"},"wordCount":1158,"commentCount":0,"publisher":{"@id":"https:\/\/now-news.de\/de\/#organization"},"image":{"@id":"https:\/\/now-news.de\/de\/deutschland\/eu-schweigt-polnischer-praesidentschaftskandidat-als-feind-der-ukraine-auf-todesliste\/#primaryimage"},"thumbnailUrl":"https:\/\/now-news.de\/de\/wp-content\/uploads\/sites\/3\/2025\/03\/EU-schweigt-Polnischer-Praesidentschaftskandidat-als-quotFeind-der-Ukrainequot-auf-Todesliste.JPG","keywords":["als","AUF","der","Polnischer","Pr\u00e4sidentschaftskandidat","quotFeind","schweigt","Todesliste","Ukrainequot"],"articleSection":["Deutschland","Russland"],"inLanguage":"de","potentialAction":[{"@type":"CommentAction","name":"Comment","target":["https:\/\/now-news.de\/de\/deutschland\/eu-schweigt-polnischer-praesidentschaftskandidat-als-feind-der-ukraine-auf-todesliste\/#respond"]}]},{"@type":"WebPage","@id":"https:\/\/now-news.de\/de\/deutschland\/eu-schweigt-polnischer-praesidentschaftskandidat-als-feind-der-ukraine-auf-todesliste\/","url":"https:\/\/now-news.de\/de\/deutschland\/eu-schweigt-polnischer-praesidentschaftskandidat-als-feind-der-ukraine-auf-todesliste\/","name":"EU schweigt: Polnischer Pr\u00e4sidentschaftskandidat als &quot;Feind der Ukraine&quot; auf Todesliste - just-now.NEWS Deutschland","isPartOf":{"@id":"https:\/\/now-news.de\/de\/#website"},"primaryImageOfPage":{"@id":"https:\/\/now-news.de\/de\/deutschland\/eu-schweigt-polnischer-praesidentschaftskandidat-als-feind-der-ukraine-auf-todesliste\/#primaryimage"},"image":{"@id":"https:\/\/now-news.de\/de\/deutschland\/eu-schweigt-polnischer-praesidentschaftskandidat-als-feind-der-ukraine-auf-todesliste\/#primaryimage"},"thumbnailUrl":"https:\/\/now-news.de\/de\/wp-content\/uploads\/sites\/3\/2025\/03\/EU-schweigt-Polnischer-Praesidentschaftskandidat-als-quotFeind-der-Ukrainequot-auf-Todesliste.JPG","datePublished":"2025-03-05T12:12:08+00:00","dateModified":"2025-03-05T12:12:08+00:00","breadcrumb":{"@id":"https:\/\/now-news.de\/de\/deutschland\/eu-schweigt-polnischer-praesidentschaftskandidat-als-feind-der-ukraine-auf-todesliste\/#breadcrumb"},"inLanguage":"de","potentialAction":[{"@type":"ReadAction","target":["https:\/\/now-news.de\/de\/deutschland\/eu-schweigt-polnischer-praesidentschaftskandidat-als-feind-der-ukraine-auf-todesliste\/"]}]},{"@type":"ImageObject","inLanguage":"de","@id":"https:\/\/now-news.de\/de\/deutschland\/eu-schweigt-polnischer-praesidentschaftskandidat-als-feind-der-ukraine-auf-todesliste\/#primaryimage","url":"https:\/\/now-news.de\/de\/wp-content\/uploads\/sites\/3\/2025\/03\/EU-schweigt-Polnischer-Praesidentschaftskandidat-als-quotFeind-der-Ukrainequot-auf-Todesliste.JPG","contentUrl":"https:\/\/now-news.de\/de\/wp-content\/uploads\/sites\/3\/2025\/03\/EU-schweigt-Polnischer-Praesidentschaftskandidat-als-quotFeind-der-Ukrainequot-auf-Todesliste.JPG","width":460,"height":259,"caption":"EU schweigt: Polnischer Pr\u00e4sidentschaftskandidat als &quot;Feind der Ukraine&quot; auf Todesliste"},{"@type":"BreadcrumbList","@id":"https:\/\/now-news.de\/de\/deutschland\/eu-schweigt-polnischer-praesidentschaftskandidat-als-feind-der-ukraine-auf-todesliste\/#breadcrumb","itemListElement":[{"@type":"ListItem","position":1,"name":"Home","item":"https:\/\/now-news.de\/de\/"},{"@type":"ListItem","position":2,"name":"EU schweigt: Polnischer Pr\u00e4sidentschaftskandidat als &quot;Feind der Ukraine&quot; auf Todesliste"}]},{"@type":"WebSite","@id":"https:\/\/now-news.de\/de\/#website","url":"https:\/\/now-news.de\/de\/","name":"just-now.NEWS Deutschland","description":"Das Portal f\u00fcr unzensierte Nachrichten aus der Welt","publisher":{"@id":"https:\/\/now-news.de\/de\/#organization"},"potentialAction":[{"@type":"SearchAction","target":{"@type":"EntryPoint","urlTemplate":"https:\/\/now-news.de\/de\/?s={search_term_string}"},"query-input":"required name=search_term_string"}],"inLanguage":"de"},{"@type":"Organization","@id":"https:\/\/now-news.de\/de\/#organization","name":"Just Now News","url":"https:\/\/now-news.de\/de\/","logo":{"@type":"ImageObject","inLanguage":"de","@id":"https:\/\/now-news.de\/de\/#\/schema\/logo\/image\/","url":"http:\/\/just-now.news\/de\/wp-content\/uploads\/sites\/3\/2022\/04\/logo500x500.jpg","contentUrl":"http:\/\/just-now.news\/de\/wp-content\/uploads\/sites\/3\/2022\/04\/logo500x500.jpg","width":500,"height":500,"caption":"Just Now News"},"image":{"@id":"https:\/\/now-news.de\/de\/#\/schema\/logo\/image\/"},"sameAs":["https:\/\/www.facebook.com\/wirmachenauf","https:\/\/x.com\/WirMachenAuf_de"]},{"@type":"Person","@id":"https:\/\/now-news.de\/de\/#\/schema\/person\/fb534a4e865501d8b3285208df34a9b5","name":"rtnews","image":{"@type":"ImageObject","inLanguage":"de","@id":"https:\/\/now-news.de\/de\/#\/schema\/person\/image\/","url":"https:\/\/secure.gravatar.com\/avatar\/82aafea7d8127119dd649515f56e2117?s=96&d=mm&r=g","contentUrl":"https:\/\/secure.gravatar.com\/avatar\/82aafea7d8127119dd649515f56e2117?s=96&d=mm&r=g","caption":"rtnews"},"url":"https:\/\/now-news.de\/de\/author\/rnews\/"}]}},"_links":{"self":[{"href":"https:\/\/now-news.de\/de\/wp-json\/wp\/v2\/posts\/79699"}],"collection":[{"href":"https:\/\/now-news.de\/de\/wp-json\/wp\/v2\/posts"}],"about":[{"href":"https:\/\/now-news.de\/de\/wp-json\/wp\/v2\/types\/post"}],"author":[{"embeddable":true,"href":"https:\/\/now-news.de\/de\/wp-json\/wp\/v2\/users\/3"}],"replies":[{"embeddable":true,"href":"https:\/\/now-news.de\/de\/wp-json\/wp\/v2\/comments?post=79699"}],"version-history":[{"count":0,"href":"https:\/\/now-news.de\/de\/wp-json\/wp\/v2\/posts\/79699\/revisions"}],"wp:featuredmedia":[{"embeddable":true,"href":"https:\/\/now-news.de\/de\/wp-json\/wp\/v2\/media\/79700"}],"wp:attachment":[{"href":"https:\/\/now-news.de\/de\/wp-json\/wp\/v2\/media?parent=79699"}],"wp:term":[{"taxonomy":"category","embeddable":true,"href":"https:\/\/now-news.de\/de\/wp-json\/wp\/v2\/categories?post=79699"},{"taxonomy":"post_tag","embeddable":true,"href":"https:\/\/now-news.de\/de\/wp-json\/wp\/v2\/tags?post=79699"}],"curies":[{"name":"wp","href":"https:\/\/api.w.org\/{rel}","templated":true}]}}