{"id":79687,"date":"2025-03-05T10:43:32","date_gmt":"2025-03-05T08:43:32","guid":{"rendered":"https:\/\/now-news.de\/de\/deutschland\/gruende-fuer-den-russischen-vorstoss-ins-gebiet-sumy\/"},"modified":"2025-03-05T10:43:32","modified_gmt":"2025-03-05T08:43:32","slug":"gruende-fuer-den-russischen-vorstoss-ins-gebiet-sumy","status":"publish","type":"post","link":"https:\/\/now-news.de\/de\/deutschland\/gruende-fuer-den-russischen-vorstoss-ins-gebiet-sumy\/","title":{"rendered":"Gr\u00fcnde f\u00fcr den russischen Vorsto\u00df ins Gebiet Sumy"},"content":{"rendered":"<p><img decoding=\"async\" src=\"https:\/\/now-news.de\/de\/wp-content\/uploads\/sites\/3\/2025\/03\/67c8005c48fbef1f3750f055.jpg\" \/><\/p>\n<div class=\"Text-root Text-type_1 \">\n                In den letzten Tagen wurde regelm\u00e4\u00dfig \u00fcber die Aktionen der russischen Streitkr\u00e4fte in der Region Sumy in der Ukraine berichtet. Was bedeutet diese Operation und wie h\u00e4ngt sie mit der Vertreibung der ukrainischen Besatzer aus dem Gebiet Kursk zusammen?\n            <\/div>\n<p><\/p>\n<div class=\"Text-root Text-type_5 ArticleView-text ViewText-root \">\n<p><em>Von Jewgeni Krutikow<\/em><\/p>\n<p>Die russische Armee dr\u00e4ngt den Feind weiterhin systematisch aus der Region Kursk zur\u00fcck. In den letzten zwei Wochen hat sich das Tempo des Vormarschs deutlich erh\u00f6ht.<\/p>\n<p>In den letzten Tagen haben russische Fallschirmj\u00e4ger das gesamte Tal des Flusses Malaja Loknja mit den D\u00f6rfern Nikolajewka, Nikolski und Staraja Sorotschina ger\u00e4umt und sich dem s\u00fcdlichen Rand der gleichnamigen Siedlung am Ostufer des Flusses gen\u00e4hert. Vom Dorf Pogrebki aus wurde der n\u00f6rdliche Vorsprung des Feindes nach S\u00fcden hin abgeschnitten. Die feindlichen St\u00fctzpunkte n\u00f6rdlich von Malaja Lokna werden derzeit aufgerieben. Gleichzeitig enden die K\u00e4mpfe um Lebedewka im zentralen Teil des Vorsprungs. S\u00fcdlich von Sudscha gehen die K\u00e4mpfe um Kurilowka weiter.<\/p>\n<p>Gleichzeitig wird zus\u00e4tzliche Aufmerksamkeit auf die Operation s\u00fcdlich von Swerdlikowo gelenkt, da die russischen Streitkr\u00e4fte in dieser Gegend die Grenze zur Region Sumy \u00fcberschritten haben. Es ist jedoch kaum n\u00f6tig, darin eine politische Komponente zu sehen.<\/p>\n<p>Nach der Befreiung von Swerdlikowo am 17. Februar teilten sich die Angriffsgruppen des 56. Garde-Luftlande-Sturmregiments auf. Eine Gruppe bewegte sich entlang des Ufers der Loknja (nicht zu verwechseln mit der Malaja Loknja) direkt in das benachbarte Lebedewka, dessen Befreiung es erm\u00f6glichte, die Feuerkontrolle \u00fcber die Fernstra\u00dfe zwischen Sudscha und Lgow zu erlangen, \u00fcber die der Feind seine Gruppierung auf dem n\u00f6rdlichen Vorsto\u00df bis zum maximalen Punkt des Vordringens in Pogrebkow versorgte. Dadurch konnten die Nachschub- und Rotationsm\u00f6glichkeiten des Feindes stark eingeschr\u00e4nkt werden. Infolgedessen begann der Feind an zus\u00e4tzlicher Kampfkraft zu verlieren, was zur Abtrennung eines bedeutenden Teils des Gebiets und zur Befreiung mehrerer Siedlungen aus den H\u00e4nden der Invasoren f\u00fchrte.<\/p>\n<p>Der unbewohnte Teil des Vorsprungs mit dem halb umschlossenen Eisenbahnschienenstrang befindet sich noch unter feindlicher Kontrolle. Nach der bevorstehenden Befreiung des Dorfes Malaja Loknja ist es nur noch eine Frage der Zeit, bis dieser Bereich befreit wird. Damit ist auch die Gefahr eines Durchbruchsversuchs entlang der Strecke nach Lgov gebannt und gleichzeitig wird der Druck auf die gesamte Gruppierung der ukrainischen Streitkr\u00e4fte bis Sudscha erh\u00f6ht. Die Zeitung\u00a0<a rel=\"nofollow noopener\" target=\"_blank\" href=\"https:\/\/vz.ru\/society\/2025\/2\/19\/1315882.html\"><em>Wsgljad<\/em><\/a>\u00a0hat ausf\u00fchrlich \u00fcber diese Operation berichtet.<\/p>\n<p>Eine andere Truppe stie\u00df entlang des Flussbettes der Loknja nach S\u00fcden in Richtung Bassowka vor, das hei\u00dft auf ukrainisches Territorium, in die Region Sumy. Bassowka konnte zwar nicht auf Anhieb eingenommen werden, daf\u00fcr wurde aber die Ortschaft Nowenkoje unter Kontrolle gebracht.<\/p>\n<p>Von dieser Siedlung aus f\u00fchrt die Bezirksstra\u00dfe am Ufer des Flusses Loknja entlang. Im S\u00fcden endet sie in Junakowka in der Region Sumy, dem Hauptumschlagplatz f\u00fcr den gesamten Nachschub der ukrainischen Gruppierung im Gebiet Kursk. Theoretisch gibt es noch die sogenannte alte Milit\u00e4rstra\u00dfe nach Sudscha vom Fluss Psel an der Westflanke, die in den Wintermonaten ausgewalzt wurde, die aber seit Beginn der K\u00e4mpfe um Kurilowka ihre Bedeutung verloren hat.<\/p>\n<p>Einige Tage sp\u00e4ter drang eine weitere Angriffsgruppe der russischen Streitkr\u00e4fte in einer anderen Gegend in das Gebiet Sumy ein \u2013 etwas weiter westlich, von Nikolo-Darjewka aus bis Schurawka, die die Flanke der Fallschirmj\u00e4ger in Nowenkoje bilden sollte. Der Feind begann daraufhin, dringend Reserven aus dem Inneren des Gebiets Sumy nach Bassowka zu verlegen, um die Lage zu stabilisieren.<\/p>\n<\/p>\n<p>Ziel des Man\u00f6vers der russischen Streitkr\u00e4fte war es, die einzige Versorgungsroute der feindlichen Gruppierung in Richtung Kursk unter Kontrolle zu bringen. Ohne diese Route sind die ukrainischen Streitkr\u00e4fte in Sudscha dem Untergang geweiht.<\/p>\n<p>Im Moment ist die Strecke von Junakowka unter der Feuerkontrolle der russischen Streitkr\u00e4fte, und die Bewegung der feindlichen Kolonnen wurde um ein Vielfaches reduziert. Allerdings hat der Feind im Vorfeld eine gro\u00dfe Menge an Munition nach Sudscha gebracht, die es der ukrainischen Gruppierung erm\u00f6glichen wird, ihr derzeitiges Niveau an Feuerkraft f\u00fcr einige Zeit aufrechtzuerhalten. Die M\u00f6glichkeit, das ukrainische Personal aufzuf\u00fcllen und zu rotieren, ist jedoch stark eingeschr\u00e4nkt. Und die Aufrechterhaltung einer konstant sehr gro\u00dfen Zahl von ukrainischen Truppen in der Region Kursk trotz der enormen Verluste ist f\u00fcr Kiew die einzige M\u00f6glichkeit, die vor\u00fcbergehend eroberten Gebiete zu halten. Und diese Aufrechterhaltung wiederum ist f\u00fcr Kiew aus politischen Gr\u00fcnden notwendig.<\/p>\n<p>Der Grenz\u00fcbertritt ins Gebiet Sumy hat f\u00fcr die russischen Streitkr\u00e4fte keine symbolische Bedeutung. Vielmehr handelt es sich bei dieser Operation um ein f\u00fcr unsere Streitkr\u00e4fte in letzter Zeit typisches Flankenman\u00f6ver zur Unterbrechung der gegnerischen Transportverbindungen. Auch im westlichen Teil des Vormarsches der russischen Streitkr\u00e4fte ist das Erreichen der Grenze der Region Dnjepropetrowsk kein politisches Ziel.<\/p>\n<p>Einfach ausgedr\u00fcckt: Bei milit\u00e4rischen Operationen existieren die alten Staats- und Verwaltungsgrenzen nicht mehr auf der Landkarte. Und wenn die Situation es erfordert, in das Territorium der Regionen Sumy oder Dnjepropetrowsk vorzusto\u00dfen, wird dies auch geschehen.<\/p>\n<p>Der Feind ist sich dessen bewusst. Die Stadt Sumy selbst und das benachbarte Krasnopolje bauen eilig eine neue Verteidigungslinie auf, offenbar in Erwartung des unvermeidlichen R\u00fcckzugs aus dem Gebiet Kursk. Gleichzeitig sind aber auch die M\u00f6glichkeiten eines freiwilligen R\u00fcckzugs des Feindes aus Sudscha bereits stark eingeschr\u00e4nkt. Wenn die russischen Streitkr\u00e4fte den Druck in der Region Sumy fortsetzen und schlie\u00dflich \u00fcber Bassowka nach Junakowka vorsto\u00dfen, dann werden wir nicht \u00fcber den R\u00fcckzug der ukrainischen Streitkr\u00e4fte aus der Region Kursk sprechen, sondern \u00fcber den gr\u00f6\u00dften Kessel in der gesamten Zeit der milit\u00e4rischen Sonderoperation.<\/p>\n<p>Bislang ist dies nur eine Perspektive. Die russischen Streitkr\u00e4fte sind dabei, die Voraussetzungen f\u00fcr eine entsprechende Operation zu schaffen. Zun\u00e4chst einmal m\u00fcssen die Flanken im weitesten Sinne des Wortes gesichert werden. Zu diesem Zweck werden Waldg\u00fcrtel in der Region Sumy bei Schurawka und im Norden um Lebedewka ger\u00e4umt, wo der Feind zum Gegenangriff ansetzt.<\/p>\n<p>Au\u00dferdem ist die Ortschaft Nowenkoje selbst logistisch begrenzt, und es ist schwierig, dort einen St\u00fctzpunkt f\u00fcr eine Angriffsoperation in Richtung Junakowka zu schaffen. Es kann auch ein anderer Weg gew\u00e4hlt werden: Das allm\u00e4hliche Durchschneiden von Vorspr\u00fcngen und das Vorr\u00fccken nach S\u00fcden entlang der Eisenbahnlinie nach der Besetzung von Malaja Loknja wird zur Bildung einer einzigen durchgehenden Front mit Lebedewka f\u00fchren. Diese wiederum w\u00fcrde die Grundlage f\u00fcr die Bildung einer Sto\u00dffront bis tief in die Region Sumy bilden.<\/p>\n<p>Die Entfernungen dort sind gering, und das Vorr\u00fccken der russischen Streitkr\u00e4fte wird nur durch die f\u00fcr ein so begrenztes Gebiet betr\u00e4chtliche Anzahl feindlicher Truppen behindert. Auf jeden Fall k\u00f6nnen wir feststellen, dass die Operation zur Verdr\u00e4ngung der ukrainischen Streitkr\u00e4fte aus dem vor\u00fcbergehend besetzten Teil des russischen Territoriums im Gebiet Kursk sich ihrer Endphase n\u00e4hert. Und die Befreiung unseres Territoriums hat oberste Priorit\u00e4t. Wenn wir daf\u00fcr bis nach Sumy gehen m\u00fcssen, ist das ein angenehmer Bonus. Es ist nicht weit dorthin.<\/p>\n<p><em>\u00dcbersetzt aus dem Russischen. Der Artikel ist am 4. M\u00e4rz 2025 zuerst auf der Website der Zeitung Wsgljad erschienen.<\/em><\/p>\n<p><em><strong>Jewgeni Krutikow<\/strong>\u00a0ist Milit\u00e4ranalyst bei der Zeitung Wsgljad.<\/em><\/p>\n<p><strong>Mehr zum Thema<\/strong> \u2013 <a rel=\"nofollow noopener\" target=\"_blank\" href=\"https:\/\/freedert.online\/meinung\/237077-selenskij-waisenmoerder-zeit-volkssturms-fuer-ukraine-angebrochen\/\"> Selenskij der Waisenm\u00f6rder \u2013 Zeit des Volkssturms f\u00fcr die Ukraine angebrochen <\/a><\/p>\n<div class=\"EmbedBlock-root EmbedBlock-externalVideo EmbedBlock-rumble\">\n<div class=\"VkEmbed\"><iframe class=\"lazyload\" data-src=\"https:\/\/rumble.com\/embed\/v6nw170\" frameborder=\"0\" width=\"853\" height=\"480\" allowfullscreen><\/iframe><\/div>\n<\/div>\n<\/div>\n<p><br \/>\n<br \/><a href=\"https:\/\/de.rt.com\/europa\/238670-gruende-fuer-russischen-vorstoss-ins\/\">Source link <\/a><\/p>\n","protected":false},"excerpt":{"rendered":"<p>In den letzten Tagen wurde regelm\u00e4\u00dfig \u00fcber die Aktionen der russischen Streitkr\u00e4fte in der Region Sumy in der Ukraine berichtet. Was bedeutet diese Operation und wie h\u00e4ngt sie mit der Vertreibung der ukrainischen Besatzer aus dem Gebiet Kursk zusammen? Von Jewgeni Krutikow Die russische Armee dr\u00e4ngt den Feind weiterhin systematisch aus der Region Kursk zur\u00fcck. [&hellip;]<\/p>\n","protected":false},"author":3,"featured_media":79688,"comment_status":"open","ping_status":"open","sticky":false,"template":"","format":"standard","meta":{"_yoast_indexnow_last_ping":["1741164527"],"wp_automatic_camp":["217"],"ebce2be4e86d1300ba15169bd89a067e":["Gr\u00fcnde f\u00fcr den russischen Vorsto\u00df ins Gebiet Sumy"],"original_link":["https:\/\/de.rt.com\/europa\/238670-gruende-fuer-russischen-vorstoss-ins\/"],"_thumbnail_id":["79688"],"jnews_social_counter_last_update":["1777156435"],"_wptgpro_p2tg_sent2tg":["a:1:{i:23737;s:19:\"2025-03-05 10:50:29\";}"]},"categories":[19,23],"tags":[48,221,23009,4906,1678,973,11454,19896],"yoast_head":"<!-- This site is optimized with the Yoast SEO Premium plugin v22.7 (Yoast SEO v22.7) - https:\/\/yoast.com\/wordpress\/plugins\/seo\/ -->\n<title>Gr\u00fcnde f\u00fcr den russischen Vorsto\u00df ins Gebiet Sumy - just-now.NEWS Deutschland<\/title>\n<meta name=\"robots\" content=\"index, follow, max-snippet:-1, max-image-preview:large, max-video-preview:-1\" \/>\n<link rel=\"canonical\" href=\"https:\/\/now-news.de\/de\/deutschland\/gruende-fuer-den-russischen-vorstoss-ins-gebiet-sumy\/\" \/>\n<meta property=\"og:locale\" content=\"de_DE\" \/>\n<meta property=\"og:type\" content=\"article\" \/>\n<meta property=\"og:title\" content=\"Gr\u00fcnde f\u00fcr den russischen Vorsto\u00df ins Gebiet Sumy\" \/>\n<meta property=\"og:description\" content=\"In den letzten Tagen wurde regelm\u00e4\u00dfig \u00fcber die Aktionen der russischen Streitkr\u00e4fte in der Region Sumy in der Ukraine berichtet. Was bedeutet diese Operation und wie h\u00e4ngt sie mit der Vertreibung der ukrainischen Besatzer aus dem Gebiet Kursk zusammen? Von Jewgeni Krutikow Die russische Armee dr\u00e4ngt den Feind weiterhin systematisch aus der Region Kursk zur\u00fcck. [&hellip;]\" \/>\n<meta property=\"og:url\" content=\"https:\/\/now-news.de\/de\/deutschland\/gruende-fuer-den-russischen-vorstoss-ins-gebiet-sumy\/\" \/>\n<meta property=\"og:site_name\" content=\"just-now.NEWS Deutschland\" \/>\n<meta property=\"article:publisher\" content=\"https:\/\/www.facebook.com\/wirmachenauf\" \/>\n<meta property=\"article:published_time\" content=\"2025-03-05T08:43:32+00:00\" \/>\n<meta property=\"og:image\" content=\"https:\/\/now-news.de\/de\/wp-content\/uploads\/sites\/3\/2025\/03\/67c8005c48fbef1f3750f055.jpg\" \/>\n<meta name=\"author\" content=\"rtnews\" \/>\n<meta name=\"twitter:card\" content=\"summary_large_image\" \/>\n<meta name=\"twitter:creator\" content=\"@WirMachenAuf_de\" \/>\n<meta name=\"twitter:site\" content=\"@WirMachenAuf_de\" \/>\n<meta name=\"twitter:label1\" content=\"Verfasst von\" \/>\n\t<meta name=\"twitter:data1\" content=\"rtnews\" \/>\n\t<meta name=\"twitter:label2\" content=\"Gesch\u00e4tzte Lesezeit\" \/>\n\t<meta name=\"twitter:data2\" content=\"6\u00a0Minuten\" \/>\n<script type=\"application\/ld+json\" class=\"yoast-schema-graph\">{\"@context\":\"https:\/\/schema.org\",\"@graph\":[{\"@type\":\"Article\",\"@id\":\"https:\/\/now-news.de\/de\/deutschland\/gruende-fuer-den-russischen-vorstoss-ins-gebiet-sumy\/#article\",\"isPartOf\":{\"@id\":\"https:\/\/now-news.de\/de\/deutschland\/gruende-fuer-den-russischen-vorstoss-ins-gebiet-sumy\/\"},\"author\":{\"name\":\"rtnews\",\"@id\":\"https:\/\/now-news.de\/de\/#\/schema\/person\/fb534a4e865501d8b3285208df34a9b5\"},\"headline\":\"Gr\u00fcnde f\u00fcr den russischen Vorsto\u00df ins Gebiet Sumy\",\"datePublished\":\"2025-03-05T08:43:32+00:00\",\"dateModified\":\"2025-03-05T08:43:32+00:00\",\"mainEntityOfPage\":{\"@id\":\"https:\/\/now-news.de\/de\/deutschland\/gruende-fuer-den-russischen-vorstoss-ins-gebiet-sumy\/\"},\"wordCount\":1235,\"commentCount\":0,\"publisher\":{\"@id\":\"https:\/\/now-news.de\/de\/#organization\"},\"image\":{\"@id\":\"https:\/\/now-news.de\/de\/deutschland\/gruende-fuer-den-russischen-vorstoss-ins-gebiet-sumy\/#primaryimage\"},\"thumbnailUrl\":\"https:\/\/now-news.de\/de\/wp-content\/uploads\/sites\/3\/2025\/03\/Gruende-fuer-den-russischen-Vorstoss-ins-Gebiet-Sumy.jpg\",\"keywords\":[\"den\",\"f\u00fcr\",\"Gebiet\",\"Gr\u00fcnde\",\"ins\",\"russischen\",\"sumy\",\"Vorsto\u00df\"],\"articleSection\":[\"Deutschland\",\"Russland\"],\"inLanguage\":\"de\",\"potentialAction\":[{\"@type\":\"CommentAction\",\"name\":\"Comment\",\"target\":[\"https:\/\/now-news.de\/de\/deutschland\/gruende-fuer-den-russischen-vorstoss-ins-gebiet-sumy\/#respond\"]}]},{\"@type\":\"WebPage\",\"@id\":\"https:\/\/now-news.de\/de\/deutschland\/gruende-fuer-den-russischen-vorstoss-ins-gebiet-sumy\/\",\"url\":\"https:\/\/now-news.de\/de\/deutschland\/gruende-fuer-den-russischen-vorstoss-ins-gebiet-sumy\/\",\"name\":\"Gr\u00fcnde f\u00fcr den russischen Vorsto\u00df ins Gebiet Sumy - just-now.NEWS Deutschland\",\"isPartOf\":{\"@id\":\"https:\/\/now-news.de\/de\/#website\"},\"primaryImageOfPage\":{\"@id\":\"https:\/\/now-news.de\/de\/deutschland\/gruende-fuer-den-russischen-vorstoss-ins-gebiet-sumy\/#primaryimage\"},\"image\":{\"@id\":\"https:\/\/now-news.de\/de\/deutschland\/gruende-fuer-den-russischen-vorstoss-ins-gebiet-sumy\/#primaryimage\"},\"thumbnailUrl\":\"https:\/\/now-news.de\/de\/wp-content\/uploads\/sites\/3\/2025\/03\/Gruende-fuer-den-russischen-Vorstoss-ins-Gebiet-Sumy.jpg\",\"datePublished\":\"2025-03-05T08:43:32+00:00\",\"dateModified\":\"2025-03-05T08:43:32+00:00\",\"breadcrumb\":{\"@id\":\"https:\/\/now-news.de\/de\/deutschland\/gruende-fuer-den-russischen-vorstoss-ins-gebiet-sumy\/#breadcrumb\"},\"inLanguage\":\"de\",\"potentialAction\":[{\"@type\":\"ReadAction\",\"target\":[\"https:\/\/now-news.de\/de\/deutschland\/gruende-fuer-den-russischen-vorstoss-ins-gebiet-sumy\/\"]}]},{\"@type\":\"ImageObject\",\"inLanguage\":\"de\",\"@id\":\"https:\/\/now-news.de\/de\/deutschland\/gruende-fuer-den-russischen-vorstoss-ins-gebiet-sumy\/#primaryimage\",\"url\":\"https:\/\/now-news.de\/de\/wp-content\/uploads\/sites\/3\/2025\/03\/Gruende-fuer-den-russischen-Vorstoss-ins-Gebiet-Sumy.jpg\",\"contentUrl\":\"https:\/\/now-news.de\/de\/wp-content\/uploads\/sites\/3\/2025\/03\/Gruende-fuer-den-russischen-Vorstoss-ins-Gebiet-Sumy.jpg\",\"width\":460,\"height\":259,\"caption\":\"Gr\u00fcnde f\u00fcr den russischen Vorsto\u00df ins Gebiet Sumy\"},{\"@type\":\"BreadcrumbList\",\"@id\":\"https:\/\/now-news.de\/de\/deutschland\/gruende-fuer-den-russischen-vorstoss-ins-gebiet-sumy\/#breadcrumb\",\"itemListElement\":[{\"@type\":\"ListItem\",\"position\":1,\"name\":\"Home\",\"item\":\"https:\/\/now-news.de\/de\/\"},{\"@type\":\"ListItem\",\"position\":2,\"name\":\"Gr\u00fcnde f\u00fcr den russischen Vorsto\u00df ins Gebiet Sumy\"}]},{\"@type\":\"WebSite\",\"@id\":\"https:\/\/now-news.de\/de\/#website\",\"url\":\"https:\/\/now-news.de\/de\/\",\"name\":\"just-now.NEWS Deutschland\",\"description\":\"Das Portal f\u00fcr unzensierte Nachrichten aus der Welt\",\"publisher\":{\"@id\":\"https:\/\/now-news.de\/de\/#organization\"},\"potentialAction\":[{\"@type\":\"SearchAction\",\"target\":{\"@type\":\"EntryPoint\",\"urlTemplate\":\"https:\/\/now-news.de\/de\/?s={search_term_string}\"},\"query-input\":\"required name=search_term_string\"}],\"inLanguage\":\"de\"},{\"@type\":\"Organization\",\"@id\":\"https:\/\/now-news.de\/de\/#organization\",\"name\":\"Just Now News\",\"url\":\"https:\/\/now-news.de\/de\/\",\"logo\":{\"@type\":\"ImageObject\",\"inLanguage\":\"de\",\"@id\":\"https:\/\/now-news.de\/de\/#\/schema\/logo\/image\/\",\"url\":\"http:\/\/just-now.news\/de\/wp-content\/uploads\/sites\/3\/2022\/04\/logo500x500.jpg\",\"contentUrl\":\"http:\/\/just-now.news\/de\/wp-content\/uploads\/sites\/3\/2022\/04\/logo500x500.jpg\",\"width\":500,\"height\":500,\"caption\":\"Just Now News\"},\"image\":{\"@id\":\"https:\/\/now-news.de\/de\/#\/schema\/logo\/image\/\"},\"sameAs\":[\"https:\/\/www.facebook.com\/wirmachenauf\",\"https:\/\/x.com\/WirMachenAuf_de\"]},{\"@type\":\"Person\",\"@id\":\"https:\/\/now-news.de\/de\/#\/schema\/person\/fb534a4e865501d8b3285208df34a9b5\",\"name\":\"rtnews\",\"image\":{\"@type\":\"ImageObject\",\"inLanguage\":\"de\",\"@id\":\"https:\/\/now-news.de\/de\/#\/schema\/person\/image\/\",\"url\":\"https:\/\/secure.gravatar.com\/avatar\/82aafea7d8127119dd649515f56e2117?s=96&d=mm&r=g\",\"contentUrl\":\"https:\/\/secure.gravatar.com\/avatar\/82aafea7d8127119dd649515f56e2117?s=96&d=mm&r=g\",\"caption\":\"rtnews\"},\"url\":\"https:\/\/now-news.de\/de\/author\/rnews\/\"}]}<\/script>\n<!-- \/ Yoast SEO Premium plugin. -->","yoast_head_json":{"title":"Gr\u00fcnde f\u00fcr den russischen Vorsto\u00df ins Gebiet Sumy - just-now.NEWS Deutschland","robots":{"index":"index","follow":"follow","max-snippet":"max-snippet:-1","max-image-preview":"max-image-preview:large","max-video-preview":"max-video-preview:-1"},"canonical":"https:\/\/now-news.de\/de\/deutschland\/gruende-fuer-den-russischen-vorstoss-ins-gebiet-sumy\/","og_locale":"de_DE","og_type":"article","og_title":"Gr\u00fcnde f\u00fcr den russischen Vorsto\u00df ins Gebiet Sumy","og_description":"In den letzten Tagen wurde regelm\u00e4\u00dfig \u00fcber die Aktionen der russischen Streitkr\u00e4fte in der Region Sumy in der Ukraine berichtet. Was bedeutet diese Operation und wie h\u00e4ngt sie mit der Vertreibung der ukrainischen Besatzer aus dem Gebiet Kursk zusammen? Von Jewgeni Krutikow Die russische Armee dr\u00e4ngt den Feind weiterhin systematisch aus der Region Kursk zur\u00fcck. [&hellip;]","og_url":"https:\/\/now-news.de\/de\/deutschland\/gruende-fuer-den-russischen-vorstoss-ins-gebiet-sumy\/","og_site_name":"just-now.NEWS Deutschland","article_publisher":"https:\/\/www.facebook.com\/wirmachenauf","article_published_time":"2025-03-05T08:43:32+00:00","og_image":[{"url":"https:\/\/now-news.de\/de\/wp-content\/uploads\/sites\/3\/2025\/03\/67c8005c48fbef1f3750f055.jpg"}],"author":"rtnews","twitter_card":"summary_large_image","twitter_creator":"@WirMachenAuf_de","twitter_site":"@WirMachenAuf_de","twitter_misc":{"Verfasst von":"rtnews","Gesch\u00e4tzte Lesezeit":"6\u00a0Minuten"},"schema":{"@context":"https:\/\/schema.org","@graph":[{"@type":"Article","@id":"https:\/\/now-news.de\/de\/deutschland\/gruende-fuer-den-russischen-vorstoss-ins-gebiet-sumy\/#article","isPartOf":{"@id":"https:\/\/now-news.de\/de\/deutschland\/gruende-fuer-den-russischen-vorstoss-ins-gebiet-sumy\/"},"author":{"name":"rtnews","@id":"https:\/\/now-news.de\/de\/#\/schema\/person\/fb534a4e865501d8b3285208df34a9b5"},"headline":"Gr\u00fcnde f\u00fcr den russischen Vorsto\u00df ins Gebiet Sumy","datePublished":"2025-03-05T08:43:32+00:00","dateModified":"2025-03-05T08:43:32+00:00","mainEntityOfPage":{"@id":"https:\/\/now-news.de\/de\/deutschland\/gruende-fuer-den-russischen-vorstoss-ins-gebiet-sumy\/"},"wordCount":1235,"commentCount":0,"publisher":{"@id":"https:\/\/now-news.de\/de\/#organization"},"image":{"@id":"https:\/\/now-news.de\/de\/deutschland\/gruende-fuer-den-russischen-vorstoss-ins-gebiet-sumy\/#primaryimage"},"thumbnailUrl":"https:\/\/now-news.de\/de\/wp-content\/uploads\/sites\/3\/2025\/03\/Gruende-fuer-den-russischen-Vorstoss-ins-Gebiet-Sumy.jpg","keywords":["den","f\u00fcr","Gebiet","Gr\u00fcnde","ins","russischen","sumy","Vorsto\u00df"],"articleSection":["Deutschland","Russland"],"inLanguage":"de","potentialAction":[{"@type":"CommentAction","name":"Comment","target":["https:\/\/now-news.de\/de\/deutschland\/gruende-fuer-den-russischen-vorstoss-ins-gebiet-sumy\/#respond"]}]},{"@type":"WebPage","@id":"https:\/\/now-news.de\/de\/deutschland\/gruende-fuer-den-russischen-vorstoss-ins-gebiet-sumy\/","url":"https:\/\/now-news.de\/de\/deutschland\/gruende-fuer-den-russischen-vorstoss-ins-gebiet-sumy\/","name":"Gr\u00fcnde f\u00fcr den russischen Vorsto\u00df ins Gebiet Sumy - just-now.NEWS Deutschland","isPartOf":{"@id":"https:\/\/now-news.de\/de\/#website"},"primaryImageOfPage":{"@id":"https:\/\/now-news.de\/de\/deutschland\/gruende-fuer-den-russischen-vorstoss-ins-gebiet-sumy\/#primaryimage"},"image":{"@id":"https:\/\/now-news.de\/de\/deutschland\/gruende-fuer-den-russischen-vorstoss-ins-gebiet-sumy\/#primaryimage"},"thumbnailUrl":"https:\/\/now-news.de\/de\/wp-content\/uploads\/sites\/3\/2025\/03\/Gruende-fuer-den-russischen-Vorstoss-ins-Gebiet-Sumy.jpg","datePublished":"2025-03-05T08:43:32+00:00","dateModified":"2025-03-05T08:43:32+00:00","breadcrumb":{"@id":"https:\/\/now-news.de\/de\/deutschland\/gruende-fuer-den-russischen-vorstoss-ins-gebiet-sumy\/#breadcrumb"},"inLanguage":"de","potentialAction":[{"@type":"ReadAction","target":["https:\/\/now-news.de\/de\/deutschland\/gruende-fuer-den-russischen-vorstoss-ins-gebiet-sumy\/"]}]},{"@type":"ImageObject","inLanguage":"de","@id":"https:\/\/now-news.de\/de\/deutschland\/gruende-fuer-den-russischen-vorstoss-ins-gebiet-sumy\/#primaryimage","url":"https:\/\/now-news.de\/de\/wp-content\/uploads\/sites\/3\/2025\/03\/Gruende-fuer-den-russischen-Vorstoss-ins-Gebiet-Sumy.jpg","contentUrl":"https:\/\/now-news.de\/de\/wp-content\/uploads\/sites\/3\/2025\/03\/Gruende-fuer-den-russischen-Vorstoss-ins-Gebiet-Sumy.jpg","width":460,"height":259,"caption":"Gr\u00fcnde f\u00fcr den russischen Vorsto\u00df ins Gebiet Sumy"},{"@type":"BreadcrumbList","@id":"https:\/\/now-news.de\/de\/deutschland\/gruende-fuer-den-russischen-vorstoss-ins-gebiet-sumy\/#breadcrumb","itemListElement":[{"@type":"ListItem","position":1,"name":"Home","item":"https:\/\/now-news.de\/de\/"},{"@type":"ListItem","position":2,"name":"Gr\u00fcnde f\u00fcr den russischen Vorsto\u00df ins Gebiet Sumy"}]},{"@type":"WebSite","@id":"https:\/\/now-news.de\/de\/#website","url":"https:\/\/now-news.de\/de\/","name":"just-now.NEWS Deutschland","description":"Das Portal f\u00fcr unzensierte Nachrichten aus der Welt","publisher":{"@id":"https:\/\/now-news.de\/de\/#organization"},"potentialAction":[{"@type":"SearchAction","target":{"@type":"EntryPoint","urlTemplate":"https:\/\/now-news.de\/de\/?s={search_term_string}"},"query-input":"required name=search_term_string"}],"inLanguage":"de"},{"@type":"Organization","@id":"https:\/\/now-news.de\/de\/#organization","name":"Just Now News","url":"https:\/\/now-news.de\/de\/","logo":{"@type":"ImageObject","inLanguage":"de","@id":"https:\/\/now-news.de\/de\/#\/schema\/logo\/image\/","url":"http:\/\/just-now.news\/de\/wp-content\/uploads\/sites\/3\/2022\/04\/logo500x500.jpg","contentUrl":"http:\/\/just-now.news\/de\/wp-content\/uploads\/sites\/3\/2022\/04\/logo500x500.jpg","width":500,"height":500,"caption":"Just Now News"},"image":{"@id":"https:\/\/now-news.de\/de\/#\/schema\/logo\/image\/"},"sameAs":["https:\/\/www.facebook.com\/wirmachenauf","https:\/\/x.com\/WirMachenAuf_de"]},{"@type":"Person","@id":"https:\/\/now-news.de\/de\/#\/schema\/person\/fb534a4e865501d8b3285208df34a9b5","name":"rtnews","image":{"@type":"ImageObject","inLanguage":"de","@id":"https:\/\/now-news.de\/de\/#\/schema\/person\/image\/","url":"https:\/\/secure.gravatar.com\/avatar\/82aafea7d8127119dd649515f56e2117?s=96&d=mm&r=g","contentUrl":"https:\/\/secure.gravatar.com\/avatar\/82aafea7d8127119dd649515f56e2117?s=96&d=mm&r=g","caption":"rtnews"},"url":"https:\/\/now-news.de\/de\/author\/rnews\/"}]}},"_links":{"self":[{"href":"https:\/\/now-news.de\/de\/wp-json\/wp\/v2\/posts\/79687"}],"collection":[{"href":"https:\/\/now-news.de\/de\/wp-json\/wp\/v2\/posts"}],"about":[{"href":"https:\/\/now-news.de\/de\/wp-json\/wp\/v2\/types\/post"}],"author":[{"embeddable":true,"href":"https:\/\/now-news.de\/de\/wp-json\/wp\/v2\/users\/3"}],"replies":[{"embeddable":true,"href":"https:\/\/now-news.de\/de\/wp-json\/wp\/v2\/comments?post=79687"}],"version-history":[{"count":0,"href":"https:\/\/now-news.de\/de\/wp-json\/wp\/v2\/posts\/79687\/revisions"}],"wp:featuredmedia":[{"embeddable":true,"href":"https:\/\/now-news.de\/de\/wp-json\/wp\/v2\/media\/79688"}],"wp:attachment":[{"href":"https:\/\/now-news.de\/de\/wp-json\/wp\/v2\/media?parent=79687"}],"wp:term":[{"taxonomy":"category","embeddable":true,"href":"https:\/\/now-news.de\/de\/wp-json\/wp\/v2\/categories?post=79687"},{"taxonomy":"post_tag","embeddable":true,"href":"https:\/\/now-news.de\/de\/wp-json\/wp\/v2\/tags?post=79687"}],"curies":[{"name":"wp","href":"https:\/\/api.w.org\/{rel}","templated":true}]}}