{"id":79649,"date":"2025-03-04T17:51:27","date_gmt":"2025-03-04T15:51:27","guid":{"rendered":"https:\/\/now-news.de\/de\/deutschland\/woher-stammen-die-meisten-asylbewerber-in-oesterreich\/"},"modified":"2025-03-04T17:51:27","modified_gmt":"2025-03-04T15:51:27","slug":"woher-stammen-die-meisten-asylbewerber-in-oesterreich","status":"publish","type":"post","link":"https:\/\/now-news.de\/de\/deutschland\/woher-stammen-die-meisten-asylbewerber-in-oesterreich\/","title":{"rendered":"Woher stammen die meisten Asylbewerber in \u00d6sterreich?"},"content":{"rendered":"<p><img decoding=\"async\" src=\"https:\/\/now-news.de\/de\/wp-content\/uploads\/sites\/3\/2025\/03\/67c6f8abb480cc3fc91736e3.jpg\" \/><\/p>\n<div class=\"Text-root Text-type_1 \">\n                Im Januar 2025 wurden in \u00d6sterreich 1.918 Asylantr\u00e4ge gestellt, was einem R\u00fcckgang von 16 Prozent im Vergleich zum Vorjahr entspricht. Afghanen f\u00fchrten die Statistik an, gefolgt von Syrern und Russen (4 Prozent). Die Zahl der positiven Asylentscheidungen sank deutlich, insbesondere f\u00fcr Syrer (minus 98 Prozent).\n            <\/div>\n<p><\/p>\n<div class=\"Text-root Text-type_5 ArticleView-text ViewText-root \">\n<p data-start=\"122\" data-end=\"446\">Im Januar 2025 wurden in \u00d6sterreich 1.918 Asylantr\u00e4ge gestellt \u2013 16 Prozent weniger als im Vorjahr. Die meisten Antr\u00e4ge kamen von Afghanen (33 Prozent), dicht gefolgt von Syrern (32 Prozent). Auf Platz drei lagen Russen mit einem Anteil von 4 Prozent. Auff\u00e4llig: Mehr als die H\u00e4lfte der Antr\u00e4ge (54 Prozent) betraf Kinder.<\/p>\n<p data-start=\"122\" data-end=\"446\"><strong>Deutlich weniger positive Asylbescheide<\/strong><\/p>\n<p data-start=\"495\" data-end=\"785\">Die Zahl der gew\u00e4hrten Asylantr\u00e4ge und Schutzgew\u00e4hrungen ist massiv gesunken. Im Januar 2025 gab es nur 538 positive Entscheidungen \u2013 ein R\u00fcckgang von 73 Prozent im Vergleich zum Vorjahr. Besonders stark betroffen sind Syrer: Hier brach die Zahl der positiven Bescheide um 98 Prozent ein.<\/p>\n<p data-start=\"787\" data-end=\"1015\">Den gr\u00f6\u00dften Anteil der positiven Entscheidungen erhielten Afghanen (329), gefolgt von Somaliern (74) und Iranern (24). Syrer, die jahrelang die Statistik anf\u00fchrten, fielen mit nur 23 positiven Bescheiden auf Platz vier zur\u00fcck.<\/p>\n<p data-start=\"1062\" data-end=\"1343\">Mit rund 1.900 Asylantr\u00e4gen im Januar 2025 liegt \u00d6sterreich im EU-Vergleich auf Platz 8. Nur ein Drittel der Antr\u00e4ge kam von neu eingereisten Asylbewerbern. Auf Familienzusammenf\u00fchrungen entfielen 12 Prozent, auf Mehrfachantr\u00e4ge 31 Prozent und auf nachgeborene Kinder 24 Prozent.<\/p>\n<p data-start=\"1380\" data-end=\"1670\">Der \u00d6sterreichische Integrationsfonds (\u00d6IF) <a rel=\"nofollow noopener\" target=\"_blank\" href=\"https:\/\/www.integrationsfonds.at\/newsbeitrag\/neue-zahlen-daten-und-fakten-zu-asyl-und-migration-im-oeif-bulletin-20249\/#:~:text=Im%20J%C3%A4nner%202025%20wurden%20in%20%C3%96sterreich%201.918%20Asylantr%C3%A4ge%20gestellt%2C%20was,Prozent%20der%20Antr%C3%A4ge%20betrafen%20Kinder.\">ver\u00f6ffentlicht<\/a> regelm\u00e4\u00dfig aktuelle Daten zu Asyl, Migration und Integration. Die Zahlen umfassen auch Themen wie Erwerbslosigkeit, Bev\u00f6lkerungsentwicklung und Einb\u00fcrgerungen \u2013 eine wichtige Grundlage f\u00fcr eine faktenbasierte \u00f6ffentliche Debatte.<\/p>\n<p data-start=\"1380\" data-end=\"1670\"><strong>Mehr zum Thema<\/strong>\u00a0\u2013\u00a0<a rel=\"nofollow noopener\" target=\"_blank\" href=\"https:\/\/freedert.online\/oesterreich\/236872-drittel-oesterreicher-fordert-neuwahlen-fpoe\/\">Ein Drittel der \u00d6sterreicher fordert Neuwahlen: FP\u00d6 profitiert in Umfragen<\/a><\/p>\n<div class=\"EmbedBlock-root EmbedBlock-externalVideo EmbedBlock-rumble\">\n<div class=\"VkEmbed\"><iframe class=\"lazyload\" data-src=\"https:\/\/rumble.com\/embed\/v6bnw27\" frameborder=\"0\" width=\"853\" height=\"480\" allowfullscreen><\/iframe><\/div>\n<\/div>\n<\/div>\n<p><br \/>\n<br \/><a href=\"https:\/\/de.rt.com\/oesterreich\/238617-woher-stammen-meisten-asylbewerber-in\/\">Source link <\/a><\/p>\n","protected":false},"excerpt":{"rendered":"<p>Im Januar 2025 wurden in \u00d6sterreich 1.918 Asylantr\u00e4ge gestellt, was einem R\u00fcckgang von 16 Prozent im Vergleich zum Vorjahr entspricht. Afghanen f\u00fchrten die Statistik an, gefolgt von Syrern und Russen (4 Prozent). Die Zahl der positiven Asylentscheidungen sank deutlich, insbesondere f\u00fcr Syrer (minus 98 Prozent). Im Januar 2025 wurden in \u00d6sterreich 1.918 Asylantr\u00e4ge gestellt \u2013 [&hellip;]<\/p>\n","protected":false},"author":3,"featured_media":79650,"comment_status":"open","ping_status":"open","sticky":false,"template":"","format":"standard","meta":{"_yoast_indexnow_last_ping":["1741103946"],"wp_automatic_camp":["217"],"e665b647af29d154e7f8d20542cdac57":["Woher stammen die meisten Asylbewerber in \u00d6sterreich?"],"original_link":["https:\/\/de.rt.com\/oesterreich\/238617-woher-stammen-meisten-asylbewerber-in\/"],"_thumbnail_id":["79650"],"jnews_social_counter_last_update":["1777589525"],"_wptgpro_p2tg_sent2tg":["a:1:{i:23737;s:19:\"2025-03-04 18:00:11\";}"]},"categories":[19,23],"tags":[36804,45,22491,7290,37189,63205],"yoast_head":"<!-- This site is optimized with the Yoast SEO Premium plugin v22.7 (Yoast SEO v22.7) - https:\/\/yoast.com\/wordpress\/plugins\/seo\/ -->\n<title>Woher stammen die meisten Asylbewerber in \u00d6sterreich? - just-now.NEWS Deutschland<\/title>\n<meta name=\"robots\" content=\"index, follow, max-snippet:-1, max-image-preview:large, max-video-preview:-1\" \/>\n<link rel=\"canonical\" href=\"https:\/\/now-news.de\/de\/deutschland\/woher-stammen-die-meisten-asylbewerber-in-oesterreich\/\" \/>\n<meta property=\"og:locale\" content=\"de_DE\" \/>\n<meta property=\"og:type\" content=\"article\" \/>\n<meta property=\"og:title\" content=\"Woher stammen die meisten Asylbewerber in \u00d6sterreich?\" \/>\n<meta property=\"og:description\" content=\"Im Januar 2025 wurden in \u00d6sterreich 1.918 Asylantr\u00e4ge gestellt, was einem R\u00fcckgang von 16 Prozent im Vergleich zum Vorjahr entspricht. Afghanen f\u00fchrten die Statistik an, gefolgt von Syrern und Russen (4 Prozent). Die Zahl der positiven Asylentscheidungen sank deutlich, insbesondere f\u00fcr Syrer (minus 98 Prozent). Im Januar 2025 wurden in \u00d6sterreich 1.918 Asylantr\u00e4ge gestellt \u2013 [&hellip;]\" \/>\n<meta property=\"og:url\" content=\"https:\/\/now-news.de\/de\/deutschland\/woher-stammen-die-meisten-asylbewerber-in-oesterreich\/\" \/>\n<meta property=\"og:site_name\" content=\"just-now.NEWS Deutschland\" \/>\n<meta property=\"article:publisher\" content=\"https:\/\/www.facebook.com\/wirmachenauf\" \/>\n<meta property=\"article:published_time\" content=\"2025-03-04T15:51:27+00:00\" \/>\n<meta property=\"og:image\" content=\"https:\/\/now-news.de\/de\/wp-content\/uploads\/sites\/3\/2025\/03\/67c6f8abb480cc3fc91736e3.jpg\" \/>\n<meta name=\"author\" content=\"rtnews\" \/>\n<meta name=\"twitter:card\" content=\"summary_large_image\" \/>\n<meta name=\"twitter:creator\" content=\"@WirMachenAuf_de\" \/>\n<meta name=\"twitter:site\" content=\"@WirMachenAuf_de\" \/>\n<meta name=\"twitter:label1\" content=\"Verfasst von\" \/>\n\t<meta name=\"twitter:data1\" content=\"rtnews\" \/>\n\t<meta name=\"twitter:label2\" content=\"Gesch\u00e4tzte Lesezeit\" \/>\n\t<meta name=\"twitter:data2\" content=\"1\u00a0Minute\" \/>\n<script type=\"application\/ld+json\" class=\"yoast-schema-graph\">{\"@context\":\"https:\/\/schema.org\",\"@graph\":[{\"@type\":\"Article\",\"@id\":\"https:\/\/now-news.de\/de\/deutschland\/woher-stammen-die-meisten-asylbewerber-in-oesterreich\/#article\",\"isPartOf\":{\"@id\":\"https:\/\/now-news.de\/de\/deutschland\/woher-stammen-die-meisten-asylbewerber-in-oesterreich\/\"},\"author\":{\"name\":\"rtnews\",\"@id\":\"https:\/\/now-news.de\/de\/#\/schema\/person\/fb534a4e865501d8b3285208df34a9b5\"},\"headline\":\"Woher stammen die meisten Asylbewerber in \u00d6sterreich?\",\"datePublished\":\"2025-03-04T15:51:27+00:00\",\"dateModified\":\"2025-03-04T15:51:27+00:00\",\"mainEntityOfPage\":{\"@id\":\"https:\/\/now-news.de\/de\/deutschland\/woher-stammen-die-meisten-asylbewerber-in-oesterreich\/\"},\"wordCount\":268,\"commentCount\":0,\"publisher\":{\"@id\":\"https:\/\/now-news.de\/de\/#organization\"},\"image\":{\"@id\":\"https:\/\/now-news.de\/de\/deutschland\/woher-stammen-die-meisten-asylbewerber-in-oesterreich\/#primaryimage\"},\"thumbnailUrl\":\"https:\/\/now-news.de\/de\/wp-content\/uploads\/sites\/3\/2025\/03\/Woher-stammen-die-meisten-Asylbewerber-in-Oesterreich.jpg\",\"keywords\":[\"Asylbewerber\",\"die\",\"meisten\",\"\u00d6sterreich\",\"stammen\",\"Woher\"],\"articleSection\":[\"Deutschland\",\"Russland\"],\"inLanguage\":\"de\",\"potentialAction\":[{\"@type\":\"CommentAction\",\"name\":\"Comment\",\"target\":[\"https:\/\/now-news.de\/de\/deutschland\/woher-stammen-die-meisten-asylbewerber-in-oesterreich\/#respond\"]}]},{\"@type\":\"WebPage\",\"@id\":\"https:\/\/now-news.de\/de\/deutschland\/woher-stammen-die-meisten-asylbewerber-in-oesterreich\/\",\"url\":\"https:\/\/now-news.de\/de\/deutschland\/woher-stammen-die-meisten-asylbewerber-in-oesterreich\/\",\"name\":\"Woher stammen die meisten Asylbewerber in \u00d6sterreich? - just-now.NEWS Deutschland\",\"isPartOf\":{\"@id\":\"https:\/\/now-news.de\/de\/#website\"},\"primaryImageOfPage\":{\"@id\":\"https:\/\/now-news.de\/de\/deutschland\/woher-stammen-die-meisten-asylbewerber-in-oesterreich\/#primaryimage\"},\"image\":{\"@id\":\"https:\/\/now-news.de\/de\/deutschland\/woher-stammen-die-meisten-asylbewerber-in-oesterreich\/#primaryimage\"},\"thumbnailUrl\":\"https:\/\/now-news.de\/de\/wp-content\/uploads\/sites\/3\/2025\/03\/Woher-stammen-die-meisten-Asylbewerber-in-Oesterreich.jpg\",\"datePublished\":\"2025-03-04T15:51:27+00:00\",\"dateModified\":\"2025-03-04T15:51:27+00:00\",\"breadcrumb\":{\"@id\":\"https:\/\/now-news.de\/de\/deutschland\/woher-stammen-die-meisten-asylbewerber-in-oesterreich\/#breadcrumb\"},\"inLanguage\":\"de\",\"potentialAction\":[{\"@type\":\"ReadAction\",\"target\":[\"https:\/\/now-news.de\/de\/deutschland\/woher-stammen-die-meisten-asylbewerber-in-oesterreich\/\"]}]},{\"@type\":\"ImageObject\",\"inLanguage\":\"de\",\"@id\":\"https:\/\/now-news.de\/de\/deutschland\/woher-stammen-die-meisten-asylbewerber-in-oesterreich\/#primaryimage\",\"url\":\"https:\/\/now-news.de\/de\/wp-content\/uploads\/sites\/3\/2025\/03\/Woher-stammen-die-meisten-Asylbewerber-in-Oesterreich.jpg\",\"contentUrl\":\"https:\/\/now-news.de\/de\/wp-content\/uploads\/sites\/3\/2025\/03\/Woher-stammen-die-meisten-Asylbewerber-in-Oesterreich.jpg\",\"width\":460,\"height\":259,\"caption\":\"Woher stammen die meisten Asylbewerber in \u00d6sterreich?\"},{\"@type\":\"BreadcrumbList\",\"@id\":\"https:\/\/now-news.de\/de\/deutschland\/woher-stammen-die-meisten-asylbewerber-in-oesterreich\/#breadcrumb\",\"itemListElement\":[{\"@type\":\"ListItem\",\"position\":1,\"name\":\"Home\",\"item\":\"https:\/\/now-news.de\/de\/\"},{\"@type\":\"ListItem\",\"position\":2,\"name\":\"Woher stammen die meisten Asylbewerber in \u00d6sterreich?\"}]},{\"@type\":\"WebSite\",\"@id\":\"https:\/\/now-news.de\/de\/#website\",\"url\":\"https:\/\/now-news.de\/de\/\",\"name\":\"just-now.NEWS Deutschland\",\"description\":\"Das Portal f\u00fcr unzensierte Nachrichten aus der Welt\",\"publisher\":{\"@id\":\"https:\/\/now-news.de\/de\/#organization\"},\"potentialAction\":[{\"@type\":\"SearchAction\",\"target\":{\"@type\":\"EntryPoint\",\"urlTemplate\":\"https:\/\/now-news.de\/de\/?s={search_term_string}\"},\"query-input\":\"required name=search_term_string\"}],\"inLanguage\":\"de\"},{\"@type\":\"Organization\",\"@id\":\"https:\/\/now-news.de\/de\/#organization\",\"name\":\"Just Now News\",\"url\":\"https:\/\/now-news.de\/de\/\",\"logo\":{\"@type\":\"ImageObject\",\"inLanguage\":\"de\",\"@id\":\"https:\/\/now-news.de\/de\/#\/schema\/logo\/image\/\",\"url\":\"http:\/\/just-now.news\/de\/wp-content\/uploads\/sites\/3\/2022\/04\/logo500x500.jpg\",\"contentUrl\":\"http:\/\/just-now.news\/de\/wp-content\/uploads\/sites\/3\/2022\/04\/logo500x500.jpg\",\"width\":500,\"height\":500,\"caption\":\"Just Now News\"},\"image\":{\"@id\":\"https:\/\/now-news.de\/de\/#\/schema\/logo\/image\/\"},\"sameAs\":[\"https:\/\/www.facebook.com\/wirmachenauf\",\"https:\/\/x.com\/WirMachenAuf_de\"]},{\"@type\":\"Person\",\"@id\":\"https:\/\/now-news.de\/de\/#\/schema\/person\/fb534a4e865501d8b3285208df34a9b5\",\"name\":\"rtnews\",\"image\":{\"@type\":\"ImageObject\",\"inLanguage\":\"de\",\"@id\":\"https:\/\/now-news.de\/de\/#\/schema\/person\/image\/\",\"url\":\"https:\/\/secure.gravatar.com\/avatar\/82aafea7d8127119dd649515f56e2117?s=96&d=mm&r=g\",\"contentUrl\":\"https:\/\/secure.gravatar.com\/avatar\/82aafea7d8127119dd649515f56e2117?s=96&d=mm&r=g\",\"caption\":\"rtnews\"},\"url\":\"https:\/\/now-news.de\/de\/author\/rnews\/\"}]}<\/script>\n<!-- \/ Yoast SEO Premium plugin. -->","yoast_head_json":{"title":"Woher stammen die meisten Asylbewerber in \u00d6sterreich? - just-now.NEWS Deutschland","robots":{"index":"index","follow":"follow","max-snippet":"max-snippet:-1","max-image-preview":"max-image-preview:large","max-video-preview":"max-video-preview:-1"},"canonical":"https:\/\/now-news.de\/de\/deutschland\/woher-stammen-die-meisten-asylbewerber-in-oesterreich\/","og_locale":"de_DE","og_type":"article","og_title":"Woher stammen die meisten Asylbewerber in \u00d6sterreich?","og_description":"Im Januar 2025 wurden in \u00d6sterreich 1.918 Asylantr\u00e4ge gestellt, was einem R\u00fcckgang von 16 Prozent im Vergleich zum Vorjahr entspricht. Afghanen f\u00fchrten die Statistik an, gefolgt von Syrern und Russen (4 Prozent). Die Zahl der positiven Asylentscheidungen sank deutlich, insbesondere f\u00fcr Syrer (minus 98 Prozent). Im Januar 2025 wurden in \u00d6sterreich 1.918 Asylantr\u00e4ge gestellt \u2013 [&hellip;]","og_url":"https:\/\/now-news.de\/de\/deutschland\/woher-stammen-die-meisten-asylbewerber-in-oesterreich\/","og_site_name":"just-now.NEWS Deutschland","article_publisher":"https:\/\/www.facebook.com\/wirmachenauf","article_published_time":"2025-03-04T15:51:27+00:00","og_image":[{"url":"https:\/\/now-news.de\/de\/wp-content\/uploads\/sites\/3\/2025\/03\/67c6f8abb480cc3fc91736e3.jpg"}],"author":"rtnews","twitter_card":"summary_large_image","twitter_creator":"@WirMachenAuf_de","twitter_site":"@WirMachenAuf_de","twitter_misc":{"Verfasst von":"rtnews","Gesch\u00e4tzte Lesezeit":"1\u00a0Minute"},"schema":{"@context":"https:\/\/schema.org","@graph":[{"@type":"Article","@id":"https:\/\/now-news.de\/de\/deutschland\/woher-stammen-die-meisten-asylbewerber-in-oesterreich\/#article","isPartOf":{"@id":"https:\/\/now-news.de\/de\/deutschland\/woher-stammen-die-meisten-asylbewerber-in-oesterreich\/"},"author":{"name":"rtnews","@id":"https:\/\/now-news.de\/de\/#\/schema\/person\/fb534a4e865501d8b3285208df34a9b5"},"headline":"Woher stammen die meisten Asylbewerber in \u00d6sterreich?","datePublished":"2025-03-04T15:51:27+00:00","dateModified":"2025-03-04T15:51:27+00:00","mainEntityOfPage":{"@id":"https:\/\/now-news.de\/de\/deutschland\/woher-stammen-die-meisten-asylbewerber-in-oesterreich\/"},"wordCount":268,"commentCount":0,"publisher":{"@id":"https:\/\/now-news.de\/de\/#organization"},"image":{"@id":"https:\/\/now-news.de\/de\/deutschland\/woher-stammen-die-meisten-asylbewerber-in-oesterreich\/#primaryimage"},"thumbnailUrl":"https:\/\/now-news.de\/de\/wp-content\/uploads\/sites\/3\/2025\/03\/Woher-stammen-die-meisten-Asylbewerber-in-Oesterreich.jpg","keywords":["Asylbewerber","die","meisten","\u00d6sterreich","stammen","Woher"],"articleSection":["Deutschland","Russland"],"inLanguage":"de","potentialAction":[{"@type":"CommentAction","name":"Comment","target":["https:\/\/now-news.de\/de\/deutschland\/woher-stammen-die-meisten-asylbewerber-in-oesterreich\/#respond"]}]},{"@type":"WebPage","@id":"https:\/\/now-news.de\/de\/deutschland\/woher-stammen-die-meisten-asylbewerber-in-oesterreich\/","url":"https:\/\/now-news.de\/de\/deutschland\/woher-stammen-die-meisten-asylbewerber-in-oesterreich\/","name":"Woher stammen die meisten Asylbewerber in \u00d6sterreich? - just-now.NEWS Deutschland","isPartOf":{"@id":"https:\/\/now-news.de\/de\/#website"},"primaryImageOfPage":{"@id":"https:\/\/now-news.de\/de\/deutschland\/woher-stammen-die-meisten-asylbewerber-in-oesterreich\/#primaryimage"},"image":{"@id":"https:\/\/now-news.de\/de\/deutschland\/woher-stammen-die-meisten-asylbewerber-in-oesterreich\/#primaryimage"},"thumbnailUrl":"https:\/\/now-news.de\/de\/wp-content\/uploads\/sites\/3\/2025\/03\/Woher-stammen-die-meisten-Asylbewerber-in-Oesterreich.jpg","datePublished":"2025-03-04T15:51:27+00:00","dateModified":"2025-03-04T15:51:27+00:00","breadcrumb":{"@id":"https:\/\/now-news.de\/de\/deutschland\/woher-stammen-die-meisten-asylbewerber-in-oesterreich\/#breadcrumb"},"inLanguage":"de","potentialAction":[{"@type":"ReadAction","target":["https:\/\/now-news.de\/de\/deutschland\/woher-stammen-die-meisten-asylbewerber-in-oesterreich\/"]}]},{"@type":"ImageObject","inLanguage":"de","@id":"https:\/\/now-news.de\/de\/deutschland\/woher-stammen-die-meisten-asylbewerber-in-oesterreich\/#primaryimage","url":"https:\/\/now-news.de\/de\/wp-content\/uploads\/sites\/3\/2025\/03\/Woher-stammen-die-meisten-Asylbewerber-in-Oesterreich.jpg","contentUrl":"https:\/\/now-news.de\/de\/wp-content\/uploads\/sites\/3\/2025\/03\/Woher-stammen-die-meisten-Asylbewerber-in-Oesterreich.jpg","width":460,"height":259,"caption":"Woher stammen die meisten Asylbewerber in \u00d6sterreich?"},{"@type":"BreadcrumbList","@id":"https:\/\/now-news.de\/de\/deutschland\/woher-stammen-die-meisten-asylbewerber-in-oesterreich\/#breadcrumb","itemListElement":[{"@type":"ListItem","position":1,"name":"Home","item":"https:\/\/now-news.de\/de\/"},{"@type":"ListItem","position":2,"name":"Woher stammen die meisten Asylbewerber in \u00d6sterreich?"}]},{"@type":"WebSite","@id":"https:\/\/now-news.de\/de\/#website","url":"https:\/\/now-news.de\/de\/","name":"just-now.NEWS Deutschland","description":"Das Portal f\u00fcr unzensierte Nachrichten aus der Welt","publisher":{"@id":"https:\/\/now-news.de\/de\/#organization"},"potentialAction":[{"@type":"SearchAction","target":{"@type":"EntryPoint","urlTemplate":"https:\/\/now-news.de\/de\/?s={search_term_string}"},"query-input":"required name=search_term_string"}],"inLanguage":"de"},{"@type":"Organization","@id":"https:\/\/now-news.de\/de\/#organization","name":"Just Now News","url":"https:\/\/now-news.de\/de\/","logo":{"@type":"ImageObject","inLanguage":"de","@id":"https:\/\/now-news.de\/de\/#\/schema\/logo\/image\/","url":"http:\/\/just-now.news\/de\/wp-content\/uploads\/sites\/3\/2022\/04\/logo500x500.jpg","contentUrl":"http:\/\/just-now.news\/de\/wp-content\/uploads\/sites\/3\/2022\/04\/logo500x500.jpg","width":500,"height":500,"caption":"Just Now News"},"image":{"@id":"https:\/\/now-news.de\/de\/#\/schema\/logo\/image\/"},"sameAs":["https:\/\/www.facebook.com\/wirmachenauf","https:\/\/x.com\/WirMachenAuf_de"]},{"@type":"Person","@id":"https:\/\/now-news.de\/de\/#\/schema\/person\/fb534a4e865501d8b3285208df34a9b5","name":"rtnews","image":{"@type":"ImageObject","inLanguage":"de","@id":"https:\/\/now-news.de\/de\/#\/schema\/person\/image\/","url":"https:\/\/secure.gravatar.com\/avatar\/82aafea7d8127119dd649515f56e2117?s=96&d=mm&r=g","contentUrl":"https:\/\/secure.gravatar.com\/avatar\/82aafea7d8127119dd649515f56e2117?s=96&d=mm&r=g","caption":"rtnews"},"url":"https:\/\/now-news.de\/de\/author\/rnews\/"}]}},"_links":{"self":[{"href":"https:\/\/now-news.de\/de\/wp-json\/wp\/v2\/posts\/79649"}],"collection":[{"href":"https:\/\/now-news.de\/de\/wp-json\/wp\/v2\/posts"}],"about":[{"href":"https:\/\/now-news.de\/de\/wp-json\/wp\/v2\/types\/post"}],"author":[{"embeddable":true,"href":"https:\/\/now-news.de\/de\/wp-json\/wp\/v2\/users\/3"}],"replies":[{"embeddable":true,"href":"https:\/\/now-news.de\/de\/wp-json\/wp\/v2\/comments?post=79649"}],"version-history":[{"count":0,"href":"https:\/\/now-news.de\/de\/wp-json\/wp\/v2\/posts\/79649\/revisions"}],"wp:featuredmedia":[{"embeddable":true,"href":"https:\/\/now-news.de\/de\/wp-json\/wp\/v2\/media\/79650"}],"wp:attachment":[{"href":"https:\/\/now-news.de\/de\/wp-json\/wp\/v2\/media?parent=79649"}],"wp:term":[{"taxonomy":"category","embeddable":true,"href":"https:\/\/now-news.de\/de\/wp-json\/wp\/v2\/categories?post=79649"},{"taxonomy":"post_tag","embeddable":true,"href":"https:\/\/now-news.de\/de\/wp-json\/wp\/v2\/tags?post=79649"}],"curies":[{"name":"wp","href":"https:\/\/api.w.org\/{rel}","templated":true}]}}