{"id":79532,"date":"2025-03-02T16:37:01","date_gmt":"2025-03-02T14:37:01","guid":{"rendered":"https:\/\/now-news.de\/de\/deutschland\/die-muessen-weg-%e2%80%92-bundeswehr-expertin-sucht-wege-fuer-abriss-sowjetischer-ehrenmale-in-deutschland\/"},"modified":"2025-03-02T16:37:01","modified_gmt":"2025-03-02T14:37:01","slug":"die-muessen-weg-%e2%80%92-bundeswehr-expertin-sucht-wege-fuer-abriss-sowjetischer-ehrenmale-in-deutschland","status":"publish","type":"post","link":"https:\/\/now-news.de\/de\/deutschland\/die-muessen-weg-%e2%80%92-bundeswehr-expertin-sucht-wege-fuer-abriss-sowjetischer-ehrenmale-in-deutschland\/","title":{"rendered":"&quot;Die m\u00fcssen weg&quot; \u2012 Bundeswehr-Expertin sucht Wege f\u00fcr Abriss sowjetischer Ehrenmale in Deutschland"},"content":{"rendered":"<p><img decoding=\"async\" src=\"https:\/\/now-news.de\/de\/wp-content\/uploads\/sites\/3\/2025\/03\/67c19a6fb480cc368022137f.JPG\" \/><\/p>\n<div class=\"Text-root Text-type_1 \">\n                Eine Bundeswehr-Wissenschaftlerin pl\u00e4diert in einer Diskussion f\u00fcr die Entfernung sowjetischer Erinnerungsorte aus dem Stadtbild. Dies sei allerdings wegen der &#8220;deutschen Verantwortung&#8221; problematisch. In diesem Dilemma legt sie besonderes Augenmerk auf russische &#8220;Gr\u00e4uel&#8221;.\n            <\/div>\n<p><\/p>\n<div class=\"Text-root Text-type_5 ArticleView-text ViewText-root \">\n<p><em>Voin Wladislaw Sankin<\/em><\/p>\n<p>Das Zentrum f\u00fcr Milit\u00e4rgeschichte und Sozialwissenschaften der Bundeswehr und die DFG-Forschergruppe &#8220;Milit\u00e4rische Gewaltkulturen&#8221; machten mit der Podiumsdiskussion\u00a0am 12. Februar &#8220;die illegitime Gewalt und Gewaltkulturen in russischen wie sowjetischen Kriegen der Vergangenheit und Gegenwart&#8221; zum Thema. Die Videoaufzeichnung der Diskussion hat der YouTube-Kanal des Zentrums am Mittwoch ver\u00f6ffentlicht. Mit dieser hochkar\u00e4tig besetzten\u00a0<a rel=\"nofollow noopener\" target=\"_blank\" href=\"https:\/\/zms.bundeswehr.de\/de\/aktuelles\/veranstaltungen\/illegitime-gewalt-podium-5878080\">Veranstaltung<\/a>\u00a0hat die Bundeswehr offenbar das Interesse an der Korrektur des deutschen Geschichtsbewusstseins bekundet.<\/p>\n<p>In erster Linie\u00a0ging es dabei\u00a0um den Umgang mit dem Sowjet-Erbe im deutschen Geschichtsunterricht und Stadtbild. So kam w\u00e4hrend der Podiumsdiskussion die <a rel=\"nofollow noopener\" target=\"_blank\" href=\"https:\/\/zms.bundeswehr.de\/de\/zmsbw-ueber-uns-ueberblick\/zmsbw-mitarbeiter-janeke-5728774\">wissenschaftliche Angestellte<\/a> bei der Bundeswehr Dr. Kristiane Janeke mehrmals als Expertin f\u00fcr die russische\u00a0Erinnerungskultur zu Wort. Sie \u00e4u\u00dferte Verst\u00e4ndnis f\u00fcr den Impuls, dass man die sowjetischen Ehrenmale in Berlin loswerden wolle, weil sie f\u00fcr angebliche Propagandaaktionen im Ukraine-Krieg benutzt w\u00fcrden.<\/p>\n<p>Die Tatsache, dass &#8220;russische Akteure&#8221; diese Orte f\u00fcr die Rechtfertigung des &#8220;russischen Angriffskrieges gegen die Ukraine&#8221; missbrauchen, ist aus ihrer Sicht inakzeptabel.\u00a0Als solche Erinnerungsorte nannte sie die Ehrenmale in den Berliner Stadtteilen Tiergarten, Sch\u00f6nholz und Treptow als Beispiele. Die Expertin sagte mit Nachdruck, was f\u00fcr sie in der Diskussion wichtig sei:<\/p>\n<blockquote>\n<p><em>&#8220;Der Impuls ist erst mal nachvollziehbar: Die m\u00fcssen weg. Aber das ist nicht so einfach.&#8221;<\/em>\u00a0<\/p>\n<\/blockquote>\n<p>Damit hat sie sich mit den Forderungen aus den Reihen einiger Lokalpolitiker oder Propagandisten der Boulevard-Zeitung <em>Bild<\/em> solidarisiert. Die Ehrenmale loszuwerden sei aber nicht so einfach. Schon wegen des Zwei-plus-Vier-Vertrags ginge es nicht und weil es sich um Soldatenfriedh\u00f6fe handele. Auch die deutsche Verantwortung f\u00fcr das Unternehmen Barbarossa wird von Dr. Janeke als Hemmnis f\u00fcr einen Abriss genannt.<\/p>\n<p>Die deutschen Exzesse im Zweiten Weltkrieg seien nicht minder grausam gewesen als die (gemeint sind wohl: russischen) Exzesse im Ukraine-Krieg. Und der Umgang damit im kulturellen Ged\u00e4chtnis sei eine Herausforderung und ein Problem. In den Mund gelegt hatte ihr diese Haltung schon die Moderatorin\u00a0<a rel=\"nofollow noopener\" target=\"_blank\" href=\"https:\/\/www.uni-potsdam.de\/de\/hi-militaergeschichte\/team\/dr-christina-pschichholz\">Dr. Christin Pschichholz<\/a>\u00a0von der Universit\u00e4t Potsdam, als sie in ihrer Anmoderation einen deutschen Reflex bez\u00fcglich Waffenlieferungen an die Ukraine beklagte: <em>&#8220;Das k\u00f6nnen wir nicht machen, aus der Verantwortung heraus des Zweiten Weltkriegs.&#8221;\u00a0<\/em><\/p>\n<p>Kristiane Janeke betrachtete die Situation \u00e4hnlich. Die Grausamkeit deutscher Kriegsf\u00fchrung im Osten nannte sie f\u00fcr die Auseinandersetzung um das deutsche kulturelle Ged\u00e4chtnis &#8220;eine Herausforderung und nat\u00fcrlich auch ein Problem&#8221;.\u00a0<\/p>\n<p>Die Erfahrungen Polens und der baltischen L\u00e4nder zeigen, dass man sowjetische Denkm\u00e4ler ohne moralisches Wenn und Aber abrei\u00dfen kann, wenn der politische Wille vorliegt. Im Zuge der nach Februar 2022 herbeigef\u00fchrten \u00d6ffnung gegen\u00fcber den &#8220;pluralistischen Erinnerungskulturen&#8221; und &#8220;Gewalterfahrungen im europ\u00e4ischen Kontext&#8221; im deutschen Museumswesen teilten Historiker aus Lettland und Estland ihre Erfahrungen beim Kampf gegen das sowjetische Erbe mit ihren deutschen Kollegen. Diesen legten sie nahe, das Gleiche zu tun\u00a0\u2012 <em>RT DE<\/em>\u00a0<a rel=\"nofollow noopener\" target=\"_blank\" href=\"https:\/\/freedert.online\/meinung\/195475-sieg-ueber-nazismus-bundesregierung-will-russen-kapitulationsmuseum-schmei%C3%9Fen\/\">berichtete<\/a>.<\/p>\n<div class=\"EmbedBlock-root EmbedBlock-twitter\">\n<div class=\"TwitterEmbed\">\n<blockquote class=\"twitter-tweet lazyload\" data-twitter=\"twitter-tweet\">\n<p lang=\"de\" dir=\"ltr\">Die Bundeswehr ist gerade dabei, moralisch-ideologische Grundlagen f\u00fcr den Abriss sowjetischer Denkmale in Deutschland zu finden. Zum einen findet die Gr\u00e4ueltatenumkehr statt. Nun seien die deutschen Gewaltexzesse im Zweiten Weltkrieg einfach nur &#8220;nicht weniger schlimm&#8221; als die\u2026 <a rel=\"nofollow noopener\" target=\"_blank\" href=\"https:\/\/t.co\/DmmeIYeQah\">pic.twitter.com\/DmmeIYeQah<\/a><\/p>\n<p>\u2014 Wlad Sankin (@wladsan) <a rel=\"nofollow noopener\" target=\"_blank\" href=\"https:\/\/twitter.com\/wladsan\/status\/1895471340993286392?ref_src=twsrc%5Etfw\">February 28, 2025<\/a><\/p><\/blockquote>\n<\/div>\n<\/div>\n<p>In den einzelnen St\u00e4dten Deutschlands tobt mitunter ein regelrechter Kulturkampf um die sowjetischen Erinnerungsst\u00e4tten. So wurden nach dem russischen Einmarsch in der Ukraine 2022 die Forderungen laut, das sowjetische Ehrenmal in Dresden am Olbrichtplatz abzurei\u00dfen. Nach einer langen Debatte wurde entschieden: Das sanierungsbed\u00fcrftige Ehrenmal bleibt stehen. Was aber stattfindet, ist, mit \u00fcppigen staatlichen Geldern gef\u00f6rderte ideologische Umwertung der Aussagen des Ehrenmals.\u00a0Dazu teilte das Kunsthaus Dresden noch 2023 mit (<a rel=\"nofollow noopener\" target=\"_blank\" href=\"https:\/\/www.jungewelt.de\/artikel\/493934.sowjetische-denkmale-gitler-kaput.html\">zitiert<\/a>\u00a0gem\u00e4\u00df der Zeitung\u00a0<em>Junge Welt<\/em>):<\/p>\n<blockquote>\n<p><em>&#8220;Seit dem Einmarsch Russlands in die Ukraine ist in vielen L\u00e4ndern die Debatte um sowjetische Denkm\u00e4ler entbrannt \u2013 und auch in Deutschland gab es Forderungen zum Abriss sowjetischer Ehrenmale, so auch [\u2026] in Dresden. [\u2026] Ebenso wie die militaristische Formensprache wirft auch die Einordnung des Denkmals wie auch des 8. Mai als Tag der Befreiung Fragen auf, die f\u00fcr eine zuk\u00fcnftige Kontextualisierung von Bedeutung sind \u2013 nicht zuletzt vor dem Hintergrund einer pluralistischen Erinnerungskultur in Europa und einem differenzierten Erinnern der Gewaltgeschichte Ostmittel- und Osteuropas im 20. Jahrhundert.&#8221;<\/em><\/p>\n<\/blockquote>\n<p>Dieses ausf\u00fchrlich wiedergegebene Zitat beinhaltet das ganze Instrumentarium der neuen geschichtsrevisionistischen Technik mit ihrem wichtigsten Bestandteil, &#8220;differenziertem Erinnern&#8221; in Ostmitteleuropa. Nun sieht sich auch die Bundeswehr dazu berufen, das &#8220;Problem&#8221; mit dem sowjetisch gepr\u00e4gten Erbe des Gedenkens zu l\u00f6sen. Mit dem Begriff &#8220;russisch-sowjetische illegitime Gewalt&#8221; wird von bundeswehrnahen Historikern ein Fundament gelegt, das k\u00fcnftig erm\u00f6glichen w\u00fcrde, die deutschen Verbrechen im Vernichtungskrieg gegen die Sowjetunion durch angebliche &#8220;russische Verbrechen&#8221; moralisch auszugleichen. Letztere werden mitunter als neue Messlatte f\u00fcr Gr\u00e4uel festgelegt.\u00a0<\/p>\n<p><strong>Mehr zum Thema<\/strong>\u00a0\u2012 <a rel=\"nofollow noopener\" target=\"_blank\" href=\"https:\/\/freedert.online\/meinung\/236257-kriegstuechtigkeit-ohne-feind-deutschland-zwischen-dekadenz-aufruestung\/\">Kriegst\u00fcchtigkeit ohne Feind: Deutschland zwischen Dekadenz und Aufr\u00fcstung<\/a><\/p>\n<div class=\"EmbedBlock-root EmbedBlock-externalVideo EmbedBlock-rumble\">\n<div class=\"VkEmbed\"><iframe class=\"lazyload\" data-src=\"https:\/\/rumble.com\/embed\/v6jnved\" frameborder=\"0\" width=\"853\" height=\"480\" allowfullscreen><\/iframe><\/div>\n<\/div>\n<\/div>\n<p><script async src=\"https:\/\/platform.twitter.com\/widgets.js\" charset=\"utf-8\"><\/script><br \/>\n<br \/><br \/>\n<br \/><a href=\"https:\/\/de.rt.com\/inland\/238274-muessen-weg-bundeswehr-expertin-sucht-fuer-abriss-sowjetischer-ehrenmale-in-deutschland\/\">Source link <\/a><\/p>\n","protected":false},"excerpt":{"rendered":"<p>Eine Bundeswehr-Wissenschaftlerin pl\u00e4diert in einer Diskussion f\u00fcr die Entfernung sowjetischer Erinnerungsorte aus dem Stadtbild. Dies sei allerdings wegen der &#8220;deutschen Verantwortung&#8221; problematisch. In diesem Dilemma legt sie besonderes Augenmerk auf russische &#8220;Gr\u00e4uel&#8221;. Voin Wladislaw Sankin Das Zentrum f\u00fcr Milit\u00e4rgeschichte und Sozialwissenschaften der Bundeswehr und die DFG-Forschergruppe &#8220;Milit\u00e4rische Gewaltkulturen&#8221; machten mit der Podiumsdiskussion\u00a0am 12. Februar &#8220;die [&hellip;]<\/p>\n","protected":false},"author":3,"featured_media":79533,"comment_status":"open","ping_status":"open","sticky":false,"template":"","format":"standard","meta":{"_yoast_indexnow_last_ping":["1740926856"],"wp_automatic_camp":["217"],"98d9b169467f1508b7b7b92e2597811f":["&quot;Die m\u00fcssen weg&quot; \u2012 Bundeswehr-Expertin sucht Wege f\u00fcr Abriss sowjetischer Ehrenmale in Deutschland"],"original_link":["https:\/\/de.rt.com\/inland\/238274-muessen-weg-bundeswehr-expertin-sucht-fuer-abriss-sowjetischer-ehrenmale-in-deutschland\/"],"_thumbnail_id":["79533"],"jnews_social_counter_last_update":["1777375328"],"_wptgpro_p2tg_sent2tg":["a:1:{i:23737;s:19:\"2025-03-02 16:48:44\";}"]},"categories":[19,23],"tags":[37877,63170,179,63171,221,10623,1933,31990,26422,3780,39852],"yoast_head":"<!-- This site is optimized with the Yoast SEO Premium plugin v22.7 (Yoast SEO v22.7) - https:\/\/yoast.com\/wordpress\/plugins\/seo\/ -->\n<title>&quot;Die m\u00fcssen weg&quot; \u2012 Bundeswehr-Expertin sucht Wege f\u00fcr Abriss sowjetischer Ehrenmale in Deutschland - just-now.NEWS Deutschland<\/title>\n<meta name=\"robots\" content=\"index, follow, max-snippet:-1, max-image-preview:large, max-video-preview:-1\" \/>\n<link rel=\"canonical\" href=\"https:\/\/now-news.de\/de\/deutschland\/die-muessen-weg-\u2012-bundeswehr-expertin-sucht-wege-fuer-abriss-sowjetischer-ehrenmale-in-deutschland\/\" \/>\n<meta property=\"og:locale\" content=\"de_DE\" \/>\n<meta property=\"og:type\" content=\"article\" \/>\n<meta property=\"og:title\" content=\"&quot;Die m\u00fcssen weg&quot; \u2012 Bundeswehr-Expertin sucht Wege f\u00fcr Abriss sowjetischer Ehrenmale in Deutschland\" \/>\n<meta property=\"og:description\" content=\"Eine Bundeswehr-Wissenschaftlerin pl\u00e4diert in einer Diskussion f\u00fcr die Entfernung sowjetischer Erinnerungsorte aus dem Stadtbild. Dies sei allerdings wegen der &#8220;deutschen Verantwortung&#8221; problematisch. In diesem Dilemma legt sie besonderes Augenmerk auf russische &#8220;Gr\u00e4uel&#8221;. Voin Wladislaw Sankin Das Zentrum f\u00fcr Milit\u00e4rgeschichte und Sozialwissenschaften der Bundeswehr und die DFG-Forschergruppe &#8220;Milit\u00e4rische Gewaltkulturen&#8221; machten mit der Podiumsdiskussion\u00a0am 12. Februar &#8220;die [&hellip;]\" \/>\n<meta property=\"og:url\" content=\"https:\/\/now-news.de\/de\/deutschland\/die-muessen-weg-\u2012-bundeswehr-expertin-sucht-wege-fuer-abriss-sowjetischer-ehrenmale-in-deutschland\/\" \/>\n<meta property=\"og:site_name\" content=\"just-now.NEWS Deutschland\" \/>\n<meta property=\"article:publisher\" content=\"https:\/\/www.facebook.com\/wirmachenauf\" \/>\n<meta property=\"article:published_time\" content=\"2025-03-02T14:37:01+00:00\" \/>\n<meta property=\"og:image\" content=\"https:\/\/now-news.de\/de\/wp-content\/uploads\/sites\/3\/2025\/03\/67c19a6fb480cc368022137f.JPG\" \/>\n<meta name=\"author\" content=\"rtnews\" \/>\n<meta name=\"twitter:card\" content=\"summary_large_image\" \/>\n<meta name=\"twitter:creator\" content=\"@WirMachenAuf_de\" \/>\n<meta name=\"twitter:site\" content=\"@WirMachenAuf_de\" \/>\n<meta name=\"twitter:label1\" content=\"Verfasst von\" \/>\n\t<meta name=\"twitter:data1\" content=\"rtnews\" \/>\n\t<meta name=\"twitter:label2\" content=\"Gesch\u00e4tzte Lesezeit\" \/>\n\t<meta name=\"twitter:data2\" content=\"4\u00a0Minuten\" \/>\n<script type=\"application\/ld+json\" class=\"yoast-schema-graph\">{\"@context\":\"https:\/\/schema.org\",\"@graph\":[{\"@type\":\"Article\",\"@id\":\"https:\/\/now-news.de\/de\/deutschland\/die-muessen-weg-%e2%80%92-bundeswehr-expertin-sucht-wege-fuer-abriss-sowjetischer-ehrenmale-in-deutschland\/#article\",\"isPartOf\":{\"@id\":\"https:\/\/now-news.de\/de\/deutschland\/die-muessen-weg-%e2%80%92-bundeswehr-expertin-sucht-wege-fuer-abriss-sowjetischer-ehrenmale-in-deutschland\/\"},\"author\":{\"name\":\"rtnews\",\"@id\":\"https:\/\/now-news.de\/de\/#\/schema\/person\/fb534a4e865501d8b3285208df34a9b5\"},\"headline\":\"&quot;Die m\u00fcssen weg&quot; \u2012 Bundeswehr-Expertin sucht Wege f\u00fcr Abriss sowjetischer Ehrenmale in Deutschland\",\"datePublished\":\"2025-03-02T14:37:01+00:00\",\"dateModified\":\"2025-03-02T14:37:01+00:00\",\"mainEntityOfPage\":{\"@id\":\"https:\/\/now-news.de\/de\/deutschland\/die-muessen-weg-%e2%80%92-bundeswehr-expertin-sucht-wege-fuer-abriss-sowjetischer-ehrenmale-in-deutschland\/\"},\"wordCount\":833,\"commentCount\":0,\"publisher\":{\"@id\":\"https:\/\/now-news.de\/de\/#organization\"},\"image\":{\"@id\":\"https:\/\/now-news.de\/de\/deutschland\/die-muessen-weg-%e2%80%92-bundeswehr-expertin-sucht-wege-fuer-abriss-sowjetischer-ehrenmale-in-deutschland\/#primaryimage\"},\"thumbnailUrl\":\"https:\/\/now-news.de\/de\/wp-content\/uploads\/sites\/3\/2025\/03\/quotDie-muessen-wegquot-\u2012-Bundeswehr-Expertin-sucht-Wege-fuer-Abriss-sowjetischer.JPG\",\"keywords\":[\"Abriss\",\"BundeswehrExpertin\",\"Deutschland\",\"Ehrenmale\",\"f\u00fcr\",\"m\u00fcssen\",\"quotDie\",\"sowjetischer\",\"sucht\",\"Wege\",\"wegquot\"],\"articleSection\":[\"Deutschland\",\"Russland\"],\"inLanguage\":\"de\",\"potentialAction\":[{\"@type\":\"CommentAction\",\"name\":\"Comment\",\"target\":[\"https:\/\/now-news.de\/de\/deutschland\/die-muessen-weg-%e2%80%92-bundeswehr-expertin-sucht-wege-fuer-abriss-sowjetischer-ehrenmale-in-deutschland\/#respond\"]}]},{\"@type\":\"WebPage\",\"@id\":\"https:\/\/now-news.de\/de\/deutschland\/die-muessen-weg-%e2%80%92-bundeswehr-expertin-sucht-wege-fuer-abriss-sowjetischer-ehrenmale-in-deutschland\/\",\"url\":\"https:\/\/now-news.de\/de\/deutschland\/die-muessen-weg-%e2%80%92-bundeswehr-expertin-sucht-wege-fuer-abriss-sowjetischer-ehrenmale-in-deutschland\/\",\"name\":\"&quot;Die m\u00fcssen weg&quot; \u2012 Bundeswehr-Expertin sucht Wege f\u00fcr Abriss sowjetischer Ehrenmale in Deutschland - just-now.NEWS Deutschland\",\"isPartOf\":{\"@id\":\"https:\/\/now-news.de\/de\/#website\"},\"primaryImageOfPage\":{\"@id\":\"https:\/\/now-news.de\/de\/deutschland\/die-muessen-weg-%e2%80%92-bundeswehr-expertin-sucht-wege-fuer-abriss-sowjetischer-ehrenmale-in-deutschland\/#primaryimage\"},\"image\":{\"@id\":\"https:\/\/now-news.de\/de\/deutschland\/die-muessen-weg-%e2%80%92-bundeswehr-expertin-sucht-wege-fuer-abriss-sowjetischer-ehrenmale-in-deutschland\/#primaryimage\"},\"thumbnailUrl\":\"https:\/\/now-news.de\/de\/wp-content\/uploads\/sites\/3\/2025\/03\/quotDie-muessen-wegquot-\u2012-Bundeswehr-Expertin-sucht-Wege-fuer-Abriss-sowjetischer.JPG\",\"datePublished\":\"2025-03-02T14:37:01+00:00\",\"dateModified\":\"2025-03-02T14:37:01+00:00\",\"breadcrumb\":{\"@id\":\"https:\/\/now-news.de\/de\/deutschland\/die-muessen-weg-%e2%80%92-bundeswehr-expertin-sucht-wege-fuer-abriss-sowjetischer-ehrenmale-in-deutschland\/#breadcrumb\"},\"inLanguage\":\"de\",\"potentialAction\":[{\"@type\":\"ReadAction\",\"target\":[\"https:\/\/now-news.de\/de\/deutschland\/die-muessen-weg-%e2%80%92-bundeswehr-expertin-sucht-wege-fuer-abriss-sowjetischer-ehrenmale-in-deutschland\/\"]}]},{\"@type\":\"ImageObject\",\"inLanguage\":\"de\",\"@id\":\"https:\/\/now-news.de\/de\/deutschland\/die-muessen-weg-%e2%80%92-bundeswehr-expertin-sucht-wege-fuer-abriss-sowjetischer-ehrenmale-in-deutschland\/#primaryimage\",\"url\":\"https:\/\/now-news.de\/de\/wp-content\/uploads\/sites\/3\/2025\/03\/quotDie-muessen-wegquot-\u2012-Bundeswehr-Expertin-sucht-Wege-fuer-Abriss-sowjetischer.JPG\",\"contentUrl\":\"https:\/\/now-news.de\/de\/wp-content\/uploads\/sites\/3\/2025\/03\/quotDie-muessen-wegquot-\u2012-Bundeswehr-Expertin-sucht-Wege-fuer-Abriss-sowjetischer.JPG\",\"width\":460,\"height\":259,\"caption\":\"&quot;Die m\u00fcssen weg&quot; \u2012 Bundeswehr-Expertin sucht Wege f\u00fcr Abriss sowjetischer Ehrenmale in Deutschland\"},{\"@type\":\"BreadcrumbList\",\"@id\":\"https:\/\/now-news.de\/de\/deutschland\/die-muessen-weg-%e2%80%92-bundeswehr-expertin-sucht-wege-fuer-abriss-sowjetischer-ehrenmale-in-deutschland\/#breadcrumb\",\"itemListElement\":[{\"@type\":\"ListItem\",\"position\":1,\"name\":\"Home\",\"item\":\"https:\/\/now-news.de\/de\/\"},{\"@type\":\"ListItem\",\"position\":2,\"name\":\"&quot;Die m\u00fcssen weg&quot; \u2012 Bundeswehr-Expertin sucht Wege f\u00fcr Abriss sowjetischer Ehrenmale in Deutschland\"}]},{\"@type\":\"WebSite\",\"@id\":\"https:\/\/now-news.de\/de\/#website\",\"url\":\"https:\/\/now-news.de\/de\/\",\"name\":\"just-now.NEWS Deutschland\",\"description\":\"Das Portal f\u00fcr unzensierte Nachrichten aus der Welt\",\"publisher\":{\"@id\":\"https:\/\/now-news.de\/de\/#organization\"},\"potentialAction\":[{\"@type\":\"SearchAction\",\"target\":{\"@type\":\"EntryPoint\",\"urlTemplate\":\"https:\/\/now-news.de\/de\/?s={search_term_string}\"},\"query-input\":\"required name=search_term_string\"}],\"inLanguage\":\"de\"},{\"@type\":\"Organization\",\"@id\":\"https:\/\/now-news.de\/de\/#organization\",\"name\":\"Just Now News\",\"url\":\"https:\/\/now-news.de\/de\/\",\"logo\":{\"@type\":\"ImageObject\",\"inLanguage\":\"de\",\"@id\":\"https:\/\/now-news.de\/de\/#\/schema\/logo\/image\/\",\"url\":\"http:\/\/just-now.news\/de\/wp-content\/uploads\/sites\/3\/2022\/04\/logo500x500.jpg\",\"contentUrl\":\"http:\/\/just-now.news\/de\/wp-content\/uploads\/sites\/3\/2022\/04\/logo500x500.jpg\",\"width\":500,\"height\":500,\"caption\":\"Just Now News\"},\"image\":{\"@id\":\"https:\/\/now-news.de\/de\/#\/schema\/logo\/image\/\"},\"sameAs\":[\"https:\/\/www.facebook.com\/wirmachenauf\",\"https:\/\/x.com\/WirMachenAuf_de\"]},{\"@type\":\"Person\",\"@id\":\"https:\/\/now-news.de\/de\/#\/schema\/person\/fb534a4e865501d8b3285208df34a9b5\",\"name\":\"rtnews\",\"image\":{\"@type\":\"ImageObject\",\"inLanguage\":\"de\",\"@id\":\"https:\/\/now-news.de\/de\/#\/schema\/person\/image\/\",\"url\":\"https:\/\/secure.gravatar.com\/avatar\/82aafea7d8127119dd649515f56e2117?s=96&d=mm&r=g\",\"contentUrl\":\"https:\/\/secure.gravatar.com\/avatar\/82aafea7d8127119dd649515f56e2117?s=96&d=mm&r=g\",\"caption\":\"rtnews\"},\"url\":\"https:\/\/now-news.de\/de\/author\/rnews\/\"}]}<\/script>\n<!-- \/ Yoast SEO Premium plugin. -->","yoast_head_json":{"title":"&quot;Die m\u00fcssen weg&quot; \u2012 Bundeswehr-Expertin sucht Wege f\u00fcr Abriss sowjetischer Ehrenmale in Deutschland - just-now.NEWS Deutschland","robots":{"index":"index","follow":"follow","max-snippet":"max-snippet:-1","max-image-preview":"max-image-preview:large","max-video-preview":"max-video-preview:-1"},"canonical":"https:\/\/now-news.de\/de\/deutschland\/die-muessen-weg-\u2012-bundeswehr-expertin-sucht-wege-fuer-abriss-sowjetischer-ehrenmale-in-deutschland\/","og_locale":"de_DE","og_type":"article","og_title":"&quot;Die m\u00fcssen weg&quot; \u2012 Bundeswehr-Expertin sucht Wege f\u00fcr Abriss sowjetischer Ehrenmale in Deutschland","og_description":"Eine Bundeswehr-Wissenschaftlerin pl\u00e4diert in einer Diskussion f\u00fcr die Entfernung sowjetischer Erinnerungsorte aus dem Stadtbild. Dies sei allerdings wegen der &#8220;deutschen Verantwortung&#8221; problematisch. In diesem Dilemma legt sie besonderes Augenmerk auf russische &#8220;Gr\u00e4uel&#8221;. Voin Wladislaw Sankin Das Zentrum f\u00fcr Milit\u00e4rgeschichte und Sozialwissenschaften der Bundeswehr und die DFG-Forschergruppe &#8220;Milit\u00e4rische Gewaltkulturen&#8221; machten mit der Podiumsdiskussion\u00a0am 12. Februar &#8220;die [&hellip;]","og_url":"https:\/\/now-news.de\/de\/deutschland\/die-muessen-weg-\u2012-bundeswehr-expertin-sucht-wege-fuer-abriss-sowjetischer-ehrenmale-in-deutschland\/","og_site_name":"just-now.NEWS Deutschland","article_publisher":"https:\/\/www.facebook.com\/wirmachenauf","article_published_time":"2025-03-02T14:37:01+00:00","og_image":[{"url":"https:\/\/now-news.de\/de\/wp-content\/uploads\/sites\/3\/2025\/03\/67c19a6fb480cc368022137f.JPG"}],"author":"rtnews","twitter_card":"summary_large_image","twitter_creator":"@WirMachenAuf_de","twitter_site":"@WirMachenAuf_de","twitter_misc":{"Verfasst von":"rtnews","Gesch\u00e4tzte Lesezeit":"4\u00a0Minuten"},"schema":{"@context":"https:\/\/schema.org","@graph":[{"@type":"Article","@id":"https:\/\/now-news.de\/de\/deutschland\/die-muessen-weg-%e2%80%92-bundeswehr-expertin-sucht-wege-fuer-abriss-sowjetischer-ehrenmale-in-deutschland\/#article","isPartOf":{"@id":"https:\/\/now-news.de\/de\/deutschland\/die-muessen-weg-%e2%80%92-bundeswehr-expertin-sucht-wege-fuer-abriss-sowjetischer-ehrenmale-in-deutschland\/"},"author":{"name":"rtnews","@id":"https:\/\/now-news.de\/de\/#\/schema\/person\/fb534a4e865501d8b3285208df34a9b5"},"headline":"&quot;Die m\u00fcssen weg&quot; \u2012 Bundeswehr-Expertin sucht Wege f\u00fcr Abriss sowjetischer Ehrenmale in Deutschland","datePublished":"2025-03-02T14:37:01+00:00","dateModified":"2025-03-02T14:37:01+00:00","mainEntityOfPage":{"@id":"https:\/\/now-news.de\/de\/deutschland\/die-muessen-weg-%e2%80%92-bundeswehr-expertin-sucht-wege-fuer-abriss-sowjetischer-ehrenmale-in-deutschland\/"},"wordCount":833,"commentCount":0,"publisher":{"@id":"https:\/\/now-news.de\/de\/#organization"},"image":{"@id":"https:\/\/now-news.de\/de\/deutschland\/die-muessen-weg-%e2%80%92-bundeswehr-expertin-sucht-wege-fuer-abriss-sowjetischer-ehrenmale-in-deutschland\/#primaryimage"},"thumbnailUrl":"https:\/\/now-news.de\/de\/wp-content\/uploads\/sites\/3\/2025\/03\/quotDie-muessen-wegquot-\u2012-Bundeswehr-Expertin-sucht-Wege-fuer-Abriss-sowjetischer.JPG","keywords":["Abriss","BundeswehrExpertin","Deutschland","Ehrenmale","f\u00fcr","m\u00fcssen","quotDie","sowjetischer","sucht","Wege","wegquot"],"articleSection":["Deutschland","Russland"],"inLanguage":"de","potentialAction":[{"@type":"CommentAction","name":"Comment","target":["https:\/\/now-news.de\/de\/deutschland\/die-muessen-weg-%e2%80%92-bundeswehr-expertin-sucht-wege-fuer-abriss-sowjetischer-ehrenmale-in-deutschland\/#respond"]}]},{"@type":"WebPage","@id":"https:\/\/now-news.de\/de\/deutschland\/die-muessen-weg-%e2%80%92-bundeswehr-expertin-sucht-wege-fuer-abriss-sowjetischer-ehrenmale-in-deutschland\/","url":"https:\/\/now-news.de\/de\/deutschland\/die-muessen-weg-%e2%80%92-bundeswehr-expertin-sucht-wege-fuer-abriss-sowjetischer-ehrenmale-in-deutschland\/","name":"&quot;Die m\u00fcssen weg&quot; \u2012 Bundeswehr-Expertin sucht Wege f\u00fcr Abriss sowjetischer Ehrenmale in Deutschland - just-now.NEWS Deutschland","isPartOf":{"@id":"https:\/\/now-news.de\/de\/#website"},"primaryImageOfPage":{"@id":"https:\/\/now-news.de\/de\/deutschland\/die-muessen-weg-%e2%80%92-bundeswehr-expertin-sucht-wege-fuer-abriss-sowjetischer-ehrenmale-in-deutschland\/#primaryimage"},"image":{"@id":"https:\/\/now-news.de\/de\/deutschland\/die-muessen-weg-%e2%80%92-bundeswehr-expertin-sucht-wege-fuer-abriss-sowjetischer-ehrenmale-in-deutschland\/#primaryimage"},"thumbnailUrl":"https:\/\/now-news.de\/de\/wp-content\/uploads\/sites\/3\/2025\/03\/quotDie-muessen-wegquot-\u2012-Bundeswehr-Expertin-sucht-Wege-fuer-Abriss-sowjetischer.JPG","datePublished":"2025-03-02T14:37:01+00:00","dateModified":"2025-03-02T14:37:01+00:00","breadcrumb":{"@id":"https:\/\/now-news.de\/de\/deutschland\/die-muessen-weg-%e2%80%92-bundeswehr-expertin-sucht-wege-fuer-abriss-sowjetischer-ehrenmale-in-deutschland\/#breadcrumb"},"inLanguage":"de","potentialAction":[{"@type":"ReadAction","target":["https:\/\/now-news.de\/de\/deutschland\/die-muessen-weg-%e2%80%92-bundeswehr-expertin-sucht-wege-fuer-abriss-sowjetischer-ehrenmale-in-deutschland\/"]}]},{"@type":"ImageObject","inLanguage":"de","@id":"https:\/\/now-news.de\/de\/deutschland\/die-muessen-weg-%e2%80%92-bundeswehr-expertin-sucht-wege-fuer-abriss-sowjetischer-ehrenmale-in-deutschland\/#primaryimage","url":"https:\/\/now-news.de\/de\/wp-content\/uploads\/sites\/3\/2025\/03\/quotDie-muessen-wegquot-\u2012-Bundeswehr-Expertin-sucht-Wege-fuer-Abriss-sowjetischer.JPG","contentUrl":"https:\/\/now-news.de\/de\/wp-content\/uploads\/sites\/3\/2025\/03\/quotDie-muessen-wegquot-\u2012-Bundeswehr-Expertin-sucht-Wege-fuer-Abriss-sowjetischer.JPG","width":460,"height":259,"caption":"&quot;Die m\u00fcssen weg&quot; \u2012 Bundeswehr-Expertin sucht Wege f\u00fcr Abriss sowjetischer Ehrenmale in Deutschland"},{"@type":"BreadcrumbList","@id":"https:\/\/now-news.de\/de\/deutschland\/die-muessen-weg-%e2%80%92-bundeswehr-expertin-sucht-wege-fuer-abriss-sowjetischer-ehrenmale-in-deutschland\/#breadcrumb","itemListElement":[{"@type":"ListItem","position":1,"name":"Home","item":"https:\/\/now-news.de\/de\/"},{"@type":"ListItem","position":2,"name":"&quot;Die m\u00fcssen weg&quot; \u2012 Bundeswehr-Expertin sucht Wege f\u00fcr Abriss sowjetischer Ehrenmale in Deutschland"}]},{"@type":"WebSite","@id":"https:\/\/now-news.de\/de\/#website","url":"https:\/\/now-news.de\/de\/","name":"just-now.NEWS Deutschland","description":"Das Portal f\u00fcr unzensierte Nachrichten aus der Welt","publisher":{"@id":"https:\/\/now-news.de\/de\/#organization"},"potentialAction":[{"@type":"SearchAction","target":{"@type":"EntryPoint","urlTemplate":"https:\/\/now-news.de\/de\/?s={search_term_string}"},"query-input":"required name=search_term_string"}],"inLanguage":"de"},{"@type":"Organization","@id":"https:\/\/now-news.de\/de\/#organization","name":"Just Now News","url":"https:\/\/now-news.de\/de\/","logo":{"@type":"ImageObject","inLanguage":"de","@id":"https:\/\/now-news.de\/de\/#\/schema\/logo\/image\/","url":"http:\/\/just-now.news\/de\/wp-content\/uploads\/sites\/3\/2022\/04\/logo500x500.jpg","contentUrl":"http:\/\/just-now.news\/de\/wp-content\/uploads\/sites\/3\/2022\/04\/logo500x500.jpg","width":500,"height":500,"caption":"Just Now News"},"image":{"@id":"https:\/\/now-news.de\/de\/#\/schema\/logo\/image\/"},"sameAs":["https:\/\/www.facebook.com\/wirmachenauf","https:\/\/x.com\/WirMachenAuf_de"]},{"@type":"Person","@id":"https:\/\/now-news.de\/de\/#\/schema\/person\/fb534a4e865501d8b3285208df34a9b5","name":"rtnews","image":{"@type":"ImageObject","inLanguage":"de","@id":"https:\/\/now-news.de\/de\/#\/schema\/person\/image\/","url":"https:\/\/secure.gravatar.com\/avatar\/82aafea7d8127119dd649515f56e2117?s=96&d=mm&r=g","contentUrl":"https:\/\/secure.gravatar.com\/avatar\/82aafea7d8127119dd649515f56e2117?s=96&d=mm&r=g","caption":"rtnews"},"url":"https:\/\/now-news.de\/de\/author\/rnews\/"}]}},"_links":{"self":[{"href":"https:\/\/now-news.de\/de\/wp-json\/wp\/v2\/posts\/79532"}],"collection":[{"href":"https:\/\/now-news.de\/de\/wp-json\/wp\/v2\/posts"}],"about":[{"href":"https:\/\/now-news.de\/de\/wp-json\/wp\/v2\/types\/post"}],"author":[{"embeddable":true,"href":"https:\/\/now-news.de\/de\/wp-json\/wp\/v2\/users\/3"}],"replies":[{"embeddable":true,"href":"https:\/\/now-news.de\/de\/wp-json\/wp\/v2\/comments?post=79532"}],"version-history":[{"count":0,"href":"https:\/\/now-news.de\/de\/wp-json\/wp\/v2\/posts\/79532\/revisions"}],"wp:featuredmedia":[{"embeddable":true,"href":"https:\/\/now-news.de\/de\/wp-json\/wp\/v2\/media\/79533"}],"wp:attachment":[{"href":"https:\/\/now-news.de\/de\/wp-json\/wp\/v2\/media?parent=79532"}],"wp:term":[{"taxonomy":"category","embeddable":true,"href":"https:\/\/now-news.de\/de\/wp-json\/wp\/v2\/categories?post=79532"},{"taxonomy":"post_tag","embeddable":true,"href":"https:\/\/now-news.de\/de\/wp-json\/wp\/v2\/tags?post=79532"}],"curies":[{"name":"wp","href":"https:\/\/api.w.org\/{rel}","templated":true}]}}