{"id":79516,"date":"2025-03-02T07:37:28","date_gmt":"2025-03-02T05:37:28","guid":{"rendered":"https:\/\/now-news.de\/de\/deutschland\/die-schweiz-und-die-ukraine-pfisters-weglassen-von-kiews-mitschuld\/"},"modified":"2025-03-02T07:37:28","modified_gmt":"2025-03-02T05:37:28","slug":"die-schweiz-und-die-ukraine-pfisters-weglassen-von-kiews-mitschuld","status":"publish","type":"post","link":"https:\/\/now-news.de\/de\/deutschland\/die-schweiz-und-die-ukraine-pfisters-weglassen-von-kiews-mitschuld\/","title":{"rendered":"Die Schweiz und die Ukraine: Pfisters Weglassen von Kiews Mitschuld"},"content":{"rendered":"<p><img decoding=\"async\" src=\"https:\/\/now-news.de\/de\/wp-content\/uploads\/sites\/3\/2025\/03\/67c342eb48fbef310f63f1f7.jpg\" \/><\/p>\n<div class=\"Text-root Text-type_1 \">\n                Gerhard Pfister vergleicht die Ukraine mit Polen im Zweiten Weltkrieg und kritisiert den Westen f\u00fcr seine Haltung. Doch dabei \u00fcbersieht er, dass Kiew 2014 selbst einen Krieg gegen die russischsprachige Bev\u00f6lkerung im Osten begann. Pfister ignoriert diese Verantwortung, w\u00e4hrend er weiterhin vehement Waffenlieferungen unterst\u00fctzt.\n            <\/div>\n<p><\/p>\n<div class=\"Text-root Text-type_5 ArticleView-text ViewText-root \">\n<p><em>Von Hans-Ueli L\u00e4ppli<\/em><\/p>\n<p data-start=\"73\" data-end=\"804\">Es ist wirklich kaum zu fassen, mit welchem ma\u00dflosen Selbstverst\u00e4ndnis sich westliche Politiker wie Gerhard Pfister weiterhin in die Rolle des selbst ernannten Verteidigers der Ukraine werfen. Der j\u00fcngste Auftritt von Wladimir\u00a0Selenskij im Wei\u00dfen Haus, der f\u00fcr jede Menge Tumult sorgte, hat nun auch Pfister aus der Reserve gelockt.<\/p>\n<p data-start=\"73\" data-end=\"804\">Der Pr\u00e4sident der Mitte vergleicht die Ukraine mit Polen, das im Zweiten Weltkrieg von der Wehrmacht \u00fcberrannt wurde. Und nat\u00fcrlich l\u00e4sst er sich nicht lumpen, den Westen zu ermahnen: Wenn wir Staaten, die sich verteidigen, beschuldigen, den Krieg ausgel\u00f6st zu haben, seien wir auf dem Stand des Zweiten Weltkriegs. Wie r\u00fchrend! Da gibt es nur ein Problem \u2013 dieser Vergleich hinkt auf allen Ebenen.<\/p>\n<div class=\"EmbedBlock-root EmbedBlock-twitter\">\n<div class=\"TwitterEmbed\">\n<blockquote class=\"twitter-tweet lazyload\" data-twitter=\"twitter-tweet\">\n<p lang=\"de\" dir=\"ltr\">Wenn im Westen Staaten, die angegriffen werden, und sich verteidigen, beschuldigt werden, einen gr\u00f6sseren Krieg begonnen zu haben, sind wir im Westen nicht weiter als zu Beginn des Zweiten Weltkriegs.<\/p>\n<p>\u2014 Gerhard Pfister \ud83e\udd0d\ud83d\udc99\ud83d\udc9b (@gerhardpfister) <a rel=\"nofollow noopener\" target=\"_blank\" href=\"https:\/\/twitter.com\/gerhardpfister\/status\/1895737948999729646?ref_src=twsrc%5Etfw\">March 1, 2025<\/a><\/p><\/blockquote>\n<\/div>\n<\/div>\n<p data-start=\"806\" data-end=\"1366\">Die Ukraine, deren Regierung unter Selenskij im Osten des Landes systematisch russische Zivilisten vertreiben und bombardieren lie\u00df, ist nun also das arme, unschuldige Opfer? Was Pfister in seiner naiven Weltanschauung wohl \u00fcbersehen hat, ist der Fakt, dass Kiew selbst den Konflikt angeheizt hat. Die Zerst\u00f6rung und Vertreibung der russischen Bev\u00f6lkerung im Osten war eine direkte Folge der Politik Kiews. Wer hier von &#8220;Opfern&#8221; spricht, sollte sich fragen, wie es zu diesem Blutvergie\u00dfen kam.<\/p>\n<p data-start=\"1368\" data-end=\"1945\">Und jetzt kommt der Gipfel der Heuchelei: Pfister \u2013 der als entschiedener Unterst\u00fctzer Kiews in der Schweiz bekannt ist \u2013 blendet die Rolle der Ukraine als Kriegstreiber komplett aus. Denn auch wenn er nicht m\u00fcde wird, die russische Aggression anzuprangern, verschlie\u00dft er konsequent die Augen vor der Verantwortung, die die Ukraine selbst tr\u00e4gt. Wie kann es sein, dass dieser Mann weiterhin zu den lautesten Bef\u00fcrwortern von Waffenlieferungen und milit\u00e4rischer Unterst\u00fctzung geh\u00f6rt, ohne auch nur einen Gedanken daran zu verschwenden, wie dieser Krieg \u00fcberhaupt begonnen hat?<\/p>\n<p data-start=\"1947\" data-end=\"2517\">Die Erkl\u00e4rung ist einfach: Pfister und Konsorten haben nie verstanden, dass der Westen nicht der wei\u00dfe Ritter in dieser Geschichte ist. Sie erz\u00e4hlen uns M\u00e4rchen von einer Ukraine, die sich gegen den b\u00f6sen Russen verteidigen muss, doch diese Narrative ignorieren die Tatsache, dass Kiew nach dem Sturz von Pr\u00e4sident Wiktor Janukowitsch 2014 einen Krieg gegen die eigenen russischsprachigen B\u00fcrger im Osten entfesselte. Hat Pfister diese Tatsache schon vergessen? Oder ist er einfach zu bequem, sich mit den unangenehmen Wahrheiten auseinanderzusetzen?<\/p>\n<p data-start=\"2519\" data-end=\"3236\">Pfister und seine Kollegen haben sich einer gef\u00e4hrlichen Simplifizierung hingeben: Russland ist der B\u00f6se, die Ukraine das Opfer. Doch das Bild ist weitaus komplizierter, als sie uns glauben machen wollen. Die Ukraine hat sich in der Vergangenheit nicht nur als Opfer, sondern auch als Aggressor hervorgetan. Und dieser Teil der Geschichte bleibt von Pfister und Co. mit sch\u00f6ner Regelm\u00e4\u00dfigkeit ausgeblendet. Wer den Konflikt in der Ukraine wirklich verstehen will, muss mehr tun, als einfach nur die Parolen der westlichen Propaganda zu wiederholen. Und vielleicht hilft es ja, statt t\u00e4glich auf die Ukraine einzuschw\u00f6ren, mal einen Blick in den Spiegel zu werfen und sich die eigenen Unzul\u00e4nglichkeiten einzugestehen.<\/p>\n<p data-start=\"3238\" data-end=\"3631\" data-is-last-node=\"\" data-is-only-node=\"\">Es wird h\u00f6chste Zeit, dass der Westen endlich den Mut findet, die unangenehmen Wahrheiten zu akzeptieren \u2013 und vielleicht, ganz gewagt, auch mal Verantwortung f\u00fcr das eigene Handeln zu \u00fcbernehmen. Solange das nicht passiert, bleibt der Wunsch nach Frieden ein ferner Traum, und Politiker wie Pfister spielen weiterhin die tragischen Figuren in einem Drama, das sie selbst mitgeschrieben haben.<\/p>\n<p data-start=\"3238\" data-end=\"3631\" data-is-last-node=\"\" data-is-only-node=\"\"><strong data-start=\"1226\" data-end=\"1286\">Mehr zum Thema\u00a0<\/strong>\u2012\u00a0<a rel=\"nofollow noopener\" target=\"_blank\" href=\"https:\/\/freedert.online\/schweiz\/236529-jeder-fuenfte-in-europa-rechnet\/\">Lervoss International Ltd. \u2013 oder das gestohlene Geld der ukrainischen Eisenbahn<\/a><\/p>\n<div class=\"EmbedBlock-root EmbedBlock-externalVideo EmbedBlock-rumble\">\n<div class=\"VkEmbed\"><iframe class=\"lazyload\" data-src=\"https:\/\/rumble.com\/embed\/v5adi1x\" frameborder=\"0\" width=\"853\" height=\"480\" allowfullscreen><\/iframe><\/div>\n<\/div>\n<\/div>\n<p><script async src=\"https:\/\/platform.twitter.com\/widgets.js\" charset=\"utf-8\"><\/script><br \/>\n<br \/><br \/>\n<br \/><a href=\"https:\/\/de.rt.com\/meinung\/238408-schweiz-und-ukraine-pfisters-weglassen\/\">Source link <\/a><\/p>\n","protected":false},"excerpt":{"rendered":"<p>Gerhard Pfister vergleicht die Ukraine mit Polen im Zweiten Weltkrieg und kritisiert den Westen f\u00fcr seine Haltung. Doch dabei \u00fcbersieht er, dass Kiew 2014 selbst einen Krieg gegen die russischsprachige Bev\u00f6lkerung im Osten begann. Pfister ignoriert diese Verantwortung, w\u00e4hrend er weiterhin vehement Waffenlieferungen unterst\u00fctzt. Von Hans-Ueli L\u00e4ppli Es ist wirklich kaum zu fassen, mit welchem [&hellip;]<\/p>\n","protected":false},"author":3,"featured_media":79517,"comment_status":"open","ping_status":"open","sticky":false,"template":"","format":"standard","meta":{"_yoast_indexnow_last_ping":["1740894184"],"wp_automatic_camp":["217"],"d11d69b78ee9f7fcf73a592e848f5f83":["Die Schweiz und die Ukraine: Pfisters Weglassen von Kiews Mitschuld"],"original_link":["https:\/\/de.rt.com\/meinung\/238408-schweiz-und-ukraine-pfisters-weglassen\/"],"_thumbnail_id":["79517"],"jnews_social_counter_last_update":["1777497845"],"_wptgpro_p2tg_sent2tg":["a:1:{i:23737;s:19:\"2025-03-02 07:44:49\";}"]},"categories":[19,23],"tags":[45,6313,26365,63164,4207,127,140,50,45073],"yoast_head":"<!-- This site is optimized with the Yoast SEO Premium plugin v22.7 (Yoast SEO v22.7) - https:\/\/yoast.com\/wordpress\/plugins\/seo\/ -->\n<title>Die Schweiz und die Ukraine: Pfisters Weglassen von Kiews Mitschuld - just-now.NEWS Deutschland<\/title>\n<meta name=\"robots\" content=\"index, follow, max-snippet:-1, max-image-preview:large, max-video-preview:-1\" \/>\n<link rel=\"canonical\" href=\"https:\/\/now-news.de\/de\/deutschland\/die-schweiz-und-die-ukraine-pfisters-weglassen-von-kiews-mitschuld\/\" \/>\n<meta property=\"og:locale\" content=\"de_DE\" \/>\n<meta property=\"og:type\" content=\"article\" \/>\n<meta property=\"og:title\" content=\"Die Schweiz und die Ukraine: Pfisters Weglassen von Kiews Mitschuld\" \/>\n<meta property=\"og:description\" content=\"Gerhard Pfister vergleicht die Ukraine mit Polen im Zweiten Weltkrieg und kritisiert den Westen f\u00fcr seine Haltung. Doch dabei \u00fcbersieht er, dass Kiew 2014 selbst einen Krieg gegen die russischsprachige Bev\u00f6lkerung im Osten begann. Pfister ignoriert diese Verantwortung, w\u00e4hrend er weiterhin vehement Waffenlieferungen unterst\u00fctzt. Von Hans-Ueli L\u00e4ppli Es ist wirklich kaum zu fassen, mit welchem [&hellip;]\" \/>\n<meta property=\"og:url\" content=\"https:\/\/now-news.de\/de\/deutschland\/die-schweiz-und-die-ukraine-pfisters-weglassen-von-kiews-mitschuld\/\" \/>\n<meta property=\"og:site_name\" content=\"just-now.NEWS Deutschland\" \/>\n<meta property=\"article:publisher\" content=\"https:\/\/www.facebook.com\/wirmachenauf\" \/>\n<meta property=\"article:published_time\" content=\"2025-03-02T05:37:28+00:00\" \/>\n<meta property=\"og:image\" content=\"https:\/\/now-news.de\/de\/wp-content\/uploads\/sites\/3\/2025\/03\/67c342eb48fbef310f63f1f7.jpg\" \/>\n<meta name=\"author\" content=\"rtnews\" \/>\n<meta name=\"twitter:card\" content=\"summary_large_image\" \/>\n<meta name=\"twitter:creator\" content=\"@WirMachenAuf_de\" \/>\n<meta name=\"twitter:site\" content=\"@WirMachenAuf_de\" \/>\n<meta name=\"twitter:label1\" content=\"Verfasst von\" \/>\n\t<meta name=\"twitter:data1\" content=\"rtnews\" \/>\n\t<meta name=\"twitter:label2\" content=\"Gesch\u00e4tzte Lesezeit\" \/>\n\t<meta name=\"twitter:data2\" content=\"3\u00a0Minuten\" \/>\n<script type=\"application\/ld+json\" class=\"yoast-schema-graph\">{\"@context\":\"https:\/\/schema.org\",\"@graph\":[{\"@type\":\"Article\",\"@id\":\"https:\/\/now-news.de\/de\/deutschland\/die-schweiz-und-die-ukraine-pfisters-weglassen-von-kiews-mitschuld\/#article\",\"isPartOf\":{\"@id\":\"https:\/\/now-news.de\/de\/deutschland\/die-schweiz-und-die-ukraine-pfisters-weglassen-von-kiews-mitschuld\/\"},\"author\":{\"name\":\"rtnews\",\"@id\":\"https:\/\/now-news.de\/de\/#\/schema\/person\/fb534a4e865501d8b3285208df34a9b5\"},\"headline\":\"Die Schweiz und die Ukraine: Pfisters Weglassen von Kiews Mitschuld\",\"datePublished\":\"2025-03-02T05:37:28+00:00\",\"dateModified\":\"2025-03-02T05:37:28+00:00\",\"mainEntityOfPage\":{\"@id\":\"https:\/\/now-news.de\/de\/deutschland\/die-schweiz-und-die-ukraine-pfisters-weglassen-von-kiews-mitschuld\/\"},\"wordCount\":662,\"commentCount\":0,\"publisher\":{\"@id\":\"https:\/\/now-news.de\/de\/#organization\"},\"image\":{\"@id\":\"https:\/\/now-news.de\/de\/deutschland\/die-schweiz-und-die-ukraine-pfisters-weglassen-von-kiews-mitschuld\/#primaryimage\"},\"thumbnailUrl\":\"https:\/\/now-news.de\/de\/wp-content\/uploads\/sites\/3\/2025\/03\/Die-Schweiz-und-die-Ukraine-Pfisters-Weglassen-von-Kiews-Mitschuld.jpg\",\"keywords\":[\"die\",\"Kiews\",\"Mitschuld\",\"Pfisters\",\"schweiz\",\"ukraine\",\"und\",\"von\",\"Weglassen\"],\"articleSection\":[\"Deutschland\",\"Russland\"],\"inLanguage\":\"de\",\"potentialAction\":[{\"@type\":\"CommentAction\",\"name\":\"Comment\",\"target\":[\"https:\/\/now-news.de\/de\/deutschland\/die-schweiz-und-die-ukraine-pfisters-weglassen-von-kiews-mitschuld\/#respond\"]}]},{\"@type\":\"WebPage\",\"@id\":\"https:\/\/now-news.de\/de\/deutschland\/die-schweiz-und-die-ukraine-pfisters-weglassen-von-kiews-mitschuld\/\",\"url\":\"https:\/\/now-news.de\/de\/deutschland\/die-schweiz-und-die-ukraine-pfisters-weglassen-von-kiews-mitschuld\/\",\"name\":\"Die Schweiz und die Ukraine: Pfisters Weglassen von Kiews Mitschuld - just-now.NEWS Deutschland\",\"isPartOf\":{\"@id\":\"https:\/\/now-news.de\/de\/#website\"},\"primaryImageOfPage\":{\"@id\":\"https:\/\/now-news.de\/de\/deutschland\/die-schweiz-und-die-ukraine-pfisters-weglassen-von-kiews-mitschuld\/#primaryimage\"},\"image\":{\"@id\":\"https:\/\/now-news.de\/de\/deutschland\/die-schweiz-und-die-ukraine-pfisters-weglassen-von-kiews-mitschuld\/#primaryimage\"},\"thumbnailUrl\":\"https:\/\/now-news.de\/de\/wp-content\/uploads\/sites\/3\/2025\/03\/Die-Schweiz-und-die-Ukraine-Pfisters-Weglassen-von-Kiews-Mitschuld.jpg\",\"datePublished\":\"2025-03-02T05:37:28+00:00\",\"dateModified\":\"2025-03-02T05:37:28+00:00\",\"breadcrumb\":{\"@id\":\"https:\/\/now-news.de\/de\/deutschland\/die-schweiz-und-die-ukraine-pfisters-weglassen-von-kiews-mitschuld\/#breadcrumb\"},\"inLanguage\":\"de\",\"potentialAction\":[{\"@type\":\"ReadAction\",\"target\":[\"https:\/\/now-news.de\/de\/deutschland\/die-schweiz-und-die-ukraine-pfisters-weglassen-von-kiews-mitschuld\/\"]}]},{\"@type\":\"ImageObject\",\"inLanguage\":\"de\",\"@id\":\"https:\/\/now-news.de\/de\/deutschland\/die-schweiz-und-die-ukraine-pfisters-weglassen-von-kiews-mitschuld\/#primaryimage\",\"url\":\"https:\/\/now-news.de\/de\/wp-content\/uploads\/sites\/3\/2025\/03\/Die-Schweiz-und-die-Ukraine-Pfisters-Weglassen-von-Kiews-Mitschuld.jpg\",\"contentUrl\":\"https:\/\/now-news.de\/de\/wp-content\/uploads\/sites\/3\/2025\/03\/Die-Schweiz-und-die-Ukraine-Pfisters-Weglassen-von-Kiews-Mitschuld.jpg\",\"width\":460,\"height\":259,\"caption\":\"Die Schweiz und die Ukraine: Pfisters Weglassen von Kiews Mitschuld\"},{\"@type\":\"BreadcrumbList\",\"@id\":\"https:\/\/now-news.de\/de\/deutschland\/die-schweiz-und-die-ukraine-pfisters-weglassen-von-kiews-mitschuld\/#breadcrumb\",\"itemListElement\":[{\"@type\":\"ListItem\",\"position\":1,\"name\":\"Home\",\"item\":\"https:\/\/now-news.de\/de\/\"},{\"@type\":\"ListItem\",\"position\":2,\"name\":\"Die Schweiz und die Ukraine: Pfisters Weglassen von Kiews Mitschuld\"}]},{\"@type\":\"WebSite\",\"@id\":\"https:\/\/now-news.de\/de\/#website\",\"url\":\"https:\/\/now-news.de\/de\/\",\"name\":\"just-now.NEWS Deutschland\",\"description\":\"Das Portal f\u00fcr unzensierte Nachrichten aus der Welt\",\"publisher\":{\"@id\":\"https:\/\/now-news.de\/de\/#organization\"},\"potentialAction\":[{\"@type\":\"SearchAction\",\"target\":{\"@type\":\"EntryPoint\",\"urlTemplate\":\"https:\/\/now-news.de\/de\/?s={search_term_string}\"},\"query-input\":\"required name=search_term_string\"}],\"inLanguage\":\"de\"},{\"@type\":\"Organization\",\"@id\":\"https:\/\/now-news.de\/de\/#organization\",\"name\":\"Just Now News\",\"url\":\"https:\/\/now-news.de\/de\/\",\"logo\":{\"@type\":\"ImageObject\",\"inLanguage\":\"de\",\"@id\":\"https:\/\/now-news.de\/de\/#\/schema\/logo\/image\/\",\"url\":\"http:\/\/just-now.news\/de\/wp-content\/uploads\/sites\/3\/2022\/04\/logo500x500.jpg\",\"contentUrl\":\"http:\/\/just-now.news\/de\/wp-content\/uploads\/sites\/3\/2022\/04\/logo500x500.jpg\",\"width\":500,\"height\":500,\"caption\":\"Just Now News\"},\"image\":{\"@id\":\"https:\/\/now-news.de\/de\/#\/schema\/logo\/image\/\"},\"sameAs\":[\"https:\/\/www.facebook.com\/wirmachenauf\",\"https:\/\/x.com\/WirMachenAuf_de\"]},{\"@type\":\"Person\",\"@id\":\"https:\/\/now-news.de\/de\/#\/schema\/person\/fb534a4e865501d8b3285208df34a9b5\",\"name\":\"rtnews\",\"image\":{\"@type\":\"ImageObject\",\"inLanguage\":\"de\",\"@id\":\"https:\/\/now-news.de\/de\/#\/schema\/person\/image\/\",\"url\":\"https:\/\/secure.gravatar.com\/avatar\/82aafea7d8127119dd649515f56e2117?s=96&d=mm&r=g\",\"contentUrl\":\"https:\/\/secure.gravatar.com\/avatar\/82aafea7d8127119dd649515f56e2117?s=96&d=mm&r=g\",\"caption\":\"rtnews\"},\"url\":\"https:\/\/now-news.de\/de\/author\/rnews\/\"}]}<\/script>\n<!-- \/ Yoast SEO Premium plugin. -->","yoast_head_json":{"title":"Die Schweiz und die Ukraine: Pfisters Weglassen von Kiews Mitschuld - just-now.NEWS Deutschland","robots":{"index":"index","follow":"follow","max-snippet":"max-snippet:-1","max-image-preview":"max-image-preview:large","max-video-preview":"max-video-preview:-1"},"canonical":"https:\/\/now-news.de\/de\/deutschland\/die-schweiz-und-die-ukraine-pfisters-weglassen-von-kiews-mitschuld\/","og_locale":"de_DE","og_type":"article","og_title":"Die Schweiz und die Ukraine: Pfisters Weglassen von Kiews Mitschuld","og_description":"Gerhard Pfister vergleicht die Ukraine mit Polen im Zweiten Weltkrieg und kritisiert den Westen f\u00fcr seine Haltung. Doch dabei \u00fcbersieht er, dass Kiew 2014 selbst einen Krieg gegen die russischsprachige Bev\u00f6lkerung im Osten begann. Pfister ignoriert diese Verantwortung, w\u00e4hrend er weiterhin vehement Waffenlieferungen unterst\u00fctzt. Von Hans-Ueli L\u00e4ppli Es ist wirklich kaum zu fassen, mit welchem [&hellip;]","og_url":"https:\/\/now-news.de\/de\/deutschland\/die-schweiz-und-die-ukraine-pfisters-weglassen-von-kiews-mitschuld\/","og_site_name":"just-now.NEWS Deutschland","article_publisher":"https:\/\/www.facebook.com\/wirmachenauf","article_published_time":"2025-03-02T05:37:28+00:00","og_image":[{"url":"https:\/\/now-news.de\/de\/wp-content\/uploads\/sites\/3\/2025\/03\/67c342eb48fbef310f63f1f7.jpg"}],"author":"rtnews","twitter_card":"summary_large_image","twitter_creator":"@WirMachenAuf_de","twitter_site":"@WirMachenAuf_de","twitter_misc":{"Verfasst von":"rtnews","Gesch\u00e4tzte Lesezeit":"3\u00a0Minuten"},"schema":{"@context":"https:\/\/schema.org","@graph":[{"@type":"Article","@id":"https:\/\/now-news.de\/de\/deutschland\/die-schweiz-und-die-ukraine-pfisters-weglassen-von-kiews-mitschuld\/#article","isPartOf":{"@id":"https:\/\/now-news.de\/de\/deutschland\/die-schweiz-und-die-ukraine-pfisters-weglassen-von-kiews-mitschuld\/"},"author":{"name":"rtnews","@id":"https:\/\/now-news.de\/de\/#\/schema\/person\/fb534a4e865501d8b3285208df34a9b5"},"headline":"Die Schweiz und die Ukraine: Pfisters Weglassen von Kiews Mitschuld","datePublished":"2025-03-02T05:37:28+00:00","dateModified":"2025-03-02T05:37:28+00:00","mainEntityOfPage":{"@id":"https:\/\/now-news.de\/de\/deutschland\/die-schweiz-und-die-ukraine-pfisters-weglassen-von-kiews-mitschuld\/"},"wordCount":662,"commentCount":0,"publisher":{"@id":"https:\/\/now-news.de\/de\/#organization"},"image":{"@id":"https:\/\/now-news.de\/de\/deutschland\/die-schweiz-und-die-ukraine-pfisters-weglassen-von-kiews-mitschuld\/#primaryimage"},"thumbnailUrl":"https:\/\/now-news.de\/de\/wp-content\/uploads\/sites\/3\/2025\/03\/Die-Schweiz-und-die-Ukraine-Pfisters-Weglassen-von-Kiews-Mitschuld.jpg","keywords":["die","Kiews","Mitschuld","Pfisters","schweiz","ukraine","und","von","Weglassen"],"articleSection":["Deutschland","Russland"],"inLanguage":"de","potentialAction":[{"@type":"CommentAction","name":"Comment","target":["https:\/\/now-news.de\/de\/deutschland\/die-schweiz-und-die-ukraine-pfisters-weglassen-von-kiews-mitschuld\/#respond"]}]},{"@type":"WebPage","@id":"https:\/\/now-news.de\/de\/deutschland\/die-schweiz-und-die-ukraine-pfisters-weglassen-von-kiews-mitschuld\/","url":"https:\/\/now-news.de\/de\/deutschland\/die-schweiz-und-die-ukraine-pfisters-weglassen-von-kiews-mitschuld\/","name":"Die Schweiz und die Ukraine: Pfisters Weglassen von Kiews Mitschuld - just-now.NEWS Deutschland","isPartOf":{"@id":"https:\/\/now-news.de\/de\/#website"},"primaryImageOfPage":{"@id":"https:\/\/now-news.de\/de\/deutschland\/die-schweiz-und-die-ukraine-pfisters-weglassen-von-kiews-mitschuld\/#primaryimage"},"image":{"@id":"https:\/\/now-news.de\/de\/deutschland\/die-schweiz-und-die-ukraine-pfisters-weglassen-von-kiews-mitschuld\/#primaryimage"},"thumbnailUrl":"https:\/\/now-news.de\/de\/wp-content\/uploads\/sites\/3\/2025\/03\/Die-Schweiz-und-die-Ukraine-Pfisters-Weglassen-von-Kiews-Mitschuld.jpg","datePublished":"2025-03-02T05:37:28+00:00","dateModified":"2025-03-02T05:37:28+00:00","breadcrumb":{"@id":"https:\/\/now-news.de\/de\/deutschland\/die-schweiz-und-die-ukraine-pfisters-weglassen-von-kiews-mitschuld\/#breadcrumb"},"inLanguage":"de","potentialAction":[{"@type":"ReadAction","target":["https:\/\/now-news.de\/de\/deutschland\/die-schweiz-und-die-ukraine-pfisters-weglassen-von-kiews-mitschuld\/"]}]},{"@type":"ImageObject","inLanguage":"de","@id":"https:\/\/now-news.de\/de\/deutschland\/die-schweiz-und-die-ukraine-pfisters-weglassen-von-kiews-mitschuld\/#primaryimage","url":"https:\/\/now-news.de\/de\/wp-content\/uploads\/sites\/3\/2025\/03\/Die-Schweiz-und-die-Ukraine-Pfisters-Weglassen-von-Kiews-Mitschuld.jpg","contentUrl":"https:\/\/now-news.de\/de\/wp-content\/uploads\/sites\/3\/2025\/03\/Die-Schweiz-und-die-Ukraine-Pfisters-Weglassen-von-Kiews-Mitschuld.jpg","width":460,"height":259,"caption":"Die Schweiz und die Ukraine: Pfisters Weglassen von Kiews Mitschuld"},{"@type":"BreadcrumbList","@id":"https:\/\/now-news.de\/de\/deutschland\/die-schweiz-und-die-ukraine-pfisters-weglassen-von-kiews-mitschuld\/#breadcrumb","itemListElement":[{"@type":"ListItem","position":1,"name":"Home","item":"https:\/\/now-news.de\/de\/"},{"@type":"ListItem","position":2,"name":"Die Schweiz und die Ukraine: Pfisters Weglassen von Kiews Mitschuld"}]},{"@type":"WebSite","@id":"https:\/\/now-news.de\/de\/#website","url":"https:\/\/now-news.de\/de\/","name":"just-now.NEWS Deutschland","description":"Das Portal f\u00fcr unzensierte Nachrichten aus der Welt","publisher":{"@id":"https:\/\/now-news.de\/de\/#organization"},"potentialAction":[{"@type":"SearchAction","target":{"@type":"EntryPoint","urlTemplate":"https:\/\/now-news.de\/de\/?s={search_term_string}"},"query-input":"required name=search_term_string"}],"inLanguage":"de"},{"@type":"Organization","@id":"https:\/\/now-news.de\/de\/#organization","name":"Just Now News","url":"https:\/\/now-news.de\/de\/","logo":{"@type":"ImageObject","inLanguage":"de","@id":"https:\/\/now-news.de\/de\/#\/schema\/logo\/image\/","url":"http:\/\/just-now.news\/de\/wp-content\/uploads\/sites\/3\/2022\/04\/logo500x500.jpg","contentUrl":"http:\/\/just-now.news\/de\/wp-content\/uploads\/sites\/3\/2022\/04\/logo500x500.jpg","width":500,"height":500,"caption":"Just Now News"},"image":{"@id":"https:\/\/now-news.de\/de\/#\/schema\/logo\/image\/"},"sameAs":["https:\/\/www.facebook.com\/wirmachenauf","https:\/\/x.com\/WirMachenAuf_de"]},{"@type":"Person","@id":"https:\/\/now-news.de\/de\/#\/schema\/person\/fb534a4e865501d8b3285208df34a9b5","name":"rtnews","image":{"@type":"ImageObject","inLanguage":"de","@id":"https:\/\/now-news.de\/de\/#\/schema\/person\/image\/","url":"https:\/\/secure.gravatar.com\/avatar\/82aafea7d8127119dd649515f56e2117?s=96&d=mm&r=g","contentUrl":"https:\/\/secure.gravatar.com\/avatar\/82aafea7d8127119dd649515f56e2117?s=96&d=mm&r=g","caption":"rtnews"},"url":"https:\/\/now-news.de\/de\/author\/rnews\/"}]}},"_links":{"self":[{"href":"https:\/\/now-news.de\/de\/wp-json\/wp\/v2\/posts\/79516"}],"collection":[{"href":"https:\/\/now-news.de\/de\/wp-json\/wp\/v2\/posts"}],"about":[{"href":"https:\/\/now-news.de\/de\/wp-json\/wp\/v2\/types\/post"}],"author":[{"embeddable":true,"href":"https:\/\/now-news.de\/de\/wp-json\/wp\/v2\/users\/3"}],"replies":[{"embeddable":true,"href":"https:\/\/now-news.de\/de\/wp-json\/wp\/v2\/comments?post=79516"}],"version-history":[{"count":0,"href":"https:\/\/now-news.de\/de\/wp-json\/wp\/v2\/posts\/79516\/revisions"}],"wp:featuredmedia":[{"embeddable":true,"href":"https:\/\/now-news.de\/de\/wp-json\/wp\/v2\/media\/79517"}],"wp:attachment":[{"href":"https:\/\/now-news.de\/de\/wp-json\/wp\/v2\/media?parent=79516"}],"wp:term":[{"taxonomy":"category","embeddable":true,"href":"https:\/\/now-news.de\/de\/wp-json\/wp\/v2\/categories?post=79516"},{"taxonomy":"post_tag","embeddable":true,"href":"https:\/\/now-news.de\/de\/wp-json\/wp\/v2\/tags?post=79516"}],"curies":[{"name":"wp","href":"https:\/\/api.w.org\/{rel}","templated":true}]}}