{"id":79512,"date":"2025-03-01T22:57:08","date_gmt":"2025-03-01T20:57:08","guid":{"rendered":"https:\/\/now-news.de\/de\/deutschland\/orban-in-budapest-finden-keine-gay-pride-veranstaltungen-mehr-statt\/"},"modified":"2025-03-01T22:57:08","modified_gmt":"2025-03-01T20:57:08","slug":"orban-in-budapest-finden-keine-gay-pride-veranstaltungen-mehr-statt","status":"publish","type":"post","link":"https:\/\/now-news.de\/de\/deutschland\/orban-in-budapest-finden-keine-gay-pride-veranstaltungen-mehr-statt\/","title":{"rendered":"Orb\u00e1n: In Budapest finden keine Gay-Pride-Veranstaltungen mehr statt"},"content":{"rendered":"<p><img decoding=\"async\" src=\"https:\/\/now-news.de\/de\/wp-content\/uploads\/sites\/3\/2025\/03\/67c2cb6948fbef2ff85609de.jpg\" \/><\/p>\n<div class=\"Text-root Text-type_1 \">\n                In der ungarischen Hauptstadt wird es laut Ministerpr\u00e4sident Viktor Orb\u00e1n keine Schwulenparaden mehr geben. Der US-Botschafter in Ungarn, David Pressman, habe das Land verlassen, sodass derartige Veranstaltungen in Budapest keinen Schutz mehr h\u00e4tten.\n            <\/div>\n<p><\/p>\n<div class=\"Text-root Text-type_5 ArticleView-text ViewText-root \">\n<p>Ungarns Premierminister Viktor Orb\u00e1n hat k\u00fcrzlich in einem Interview angek\u00fcndigt, dass in Budapest keine &#8220;Gay-Pride&#8221;-Paraden mehr stattfinden werden. &#8220;Das Genderfieber hat uns noch nicht erfasst, obwohl wir einen enormen Druck seitens der westlichen Welt versp\u00fcren&#8221;, erkl\u00e4rte er im Gespr\u00e4ch mit dem Radiosender\u00a0<em>Kossuth<\/em>. Und weiter:<\/p>\n<blockquote>\n<p><em>&#8220;In Ungarn unterbinden wir das. Der US-amerikanische Botschafter, der zuvor den Budapester Pride-Umzug angef\u00fchrt hatte, ist bereits abgereist, sodass die Veranstaltung nicht mehr unter internationalem Schutz steht und nicht stattfinden wird.&#8221;<\/em><\/p>\n<\/blockquote>\n<p>David Pressman, der ehemalige US-Botschafter in Ungarn, der sich offen\u00a0zu seiner Homosexualit\u00e4t\u00a0bekennt, hat das Land im Januar verlassen. Einen neuen Botschafter hat Washington bislang nicht ernannt. Der Fraktionsvorsitzende\u00a0der ungarischen Regierungspartei Fidesz, M\u00e1t\u00e9 Kocsis, schrieb damals auf Facebook, Pressman habe jene Parteien organisiert und finanziert, deren Ziel der Sturz der souver\u00e4nen Regierung Ungarns gewesen sei. Au\u00dferdem initiierte der Ex-US-Botschafter laut dem Fidesz-Politiker Proteste im Land.<\/p>\n<p>Gergely Guly\u00e1s, der Kanzleramtschef des ungarischen Ministerpr\u00e4sidenten, hat am Mittwoch bei einer Veranstaltung in Budapest <a rel=\"nofollow noopener\" target=\"_blank\" href=\"https:\/\/dailynewshungary.com\/de\/government-hungary-liberal-unlike-brussels\/\">bekannt gegeben<\/a>, dass die Regierung mehrere Vorschl\u00e4ge zur \u00c4nderung der ungarischen Verfassung vorlegen werde. Die Verfassung werde festlegen, dass &#8220;es zwei Geschlechter gibt: weiblich und m\u00e4nnlich&#8221;, sagte er.<\/p>\n<p>Zuvor teilte Guly\u00e1s mit, dass Orb\u00e1n den Fidesz-Europaabgeordneten Andr\u00e1s L\u00e1szl\u00f3 damit beauftragt habe, die Auslandsfinanzierungsprogramme der US-amerikanischen Entwicklungshilfeorganisation USAID in Bezug auf Ungarn zu untersuchen. Der Kanzleramtschef bezeichnete den Fall als &#8220;gr\u00f6\u00dften Korruptionsskandal in der westlichen Welt&#8221;.<\/p>\n<p>Die regierende Koalition aus Christdemokraten und der Fidesz-Partei will dem Parlament &#8220;innerhalb weniger Wochen&#8221; Gesetzesvorschl\u00e4ge und m\u00f6glicherweise sogar Verfassungs\u00e4nderungsvorschl\u00e4ge vorlegen, die auf die Bek\u00e4mpfung ausl\u00e4ndischer Einmischung in \u00f6ffentliche Angelegenheiten abzielen, betonte Guly\u00e1s.\u00a0<\/p>\n<p><strong>Mehr zum Thema<\/strong> &#8211; <a rel=\"nofollow noopener\" target=\"_blank\" href=\"https:\/\/freedert.online\/europa\/220527-szijjarto-eu-druck-bei-migrationspolitik\/\">Szijj\u00e1rt\u00f3: EU-Druck bei Migrationspolitik verletzt Ungarns Souver\u00e4nit\u00e4t<\/a><\/p>\n<div class=\"EmbedBlock-root EmbedBlock-externalVideo EmbedBlock-rumble\">\n<div class=\"VkEmbed\"><iframe class=\"lazyload\" data-src=\"https:\/\/rumble.com\/embed\/v6nox5i\" frameborder=\"0\" width=\"853\" height=\"480\" allowfullscreen><\/iframe><\/div>\n<\/div>\n<\/div>\n<p><br \/>\n<br \/><a href=\"https:\/\/de.rt.com\/international\/238361-orban-in-budapest-finden-keine\/\">Source link <\/a><\/p>\n","protected":false},"excerpt":{"rendered":"<p>In der ungarischen Hauptstadt wird es laut Ministerpr\u00e4sident Viktor Orb\u00e1n keine Schwulenparaden mehr geben. Der US-Botschafter in Ungarn, David Pressman, habe das Land verlassen, sodass derartige Veranstaltungen in Budapest keinen Schutz mehr h\u00e4tten. Ungarns Premierminister Viktor Orb\u00e1n hat k\u00fcrzlich in einem Interview angek\u00fcndigt, dass in Budapest keine &#8220;Gay-Pride&#8221;-Paraden mehr stattfinden werden. &#8220;Das Genderfieber hat uns [&hellip;]<\/p>\n","protected":false},"author":3,"featured_media":79513,"comment_status":"open","ping_status":"open","sticky":false,"template":"","format":"standard","meta":{"_yoast_indexnow_last_ping":["1740863251"],"wp_automatic_camp":["217"],"f40f402309136e4d3b56b081be312bae":["Orb\u00e1n: In Budapest finden keine Gay-Pride-Veranstaltungen mehr statt"],"original_link":["https:\/\/de.rt.com\/international\/238361-orban-in-budapest-finden-keine\/"],"_thumbnail_id":["79513"],"jnews_social_counter_last_update":["1777270196"],"_wptgpro_p2tg_sent2tg":["a:1:{i:23737;s:19:\"2025-03-01 23:08:35\";}"]},"categories":[19,23],"tags":[10836,14143,63161,375,2063,6397,6396],"yoast_head":"<!-- This site is optimized with the Yoast SEO Premium plugin v22.7 (Yoast SEO v22.7) - https:\/\/yoast.com\/wordpress\/plugins\/seo\/ -->\n<title>Orb\u00e1n: In Budapest finden keine Gay-Pride-Veranstaltungen mehr statt - just-now.NEWS Deutschland<\/title>\n<meta name=\"robots\" content=\"index, follow, max-snippet:-1, max-image-preview:large, max-video-preview:-1\" \/>\n<link rel=\"canonical\" href=\"https:\/\/now-news.de\/de\/deutschland\/orban-in-budapest-finden-keine-gay-pride-veranstaltungen-mehr-statt\/\" \/>\n<meta property=\"og:locale\" content=\"de_DE\" \/>\n<meta property=\"og:type\" content=\"article\" \/>\n<meta property=\"og:title\" content=\"Orb\u00e1n: In Budapest finden keine Gay-Pride-Veranstaltungen mehr statt\" \/>\n<meta property=\"og:description\" content=\"In der ungarischen Hauptstadt wird es laut Ministerpr\u00e4sident Viktor Orb\u00e1n keine Schwulenparaden mehr geben. Der US-Botschafter in Ungarn, David Pressman, habe das Land verlassen, sodass derartige Veranstaltungen in Budapest keinen Schutz mehr h\u00e4tten. Ungarns Premierminister Viktor Orb\u00e1n hat k\u00fcrzlich in einem Interview angek\u00fcndigt, dass in Budapest keine &#8220;Gay-Pride&#8221;-Paraden mehr stattfinden werden. &#8220;Das Genderfieber hat uns [&hellip;]\" \/>\n<meta property=\"og:url\" content=\"https:\/\/now-news.de\/de\/deutschland\/orban-in-budapest-finden-keine-gay-pride-veranstaltungen-mehr-statt\/\" \/>\n<meta property=\"og:site_name\" content=\"just-now.NEWS Deutschland\" \/>\n<meta property=\"article:publisher\" content=\"https:\/\/www.facebook.com\/wirmachenauf\" \/>\n<meta property=\"article:published_time\" content=\"2025-03-01T20:57:08+00:00\" \/>\n<meta property=\"og:image\" content=\"https:\/\/now-news.de\/de\/wp-content\/uploads\/sites\/3\/2025\/03\/67c2cb6948fbef2ff85609de.jpg\" \/>\n<meta name=\"author\" content=\"rtnews\" \/>\n<meta name=\"twitter:card\" content=\"summary_large_image\" \/>\n<meta name=\"twitter:creator\" content=\"@WirMachenAuf_de\" \/>\n<meta name=\"twitter:site\" content=\"@WirMachenAuf_de\" \/>\n<meta name=\"twitter:label1\" content=\"Verfasst von\" \/>\n\t<meta name=\"twitter:data1\" content=\"rtnews\" \/>\n\t<meta name=\"twitter:label2\" content=\"Gesch\u00e4tzte Lesezeit\" \/>\n\t<meta name=\"twitter:data2\" content=\"2\u00a0Minuten\" \/>\n<script type=\"application\/ld+json\" class=\"yoast-schema-graph\">{\"@context\":\"https:\/\/schema.org\",\"@graph\":[{\"@type\":\"Article\",\"@id\":\"https:\/\/now-news.de\/de\/deutschland\/orban-in-budapest-finden-keine-gay-pride-veranstaltungen-mehr-statt\/#article\",\"isPartOf\":{\"@id\":\"https:\/\/now-news.de\/de\/deutschland\/orban-in-budapest-finden-keine-gay-pride-veranstaltungen-mehr-statt\/\"},\"author\":{\"name\":\"rtnews\",\"@id\":\"https:\/\/now-news.de\/de\/#\/schema\/person\/fb534a4e865501d8b3285208df34a9b5\"},\"headline\":\"Orb\u00e1n: In Budapest finden keine Gay-Pride-Veranstaltungen mehr statt\",\"datePublished\":\"2025-03-01T20:57:08+00:00\",\"dateModified\":\"2025-03-01T20:57:08+00:00\",\"mainEntityOfPage\":{\"@id\":\"https:\/\/now-news.de\/de\/deutschland\/orban-in-budapest-finden-keine-gay-pride-veranstaltungen-mehr-statt\/\"},\"wordCount\":345,\"commentCount\":0,\"publisher\":{\"@id\":\"https:\/\/now-news.de\/de\/#organization\"},\"image\":{\"@id\":\"https:\/\/now-news.de\/de\/deutschland\/orban-in-budapest-finden-keine-gay-pride-veranstaltungen-mehr-statt\/#primaryimage\"},\"thumbnailUrl\":\"https:\/\/now-news.de\/de\/wp-content\/uploads\/sites\/3\/2025\/03\/Orban-In-Budapest-finden-keine-Gay-Pride-Veranstaltungen-mehr-statt.jpg\",\"keywords\":[\"Budapest\",\"finden\",\"GayPrideVeranstaltungen\",\"keine\",\"mehr\",\"Orb\u00e1n\",\"Statt\"],\"articleSection\":[\"Deutschland\",\"Russland\"],\"inLanguage\":\"de\",\"potentialAction\":[{\"@type\":\"CommentAction\",\"name\":\"Comment\",\"target\":[\"https:\/\/now-news.de\/de\/deutschland\/orban-in-budapest-finden-keine-gay-pride-veranstaltungen-mehr-statt\/#respond\"]}]},{\"@type\":\"WebPage\",\"@id\":\"https:\/\/now-news.de\/de\/deutschland\/orban-in-budapest-finden-keine-gay-pride-veranstaltungen-mehr-statt\/\",\"url\":\"https:\/\/now-news.de\/de\/deutschland\/orban-in-budapest-finden-keine-gay-pride-veranstaltungen-mehr-statt\/\",\"name\":\"Orb\u00e1n: In Budapest finden keine Gay-Pride-Veranstaltungen mehr statt - just-now.NEWS Deutschland\",\"isPartOf\":{\"@id\":\"https:\/\/now-news.de\/de\/#website\"},\"primaryImageOfPage\":{\"@id\":\"https:\/\/now-news.de\/de\/deutschland\/orban-in-budapest-finden-keine-gay-pride-veranstaltungen-mehr-statt\/#primaryimage\"},\"image\":{\"@id\":\"https:\/\/now-news.de\/de\/deutschland\/orban-in-budapest-finden-keine-gay-pride-veranstaltungen-mehr-statt\/#primaryimage\"},\"thumbnailUrl\":\"https:\/\/now-news.de\/de\/wp-content\/uploads\/sites\/3\/2025\/03\/Orban-In-Budapest-finden-keine-Gay-Pride-Veranstaltungen-mehr-statt.jpg\",\"datePublished\":\"2025-03-01T20:57:08+00:00\",\"dateModified\":\"2025-03-01T20:57:08+00:00\",\"breadcrumb\":{\"@id\":\"https:\/\/now-news.de\/de\/deutschland\/orban-in-budapest-finden-keine-gay-pride-veranstaltungen-mehr-statt\/#breadcrumb\"},\"inLanguage\":\"de\",\"potentialAction\":[{\"@type\":\"ReadAction\",\"target\":[\"https:\/\/now-news.de\/de\/deutschland\/orban-in-budapest-finden-keine-gay-pride-veranstaltungen-mehr-statt\/\"]}]},{\"@type\":\"ImageObject\",\"inLanguage\":\"de\",\"@id\":\"https:\/\/now-news.de\/de\/deutschland\/orban-in-budapest-finden-keine-gay-pride-veranstaltungen-mehr-statt\/#primaryimage\",\"url\":\"https:\/\/now-news.de\/de\/wp-content\/uploads\/sites\/3\/2025\/03\/Orban-In-Budapest-finden-keine-Gay-Pride-Veranstaltungen-mehr-statt.jpg\",\"contentUrl\":\"https:\/\/now-news.de\/de\/wp-content\/uploads\/sites\/3\/2025\/03\/Orban-In-Budapest-finden-keine-Gay-Pride-Veranstaltungen-mehr-statt.jpg\",\"width\":460,\"height\":259,\"caption\":\"Orb\u00e1n: In Budapest finden keine Gay-Pride-Veranstaltungen mehr statt\"},{\"@type\":\"BreadcrumbList\",\"@id\":\"https:\/\/now-news.de\/de\/deutschland\/orban-in-budapest-finden-keine-gay-pride-veranstaltungen-mehr-statt\/#breadcrumb\",\"itemListElement\":[{\"@type\":\"ListItem\",\"position\":1,\"name\":\"Home\",\"item\":\"https:\/\/now-news.de\/de\/\"},{\"@type\":\"ListItem\",\"position\":2,\"name\":\"Orb\u00e1n: In Budapest finden keine Gay-Pride-Veranstaltungen mehr statt\"}]},{\"@type\":\"WebSite\",\"@id\":\"https:\/\/now-news.de\/de\/#website\",\"url\":\"https:\/\/now-news.de\/de\/\",\"name\":\"just-now.NEWS Deutschland\",\"description\":\"Das Portal f\u00fcr unzensierte Nachrichten aus der Welt\",\"publisher\":{\"@id\":\"https:\/\/now-news.de\/de\/#organization\"},\"potentialAction\":[{\"@type\":\"SearchAction\",\"target\":{\"@type\":\"EntryPoint\",\"urlTemplate\":\"https:\/\/now-news.de\/de\/?s={search_term_string}\"},\"query-input\":\"required name=search_term_string\"}],\"inLanguage\":\"de\"},{\"@type\":\"Organization\",\"@id\":\"https:\/\/now-news.de\/de\/#organization\",\"name\":\"Just Now News\",\"url\":\"https:\/\/now-news.de\/de\/\",\"logo\":{\"@type\":\"ImageObject\",\"inLanguage\":\"de\",\"@id\":\"https:\/\/now-news.de\/de\/#\/schema\/logo\/image\/\",\"url\":\"http:\/\/just-now.news\/de\/wp-content\/uploads\/sites\/3\/2022\/04\/logo500x500.jpg\",\"contentUrl\":\"http:\/\/just-now.news\/de\/wp-content\/uploads\/sites\/3\/2022\/04\/logo500x500.jpg\",\"width\":500,\"height\":500,\"caption\":\"Just Now News\"},\"image\":{\"@id\":\"https:\/\/now-news.de\/de\/#\/schema\/logo\/image\/\"},\"sameAs\":[\"https:\/\/www.facebook.com\/wirmachenauf\",\"https:\/\/x.com\/WirMachenAuf_de\"]},{\"@type\":\"Person\",\"@id\":\"https:\/\/now-news.de\/de\/#\/schema\/person\/fb534a4e865501d8b3285208df34a9b5\",\"name\":\"rtnews\",\"image\":{\"@type\":\"ImageObject\",\"inLanguage\":\"de\",\"@id\":\"https:\/\/now-news.de\/de\/#\/schema\/person\/image\/\",\"url\":\"https:\/\/secure.gravatar.com\/avatar\/82aafea7d8127119dd649515f56e2117?s=96&d=mm&r=g\",\"contentUrl\":\"https:\/\/secure.gravatar.com\/avatar\/82aafea7d8127119dd649515f56e2117?s=96&d=mm&r=g\",\"caption\":\"rtnews\"},\"url\":\"https:\/\/now-news.de\/de\/author\/rnews\/\"}]}<\/script>\n<!-- \/ Yoast SEO Premium plugin. -->","yoast_head_json":{"title":"Orb\u00e1n: In Budapest finden keine Gay-Pride-Veranstaltungen mehr statt - just-now.NEWS Deutschland","robots":{"index":"index","follow":"follow","max-snippet":"max-snippet:-1","max-image-preview":"max-image-preview:large","max-video-preview":"max-video-preview:-1"},"canonical":"https:\/\/now-news.de\/de\/deutschland\/orban-in-budapest-finden-keine-gay-pride-veranstaltungen-mehr-statt\/","og_locale":"de_DE","og_type":"article","og_title":"Orb\u00e1n: In Budapest finden keine Gay-Pride-Veranstaltungen mehr statt","og_description":"In der ungarischen Hauptstadt wird es laut Ministerpr\u00e4sident Viktor Orb\u00e1n keine Schwulenparaden mehr geben. Der US-Botschafter in Ungarn, David Pressman, habe das Land verlassen, sodass derartige Veranstaltungen in Budapest keinen Schutz mehr h\u00e4tten. Ungarns Premierminister Viktor Orb\u00e1n hat k\u00fcrzlich in einem Interview angek\u00fcndigt, dass in Budapest keine &#8220;Gay-Pride&#8221;-Paraden mehr stattfinden werden. &#8220;Das Genderfieber hat uns [&hellip;]","og_url":"https:\/\/now-news.de\/de\/deutschland\/orban-in-budapest-finden-keine-gay-pride-veranstaltungen-mehr-statt\/","og_site_name":"just-now.NEWS Deutschland","article_publisher":"https:\/\/www.facebook.com\/wirmachenauf","article_published_time":"2025-03-01T20:57:08+00:00","og_image":[{"url":"https:\/\/now-news.de\/de\/wp-content\/uploads\/sites\/3\/2025\/03\/67c2cb6948fbef2ff85609de.jpg"}],"author":"rtnews","twitter_card":"summary_large_image","twitter_creator":"@WirMachenAuf_de","twitter_site":"@WirMachenAuf_de","twitter_misc":{"Verfasst von":"rtnews","Gesch\u00e4tzte Lesezeit":"2\u00a0Minuten"},"schema":{"@context":"https:\/\/schema.org","@graph":[{"@type":"Article","@id":"https:\/\/now-news.de\/de\/deutschland\/orban-in-budapest-finden-keine-gay-pride-veranstaltungen-mehr-statt\/#article","isPartOf":{"@id":"https:\/\/now-news.de\/de\/deutschland\/orban-in-budapest-finden-keine-gay-pride-veranstaltungen-mehr-statt\/"},"author":{"name":"rtnews","@id":"https:\/\/now-news.de\/de\/#\/schema\/person\/fb534a4e865501d8b3285208df34a9b5"},"headline":"Orb\u00e1n: In Budapest finden keine Gay-Pride-Veranstaltungen mehr statt","datePublished":"2025-03-01T20:57:08+00:00","dateModified":"2025-03-01T20:57:08+00:00","mainEntityOfPage":{"@id":"https:\/\/now-news.de\/de\/deutschland\/orban-in-budapest-finden-keine-gay-pride-veranstaltungen-mehr-statt\/"},"wordCount":345,"commentCount":0,"publisher":{"@id":"https:\/\/now-news.de\/de\/#organization"},"image":{"@id":"https:\/\/now-news.de\/de\/deutschland\/orban-in-budapest-finden-keine-gay-pride-veranstaltungen-mehr-statt\/#primaryimage"},"thumbnailUrl":"https:\/\/now-news.de\/de\/wp-content\/uploads\/sites\/3\/2025\/03\/Orban-In-Budapest-finden-keine-Gay-Pride-Veranstaltungen-mehr-statt.jpg","keywords":["Budapest","finden","GayPrideVeranstaltungen","keine","mehr","Orb\u00e1n","Statt"],"articleSection":["Deutschland","Russland"],"inLanguage":"de","potentialAction":[{"@type":"CommentAction","name":"Comment","target":["https:\/\/now-news.de\/de\/deutschland\/orban-in-budapest-finden-keine-gay-pride-veranstaltungen-mehr-statt\/#respond"]}]},{"@type":"WebPage","@id":"https:\/\/now-news.de\/de\/deutschland\/orban-in-budapest-finden-keine-gay-pride-veranstaltungen-mehr-statt\/","url":"https:\/\/now-news.de\/de\/deutschland\/orban-in-budapest-finden-keine-gay-pride-veranstaltungen-mehr-statt\/","name":"Orb\u00e1n: In Budapest finden keine Gay-Pride-Veranstaltungen mehr statt - just-now.NEWS Deutschland","isPartOf":{"@id":"https:\/\/now-news.de\/de\/#website"},"primaryImageOfPage":{"@id":"https:\/\/now-news.de\/de\/deutschland\/orban-in-budapest-finden-keine-gay-pride-veranstaltungen-mehr-statt\/#primaryimage"},"image":{"@id":"https:\/\/now-news.de\/de\/deutschland\/orban-in-budapest-finden-keine-gay-pride-veranstaltungen-mehr-statt\/#primaryimage"},"thumbnailUrl":"https:\/\/now-news.de\/de\/wp-content\/uploads\/sites\/3\/2025\/03\/Orban-In-Budapest-finden-keine-Gay-Pride-Veranstaltungen-mehr-statt.jpg","datePublished":"2025-03-01T20:57:08+00:00","dateModified":"2025-03-01T20:57:08+00:00","breadcrumb":{"@id":"https:\/\/now-news.de\/de\/deutschland\/orban-in-budapest-finden-keine-gay-pride-veranstaltungen-mehr-statt\/#breadcrumb"},"inLanguage":"de","potentialAction":[{"@type":"ReadAction","target":["https:\/\/now-news.de\/de\/deutschland\/orban-in-budapest-finden-keine-gay-pride-veranstaltungen-mehr-statt\/"]}]},{"@type":"ImageObject","inLanguage":"de","@id":"https:\/\/now-news.de\/de\/deutschland\/orban-in-budapest-finden-keine-gay-pride-veranstaltungen-mehr-statt\/#primaryimage","url":"https:\/\/now-news.de\/de\/wp-content\/uploads\/sites\/3\/2025\/03\/Orban-In-Budapest-finden-keine-Gay-Pride-Veranstaltungen-mehr-statt.jpg","contentUrl":"https:\/\/now-news.de\/de\/wp-content\/uploads\/sites\/3\/2025\/03\/Orban-In-Budapest-finden-keine-Gay-Pride-Veranstaltungen-mehr-statt.jpg","width":460,"height":259,"caption":"Orb\u00e1n: In Budapest finden keine Gay-Pride-Veranstaltungen mehr statt"},{"@type":"BreadcrumbList","@id":"https:\/\/now-news.de\/de\/deutschland\/orban-in-budapest-finden-keine-gay-pride-veranstaltungen-mehr-statt\/#breadcrumb","itemListElement":[{"@type":"ListItem","position":1,"name":"Home","item":"https:\/\/now-news.de\/de\/"},{"@type":"ListItem","position":2,"name":"Orb\u00e1n: In Budapest finden keine Gay-Pride-Veranstaltungen mehr statt"}]},{"@type":"WebSite","@id":"https:\/\/now-news.de\/de\/#website","url":"https:\/\/now-news.de\/de\/","name":"just-now.NEWS Deutschland","description":"Das Portal f\u00fcr unzensierte Nachrichten aus der Welt","publisher":{"@id":"https:\/\/now-news.de\/de\/#organization"},"potentialAction":[{"@type":"SearchAction","target":{"@type":"EntryPoint","urlTemplate":"https:\/\/now-news.de\/de\/?s={search_term_string}"},"query-input":"required name=search_term_string"}],"inLanguage":"de"},{"@type":"Organization","@id":"https:\/\/now-news.de\/de\/#organization","name":"Just Now News","url":"https:\/\/now-news.de\/de\/","logo":{"@type":"ImageObject","inLanguage":"de","@id":"https:\/\/now-news.de\/de\/#\/schema\/logo\/image\/","url":"http:\/\/just-now.news\/de\/wp-content\/uploads\/sites\/3\/2022\/04\/logo500x500.jpg","contentUrl":"http:\/\/just-now.news\/de\/wp-content\/uploads\/sites\/3\/2022\/04\/logo500x500.jpg","width":500,"height":500,"caption":"Just Now News"},"image":{"@id":"https:\/\/now-news.de\/de\/#\/schema\/logo\/image\/"},"sameAs":["https:\/\/www.facebook.com\/wirmachenauf","https:\/\/x.com\/WirMachenAuf_de"]},{"@type":"Person","@id":"https:\/\/now-news.de\/de\/#\/schema\/person\/fb534a4e865501d8b3285208df34a9b5","name":"rtnews","image":{"@type":"ImageObject","inLanguage":"de","@id":"https:\/\/now-news.de\/de\/#\/schema\/person\/image\/","url":"https:\/\/secure.gravatar.com\/avatar\/82aafea7d8127119dd649515f56e2117?s=96&d=mm&r=g","contentUrl":"https:\/\/secure.gravatar.com\/avatar\/82aafea7d8127119dd649515f56e2117?s=96&d=mm&r=g","caption":"rtnews"},"url":"https:\/\/now-news.de\/de\/author\/rnews\/"}]}},"_links":{"self":[{"href":"https:\/\/now-news.de\/de\/wp-json\/wp\/v2\/posts\/79512"}],"collection":[{"href":"https:\/\/now-news.de\/de\/wp-json\/wp\/v2\/posts"}],"about":[{"href":"https:\/\/now-news.de\/de\/wp-json\/wp\/v2\/types\/post"}],"author":[{"embeddable":true,"href":"https:\/\/now-news.de\/de\/wp-json\/wp\/v2\/users\/3"}],"replies":[{"embeddable":true,"href":"https:\/\/now-news.de\/de\/wp-json\/wp\/v2\/comments?post=79512"}],"version-history":[{"count":0,"href":"https:\/\/now-news.de\/de\/wp-json\/wp\/v2\/posts\/79512\/revisions"}],"wp:featuredmedia":[{"embeddable":true,"href":"https:\/\/now-news.de\/de\/wp-json\/wp\/v2\/media\/79513"}],"wp:attachment":[{"href":"https:\/\/now-news.de\/de\/wp-json\/wp\/v2\/media?parent=79512"}],"wp:term":[{"taxonomy":"category","embeddable":true,"href":"https:\/\/now-news.de\/de\/wp-json\/wp\/v2\/categories?post=79512"},{"taxonomy":"post_tag","embeddable":true,"href":"https:\/\/now-news.de\/de\/wp-json\/wp\/v2\/tags?post=79512"}],"curies":[{"name":"wp","href":"https:\/\/api.w.org\/{rel}","templated":true}]}}