{"id":79474,"date":"2025-03-01T13:44:41","date_gmt":"2025-03-01T11:44:41","guid":{"rendered":"https:\/\/now-news.de\/de\/deutschland\/acht-abweichler-bei-der-spd-wackelt-die-mehrheit-fuer-moeglichen-kanzler-merz\/"},"modified":"2025-03-01T13:44:41","modified_gmt":"2025-03-01T11:44:41","slug":"acht-abweichler-bei-der-spd-wackelt-die-mehrheit-fuer-moeglichen-kanzler-merz","status":"publish","type":"post","link":"https:\/\/now-news.de\/de\/deutschland\/acht-abweichler-bei-der-spd-wackelt-die-mehrheit-fuer-moeglichen-kanzler-merz\/","title":{"rendered":"Acht Abweichler bei der SPD: Wackelt die Mehrheit f\u00fcr m\u00f6glichen Kanzler Merz?"},"content":{"rendered":"<p><img decoding=\"async\" src=\"https:\/\/now-news.de\/de\/wp-content\/uploads\/sites\/3\/2025\/03\/67c2eb2eb480cc2faa603b10.jpg\" \/><\/p>\n<div class=\"Text-root Text-type_1 \">\n                Im &#8220;linken&#8221; Fl\u00fcgel der SPD g\u00e4rt es. So k\u00fcndigten vier Bundestagsabgeordnete der 16-Prozent-Partei an, nicht f\u00fcr CDU-Chef Friedrich Merz als n\u00e4chsten Kanzler stimmen zu wollen, vier weitere sind noch unschl\u00fcssig. Fehlen am Ende 13 Stimmen, kann es keine Neuauflage der &#8220;GroKo&#8221; geben.\n            <\/div>\n<p><\/p>\n<div class=\"Text-root Text-type_5 ArticleView-text ViewText-root \">\n<p>F\u00fcr viele ist die Kanzlerschaft des CDU-Politikers Friedrich Merz bereits beschlossene Sache. F\u00fcr einige Bundestagsabgeordnete des potenziellen Koalitionspartners SPD allerdings nicht.<\/p>\n<p>Denn auch wenn die Verhandlungen \u00fcber eine gemeinsame m\u00f6gliche Regierung in den n\u00e4chsten Wochen ohne Widerstand \u00fcber die B\u00fchne gehen, hat eine schwarz-rote Koalition aus Union und SPD nur eine knappe Mehrheit von zw\u00f6lf Stimmen im Bundestag. Und von diesem Dutzend sagen bereits jetzt die SPD-Abgeordneten Jan Dieren, Annika Klose, Angelika Gl\u00f6ckner und Rasha Nasr laut <em>FAZ<\/em>, dass sie nicht f\u00fcr Merz stimmen, da ihnen dieser zu reaktion\u00e4r, zu konservativ sei. Vier weitere Abgeordnete: Bettina Hagedorn, Sebastian Roloff, Daniel Rump und Ralf Stegner, \u00e4u\u00dfern grunds\u00e4tzliche Bedenken gegen einen Kanzler Merz. Der SPD-Abgeordnete Roloff berichtet sogar noch von weiteren m\u00f6glichen Abweichlern:<\/p>\n<p><em>&#8220;Ich wei\u00df von deutlich mehr als drei H\u00e4nden voll \u2013 womit die Mehrheit ja schon wackeln w\u00fcrde \u2013, die sich mit einer schwarz-roten Koalition sehr schwertun.&#8221;<\/em><\/p>\n<p>Er betont auch: &#8220;Ich muss Friedrich Merz meine Stimme nicht geben, wenn er zum Bundeskanzler gew\u00e4hlt werden sollte. Ich bin nur meinem Gewissen verpflichtet.&#8221; Annika Klose meint: &#8220;Wie soll ich meine Hand f\u00fcr Friedrich Merz heben? Die politischen Gr\u00e4ben sind sehr tief. Das ist nicht mehr die Merkel-CDU. Merz und Linnemann sind sehr weit rechts, sehr konservativ, sehr neoliberal.&#8221;<\/p>\n<p>Weitere Sozialdemokraten weisen darauf hin, dass es bei der Wahl von Lars Klingbeil zum SPD-Fraktionschef 13 Nein-Stimmen, drei Enthaltungen und zwei Abgeordnete gab, die ihre Stimmzettel ung\u00fcltig gemacht hatten. Das wird in der Fraktion so interpretiert, dass 18 Mitglieder dem neuen Vorsitzenden nicht folgen \u2013 was die Fraktionsdisziplin bei der anstehenden Kanzlerwahl weiter verringert. Besonders die einmalige Abstimmung mit der AfD im Bundestag wird Merz vonseiten der SPD vorgeworfen. Politischen Beobachtern ist allerdings klar: Die Genossen, die 2025 ihr schlechtestes Wahlergebnis seit den Zeiten von Otto von Bismarck eingefahren haben, pokern besonders hoch, um ihre politische Agenda in einer neuen &#8220;Gro\u00dfen Koalition&#8221; zu verwirklichen. Denn sie wissen, dass Merz aufgrund seiner sich selbst verordneten &#8220;Brandmauerpolitik&#8221; keine Alternative\u00a0zu ihnen hat.\u00a0<\/p>\n<p><strong>Mehr zum Thema \u2012<\/strong><em>\u00a0<\/em><a rel=\"nofollow noopener\" target=\"_blank\" href=\"https:\/\/freedert.online\/meinung\/238046-nach-wahlkrampf-buergerfanfare-fuer-groko\/\">Nach dem Wahlkrampf: Die GroKo, Merz Spezial Dragees und 395.000 Stimmen f\u00fcr Robert<\/a><\/p>\n<\/div>\n<p><br \/>\n<br \/><a href=\"https:\/\/de.rt.com\/inland\/238370-acht-abweichler-bei-spd-wackelt\/\">Source link <\/a><\/p>\n","protected":false},"excerpt":{"rendered":"<p>Im &#8220;linken&#8221; Fl\u00fcgel der SPD g\u00e4rt es. So k\u00fcndigten vier Bundestagsabgeordnete der 16-Prozent-Partei an, nicht f\u00fcr CDU-Chef Friedrich Merz als n\u00e4chsten Kanzler stimmen zu wollen, vier weitere sind noch unschl\u00fcssig. Fehlen am Ende 13 Stimmen, kann es keine Neuauflage der &#8220;GroKo&#8221; geben. F\u00fcr viele ist die Kanzlerschaft des CDU-Politikers Friedrich Merz bereits beschlossene Sache. F\u00fcr [&hellip;]<\/p>\n","protected":false},"author":3,"featured_media":79475,"comment_status":"open","ping_status":"open","sticky":false,"template":"","format":"standard","meta":{"_yoast_indexnow_last_ping":["1740829529"],"wp_automatic_camp":["217"],"5d09807412e3cadfb7f75f5e99211798":["Acht Abweichler bei der SPD: Wackelt die Mehrheit f\u00fcr m\u00f6glichen Kanzler Merz?"],"original_link":["https:\/\/de.rt.com\/inland\/238370-acht-abweichler-bei-spd-wackelt\/"],"jnews_social_counter_last_update":["1777605865"],"_thumbnail_id":["79475"],"_wptgpro_p2tg_sent2tg":["a:1:{i:23737;s:19:\"2025-03-01 13:46:29\";}"]},"categories":[19,23],"tags":[41801,20347,363,82,45,221,4907,2033,18728,22016,3814,24030],"yoast_head":"<!-- This site is optimized with the Yoast SEO Premium plugin v22.7 (Yoast SEO v22.7) - https:\/\/yoast.com\/wordpress\/plugins\/seo\/ -->\n<title>Acht Abweichler bei der SPD: Wackelt die Mehrheit f\u00fcr m\u00f6glichen Kanzler Merz? - just-now.NEWS Deutschland<\/title>\n<meta name=\"robots\" content=\"index, follow, max-snippet:-1, max-image-preview:large, max-video-preview:-1\" \/>\n<link rel=\"canonical\" href=\"https:\/\/now-news.de\/de\/deutschland\/acht-abweichler-bei-der-spd-wackelt-die-mehrheit-fuer-moeglichen-kanzler-merz\/\" \/>\n<meta property=\"og:locale\" content=\"de_DE\" \/>\n<meta property=\"og:type\" content=\"article\" \/>\n<meta property=\"og:title\" content=\"Acht Abweichler bei der SPD: Wackelt die Mehrheit f\u00fcr m\u00f6glichen Kanzler Merz?\" \/>\n<meta property=\"og:description\" content=\"Im &#8220;linken&#8221; Fl\u00fcgel der SPD g\u00e4rt es. So k\u00fcndigten vier Bundestagsabgeordnete der 16-Prozent-Partei an, nicht f\u00fcr CDU-Chef Friedrich Merz als n\u00e4chsten Kanzler stimmen zu wollen, vier weitere sind noch unschl\u00fcssig. Fehlen am Ende 13 Stimmen, kann es keine Neuauflage der &#8220;GroKo&#8221; geben. F\u00fcr viele ist die Kanzlerschaft des CDU-Politikers Friedrich Merz bereits beschlossene Sache. F\u00fcr [&hellip;]\" \/>\n<meta property=\"og:url\" content=\"https:\/\/now-news.de\/de\/deutschland\/acht-abweichler-bei-der-spd-wackelt-die-mehrheit-fuer-moeglichen-kanzler-merz\/\" \/>\n<meta property=\"og:site_name\" content=\"just-now.NEWS Deutschland\" \/>\n<meta property=\"article:publisher\" content=\"https:\/\/www.facebook.com\/wirmachenauf\" \/>\n<meta property=\"article:published_time\" content=\"2025-03-01T11:44:41+00:00\" \/>\n<meta property=\"og:image\" content=\"https:\/\/now-news.de\/de\/wp-content\/uploads\/sites\/3\/2025\/03\/67c2eb2eb480cc2faa603b10.jpg\" \/>\n<meta name=\"author\" content=\"rtnews\" \/>\n<meta name=\"twitter:card\" content=\"summary_large_image\" \/>\n<meta name=\"twitter:creator\" content=\"@WirMachenAuf_de\" \/>\n<meta name=\"twitter:site\" content=\"@WirMachenAuf_de\" \/>\n<meta name=\"twitter:label1\" content=\"Verfasst von\" \/>\n\t<meta name=\"twitter:data1\" content=\"rtnews\" \/>\n\t<meta name=\"twitter:label2\" content=\"Gesch\u00e4tzte Lesezeit\" \/>\n\t<meta name=\"twitter:data2\" content=\"2\u00a0Minuten\" \/>\n<script type=\"application\/ld+json\" class=\"yoast-schema-graph\">{\"@context\":\"https:\/\/schema.org\",\"@graph\":[{\"@type\":\"Article\",\"@id\":\"https:\/\/now-news.de\/de\/deutschland\/acht-abweichler-bei-der-spd-wackelt-die-mehrheit-fuer-moeglichen-kanzler-merz\/#article\",\"isPartOf\":{\"@id\":\"https:\/\/now-news.de\/de\/deutschland\/acht-abweichler-bei-der-spd-wackelt-die-mehrheit-fuer-moeglichen-kanzler-merz\/\"},\"author\":{\"name\":\"rtnews\",\"@id\":\"https:\/\/now-news.de\/de\/#\/schema\/person\/fb534a4e865501d8b3285208df34a9b5\"},\"headline\":\"Acht Abweichler bei der SPD: Wackelt die Mehrheit f\u00fcr m\u00f6glichen Kanzler Merz?\",\"datePublished\":\"2025-03-01T11:44:41+00:00\",\"dateModified\":\"2025-03-01T11:44:41+00:00\",\"mainEntityOfPage\":{\"@id\":\"https:\/\/now-news.de\/de\/deutschland\/acht-abweichler-bei-der-spd-wackelt-die-mehrheit-fuer-moeglichen-kanzler-merz\/\"},\"wordCount\":419,\"commentCount\":0,\"publisher\":{\"@id\":\"https:\/\/now-news.de\/de\/#organization\"},\"image\":{\"@id\":\"https:\/\/now-news.de\/de\/deutschland\/acht-abweichler-bei-der-spd-wackelt-die-mehrheit-fuer-moeglichen-kanzler-merz\/#primaryimage\"},\"thumbnailUrl\":\"https:\/\/now-news.de\/de\/wp-content\/uploads\/sites\/3\/2025\/03\/Acht-Abweichler-bei-der-SPD-Wackelt-die-Mehrheit-fuer-moeglichen.jpg\",\"keywords\":[\"Abweichler\",\"acht\",\"bei\",\"der\",\"die\",\"f\u00fcr\",\"Kanzler\",\"Mehrheit\",\"Merz\",\"m\u00f6glichen\",\"SPD\",\"wackelt\"],\"articleSection\":[\"Deutschland\",\"Russland\"],\"inLanguage\":\"de\",\"potentialAction\":[{\"@type\":\"CommentAction\",\"name\":\"Comment\",\"target\":[\"https:\/\/now-news.de\/de\/deutschland\/acht-abweichler-bei-der-spd-wackelt-die-mehrheit-fuer-moeglichen-kanzler-merz\/#respond\"]}]},{\"@type\":\"WebPage\",\"@id\":\"https:\/\/now-news.de\/de\/deutschland\/acht-abweichler-bei-der-spd-wackelt-die-mehrheit-fuer-moeglichen-kanzler-merz\/\",\"url\":\"https:\/\/now-news.de\/de\/deutschland\/acht-abweichler-bei-der-spd-wackelt-die-mehrheit-fuer-moeglichen-kanzler-merz\/\",\"name\":\"Acht Abweichler bei der SPD: Wackelt die Mehrheit f\u00fcr m\u00f6glichen Kanzler Merz? - just-now.NEWS Deutschland\",\"isPartOf\":{\"@id\":\"https:\/\/now-news.de\/de\/#website\"},\"primaryImageOfPage\":{\"@id\":\"https:\/\/now-news.de\/de\/deutschland\/acht-abweichler-bei-der-spd-wackelt-die-mehrheit-fuer-moeglichen-kanzler-merz\/#primaryimage\"},\"image\":{\"@id\":\"https:\/\/now-news.de\/de\/deutschland\/acht-abweichler-bei-der-spd-wackelt-die-mehrheit-fuer-moeglichen-kanzler-merz\/#primaryimage\"},\"thumbnailUrl\":\"https:\/\/now-news.de\/de\/wp-content\/uploads\/sites\/3\/2025\/03\/Acht-Abweichler-bei-der-SPD-Wackelt-die-Mehrheit-fuer-moeglichen.jpg\",\"datePublished\":\"2025-03-01T11:44:41+00:00\",\"dateModified\":\"2025-03-01T11:44:41+00:00\",\"breadcrumb\":{\"@id\":\"https:\/\/now-news.de\/de\/deutschland\/acht-abweichler-bei-der-spd-wackelt-die-mehrheit-fuer-moeglichen-kanzler-merz\/#breadcrumb\"},\"inLanguage\":\"de\",\"potentialAction\":[{\"@type\":\"ReadAction\",\"target\":[\"https:\/\/now-news.de\/de\/deutschland\/acht-abweichler-bei-der-spd-wackelt-die-mehrheit-fuer-moeglichen-kanzler-merz\/\"]}]},{\"@type\":\"ImageObject\",\"inLanguage\":\"de\",\"@id\":\"https:\/\/now-news.de\/de\/deutschland\/acht-abweichler-bei-der-spd-wackelt-die-mehrheit-fuer-moeglichen-kanzler-merz\/#primaryimage\",\"url\":\"https:\/\/now-news.de\/de\/wp-content\/uploads\/sites\/3\/2025\/03\/Acht-Abweichler-bei-der-SPD-Wackelt-die-Mehrheit-fuer-moeglichen.jpg\",\"contentUrl\":\"https:\/\/now-news.de\/de\/wp-content\/uploads\/sites\/3\/2025\/03\/Acht-Abweichler-bei-der-SPD-Wackelt-die-Mehrheit-fuer-moeglichen.jpg\",\"width\":460,\"height\":259,\"caption\":\"Acht Abweichler bei der SPD: Wackelt die Mehrheit f\u00fcr m\u00f6glichen Kanzler Merz?\"},{\"@type\":\"BreadcrumbList\",\"@id\":\"https:\/\/now-news.de\/de\/deutschland\/acht-abweichler-bei-der-spd-wackelt-die-mehrheit-fuer-moeglichen-kanzler-merz\/#breadcrumb\",\"itemListElement\":[{\"@type\":\"ListItem\",\"position\":1,\"name\":\"Home\",\"item\":\"https:\/\/now-news.de\/de\/\"},{\"@type\":\"ListItem\",\"position\":2,\"name\":\"Acht Abweichler bei der SPD: Wackelt die Mehrheit f\u00fcr m\u00f6glichen Kanzler Merz?\"}]},{\"@type\":\"WebSite\",\"@id\":\"https:\/\/now-news.de\/de\/#website\",\"url\":\"https:\/\/now-news.de\/de\/\",\"name\":\"just-now.NEWS Deutschland\",\"description\":\"Das Portal f\u00fcr unzensierte Nachrichten aus der Welt\",\"publisher\":{\"@id\":\"https:\/\/now-news.de\/de\/#organization\"},\"potentialAction\":[{\"@type\":\"SearchAction\",\"target\":{\"@type\":\"EntryPoint\",\"urlTemplate\":\"https:\/\/now-news.de\/de\/?s={search_term_string}\"},\"query-input\":\"required name=search_term_string\"}],\"inLanguage\":\"de\"},{\"@type\":\"Organization\",\"@id\":\"https:\/\/now-news.de\/de\/#organization\",\"name\":\"Just Now News\",\"url\":\"https:\/\/now-news.de\/de\/\",\"logo\":{\"@type\":\"ImageObject\",\"inLanguage\":\"de\",\"@id\":\"https:\/\/now-news.de\/de\/#\/schema\/logo\/image\/\",\"url\":\"http:\/\/just-now.news\/de\/wp-content\/uploads\/sites\/3\/2022\/04\/logo500x500.jpg\",\"contentUrl\":\"http:\/\/just-now.news\/de\/wp-content\/uploads\/sites\/3\/2022\/04\/logo500x500.jpg\",\"width\":500,\"height\":500,\"caption\":\"Just Now News\"},\"image\":{\"@id\":\"https:\/\/now-news.de\/de\/#\/schema\/logo\/image\/\"},\"sameAs\":[\"https:\/\/www.facebook.com\/wirmachenauf\",\"https:\/\/x.com\/WirMachenAuf_de\"]},{\"@type\":\"Person\",\"@id\":\"https:\/\/now-news.de\/de\/#\/schema\/person\/fb534a4e865501d8b3285208df34a9b5\",\"name\":\"rtnews\",\"image\":{\"@type\":\"ImageObject\",\"inLanguage\":\"de\",\"@id\":\"https:\/\/now-news.de\/de\/#\/schema\/person\/image\/\",\"url\":\"https:\/\/secure.gravatar.com\/avatar\/82aafea7d8127119dd649515f56e2117?s=96&d=mm&r=g\",\"contentUrl\":\"https:\/\/secure.gravatar.com\/avatar\/82aafea7d8127119dd649515f56e2117?s=96&d=mm&r=g\",\"caption\":\"rtnews\"},\"url\":\"https:\/\/now-news.de\/de\/author\/rnews\/\"}]}<\/script>\n<!-- \/ Yoast SEO Premium plugin. -->","yoast_head_json":{"title":"Acht Abweichler bei der SPD: Wackelt die Mehrheit f\u00fcr m\u00f6glichen Kanzler Merz? - just-now.NEWS Deutschland","robots":{"index":"index","follow":"follow","max-snippet":"max-snippet:-1","max-image-preview":"max-image-preview:large","max-video-preview":"max-video-preview:-1"},"canonical":"https:\/\/now-news.de\/de\/deutschland\/acht-abweichler-bei-der-spd-wackelt-die-mehrheit-fuer-moeglichen-kanzler-merz\/","og_locale":"de_DE","og_type":"article","og_title":"Acht Abweichler bei der SPD: Wackelt die Mehrheit f\u00fcr m\u00f6glichen Kanzler Merz?","og_description":"Im &#8220;linken&#8221; Fl\u00fcgel der SPD g\u00e4rt es. So k\u00fcndigten vier Bundestagsabgeordnete der 16-Prozent-Partei an, nicht f\u00fcr CDU-Chef Friedrich Merz als n\u00e4chsten Kanzler stimmen zu wollen, vier weitere sind noch unschl\u00fcssig. Fehlen am Ende 13 Stimmen, kann es keine Neuauflage der &#8220;GroKo&#8221; geben. F\u00fcr viele ist die Kanzlerschaft des CDU-Politikers Friedrich Merz bereits beschlossene Sache. F\u00fcr [&hellip;]","og_url":"https:\/\/now-news.de\/de\/deutschland\/acht-abweichler-bei-der-spd-wackelt-die-mehrheit-fuer-moeglichen-kanzler-merz\/","og_site_name":"just-now.NEWS Deutschland","article_publisher":"https:\/\/www.facebook.com\/wirmachenauf","article_published_time":"2025-03-01T11:44:41+00:00","og_image":[{"url":"https:\/\/now-news.de\/de\/wp-content\/uploads\/sites\/3\/2025\/03\/67c2eb2eb480cc2faa603b10.jpg"}],"author":"rtnews","twitter_card":"summary_large_image","twitter_creator":"@WirMachenAuf_de","twitter_site":"@WirMachenAuf_de","twitter_misc":{"Verfasst von":"rtnews","Gesch\u00e4tzte Lesezeit":"2\u00a0Minuten"},"schema":{"@context":"https:\/\/schema.org","@graph":[{"@type":"Article","@id":"https:\/\/now-news.de\/de\/deutschland\/acht-abweichler-bei-der-spd-wackelt-die-mehrheit-fuer-moeglichen-kanzler-merz\/#article","isPartOf":{"@id":"https:\/\/now-news.de\/de\/deutschland\/acht-abweichler-bei-der-spd-wackelt-die-mehrheit-fuer-moeglichen-kanzler-merz\/"},"author":{"name":"rtnews","@id":"https:\/\/now-news.de\/de\/#\/schema\/person\/fb534a4e865501d8b3285208df34a9b5"},"headline":"Acht Abweichler bei der SPD: Wackelt die Mehrheit f\u00fcr m\u00f6glichen Kanzler Merz?","datePublished":"2025-03-01T11:44:41+00:00","dateModified":"2025-03-01T11:44:41+00:00","mainEntityOfPage":{"@id":"https:\/\/now-news.de\/de\/deutschland\/acht-abweichler-bei-der-spd-wackelt-die-mehrheit-fuer-moeglichen-kanzler-merz\/"},"wordCount":419,"commentCount":0,"publisher":{"@id":"https:\/\/now-news.de\/de\/#organization"},"image":{"@id":"https:\/\/now-news.de\/de\/deutschland\/acht-abweichler-bei-der-spd-wackelt-die-mehrheit-fuer-moeglichen-kanzler-merz\/#primaryimage"},"thumbnailUrl":"https:\/\/now-news.de\/de\/wp-content\/uploads\/sites\/3\/2025\/03\/Acht-Abweichler-bei-der-SPD-Wackelt-die-Mehrheit-fuer-moeglichen.jpg","keywords":["Abweichler","acht","bei","der","die","f\u00fcr","Kanzler","Mehrheit","Merz","m\u00f6glichen","SPD","wackelt"],"articleSection":["Deutschland","Russland"],"inLanguage":"de","potentialAction":[{"@type":"CommentAction","name":"Comment","target":["https:\/\/now-news.de\/de\/deutschland\/acht-abweichler-bei-der-spd-wackelt-die-mehrheit-fuer-moeglichen-kanzler-merz\/#respond"]}]},{"@type":"WebPage","@id":"https:\/\/now-news.de\/de\/deutschland\/acht-abweichler-bei-der-spd-wackelt-die-mehrheit-fuer-moeglichen-kanzler-merz\/","url":"https:\/\/now-news.de\/de\/deutschland\/acht-abweichler-bei-der-spd-wackelt-die-mehrheit-fuer-moeglichen-kanzler-merz\/","name":"Acht Abweichler bei der SPD: Wackelt die Mehrheit f\u00fcr m\u00f6glichen Kanzler Merz? - just-now.NEWS Deutschland","isPartOf":{"@id":"https:\/\/now-news.de\/de\/#website"},"primaryImageOfPage":{"@id":"https:\/\/now-news.de\/de\/deutschland\/acht-abweichler-bei-der-spd-wackelt-die-mehrheit-fuer-moeglichen-kanzler-merz\/#primaryimage"},"image":{"@id":"https:\/\/now-news.de\/de\/deutschland\/acht-abweichler-bei-der-spd-wackelt-die-mehrheit-fuer-moeglichen-kanzler-merz\/#primaryimage"},"thumbnailUrl":"https:\/\/now-news.de\/de\/wp-content\/uploads\/sites\/3\/2025\/03\/Acht-Abweichler-bei-der-SPD-Wackelt-die-Mehrheit-fuer-moeglichen.jpg","datePublished":"2025-03-01T11:44:41+00:00","dateModified":"2025-03-01T11:44:41+00:00","breadcrumb":{"@id":"https:\/\/now-news.de\/de\/deutschland\/acht-abweichler-bei-der-spd-wackelt-die-mehrheit-fuer-moeglichen-kanzler-merz\/#breadcrumb"},"inLanguage":"de","potentialAction":[{"@type":"ReadAction","target":["https:\/\/now-news.de\/de\/deutschland\/acht-abweichler-bei-der-spd-wackelt-die-mehrheit-fuer-moeglichen-kanzler-merz\/"]}]},{"@type":"ImageObject","inLanguage":"de","@id":"https:\/\/now-news.de\/de\/deutschland\/acht-abweichler-bei-der-spd-wackelt-die-mehrheit-fuer-moeglichen-kanzler-merz\/#primaryimage","url":"https:\/\/now-news.de\/de\/wp-content\/uploads\/sites\/3\/2025\/03\/Acht-Abweichler-bei-der-SPD-Wackelt-die-Mehrheit-fuer-moeglichen.jpg","contentUrl":"https:\/\/now-news.de\/de\/wp-content\/uploads\/sites\/3\/2025\/03\/Acht-Abweichler-bei-der-SPD-Wackelt-die-Mehrheit-fuer-moeglichen.jpg","width":460,"height":259,"caption":"Acht Abweichler bei der SPD: Wackelt die Mehrheit f\u00fcr m\u00f6glichen Kanzler Merz?"},{"@type":"BreadcrumbList","@id":"https:\/\/now-news.de\/de\/deutschland\/acht-abweichler-bei-der-spd-wackelt-die-mehrheit-fuer-moeglichen-kanzler-merz\/#breadcrumb","itemListElement":[{"@type":"ListItem","position":1,"name":"Home","item":"https:\/\/now-news.de\/de\/"},{"@type":"ListItem","position":2,"name":"Acht Abweichler bei der SPD: Wackelt die Mehrheit f\u00fcr m\u00f6glichen Kanzler Merz?"}]},{"@type":"WebSite","@id":"https:\/\/now-news.de\/de\/#website","url":"https:\/\/now-news.de\/de\/","name":"just-now.NEWS Deutschland","description":"Das Portal f\u00fcr unzensierte Nachrichten aus der Welt","publisher":{"@id":"https:\/\/now-news.de\/de\/#organization"},"potentialAction":[{"@type":"SearchAction","target":{"@type":"EntryPoint","urlTemplate":"https:\/\/now-news.de\/de\/?s={search_term_string}"},"query-input":"required name=search_term_string"}],"inLanguage":"de"},{"@type":"Organization","@id":"https:\/\/now-news.de\/de\/#organization","name":"Just Now News","url":"https:\/\/now-news.de\/de\/","logo":{"@type":"ImageObject","inLanguage":"de","@id":"https:\/\/now-news.de\/de\/#\/schema\/logo\/image\/","url":"http:\/\/just-now.news\/de\/wp-content\/uploads\/sites\/3\/2022\/04\/logo500x500.jpg","contentUrl":"http:\/\/just-now.news\/de\/wp-content\/uploads\/sites\/3\/2022\/04\/logo500x500.jpg","width":500,"height":500,"caption":"Just Now News"},"image":{"@id":"https:\/\/now-news.de\/de\/#\/schema\/logo\/image\/"},"sameAs":["https:\/\/www.facebook.com\/wirmachenauf","https:\/\/x.com\/WirMachenAuf_de"]},{"@type":"Person","@id":"https:\/\/now-news.de\/de\/#\/schema\/person\/fb534a4e865501d8b3285208df34a9b5","name":"rtnews","image":{"@type":"ImageObject","inLanguage":"de","@id":"https:\/\/now-news.de\/de\/#\/schema\/person\/image\/","url":"https:\/\/secure.gravatar.com\/avatar\/82aafea7d8127119dd649515f56e2117?s=96&d=mm&r=g","contentUrl":"https:\/\/secure.gravatar.com\/avatar\/82aafea7d8127119dd649515f56e2117?s=96&d=mm&r=g","caption":"rtnews"},"url":"https:\/\/now-news.de\/de\/author\/rnews\/"}]}},"_links":{"self":[{"href":"https:\/\/now-news.de\/de\/wp-json\/wp\/v2\/posts\/79474"}],"collection":[{"href":"https:\/\/now-news.de\/de\/wp-json\/wp\/v2\/posts"}],"about":[{"href":"https:\/\/now-news.de\/de\/wp-json\/wp\/v2\/types\/post"}],"author":[{"embeddable":true,"href":"https:\/\/now-news.de\/de\/wp-json\/wp\/v2\/users\/3"}],"replies":[{"embeddable":true,"href":"https:\/\/now-news.de\/de\/wp-json\/wp\/v2\/comments?post=79474"}],"version-history":[{"count":0,"href":"https:\/\/now-news.de\/de\/wp-json\/wp\/v2\/posts\/79474\/revisions"}],"wp:featuredmedia":[{"embeddable":true,"href":"https:\/\/now-news.de\/de\/wp-json\/wp\/v2\/media\/79475"}],"wp:attachment":[{"href":"https:\/\/now-news.de\/de\/wp-json\/wp\/v2\/media?parent=79474"}],"wp:term":[{"taxonomy":"category","embeddable":true,"href":"https:\/\/now-news.de\/de\/wp-json\/wp\/v2\/categories?post=79474"},{"taxonomy":"post_tag","embeddable":true,"href":"https:\/\/now-news.de\/de\/wp-json\/wp\/v2\/tags?post=79474"}],"curies":[{"name":"wp","href":"https:\/\/api.w.org\/{rel}","templated":true}]}}