{"id":7940,"date":"2022-05-16T18:02:40","date_gmt":"2022-05-16T16:02:40","guid":{"rendered":"http:\/\/just-now.news\/de\/deutschland\/untersuchung-bestaetigt-ermordung-von-al-jazeera-journalistin-durch-israelische-sicherheitskraefte\/"},"modified":"2022-05-16T18:02:40","modified_gmt":"2022-05-16T16:02:40","slug":"untersuchung-bestaetigt-ermordung-von-al-jazeera-journalistin-durch-israelische-sicherheitskraefte","status":"publish","type":"post","link":"https:\/\/now-news.de\/de\/deutschland\/untersuchung-bestaetigt-ermordung-von-al-jazeera-journalistin-durch-israelische-sicherheitskraefte\/","title":{"rendered":"Untersuchung best\u00e4tigt Ermordung von Al-Jazeera-Journalistin durch israelische Sicherheitskr\u00e4fte"},"content":{"rendered":"<div class=\"Text-root Text-type_5 ArticleView-text ViewText-root \">\n<p>Die erfahrene<em> Al-Jazeera-Journalistin<\/em> Schireen Abu Akleh war letzte Woche bei der Berichterstattung \u00fcber eine Razzia im Fl\u00fcchtlingslager Dschenin ums Leben gekommen. Nachdem Pal\u00e4stinenserpr\u00e4sident Mahmud Abbas der israelischen Armee die vors\u00e4tzliche Ermordung der Journalistin vorgeworfen hatte, haben mehrere unabh\u00e4ngige Gruppen am Wochenende ihre eigenen Untersuchungen eingeleitet. Als sich der Vorfall im Fl\u00fcchtlingslager ereignete, waren sowohl bewaffnete Pal\u00e4stinenser als auch israelische Soldaten in der Gegend.<\/p>\n<div class=\"ReadMore-root Section-root Section-is1to3-xs_is1to1\" data-widgets=\"ReadMore\" data-has-alias>\n<div class=\"Section-container Section-isRow-isTop-isWrap\">\n<article class=\"Card-root Card-is1to1 \">\n<div class=\"Card-imageWrap\">\n<div class=\"Card-picture\">\n<picture class=\"Picture-root Picture-default\"><!--[if IE 9]><video style=\"display: none;\"><![endif]--><source media=\"(-webkit-min-device-pixel-ratio: 2) and (min-resolution: 120dpi)\" data-srcset=\" \nhttp:\/\/just-now.news\/de\/wp-content\/uploads\/sites\/3\/2022\/05\/627e55af48fbef7c616eb161.jpg 850w,\n                http:\/\/just-now.news\/de\/wp-content\/uploads\/sites\/3\/2022\/05\/Israel-in-Alarmbereitschaft-Abertausende-bei-Beerdigung-der-ermordeten-Journalistin-in.jpg 1960w,\n            \" ><source data-srcset=\" \nhttp:\/\/just-now.news\/de\/wp-content\/uploads\/sites\/3\/2022\/05\/627e55af48fbef7c616eb161.jpg 460w,\n              http:\/\/just-now.news\/de\/wp-content\/uploads\/sites\/3\/2022\/05\/Israel-in-Alarmbereitschaft-Abertausende-bei-Beerdigung-der-ermordeten-Journalistin-in.jpg 980w,\n            \" ><!--[if IE 9]><\/video><![endif]--><img decoding=\"async\" data- src=\"data:image\/png;base64,iVBORw0KGgoAAAANSUhEUgAAABAAAAAJCAQAAACRI2S5AAAAEElEQVR42mNkIAAYRxWAAQAG9gAKqv6+AwAAAABJRU5ErkJggg==\" class=\"Picture-root Picture-default lazyload\" data-src=\"http:\/\/just-now.news\/de\/wp-content\/uploads\/sites\/3\/2022\/05\/627e55af48fbef7c616eb161.jpg\" alt=\"Israel in Alarmbereitschaft: Abertausende bei Beerdigung der ermordeten Journalistin in Jerusalem\"><\/source><\/source><\/picture><!-- noscript pattern --><noscript><img decoding=\"async\" src=\"http:\/\/just-now.news\/de\/wp-content\/uploads\/sites\/3\/2022\/05\/Israel-in-Alarmbereitschaft-Abertausende-bei-Beerdigung-der-ermordeten-Journalistin-in.jpg\" alt=\"Israel in Alarmbereitschaft: Abertausende bei Beerdigung der ermordeten Journalistin in Jerusalem\"><\/noscript>    <\/div><\/div>\n<div class=\"Card-contentWrap\">\n<div class=\"Card-content\">\n<div class=\"Card-title\">\n<div class=\"HeaderNews-root HeaderNews-type_6 \">\n<p>            <a rel=\"nofollow noopener\" target=\"_blank\" href=\"https:\/\/de.rt.com\/der-nahe-osten\/138375-israel-in-alarmbereitschaft-abertausende-bei-beerdigung\/\" class=\"Link-root Link-isFullCard \"><br \/>\n                Israel in Alarmbereitschaft: Abertausende bei Beerdigung der ermordeten Journalistin in Jerusalem<br \/>\n            <\/a><\/p><\/div><\/div><\/div><\/div>\n<\/article>\n<\/div><\/div>\n<p>Ein unabh\u00e4ngiges Forschungsteam teilte inzwischen mit, seine ersten <a rel=\"nofollow noopener\" target=\"_blank\" href=\"https:\/\/apnews.com\/article\/middle-east-jerusalem-israel-journalists-795d503848799713cdf86043131911d7\">Ergebnisse<\/a> weisen darauf hin, dass Abu Akleh\u00a0durch Sch\u00fcsse der israelischen Sicherheitskr\u00e4fte\u00a0getroffen worden sei. Bellingcat, ein in den Niederlanden ans\u00e4ssiges\u00a0investigatives\u00a0Recherchenetzwerk, ver\u00f6ffentlichte am Wochenende\u00a0eine Analyse von Video- und Audiobeweisen, die zu diesem Vorfall ins Netz gestellt wurden. Die Materialien stammten sowohl aus pal\u00e4stinensischen als auch aus israelischen Milit\u00e4rquellen,\u00a0w\u00e4hrend bei der\u00a0Analyse Faktoren wie Zeitstempel, die Standorte der Videos, Schatten und Audioforensik von Sch\u00fcssen in Betracht gezogen worden waren.\u00a0Die Untersuchungsgruppe kam zum Ergebnis, dass\u00a0israelische Sicherheitskr\u00e4fte das Feuer auf\u00a0Abu Akleh\u00a0er\u00f6ffnete.<\/p>\n<p>&#8220;Basierend auf dem, was wir \u00fcberpr\u00fcfen konnten, befanden sich die IDF (die Israelischen Verteidigungsstreitkr\u00e4fte) in der n\u00e4chsten Position und hatten die klarste Sicht auf Abu Akleh&#8221;, sagte Giancarlo Fiorella, der leitende Forscher der Analyse.\u00a0Bellingcat geh\u00f6rt zu einer wachsenden Zahl von Firmen, die &#8220;Open-Source&#8221;-Informationen wie Videos aus sozialen Medien, Aufzeichnungen von Sicherheitskameras und Satellitenbilder verwenden, um Ereignisse zu rekonstruieren.<\/p>\n<div class=\"ReadMore-root Section-root Section-is1to3-xs_is1to1\" data-widgets=\"ReadMore\" data-has-alias>\n<div class=\"Section-container Section-isRow-isTop-isWrap\">\n<article class=\"Card-root Card-is1to1 \">\n<div class=\"Card-imageWrap\">\n<div class=\"Card-picture\">\n<picture class=\"Picture-root Picture-default\"><!--[if IE 9]><video style=\"display: none;\"><![endif]--><source media=\"(-webkit-min-device-pixel-ratio: 2) and (min-resolution: 120dpi)\" data-srcset=\" \nhttp:\/\/just-now.news\/de\/wp-content\/uploads\/sites\/3\/2022\/05\/627b6b50b480cc2ec6279017.jpg 850w,\n                http:\/\/just-now.news\/de\/wp-content\/uploads\/sites\/3\/2022\/05\/Al-Jazeera-Israelische-Armee-toetet-Journalistin-bei-Sturm-auf-Fluechtlingslager.jpg 1960w,\n            \" ><source data-srcset=\" \nhttp:\/\/just-now.news\/de\/wp-content\/uploads\/sites\/3\/2022\/05\/627b6b50b480cc2ec6279017.jpg 460w,\n              http:\/\/just-now.news\/de\/wp-content\/uploads\/sites\/3\/2022\/05\/Al-Jazeera-Israelische-Armee-toetet-Journalistin-bei-Sturm-auf-Fluechtlingslager.jpg 980w,\n            \" ><!--[if IE 9]><\/video><![endif]--><img decoding=\"async\" data- src=\"data:image\/png;base64,iVBORw0KGgoAAAANSUhEUgAAABAAAAAJCAQAAACRI2S5AAAAEElEQVR42mNkIAAYRxWAAQAG9gAKqv6+AwAAAABJRU5ErkJggg==\" class=\"Picture-root Picture-default lazyload\" data-src=\"http:\/\/just-now.news\/de\/wp-content\/uploads\/sites\/3\/2022\/05\/627b6b50b480cc2ec6279017.jpg\" alt=\"Al Jazeera: Israelische Armee t\u00f6tet Journalistin bei Sturm auf Fl\u00fcchtlingslager\"><\/source><\/source><\/picture><!-- noscript pattern --><noscript><img decoding=\"async\" src=\"http:\/\/just-now.news\/de\/wp-content\/uploads\/sites\/3\/2022\/05\/Al-Jazeera-Israelische-Armee-toetet-Journalistin-bei-Sturm-auf-Fluechtlingslager.jpg\" alt=\"Al Jazeera: Israelische Armee t\u00f6tet Journalistin bei Sturm auf Fl\u00fcchtlingslager\"><\/noscript><\/p>\n<div class=\"Picture-withVideo\"><svg class=\"Icon-root Icon-videoPlay\" width=\"31px\" height=\"40px\" viewbox=\"0 0 31 40\" fill=\"#FFFFFF\" opacity=\"0.9\" version=\"1.1\" xmlns=\"http:\/\/www.w3.org\/2000\/svg\" xmlns:xlink=\"http:\/\/www.w3.org\/1999\/xlink\"><g fill-rule=\"evenodd\"><g transform=\"translate(-14.000000, -8.000000)\"><path d=\"M17.0962701,9.21920419 L43.200784,26.3270141 C44.1246347,26.9324674 44.3827469,28.1722132 43.7772936,29.0960639 C43.6267472,29.3257802 43.4305003,29.5220271 43.200784,29.6725735 L17.0962701,46.7803835 C16.1724193,47.3858367 14.9326735,47.1277246 14.3272203,46.2038739 C14.1137272,45.8781084 14,45.4970938 14,45.1076038 L14,10.8919839 C14,9.78741439 14.8954305,8.89198389 16,8.89198389 C16.38949,8.89198389 16.7705046,9.00571108 17.0962701,9.21920419 Z\"><\/path><\/g><\/g><\/svg><\/div><\/div><\/div>\n<div class=\"Card-contentWrap\">\n<div class=\"Card-content\">\n<div class=\"Card-title\">\n<div class=\"HeaderNews-root HeaderNews-type_6 \">\n<p>            <a rel=\"nofollow noopener\" target=\"_blank\" href=\"https:\/\/de.rt.com\/der-nahe-osten\/138150-westjordanland-israelische-armee-totet-al\/\" class=\"Link-root Link-isFullCard \"><br \/>\n                Al Jazeera: Israelische Armee t\u00f6tet Journalistin bei Sturm auf Fl\u00fcchtlingslager<br \/>\n            <\/a><\/p><\/div><\/div><\/div><\/div>\n<\/article>\n<\/div><\/div>\n<p>Abu Akleh war bei ihrem journalistischen Einsatz im Westjordanland ermordet worden. Sie war durch Sch\u00fcsse in den Kopf ums Leben gekommen,\u00a0obwohl sie eine kugelsichere Weste\u00a0mit der Aufschrift &#8220;Presse&#8221; getragen hatte.\u00a0Viele Beobachter glauben, das sei ein\u00a0&#8220;vors\u00e4tzlicher Mord&#8221; gewesen, da man den Unterschied zwischen einem unbewaffneten Journalisten und einem bewaffneten K\u00e4mpfer sowie zwischen einer Kamera und einer Kalaschnikow deutlich erkennen k\u00f6nne.<\/p>\n<p>Westliche Medien versuchten in den vergangenen Tagen, durch ihre Berichterstattung\u00a0ein\u00a0verzerrtes Bild\u00a0vom Vorfall in der Stadt Dschenin zu erzeugen, indem sie die wachsende Gewalt gegen Pal\u00e4stinenser durch israelische Sicherheitskr\u00e4fte\u00a0in den besetzten Gebieten herunterspielten.<\/p>\n<p>Im westlichen Medien w\u00fcrden\u00a0die Pal\u00e4stinenser als &#8220;Aggressoren&#8221; dargestellt. Nach diesem Narrativ werde das israelische Vorgehen gegen\u00a0Pal\u00e4stinenser\u00a0als &#8220;Zusammenst\u00f6\u00dfe&#8221; oder &#8220;Aufflammen\u00a0von Gewalt&#8221; kleingeredet, kommentiert <em><a rel=\"nofollow noopener\" target=\"_blank\" href=\"https:\/\/www.presstv.ir\/Detail\/2022\/05\/13\/682010\/Palestine-Journalist-Murder-Exposes-Duplicity-Western-Media\">Press TV<\/a><\/em> in Bezug auf die Ermordung Abu Aklehs.\u00a0Nach Angaben des pal\u00e4stinensischen Informationsministeriums wurden seit der Jahrtausendwende mindestens 45 Journalisten von israelischen Streitkr\u00e4ften get\u00f6tet.<\/p>\n<p><strong>Mehr zum Thema<\/strong> &#8211;\u00a0<a rel=\"nofollow noopener\" target=\"_blank\" href=\"https:\/\/de.rt.com\/der-nahe-osten\/138293-fall-von-ermordeten-al-jazeera\/\">Ermordete &#8220;Al Jazeera&#8221;-Reporterin: Pal\u00e4stinenser-Pr\u00e4sident will sich an UN-Gericht wenden<\/a><\/p>\n<div class=\"EmbedBlock-root EmbedBlock-externalVideo EmbedBlock-vk\">\n<div class=\"VkEmbed\"><iframe class=\"lazyload\" data-src=\"https:\/\/vk.com\/video_ext.php?oid=-134310637&amp;id=456253676&amp;hash=d50ef5ca2354b4fb\" frameborder=\"0\" width=\"853\" height=\"480\" allowfullscreen><\/iframe><\/div>\n<\/div>\n<\/div>\n<p><br \/>\n<br \/><a href=\"https:\/\/de.rt.com\/der-nahe-osten\/138569-untersuchung-bestaetigt-ermordung-von-al-jazeera-journalisten-durch-israel\/\">Source link <\/a><\/p>\n","protected":false},"excerpt":{"rendered":"<p>Die erfahrene Al-Jazeera-Journalistin Schireen Abu Akleh war letzte Woche bei der Berichterstattung \u00fcber eine Razzia im Fl\u00fcchtlingslager Dschenin ums Leben gekommen. Nachdem Pal\u00e4stinenserpr\u00e4sident Mahmud Abbas der israelischen Armee die vors\u00e4tzliche Ermordung der Journalistin vorgeworfen hatte, haben mehrere unabh\u00e4ngige Gruppen am Wochenende ihre eigenen Untersuchungen eingeleitet. Als sich der Vorfall im Fl\u00fcchtlingslager ereignete, waren sowohl bewaffnete [&hellip;]<\/p>\n","protected":false},"author":3,"featured_media":7941,"comment_status":"open","ping_status":"open","sticky":false,"template":"","format":"standard","meta":{"wp_automatic_camp":["217"],"62af604c222534dc9119ce760fd402be":["Untersuchung best\u00e4tigt Ermordung von Al-Jazeera-Journalistin durch israelische Sicherheitskr\u00e4fte"],"original_link":["https:\/\/de.rt.com\/der-nahe-osten\/138569-untersuchung-bestaetigt-ermordung-von-al-jazeera-journalisten-durch-israel\/"],"_thumbnail_id":["7941"],"_wptg_p2tg_sent2tg":["2022-05-16 18:04:11"],"jnews_social_counter_last_update":["1777427170"]},"categories":[19,23],"tags":[20431,1438,1024,20430,1166,20432,7226,50],"yoast_head":"<!-- This site is optimized with the Yoast SEO Premium plugin v22.7 (Yoast SEO v22.7) - https:\/\/yoast.com\/wordpress\/plugins\/seo\/ -->\n<title>Untersuchung best\u00e4tigt Ermordung von Al-Jazeera-Journalistin durch israelische Sicherheitskr\u00e4fte - just-now.NEWS Deutschland<\/title>\n<meta name=\"robots\" content=\"index, follow, max-snippet:-1, max-image-preview:large, max-video-preview:-1\" \/>\n<link rel=\"canonical\" href=\"https:\/\/now-news.de\/de\/deutschland\/untersuchung-bestaetigt-ermordung-von-al-jazeera-journalistin-durch-israelische-sicherheitskraefte\/\" \/>\n<meta property=\"og:locale\" content=\"de_DE\" \/>\n<meta property=\"og:type\" content=\"article\" \/>\n<meta property=\"og:title\" content=\"Untersuchung best\u00e4tigt Ermordung von Al-Jazeera-Journalistin durch israelische Sicherheitskr\u00e4fte\" \/>\n<meta property=\"og:description\" content=\"Die erfahrene Al-Jazeera-Journalistin Schireen Abu Akleh war letzte Woche bei der Berichterstattung \u00fcber eine Razzia im Fl\u00fcchtlingslager Dschenin ums Leben gekommen. Nachdem Pal\u00e4stinenserpr\u00e4sident Mahmud Abbas der israelischen Armee die vors\u00e4tzliche Ermordung der Journalistin vorgeworfen hatte, haben mehrere unabh\u00e4ngige Gruppen am Wochenende ihre eigenen Untersuchungen eingeleitet. Als sich der Vorfall im Fl\u00fcchtlingslager ereignete, waren sowohl bewaffnete [&hellip;]\" \/>\n<meta property=\"og:url\" content=\"https:\/\/now-news.de\/de\/deutschland\/untersuchung-bestaetigt-ermordung-von-al-jazeera-journalistin-durch-israelische-sicherheitskraefte\/\" \/>\n<meta property=\"og:site_name\" content=\"just-now.NEWS Deutschland\" \/>\n<meta property=\"article:publisher\" content=\"https:\/\/www.facebook.com\/wirmachenauf\" \/>\n<meta property=\"article:published_time\" content=\"2022-05-16T16:02:40+00:00\" \/>\n<meta property=\"og:image\" content=\"https:\/\/now-news.de\/de\/wp-content\/uploads\/sites\/3\/2022\/05\/Untersuchung-bestaetigt-Ermordung-von-Al-Jazeera-Journalistin-durch-israelische-Sicherheitskraefte.jpg\" \/>\n\t<meta property=\"og:image:width\" content=\"460\" \/>\n\t<meta property=\"og:image:height\" content=\"259\" \/>\n\t<meta property=\"og:image:type\" content=\"image\/jpeg\" \/>\n<meta name=\"author\" content=\"rtnews\" \/>\n<meta name=\"twitter:card\" content=\"summary_large_image\" \/>\n<meta name=\"twitter:creator\" content=\"@WirMachenAuf_de\" \/>\n<meta name=\"twitter:site\" content=\"@WirMachenAuf_de\" \/>\n<meta name=\"twitter:label1\" content=\"Verfasst von\" \/>\n\t<meta name=\"twitter:data1\" content=\"rtnews\" \/>\n\t<meta name=\"twitter:label2\" content=\"Gesch\u00e4tzte Lesezeit\" \/>\n\t<meta name=\"twitter:data2\" content=\"2\u00a0Minuten\" \/>\n<script type=\"application\/ld+json\" class=\"yoast-schema-graph\">{\"@context\":\"https:\/\/schema.org\",\"@graph\":[{\"@type\":\"Article\",\"@id\":\"https:\/\/now-news.de\/de\/deutschland\/untersuchung-bestaetigt-ermordung-von-al-jazeera-journalistin-durch-israelische-sicherheitskraefte\/#article\",\"isPartOf\":{\"@id\":\"https:\/\/now-news.de\/de\/deutschland\/untersuchung-bestaetigt-ermordung-von-al-jazeera-journalistin-durch-israelische-sicherheitskraefte\/\"},\"author\":{\"name\":\"rtnews\",\"@id\":\"https:\/\/now-news.de\/de\/#\/schema\/person\/fb534a4e865501d8b3285208df34a9b5\"},\"headline\":\"Untersuchung best\u00e4tigt Ermordung von Al-Jazeera-Journalistin durch israelische Sicherheitskr\u00e4fte\",\"datePublished\":\"2022-05-16T16:02:40+00:00\",\"dateModified\":\"2022-05-16T16:02:40+00:00\",\"mainEntityOfPage\":{\"@id\":\"https:\/\/now-news.de\/de\/deutschland\/untersuchung-bestaetigt-ermordung-von-al-jazeera-journalistin-durch-israelische-sicherheitskraefte\/\"},\"wordCount\":453,\"commentCount\":0,\"publisher\":{\"@id\":\"https:\/\/now-news.de\/de\/#organization\"},\"image\":{\"@id\":\"https:\/\/now-news.de\/de\/deutschland\/untersuchung-bestaetigt-ermordung-von-al-jazeera-journalistin-durch-israelische-sicherheitskraefte\/#primaryimage\"},\"thumbnailUrl\":\"https:\/\/now-news.de\/de\/wp-content\/uploads\/sites\/3\/2022\/05\/Untersuchung-bestaetigt-Ermordung-von-Al-Jazeera-Journalistin-durch-israelische-Sicherheitskraefte.jpg\",\"keywords\":[\"AlJazeeraJournalistin\",\"best\u00e4tigt\",\"durch\",\"Ermordung\",\"Israelische\",\"Sicherheitskr\u00e4fte\",\"Untersuchung\",\"von\"],\"articleSection\":[\"Deutschland\",\"Russland\"],\"inLanguage\":\"de\",\"potentialAction\":[{\"@type\":\"CommentAction\",\"name\":\"Comment\",\"target\":[\"https:\/\/now-news.de\/de\/deutschland\/untersuchung-bestaetigt-ermordung-von-al-jazeera-journalistin-durch-israelische-sicherheitskraefte\/#respond\"]}]},{\"@type\":\"WebPage\",\"@id\":\"https:\/\/now-news.de\/de\/deutschland\/untersuchung-bestaetigt-ermordung-von-al-jazeera-journalistin-durch-israelische-sicherheitskraefte\/\",\"url\":\"https:\/\/now-news.de\/de\/deutschland\/untersuchung-bestaetigt-ermordung-von-al-jazeera-journalistin-durch-israelische-sicherheitskraefte\/\",\"name\":\"Untersuchung best\u00e4tigt Ermordung von Al-Jazeera-Journalistin durch israelische Sicherheitskr\u00e4fte - just-now.NEWS Deutschland\",\"isPartOf\":{\"@id\":\"https:\/\/now-news.de\/de\/#website\"},\"primaryImageOfPage\":{\"@id\":\"https:\/\/now-news.de\/de\/deutschland\/untersuchung-bestaetigt-ermordung-von-al-jazeera-journalistin-durch-israelische-sicherheitskraefte\/#primaryimage\"},\"image\":{\"@id\":\"https:\/\/now-news.de\/de\/deutschland\/untersuchung-bestaetigt-ermordung-von-al-jazeera-journalistin-durch-israelische-sicherheitskraefte\/#primaryimage\"},\"thumbnailUrl\":\"https:\/\/now-news.de\/de\/wp-content\/uploads\/sites\/3\/2022\/05\/Untersuchung-bestaetigt-Ermordung-von-Al-Jazeera-Journalistin-durch-israelische-Sicherheitskraefte.jpg\",\"datePublished\":\"2022-05-16T16:02:40+00:00\",\"dateModified\":\"2022-05-16T16:02:40+00:00\",\"breadcrumb\":{\"@id\":\"https:\/\/now-news.de\/de\/deutschland\/untersuchung-bestaetigt-ermordung-von-al-jazeera-journalistin-durch-israelische-sicherheitskraefte\/#breadcrumb\"},\"inLanguage\":\"de\",\"potentialAction\":[{\"@type\":\"ReadAction\",\"target\":[\"https:\/\/now-news.de\/de\/deutschland\/untersuchung-bestaetigt-ermordung-von-al-jazeera-journalistin-durch-israelische-sicherheitskraefte\/\"]}]},{\"@type\":\"ImageObject\",\"inLanguage\":\"de\",\"@id\":\"https:\/\/now-news.de\/de\/deutschland\/untersuchung-bestaetigt-ermordung-von-al-jazeera-journalistin-durch-israelische-sicherheitskraefte\/#primaryimage\",\"url\":\"https:\/\/now-news.de\/de\/wp-content\/uploads\/sites\/3\/2022\/05\/Untersuchung-bestaetigt-Ermordung-von-Al-Jazeera-Journalistin-durch-israelische-Sicherheitskraefte.jpg\",\"contentUrl\":\"https:\/\/now-news.de\/de\/wp-content\/uploads\/sites\/3\/2022\/05\/Untersuchung-bestaetigt-Ermordung-von-Al-Jazeera-Journalistin-durch-israelische-Sicherheitskraefte.jpg\",\"width\":460,\"height\":259,\"caption\":\"Israel in Alarmbereitschaft: Abertausende bei Beerdigung der ermordeten Journalistin in Jerusalem\"},{\"@type\":\"BreadcrumbList\",\"@id\":\"https:\/\/now-news.de\/de\/deutschland\/untersuchung-bestaetigt-ermordung-von-al-jazeera-journalistin-durch-israelische-sicherheitskraefte\/#breadcrumb\",\"itemListElement\":[{\"@type\":\"ListItem\",\"position\":1,\"name\":\"Home\",\"item\":\"https:\/\/now-news.de\/de\/\"},{\"@type\":\"ListItem\",\"position\":2,\"name\":\"Untersuchung best\u00e4tigt Ermordung von Al-Jazeera-Journalistin durch israelische Sicherheitskr\u00e4fte\"}]},{\"@type\":\"WebSite\",\"@id\":\"https:\/\/now-news.de\/de\/#website\",\"url\":\"https:\/\/now-news.de\/de\/\",\"name\":\"just-now.NEWS Deutschland\",\"description\":\"Das Portal f\u00fcr unzensierte Nachrichten aus der Welt\",\"publisher\":{\"@id\":\"https:\/\/now-news.de\/de\/#organization\"},\"potentialAction\":[{\"@type\":\"SearchAction\",\"target\":{\"@type\":\"EntryPoint\",\"urlTemplate\":\"https:\/\/now-news.de\/de\/?s={search_term_string}\"},\"query-input\":\"required name=search_term_string\"}],\"inLanguage\":\"de\"},{\"@type\":\"Organization\",\"@id\":\"https:\/\/now-news.de\/de\/#organization\",\"name\":\"Just Now News\",\"url\":\"https:\/\/now-news.de\/de\/\",\"logo\":{\"@type\":\"ImageObject\",\"inLanguage\":\"de\",\"@id\":\"https:\/\/now-news.de\/de\/#\/schema\/logo\/image\/\",\"url\":\"http:\/\/just-now.news\/de\/wp-content\/uploads\/sites\/3\/2022\/04\/logo500x500.jpg\",\"contentUrl\":\"http:\/\/just-now.news\/de\/wp-content\/uploads\/sites\/3\/2022\/04\/logo500x500.jpg\",\"width\":500,\"height\":500,\"caption\":\"Just Now News\"},\"image\":{\"@id\":\"https:\/\/now-news.de\/de\/#\/schema\/logo\/image\/\"},\"sameAs\":[\"https:\/\/www.facebook.com\/wirmachenauf\",\"https:\/\/x.com\/WirMachenAuf_de\"]},{\"@type\":\"Person\",\"@id\":\"https:\/\/now-news.de\/de\/#\/schema\/person\/fb534a4e865501d8b3285208df34a9b5\",\"name\":\"rtnews\",\"image\":{\"@type\":\"ImageObject\",\"inLanguage\":\"de\",\"@id\":\"https:\/\/now-news.de\/de\/#\/schema\/person\/image\/\",\"url\":\"https:\/\/secure.gravatar.com\/avatar\/82aafea7d8127119dd649515f56e2117?s=96&d=mm&r=g\",\"contentUrl\":\"https:\/\/secure.gravatar.com\/avatar\/82aafea7d8127119dd649515f56e2117?s=96&d=mm&r=g\",\"caption\":\"rtnews\"},\"url\":\"https:\/\/now-news.de\/de\/author\/rnews\/\"}]}<\/script>\n<!-- \/ Yoast SEO Premium plugin. -->","yoast_head_json":{"title":"Untersuchung best\u00e4tigt Ermordung von Al-Jazeera-Journalistin durch israelische Sicherheitskr\u00e4fte - just-now.NEWS Deutschland","robots":{"index":"index","follow":"follow","max-snippet":"max-snippet:-1","max-image-preview":"max-image-preview:large","max-video-preview":"max-video-preview:-1"},"canonical":"https:\/\/now-news.de\/de\/deutschland\/untersuchung-bestaetigt-ermordung-von-al-jazeera-journalistin-durch-israelische-sicherheitskraefte\/","og_locale":"de_DE","og_type":"article","og_title":"Untersuchung best\u00e4tigt Ermordung von Al-Jazeera-Journalistin durch israelische Sicherheitskr\u00e4fte","og_description":"Die erfahrene Al-Jazeera-Journalistin Schireen Abu Akleh war letzte Woche bei der Berichterstattung \u00fcber eine Razzia im Fl\u00fcchtlingslager Dschenin ums Leben gekommen. Nachdem Pal\u00e4stinenserpr\u00e4sident Mahmud Abbas der israelischen Armee die vors\u00e4tzliche Ermordung der Journalistin vorgeworfen hatte, haben mehrere unabh\u00e4ngige Gruppen am Wochenende ihre eigenen Untersuchungen eingeleitet. Als sich der Vorfall im Fl\u00fcchtlingslager ereignete, waren sowohl bewaffnete [&hellip;]","og_url":"https:\/\/now-news.de\/de\/deutschland\/untersuchung-bestaetigt-ermordung-von-al-jazeera-journalistin-durch-israelische-sicherheitskraefte\/","og_site_name":"just-now.NEWS Deutschland","article_publisher":"https:\/\/www.facebook.com\/wirmachenauf","article_published_time":"2022-05-16T16:02:40+00:00","og_image":[{"width":460,"height":259,"url":"https:\/\/now-news.de\/de\/wp-content\/uploads\/sites\/3\/2022\/05\/Untersuchung-bestaetigt-Ermordung-von-Al-Jazeera-Journalistin-durch-israelische-Sicherheitskraefte.jpg","type":"image\/jpeg"}],"author":"rtnews","twitter_card":"summary_large_image","twitter_creator":"@WirMachenAuf_de","twitter_site":"@WirMachenAuf_de","twitter_misc":{"Verfasst von":"rtnews","Gesch\u00e4tzte Lesezeit":"2\u00a0Minuten"},"schema":{"@context":"https:\/\/schema.org","@graph":[{"@type":"Article","@id":"https:\/\/now-news.de\/de\/deutschland\/untersuchung-bestaetigt-ermordung-von-al-jazeera-journalistin-durch-israelische-sicherheitskraefte\/#article","isPartOf":{"@id":"https:\/\/now-news.de\/de\/deutschland\/untersuchung-bestaetigt-ermordung-von-al-jazeera-journalistin-durch-israelische-sicherheitskraefte\/"},"author":{"name":"rtnews","@id":"https:\/\/now-news.de\/de\/#\/schema\/person\/fb534a4e865501d8b3285208df34a9b5"},"headline":"Untersuchung best\u00e4tigt Ermordung von Al-Jazeera-Journalistin durch israelische Sicherheitskr\u00e4fte","datePublished":"2022-05-16T16:02:40+00:00","dateModified":"2022-05-16T16:02:40+00:00","mainEntityOfPage":{"@id":"https:\/\/now-news.de\/de\/deutschland\/untersuchung-bestaetigt-ermordung-von-al-jazeera-journalistin-durch-israelische-sicherheitskraefte\/"},"wordCount":453,"commentCount":0,"publisher":{"@id":"https:\/\/now-news.de\/de\/#organization"},"image":{"@id":"https:\/\/now-news.de\/de\/deutschland\/untersuchung-bestaetigt-ermordung-von-al-jazeera-journalistin-durch-israelische-sicherheitskraefte\/#primaryimage"},"thumbnailUrl":"https:\/\/now-news.de\/de\/wp-content\/uploads\/sites\/3\/2022\/05\/Untersuchung-bestaetigt-Ermordung-von-Al-Jazeera-Journalistin-durch-israelische-Sicherheitskraefte.jpg","keywords":["AlJazeeraJournalistin","best\u00e4tigt","durch","Ermordung","Israelische","Sicherheitskr\u00e4fte","Untersuchung","von"],"articleSection":["Deutschland","Russland"],"inLanguage":"de","potentialAction":[{"@type":"CommentAction","name":"Comment","target":["https:\/\/now-news.de\/de\/deutschland\/untersuchung-bestaetigt-ermordung-von-al-jazeera-journalistin-durch-israelische-sicherheitskraefte\/#respond"]}]},{"@type":"WebPage","@id":"https:\/\/now-news.de\/de\/deutschland\/untersuchung-bestaetigt-ermordung-von-al-jazeera-journalistin-durch-israelische-sicherheitskraefte\/","url":"https:\/\/now-news.de\/de\/deutschland\/untersuchung-bestaetigt-ermordung-von-al-jazeera-journalistin-durch-israelische-sicherheitskraefte\/","name":"Untersuchung best\u00e4tigt Ermordung von Al-Jazeera-Journalistin durch israelische Sicherheitskr\u00e4fte - just-now.NEWS Deutschland","isPartOf":{"@id":"https:\/\/now-news.de\/de\/#website"},"primaryImageOfPage":{"@id":"https:\/\/now-news.de\/de\/deutschland\/untersuchung-bestaetigt-ermordung-von-al-jazeera-journalistin-durch-israelische-sicherheitskraefte\/#primaryimage"},"image":{"@id":"https:\/\/now-news.de\/de\/deutschland\/untersuchung-bestaetigt-ermordung-von-al-jazeera-journalistin-durch-israelische-sicherheitskraefte\/#primaryimage"},"thumbnailUrl":"https:\/\/now-news.de\/de\/wp-content\/uploads\/sites\/3\/2022\/05\/Untersuchung-bestaetigt-Ermordung-von-Al-Jazeera-Journalistin-durch-israelische-Sicherheitskraefte.jpg","datePublished":"2022-05-16T16:02:40+00:00","dateModified":"2022-05-16T16:02:40+00:00","breadcrumb":{"@id":"https:\/\/now-news.de\/de\/deutschland\/untersuchung-bestaetigt-ermordung-von-al-jazeera-journalistin-durch-israelische-sicherheitskraefte\/#breadcrumb"},"inLanguage":"de","potentialAction":[{"@type":"ReadAction","target":["https:\/\/now-news.de\/de\/deutschland\/untersuchung-bestaetigt-ermordung-von-al-jazeera-journalistin-durch-israelische-sicherheitskraefte\/"]}]},{"@type":"ImageObject","inLanguage":"de","@id":"https:\/\/now-news.de\/de\/deutschland\/untersuchung-bestaetigt-ermordung-von-al-jazeera-journalistin-durch-israelische-sicherheitskraefte\/#primaryimage","url":"https:\/\/now-news.de\/de\/wp-content\/uploads\/sites\/3\/2022\/05\/Untersuchung-bestaetigt-Ermordung-von-Al-Jazeera-Journalistin-durch-israelische-Sicherheitskraefte.jpg","contentUrl":"https:\/\/now-news.de\/de\/wp-content\/uploads\/sites\/3\/2022\/05\/Untersuchung-bestaetigt-Ermordung-von-Al-Jazeera-Journalistin-durch-israelische-Sicherheitskraefte.jpg","width":460,"height":259,"caption":"Israel in Alarmbereitschaft: Abertausende bei Beerdigung der ermordeten Journalistin in Jerusalem"},{"@type":"BreadcrumbList","@id":"https:\/\/now-news.de\/de\/deutschland\/untersuchung-bestaetigt-ermordung-von-al-jazeera-journalistin-durch-israelische-sicherheitskraefte\/#breadcrumb","itemListElement":[{"@type":"ListItem","position":1,"name":"Home","item":"https:\/\/now-news.de\/de\/"},{"@type":"ListItem","position":2,"name":"Untersuchung best\u00e4tigt Ermordung von Al-Jazeera-Journalistin durch israelische Sicherheitskr\u00e4fte"}]},{"@type":"WebSite","@id":"https:\/\/now-news.de\/de\/#website","url":"https:\/\/now-news.de\/de\/","name":"just-now.NEWS Deutschland","description":"Das Portal f\u00fcr unzensierte Nachrichten aus der Welt","publisher":{"@id":"https:\/\/now-news.de\/de\/#organization"},"potentialAction":[{"@type":"SearchAction","target":{"@type":"EntryPoint","urlTemplate":"https:\/\/now-news.de\/de\/?s={search_term_string}"},"query-input":"required name=search_term_string"}],"inLanguage":"de"},{"@type":"Organization","@id":"https:\/\/now-news.de\/de\/#organization","name":"Just Now News","url":"https:\/\/now-news.de\/de\/","logo":{"@type":"ImageObject","inLanguage":"de","@id":"https:\/\/now-news.de\/de\/#\/schema\/logo\/image\/","url":"http:\/\/just-now.news\/de\/wp-content\/uploads\/sites\/3\/2022\/04\/logo500x500.jpg","contentUrl":"http:\/\/just-now.news\/de\/wp-content\/uploads\/sites\/3\/2022\/04\/logo500x500.jpg","width":500,"height":500,"caption":"Just Now News"},"image":{"@id":"https:\/\/now-news.de\/de\/#\/schema\/logo\/image\/"},"sameAs":["https:\/\/www.facebook.com\/wirmachenauf","https:\/\/x.com\/WirMachenAuf_de"]},{"@type":"Person","@id":"https:\/\/now-news.de\/de\/#\/schema\/person\/fb534a4e865501d8b3285208df34a9b5","name":"rtnews","image":{"@type":"ImageObject","inLanguage":"de","@id":"https:\/\/now-news.de\/de\/#\/schema\/person\/image\/","url":"https:\/\/secure.gravatar.com\/avatar\/82aafea7d8127119dd649515f56e2117?s=96&d=mm&r=g","contentUrl":"https:\/\/secure.gravatar.com\/avatar\/82aafea7d8127119dd649515f56e2117?s=96&d=mm&r=g","caption":"rtnews"},"url":"https:\/\/now-news.de\/de\/author\/rnews\/"}]}},"_links":{"self":[{"href":"https:\/\/now-news.de\/de\/wp-json\/wp\/v2\/posts\/7940"}],"collection":[{"href":"https:\/\/now-news.de\/de\/wp-json\/wp\/v2\/posts"}],"about":[{"href":"https:\/\/now-news.de\/de\/wp-json\/wp\/v2\/types\/post"}],"author":[{"embeddable":true,"href":"https:\/\/now-news.de\/de\/wp-json\/wp\/v2\/users\/3"}],"replies":[{"embeddable":true,"href":"https:\/\/now-news.de\/de\/wp-json\/wp\/v2\/comments?post=7940"}],"version-history":[{"count":0,"href":"https:\/\/now-news.de\/de\/wp-json\/wp\/v2\/posts\/7940\/revisions"}],"wp:featuredmedia":[{"embeddable":true,"href":"https:\/\/now-news.de\/de\/wp-json\/wp\/v2\/media\/7941"}],"wp:attachment":[{"href":"https:\/\/now-news.de\/de\/wp-json\/wp\/v2\/media?parent=7940"}],"wp:term":[{"taxonomy":"category","embeddable":true,"href":"https:\/\/now-news.de\/de\/wp-json\/wp\/v2\/categories?post=7940"},{"taxonomy":"post_tag","embeddable":true,"href":"https:\/\/now-news.de\/de\/wp-json\/wp\/v2\/tags?post=7940"}],"curies":[{"name":"wp","href":"https:\/\/api.w.org\/{rel}","templated":true}]}}