{"id":79386,"date":"2025-02-27T18:08:31","date_gmt":"2025-02-27T16:08:31","guid":{"rendered":"https:\/\/now-news.de\/de\/deutschland\/oevp-spoe-und-neos-legen-regierungsprogramm-vor-zentrale-punkte-vorab-bekannt\/"},"modified":"2025-02-27T18:08:31","modified_gmt":"2025-02-27T16:08:31","slug":"oevp-spoe-und-neos-legen-regierungsprogramm-vor-zentrale-punkte-vorab-bekannt","status":"publish","type":"post","link":"https:\/\/now-news.de\/de\/deutschland\/oevp-spoe-und-neos-legen-regierungsprogramm-vor-zentrale-punkte-vorab-bekannt\/","title":{"rendered":"\u00d6VP, SP\u00d6 und NEOS legen Regierungsprogramm vor \u2013 zentrale Punkte vorab bekannt"},"content":{"rendered":"<p><img decoding=\"async\" src=\"https:\/\/now-news.de\/de\/wp-content\/uploads\/sites\/3\/2025\/02\/67c03a07b480cc641528818e.png\" \/><\/p>\n<div class=\"Text-root Text-type_1 \">\n                Am Donnerstag pr\u00e4sentiert die neue Koalition aus \u00d6VP, SP\u00d6 und NEOS ihr gemeinsames Regierungsprogramm. W\u00e4hrend die finalen Verhandlungen bis zuletzt andauerten, sind bereits zahlreiche Inhalte durchgesickert.\n            <\/div>\n<p><\/p>\n<div class=\"Text-root Text-type_5 ArticleView-text ViewText-root \">\n<p data-start=\"176\" data-end=\"548\">Das Programm, das einen Umfang von 210 Seiten haben soll, enth\u00e4lt eine Vielzahl konkreter Ma\u00dfnahmen, die die k\u00fcnftige politische Ausrichtung pr\u00e4gen werden.<\/p>\n<p data-start=\"550\" data-end=\"940\">Ein zentrales Thema ist die Migration. So soll der Familiennachzug f\u00fcr Migranten aus Drittstaaten ausgesetzt werden k\u00f6nnen. Innenminister Gerhard Karner (\u00d6VP) wird diese Befugnis erhalten \u2013 laut Koalition im Einklang mit der Europ\u00e4ischen Menschenrechtskonvention. Bemerkenswert ist, dass die \u00d6VP dieses Vorhaben bereits in der letzten Regierung h\u00e4tte umsetzen k\u00f6nnen, was jedoch unterblieb.<\/p>\n<p data-start=\"942\" data-end=\"1547\">Eine weitere Neuerung betrifft abgelehnte Asylbewerber. Diese sollen k\u00fcnftig in speziellen R\u00fcckkehrzentren untergebracht werden, um zu verhindern, dass sie sich nach einem negativen Bescheid dem Zugriff der Beh\u00f6rden entziehen. Im Bereich der Integration wird zudem ein Kopftuchverbot f\u00fcr M\u00e4dchen bis zum vollendeten 14. Lebensjahr eingef\u00fchrt. Die Entscheidung \u00fcber das Tragen eines Kopftuchs liegt erst danach bei den Jugendlichen selbst. Bereits im Jahr 2019 hatte die damalige \u00d6VP-FP\u00d6-Regierung ein \u00e4hnliches Verbot an \u00f6ffentlichen Schulen beschlossen, das jedoch im Jahr 2020 vom Verfassungsgerichtshof aufgehoben wurde.<\/p>\n<p data-start=\"1549\" data-end=\"1937\">Ein besonders umstrittener Punkt betrifft den politischen Islam. Obwohl die SP\u00d6 ein umfassendes Verbotsgesetz blockiert hat, soll der politische Islam k\u00fcnftig als eigener Straftatbestand ins Strafrecht aufgenommen werden. Im Jugendstrafrecht bleibt hingegen alles beim Alten: Eine Absenkung des Strafm\u00fcndigkeitsalters auf zw\u00f6lf Jahre, wie es die FP\u00d6 gefordert hatte, wird nicht umgesetzt.<\/p>\n<p data-start=\"1939\" data-end=\"2310\">Auch die Bildungspolitik erf\u00e4hrt einige Anpassungen. K\u00fcnftig f\u00e4llt die Elementarp\u00e4dagogik in die Zust\u00e4ndigkeit der NEOS, die im Bildungsministerium eine zentrale Rolle \u00fcbernehmen. Ein zweites verpflichtendes Kindergartenjahr wird eingef\u00fchrt, gleichzeitig wird das in Wien erprobte Handyverbot an Schulen auf ganz \u00d6sterreich ausgeweitet \u2013 mit Ausnahmen f\u00fcr den Unterricht.<\/p>\n<p data-start=\"2312\" data-end=\"2574\">Die Bildungskarenz wird ebenfalls reformiert. Die M\u00f6glichkeit, diese zur Verl\u00e4ngerung der Elternkarenz zu nutzen, wird abgeschafft. Zudem wird das Budget f\u00fcr die Bildungskarenz drastisch reduziert \u2013 von bislang 500 Millionen Euro auf nur noch 150 Millionen Euro.<\/p>\n<p data-start=\"2576\" data-end=\"2794\">In der Medienpolitik bleibt die umstrittene <em>ORF<\/em>-Haushaltsabgabe bis zum Jahr 2029 unver\u00e4ndert bei 15,30 Euro pro Monat. Eine Abschaffung zugunsten einer Finanzierung aus dem Bundesbudget, wie von der FP\u00d6 gefordert, kommt nicht.<\/p>\n<p data-start=\"2796\" data-end=\"3110\">Auch die Wohnungspolitik wird neu geregelt. Die Mieten werden in diesem Jahr eingefroren. In den n\u00e4chsten zwei Jahren sind lediglich moderate Erh\u00f6hungen von maximal einem beziehungsweise zwei Prozent vorgesehen. Erst ab dem Jahr 2028 d\u00fcrfen Mieten j\u00e4hrlich um bis zu drei Prozent steigen. Diese Deckelung gilt erstmals auch f\u00fcr Neubauwohnungen.<\/p>\n<p data-start=\"3112\" data-end=\"3671\">Um Arbeitsanreize zu st\u00e4rken, wird der Steuersatz auf \u00dcberstunden sp\u00fcrbar gesenkt. Gleichzeitig plant die neue Regierung Ma\u00dfnahmen zur St\u00e4rkung des Wirtschaftsstandorts. Fachminister Wolfgang Hattmannsdorfer, dessen Ernennung laut Medienberichten bereits feststeht, soll rasch ein Konjunkturpaket vorlegen. Teil dieses Pakets ist eine Senkung der Lohnnebenkosten, unter anderem durch eine Reform des Familienlastenausgleichsfonds (FLAF) ab dem Jahr 2027. W\u00e4hrend die Wirtschaft diesen Schritt seit Jahren fordert, hatte die SP\u00d6 entsprechende Reformen bisher blockiert.<\/p>\n<p data-start=\"3673\" data-end=\"3951\">Zur Budgetsanierung sollen k\u00fcnftig auch die Banken st\u00e4rker herangezogen werden. Die Stabilit\u00e4tsabgabe wird 2025 und 2026 auf j\u00e4hrlich 500 Millionen Euro angehoben, danach dauerhaft auf 200 Millionen Euro festgesetzt. Dies bedeutet eine klare Abkehr von der bisherigen \u00d6VP-Linie.<\/p>\n<div class=\"EmbedBlock-root EmbedBlock-twitter\">\n<div class=\"TwitterEmbed\">\n<blockquote class=\"twitter-tweet lazyload\" data-twitter=\"twitter-tweet\">\n<p lang=\"de\" dir=\"ltr\">\ud83d\ude02Kurz vor Regierung mit SP\u00d6-Babler: \u00d6VP-W\u00f6ginger blamiert sich selbst!Diese Aussagen von \u00d6VP-W\u00f6ginger sind gerade einmal einen Monat alt und haben in den Reihen der \u00d6VP-Abgeordneten f\u00fcr tosenden Applaus gesorgt. In wenigen Tagen werden dann die gleichen \u00d6VPler leidenschaftlich\u2026 <a rel=\"nofollow noopener\" target=\"_blank\" href=\"https:\/\/t.co\/AsuCq1SCWO\">pic.twitter.com\/AsuCq1SCWO<\/a><\/p>\n<p>\u2014 FP\u00d6 (@FPOE_TV) <a rel=\"nofollow noopener\" target=\"_blank\" href=\"https:\/\/twitter.com\/FPOE_TV\/status\/1894768248844902443?ref_src=twsrc%5Etfw\">February 26, 2025<\/a><\/p><\/blockquote>\n<\/div>\n<\/div>\n<p data-start=\"3953\" data-end=\"4239\">Ungekl\u00e4rt bleibt hingegen die Frage der Ressortverteilung innerhalb der SP\u00d6. In den kommenden Tagen sollen die zust\u00e4ndigen Parteigremien \u00fcber die Besetzung der Ministerposten entscheiden. Insbesondere in der SP\u00d6 zeichnet sich ein interner Machtkampf ab, der die Verhandlungen erschwert.<\/p>\n<p data-start=\"4241\" data-end=\"4659\">Als wahrscheinlicher Termin f\u00fcr die Angelobung der neuen Bundesregierung gilt weiterhin der kommende Montag. Voraussetzung daf\u00fcr ist, dass die Parteigremien aller drei Koalitionspartner dem Pakt zustimmen. Besonders spannend wird es bei den NEOS: Hier f\u00e4llt die endg\u00fcltige Entscheidung am Sonntag in einer Mitgliederversammlung, die mit einer Zweidrittelmehrheit die Koalitionsvereinbarung absegnen muss.<\/p>\n<p data-start=\"4241\" data-end=\"4659\"><strong>Mehr zum Thema<\/strong>\u00a0\u2013\u00a0<a rel=\"nofollow noopener\" target=\"_blank\" href=\"https:\/\/freedert.online\/oesterreich\/234893-wien-gegen-handysucht-in-schulen\/\">Wien gegen Handysucht in Schulen: Wird Wiens Handyverbot zum EU-Standard?<\/a><\/p>\n<div class=\"EmbedBlock-root EmbedBlock-externalVideo EmbedBlock-rumble\">\n<div class=\"VkEmbed\"><iframe class=\"lazyload\" data-src=\"https:\/\/rumble.com\/embed\/v6nlvpi\" frameborder=\"0\" width=\"853\" height=\"480\" allowfullscreen><\/iframe><\/div>\n<\/div>\n<\/div>\n<p><script async src=\"https:\/\/platform.twitter.com\/widgets.js\" charset=\"utf-8\"><\/script><br \/>\n<br \/><br \/>\n<br \/><a href=\"https:\/\/de.rt.com\/oesterreich\/238136-oevp-spoe-und-neos-legen\/\">Source link <\/a><\/p>\n","protected":false},"excerpt":{"rendered":"<p>Am Donnerstag pr\u00e4sentiert die neue Koalition aus \u00d6VP, SP\u00d6 und NEOS ihr gemeinsames Regierungsprogramm. W\u00e4hrend die finalen Verhandlungen bis zuletzt andauerten, sind bereits zahlreiche Inhalte durchgesickert. Das Programm, das einen Umfang von 210 Seiten haben soll, enth\u00e4lt eine Vielzahl konkreter Ma\u00dfnahmen, die die k\u00fcnftige politische Ausrichtung pr\u00e4gen werden. Ein zentrales Thema ist die Migration. So [&hellip;]<\/p>\n","protected":false},"author":3,"featured_media":79387,"comment_status":"open","ping_status":"open","sticky":false,"template":"","format":"standard","meta":{"_yoast_indexnow_last_ping":["1740696562"],"wp_automatic_camp":["217"],"4c5c0db0215dbe09684a6d69d516cdaf":["\u00d6VP, SP\u00d6 und NEOS legen Regierungsprogramm vor \u2013 zentrale Punkte vorab bekannt"],"original_link":["https:\/\/de.rt.com\/oesterreich\/238136-oevp-spoe-und-neos-legen\/"],"_thumbnail_id":["79387"],"jnews_social_counter_last_update":["1777358994"],"_wptgpro_p2tg_sent2tg":["a:1:{i:23737;s:19:\"2025-02-28 00:50:25\";}"]},"categories":[19,23],"tags":[4493,28400,61551,49369,7663,63094,45272,140,320,45309,20250],"yoast_head":"<!-- This site is optimized with the Yoast SEO Premium plugin v22.7 (Yoast SEO v22.7) - https:\/\/yoast.com\/wordpress\/plugins\/seo\/ -->\n<title>\u00d6VP, SP\u00d6 und NEOS legen Regierungsprogramm vor \u2013 zentrale Punkte vorab bekannt - just-now.NEWS Deutschland<\/title>\n<meta name=\"robots\" content=\"index, follow, max-snippet:-1, max-image-preview:large, max-video-preview:-1\" \/>\n<link rel=\"canonical\" href=\"https:\/\/now-news.de\/de\/deutschland\/oevp-spoe-und-neos-legen-regierungsprogramm-vor-zentrale-punkte-vorab-bekannt\/\" \/>\n<meta property=\"og:locale\" content=\"de_DE\" \/>\n<meta property=\"og:type\" content=\"article\" \/>\n<meta property=\"og:title\" content=\"\u00d6VP, SP\u00d6 und NEOS legen Regierungsprogramm vor \u2013 zentrale Punkte vorab bekannt\" \/>\n<meta property=\"og:description\" content=\"Am Donnerstag pr\u00e4sentiert die neue Koalition aus \u00d6VP, SP\u00d6 und NEOS ihr gemeinsames Regierungsprogramm. W\u00e4hrend die finalen Verhandlungen bis zuletzt andauerten, sind bereits zahlreiche Inhalte durchgesickert. Das Programm, das einen Umfang von 210 Seiten haben soll, enth\u00e4lt eine Vielzahl konkreter Ma\u00dfnahmen, die die k\u00fcnftige politische Ausrichtung pr\u00e4gen werden. Ein zentrales Thema ist die Migration. So [&hellip;]\" \/>\n<meta property=\"og:url\" content=\"https:\/\/now-news.de\/de\/deutschland\/oevp-spoe-und-neos-legen-regierungsprogramm-vor-zentrale-punkte-vorab-bekannt\/\" \/>\n<meta property=\"og:site_name\" content=\"just-now.NEWS Deutschland\" \/>\n<meta property=\"article:publisher\" content=\"https:\/\/www.facebook.com\/wirmachenauf\" \/>\n<meta property=\"article:published_time\" content=\"2025-02-27T16:08:31+00:00\" \/>\n<meta property=\"og:image\" content=\"https:\/\/now-news.de\/de\/wp-content\/uploads\/sites\/3\/2025\/02\/67c03a07b480cc641528818e.png\" \/>\n<meta name=\"author\" content=\"rtnews\" \/>\n<meta name=\"twitter:card\" content=\"summary_large_image\" \/>\n<meta name=\"twitter:creator\" content=\"@WirMachenAuf_de\" \/>\n<meta name=\"twitter:site\" content=\"@WirMachenAuf_de\" \/>\n<meta name=\"twitter:label1\" content=\"Verfasst von\" \/>\n\t<meta name=\"twitter:data1\" content=\"rtnews\" \/>\n\t<meta name=\"twitter:label2\" content=\"Gesch\u00e4tzte Lesezeit\" \/>\n\t<meta name=\"twitter:data2\" content=\"4\u00a0Minuten\" \/>\n<script type=\"application\/ld+json\" class=\"yoast-schema-graph\">{\"@context\":\"https:\/\/schema.org\",\"@graph\":[{\"@type\":\"Article\",\"@id\":\"https:\/\/now-news.de\/de\/deutschland\/oevp-spoe-und-neos-legen-regierungsprogramm-vor-zentrale-punkte-vorab-bekannt\/#article\",\"isPartOf\":{\"@id\":\"https:\/\/now-news.de\/de\/deutschland\/oevp-spoe-und-neos-legen-regierungsprogramm-vor-zentrale-punkte-vorab-bekannt\/\"},\"author\":{\"name\":\"rtnews\",\"@id\":\"https:\/\/now-news.de\/de\/#\/schema\/person\/fb534a4e865501d8b3285208df34a9b5\"},\"headline\":\"\u00d6VP, SP\u00d6 und NEOS legen Regierungsprogramm vor \u2013 zentrale Punkte vorab bekannt\",\"datePublished\":\"2025-02-27T16:08:31+00:00\",\"dateModified\":\"2025-02-27T16:08:31+00:00\",\"mainEntityOfPage\":{\"@id\":\"https:\/\/now-news.de\/de\/deutschland\/oevp-spoe-und-neos-legen-regierungsprogramm-vor-zentrale-punkte-vorab-bekannt\/\"},\"wordCount\":711,\"commentCount\":0,\"publisher\":{\"@id\":\"https:\/\/now-news.de\/de\/#organization\"},\"image\":{\"@id\":\"https:\/\/now-news.de\/de\/deutschland\/oevp-spoe-und-neos-legen-regierungsprogramm-vor-zentrale-punkte-vorab-bekannt\/#primaryimage\"},\"thumbnailUrl\":\"https:\/\/now-news.de\/de\/wp-content\/uploads\/sites\/3\/2025\/02\/OeVP-SPOe-und-NEOS-legen-Regierungsprogramm-vor-\u2013-zentrale-Punkte.png\",\"keywords\":[\"bekannt\",\"legen\",\"NEOS\",\"\u00d6VP\",\"Punkte\",\"Regierungsprogramm\",\"SP\u00d6\",\"und\",\"vor\",\"vorab\",\"Zentrale\"],\"articleSection\":[\"Deutschland\",\"Russland\"],\"inLanguage\":\"de\",\"potentialAction\":[{\"@type\":\"CommentAction\",\"name\":\"Comment\",\"target\":[\"https:\/\/now-news.de\/de\/deutschland\/oevp-spoe-und-neos-legen-regierungsprogramm-vor-zentrale-punkte-vorab-bekannt\/#respond\"]}]},{\"@type\":\"WebPage\",\"@id\":\"https:\/\/now-news.de\/de\/deutschland\/oevp-spoe-und-neos-legen-regierungsprogramm-vor-zentrale-punkte-vorab-bekannt\/\",\"url\":\"https:\/\/now-news.de\/de\/deutschland\/oevp-spoe-und-neos-legen-regierungsprogramm-vor-zentrale-punkte-vorab-bekannt\/\",\"name\":\"\u00d6VP, SP\u00d6 und NEOS legen Regierungsprogramm vor \u2013 zentrale Punkte vorab bekannt - just-now.NEWS Deutschland\",\"isPartOf\":{\"@id\":\"https:\/\/now-news.de\/de\/#website\"},\"primaryImageOfPage\":{\"@id\":\"https:\/\/now-news.de\/de\/deutschland\/oevp-spoe-und-neos-legen-regierungsprogramm-vor-zentrale-punkte-vorab-bekannt\/#primaryimage\"},\"image\":{\"@id\":\"https:\/\/now-news.de\/de\/deutschland\/oevp-spoe-und-neos-legen-regierungsprogramm-vor-zentrale-punkte-vorab-bekannt\/#primaryimage\"},\"thumbnailUrl\":\"https:\/\/now-news.de\/de\/wp-content\/uploads\/sites\/3\/2025\/02\/OeVP-SPOe-und-NEOS-legen-Regierungsprogramm-vor-\u2013-zentrale-Punkte.png\",\"datePublished\":\"2025-02-27T16:08:31+00:00\",\"dateModified\":\"2025-02-27T16:08:31+00:00\",\"breadcrumb\":{\"@id\":\"https:\/\/now-news.de\/de\/deutschland\/oevp-spoe-und-neos-legen-regierungsprogramm-vor-zentrale-punkte-vorab-bekannt\/#breadcrumb\"},\"inLanguage\":\"de\",\"potentialAction\":[{\"@type\":\"ReadAction\",\"target\":[\"https:\/\/now-news.de\/de\/deutschland\/oevp-spoe-und-neos-legen-regierungsprogramm-vor-zentrale-punkte-vorab-bekannt\/\"]}]},{\"@type\":\"ImageObject\",\"inLanguage\":\"de\",\"@id\":\"https:\/\/now-news.de\/de\/deutschland\/oevp-spoe-und-neos-legen-regierungsprogramm-vor-zentrale-punkte-vorab-bekannt\/#primaryimage\",\"url\":\"https:\/\/now-news.de\/de\/wp-content\/uploads\/sites\/3\/2025\/02\/OeVP-SPOe-und-NEOS-legen-Regierungsprogramm-vor-\u2013-zentrale-Punkte.png\",\"contentUrl\":\"https:\/\/now-news.de\/de\/wp-content\/uploads\/sites\/3\/2025\/02\/OeVP-SPOe-und-NEOS-legen-Regierungsprogramm-vor-\u2013-zentrale-Punkte.png\",\"width\":460,\"height\":259,\"caption\":\"\u00d6VP, SP\u00d6 und NEOS legen Regierungsprogramm vor \u2013 zentrale Punkte vorab bekannt\"},{\"@type\":\"BreadcrumbList\",\"@id\":\"https:\/\/now-news.de\/de\/deutschland\/oevp-spoe-und-neos-legen-regierungsprogramm-vor-zentrale-punkte-vorab-bekannt\/#breadcrumb\",\"itemListElement\":[{\"@type\":\"ListItem\",\"position\":1,\"name\":\"Home\",\"item\":\"https:\/\/now-news.de\/de\/\"},{\"@type\":\"ListItem\",\"position\":2,\"name\":\"\u00d6VP, SP\u00d6 und NEOS legen Regierungsprogramm vor \u2013 zentrale Punkte vorab bekannt\"}]},{\"@type\":\"WebSite\",\"@id\":\"https:\/\/now-news.de\/de\/#website\",\"url\":\"https:\/\/now-news.de\/de\/\",\"name\":\"just-now.NEWS Deutschland\",\"description\":\"Das Portal f\u00fcr unzensierte Nachrichten aus der Welt\",\"publisher\":{\"@id\":\"https:\/\/now-news.de\/de\/#organization\"},\"potentialAction\":[{\"@type\":\"SearchAction\",\"target\":{\"@type\":\"EntryPoint\",\"urlTemplate\":\"https:\/\/now-news.de\/de\/?s={search_term_string}\"},\"query-input\":\"required name=search_term_string\"}],\"inLanguage\":\"de\"},{\"@type\":\"Organization\",\"@id\":\"https:\/\/now-news.de\/de\/#organization\",\"name\":\"Just Now News\",\"url\":\"https:\/\/now-news.de\/de\/\",\"logo\":{\"@type\":\"ImageObject\",\"inLanguage\":\"de\",\"@id\":\"https:\/\/now-news.de\/de\/#\/schema\/logo\/image\/\",\"url\":\"http:\/\/just-now.news\/de\/wp-content\/uploads\/sites\/3\/2022\/04\/logo500x500.jpg\",\"contentUrl\":\"http:\/\/just-now.news\/de\/wp-content\/uploads\/sites\/3\/2022\/04\/logo500x500.jpg\",\"width\":500,\"height\":500,\"caption\":\"Just Now News\"},\"image\":{\"@id\":\"https:\/\/now-news.de\/de\/#\/schema\/logo\/image\/\"},\"sameAs\":[\"https:\/\/www.facebook.com\/wirmachenauf\",\"https:\/\/x.com\/WirMachenAuf_de\"]},{\"@type\":\"Person\",\"@id\":\"https:\/\/now-news.de\/de\/#\/schema\/person\/fb534a4e865501d8b3285208df34a9b5\",\"name\":\"rtnews\",\"image\":{\"@type\":\"ImageObject\",\"inLanguage\":\"de\",\"@id\":\"https:\/\/now-news.de\/de\/#\/schema\/person\/image\/\",\"url\":\"https:\/\/secure.gravatar.com\/avatar\/82aafea7d8127119dd649515f56e2117?s=96&d=mm&r=g\",\"contentUrl\":\"https:\/\/secure.gravatar.com\/avatar\/82aafea7d8127119dd649515f56e2117?s=96&d=mm&r=g\",\"caption\":\"rtnews\"},\"url\":\"https:\/\/now-news.de\/de\/author\/rnews\/\"}]}<\/script>\n<!-- \/ Yoast SEO Premium plugin. -->","yoast_head_json":{"title":"\u00d6VP, SP\u00d6 und NEOS legen Regierungsprogramm vor \u2013 zentrale Punkte vorab bekannt - just-now.NEWS Deutschland","robots":{"index":"index","follow":"follow","max-snippet":"max-snippet:-1","max-image-preview":"max-image-preview:large","max-video-preview":"max-video-preview:-1"},"canonical":"https:\/\/now-news.de\/de\/deutschland\/oevp-spoe-und-neos-legen-regierungsprogramm-vor-zentrale-punkte-vorab-bekannt\/","og_locale":"de_DE","og_type":"article","og_title":"\u00d6VP, SP\u00d6 und NEOS legen Regierungsprogramm vor \u2013 zentrale Punkte vorab bekannt","og_description":"Am Donnerstag pr\u00e4sentiert die neue Koalition aus \u00d6VP, SP\u00d6 und NEOS ihr gemeinsames Regierungsprogramm. W\u00e4hrend die finalen Verhandlungen bis zuletzt andauerten, sind bereits zahlreiche Inhalte durchgesickert. Das Programm, das einen Umfang von 210 Seiten haben soll, enth\u00e4lt eine Vielzahl konkreter Ma\u00dfnahmen, die die k\u00fcnftige politische Ausrichtung pr\u00e4gen werden. Ein zentrales Thema ist die Migration. So [&hellip;]","og_url":"https:\/\/now-news.de\/de\/deutschland\/oevp-spoe-und-neos-legen-regierungsprogramm-vor-zentrale-punkte-vorab-bekannt\/","og_site_name":"just-now.NEWS Deutschland","article_publisher":"https:\/\/www.facebook.com\/wirmachenauf","article_published_time":"2025-02-27T16:08:31+00:00","og_image":[{"url":"https:\/\/now-news.de\/de\/wp-content\/uploads\/sites\/3\/2025\/02\/67c03a07b480cc641528818e.png"}],"author":"rtnews","twitter_card":"summary_large_image","twitter_creator":"@WirMachenAuf_de","twitter_site":"@WirMachenAuf_de","twitter_misc":{"Verfasst von":"rtnews","Gesch\u00e4tzte Lesezeit":"4\u00a0Minuten"},"schema":{"@context":"https:\/\/schema.org","@graph":[{"@type":"Article","@id":"https:\/\/now-news.de\/de\/deutschland\/oevp-spoe-und-neos-legen-regierungsprogramm-vor-zentrale-punkte-vorab-bekannt\/#article","isPartOf":{"@id":"https:\/\/now-news.de\/de\/deutschland\/oevp-spoe-und-neos-legen-regierungsprogramm-vor-zentrale-punkte-vorab-bekannt\/"},"author":{"name":"rtnews","@id":"https:\/\/now-news.de\/de\/#\/schema\/person\/fb534a4e865501d8b3285208df34a9b5"},"headline":"\u00d6VP, SP\u00d6 und NEOS legen Regierungsprogramm vor \u2013 zentrale Punkte vorab bekannt","datePublished":"2025-02-27T16:08:31+00:00","dateModified":"2025-02-27T16:08:31+00:00","mainEntityOfPage":{"@id":"https:\/\/now-news.de\/de\/deutschland\/oevp-spoe-und-neos-legen-regierungsprogramm-vor-zentrale-punkte-vorab-bekannt\/"},"wordCount":711,"commentCount":0,"publisher":{"@id":"https:\/\/now-news.de\/de\/#organization"},"image":{"@id":"https:\/\/now-news.de\/de\/deutschland\/oevp-spoe-und-neos-legen-regierungsprogramm-vor-zentrale-punkte-vorab-bekannt\/#primaryimage"},"thumbnailUrl":"https:\/\/now-news.de\/de\/wp-content\/uploads\/sites\/3\/2025\/02\/OeVP-SPOe-und-NEOS-legen-Regierungsprogramm-vor-\u2013-zentrale-Punkte.png","keywords":["bekannt","legen","NEOS","\u00d6VP","Punkte","Regierungsprogramm","SP\u00d6","und","vor","vorab","Zentrale"],"articleSection":["Deutschland","Russland"],"inLanguage":"de","potentialAction":[{"@type":"CommentAction","name":"Comment","target":["https:\/\/now-news.de\/de\/deutschland\/oevp-spoe-und-neos-legen-regierungsprogramm-vor-zentrale-punkte-vorab-bekannt\/#respond"]}]},{"@type":"WebPage","@id":"https:\/\/now-news.de\/de\/deutschland\/oevp-spoe-und-neos-legen-regierungsprogramm-vor-zentrale-punkte-vorab-bekannt\/","url":"https:\/\/now-news.de\/de\/deutschland\/oevp-spoe-und-neos-legen-regierungsprogramm-vor-zentrale-punkte-vorab-bekannt\/","name":"\u00d6VP, SP\u00d6 und NEOS legen Regierungsprogramm vor \u2013 zentrale Punkte vorab bekannt - just-now.NEWS Deutschland","isPartOf":{"@id":"https:\/\/now-news.de\/de\/#website"},"primaryImageOfPage":{"@id":"https:\/\/now-news.de\/de\/deutschland\/oevp-spoe-und-neos-legen-regierungsprogramm-vor-zentrale-punkte-vorab-bekannt\/#primaryimage"},"image":{"@id":"https:\/\/now-news.de\/de\/deutschland\/oevp-spoe-und-neos-legen-regierungsprogramm-vor-zentrale-punkte-vorab-bekannt\/#primaryimage"},"thumbnailUrl":"https:\/\/now-news.de\/de\/wp-content\/uploads\/sites\/3\/2025\/02\/OeVP-SPOe-und-NEOS-legen-Regierungsprogramm-vor-\u2013-zentrale-Punkte.png","datePublished":"2025-02-27T16:08:31+00:00","dateModified":"2025-02-27T16:08:31+00:00","breadcrumb":{"@id":"https:\/\/now-news.de\/de\/deutschland\/oevp-spoe-und-neos-legen-regierungsprogramm-vor-zentrale-punkte-vorab-bekannt\/#breadcrumb"},"inLanguage":"de","potentialAction":[{"@type":"ReadAction","target":["https:\/\/now-news.de\/de\/deutschland\/oevp-spoe-und-neos-legen-regierungsprogramm-vor-zentrale-punkte-vorab-bekannt\/"]}]},{"@type":"ImageObject","inLanguage":"de","@id":"https:\/\/now-news.de\/de\/deutschland\/oevp-spoe-und-neos-legen-regierungsprogramm-vor-zentrale-punkte-vorab-bekannt\/#primaryimage","url":"https:\/\/now-news.de\/de\/wp-content\/uploads\/sites\/3\/2025\/02\/OeVP-SPOe-und-NEOS-legen-Regierungsprogramm-vor-\u2013-zentrale-Punkte.png","contentUrl":"https:\/\/now-news.de\/de\/wp-content\/uploads\/sites\/3\/2025\/02\/OeVP-SPOe-und-NEOS-legen-Regierungsprogramm-vor-\u2013-zentrale-Punkte.png","width":460,"height":259,"caption":"\u00d6VP, SP\u00d6 und NEOS legen Regierungsprogramm vor \u2013 zentrale Punkte vorab bekannt"},{"@type":"BreadcrumbList","@id":"https:\/\/now-news.de\/de\/deutschland\/oevp-spoe-und-neos-legen-regierungsprogramm-vor-zentrale-punkte-vorab-bekannt\/#breadcrumb","itemListElement":[{"@type":"ListItem","position":1,"name":"Home","item":"https:\/\/now-news.de\/de\/"},{"@type":"ListItem","position":2,"name":"\u00d6VP, SP\u00d6 und NEOS legen Regierungsprogramm vor \u2013 zentrale Punkte vorab bekannt"}]},{"@type":"WebSite","@id":"https:\/\/now-news.de\/de\/#website","url":"https:\/\/now-news.de\/de\/","name":"just-now.NEWS Deutschland","description":"Das Portal f\u00fcr unzensierte Nachrichten aus der Welt","publisher":{"@id":"https:\/\/now-news.de\/de\/#organization"},"potentialAction":[{"@type":"SearchAction","target":{"@type":"EntryPoint","urlTemplate":"https:\/\/now-news.de\/de\/?s={search_term_string}"},"query-input":"required name=search_term_string"}],"inLanguage":"de"},{"@type":"Organization","@id":"https:\/\/now-news.de\/de\/#organization","name":"Just Now News","url":"https:\/\/now-news.de\/de\/","logo":{"@type":"ImageObject","inLanguage":"de","@id":"https:\/\/now-news.de\/de\/#\/schema\/logo\/image\/","url":"http:\/\/just-now.news\/de\/wp-content\/uploads\/sites\/3\/2022\/04\/logo500x500.jpg","contentUrl":"http:\/\/just-now.news\/de\/wp-content\/uploads\/sites\/3\/2022\/04\/logo500x500.jpg","width":500,"height":500,"caption":"Just Now News"},"image":{"@id":"https:\/\/now-news.de\/de\/#\/schema\/logo\/image\/"},"sameAs":["https:\/\/www.facebook.com\/wirmachenauf","https:\/\/x.com\/WirMachenAuf_de"]},{"@type":"Person","@id":"https:\/\/now-news.de\/de\/#\/schema\/person\/fb534a4e865501d8b3285208df34a9b5","name":"rtnews","image":{"@type":"ImageObject","inLanguage":"de","@id":"https:\/\/now-news.de\/de\/#\/schema\/person\/image\/","url":"https:\/\/secure.gravatar.com\/avatar\/82aafea7d8127119dd649515f56e2117?s=96&d=mm&r=g","contentUrl":"https:\/\/secure.gravatar.com\/avatar\/82aafea7d8127119dd649515f56e2117?s=96&d=mm&r=g","caption":"rtnews"},"url":"https:\/\/now-news.de\/de\/author\/rnews\/"}]}},"_links":{"self":[{"href":"https:\/\/now-news.de\/de\/wp-json\/wp\/v2\/posts\/79386"}],"collection":[{"href":"https:\/\/now-news.de\/de\/wp-json\/wp\/v2\/posts"}],"about":[{"href":"https:\/\/now-news.de\/de\/wp-json\/wp\/v2\/types\/post"}],"author":[{"embeddable":true,"href":"https:\/\/now-news.de\/de\/wp-json\/wp\/v2\/users\/3"}],"replies":[{"embeddable":true,"href":"https:\/\/now-news.de\/de\/wp-json\/wp\/v2\/comments?post=79386"}],"version-history":[{"count":0,"href":"https:\/\/now-news.de\/de\/wp-json\/wp\/v2\/posts\/79386\/revisions"}],"wp:featuredmedia":[{"embeddable":true,"href":"https:\/\/now-news.de\/de\/wp-json\/wp\/v2\/media\/79387"}],"wp:attachment":[{"href":"https:\/\/now-news.de\/de\/wp-json\/wp\/v2\/media?parent=79386"}],"wp:term":[{"taxonomy":"category","embeddable":true,"href":"https:\/\/now-news.de\/de\/wp-json\/wp\/v2\/categories?post=79386"},{"taxonomy":"post_tag","embeddable":true,"href":"https:\/\/now-news.de\/de\/wp-json\/wp\/v2\/tags?post=79386"}],"curies":[{"name":"wp","href":"https:\/\/api.w.org\/{rel}","templated":true}]}}